{"id":3708,"date":"2021-12-07T17:10:35","date_gmt":"2021-12-07T17:10:35","guid":{"rendered":"https:\/\/www.gsccanarias.com\/gsc\/la-mejora-de-los-valores-de-gases-en-la-zona-sur-permite-el-acceso-controlado-en-puerto-naos-y-las-manchas\/"},"modified":"2021-12-07T17:10:35","modified_gmt":"2021-12-07T17:10:35","slug":"la-mejora-de-los-valores-de-gases-en-la-zona-sur-permite-el-acceso-controlado-en-puerto-naos-y-las-manchas","status":"publish","type":"post","link":"https:\/\/www.gsccanarias.com\/gsc\/la-mejora-de-los-valores-de-gases-en-la-zona-sur-permite-el-acceso-controlado-en-puerto-naos-y-las-manchas\/","title":{"rendered":"La mejora de los valores de gases en la zona sur permite el acceso controlado en Puerto Naos y Las Manchas"},"content":{"rendered":"<p><\/p>\n<p style=\"text-align: justify;\"><strong>La superficie ha aumentado en 27 hect\u00e1reas y la lava que avanza desde Monta\u00f1a Cogote ha afectado a unas 60 viviendas en las \u00faltimas 36 horas<\/strong><\/p>\n<p style=\"text-align: justify;\"><strong>Los niveles de calidad del aire por part\u00edculas PM10 son desfavorables en el Valle de Aridane y Bre\u00f1a Alta, y buenos y regulares en di\u00f3xido de azufre en todas las estaciones<\/strong><\/p>\n<p style=\"text-align: justify;\"><strong>La\u00a0<\/strong><strong>aportaci\u00f3n principal de lava discurre por la zona central y se desv\u00eda hacia el sur\u00a0<\/strong><strong>sobrepasando el mirador de Las Hoyas<\/strong><\/p>\n<p style=\"text-align: justify;\">La aportaci\u00f3n principal de lava discurre por tubos l\u00e1vicos que desembocan por la zona central, pero desvi\u00e1ndose el grueso de la energ\u00eda hacia el suroeste, de tal manera que busca el camino de la colada 11 y se entronca en la colada 9, alimentando lo que es el delta l\u00e1vico primigenio y rellenando huecos al sur. La evoluci\u00f3n de las coladas y el da\u00f1o causado en nueva superficie centr\u00f3 este martes la reuni\u00f3n del Comit\u00e9 Director del Plan Especial de Protecci\u00f3n Civil y Atenci\u00f3n de Emergencias por Riesgo Volc\u00e1nico de Canarias (PEVOLCA), que estuvo coordinada por el Director General de Seguridad y Emergencias, Gustavo Armas.<\/p>\n<p style=\"text-align: justify;\">En este sentido, el Director T\u00e9cnico, Miguel \u00c1ngel Morcuende, inform\u00f3 que la lava que avanza hacia el suroeste de Monta\u00f1a Cogote ha destruido unas 60 viviendas en las \u00faltimas 36 horas, seg\u00fan datos del Catastro, en la zona de la colada que ha sobrepasado el Mirador de las Hoyas. La superficie afectada ha aumentado en 27 hect\u00e1reas respecto al \u00faltimo dato y se estima en unas 1.182 hect\u00e1reas, con una anchura m\u00e1xima de 3.350 metros, y m\u00e1s de 48 hect\u00e1reas de deltas l\u00e1vicos.<\/p>\n<p style=\"text-align: justify;\">As\u00ed mismo, Morcuende rese\u00f1\u00f3 que este martes los niveles de gases en la zona restringida han mejorado durante la ma\u00f1ana y se ha permitido el acceso gradual en Puerto Naos y Las Manchas a personas propietarias y regantes, aunque la entrada a La Bombilla ha permanecido cerrada.<\/p>\n<p style=\"text-align: justify;\">Mientras, los da\u00f1os en infraestructuras desde el inicio del proceso eruptivo, seg\u00fan la informaci\u00f3n facilitada por el sat\u00e9lite Copernicus, cifra en aproximadamente 3.039 construcciones afectadas, de las cuales 2.881 estar\u00edan destruidas en su totalidad y 158 parcialmente afectadas o en situaci\u00f3n de riesgo.<\/p>\n<p style=\"text-align: justify;\">Sobre la evoluci\u00f3n de las coladas, la portavoz del Comit\u00e9 Cient\u00edfico, Carmen L\u00f3pez, explic\u00f3 en rueda de prensa que desde el foco efusivo situado al oeste del cono principal la lava discurre por un tubo volc\u00e1nico, que tiene varios jameos del que parte una colada que se desplaza hacia el oeste sobre coladas anteriores, cuyo frente ha desbordado hacia el suroeste sobre zonas no afectadas previamente, hasta llegar al lateral norte de la colada que surgi\u00f3 al oeste de la Monta\u00f1a del Cogote. Esta \u00faltima colada, alimentada por un tubo volc\u00e1nico, cae por el cantil en la zona de Las Hoyas y se derrama sobre la isla baja.<\/p>\n<p style=\"text-align: justify;\">As\u00ed mismo, L\u00f3pez se\u00f1al\u00f3 que se encuentran tambi\u00e9n activos varios centros de emisi\u00f3n en la parte central y suroriental del cono principal, con pulsos espor\u00e1dicos de actividad estromboliana y emisi\u00f3n de cenizas. Las grietas y fracturas observadas en d\u00edas anteriores, en la parte superior del cono secundario, no han mostrado cambios o modificaciones relevantes en las \u00faltimas horas.<\/p>\n<p style=\"text-align: justify;\">En este sentido, la portavoz del Comit\u00e9 Cient\u00edfico a\u00f1adi\u00f3 que se est\u00e1 haciendo un reconocimiento de la zona y se ha observado que hay una serie de peque\u00f1as grietas o fisuras que bordean las coladas anteriores y de las que han surgido estas coladas ef\u00edmeras. Se trata de lava muy fluida y desgasificada, de alta temperatura, motivo por el que avanzan muy r\u00e1pidamente.<\/p>\n<p style=\"text-align: justify;\">Sobre la sismicidad, la intermedia sigue baja en las \u00faltimas 24 horas, mientras que el n\u00famero de sismos a profundidades superiores a 20 kil\u00f3metros sigue en valores muy bajos. La magnitud m\u00e1xima ha sido 3,5 mbLg de un evento registrado ayer, a las 08:23, sentido III (EMS), a profundidad de 14 kil\u00f3metros. El nivel del tremor se encuentra en valores bajos con poca variabilidad.<\/p>\n<p style=\"text-align: justify;\">En cuanto a las deformaciones, contin\u00faa sin haber tendencia clara en las cercanas al centro eruptivo y estabilidad en el resto de la red, excepto en una estaci\u00f3n alejada con ligera deflaci\u00f3n.<\/p>\n<p style=\"text-align: justify;\">Durante el d\u00eda de hoy no se han producido nuevas superaciones de los valores de calidad del aire debida al di\u00f3xido de azufre (SO2), y se mantienen niveles de calidad del aire entre buenos y regulares en todas las estaciones de la isla. Ayer se registraron cuatro nuevas superaciones del valor l\u00edmite horario en la estaci\u00f3n de Puntagorda, una de ellas por encima del nivel de umbral de alerta y con niveles de calidad del aire oscilando entre regulares y muy desfavorables a lo largo de la segunda mitad del d\u00eda. Como consecuencia, se produjo una superaci\u00f3n del valor l\u00edmite diario en la estaci\u00f3n de Puntagorda. En el resto de las estaciones no se produjeron superaciones de los valores l\u00edmite de referencia, y los niveles de calidad del aire oscilaron entre buenos y regulares.<\/p>\n<p style=\"text-align: justify;\">Con respecto a las part\u00edculas menores de 10 micras (PM10), durante la ma\u00f1ana de hoy los niveles de calidad del aire por part\u00edculas PM10 han sido desfavorables en las estaciones de Los Llanos de Aridane y La Grama, y entre razonablemente buenos y regulares en el resto de las estaciones. A\u00a0 partir del mediod\u00eda de ayer se produjo un ligero ascenso generalizado de los valores registrados, principalmente en las estaciones de Los Llanos de Aridane y La Grama. En esta \u00faltima estaci\u00f3n se super\u00f3 por tercer d\u00eda consecutivo el valor l\u00edmite diario y su \u00edndice de calidad del aire recuper\u00f3 niveles desfavorables.<\/p>\n<p style=\"text-align: justify;\">Como medida de precauci\u00f3n, se recomienda que la poblaci\u00f3n sensible y grupos de resigo residentes en la zona del Bre\u00f1a Alta, Valle de Aridane, Tijarafe y Puntagorda, reduzca todas las actividades al aire libre y las pospongas hasta que la calidad del aire sea buena o razonablemente buena. Para poblaci\u00f3n general, se recuerda el uso de mascarilla FFP2 y se aconseja reducir las actividades prolongadas y en\u00e9rgicas al aire libre, especialmente si presenta tos, falta de aire o cualquier otro s\u00edntoma, y realizarlas en el interior, o las puede posponer hasta que la calidad del aire sea bueno o razonablemente buena.<\/p>\n<p style=\"text-align: justify;\">Se puede consultar toda la informaci\u00f3n actualizada en la web del Gobierno de Canarias de Calidad del Aire:<\/p>\n<p style=\"text-align: justify;\"><a href=\"https:\/\/www3.gobiernodecanarias.org\/medioambiente\/calidaddelaire\/ica.do\">https:\/\/www3.gobiernodecanarias.org\/medioambiente\/calidaddelaire\/ica.do<\/a><\/p>\n<p style=\"text-align: justify;\">En cuanto a la situaci\u00f3n meteorol\u00f3gica, la disposici\u00f3n esperada de la nube de cenizas supone un escenario favorable para la operatividad aeron\u00e1utica, aunque no se descarta que el penacho pueda quedar en la vecindad del aeropuerto de La Palma y este se vea afectado durante la tarde-noche de hoy. Adem\u00e1s, la entrada de la masa de aire sahariana, durante la tarde de hoy, podr\u00eda incrementar los niveles de PM10 en la isla de Palma debido a la contribuci\u00f3n del polvo des\u00e9rtico<\/p>\n<p style=\"text-align: justify;\">Sobre albergados en hoteles, hay 557 personas, uno m\u00e1s que ayer. Del total, 411 se hospedan en Fuencaliente, 71 en Los Llanos de Aridane y 75 en Bre\u00f1a Baja, gestionados por Cruz Roja y los servicios municipales. Adem\u00e1s, hay 43 personas dependientes atendidas en centros sociosanitarios insulares.<\/p>\n<p style=\"text-align: justify;\"><strong>Dictamen diario del Comit\u00e9 Cient\u00edfico<\/strong><\/p>\n<p style=\"text-align: justify;\">Previamente a la reuni\u00f3n del Comit\u00e9 Director del PEVOLCA se reuni\u00f3 el Comit\u00e9 Cient\u00edfico del Plan, en el que sus integrantes expusieron sus conclusiones sobre la evoluci\u00f3n del fen\u00f3meno eruptivo desde el d\u00eda de ayer. Este Comit\u00e9 Cient\u00edfico est\u00e1 coordinado por la Direcci\u00f3n General de Seguridad y Emergencias del Gobierno de Canarias y lo integran representantes del Instituto Geogr\u00e1fico Nacional (IGN), Consejo Superior de Investigaciones Cient\u00edficas (CSIC), Instituto Volcanol\u00f3gico de Canarias (Involcan), Instituto Geol\u00f3gico y Minero de Espa\u00f1a (IGME), Agencia Estatal de Meteorolog\u00eda (AEMET), Instituto Espa\u00f1ol de Oceanograf\u00eda (IEO), Universidad de La Laguna y Universidad de Las Palmas de Gran Canaria.<\/p>\n<p style=\"text-align: justify;\">Tales conclusiones fueron:<\/p>\n<p style=\"text-align: justify;\">\u201cLa erupci\u00f3n fisural contin\u00faa mostrando mecanismo estromboliano, esto es, un mecanismo de car\u00e1cter mixto, con fases de explosividad variable que producen dep\u00f3sitos pirocl\u00e1sticos y fases efusivas que producen las coladas de lava, de forma simult\u00e1nea. El proceso eruptivo muestra episodios de incremento y disminuci\u00f3n de la actividad estromboliana, as\u00ed como pulsos con actividad freatomagm\u00e1tica.<\/p>\n<p style=\"text-align: justify;\">Desde el foco efusivo situado al O del cono principal la lava discurre por un tubo volc\u00e1nico, que tiene varios jameos, del que parte una colada que se desplaza hacia el O sobre coladas anteriores, cuyo frente ha desbordado hacia el SO sobre zonas no afectadas previamente, hasta llegar al lateral norte de la colada que surgi\u00f3 al O de la Monta\u00f1a del Cogote. Esta \u00faltima colada, alimentada por un tubo volc\u00e1nico, cae, actualmente, por el cantil en la zona de Las Hoyas, y se derrama sobre la isla baja.<\/p>\n<p style=\"text-align: justify;\">Se encuentran tambi\u00e9n activos varios centros de emisi\u00f3n en la parte central y suroriental del cono principal, con pulsos espor\u00e1dicos de actividad estromboliana y emisi\u00f3n de cenizas.<\/p>\n<p style=\"text-align: justify;\">Las grietas y fracturas observadas en d\u00edas anteriores, en la parte superior del cono secundario, no han mostrado cambios o modificaciones relevantes en las \u00faltimas horas.<\/p>\n<p style=\"text-align: justify;\">La altura de la nube de ceniza medida hoy ha sido de 3000 m y se dispone hacia el NE; la altura ortom\u00e9trica del cono principal es de 1123 m.<\/p>\n<p style=\"text-align: justify;\">Se prev\u00e9 vientos de componente E a S desde niveles bajos hasta los 5500 m. La orientaci\u00f3n del penacho de cenizas (en caso de que haya emisi\u00f3n de cenizas) y SO2 ser\u00eda hacia el O-N desde el foco eruptivo. La disposici\u00f3n esperada de la nube de cenizas supone un escenario favorable para la operatividad aeron\u00e1utica, aunque no se descarta que el penacho pueda quedar en la vecindad del aeropuerto de La Palma y este se vea afectado durante la tarde-noche de hoy (baja probabilidad). Hoy predominar\u00e1 la nubosidad de tipo medio y alto con probabilidad de precipitaciones de car\u00e1cter d\u00e9bil. Adem\u00e1s, la entrada de la masa de aire sahariana, durante la tarde noche de hoy, podr\u00eda incrementar los niveles de PM10 en la isla de Palma debido a la contribuci\u00f3n del polvo des\u00e9rtico. Para las jornadas de mi\u00e9rcoles y jueves situaci\u00f3n de N con precipitaciones d\u00e9biles principalmente en vertientes N y E de La Palma que podr\u00e1n ser localmente moderadas y persistente para el jueves.<\/p>\n<p style=\"text-align: justify;\">La sismicidad a profundidades intermedias, sigue baja en las \u00faltimas 24 h, localiz\u00e1ndose en las mismas zonas. El n\u00famero de sismos a profundidades superiores a 20 km sigue en valores muy bajos. La magnitud m\u00e1xima ha sido 3,5 mbLg de un evento registrado ayer, a las 08:23, sentido III (EMS), a profundidad de 14 km. El nivel del tremor se encuentra en valores bajos con poca variabilidad. El nivel de sismicidad actual sigue indicando que es posible que se produzcan m\u00e1s sismos sentidos, pudiendo alcanzarse intensidades V-VI (en la escala de intensidad EMS) y originar peque\u00f1os derrumbes en zonas de pendiente.<\/p>\n<p style=\"text-align: justify;\">Respecto a deformaciones, sin tendencia en las estaciones cercanas al centro eruptivo y estabilidad en el resto de la red, excepto en una estaci\u00f3n alejada, en donde contin\u00faa una ligera deflaci\u00f3n.<\/p>\n<p style=\"text-align: justify;\">La emisi\u00f3n de di\u00f3xido de azufre (SO2), asociada al penacho volc\u00e1nico del actual proceso eruptivo en marcha (emanaciones visibles de gases volc\u00e1nicos), registrada mediante el uso de sensores \u00f3pticos remotos tipo miniDOAS en posici\u00f3n m\u00f3vil mar\u00edtima durante el d\u00eda de ayer (6\/12) fue ALTA. La serie temporal de la emisi\u00f3n de di\u00f3xido de azufre (SO2) contin\u00faa reflejando una tendencia descendente desde el pasado 23\/9, cuando se registr\u00f3 una emisi\u00f3n de di\u00f3xido de azufre (SO2) extremadamente ALTA.<\/p>\n<p style=\"text-align: justify;\">En el caso de las emanaciones no visibles de gases volc\u00e1nicos, la emisi\u00f3n difusa de di\u00f3xido de carbono (CO2), asociada a los 220 km2 del sistema volc\u00e1nico de Cumbre Vieja, contin\u00faa reflejando una emisi\u00f3n superior al valor promedio de los niveles de fondo (B) y durante el d\u00eda de ayer (6\/12) esta emisi\u00f3n difusa fue 6,2 veces el promedio de los niveles de fondo (6,2xB). Estas emanaciones difusas no representan un peligro para las personas, salvo que se formen acumulaciones de CO2 en depresiones mal ventiladas, que desplacen el ox\u00edgeno del aire y se generen ambientes an\u00f3xicos. En la estaci\u00f3n de Los Llanos de Aridane (LP10) se contin\u00faa registrando una ligera fracci\u00f3n magm\u00e1tica-hidrotermal en el di\u00f3xido de carbono (CO2) de la atm\u00f3sfera del suelo, mientras que esta es pr\u00e1cticamente nula en la estaci\u00f3n de Fuencaliente (LP08). Todas estas observaciones geoqu\u00edmicas son coherentes con el actual proceso eruptivo.<\/p>\n<p style=\"text-align: justify;\">Durante el d\u00eda de ayer las medias de calidad del aire de di\u00f3xido de azufre (SO2), contaminante asociado al proceso eruptivo, registraron en la estaci\u00f3n de Puntagorda cuatro nuevas superaciones del valor l\u00edmite horario (establecido en 350 \u00b5g\/m3 ), una de ellas por encima del nivel de umbral de alerta (establecido en 500 \u00b5g\/m3 ), y con niveles de calidad del aire oscilando entre regulares y muy desfavorables a lo largo de la segunda mitad del d\u00eda. Como consecuencia, se produce adem\u00e1s una superaci\u00f3n del valor l\u00edmite diario (establecido en 125 \u00b5g\/m3 ) en la estaci\u00f3n de Puntagorda. En el resto de las estaciones no se produjeron superaciones de los valores l\u00edmite de referencia, y los niveles de calidad del aire oscilaron entre buenos y regulares. Durante el d\u00eda de hoy no se han producido nuevas superaciones, y se mantienen niveles de calidad del aire entre buenos y regulares en todas las estaciones de la isla.<\/p>\n<p style=\"text-align: justify;\">Con respecto a las part\u00edculas menores de 10 micras (PM10), a partir del mediod\u00eda de ayer se produce un ligero ascenso generalizado de los valores registrados, principalmente en las estaciones de Los Llanos de Aridane y La Grama. En esta \u00faltima estaci\u00f3n se super\u00f3 por tercer d\u00eda consecutivo el valor l\u00edmite diario (establecido en 50 \u00b5g\/m3 ) y su \u00edndice de calidad del aire recuper\u00f3 niveles desfavorables. Durante la ma\u00f1ana de hoy los niveles de calidad del aire por part\u00edculas PM10 son desfavorables en las estaciones de Los Llanos de Aridane y La Grama, y entre razonablemente buenos y regulares en el resto de estaciones.<\/p>\n<p style=\"text-align: justify;\">Como medida de precauci\u00f3n, en la zona del Bre\u00f1a Alta, Valle de Aridane, Tijarafe y Puntagorda, para grupos de riesgo y poblaci\u00f3n sensible considere reducir todas las actividades al aire libre, y realizarlas en el interior o posponerlas hasta que la calidad del aire sea buena o razonablemente buena. Para poblaci\u00f3n general, considere reducir las actividades prolongadas y en\u00e9rgicas al aire libre, especialmente si presenta tos, falta de aire o cualquier otro s\u00edntoma, y realizarlas en el interior, o las puede posponer hasta que la calidad del aire sea bueno o razonablemente buena.<\/p>\n<p style=\"text-align: justify;\">Consultar la web del Gobierno de Canarias de Calidad del Aire: https:\/\/www3.gobiernodecanarias.org\/medioambiente\/calidaddelaire\/ica.do (*)<\/p>\n<p style=\"text-align: justify;\">Extremadamente ALTA &gt; 50000 toneladas diarias; Muy ALTA entre 30000 y 49999 toneladas diarias; ALTA entre 1000 y 29999 toneladas diarias; MEDIA entre 100 y 999 toneladas diarias; BAJA entre 50 y 99 toneladas diarias; Muy BAJA entre 5 y 49 toneladas diarias y Extremadamente BAJA &lt; 5 toneladas diarias.<\/p>\n<p style=\"text-align: justify;\"><strong>OBLIGACIONES Y RECOMENDACIONES<\/strong><\/p>\n<p style=\"text-align: justify;\">Sigue siendo imperativo el respeto de las zonas de exclusi\u00f3n terrestre y mar\u00edtima, para mantener la integridad f\u00edsica de las personas.<\/p>\n<p style=\"text-align: justify;\">Se recomienda a la poblaci\u00f3n en la isla de La Palma el uso de mascarillas FFP2 al aire libre.<\/p>\n<p style=\"text-align: justify;\">MOVIMIENTOS S\u00cdSMICOS:<\/p>\n<p style=\"text-align: justify;\">&#8211; El comit\u00e9 cient\u00edfico del PEVOLCA realiza un seguimiento continuo de la actividad volc\u00e1nica.<\/p>\n<p style=\"text-align: justify;\">&#8211; Tanto en casa, como en el centro de trabajo, toma medidas preventivas: refuerza las estanter\u00edas, fija l\u00e1mparas y retira objetos grandes del mobiliario.<\/p>\n<p style=\"text-align: justify;\"><u>En el exterior:<\/u><\/p>\n<p style=\"text-align: justify;\">Si te encuentras en el exterior y se registra un sismo, busca un lugar abierto y al\u00e9jate de estructuras que puedan caer a la v\u00eda y de las zonas con riesgo de derrumbe.<\/p>\n<p style=\"text-align: justify;\">Por tu seguridad, recuerda estos consejos de autoprotecci\u00f3n:<\/p>\n<p style=\"text-align: justify;\">&#8211; Dir\u00edgete a espacios abiertos.<\/p>\n<p style=\"text-align: justify;\">&#8211; Al\u00e9jate de edificios, balcones, sem\u00e1foros, farolas, tendidos el\u00e9ctricos o \u00e1rboles.<\/p>\n<p style=\"text-align: justify;\">&#8211; No te acerques a zonas con peligro de desprendimientos.<\/p>\n<p style=\"text-align: justify;\">&#8211; Sigue las recomendaciones de las autoridades e inf\u00f3rmate por canales oficiales y medios de comunicaci\u00f3n.<\/p>\n<p style=\"text-align: justify;\">&#8211; Si te encuentras en un veh\u00edculo, disminuye la velocidad y para el motor cuando sea posible, lejos de edificaciones y zonas escarpadas. Pon los indicadores de emergencia y permanece en el veh\u00edculo hasta que finalice el terremoto.<\/p>\n<p style=\"text-align: justify;\"><u>En el interior:<\/u><\/p>\n<p style=\"text-align: justify;\">Si te sorprende un temblor en el interior de tu vivienda, mant\u00e9n la calma y sigue estos consejos de autoprotecci\u00f3n:<\/p>\n<p style=\"text-align: justify;\">&#8211; Mientras dure el temblor, no salgas al exterior.<\/p>\n<p style=\"text-align: justify;\">&#8211; Prot\u00e9gete bajo el marco de una puerta o de alg\u00fan mueble s\u00f3lido, como una mesa.<\/p>\n<p style=\"text-align: justify;\">&#8211; No te sit\u00faes cerca de ventanas.<\/p>\n<p style=\"text-align: justify;\">&#8211; Si tienes que abandonar tu casa, desconecta agua, luz y gas.<\/p>\n<p style=\"text-align: justify;\">&#8211; En caso de evacuaci\u00f3n, baja por las escaleras y no utilices el ascensor.<\/p>\n<p style=\"text-align: justify;\">&#8211; Sigue las recomendaciones de las autoridades e inf\u00f3rmate por canales oficiales y medios de comunicaci\u00f3n.<\/p>\n<p style=\"text-align: justify;\">CAIDA DE PIROCLASTOS:<\/p>\n<ul style=\"text-align: justify;\">\n<li>Se actualiza el radio de exclusi\u00f3n, tras valorar la actividad actual, a 2.0 km en torno a los centros de emisi\u00f3n para minimizar el riesgo de impacto de piroclastos y la exposici\u00f3n a los gases. Se utilizar\u00e1 como l\u00edmite en el lado sur, la carretera LP-2. En el lado norte, se permitir\u00e1 el acceso al n\u00facleo de Tacande de Abajo estableci\u00e9ndose el l\u00edmite en el km 2.9 de la LP- 212<\/li>\n<li>En caso de intensificaci\u00f3n de la actividad explosiva es posible que algunas detonaciones violentas puedan producir rotura del vidrio de las ventanas. Se recomienda alejarse de las ventanas hasta un radio de 5 km desde el cono.<\/li>\n<li>En las zonas afectadas por una intensa ca\u00edda de cenizas (que se observe una clara deposici\u00f3n sobre el suelo) y m\u00e1s a\u00fan si se observa bruma, se recomienda mantenerse en espacios interiores. Al aire libre, se recomienda as\u00ed mismo el uso de mascarillas FFP2 y de sistemas de protecci\u00f3n de ojos.<\/li>\n<li>Se recomienda la limpieza de azoteas en las que se acumulen espesores de cenizas de varios cent\u00edmetros. Se insiste en que se sigan de manera precisa el procedimiento de retirada de cenizas de azoteas y suelo indicado por Protecci\u00f3n Civil (humedecer ceniza, protecci\u00f3n de ojos, llevar mascarilla, proteger la piel, v\u00e9ase documentaci\u00f3n anexa). Para la retirada, se deben usar mascarillas FFP2, guantes, humedecer ligeramente para su barrido y evitando el uso de sopladores, salvo para la limpieza de las instalaciones aeroportuaria por personal especializado con sus EPIs correspondientes. El uso de los sopladores aumenta la re-suspensi\u00f3n de las part\u00edculas m\u00e1s perjudiciales para la salud. \u2022 Ante la llegada de cenizas a otras islas, se recomienda en las afectadas, el uso de mascarillas quir\u00fargicas.<\/li>\n<\/ul>\n<p style=\"text-align: justify;\">PENACHO MARINO:<\/p>\n<ul style=\"text-align: justify;\">\n<li>Se sugiere prestar mucha atenci\u00f3n al pron\u00f3stico del viento para la monitorizaci\u00f3n de los posibles cambios de direcci\u00f3n del penacho y actuar en consecuencia, especialmente aquellas personas con el sistema respiratorio debilitado (por ejemplo, asm\u00e1ticos) ya que son m\u00e1s vulnerables a concentraciones m\u00e1s bajas.<\/li>\n<li>Tambi\u00e9n se recomienda el lavado de los ojos despu\u00e9s de cualquier exposici\u00f3n, ya que los s\u00edntomas, a menudo, no se perciben hasta m\u00e1s tarde.<\/li>\n<li>Estos penachos marinos se pueden percibir hasta varios kil\u00f3metros de distancia de la fuente, aunque m\u00e1s diluidos. En el caso de que el penacho marino llegue a n\u00facleos poblacionales, se recomienda permanecer en el interior de las viviendas siempre que sea posible y cerrar todas las puertas y ventanas.<\/li>\n<\/ul>\n<p style=\"text-align: justify;\">SEGURIDAD EN LA NAVEGACI\u00d3N:<\/p>\n<ul style=\"text-align: justify;\">\n<li>Para la seguridad de la navegaci\u00f3n de todo tipo de embarcaciones que pretendan acceder a la zona de exclusi\u00f3n mar\u00edtima, se recomienda mantener una distancia de al menos 500 m para las zonas comprendidas entre el norte del delta l\u00e1vico 4 y el sur del delta l\u00e1vico 1-2. La navegaci\u00f3n con fines cient\u00edficos para la gesti\u00f3n de la emergencia, se puede realizar a distancias menores, bajo la responsabilidad del armador y el capit\u00e1n o patr\u00f3n de la embarcaci\u00f3n, siempre y cuando se cuente con el visto bueno de la Direcci\u00f3n T\u00e9cnica de PEVOLCA y Capitan\u00eda Mar\u00edtima y teniendo en cuenta que existen nuevos bajos en la zona, no cartografiados, que pueden producir serios problemas a embarcaciones e incluso su varamiento.<\/li>\n<\/ul>\n<p style=\"text-align: justify;\">COLADAS L\u00c1VICAS:<\/p>\n<ul style=\"text-align: justify;\">\n<li>Tambi\u00e9n se recomienda no aproximarse a las coladas de lava por el riesgo de exponerse a los gases emitidos, posibles desprendimientos y las altas temperaturas.<\/li>\n<li>Ante los grandes espesores de colada de lava observados en algunos puntos, se pueden producir colapsos de su frente que, en zonas de mayor pendiente, pueden conllevar la formaci\u00f3n de grandes fragmentos de colada, que pueden desprenderse del frente de la colada y que de forma repentina alcanzando distancias de varios metros desde el frente de colada, dependiendo de la topograf\u00eda. Tambi\u00e9n en zonas de gran pendiente, se puede producir peque\u00f1os flujos pirocl\u00e1sticos.<\/li>\n<\/ul>\n<p style=\"text-align: justify;\">Para la seguridad de cient\u00edficos en tierra dentro de la zona de exclusi\u00f3n se recomienda mantener una distancia de al menos 1000 m respecto al centro principal de emisi\u00f3n. La aproximaci\u00f3n a distancias menores puede realizarse, con fines de observaci\u00f3n cient\u00edfica para la gesti\u00f3n de la emergencia, con el visto bueno de la Direcci\u00f3n T\u00e9cnica de PEVOLCA.<\/p>\n<p style=\"text-align: justify;\">Se ha reforzado el seguimiento continuo de la actividad y se comunicar\u00e1 cualquier cambio significativo que se observe. Mant\u00e9nganse atentos a la informaci\u00f3n que proporcionen las correspondientes autoridades de Protecci\u00f3n Civil\u201d.<\/p>\n<p style=\"text-align: justify;\">\u00a0<\/p>\n<p>\u00a0<\/p>\n<p>\u00a0<\/p>\n<p style=\"text-align: justify;\"><strong>\u00a0<\/strong><\/p>\n<div class=\"pvc_clear\"><\/div>\n<p id=\"pvc_stats_3708\" class=\"pvc_stats all  \" data-element-id=\"3708\" style=\"\"><i class=\"pvc-stats-icon medium\" aria-hidden=\"true\"><svg aria-hidden=\"true\" focusable=\"false\" data-prefix=\"far\" data-icon=\"chart-bar\" role=\"img\" xmlns=\"http:\/\/www.w3.org\/2000\/svg\" viewBox=\"0 0 512 512\" class=\"svg-inline--fa fa-chart-bar fa-w-16 fa-2x\"><path fill=\"currentColor\" d=\"M396.8 352h22.4c6.4 0 12.8-6.4 12.8-12.8V108.8c0-6.4-6.4-12.8-12.8-12.8h-22.4c-6.4 0-12.8 6.4-12.8 12.8v230.4c0 6.4 6.4 12.8 12.8 12.8zm-192 0h22.4c6.4 0 12.8-6.4 12.8-12.8V140.8c0-6.4-6.4-12.8-12.8-12.8h-22.4c-6.4 0-12.8 6.4-12.8 12.8v198.4c0 6.4 6.4 12.8 12.8 12.8zm96 0h22.4c6.4 0 12.8-6.4 12.8-12.8V204.8c0-6.4-6.4-12.8-12.8-12.8h-22.4c-6.4 0-12.8 6.4-12.8 12.8v134.4c0 6.4 6.4 12.8 12.8 12.8zM496 400H48V80c0-8.84-7.16-16-16-16H16C7.16 64 0 71.16 0 80v336c0 17.67 14.33 32 32 32h464c8.84 0 16-7.16 16-16v-16c0-8.84-7.16-16-16-16zm-387.2-48h22.4c6.4 0 12.8-6.4 12.8-12.8v-70.4c0-6.4-6.4-12.8-12.8-12.8h-22.4c-6.4 0-12.8 6.4-12.8 12.8v70.4c0 6.4 6.4 12.8 12.8 12.8z\" class=\"\"><\/path><\/svg><\/i> <\/p>\n<div class=\"pvc_clear\"><\/div>\n<div class=\"print\"><span class=\"page_title\">P\u00e1gina: <span>La mejora de los valores de gases en la zona sur permite el acceso controlado en Puerto Naos y Las Manchas<\/span><\/span>\n\t\t\t\t\t\t\t\t\t\t\t<span class=\"page_title\">Fecha de impresi\u00f3n: <span>02\/05\/2026 - 08:03:25 UTC<\/span><\/span>\n\t\t\t\t\t\t\t\t\t\t\t<span class=\"stmp_trans_date\">\u00daltima actualizaci\u00f3n: <span>07\/12\/2021 - 17:10:35<\/span><\/span>\n\t\t\t\t\t\t\t\t\t\t\t<span class=\"stmp_trans_date\">Fecha publicaci\u00f3n: <span>07\/12\/2021 - 17:10:35<\/span><\/span>\n\t\t\t\t\t\t\t\t\t\t\t<span class=\"stmp_trans_date\">Fecha creaci\u00f3n: <span>07\/12\/2021 - 17:10:35<\/span><\/span><\/div>\n\t","protected":false},"excerpt":{"rendered":"<p>La superficie ha aumentado en 27 hect\u00e1reas y la lava que avanza desde Monta\u00f1a Cogote ha afectado a unas 60 viviendas en las \u00faltimas 36 horas Los niveles de calidad del aire por part\u00edculas PM10 son desfavorables en el Valle de Aridane y Bre\u00f1a Alta,&#8230;<\/p>\n<div class=\"pvc_clear\"><\/div>\n<p id=\"pvc_stats_3708\" class=\"pvc_stats all  \" data-element-id=\"3708\" style=\"\"><i class=\"pvc-stats-icon medium\" aria-hidden=\"true\"><svg aria-hidden=\"true\" focusable=\"false\" data-prefix=\"far\" data-icon=\"chart-bar\" role=\"img\" xmlns=\"http:\/\/www.w3.org\/2000\/svg\" viewBox=\"0 0 512 512\" class=\"svg-inline--fa fa-chart-bar fa-w-16 fa-2x\"><path fill=\"currentColor\" d=\"M396.8 352h22.4c6.4 0 12.8-6.4 12.8-12.8V108.8c0-6.4-6.4-12.8-12.8-12.8h-22.4c-6.4 0-12.8 6.4-12.8 12.8v230.4c0 6.4 6.4 12.8 12.8 12.8zm-192 0h22.4c6.4 0 12.8-6.4 12.8-12.8V140.8c0-6.4-6.4-12.8-12.8-12.8h-22.4c-6.4 0-12.8 6.4-12.8 12.8v198.4c0 6.4 6.4 12.8 12.8 12.8zm96 0h22.4c6.4 0 12.8-6.4 12.8-12.8V204.8c0-6.4-6.4-12.8-12.8-12.8h-22.4c-6.4 0-12.8 6.4-12.8 12.8v134.4c0 6.4 6.4 12.8 12.8 12.8zM496 400H48V80c0-8.84-7.16-16-16-16H16C7.16 64 0 71.16 0 80v336c0 17.67 14.33 32 32 32h464c8.84 0 16-7.16 16-16v-16c0-8.84-7.16-16-16-16zm-387.2-48h22.4c6.4 0 12.8-6.4 12.8-12.8v-70.4c0-6.4-6.4-12.8-12.8-12.8h-22.4c-6.4 0-12.8 6.4-12.8 12.8v70.4c0 6.4 6.4 12.8 12.8 12.8z\" class=\"\"><\/path><\/svg><\/i> <img loading=\"lazy\" decoding=\"async\" width=\"16\" height=\"16\" alt=\"Loading\" src=\"https:\/\/www.gsccanarias.com\/gsc\/wp-content\/plugins\/page-views-count\/ajax-loader-2x.gif\" border=0 \/><\/p>\n<div class=\"pvc_clear\"><\/div>\n","protected":false},"author":1,"featured_media":3707,"comment_status":"open","ping_status":"open","sticky":false,"template":"","format":"standard","meta":{"footnotes":""},"categories":[36],"tags":[],"class_list":["post-3708","post","type-post","status-publish","format-standard","has-post-thumbnail","hentry","category-ultimas-noticias"],"a3_pvc":{"activated":true,"total_views":89,"today_views":0},"yoast_head":"<!-- This site is optimized with the Yoast SEO plugin v27.5 - https:\/\/yoast.com\/product\/yoast-seo-wordpress\/ -->\n<title>La mejora de los valores de gases en la zona sur permite el acceso controlado en Puerto Naos y Las Manchas - GSC<\/title>\n<meta name=\"robots\" content=\"index, follow, max-snippet:-1, max-image-preview:large, max-video-preview:-1\" \/>\n<link rel=\"canonical\" href=\"https:\/\/www.gsccanarias.com\/gsc\/la-mejora-de-los-valores-de-gases-en-la-zona-sur-permite-el-acceso-controlado-en-puerto-naos-y-las-manchas\/\" \/>\n<meta property=\"og:locale\" content=\"es_ES\" \/>\n<meta property=\"og:type\" content=\"article\" \/>\n<meta property=\"og:title\" content=\"La mejora de los valores de gases en la zona sur permite el acceso controlado en Puerto Naos y Las Manchas - GSC\" \/>\n<meta property=\"og:description\" content=\"La superficie ha aumentado en 27 hect\u00e1reas y la lava que avanza desde Monta\u00f1a Cogote ha afectado a unas 60 viviendas en las \u00faltimas 36 horas Los niveles de calidad del aire por part\u00edculas PM10 son desfavorables en el Valle de Aridane y Bre\u00f1a Alta,...\" \/>\n<meta property=\"og:url\" content=\"https:\/\/www.gsccanarias.com\/gsc\/la-mejora-de-los-valores-de-gases-en-la-zona-sur-permite-el-acceso-controlado-en-puerto-naos-y-las-manchas\/\" \/>\n<meta property=\"og:site_name\" content=\"GSC\" \/>\n<meta property=\"article:published_time\" content=\"2021-12-07T17:10:35+00:00\" \/>\n<meta property=\"og:image\" content=\"https:\/\/www.gsccanarias.com\/gsc\/wp-content\/uploads\/2021\/12\/Mediciones_de_gases_realizadas_por_la_UME_en_Puerto_Naos.jpg\" \/>\n\t<meta property=\"og:image:width\" content=\"1600\" \/>\n\t<meta property=\"og:image:height\" content=\"1066\" \/>\n\t<meta property=\"og:image:type\" content=\"image\/jpeg\" \/>\n<meta name=\"author\" content=\"userad112\" \/>\n<meta name=\"twitter:card\" content=\"summary_large_image\" \/>\n<meta name=\"twitter:label1\" content=\"Escrito por\" \/>\n\t<meta name=\"twitter:data1\" content=\"userad112\" \/>\n\t<meta name=\"twitter:label2\" content=\"Tiempo de lectura\" \/>\n\t<meta name=\"twitter:data2\" content=\"19 minutos\" \/>\n<script type=\"application\/ld+json\" class=\"yoast-schema-graph\">{\"@context\":\"https:\\\/\\\/schema.org\",\"@graph\":[{\"@type\":\"Article\",\"@id\":\"https:\\\/\\\/www.gsccanarias.com\\\/gsc\\\/la-mejora-de-los-valores-de-gases-en-la-zona-sur-permite-el-acceso-controlado-en-puerto-naos-y-las-manchas\\\/#article\",\"isPartOf\":{\"@id\":\"https:\\\/\\\/www.gsccanarias.com\\\/gsc\\\/la-mejora-de-los-valores-de-gases-en-la-zona-sur-permite-el-acceso-controlado-en-puerto-naos-y-las-manchas\\\/\"},\"author\":{\"name\":\"userad112\",\"@id\":\"https:\\\/\\\/www.gsccanarias.com\\\/gsc\\\/#\\\/schema\\\/person\\\/591ed0ce1757a7168579ec75f6e7f340\"},\"headline\":\"La mejora de los valores de gases en la zona sur permite el acceso controlado en Puerto Naos y Las Manchas\",\"datePublished\":\"2021-12-07T17:10:35+00:00\",\"mainEntityOfPage\":{\"@id\":\"https:\\\/\\\/www.gsccanarias.com\\\/gsc\\\/la-mejora-de-los-valores-de-gases-en-la-zona-sur-permite-el-acceso-controlado-en-puerto-naos-y-las-manchas\\\/\"},\"wordCount\":3736,\"commentCount\":0,\"image\":{\"@id\":\"https:\\\/\\\/www.gsccanarias.com\\\/gsc\\\/la-mejora-de-los-valores-de-gases-en-la-zona-sur-permite-el-acceso-controlado-en-puerto-naos-y-las-manchas\\\/#primaryimage\"},\"thumbnailUrl\":\"https:\\\/\\\/www.gsccanarias.com\\\/gsc\\\/wp-content\\\/uploads\\\/2021\\\/12\\\/Mediciones_de_gases_realizadas_por_la_UME_en_Puerto_Naos.jpg\",\"articleSection\":[\"\u00daltimas noticias\"],\"inLanguage\":\"es\",\"potentialAction\":[{\"@type\":\"CommentAction\",\"name\":\"Comment\",\"target\":[\"https:\\\/\\\/www.gsccanarias.com\\\/gsc\\\/la-mejora-de-los-valores-de-gases-en-la-zona-sur-permite-el-acceso-controlado-en-puerto-naos-y-las-manchas\\\/#respond\"]}]},{\"@type\":\"WebPage\",\"@id\":\"https:\\\/\\\/www.gsccanarias.com\\\/gsc\\\/la-mejora-de-los-valores-de-gases-en-la-zona-sur-permite-el-acceso-controlado-en-puerto-naos-y-las-manchas\\\/\",\"url\":\"https:\\\/\\\/www.gsccanarias.com\\\/gsc\\\/la-mejora-de-los-valores-de-gases-en-la-zona-sur-permite-el-acceso-controlado-en-puerto-naos-y-las-manchas\\\/\",\"name\":\"La mejora de los valores de gases en la zona sur permite el acceso controlado en Puerto Naos y Las Manchas - GSC\",\"isPartOf\":{\"@id\":\"https:\\\/\\\/www.gsccanarias.com\\\/gsc\\\/#website\"},\"primaryImageOfPage\":{\"@id\":\"https:\\\/\\\/www.gsccanarias.com\\\/gsc\\\/la-mejora-de-los-valores-de-gases-en-la-zona-sur-permite-el-acceso-controlado-en-puerto-naos-y-las-manchas\\\/#primaryimage\"},\"image\":{\"@id\":\"https:\\\/\\\/www.gsccanarias.com\\\/gsc\\\/la-mejora-de-los-valores-de-gases-en-la-zona-sur-permite-el-acceso-controlado-en-puerto-naos-y-las-manchas\\\/#primaryimage\"},\"thumbnailUrl\":\"https:\\\/\\\/www.gsccanarias.com\\\/gsc\\\/wp-content\\\/uploads\\\/2021\\\/12\\\/Mediciones_de_gases_realizadas_por_la_UME_en_Puerto_Naos.jpg\",\"datePublished\":\"2021-12-07T17:10:35+00:00\",\"author\":{\"@id\":\"https:\\\/\\\/www.gsccanarias.com\\\/gsc\\\/#\\\/schema\\\/person\\\/591ed0ce1757a7168579ec75f6e7f340\"},\"breadcrumb\":{\"@id\":\"https:\\\/\\\/www.gsccanarias.com\\\/gsc\\\/la-mejora-de-los-valores-de-gases-en-la-zona-sur-permite-el-acceso-controlado-en-puerto-naos-y-las-manchas\\\/#breadcrumb\"},\"inLanguage\":\"es\",\"potentialAction\":[{\"@type\":\"ReadAction\",\"target\":[\"https:\\\/\\\/www.gsccanarias.com\\\/gsc\\\/la-mejora-de-los-valores-de-gases-en-la-zona-sur-permite-el-acceso-controlado-en-puerto-naos-y-las-manchas\\\/\"]}]},{\"@type\":\"ImageObject\",\"inLanguage\":\"es\",\"@id\":\"https:\\\/\\\/www.gsccanarias.com\\\/gsc\\\/la-mejora-de-los-valores-de-gases-en-la-zona-sur-permite-el-acceso-controlado-en-puerto-naos-y-las-manchas\\\/#primaryimage\",\"url\":\"https:\\\/\\\/www.gsccanarias.com\\\/gsc\\\/wp-content\\\/uploads\\\/2021\\\/12\\\/Mediciones_de_gases_realizadas_por_la_UME_en_Puerto_Naos.jpg\",\"contentUrl\":\"https:\\\/\\\/www.gsccanarias.com\\\/gsc\\\/wp-content\\\/uploads\\\/2021\\\/12\\\/Mediciones_de_gases_realizadas_por_la_UME_en_Puerto_Naos.jpg\",\"width\":1600,\"height\":1066},{\"@type\":\"BreadcrumbList\",\"@id\":\"https:\\\/\\\/www.gsccanarias.com\\\/gsc\\\/la-mejora-de-los-valores-de-gases-en-la-zona-sur-permite-el-acceso-controlado-en-puerto-naos-y-las-manchas\\\/#breadcrumb\",\"itemListElement\":[{\"@type\":\"ListItem\",\"position\":1,\"name\":\"Portada\",\"item\":\"https:\\\/\\\/www.gsccanarias.com\\\/gsc\\\/\"},{\"@type\":\"ListItem\",\"position\":2,\"name\":\"La mejora de los valores de gases en la zona sur permite el acceso controlado en Puerto Naos y Las Manchas\"}]},{\"@type\":\"WebSite\",\"@id\":\"https:\\\/\\\/www.gsccanarias.com\\\/gsc\\\/#website\",\"url\":\"https:\\\/\\\/www.gsccanarias.com\\\/gsc\\\/\",\"name\":\"GSC\",\"description\":\"Administramos servicios relacionados con la salud, las emergencias, la seguridad y el transporte sanitario\",\"potentialAction\":[{\"@type\":\"SearchAction\",\"target\":{\"@type\":\"EntryPoint\",\"urlTemplate\":\"https:\\\/\\\/www.gsccanarias.com\\\/gsc\\\/?s={search_term_string}\"},\"query-input\":{\"@type\":\"PropertyValueSpecification\",\"valueRequired\":true,\"valueName\":\"search_term_string\"}}],\"inLanguage\":\"es\"},{\"@type\":\"Person\",\"@id\":\"https:\\\/\\\/www.gsccanarias.com\\\/gsc\\\/#\\\/schema\\\/person\\\/591ed0ce1757a7168579ec75f6e7f340\",\"name\":\"userad112\",\"image\":{\"@type\":\"ImageObject\",\"inLanguage\":\"es\",\"@id\":\"https:\\\/\\\/secure.gravatar.com\\\/avatar\\\/6aab27730b29899b0a1a05aaa7b266b4fc1fce4dd26b427baeb73cffe474a916?s=96&d=mm&r=g\",\"url\":\"https:\\\/\\\/secure.gravatar.com\\\/avatar\\\/6aab27730b29899b0a1a05aaa7b266b4fc1fce4dd26b427baeb73cffe474a916?s=96&d=mm&r=g\",\"contentUrl\":\"https:\\\/\\\/secure.gravatar.com\\\/avatar\\\/6aab27730b29899b0a1a05aaa7b266b4fc1fce4dd26b427baeb73cffe474a916?s=96&d=mm&r=g\",\"caption\":\"userad112\"},\"sameAs\":[\"https:\\\/\\\/321brand.com\\\/112\"],\"url\":\"https:\\\/\\\/www.gsccanarias.com\\\/gsc\\\/author\\\/userad112\\\/\"}]}<\/script>\n<!-- \/ Yoast SEO plugin. -->","yoast_head_json":{"title":"La mejora de los valores de gases en la zona sur permite el acceso controlado en Puerto Naos y Las Manchas - GSC","robots":{"index":"index","follow":"follow","max-snippet":"max-snippet:-1","max-image-preview":"max-image-preview:large","max-video-preview":"max-video-preview:-1"},"canonical":"https:\/\/www.gsccanarias.com\/gsc\/la-mejora-de-los-valores-de-gases-en-la-zona-sur-permite-el-acceso-controlado-en-puerto-naos-y-las-manchas\/","og_locale":"es_ES","og_type":"article","og_title":"La mejora de los valores de gases en la zona sur permite el acceso controlado en Puerto Naos y Las Manchas - GSC","og_description":"La superficie ha aumentado en 27 hect\u00e1reas y la lava que avanza desde Monta\u00f1a Cogote ha afectado a unas 60 viviendas en las \u00faltimas 36 horas Los niveles de calidad del aire por part\u00edculas PM10 son desfavorables en el Valle de Aridane y Bre\u00f1a Alta,...","og_url":"https:\/\/www.gsccanarias.com\/gsc\/la-mejora-de-los-valores-de-gases-en-la-zona-sur-permite-el-acceso-controlado-en-puerto-naos-y-las-manchas\/","og_site_name":"GSC","article_published_time":"2021-12-07T17:10:35+00:00","og_image":[{"width":1600,"height":1066,"url":"https:\/\/www.gsccanarias.com\/gsc\/wp-content\/uploads\/2021\/12\/Mediciones_de_gases_realizadas_por_la_UME_en_Puerto_Naos.jpg","type":"image\/jpeg"}],"author":"userad112","twitter_card":"summary_large_image","twitter_misc":{"Escrito por":"userad112","Tiempo de lectura":"19 minutos"},"schema":{"@context":"https:\/\/schema.org","@graph":[{"@type":"Article","@id":"https:\/\/www.gsccanarias.com\/gsc\/la-mejora-de-los-valores-de-gases-en-la-zona-sur-permite-el-acceso-controlado-en-puerto-naos-y-las-manchas\/#article","isPartOf":{"@id":"https:\/\/www.gsccanarias.com\/gsc\/la-mejora-de-los-valores-de-gases-en-la-zona-sur-permite-el-acceso-controlado-en-puerto-naos-y-las-manchas\/"},"author":{"name":"userad112","@id":"https:\/\/www.gsccanarias.com\/gsc\/#\/schema\/person\/591ed0ce1757a7168579ec75f6e7f340"},"headline":"La mejora de los valores de gases en la zona sur permite el acceso controlado en Puerto Naos y Las Manchas","datePublished":"2021-12-07T17:10:35+00:00","mainEntityOfPage":{"@id":"https:\/\/www.gsccanarias.com\/gsc\/la-mejora-de-los-valores-de-gases-en-la-zona-sur-permite-el-acceso-controlado-en-puerto-naos-y-las-manchas\/"},"wordCount":3736,"commentCount":0,"image":{"@id":"https:\/\/www.gsccanarias.com\/gsc\/la-mejora-de-los-valores-de-gases-en-la-zona-sur-permite-el-acceso-controlado-en-puerto-naos-y-las-manchas\/#primaryimage"},"thumbnailUrl":"https:\/\/www.gsccanarias.com\/gsc\/wp-content\/uploads\/2021\/12\/Mediciones_de_gases_realizadas_por_la_UME_en_Puerto_Naos.jpg","articleSection":["\u00daltimas noticias"],"inLanguage":"es","potentialAction":[{"@type":"CommentAction","name":"Comment","target":["https:\/\/www.gsccanarias.com\/gsc\/la-mejora-de-los-valores-de-gases-en-la-zona-sur-permite-el-acceso-controlado-en-puerto-naos-y-las-manchas\/#respond"]}]},{"@type":"WebPage","@id":"https:\/\/www.gsccanarias.com\/gsc\/la-mejora-de-los-valores-de-gases-en-la-zona-sur-permite-el-acceso-controlado-en-puerto-naos-y-las-manchas\/","url":"https:\/\/www.gsccanarias.com\/gsc\/la-mejora-de-los-valores-de-gases-en-la-zona-sur-permite-el-acceso-controlado-en-puerto-naos-y-las-manchas\/","name":"La mejora de los valores de gases en la zona sur permite el acceso controlado en Puerto Naos y Las Manchas - GSC","isPartOf":{"@id":"https:\/\/www.gsccanarias.com\/gsc\/#website"},"primaryImageOfPage":{"@id":"https:\/\/www.gsccanarias.com\/gsc\/la-mejora-de-los-valores-de-gases-en-la-zona-sur-permite-el-acceso-controlado-en-puerto-naos-y-las-manchas\/#primaryimage"},"image":{"@id":"https:\/\/www.gsccanarias.com\/gsc\/la-mejora-de-los-valores-de-gases-en-la-zona-sur-permite-el-acceso-controlado-en-puerto-naos-y-las-manchas\/#primaryimage"},"thumbnailUrl":"https:\/\/www.gsccanarias.com\/gsc\/wp-content\/uploads\/2021\/12\/Mediciones_de_gases_realizadas_por_la_UME_en_Puerto_Naos.jpg","datePublished":"2021-12-07T17:10:35+00:00","author":{"@id":"https:\/\/www.gsccanarias.com\/gsc\/#\/schema\/person\/591ed0ce1757a7168579ec75f6e7f340"},"breadcrumb":{"@id":"https:\/\/www.gsccanarias.com\/gsc\/la-mejora-de-los-valores-de-gases-en-la-zona-sur-permite-el-acceso-controlado-en-puerto-naos-y-las-manchas\/#breadcrumb"},"inLanguage":"es","potentialAction":[{"@type":"ReadAction","target":["https:\/\/www.gsccanarias.com\/gsc\/la-mejora-de-los-valores-de-gases-en-la-zona-sur-permite-el-acceso-controlado-en-puerto-naos-y-las-manchas\/"]}]},{"@type":"ImageObject","inLanguage":"es","@id":"https:\/\/www.gsccanarias.com\/gsc\/la-mejora-de-los-valores-de-gases-en-la-zona-sur-permite-el-acceso-controlado-en-puerto-naos-y-las-manchas\/#primaryimage","url":"https:\/\/www.gsccanarias.com\/gsc\/wp-content\/uploads\/2021\/12\/Mediciones_de_gases_realizadas_por_la_UME_en_Puerto_Naos.jpg","contentUrl":"https:\/\/www.gsccanarias.com\/gsc\/wp-content\/uploads\/2021\/12\/Mediciones_de_gases_realizadas_por_la_UME_en_Puerto_Naos.jpg","width":1600,"height":1066},{"@type":"BreadcrumbList","@id":"https:\/\/www.gsccanarias.com\/gsc\/la-mejora-de-los-valores-de-gases-en-la-zona-sur-permite-el-acceso-controlado-en-puerto-naos-y-las-manchas\/#breadcrumb","itemListElement":[{"@type":"ListItem","position":1,"name":"Portada","item":"https:\/\/www.gsccanarias.com\/gsc\/"},{"@type":"ListItem","position":2,"name":"La mejora de los valores de gases en la zona sur permite el acceso controlado en Puerto Naos y Las Manchas"}]},{"@type":"WebSite","@id":"https:\/\/www.gsccanarias.com\/gsc\/#website","url":"https:\/\/www.gsccanarias.com\/gsc\/","name":"GSC","description":"Administramos servicios relacionados con la salud, las emergencias, la seguridad y el transporte sanitario","potentialAction":[{"@type":"SearchAction","target":{"@type":"EntryPoint","urlTemplate":"https:\/\/www.gsccanarias.com\/gsc\/?s={search_term_string}"},"query-input":{"@type":"PropertyValueSpecification","valueRequired":true,"valueName":"search_term_string"}}],"inLanguage":"es"},{"@type":"Person","@id":"https:\/\/www.gsccanarias.com\/gsc\/#\/schema\/person\/591ed0ce1757a7168579ec75f6e7f340","name":"userad112","image":{"@type":"ImageObject","inLanguage":"es","@id":"https:\/\/secure.gravatar.com\/avatar\/6aab27730b29899b0a1a05aaa7b266b4fc1fce4dd26b427baeb73cffe474a916?s=96&d=mm&r=g","url":"https:\/\/secure.gravatar.com\/avatar\/6aab27730b29899b0a1a05aaa7b266b4fc1fce4dd26b427baeb73cffe474a916?s=96&d=mm&r=g","contentUrl":"https:\/\/secure.gravatar.com\/avatar\/6aab27730b29899b0a1a05aaa7b266b4fc1fce4dd26b427baeb73cffe474a916?s=96&d=mm&r=g","caption":"userad112"},"sameAs":["https:\/\/321brand.com\/112"],"url":"https:\/\/www.gsccanarias.com\/gsc\/author\/userad112\/"}]}},"publishpress_future_workflow_manual_trigger":{"enabledWorkflows":[]},"_links":{"self":[{"href":"https:\/\/www.gsccanarias.com\/gsc\/wp-json\/wp\/v2\/posts\/3708","targetHints":{"allow":["GET"]}}],"collection":[{"href":"https:\/\/www.gsccanarias.com\/gsc\/wp-json\/wp\/v2\/posts"}],"about":[{"href":"https:\/\/www.gsccanarias.com\/gsc\/wp-json\/wp\/v2\/types\/post"}],"author":[{"embeddable":true,"href":"https:\/\/www.gsccanarias.com\/gsc\/wp-json\/wp\/v2\/users\/1"}],"replies":[{"embeddable":true,"href":"https:\/\/www.gsccanarias.com\/gsc\/wp-json\/wp\/v2\/comments?post=3708"}],"version-history":[{"count":0,"href":"https:\/\/www.gsccanarias.com\/gsc\/wp-json\/wp\/v2\/posts\/3708\/revisions"}],"wp:featuredmedia":[{"embeddable":true,"href":"https:\/\/www.gsccanarias.com\/gsc\/wp-json\/wp\/v2\/media\/3707"}],"wp:attachment":[{"href":"https:\/\/www.gsccanarias.com\/gsc\/wp-json\/wp\/v2\/media?parent=3708"}],"wp:term":[{"taxonomy":"category","embeddable":true,"href":"https:\/\/www.gsccanarias.com\/gsc\/wp-json\/wp\/v2\/categories?post=3708"},{"taxonomy":"post_tag","embeddable":true,"href":"https:\/\/www.gsccanarias.com\/gsc\/wp-json\/wp\/v2\/tags?post=3708"}],"curies":[{"name":"wp","href":"https:\/\/api.w.org\/{rel}","templated":true}]}}