{"id":3704,"date":"2021-11-16T11:46:44","date_gmt":"2021-11-16T11:46:44","guid":{"rendered":"https:\/\/www.gsccanarias.com\/gsc\/la-energia-del-sistema-sigue-mostrando-una-tendencia-descendente-y-el-proceso-eruptivo-continua-estable\/"},"modified":"2021-11-16T11:46:44","modified_gmt":"2021-11-16T11:46:44","slug":"la-energia-del-sistema-sigue-mostrando-una-tendencia-descendente-y-el-proceso-eruptivo-continua-estable","status":"publish","type":"post","link":"https:\/\/www.gsccanarias.com\/gsc\/la-energia-del-sistema-sigue-mostrando-una-tendencia-descendente-y-el-proceso-eruptivo-continua-estable\/","title":{"rendered":"La energ\u00eda del sistema sigue mostrando una tendencia descendente y el proceso eruptivo contin\u00faa estable"},"content":{"rendered":"<p><\/p>\n<p style=\"text-align: justify;\"><strong>La Mesa del Parlamento asiste al Comit\u00e9 Director del PEVOLCA y reconoce el trabajo de gestores p\u00fablicos, expertos y equipos de emergencia<\/strong><\/p>\n<p style=\"text-align: justify;\"><strong>El empeoramiento de la calidad del aire obliga a la suspensi\u00f3n de la actividad lectiva presencial en cinco municipios<\/strong><\/p>\n<p style=\"text-align: justify;\"><strong>Se insiste en mantener las medidas de autoprotecci\u00f3n en la limpieza de cenizas, reducir actividades en el exterior y usar mascarillas FFP2<\/strong><\/p>\n<p style=\"text-align: justify;\">El proceso eruptivo contin\u00faa estable y la energ\u00eda del sistema sigue mostrando una tendencia descendente, aunque los par\u00e1metros observables no permiten a\u00fan prever una finalizaci\u00f3n a corto plazo.\u00a0 Ayer tambi\u00e9n se constat\u00f3 un aumento en la tasa de emisi\u00f3n de cenizas lo que, unido a las condiciones meteorol\u00f3gicas, ha provocado un empeoramiento en la calidad del aire, con superaci\u00f3n de los umbrales en di\u00f3xido de azufre y part\u00edculas PM10 en la zona oeste, obligando a la suspensi\u00f3n de clases presenciales en los municipios de Los Llanos de Aridane, El Paso, Tazacorte, Puntagorda y Tijarafe.<\/p>\n<p style=\"text-align: justify;\">Estas y otras conclusiones se analizaron hoy en la reuni\u00f3n del Comit\u00e9 Director del Plan Especial de Protecci\u00f3n Civil y Atenci\u00f3n de Emergencias por Riesgo Volc\u00e1nico de Canarias (PEVOLCA) del Gobierno de Canarias, que dirige el consejero de Administraciones P\u00fablicas, Justicia y Seguridad, Julio P\u00e9rez, y que hoy cont\u00f3 con la presencia del presidente del Parlamento de Canarias, Gustavo Matos, y de los miembros de la Mesa del Parlamento, compuesta por Esther Gonz\u00e1lez, Rosa D\u00e1vila, Jorge Gonz\u00e1lez, Luz Rever\u00f3n, as\u00ed como el secretario general Salvador Iglesias. Matos mostr\u00f3 su reconocimiento al trabajo de todos los gestores p\u00fablicos, cient\u00edficos y servicios intervinientes en la emergencia, adem\u00e1s del apoyo a los vecinos y vecinas y alcaldes de los municipios afectados. En este sentido, anunci\u00f3 la creaci\u00f3n de una comisi\u00f3n parlamentaria para ayudar en la reconstrucci\u00f3n de La Palma.<\/p>\n<p style=\"text-align: justify;\">Sobre la calidad del aire, el Director T\u00e9cnico del PEVOLCA, Miguel \u00c1ngel Morcuende se\u00f1al\u00f3 en rueda de prensa que ayer se alcanzaron niveles desfavorables de di\u00f3xido de azufre (SO2) en Puntagorda y Los Llanos de Aridane, con superaciones horarias y diarias durante la noche y la madrugada, mejorando durante la ma\u00f1ana. En el resto de las estaciones, los valores son buenos, excepto en Tazacorte donde es regular.<\/p>\n<p style=\"text-align: justify;\">En cuanto a part\u00edculas en suspensi\u00f3n PM10, ayer se detect\u00f3 un aumento significativo en la estaci\u00f3n de Los Llanos de Aridane, alcanzando niveles extremadamente desfavorables con superaci\u00f3n del umbral diario. Esta situaci\u00f3n se ha mantenido hoy siguiendo los patrones habituales, con un empeoramiento durante las horas centrales del d\u00eda, debido al tr\u00e1fico rodado y las labores de limpieza, que aumenta la resuspensi\u00f3n de las cenizas. En otras estaciones, los niveles han sido buenos o razonablemente buenos.<\/p>\n<p style=\"text-align: justify;\">En este sentido la poblaci\u00f3n residente en Los Llanos de Aridane, El Paso, Tazacorte, Tijarafe y Puntagorda debe usar mascarillas FFP2 y reducir las actividades en\u00e9rgicas y\/o prolongadas en el exterior, y realizarlas en el interior o cuando mejore la calidad del aire, consultando la web del Gobierno de Canarias de Calidad del Aire:\u00a0<a href=\"https:\/\/www3.gobiernodecanarias.org\/medioambiente\/calidaddelaire\/ica.do\">https:\/\/www3.gobiernodecanarias.org\/medioambiente\/calidaddelaire\/ica.do<\/a><\/p>\n<p style=\"text-align: justify;\">Asimismo, se recuerda que los accesos a las zonas de exclusi\u00f3n de regantes o equipos de limpieza se deben canalizar a trav\u00e9s de los ayuntamientos para organizar el acompa\u00f1amiento con el grupo de Seguridad y siempre en funci\u00f3n de las condiciones de la calidad del aire. En cuanto a la retirada de cenizas en azoteas y tejados no transitables, los vecinos y vecinas tienen que solicitar la ayuda de los servicios de emergencia para evitar accidentes y en aquellas zonas donde pueden acceder, ir siempre acompa\u00f1ados y con las medidas de protecci\u00f3n adecuadas.<\/p>\n<p style=\"text-align: justify;\">En cuanto a los par\u00e1metros observables, la portavoz del Comit\u00e9 Cient\u00edfico, Mar\u00eda Jos\u00e9 Blanco, explic\u00f3 que la sismicidad contin\u00faa en valores bajos en niveles intermedios y se mantienen los valores en la profunda, respecto a las semanas anteriores. A\u00f1adi\u00f3 que el tremor se ha mantenido en niveles bajos en las \u00faltimas 24 horas y que en la deformaci\u00f3n se observa una notable disminuci\u00f3n de la deflaci\u00f3n regional desde comienzos de noviembre, as\u00ed como un descenso en la emisi\u00f3n del SO2 del penacho volc\u00e1nico.<\/p>\n<p style=\"text-align: justify;\">La dispersi\u00f3n de las cenizas ha afectado a la navegaci\u00f3n a\u00e9rea en la isla, con cancelaci\u00f3n de algunos vuelos en el aeropuerto de La Palma durante la ma\u00f1ana.<\/p>\n<p style=\"text-align: justify;\">Sobre la evoluci\u00f3n de las coladas, la superficie afectada ha aumentado en m\u00e1s de 14 hect\u00e1reas hasta superar las 1.034 hect\u00e1reas debido principalmente al relleno de la colada 2 y el ensanchamiento por el sur del frente de la colada n\u00famero 9, que es la que recibe mayor cantidad. Contin\u00faa la aportaci\u00f3n por tubos l\u00e1vicos a los deltas, con una menor afecci\u00f3n al entorno marino que en d\u00edas anteriores.<\/p>\n<p style=\"text-align: justify;\">La anchura m\u00e1xima entre coladas, calculada en la cota inferior que es la m\u00e1s cercana al mar, es de 3.200 metros, 100 metros m\u00e1s que en la \u00faltima estimaci\u00f3n. El delta l\u00e1vico tiene una extensi\u00f3n de 41,99 hect\u00e1reas desde la orilla.<\/p>\n<p style=\"text-align: justify;\">Mar\u00eda Jos\u00e9 Blanco explic\u00f3 que siguen activos varios centros de emisi\u00f3n con actividad variable, tanto de piroclastos y gases como de lava, seg\u00fan se modifica la configuraci\u00f3n de la zona eruptiva. En este sentido, no se descarta la aparici\u00f3n de nuevos centros de emisi\u00f3n en el entorno del cono principal, dentro de la zona de exclusi\u00f3n.<\/p>\n<p style=\"text-align: justify;\">Los \u00faltimos datos del Catastro indican que hay 1.462 infraestructuras da\u00f1adas, de las cuales 1.181 son de uso residencial, 152 agr\u00edcola, 67 industrial, 34 ocio y hoster\u00eda, 13 uso p\u00fablico y 15 otros usos.<\/p>\n<p style=\"text-align: justify;\">Respecto a los cultivos, el total de hect\u00e1reas afectadas se calcula que alcanza las 305, 59 hect\u00e1reas. De ellas, m\u00e1s de 179,36 son plataneras, 59,9 vi\u00f1as y 24,82 aguacates.<\/p>\n<p style=\"text-align: justify;\">En lo que se refiere al n\u00famero de albergados, 480 personas permanecen en centros hoteleros, una m\u00e1s que ayer.\u00a0 Del total, 413 se hospedan en el hotel de Fuencaliente y 67 en Los Llanos de Aridane. Adem\u00e1s, hay 43 personas dependientes atendidas en centros sociosanitarios insulares.<\/p>\n<p style=\"text-align: justify;\">\u00a0<\/p>\n<p style=\"text-align: justify;\"><strong>Dictamen diario del Comit\u00e9 Cient\u00edfico<\/strong><\/p>\n<p style=\"text-align: justify;\">Previamente a la reuni\u00f3n del Comit\u00e9 Director del PEVOLCA se reuni\u00f3 el Comit\u00e9 Cient\u00edfico del Plan, en el que sus integrantes expusieron sus conclusiones sobre la evoluci\u00f3n del fen\u00f3meno eruptivo desde el d\u00eda de ayer. Este Comit\u00e9 Cient\u00edfico est\u00e1 coordinado por la Direcci\u00f3n General de Seguridad y Emergencias del Gobierno de Canarias y lo integran representantes del Instituto Geogr\u00e1fico Nacional (IGN), Consejo Superior de Investigaciones Cient\u00edficas (CSIC), Instituto Volcanol\u00f3gico de Canarias (Involcan), Instituto Geol\u00f3gico y Minero de Espa\u00f1a (IGME), Agencia Estatal de Meteorolog\u00eda (AEMET), Instituto Espa\u00f1ol de Oceanograf\u00eda (IEO), Universidad de La Laguna y Universidad de Las Palmas de Gran Canaria.<\/p>\n<p style=\"text-align: justify;\">Tales conclusiones fueron:<\/p>\n<p style=\"text-align: justify;\">\u201cLa erupci\u00f3n fisural contin\u00faa mostrando mecanismo estromboliano, esto es, un mecanismo de car\u00e1cter mixto, con fases de explosividad variable que producen dep\u00f3sitos pirocl\u00e1sticos y fases efusivas que producen las coladas de lava, de forma simult\u00e1nea. El proceso eruptivo muestra episodios de incremento y disminuci\u00f3n de la actividad estromboliana, as\u00ed como pulsos con actividad freatomagm\u00e1tica. La energ\u00eda del sistema sigue mostrando una tendencia descendente en los \u00faltimos d\u00edas.<\/p>\n<p style=\"text-align: justify;\">Ayer continu\u00f3 la elevada tasa de emisi\u00f3n de ceniza y por las condiciones meteorol\u00f3gicas, afect\u00f3 principalmente las zonas en direcci\u00f3n N y NO. A partir de la pasada noche, aument\u00f3 la actividad estromboliana. Contin\u00faa la aportaci\u00f3n de lava en la zona de los deltas l\u00e1vicos, produciendo una menor afecci\u00f3n al entorno marino que en d\u00edas anteriores.<\/p>\n<p style=\"text-align: justify;\">Actualmente siguen activos varios centros de emisi\u00f3n con actividad variable (tanto de piroclastos y gases, como de lava) seg\u00fan se modifica la configuraci\u00f3n de la zona eruptiva. No se descarta la aparici\u00f3n de nuevos centros de emisi\u00f3n en el entorno del cono principal, dentro de la zona de exclusi\u00f3n.<\/p>\n<p style=\"text-align: justify;\">La altura de la columna eruptiva medida hoy a las 08:45 es de 3000 m con nube de dispersi\u00f3n hacia el E.<\/p>\n<p style=\"text-align: justify;\">Viento de NE (18-20 km\/h) en superficie con r\u00e9gimen de brisas al W de La Palma (&lt; 15 km\/h), NE 20 km\/h entre 1000-1500 m y E 10-20 km\/h entre 1500-5000m. Disposici\u00f3n del penacho SO2 y cenizas hacia el W\/SW del foco eruptivo. Afecci\u00f3n al aeropuerto de La Palma a lo largo del d\u00eda de hoy. Refuerzo de la inversi\u00f3n (2\u00ba C) que se situar\u00e1 alrededor de los 1700-1900 m. Probabilidad de precipitaciones d\u00e9biles a lo largo de hoy y ma\u00f1ana.<\/p>\n<p style=\"text-align: justify;\">Se sigue manteniendo el nivel de sismicidad a profundidades superiores a 20 km. La sismicidad a profundidades intermedias se mantiene baja respecto a las semanas anteriores y contin\u00faa localiz\u00e1ndose en las mismas zonas. La magnitud m\u00e1xima ha sido 3.8 mbLg de un evento hoy a las 01:01 a profundidad de 38 km. El tremor en las \u00faltimas 24 h se mantiene en niveles bajos. El nivel de sismicidad actual sigue indicando que es posible que se produzcan m\u00e1s sismos sentidos, pudiendo alcanzarse intensidades V-VI (en la escala de intensidad EMS) y originar peque\u00f1os derrumbes en zonas de pendiente.<\/p>\n<p style=\"text-align: justify;\">En cuanto a la deformaci\u00f3n, desde comienzos de noviembre se observa una notable disminuci\u00f3n de la deflaci\u00f3n regional.<\/p>\n<p style=\"text-align: justify;\">La emisi\u00f3n de di\u00f3xido de azufre (SO2), asociada al penacho volc\u00e1nico del actual proceso eruptivo en marcha (emanaciones visibles de gases volc\u00e1nicos), registrada durante el d\u00eda de ayer (15\/11) contin\u00faa siendo alta, registr\u00e1ndose un rango de valores entre 3000 y 3500 toneladas diarias mediante el uso de sensores \u00f3pticos remotos tipo miniDOAS en posici\u00f3n m\u00f3vil mar\u00edtima. Por otro lado, el an\u00e1lisis de im\u00e1genes satelitales refleja una tendencia descendente desde el pasado 23\/9 cuando se registraron m\u00e1ximos superiores a las 50000 toneladas diarias de emisi\u00f3n de di\u00f3xido de azufre (SO2).<\/p>\n<p style=\"text-align: justify;\">En el caso de la emisi\u00f3n difusa de di\u00f3xido de carbono (CO2), asociada a los 220 km2 de la dorsal volc\u00e1nica de Cumbre Vieja (emanaciones no visibles de gases volc\u00e1nicos) contin\u00faa registrando valores por encima de los niveles de fondo (entre 200 y 1300 toneladas diarias) y durante el d\u00eda de ayer (15\/11) reflejaron un rango de valores entre los 2000 y 2500 toneladas diarias. Estas emanaciones difusas no representan un peligro para las personas, salvo que se formen acumulaciones de CO2 en depresiones mal ventiladas, que desplacen el ox\u00edgeno del aire y se generen ambientes an\u00f3xicos. En la estaci\u00f3n de Los Llanos de Aridane (LP10) se contin\u00faa registrando una ligera fracci\u00f3n magm\u00e1tica-hidrotermal en el di\u00f3xido de carbono (CO2) de la atm\u00f3sfera del suelo, mientras que esta es pr\u00e1cticamente nula en la estaci\u00f3n de Fuencaliente (LP08). Todas estas observaciones geoqu\u00edmicas son coherentes con el actual proceso eruptivo.<\/p>\n<p style=\"text-align: justify;\">En el d\u00eda de ayer la calidad del aire debida al di\u00f3xido de azufre (SO2) se situ\u00f3 en niveles desfavorables en las estaciones de Los Llanos de Aridane, con dos superaciones del valor l\u00edmite horario (establecido en 350 \u03bcg\/m\u00b3) a las 03:00 horas y a las 11:00 horas, y en Puntagorda con dos superaciones horarias entre las 08:00 y las 10:00 horas. Los valores se redujeron hasta niveles buenos de calidad del aire a lo largo de la tarde, sin embargo en estas dos estaciones se super\u00f3 el valor l\u00edmite diario (establecido en 125 \u03bcg\/m\u00b3). En el resto de estaciones de la isla los valores se mantuvieron entre buenos y razonablemente buenos. Entre la noche de ayer y la madrugada de hoy se ha registrado un aumento significativo de los valores registrados en Los Llanos de Aridane y Puntagorda, alcanzando niveles muy desfavorables. Se ha superado el umbral de alerta (establecido en 500 \u03bcg\/m\u00b3) en tres ocasiones en Puntagorda (entre las 00:00 y las 02:00 horas y a las 05:00 horas) y en una ocasi\u00f3n en Los Llanos de Aridane (a las 06:00 horas) y ha supuesto la superaci\u00f3n del valor l\u00edmite horario en siete ocasiones en Puntagorda y cuatro en Los Llanos de Aridane. Estos niveles han ido mejorando a lo largo de la ma\u00f1ana situ\u00e1ndose en niveles de calidad del aire regular en estos momentos. En el resto de estaciones los niveles se han situado entre buenos y razonablemente buenos, salvo en Tazacorte que en estos momentos se encuentra con un nivel de calidad del aire regular.<\/p>\n<p style=\"text-align: justify;\">Con respecto a las part\u00edculas menores de 10 micras (PM10), durante la noche del 14 y la ma\u00f1ana de ayer se registr\u00f3 un aumento significativo de las concentraciones en Los Llanos de Aridane, con un m\u00e1ximo de 542 \u03bcg\/m\u00b3 a las 14:00 horas, a partir de ese momento los valores comenzaron a disminuir, pero se alcanzaron niveles de calidad del aire extremadamente desfavorables, que supusieron la superaci\u00f3n del umbral diario (establecido en 50 \u03bcg\/m\u00b3). La media m\u00f3vil de 24 horas en esta estaci\u00f3n se encuentra en niveles extremadamente desfavorables en este momento, y se est\u00e1n comenzando a registrar valores altos en las \u00faltimas horas siguiendo el patr\u00f3n habitual. En el resto de estaciones los niveles de calidad del aire por part\u00edculas PM10 son buenos o razonablemente buenos.<\/p>\n<p style=\"text-align: justify;\">Por lo tanto, en la zona de Los Llanos de Aridane, El Paso, Tazacorte, Tijarafe y Puntagorda, la poblaci\u00f3n debe considerar reducir las actividades en\u00e9rgicas y\/o prolongadas en el exterior, y realizarlas en el interior o cuando mejore la calidad del aire, consultando la web del Gobierno de Canarias de Calidad del Aire. <a href=\"https:\/\/www3.gobiernodecanarias.org\/medioambiente\/calidaddelaire\/ica.do\">https:\/\/www3.gobiernodecanarias.org\/medioambiente\/calidaddelaire\/ica.do<\/a><\/p>\n<p style=\"text-align: justify;\">\u00a0<\/p>\n<p style=\"text-align: justify;\">OBLIGACIONES Y RECOMENDACIONES PENACHO MARINO:<\/p>\n<ul style=\"text-align: justify;\">\n<li>Se sugiere prestar mucha atenci\u00f3n al pron\u00f3stico del viento para la monitorizaci\u00f3n de los posibles cambios de direcci\u00f3n del penacho y actuar en consecuencia, especialmente aquellas personas con el sistema respiratorio debilitado (por ejemplo, asm\u00e1ticos) ya que son m\u00e1s vulnerables a concentraciones m\u00e1s bajas.<\/li>\n<li>Tambi\u00e9n se recomienda el lavado de los ojos despu\u00e9s de cualquier exposici\u00f3n, ya que los s\u00edntomas, a menudo, no se perciben hasta m\u00e1s tarde.<\/li>\n<li>Estos penachos marinos se pueden percibir hasta varios kil\u00f3metros de distancia de la fuente, aunque m\u00e1s diluidos. En el caso de que el penacho marino llegue a n\u00facleos poblacionales, se recomienda permanecer en el interior de las viviendas siempre que sea posible y cerrar todas las puertas y ventanas.<\/li>\n<li>Para la seguridad de la navegaci\u00f3n de embarcaciones cient\u00edficas que realizan labores cient\u00edficas en esta \u00e1rea, se recomienda mantener una distancia de al menos 500 m para las zonas activas de los deltas de lava (con aporte de lava y manifestaciones visibles), reduciendo dicha distancia a 200 m para las zonas m\u00e1s estables. La navegaci\u00f3n con fines cient\u00edficos para la gesti\u00f3n de la emergencia, se puede realizar a distancias menores, bajo la responsabilidad del armador y el capit\u00e1n o patr\u00f3n de la embarcaci\u00f3n, siempre y cuando se cuente con el visto bueno de la Direcci\u00f3n T\u00e9cnica de PEVOLCA y Capitan\u00eda Mar\u00edtima.<\/li>\n<\/ul>\n<p style=\"text-align: justify;\">\u00a0<\/p>\n<p style=\"text-align: justify;\">COLADAS L\u00c1VICAS:\u00a0<\/p>\n<ul style=\"text-align: justify;\">\n<li>Tambi\u00e9n se recomienda no aproximarse a las coladas de lava por el riesgo de exponerse a los gases emitidos, posibles desprendimientos y las altas temperaturas.<\/li>\n<li>Ante los grandes espesores de colada de lava observados en algunos puntos, se pueden producir colapsos de su frente que, en zonas de mayor pendiente, pueden conllevar la formaci\u00f3n de grandes fragmentos de colada, que pueden desprenderse del frente de la colada y que de forma repentina alcanzando distancias de varios metros desde el frente de colada, dependiendo de la topograf\u00eda. Tambi\u00e9n en zonas de gran pendiente, se puede producir peque\u00f1os flujos pirocl\u00e1sticos.<\/li>\n<\/ul>\n<p style=\"text-align: justify;\">\u00a0<\/p>\n<p style=\"text-align: justify;\">CAIDA DE PIROCLASTOS:<\/p>\n<ul style=\"text-align: justify;\">\n<li>Se recuerda que est\u00e1 establecido un radio de exclusi\u00f3n de 2.5 km en torno a los centros de emisi\u00f3n para minimizar el riesgo de impacto de piroclastos y la exposici\u00f3n a los gases.<\/li>\n<li>En caso de intensificaci\u00f3n de la actividad explosiva es posible que algunas detonaciones violentas puedan producir rotura del vidrio de las ventanas. Se recomienda alejarse de las ventanas hasta un radio de 5 km desde el cono.<\/li>\n<li>En las zonas afectadas por una intensa ca\u00edda de cenizas (que se observe una clara deposici\u00f3n sobre el suelo) y m\u00e1s a\u00fan si se observa bruma, se recomienda mantenerse en espacios interiores. Al aire libre, se recomienda as\u00ed mismo el uso de mascarillas FFP2 y de sistemas de protecci\u00f3n de ojos.<\/li>\n<li>Se recomienda la limpieza de azoteas en las que se acumulen espesores de cenizas de varios cent\u00edmetros. Se insiste en que se sigan de manera precisa el procedimiento de retirada de cenizas de azoteas y suelo indicado por Protecci\u00f3n Civil (humedecer ceniza, protecci\u00f3n de ojos, llevar mascarilla, proteger la piel, v\u00e9ase documentaci\u00f3n anexa). Para la retirada, se deben usar mascarillas FFP2, guantes, humedecer ligeramente para su barrido y evitando el uso de sopladores, salvo para la limpieza de las instalaciones aeroportuaria por personal especializado con sus EPIs correspondientes. El uso de los sopladores aumenta la re-suspensi\u00f3n de las part\u00edculas m\u00e1s perjudiciales para la salud.<\/li>\n<li>Ante la llegada de cenizas a otras islas, se recomienda en las afectadas, el uso de mascarillas quir\u00fargicas.<\/li>\n<\/ul>\n<p style=\"text-align: justify;\">\u00a0<\/p>\n<p style=\"text-align: justify;\">Para la seguridad de cient\u00edficos en tierra dentro de la zona de exclusi\u00f3n se recomienda mantener una distancia de al menos 1000 m respecto al centro principal de emisi\u00f3n. La aproximaci\u00f3n a distancias menores puede realizarse, con fines de observaci\u00f3n cient\u00edfica para la gesti\u00f3n de la emergencia, con el visto bueno de la Direcci\u00f3n T\u00e9cnica de PEVOLCA.<\/p>\n<p style=\"text-align: justify;\">\u00a0<\/p>\n<p style=\"text-align: justify;\">MOVIMIENTOS S\u00cdSMICOS:<\/p>\n<p style=\"text-align: justify;\">&#8211; El comit\u00e9 cient\u00edfico del PEVOLCA realiza un seguimiento continuo de la actividad volc\u00e1nica.<\/p>\n<p style=\"text-align: justify;\">&#8211; Tanto en casa, como en el centro de trabajo, toma medidas preventivas: refuerza las estanter\u00edas, fija l\u00e1mparas y retira objetos grandes del mobiliario.<\/p>\n<p style=\"text-align: justify;\">\u00a0<\/p>\n<p style=\"text-align: justify;\"><u>En el exterior:<\/u><\/p>\n<p style=\"text-align: justify;\">Si te encuentras en el exterior y se registra un sismo, busca un lugar abierto y al\u00e9jate de estructuras que puedan caer a la v\u00eda y de las zonas con riesgo de derrumbe.<\/p>\n<p style=\"text-align: justify;\">Por tu seguridad, recuerda estos consejos de autoprotecci\u00f3n:<\/p>\n<p style=\"text-align: justify;\">&#8211; Dir\u00edgete a espacios abiertos.<\/p>\n<p style=\"text-align: justify;\">&#8211; Al\u00e9jate de edificios, balcones, sem\u00e1foros, farolas, tendidos el\u00e9ctricos o \u00e1rboles.<\/p>\n<p style=\"text-align: justify;\">&#8211; No te acerques a zonas con peligro de desprendimientos.<\/p>\n<p style=\"text-align: justify;\">&#8211; Sigue las recomendaciones de las autoridades e inf\u00f3rmate por canales oficiales y medios de comunicaci\u00f3n.<\/p>\n<p style=\"text-align: justify;\">&#8211; Si te encuentras en un veh\u00edculo, disminuye la velocidad y para el motor cuando sea posible, lejos de edificaciones y zonas escarpadas. Pon los indicadores de emergencia y permanece en el veh\u00edculo hasta que finalice el terremoto.<\/p>\n<p style=\"text-align: justify;\">\u00a0<\/p>\n<p style=\"text-align: justify;\"><u>En el interior: <\/u><\/p>\n<p style=\"text-align: justify;\">Si te sorprende un temblor en el interior de tu vivienda, mant\u00e9n la calma y sigue estos consejos de autoprotecci\u00f3n:<\/p>\n<p style=\"text-align: justify;\">&#8211; Mientras dure el temblor, no salgas al exterior.<\/p>\n<p style=\"text-align: justify;\">&#8211; Prot\u00e9gete bajo el marco de una puerta o de alg\u00fan mueble s\u00f3lido, como una mesa.<\/p>\n<p style=\"text-align: justify;\">&#8211; No te sit\u00faes cerca de ventanas.<\/p>\n<p style=\"text-align: justify;\">\u00a0&#8211; Si tienes que abandonar tu casa, desconecta agua, luz y gas.<\/p>\n<p style=\"text-align: justify;\">&#8211; En caso de evacuaci\u00f3n, baja por las escaleras y no utilices el ascensor.<\/p>\n<p style=\"text-align: justify;\">&#8211; Sigue las recomendaciones de las autoridades e inf\u00f3rmate por canales oficiales y medios de comunicaci\u00f3n.<\/p>\n<p style=\"text-align: justify;\">\u00a0<\/p>\n<p style=\"text-align: justify;\">Sigue siendo imperativo el respeto de las zonas de exclusi\u00f3n terrestre y mar\u00edtima, para mantener la integridad f\u00edsica de las personas.<\/p>\n<p style=\"text-align: justify;\">Se recomienda a la poblaci\u00f3n en la isla de La Palma el uso de mascarillas FFP2 al aire libre.<\/p>\n<p style=\"text-align: justify;\">Se ha reforzado el seguimiento continuo de la actividad y se comunicar\u00e1 cualquier cambio significativo que se observe. Mant\u00e9nganse atentos a la informaci\u00f3n que proporcionen las correspondientes autoridades de Protecci\u00f3n Civil\u201d.<\/p>\n<div class=\"pvc_clear\"><\/div>\n<p id=\"pvc_stats_3704\" class=\"pvc_stats all  \" data-element-id=\"3704\" style=\"\"><i class=\"pvc-stats-icon medium\" aria-hidden=\"true\"><svg aria-hidden=\"true\" focusable=\"false\" data-prefix=\"far\" data-icon=\"chart-bar\" role=\"img\" xmlns=\"http:\/\/www.w3.org\/2000\/svg\" viewBox=\"0 0 512 512\" class=\"svg-inline--fa fa-chart-bar fa-w-16 fa-2x\"><path fill=\"currentColor\" d=\"M396.8 352h22.4c6.4 0 12.8-6.4 12.8-12.8V108.8c0-6.4-6.4-12.8-12.8-12.8h-22.4c-6.4 0-12.8 6.4-12.8 12.8v230.4c0 6.4 6.4 12.8 12.8 12.8zm-192 0h22.4c6.4 0 12.8-6.4 12.8-12.8V140.8c0-6.4-6.4-12.8-12.8-12.8h-22.4c-6.4 0-12.8 6.4-12.8 12.8v198.4c0 6.4 6.4 12.8 12.8 12.8zm96 0h22.4c6.4 0 12.8-6.4 12.8-12.8V204.8c0-6.4-6.4-12.8-12.8-12.8h-22.4c-6.4 0-12.8 6.4-12.8 12.8v134.4c0 6.4 6.4 12.8 12.8 12.8zM496 400H48V80c0-8.84-7.16-16-16-16H16C7.16 64 0 71.16 0 80v336c0 17.67 14.33 32 32 32h464c8.84 0 16-7.16 16-16v-16c0-8.84-7.16-16-16-16zm-387.2-48h22.4c6.4 0 12.8-6.4 12.8-12.8v-70.4c0-6.4-6.4-12.8-12.8-12.8h-22.4c-6.4 0-12.8 6.4-12.8 12.8v70.4c0 6.4 6.4 12.8 12.8 12.8z\" class=\"\"><\/path><\/svg><\/i> <\/p>\n<div class=\"pvc_clear\"><\/div>\n<div class=\"print\"><span class=\"page_title\">P\u00e1gina: <span>La energ\u00eda del sistema sigue mostrando una tendencia descendente y el proceso eruptivo contin\u00faa estable<\/span><\/span>\n\t\t\t\t\t\t\t\t\t\t\t<span class=\"page_title\">Fecha de impresi\u00f3n: <span>29\/04\/2026 - 19:25:17 UTC<\/span><\/span>\n\t\t\t\t\t\t\t\t\t\t\t<span class=\"stmp_trans_date\">\u00daltima actualizaci\u00f3n: <span>16\/11\/2021 - 11:46:44<\/span><\/span>\n\t\t\t\t\t\t\t\t\t\t\t<span class=\"stmp_trans_date\">Fecha publicaci\u00f3n: <span>16\/11\/2021 - 11:46:44<\/span><\/span>\n\t\t\t\t\t\t\t\t\t\t\t<span class=\"stmp_trans_date\">Fecha creaci\u00f3n: <span>16\/11\/2021 - 11:46:44<\/span><\/span><\/div>\n\t","protected":false},"excerpt":{"rendered":"<p>La Mesa del Parlamento asiste al Comit\u00e9 Director del PEVOLCA y reconoce el trabajo de gestores p\u00fablicos, expertos y equipos de emergencia El empeoramiento de la calidad del aire obliga a la suspensi\u00f3n de la actividad lectiva presencial en cinco municipios Se insiste en mantener&#8230;<\/p>\n<div class=\"pvc_clear\"><\/div>\n<p id=\"pvc_stats_3704\" class=\"pvc_stats all  \" data-element-id=\"3704\" style=\"\"><i class=\"pvc-stats-icon medium\" aria-hidden=\"true\"><svg aria-hidden=\"true\" focusable=\"false\" data-prefix=\"far\" data-icon=\"chart-bar\" role=\"img\" xmlns=\"http:\/\/www.w3.org\/2000\/svg\" viewBox=\"0 0 512 512\" class=\"svg-inline--fa fa-chart-bar fa-w-16 fa-2x\"><path fill=\"currentColor\" d=\"M396.8 352h22.4c6.4 0 12.8-6.4 12.8-12.8V108.8c0-6.4-6.4-12.8-12.8-12.8h-22.4c-6.4 0-12.8 6.4-12.8 12.8v230.4c0 6.4 6.4 12.8 12.8 12.8zm-192 0h22.4c6.4 0 12.8-6.4 12.8-12.8V140.8c0-6.4-6.4-12.8-12.8-12.8h-22.4c-6.4 0-12.8 6.4-12.8 12.8v198.4c0 6.4 6.4 12.8 12.8 12.8zm96 0h22.4c6.4 0 12.8-6.4 12.8-12.8V204.8c0-6.4-6.4-12.8-12.8-12.8h-22.4c-6.4 0-12.8 6.4-12.8 12.8v134.4c0 6.4 6.4 12.8 12.8 12.8zM496 400H48V80c0-8.84-7.16-16-16-16H16C7.16 64 0 71.16 0 80v336c0 17.67 14.33 32 32 32h464c8.84 0 16-7.16 16-16v-16c0-8.84-7.16-16-16-16zm-387.2-48h22.4c6.4 0 12.8-6.4 12.8-12.8v-70.4c0-6.4-6.4-12.8-12.8-12.8h-22.4c-6.4 0-12.8 6.4-12.8 12.8v70.4c0 6.4 6.4 12.8 12.8 12.8z\" class=\"\"><\/path><\/svg><\/i> <img loading=\"lazy\" decoding=\"async\" width=\"16\" height=\"16\" alt=\"Loading\" src=\"https:\/\/www.gsccanarias.com\/gsc\/wp-content\/plugins\/page-views-count\/ajax-loader-2x.gif\" border=0 \/><\/p>\n<div class=\"pvc_clear\"><\/div>\n","protected":false},"author":1,"featured_media":3703,"comment_status":"open","ping_status":"open","sticky":false,"template":"","format":"standard","meta":{"footnotes":""},"categories":[36],"tags":[],"class_list":["post-3704","post","type-post","status-publish","format-standard","has-post-thumbnail","hentry","category-ultimas-noticias"],"a3_pvc":{"activated":true,"total_views":86,"today_views":0},"yoast_head":"<!-- This site is optimized with the Yoast SEO plugin v27.5 - https:\/\/yoast.com\/product\/yoast-seo-wordpress\/ -->\n<title>La energ\u00eda del sistema sigue mostrando una tendencia descendente y el proceso eruptivo contin\u00faa estable - GSC<\/title>\n<meta name=\"robots\" content=\"index, follow, max-snippet:-1, max-image-preview:large, max-video-preview:-1\" \/>\n<link rel=\"canonical\" href=\"https:\/\/www.gsccanarias.com\/gsc\/la-energia-del-sistema-sigue-mostrando-una-tendencia-descendente-y-el-proceso-eruptivo-continua-estable\/\" \/>\n<meta property=\"og:locale\" content=\"es_ES\" \/>\n<meta property=\"og:type\" content=\"article\" \/>\n<meta property=\"og:title\" content=\"La energ\u00eda del sistema sigue mostrando una tendencia descendente y el proceso eruptivo contin\u00faa estable - GSC\" \/>\n<meta property=\"og:description\" content=\"La Mesa del Parlamento asiste al Comit\u00e9 Director del PEVOLCA y reconoce el trabajo de gestores p\u00fablicos, expertos y equipos de emergencia El empeoramiento de la calidad del aire obliga a la suspensi\u00f3n de la actividad lectiva presencial en cinco municipios Se insiste en mantener...\" \/>\n<meta property=\"og:url\" content=\"https:\/\/www.gsccanarias.com\/gsc\/la-energia-del-sistema-sigue-mostrando-una-tendencia-descendente-y-el-proceso-eruptivo-continua-estable\/\" \/>\n<meta property=\"og:site_name\" content=\"GSC\" \/>\n<meta property=\"article:published_time\" content=\"2021-11-16T11:46:44+00:00\" \/>\n<meta property=\"og:image\" content=\"https:\/\/www.gsccanarias.com\/gsc\/wp-content\/uploads\/2021\/11\/161121_Comit_Director_PEVOLCA.jpeg\" \/>\n\t<meta property=\"og:image:width\" content=\"1600\" \/>\n\t<meta property=\"og:image:height\" content=\"1063\" \/>\n\t<meta property=\"og:image:type\" content=\"image\/jpeg\" \/>\n<meta name=\"author\" content=\"userad112\" \/>\n<meta name=\"twitter:card\" content=\"summary_large_image\" \/>\n<meta name=\"twitter:label1\" content=\"Escrito por\" \/>\n\t<meta name=\"twitter:data1\" content=\"userad112\" \/>\n\t<meta name=\"twitter:label2\" content=\"Tiempo de lectura\" \/>\n\t<meta name=\"twitter:data2\" content=\"17 minutos\" \/>\n<script type=\"application\/ld+json\" class=\"yoast-schema-graph\">{\"@context\":\"https:\\\/\\\/schema.org\",\"@graph\":[{\"@type\":\"Article\",\"@id\":\"https:\\\/\\\/www.gsccanarias.com\\\/gsc\\\/la-energia-del-sistema-sigue-mostrando-una-tendencia-descendente-y-el-proceso-eruptivo-continua-estable\\\/#article\",\"isPartOf\":{\"@id\":\"https:\\\/\\\/www.gsccanarias.com\\\/gsc\\\/la-energia-del-sistema-sigue-mostrando-una-tendencia-descendente-y-el-proceso-eruptivo-continua-estable\\\/\"},\"author\":{\"name\":\"userad112\",\"@id\":\"https:\\\/\\\/www.gsccanarias.com\\\/gsc\\\/#\\\/schema\\\/person\\\/591ed0ce1757a7168579ec75f6e7f340\"},\"headline\":\"La energ\u00eda del sistema sigue mostrando una tendencia descendente y el proceso eruptivo contin\u00faa estable\",\"datePublished\":\"2021-11-16T11:46:44+00:00\",\"mainEntityOfPage\":{\"@id\":\"https:\\\/\\\/www.gsccanarias.com\\\/gsc\\\/la-energia-del-sistema-sigue-mostrando-una-tendencia-descendente-y-el-proceso-eruptivo-continua-estable\\\/\"},\"wordCount\":3385,\"commentCount\":0,\"image\":{\"@id\":\"https:\\\/\\\/www.gsccanarias.com\\\/gsc\\\/la-energia-del-sistema-sigue-mostrando-una-tendencia-descendente-y-el-proceso-eruptivo-continua-estable\\\/#primaryimage\"},\"thumbnailUrl\":\"https:\\\/\\\/www.gsccanarias.com\\\/gsc\\\/wp-content\\\/uploads\\\/2021\\\/11\\\/161121_Comit_Director_PEVOLCA.jpeg\",\"articleSection\":[\"\u00daltimas noticias\"],\"inLanguage\":\"es\",\"potentialAction\":[{\"@type\":\"CommentAction\",\"name\":\"Comment\",\"target\":[\"https:\\\/\\\/www.gsccanarias.com\\\/gsc\\\/la-energia-del-sistema-sigue-mostrando-una-tendencia-descendente-y-el-proceso-eruptivo-continua-estable\\\/#respond\"]}]},{\"@type\":\"WebPage\",\"@id\":\"https:\\\/\\\/www.gsccanarias.com\\\/gsc\\\/la-energia-del-sistema-sigue-mostrando-una-tendencia-descendente-y-el-proceso-eruptivo-continua-estable\\\/\",\"url\":\"https:\\\/\\\/www.gsccanarias.com\\\/gsc\\\/la-energia-del-sistema-sigue-mostrando-una-tendencia-descendente-y-el-proceso-eruptivo-continua-estable\\\/\",\"name\":\"La energ\u00eda del sistema sigue mostrando una tendencia descendente y el proceso eruptivo contin\u00faa estable - GSC\",\"isPartOf\":{\"@id\":\"https:\\\/\\\/www.gsccanarias.com\\\/gsc\\\/#website\"},\"primaryImageOfPage\":{\"@id\":\"https:\\\/\\\/www.gsccanarias.com\\\/gsc\\\/la-energia-del-sistema-sigue-mostrando-una-tendencia-descendente-y-el-proceso-eruptivo-continua-estable\\\/#primaryimage\"},\"image\":{\"@id\":\"https:\\\/\\\/www.gsccanarias.com\\\/gsc\\\/la-energia-del-sistema-sigue-mostrando-una-tendencia-descendente-y-el-proceso-eruptivo-continua-estable\\\/#primaryimage\"},\"thumbnailUrl\":\"https:\\\/\\\/www.gsccanarias.com\\\/gsc\\\/wp-content\\\/uploads\\\/2021\\\/11\\\/161121_Comit_Director_PEVOLCA.jpeg\",\"datePublished\":\"2021-11-16T11:46:44+00:00\",\"author\":{\"@id\":\"https:\\\/\\\/www.gsccanarias.com\\\/gsc\\\/#\\\/schema\\\/person\\\/591ed0ce1757a7168579ec75f6e7f340\"},\"breadcrumb\":{\"@id\":\"https:\\\/\\\/www.gsccanarias.com\\\/gsc\\\/la-energia-del-sistema-sigue-mostrando-una-tendencia-descendente-y-el-proceso-eruptivo-continua-estable\\\/#breadcrumb\"},\"inLanguage\":\"es\",\"potentialAction\":[{\"@type\":\"ReadAction\",\"target\":[\"https:\\\/\\\/www.gsccanarias.com\\\/gsc\\\/la-energia-del-sistema-sigue-mostrando-una-tendencia-descendente-y-el-proceso-eruptivo-continua-estable\\\/\"]}]},{\"@type\":\"ImageObject\",\"inLanguage\":\"es\",\"@id\":\"https:\\\/\\\/www.gsccanarias.com\\\/gsc\\\/la-energia-del-sistema-sigue-mostrando-una-tendencia-descendente-y-el-proceso-eruptivo-continua-estable\\\/#primaryimage\",\"url\":\"https:\\\/\\\/www.gsccanarias.com\\\/gsc\\\/wp-content\\\/uploads\\\/2021\\\/11\\\/161121_Comit_Director_PEVOLCA.jpeg\",\"contentUrl\":\"https:\\\/\\\/www.gsccanarias.com\\\/gsc\\\/wp-content\\\/uploads\\\/2021\\\/11\\\/161121_Comit_Director_PEVOLCA.jpeg\",\"width\":1600,\"height\":1063,\"caption\":\"Comit_Director_PEVOLCA\"},{\"@type\":\"BreadcrumbList\",\"@id\":\"https:\\\/\\\/www.gsccanarias.com\\\/gsc\\\/la-energia-del-sistema-sigue-mostrando-una-tendencia-descendente-y-el-proceso-eruptivo-continua-estable\\\/#breadcrumb\",\"itemListElement\":[{\"@type\":\"ListItem\",\"position\":1,\"name\":\"Portada\",\"item\":\"https:\\\/\\\/www.gsccanarias.com\\\/gsc\\\/\"},{\"@type\":\"ListItem\",\"position\":2,\"name\":\"La energ\u00eda del sistema sigue mostrando una tendencia descendente y el proceso eruptivo contin\u00faa estable\"}]},{\"@type\":\"WebSite\",\"@id\":\"https:\\\/\\\/www.gsccanarias.com\\\/gsc\\\/#website\",\"url\":\"https:\\\/\\\/www.gsccanarias.com\\\/gsc\\\/\",\"name\":\"GSC\",\"description\":\"Administramos servicios relacionados con la salud, las emergencias, la seguridad y el transporte sanitario\",\"potentialAction\":[{\"@type\":\"SearchAction\",\"target\":{\"@type\":\"EntryPoint\",\"urlTemplate\":\"https:\\\/\\\/www.gsccanarias.com\\\/gsc\\\/?s={search_term_string}\"},\"query-input\":{\"@type\":\"PropertyValueSpecification\",\"valueRequired\":true,\"valueName\":\"search_term_string\"}}],\"inLanguage\":\"es\"},{\"@type\":\"Person\",\"@id\":\"https:\\\/\\\/www.gsccanarias.com\\\/gsc\\\/#\\\/schema\\\/person\\\/591ed0ce1757a7168579ec75f6e7f340\",\"name\":\"userad112\",\"image\":{\"@type\":\"ImageObject\",\"inLanguage\":\"es\",\"@id\":\"https:\\\/\\\/secure.gravatar.com\\\/avatar\\\/6aab27730b29899b0a1a05aaa7b266b4fc1fce4dd26b427baeb73cffe474a916?s=96&d=mm&r=g\",\"url\":\"https:\\\/\\\/secure.gravatar.com\\\/avatar\\\/6aab27730b29899b0a1a05aaa7b266b4fc1fce4dd26b427baeb73cffe474a916?s=96&d=mm&r=g\",\"contentUrl\":\"https:\\\/\\\/secure.gravatar.com\\\/avatar\\\/6aab27730b29899b0a1a05aaa7b266b4fc1fce4dd26b427baeb73cffe474a916?s=96&d=mm&r=g\",\"caption\":\"userad112\"},\"sameAs\":[\"https:\\\/\\\/321brand.com\\\/112\"],\"url\":\"https:\\\/\\\/www.gsccanarias.com\\\/gsc\\\/author\\\/userad112\\\/\"}]}<\/script>\n<!-- \/ Yoast SEO plugin. -->","yoast_head_json":{"title":"La energ\u00eda del sistema sigue mostrando una tendencia descendente y el proceso eruptivo contin\u00faa estable - GSC","robots":{"index":"index","follow":"follow","max-snippet":"max-snippet:-1","max-image-preview":"max-image-preview:large","max-video-preview":"max-video-preview:-1"},"canonical":"https:\/\/www.gsccanarias.com\/gsc\/la-energia-del-sistema-sigue-mostrando-una-tendencia-descendente-y-el-proceso-eruptivo-continua-estable\/","og_locale":"es_ES","og_type":"article","og_title":"La energ\u00eda del sistema sigue mostrando una tendencia descendente y el proceso eruptivo contin\u00faa estable - GSC","og_description":"La Mesa del Parlamento asiste al Comit\u00e9 Director del PEVOLCA y reconoce el trabajo de gestores p\u00fablicos, expertos y equipos de emergencia El empeoramiento de la calidad del aire obliga a la suspensi\u00f3n de la actividad lectiva presencial en cinco municipios Se insiste en mantener...","og_url":"https:\/\/www.gsccanarias.com\/gsc\/la-energia-del-sistema-sigue-mostrando-una-tendencia-descendente-y-el-proceso-eruptivo-continua-estable\/","og_site_name":"GSC","article_published_time":"2021-11-16T11:46:44+00:00","og_image":[{"width":1600,"height":1063,"url":"https:\/\/www.gsccanarias.com\/gsc\/wp-content\/uploads\/2021\/11\/161121_Comit_Director_PEVOLCA.jpeg","type":"image\/jpeg"}],"author":"userad112","twitter_card":"summary_large_image","twitter_misc":{"Escrito por":"userad112","Tiempo de lectura":"17 minutos"},"schema":{"@context":"https:\/\/schema.org","@graph":[{"@type":"Article","@id":"https:\/\/www.gsccanarias.com\/gsc\/la-energia-del-sistema-sigue-mostrando-una-tendencia-descendente-y-el-proceso-eruptivo-continua-estable\/#article","isPartOf":{"@id":"https:\/\/www.gsccanarias.com\/gsc\/la-energia-del-sistema-sigue-mostrando-una-tendencia-descendente-y-el-proceso-eruptivo-continua-estable\/"},"author":{"name":"userad112","@id":"https:\/\/www.gsccanarias.com\/gsc\/#\/schema\/person\/591ed0ce1757a7168579ec75f6e7f340"},"headline":"La energ\u00eda del sistema sigue mostrando una tendencia descendente y el proceso eruptivo contin\u00faa estable","datePublished":"2021-11-16T11:46:44+00:00","mainEntityOfPage":{"@id":"https:\/\/www.gsccanarias.com\/gsc\/la-energia-del-sistema-sigue-mostrando-una-tendencia-descendente-y-el-proceso-eruptivo-continua-estable\/"},"wordCount":3385,"commentCount":0,"image":{"@id":"https:\/\/www.gsccanarias.com\/gsc\/la-energia-del-sistema-sigue-mostrando-una-tendencia-descendente-y-el-proceso-eruptivo-continua-estable\/#primaryimage"},"thumbnailUrl":"https:\/\/www.gsccanarias.com\/gsc\/wp-content\/uploads\/2021\/11\/161121_Comit_Director_PEVOLCA.jpeg","articleSection":["\u00daltimas noticias"],"inLanguage":"es","potentialAction":[{"@type":"CommentAction","name":"Comment","target":["https:\/\/www.gsccanarias.com\/gsc\/la-energia-del-sistema-sigue-mostrando-una-tendencia-descendente-y-el-proceso-eruptivo-continua-estable\/#respond"]}]},{"@type":"WebPage","@id":"https:\/\/www.gsccanarias.com\/gsc\/la-energia-del-sistema-sigue-mostrando-una-tendencia-descendente-y-el-proceso-eruptivo-continua-estable\/","url":"https:\/\/www.gsccanarias.com\/gsc\/la-energia-del-sistema-sigue-mostrando-una-tendencia-descendente-y-el-proceso-eruptivo-continua-estable\/","name":"La energ\u00eda del sistema sigue mostrando una tendencia descendente y el proceso eruptivo contin\u00faa estable - GSC","isPartOf":{"@id":"https:\/\/www.gsccanarias.com\/gsc\/#website"},"primaryImageOfPage":{"@id":"https:\/\/www.gsccanarias.com\/gsc\/la-energia-del-sistema-sigue-mostrando-una-tendencia-descendente-y-el-proceso-eruptivo-continua-estable\/#primaryimage"},"image":{"@id":"https:\/\/www.gsccanarias.com\/gsc\/la-energia-del-sistema-sigue-mostrando-una-tendencia-descendente-y-el-proceso-eruptivo-continua-estable\/#primaryimage"},"thumbnailUrl":"https:\/\/www.gsccanarias.com\/gsc\/wp-content\/uploads\/2021\/11\/161121_Comit_Director_PEVOLCA.jpeg","datePublished":"2021-11-16T11:46:44+00:00","author":{"@id":"https:\/\/www.gsccanarias.com\/gsc\/#\/schema\/person\/591ed0ce1757a7168579ec75f6e7f340"},"breadcrumb":{"@id":"https:\/\/www.gsccanarias.com\/gsc\/la-energia-del-sistema-sigue-mostrando-una-tendencia-descendente-y-el-proceso-eruptivo-continua-estable\/#breadcrumb"},"inLanguage":"es","potentialAction":[{"@type":"ReadAction","target":["https:\/\/www.gsccanarias.com\/gsc\/la-energia-del-sistema-sigue-mostrando-una-tendencia-descendente-y-el-proceso-eruptivo-continua-estable\/"]}]},{"@type":"ImageObject","inLanguage":"es","@id":"https:\/\/www.gsccanarias.com\/gsc\/la-energia-del-sistema-sigue-mostrando-una-tendencia-descendente-y-el-proceso-eruptivo-continua-estable\/#primaryimage","url":"https:\/\/www.gsccanarias.com\/gsc\/wp-content\/uploads\/2021\/11\/161121_Comit_Director_PEVOLCA.jpeg","contentUrl":"https:\/\/www.gsccanarias.com\/gsc\/wp-content\/uploads\/2021\/11\/161121_Comit_Director_PEVOLCA.jpeg","width":1600,"height":1063,"caption":"Comit_Director_PEVOLCA"},{"@type":"BreadcrumbList","@id":"https:\/\/www.gsccanarias.com\/gsc\/la-energia-del-sistema-sigue-mostrando-una-tendencia-descendente-y-el-proceso-eruptivo-continua-estable\/#breadcrumb","itemListElement":[{"@type":"ListItem","position":1,"name":"Portada","item":"https:\/\/www.gsccanarias.com\/gsc\/"},{"@type":"ListItem","position":2,"name":"La energ\u00eda del sistema sigue mostrando una tendencia descendente y el proceso eruptivo contin\u00faa estable"}]},{"@type":"WebSite","@id":"https:\/\/www.gsccanarias.com\/gsc\/#website","url":"https:\/\/www.gsccanarias.com\/gsc\/","name":"GSC","description":"Administramos servicios relacionados con la salud, las emergencias, la seguridad y el transporte sanitario","potentialAction":[{"@type":"SearchAction","target":{"@type":"EntryPoint","urlTemplate":"https:\/\/www.gsccanarias.com\/gsc\/?s={search_term_string}"},"query-input":{"@type":"PropertyValueSpecification","valueRequired":true,"valueName":"search_term_string"}}],"inLanguage":"es"},{"@type":"Person","@id":"https:\/\/www.gsccanarias.com\/gsc\/#\/schema\/person\/591ed0ce1757a7168579ec75f6e7f340","name":"userad112","image":{"@type":"ImageObject","inLanguage":"es","@id":"https:\/\/secure.gravatar.com\/avatar\/6aab27730b29899b0a1a05aaa7b266b4fc1fce4dd26b427baeb73cffe474a916?s=96&d=mm&r=g","url":"https:\/\/secure.gravatar.com\/avatar\/6aab27730b29899b0a1a05aaa7b266b4fc1fce4dd26b427baeb73cffe474a916?s=96&d=mm&r=g","contentUrl":"https:\/\/secure.gravatar.com\/avatar\/6aab27730b29899b0a1a05aaa7b266b4fc1fce4dd26b427baeb73cffe474a916?s=96&d=mm&r=g","caption":"userad112"},"sameAs":["https:\/\/321brand.com\/112"],"url":"https:\/\/www.gsccanarias.com\/gsc\/author\/userad112\/"}]}},"publishpress_future_workflow_manual_trigger":{"enabledWorkflows":[]},"_links":{"self":[{"href":"https:\/\/www.gsccanarias.com\/gsc\/wp-json\/wp\/v2\/posts\/3704","targetHints":{"allow":["GET"]}}],"collection":[{"href":"https:\/\/www.gsccanarias.com\/gsc\/wp-json\/wp\/v2\/posts"}],"about":[{"href":"https:\/\/www.gsccanarias.com\/gsc\/wp-json\/wp\/v2\/types\/post"}],"author":[{"embeddable":true,"href":"https:\/\/www.gsccanarias.com\/gsc\/wp-json\/wp\/v2\/users\/1"}],"replies":[{"embeddable":true,"href":"https:\/\/www.gsccanarias.com\/gsc\/wp-json\/wp\/v2\/comments?post=3704"}],"version-history":[{"count":0,"href":"https:\/\/www.gsccanarias.com\/gsc\/wp-json\/wp\/v2\/posts\/3704\/revisions"}],"wp:featuredmedia":[{"embeddable":true,"href":"https:\/\/www.gsccanarias.com\/gsc\/wp-json\/wp\/v2\/media\/3703"}],"wp:attachment":[{"href":"https:\/\/www.gsccanarias.com\/gsc\/wp-json\/wp\/v2\/media?parent=3704"}],"wp:term":[{"taxonomy":"category","embeddable":true,"href":"https:\/\/www.gsccanarias.com\/gsc\/wp-json\/wp\/v2\/categories?post=3704"},{"taxonomy":"post_tag","embeddable":true,"href":"https:\/\/www.gsccanarias.com\/gsc\/wp-json\/wp\/v2\/tags?post=3704"}],"curies":[{"name":"wp","href":"https:\/\/api.w.org\/{rel}","templated":true}]}}