{"id":3702,"date":"2021-11-29T11:32:21","date_gmt":"2021-11-29T11:32:21","guid":{"rendered":"https:\/\/www.gsccanarias.com\/gsc\/tecnicos-del-plan-pevolca-explican-las-mediciones-de-gases-y-el-plan-de-limpieza-de-cenizas-en-la-palma\/"},"modified":"2021-11-29T11:32:21","modified_gmt":"2021-11-29T11:32:21","slug":"tecnicos-del-plan-pevolca-explican-las-mediciones-de-gases-y-el-plan-de-limpieza-de-cenizas-en-la-palma","status":"publish","type":"post","link":"https:\/\/www.gsccanarias.com\/gsc\/tecnicos-del-plan-pevolca-explican-las-mediciones-de-gases-y-el-plan-de-limpieza-de-cenizas-en-la-palma\/","title":{"rendered":"T\u00e9cnicos del Plan PEVOLCA explican las mediciones de gases y el plan de limpieza de cenizas en La Palma"},"content":{"rendered":"<p><\/p>\n<p style=\"text-align: justify;\"><strong>Vecinos y vecinas afectados por la erupci\u00f3n volc\u00e1nica han podido preguntar de primera mano a la direcci\u00f3n de la emergencia las dudas en la gesti\u00f3n de la misma<\/strong><\/p>\n<p style=\"text-align: justify;\">El Polideportivo Camilo Le\u00f3n de Los Llanos de Aridane acogi\u00f3 este lunes una charla de t\u00e9cnicos del Plan Especial de Protecci\u00f3n Civil y Atenci\u00f3n de Emergencias por Riesgo Volc\u00e1nico de Canarias (PEVOLCA) del Gobierno de Canarias, dependiente de la Consejer\u00eda de Administraciones P\u00fablicas, Justicia y Seguridad, en la que se explic\u00f3 a la ciudadan\u00eda c\u00f3mo se realizan las mediciones de gases en las zonas de exclusi\u00f3n y evacuaci\u00f3n, el plan de limpieza de cenizas en las \u00e1reas afectadas por la erupci\u00f3n de La Palma, as\u00ed como otras dudas en la gesti\u00f3n de la emergencia trasladadas por los vecinos y vecinas afectados.<\/p>\n<p style=\"text-align: justify;\">El director t\u00e9cnico del PEVOLCA, Miguel \u00c1ngel Morcuende, estuvo acompa\u00f1ado por representantes de los grupos operativos de la emergencia (Guardia Civil, Unidad Militar de Emergencias, Cuerpo General de la Polic\u00eda Canaria, Polic\u00eda Nacional y CECOPIN La Palma); la directora del Puesto de Mando Avanzado, Marta Moreno; la consejera de Emergencias del Cabildo de La Palma, Nieves Rosa Arroyo; el alcalde de El Paso, Sergio Rodr\u00edguez; la alcaldesa de Los Llanos de Aridane, Noelia Garc\u00eda; el responsable de la Oficina de Atenci\u00f3n a los Afectados por el Volc\u00e1n de La Palma, Sergio Matos; as\u00ed como representantes del Comit\u00e9 Cient\u00edfico, quienes respondieron las dudas de las personas asistentes en una charla que se emiti\u00f3 en directo por las redes sociales del Cabildo de La Palma.<\/p>\n<p style=\"text-align: justify;\">Morcuende explic\u00f3 a las personas asistentes la diferencia entre las zonas de exclusi\u00f3n, que es la que se sit\u00faa a 2,5 kil\u00f3metros en un radio alrededor del cono volc\u00e1nico, y las zonas evacuadas por motivos de Protecci\u00f3n Civil. As\u00ed mismo, el comandante Burgos, de la Unidad Militar de Emergencias (UME), aclar\u00f3 que las tareas de mediciones de gases, que se hacen las 24 horas del d\u00eda, permiten analizar la presencia de agentes t\u00f3xicos en las distintas \u00e1reas afectadas por la erupci\u00f3n. Entre estos agentes t\u00f3xicos est\u00e1n el CO2, el mon\u00f3xido de carbono o el di\u00f3xido de azufre.<\/p>\n<p style=\"text-align: justify;\">Los datos de estas detecciones diarias se pasan cada d\u00eda al Puesto de Mando Avanzado para que interprete los resultados con ayuda del Comit\u00e9 Cient\u00edfico, que decide finalmente si se puede o no acceder a estas \u00e1reas. Burgos tambi\u00e9n resalt\u00f3 que desde hace un mes hay bolsas de gases de manera casi permanente que est\u00e1n dificultando las tareas y el acceso en las zonas evacuadas, tanto para equipos de emergencia y cient\u00edficos, como vecinos y vecinas.<\/p>\n<p style=\"text-align: justify;\">As\u00ed mismo, desde la UME se explic\u00f3 con todo detalle c\u00f3mo se realizan las limpiezas de cenizas de las casas, que se hacen por sectorizaci\u00f3n de las zonas siempre en virtud de las mediciones de la calidad del aire. Mientras, la directora del Puesto de Mando Avanzado aclar\u00f3 que los avisos a la poblaci\u00f3n por la calidad del aire se emiten siempre que un umbral m\u00e1ximo permitido se supera durante periodos de tiempo prolongados en las localidades del Valle de Aridane.<\/p>\n<p style=\"text-align: justify;\">Por \u00faltimo, aunque las normas de acceso siguen siendo las mismas, se pretende modernizar y simplificar el sistema de control de acceso al per\u00edmetro de seguridad de las zonas de exclusi\u00f3n, que hasta la fecha se estaba realizando de forma manual. Para ello, se ha establecido un c\u00f3digo QR de acceso, que se crea previa inscripci\u00f3n en la web <a href=\"http:\/\/www.permiso.lapalma.es\/Solicitud\">www.permiso.lapalma.es\/Solicitud<\/a>, para facilitar el control de las personas.<\/p>\n<div class=\"pvc_clear\"><\/div>\n<p id=\"pvc_stats_3702\" class=\"pvc_stats all  \" data-element-id=\"3702\" style=\"\"><i class=\"pvc-stats-icon medium\" aria-hidden=\"true\"><svg aria-hidden=\"true\" focusable=\"false\" data-prefix=\"far\" data-icon=\"chart-bar\" role=\"img\" xmlns=\"http:\/\/www.w3.org\/2000\/svg\" viewBox=\"0 0 512 512\" class=\"svg-inline--fa fa-chart-bar fa-w-16 fa-2x\"><path fill=\"currentColor\" d=\"M396.8 352h22.4c6.4 0 12.8-6.4 12.8-12.8V108.8c0-6.4-6.4-12.8-12.8-12.8h-22.4c-6.4 0-12.8 6.4-12.8 12.8v230.4c0 6.4 6.4 12.8 12.8 12.8zm-192 0h22.4c6.4 0 12.8-6.4 12.8-12.8V140.8c0-6.4-6.4-12.8-12.8-12.8h-22.4c-6.4 0-12.8 6.4-12.8 12.8v198.4c0 6.4 6.4 12.8 12.8 12.8zm96 0h22.4c6.4 0 12.8-6.4 12.8-12.8V204.8c0-6.4-6.4-12.8-12.8-12.8h-22.4c-6.4 0-12.8 6.4-12.8 12.8v134.4c0 6.4 6.4 12.8 12.8 12.8zM496 400H48V80c0-8.84-7.16-16-16-16H16C7.16 64 0 71.16 0 80v336c0 17.67 14.33 32 32 32h464c8.84 0 16-7.16 16-16v-16c0-8.84-7.16-16-16-16zm-387.2-48h22.4c6.4 0 12.8-6.4 12.8-12.8v-70.4c0-6.4-6.4-12.8-12.8-12.8h-22.4c-6.4 0-12.8 6.4-12.8 12.8v70.4c0 6.4 6.4 12.8 12.8 12.8z\" class=\"\"><\/path><\/svg><\/i> <\/p>\n<div class=\"pvc_clear\"><\/div>\n<div class=\"print\"><span class=\"page_title\">P\u00e1gina: <span>T\u00e9cnicos del Plan PEVOLCA explican las mediciones de gases y el plan de limpieza de cenizas en La Palma<\/span><\/span>\n\t\t\t\t\t\t\t\t\t\t\t<span class=\"page_title\">Fecha de impresi\u00f3n: <span>27\/04\/2026 - 07:28:05 UTC<\/span><\/span>\n\t\t\t\t\t\t\t\t\t\t\t<span class=\"stmp_trans_date\">\u00daltima actualizaci\u00f3n: <span>29\/11\/2021 - 11:32:21<\/span><\/span>\n\t\t\t\t\t\t\t\t\t\t\t<span class=\"stmp_trans_date\">Fecha publicaci\u00f3n: <span>29\/11\/2021 - 11:32:21<\/span><\/span>\n\t\t\t\t\t\t\t\t\t\t\t<span class=\"stmp_trans_date\">Fecha creaci\u00f3n: <span>29\/11\/2021 - 11:32:21<\/span><\/span><\/div>\n\t","protected":false},"excerpt":{"rendered":"<p>Vecinos y vecinas afectados por la erupci\u00f3n volc\u00e1nica han podido preguntar de primera mano a la direcci\u00f3n de la emergencia las dudas en la gesti\u00f3n de la misma El Polideportivo Camilo Le\u00f3n de Los Llanos de Aridane acogi\u00f3 este lunes una charla de t\u00e9cnicos del&#8230;<\/p>\n<div class=\"pvc_clear\"><\/div>\n<p id=\"pvc_stats_3702\" class=\"pvc_stats all  \" data-element-id=\"3702\" style=\"\"><i class=\"pvc-stats-icon medium\" aria-hidden=\"true\"><svg aria-hidden=\"true\" focusable=\"false\" data-prefix=\"far\" data-icon=\"chart-bar\" role=\"img\" xmlns=\"http:\/\/www.w3.org\/2000\/svg\" viewBox=\"0 0 512 512\" class=\"svg-inline--fa fa-chart-bar fa-w-16 fa-2x\"><path fill=\"currentColor\" d=\"M396.8 352h22.4c6.4 0 12.8-6.4 12.8-12.8V108.8c0-6.4-6.4-12.8-12.8-12.8h-22.4c-6.4 0-12.8 6.4-12.8 12.8v230.4c0 6.4 6.4 12.8 12.8 12.8zm-192 0h22.4c6.4 0 12.8-6.4 12.8-12.8V140.8c0-6.4-6.4-12.8-12.8-12.8h-22.4c-6.4 0-12.8 6.4-12.8 12.8v198.4c0 6.4 6.4 12.8 12.8 12.8zm96 0h22.4c6.4 0 12.8-6.4 12.8-12.8V204.8c0-6.4-6.4-12.8-12.8-12.8h-22.4c-6.4 0-12.8 6.4-12.8 12.8v134.4c0 6.4 6.4 12.8 12.8 12.8zM496 400H48V80c0-8.84-7.16-16-16-16H16C7.16 64 0 71.16 0 80v336c0 17.67 14.33 32 32 32h464c8.84 0 16-7.16 16-16v-16c0-8.84-7.16-16-16-16zm-387.2-48h22.4c6.4 0 12.8-6.4 12.8-12.8v-70.4c0-6.4-6.4-12.8-12.8-12.8h-22.4c-6.4 0-12.8 6.4-12.8 12.8v70.4c0 6.4 6.4 12.8 12.8 12.8z\" class=\"\"><\/path><\/svg><\/i> <img loading=\"lazy\" decoding=\"async\" width=\"16\" height=\"16\" alt=\"Loading\" src=\"https:\/\/www.gsccanarias.com\/gsc\/wp-content\/plugins\/page-views-count\/ajax-loader-2x.gif\" border=0 \/><\/p>\n<div class=\"pvc_clear\"><\/div>\n","protected":false},"author":1,"featured_media":3701,"comment_status":"open","ping_status":"open","sticky":false,"template":"","format":"standard","meta":{"footnotes":""},"categories":[36],"tags":[],"class_list":["post-3702","post","type-post","status-publish","format-standard","has-post-thumbnail","hentry","category-ultimas-noticias"],"a3_pvc":{"activated":true,"total_views":86,"today_views":0},"publishpress_future_workflow_manual_trigger":{"enabledWorkflows":[]},"_links":{"self":[{"href":"https:\/\/www.gsccanarias.com\/gsc\/wp-json\/wp\/v2\/posts\/3702","targetHints":{"allow":["GET"]}}],"collection":[{"href":"https:\/\/www.gsccanarias.com\/gsc\/wp-json\/wp\/v2\/posts"}],"about":[{"href":"https:\/\/www.gsccanarias.com\/gsc\/wp-json\/wp\/v2\/types\/post"}],"author":[{"embeddable":true,"href":"https:\/\/www.gsccanarias.com\/gsc\/wp-json\/wp\/v2\/users\/1"}],"replies":[{"embeddable":true,"href":"https:\/\/www.gsccanarias.com\/gsc\/wp-json\/wp\/v2\/comments?post=3702"}],"version-history":[{"count":0,"href":"https:\/\/www.gsccanarias.com\/gsc\/wp-json\/wp\/v2\/posts\/3702\/revisions"}],"wp:featuredmedia":[{"embeddable":true,"href":"https:\/\/www.gsccanarias.com\/gsc\/wp-json\/wp\/v2\/media\/3701"}],"wp:attachment":[{"href":"https:\/\/www.gsccanarias.com\/gsc\/wp-json\/wp\/v2\/media?parent=3702"}],"wp:term":[{"taxonomy":"category","embeddable":true,"href":"https:\/\/www.gsccanarias.com\/gsc\/wp-json\/wp\/v2\/categories?post=3702"},{"taxonomy":"post_tag","embeddable":true,"href":"https:\/\/www.gsccanarias.com\/gsc\/wp-json\/wp\/v2\/tags?post=3702"}],"curies":[{"name":"wp","href":"https:\/\/api.w.org\/{rel}","templated":true}]}}