{"id":3674,"date":"2021-11-24T17:00:35","date_gmt":"2021-11-24T17:00:35","guid":{"rendered":"https:\/\/www.gsccanarias.com\/gsc\/el-pevolca-alerta-de-los-peligros-ante-las-lluvias-en-zonas-de-escorrentias-por-la-acumulacion-de-ceniza\/"},"modified":"2021-11-24T17:00:35","modified_gmt":"2021-11-24T17:00:35","slug":"el-pevolca-alerta-de-los-peligros-ante-las-lluvias-en-zonas-de-escorrentias-por-la-acumulacion-de-ceniza","status":"publish","type":"post","link":"https:\/\/www.gsccanarias.com\/gsc\/el-pevolca-alerta-de-los-peligros-ante-las-lluvias-en-zonas-de-escorrentias-por-la-acumulacion-de-ceniza\/","title":{"rendered":"El PEVOLCA alerta de los peligros ante las lluvias en zonas de escorrent\u00edas por la acumulaci\u00f3n de ceniza"},"content":{"rendered":"<p><\/p>\n<p style=\"text-align: justify;\"><strong>Las condiciones meteorol\u00f3gicas ser\u00e1n desfavorables para la calidad del aire en la vertiente Este de la isla <\/strong><\/p>\n<p style=\"text-align: justify;\"><strong>Las coladas 4 y 7 contin\u00faan alimentando el delta l\u00e1vico del norte, que tiene una superficie aproximada de 5 hect\u00e1reas<\/strong><\/p>\n<p style=\"text-align: justify;\"><strong>Aumenta la superficie de cultivos afectada hasta unas 335 hect\u00e1reas, mientras que otras 90 hect\u00e1reas, fundamentalmente de plataneras, <\/strong><strong>han quedado aisladas por la lava, sin posibilidad de acceso<\/strong><\/p>\n<p style=\"text-align: justify;\">Las recomendaciones ante el aviso de lluvias localmente fuertes en La Palma para los pr\u00f3ximos d\u00edas y las medidas de Protecci\u00f3n Civil a mantener en las zonas de exclusi\u00f3n por emisi\u00f3n de gases y para la poblaci\u00f3n en general, ante la concentraci\u00f3n de part\u00edculas en suspensi\u00f3n PM10, fueron algunos de los temas abordados en la reuni\u00f3n de hoy de la Direcci\u00f3n del Comit\u00e9 Director del Plan Especial de Protecci\u00f3n Civil y Atenci\u00f3n de Emergencias por Riesgo Volc\u00e1nico de Canarias (PEVOLCA) del Gobierno de Canarias, que dirige el consejero de Administraciones P\u00fablicas, Justicia y Seguridad, Julio P\u00e9rez.<\/p>\n<p style=\"text-align: justify;\">Ante la alta probabilidad de lluvias intensas, la AEMET ha emitido un aviso amarillo para ma\u00f1ana jueves en el Este, que afectar\u00e1 a toda la isla durante el viernes. En este sentido, el Comit\u00e9 Cient\u00edfico explic\u00f3 que la acumulaci\u00f3n de cenizas puede posibilitar la formaci\u00f3n de flujos hiperconcentrados en zonas de fuerte escorrent\u00eda. En caso de que se produzcan, se alerta del peligro que supone transitar en zonas de cauce o al pie de fuertes pendientes y que la poblaci\u00f3n debe seguir las recomendaciones facilitadas por Protecci\u00f3n Civil.<\/p>\n<p style=\"text-align: justify;\">Al respecto, el Director T\u00e9cnico del PEVOLCA, Miguel \u00c1ngel Morcuende, insisti\u00f3 que durante el periodo de lluvias, la poblaci\u00f3n debe evitar exposici\u00f3n en el exterior en zonas de vaguadas, especialmente el viernes, y no situarse en laderas inestables donde pueden producirse derrumbes o desprendimientos.<\/p>\n<p style=\"text-align: justify;\">En lo que se refiere a las zonas de exclusi\u00f3n, las \u00faltimas mediciones de gases que lleva a cabo la Unidad Militar de Emergencias (UME) no han detectado agentes t\u00f3xicos en la zona norte, pero s\u00ed en la zona sur, concretamente en La Bombilla y en la zona alta de Las Manchas, por lo que no se ha permitido el acceso. En Puerto Naos, los valores aumentaron por la noche, pero se han ido disipando. Para una mayor informaci\u00f3n a los vecinos y vecinas sobre las limitaciones de accesos y su organizaci\u00f3n, esta tarde se llevar\u00e1 a cabo una reuni\u00f3n en el Puesto de Mando Avanzado.<\/p>\n<p style=\"text-align: justify;\">En cuanto a la calidad del aire, ayer no hubo superaciones de valores l\u00edmites horarios ni diarios, registr\u00e1ndose \u00edndices buenos o razonablemente buenos en todas las estaciones, salvo en El Paso y Los Llanos que fueron regulares. Estos valores se han superado esta ma\u00f1ana en El Paso y Los Llanos de Aridane, alcanzado valores desfavorables.<\/p>\n<p style=\"text-align: justify;\">Sobre las part\u00edculas PM10, los valores m\u00e1s altos se registraron ayer en la vertiente Este, en La Grama y San Antonio, con superaci\u00f3n de umbral diario en La Grama, que se mantiene hoy como desfavorable. En Los Llanos de Aridane los valores han tenido aumentos puntuales, que est\u00e1n en descenso.<\/p>\n<p style=\"text-align: justify;\">La disposici\u00f3n del penacho hacia el Este y Noreste ser\u00e1 desfavorable para la operatividad aeron\u00e1utica y las cenizas afectar\u00e1n a los municipios de Santa Cruz de La Palma, Bre\u00f1a Alta y Bre\u00f1a Baja.<\/p>\n<p style=\"text-align: justify;\">Al respecto, se recomienda a grupos de riesgo y poblaci\u00f3n sensible reducir todas las actividades al aire libre, y realizarlas en el interior o posponerlas hasta que la calidad del aire sea buena o razonablemente buena. Para poblaci\u00f3n general, se aconseja el uso de mascarillas FFP2 al aire libre, reducir las actividades prolongadas y en\u00e9rgicas al aire libre, especialmente si presenta tos, falta de aire o cualquier otro s\u00edntoma, y realizarlas en el interior, o las puede posponer hasta que la calidad del aire sea bueno o razonablemente buena.<\/p>\n<p style=\"text-align: justify;\">La informaci\u00f3n actualizada se puede consultar la web del Gobierno de Canarias de Calidad del Aire en este enlace:<\/p>\n<p style=\"text-align: justify;\"><a href=\"https:\/\/www3.gobiernodecanarias.org\/medioambiente\/calidaddelaire\/ica.do\">https:\/\/www3.gobiernodecanarias.org\/medioambiente\/calidaddelaire\/ica.do<\/a><\/p>\n<p style=\"text-align: justify;\">Sobre el avance de las coladas, no se han registrado ensanchamientos en los per\u00edmetros exteriores, sino entre coladas existentes. La energ\u00eda del sistema se mueve fundamentalmente por los frentes de coladas situadas m\u00e1s al norte, principalmente la 4 y la 7, que ha rellenado huecos y est\u00e1n formando el delta l\u00e1vico norte, que alcanza una superficie de 5 hect\u00e1reas a partir de la l\u00ednea de costa y alcanza una distancia m\u00e1xima al acantilado de 350 metros. Tambi\u00e9n reciben peque\u00f1os aportes de lava las coladas 1, 2 y 9.<\/p>\n<p style=\"text-align: justify;\">Por su parte, la portavoz del Comit\u00e9 Cient\u00edfico, Carmen L\u00f3pez, destac\u00f3 que se han producido varios desbordamientos en los canales l\u00e1vicos, aumentado el n\u00famero de canales activos, sin ocupar nuevos territorios. Persiste la actividad estromboliana, con pulsos de emisi\u00f3n de piroclastos y\/o ceniza.<\/p>\n<p style=\"text-align: justify;\">La superficie afectada se estima que ha aumentado en m\u00e1s de 15 hect\u00e1reas y supera las 1.088 hect\u00e1reas, con una anchura m\u00e1xima entre coladas de 3.300 metros. El delta l\u00e1vico sur tiene una extensi\u00f3n aproximada a las 43 hect\u00e1reas desde la orilla, mientras la superficie ocupada por el nuevo delta l\u00e1vico, por la llegada al mar de la colada 7, se calcula en unas 5 hect\u00e1reas.<\/p>\n<p style=\"text-align: justify;\">Seg\u00fan los nuevos datos facilitados por el sat\u00e9lite Copernicus, hay aproximadamente 2.709 construcciones afectadas, de las que 2.676 est\u00e1n destruidas y 122 da\u00f1adas parcialmente.<\/p>\n<p style=\"text-align: justify;\">En cuanto a la superficie de cultivos, se estiman en 335 hect\u00e1reas, casi 9 m\u00e1s que el \u00faltimo dato. De ellas, aproximadamente 206 son plataneras; 60 vi\u00f1as y m\u00e1s de 26 aguacates. A estas cifras habr\u00e1 que a\u00f1adir unas 90 hect\u00e1reas de plataneras que han quedado aisladas por la lava, sin posibilidad de acceso.<\/p>\n<p style=\"text-align: justify;\">Sobre los par\u00e1metros observables del proceso eruptivo, el Comit\u00e9 Cient\u00edfico se\u00f1ala que contin\u00faa el tremor en nivel bajo y estable, con poca sismicidad intermedia, mientras que persiste una intensa actividad en la sismicidad profunda, pero con una ligera disminuci\u00f3n. Las deformaciones presentan una estabilidad general en las deformaciones verticales. En cuanto a la emisi\u00f3n de di\u00f3xido de azufre SO2 asociado al penacho volc\u00e1nico, los valores han aumentado ligeramente, pero se mantiene la tendencia general descendente.<\/p>\n<p style=\"text-align: justify;\">El n\u00famero de albergados se mantiene en 505 personas en centros hoteleros. Del total, 436 se hospedan en el hotel de Fuencaliente y 69 en Los Llanos de Aridane. Adem\u00e1s, hay 43 personas dependientes atendidas en centros sociosanitarios insulares.<\/p>\n<p style=\"text-align: justify;\">En lo que respecta a servicios esenciales, no se han registrado novedades en la telefon\u00eda y en electricidad, ni tampoco incidencias en las obras en las carreteras.<\/p>\n<p style=\"text-align: justify;\"><strong>Dictamen diario del Comit\u00e9 Cient\u00edfico<\/strong><\/p>\n<p style=\"text-align: justify;\">Previamente a la reuni\u00f3n del Comit\u00e9 Director del PEVOLCA se reuni\u00f3 el Comit\u00e9 Cient\u00edfico del Plan, en el que sus integrantes expusieron sus conclusiones sobre la evoluci\u00f3n del fen\u00f3meno eruptivo desde el d\u00eda de ayer. Este Comit\u00e9 Cient\u00edfico est\u00e1 coordinado por la Direcci\u00f3n General de Seguridad y Emergencias del Gobierno de Canarias y lo integran representantes del Instituto Geogr\u00e1fico Nacional (IGN), Consejo Superior de Investigaciones Cient\u00edficas (CSIC), Instituto Volcanol\u00f3gico de Canarias (Involcan), Instituto Geol\u00f3gico y Minero de Espa\u00f1a (IGME), Agencia Estatal de Meteorolog\u00eda (AEMET), Instituto Espa\u00f1ol de Oceanograf\u00eda (IEO), Universidad de La Laguna y Universidad de Las Palmas de Gran Canaria.<\/p>\n<p style=\"text-align: justify;\">Tales conclusiones fueron:<\/p>\n<p style=\"text-align: justify;\">\u201cLa erupci\u00f3n fisural contin\u00faa mostrando mecanismo estromboliano, esto es, un mecanismo de car\u00e1cter mixto, con fases de explosividad variable que producen dep\u00f3sitos pirocl\u00e1sticos y fases efusivas que producen las coladas de lava, de forma simult\u00e1nea. El proceso eruptivo muestra episodios de incremento y disminuci\u00f3n de la actividad estromboliana, as\u00ed como pulsos con actividad freatomagm\u00e1tica.<\/p>\n<p style=\"text-align: justify;\">Persiste la actividad estromboliana, con pulsos de emisi\u00f3n de piroclastos y\/o ceniza. Contin\u00faa activa la colada entre las zonas 4 y 7, ocupando 7 Ha m\u00e1s que ayer. El nuevo delta l\u00e1vico situado al norte, ocupa una superficie de 5 Has y alcanza una distancia m\u00e1xima al acantilado de 350 m. Se han producido varios desbordamientos en los canales l\u00e1vicos y aumentado el n\u00famero de canales activos, que no ocupan nuevos territorios.<\/p>\n<p style=\"text-align: justify;\">Actualmente siguen activos varios centros de emisi\u00f3n con actividad variable (tanto de piroclastos y gases, como de lava) seg\u00fan se modifica la configuraci\u00f3n de la zona eruptiva. No se descarta la aparici\u00f3n de nuevos centros de emisi\u00f3n en el entorno del cono principal, dentro de la zona de exclusi\u00f3n.<\/p>\n<p style=\"text-align: justify;\">La altura de la columna eruptiva hoy (08:45) ha sido de 4300 m.<\/p>\n<p style=\"text-align: justify;\">En superficie hoy continuar\u00e1 el r\u00e9gimen de brisas. Predominio de vientos de componente O desde 2000 a 5000 m. En el nivel de 850 hPa (1500 m) el viento es de componente E que girar\u00e1 a oeste durante la segunda mitad del d\u00eda de ma\u00f1ana. Se prev\u00e9 que la nube de cenizas y SO2 siga dispuesta hacia el E &#8211; NE desde el foco eruptivo, suponiendo, probablemente, un escenario desfavorable para la operatividad aeron\u00e1utica, principalmente para el aeropuerto de La Palma. Ma\u00f1ana jueves y durante el viernes, probabilidad de precipitaciones que podr\u00e1n ser de car\u00e1cter fuerte (15 mm\/h) y persistentes, con acumulados en 12 horas que podr\u00e1n superar los 60 mm. Se han emitido avisos de nivel amarillo (se pueden consultar en www.aemet.es).<\/p>\n<p style=\"text-align: justify;\">La sismicidad a profundidades intermedias sigue en niveles bajos y contin\u00faa localiz\u00e1ndose en las mismas zonas. A profundidades superiores a 20 km, la sismicidad sigue en un nivel intenso con una ligera disminuci\u00f3n. La magnitud m\u00e1xima ha sido 3.8 mbLg de un evento registrado hoy, a las 04:44 a profundidad de 35 km. El tremor permanece en nivel bajo. El nivel de sismicidad actual sigue indicando que es posible que se produzcan m\u00e1s sismos sentidos, pudiendo alcanzarse intensidades V-VI (en la escala de intensidad EMS) y originar peque\u00f1os derrumbes en zonas de pendiente.<\/p>\n<p style=\"text-align: justify;\">En cuanto a la deformaci\u00f3n, no hay se\u00f1ales significativas asociadas con el actual proceso eruptivo.<\/p>\n<p style=\"text-align: justify;\">La emisi\u00f3n de di\u00f3xido de azufre (SO2), asociada al penacho volc\u00e1nico del actual proceso eruptivo en marcha (emanaciones visibles de gases volc\u00e1nicos), registrada durante el d\u00eda de ayer (23\/11) contin\u00faa siendo alta, registr\u00e1ndose un rango de valores entre 1300 y 18000 toneladas diarias, mediante el uso de sensores \u00f3pticos remotos tipo miniDOAS en posici\u00f3n m\u00f3vil mar\u00edtima. Por otro lado, el an\u00e1lisis de im\u00e1genes satelitales refleja una tendencia descendente desde el pasado 23\/9, cuando se registraron m\u00e1ximos superiores a las 50000 toneladas diarias de emisi\u00f3n de di\u00f3xido de azufre (SO2).<\/p>\n<p style=\"text-align: justify;\">En el caso de la emisi\u00f3n difusa de di\u00f3xido de carbono (CO2), asociada a los 220 km2 de la dorsal volc\u00e1nica de Cumbre Vieja (emanaciones no visibles de gases volc\u00e1nicos) contin\u00faa registrando valores por encima de los niveles de fondo (entre 200 y 1300 toneladas diarias) y durante el d\u00eda de ayer (23\/11) reflejaron un rango de valores entre los 2400 y 2900 toneladas diarias. Estas emanaciones difusas no representan un peligro para las personas, salvo que se formen acumulaciones de CO2 en depresiones mal ventiladas, que desplacen el ox\u00edgeno del aire y se generen ambientes an\u00f3xicos. En la estaci\u00f3n de Los Llanos de Aridane (LP10) se contin\u00faa registrando una ligera fracci\u00f3n magm\u00e1tica-hidrotermal en el di\u00f3xido de carbono (CO2) de la atm\u00f3sfera del suelo, mientras que esta es menor en la estaci\u00f3n de Fuencaliente (LP08). Todas estas observaciones geoqu\u00edmicas son coherentes con el actual proceso eruptivo.<\/p>\n<p style=\"text-align: justify;\">En el d\u00eda de ayer la calidad del aire debida al di\u00f3xido de azufre (SO2), contaminante asociado al proceso eruptivo, se mantuvo en niveles buenos en todas las estaciones salvo en Los Llanos de Aridane y El Paso donde se situ\u00f3 en niveles regulares durante la ma\u00f1ana y mejoro hasta niveles buenos posteriormente. En la madrugada de ayer a hoy se ha producido un aumento en los valores registrados en Los Llanos de Aridane, El Paso y Tazacorte, produci\u00e9ndose una superaci\u00f3n del valor l\u00edmite horario (establecido en 350 \u03bcg\/m\u00b3) en El Paso a las 02:00 horas y dos superaciones en Los Llanos de Aridane, entre las 01:00 y las 03:00 horas, llegando a niveles desfavorables, pero se redujeron hasta niveles razonablemente buenos. En el resto de estaciones los valores se mantienen buenos.<\/p>\n<p style=\"text-align: justify;\">Con respecto a las part\u00edculas menores de 10 micras (PM10), durante el d\u00eda de ayer se registraron valores altos a media ma\u00f1ana en las estaciones de La Grama y San Antonio, en la vertiente este de la isla, que se fueron reduciendo a lo largo de d\u00eda, pero que finalmente supusieron la superaci\u00f3n del umbral diario (establecido en 50 \u03bcg\/m\u00b3) en La Grama, situ\u00e1ndose en un nivel desfavorable de calidad del aire. En el resto de estaciones se mantuvo en niveles buenos o razonablemente buenos. Durante la ma\u00f1ana de hoy se ha producido un ligero aumento en los valores registrados en Los Llanos de Aridane, que est\u00e1n en descenso en estos momentos. En la estaci\u00f3n de La Grama la media m\u00f3vil de 24 horas se mantiene en nivel desfavorable. En el resto de estaciones los niveles son razonablemente buenos.<\/p>\n<p style=\"text-align: justify;\">En la zona de Bre\u00f1a Alta, para grupos de riesgo y poblaci\u00f3n sensible considere reducir todas las actividades al aire libre, y realizarlas en el interior o posponerlas hasta que la calidad del aire sea buena o razonablemente buena. Para poblaci\u00f3n general, considere reducir las actividades prolongadas y en\u00e9rgicas al aire libre, especialmente si presenta tos, falta de aire o cualquier otro s\u00edntoma, y realizarlas en el interior, o las puede posponer hasta que la calidad del aire sea bueno o razonablemente buena.<\/p>\n<p style=\"text-align: justify;\">Consultar la web del Gobierno de Canarias de Calidad del Aire: https:\/\/www3.gobiernodecanarias.org\/medioambiente\/calidaddelaire\/ica.do<\/p>\n<p style=\"text-align: justify;\">Ante la probabilidad de lluvias intensas, la acumulaci\u00f3n de cenizas puede posibilitar la formaci\u00f3n de flujos hiperconcentrados en zonas de fuerte escorrent\u00eda. En caso de que se produzcan, se recomienda no transitar en zonas de cauce o al pie de fuertes pendientes y seguir las recomendaciones facilitadas por Protecci\u00f3n Civil.<\/p>\n<p style=\"text-align: justify;\"><strong>OBLIGACIONES Y RECOMENDACIONES<\/strong><\/p>\n<p style=\"text-align: justify;\">Sigue siendo imperativo el respeto de las zonas de exclusi\u00f3n terrestre y mar\u00edtima, para mantener la integridad f\u00edsica de las personas.<\/p>\n<p style=\"text-align: justify;\">Se recomienda a la poblaci\u00f3n en la isla de La Palma el uso de mascarillas FFP2 al aire libre.<\/p>\n<p style=\"text-align: justify;\">MOVIMIENTOS S\u00cdSMICOS:<\/p>\n<ul style=\"text-align: justify;\">\n<li>El comit\u00e9 cient\u00edfico del PEVOLCA realiza un seguimiento continuo de la actividad volc\u00e1nica.<\/li>\n<li>Tanto en casa, como en el centro de trabajo, toma medidas preventivas: refuerza las estanter\u00edas, fija l\u00e1mparas y retira objetos grandes del mobiliario.<\/li>\n<\/ul>\n<p style=\"text-align: justify;\"><u>En el exterior<\/u>:<\/p>\n<p style=\"text-align: justify;\">Si te encuentras en el exterior y se registra un sismo, busca un lugar abierto y al\u00e9jate de estructuras que puedan caer a la v\u00eda y de las zonas con riesgo de derrumbe.<\/p>\n<p style=\"text-align: justify;\">Por tu seguridad, recuerda estos consejos de autoprotecci\u00f3n:<\/p>\n<ul style=\"text-align: justify;\">\n<li>Dir\u00edgete a espacios abiertos.<\/li>\n<li>Al\u00e9jate de edificios, balcones, sem\u00e1foros, farolas, tendidos el\u00e9ctricos o \u00e1rboles.<\/li>\n<li>No te acerques a zonas con peligro de desprendimientos.<\/li>\n<li>Sigue las recomendaciones de las autoridades e inf\u00f3rmate por canales oficiales y medios de comunicaci\u00f3n.<\/li>\n<li>Si te encuentras en un veh\u00edculo, disminuye la velocidad y para el motor cuando sea posible, lejos de edificaciones y zonas escarpadas. Pon los indicadores de emergencia y permanece en el veh\u00edculo hasta que finalice el terremoto.<\/li>\n<\/ul>\n<p style=\"text-align: justify;\"><u>En el interior<\/u>:<\/p>\n<p style=\"text-align: justify;\">Si te sorprende un temblor en el interior de tu vivienda, mant\u00e9n la calma y sigue estos consejos de autoprotecci\u00f3n:<\/p>\n<ul style=\"text-align: justify;\">\n<li>Mientras dure el temblor, no salgas al exterior.<\/li>\n<li>Prot\u00e9gete bajo el marco de una puerta o de alg\u00fan mueble s\u00f3lido, como una mesa.<\/li>\n<li>No te sit\u00faes cerca de ventanas.<\/li>\n<li>Si tienes que abandonar tu casa, desconecta agua, luz y gas.<\/li>\n<li>En caso de evacuaci\u00f3n, baja por las escaleras y no utilices el ascensor.<\/li>\n<li>Sigue las recomendaciones de las autoridades e inf\u00f3rmate por canales oficiales y medios de comunicaci\u00f3n.<\/li>\n<\/ul>\n<p style=\"text-align: justify;\">CAIDA DE PIROCLASTOS:<\/p>\n<ul style=\"text-align: justify;\">\n<li>Se recuerda que est\u00e1 establecido un radio de exclusi\u00f3n de 2.5 km en torno a los centros de emisi\u00f3n para minimizar el riesgo de impacto de piroclastos y la exposici\u00f3n a los gases.<\/li>\n<li>En caso de intensificaci\u00f3n de la actividad explosiva es posible que algunas detonaciones violentas puedan producir rotura del vidrio de las ventanas. Se recomienda alejarse de las ventanas hasta un radio de 5 km desde el cono.<\/li>\n<li>En las zonas afectadas por una intensa ca\u00edda de cenizas (que se observe una clara deposici\u00f3n sobre el suelo) y m\u00e1s a\u00fan si se observa bruma, se recomienda mantenerse en espacios interiores. Al aire libre, se recomienda as\u00ed mismo el uso de mascarillas FFP2 y de sistemas de protecci\u00f3n de ojos.<\/li>\n<li>Se recomienda la limpieza de azoteas en las que se acumulen espesores de cenizas de varios cent\u00edmetros. Se insiste en que se sigan de manera precisa el procedimiento de retirada de cenizas de azoteas y suelo indicado por Protecci\u00f3n Civil (humedecer ceniza, protecci\u00f3n de ojos, llevar mascarilla, proteger la piel, v\u00e9ase documentaci\u00f3n anexa). Para la retirada, se deben usar mascarillas FFP2, guantes, humedecer ligeramente para su barrido y evitando el uso de sopladores, salvo para la limpieza de las instalaciones aeroportuaria por personal especializado con sus EPIs correspondientes. El uso de los sopladores aumenta la re-suspensi\u00f3n de las part\u00edculas m\u00e1s perjudiciales para la salud.<\/li>\n<li>Ante la llegada de cenizas a otras islas, se recomienda en las afectadas, el uso de mascarillas quir\u00fargicas<\/li>\n<\/ul>\n<p style=\"text-align: justify;\">PENACHO MARINO:<\/p>\n<ul style=\"text-align: justify;\">\n<li>Se sugiere prestar mucha atenci\u00f3n al pron\u00f3stico del viento para la monitorizaci\u00f3n de los posibles cambios de direcci\u00f3n del penacho y actuar en consecuencia, especialmente aquellas personas con el sistema respiratorio debilitado (por ejemplo, asm\u00e1ticos) ya que son m\u00e1s vulnerables a concentraciones m\u00e1s bajas.<\/li>\n<li>Tambi\u00e9n se recomienda el lavado de los ojos despu\u00e9s de cualquier exposici\u00f3n, ya que los s\u00edntomas, a menudo, no se perciben hasta m\u00e1s tarde.<\/li>\n<li>Estos penachos marinos se pueden percibir hasta varios kil\u00f3metros de distancia de la fuente, aunque m\u00e1s diluidos. En el caso de que el penacho marino llegue a n\u00facleos poblacionales, se recomienda permanecer en el interior de las viviendas siempre que sea posible y cerrar todas las puertas y ventanas.<\/li>\n<li>Para la seguridad de la navegaci\u00f3n de embarcaciones cient\u00edficas que realizan labores cient\u00edficas en esta \u00e1rea, se recomienda mantener una distancia de al menos 500 m para las zonas activas de los deltas de lava (con aporte de lava y manifestaciones visibles), reduciendo dicha distancia a 200 m para las zonas m\u00e1s estables. La navegaci\u00f3n con fines cient\u00edficos para la gesti\u00f3n de la emergencia, se puede realizar a distancias menores, bajo la responsabilidad del armador y el capit\u00e1n o patr\u00f3n de la embarcaci\u00f3n, siempre y cuando se cuente con el visto bueno de la Direcci\u00f3n T\u00e9cnica de PEVOLCA y Capitan\u00eda Mar\u00edtima.<\/li>\n<\/ul>\n<p style=\"text-align: justify;\">COLADAS L\u00c1VICAS:<\/p>\n<ul style=\"text-align: justify;\">\n<li>Tambi\u00e9n se recomienda no aproximarse a las coladas de lava por el riesgo de exponerse a los gases emitidos, posibles desprendimientos y las altas temperaturas.<\/li>\n<li>Ante los grandes espesores de colada de lava observados en algunos puntos, se pueden producir colapsos de su frente que, en zonas de mayor pendiente, pueden conllevar la formaci\u00f3n de grandes fragmentos de colada, que pueden desprenderse del frente de la colada y que de forma repentina alcanzando distancias de varios metros desde el frente de colada, dependiendo de la topograf\u00eda. Tambi\u00e9n en zonas de gran pendiente, se puede producir peque\u00f1os flujos pirocl\u00e1sticos.<\/li>\n<\/ul>\n<p style=\"text-align: justify;\">Para la seguridad de cient\u00edficos en tierra dentro de la zona de exclusi\u00f3n se recomienda mantener una distancia de al menos 1000 m respecto al centro principal de emisi\u00f3n. La aproximaci\u00f3n a distancias menores puede realizarse, con fines de observaci\u00f3n cient\u00edfica para la gesti\u00f3n de la emergencia, con el visto bueno de la Direcci\u00f3n T\u00e9cnica de PEVOLCA.<\/p>\n<p style=\"text-align: justify;\">Se ha reforzado el seguimiento continuo de la actividad y se comunicar\u00e1 cualquier cambio significativo que se observe. Mant\u00e9nganse atentos a la informaci\u00f3n que proporcionen las correspondientes autoridades de Protecci\u00f3n Civil\u201d.<\/p>\n<p style=\"text-align: justify;\">\u00a0<\/p>\n<p style=\"text-align: justify;\">\u00a0<\/p>\n<p style=\"text-align: justify;\">\u00a0<\/p>\n<p>\u00a0<\/p>\n<p style=\"text-align: justify;\">\u00a0<\/p>\n<div class=\"pvc_clear\"><\/div>\n<p id=\"pvc_stats_3674\" class=\"pvc_stats all  \" data-element-id=\"3674\" style=\"\"><i class=\"pvc-stats-icon medium\" aria-hidden=\"true\"><svg aria-hidden=\"true\" focusable=\"false\" data-prefix=\"far\" data-icon=\"chart-bar\" role=\"img\" xmlns=\"http:\/\/www.w3.org\/2000\/svg\" viewBox=\"0 0 512 512\" class=\"svg-inline--fa fa-chart-bar fa-w-16 fa-2x\"><path fill=\"currentColor\" d=\"M396.8 352h22.4c6.4 0 12.8-6.4 12.8-12.8V108.8c0-6.4-6.4-12.8-12.8-12.8h-22.4c-6.4 0-12.8 6.4-12.8 12.8v230.4c0 6.4 6.4 12.8 12.8 12.8zm-192 0h22.4c6.4 0 12.8-6.4 12.8-12.8V140.8c0-6.4-6.4-12.8-12.8-12.8h-22.4c-6.4 0-12.8 6.4-12.8 12.8v198.4c0 6.4 6.4 12.8 12.8 12.8zm96 0h22.4c6.4 0 12.8-6.4 12.8-12.8V204.8c0-6.4-6.4-12.8-12.8-12.8h-22.4c-6.4 0-12.8 6.4-12.8 12.8v134.4c0 6.4 6.4 12.8 12.8 12.8zM496 400H48V80c0-8.84-7.16-16-16-16H16C7.16 64 0 71.16 0 80v336c0 17.67 14.33 32 32 32h464c8.84 0 16-7.16 16-16v-16c0-8.84-7.16-16-16-16zm-387.2-48h22.4c6.4 0 12.8-6.4 12.8-12.8v-70.4c0-6.4-6.4-12.8-12.8-12.8h-22.4c-6.4 0-12.8 6.4-12.8 12.8v70.4c0 6.4 6.4 12.8 12.8 12.8z\" class=\"\"><\/path><\/svg><\/i> <\/p>\n<div class=\"pvc_clear\"><\/div>\n<div class=\"print\"><span class=\"page_title\">P\u00e1gina: <span>El PEVOLCA alerta de los peligros ante las lluvias en zonas de escorrent\u00edas por la acumulaci\u00f3n de ceniza<\/span><\/span>\n\t\t\t\t\t\t\t\t\t\t\t<span class=\"page_title\">Fecha de impresi\u00f3n: <span>02\/05\/2026 - 06:57:34 UTC<\/span><\/span>\n\t\t\t\t\t\t\t\t\t\t\t<span class=\"stmp_trans_date\">\u00daltima actualizaci\u00f3n: <span>24\/11\/2021 - 17:00:35<\/span><\/span>\n\t\t\t\t\t\t\t\t\t\t\t<span class=\"stmp_trans_date\">Fecha publicaci\u00f3n: <span>24\/11\/2021 - 17:00:35<\/span><\/span>\n\t\t\t\t\t\t\t\t\t\t\t<span class=\"stmp_trans_date\">Fecha creaci\u00f3n: <span>24\/11\/2021 - 17:00:35<\/span><\/span><\/div>\n\t","protected":false},"excerpt":{"rendered":"<p>Las condiciones meteorol\u00f3gicas ser\u00e1n desfavorables para la calidad del aire en la vertiente Este de la isla Las coladas 4 y 7 contin\u00faan alimentando el delta l\u00e1vico del norte, que tiene una superficie aproximada de 5 hect\u00e1reas Aumenta la superficie de cultivos afectada hasta unas&#8230;<\/p>\n<div class=\"pvc_clear\"><\/div>\n<p id=\"pvc_stats_3674\" class=\"pvc_stats all  \" data-element-id=\"3674\" style=\"\"><i class=\"pvc-stats-icon medium\" aria-hidden=\"true\"><svg aria-hidden=\"true\" focusable=\"false\" data-prefix=\"far\" data-icon=\"chart-bar\" role=\"img\" xmlns=\"http:\/\/www.w3.org\/2000\/svg\" viewBox=\"0 0 512 512\" class=\"svg-inline--fa fa-chart-bar fa-w-16 fa-2x\"><path fill=\"currentColor\" d=\"M396.8 352h22.4c6.4 0 12.8-6.4 12.8-12.8V108.8c0-6.4-6.4-12.8-12.8-12.8h-22.4c-6.4 0-12.8 6.4-12.8 12.8v230.4c0 6.4 6.4 12.8 12.8 12.8zm-192 0h22.4c6.4 0 12.8-6.4 12.8-12.8V140.8c0-6.4-6.4-12.8-12.8-12.8h-22.4c-6.4 0-12.8 6.4-12.8 12.8v198.4c0 6.4 6.4 12.8 12.8 12.8zm96 0h22.4c6.4 0 12.8-6.4 12.8-12.8V204.8c0-6.4-6.4-12.8-12.8-12.8h-22.4c-6.4 0-12.8 6.4-12.8 12.8v134.4c0 6.4 6.4 12.8 12.8 12.8zM496 400H48V80c0-8.84-7.16-16-16-16H16C7.16 64 0 71.16 0 80v336c0 17.67 14.33 32 32 32h464c8.84 0 16-7.16 16-16v-16c0-8.84-7.16-16-16-16zm-387.2-48h22.4c6.4 0 12.8-6.4 12.8-12.8v-70.4c0-6.4-6.4-12.8-12.8-12.8h-22.4c-6.4 0-12.8 6.4-12.8 12.8v70.4c0 6.4 6.4 12.8 12.8 12.8z\" class=\"\"><\/path><\/svg><\/i> <img loading=\"lazy\" decoding=\"async\" width=\"16\" height=\"16\" alt=\"Loading\" src=\"https:\/\/www.gsccanarias.com\/gsc\/wp-content\/plugins\/page-views-count\/ajax-loader-2x.gif\" border=0 \/><\/p>\n<div class=\"pvc_clear\"><\/div>\n","protected":false},"author":1,"featured_media":3673,"comment_status":"open","ping_status":"open","sticky":false,"template":"","format":"standard","meta":{"footnotes":""},"categories":[36],"tags":[],"class_list":["post-3674","post","type-post","status-publish","format-standard","has-post-thumbnail","hentry","category-ultimas-noticias"],"a3_pvc":{"activated":true,"total_views":74,"today_views":0},"yoast_head":"<!-- This site is optimized with the Yoast SEO plugin v27.5 - https:\/\/yoast.com\/product\/yoast-seo-wordpress\/ -->\n<title>El PEVOLCA alerta de los peligros ante las lluvias en zonas de escorrent\u00edas por la acumulaci\u00f3n de ceniza - GSC<\/title>\n<meta name=\"robots\" content=\"index, follow, max-snippet:-1, max-image-preview:large, max-video-preview:-1\" \/>\n<link rel=\"canonical\" href=\"https:\/\/www.gsccanarias.com\/gsc\/el-pevolca-alerta-de-los-peligros-ante-las-lluvias-en-zonas-de-escorrentias-por-la-acumulacion-de-ceniza\/\" \/>\n<meta property=\"og:locale\" content=\"es_ES\" \/>\n<meta property=\"og:type\" content=\"article\" \/>\n<meta property=\"og:title\" content=\"El PEVOLCA alerta de los peligros ante las lluvias en zonas de escorrent\u00edas por la acumulaci\u00f3n de ceniza - GSC\" \/>\n<meta property=\"og:description\" content=\"Las condiciones meteorol\u00f3gicas ser\u00e1n desfavorables para la calidad del aire en la vertiente Este de la isla Las coladas 4 y 7 contin\u00faan alimentando el delta l\u00e1vico del norte, que tiene una superficie aproximada de 5 hect\u00e1reas Aumenta la superficie de cultivos afectada hasta unas...\" \/>\n<meta property=\"og:url\" content=\"https:\/\/www.gsccanarias.com\/gsc\/el-pevolca-alerta-de-los-peligros-ante-las-lluvias-en-zonas-de-escorrentias-por-la-acumulacion-de-ceniza\/\" \/>\n<meta property=\"og:site_name\" content=\"GSC\" \/>\n<meta property=\"article:published_time\" content=\"2021-11-24T17:00:35+00:00\" \/>\n<meta property=\"og:image\" content=\"https:\/\/www.gsccanarias.com\/gsc\/wp-content\/uploads\/2021\/11\/231121_Nuevo_delta_lvico.png\" \/>\n\t<meta property=\"og:image:width\" content=\"1000\" \/>\n\t<meta property=\"og:image:height\" content=\"543\" \/>\n\t<meta property=\"og:image:type\" content=\"image\/png\" \/>\n<meta name=\"author\" content=\"userad112\" \/>\n<meta name=\"twitter:card\" content=\"summary_large_image\" \/>\n<meta name=\"twitter:label1\" content=\"Escrito por\" \/>\n\t<meta name=\"twitter:data1\" content=\"userad112\" \/>\n\t<meta name=\"twitter:label2\" content=\"Tiempo de lectura\" \/>\n\t<meta name=\"twitter:data2\" content=\"17 minutos\" \/>\n<script type=\"application\/ld+json\" class=\"yoast-schema-graph\">{\"@context\":\"https:\\\/\\\/schema.org\",\"@graph\":[{\"@type\":\"Article\",\"@id\":\"https:\\\/\\\/www.gsccanarias.com\\\/gsc\\\/el-pevolca-alerta-de-los-peligros-ante-las-lluvias-en-zonas-de-escorrentias-por-la-acumulacion-de-ceniza\\\/#article\",\"isPartOf\":{\"@id\":\"https:\\\/\\\/www.gsccanarias.com\\\/gsc\\\/el-pevolca-alerta-de-los-peligros-ante-las-lluvias-en-zonas-de-escorrentias-por-la-acumulacion-de-ceniza\\\/\"},\"author\":{\"name\":\"userad112\",\"@id\":\"https:\\\/\\\/www.gsccanarias.com\\\/gsc\\\/#\\\/schema\\\/person\\\/591ed0ce1757a7168579ec75f6e7f340\"},\"headline\":\"El PEVOLCA alerta de los peligros ante las lluvias en zonas de escorrent\u00edas por la acumulaci\u00f3n de ceniza\",\"datePublished\":\"2021-11-24T17:00:35+00:00\",\"mainEntityOfPage\":{\"@id\":\"https:\\\/\\\/www.gsccanarias.com\\\/gsc\\\/el-pevolca-alerta-de-los-peligros-ante-las-lluvias-en-zonas-de-escorrentias-por-la-acumulacion-de-ceniza\\\/\"},\"wordCount\":3459,\"commentCount\":0,\"image\":{\"@id\":\"https:\\\/\\\/www.gsccanarias.com\\\/gsc\\\/el-pevolca-alerta-de-los-peligros-ante-las-lluvias-en-zonas-de-escorrentias-por-la-acumulacion-de-ceniza\\\/#primaryimage\"},\"thumbnailUrl\":\"https:\\\/\\\/www.gsccanarias.com\\\/gsc\\\/wp-content\\\/uploads\\\/2021\\\/11\\\/231121_Nuevo_delta_lvico.png\",\"articleSection\":[\"\u00daltimas noticias\"],\"inLanguage\":\"es\",\"potentialAction\":[{\"@type\":\"CommentAction\",\"name\":\"Comment\",\"target\":[\"https:\\\/\\\/www.gsccanarias.com\\\/gsc\\\/el-pevolca-alerta-de-los-peligros-ante-las-lluvias-en-zonas-de-escorrentias-por-la-acumulacion-de-ceniza\\\/#respond\"]}]},{\"@type\":\"WebPage\",\"@id\":\"https:\\\/\\\/www.gsccanarias.com\\\/gsc\\\/el-pevolca-alerta-de-los-peligros-ante-las-lluvias-en-zonas-de-escorrentias-por-la-acumulacion-de-ceniza\\\/\",\"url\":\"https:\\\/\\\/www.gsccanarias.com\\\/gsc\\\/el-pevolca-alerta-de-los-peligros-ante-las-lluvias-en-zonas-de-escorrentias-por-la-acumulacion-de-ceniza\\\/\",\"name\":\"El PEVOLCA alerta de los peligros ante las lluvias en zonas de escorrent\u00edas por la acumulaci\u00f3n de ceniza - GSC\",\"isPartOf\":{\"@id\":\"https:\\\/\\\/www.gsccanarias.com\\\/gsc\\\/#website\"},\"primaryImageOfPage\":{\"@id\":\"https:\\\/\\\/www.gsccanarias.com\\\/gsc\\\/el-pevolca-alerta-de-los-peligros-ante-las-lluvias-en-zonas-de-escorrentias-por-la-acumulacion-de-ceniza\\\/#primaryimage\"},\"image\":{\"@id\":\"https:\\\/\\\/www.gsccanarias.com\\\/gsc\\\/el-pevolca-alerta-de-los-peligros-ante-las-lluvias-en-zonas-de-escorrentias-por-la-acumulacion-de-ceniza\\\/#primaryimage\"},\"thumbnailUrl\":\"https:\\\/\\\/www.gsccanarias.com\\\/gsc\\\/wp-content\\\/uploads\\\/2021\\\/11\\\/231121_Nuevo_delta_lvico.png\",\"datePublished\":\"2021-11-24T17:00:35+00:00\",\"author\":{\"@id\":\"https:\\\/\\\/www.gsccanarias.com\\\/gsc\\\/#\\\/schema\\\/person\\\/591ed0ce1757a7168579ec75f6e7f340\"},\"breadcrumb\":{\"@id\":\"https:\\\/\\\/www.gsccanarias.com\\\/gsc\\\/el-pevolca-alerta-de-los-peligros-ante-las-lluvias-en-zonas-de-escorrentias-por-la-acumulacion-de-ceniza\\\/#breadcrumb\"},\"inLanguage\":\"es\",\"potentialAction\":[{\"@type\":\"ReadAction\",\"target\":[\"https:\\\/\\\/www.gsccanarias.com\\\/gsc\\\/el-pevolca-alerta-de-los-peligros-ante-las-lluvias-en-zonas-de-escorrentias-por-la-acumulacion-de-ceniza\\\/\"]}]},{\"@type\":\"ImageObject\",\"inLanguage\":\"es\",\"@id\":\"https:\\\/\\\/www.gsccanarias.com\\\/gsc\\\/el-pevolca-alerta-de-los-peligros-ante-las-lluvias-en-zonas-de-escorrentias-por-la-acumulacion-de-ceniza\\\/#primaryimage\",\"url\":\"https:\\\/\\\/www.gsccanarias.com\\\/gsc\\\/wp-content\\\/uploads\\\/2021\\\/11\\\/231121_Nuevo_delta_lvico.png\",\"contentUrl\":\"https:\\\/\\\/www.gsccanarias.com\\\/gsc\\\/wp-content\\\/uploads\\\/2021\\\/11\\\/231121_Nuevo_delta_lvico.png\",\"width\":1000,\"height\":543},{\"@type\":\"BreadcrumbList\",\"@id\":\"https:\\\/\\\/www.gsccanarias.com\\\/gsc\\\/el-pevolca-alerta-de-los-peligros-ante-las-lluvias-en-zonas-de-escorrentias-por-la-acumulacion-de-ceniza\\\/#breadcrumb\",\"itemListElement\":[{\"@type\":\"ListItem\",\"position\":1,\"name\":\"Portada\",\"item\":\"https:\\\/\\\/www.gsccanarias.com\\\/gsc\\\/\"},{\"@type\":\"ListItem\",\"position\":2,\"name\":\"El PEVOLCA alerta de los peligros ante las lluvias en zonas de escorrent\u00edas por la acumulaci\u00f3n de ceniza\"}]},{\"@type\":\"WebSite\",\"@id\":\"https:\\\/\\\/www.gsccanarias.com\\\/gsc\\\/#website\",\"url\":\"https:\\\/\\\/www.gsccanarias.com\\\/gsc\\\/\",\"name\":\"GSC\",\"description\":\"Administramos servicios relacionados con la salud, las emergencias, la seguridad y el transporte sanitario\",\"potentialAction\":[{\"@type\":\"SearchAction\",\"target\":{\"@type\":\"EntryPoint\",\"urlTemplate\":\"https:\\\/\\\/www.gsccanarias.com\\\/gsc\\\/?s={search_term_string}\"},\"query-input\":{\"@type\":\"PropertyValueSpecification\",\"valueRequired\":true,\"valueName\":\"search_term_string\"}}],\"inLanguage\":\"es\"},{\"@type\":\"Person\",\"@id\":\"https:\\\/\\\/www.gsccanarias.com\\\/gsc\\\/#\\\/schema\\\/person\\\/591ed0ce1757a7168579ec75f6e7f340\",\"name\":\"userad112\",\"image\":{\"@type\":\"ImageObject\",\"inLanguage\":\"es\",\"@id\":\"https:\\\/\\\/secure.gravatar.com\\\/avatar\\\/6aab27730b29899b0a1a05aaa7b266b4fc1fce4dd26b427baeb73cffe474a916?s=96&d=mm&r=g\",\"url\":\"https:\\\/\\\/secure.gravatar.com\\\/avatar\\\/6aab27730b29899b0a1a05aaa7b266b4fc1fce4dd26b427baeb73cffe474a916?s=96&d=mm&r=g\",\"contentUrl\":\"https:\\\/\\\/secure.gravatar.com\\\/avatar\\\/6aab27730b29899b0a1a05aaa7b266b4fc1fce4dd26b427baeb73cffe474a916?s=96&d=mm&r=g\",\"caption\":\"userad112\"},\"sameAs\":[\"https:\\\/\\\/321brand.com\\\/112\"],\"url\":\"https:\\\/\\\/www.gsccanarias.com\\\/gsc\\\/author\\\/userad112\\\/\"}]}<\/script>\n<!-- \/ Yoast SEO plugin. -->","yoast_head_json":{"title":"El PEVOLCA alerta de los peligros ante las lluvias en zonas de escorrent\u00edas por la acumulaci\u00f3n de ceniza - GSC","robots":{"index":"index","follow":"follow","max-snippet":"max-snippet:-1","max-image-preview":"max-image-preview:large","max-video-preview":"max-video-preview:-1"},"canonical":"https:\/\/www.gsccanarias.com\/gsc\/el-pevolca-alerta-de-los-peligros-ante-las-lluvias-en-zonas-de-escorrentias-por-la-acumulacion-de-ceniza\/","og_locale":"es_ES","og_type":"article","og_title":"El PEVOLCA alerta de los peligros ante las lluvias en zonas de escorrent\u00edas por la acumulaci\u00f3n de ceniza - GSC","og_description":"Las condiciones meteorol\u00f3gicas ser\u00e1n desfavorables para la calidad del aire en la vertiente Este de la isla Las coladas 4 y 7 contin\u00faan alimentando el delta l\u00e1vico del norte, que tiene una superficie aproximada de 5 hect\u00e1reas Aumenta la superficie de cultivos afectada hasta unas...","og_url":"https:\/\/www.gsccanarias.com\/gsc\/el-pevolca-alerta-de-los-peligros-ante-las-lluvias-en-zonas-de-escorrentias-por-la-acumulacion-de-ceniza\/","og_site_name":"GSC","article_published_time":"2021-11-24T17:00:35+00:00","og_image":[{"width":1000,"height":543,"url":"https:\/\/www.gsccanarias.com\/gsc\/wp-content\/uploads\/2021\/11\/231121_Nuevo_delta_lvico.png","type":"image\/png"}],"author":"userad112","twitter_card":"summary_large_image","twitter_misc":{"Escrito por":"userad112","Tiempo de lectura":"17 minutos"},"schema":{"@context":"https:\/\/schema.org","@graph":[{"@type":"Article","@id":"https:\/\/www.gsccanarias.com\/gsc\/el-pevolca-alerta-de-los-peligros-ante-las-lluvias-en-zonas-de-escorrentias-por-la-acumulacion-de-ceniza\/#article","isPartOf":{"@id":"https:\/\/www.gsccanarias.com\/gsc\/el-pevolca-alerta-de-los-peligros-ante-las-lluvias-en-zonas-de-escorrentias-por-la-acumulacion-de-ceniza\/"},"author":{"name":"userad112","@id":"https:\/\/www.gsccanarias.com\/gsc\/#\/schema\/person\/591ed0ce1757a7168579ec75f6e7f340"},"headline":"El PEVOLCA alerta de los peligros ante las lluvias en zonas de escorrent\u00edas por la acumulaci\u00f3n de ceniza","datePublished":"2021-11-24T17:00:35+00:00","mainEntityOfPage":{"@id":"https:\/\/www.gsccanarias.com\/gsc\/el-pevolca-alerta-de-los-peligros-ante-las-lluvias-en-zonas-de-escorrentias-por-la-acumulacion-de-ceniza\/"},"wordCount":3459,"commentCount":0,"image":{"@id":"https:\/\/www.gsccanarias.com\/gsc\/el-pevolca-alerta-de-los-peligros-ante-las-lluvias-en-zonas-de-escorrentias-por-la-acumulacion-de-ceniza\/#primaryimage"},"thumbnailUrl":"https:\/\/www.gsccanarias.com\/gsc\/wp-content\/uploads\/2021\/11\/231121_Nuevo_delta_lvico.png","articleSection":["\u00daltimas noticias"],"inLanguage":"es","potentialAction":[{"@type":"CommentAction","name":"Comment","target":["https:\/\/www.gsccanarias.com\/gsc\/el-pevolca-alerta-de-los-peligros-ante-las-lluvias-en-zonas-de-escorrentias-por-la-acumulacion-de-ceniza\/#respond"]}]},{"@type":"WebPage","@id":"https:\/\/www.gsccanarias.com\/gsc\/el-pevolca-alerta-de-los-peligros-ante-las-lluvias-en-zonas-de-escorrentias-por-la-acumulacion-de-ceniza\/","url":"https:\/\/www.gsccanarias.com\/gsc\/el-pevolca-alerta-de-los-peligros-ante-las-lluvias-en-zonas-de-escorrentias-por-la-acumulacion-de-ceniza\/","name":"El PEVOLCA alerta de los peligros ante las lluvias en zonas de escorrent\u00edas por la acumulaci\u00f3n de ceniza - GSC","isPartOf":{"@id":"https:\/\/www.gsccanarias.com\/gsc\/#website"},"primaryImageOfPage":{"@id":"https:\/\/www.gsccanarias.com\/gsc\/el-pevolca-alerta-de-los-peligros-ante-las-lluvias-en-zonas-de-escorrentias-por-la-acumulacion-de-ceniza\/#primaryimage"},"image":{"@id":"https:\/\/www.gsccanarias.com\/gsc\/el-pevolca-alerta-de-los-peligros-ante-las-lluvias-en-zonas-de-escorrentias-por-la-acumulacion-de-ceniza\/#primaryimage"},"thumbnailUrl":"https:\/\/www.gsccanarias.com\/gsc\/wp-content\/uploads\/2021\/11\/231121_Nuevo_delta_lvico.png","datePublished":"2021-11-24T17:00:35+00:00","author":{"@id":"https:\/\/www.gsccanarias.com\/gsc\/#\/schema\/person\/591ed0ce1757a7168579ec75f6e7f340"},"breadcrumb":{"@id":"https:\/\/www.gsccanarias.com\/gsc\/el-pevolca-alerta-de-los-peligros-ante-las-lluvias-en-zonas-de-escorrentias-por-la-acumulacion-de-ceniza\/#breadcrumb"},"inLanguage":"es","potentialAction":[{"@type":"ReadAction","target":["https:\/\/www.gsccanarias.com\/gsc\/el-pevolca-alerta-de-los-peligros-ante-las-lluvias-en-zonas-de-escorrentias-por-la-acumulacion-de-ceniza\/"]}]},{"@type":"ImageObject","inLanguage":"es","@id":"https:\/\/www.gsccanarias.com\/gsc\/el-pevolca-alerta-de-los-peligros-ante-las-lluvias-en-zonas-de-escorrentias-por-la-acumulacion-de-ceniza\/#primaryimage","url":"https:\/\/www.gsccanarias.com\/gsc\/wp-content\/uploads\/2021\/11\/231121_Nuevo_delta_lvico.png","contentUrl":"https:\/\/www.gsccanarias.com\/gsc\/wp-content\/uploads\/2021\/11\/231121_Nuevo_delta_lvico.png","width":1000,"height":543},{"@type":"BreadcrumbList","@id":"https:\/\/www.gsccanarias.com\/gsc\/el-pevolca-alerta-de-los-peligros-ante-las-lluvias-en-zonas-de-escorrentias-por-la-acumulacion-de-ceniza\/#breadcrumb","itemListElement":[{"@type":"ListItem","position":1,"name":"Portada","item":"https:\/\/www.gsccanarias.com\/gsc\/"},{"@type":"ListItem","position":2,"name":"El PEVOLCA alerta de los peligros ante las lluvias en zonas de escorrent\u00edas por la acumulaci\u00f3n de ceniza"}]},{"@type":"WebSite","@id":"https:\/\/www.gsccanarias.com\/gsc\/#website","url":"https:\/\/www.gsccanarias.com\/gsc\/","name":"GSC","description":"Administramos servicios relacionados con la salud, las emergencias, la seguridad y el transporte sanitario","potentialAction":[{"@type":"SearchAction","target":{"@type":"EntryPoint","urlTemplate":"https:\/\/www.gsccanarias.com\/gsc\/?s={search_term_string}"},"query-input":{"@type":"PropertyValueSpecification","valueRequired":true,"valueName":"search_term_string"}}],"inLanguage":"es"},{"@type":"Person","@id":"https:\/\/www.gsccanarias.com\/gsc\/#\/schema\/person\/591ed0ce1757a7168579ec75f6e7f340","name":"userad112","image":{"@type":"ImageObject","inLanguage":"es","@id":"https:\/\/secure.gravatar.com\/avatar\/6aab27730b29899b0a1a05aaa7b266b4fc1fce4dd26b427baeb73cffe474a916?s=96&d=mm&r=g","url":"https:\/\/secure.gravatar.com\/avatar\/6aab27730b29899b0a1a05aaa7b266b4fc1fce4dd26b427baeb73cffe474a916?s=96&d=mm&r=g","contentUrl":"https:\/\/secure.gravatar.com\/avatar\/6aab27730b29899b0a1a05aaa7b266b4fc1fce4dd26b427baeb73cffe474a916?s=96&d=mm&r=g","caption":"userad112"},"sameAs":["https:\/\/321brand.com\/112"],"url":"https:\/\/www.gsccanarias.com\/gsc\/author\/userad112\/"}]}},"publishpress_future_workflow_manual_trigger":{"enabledWorkflows":[]},"_links":{"self":[{"href":"https:\/\/www.gsccanarias.com\/gsc\/wp-json\/wp\/v2\/posts\/3674","targetHints":{"allow":["GET"]}}],"collection":[{"href":"https:\/\/www.gsccanarias.com\/gsc\/wp-json\/wp\/v2\/posts"}],"about":[{"href":"https:\/\/www.gsccanarias.com\/gsc\/wp-json\/wp\/v2\/types\/post"}],"author":[{"embeddable":true,"href":"https:\/\/www.gsccanarias.com\/gsc\/wp-json\/wp\/v2\/users\/1"}],"replies":[{"embeddable":true,"href":"https:\/\/www.gsccanarias.com\/gsc\/wp-json\/wp\/v2\/comments?post=3674"}],"version-history":[{"count":0,"href":"https:\/\/www.gsccanarias.com\/gsc\/wp-json\/wp\/v2\/posts\/3674\/revisions"}],"wp:featuredmedia":[{"embeddable":true,"href":"https:\/\/www.gsccanarias.com\/gsc\/wp-json\/wp\/v2\/media\/3673"}],"wp:attachment":[{"href":"https:\/\/www.gsccanarias.com\/gsc\/wp-json\/wp\/v2\/media?parent=3674"}],"wp:term":[{"taxonomy":"category","embeddable":true,"href":"https:\/\/www.gsccanarias.com\/gsc\/wp-json\/wp\/v2\/categories?post=3674"},{"taxonomy":"post_tag","embeddable":true,"href":"https:\/\/www.gsccanarias.com\/gsc\/wp-json\/wp\/v2\/tags?post=3674"}],"curies":[{"name":"wp","href":"https:\/\/api.w.org\/{rel}","templated":true}]}}