{"id":3664,"date":"2021-11-21T17:09:35","date_gmt":"2021-11-21T17:09:35","guid":{"rendered":"https:\/\/www.gsccanarias.com\/gsc\/el-continuo-aporte-de-lava-hace-que-se-unan-las-coladas-4-y-7-y-aumente-la-superficie-total-afectada-en-ocho-hectareas\/"},"modified":"2021-11-21T17:09:35","modified_gmt":"2021-11-21T17:09:35","slug":"el-continuo-aporte-de-lava-hace-que-se-unan-las-coladas-4-y-7-y-aumente-la-superficie-total-afectada-en-ocho-hectareas","status":"publish","type":"post","link":"https:\/\/www.gsccanarias.com\/gsc\/el-continuo-aporte-de-lava-hace-que-se-unan-las-coladas-4-y-7-y-aumente-la-superficie-total-afectada-en-ocho-hectareas\/","title":{"rendered":"El continuo aporte de lava hace que se unan las coladas 4 y 7 y aumente la superficie total afectada en ocho hect\u00e1reas"},"content":{"rendered":"<p><\/p>\n<p style=\"text-align: justify;\"><strong>Los niveles de calidad del aire se monitorizan permanentemente para detectar si hay peligro para la salud de la ciudadan\u00eda<\/strong><\/p>\n<p style=\"text-align: justify;\"><strong>La disposici\u00f3n de las cenizas hacia el este y noreste debido a la evoluci\u00f3n de los vientos afectar\u00e1 a la navegaci\u00f3n a\u00e9rea hoy y ma\u00f1ana<\/strong><\/p>\n<p style=\"text-align: justify;\">El continuo aporte de lava desde el cono principal de la erupci\u00f3n volc\u00e1nica, especialmente a trav\u00e9s de la colada 4, ha hecho que \u00e9sta se una a la 7 en la parte baja y aumente en ocho hect\u00e1reas la superficie total afectada por este volc\u00e1n que se estima que ya alcanza las 1.058,95 hect\u00e1reas. Este hecho, as\u00ed como el an\u00e1lisis continuo de la calidad del aire para la toma de medidas de protecci\u00f3n civil son algunos de los datos analizados hoy en la reuni\u00f3n diaria del Comit\u00e9 Director\u00a0 del Plan Especial de Protecci\u00f3n Civil y Atenci\u00f3n de Emergencias por Riesgo Volc\u00e1nico de Canarias (PEVOLCA) del Gobierno de Canarias, dirigido hoy por el director general de Seguridad y Emergencias del Gobierno de Canarias, Gustavo Armas.<\/p>\n<p style=\"text-align: justify;\">La erupci\u00f3n volc\u00e1nica contin\u00faa mostrando una actividad estromboliana, con pulsos de emisi\u00f3n de piroclastos y\/o ceniza. La mayor aportaci\u00f3n de lava, explic\u00f3 el director t\u00e9cnico del PEVOLCA, Miguel \u00c1ngel Morcuende, se est\u00e1 produciendo sobre la colada 4 aunque tambi\u00e9n se est\u00e1n registrando aportes l\u00e1vicos, a trav\u00e9s de los tubos volc\u00e1nicos subterr\u00e1neos, en las coladas 1, 2 y 9 , que probablemente est\u00e9n generando un incremento de la superficie de los deltas l\u00e1vicos que a\u00fan no ha sido medida.<\/p>\n<p style=\"text-align: justify;\">Actualmente siguen activos varios centros de emisi\u00f3n con actividad variable (tanto de piroclastos y gases, como de lava) seg\u00fan se modifica la configuraci\u00f3n de la zona eruptiva. No se descarta la aparici\u00f3n de nuevos centros de emisi\u00f3n en el entorno del cono principal, dentro de la zona de exclusi\u00f3n.<\/p>\n<p style=\"text-align: justify;\">Por otro lado, Morcuende insisti\u00f3 en la necesidad de cumplir las restricciones de acceso a las zonas evacuadas que establece el Comit\u00e9 Director del PEVOLCA seg\u00fan los niveles de gases que se detectan en esas \u00e1reas y que son monitorizados permanentemente. En este sentido, destac\u00f3 que el principal objetivo del PEVOLCA es velar por la seguridad de las personas, de ah\u00ed que se limite la entrada a esas zonas si se detectan concentraciones que pueden ser lesivas para la ciudadan\u00eda.<\/p>\n<p style=\"text-align: justify;\">Estos indicadores, junto a la evoluci\u00f3n de las coladas y el estado de los accesos, son los que pueden permitir la entrada de vecinos y personal de emergencias a las zonas evacuadas o de exclusi\u00f3n, siempre que sean seguras.<\/p>\n<p style=\"text-align: justify;\">En esta l\u00ednea, la direcci\u00f3n del PEVOLCA record\u00f3 adem\u00e1s que el acceso a las zonas evacuadas debe hacerse de manera organizada y cumpliendo con las medidas de autoprotecci\u00f3n, es decir, el uso de las mascarillas FFP2 en toda la zona afectada y gafas protectoras, sobre todo, cuando se realicen labores de limpieza de viviendas y azoteas para evitar el contacto de las cenizas con los ojos.<\/p>\n<p style=\"text-align: justify;\">En cuanto a las condiciones meteorol\u00f3gicas, Morcuende se\u00f1al\u00f3 que la previsi\u00f3n de los vientos del sur y suroeste marca una alta probabilidad de que la disposici\u00f3n de las cenizas se oriente al este y noreste, lo que supone un escenario desfavorable para la navegaci\u00f3n a\u00e9rea en el d\u00eda de hoy y ma\u00f1ana.<\/p>\n<p style=\"text-align: justify;\">Adem\u00e1s, existe la probabilidad de precipitaciones que pueden ser localmente moderadas en la tarde de hoy y ma\u00f1ana, situaci\u00f3n que podr\u00eda ir empeorando la pr\u00f3xima semana debido a la entrada de un frente que puede traer lluvias moderadas o puntualmente fuertes en la generalidad de la Isla.<\/p>\n<p style=\"text-align: justify;\">Por lo que se refiere a las infraestructuras da\u00f1adas, no existen nuevos datos por parte de Catastro por lo que se mantienen en unas 1.467 edificaciones, ni de Copernicus, que calcula unas 2.731 ediciones en su \u00faltimo registro.<\/p>\n<p style=\"text-align: justify;\">El n\u00famero de albergados se sit\u00faa ya en 503 personas en centros hoteleros, 14 m\u00e1s que ayer. Del total, 432 se hospedan en el hotel de Fuencaliente y 71 en Los Llanos de Aridane. Adem\u00e1s, hay 43 personas dependientes atendidas en centros sociosanitarios insulares.<\/p>\n<p style=\"text-align: justify;\">El nivel del tremor tambi\u00e9n se mantiene en valores bajos con alguna fluctuaci\u00f3n puntual y la sismicidad no registra variaciones significativas. En la deformaci\u00f3n del terreno se observa, desde comienzos de noviembre, una notable disminuci\u00f3n de la deflaci\u00f3n regional. Adem\u00e1s, contin\u00faa la reversi\u00f3n de la deformaci\u00f3n vertical de 6 cm registrada ayer en la estaci\u00f3n GNSS al norte de Jedey (LP03).<\/p>\n<p style=\"text-align: justify;\">Durante el d\u00eda de ayer, la emisi\u00f3n de di\u00f3xido de azufre (SO2) asociada al penacho volc\u00e1nico continu\u00f3 siendo alta y muy similar al del d\u00eda anterior, registr\u00e1ndose un rango de valores entre 7000 y 18000 toneladas diarias. Por otro lado, el an\u00e1lisis de im\u00e1genes satelitales refleja una tendencia descendente desde el pasado 23 de septiembre.<\/p>\n<p style=\"text-align: justify;\">Respecto a la calidad del aire debida al di\u00f3xido de azufre (SO2), la portavoz del Comit\u00e9 Cient\u00edfico, Carmen L\u00f3pez, se\u00f1al\u00f3 que ayer continuaba registrando valores por encima de los niveles de fondo (entre 200 y 1300 toneladas diarias) y reflejando un rango de valores entre los 2.200 y 2.600 toneladas diarias. Estas emanaciones difusas no representan un peligro para las personas, salvo que se formen acumulaciones de CO2 en depresiones mal ventiladas, que desplacen el ox\u00edgeno del aire y se generen ambientes an\u00f3xicos.<\/p>\n<p style=\"text-align: justify;\">Con respecto a las part\u00edculas menores de 10 micras (PM10), se han mantenido los niveles de calidad del aire razonablemente buenos o buenos en todas las estaciones de la isla. Esta situaci\u00f3n favorable se mantiene durante el d\u00eda de hoy en todas las estaciones.<\/p>\n<p style=\"text-align: justify;\">\u00a0<\/p>\n<p style=\"text-align: justify;\"><strong>Dictamen diario del Comit\u00e9 Cient\u00edfico<\/strong><\/p>\n<p style=\"text-align: justify;\">Previamente a la reuni\u00f3n del Comit\u00e9 Director del PEVOLCA se reuni\u00f3 el Comit\u00e9 Cient\u00edfico del Plan, en el que sus integrantes expusieron sus conclusiones sobre la evoluci\u00f3n del fen\u00f3meno eruptivo desde el d\u00eda de ayer. Este Comit\u00e9 Cient\u00edfico est\u00e1 coordinado por la Direcci\u00f3n General de Seguridad y Emergencias del Gobierno de Canarias y lo integran representantes del Instituto Geogr\u00e1fico Nacional (IGN), Consejo Superior de Investigaciones Cient\u00edficas (CSIC), Instituto Volcanol\u00f3gico de Canarias (Involcan), Instituto Geol\u00f3gico y Minero de Espa\u00f1a (IGME), Agencia Estatal de Meteorolog\u00eda (AEMET), Instituto Espa\u00f1ol de Oceanograf\u00eda (IEO), Universidad de La Laguna y Universidad de Las Palmas de Gran Canaria.<\/p>\n<p style=\"text-align: justify;\">Tales conclusiones fueron:<\/p>\n<p style=\"text-align: justify;\">\u201cLa erupci\u00f3n fisural contin\u00faa mostrando mecanismo estromboliano, esto es, un mecanismo de car\u00e1cter mixto, con fases de explosividad variable que producen dep\u00f3sitos pirocl\u00e1sticos y fases efusivas que producen las coladas de lava, de forma simult\u00e1nea. El proceso eruptivo muestra episodios de incremento y disminuci\u00f3n de la actividad estromboliana, as\u00ed como pulsos con actividad freatomagm\u00e1tica.<\/p>\n<p style=\"text-align: justify;\">La magnitud de la erupci\u00f3n puede ser establecida mediante el VEI (puede variar en una escala que va de 0 a 8 grados) que se calcula, fundamentalmente, a partir del volumen de material pirocl\u00e1stico emitido. Dado que se han superado los 10 millones de m3 de piroclastos emitidos en esta erupci\u00f3n, el VEI pasa por lo tanto de 2 a 3. Este valor de 3 no implica que haya cambiado ni el mecanismo eruptivo (fisural efusivo-estromboliano con pulsos freatomagm\u00e1ticos) ni la explosividad de la erupci\u00f3n, que se mantiene con las mismas caracter\u00edsticas de todo el proceso eruptivo.<\/p>\n<p style=\"text-align: justify;\">Persiste la actividad estromboliana, con pulsos de emisi\u00f3n de piroclastos y\/o ceniza. Contin\u00faa activa la colada entre las zonas 4 y 7, ocupando 8 Ha m\u00e1s que ayer. En el d\u00eda de hoy se han producido varios desbordamientos de la colada de lava desde el lago de lava (cono principal).<\/p>\n<p style=\"text-align: justify;\">Actualmente siguen activos varios centros de emisi\u00f3n con actividad variable (tanto de piroclastos y gases, como de lava) seg\u00fan se modifica la configuraci\u00f3n de la zona eruptiva. No se descarta la aparici\u00f3n de nuevos centros de emisi\u00f3n en el entorno del cono principal, dentro de la zona de exclusi\u00f3n.<\/p>\n<p style=\"text-align: justify;\">La altura de la nube de ceniza medida hoy (09:45) ha sido de 2000 m.<\/p>\n<p style=\"text-align: justify;\">Predominio de vientos de componente S y O desde superficie hasta los 5000 m. La nube de cenizas y SO2 est\u00e1 dispuesta hacia el E \u2013 NE desde el foco eruptivo. Se espera que contin\u00fae as\u00ed las pr\u00f3ximas 24-48 horas, suponiendo un escenario desfavorable para la operatividad aeron\u00e1utica, principalmente para el aeropuerto de La Palma. La aproximaci\u00f3n de una estructura frontal asociada a una borrasca atl\u00e1ntica supondr\u00e1, a partir de la tarde-noche de hoy domingo, probabilidad de precipitaciones d\u00e9biles a moderadas, que podr\u00edan ser puntualmente fuertes el lunes e ir acompa\u00f1adas de tormentas.<\/p>\n<p style=\"text-align: justify;\">La sismicidad a profundidades intermedias contin\u00faa localiz\u00e1ndose en las mismas zonas. Se sigue manteniendo el nivel de sismicidad a profundidades superiores a 20 km. La magnitud m\u00e1xima ha sido 4.2 mbLg de un evento ayer a las 19:20 a profundidad de 35 km, sentido con intensidad III (en la escala de intensidad EMS). El tremor permanece en nivel bajo. El nivel de sismicidad actual sigue indicando que es posible que se produzcan m\u00e1s sismos sentidos, pudiendo alcanzarse intensidades V-VI (en la escala de intensidad EMS) y originar peque\u00f1os derrumbes en zonas de pendiente.<\/p>\n<p style=\"text-align: justify;\">En cuanto a la deformaci\u00f3n, desde comienzos de noviembre se observa una notable disminuci\u00f3n de la deflaci\u00f3n regional. La deformaci\u00f3n vertical registrada ayer en la estaci\u00f3n GNSS al norte de Jedey (LP03) de 6 cm, ha revertido.<\/p>\n<p style=\"text-align: justify;\">La emisi\u00f3n de di\u00f3xido de azufre (SO2), asociada al penacho volc\u00e1nico del actual proceso eruptivo en marcha (emanaciones visibles de gases volc\u00e1nicos), registrada durante el d\u00eda de ayer (20\/11) contin\u00faa siendo alta y muy similar al del d\u00eda anterior, registr\u00e1ndose un rango de valores entre 7000 y 18000 toneladas diarias, mediante el uso de sensores \u00f3pticos remotos tipo miniDOAS en posici\u00f3n m\u00f3vil mar\u00edtima. Por otro lado, el an\u00e1lisis de im\u00e1genes satelitales refleja una tendencia descendente desde el pasado 23\/9, cuando se registraron m\u00e1ximos superiores a las 50000 toneladas diarias de emisi\u00f3n de di\u00f3xido de azufre (SO2).<\/p>\n<p style=\"text-align: justify;\">En\u00a0\u00a0 el\u00a0\u00a0 d\u00eda\u00a0\u00a0 de ayer, la\u00a0\u00a0\u00a0 calidad\u00a0\u00a0\u00a0 del\u00a0\u00a0\u00a0 aire\u00a0\u00a0\u00a0 debida\u00a0\u00a0\u00a0 al di\u00f3xido\u00a0\u00a0\u00a0 de\u00a0\u00a0\u00a0 azufre (SO2), contaminante asociado al proceso eruptivo, empeor\u00f3 durante las horas de la madrugada, con un incremento generalizado de los valores en todas las estaciones de la isla y dos superaciones del valor l\u00edmite horario (establecido en 350 \u03bcg\/m\u00b3) en Tazacorte entre las 02:00 y las 04:00 horas. Durante el resto del d\u00eda de ayer, a partir\u00a0\u00a0\u00a0\u00a0\u00a0\u00a0 de\u00a0\u00a0\u00a0\u00a0\u00a0\u00a0\u00a0 las\u00a0\u00a0\u00a0\u00a0\u00a0\u00a0\u00a0 6:00\u00a0\u00a0\u00a0\u00a0\u00a0\u00a0\u00a0 horas, se recuperaron\u00a0\u00a0\u00a0\u00a0 \u00a0\u00a0\u00a0los valores\u00a0\u00a0\u00a0\u00a0\u00a0\u00a0\u00a0 bajos y se mantuvieron niveles buenos de calidad del aire en todas las estaciones de la isla. Durante la madrugada de hoy se ha repetido este fen\u00f3meno de ascenso generalizado de los valores de SO2 en todas las estaciones de la isla, en este caso de mayor intensidad, con superaci\u00f3n del umbral de alerta (establecido en 500 \u03bcg\/m\u00b3) entre las 0:00 y las 3:00 horas en las estaciones de Los Llanos de Aridane y El Paso, alcanz\u00e1ndose niveles extremadamente desfavorables en esas horas, que posteriormente han ido descendiendo hasta recuperar los valores bajos. Durante la ma\u00f1ana de hoy se est\u00e1n manteniendo los valores buenos en las estaciones de la vertiente oeste de la isla, y entre razonablemente buenos y regulares en las estaciones situadas al este.<\/p>\n<p style=\"text-align: justify;\">Con respecto a las part\u00edculas menores de 10 micras (PM10), se mantuvo durante el d\u00eda de ayer la situaci\u00f3n iniciada el viernes pasado con niveles de calidad del aire razonablemente buenos o buenos en todas las estaciones de la isla, sin que se produzcan superaciones del umbral diario (establecido en 50 \u03bcg\/m\u00b3) en ninguna estaci\u00f3n. Esta situaci\u00f3n favorable se mantiene durante el d\u00eda de hoy en todas las estaciones.<\/p>\n<p style=\"text-align: justify;\">\u00a0<\/p>\n<p style=\"text-align: justify;\"><strong>OBLIGACIONES Y RECOMENDACIONES<\/strong><\/p>\n<p style=\"text-align: justify;\">Sigue siendo imperativo el respeto de las zonas de exclusi\u00f3n terrestre y mar\u00edtima, para mantener la integridad f\u00edsica de las personas.<\/p>\n<p style=\"text-align: justify;\">Se recomienda a la poblaci\u00f3n en la isla de La Palma el uso de mascarillas FFP2 al aire libre.<\/p>\n<p style=\"text-align: justify;\">\u00a0<\/p>\n<p style=\"text-align: justify;\">MOVIMIENTOS S\u00cdSMICOS:<\/p>\n<p style=\"text-align: justify;\">\u2013\u00a0\u00a0\u00a0\u00a0\u00a0\u00a0\u00a0\u00a0\u00a0 El comit\u00e9 cient\u00edfico del PEVOLCA realiza un seguimiento continuo de la actividad volc\u00e1nica.<\/p>\n<p style=\"text-align: justify;\">\u2013\u00a0\u00a0\u00a0\u00a0\u00a0\u00a0\u00a0\u00a0\u00a0 Tanto en casa, como en el centro de trabajo, toma medidas preventivas: refuerza las estanter\u00edas, fija l\u00e1mparas y retira objetos grandes del mobiliario.<\/p>\n<p style=\"text-align: justify;\">\u00a0<\/p>\n<p style=\"text-align: justify;\">En el exterior:<\/p>\n<p style=\"text-align: justify;\">Si te encuentras en el exterior y se registra un sismo, busca un lugar abierto y al\u00e9jate de estructuras que puedan caer a la v\u00eda y de las zonas con riesgo de derrumbe.<\/p>\n<p style=\"text-align: justify;\">Por tu seguridad, recuerda estos consejos de autoprotecci\u00f3n:<\/p>\n<p style=\"text-align: justify;\">\u2013\u00a0\u00a0\u00a0\u00a0\u00a0\u00a0\u00a0\u00a0\u00a0 Dir\u00edgete a espacios abiertos.<\/p>\n<p style=\"text-align: justify;\">\u2013\u00a0\u00a0\u00a0\u00a0\u00a0\u00a0\u00a0\u00a0\u00a0 Al\u00e9jate de edificios, balcones, sem\u00e1foros, farolas, tendidos el\u00e9ctricos o \u00e1rboles.<\/p>\n<p style=\"text-align: justify;\">\u2013\u00a0\u00a0\u00a0\u00a0\u00a0\u00a0\u00a0\u00a0\u00a0 No te acerques a zonas con peligro de desprendimientos.<\/p>\n<p style=\"text-align: justify;\">\u2013\u00a0\u00a0\u00a0\u00a0\u00a0\u00a0\u00a0\u00a0\u00a0 Sigue las recomendaciones de las autoridades e inf\u00f3rmate por canales oficiales y medios de comunicaci\u00f3n.<\/p>\n<p style=\"text-align: justify;\">\u2013\u00a0\u00a0\u00a0\u00a0\u00a0\u00a0\u00a0\u00a0\u00a0 Si te encuentras en un veh\u00edculo, disminuye la velocidad y para el motor cuando sea posible, lejos de edificaciones y zonas escarpadas. Pon los indicadores de emergencia y permanece en el veh\u00edculo hasta que finalice el terremoto.<\/p>\n<p style=\"text-align: justify;\">\u00a0<\/p>\n<p style=\"text-align: justify;\">En el interior:<\/p>\n<p style=\"text-align: justify;\">Si te sorprende un temblor en el interior de tu vivienda, mant\u00e9n la calma y sigue estos consejos de autoprotecci\u00f3n:<\/p>\n<p style=\"text-align: justify;\">\u2013\u00a0\u00a0\u00a0\u00a0\u00a0\u00a0\u00a0\u00a0\u00a0 Mientras dure el temblor, no salgas al exterior.<\/p>\n<p style=\"text-align: justify;\">\u2013\u00a0\u00a0\u00a0\u00a0\u00a0\u00a0\u00a0\u00a0\u00a0 Prot\u00e9gete bajo el marco de una puerta o de alg\u00fan mueble s\u00f3lido, como una mesa.<\/p>\n<p style=\"text-align: justify;\">\u2013\u00a0\u00a0\u00a0\u00a0\u00a0\u00a0\u00a0\u00a0\u00a0 No te sit\u00faes cerca de ventanas.<\/p>\n<p style=\"text-align: justify;\">\u2013\u00a0\u00a0\u00a0\u00a0\u00a0\u00a0\u00a0\u00a0\u00a0 Si tienes que abandonar tu casa, desconecta agua, luz y gas.<\/p>\n<p style=\"text-align: justify;\">\u2013\u00a0\u00a0\u00a0\u00a0\u00a0\u00a0\u00a0\u00a0\u00a0 En caso de evacuaci\u00f3n, baja por las escaleras y no utilices el ascensor.<\/p>\n<p style=\"text-align: justify;\">\u2013\u00a0\u00a0\u00a0\u00a0\u00a0\u00a0\u00a0\u00a0\u00a0 Sigue las recomendaciones de las autoridades e inf\u00f3rmate por canales oficiales y medios de comunicaci\u00f3n.<\/p>\n<p style=\"text-align: justify;\">\u00a0<\/p>\n<p style=\"text-align: justify;\">CAIDA DE PIROCLASTOS:<\/p>\n<p style=\"text-align: justify;\">\u00b7\u00a0\u00a0\u00a0\u00a0\u00a0 Se recuerda que est\u00e1 establecido un radio de exclusi\u00f3n de 2.5 km en torno a los centros de emisi\u00f3n para minimizar el riesgo de impacto de piroclastos y la exposici\u00f3n a los gases.<\/p>\n<p style=\"text-align: justify;\">\u00b7\u00a0\u00a0\u00a0\u00a0\u00a0 En caso de intensificaci\u00f3n de la actividad explosiva es posible que algunas detonaciones violentas puedan producir rotura del vidrio de las ventanas. Se recomienda alejarse de las ventanas hasta un radio de 5 km desde el cono.<\/p>\n<p style=\"text-align: justify;\">\u00b7\u00a0\u00a0\u00a0\u00a0\u00a0 En las zonas afectadas por una intensa ca\u00edda de cenizas (que se observe una clara deposici\u00f3n sobre el suelo) y m\u00e1s a\u00fan si se observa bruma, se recomienda mantenerse en espacios interiores. Al aire libre, se recomienda as\u00ed mismo el uso de mascarillas FFP2 y de sistemas de protecci\u00f3n de ojos.<\/p>\n<p style=\"text-align: justify;\">\u00b7\u00a0\u00a0\u00a0\u00a0\u00a0 Se recomienda la limpieza de azoteas en las que se acumulen espesores de cenizas de varios cent\u00edmetros. Se insiste en que se sigan de manera precisa el procedimiento de retirada de cenizas de azoteas y suelo indicado por Protecci\u00f3n Civil (humedecer ceniza, protecci\u00f3n de ojos, llevar mascarilla, proteger la piel, v\u00e9ase documentaci\u00f3n anexa). Para la retirada, se deben usar mascarillas FFP2, guantes, humedecer ligeramente para su barrido y evitando el uso de sopladores, salvo para la limpieza de las instalaciones aeroportuaria por personal especializado con sus EPIs correspondientes. El uso de los sopladores aumenta la re-suspensi\u00f3n de las part\u00edculas m\u00e1s perjudiciales para la salud.<\/p>\n<p style=\"text-align: justify;\">\u00b7\u00a0\u00a0\u00a0\u00a0\u00a0 Ante la llegada de cenizas a otras islas, se recomienda en las afectadas, el uso de mascarillas quir\u00fargicas<\/p>\n<p style=\"text-align: justify;\">\u00a0<\/p>\n<p style=\"text-align: justify;\">PENACHO MARINO:<\/p>\n<p style=\"text-align: justify;\">\u00b7\u00a0\u00a0\u00a0\u00a0\u00a0 Se sugiere prestar mucha atenci\u00f3n al pron\u00f3stico del viento para la monitorizaci\u00f3n de los posibles cambios de direcci\u00f3n del penacho y actuar en consecuencia, especialmente aquellas personas con el sistema respiratorio debilitado (por ejemplo, asm\u00e1ticos) ya que son m\u00e1s vulnerables a concentraciones m\u00e1s bajas.<\/p>\n<p style=\"text-align: justify;\">\u00b7\u00a0\u00a0\u00a0\u00a0\u00a0 Tambi\u00e9n se recomienda el lavado de los ojos despu\u00e9s de cualquier exposici\u00f3n, ya que los s\u00edntomas, a menudo, no se perciben hasta m\u00e1s tarde.<\/p>\n<p style=\"text-align: justify;\">\u00b7\u00a0\u00a0\u00a0\u00a0\u00a0 Estos penachos marinos se pueden percibir hasta varios kil\u00f3metros de distancia de la fuente, aunque m\u00e1s diluidos. En el caso de que el penacho marino llegue a n\u00facleos poblacionales, se recomienda permanecer en el interior de las viviendas siempre que sea posible y cerrar todas las puertas y ventanas.<\/p>\n<p style=\"text-align: justify;\">\u00b7\u00a0\u00a0\u00a0\u00a0\u00a0 Para la seguridad de la navegaci\u00f3n de embarcaciones cient\u00edficas que realizan labores cient\u00edficas en esta \u00e1rea, se recomienda mantener una distancia de al menos 500 m para las zonas activas de los deltas de lava (con aporte de lava y manifestaciones visibles), reduciendo dicha distancia a 200 m para las zonas m\u00e1s estables. La navegaci\u00f3n con fines cient\u00edficos para la gesti\u00f3n de la emergencia, se puede realizar a distancias menores, bajo la responsabilidad del armador y el capit\u00e1n o patr\u00f3n de la embarcaci\u00f3n, siempre y cuando se cuente con el visto bueno de la Direcci\u00f3n T\u00e9cnica de PEVOLCA y Capitan\u00eda Mar\u00edtima.<\/p>\n<p style=\"text-align: justify;\">\u00a0<\/p>\n<p style=\"text-align: justify;\">COLADAS L\u00c1VICAS:<\/p>\n<p style=\"text-align: justify;\">\u00b7\u00a0\u00a0\u00a0\u00a0\u00a0 Tambi\u00e9n se recomienda no aproximarse a las coladas de lava por el riesgo de exponerse a los gases emitidos, posibles desprendimientos y las altas temperaturas.<\/p>\n<p style=\"text-align: justify;\">\u00b7\u00a0\u00a0\u00a0\u00a0\u00a0 Ante los grandes espesores de colada de lava observados en algunos puntos, se pueden producir colapsos de su frente que, en zonas de mayor pendiente, pueden conllevar la formaci\u00f3n de grandes fragmentos de colada, que pueden desprenderse del frente de la colada y que de forma repentina alcanzando distancias de varios metros desde el frente de colada, dependiendo de la topograf\u00eda. Tambi\u00e9n en zonas de gran pendiente, se puede producir peque\u00f1os flujos pirocl\u00e1sticos.<\/p>\n<p style=\"text-align: justify;\">\u00a0<\/p>\n<p style=\"text-align: justify;\">Para la seguridad de cient\u00edficos en tierra dentro de la zona de exclusi\u00f3n se recomienda mantener una distancia de al menos 1000 m respecto al centro principal de emisi\u00f3n. La aproximaci\u00f3n a distancias menores puede realizarse, con fines de observaci\u00f3n cient\u00edfica para la gesti\u00f3n de la emergencia, con el visto bueno de la Direcci\u00f3n T\u00e9cnica de PEVOLCA.<\/p>\n<p style=\"text-align: justify;\">Se ha reforzado el seguimiento continuo de la actividad y se comunicar\u00e1 cualquier cambio significativo que se observe. Mant\u00e9nganse atentos a la informaci\u00f3n que proporcionen las correspondientes autoridades de Protecci\u00f3n Civil\u201d.<\/p>\n<div class=\"pvc_clear\"><\/div>\n<p id=\"pvc_stats_3664\" class=\"pvc_stats all  \" data-element-id=\"3664\" style=\"\"><i class=\"pvc-stats-icon medium\" aria-hidden=\"true\"><svg aria-hidden=\"true\" focusable=\"false\" data-prefix=\"far\" data-icon=\"chart-bar\" role=\"img\" xmlns=\"http:\/\/www.w3.org\/2000\/svg\" viewBox=\"0 0 512 512\" class=\"svg-inline--fa fa-chart-bar fa-w-16 fa-2x\"><path fill=\"currentColor\" d=\"M396.8 352h22.4c6.4 0 12.8-6.4 12.8-12.8V108.8c0-6.4-6.4-12.8-12.8-12.8h-22.4c-6.4 0-12.8 6.4-12.8 12.8v230.4c0 6.4 6.4 12.8 12.8 12.8zm-192 0h22.4c6.4 0 12.8-6.4 12.8-12.8V140.8c0-6.4-6.4-12.8-12.8-12.8h-22.4c-6.4 0-12.8 6.4-12.8 12.8v198.4c0 6.4 6.4 12.8 12.8 12.8zm96 0h22.4c6.4 0 12.8-6.4 12.8-12.8V204.8c0-6.4-6.4-12.8-12.8-12.8h-22.4c-6.4 0-12.8 6.4-12.8 12.8v134.4c0 6.4 6.4 12.8 12.8 12.8zM496 400H48V80c0-8.84-7.16-16-16-16H16C7.16 64 0 71.16 0 80v336c0 17.67 14.33 32 32 32h464c8.84 0 16-7.16 16-16v-16c0-8.84-7.16-16-16-16zm-387.2-48h22.4c6.4 0 12.8-6.4 12.8-12.8v-70.4c0-6.4-6.4-12.8-12.8-12.8h-22.4c-6.4 0-12.8 6.4-12.8 12.8v70.4c0 6.4 6.4 12.8 12.8 12.8z\" class=\"\"><\/path><\/svg><\/i> <\/p>\n<div class=\"pvc_clear\"><\/div>\n<div class=\"print\"><span class=\"page_title\">P\u00e1gina: <span>El continuo aporte de lava hace que se unan las coladas 4 y 7 y aumente la superficie total afectada en ocho hect\u00e1reas<\/span><\/span>\n\t\t\t\t\t\t\t\t\t\t\t<span class=\"page_title\">Fecha de impresi\u00f3n: <span>02\/05\/2026 - 06:51:41 UTC<\/span><\/span>\n\t\t\t\t\t\t\t\t\t\t\t<span class=\"stmp_trans_date\">\u00daltima actualizaci\u00f3n: <span>21\/11\/2021 - 17:09:35<\/span><\/span>\n\t\t\t\t\t\t\t\t\t\t\t<span class=\"stmp_trans_date\">Fecha publicaci\u00f3n: <span>21\/11\/2021 - 17:09:35<\/span><\/span>\n\t\t\t\t\t\t\t\t\t\t\t<span class=\"stmp_trans_date\">Fecha creaci\u00f3n: <span>21\/11\/2021 - 17:09:35<\/span><\/span><\/div>\n\t","protected":false},"excerpt":{"rendered":"<p>Los niveles de calidad del aire se monitorizan permanentemente para detectar si hay peligro para la salud de la ciudadan\u00eda La disposici\u00f3n de las cenizas hacia el este y noreste debido a la evoluci\u00f3n de los vientos afectar\u00e1 a la navegaci\u00f3n a\u00e9rea hoy y ma\u00f1ana&#8230;<\/p>\n<div class=\"pvc_clear\"><\/div>\n<p id=\"pvc_stats_3664\" class=\"pvc_stats all  \" data-element-id=\"3664\" style=\"\"><i class=\"pvc-stats-icon medium\" aria-hidden=\"true\"><svg aria-hidden=\"true\" focusable=\"false\" data-prefix=\"far\" data-icon=\"chart-bar\" role=\"img\" xmlns=\"http:\/\/www.w3.org\/2000\/svg\" viewBox=\"0 0 512 512\" class=\"svg-inline--fa fa-chart-bar fa-w-16 fa-2x\"><path fill=\"currentColor\" d=\"M396.8 352h22.4c6.4 0 12.8-6.4 12.8-12.8V108.8c0-6.4-6.4-12.8-12.8-12.8h-22.4c-6.4 0-12.8 6.4-12.8 12.8v230.4c0 6.4 6.4 12.8 12.8 12.8zm-192 0h22.4c6.4 0 12.8-6.4 12.8-12.8V140.8c0-6.4-6.4-12.8-12.8-12.8h-22.4c-6.4 0-12.8 6.4-12.8 12.8v198.4c0 6.4 6.4 12.8 12.8 12.8zm96 0h22.4c6.4 0 12.8-6.4 12.8-12.8V204.8c0-6.4-6.4-12.8-12.8-12.8h-22.4c-6.4 0-12.8 6.4-12.8 12.8v134.4c0 6.4 6.4 12.8 12.8 12.8zM496 400H48V80c0-8.84-7.16-16-16-16H16C7.16 64 0 71.16 0 80v336c0 17.67 14.33 32 32 32h464c8.84 0 16-7.16 16-16v-16c0-8.84-7.16-16-16-16zm-387.2-48h22.4c6.4 0 12.8-6.4 12.8-12.8v-70.4c0-6.4-6.4-12.8-12.8-12.8h-22.4c-6.4 0-12.8 6.4-12.8 12.8v70.4c0 6.4 6.4 12.8 12.8 12.8z\" class=\"\"><\/path><\/svg><\/i> <img loading=\"lazy\" decoding=\"async\" width=\"16\" height=\"16\" alt=\"Loading\" src=\"https:\/\/www.gsccanarias.com\/gsc\/wp-content\/plugins\/page-views-count\/ajax-loader-2x.gif\" border=0 \/><\/p>\n<div class=\"pvc_clear\"><\/div>\n","protected":false},"author":1,"featured_media":3663,"comment_status":"open","ping_status":"open","sticky":false,"template":"","format":"standard","meta":{"footnotes":""},"categories":[36],"tags":[],"class_list":["post-3664","post","type-post","status-publish","format-standard","has-post-thumbnail","hentry","category-ultimas-noticias"],"a3_pvc":{"activated":true,"total_views":77,"today_views":0},"yoast_head":"<!-- This site is optimized with the Yoast SEO plugin v27.5 - https:\/\/yoast.com\/product\/yoast-seo-wordpress\/ -->\n<title>El continuo aporte de lava hace que se unan las coladas 4 y 7 y aumente la superficie total afectada en ocho hect\u00e1reas - GSC<\/title>\n<meta name=\"robots\" content=\"index, follow, max-snippet:-1, max-image-preview:large, max-video-preview:-1\" \/>\n<link rel=\"canonical\" href=\"https:\/\/www.gsccanarias.com\/gsc\/el-continuo-aporte-de-lava-hace-que-se-unan-las-coladas-4-y-7-y-aumente-la-superficie-total-afectada-en-ocho-hectareas\/\" \/>\n<meta property=\"og:locale\" content=\"es_ES\" \/>\n<meta property=\"og:type\" content=\"article\" \/>\n<meta property=\"og:title\" content=\"El continuo aporte de lava hace que se unan las coladas 4 y 7 y aumente la superficie total afectada en ocho hect\u00e1reas - GSC\" \/>\n<meta property=\"og:description\" content=\"Los niveles de calidad del aire se monitorizan permanentemente para detectar si hay peligro para la salud de la ciudadan\u00eda La disposici\u00f3n de las cenizas hacia el este y noreste debido a la evoluci\u00f3n de los vientos afectar\u00e1 a la navegaci\u00f3n a\u00e9rea hoy y ma\u00f1ana...\" \/>\n<meta property=\"og:url\" content=\"https:\/\/www.gsccanarias.com\/gsc\/el-continuo-aporte-de-lava-hace-que-se-unan-las-coladas-4-y-7-y-aumente-la-superficie-total-afectada-en-ocho-hectareas\/\" \/>\n<meta property=\"og:site_name\" content=\"GSC\" \/>\n<meta property=\"article:published_time\" content=\"2021-11-21T17:09:35+00:00\" \/>\n<meta property=\"og:image\" content=\"https:\/\/www.gsccanarias.com\/gsc\/wp-content\/uploads\/2021\/11\/211121_Erupcin_La_Palma_-_aporte_de_lava_en_las_coladas_4_y_7.jpeg\" \/>\n\t<meta property=\"og:image:width\" content=\"1354\" \/>\n\t<meta property=\"og:image:height\" content=\"762\" \/>\n\t<meta property=\"og:image:type\" content=\"image\/jpeg\" \/>\n<meta name=\"author\" content=\"userad112\" \/>\n<meta name=\"twitter:card\" content=\"summary_large_image\" \/>\n<meta name=\"twitter:label1\" content=\"Escrito por\" \/>\n\t<meta name=\"twitter:data1\" content=\"userad112\" \/>\n\t<meta name=\"twitter:label2\" content=\"Tiempo de lectura\" \/>\n\t<meta name=\"twitter:data2\" content=\"15 minutos\" \/>\n<script type=\"application\/ld+json\" class=\"yoast-schema-graph\">{\"@context\":\"https:\\\/\\\/schema.org\",\"@graph\":[{\"@type\":\"Article\",\"@id\":\"https:\\\/\\\/www.gsccanarias.com\\\/gsc\\\/el-continuo-aporte-de-lava-hace-que-se-unan-las-coladas-4-y-7-y-aumente-la-superficie-total-afectada-en-ocho-hectareas\\\/#article\",\"isPartOf\":{\"@id\":\"https:\\\/\\\/www.gsccanarias.com\\\/gsc\\\/el-continuo-aporte-de-lava-hace-que-se-unan-las-coladas-4-y-7-y-aumente-la-superficie-total-afectada-en-ocho-hectareas\\\/\"},\"author\":{\"name\":\"userad112\",\"@id\":\"https:\\\/\\\/www.gsccanarias.com\\\/gsc\\\/#\\\/schema\\\/person\\\/591ed0ce1757a7168579ec75f6e7f340\"},\"headline\":\"El continuo aporte de lava hace que se unan las coladas 4 y 7 y aumente la superficie total afectada en ocho hect\u00e1reas\",\"datePublished\":\"2021-11-21T17:09:35+00:00\",\"mainEntityOfPage\":{\"@id\":\"https:\\\/\\\/www.gsccanarias.com\\\/gsc\\\/el-continuo-aporte-de-lava-hace-que-se-unan-las-coladas-4-y-7-y-aumente-la-superficie-total-afectada-en-ocho-hectareas\\\/\"},\"wordCount\":3058,\"commentCount\":0,\"image\":{\"@id\":\"https:\\\/\\\/www.gsccanarias.com\\\/gsc\\\/el-continuo-aporte-de-lava-hace-que-se-unan-las-coladas-4-y-7-y-aumente-la-superficie-total-afectada-en-ocho-hectareas\\\/#primaryimage\"},\"thumbnailUrl\":\"https:\\\/\\\/www.gsccanarias.com\\\/gsc\\\/wp-content\\\/uploads\\\/2021\\\/11\\\/211121_Erupcin_La_Palma_-_aporte_de_lava_en_las_coladas_4_y_7.jpeg\",\"articleSection\":[\"\u00daltimas noticias\"],\"inLanguage\":\"es\",\"potentialAction\":[{\"@type\":\"CommentAction\",\"name\":\"Comment\",\"target\":[\"https:\\\/\\\/www.gsccanarias.com\\\/gsc\\\/el-continuo-aporte-de-lava-hace-que-se-unan-las-coladas-4-y-7-y-aumente-la-superficie-total-afectada-en-ocho-hectareas\\\/#respond\"]}]},{\"@type\":\"WebPage\",\"@id\":\"https:\\\/\\\/www.gsccanarias.com\\\/gsc\\\/el-continuo-aporte-de-lava-hace-que-se-unan-las-coladas-4-y-7-y-aumente-la-superficie-total-afectada-en-ocho-hectareas\\\/\",\"url\":\"https:\\\/\\\/www.gsccanarias.com\\\/gsc\\\/el-continuo-aporte-de-lava-hace-que-se-unan-las-coladas-4-y-7-y-aumente-la-superficie-total-afectada-en-ocho-hectareas\\\/\",\"name\":\"El continuo aporte de lava hace que se unan las coladas 4 y 7 y aumente la superficie total afectada en ocho hect\u00e1reas - GSC\",\"isPartOf\":{\"@id\":\"https:\\\/\\\/www.gsccanarias.com\\\/gsc\\\/#website\"},\"primaryImageOfPage\":{\"@id\":\"https:\\\/\\\/www.gsccanarias.com\\\/gsc\\\/el-continuo-aporte-de-lava-hace-que-se-unan-las-coladas-4-y-7-y-aumente-la-superficie-total-afectada-en-ocho-hectareas\\\/#primaryimage\"},\"image\":{\"@id\":\"https:\\\/\\\/www.gsccanarias.com\\\/gsc\\\/el-continuo-aporte-de-lava-hace-que-se-unan-las-coladas-4-y-7-y-aumente-la-superficie-total-afectada-en-ocho-hectareas\\\/#primaryimage\"},\"thumbnailUrl\":\"https:\\\/\\\/www.gsccanarias.com\\\/gsc\\\/wp-content\\\/uploads\\\/2021\\\/11\\\/211121_Erupcin_La_Palma_-_aporte_de_lava_en_las_coladas_4_y_7.jpeg\",\"datePublished\":\"2021-11-21T17:09:35+00:00\",\"author\":{\"@id\":\"https:\\\/\\\/www.gsccanarias.com\\\/gsc\\\/#\\\/schema\\\/person\\\/591ed0ce1757a7168579ec75f6e7f340\"},\"breadcrumb\":{\"@id\":\"https:\\\/\\\/www.gsccanarias.com\\\/gsc\\\/el-continuo-aporte-de-lava-hace-que-se-unan-las-coladas-4-y-7-y-aumente-la-superficie-total-afectada-en-ocho-hectareas\\\/#breadcrumb\"},\"inLanguage\":\"es\",\"potentialAction\":[{\"@type\":\"ReadAction\",\"target\":[\"https:\\\/\\\/www.gsccanarias.com\\\/gsc\\\/el-continuo-aporte-de-lava-hace-que-se-unan-las-coladas-4-y-7-y-aumente-la-superficie-total-afectada-en-ocho-hectareas\\\/\"]}]},{\"@type\":\"ImageObject\",\"inLanguage\":\"es\",\"@id\":\"https:\\\/\\\/www.gsccanarias.com\\\/gsc\\\/el-continuo-aporte-de-lava-hace-que-se-unan-las-coladas-4-y-7-y-aumente-la-superficie-total-afectada-en-ocho-hectareas\\\/#primaryimage\",\"url\":\"https:\\\/\\\/www.gsccanarias.com\\\/gsc\\\/wp-content\\\/uploads\\\/2021\\\/11\\\/211121_Erupcin_La_Palma_-_aporte_de_lava_en_las_coladas_4_y_7.jpeg\",\"contentUrl\":\"https:\\\/\\\/www.gsccanarias.com\\\/gsc\\\/wp-content\\\/uploads\\\/2021\\\/11\\\/211121_Erupcin_La_Palma_-_aporte_de_lava_en_las_coladas_4_y_7.jpeg\",\"width\":1354,\"height\":762,\"caption\":\"211121_Erupcin_La_Palma\"},{\"@type\":\"BreadcrumbList\",\"@id\":\"https:\\\/\\\/www.gsccanarias.com\\\/gsc\\\/el-continuo-aporte-de-lava-hace-que-se-unan-las-coladas-4-y-7-y-aumente-la-superficie-total-afectada-en-ocho-hectareas\\\/#breadcrumb\",\"itemListElement\":[{\"@type\":\"ListItem\",\"position\":1,\"name\":\"Portada\",\"item\":\"https:\\\/\\\/www.gsccanarias.com\\\/gsc\\\/\"},{\"@type\":\"ListItem\",\"position\":2,\"name\":\"El continuo aporte de lava hace que se unan las coladas 4 y 7 y aumente la superficie total afectada en ocho hect\u00e1reas\"}]},{\"@type\":\"WebSite\",\"@id\":\"https:\\\/\\\/www.gsccanarias.com\\\/gsc\\\/#website\",\"url\":\"https:\\\/\\\/www.gsccanarias.com\\\/gsc\\\/\",\"name\":\"GSC\",\"description\":\"Administramos servicios relacionados con la salud, las emergencias, la seguridad y el transporte sanitario\",\"potentialAction\":[{\"@type\":\"SearchAction\",\"target\":{\"@type\":\"EntryPoint\",\"urlTemplate\":\"https:\\\/\\\/www.gsccanarias.com\\\/gsc\\\/?s={search_term_string}\"},\"query-input\":{\"@type\":\"PropertyValueSpecification\",\"valueRequired\":true,\"valueName\":\"search_term_string\"}}],\"inLanguage\":\"es\"},{\"@type\":\"Person\",\"@id\":\"https:\\\/\\\/www.gsccanarias.com\\\/gsc\\\/#\\\/schema\\\/person\\\/591ed0ce1757a7168579ec75f6e7f340\",\"name\":\"userad112\",\"image\":{\"@type\":\"ImageObject\",\"inLanguage\":\"es\",\"@id\":\"https:\\\/\\\/secure.gravatar.com\\\/avatar\\\/6aab27730b29899b0a1a05aaa7b266b4fc1fce4dd26b427baeb73cffe474a916?s=96&d=mm&r=g\",\"url\":\"https:\\\/\\\/secure.gravatar.com\\\/avatar\\\/6aab27730b29899b0a1a05aaa7b266b4fc1fce4dd26b427baeb73cffe474a916?s=96&d=mm&r=g\",\"contentUrl\":\"https:\\\/\\\/secure.gravatar.com\\\/avatar\\\/6aab27730b29899b0a1a05aaa7b266b4fc1fce4dd26b427baeb73cffe474a916?s=96&d=mm&r=g\",\"caption\":\"userad112\"},\"sameAs\":[\"https:\\\/\\\/321brand.com\\\/112\"],\"url\":\"https:\\\/\\\/www.gsccanarias.com\\\/gsc\\\/author\\\/userad112\\\/\"}]}<\/script>\n<!-- \/ Yoast SEO plugin. -->","yoast_head_json":{"title":"El continuo aporte de lava hace que se unan las coladas 4 y 7 y aumente la superficie total afectada en ocho hect\u00e1reas - GSC","robots":{"index":"index","follow":"follow","max-snippet":"max-snippet:-1","max-image-preview":"max-image-preview:large","max-video-preview":"max-video-preview:-1"},"canonical":"https:\/\/www.gsccanarias.com\/gsc\/el-continuo-aporte-de-lava-hace-que-se-unan-las-coladas-4-y-7-y-aumente-la-superficie-total-afectada-en-ocho-hectareas\/","og_locale":"es_ES","og_type":"article","og_title":"El continuo aporte de lava hace que se unan las coladas 4 y 7 y aumente la superficie total afectada en ocho hect\u00e1reas - GSC","og_description":"Los niveles de calidad del aire se monitorizan permanentemente para detectar si hay peligro para la salud de la ciudadan\u00eda La disposici\u00f3n de las cenizas hacia el este y noreste debido a la evoluci\u00f3n de los vientos afectar\u00e1 a la navegaci\u00f3n a\u00e9rea hoy y ma\u00f1ana...","og_url":"https:\/\/www.gsccanarias.com\/gsc\/el-continuo-aporte-de-lava-hace-que-se-unan-las-coladas-4-y-7-y-aumente-la-superficie-total-afectada-en-ocho-hectareas\/","og_site_name":"GSC","article_published_time":"2021-11-21T17:09:35+00:00","og_image":[{"width":1354,"height":762,"url":"https:\/\/www.gsccanarias.com\/gsc\/wp-content\/uploads\/2021\/11\/211121_Erupcin_La_Palma_-_aporte_de_lava_en_las_coladas_4_y_7.jpeg","type":"image\/jpeg"}],"author":"userad112","twitter_card":"summary_large_image","twitter_misc":{"Escrito por":"userad112","Tiempo de lectura":"15 minutos"},"schema":{"@context":"https:\/\/schema.org","@graph":[{"@type":"Article","@id":"https:\/\/www.gsccanarias.com\/gsc\/el-continuo-aporte-de-lava-hace-que-se-unan-las-coladas-4-y-7-y-aumente-la-superficie-total-afectada-en-ocho-hectareas\/#article","isPartOf":{"@id":"https:\/\/www.gsccanarias.com\/gsc\/el-continuo-aporte-de-lava-hace-que-se-unan-las-coladas-4-y-7-y-aumente-la-superficie-total-afectada-en-ocho-hectareas\/"},"author":{"name":"userad112","@id":"https:\/\/www.gsccanarias.com\/gsc\/#\/schema\/person\/591ed0ce1757a7168579ec75f6e7f340"},"headline":"El continuo aporte de lava hace que se unan las coladas 4 y 7 y aumente la superficie total afectada en ocho hect\u00e1reas","datePublished":"2021-11-21T17:09:35+00:00","mainEntityOfPage":{"@id":"https:\/\/www.gsccanarias.com\/gsc\/el-continuo-aporte-de-lava-hace-que-se-unan-las-coladas-4-y-7-y-aumente-la-superficie-total-afectada-en-ocho-hectareas\/"},"wordCount":3058,"commentCount":0,"image":{"@id":"https:\/\/www.gsccanarias.com\/gsc\/el-continuo-aporte-de-lava-hace-que-se-unan-las-coladas-4-y-7-y-aumente-la-superficie-total-afectada-en-ocho-hectareas\/#primaryimage"},"thumbnailUrl":"https:\/\/www.gsccanarias.com\/gsc\/wp-content\/uploads\/2021\/11\/211121_Erupcin_La_Palma_-_aporte_de_lava_en_las_coladas_4_y_7.jpeg","articleSection":["\u00daltimas noticias"],"inLanguage":"es","potentialAction":[{"@type":"CommentAction","name":"Comment","target":["https:\/\/www.gsccanarias.com\/gsc\/el-continuo-aporte-de-lava-hace-que-se-unan-las-coladas-4-y-7-y-aumente-la-superficie-total-afectada-en-ocho-hectareas\/#respond"]}]},{"@type":"WebPage","@id":"https:\/\/www.gsccanarias.com\/gsc\/el-continuo-aporte-de-lava-hace-que-se-unan-las-coladas-4-y-7-y-aumente-la-superficie-total-afectada-en-ocho-hectareas\/","url":"https:\/\/www.gsccanarias.com\/gsc\/el-continuo-aporte-de-lava-hace-que-se-unan-las-coladas-4-y-7-y-aumente-la-superficie-total-afectada-en-ocho-hectareas\/","name":"El continuo aporte de lava hace que se unan las coladas 4 y 7 y aumente la superficie total afectada en ocho hect\u00e1reas - GSC","isPartOf":{"@id":"https:\/\/www.gsccanarias.com\/gsc\/#website"},"primaryImageOfPage":{"@id":"https:\/\/www.gsccanarias.com\/gsc\/el-continuo-aporte-de-lava-hace-que-se-unan-las-coladas-4-y-7-y-aumente-la-superficie-total-afectada-en-ocho-hectareas\/#primaryimage"},"image":{"@id":"https:\/\/www.gsccanarias.com\/gsc\/el-continuo-aporte-de-lava-hace-que-se-unan-las-coladas-4-y-7-y-aumente-la-superficie-total-afectada-en-ocho-hectareas\/#primaryimage"},"thumbnailUrl":"https:\/\/www.gsccanarias.com\/gsc\/wp-content\/uploads\/2021\/11\/211121_Erupcin_La_Palma_-_aporte_de_lava_en_las_coladas_4_y_7.jpeg","datePublished":"2021-11-21T17:09:35+00:00","author":{"@id":"https:\/\/www.gsccanarias.com\/gsc\/#\/schema\/person\/591ed0ce1757a7168579ec75f6e7f340"},"breadcrumb":{"@id":"https:\/\/www.gsccanarias.com\/gsc\/el-continuo-aporte-de-lava-hace-que-se-unan-las-coladas-4-y-7-y-aumente-la-superficie-total-afectada-en-ocho-hectareas\/#breadcrumb"},"inLanguage":"es","potentialAction":[{"@type":"ReadAction","target":["https:\/\/www.gsccanarias.com\/gsc\/el-continuo-aporte-de-lava-hace-que-se-unan-las-coladas-4-y-7-y-aumente-la-superficie-total-afectada-en-ocho-hectareas\/"]}]},{"@type":"ImageObject","inLanguage":"es","@id":"https:\/\/www.gsccanarias.com\/gsc\/el-continuo-aporte-de-lava-hace-que-se-unan-las-coladas-4-y-7-y-aumente-la-superficie-total-afectada-en-ocho-hectareas\/#primaryimage","url":"https:\/\/www.gsccanarias.com\/gsc\/wp-content\/uploads\/2021\/11\/211121_Erupcin_La_Palma_-_aporte_de_lava_en_las_coladas_4_y_7.jpeg","contentUrl":"https:\/\/www.gsccanarias.com\/gsc\/wp-content\/uploads\/2021\/11\/211121_Erupcin_La_Palma_-_aporte_de_lava_en_las_coladas_4_y_7.jpeg","width":1354,"height":762,"caption":"211121_Erupcin_La_Palma"},{"@type":"BreadcrumbList","@id":"https:\/\/www.gsccanarias.com\/gsc\/el-continuo-aporte-de-lava-hace-que-se-unan-las-coladas-4-y-7-y-aumente-la-superficie-total-afectada-en-ocho-hectareas\/#breadcrumb","itemListElement":[{"@type":"ListItem","position":1,"name":"Portada","item":"https:\/\/www.gsccanarias.com\/gsc\/"},{"@type":"ListItem","position":2,"name":"El continuo aporte de lava hace que se unan las coladas 4 y 7 y aumente la superficie total afectada en ocho hect\u00e1reas"}]},{"@type":"WebSite","@id":"https:\/\/www.gsccanarias.com\/gsc\/#website","url":"https:\/\/www.gsccanarias.com\/gsc\/","name":"GSC","description":"Administramos servicios relacionados con la salud, las emergencias, la seguridad y el transporte sanitario","potentialAction":[{"@type":"SearchAction","target":{"@type":"EntryPoint","urlTemplate":"https:\/\/www.gsccanarias.com\/gsc\/?s={search_term_string}"},"query-input":{"@type":"PropertyValueSpecification","valueRequired":true,"valueName":"search_term_string"}}],"inLanguage":"es"},{"@type":"Person","@id":"https:\/\/www.gsccanarias.com\/gsc\/#\/schema\/person\/591ed0ce1757a7168579ec75f6e7f340","name":"userad112","image":{"@type":"ImageObject","inLanguage":"es","@id":"https:\/\/secure.gravatar.com\/avatar\/6aab27730b29899b0a1a05aaa7b266b4fc1fce4dd26b427baeb73cffe474a916?s=96&d=mm&r=g","url":"https:\/\/secure.gravatar.com\/avatar\/6aab27730b29899b0a1a05aaa7b266b4fc1fce4dd26b427baeb73cffe474a916?s=96&d=mm&r=g","contentUrl":"https:\/\/secure.gravatar.com\/avatar\/6aab27730b29899b0a1a05aaa7b266b4fc1fce4dd26b427baeb73cffe474a916?s=96&d=mm&r=g","caption":"userad112"},"sameAs":["https:\/\/321brand.com\/112"],"url":"https:\/\/www.gsccanarias.com\/gsc\/author\/userad112\/"}]}},"publishpress_future_workflow_manual_trigger":{"enabledWorkflows":[]},"_links":{"self":[{"href":"https:\/\/www.gsccanarias.com\/gsc\/wp-json\/wp\/v2\/posts\/3664","targetHints":{"allow":["GET"]}}],"collection":[{"href":"https:\/\/www.gsccanarias.com\/gsc\/wp-json\/wp\/v2\/posts"}],"about":[{"href":"https:\/\/www.gsccanarias.com\/gsc\/wp-json\/wp\/v2\/types\/post"}],"author":[{"embeddable":true,"href":"https:\/\/www.gsccanarias.com\/gsc\/wp-json\/wp\/v2\/users\/1"}],"replies":[{"embeddable":true,"href":"https:\/\/www.gsccanarias.com\/gsc\/wp-json\/wp\/v2\/comments?post=3664"}],"version-history":[{"count":0,"href":"https:\/\/www.gsccanarias.com\/gsc\/wp-json\/wp\/v2\/posts\/3664\/revisions"}],"wp:featuredmedia":[{"embeddable":true,"href":"https:\/\/www.gsccanarias.com\/gsc\/wp-json\/wp\/v2\/media\/3663"}],"wp:attachment":[{"href":"https:\/\/www.gsccanarias.com\/gsc\/wp-json\/wp\/v2\/media?parent=3664"}],"wp:term":[{"taxonomy":"category","embeddable":true,"href":"https:\/\/www.gsccanarias.com\/gsc\/wp-json\/wp\/v2\/categories?post=3664"},{"taxonomy":"post_tag","embeddable":true,"href":"https:\/\/www.gsccanarias.com\/gsc\/wp-json\/wp\/v2\/tags?post=3664"}],"curies":[{"name":"wp","href":"https:\/\/api.w.org\/{rel}","templated":true}]}}