{"id":3662,"date":"2021-11-20T21:07:47","date_gmt":"2021-11-20T21:07:47","guid":{"rendered":"https:\/\/www.gsccanarias.com\/gsc\/el-aporte-de-lava-alimenta-principalmente-la-colada-4-y-ocupa-nuevo-terreno-agricola\/"},"modified":"2021-11-20T21:07:47","modified_gmt":"2021-11-20T21:07:47","slug":"el-aporte-de-lava-alimenta-principalmente-la-colada-4-y-ocupa-nuevo-terreno-agricola","status":"publish","type":"post","link":"https:\/\/www.gsccanarias.com\/gsc\/el-aporte-de-lava-alimenta-principalmente-la-colada-4-y-ocupa-nuevo-terreno-agricola\/","title":{"rendered":"El aporte de lava alimenta principalmente la colada 4 y ocupa nuevo terreno agr\u00edcola"},"content":{"rendered":"<p><\/p>\n<p style=\"text-align: justify;\"><strong>Desde ayer, los niveles de la calidad del aire se mantienen estables en la zona del Valle de Aridane, con valores buenos o razonablemente buenos<\/strong><\/p>\n<p style=\"text-align: justify;\"><strong>Los vientos, de componente sur y oeste, han afectado a la navegaci\u00f3n a\u00e9rea lo que ha provocado la cancelaci\u00f3n de operaciones durante la ma\u00f1ana<\/strong><\/p>\n<p style=\"text-align: justify;\">El escaso crecimiento de las coladas, apenas unas 3 hect\u00e1reas, y la buena calidad del aire en las \u00faltimas 24 horas son algunos de los datos analizados hoy en la reuni\u00f3n diaria del Comit\u00e9 Director del Plan Especial de Protecci\u00f3n Civil y Atenci\u00f3n de Emergencias por Riesgo Volc\u00e1nico de Canarias (PEVOLCA) del Gobierno de Canaria. Desde ayer, la superficie afectada por las coladas ha crecido escasamente unas 3 hect\u00e1reas, hasta alcanzar las 1.050,95 hect\u00e1reas y el delta l\u00e1vico se mantiene en unas 43 hect\u00e1reas. Seg\u00fan inform\u00f3 Rub\u00e9n Fern\u00e1ndez, por la Direcci\u00f3n T\u00e9cnica del PEVOLCA, este peque\u00f1o aporte discurre principalmente por la colada 4, adem\u00e1s de por coladas preexistentes, y ocupa nuevas zonas de cultivo agr\u00edcola.<\/p>\n<p style=\"text-align: justify;\">Respecto a la calidad del aire, Fern\u00e1ndez se\u00f1al\u00f3 que los valores vinculados al di\u00f3xido de azufre (SO2) y a las part\u00edculas inferior de las 10 micras (PM10) en la zona del Valle de Aridane se mantienen desde ayer buenos o razonablemente buenos, y se siguen monitorizando diariamente. Este indicador, junto a la evoluci\u00f3n de las coladas y el estado de los accesos, puede permitir que se autorice la entrada de vecinos y personal de emergencias a las zonas evacuadas o de exclusi\u00f3n con el control y acompa\u00f1amiento que se establezcan.<\/p>\n<p style=\"text-align: justify;\">Por parte de la direcci\u00f3n del PEVOLCA se record\u00f3 adem\u00e1s que el acceso a las zonas evacuadas debe hacerse de manera organizada y cumpliendo con las medidas de autoprotecci\u00f3n, es decir, el uso de las mascarillas FFP2 en toda la zona afectada y gafas protectoras, sobre todo, cuando se realicen labores de limpieza de viviendas y azoteas para evitar el contacto de las cenizas con los ojos.<\/p>\n<p style=\"text-align: justify;\">En cuanto a las condiciones meteorol\u00f3gicas, Rub\u00e9n Fern\u00e1ndez se\u00f1al\u00f3 que los vientos de componente sur y oeste suponen un escenario desfavorable para la navegaci\u00f3n a\u00e9rea lo que ha provocado la cancelaci\u00f3n de operaciones durante la ma\u00f1ana.<\/p>\n<p style=\"text-align: justify;\">Adem\u00e1s, existe la probabilidad de precipitaciones que pueden ser localmente moderadas en la zona norte y este de la isla y desde el PEVOLCA se est\u00e1 pendiente de la entrada a partir de ma\u00f1ana de un frente que puede traer vientos fuertes en las cumbres y lluvias moderadas o puntualmente fuertes en la generalidad de la Isla.<\/p>\n<p style=\"text-align: justify;\">Por lo que se refiere a las infraestructuras da\u00f1adas, no existen nuevos datos por parte de Catastro por lo que se mantienen de 1.467 edificaciones, ni de Copernicus, que contabilizaba unas 2.731 ediciones en su \u00faltimo registro. Tampoco se dispone de nuevos datos de cultivos afectados, pero debido a la afecci\u00f3n en la colada 4, es probable que hayan aumentado las 314 hect\u00e1reas de ayer.<\/p>\n<p style=\"text-align: justify;\">El n\u00famero de albergados se sit\u00faa en 489 personas en centros hoteleros, uno menos que ayer. Del total, 418 se hospedan en el hotel de Fuencaliente y 71 en Los Llanos de Aridane. Adem\u00e1s, hay 43 personas dependientes atendidas en centros sociosanitarios insulares.<\/p>\n<p style=\"text-align: justify;\"><strong>Sismicidad<\/strong><\/p>\n<p style=\"text-align: justify;\">Por otro lado, la portavoz del Comit\u00e9 Cient\u00edfico, Carmen L\u00f3pez, inform\u00f3 que en el informe cient\u00edfico de hoy se ha incluido un p\u00e1rrafo que hace referencia a la magnitud o cuantificaci\u00f3n de la erupci\u00f3n establecida mediante el VEI (puede variar en una escala que va de 0 a 8 grados) que se calcula, fundamentalmente, a partir del volumen de material pirocl\u00e1stico emitido. En este sentido a\u00f1adi\u00f3 que al haberse superado los 10 millones de m3 de piroclastos emitidos en esta erupci\u00f3n, el VEI pasa por lo tanto de 2 a 3. Adem\u00e1s, recalc\u00f3 que este valor de 3 no implica que haya cambiado ni el mecanismo eruptivo (fisural efusivo-estromboliano con pulsos freatomagm\u00e1ticos) ni la explosividad de la erupci\u00f3n, que se mantiene con las mismas caracter\u00edsticas de todo el proceso eruptivo.<\/p>\n<p style=\"text-align: justify;\">A este respecto indic\u00f3 que ayer continu\u00f3 la actividad estromboliana, con pulsos de emisi\u00f3n de ceniza, y tres frentes de colada l\u00e1vicas que desde ayer permanecen activos, pero con menor actividad.<\/p>\n<p style=\"text-align: justify;\">La sismicidad intermedia contin\u00faa situ\u00e1ndose en las mismas zonas y se mantiene la registrada a profundidades superiores a 20 km. La magnitud m\u00e1xima hoy ha sido 4.6 mbLg de un evento ocurrido a las 10:19 a profundidad de 37 km, sentido con intensidad IV (en la escala de intensidad EMS) y el tremor permanece en nivel bajo.<\/p>\n<p style=\"text-align: justify;\">En la deformaci\u00f3n del terreno se observa, desde comienzos de noviembre, una notable disminuci\u00f3n de la deflaci\u00f3n regional. Adem\u00e1s, se registra el inicio de la reversi\u00f3n de la deformaci\u00f3n vertical de 6 cm registrada ayer en la estaci\u00f3n GNSS al norte de Jedey (LP03).<\/p>\n<p style=\"text-align: justify;\">La emisi\u00f3n de di\u00f3xido de azufre (SO2) asociada al penacho volc\u00e1nico, ayer\u00a0 continu\u00f3 siendo alta, pero relativamente menor que los dos d\u00edas anteriores, registr\u00e1ndose un rango de valores entre 10000 y 17000 toneladas diarias.<\/p>\n<p style=\"text-align: justify;\">Por otro lado, el an\u00e1lisis de im\u00e1genes satelitales refleja una tendencia descendente desde el pasado 23 de septiembre.<\/p>\n<p style=\"text-align: justify;\">Respecto a la calidad del aire debida al di\u00f3xido de azufre (SO2), Carmen L\u00f3pez se\u00f1al\u00f3 que ayer se mantuvo en valores buenos o razonablemente buenos en todas las estaciones de la isla a excepci\u00f3n de Tazacorte, donde se alcanz\u00f3 el nivel muy desfavorable con una superaci\u00f3n del umbral de alerta en momentos puntuales. Durante la ma\u00f1ana de hoy se est\u00e1n manteniendo los valores buenos en todas las estaciones de la isla.<\/p>\n<p style=\"text-align: justify;\">Las part\u00edculas menores de 10 micras (PM10), desde ayer se han mantenido niveles de calidad del aire razonablemente buenos o buenos en todas las estaciones de la isla.<\/p>\n<p style=\"text-align: justify;\"><strong>Dictamen diario del Comit\u00e9 Cient\u00edfico<\/strong><\/p>\n<p style=\"text-align: justify;\">Previamente a la reuni\u00f3n del Comit\u00e9 Director del PEVOLCA se reuni\u00f3 el Comit\u00e9 Cient\u00edfico del Plan, en el que sus integrantes expusieron sus conclusiones sobre la evoluci\u00f3n del fen\u00f3meno eruptivo desde el d\u00eda de ayer. Este Comit\u00e9 Cient\u00edfico est\u00e1 coordinado por la Direcci\u00f3n General de Seguridad y Emergencias del Gobierno de Canarias y lo integran representantes del Instituto Geogr\u00e1fico Nacional (IGN), Consejo Superior de Investigaciones Cient\u00edficas (CSIC), Instituto Volcanol\u00f3gico de Canarias (Involcan), Instituto Geol\u00f3gico y Minero de Espa\u00f1a (IGME), Agencia Estatal de Meteorolog\u00eda (AEMET), Instituto Espa\u00f1ol de Oceanograf\u00eda (IEO), Universidad de La Laguna y Universidad de Las Palmas de Gran Canaria.<\/p>\n<p style=\"text-align: justify;\">Tales conclusiones fueron:<\/p>\n<p style=\"text-align: justify;\">\u201cLa erupci\u00f3n fisural contin\u00faa mostrando mecanismo estromboliano, esto es, un mecanismo de car\u00e1cter mixto, con fases de explosividad variable que producen dep\u00f3sitos pirocl\u00e1sticos y fases efusivas que producen las coladas de lava, de forma simult\u00e1nea. El proceso eruptivo muestra episodios de incremento y disminuci\u00f3n de la actividad estromboliana, as\u00ed como pulsos con actividad freatomagm\u00e1tica.<\/p>\n<p style=\"text-align: justify;\">La magnitud de la erupci\u00f3n puede ser establecida mediante el VEI (puede variar en una escala que va de 0 a 8 grados) que se calcula, fundamentalmente, a partir del volumen de material pirocl\u00e1stico emitido. Dado que se han superado los 10 millones de m3 de piroclastos emitidos en esta erupci\u00f3n, el VEI pasa por lo tanto de 2 a 3. Este valor de 3 no implica que haya cambiado ni el mecanismo eruptivo (fisural efusivo-estromboliano con pulsos freatomagm\u00e1ticos) ni la explosividad de la erupci\u00f3n, que se mantiene con las mismas caracter\u00edsticas de todo el proceso eruptivo.<\/p>\n<p style=\"text-align: justify;\">Ayer continuaba la actividad estromboliana, con pulsos de emisi\u00f3n de ceniza. Contin\u00faan activos los tres frentes de colada l\u00e1vicas de ayer, pero con menor actividad. El que discurre entre las zonas 4 y 7 ocupa terreno nuevo, avanzando 130 m hasta la ma\u00f1ana de hoy.<\/p>\n<p style=\"text-align: justify;\">Actualmente siguen activos varios centros de emisi\u00f3n con actividad variable (tanto de piroclastos y gases, como de lava) seg\u00fan se modifica la configuraci\u00f3n de la zona eruptiva. No se descarta la aparici\u00f3n de nuevos centros de emisi\u00f3n en el entorno del cono principal, dentro de la zona de exclusi\u00f3n.<\/p>\n<p style=\"text-align: justify;\">La altura de la columna eruptiva medida esta ma\u00f1ana (08:45) ha sido de 3200 m, con dispersi\u00f3n en direcci\u00f3n E.<\/p>\n<p style=\"text-align: justify;\">Predominio de vientos de componente S y O desde superficie hasta los 5000 m. La nube de cenizas y SO2 est\u00e1 dispuesta hacia el E \u2013 NE desde el foco eruptivo. Se espera que contin\u00fae as\u00ed las pr\u00f3ximas 24-48 horas, suponiendo un escenario desfavorable para la operatividad aeron\u00e1utica, principalmente para el aeropuerto de La Palma. La aproximaci\u00f3n de una estructura frontal asociada a una borrasca atl\u00e1ntica supondr\u00e1 que, a partir de la tarde-noche de ma\u00f1ana domingo, probabilidad de precipitaciones d\u00e9biles a moderadas, que podr\u00edan ser puntualmente fuertes el lunes.<\/p>\n<p style=\"text-align: justify;\">La sismicidad a profundidades intermedias contin\u00faa localiz\u00e1ndose en las mismas zonas. Se sigue manteniendo el nivel de sismicidad a profundidades superiores a 20 km. La magnitud m\u00e1xima hoy ha sido 4.6 mbLg de un evento hoy a las 10:19 a profundidad de 37 km, sentido con intensidad IV (en la escala de intensidad EMS). El tremor permanece en nivel bajo. El nivel de sismicidad actual sigue indicando que es posible que se produzcan m\u00e1s sismos sentidos, pudiendo alcanzarse intensidades V-VI (en la escala de intensidad EMS) y originar peque\u00f1os derrumbes en zonas de pendiente.<\/p>\n<p style=\"text-align: justify;\">En cuanto a la deformaci\u00f3n, desde comienzos de noviembre se observa una notable disminuci\u00f3n de la deflaci\u00f3n regional. Se registra el inicio de la reversi\u00f3n de la deformaci\u00f3n vertical de 6 cm registrada ayer en la estaci\u00f3n GNSS al norte de Jedey (LP03).<\/p>\n<p style=\"text-align: justify;\">La emisi\u00f3n de di\u00f3xido de azufre (SO2), asociada al penacho volc\u00e1nico del actual proceso eruptivo en marcha (emanaciones visibles de gases volc\u00e1nicos), registrada durante el d\u00eda de ayer (19\/11) contin\u00faa siendo alta pero relativamente menor que los dos d\u00edas anteriores, registr\u00e1ndose un rango de valores entre 10000 y 17000 toneladas diarias, mediante el uso de sensores \u00f3pticos remotos tipo miniDOAS en posici\u00f3n m\u00f3vil mar\u00edtima. Por otro lado, el an\u00e1lisis de im\u00e1genes satelitales refleja una tendencia descendente desde el pasado 23\/9, cuando se registraron m\u00e1ximos superiores a las 50000 toneladas diarias de emisi\u00f3n de di\u00f3xido de azufre (SO2).<\/p>\n<p style=\"text-align: justify;\">En el caso de la emisi\u00f3n difusa de di\u00f3xido de carbono (CO2), asociada a los 220 km2 de la dorsal volc\u00e1nica de Cumbre Vieja (emanaciones no visibles de gases volc\u00e1nicos) contin\u00faa registrando valores por encima de los niveles de fondo (entre 200 y 1300 toneladas diarias) y durante el d\u00eda de ayer (19\/11) reflejaron un rango de valores entre los 2400 y 2700 toneladas diarias. Estas emanaciones difusas no representan un peligro para las personas, salvo que se formen acumulaciones de CO2 en depresiones mal ventiladas, que desplacen el ox\u00edgeno del aire y se generen ambientes an\u00f3xicos. En la estaci\u00f3n de Los Llanos de Aridane (LP10) se contin\u00faa registrando una ligera fracci\u00f3n magm\u00e1tica-hidrotermal en el di\u00f3xido de carbono (CO2) de la atm\u00f3sfera del suelo, mientras que esta es pr\u00e1cticamente nula en la estaci\u00f3n de Fuencaliente (LP08). Todas estas observaciones geoqu\u00edmicas son coherentes con el actual proceso eruptivo.<\/p>\n<p style=\"text-align: justify;\">En\u00a0\u00a0 el\u00a0\u00a0 d\u00eda\u00a0\u00a0 de\u00a0\u00a0 ayer\u00a0\u00a0 la\u00a0\u00a0 calidad\u00a0\u00a0 del\u00a0\u00a0 aire\u00a0\u00a0\u00a0 debida\u00a0\u00a0\u00a0 al di\u00f3xido\u00a0\u00a0\u00a0 de\u00a0\u00a0\u00a0 azufre (SO2), contaminante asociado al proceso eruptivo, se mantuvo en valores buenos o razonablemente buenos en todas las estaciones de la isla a excepci\u00f3n de Tazacorte, donde se alcanz\u00f3 el nivel muy desfavorable con una superaci\u00f3n del umbral de alerta (establecido en 500 \u03bcg\/m\u00b3) a la 01:00 horas, que durante el resto del d\u00eda recuper\u00f3 niveles razonablemente buenos. Durante la madrugada de hoy se ha producido un ascenso generalizado de los valores en todas las estaciones de la isla, con dos nuevas superaciones del valor l\u00edmite horario (establecido en 350 \u03bcg\/m\u00b3) en Tazacorte entre las 02:00 y las 04:00 horas recuperando posteriormente valores bajos. Durante la ma\u00f1ana de hoy se est\u00e1n manteniendo los valores buenos en todas las estaciones de la isla.<\/p>\n<p style=\"text-align: justify;\">Con respecto a las part\u00edculas menores de 10 micras (PM10), desde el d\u00eda de ayer se registraron niveles de calidad del aire razonablemente buenos o buenos en todas las estaciones de la isla. No se produjo la superaci\u00f3n del umbral diario (establecido en 50 \u03bcg\/m\u00b3) en ninguna estaci\u00f3n. Esta situaci\u00f3n favorable se mantiene durante el d\u00eda de hoy en todas las estaciones.<\/p>\n<p style=\"text-align: justify;\">\u00a0<\/p>\n<p style=\"text-align: justify;\"><strong>OBLIGACIONES Y RECOMENDACIONES<\/strong><\/p>\n<p style=\"text-align: justify;\">Sigue siendo imperativo el respeto de las zonas de exclusi\u00f3n terrestre y mar\u00edtima, para mantener la integridad f\u00edsica de las personas.<\/p>\n<p style=\"text-align: justify;\">Se recomienda a la poblaci\u00f3n en la isla de La Palma el uso de mascarillas FFP2 al aire libre.<\/p>\n<p style=\"text-align: justify;\">MOVIMIENTOS S\u00cdSMICOS:<\/p>\n<p style=\"text-align: justify;\">\u2013\u00a0\u00a0\u00a0\u00a0\u00a0\u00a0\u00a0\u00a0\u00a0 El comit\u00e9 cient\u00edfico del PEVOLCA realiza un seguimiento continuo de la actividad volc\u00e1nica.<\/p>\n<p style=\"text-align: justify;\">\u2013\u00a0\u00a0\u00a0\u00a0\u00a0\u00a0\u00a0\u00a0\u00a0 Tanto en casa, como en el centro de trabajo, toma medidas preventivas: refuerza las estanter\u00edas, fija l\u00e1mparas y retira objetos grandes del mobiliario.<\/p>\n<p style=\"text-align: justify;\">\u00a0<\/p>\n<p style=\"text-align: justify;\">En el exterior:<\/p>\n<p style=\"text-align: justify;\">Si te encuentras en el exterior y se registra un sismo, busca un lugar abierto y al\u00e9jate de estructuras que puedan caer a la v\u00eda y de las zonas con riesgo de derrumbe.<\/p>\n<p style=\"text-align: justify;\">Por tu seguridad, recuerda estos consejos de autoprotecci\u00f3n:<\/p>\n<p style=\"text-align: justify;\">\u2013\u00a0\u00a0\u00a0\u00a0\u00a0\u00a0\u00a0\u00a0\u00a0 Dir\u00edgete a espacios abiertos.<\/p>\n<p style=\"text-align: justify;\">\u2013\u00a0\u00a0\u00a0\u00a0\u00a0\u00a0\u00a0\u00a0\u00a0 Al\u00e9jate de edificios, balcones, sem\u00e1foros, farolas, tendidos el\u00e9ctricos o \u00e1rboles.<\/p>\n<p style=\"text-align: justify;\">\u2013\u00a0\u00a0\u00a0\u00a0\u00a0\u00a0\u00a0\u00a0\u00a0 No te acerques a zonas con peligro de desprendimientos.<\/p>\n<p style=\"text-align: justify;\">\u2013\u00a0\u00a0\u00a0\u00a0\u00a0\u00a0\u00a0\u00a0\u00a0 Sigue las recomendaciones de las autoridades e inf\u00f3rmate por canales oficiales y medios de comunicaci\u00f3n.<\/p>\n<p style=\"text-align: justify;\">\u2013\u00a0\u00a0\u00a0\u00a0\u00a0\u00a0\u00a0\u00a0\u00a0 Si te encuentras en un veh\u00edculo, disminuye la velocidad y para el motor cuando sea posible, lejos de edificaciones y zonas escarpadas. Pon los indicadores de emergencia y permanece en el veh\u00edculo hasta que finalice el terremoto.<\/p>\n<p style=\"text-align: justify;\">\u00a0<\/p>\n<p style=\"text-align: justify;\">En el interior:<\/p>\n<p style=\"text-align: justify;\">Si te sorprende un temblor en el interior de tu vivienda, mant\u00e9n la calma y sigue estos consejos de autoprotecci\u00f3n:<\/p>\n<p style=\"text-align: justify;\">\u2013\u00a0\u00a0\u00a0\u00a0\u00a0\u00a0\u00a0\u00a0\u00a0 Mientras dure el temblor, no salgas al exterior.<\/p>\n<p style=\"text-align: justify;\">\u2013\u00a0\u00a0\u00a0\u00a0\u00a0\u00a0\u00a0\u00a0\u00a0 Prot\u00e9gete bajo el marco de una puerta o de alg\u00fan mueble s\u00f3lido, como una mesa.<\/p>\n<p style=\"text-align: justify;\">\u2013\u00a0\u00a0\u00a0\u00a0\u00a0\u00a0\u00a0\u00a0\u00a0 No te sit\u00faes cerca de ventanas.<\/p>\n<p style=\"text-align: justify;\">\u2013\u00a0\u00a0\u00a0\u00a0\u00a0\u00a0\u00a0\u00a0\u00a0 Si tienes que abandonar tu casa, desconecta agua, luz y gas.<\/p>\n<p style=\"text-align: justify;\">\u2013\u00a0\u00a0\u00a0\u00a0\u00a0\u00a0\u00a0\u00a0\u00a0 En caso de evacuaci\u00f3n, baja por las escaleras y no utilices el ascensor.<\/p>\n<p style=\"text-align: justify;\">\u2013\u00a0\u00a0\u00a0\u00a0\u00a0\u00a0\u00a0\u00a0\u00a0 Sigue las recomendaciones de las autoridades e inf\u00f3rmate por canales oficiales y medios de comunicaci\u00f3n.<\/p>\n<p style=\"text-align: justify;\">\u00a0<\/p>\n<p style=\"text-align: justify;\">CAIDA DE PIROCLASTOS:<\/p>\n<p style=\"text-align: justify;\">\u00b7\u00a0\u00a0\u00a0\u00a0\u00a0\u00a0 Se recuerda que est\u00e1 establecido un radio de exclusi\u00f3n de 2.5 km en torno a los centros de emisi\u00f3n para minimizar el riesgo de impacto de piroclastos y la exposici\u00f3n a los gases.<\/p>\n<p style=\"text-align: justify;\">\u00b7\u00a0\u00a0\u00a0\u00a0\u00a0\u00a0 En caso de intensificaci\u00f3n de la actividad explosiva es posible que algunas detonaciones violentas puedan producir rotura del vidrio de las ventanas. Se recomienda alejarse de las ventanas hasta un radio de 5 km desde el cono.<\/p>\n<p style=\"text-align: justify;\">\u00b7\u00a0\u00a0\u00a0\u00a0\u00a0\u00a0 En las zonas afectadas por una intensa ca\u00edda de cenizas (que se observe una clara deposici\u00f3n sobre el suelo) y m\u00e1s a\u00fan si se observa bruma, se recomienda mantenerse en espacios interiores. Al aire libre, se recomienda as\u00ed mismo el uso de mascarillas FFP2 y de sistemas de protecci\u00f3n de ojos.<\/p>\n<p style=\"text-align: justify;\">\u00b7\u00a0\u00a0\u00a0\u00a0\u00a0\u00a0 Se recomienda la limpieza de azoteas en las que se acumulen espesores de cenizas de varios cent\u00edmetros. Se insiste en que se sigan de manera precisa el procedimiento de retirada de cenizas de azoteas y suelo indicado por Protecci\u00f3n Civil (humedecer ceniza, protecci\u00f3n de ojos, llevar mascarilla, proteger la piel, v\u00e9ase documentaci\u00f3n anexa). Para la retirada, se deben usar mascarillas FFP2, guantes, humedecer ligeramente para su barrido y evitando el uso de sopladores, salvo para la limpieza de las instalaciones aeroportuaria por personal especializado con sus EPIs correspondientes. El uso de los sopladores aumenta la re-suspensi\u00f3n de las part\u00edculas m\u00e1s perjudiciales para la salud.<\/p>\n<p style=\"text-align: justify;\">\u00b7\u00a0\u00a0\u00a0\u00a0\u00a0\u00a0 Ante la llegada de cenizas a otras islas, se recomienda en las afectadas, el uso de mascarillas quir\u00fargicas<\/p>\n<p style=\"text-align: justify;\">\u00a0<\/p>\n<p style=\"text-align: justify;\">PENACHO MARINO:<\/p>\n<p style=\"text-align: justify;\">\u00b7\u00a0\u00a0\u00a0\u00a0\u00a0\u00a0 Se sugiere prestar mucha atenci\u00f3n al pron\u00f3stico del viento para la monitorizaci\u00f3n de los posibles cambios de direcci\u00f3n del penacho y actuar en consecuencia, especialmente aquellas personas con el sistema respiratorio debilitado (por ejemplo, asm\u00e1ticos) ya que son m\u00e1s vulnerables a concentraciones m\u00e1s bajas.<\/p>\n<p style=\"text-align: justify;\">\u00b7\u00a0\u00a0\u00a0\u00a0\u00a0\u00a0 Tambi\u00e9n se recomienda el lavado de los ojos despu\u00e9s de cualquier exposici\u00f3n, ya que los s\u00edntomas, a menudo, no se perciben hasta m\u00e1s tarde.<\/p>\n<p style=\"text-align: justify;\">\u00b7\u00a0\u00a0\u00a0\u00a0\u00a0\u00a0 Estos penachos marinos se pueden percibir hasta varios kil\u00f3metros de distancia de la fuente, aunque m\u00e1s diluidos. En el caso de que el penacho marino llegue a n\u00facleos poblacionales, se recomienda permanecer en el interior de las viviendas siempre que sea posible y cerrar todas las puertas y ventanas.<\/p>\n<p style=\"text-align: justify;\">\u00b7\u00a0\u00a0\u00a0\u00a0\u00a0\u00a0 Para la seguridad de la navegaci\u00f3n de embarcaciones cient\u00edficas que realizan labores cient\u00edficas en esta \u00e1rea, se recomienda mantener una distancia de al menos 500 m para las zonas activas de los deltas de lava (con aporte de lava y manifestaciones visibles), reduciendo dicha distancia a 200 m para las zonas m\u00e1s estables. La navegaci\u00f3n con fines cient\u00edficos para la gesti\u00f3n de la emergencia, se puede realizar a distancias menores, bajo la responsabilidad del armador y el capit\u00e1n o patr\u00f3n de la embarcaci\u00f3n, siempre y cuando se cuente con el visto bueno de la Direcci\u00f3n T\u00e9cnica de PEVOLCA y Capitan\u00eda Mar\u00edtima.<\/p>\n<p style=\"text-align: justify;\">\u00a0<\/p>\n<p style=\"text-align: justify;\">COLADAS L\u00c1VICAS:<\/p>\n<p style=\"text-align: justify;\">\u00b7\u00a0\u00a0\u00a0\u00a0\u00a0\u00a0 Tambi\u00e9n se recomienda no aproximarse a las coladas de lava por el riesgo de exponerse a los gases emitidos, posibles desprendimientos y las altas temperaturas.<\/p>\n<p style=\"text-align: justify;\">\u00b7\u00a0\u00a0\u00a0\u00a0\u00a0\u00a0 Ante los grandes espesores de colada de lava observados en algunos puntos, se pueden producir colapsos de su frente que, en zonas de mayor pendiente, pueden conllevar la formaci\u00f3n de grandes fragmentos de colada, que pueden desprenderse del frente de la colada y que de forma repentina alcanzando distancias de varios metros desde el frente de colada, dependiendo de la topograf\u00eda. Tambi\u00e9n en zonas de gran pendiente, se puede producir peque\u00f1os flujos pirocl\u00e1sticos.<\/p>\n<p style=\"text-align: justify;\">\u00a0<\/p>\n<p style=\"text-align: justify;\">Para la seguridad de cient\u00edficos en tierra dentro de la zona de exclusi\u00f3n se recomienda mantener una distancia de al menos 1000 m respecto al centro principal de emisi\u00f3n. La aproximaci\u00f3n a distancias menores puede realizarse, con fines de observaci\u00f3n cient\u00edfica para la gesti\u00f3n de la emergencia, con el visto bueno de la Direcci\u00f3n T\u00e9cnica de PEVOLCA.<\/p>\n<p style=\"text-align: justify;\">Se ha reforzado el seguimiento continuo de la actividad y se comunicar\u00e1 cualquier cambio significativo que se observe. Mant\u00e9nganse atentos a la informaci\u00f3n que proporcionen las correspondientes autoridades de Protecci\u00f3n Civil\u201d.<\/p>\n<p>\u00a0<\/p>\n<div class=\"pvc_clear\"><\/div>\n<p id=\"pvc_stats_3662\" class=\"pvc_stats all  \" data-element-id=\"3662\" style=\"\"><i class=\"pvc-stats-icon medium\" aria-hidden=\"true\"><svg aria-hidden=\"true\" focusable=\"false\" data-prefix=\"far\" data-icon=\"chart-bar\" role=\"img\" xmlns=\"http:\/\/www.w3.org\/2000\/svg\" viewBox=\"0 0 512 512\" class=\"svg-inline--fa fa-chart-bar fa-w-16 fa-2x\"><path fill=\"currentColor\" d=\"M396.8 352h22.4c6.4 0 12.8-6.4 12.8-12.8V108.8c0-6.4-6.4-12.8-12.8-12.8h-22.4c-6.4 0-12.8 6.4-12.8 12.8v230.4c0 6.4 6.4 12.8 12.8 12.8zm-192 0h22.4c6.4 0 12.8-6.4 12.8-12.8V140.8c0-6.4-6.4-12.8-12.8-12.8h-22.4c-6.4 0-12.8 6.4-12.8 12.8v198.4c0 6.4 6.4 12.8 12.8 12.8zm96 0h22.4c6.4 0 12.8-6.4 12.8-12.8V204.8c0-6.4-6.4-12.8-12.8-12.8h-22.4c-6.4 0-12.8 6.4-12.8 12.8v134.4c0 6.4 6.4 12.8 12.8 12.8zM496 400H48V80c0-8.84-7.16-16-16-16H16C7.16 64 0 71.16 0 80v336c0 17.67 14.33 32 32 32h464c8.84 0 16-7.16 16-16v-16c0-8.84-7.16-16-16-16zm-387.2-48h22.4c6.4 0 12.8-6.4 12.8-12.8v-70.4c0-6.4-6.4-12.8-12.8-12.8h-22.4c-6.4 0-12.8 6.4-12.8 12.8v70.4c0 6.4 6.4 12.8 12.8 12.8z\" class=\"\"><\/path><\/svg><\/i> <\/p>\n<div class=\"pvc_clear\"><\/div>\n<div class=\"print\"><span class=\"page_title\">P\u00e1gina: <span>El aporte de lava alimenta principalmente la colada 4 y ocupa nuevo terreno agr\u00edcola<\/span><\/span>\n\t\t\t\t\t\t\t\t\t\t\t<span class=\"page_title\">Fecha de impresi\u00f3n: <span>02\/05\/2026 - 06:10:36 UTC<\/span><\/span>\n\t\t\t\t\t\t\t\t\t\t\t<span class=\"stmp_trans_date\">\u00daltima actualizaci\u00f3n: <span>20\/11\/2021 - 21:07:47<\/span><\/span>\n\t\t\t\t\t\t\t\t\t\t\t<span class=\"stmp_trans_date\">Fecha publicaci\u00f3n: <span>20\/11\/2021 - 21:07:47<\/span><\/span>\n\t\t\t\t\t\t\t\t\t\t\t<span class=\"stmp_trans_date\">Fecha creaci\u00f3n: <span>20\/11\/2021 - 21:07:47<\/span><\/span><\/div>\n\t","protected":false},"excerpt":{"rendered":"<p>Desde ayer, los niveles de la calidad del aire se mantienen estables en la zona del Valle de Aridane, con valores buenos o razonablemente buenos Los vientos, de componente sur y oeste, han afectado a la navegaci\u00f3n a\u00e9rea lo que ha provocado la cancelaci\u00f3n de&#8230;<\/p>\n<div class=\"pvc_clear\"><\/div>\n<p id=\"pvc_stats_3662\" class=\"pvc_stats all  \" data-element-id=\"3662\" style=\"\"><i class=\"pvc-stats-icon medium\" aria-hidden=\"true\"><svg aria-hidden=\"true\" focusable=\"false\" data-prefix=\"far\" data-icon=\"chart-bar\" role=\"img\" xmlns=\"http:\/\/www.w3.org\/2000\/svg\" viewBox=\"0 0 512 512\" class=\"svg-inline--fa fa-chart-bar fa-w-16 fa-2x\"><path fill=\"currentColor\" d=\"M396.8 352h22.4c6.4 0 12.8-6.4 12.8-12.8V108.8c0-6.4-6.4-12.8-12.8-12.8h-22.4c-6.4 0-12.8 6.4-12.8 12.8v230.4c0 6.4 6.4 12.8 12.8 12.8zm-192 0h22.4c6.4 0 12.8-6.4 12.8-12.8V140.8c0-6.4-6.4-12.8-12.8-12.8h-22.4c-6.4 0-12.8 6.4-12.8 12.8v198.4c0 6.4 6.4 12.8 12.8 12.8zm96 0h22.4c6.4 0 12.8-6.4 12.8-12.8V204.8c0-6.4-6.4-12.8-12.8-12.8h-22.4c-6.4 0-12.8 6.4-12.8 12.8v134.4c0 6.4 6.4 12.8 12.8 12.8zM496 400H48V80c0-8.84-7.16-16-16-16H16C7.16 64 0 71.16 0 80v336c0 17.67 14.33 32 32 32h464c8.84 0 16-7.16 16-16v-16c0-8.84-7.16-16-16-16zm-387.2-48h22.4c6.4 0 12.8-6.4 12.8-12.8v-70.4c0-6.4-6.4-12.8-12.8-12.8h-22.4c-6.4 0-12.8 6.4-12.8 12.8v70.4c0 6.4 6.4 12.8 12.8 12.8z\" class=\"\"><\/path><\/svg><\/i> <img loading=\"lazy\" decoding=\"async\" width=\"16\" height=\"16\" alt=\"Loading\" src=\"https:\/\/www.gsccanarias.com\/gsc\/wp-content\/plugins\/page-views-count\/ajax-loader-2x.gif\" border=0 \/><\/p>\n<div class=\"pvc_clear\"><\/div>\n","protected":false},"author":1,"featured_media":3661,"comment_status":"open","ping_status":"open","sticky":false,"template":"","format":"standard","meta":{"footnotes":""},"categories":[36],"tags":[],"class_list":["post-3662","post","type-post","status-publish","format-standard","has-post-thumbnail","hentry","category-ultimas-noticias"],"a3_pvc":{"activated":true,"total_views":85,"today_views":0},"yoast_head":"<!-- This site is optimized with the Yoast SEO plugin v27.5 - https:\/\/yoast.com\/product\/yoast-seo-wordpress\/ -->\n<title>El aporte de lava alimenta principalmente la colada 4 y ocupa nuevo terreno agr\u00edcola - GSC<\/title>\n<meta name=\"robots\" content=\"index, follow, max-snippet:-1, max-image-preview:large, max-video-preview:-1\" \/>\n<link rel=\"canonical\" href=\"https:\/\/www.gsccanarias.com\/gsc\/el-aporte-de-lava-alimenta-principalmente-la-colada-4-y-ocupa-nuevo-terreno-agricola\/\" \/>\n<meta property=\"og:locale\" content=\"es_ES\" \/>\n<meta property=\"og:type\" content=\"article\" \/>\n<meta property=\"og:title\" content=\"El aporte de lava alimenta principalmente la colada 4 y ocupa nuevo terreno agr\u00edcola - GSC\" \/>\n<meta property=\"og:description\" content=\"Desde ayer, los niveles de la calidad del aire se mantienen estables en la zona del Valle de Aridane, con valores buenos o razonablemente buenos Los vientos, de componente sur y oeste, han afectado a la navegaci\u00f3n a\u00e9rea lo que ha provocado la cancelaci\u00f3n de...\" \/>\n<meta property=\"og:url\" content=\"https:\/\/www.gsccanarias.com\/gsc\/el-aporte-de-lava-alimenta-principalmente-la-colada-4-y-ocupa-nuevo-terreno-agricola\/\" \/>\n<meta property=\"og:site_name\" content=\"GSC\" \/>\n<meta property=\"article:published_time\" content=\"2021-11-20T21:07:47+00:00\" \/>\n<meta property=\"og:image\" content=\"https:\/\/www.gsccanarias.com\/gsc\/wp-content\/uploads\/2021\/11\/201121-Recorrido-de-las-coladas.jpeg\" \/>\n\t<meta property=\"og:image:width\" content=\"1188\" \/>\n\t<meta property=\"og:image:height\" content=\"666\" \/>\n\t<meta property=\"og:image:type\" content=\"image\/jpeg\" \/>\n<meta name=\"author\" content=\"userad112\" \/>\n<meta name=\"twitter:card\" content=\"summary_large_image\" \/>\n<meta name=\"twitter:label1\" content=\"Escrito por\" \/>\n\t<meta name=\"twitter:data1\" content=\"userad112\" \/>\n\t<meta name=\"twitter:label2\" content=\"Tiempo de lectura\" \/>\n\t<meta name=\"twitter:data2\" content=\"16 minutos\" \/>\n<script type=\"application\/ld+json\" class=\"yoast-schema-graph\">{\"@context\":\"https:\\\/\\\/schema.org\",\"@graph\":[{\"@type\":\"Article\",\"@id\":\"https:\\\/\\\/www.gsccanarias.com\\\/gsc\\\/el-aporte-de-lava-alimenta-principalmente-la-colada-4-y-ocupa-nuevo-terreno-agricola\\\/#article\",\"isPartOf\":{\"@id\":\"https:\\\/\\\/www.gsccanarias.com\\\/gsc\\\/el-aporte-de-lava-alimenta-principalmente-la-colada-4-y-ocupa-nuevo-terreno-agricola\\\/\"},\"author\":{\"name\":\"userad112\",\"@id\":\"https:\\\/\\\/www.gsccanarias.com\\\/gsc\\\/#\\\/schema\\\/person\\\/591ed0ce1757a7168579ec75f6e7f340\"},\"headline\":\"El aporte de lava alimenta principalmente la colada 4 y ocupa nuevo terreno agr\u00edcola\",\"datePublished\":\"2021-11-20T21:07:47+00:00\",\"mainEntityOfPage\":{\"@id\":\"https:\\\/\\\/www.gsccanarias.com\\\/gsc\\\/el-aporte-de-lava-alimenta-principalmente-la-colada-4-y-ocupa-nuevo-terreno-agricola\\\/\"},\"wordCount\":3159,\"commentCount\":0,\"image\":{\"@id\":\"https:\\\/\\\/www.gsccanarias.com\\\/gsc\\\/el-aporte-de-lava-alimenta-principalmente-la-colada-4-y-ocupa-nuevo-terreno-agricola\\\/#primaryimage\"},\"thumbnailUrl\":\"https:\\\/\\\/www.gsccanarias.com\\\/gsc\\\/wp-content\\\/uploads\\\/2021\\\/11\\\/201121-Recorrido-de-las-coladas.jpeg\",\"articleSection\":[\"\u00daltimas noticias\"],\"inLanguage\":\"es\",\"potentialAction\":[{\"@type\":\"CommentAction\",\"name\":\"Comment\",\"target\":[\"https:\\\/\\\/www.gsccanarias.com\\\/gsc\\\/el-aporte-de-lava-alimenta-principalmente-la-colada-4-y-ocupa-nuevo-terreno-agricola\\\/#respond\"]}]},{\"@type\":\"WebPage\",\"@id\":\"https:\\\/\\\/www.gsccanarias.com\\\/gsc\\\/el-aporte-de-lava-alimenta-principalmente-la-colada-4-y-ocupa-nuevo-terreno-agricola\\\/\",\"url\":\"https:\\\/\\\/www.gsccanarias.com\\\/gsc\\\/el-aporte-de-lava-alimenta-principalmente-la-colada-4-y-ocupa-nuevo-terreno-agricola\\\/\",\"name\":\"El aporte de lava alimenta principalmente la colada 4 y ocupa nuevo terreno agr\u00edcola - GSC\",\"isPartOf\":{\"@id\":\"https:\\\/\\\/www.gsccanarias.com\\\/gsc\\\/#website\"},\"primaryImageOfPage\":{\"@id\":\"https:\\\/\\\/www.gsccanarias.com\\\/gsc\\\/el-aporte-de-lava-alimenta-principalmente-la-colada-4-y-ocupa-nuevo-terreno-agricola\\\/#primaryimage\"},\"image\":{\"@id\":\"https:\\\/\\\/www.gsccanarias.com\\\/gsc\\\/el-aporte-de-lava-alimenta-principalmente-la-colada-4-y-ocupa-nuevo-terreno-agricola\\\/#primaryimage\"},\"thumbnailUrl\":\"https:\\\/\\\/www.gsccanarias.com\\\/gsc\\\/wp-content\\\/uploads\\\/2021\\\/11\\\/201121-Recorrido-de-las-coladas.jpeg\",\"datePublished\":\"2021-11-20T21:07:47+00:00\",\"author\":{\"@id\":\"https:\\\/\\\/www.gsccanarias.com\\\/gsc\\\/#\\\/schema\\\/person\\\/591ed0ce1757a7168579ec75f6e7f340\"},\"breadcrumb\":{\"@id\":\"https:\\\/\\\/www.gsccanarias.com\\\/gsc\\\/el-aporte-de-lava-alimenta-principalmente-la-colada-4-y-ocupa-nuevo-terreno-agricola\\\/#breadcrumb\"},\"inLanguage\":\"es\",\"potentialAction\":[{\"@type\":\"ReadAction\",\"target\":[\"https:\\\/\\\/www.gsccanarias.com\\\/gsc\\\/el-aporte-de-lava-alimenta-principalmente-la-colada-4-y-ocupa-nuevo-terreno-agricola\\\/\"]}]},{\"@type\":\"ImageObject\",\"inLanguage\":\"es\",\"@id\":\"https:\\\/\\\/www.gsccanarias.com\\\/gsc\\\/el-aporte-de-lava-alimenta-principalmente-la-colada-4-y-ocupa-nuevo-terreno-agricola\\\/#primaryimage\",\"url\":\"https:\\\/\\\/www.gsccanarias.com\\\/gsc\\\/wp-content\\\/uploads\\\/2021\\\/11\\\/201121-Recorrido-de-las-coladas.jpeg\",\"contentUrl\":\"https:\\\/\\\/www.gsccanarias.com\\\/gsc\\\/wp-content\\\/uploads\\\/2021\\\/11\\\/201121-Recorrido-de-las-coladas.jpeg\",\"width\":1188,\"height\":666,\"caption\":\"201121-Recorrido-de-las-colada\"},{\"@type\":\"BreadcrumbList\",\"@id\":\"https:\\\/\\\/www.gsccanarias.com\\\/gsc\\\/el-aporte-de-lava-alimenta-principalmente-la-colada-4-y-ocupa-nuevo-terreno-agricola\\\/#breadcrumb\",\"itemListElement\":[{\"@type\":\"ListItem\",\"position\":1,\"name\":\"Portada\",\"item\":\"https:\\\/\\\/www.gsccanarias.com\\\/gsc\\\/\"},{\"@type\":\"ListItem\",\"position\":2,\"name\":\"El aporte de lava alimenta principalmente la colada 4 y ocupa nuevo terreno agr\u00edcola\"}]},{\"@type\":\"WebSite\",\"@id\":\"https:\\\/\\\/www.gsccanarias.com\\\/gsc\\\/#website\",\"url\":\"https:\\\/\\\/www.gsccanarias.com\\\/gsc\\\/\",\"name\":\"GSC\",\"description\":\"Administramos servicios relacionados con la salud, las emergencias, la seguridad y el transporte sanitario\",\"potentialAction\":[{\"@type\":\"SearchAction\",\"target\":{\"@type\":\"EntryPoint\",\"urlTemplate\":\"https:\\\/\\\/www.gsccanarias.com\\\/gsc\\\/?s={search_term_string}\"},\"query-input\":{\"@type\":\"PropertyValueSpecification\",\"valueRequired\":true,\"valueName\":\"search_term_string\"}}],\"inLanguage\":\"es\"},{\"@type\":\"Person\",\"@id\":\"https:\\\/\\\/www.gsccanarias.com\\\/gsc\\\/#\\\/schema\\\/person\\\/591ed0ce1757a7168579ec75f6e7f340\",\"name\":\"userad112\",\"image\":{\"@type\":\"ImageObject\",\"inLanguage\":\"es\",\"@id\":\"https:\\\/\\\/secure.gravatar.com\\\/avatar\\\/6aab27730b29899b0a1a05aaa7b266b4fc1fce4dd26b427baeb73cffe474a916?s=96&d=mm&r=g\",\"url\":\"https:\\\/\\\/secure.gravatar.com\\\/avatar\\\/6aab27730b29899b0a1a05aaa7b266b4fc1fce4dd26b427baeb73cffe474a916?s=96&d=mm&r=g\",\"contentUrl\":\"https:\\\/\\\/secure.gravatar.com\\\/avatar\\\/6aab27730b29899b0a1a05aaa7b266b4fc1fce4dd26b427baeb73cffe474a916?s=96&d=mm&r=g\",\"caption\":\"userad112\"},\"sameAs\":[\"https:\\\/\\\/321brand.com\\\/112\"],\"url\":\"https:\\\/\\\/www.gsccanarias.com\\\/gsc\\\/author\\\/userad112\\\/\"}]}<\/script>\n<!-- \/ Yoast SEO plugin. -->","yoast_head_json":{"title":"El aporte de lava alimenta principalmente la colada 4 y ocupa nuevo terreno agr\u00edcola - GSC","robots":{"index":"index","follow":"follow","max-snippet":"max-snippet:-1","max-image-preview":"max-image-preview:large","max-video-preview":"max-video-preview:-1"},"canonical":"https:\/\/www.gsccanarias.com\/gsc\/el-aporte-de-lava-alimenta-principalmente-la-colada-4-y-ocupa-nuevo-terreno-agricola\/","og_locale":"es_ES","og_type":"article","og_title":"El aporte de lava alimenta principalmente la colada 4 y ocupa nuevo terreno agr\u00edcola - GSC","og_description":"Desde ayer, los niveles de la calidad del aire se mantienen estables en la zona del Valle de Aridane, con valores buenos o razonablemente buenos Los vientos, de componente sur y oeste, han afectado a la navegaci\u00f3n a\u00e9rea lo que ha provocado la cancelaci\u00f3n de...","og_url":"https:\/\/www.gsccanarias.com\/gsc\/el-aporte-de-lava-alimenta-principalmente-la-colada-4-y-ocupa-nuevo-terreno-agricola\/","og_site_name":"GSC","article_published_time":"2021-11-20T21:07:47+00:00","og_image":[{"width":1188,"height":666,"url":"https:\/\/www.gsccanarias.com\/gsc\/wp-content\/uploads\/2021\/11\/201121-Recorrido-de-las-coladas.jpeg","type":"image\/jpeg"}],"author":"userad112","twitter_card":"summary_large_image","twitter_misc":{"Escrito por":"userad112","Tiempo de lectura":"16 minutos"},"schema":{"@context":"https:\/\/schema.org","@graph":[{"@type":"Article","@id":"https:\/\/www.gsccanarias.com\/gsc\/el-aporte-de-lava-alimenta-principalmente-la-colada-4-y-ocupa-nuevo-terreno-agricola\/#article","isPartOf":{"@id":"https:\/\/www.gsccanarias.com\/gsc\/el-aporte-de-lava-alimenta-principalmente-la-colada-4-y-ocupa-nuevo-terreno-agricola\/"},"author":{"name":"userad112","@id":"https:\/\/www.gsccanarias.com\/gsc\/#\/schema\/person\/591ed0ce1757a7168579ec75f6e7f340"},"headline":"El aporte de lava alimenta principalmente la colada 4 y ocupa nuevo terreno agr\u00edcola","datePublished":"2021-11-20T21:07:47+00:00","mainEntityOfPage":{"@id":"https:\/\/www.gsccanarias.com\/gsc\/el-aporte-de-lava-alimenta-principalmente-la-colada-4-y-ocupa-nuevo-terreno-agricola\/"},"wordCount":3159,"commentCount":0,"image":{"@id":"https:\/\/www.gsccanarias.com\/gsc\/el-aporte-de-lava-alimenta-principalmente-la-colada-4-y-ocupa-nuevo-terreno-agricola\/#primaryimage"},"thumbnailUrl":"https:\/\/www.gsccanarias.com\/gsc\/wp-content\/uploads\/2021\/11\/201121-Recorrido-de-las-coladas.jpeg","articleSection":["\u00daltimas noticias"],"inLanguage":"es","potentialAction":[{"@type":"CommentAction","name":"Comment","target":["https:\/\/www.gsccanarias.com\/gsc\/el-aporte-de-lava-alimenta-principalmente-la-colada-4-y-ocupa-nuevo-terreno-agricola\/#respond"]}]},{"@type":"WebPage","@id":"https:\/\/www.gsccanarias.com\/gsc\/el-aporte-de-lava-alimenta-principalmente-la-colada-4-y-ocupa-nuevo-terreno-agricola\/","url":"https:\/\/www.gsccanarias.com\/gsc\/el-aporte-de-lava-alimenta-principalmente-la-colada-4-y-ocupa-nuevo-terreno-agricola\/","name":"El aporte de lava alimenta principalmente la colada 4 y ocupa nuevo terreno agr\u00edcola - GSC","isPartOf":{"@id":"https:\/\/www.gsccanarias.com\/gsc\/#website"},"primaryImageOfPage":{"@id":"https:\/\/www.gsccanarias.com\/gsc\/el-aporte-de-lava-alimenta-principalmente-la-colada-4-y-ocupa-nuevo-terreno-agricola\/#primaryimage"},"image":{"@id":"https:\/\/www.gsccanarias.com\/gsc\/el-aporte-de-lava-alimenta-principalmente-la-colada-4-y-ocupa-nuevo-terreno-agricola\/#primaryimage"},"thumbnailUrl":"https:\/\/www.gsccanarias.com\/gsc\/wp-content\/uploads\/2021\/11\/201121-Recorrido-de-las-coladas.jpeg","datePublished":"2021-11-20T21:07:47+00:00","author":{"@id":"https:\/\/www.gsccanarias.com\/gsc\/#\/schema\/person\/591ed0ce1757a7168579ec75f6e7f340"},"breadcrumb":{"@id":"https:\/\/www.gsccanarias.com\/gsc\/el-aporte-de-lava-alimenta-principalmente-la-colada-4-y-ocupa-nuevo-terreno-agricola\/#breadcrumb"},"inLanguage":"es","potentialAction":[{"@type":"ReadAction","target":["https:\/\/www.gsccanarias.com\/gsc\/el-aporte-de-lava-alimenta-principalmente-la-colada-4-y-ocupa-nuevo-terreno-agricola\/"]}]},{"@type":"ImageObject","inLanguage":"es","@id":"https:\/\/www.gsccanarias.com\/gsc\/el-aporte-de-lava-alimenta-principalmente-la-colada-4-y-ocupa-nuevo-terreno-agricola\/#primaryimage","url":"https:\/\/www.gsccanarias.com\/gsc\/wp-content\/uploads\/2021\/11\/201121-Recorrido-de-las-coladas.jpeg","contentUrl":"https:\/\/www.gsccanarias.com\/gsc\/wp-content\/uploads\/2021\/11\/201121-Recorrido-de-las-coladas.jpeg","width":1188,"height":666,"caption":"201121-Recorrido-de-las-colada"},{"@type":"BreadcrumbList","@id":"https:\/\/www.gsccanarias.com\/gsc\/el-aporte-de-lava-alimenta-principalmente-la-colada-4-y-ocupa-nuevo-terreno-agricola\/#breadcrumb","itemListElement":[{"@type":"ListItem","position":1,"name":"Portada","item":"https:\/\/www.gsccanarias.com\/gsc\/"},{"@type":"ListItem","position":2,"name":"El aporte de lava alimenta principalmente la colada 4 y ocupa nuevo terreno agr\u00edcola"}]},{"@type":"WebSite","@id":"https:\/\/www.gsccanarias.com\/gsc\/#website","url":"https:\/\/www.gsccanarias.com\/gsc\/","name":"GSC","description":"Administramos servicios relacionados con la salud, las emergencias, la seguridad y el transporte sanitario","potentialAction":[{"@type":"SearchAction","target":{"@type":"EntryPoint","urlTemplate":"https:\/\/www.gsccanarias.com\/gsc\/?s={search_term_string}"},"query-input":{"@type":"PropertyValueSpecification","valueRequired":true,"valueName":"search_term_string"}}],"inLanguage":"es"},{"@type":"Person","@id":"https:\/\/www.gsccanarias.com\/gsc\/#\/schema\/person\/591ed0ce1757a7168579ec75f6e7f340","name":"userad112","image":{"@type":"ImageObject","inLanguage":"es","@id":"https:\/\/secure.gravatar.com\/avatar\/6aab27730b29899b0a1a05aaa7b266b4fc1fce4dd26b427baeb73cffe474a916?s=96&d=mm&r=g","url":"https:\/\/secure.gravatar.com\/avatar\/6aab27730b29899b0a1a05aaa7b266b4fc1fce4dd26b427baeb73cffe474a916?s=96&d=mm&r=g","contentUrl":"https:\/\/secure.gravatar.com\/avatar\/6aab27730b29899b0a1a05aaa7b266b4fc1fce4dd26b427baeb73cffe474a916?s=96&d=mm&r=g","caption":"userad112"},"sameAs":["https:\/\/321brand.com\/112"],"url":"https:\/\/www.gsccanarias.com\/gsc\/author\/userad112\/"}]}},"publishpress_future_workflow_manual_trigger":{"enabledWorkflows":[]},"_links":{"self":[{"href":"https:\/\/www.gsccanarias.com\/gsc\/wp-json\/wp\/v2\/posts\/3662","targetHints":{"allow":["GET"]}}],"collection":[{"href":"https:\/\/www.gsccanarias.com\/gsc\/wp-json\/wp\/v2\/posts"}],"about":[{"href":"https:\/\/www.gsccanarias.com\/gsc\/wp-json\/wp\/v2\/types\/post"}],"author":[{"embeddable":true,"href":"https:\/\/www.gsccanarias.com\/gsc\/wp-json\/wp\/v2\/users\/1"}],"replies":[{"embeddable":true,"href":"https:\/\/www.gsccanarias.com\/gsc\/wp-json\/wp\/v2\/comments?post=3662"}],"version-history":[{"count":0,"href":"https:\/\/www.gsccanarias.com\/gsc\/wp-json\/wp\/v2\/posts\/3662\/revisions"}],"wp:featuredmedia":[{"embeddable":true,"href":"https:\/\/www.gsccanarias.com\/gsc\/wp-json\/wp\/v2\/media\/3661"}],"wp:attachment":[{"href":"https:\/\/www.gsccanarias.com\/gsc\/wp-json\/wp\/v2\/media?parent=3662"}],"wp:term":[{"taxonomy":"category","embeddable":true,"href":"https:\/\/www.gsccanarias.com\/gsc\/wp-json\/wp\/v2\/categories?post=3662"},{"taxonomy":"post_tag","embeddable":true,"href":"https:\/\/www.gsccanarias.com\/gsc\/wp-json\/wp\/v2\/tags?post=3662"}],"curies":[{"name":"wp","href":"https:\/\/api.w.org\/{rel}","templated":true}]}}