{"id":3638,"date":"2021-11-07T17:00:54","date_gmt":"2021-11-07T17:00:54","guid":{"rendered":"https:\/\/www.gsccanarias.com\/gsc\/el-aumento-de-emision-de-lava-no-hace-avanzar-los-frentes-de-coladas-ni-afecta-a-superficie-nueva\/"},"modified":"2021-11-07T17:00:54","modified_gmt":"2021-11-07T17:00:54","slug":"el-aumento-de-emision-de-lava-no-hace-avanzar-los-frentes-de-coladas-ni-afecta-a-superficie-nueva","status":"publish","type":"post","link":"https:\/\/www.gsccanarias.com\/gsc\/el-aumento-de-emision-de-lava-no-hace-avanzar-los-frentes-de-coladas-ni-afecta-a-superficie-nueva\/","title":{"rendered":"El aumento de emisi\u00f3n de lava no hace avanzar los frentes de coladas ni afecta a superficie nueva"},"content":{"rendered":"<p><\/p>\n<p style=\"text-align: justify;\"><strong>La deformaci\u00f3n registrada en Jedey ha remitido y la localizada en el resto de estaciones se encuentra en situaci\u00f3n de deflaci\u00f3n<\/strong><\/p>\n<p style=\"text-align: justify;\"><strong>Las condiciones meteorol\u00f3gicas en las pr\u00f3ximas 48 horas ser\u00e1n favorables para la navegaci\u00f3n a\u00e9rea y las operaciones aeroportuarias<\/strong><\/p>\n<p style=\"text-align: justify;\">Los nuevos aportes de lava registrados en la tarde de ayer, surgidos por el incremento de la tasa de emisi\u00f3n desde el sur del foco efusivo, se dirigen hacia el oeste y discurren por los tubos y canales volc\u00e1nicos y sobre las coladas previas, ocupando el sector central de las mismas sobre la lava ya existente y sin afectaci\u00f3n a superficie nueva. El aumento de la emisi\u00f3n tampoco ha acrecentado el per\u00edmetro, estimado en unos 56 kil\u00f3mertros, y no ha hecho avanzar los frentes de las coladas.<\/p>\n<p style=\"text-align: justify;\">Estas fueron algunas de las cuestiones analizadas en el Comit\u00e9 Director del Plan Especial de Protecci\u00f3n Civil y Atenci\u00f3n de Emergencias por Riesgo Volc\u00e1nico de Canarias (PEVOLCA) del Gobierno de Canarias, que dirige el consejero de Administraciones P\u00fablicas, Justicia y Seguridad, Julio P\u00e9rez, con los datos aportados por el informe del Comit\u00e9 Cient\u00edfico. En dicha reuni\u00f3n tambi\u00e9n se abord\u00f3 la bajada de la sismicidad respecto a d\u00edas anteriores, la remisi\u00f3n de la deformaci\u00f3n del terreno registrada en Jedey y las variaciones de los par\u00e1metros de la calidad del aire, entre otros asuntos.<\/p>\n<p style=\"text-align: justify;\">Sobre las conclusiones del Comit\u00e9 Director, Miguel \u00c1ngel Morcuende, Director T\u00e9cnico del PEVOLCA, inform\u00f3 del posible aumento de las part\u00edculas menores de 10 micras (PM10) debido a un aporte de aire procedente del este, a partir de la base de la inversi\u00f3n t\u00e9rmica, lo que va a hacer empeorar la calidad del aire en algunas localidades como Los Llanos de Aridane. Actualmente, en esta localidad estas condiciones son extremadamente desfavorables y por ello, Morcuende record\u00f3 una vez m\u00e1s a la poblaci\u00f3n que es de vital importancia el uso de la mascarilla FFP2, como m\u00ednimo, si se sale a la calle, y que aquellas personas que presenten problemas oculares deben utilizar gafas protectoras mientras dure este episodio de incremento de part\u00edculas.<\/p>\n<p style=\"text-align: justify;\">Seg\u00fan la portavoz del Comit\u00e9 Cient\u00edfico y directora nacional de Vigilancia Volc\u00e1nica del Instituto Geogr\u00e1fico Nacional (IGN), Carmen L\u00f3pez, la emisi\u00f3n de di\u00f3xido de azufre (SO2), asociado al penacho volc\u00e1nico del actual proceso eruptivo, registrado durante el d\u00eda de ayer contin\u00faa siendo alto, pero su evoluci\u00f3n temporal refleja una tendencia descendente desde el pasado 25 de septiembre.<\/p>\n<p style=\"text-align: justify;\">Tambi\u00e9n la portavoz del Comit\u00e9 Cient\u00edfico se\u00f1al\u00f3 que en el d\u00eda de ayer la calidad del aire debida al di\u00f3xido de azufre (SO2) contaminante asociado al proceso eruptivo se situ\u00f3 en niveles entre razonablemente buenos y regulares la mayor\u00eda del d\u00eda en las estaciones de Los Llanos de Aridane y Puntagorda. En esta \u00faltima estaci\u00f3n, a las 12:00 horas se produjo una superaci\u00f3n del valor l\u00edmite horario de este contaminante (establecido en 350 \u00b5g\/m\u00b3) y los niveles medios acumulados superaron el l\u00edmite diario (establecido en 125 \u00b5g\/m\u00b3). Esta ma\u00f1ana los niveles de calidad de aire fueron buenos o razonablemente buenos en el conjunto de puntos de medici\u00f3n.<\/p>\n<p style=\"text-align: justify;\">L\u00f3pez indic\u00f3 adem\u00e1s que ayer sobre las 18:00 horas se increment\u00f3 la tasa de emisi\u00f3n de lava, destacando el avance de un flujo hacia el suroeste, que discurre al norte de la Monta\u00f1a de Cogote. En este sentido, a\u00f1adi\u00f3 que el fen\u00f3meno eruptivo va acompa\u00f1ado desde un inicio de muchos cambios de intensidad e incluso de estilos eruptivos. En estos episodios puede haber una aparente falta de intensidad durante un periodo, que se refleja en el tremor y en coladas menos voluminosas y, luego, puede volver a intensificarse, algo que representa el comportamiento natural de estas erupciones.<\/p>\n<p style=\"text-align: justify;\">Por otra parte, el director t\u00e9cnico del PEVOLCA explic\u00f3 que actualmente la sismicidad es baja, dijo que la localizada a profundidad se mantiene en valores bajos y afirm\u00f3 que la registrada a niveles intermedios se encuentra en descenso.<\/p>\n<p style=\"text-align: justify;\">En este sentido, L\u00f3pez destac\u00f3 que la magnitud m\u00e1xima registrada ha sido de 4.5 mbLg en un evento producido ayer a las 20:40 horas a una profundidad de 36 kil\u00f3metros\u00a0 y sentido con intensidad m\u00e1xima IV (EMS). Adem\u00e1s, tambi\u00e9n ayer, sobre las 18:00 horas y durante 7 horas m\u00e1s, se produjo una intensificaci\u00f3n del nivel del tremor, coincidente con el aumento de la actividad eruptiva.<\/p>\n<p style=\"text-align: justify;\">Sobre las condiciones meteorol\u00f3gicas, el director t\u00e9cnico del PEVOLCA dijo que\u00a0 las pr\u00f3ximas 48 horas ser\u00e1n favorables para la navegaci\u00f3n a\u00e9rea y las\u00a0 operaciones aeroportuarias. Asimismo, Morcuende se\u00f1al\u00f3 que la entrada de aire procedente del este situar\u00e1 el penacho hacia el suroeste y oeste de la isla y en principio, dijo, no van a aumentar por esta v\u00eda las part\u00edculas en suspensi\u00f3n en las localidades situadas al norte de La Palma.<\/p>\n<p style=\"text-align: justify;\"><strong>Servicios b\u00e1sicos<\/strong><\/p>\n<p style=\"text-align: justify;\">Respecto a las cenizas, contin\u00faa interviniendo el operativo de limpieza y el saneamiento de tejados y azoteas. Asimismo, desde el Comit\u00e9 Director se insiste en que la recogida de cenizas por particulares debe realizarse solo en azoteas transitables, con el fin de evitar accidentes y ca\u00eddas de altura, y utilizar medidas de protecci\u00f3n como mascarillas FFP2 y gafas protectoras. Para la limpieza de otro tipo de superficies no transitables, siempre se debe dar aviso a las autoridades.<\/p>\n<p style=\"text-align: justify;\">Por otra parte, siguen realiz\u00e1ndose las labores de limpieza de ceniza en las carreteras LP-2, LP-212, LP-215 y LP-213 y se intensifican en las zonas urbanas y en la evacuaci\u00f3n de pluviales.<\/p>\n<p style=\"text-align: justify;\">Adem\u00e1s, ma\u00f1ana lunes se comenzar\u00e1 a transportar ceniza hacia un lugar de acopio en las inmediaciones de San Nicol\u00e1s y hacia el sur.<\/p>\n<p style=\"text-align: justify;\">En cuanto al suministro el\u00e9ctrico y las telecomunicaciones no se han registrado\u00a0 incidencias.<\/p>\n<p style=\"text-align: justify;\"><strong>Superficies<\/strong><\/p>\n<p style=\"text-align: justify;\">Hoy no se han reportado modificaciones en cuanto a los datos referidos a la superficie, en las infraestructuras viarias ni en edificaciones y \u00e1reas de cultivos afectadas por la erupci\u00f3n volc\u00e1nica.<\/p>\n<p style=\"text-align: justify;\">En este sentido, la superficie se mantiene en unas 983,44 hect\u00e1reas aproximadamente y la anchura m\u00e1xima entre las coladas en unos 3.100 metros en las cotas m\u00e1s bajas. El per\u00edmetro de la zona afectada por la erupci\u00f3n se estima en 56,23 kil\u00f3metros.<\/p>\n<p style=\"text-align: justify;\">En cuanto a las construcciones\/edificaciones afectadas, no hay datos nuevos datos facilitados por el Catastro con respecto al d\u00eda de ayer, por lo que se mantienen las \u00a0\u00a0estimaciones de unas 1.446 edificaciones afectadas, de las cuales 1.171 son de uso residencial, 147 de uso agr\u00edcola, 66 de uso industrial, 33 de ocio y hosteler\u00eda, 13 de uso p\u00fablico y 15 de otras actividades.<\/p>\n<p style=\"text-align: justify;\">Las infraestructuras viarias mantienen la misma estimaci\u00f3n de d\u00edas anteriores con 63,84 kil\u00f3metros de carreteras afectadas, en su mayor\u00eda calles y viarios. Asimismo, en lo que se refiere a la superficie de cultivos, tampoco hay variaci\u00f3n ya que se \u00a0\u00a0mantiene en unas 283,6 hect\u00e1reas, la mayor parte de plataneras, con 158,83 hect\u00e1reas, seguidas de vi\u00f1as, que suponen unas 59, 65 hect\u00e1reas, y los aguacateros, que suman en torno a 24,06 hect\u00e1reas.<\/p>\n<p style=\"text-align: justify;\">En lo referido al n\u00famero de personas albergadas, s\u00ed existe una peque\u00f1a variaci\u00f3n, ya que la cifra de albergados en centros hoteleros a d\u00eda de hoy es de 467, dos m\u00e1s respecto al d\u00eda de ayer. De estas, 400 se hospedan en el hotel de Fuencaliente y 67 en Los Llanos de Aridane. Adem\u00e1s, hay 43 personas dependientes atendidas en centros sociosanitarios insulares.<\/p>\n<p style=\"text-align: justify;\"><strong>Dictamen diario del Comit\u00e9 Cient\u00edfico<\/strong><\/p>\n<p style=\"text-align: justify;\">Previamente a la reuni\u00f3n del Comit\u00e9 Director del PEVOLCA se reuni\u00f3 el Comit\u00e9 Cient\u00edfico del Plan, en el que sus integrantes expusieron sus conclusiones sobre la evoluci\u00f3n del fen\u00f3meno eruptivo desde el d\u00eda de ayer. Este Comit\u00e9 Cient\u00edfico est\u00e1 coordinado por la Direcci\u00f3n General de Seguridad y Emergencias del Gobierno de Canarias y lo integran representantes del Instituto Geogr\u00e1fico Nacional (IGN), Consejo Superior de Investigaciones Cient\u00edficas (CSIC), Instituto Volcanol\u00f3gico de Canarias (Involcan), Instituto Geol\u00f3gico y Minero de Espa\u00f1a (IGME), Agencia Estatal de Meteorolog\u00eda (AEMET), Instituto Espa\u00f1ol de Oceanograf\u00eda (IEO), Universidad de La Laguna y Universidad de Las Palmas de Gran Canaria.<\/p>\n<p style=\"text-align: justify;\">Tales conclusiones fueron:<\/p>\n<p style=\"text-align: justify;\">\u201cLa erupci\u00f3n fisural contin\u00faa mostrando mecanismo estromboliano, esto es, unmecanismo de car\u00e1cter mixto, con fases de explosividad que producen dep\u00f3sitos pirocl\u00e1sticos y fases efusivas que producen las coladas de lava, de forma simult\u00e1nea. El proceso eruptivo muestra episodios de incremento y disminuci\u00f3n de la actividad estromboliana, as\u00ed como pulsos con actividad freatomagm\u00e1tica.<\/p>\n<p style=\"text-align: justify;\">Ayer sobre las 18 h se increment\u00f3 la tasa de emisi\u00f3n de lava. Las coladas de lava, que surgen desde el sur del foco efusivo, se dirigen hacia el Oeste, sobre las coladas previas. Las lavas que siguen ocupando el sector central de la superficie afectada, rebosan puntualmente algunos de los tubos y canales volc\u00e1nicos preexistentes, sin afectar a nueva superficie. En particular, destacamos el avance de un flujo hacia el suroeste, que discurre al norte de la Monta\u00f1a del Cogote.<\/p>\n<p style=\"text-align: justify;\">Actualmente siguen activos varios centros de emisi\u00f3n con actividad intermitente (tanto de piroclastos, como de lava) variando seg\u00fan se modifica la configuraci\u00f3n de la zona eruptiva. No se descarta la aparici\u00f3n de nuevos centros de emisi\u00f3n en el entorno del cono principal, dentro de la zona de exclusi\u00f3n.<\/p>\n<p style=\"text-align: justify;\">La altura de la nube de dispersi\u00f3n de cenizas medida hoy a las 08:45 es de 2700 m, dirigi\u00e9ndose hacia el SO.<\/p>\n<p style=\"text-align: justify;\">En superficie soplar\u00e1 viento del NE fuerte, con rachas que pueden alcanzar los 60\u201370 km\/h principalmente en zonas de cumbres y median\u00edas. En niveles superiores (hasta los 5000 m) predominar\u00e1 el viento de componente E. El penacho de cenizas y SO2 se dispone hacia el O-SO y se espera que contin\u00fae en la posici\u00f3n actual. La disposici\u00f3n esperada de la nube supone un escenario favorable para la operatividad aeron\u00e1utica. Hoy no se descartan precipitaciones d\u00e9biles y ocasionales en el N y E de La Palma. A partir del lunes el PM10 podr\u00eda tener un aporte debido al polvo sahariano.<\/p>\n<p style=\"text-align: justify;\">La sismicidad ha disminuido respecto a d\u00edas anteriores, y contin\u00faa\u00a0 \u00a0 localiz\u00e1ndose en las mismas zonas, a profundidades entre 10 y 15 km y tambi\u00e9n a profundidades superiores a 20 km. La magnitud m\u00e1xima ha sido 4.5 mbLg de un evento ayer a las 20:40 a profundidad de 36 km, sentido con intensidad m\u00e1xima IV (EMS). Ayer sobre las 18 h y durante 7 horas, se produjo una intensificaci\u00f3n del nivel del tremor, coincidente con el aumento de la actividad eruptiva. El nivel de sismicidad actual sigue indicando que es posible que se produzcan m\u00e1s sismos sentidos, pudiendo alcanzarse intensidades VI (EMS) y originar peque\u00f1os derrumbes en zonas de pendiente.<\/p>\n<p style=\"text-align: justify;\">En cuanto a la deformaci\u00f3n en la estaci\u00f3n cercana a Jedey, ha revertido la deformaci\u00f3n vertical registrada en los d\u00edas anteriores. En el resto de las estaciones se muestra una tendencia a la deflaci\u00f3n regional.<\/p>\n<p style=\"text-align: justify;\">La emisi\u00f3n de di\u00f3xido de azufre (SO2), asociado al penacho volc\u00e1nico del\u00a0\u00a0\u00a0\u00a0 actual proceso eruptivo en marcha (emanaciones visibles de gases volc\u00e1nicos), registrado durante el d\u00eda de ayer (6\/10) contin\u00faa siendo alto (&gt; 10000 toneladas diarias), pero su evoluci\u00f3n temporal refleja un tendencia descendente desde el pasado 25\/9. En el caso de la emisi\u00f3n difusa de di\u00f3xido de carbono (CO2), asociada a los 220 km2 de la dorsal volc\u00e1nica de Cumbre Vieja (emanaciones no visibles de gases volc\u00e1nicos), refleja una tendencia ascendente desde el 22\/10 registr\u00e1ndose durante el d\u00eda de ayer (6\/10) un valor superior a las 1200 toneladas diarias. Fuera de la zona de la zona de exclusi\u00f3n estas emanaciones difusas de di\u00f3xido de carbono (CO2) no representan\u00a0\u00a0\u00a0\u00a0\u00a0 peligro alguno para las personas. En la estaci\u00f3n de Los Llanos de Aridane (LP10) se registra una ligera fracci\u00f3n magm\u00e1tica-hidrotermal en el di\u00f3xido de carbono (CO2) de la atm\u00f3sfera del suelo, mientras que en la estaci\u00f3n de Fuencaliente (LP08) esta es pr\u00e1cticamente nula. Todas estas observaciones geoqu\u00edmicas son coherentes con el actual proceso eruptivo.<\/p>\n<p style=\"text-align: justify;\">En el d\u00eda de ayer la calidad del aire debida al di\u00f3xido de azufre (SO2), contaminante asociado al proceso eruptivo, se situ\u00f3 en niveles entre razonablemente buenos y regulares, la mayor\u00eda del d\u00eda en las estaciones de Los Llanos de Aridane y Puntagorda. En esta \u00faltima estaci\u00f3n a las 12:00 h se produjo una superaci\u00f3n del valor l\u00edmite horario de este contaminante (establecido en 350 \u00b5g\/m\u00b3) y los niveles medios acumulados superaron el l\u00edmite diario (establecido en 125 \u00b5g\/m\u00b3). En estos momentos se mantienen niveles de calidad de aire bueno o razonablemente bueno en el conjunto de puntos de medici\u00f3n.<\/p>\n<p style=\"text-align: justify;\">Con respecto a las part\u00edculas menores de 10 micras (PM10), ayer se mantuvieron los niveles extremadamente desfavorables en la estaci\u00f3n de los Los Llanos de Aridane. El valor medio diario registrado, 219 \u00b5g\/m\u00b3 (umbral\u00a0\u00a0 diario establecido en 50 \u00b5g\/m\u00b3), es el segundo m\u00e1s alto desde el inicio de la\u00a0\u00a0 erupci\u00f3n, superando el registro del d\u00eda anterior. Nuevamente, las medias de esta estaci\u00f3n presentaron valores muy altos entre las 10 y las 19 horas del d\u00eda de ayer, descendiendo en la noche de ayer y madrugada de hoy. En estos momentos se\u00a0\u00a0 repite la pauta ascendente de las ma\u00f1anas, aunque con menor intensidad que en d\u00edas anteriores. La media m\u00f3vil de 24 horas en esta estaci\u00f3n se encuentra en niveles extremadamente desfavorables, reflejando la incidencia diaria de la din\u00e1mica eruptiva y vientos. En el resto de estaciones los niveles de calidad del aire por PM10 son buenos o razonablemente buenos.<\/p>\n<p style=\"text-align: justify;\">OBLIGACIONES Y RECOMENDACIONES<\/p>\n<p style=\"text-align: justify;\">PENACHO MARINO:<\/p>\n<p style=\"text-align: justify;\">\u00b7 Se sugiere prestar mucha atenci\u00f3n al pron\u00f3stico del viento para la\u00a0 \u00a0 monitorizaci\u00f3n de los posibles cambios de direcci\u00f3n del penacho y actuar en consecuencia, especialmente aquellas personas con el sistema respiratorio debilitado (por ejemplo, asm\u00e1ticos) ya que son m\u00e1s vulnerables a concentraciones m\u00e1s bajas.<\/p>\n<p style=\"text-align: justify;\">\u00b7 Tambi\u00e9n se recomienda el lavado de los ojos despu\u00e9s de cualquier\u00a0 \u00a0 \u00a0 exposici\u00f3n, ya que los s\u00edntomas, a menudo, no se perciben hasta m\u00e1s tarde.<\/p>\n<p style=\"text-align: justify;\">\u00b7 Estos penachos marinos se pueden percibir hasta varios kil\u00f3metros de\u00a0 distancia de la fuente, aunque m\u00e1s diluidos. En el caso de que el penacho\u00a0 marino llegue a n\u00facleos poblacionales, se recomienda permanecer en el interior de las viviendas siempre que sea posible y cerrar todas las puertas y ventanas.<\/p>\n<p style=\"text-align: justify;\">\u00b7\u00a0 Para la seguridad de la navegaci\u00f3n de embarcaciones cient\u00edficas que realizan labores cient\u00edficas en esta \u00e1rea, se recomienda mantener una distancia de al \u00a0\u00a0menos 500 m para las zonas activas de los deltas de lava (con aporte de lava y manifestaciones visibles), reduciendo dicha distancia a 200 m para las\u00a0\u00a0\u00a0 zonas m\u00e1s estables. La navegaci\u00f3n con fines cient\u00edficos para la gesti\u00f3n de la\u00a0 emergencia, se puede realizar a distancias menores, bajo la responsabilidad del armador y el capit\u00e1n o patr\u00f3n de la embarcaci\u00f3n, siempre y cuando se cuente con el visto bueno de la Direcci\u00f3n T\u00e9cnica de PEVOLCA y Capitan\u00eda Mar\u00edtima.<\/p>\n<p style=\"text-align: justify;\">COLADAS L\u00c1VICAS:<\/p>\n<p style=\"text-align: justify;\">\u00b7 Tambi\u00e9n se recomienda no aproximarse a las coladas de lava por el riesgo de exponerse a los gases emitidos, posibles desprendimientos y las altas temperaturas.<\/p>\n<p style=\"text-align: justify;\">\u00b7 Ante los grandes espesores de colada de lava observados en algunos puntos, se pueden producir colapsos de su frente que, en zonas de mayor pendiente,\u00a0 pueden conllevar la formaci\u00f3n de grandes fragmentos de colada, que pueden desprenderse del frente de la colada y que de forma repentina alcanzando distancias de varios metros desde el frente de colada, dependiendo de la topograf\u00eda. Tambi\u00e9n en zonas de gran pendiente, se puede producir peque\u00f1os flujos pirocl\u00e1sticos.<\/p>\n<p style=\"text-align: justify;\">CAIDA DE PIROCLASTOS:<\/p>\n<p style=\"text-align: justify;\">\u00b7 Se recuerda que est\u00e1 establecido un radio de exclusi\u00f3n de 2.5 km en torno a los centros de emisi\u00f3n para minimizar el riesgo de impacto de piroclastos y la exposici\u00f3n a los gases.<\/p>\n<p style=\"text-align: justify;\">\u00b7 En caso de intensificaci\u00f3n de la actividad explosiva es posible que algunas detonaciones violentas puedan producir rotura del vidrio de las ventanas. Se \u00a0\u00a0recomienda alejarse de las ventanas hasta un radio de 5 km desde el cono.<\/p>\n<p style=\"text-align: justify;\">\u00b7 En las zonas afectadas por una intensa ca\u00edda de cenizas (que se observe una \u00a0\u00a0clara deposici\u00f3n sobre el suelo) y m\u00e1s a\u00fan si se observa bruma, se recomienda mantenerse en espacios interiores. Al aire libre, se recomienda as\u00ed mismo el uso de mascarillas FFP2 y de sistemas de protecci\u00f3n de ojos.<\/p>\n<p style=\"text-align: justify;\">\u00b7 Ante la llegada de cenizas a otras islas, se recomienda en las afectadas, el uso de mascarillas quir\u00fargicas. Se recomienda la limpieza de azoteas en las que se acumulen espesores de cenizas de varios cent\u00edmetros. Se insiste en que se\u00a0 sigan de manera precisa el procedimiento de retirada de cenizas de azoteas y suelo indicado por Protecci\u00f3n Civil (humedecer ceniza, protecci\u00f3n de ojos, \u00a0\u00a0llevar mascarilla, proteger la piel, v\u00e9ase documentaci\u00f3n anexa).\u00a0 Para la retirada, se deben usar mascarillas FFP2, guantes, humedecer ligeramente para su barrido y evitando el uso de sopladores, salvo para la limpieza de las instalaciones aeroportuaria por personal especializado con sus EPIs correspondientes. El uso de los sopladores aumenta la re-suspensi\u00f3n de las part\u00edculas m\u00e1s perjudiciales para la salud.<\/p>\n<p style=\"text-align: justify;\">Para la seguridad de cient\u00edficos en tierra dentro de la zona de exclusi\u00f3n se\u00a0 recomienda mantener una distancia de al menos 1000 m respecto al centro principal de emisi\u00f3n. La aproximaci\u00f3n a distancias menores puede realizarse, con fines de observaci\u00f3n cient\u00edfica para la gesti\u00f3n de la emergencia, con el visto bueno de la\u00a0\u00a0\u00a0 Direcci\u00f3n T\u00e9cnica de PEVOLCA.<\/p>\n<p style=\"text-align: justify;\">Desde el centro emisor actual en el sector sur, a distancias menores de 3 km y dentro de la zona de exclusi\u00f3n, se ha de extremar la atenci\u00f3n a cualquier fen\u00f3meno observable, minimizando la exposici\u00f3n.<\/p>\n<p style=\"text-align: justify;\">MOVIMIENTOS S\u00cdSMICOS:<\/p>\n<p style=\"text-align: justify;\">\u2013\u00a0 El comit\u00e9 cient\u00edfico del PEVOLCA realiza un seguimiento continuo de la \u00a0\u00a0actividad volc\u00e1nica.<\/p>\n<p style=\"text-align: justify;\">\u2013\u00a0 Tanto en casa, como en el centro de trabajo, toma medidas preventivas: refuerza las estanter\u00edas, fija l\u00e1mparas y retira objetos grandes del mobiliario.<\/p>\n<p style=\"text-align: justify;\">En el exterior:<\/p>\n<p style=\"text-align: justify;\">Si te encuentras en el exterior y se registra un sismo, busca un lugar abierto y al\u00e9jate de estructuras que puedan caer a la v\u00eda y de las zonas con riesgo de derrumbe.<\/p>\n<p style=\"text-align: justify;\">Por tu seguridad, recuerda estos consejos de autoprotecci\u00f3n:<\/p>\n<p style=\"text-align: justify;\">\u2013\u00a0 Dir\u00edgete a espacios abiertos.<\/p>\n<p style=\"text-align: justify;\">\u2013\u00a0 Al\u00e9jate de edificios, balcones, sem\u00e1foros, farolas, tendidos el\u00e9ctricos o \u00a0\u00a0\u00a0\u00a0\u00a0\u00a0\u00a0\u00a0\u00e1rboles.<\/p>\n<p style=\"text-align: justify;\">\u2013\u00a0 \u00a0No te acerques a zonas con peligro de desprendimientos.<\/p>\n<p style=\"text-align: justify;\">\u2013\u00a0 \u00a0Sigue las recomendaciones de las autoridades e inf\u00f3rmate por canales oficiales y medios de comunicaci\u00f3n.<\/p>\n<p style=\"text-align: justify;\">\u2013\u00a0 \u00a0 Si te encuentras en un veh\u00edculo, disminuye la velocidad y para el motor cuando sea posible, lejos de edificaciones y zonas escarpadas. Pon los indicadores de emergencia y permanece en el veh\u00edculo hasta que finalice el terremoto.<\/p>\n<p style=\"text-align: justify;\">En el interior:<\/p>\n<p style=\"text-align: justify;\">Si te sorprende un temblor en el interior de tu vivienda, mant\u00e9n la calma y sigue estos consejos de autoprotecci\u00f3n:<\/p>\n<p style=\"text-align: justify;\">\u2013\u00a0 Mientras dure el temblor, no salgas al exterior.<\/p>\n<p style=\"text-align: justify;\">\u2013\u00a0 Prot\u00e9gete bajo el marco de una puerta o de alg\u00fan mueble s\u00f3lido, como una mesa.<\/p>\n<p style=\"text-align: justify;\">\u2013\u00a0 No te sit\u00faes cerca de ventanas.<\/p>\n<p style=\"text-align: justify;\">\u2013\u00a0 Si tienes que abandonar tu casa, desconecta agua, luz y gas.<\/p>\n<p style=\"text-align: justify;\">\u2013\u00a0 En caso de evacuaci\u00f3n, baja por las escaleras y no utilices el ascensor.<\/p>\n<p style=\"text-align: justify;\">\u2013\u00a0 Sigue las recomendaciones de las autoridades e inf\u00f3rmate por canales\u00a0 oficiales y medios de comunicaci\u00f3n.<\/p>\n<p style=\"text-align: justify;\">Se recomienda a la poblaci\u00f3n en la isla de La Palma el uso de mascarillas FFP2 al aire libre.<\/p>\n<p style=\"text-align: justify;\">Sigue siendo imperativo el respeto de las zonas de exclusi\u00f3n terrestre y mar\u00edtima, para mantener la integridad f\u00edsica de las personas.<\/p>\n<p style=\"text-align: justify;\">Se ha reforzado el seguimiento continuo de la actividad y se comunicar\u00e1\u00a0\u00a0 cualquier cambio significativo que se observe. Mant\u00e9nganse atentos a la informaci\u00f3n que \u00a0\u00a0\u00a0proporcionen las correspondientes autoridades de Protecci\u00f3n Civil\u201d.<\/p>\n<p style=\"text-align: justify;\">\u00a0<\/p>\n<div class=\"pvc_clear\"><\/div>\n<p id=\"pvc_stats_3638\" class=\"pvc_stats all  \" data-element-id=\"3638\" style=\"\"><i class=\"pvc-stats-icon medium\" aria-hidden=\"true\"><svg aria-hidden=\"true\" focusable=\"false\" data-prefix=\"far\" data-icon=\"chart-bar\" role=\"img\" xmlns=\"http:\/\/www.w3.org\/2000\/svg\" viewBox=\"0 0 512 512\" class=\"svg-inline--fa fa-chart-bar fa-w-16 fa-2x\"><path fill=\"currentColor\" d=\"M396.8 352h22.4c6.4 0 12.8-6.4 12.8-12.8V108.8c0-6.4-6.4-12.8-12.8-12.8h-22.4c-6.4 0-12.8 6.4-12.8 12.8v230.4c0 6.4 6.4 12.8 12.8 12.8zm-192 0h22.4c6.4 0 12.8-6.4 12.8-12.8V140.8c0-6.4-6.4-12.8-12.8-12.8h-22.4c-6.4 0-12.8 6.4-12.8 12.8v198.4c0 6.4 6.4 12.8 12.8 12.8zm96 0h22.4c6.4 0 12.8-6.4 12.8-12.8V204.8c0-6.4-6.4-12.8-12.8-12.8h-22.4c-6.4 0-12.8 6.4-12.8 12.8v134.4c0 6.4 6.4 12.8 12.8 12.8zM496 400H48V80c0-8.84-7.16-16-16-16H16C7.16 64 0 71.16 0 80v336c0 17.67 14.33 32 32 32h464c8.84 0 16-7.16 16-16v-16c0-8.84-7.16-16-16-16zm-387.2-48h22.4c6.4 0 12.8-6.4 12.8-12.8v-70.4c0-6.4-6.4-12.8-12.8-12.8h-22.4c-6.4 0-12.8 6.4-12.8 12.8v70.4c0 6.4 6.4 12.8 12.8 12.8z\" class=\"\"><\/path><\/svg><\/i> <\/p>\n<div class=\"pvc_clear\"><\/div>\n<div class=\"print\"><span class=\"page_title\">P\u00e1gina: <span>El aumento de emisi\u00f3n de lava no hace avanzar los frentes de coladas ni afecta a superficie nueva<\/span><\/span>\n\t\t\t\t\t\t\t\t\t\t\t<span class=\"page_title\">Fecha de impresi\u00f3n: <span>02\/05\/2026 - 06:51:40 UTC<\/span><\/span>\n\t\t\t\t\t\t\t\t\t\t\t<span class=\"stmp_trans_date\">\u00daltima actualizaci\u00f3n: <span>07\/11\/2021 - 17:00:54<\/span><\/span>\n\t\t\t\t\t\t\t\t\t\t\t<span class=\"stmp_trans_date\">Fecha publicaci\u00f3n: <span>07\/11\/2021 - 17:00:54<\/span><\/span>\n\t\t\t\t\t\t\t\t\t\t\t<span class=\"stmp_trans_date\">Fecha creaci\u00f3n: <span>07\/11\/2021 - 17:00:54<\/span><\/span><\/div>\n\t","protected":false},"excerpt":{"rendered":"<p>La deformaci\u00f3n registrada en Jedey ha remitido y la localizada en el resto de estaciones se encuentra en situaci\u00f3n de deflaci\u00f3n Las condiciones meteorol\u00f3gicas en las pr\u00f3ximas 48 horas ser\u00e1n favorables para la navegaci\u00f3n a\u00e9rea y las operaciones aeroportuarias Los nuevos aportes de lava registrados&#8230;<\/p>\n<div class=\"pvc_clear\"><\/div>\n<p id=\"pvc_stats_3638\" class=\"pvc_stats all  \" data-element-id=\"3638\" style=\"\"><i class=\"pvc-stats-icon medium\" aria-hidden=\"true\"><svg aria-hidden=\"true\" focusable=\"false\" data-prefix=\"far\" data-icon=\"chart-bar\" role=\"img\" xmlns=\"http:\/\/www.w3.org\/2000\/svg\" viewBox=\"0 0 512 512\" class=\"svg-inline--fa fa-chart-bar fa-w-16 fa-2x\"><path fill=\"currentColor\" d=\"M396.8 352h22.4c6.4 0 12.8-6.4 12.8-12.8V108.8c0-6.4-6.4-12.8-12.8-12.8h-22.4c-6.4 0-12.8 6.4-12.8 12.8v230.4c0 6.4 6.4 12.8 12.8 12.8zm-192 0h22.4c6.4 0 12.8-6.4 12.8-12.8V140.8c0-6.4-6.4-12.8-12.8-12.8h-22.4c-6.4 0-12.8 6.4-12.8 12.8v198.4c0 6.4 6.4 12.8 12.8 12.8zm96 0h22.4c6.4 0 12.8-6.4 12.8-12.8V204.8c0-6.4-6.4-12.8-12.8-12.8h-22.4c-6.4 0-12.8 6.4-12.8 12.8v134.4c0 6.4 6.4 12.8 12.8 12.8zM496 400H48V80c0-8.84-7.16-16-16-16H16C7.16 64 0 71.16 0 80v336c0 17.67 14.33 32 32 32h464c8.84 0 16-7.16 16-16v-16c0-8.84-7.16-16-16-16zm-387.2-48h22.4c6.4 0 12.8-6.4 12.8-12.8v-70.4c0-6.4-6.4-12.8-12.8-12.8h-22.4c-6.4 0-12.8 6.4-12.8 12.8v70.4c0 6.4 6.4 12.8 12.8 12.8z\" class=\"\"><\/path><\/svg><\/i> <img loading=\"lazy\" decoding=\"async\" width=\"16\" height=\"16\" alt=\"Loading\" src=\"https:\/\/www.gsccanarias.com\/gsc\/wp-content\/plugins\/page-views-count\/ajax-loader-2x.gif\" border=0 \/><\/p>\n<div class=\"pvc_clear\"><\/div>\n","protected":false},"author":1,"featured_media":3637,"comment_status":"open","ping_status":"open","sticky":false,"template":"","format":"standard","meta":{"footnotes":""},"categories":[36],"tags":[],"class_list":["post-3638","post","type-post","status-publish","format-standard","has-post-thumbnail","hentry","category-ultimas-noticias"],"a3_pvc":{"activated":true,"total_views":66,"today_views":0},"yoast_head":"<!-- This site is optimized with the Yoast SEO plugin v27.5 - https:\/\/yoast.com\/product\/yoast-seo-wordpress\/ -->\n<title>El aumento de emisi\u00f3n de lava no hace avanzar los frentes de coladas ni afecta a superficie nueva - GSC<\/title>\n<meta name=\"robots\" content=\"index, follow, max-snippet:-1, max-image-preview:large, max-video-preview:-1\" \/>\n<link rel=\"canonical\" href=\"https:\/\/www.gsccanarias.com\/gsc\/el-aumento-de-emision-de-lava-no-hace-avanzar-los-frentes-de-coladas-ni-afecta-a-superficie-nueva\/\" \/>\n<meta property=\"og:locale\" content=\"es_ES\" \/>\n<meta property=\"og:type\" content=\"article\" \/>\n<meta property=\"og:title\" content=\"El aumento de emisi\u00f3n de lava no hace avanzar los frentes de coladas ni afecta a superficie nueva - GSC\" \/>\n<meta property=\"og:description\" content=\"La deformaci\u00f3n registrada en Jedey ha remitido y la localizada en el resto de estaciones se encuentra en situaci\u00f3n de deflaci\u00f3n Las condiciones meteorol\u00f3gicas en las pr\u00f3ximas 48 horas ser\u00e1n favorables para la navegaci\u00f3n a\u00e9rea y las operaciones aeroportuarias Los nuevos aportes de lava registrados...\" \/>\n<meta property=\"og:url\" content=\"https:\/\/www.gsccanarias.com\/gsc\/el-aumento-de-emision-de-lava-no-hace-avanzar-los-frentes-de-coladas-ni-afecta-a-superficie-nueva\/\" \/>\n<meta property=\"og:site_name\" content=\"GSC\" \/>\n<meta property=\"article:published_time\" content=\"2021-11-07T17:00:54+00:00\" \/>\n<meta property=\"og:image\" content=\"https:\/\/www.gsccanarias.com\/gsc\/wp-content\/uploads\/2021\/11\/071121_Rueda_prensa_PEVOLCA.jpeg\" \/>\n\t<meta property=\"og:image:width\" content=\"1600\" \/>\n\t<meta property=\"og:image:height\" content=\"1200\" \/>\n\t<meta property=\"og:image:type\" content=\"image\/jpeg\" \/>\n<meta name=\"author\" content=\"userad112\" \/>\n<meta name=\"twitter:card\" content=\"summary_large_image\" \/>\n<meta name=\"twitter:label1\" content=\"Escrito por\" \/>\n\t<meta name=\"twitter:data1\" content=\"userad112\" \/>\n\t<meta name=\"twitter:label2\" content=\"Tiempo de lectura\" \/>\n\t<meta name=\"twitter:data2\" content=\"17 minutos\" \/>\n<script type=\"application\/ld+json\" class=\"yoast-schema-graph\">{\"@context\":\"https:\\\/\\\/schema.org\",\"@graph\":[{\"@type\":\"Article\",\"@id\":\"https:\\\/\\\/www.gsccanarias.com\\\/gsc\\\/el-aumento-de-emision-de-lava-no-hace-avanzar-los-frentes-de-coladas-ni-afecta-a-superficie-nueva\\\/#article\",\"isPartOf\":{\"@id\":\"https:\\\/\\\/www.gsccanarias.com\\\/gsc\\\/el-aumento-de-emision-de-lava-no-hace-avanzar-los-frentes-de-coladas-ni-afecta-a-superficie-nueva\\\/\"},\"author\":{\"name\":\"userad112\",\"@id\":\"https:\\\/\\\/www.gsccanarias.com\\\/gsc\\\/#\\\/schema\\\/person\\\/591ed0ce1757a7168579ec75f6e7f340\"},\"headline\":\"El aumento de emisi\u00f3n de lava no hace avanzar los frentes de coladas ni afecta a superficie nueva\",\"datePublished\":\"2021-11-07T17:00:54+00:00\",\"mainEntityOfPage\":{\"@id\":\"https:\\\/\\\/www.gsccanarias.com\\\/gsc\\\/el-aumento-de-emision-de-lava-no-hace-avanzar-los-frentes-de-coladas-ni-afecta-a-superficie-nueva\\\/\"},\"wordCount\":3428,\"commentCount\":0,\"image\":{\"@id\":\"https:\\\/\\\/www.gsccanarias.com\\\/gsc\\\/el-aumento-de-emision-de-lava-no-hace-avanzar-los-frentes-de-coladas-ni-afecta-a-superficie-nueva\\\/#primaryimage\"},\"thumbnailUrl\":\"https:\\\/\\\/www.gsccanarias.com\\\/gsc\\\/wp-content\\\/uploads\\\/2021\\\/11\\\/071121_Rueda_prensa_PEVOLCA.jpeg\",\"articleSection\":[\"\u00daltimas noticias\"],\"inLanguage\":\"es\",\"potentialAction\":[{\"@type\":\"CommentAction\",\"name\":\"Comment\",\"target\":[\"https:\\\/\\\/www.gsccanarias.com\\\/gsc\\\/el-aumento-de-emision-de-lava-no-hace-avanzar-los-frentes-de-coladas-ni-afecta-a-superficie-nueva\\\/#respond\"]}]},{\"@type\":\"WebPage\",\"@id\":\"https:\\\/\\\/www.gsccanarias.com\\\/gsc\\\/el-aumento-de-emision-de-lava-no-hace-avanzar-los-frentes-de-coladas-ni-afecta-a-superficie-nueva\\\/\",\"url\":\"https:\\\/\\\/www.gsccanarias.com\\\/gsc\\\/el-aumento-de-emision-de-lava-no-hace-avanzar-los-frentes-de-coladas-ni-afecta-a-superficie-nueva\\\/\",\"name\":\"El aumento de emisi\u00f3n de lava no hace avanzar los frentes de coladas ni afecta a superficie nueva - GSC\",\"isPartOf\":{\"@id\":\"https:\\\/\\\/www.gsccanarias.com\\\/gsc\\\/#website\"},\"primaryImageOfPage\":{\"@id\":\"https:\\\/\\\/www.gsccanarias.com\\\/gsc\\\/el-aumento-de-emision-de-lava-no-hace-avanzar-los-frentes-de-coladas-ni-afecta-a-superficie-nueva\\\/#primaryimage\"},\"image\":{\"@id\":\"https:\\\/\\\/www.gsccanarias.com\\\/gsc\\\/el-aumento-de-emision-de-lava-no-hace-avanzar-los-frentes-de-coladas-ni-afecta-a-superficie-nueva\\\/#primaryimage\"},\"thumbnailUrl\":\"https:\\\/\\\/www.gsccanarias.com\\\/gsc\\\/wp-content\\\/uploads\\\/2021\\\/11\\\/071121_Rueda_prensa_PEVOLCA.jpeg\",\"datePublished\":\"2021-11-07T17:00:54+00:00\",\"author\":{\"@id\":\"https:\\\/\\\/www.gsccanarias.com\\\/gsc\\\/#\\\/schema\\\/person\\\/591ed0ce1757a7168579ec75f6e7f340\"},\"breadcrumb\":{\"@id\":\"https:\\\/\\\/www.gsccanarias.com\\\/gsc\\\/el-aumento-de-emision-de-lava-no-hace-avanzar-los-frentes-de-coladas-ni-afecta-a-superficie-nueva\\\/#breadcrumb\"},\"inLanguage\":\"es\",\"potentialAction\":[{\"@type\":\"ReadAction\",\"target\":[\"https:\\\/\\\/www.gsccanarias.com\\\/gsc\\\/el-aumento-de-emision-de-lava-no-hace-avanzar-los-frentes-de-coladas-ni-afecta-a-superficie-nueva\\\/\"]}]},{\"@type\":\"ImageObject\",\"inLanguage\":\"es\",\"@id\":\"https:\\\/\\\/www.gsccanarias.com\\\/gsc\\\/el-aumento-de-emision-de-lava-no-hace-avanzar-los-frentes-de-coladas-ni-afecta-a-superficie-nueva\\\/#primaryimage\",\"url\":\"https:\\\/\\\/www.gsccanarias.com\\\/gsc\\\/wp-content\\\/uploads\\\/2021\\\/11\\\/071121_Rueda_prensa_PEVOLCA.jpeg\",\"contentUrl\":\"https:\\\/\\\/www.gsccanarias.com\\\/gsc\\\/wp-content\\\/uploads\\\/2021\\\/11\\\/071121_Rueda_prensa_PEVOLCA.jpeg\",\"width\":1600,\"height\":1200,\"caption\":\"071121 Rueda de prensa PEVOLCA\"},{\"@type\":\"BreadcrumbList\",\"@id\":\"https:\\\/\\\/www.gsccanarias.com\\\/gsc\\\/el-aumento-de-emision-de-lava-no-hace-avanzar-los-frentes-de-coladas-ni-afecta-a-superficie-nueva\\\/#breadcrumb\",\"itemListElement\":[{\"@type\":\"ListItem\",\"position\":1,\"name\":\"Portada\",\"item\":\"https:\\\/\\\/www.gsccanarias.com\\\/gsc\\\/\"},{\"@type\":\"ListItem\",\"position\":2,\"name\":\"El aumento de emisi\u00f3n de lava no hace avanzar los frentes de coladas ni afecta a superficie nueva\"}]},{\"@type\":\"WebSite\",\"@id\":\"https:\\\/\\\/www.gsccanarias.com\\\/gsc\\\/#website\",\"url\":\"https:\\\/\\\/www.gsccanarias.com\\\/gsc\\\/\",\"name\":\"GSC\",\"description\":\"Administramos servicios relacionados con la salud, las emergencias, la seguridad y el transporte sanitario\",\"potentialAction\":[{\"@type\":\"SearchAction\",\"target\":{\"@type\":\"EntryPoint\",\"urlTemplate\":\"https:\\\/\\\/www.gsccanarias.com\\\/gsc\\\/?s={search_term_string}\"},\"query-input\":{\"@type\":\"PropertyValueSpecification\",\"valueRequired\":true,\"valueName\":\"search_term_string\"}}],\"inLanguage\":\"es\"},{\"@type\":\"Person\",\"@id\":\"https:\\\/\\\/www.gsccanarias.com\\\/gsc\\\/#\\\/schema\\\/person\\\/591ed0ce1757a7168579ec75f6e7f340\",\"name\":\"userad112\",\"image\":{\"@type\":\"ImageObject\",\"inLanguage\":\"es\",\"@id\":\"https:\\\/\\\/secure.gravatar.com\\\/avatar\\\/6aab27730b29899b0a1a05aaa7b266b4fc1fce4dd26b427baeb73cffe474a916?s=96&d=mm&r=g\",\"url\":\"https:\\\/\\\/secure.gravatar.com\\\/avatar\\\/6aab27730b29899b0a1a05aaa7b266b4fc1fce4dd26b427baeb73cffe474a916?s=96&d=mm&r=g\",\"contentUrl\":\"https:\\\/\\\/secure.gravatar.com\\\/avatar\\\/6aab27730b29899b0a1a05aaa7b266b4fc1fce4dd26b427baeb73cffe474a916?s=96&d=mm&r=g\",\"caption\":\"userad112\"},\"sameAs\":[\"https:\\\/\\\/321brand.com\\\/112\"],\"url\":\"https:\\\/\\\/www.gsccanarias.com\\\/gsc\\\/author\\\/userad112\\\/\"}]}<\/script>\n<!-- \/ Yoast SEO plugin. -->","yoast_head_json":{"title":"El aumento de emisi\u00f3n de lava no hace avanzar los frentes de coladas ni afecta a superficie nueva - GSC","robots":{"index":"index","follow":"follow","max-snippet":"max-snippet:-1","max-image-preview":"max-image-preview:large","max-video-preview":"max-video-preview:-1"},"canonical":"https:\/\/www.gsccanarias.com\/gsc\/el-aumento-de-emision-de-lava-no-hace-avanzar-los-frentes-de-coladas-ni-afecta-a-superficie-nueva\/","og_locale":"es_ES","og_type":"article","og_title":"El aumento de emisi\u00f3n de lava no hace avanzar los frentes de coladas ni afecta a superficie nueva - GSC","og_description":"La deformaci\u00f3n registrada en Jedey ha remitido y la localizada en el resto de estaciones se encuentra en situaci\u00f3n de deflaci\u00f3n Las condiciones meteorol\u00f3gicas en las pr\u00f3ximas 48 horas ser\u00e1n favorables para la navegaci\u00f3n a\u00e9rea y las operaciones aeroportuarias Los nuevos aportes de lava registrados...","og_url":"https:\/\/www.gsccanarias.com\/gsc\/el-aumento-de-emision-de-lava-no-hace-avanzar-los-frentes-de-coladas-ni-afecta-a-superficie-nueva\/","og_site_name":"GSC","article_published_time":"2021-11-07T17:00:54+00:00","og_image":[{"width":1600,"height":1200,"url":"https:\/\/www.gsccanarias.com\/gsc\/wp-content\/uploads\/2021\/11\/071121_Rueda_prensa_PEVOLCA.jpeg","type":"image\/jpeg"}],"author":"userad112","twitter_card":"summary_large_image","twitter_misc":{"Escrito por":"userad112","Tiempo de lectura":"17 minutos"},"schema":{"@context":"https:\/\/schema.org","@graph":[{"@type":"Article","@id":"https:\/\/www.gsccanarias.com\/gsc\/el-aumento-de-emision-de-lava-no-hace-avanzar-los-frentes-de-coladas-ni-afecta-a-superficie-nueva\/#article","isPartOf":{"@id":"https:\/\/www.gsccanarias.com\/gsc\/el-aumento-de-emision-de-lava-no-hace-avanzar-los-frentes-de-coladas-ni-afecta-a-superficie-nueva\/"},"author":{"name":"userad112","@id":"https:\/\/www.gsccanarias.com\/gsc\/#\/schema\/person\/591ed0ce1757a7168579ec75f6e7f340"},"headline":"El aumento de emisi\u00f3n de lava no hace avanzar los frentes de coladas ni afecta a superficie nueva","datePublished":"2021-11-07T17:00:54+00:00","mainEntityOfPage":{"@id":"https:\/\/www.gsccanarias.com\/gsc\/el-aumento-de-emision-de-lava-no-hace-avanzar-los-frentes-de-coladas-ni-afecta-a-superficie-nueva\/"},"wordCount":3428,"commentCount":0,"image":{"@id":"https:\/\/www.gsccanarias.com\/gsc\/el-aumento-de-emision-de-lava-no-hace-avanzar-los-frentes-de-coladas-ni-afecta-a-superficie-nueva\/#primaryimage"},"thumbnailUrl":"https:\/\/www.gsccanarias.com\/gsc\/wp-content\/uploads\/2021\/11\/071121_Rueda_prensa_PEVOLCA.jpeg","articleSection":["\u00daltimas noticias"],"inLanguage":"es","potentialAction":[{"@type":"CommentAction","name":"Comment","target":["https:\/\/www.gsccanarias.com\/gsc\/el-aumento-de-emision-de-lava-no-hace-avanzar-los-frentes-de-coladas-ni-afecta-a-superficie-nueva\/#respond"]}]},{"@type":"WebPage","@id":"https:\/\/www.gsccanarias.com\/gsc\/el-aumento-de-emision-de-lava-no-hace-avanzar-los-frentes-de-coladas-ni-afecta-a-superficie-nueva\/","url":"https:\/\/www.gsccanarias.com\/gsc\/el-aumento-de-emision-de-lava-no-hace-avanzar-los-frentes-de-coladas-ni-afecta-a-superficie-nueva\/","name":"El aumento de emisi\u00f3n de lava no hace avanzar los frentes de coladas ni afecta a superficie nueva - GSC","isPartOf":{"@id":"https:\/\/www.gsccanarias.com\/gsc\/#website"},"primaryImageOfPage":{"@id":"https:\/\/www.gsccanarias.com\/gsc\/el-aumento-de-emision-de-lava-no-hace-avanzar-los-frentes-de-coladas-ni-afecta-a-superficie-nueva\/#primaryimage"},"image":{"@id":"https:\/\/www.gsccanarias.com\/gsc\/el-aumento-de-emision-de-lava-no-hace-avanzar-los-frentes-de-coladas-ni-afecta-a-superficie-nueva\/#primaryimage"},"thumbnailUrl":"https:\/\/www.gsccanarias.com\/gsc\/wp-content\/uploads\/2021\/11\/071121_Rueda_prensa_PEVOLCA.jpeg","datePublished":"2021-11-07T17:00:54+00:00","author":{"@id":"https:\/\/www.gsccanarias.com\/gsc\/#\/schema\/person\/591ed0ce1757a7168579ec75f6e7f340"},"breadcrumb":{"@id":"https:\/\/www.gsccanarias.com\/gsc\/el-aumento-de-emision-de-lava-no-hace-avanzar-los-frentes-de-coladas-ni-afecta-a-superficie-nueva\/#breadcrumb"},"inLanguage":"es","potentialAction":[{"@type":"ReadAction","target":["https:\/\/www.gsccanarias.com\/gsc\/el-aumento-de-emision-de-lava-no-hace-avanzar-los-frentes-de-coladas-ni-afecta-a-superficie-nueva\/"]}]},{"@type":"ImageObject","inLanguage":"es","@id":"https:\/\/www.gsccanarias.com\/gsc\/el-aumento-de-emision-de-lava-no-hace-avanzar-los-frentes-de-coladas-ni-afecta-a-superficie-nueva\/#primaryimage","url":"https:\/\/www.gsccanarias.com\/gsc\/wp-content\/uploads\/2021\/11\/071121_Rueda_prensa_PEVOLCA.jpeg","contentUrl":"https:\/\/www.gsccanarias.com\/gsc\/wp-content\/uploads\/2021\/11\/071121_Rueda_prensa_PEVOLCA.jpeg","width":1600,"height":1200,"caption":"071121 Rueda de prensa PEVOLCA"},{"@type":"BreadcrumbList","@id":"https:\/\/www.gsccanarias.com\/gsc\/el-aumento-de-emision-de-lava-no-hace-avanzar-los-frentes-de-coladas-ni-afecta-a-superficie-nueva\/#breadcrumb","itemListElement":[{"@type":"ListItem","position":1,"name":"Portada","item":"https:\/\/www.gsccanarias.com\/gsc\/"},{"@type":"ListItem","position":2,"name":"El aumento de emisi\u00f3n de lava no hace avanzar los frentes de coladas ni afecta a superficie nueva"}]},{"@type":"WebSite","@id":"https:\/\/www.gsccanarias.com\/gsc\/#website","url":"https:\/\/www.gsccanarias.com\/gsc\/","name":"GSC","description":"Administramos servicios relacionados con la salud, las emergencias, la seguridad y el transporte sanitario","potentialAction":[{"@type":"SearchAction","target":{"@type":"EntryPoint","urlTemplate":"https:\/\/www.gsccanarias.com\/gsc\/?s={search_term_string}"},"query-input":{"@type":"PropertyValueSpecification","valueRequired":true,"valueName":"search_term_string"}}],"inLanguage":"es"},{"@type":"Person","@id":"https:\/\/www.gsccanarias.com\/gsc\/#\/schema\/person\/591ed0ce1757a7168579ec75f6e7f340","name":"userad112","image":{"@type":"ImageObject","inLanguage":"es","@id":"https:\/\/secure.gravatar.com\/avatar\/6aab27730b29899b0a1a05aaa7b266b4fc1fce4dd26b427baeb73cffe474a916?s=96&d=mm&r=g","url":"https:\/\/secure.gravatar.com\/avatar\/6aab27730b29899b0a1a05aaa7b266b4fc1fce4dd26b427baeb73cffe474a916?s=96&d=mm&r=g","contentUrl":"https:\/\/secure.gravatar.com\/avatar\/6aab27730b29899b0a1a05aaa7b266b4fc1fce4dd26b427baeb73cffe474a916?s=96&d=mm&r=g","caption":"userad112"},"sameAs":["https:\/\/321brand.com\/112"],"url":"https:\/\/www.gsccanarias.com\/gsc\/author\/userad112\/"}]}},"publishpress_future_workflow_manual_trigger":{"enabledWorkflows":[]},"_links":{"self":[{"href":"https:\/\/www.gsccanarias.com\/gsc\/wp-json\/wp\/v2\/posts\/3638","targetHints":{"allow":["GET"]}}],"collection":[{"href":"https:\/\/www.gsccanarias.com\/gsc\/wp-json\/wp\/v2\/posts"}],"about":[{"href":"https:\/\/www.gsccanarias.com\/gsc\/wp-json\/wp\/v2\/types\/post"}],"author":[{"embeddable":true,"href":"https:\/\/www.gsccanarias.com\/gsc\/wp-json\/wp\/v2\/users\/1"}],"replies":[{"embeddable":true,"href":"https:\/\/www.gsccanarias.com\/gsc\/wp-json\/wp\/v2\/comments?post=3638"}],"version-history":[{"count":0,"href":"https:\/\/www.gsccanarias.com\/gsc\/wp-json\/wp\/v2\/posts\/3638\/revisions"}],"wp:featuredmedia":[{"embeddable":true,"href":"https:\/\/www.gsccanarias.com\/gsc\/wp-json\/wp\/v2\/media\/3637"}],"wp:attachment":[{"href":"https:\/\/www.gsccanarias.com\/gsc\/wp-json\/wp\/v2\/media?parent=3638"}],"wp:term":[{"taxonomy":"category","embeddable":true,"href":"https:\/\/www.gsccanarias.com\/gsc\/wp-json\/wp\/v2\/categories?post=3638"},{"taxonomy":"post_tag","embeddable":true,"href":"https:\/\/www.gsccanarias.com\/gsc\/wp-json\/wp\/v2\/tags?post=3638"}],"curies":[{"name":"wp","href":"https:\/\/api.w.org\/{rel}","templated":true}]}}