{"id":3632,"date":"2021-11-05T17:00:54","date_gmt":"2021-11-05T17:00:54","guid":{"rendered":"https:\/\/www.gsccanarias.com\/gsc\/sanchez-pone-a-la-palma-como-ejemplo-de-unidad-de-todas-las-administraciones-y-resalta-la-solidaridad-con-la-isla\/"},"modified":"2021-11-05T17:00:54","modified_gmt":"2021-11-05T17:00:54","slug":"sanchez-pone-a-la-palma-como-ejemplo-de-unidad-de-todas-las-administraciones-y-resalta-la-solidaridad-con-la-isla","status":"publish","type":"post","link":"https:\/\/www.gsccanarias.com\/gsc\/sanchez-pone-a-la-palma-como-ejemplo-de-unidad-de-todas-las-administraciones-y-resalta-la-solidaridad-con-la-isla\/","title":{"rendered":"S\u00e1nchez pone a La Palma como ejemplo de unidad de todas las administraciones y resalta la solidaridad con la isla"},"content":{"rendered":"<p><strong><\/strong><\/p>\n<p><strong>Las condiciones meteorol\u00f3gicas son favorables para la calidad del aire y la operatividad de los aeropuertos<\/strong><\/p>\n<p style=\"text-align: justify;\"><strong>Los valores de di\u00f3xido de azufre SO2 son buenos en toda la isla y mejoran los niveles de part\u00edculas PM10, aunque se mantienen las recomendaciones<\/strong><\/p>\n<p style=\"text-align: justify;\"><strong>Este fin de semana se establecer\u00e1 un sentido \u00fanico de circulaci\u00f3n de bajada por la carretera de Hermosilla, desde el municipio de El Paso a Los Llanos de Aridane y de subida por la LP-2 y LP-3<\/strong><\/p>\n<p style=\"text-align: justify;\"><strong>Los particulares solo pueden acceder a azoteas que sean transitables para retirar cenizas y siempre con las medidas de autoprotecci\u00f3n adecuadas<\/strong><\/p>\n<p style=\"text-align: justify;\">El presidente del Gobierno de Espa\u00f1a, Pedro S\u00e1nchez, asisti\u00f3 hoy en La Palma al Comit\u00e9 Director del Plan Especial de Protecci\u00f3n Civil y Atenci\u00f3n de Emergencias por Riesgo Volc\u00e1nico de Canarias (PEVOLCA) del Gobierno de Canarias, que dirige el consejero de Administraciones P\u00fablicas, Justicia y Seguridad, Julio P\u00e9rez. Esta es la sexta visita del presidente S\u00e1nchez a la isla y en todas ha participado en las reuniones del PEVOLCA para conocer de cerca la evoluci\u00f3n del proceso eruptivo, estando acompa\u00f1ado por el presidente de Canarias, \u00c1ngel Victor Torres, el presidente del Cabildo, Mariano Hern\u00e1ndez Zapata y el delegado del Gobierno, Anselmo Pestana, entre otras autoridades.<\/p>\n<p style=\"text-align: justify;\">En el transcurso de la reuni\u00f3n, el presidente S\u00e1nchez quiso trasladar una vez m\u00e1s la solidaridad de toda Espa\u00f1a con La Palma, a la vez que destac\u00f3 el extraordinario trabajo de los servidores p\u00fablicos, equipos intervinientes, dirigentes y personal cient\u00edficos, que muestran cada d\u00eda su profesionalidad y dedicaci\u00f3n, convirtiendo a La Palma en un ejemplo de unidad. Asimismo, anunci\u00f3 que esta semana ser\u00e1n transferidas las ayudas para los sectores agr\u00edcola y pesquero por un importe de 18,8 millones de euros y la aprobaci\u00f3n en el Consejos de Ministros del pr\u00f3ximo martes de la exenci\u00f3n tributaria de todas las ayudas p\u00fablicas que se destinen de manera directa a los afectados de la isla, en lo que respecta a la destrucci\u00f3n de viviendas o de cualquier tipo de edificaciones.<\/p>\n<p style=\"text-align: justify;\">Por su parte, \u00c1ngel Victor Torres avanz\u00f3 las alternativas habitaciones que lleva a cabo el Gobierno, y anunci\u00f3 que el pr\u00f3ximo lunes se prev\u00e9 la entrega de las primeras 18 viviendas. Aparte, destac\u00f3 el refuerzo de la Oficina de Atenci\u00f3n Ciudadana con casi 30 personas, lo que ha permitido formalizar 300 expedientes. Tambi\u00e9n inform\u00f3 de que han llegado a La Palma las primeras 30 viviendas prefabricadas, de las 200 que est\u00e1n previstas inicialmente por el Gobierno de Canarias. El presidente de Canarias explic\u00f3 que se est\u00e1 consensuando el decreto con los ayuntamientos y el Cabildo para habilitar espacios porque \u201cla voluntad es poder reconstruir donde sea posible mantener el arraigo\u201d.<\/p>\n<p style=\"text-align: justify;\">Sobre las conclusiones del Comit\u00e9 Director, Rub\u00e9n Fern\u00e1ndez, Director T\u00e9cnico del PEVOLCA en sustituci\u00f3n temporal de Miguel \u00c1ngel Morcuende, explic\u00f3 que los datos de calidad del aire han mejorado con respecto a ayer y que la previsi\u00f3n es que contin\u00fae esta tendencia. Los niveles de SO2 son buenos en toda la isla y los niveles de PM10 han descendido, aunque se mantienen las medidas preventivas y las recomendaciones a la poblaci\u00f3n ya que los niveles de part\u00edculas en suspensi\u00f3n siguen siendo altos. Con respecto a este valor, indic\u00f3 que la situaci\u00f3n ha pasado de extremadamente desfavorable a desfavorable.<\/p>\n<p style=\"text-align: justify;\">Sobre el retorno a las clases presenciales en el Valle de Aridane, la Consejer\u00eda de Educaci\u00f3n, Universidades, Cultura y Deportes se\u00f1al\u00f3 que ser\u00e1 el domingo cuando decida si el lunes el alumnado regresa a las aulas o sigue con las clases en l\u00ednea.<\/p>\n<p style=\"text-align: justify;\">En cuanto a los servicios b\u00e1sicos, el Comit\u00e9 Director inform\u00f3 que se ha reforzado el operativo de limpieza de cenizas y el saneamiento de tejados y azoteas, intensific\u00e1ndose en el zona sur. Adem\u00e1s, se coordina con UME, Bomberos y el Servicio de Infraestructura del Cabildo, la limpieza de grandes espacios y entornos de edificaciones usando maquinaria pesada, y se incorporan camiones barredoras con aspiraci\u00f3n para zonas urbanas. Sobre la recogida de cenizas por particulares, se insiste en que solo deben acceder a azoteas que sean transitables, con el fin de evitar accidentes, y que se deben usar medidas de protecci\u00f3n como mascarillas FFP2 y gafas.<\/p>\n<p style=\"text-align: justify;\">Por otro lado, se record\u00f3 que durante el fin de semana se realizar\u00e1 un mayor control del tr\u00e1fico en la zona del Mirador de Tajuya y el s\u00e1bado se establecer\u00e1 un sentido \u00fanico de la circulaci\u00f3n de veh\u00edculos, realiz\u00e1ndose la bajada de veh\u00edculos ligeros de El Paso a Los Llanos de Aridane por las Cuestas de Hermosilla y la subida por la LP-2 y LP-3.\u00a0 Los veh\u00edculos de gran tonelaje circular\u00e1n, en ambos sentidos, por la LP-2 y LP-3. Los visitantes deben extremar las medidas de autoprotecci\u00f3n en el tr\u00e1fico rodado y en el paso de viandantes, especialmente en el entorno del Mirador de Tajuya, por lo que se recomienda que los peatones usen en todo momento chalecos reflectantes.<\/p>\n<p style=\"text-align: justify;\">Se siguen realizando controles diarios de calidad del agua por parte del Consejo Insular de Aguas, supervisando las telecomunicaciones y el suministro el\u00e9ctrico, sin que hasta el momento se hayan detectado incidencias que hayan generado interrupci\u00f3n de los servicios en las zonas no evacuadas.<\/p>\n<p style=\"text-align: justify;\">En el d\u00eda de hoy se han suspendido los acompa\u00f1amientos de vecinos a la zona sur por las condiciones meteorol\u00f3gicas y el estado de la v\u00eda debido a la ceniza, aunque se mantiene el acceso a regantes. Ma\u00f1ana se volver\u00e1 a evaluar la situaci\u00f3n.<\/p>\n<p style=\"text-align: justify;\"><strong>Proceso eruptivo<\/strong><\/p>\n<p style=\"text-align: justify;\">Las lavas siguen ocupando el sector central de la superficie afectada, transcurriendo hacia el noroeste, rebosando puntualmente algunos de los tubos y canales volc\u00e1nicos preexistentes, sin afectar a nuevos terrenos. Los aportes de lava que se est\u00e1n produciendo sobre las coladas est\u00e1n generando peque\u00f1as afecciones sin relevancia en la superficie afectada. El frente de la colada de la zona 11 se mantiene a 100 metros de distancia de la LP- 211. La v\u00eda contin\u00faa abierta, pero con restricciones al tr\u00e1fico y en previsi\u00f3n de que finalmente esta carretera pueda quedar cortada por la lava, se contin\u00faa trabajando en las obras de acondicionamiento de una segunda v\u00eda de acceso hacia Puerto Naos que permita la entrada de veh\u00edculos de gran tonelaje. Dichas obras podr\u00edan estar finalizadas en unos 10 d\u00edas.<\/p>\n<p style=\"text-align: justify;\">En este sentido, la portavoz del Comit\u00e9 Cient\u00edfico y directora nacional de Vigilancia Volc\u00e1nica del Instituto Geogr\u00e1fico Nacional (IGN), Carmen L\u00f3pez, explic\u00f3 en rueda de prensa que el volc\u00e1n sigue emitiendo material que alimenta los tubos l\u00e1vicos y circula por coladas anteriores, con capacidad de asentar nuevo material, que rellenan peque\u00f1as cavidades y zonas de hundimientos. Por lo tanto, se est\u00e1 produciendo un proceso de asimilaci\u00f3n de los nuevos aportes, sin modificar los frentes de las coladas.<\/p>\n<p style=\"text-align: justify;\">Carmen L\u00f3pez se\u00f1al\u00f3 tambi\u00e9n que el nivel del tremor volc\u00e1nico en \u00a0las \u00faltimas 24 horas ha experimentado un nuevo descenso, dentro de su comportamiento oscilatorio, y que la sismicidad contin\u00faa localiz\u00e1ndose en las mismas zonas de las \u00faltimas semanas, a profundidades entre 10 y 15 kil\u00f3metros y tambi\u00e9n a profundidades superiores a 20 kil\u00f3metros. La magnitud m\u00e1xima ha sido 4.5 mbLg de un evento ayer a las 23:05 a profundidad de 35 kil\u00f3metros, sentido con intensidad m\u00e1xima IV (EMS).<\/p>\n<p style=\"text-align: justify;\">En cuanto a la deformaci\u00f3n, las estaciones m\u00e1s pr\u00f3ximas al centro eruptivo no muestran cambios significativos. En las estaciones m\u00e1s alejadas del centro eruptivo, contin\u00faa una ligera deflaci\u00f3n regional.<\/p>\n<p style=\"text-align: justify;\">Sobre las condiciones meteorol\u00f3gicas, el Comit\u00e9 Cient\u00edfico indic\u00f3 que el escenario de los pr\u00f3ximos d\u00edas es favorable para la operatividad aeron\u00e1utica y tambi\u00e9n desde el punto de vista de calidad del aire, ya que se prev\u00e9 que el r\u00e9gimen de vientos disponga el penacho de cenizas y SO2 hacia el sur-suroeste desde el foco eruptivo y una intensificaci\u00f3n del alisio. Las precipitaciones han sido d\u00e9biles en la vertiente noreste y este, sin incidencias destacables,<\/p>\n<p style=\"text-align: justify;\"><strong>Superficies<\/strong><\/p>\n<p style=\"text-align: justify;\">En el d\u00eda de hoy no se aportaron nuevos datos sobre la superficie afectada, que ayer se estimaba en 983 hect\u00e1reas, ni en cultivos, donde se mantiene la cifra de aproximadamente 283 hect\u00e1reas afectadas.<\/p>\n<p style=\"text-align: justify;\">Seg\u00fan los \u00faltimos datos aportados por el sat\u00e9lite Copernicus, en cuanto al n\u00famero de construcciones\/edificaciones destruidas o da\u00f1adas, se ha reajustado la cifra a 2.714 edificaciones, de las cuales 2.581 destruidas en su totalidad y 133 da\u00f1adas o en riesgo. El catastro se mantiene con datos de ayer, en 1.443 ediciones afectadas.<\/p>\n<p style=\"text-align: justify;\">En cuanto a las infraestructuras viarias, se estima que son 63,8 kil\u00f3metros de carreteras afectadas. De ellas, m\u00e1s de 9 kil\u00f3metros corresponden a v\u00edas insulares y unos 54 kil\u00f3metros a calles, traves\u00edas y otros viarios municipales.<\/p>\n<p style=\"text-align: justify;\">El n\u00famero de personas albergadas en centros hoteleros a d\u00eda de hoy es de 466, seis m\u00e1s que en el d\u00eda anterior. De estas, 399 se hospedan en el hotel de Fuencaliente y 67 en Los Llanos de Aridane. Adem\u00e1s, hay 43 personas dependientes atendidas en centros sociosanitarios insulares.<\/p>\n<p style=\"text-align: justify;\"><strong>Dictamen diario del Comit\u00e9 Cient\u00edfico<\/strong><\/p>\n<p style=\"text-align: justify;\">Previamente a la reuni\u00f3n del Comit\u00e9 Director del PEVOLCA se reuni\u00f3 el Comit\u00e9 Cient\u00edfico del Plan, en el que sus integrantes expusieron sus conclusiones sobre la evoluci\u00f3n del fen\u00f3meno eruptivo desde el d\u00eda de ayer. Este Comit\u00e9 Cient\u00edfico est\u00e1 coordinado por la Direcci\u00f3n General de Seguridad y Emergencias del Gobierno de Canarias y lo integran representantes del Instituto Geogr\u00e1fico Nacional (IGN), Consejo Superior de Investigaciones Cient\u00edficas (CSIC), Instituto Volcanol\u00f3gico de Canarias (Involcan), Instituto Geol\u00f3gico y Minero de Espa\u00f1a (IGME), Agencia Estatal de Meteorolog\u00eda (AEMET), Instituto Espa\u00f1ol de Oceanograf\u00eda (IEO), Universidad de La Laguna y Universidad de Las Palmas de Gran Canaria.<\/p>\n<p style=\"text-align: justify;\">Tales conclusiones fueron:<\/p>\n<p style=\"text-align: justify;\">\u201cLa erupci\u00f3n fisural contin\u00faa mostrando mecanismo estromboliano, esto es, un mecanismo de car\u00e1cter mixto, con fases de explosividad que producen dep\u00f3sitos pirocl\u00e1sticos y fases efusivas que producen las coladas de lava, de forma simult\u00e1nea. El proceso eruptivo muestra episodios de incremento y disminuci\u00f3n de la actividad estromboliana, as\u00ed como pulsos con actividad freatomagm\u00e1tica.<\/p>\n<p style=\"text-align: justify;\">En los \u00faltimos d\u00edas, es rese\u00f1able que los niveles de actividad visibles en el cono son muy variables, con pulsos de mayor tasa de emisi\u00f3n de coladas l\u00e1vicas. Las lavas siguen ocupando el sector central de la superficie afectada, transcurriendo hacia el noroeste, rebosando puntualmente algunos de los tubos y canales volc\u00e1nicos preexistentes, sin afectar a nueva superficie.<\/p>\n<p style=\"text-align: justify;\">Actualmente siguen activos varios centros de emisi\u00f3n con actividad intermitente (tanto de piroclastos, como de lava) variando seg\u00fan se modifica la configuraci\u00f3n de la zona eruptiva. No se descarta la aparici\u00f3n de nuevos centros de emisi\u00f3n en el entorno del cono principal, dentro de la zona de exclusi\u00f3n.<\/p>\n<p style=\"text-align: justify;\">La altura de la nube de dispersi\u00f3n de cenizas medida hoy a las 08:45 es de 3500 m.<\/p>\n<p style=\"text-align: justify;\">El viento predominante en la baja y media troposfera (desde superficie hasta 5000 m) continuar\u00e1 siendo de componente N. Se prev\u00e9 que el penacho de cenizas y SO2 se disponga hacia el S-SO desde el foco eruptivo, escenario favorable para la operatividad aeron\u00e1utica. Desde el punto de vista de calidad del aire, las condiciones meteorol\u00f3gicas son favorables. Se espera que hoy contin\u00faen registr\u00e1ndose precipitaciones preferentemente en las mismas zonas y en general de car\u00e1cter d\u00e9bil (podr\u00edan ser puntualmente moderadas). Para ma\u00f1ana s\u00e1bado, probabilidad de lluvias d\u00e9biles ocasionales en el N y E de La Palma y a partir del domingo la probabilidad ir\u00e1 disminuyendo.<\/p>\n<p style=\"text-align: justify;\">La sismicidad contin\u00faa localiz\u00e1ndose en las mismas zonas de las \u00faltimas semanas, a profundidades entre 10 y 15 km y tambi\u00e9n a profundidades superiores a 20 km. La magnitud m\u00e1xima ha sido 4.5 mbLg de un evento ayer a las 23:05 a profundidad de 35 km, sentido con intensidad m\u00e1xima IV (EMS). El nivel del tremor volc\u00e1nico en \u00a0las \u00faltimas 24 h ha experimentado un nuevo descenso, dentro de su comportamiento oscilatorio. El nivel de sismicidad actual sigue indicando que es posible que se produzcan m\u00e1s sismos sentidos, pudiendo alcanzarse intensidades VI (EMS) y originar peque\u00f1os derrumbes en zonas de pendiente.<\/p>\n<p style=\"text-align: justify;\">En cuanto a la deformaci\u00f3n, las estaciones m\u00e1s pr\u00f3ximas al centro eruptivo no muestran cambios significativos. En las estaciones m\u00e1s alejadas del centro eruptivo, contin\u00faa una ligera deflaci\u00f3n regional.<\/p>\n<p style=\"text-align: justify;\">La emisi\u00f3n de di\u00f3xido de azufre (SO2) asociado al penacho volc\u00e1nico (emanaciones visibles de gases volc\u00e1nicos) alcanzo las 31300 toneladas diarias durante el d\u00eda de ayer (4\/10), estimado mediante miniDOAS en posici\u00f3n m\u00f3vil terrestre (valor normalmente subestimado en comparaci\u00f3n con los datos satelitales). A pesar del registro de un pulso de emisi\u00f3n de di\u00f3xido de azufre (SO2) durante los \u00faltimos d\u00edas, la evoluci\u00f3n temporal de las estimaciones de emisi\u00f3n de di\u00f3xido de azufre (SO2) procedentes de los datos satelitales refleja una tendencia descendente desde el pasado 25\/9. La composici\u00f3n qu\u00edmica de los lixiviados de cenizas hasta la primera quincena de octubre, muestra diferentes relaciones sulfatos\/cloruros en funci\u00f3n del punto de deposici\u00f3n de las cenizas, con un enriquecimiento relativo del contenido de fluoruros respecto al contenido de sulfatos y cloruros (valores medios 253 mg\/kg, 778\u00a0\u00a0 mg\/kg, 330 mg\/kg de ceniza, respectivamente). La evoluci\u00f3n temporal de esta composici\u00f3n, en particular, las relaciones sulfatos\/cloruros y cloruros\/fluoruros indican cambios de la composici\u00f3n qu\u00edmica del penacho volc\u00e1nico y por consiguiente con cambios en el proceso eruptivo.<\/p>\n<p style=\"text-align: justify;\">En el caso de la emisi\u00f3n difusa de di\u00f3xido de carbono (CO2), asociada a la dorsal volc\u00e1nica de Cumbre Vieja, se observa una tendencia descendente de este par\u00e1metro geoqu\u00edmico del 12\/10 al 22\/10, desde esa fecha se observa una tendencia ascendente. En la estaci\u00f3n de Los Llanos de Aridane (LP10) se registra una mayor fracci\u00f3n magm\u00e1tica-hidrotermal en el di\u00f3xido de carbono (CO2) en la atm\u00f3sfera del suelo, que en la estaci\u00f3n de Fuencaliente (LP08). Todas estas observaciones geoqu\u00edmicas son coherentes con el actual proceso eruptivo.<\/p>\n<p style=\"text-align: justify;\">En el d\u00eda de ayer la calidad del aire debida al di\u00f3xido de azufre (SO2), contaminante asociado al proceso eruptivo, se situ\u00f3 en niveles buenos y razonablemente buenos en todas las estaciones de la isla. En estos momentos se mantienen niveles de calidad de aire buenos en el conjunto de puntos de medici\u00f3n de la isla.<\/p>\n<p style=\"text-align: justify;\">Con respecto a las part\u00edculas menores de 10 micras (PM10), en el d\u00eda de ayer se mantuvieron los niveles muy desfavorables en la estaci\u00f3n de los Los Llanos de Aridane con una media diaria de 104 \u00b5g\/m\u00b3 (umbral diario establecido en 50 \u00b5g\/m\u00b3). Los registros de esta estaci\u00f3n presentaron valores altos entre las 00 y las 18 horas del d\u00eda de ayer y posteriormente fueron en descenso, aunque en estos momentos se encuentran de nuevo en ascenso con valores altos. La media m\u00f3vil de 24 horas se encuentra en niveles muy desfavorables, reflejando la incidencia diaria de la din\u00e1mica eruptiva y vientos. En el resto de estaciones los niveles de calidad del aire por PM10 son buenos o razonablemente buenos.<\/p>\n<p style=\"text-align: justify;\">OBLIGACIONES Y RECOMENDACIONES<\/p>\n<p style=\"text-align: justify;\">PENACHO MARINO:<\/p>\n<p style=\"text-align: justify;\">Se sugiere prestar mucha atenci\u00f3n al pron\u00f3stico del viento para la monitorizaci\u00f3n de los posibles cambios de direcci\u00f3n del penacho y actuar en consecuencia, especialmente aquellas personas con el sistema respiratorio debilitado (por ejemplo, asm\u00e1ticos) ya que son m\u00e1s vulnerables a concentraciones m\u00e1s bajas.<br \/>Tambi\u00e9n se recomienda el lavado de los ojos despu\u00e9s de cualquier exposici\u00f3n, ya que los s\u00edntomas, a menudo, no se perciben hasta m\u00e1s tarde.<br \/>Estos penachos marinos se pueden percibir hasta varios kil\u00f3metros de distancia de la fuente, aunque m\u00e1s diluidos. En el caso de que el penacho marino llegue a n\u00facleos poblacionales, se recomienda permanecer en el interior de las viviendas siempre que sea posible y cerrar todas las puertas y ventanas.<br \/>Para la seguridad de la navegaci\u00f3n de embarcaciones cient\u00edficas que realizan labores cient\u00edficas en esta \u00e1rea, se recomienda mantener una distancia de al menos 500 m para las zonas activas de los deltas de lava (con aporte de lava y manifestaciones visibles), reduciendo dicha distancia a 200 m para las zonas m\u00e1s estables. La navegaci\u00f3n con fines cient\u00edficos para la gesti\u00f3n de la emergencia, se puede realizar a distancias menores, bajo la responsabilidad del armador y el capit\u00e1n o patr\u00f3n de la embarcaci\u00f3n, siempre y cuando se cuente con el visto bueno de la Direcci\u00f3n T\u00e9cnica de PEVOLCA y Capitan\u00eda Mar\u00edtima.<\/p>\n<p style=\"text-align: justify;\">COLADAS L\u00c1VICAS:<\/p>\n<p style=\"text-align: justify;\">Tambi\u00e9n se recomienda no aproximarse a las coladas de lava por el riesgo de exponerse a los gases emitidos, posibles desprendimientos y las altas temperaturas.<br \/>Ante los grandes espesores de colada de lava observados en algunos puntos, se pueden producir colapsos de su frente que, en zonas de mayor pendiente, pueden conllevar la formaci\u00f3n de grandes fragmentos de colada, que pueden desprenderse del frente de la colada y que de forma repentina alcanzando distancias de varios metros desde el frente de colada, dependiendo de la topograf\u00eda. Tambi\u00e9n en zonas de gran pendiente, se puede producir peque\u00f1os flujos pirocl\u00e1sticos.<\/p>\n<p style=\"text-align: justify;\">CAIDA DE PIROCLASTOS:<\/p>\n<p style=\"text-align: justify;\">Se recuerda que est\u00e1 establecido un radio de exclusi\u00f3n de 2.5 km en torno a los centros de emisi\u00f3n para minimizar el riesgo de impacto de piroclastos y la exposici\u00f3n a los gases.<br \/>En caso de intensificaci\u00f3n de la actividad explosiva es posible que algunas detonaciones violentas puedan producir rotura del vidrio de las ventanas. Se recomienda alejarse de las ventanas hasta un radio de 5 km desde el cono.<\/p>\n<p style=\"text-align: justify;\">En las zonas afectadas por una intensa ca\u00edda de cenizas (que se observe una clara deposici\u00f3n sobre el suelo) y m\u00e1s a\u00fan si se observa bruma, se recomienda mantenerse en espacios interiores. Al aire libre, se recomienda as\u00ed mismo el uso de mascarillas FFP2 y de sistemas de protecci\u00f3n de ojos.<br \/>Ante la llegada de cenizas a otras islas, se recomienda en las afectadas, el uso de mascarillas quir\u00fargicas. Se recomienda la limpieza de azoteas en las que se acumulen espesores de cenizas de varios cent\u00edmetros. Se insiste en que se sigan de manera precisa el procedimiento de retirada de cenizas de azoteas y suelo indicado por Protecci\u00f3n Civil (humedecer ceniza, protecci\u00f3n de ojos, llevar mascarilla, proteger la piel, v\u00e9ase documentaci\u00f3n anexa). Para la retirada, se deben usar mascarillas FFP2, guantes, humedecer ligeramente para su barrido y evitando el uso de sopladores, salvo para la limpieza de las instalaciones aeroportuaria por personal especializado con sus EPIs correspondientes. El uso de los sopladores aumenta la re-suspensi\u00f3n de las part\u00edculas m\u00e1s perjudiciales para la salud.<\/p>\n<p style=\"text-align: justify;\">Para la seguridad de cient\u00edficos en tierra dentro de la zona de exclusi\u00f3n se recomienda mantener una distancia de al menos 1000 m respecto al centro principal de emisi\u00f3n. La aproximaci\u00f3n a distancias menores puede realizarse, con fines de observaci\u00f3n cient\u00edfica para la gesti\u00f3n de la emergencia, con el visto bueno de la Direcci\u00f3n T\u00e9cnica de PEVOLCA.<\/p>\n<p style=\"text-align: justify;\">Desde el centro emisor actual en el sector sur, a distancias menores de 3 km y dentro de la zona de exclusi\u00f3n, se ha de extremar la atenci\u00f3n a cualquier fen\u00f3meno observable, minimizando la exposici\u00f3n.<\/p>\n<p style=\"text-align: justify;\">MOVIMIENTOS S\u00cdSMICOS:<\/p>\n<p style=\"text-align: justify;\">\u2013 El comit\u00e9 cient\u00edfico del PEVOLCA realiza un seguimiento continuo de la actividad volc\u00e1nica.<\/p>\n<p style=\"text-align: justify;\">\u2013 Tanto en casa, como en el centro de trabajo, toma medidas preventivas: refuerza las estanter\u00edas, fija l\u00e1mparas y retira objetos grandes del mobiliario.<\/p>\n<p style=\"text-align: justify;\">En el exterior:<\/p>\n<p style=\"text-align: justify;\">Si te encuentras en el exterior y se registra un sismo, busca un lugar abierto y al\u00e9jate de estructuras que puedan caer a la v\u00eda y de las zonas con riesgo de derrumbe.<\/p>\n<p style=\"text-align: justify;\">Por tu seguridad, recuerda estos consejos de autoprotecci\u00f3n:<\/p>\n<p style=\"text-align: justify;\">\u2013\u00a0 Dir\u00edgete a espacios abiertos.<\/p>\n<p style=\"text-align: justify;\">\u2013\u00a0 \u00a0Al\u00e9jate de edificios, balcones, sem\u00e1foros, farolas, tendidos el\u00e9ctricos o \u00e1rboles.<\/p>\n<p style=\"text-align: justify;\">\u2013\u00a0 \u00a0No te acerques a zonas con peligro de desprendimientos.<\/p>\n<p style=\"text-align: justify;\">\u2013\u00a0 \u00a0Sigue las recomendaciones de las autoridades e inf\u00f3rmate por canales oficiales y medios de comunicaci\u00f3n.<\/p>\n<p style=\"text-align: justify;\">\u2013\u00a0 \u00a0Si te encuentras en un veh\u00edculo, disminuye la velocidad y para el motor cuando sea posible, lejos de edificaciones y zonas escarpadas. Pon los indicadores de emergencia y permanece en el veh\u00edculo hasta que finalice el terremoto.<\/p>\n<p style=\"text-align: justify;\">En el interior:<\/p>\n<p style=\"text-align: justify;\">Si te sorprende un temblor en el interior de tu vivienda, mant\u00e9n la calma y sigue estos consejos de autoprotecci\u00f3n:<\/p>\n<p style=\"text-align: justify;\">\u2013\u00a0 Mientras dure el temblor, no salgas al exterior.<\/p>\n<p style=\"text-align: justify;\">\u2013\u00a0 Prot\u00e9gete bajo el marco de una puerta o de alg\u00fan mueble s\u00f3lido, como una mesa.<\/p>\n<p style=\"text-align: justify;\">\u2013\u00a0 No te sit\u00faes cerca de ventanas.<\/p>\n<p style=\"text-align: justify;\">\u2013\u00a0 Si tienes que abandonar tu casa, desconecta agua, luz y gas.<\/p>\n<p style=\"text-align: justify;\">\u2013\u00a0 En caso de evacuaci\u00f3n, baja por las escaleras y no utilices el ascensor.<\/p>\n<p style=\"text-align: justify;\">\u2013\u00a0 Sigue las recomendaciones de las autoridades e inf\u00f3rmate por canales oficiales y medios de comunicaci\u00f3n.<\/p>\n<p style=\"text-align: justify;\">Se recomienda a la poblaci\u00f3n en la isla de La Palma el uso de mascarillas FFP2 al aire libre.<\/p>\n<p style=\"text-align: justify;\">Sigue siendo imperativo el respeto de las zonas de exclusi\u00f3n terrestre y mar\u00edtima, para mantener la integridad f\u00edsica de las personas.<\/p>\n<p style=\"text-align: justify;\">Se ha reforzado el seguimiento continuo de la actividad y se comunicar\u00e1 cualquier cambio significativo que se observe. Mant\u00e9nganse atentos a la informaci\u00f3n que proporcionen las correspondientes autoridades de Protecci\u00f3n Civil.\u201d<\/p>\n<p>\u00a0<\/p>\n<div class=\"pvc_clear\"><\/div>\n<p id=\"pvc_stats_3632\" class=\"pvc_stats all  \" data-element-id=\"3632\" style=\"\"><i class=\"pvc-stats-icon medium\" aria-hidden=\"true\"><svg aria-hidden=\"true\" focusable=\"false\" data-prefix=\"far\" data-icon=\"chart-bar\" role=\"img\" xmlns=\"http:\/\/www.w3.org\/2000\/svg\" viewBox=\"0 0 512 512\" class=\"svg-inline--fa fa-chart-bar fa-w-16 fa-2x\"><path fill=\"currentColor\" d=\"M396.8 352h22.4c6.4 0 12.8-6.4 12.8-12.8V108.8c0-6.4-6.4-12.8-12.8-12.8h-22.4c-6.4 0-12.8 6.4-12.8 12.8v230.4c0 6.4 6.4 12.8 12.8 12.8zm-192 0h22.4c6.4 0 12.8-6.4 12.8-12.8V140.8c0-6.4-6.4-12.8-12.8-12.8h-22.4c-6.4 0-12.8 6.4-12.8 12.8v198.4c0 6.4 6.4 12.8 12.8 12.8zm96 0h22.4c6.4 0 12.8-6.4 12.8-12.8V204.8c0-6.4-6.4-12.8-12.8-12.8h-22.4c-6.4 0-12.8 6.4-12.8 12.8v134.4c0 6.4 6.4 12.8 12.8 12.8zM496 400H48V80c0-8.84-7.16-16-16-16H16C7.16 64 0 71.16 0 80v336c0 17.67 14.33 32 32 32h464c8.84 0 16-7.16 16-16v-16c0-8.84-7.16-16-16-16zm-387.2-48h22.4c6.4 0 12.8-6.4 12.8-12.8v-70.4c0-6.4-6.4-12.8-12.8-12.8h-22.4c-6.4 0-12.8 6.4-12.8 12.8v70.4c0 6.4 6.4 12.8 12.8 12.8z\" class=\"\"><\/path><\/svg><\/i> <\/p>\n<div class=\"pvc_clear\"><\/div>\n<div class=\"print\"><span class=\"page_title\">P\u00e1gina: <span>S\u00e1nchez pone a La Palma como ejemplo de unidad de todas las administraciones y resalta la solidaridad con la isla<\/span><\/span>\n\t\t\t\t\t\t\t\t\t\t\t<span class=\"page_title\">Fecha de impresi\u00f3n: <span>30\/04\/2026 - 21:29:51 UTC<\/span><\/span>\n\t\t\t\t\t\t\t\t\t\t\t<span class=\"stmp_trans_date\">\u00daltima actualizaci\u00f3n: <span>05\/11\/2021 - 17:00:54<\/span><\/span>\n\t\t\t\t\t\t\t\t\t\t\t<span class=\"stmp_trans_date\">Fecha publicaci\u00f3n: <span>05\/11\/2021 - 17:00:54<\/span><\/span>\n\t\t\t\t\t\t\t\t\t\t\t<span class=\"stmp_trans_date\">Fecha creaci\u00f3n: <span>05\/11\/2021 - 17:00:54<\/span><\/span><\/div>\n\t","protected":false},"excerpt":{"rendered":"<p>Las condiciones meteorol\u00f3gicas son favorables para la calidad del aire y la operatividad de los aeropuertos Los valores de di\u00f3xido de azufre SO2 son buenos en toda la isla y mejoran los niveles de part\u00edculas PM10, aunque se mantienen las recomendaciones Este fin de semana&#8230;<\/p>\n<div class=\"pvc_clear\"><\/div>\n<p id=\"pvc_stats_3632\" class=\"pvc_stats all  \" data-element-id=\"3632\" style=\"\"><i class=\"pvc-stats-icon medium\" aria-hidden=\"true\"><svg aria-hidden=\"true\" focusable=\"false\" data-prefix=\"far\" data-icon=\"chart-bar\" role=\"img\" xmlns=\"http:\/\/www.w3.org\/2000\/svg\" viewBox=\"0 0 512 512\" class=\"svg-inline--fa fa-chart-bar fa-w-16 fa-2x\"><path fill=\"currentColor\" d=\"M396.8 352h22.4c6.4 0 12.8-6.4 12.8-12.8V108.8c0-6.4-6.4-12.8-12.8-12.8h-22.4c-6.4 0-12.8 6.4-12.8 12.8v230.4c0 6.4 6.4 12.8 12.8 12.8zm-192 0h22.4c6.4 0 12.8-6.4 12.8-12.8V140.8c0-6.4-6.4-12.8-12.8-12.8h-22.4c-6.4 0-12.8 6.4-12.8 12.8v198.4c0 6.4 6.4 12.8 12.8 12.8zm96 0h22.4c6.4 0 12.8-6.4 12.8-12.8V204.8c0-6.4-6.4-12.8-12.8-12.8h-22.4c-6.4 0-12.8 6.4-12.8 12.8v134.4c0 6.4 6.4 12.8 12.8 12.8zM496 400H48V80c0-8.84-7.16-16-16-16H16C7.16 64 0 71.16 0 80v336c0 17.67 14.33 32 32 32h464c8.84 0 16-7.16 16-16v-16c0-8.84-7.16-16-16-16zm-387.2-48h22.4c6.4 0 12.8-6.4 12.8-12.8v-70.4c0-6.4-6.4-12.8-12.8-12.8h-22.4c-6.4 0-12.8 6.4-12.8 12.8v70.4c0 6.4 6.4 12.8 12.8 12.8z\" class=\"\"><\/path><\/svg><\/i> <img loading=\"lazy\" decoding=\"async\" width=\"16\" height=\"16\" alt=\"Loading\" src=\"https:\/\/www.gsccanarias.com\/gsc\/wp-content\/plugins\/page-views-count\/ajax-loader-2x.gif\" border=0 \/><\/p>\n<div class=\"pvc_clear\"><\/div>\n","protected":false},"author":1,"featured_media":3631,"comment_status":"open","ping_status":"open","sticky":false,"template":"","format":"standard","meta":{"footnotes":""},"categories":[36],"tags":[],"class_list":["post-3632","post","type-post","status-publish","format-standard","has-post-thumbnail","hentry","category-ultimas-noticias"],"a3_pvc":{"activated":true,"total_views":76,"today_views":0},"yoast_head":"<!-- This site is optimized with the Yoast SEO plugin v27.5 - https:\/\/yoast.com\/product\/yoast-seo-wordpress\/ -->\n<title>S\u00e1nchez pone a La Palma como ejemplo de unidad de todas las administraciones y resalta la solidaridad con la isla - GSC<\/title>\n<meta name=\"robots\" content=\"index, follow, max-snippet:-1, max-image-preview:large, max-video-preview:-1\" \/>\n<link rel=\"canonical\" href=\"https:\/\/www.gsccanarias.com\/gsc\/sanchez-pone-a-la-palma-como-ejemplo-de-unidad-de-todas-las-administraciones-y-resalta-la-solidaridad-con-la-isla\/\" \/>\n<meta property=\"og:locale\" content=\"es_ES\" \/>\n<meta property=\"og:type\" content=\"article\" \/>\n<meta property=\"og:title\" content=\"S\u00e1nchez pone a La Palma como ejemplo de unidad de todas las administraciones y resalta la solidaridad con la isla - GSC\" \/>\n<meta property=\"og:description\" content=\"Las condiciones meteorol\u00f3gicas son favorables para la calidad del aire y la operatividad de los aeropuertos Los valores de di\u00f3xido de azufre SO2 son buenos en toda la isla y mejoran los niveles de part\u00edculas PM10, aunque se mantienen las recomendaciones Este fin de semana...\" \/>\n<meta property=\"og:url\" content=\"https:\/\/www.gsccanarias.com\/gsc\/sanchez-pone-a-la-palma-como-ejemplo-de-unidad-de-todas-las-administraciones-y-resalta-la-solidaridad-con-la-isla\/\" \/>\n<meta property=\"og:site_name\" content=\"GSC\" \/>\n<meta property=\"article:published_time\" content=\"2021-11-05T17:00:54+00:00\" \/>\n<meta property=\"og:image\" content=\"https:\/\/www.gsccanarias.com\/gsc\/wp-content\/uploads\/2021\/11\/051121_Comit_director_del_PEVOLCA.jpeg\" \/>\n\t<meta property=\"og:image:width\" content=\"2048\" \/>\n\t<meta property=\"og:image:height\" content=\"1364\" \/>\n\t<meta property=\"og:image:type\" content=\"image\/jpeg\" \/>\n<meta name=\"author\" content=\"userad112\" \/>\n<meta name=\"twitter:card\" content=\"summary_large_image\" \/>\n<meta name=\"twitter:label1\" content=\"Escrito por\" \/>\n\t<meta name=\"twitter:data1\" content=\"userad112\" \/>\n\t<meta name=\"twitter:label2\" content=\"Tiempo de lectura\" \/>\n\t<meta name=\"twitter:data2\" content=\"18 minutos\" \/>\n<script type=\"application\/ld+json\" class=\"yoast-schema-graph\">{\"@context\":\"https:\\\/\\\/schema.org\",\"@graph\":[{\"@type\":\"Article\",\"@id\":\"https:\\\/\\\/www.gsccanarias.com\\\/gsc\\\/sanchez-pone-a-la-palma-como-ejemplo-de-unidad-de-todas-las-administraciones-y-resalta-la-solidaridad-con-la-isla\\\/#article\",\"isPartOf\":{\"@id\":\"https:\\\/\\\/www.gsccanarias.com\\\/gsc\\\/sanchez-pone-a-la-palma-como-ejemplo-de-unidad-de-todas-las-administraciones-y-resalta-la-solidaridad-con-la-isla\\\/\"},\"author\":{\"name\":\"userad112\",\"@id\":\"https:\\\/\\\/www.gsccanarias.com\\\/gsc\\\/#\\\/schema\\\/person\\\/591ed0ce1757a7168579ec75f6e7f340\"},\"headline\":\"S\u00e1nchez pone a La Palma como ejemplo de unidad de todas las administraciones y resalta la solidaridad con la isla\",\"datePublished\":\"2021-11-05T17:00:54+00:00\",\"mainEntityOfPage\":{\"@id\":\"https:\\\/\\\/www.gsccanarias.com\\\/gsc\\\/sanchez-pone-a-la-palma-como-ejemplo-de-unidad-de-todas-las-administraciones-y-resalta-la-solidaridad-con-la-isla\\\/\"},\"wordCount\":3701,\"commentCount\":0,\"image\":{\"@id\":\"https:\\\/\\\/www.gsccanarias.com\\\/gsc\\\/sanchez-pone-a-la-palma-como-ejemplo-de-unidad-de-todas-las-administraciones-y-resalta-la-solidaridad-con-la-isla\\\/#primaryimage\"},\"thumbnailUrl\":\"https:\\\/\\\/www.gsccanarias.com\\\/gsc\\\/wp-content\\\/uploads\\\/2021\\\/11\\\/051121_Comit_director_del_PEVOLCA.jpeg\",\"articleSection\":[\"\u00daltimas noticias\"],\"inLanguage\":\"es\",\"potentialAction\":[{\"@type\":\"CommentAction\",\"name\":\"Comment\",\"target\":[\"https:\\\/\\\/www.gsccanarias.com\\\/gsc\\\/sanchez-pone-a-la-palma-como-ejemplo-de-unidad-de-todas-las-administraciones-y-resalta-la-solidaridad-con-la-isla\\\/#respond\"]}]},{\"@type\":\"WebPage\",\"@id\":\"https:\\\/\\\/www.gsccanarias.com\\\/gsc\\\/sanchez-pone-a-la-palma-como-ejemplo-de-unidad-de-todas-las-administraciones-y-resalta-la-solidaridad-con-la-isla\\\/\",\"url\":\"https:\\\/\\\/www.gsccanarias.com\\\/gsc\\\/sanchez-pone-a-la-palma-como-ejemplo-de-unidad-de-todas-las-administraciones-y-resalta-la-solidaridad-con-la-isla\\\/\",\"name\":\"S\u00e1nchez pone a La Palma como ejemplo de unidad de todas las administraciones y resalta la solidaridad con la isla - GSC\",\"isPartOf\":{\"@id\":\"https:\\\/\\\/www.gsccanarias.com\\\/gsc\\\/#website\"},\"primaryImageOfPage\":{\"@id\":\"https:\\\/\\\/www.gsccanarias.com\\\/gsc\\\/sanchez-pone-a-la-palma-como-ejemplo-de-unidad-de-todas-las-administraciones-y-resalta-la-solidaridad-con-la-isla\\\/#primaryimage\"},\"image\":{\"@id\":\"https:\\\/\\\/www.gsccanarias.com\\\/gsc\\\/sanchez-pone-a-la-palma-como-ejemplo-de-unidad-de-todas-las-administraciones-y-resalta-la-solidaridad-con-la-isla\\\/#primaryimage\"},\"thumbnailUrl\":\"https:\\\/\\\/www.gsccanarias.com\\\/gsc\\\/wp-content\\\/uploads\\\/2021\\\/11\\\/051121_Comit_director_del_PEVOLCA.jpeg\",\"datePublished\":\"2021-11-05T17:00:54+00:00\",\"author\":{\"@id\":\"https:\\\/\\\/www.gsccanarias.com\\\/gsc\\\/#\\\/schema\\\/person\\\/591ed0ce1757a7168579ec75f6e7f340\"},\"breadcrumb\":{\"@id\":\"https:\\\/\\\/www.gsccanarias.com\\\/gsc\\\/sanchez-pone-a-la-palma-como-ejemplo-de-unidad-de-todas-las-administraciones-y-resalta-la-solidaridad-con-la-isla\\\/#breadcrumb\"},\"inLanguage\":\"es\",\"potentialAction\":[{\"@type\":\"ReadAction\",\"target\":[\"https:\\\/\\\/www.gsccanarias.com\\\/gsc\\\/sanchez-pone-a-la-palma-como-ejemplo-de-unidad-de-todas-las-administraciones-y-resalta-la-solidaridad-con-la-isla\\\/\"]}]},{\"@type\":\"ImageObject\",\"inLanguage\":\"es\",\"@id\":\"https:\\\/\\\/www.gsccanarias.com\\\/gsc\\\/sanchez-pone-a-la-palma-como-ejemplo-de-unidad-de-todas-las-administraciones-y-resalta-la-solidaridad-con-la-isla\\\/#primaryimage\",\"url\":\"https:\\\/\\\/www.gsccanarias.com\\\/gsc\\\/wp-content\\\/uploads\\\/2021\\\/11\\\/051121_Comit_director_del_PEVOLCA.jpeg\",\"contentUrl\":\"https:\\\/\\\/www.gsccanarias.com\\\/gsc\\\/wp-content\\\/uploads\\\/2021\\\/11\\\/051121_Comit_director_del_PEVOLCA.jpeg\",\"width\":2048,\"height\":1364},{\"@type\":\"BreadcrumbList\",\"@id\":\"https:\\\/\\\/www.gsccanarias.com\\\/gsc\\\/sanchez-pone-a-la-palma-como-ejemplo-de-unidad-de-todas-las-administraciones-y-resalta-la-solidaridad-con-la-isla\\\/#breadcrumb\",\"itemListElement\":[{\"@type\":\"ListItem\",\"position\":1,\"name\":\"Portada\",\"item\":\"https:\\\/\\\/www.gsccanarias.com\\\/gsc\\\/\"},{\"@type\":\"ListItem\",\"position\":2,\"name\":\"S\u00e1nchez pone a La Palma como ejemplo de unidad de todas las administraciones y resalta la solidaridad con la isla\"}]},{\"@type\":\"WebSite\",\"@id\":\"https:\\\/\\\/www.gsccanarias.com\\\/gsc\\\/#website\",\"url\":\"https:\\\/\\\/www.gsccanarias.com\\\/gsc\\\/\",\"name\":\"GSC\",\"description\":\"Administramos servicios relacionados con la salud, las emergencias, la seguridad y el transporte sanitario\",\"potentialAction\":[{\"@type\":\"SearchAction\",\"target\":{\"@type\":\"EntryPoint\",\"urlTemplate\":\"https:\\\/\\\/www.gsccanarias.com\\\/gsc\\\/?s={search_term_string}\"},\"query-input\":{\"@type\":\"PropertyValueSpecification\",\"valueRequired\":true,\"valueName\":\"search_term_string\"}}],\"inLanguage\":\"es\"},{\"@type\":\"Person\",\"@id\":\"https:\\\/\\\/www.gsccanarias.com\\\/gsc\\\/#\\\/schema\\\/person\\\/591ed0ce1757a7168579ec75f6e7f340\",\"name\":\"userad112\",\"image\":{\"@type\":\"ImageObject\",\"inLanguage\":\"es\",\"@id\":\"https:\\\/\\\/secure.gravatar.com\\\/avatar\\\/6aab27730b29899b0a1a05aaa7b266b4fc1fce4dd26b427baeb73cffe474a916?s=96&d=mm&r=g\",\"url\":\"https:\\\/\\\/secure.gravatar.com\\\/avatar\\\/6aab27730b29899b0a1a05aaa7b266b4fc1fce4dd26b427baeb73cffe474a916?s=96&d=mm&r=g\",\"contentUrl\":\"https:\\\/\\\/secure.gravatar.com\\\/avatar\\\/6aab27730b29899b0a1a05aaa7b266b4fc1fce4dd26b427baeb73cffe474a916?s=96&d=mm&r=g\",\"caption\":\"userad112\"},\"sameAs\":[\"https:\\\/\\\/321brand.com\\\/112\"],\"url\":\"https:\\\/\\\/www.gsccanarias.com\\\/gsc\\\/author\\\/userad112\\\/\"}]}<\/script>\n<!-- \/ Yoast SEO plugin. -->","yoast_head_json":{"title":"S\u00e1nchez pone a La Palma como ejemplo de unidad de todas las administraciones y resalta la solidaridad con la isla - GSC","robots":{"index":"index","follow":"follow","max-snippet":"max-snippet:-1","max-image-preview":"max-image-preview:large","max-video-preview":"max-video-preview:-1"},"canonical":"https:\/\/www.gsccanarias.com\/gsc\/sanchez-pone-a-la-palma-como-ejemplo-de-unidad-de-todas-las-administraciones-y-resalta-la-solidaridad-con-la-isla\/","og_locale":"es_ES","og_type":"article","og_title":"S\u00e1nchez pone a La Palma como ejemplo de unidad de todas las administraciones y resalta la solidaridad con la isla - GSC","og_description":"Las condiciones meteorol\u00f3gicas son favorables para la calidad del aire y la operatividad de los aeropuertos Los valores de di\u00f3xido de azufre SO2 son buenos en toda la isla y mejoran los niveles de part\u00edculas PM10, aunque se mantienen las recomendaciones Este fin de semana...","og_url":"https:\/\/www.gsccanarias.com\/gsc\/sanchez-pone-a-la-palma-como-ejemplo-de-unidad-de-todas-las-administraciones-y-resalta-la-solidaridad-con-la-isla\/","og_site_name":"GSC","article_published_time":"2021-11-05T17:00:54+00:00","og_image":[{"width":2048,"height":1364,"url":"https:\/\/www.gsccanarias.com\/gsc\/wp-content\/uploads\/2021\/11\/051121_Comit_director_del_PEVOLCA.jpeg","type":"image\/jpeg"}],"author":"userad112","twitter_card":"summary_large_image","twitter_misc":{"Escrito por":"userad112","Tiempo de lectura":"18 minutos"},"schema":{"@context":"https:\/\/schema.org","@graph":[{"@type":"Article","@id":"https:\/\/www.gsccanarias.com\/gsc\/sanchez-pone-a-la-palma-como-ejemplo-de-unidad-de-todas-las-administraciones-y-resalta-la-solidaridad-con-la-isla\/#article","isPartOf":{"@id":"https:\/\/www.gsccanarias.com\/gsc\/sanchez-pone-a-la-palma-como-ejemplo-de-unidad-de-todas-las-administraciones-y-resalta-la-solidaridad-con-la-isla\/"},"author":{"name":"userad112","@id":"https:\/\/www.gsccanarias.com\/gsc\/#\/schema\/person\/591ed0ce1757a7168579ec75f6e7f340"},"headline":"S\u00e1nchez pone a La Palma como ejemplo de unidad de todas las administraciones y resalta la solidaridad con la isla","datePublished":"2021-11-05T17:00:54+00:00","mainEntityOfPage":{"@id":"https:\/\/www.gsccanarias.com\/gsc\/sanchez-pone-a-la-palma-como-ejemplo-de-unidad-de-todas-las-administraciones-y-resalta-la-solidaridad-con-la-isla\/"},"wordCount":3701,"commentCount":0,"image":{"@id":"https:\/\/www.gsccanarias.com\/gsc\/sanchez-pone-a-la-palma-como-ejemplo-de-unidad-de-todas-las-administraciones-y-resalta-la-solidaridad-con-la-isla\/#primaryimage"},"thumbnailUrl":"https:\/\/www.gsccanarias.com\/gsc\/wp-content\/uploads\/2021\/11\/051121_Comit_director_del_PEVOLCA.jpeg","articleSection":["\u00daltimas noticias"],"inLanguage":"es","potentialAction":[{"@type":"CommentAction","name":"Comment","target":["https:\/\/www.gsccanarias.com\/gsc\/sanchez-pone-a-la-palma-como-ejemplo-de-unidad-de-todas-las-administraciones-y-resalta-la-solidaridad-con-la-isla\/#respond"]}]},{"@type":"WebPage","@id":"https:\/\/www.gsccanarias.com\/gsc\/sanchez-pone-a-la-palma-como-ejemplo-de-unidad-de-todas-las-administraciones-y-resalta-la-solidaridad-con-la-isla\/","url":"https:\/\/www.gsccanarias.com\/gsc\/sanchez-pone-a-la-palma-como-ejemplo-de-unidad-de-todas-las-administraciones-y-resalta-la-solidaridad-con-la-isla\/","name":"S\u00e1nchez pone a La Palma como ejemplo de unidad de todas las administraciones y resalta la solidaridad con la isla - GSC","isPartOf":{"@id":"https:\/\/www.gsccanarias.com\/gsc\/#website"},"primaryImageOfPage":{"@id":"https:\/\/www.gsccanarias.com\/gsc\/sanchez-pone-a-la-palma-como-ejemplo-de-unidad-de-todas-las-administraciones-y-resalta-la-solidaridad-con-la-isla\/#primaryimage"},"image":{"@id":"https:\/\/www.gsccanarias.com\/gsc\/sanchez-pone-a-la-palma-como-ejemplo-de-unidad-de-todas-las-administraciones-y-resalta-la-solidaridad-con-la-isla\/#primaryimage"},"thumbnailUrl":"https:\/\/www.gsccanarias.com\/gsc\/wp-content\/uploads\/2021\/11\/051121_Comit_director_del_PEVOLCA.jpeg","datePublished":"2021-11-05T17:00:54+00:00","author":{"@id":"https:\/\/www.gsccanarias.com\/gsc\/#\/schema\/person\/591ed0ce1757a7168579ec75f6e7f340"},"breadcrumb":{"@id":"https:\/\/www.gsccanarias.com\/gsc\/sanchez-pone-a-la-palma-como-ejemplo-de-unidad-de-todas-las-administraciones-y-resalta-la-solidaridad-con-la-isla\/#breadcrumb"},"inLanguage":"es","potentialAction":[{"@type":"ReadAction","target":["https:\/\/www.gsccanarias.com\/gsc\/sanchez-pone-a-la-palma-como-ejemplo-de-unidad-de-todas-las-administraciones-y-resalta-la-solidaridad-con-la-isla\/"]}]},{"@type":"ImageObject","inLanguage":"es","@id":"https:\/\/www.gsccanarias.com\/gsc\/sanchez-pone-a-la-palma-como-ejemplo-de-unidad-de-todas-las-administraciones-y-resalta-la-solidaridad-con-la-isla\/#primaryimage","url":"https:\/\/www.gsccanarias.com\/gsc\/wp-content\/uploads\/2021\/11\/051121_Comit_director_del_PEVOLCA.jpeg","contentUrl":"https:\/\/www.gsccanarias.com\/gsc\/wp-content\/uploads\/2021\/11\/051121_Comit_director_del_PEVOLCA.jpeg","width":2048,"height":1364},{"@type":"BreadcrumbList","@id":"https:\/\/www.gsccanarias.com\/gsc\/sanchez-pone-a-la-palma-como-ejemplo-de-unidad-de-todas-las-administraciones-y-resalta-la-solidaridad-con-la-isla\/#breadcrumb","itemListElement":[{"@type":"ListItem","position":1,"name":"Portada","item":"https:\/\/www.gsccanarias.com\/gsc\/"},{"@type":"ListItem","position":2,"name":"S\u00e1nchez pone a La Palma como ejemplo de unidad de todas las administraciones y resalta la solidaridad con la isla"}]},{"@type":"WebSite","@id":"https:\/\/www.gsccanarias.com\/gsc\/#website","url":"https:\/\/www.gsccanarias.com\/gsc\/","name":"GSC","description":"Administramos servicios relacionados con la salud, las emergencias, la seguridad y el transporte sanitario","potentialAction":[{"@type":"SearchAction","target":{"@type":"EntryPoint","urlTemplate":"https:\/\/www.gsccanarias.com\/gsc\/?s={search_term_string}"},"query-input":{"@type":"PropertyValueSpecification","valueRequired":true,"valueName":"search_term_string"}}],"inLanguage":"es"},{"@type":"Person","@id":"https:\/\/www.gsccanarias.com\/gsc\/#\/schema\/person\/591ed0ce1757a7168579ec75f6e7f340","name":"userad112","image":{"@type":"ImageObject","inLanguage":"es","@id":"https:\/\/secure.gravatar.com\/avatar\/6aab27730b29899b0a1a05aaa7b266b4fc1fce4dd26b427baeb73cffe474a916?s=96&d=mm&r=g","url":"https:\/\/secure.gravatar.com\/avatar\/6aab27730b29899b0a1a05aaa7b266b4fc1fce4dd26b427baeb73cffe474a916?s=96&d=mm&r=g","contentUrl":"https:\/\/secure.gravatar.com\/avatar\/6aab27730b29899b0a1a05aaa7b266b4fc1fce4dd26b427baeb73cffe474a916?s=96&d=mm&r=g","caption":"userad112"},"sameAs":["https:\/\/321brand.com\/112"],"url":"https:\/\/www.gsccanarias.com\/gsc\/author\/userad112\/"}]}},"publishpress_future_workflow_manual_trigger":{"enabledWorkflows":[]},"_links":{"self":[{"href":"https:\/\/www.gsccanarias.com\/gsc\/wp-json\/wp\/v2\/posts\/3632","targetHints":{"allow":["GET"]}}],"collection":[{"href":"https:\/\/www.gsccanarias.com\/gsc\/wp-json\/wp\/v2\/posts"}],"about":[{"href":"https:\/\/www.gsccanarias.com\/gsc\/wp-json\/wp\/v2\/types\/post"}],"author":[{"embeddable":true,"href":"https:\/\/www.gsccanarias.com\/gsc\/wp-json\/wp\/v2\/users\/1"}],"replies":[{"embeddable":true,"href":"https:\/\/www.gsccanarias.com\/gsc\/wp-json\/wp\/v2\/comments?post=3632"}],"version-history":[{"count":0,"href":"https:\/\/www.gsccanarias.com\/gsc\/wp-json\/wp\/v2\/posts\/3632\/revisions"}],"wp:featuredmedia":[{"embeddable":true,"href":"https:\/\/www.gsccanarias.com\/gsc\/wp-json\/wp\/v2\/media\/3631"}],"wp:attachment":[{"href":"https:\/\/www.gsccanarias.com\/gsc\/wp-json\/wp\/v2\/media?parent=3632"}],"wp:term":[{"taxonomy":"category","embeddable":true,"href":"https:\/\/www.gsccanarias.com\/gsc\/wp-json\/wp\/v2\/categories?post=3632"},{"taxonomy":"post_tag","embeddable":true,"href":"https:\/\/www.gsccanarias.com\/gsc\/wp-json\/wp\/v2\/tags?post=3632"}],"curies":[{"name":"wp","href":"https:\/\/api.w.org\/{rel}","templated":true}]}}