{"id":3611,"date":"2021-10-31T18:00:04","date_gmt":"2021-10-31T18:00:04","guid":{"rendered":"https:\/\/www.gsccanarias.com\/gsc\/disminuye-el-numero-y-magnitud-de-los-sismos-en-la-palma-en-las-ultimas-24-horas\/"},"modified":"2021-10-31T18:00:04","modified_gmt":"2021-10-31T18:00:04","slug":"disminuye-el-numero-y-magnitud-de-los-sismos-en-la-palma-en-las-ultimas-24-horas","status":"publish","type":"post","link":"https:\/\/www.gsccanarias.com\/gsc\/disminuye-el-numero-y-magnitud-de-los-sismos-en-la-palma-en-las-ultimas-24-horas\/","title":{"rendered":"Disminuye el n\u00famero y magnitud de los sismos en La Palma en las \u00faltimas 24 horas"},"content":{"rendered":"<p><\/p>\n<p style=\"text-align: justify;\"><strong>Las part\u00edculas PM10 registran valores por debajo del umbral diario menos en la estaci\u00f3n de Los Llanos de Aridane, donde se recomienda reducir la actividad al aire libre<\/strong><\/p>\n<p style=\"text-align: justify;\"><strong>El PEVOLCA mantiene entre las 10.00 y las 24.00 horas el servicio de lanzadera de guaguas con el fin de garantizar la seguridad de las personas y evitar v\u00edctimas por accidentes de tr\u00e1fico<\/strong><\/p>\n<p style=\"text-align: justify;\"><strong>En momentos puntuales el tr\u00e1fico en direcci\u00f3n a Los Llanos de Aridane y Tazacorte ser\u00e1 desviado por las cuestas de El Paso y Hermosilla<\/strong><\/p>\n<p style=\"text-align: justify;\">En las \u00faltimas 24 horas se ha registrado en La Palma una disminuci\u00f3n en el n\u00famero y magnitud de los sismos y se ha observado un aumento de la tasa de emisi\u00f3n de lava desde el foco emisor situado en el flanco noroeste del cono principal de la erupci\u00f3n volc\u00e1nica. Este flujo discurre por encima de la colada primigenia y tambi\u00e9n por la colada que recorre la zona 3, rebosando esta ma\u00f1ana algunos de los tubos y canales volc\u00e1nicos preexistentes. Esta fue una de las conclusiones abordadas hoy en el Comit\u00e9 Director del Plan Especial de Protecci\u00f3n Civil y Atenci\u00f3n de Emergencias por Riesgo Volc\u00e1nico de Canarias (PEVOLCA) del Gobierno de Canarias, con base al informe del Comit\u00e9 Cient\u00edfico, que estuvo dirigido por el consejero de Administraciones P\u00fablicas, Justicia y Seguridad, Julio P\u00e9rez, responsable del plan.<\/p>\n<p style=\"text-align: justify;\">En rueda de prensa el Director T\u00e9cnico del PEVOLCA, Miguel \u00c1ngel Morcuende, se\u00f1al\u00f3 que se ha registrado un descenso en el n\u00famero y magnitud de los terremotos en las \u00faltimas 24 horas, par\u00e1metro que no va acompa\u00f1ado de un descenso de la emisi\u00f3n de lava. Este aporte, muy fluido, ha continuado alimentando las coladas que recorren las zonas 3 y 9 y en menor medida, la colada primigenia.<\/p>\n<p style=\"text-align: justify;\">Mar\u00eda Jos\u00e9 Blanco, portavoz del Comit\u00e9 Cient\u00edfico y directora del Instituto Geogr\u00e1fico Nacional (IGN) en Canarias, destac\u00f3 sobre la sismicidad que se ha observado una disminuci\u00f3n del n\u00famero y la magnitud en las \u00faltimas 24 horas y adem\u00e1s no se ha registrado actividad s\u00edsmica sentida, concluyendo que la magnitud m\u00e1xima ha sido de 3.5 mbLg. La deformaci\u00f3n del terreno sigue mostrando\u00a0 un patr\u00f3n estable.<\/p>\n<p style=\"text-align: justify;\">En cuanto a la calidad del aire, Morcuende indic\u00f3 que las part\u00edculas inferiores de 10 micras (PM10) contin\u00faan registrando valores por debajo del umbral diario en todas las estaciones, salvo en Los Llanos de Aridane, donde puntualmente se ha superado el umbral como consecuencia de la ca\u00edda de cenizas asociada al proceso eruptivo y los vientos. En ese sentido, desde la Direcci\u00f3n del PEVOLCA se recomienda que mientras persista el viento dominante del sur las personas en Los Llanos de Aridane reduzcan las actividades al aire libre, aparte de recomendar a la poblaci\u00f3n que salga al exterior el uso de mascarillas FFP2 y gafas de protecci\u00f3n.<\/p>\n<p style=\"text-align: justify;\">Sobre las coladas, el Director T\u00e9cnico resalt\u00f3 que la zona de la colada 3, que ayer se abri\u00f3 uni\u00e9ndose a la zona de colada 9, ha discurrido hacia el sur ocupando una superficie llana y en principio no se est\u00e1 dirigiendo hacia el mar.<\/p>\n<p style=\"text-align: justify;\">Seg\u00fan Morcuende, la cantidad de magma que sale del centro emisor es abundante y fluido. Este aporte l\u00e1vico discurre por canales hollados y zonas de coladas preexistentes por lo que crece en altura y espesor. En el caso de la colada 1, hay tramos que alcanzan una altura superior a los 30 metros.\u00a0 El resto de las zonas de coladas se siguen monitorizando pero no han registrado movimientos en las \u00faltimas horas.<\/p>\n<p style=\"text-align: justify;\">Mar\u00eda Jos\u00e9 Blanco indic\u00f3 que en las \u00faltimas 48 horas el fen\u00f3meno eruptivo m\u00e1s destacable ha sido la emisi\u00f3n de un considerable volumen de cenizas que ha cubierto todo el sector oeste y noroeste de la isla acompa\u00f1ado, a veces, de explosiones audibles de gran intensidad. Este episodio pudo ser causado por un proceso intenso de desgasificaci\u00f3n, explic\u00f3.<\/p>\n<p style=\"text-align: justify;\">Blanco se\u00f1al\u00f3 que se produjeron varios rayos volc\u00e1nicos y ondas de choque asociadas a las explosiones m\u00e1s energ\u00e9ticas y en las \u00faltimas horas se ha observado un aumento en la tasa de emisi\u00f3n de lava desde el foco emisor del flanco noroeste del cono principal.<\/p>\n<p style=\"text-align: justify;\">Asimismo, la portavoz del comit\u00e9 cient\u00edfico coment\u00f3 que la altura medida hoy a las 9:30 de la columna eruptiva y nube de dispersi\u00f3n es de 4.500 metros.<\/p>\n<p style=\"text-align: justify;\">En cuanto a la operatividad del aeropuerto de La Palma, este podr\u00eda verse afectado en las pr\u00f3ximas horas por la disposici\u00f3n de cenizas prevista\u00a0 hacia el noroeste y norte.<\/p>\n<p style=\"text-align: justify;\">La superficie afectada hasta el momento por la erupci\u00f3n volc\u00e1nica se estima alrededor de 963 hect\u00e1reas y la anchura entre coladas se mantiene en unos 3.000 metros, aunque con zonas que no se han visto da\u00f1adas por la lava.<\/p>\n<p style=\"text-align: justify;\">Seg\u00fan los \u00faltimos datos aportados por el sat\u00e9lite Copernicus, en cuanto al n\u00famero de construcciones\/edificaciones destruidas o da\u00f1adas, se calcula que el proceso eruptivo ha afectado aproximadamente a un total de 2.708 edificaciones, de las cuales 2.562 pueden estar destruidas en su totalidad y 146 da\u00f1adas o en riesgo. Estos datos se filtrar\u00e1n con el Catastro en los pr\u00f3ximos d\u00edas.<\/p>\n<p style=\"text-align: justify;\">Respecto a los cultivos, el total de hect\u00e1reas afectadas se calcula que alcanza las 279,88, 13,27 m\u00e1s que en la \u00faltima actualizaci\u00f3n. De este total, 156,7 corresponden a plantaciones de plataneras, 58,76 a vi\u00f1as y 23,82 a aguacates.<\/p>\n<p style=\"text-align: justify;\">El n\u00famero de personas albergadas en centros hoteleros es 463, nueve m\u00e1s que en el d\u00eda anterior. De estas, 393 se hospedan en el hotel de Fuencaliente y 70 en Los Llanos de Aridane. Adem\u00e1s, hay 43 personas dependientes atendidas en centros sociosanitarios insulares, una menos que ayer, y no hay nadie en el Fuerte.<\/p>\n<p style=\"text-align: justify;\">El Comit\u00e9 Director tambi\u00e9n comprob\u00f3 que no se han registrado nuevas incidencias en los servicios de abastecimiento de agua, energ\u00eda ni telefon\u00eda y que los trabajos en las desaladoras instaladas para asegurar el regad\u00edo se centran en estos momentos en el ajuste de las presiones para tener los caudales adecuados en la red de riego.<\/p>\n<p style=\"text-align: justify;\"><strong>La seguridad, objetivo del PEVOLCA <\/strong><\/p>\n<p style=\"text-align: justify;\">Respecto a la iniciativa impulsada por la direcci\u00f3n del Plan del Gobierno canario y el Cabildo de La Palma de poner en marcha un servicio de lanzadera de guaguas gratuito para aquellas personas que quieran ver el volc\u00e1n, Morcuende insisti\u00f3 que responde a un tema de seguridad. \u201cDesde le PEVOLCA se ha querido garantizar la seguridad de las personas que visitan La Palma, la de los residentes y la del personal que trabaja en la emergencia y evitar v\u00edctimas por accidentes de tr\u00e1fico\u201d a\u00f1adi\u00f3.<\/p>\n<p style=\"text-align: justify;\">Este servicio se tuvo que reforzar durante la tarde de ayer ante el aumento de usuarios, lo que demuestra que la medida ha servido para evitar la aglomeraci\u00f3n de veh\u00edculos aparcados en los arcenes de la LP-3, desde donde las personas observan el volc\u00e1n. Las lanzaderas parten cada 20 minutos desde el antiguo aeropuerto de Buenavista, en Bre\u00f1a Baja, hasta la plaza de Tajuya en el municipio de El Paso. El horario del servicio, tanto este domingo como ma\u00f1ana lunes, D\u00eda de Todos los Santos, se establece con salidas desde el antiguo aeropuerto a partir de las 10:00 horas hasta las 22:40 horas, con un \u00faltimo regreso desde Tajuya a las 24:00 horas.<\/p>\n<p style=\"text-align: justify;\">Junto a esta medida, desde el pasado viernes se ha procedido a desviar, en los momentos en los que se registra una mayor afluencia de veh\u00edculos \u2014generalmente al caer la tarde\u2014 el tr\u00e1fico ligero de la LP-3 en sentido bajada \u2014en direcci\u00f3n Los Llanos de Aridane, Tazacorte y Tijarafe\u2014, por las cuestas de El Paso y Hermosilla, ya que en la LP-3 se debe priorizar el paso a los veh\u00edculos pesados, de emergencia y transporte p\u00fablico.<\/p>\n<p style=\"text-align: justify;\"><strong>Dictamen diario del Comit\u00e9 Cient\u00edfico<\/strong><\/p>\n<p style=\"text-align: justify;\">Previamente a la reuni\u00f3n del Comit\u00e9 Director del PEVOLCA se reuni\u00f3 el Comit\u00e9 Cient\u00edfico del Plan, en el que sus integrantes expusieron sus conclusiones sobre la evoluci\u00f3n del fen\u00f3meno eruptivo desde el d\u00eda de ayer. Este Comit\u00e9 Cient\u00edfico est\u00e1 coordinado por la Direcci\u00f3n General de Seguridad y Emergencias del Gobierno de Canarias y lo integran representantes del Instituto Geogr\u00e1fico Nacional (IGN), Consejo Superior de Investigaciones Cient\u00edficas (CSIC), Instituto Volcanol\u00f3gico de Canarias (Involcan), Instituto Geol\u00f3gico y Minero de Espa\u00f1a (IGME), Agencia Estatal de Meteorolog\u00eda (AEMET), Instituto Espa\u00f1ol de Oceanograf\u00eda (IEO), Universidad de La Laguna y Universidad de Las Palmas de Gran Canaria.<\/p>\n<p style=\"text-align: justify;\">Tales conclusiones fueron:<\/p>\n<p style=\"text-align: justify;\">\u201cLa erupci\u00f3n fisural contin\u00faa mostrando mecanismo estromboliano (esto es, un mecanismo de car\u00e1cter mixto, con fases de explosividad que producen dep\u00f3sitos pirocl\u00e1sticos y fases efusivas que producen las coladas de lava, de forma simult\u00e1nea), ahora con predominio de la fase efusiva. En volcanolog\u00eda la magnitud de las erupciones volc\u00e1nicas se mide en la escala del \u00cdndice de Explosividad Volc\u00e1nica (VEI por sus siglas en ingl\u00e9s) con valores entre 0 y 8; en el caso de esta erupci\u00f3n el VEI estimado hasta ahora es 2.<\/p>\n<p style=\"text-align: justify;\">La morfolog\u00eda del cono cambia de manera reiterada por los sucesivos procesos de crecimiento y reconfiguraci\u00f3n. El proceso eruptivo puede mostrar episodios de incremento y disminuci\u00f3n de la actividad estromboliana, as\u00ed como pulsos con actividad freatomagm\u00e1tica.<\/p>\n<p style=\"text-align: justify;\">En las \u00faltimas 48 h, el fen\u00f3meno eruptivo m\u00e1s destacable ha sido la emisi\u00f3n de un considerable volumen de cenizas cubriendo todo el sector O-NO de la isla, acompa\u00f1ado de explosiones audibles de gran intensidad. Este episodio pudo ser causado por una intensa desgasificaci\u00f3n. Tambi\u00e9n se produjeron varios rayos volc\u00e1nicos y ondas de choque asociadas a las explosiones m\u00e1s energ\u00e9ticas (ondas generadas por explosiones que emiten un flujo de gas a velocidad que superan la barrera del sonido).<\/p>\n<p style=\"text-align: justify;\">En las \u00faltimas horas se ha observado un aumento en la tasa de emisi\u00f3n de lava desde el foco emisor de lava del flanco NO del cono principal. La colada sigue con las mismas direcciones del \u00faltimo informe, rebosando en esta ma\u00f1ana algunos de los tubos y canales volc\u00e1nicos preexistentes. Las coladas l\u00e1vicas cuyos frentes se<\/p>\n<p style=\"text-align: justify;\">han denominado 1, 3 (que ha alcanzado el de la 9), no han tenido pr\u00e1cticamente avance en las \u00faltimas 24 horas.<\/p>\n<p style=\"text-align: justify;\">Actualmente siguen activos varios centros de emisi\u00f3n con actividad intermitente (tanto de piroclastos, como de lava), variando seg\u00fan se modifica la configuraci\u00f3n de la zona eruptiva. No se descarta la aparici\u00f3n de nuevos centros de emisi\u00f3n en el entorno del cono principal, as\u00ed como otros observables superficiales (emisiones visibles de gas) dentro de la zona de exclusi\u00f3n.<\/p>\n<p style=\"text-align: justify;\">La altura medida hoy a las 9:30 de la columna eruptiva y nube de dispersi\u00f3n es de 4500 m.<\/p>\n<p style=\"text-align: justify;\">A lo largo del d\u00eda, en superficie, el flujo sin\u00f3ptico ser\u00e1 del NE con r\u00e9gimen de brisas en la zona O de la isla, girando a E \u2013 SE en niveles bajos y medios. Disposici\u00f3n de cenizas prevista para hoy, hacia NO \u2013 N, que podr\u00eda afectar la operatividad del aeropuerto. En los pr\u00f3ximos d\u00edas comportamiento similar al previsto hoy: flujo sin\u00f3ptico del NE en superficie girando a E \u2013 SE en niveles bajos y medios. Inversi\u00f3n t\u00e9rmica: 2- 4\u00baC con base a 600 m y cima a 1200 m. Comportamiento previsto de la inversi\u00f3n para los pr\u00f3ximos d\u00edas similar. Humedad relativa de 70-80% hasta la inversi\u00f3n y de 10-30% por encima de ella (atm\u00f3sfera seca y estable).<\/p>\n<p style=\"text-align: justify;\">La sismicidad contin\u00faa localiz\u00e1ndose, principalmente, cercana a la sismicidad de los primeros d\u00edas, a profundidades entre 10 y 15 km. Se registran tambi\u00e9n terremotos situados a profundidades superiores a 20 km. La sismicidad ha disminuido su n\u00famero y magnitud en las \u00faltimas 24 horas, donde adem\u00e1s no se ha registrado actividad s\u00edsmica sentida. La magnitud m\u00e1xima ha sido 3.5 mbLg. Se mantienen valores altos de la amplitud de la se\u00f1al de tremor, con pulsos de intensificaci\u00f3n. La sismicidad registrada a profundidades intermedias y profundas, se enmarca en el mismo proceso eruptivo actual. No se registra sismicidad superficial significativa. El nivel de sismicidad actual sigue indicando que es posible que se produzcan m\u00e1s sismos sentidos, pudiendo alcanzarse intensidades VI (EMS) y originar peque\u00f1os derrumbes en zonas de pendiente. Se incluye informaci\u00f3n relevante sobre este tema, en el apartado de Recomendaciones del informe.<\/p>\n<p style=\"text-align: justify;\">En cuanto a la deformaci\u00f3n, las estaciones m\u00e1s pr\u00f3ximas al centro eruptivo muestran un patr\u00f3n estable. En las estaciones m\u00e1s alejadas del centro eruptivo, contin\u00faa una ligera deflaci\u00f3n regional.<\/p>\n<p style=\"text-align: justify;\">Durante el d\u00eda de ayer (30\/10), la emisi\u00f3n de di\u00f3xido de azufre (SO2) asociado al penacho volc\u00e1nico (emanaciones visibles de gases volc\u00e1nicos) contin\u00faa mostrando una tendencia descendente durante los \u00faltimos 6 d\u00edas registr\u00e1ndose un valor de 7700 toneladas diarias estimado mediante el uso de sensores \u00f3pticos remotos tipo miniDOAS en posici\u00f3n m\u00f3vil mar\u00edtima (valores t\u00edpicamente subestimados en comparaci\u00f3n con datos satelitales). En el caso de la emisi\u00f3n difusa de di\u00f3xido de carbono (CO2), asociada a los 220 km2 de la dorsal volc\u00e1nica de Cumbre Vieja (emanaciones no visibles de gases volc\u00e1nicos), se observa una tendencia descendente de este par\u00e1metro geoqu\u00edmico del 12\/10 al 22\/10, pero desde el 22\/10 se observa una tendencia ascendente del mismo lleg\u00e1ndose a registrar una emisi\u00f3n difusa de di\u00f3xido de carbono (CO2) de 1450 toneladas diarias a fecha de 30\/10. La monitorizaci\u00f3n del flujo difuso de di\u00f3xido de carbono (CO2), en la estaci\u00f3n geoqu\u00edmica de Los Llanos (LP10) contin\u00faa reflejando una mayor fracci\u00f3n magm\u00e1tica-hidrotermal que la observada en la estaci\u00f3n geoqu\u00edmica de Fuencaliente (LP08). Todas estas observaciones geoqu\u00edmicas son coherentes con el actual proceso eruptivo.<\/p>\n<p style=\"text-align: justify;\">Respecto a la calidad del aire, en el d\u00eda de ayer se mantuvieron los niveles medios de concentraci\u00f3n de di\u00f3xido de azufre (SO2) sensiblemente inferiores a las referencias de los valores l\u00edmite horarios (350 \u00b5g\/m\u00b3) en todas las estaciones de la isla, con un registro m\u00e1ximo horario cercano a los 200 \u00b5g\/m\u00b3 a las 7 horas en las estaciones de Los Llanos de Aridane, Tazacorte y El Paso. Se mantuvieron los valores medios hasta aproximadamente las 13 horas. A partir de esa hora las concentraciones de este gas, que est\u00e1 asociado al proceso eruptivo, disminuyeron y no se super\u00f3 el valor l\u00edmite diario (125 \u00b5g\/m\u00b3) en ninguna de las estaciones de la red de calidad del aire. En las \u00faltimas horas de la noche de ayer y la primeras horas de la madrugada de hoy los valores registrados aumentaron en las estaciones de El Paso, Puntagorda y Los Llanos de Aridane, con m\u00e1ximos de menor intensidad que el d\u00eda de ayer Estos valores se fueron reduciendo a lo largo de la noche y en estos momentos se mantienen bajos.<\/p>\n<p style=\"text-align: justify;\">Con respecto a las part\u00edculas menores de 10 micras (PM10), continuamos registrando valores por debajo del umbral diario (establecido en 50 \u00b5g\/m\u00b3) en todas las estaciones de la isla, salvo en Los Llanos de Aridane, donde los valores fueron en aumento durante el d\u00eda de ayer alcanzando un m\u00e1ximo horario de 499 \u00b5g\/m\u00b3 a las 12 de la noche, estos valores disminuyeron r\u00e1pidamente a lo largo de la noche pero se observa un aumento importante durante la ma\u00f1ana de hoy con un valor a las 10 horas de 368 \u00b5g\/m\u00b3. Los registros de esta estaci\u00f3n contin\u00faan reflejando la incidencia por ca\u00eddas de cenizas del volc\u00e1n, muy influenciada por la din\u00e1mica eruptiva y de vientos diaria. Como consecuencia de esta situaci\u00f3n se super\u00f3 ayer en esta estaci\u00f3n el umbral diario de PM10 con un valor de 141 \u00b5g\/m\u00b3. En el resto de estaciones de la red no se han producido superaciones del umbral diario y los valores contin\u00faan bajos.<\/p>\n<p style=\"text-align: justify;\"><strong>OBLIGACIONES Y RECOMENDACIONES <\/strong><\/p>\n<p style=\"text-align: justify;\">PENACHO MARINO:<\/p>\n<ul style=\"text-align: justify;\">\n<li>Se sugiere prestar mucha atenci\u00f3n al pron\u00f3stico del viento para la monitorizaci\u00f3n de los posibles cambios de direcci\u00f3n del penacho y actuar en consecuencia, especialmente aquellas personas con el sistema respiratorio debilitado (por ejemplo, asm\u00e1ticos) ya que son m\u00e1s vulnerables a concentraciones m\u00e1s bajas.<\/li>\n<li>Tambi\u00e9n se recomienda el lavado de los ojos despu\u00e9s de cualquier exposici\u00f3n, ya que los s\u00edntomas, a menudo, no se perciben hasta m\u00e1s tarde.<\/li>\n<li>Estos penachos marinos se pueden percibir hasta varios kil\u00f3metros de distancia de la fuente, aunque m\u00e1s diluidos. En el caso de que el penacho marino llegue a n\u00facleos poblacionales, se recomienda permanecer en el interior de las viviendas siempre que sea posible y cerrar todas las puertas y ventanas.<\/li>\n<li>Para la seguridad de la navegaci\u00f3n de embarcaciones cient\u00edficas que realizan labores cient\u00edficas en esta \u00e1rea, se recomienda mantener una distancia de al menos 500 m para las zonas activas de los deltas de lava (con aporte de lava y manifestaciones visibles), reduciendo dicha distancia a 200 m para las zonas m\u00e1s estables. La navegaci\u00f3n con fines cient\u00edficos para la gesti\u00f3n de la emergencia, se puede realizar a distancias menores, bajo la responsabilidad del armador y el capit\u00e1n o patr\u00f3n de la embarcaci\u00f3n, siempre y cuando se cuente con el visto bueno de la Direcci\u00f3n T\u00e9cnica de PEVOLCA y Capitan\u00eda Mar\u00edtima.<\/li>\n<\/ul>\n<p style=\"text-align: justify;\">COLADAS L\u00c1VICAS:<\/p>\n<ul style=\"text-align: justify;\">\n<li>Tambi\u00e9n se recomienda no aproximarse a las coladas de lava por el riesgo de exponerse a los gases emitidos, posibles desprendimientos y las altas temperaturas. \u00b7 Ante los grandes espesores de colada de lava observados en algunos puntos, se pueden producir colapsos de su frente que, en zonas de mayor pendiente, pueden conllevar la formaci\u00f3n de grandes fragmentos de colada, que pueden desprenderse del frente de la colada y que de forma repentina alcanzando distancias de varios metros desde el frente de colada, dependiendo de la topograf\u00eda. Tambi\u00e9n en zonas de gran pendiente, se puede producir peque\u00f1os flujos pirocl\u00e1sticos.<\/li>\n<\/ul>\n<p style=\"text-align: justify;\">CAIDA DE PIROCLASTOS:<\/p>\n<ul style=\"text-align: justify;\">\n<li>Se recuerda que est\u00e1 establecido un radio de exclusi\u00f3n de 2.5 km en torno a los centros de emisi\u00f3n para minimizar el riesgo de impacto de piroclastos y la exposici\u00f3n a los gases.<\/li>\n<li>En caso de intensificaci\u00f3n de la actividad explosiva es posible que algunas detonaciones violentas puedan producir rotura del vidrio de las ventanas. Se recomienda alejarse de las ventanas hasta un radio de 5 km desde el cono.<\/li>\n<li>En las zonas afectadas por una intensa ca\u00edda de cenizas (que se observe una clara deposici\u00f3n sobre el suelo) y m\u00e1s a\u00fan si se observa bruma, se recomienda mantenerse en espacios interiores. Al aire libre, se recomienda as\u00ed mismo el uso de mascarillas FFP2 y de sistemas de protecci\u00f3n de ojos.<\/li>\n<li>Ante la llegada de cenizas a otras islas, se recomienda en las afectadas, el uso de mascarillas quir\u00fargicas. Se recomienda la limpieza de azoteas en las que se acumulen espesores de cenizas de varios cent\u00edmetros. Se insiste en que se sigan de manera precisa el procedimiento de retirada de cenizas de azoteas y suelo indicado por Protecci\u00f3n Civil (humedecer ceniza, protecci\u00f3n de ojos, llevar mascarilla, proteger la piel, v\u00e9ase documentaci\u00f3n anexa). Para la retirada, se deben usar mascarillas FFP2, guantes, humedecer ligeramente para su barrido y evitando el uso de sopladores, salvo para la limpieza de las instalaciones aeroportuaria por personal especializado con sus EPIs correspondientes. El uso de los sopladores aumenta la re-suspensi\u00f3n de las part\u00edculas m\u00e1s perjudiciales para la salud.<\/li>\n<\/ul>\n<p style=\"text-align: justify;\">Para la seguridad de cient\u00edficos en tierra dentro de la zona de exclusi\u00f3n se recomienda mantener una distancia de al menos 1000 m respecto al centro principal de emisi\u00f3n. La aproximaci\u00f3n a distancias menores puede realizarse, con fines de observaci\u00f3n cient\u00edfica para la gesti\u00f3n de la emergencia, con el visto bueno de la Direcci\u00f3n T\u00e9cnica de PEVOLCA.<\/p>\n<p style=\"text-align: justify;\">Desde el centro emisor actual en el sector sur, a distancias menores de 3 km y dentro de la zona de exclusi\u00f3n, se ha de extremar la atenci\u00f3n a cualquier fen\u00f3meno observable, minimizando la exposici\u00f3n.<\/p>\n<p style=\"text-align: justify;\">MOVIMIENTOS S\u00cdSMICOS:<\/p>\n<p style=\"text-align: justify;\">&#8211; El comit\u00e9 cient\u00edfico del PEVOLCA realiza un seguimiento continuo de la actividad volc\u00e1nica.<\/p>\n<p style=\"text-align: justify;\">&#8211; Tanto en casa, como en el centro de trabajo, toma medidas preventivas: refuerza las estanter\u00edas, fija l\u00e1mparas y retira objetos grandes del mobiliario.<\/p>\n<p style=\"text-align: justify;\">En el exterior:<\/p>\n<p style=\"text-align: justify;\">Si te encuentras en el exterior y se registra un sismo, busca un lugar abierto y al\u00e9jate de estructuras que puedan caer a la v\u00eda y de las zonas con riesgo de derrumbe.<\/p>\n<p style=\"text-align: justify;\">Por tu seguridad, recuerda estos consejos de autoprotecci\u00f3n:<\/p>\n<p style=\"text-align: justify;\">&#8211; Dir\u00edgete a espacios abiertos.<\/p>\n<p style=\"text-align: justify;\">&#8211; Al\u00e9jate de edificios, balcones, sem\u00e1foros, farolas, tendidos el\u00e9ctricos o \u00e1rboles.<\/p>\n<p style=\"text-align: justify;\">&#8211; No te acerques a zonas con peligro de desprendimientos.<\/p>\n<p style=\"text-align: justify;\">&#8211; Sigue las recomendaciones de las autoridades e inf\u00f3rmate por canales oficiales y medios de comunicaci\u00f3n.<\/p>\n<p style=\"text-align: justify;\">&#8211; Si te encuentras en un veh\u00edculo, disminuye la velocidad y para el motor cuando sea posible, lejos de edificaciones y zonas escarpadas. Pon los indicadores de emergencia y permanece en el veh\u00edculo hasta que finalice el terremoto.<\/p>\n<p style=\"text-align: justify;\">En el interior:<\/p>\n<p style=\"text-align: justify;\">Si te sorprende un temblor en el interior de tu vivienda, mant\u00e9n la calma y sigue estos consejos de autoprotecci\u00f3n:<\/p>\n<p style=\"text-align: justify;\">&#8211; Mientras dure el temblor, no salgas al exterior.<\/p>\n<p style=\"text-align: justify;\">&#8211; Prot\u00e9gete bajo el marco de una puerta o de alg\u00fan mueble s\u00f3lido, como una mesa. &#8211; No te sit\u00faes cerca de ventanas.<\/p>\n<p style=\"text-align: justify;\">&#8211; Si tienes que abandonar tu casa, desconecta agua, luz y gas.<\/p>\n<p style=\"text-align: justify;\">&#8211; En caso de evacuaci\u00f3n, baja por las escaleras y no utilices el ascensor.<\/p>\n<p style=\"text-align: justify;\">&#8211; Sigue las recomendaciones de las autoridades e inf\u00f3rmate por canales oficiales y medios de comunicaci\u00f3n.<\/p>\n<p style=\"text-align: justify;\">Se recomienda a la poblaci\u00f3n en la isla de La Palma el uso de mascarillas FFP2 al aire libre.<\/p>\n<p style=\"text-align: justify;\">Sigue siendo imperativo el respeto de las zonas de exclusi\u00f3n terrestre y mar\u00edtima, para mantener la integridad f\u00edsica de las personas.<\/p>\n<p style=\"text-align: justify;\">Se ha reforzado el seguimiento continuo de la actividad y se comunicar\u00e1 cualquier cambio significativo que se observe. Mant\u00e9nganse atentos a la informaci\u00f3n que proporcionen las correspondientes autoridades de Protecci\u00f3n Civil\u201d.<\/p>\n<p style=\"text-align: justify;\">\u00a0<\/p>\n<p style=\"text-align: justify;\">\u00a0<\/p>\n<div class=\"pvc_clear\"><\/div>\n<p id=\"pvc_stats_3611\" class=\"pvc_stats all  \" data-element-id=\"3611\" style=\"\"><i class=\"pvc-stats-icon medium\" aria-hidden=\"true\"><svg aria-hidden=\"true\" focusable=\"false\" data-prefix=\"far\" data-icon=\"chart-bar\" role=\"img\" xmlns=\"http:\/\/www.w3.org\/2000\/svg\" viewBox=\"0 0 512 512\" class=\"svg-inline--fa fa-chart-bar fa-w-16 fa-2x\"><path fill=\"currentColor\" d=\"M396.8 352h22.4c6.4 0 12.8-6.4 12.8-12.8V108.8c0-6.4-6.4-12.8-12.8-12.8h-22.4c-6.4 0-12.8 6.4-12.8 12.8v230.4c0 6.4 6.4 12.8 12.8 12.8zm-192 0h22.4c6.4 0 12.8-6.4 12.8-12.8V140.8c0-6.4-6.4-12.8-12.8-12.8h-22.4c-6.4 0-12.8 6.4-12.8 12.8v198.4c0 6.4 6.4 12.8 12.8 12.8zm96 0h22.4c6.4 0 12.8-6.4 12.8-12.8V204.8c0-6.4-6.4-12.8-12.8-12.8h-22.4c-6.4 0-12.8 6.4-12.8 12.8v134.4c0 6.4 6.4 12.8 12.8 12.8zM496 400H48V80c0-8.84-7.16-16-16-16H16C7.16 64 0 71.16 0 80v336c0 17.67 14.33 32 32 32h464c8.84 0 16-7.16 16-16v-16c0-8.84-7.16-16-16-16zm-387.2-48h22.4c6.4 0 12.8-6.4 12.8-12.8v-70.4c0-6.4-6.4-12.8-12.8-12.8h-22.4c-6.4 0-12.8 6.4-12.8 12.8v70.4c0 6.4 6.4 12.8 12.8 12.8z\" class=\"\"><\/path><\/svg><\/i> <\/p>\n<div class=\"pvc_clear\"><\/div>\n<div class=\"print\"><span class=\"page_title\">P\u00e1gina: <span>Disminuye el n\u00famero y magnitud de los sismos en La Palma en las \u00faltimas 24 horas<\/span><\/span>\n\t\t\t\t\t\t\t\t\t\t\t<span class=\"page_title\">Fecha de impresi\u00f3n: <span>02\/05\/2026 - 07:54:56 UTC<\/span><\/span>\n\t\t\t\t\t\t\t\t\t\t\t<span class=\"stmp_trans_date\">\u00daltima actualizaci\u00f3n: <span>31\/10\/2021 - 18:00:04<\/span><\/span>\n\t\t\t\t\t\t\t\t\t\t\t<span class=\"stmp_trans_date\">Fecha publicaci\u00f3n: <span>31\/10\/2021 - 18:00:04<\/span><\/span>\n\t\t\t\t\t\t\t\t\t\t\t<span class=\"stmp_trans_date\">Fecha creaci\u00f3n: <span>31\/10\/2021 - 18:00:04<\/span><\/span><\/div>\n\t","protected":false},"excerpt":{"rendered":"<p>Las part\u00edculas PM10 registran valores por debajo del umbral diario menos en la estaci\u00f3n de Los Llanos de Aridane, donde se recomienda reducir la actividad al aire libre El PEVOLCA mantiene entre las 10.00 y las 24.00 horas el servicio de lanzadera de guaguas con&#8230;<\/p>\n<div class=\"pvc_clear\"><\/div>\n<p id=\"pvc_stats_3611\" class=\"pvc_stats all  \" data-element-id=\"3611\" style=\"\"><i class=\"pvc-stats-icon medium\" aria-hidden=\"true\"><svg aria-hidden=\"true\" focusable=\"false\" data-prefix=\"far\" data-icon=\"chart-bar\" role=\"img\" xmlns=\"http:\/\/www.w3.org\/2000\/svg\" viewBox=\"0 0 512 512\" class=\"svg-inline--fa fa-chart-bar fa-w-16 fa-2x\"><path fill=\"currentColor\" d=\"M396.8 352h22.4c6.4 0 12.8-6.4 12.8-12.8V108.8c0-6.4-6.4-12.8-12.8-12.8h-22.4c-6.4 0-12.8 6.4-12.8 12.8v230.4c0 6.4 6.4 12.8 12.8 12.8zm-192 0h22.4c6.4 0 12.8-6.4 12.8-12.8V140.8c0-6.4-6.4-12.8-12.8-12.8h-22.4c-6.4 0-12.8 6.4-12.8 12.8v198.4c0 6.4 6.4 12.8 12.8 12.8zm96 0h22.4c6.4 0 12.8-6.4 12.8-12.8V204.8c0-6.4-6.4-12.8-12.8-12.8h-22.4c-6.4 0-12.8 6.4-12.8 12.8v134.4c0 6.4 6.4 12.8 12.8 12.8zM496 400H48V80c0-8.84-7.16-16-16-16H16C7.16 64 0 71.16 0 80v336c0 17.67 14.33 32 32 32h464c8.84 0 16-7.16 16-16v-16c0-8.84-7.16-16-16-16zm-387.2-48h22.4c6.4 0 12.8-6.4 12.8-12.8v-70.4c0-6.4-6.4-12.8-12.8-12.8h-22.4c-6.4 0-12.8 6.4-12.8 12.8v70.4c0 6.4 6.4 12.8 12.8 12.8z\" class=\"\"><\/path><\/svg><\/i> <img loading=\"lazy\" decoding=\"async\" width=\"16\" height=\"16\" alt=\"Loading\" src=\"https:\/\/www.gsccanarias.com\/gsc\/wp-content\/plugins\/page-views-count\/ajax-loader-2x.gif\" border=0 \/><\/p>\n<div class=\"pvc_clear\"><\/div>\n","protected":false},"author":1,"featured_media":3609,"comment_status":"open","ping_status":"open","sticky":false,"template":"","format":"standard","meta":{"footnotes":""},"categories":[36],"tags":[],"class_list":["post-3611","post","type-post","status-publish","format-standard","has-post-thumbnail","hentry","category-ultimas-noticias"],"a3_pvc":{"activated":true,"total_views":82,"today_views":0},"yoast_head":"<!-- This site is optimized with the Yoast SEO plugin v27.5 - https:\/\/yoast.com\/product\/yoast-seo-wordpress\/ -->\n<title>Disminuye el n\u00famero y magnitud de los sismos en La Palma en las \u00faltimas 24 horas - GSC<\/title>\n<meta name=\"robots\" content=\"index, follow, max-snippet:-1, max-image-preview:large, max-video-preview:-1\" \/>\n<link rel=\"canonical\" href=\"https:\/\/www.gsccanarias.com\/gsc\/disminuye-el-numero-y-magnitud-de-los-sismos-en-la-palma-en-las-ultimas-24-horas\/\" \/>\n<meta property=\"og:locale\" content=\"es_ES\" \/>\n<meta property=\"og:type\" content=\"article\" \/>\n<meta property=\"og:title\" content=\"Disminuye el n\u00famero y magnitud de los sismos en La Palma en las \u00faltimas 24 horas - GSC\" \/>\n<meta property=\"og:description\" content=\"Las part\u00edculas PM10 registran valores por debajo del umbral diario menos en la estaci\u00f3n de Los Llanos de Aridane, donde se recomienda reducir la actividad al aire libre El PEVOLCA mantiene entre las 10.00 y las 24.00 horas el servicio de lanzadera de guaguas con...\" \/>\n<meta property=\"og:url\" content=\"https:\/\/www.gsccanarias.com\/gsc\/disminuye-el-numero-y-magnitud-de-los-sismos-en-la-palma-en-las-ultimas-24-horas\/\" \/>\n<meta property=\"og:site_name\" content=\"GSC\" \/>\n<meta property=\"article:published_time\" content=\"2021-10-31T18:00:04+00:00\" \/>\n<meta property=\"og:image\" content=\"https:\/\/www.gsccanarias.com\/gsc\/wp-content\/uploads\/2021\/10\/311021_Emisin_de_lava_en_erupcin_La_Palma.png\" \/>\n\t<meta property=\"og:image:width\" content=\"2411\" \/>\n\t<meta property=\"og:image:height\" content=\"941\" \/>\n\t<meta property=\"og:image:type\" content=\"image\/png\" \/>\n<meta name=\"author\" content=\"userad112\" \/>\n<meta name=\"twitter:card\" content=\"summary_large_image\" \/>\n<meta name=\"twitter:label1\" content=\"Escrito por\" \/>\n\t<meta name=\"twitter:data1\" content=\"userad112\" \/>\n\t<meta name=\"twitter:label2\" content=\"Tiempo de lectura\" \/>\n\t<meta name=\"twitter:data2\" content=\"19 minutos\" \/>\n<script type=\"application\/ld+json\" class=\"yoast-schema-graph\">{\"@context\":\"https:\\\/\\\/schema.org\",\"@graph\":[{\"@type\":\"Article\",\"@id\":\"https:\\\/\\\/www.gsccanarias.com\\\/gsc\\\/disminuye-el-numero-y-magnitud-de-los-sismos-en-la-palma-en-las-ultimas-24-horas\\\/#article\",\"isPartOf\":{\"@id\":\"https:\\\/\\\/www.gsccanarias.com\\\/gsc\\\/disminuye-el-numero-y-magnitud-de-los-sismos-en-la-palma-en-las-ultimas-24-horas\\\/\"},\"author\":{\"name\":\"userad112\",\"@id\":\"https:\\\/\\\/www.gsccanarias.com\\\/gsc\\\/#\\\/schema\\\/person\\\/591ed0ce1757a7168579ec75f6e7f340\"},\"headline\":\"Disminuye el n\u00famero y magnitud de los sismos en La Palma en las \u00faltimas 24 horas\",\"datePublished\":\"2021-10-31T18:00:04+00:00\",\"mainEntityOfPage\":{\"@id\":\"https:\\\/\\\/www.gsccanarias.com\\\/gsc\\\/disminuye-el-numero-y-magnitud-de-los-sismos-en-la-palma-en-las-ultimas-24-horas\\\/\"},\"wordCount\":3799,\"commentCount\":0,\"image\":{\"@id\":\"https:\\\/\\\/www.gsccanarias.com\\\/gsc\\\/disminuye-el-numero-y-magnitud-de-los-sismos-en-la-palma-en-las-ultimas-24-horas\\\/#primaryimage\"},\"thumbnailUrl\":\"https:\\\/\\\/www.gsccanarias.com\\\/gsc\\\/wp-content\\\/uploads\\\/2021\\\/10\\\/311021_Emisin_de_lava_en_erupcin_La_Palma.png\",\"articleSection\":[\"\u00daltimas noticias\"],\"inLanguage\":\"es\",\"potentialAction\":[{\"@type\":\"CommentAction\",\"name\":\"Comment\",\"target\":[\"https:\\\/\\\/www.gsccanarias.com\\\/gsc\\\/disminuye-el-numero-y-magnitud-de-los-sismos-en-la-palma-en-las-ultimas-24-horas\\\/#respond\"]}]},{\"@type\":\"WebPage\",\"@id\":\"https:\\\/\\\/www.gsccanarias.com\\\/gsc\\\/disminuye-el-numero-y-magnitud-de-los-sismos-en-la-palma-en-las-ultimas-24-horas\\\/\",\"url\":\"https:\\\/\\\/www.gsccanarias.com\\\/gsc\\\/disminuye-el-numero-y-magnitud-de-los-sismos-en-la-palma-en-las-ultimas-24-horas\\\/\",\"name\":\"Disminuye el n\u00famero y magnitud de los sismos en La Palma en las \u00faltimas 24 horas - GSC\",\"isPartOf\":{\"@id\":\"https:\\\/\\\/www.gsccanarias.com\\\/gsc\\\/#website\"},\"primaryImageOfPage\":{\"@id\":\"https:\\\/\\\/www.gsccanarias.com\\\/gsc\\\/disminuye-el-numero-y-magnitud-de-los-sismos-en-la-palma-en-las-ultimas-24-horas\\\/#primaryimage\"},\"image\":{\"@id\":\"https:\\\/\\\/www.gsccanarias.com\\\/gsc\\\/disminuye-el-numero-y-magnitud-de-los-sismos-en-la-palma-en-las-ultimas-24-horas\\\/#primaryimage\"},\"thumbnailUrl\":\"https:\\\/\\\/www.gsccanarias.com\\\/gsc\\\/wp-content\\\/uploads\\\/2021\\\/10\\\/311021_Emisin_de_lava_en_erupcin_La_Palma.png\",\"datePublished\":\"2021-10-31T18:00:04+00:00\",\"author\":{\"@id\":\"https:\\\/\\\/www.gsccanarias.com\\\/gsc\\\/#\\\/schema\\\/person\\\/591ed0ce1757a7168579ec75f6e7f340\"},\"breadcrumb\":{\"@id\":\"https:\\\/\\\/www.gsccanarias.com\\\/gsc\\\/disminuye-el-numero-y-magnitud-de-los-sismos-en-la-palma-en-las-ultimas-24-horas\\\/#breadcrumb\"},\"inLanguage\":\"es\",\"potentialAction\":[{\"@type\":\"ReadAction\",\"target\":[\"https:\\\/\\\/www.gsccanarias.com\\\/gsc\\\/disminuye-el-numero-y-magnitud-de-los-sismos-en-la-palma-en-las-ultimas-24-horas\\\/\"]}]},{\"@type\":\"ImageObject\",\"inLanguage\":\"es\",\"@id\":\"https:\\\/\\\/www.gsccanarias.com\\\/gsc\\\/disminuye-el-numero-y-magnitud-de-los-sismos-en-la-palma-en-las-ultimas-24-horas\\\/#primaryimage\",\"url\":\"https:\\\/\\\/www.gsccanarias.com\\\/gsc\\\/wp-content\\\/uploads\\\/2021\\\/10\\\/311021_Emisin_de_lava_en_erupcin_La_Palma.png\",\"contentUrl\":\"https:\\\/\\\/www.gsccanarias.com\\\/gsc\\\/wp-content\\\/uploads\\\/2021\\\/10\\\/311021_Emisin_de_lava_en_erupcin_La_Palma.png\",\"width\":2411,\"height\":941},{\"@type\":\"BreadcrumbList\",\"@id\":\"https:\\\/\\\/www.gsccanarias.com\\\/gsc\\\/disminuye-el-numero-y-magnitud-de-los-sismos-en-la-palma-en-las-ultimas-24-horas\\\/#breadcrumb\",\"itemListElement\":[{\"@type\":\"ListItem\",\"position\":1,\"name\":\"Portada\",\"item\":\"https:\\\/\\\/www.gsccanarias.com\\\/gsc\\\/\"},{\"@type\":\"ListItem\",\"position\":2,\"name\":\"Disminuye el n\u00famero y magnitud de los sismos en La Palma en las \u00faltimas 24 horas\"}]},{\"@type\":\"WebSite\",\"@id\":\"https:\\\/\\\/www.gsccanarias.com\\\/gsc\\\/#website\",\"url\":\"https:\\\/\\\/www.gsccanarias.com\\\/gsc\\\/\",\"name\":\"GSC\",\"description\":\"Administramos servicios relacionados con la salud, las emergencias, la seguridad y el transporte sanitario\",\"potentialAction\":[{\"@type\":\"SearchAction\",\"target\":{\"@type\":\"EntryPoint\",\"urlTemplate\":\"https:\\\/\\\/www.gsccanarias.com\\\/gsc\\\/?s={search_term_string}\"},\"query-input\":{\"@type\":\"PropertyValueSpecification\",\"valueRequired\":true,\"valueName\":\"search_term_string\"}}],\"inLanguage\":\"es\"},{\"@type\":\"Person\",\"@id\":\"https:\\\/\\\/www.gsccanarias.com\\\/gsc\\\/#\\\/schema\\\/person\\\/591ed0ce1757a7168579ec75f6e7f340\",\"name\":\"userad112\",\"image\":{\"@type\":\"ImageObject\",\"inLanguage\":\"es\",\"@id\":\"https:\\\/\\\/secure.gravatar.com\\\/avatar\\\/6aab27730b29899b0a1a05aaa7b266b4fc1fce4dd26b427baeb73cffe474a916?s=96&d=mm&r=g\",\"url\":\"https:\\\/\\\/secure.gravatar.com\\\/avatar\\\/6aab27730b29899b0a1a05aaa7b266b4fc1fce4dd26b427baeb73cffe474a916?s=96&d=mm&r=g\",\"contentUrl\":\"https:\\\/\\\/secure.gravatar.com\\\/avatar\\\/6aab27730b29899b0a1a05aaa7b266b4fc1fce4dd26b427baeb73cffe474a916?s=96&d=mm&r=g\",\"caption\":\"userad112\"},\"sameAs\":[\"https:\\\/\\\/321brand.com\\\/112\"],\"url\":\"https:\\\/\\\/www.gsccanarias.com\\\/gsc\\\/author\\\/userad112\\\/\"}]}<\/script>\n<!-- \/ Yoast SEO plugin. -->","yoast_head_json":{"title":"Disminuye el n\u00famero y magnitud de los sismos en La Palma en las \u00faltimas 24 horas - GSC","robots":{"index":"index","follow":"follow","max-snippet":"max-snippet:-1","max-image-preview":"max-image-preview:large","max-video-preview":"max-video-preview:-1"},"canonical":"https:\/\/www.gsccanarias.com\/gsc\/disminuye-el-numero-y-magnitud-de-los-sismos-en-la-palma-en-las-ultimas-24-horas\/","og_locale":"es_ES","og_type":"article","og_title":"Disminuye el n\u00famero y magnitud de los sismos en La Palma en las \u00faltimas 24 horas - GSC","og_description":"Las part\u00edculas PM10 registran valores por debajo del umbral diario menos en la estaci\u00f3n de Los Llanos de Aridane, donde se recomienda reducir la actividad al aire libre El PEVOLCA mantiene entre las 10.00 y las 24.00 horas el servicio de lanzadera de guaguas con...","og_url":"https:\/\/www.gsccanarias.com\/gsc\/disminuye-el-numero-y-magnitud-de-los-sismos-en-la-palma-en-las-ultimas-24-horas\/","og_site_name":"GSC","article_published_time":"2021-10-31T18:00:04+00:00","og_image":[{"width":2411,"height":941,"url":"https:\/\/www.gsccanarias.com\/gsc\/wp-content\/uploads\/2021\/10\/311021_Emisin_de_lava_en_erupcin_La_Palma.png","type":"image\/png"}],"author":"userad112","twitter_card":"summary_large_image","twitter_misc":{"Escrito por":"userad112","Tiempo de lectura":"19 minutos"},"schema":{"@context":"https:\/\/schema.org","@graph":[{"@type":"Article","@id":"https:\/\/www.gsccanarias.com\/gsc\/disminuye-el-numero-y-magnitud-de-los-sismos-en-la-palma-en-las-ultimas-24-horas\/#article","isPartOf":{"@id":"https:\/\/www.gsccanarias.com\/gsc\/disminuye-el-numero-y-magnitud-de-los-sismos-en-la-palma-en-las-ultimas-24-horas\/"},"author":{"name":"userad112","@id":"https:\/\/www.gsccanarias.com\/gsc\/#\/schema\/person\/591ed0ce1757a7168579ec75f6e7f340"},"headline":"Disminuye el n\u00famero y magnitud de los sismos en La Palma en las \u00faltimas 24 horas","datePublished":"2021-10-31T18:00:04+00:00","mainEntityOfPage":{"@id":"https:\/\/www.gsccanarias.com\/gsc\/disminuye-el-numero-y-magnitud-de-los-sismos-en-la-palma-en-las-ultimas-24-horas\/"},"wordCount":3799,"commentCount":0,"image":{"@id":"https:\/\/www.gsccanarias.com\/gsc\/disminuye-el-numero-y-magnitud-de-los-sismos-en-la-palma-en-las-ultimas-24-horas\/#primaryimage"},"thumbnailUrl":"https:\/\/www.gsccanarias.com\/gsc\/wp-content\/uploads\/2021\/10\/311021_Emisin_de_lava_en_erupcin_La_Palma.png","articleSection":["\u00daltimas noticias"],"inLanguage":"es","potentialAction":[{"@type":"CommentAction","name":"Comment","target":["https:\/\/www.gsccanarias.com\/gsc\/disminuye-el-numero-y-magnitud-de-los-sismos-en-la-palma-en-las-ultimas-24-horas\/#respond"]}]},{"@type":"WebPage","@id":"https:\/\/www.gsccanarias.com\/gsc\/disminuye-el-numero-y-magnitud-de-los-sismos-en-la-palma-en-las-ultimas-24-horas\/","url":"https:\/\/www.gsccanarias.com\/gsc\/disminuye-el-numero-y-magnitud-de-los-sismos-en-la-palma-en-las-ultimas-24-horas\/","name":"Disminuye el n\u00famero y magnitud de los sismos en La Palma en las \u00faltimas 24 horas - GSC","isPartOf":{"@id":"https:\/\/www.gsccanarias.com\/gsc\/#website"},"primaryImageOfPage":{"@id":"https:\/\/www.gsccanarias.com\/gsc\/disminuye-el-numero-y-magnitud-de-los-sismos-en-la-palma-en-las-ultimas-24-horas\/#primaryimage"},"image":{"@id":"https:\/\/www.gsccanarias.com\/gsc\/disminuye-el-numero-y-magnitud-de-los-sismos-en-la-palma-en-las-ultimas-24-horas\/#primaryimage"},"thumbnailUrl":"https:\/\/www.gsccanarias.com\/gsc\/wp-content\/uploads\/2021\/10\/311021_Emisin_de_lava_en_erupcin_La_Palma.png","datePublished":"2021-10-31T18:00:04+00:00","author":{"@id":"https:\/\/www.gsccanarias.com\/gsc\/#\/schema\/person\/591ed0ce1757a7168579ec75f6e7f340"},"breadcrumb":{"@id":"https:\/\/www.gsccanarias.com\/gsc\/disminuye-el-numero-y-magnitud-de-los-sismos-en-la-palma-en-las-ultimas-24-horas\/#breadcrumb"},"inLanguage":"es","potentialAction":[{"@type":"ReadAction","target":["https:\/\/www.gsccanarias.com\/gsc\/disminuye-el-numero-y-magnitud-de-los-sismos-en-la-palma-en-las-ultimas-24-horas\/"]}]},{"@type":"ImageObject","inLanguage":"es","@id":"https:\/\/www.gsccanarias.com\/gsc\/disminuye-el-numero-y-magnitud-de-los-sismos-en-la-palma-en-las-ultimas-24-horas\/#primaryimage","url":"https:\/\/www.gsccanarias.com\/gsc\/wp-content\/uploads\/2021\/10\/311021_Emisin_de_lava_en_erupcin_La_Palma.png","contentUrl":"https:\/\/www.gsccanarias.com\/gsc\/wp-content\/uploads\/2021\/10\/311021_Emisin_de_lava_en_erupcin_La_Palma.png","width":2411,"height":941},{"@type":"BreadcrumbList","@id":"https:\/\/www.gsccanarias.com\/gsc\/disminuye-el-numero-y-magnitud-de-los-sismos-en-la-palma-en-las-ultimas-24-horas\/#breadcrumb","itemListElement":[{"@type":"ListItem","position":1,"name":"Portada","item":"https:\/\/www.gsccanarias.com\/gsc\/"},{"@type":"ListItem","position":2,"name":"Disminuye el n\u00famero y magnitud de los sismos en La Palma en las \u00faltimas 24 horas"}]},{"@type":"WebSite","@id":"https:\/\/www.gsccanarias.com\/gsc\/#website","url":"https:\/\/www.gsccanarias.com\/gsc\/","name":"GSC","description":"Administramos servicios relacionados con la salud, las emergencias, la seguridad y el transporte sanitario","potentialAction":[{"@type":"SearchAction","target":{"@type":"EntryPoint","urlTemplate":"https:\/\/www.gsccanarias.com\/gsc\/?s={search_term_string}"},"query-input":{"@type":"PropertyValueSpecification","valueRequired":true,"valueName":"search_term_string"}}],"inLanguage":"es"},{"@type":"Person","@id":"https:\/\/www.gsccanarias.com\/gsc\/#\/schema\/person\/591ed0ce1757a7168579ec75f6e7f340","name":"userad112","image":{"@type":"ImageObject","inLanguage":"es","@id":"https:\/\/secure.gravatar.com\/avatar\/6aab27730b29899b0a1a05aaa7b266b4fc1fce4dd26b427baeb73cffe474a916?s=96&d=mm&r=g","url":"https:\/\/secure.gravatar.com\/avatar\/6aab27730b29899b0a1a05aaa7b266b4fc1fce4dd26b427baeb73cffe474a916?s=96&d=mm&r=g","contentUrl":"https:\/\/secure.gravatar.com\/avatar\/6aab27730b29899b0a1a05aaa7b266b4fc1fce4dd26b427baeb73cffe474a916?s=96&d=mm&r=g","caption":"userad112"},"sameAs":["https:\/\/321brand.com\/112"],"url":"https:\/\/www.gsccanarias.com\/gsc\/author\/userad112\/"}]}},"publishpress_future_workflow_manual_trigger":{"enabledWorkflows":[]},"_links":{"self":[{"href":"https:\/\/www.gsccanarias.com\/gsc\/wp-json\/wp\/v2\/posts\/3611","targetHints":{"allow":["GET"]}}],"collection":[{"href":"https:\/\/www.gsccanarias.com\/gsc\/wp-json\/wp\/v2\/posts"}],"about":[{"href":"https:\/\/www.gsccanarias.com\/gsc\/wp-json\/wp\/v2\/types\/post"}],"author":[{"embeddable":true,"href":"https:\/\/www.gsccanarias.com\/gsc\/wp-json\/wp\/v2\/users\/1"}],"replies":[{"embeddable":true,"href":"https:\/\/www.gsccanarias.com\/gsc\/wp-json\/wp\/v2\/comments?post=3611"}],"version-history":[{"count":0,"href":"https:\/\/www.gsccanarias.com\/gsc\/wp-json\/wp\/v2\/posts\/3611\/revisions"}],"wp:featuredmedia":[{"embeddable":true,"href":"https:\/\/www.gsccanarias.com\/gsc\/wp-json\/wp\/v2\/media\/3609"}],"wp:attachment":[{"href":"https:\/\/www.gsccanarias.com\/gsc\/wp-json\/wp\/v2\/media?parent=3611"}],"wp:term":[{"taxonomy":"category","embeddable":true,"href":"https:\/\/www.gsccanarias.com\/gsc\/wp-json\/wp\/v2\/categories?post=3611"},{"taxonomy":"post_tag","embeddable":true,"href":"https:\/\/www.gsccanarias.com\/gsc\/wp-json\/wp\/v2\/tags?post=3611"}],"curies":[{"name":"wp","href":"https:\/\/api.w.org\/{rel}","templated":true}]}}