{"id":3600,"date":"2021-10-25T14:08:04","date_gmt":"2021-10-25T14:08:04","guid":{"rendered":"https:\/\/www.gsccanarias.com\/gsc\/el-servicio-de-urgencias-canario-suc-habilita-a-partir-de-manana-martes-una-nueva-ambulancia-en-fuencaliente\/"},"modified":"2021-10-25T14:08:04","modified_gmt":"2021-10-25T14:08:04","slug":"el-servicio-de-urgencias-canario-suc-habilita-a-partir-de-manana-martes-una-nueva-ambulancia-en-fuencaliente","status":"publish","type":"post","link":"https:\/\/www.gsccanarias.com\/gsc\/el-servicio-de-urgencias-canario-suc-habilita-a-partir-de-manana-martes-una-nueva-ambulancia-en-fuencaliente\/","title":{"rendered":"El Servicio de Urgencias Canario (SUC) habilita a partir de ma\u00f1ana martes una nueva ambulancia en Fuencaliente"},"content":{"rendered":"<p><\/p>\n<p style=\"text-align: justify;\"><strong>La medida, puesta en marcha en coordinaci\u00f3n con el \u00c1rea de Salud de La Palma, acorta los tiempos de respuesta y garantizar la asistencia sanitaria a la poblaci\u00f3n desplazada y a n\u00facleos afectados por los cortes de carreteras<\/strong><\/p>\n<p style=\"text-align: justify;\">El Servicio de Urgencias Canario (SUC), en coordinaci\u00f3n con el \u00c1rea de Salud de La Palma, adscrita a la Consejer\u00eda de Sanidad del Gobierno de Canarias, pone en marcha a partir de ma\u00f1ana martes, d\u00eda 26 de octubre, un nuevo servicio de ambulancia de soporte vital b\u00e1sico (ASVB) en el Consultorio Local de Fuencaliente. Esta es una de las acciones recogidas en la Estrategia Sanitaria de Actuaci\u00f3n Inmediata para la isla de La Palma para dar respuesta a las necesidades de la poblaci\u00f3n tras la erupci\u00f3n, en el marco del Plan Especial para la Reconstrucci\u00f3n de La Palma.<\/p>\n<p style=\"text-align: justify;\">Este nuevo dispositivo de atenci\u00f3n a las urgencias sanitarias prestar\u00e1 servicio de lunes a domingo, de 08.00 a 20.00 horas, y se mantendr\u00e1 mientras sea necesario.<\/p>\n<p style=\"text-align: justify;\">Esta medida se pone en marcha para mejorar y reducir los tiempos de atenci\u00f3n en la asistencia de urgencias a la poblaci\u00f3n de Fuencaliente y a otros n\u00facleos pr\u00f3ximos a la zona de exclusi\u00f3n, que se han visto afectados por los cortes de carreteras provocados por las coladas de lava procedentes del volc\u00e1n de Cumbre Vieja. Antes de la erupci\u00f3n, la asistencia de urgencia a estas zonas se prestaba por las ambulancias del SUC, ubicadas en Los Llanos de Aridane y El Paso.<\/p>\n<p style=\"text-align: justify;\">Este nuevo recurso del SUC asistir\u00e1 tanto a la poblaci\u00f3n residente, como a la evacuada de sus domicilios, que est\u00e1 alojada temporalmente en el Hotel Tenegu\u00eda Princess, adem\u00e1s de atender en caso necesario a los trabajadores que operan en la zona para la limpieza de v\u00edas y tejados, as\u00ed como en el acompa\u00f1amiento para la recogida de enseres en zonas de exclusi\u00f3n, entre otras tareas.<\/p>\n<p style=\"text-align: justify;\">\u00a0<\/p>\n<p style=\"text-align: justify;\">\u00a0<\/p>\n<p style=\"text-align: justify;\">\u00a0<\/p>\n<div class=\"pvc_clear\"><\/div>\n<p id=\"pvc_stats_3600\" class=\"pvc_stats all  \" data-element-id=\"3600\" style=\"\"><i class=\"pvc-stats-icon medium\" aria-hidden=\"true\"><svg aria-hidden=\"true\" focusable=\"false\" data-prefix=\"far\" data-icon=\"chart-bar\" role=\"img\" xmlns=\"http:\/\/www.w3.org\/2000\/svg\" viewBox=\"0 0 512 512\" class=\"svg-inline--fa fa-chart-bar fa-w-16 fa-2x\"><path fill=\"currentColor\" d=\"M396.8 352h22.4c6.4 0 12.8-6.4 12.8-12.8V108.8c0-6.4-6.4-12.8-12.8-12.8h-22.4c-6.4 0-12.8 6.4-12.8 12.8v230.4c0 6.4 6.4 12.8 12.8 12.8zm-192 0h22.4c6.4 0 12.8-6.4 12.8-12.8V140.8c0-6.4-6.4-12.8-12.8-12.8h-22.4c-6.4 0-12.8 6.4-12.8 12.8v198.4c0 6.4 6.4 12.8 12.8 12.8zm96 0h22.4c6.4 0 12.8-6.4 12.8-12.8V204.8c0-6.4-6.4-12.8-12.8-12.8h-22.4c-6.4 0-12.8 6.4-12.8 12.8v134.4c0 6.4 6.4 12.8 12.8 12.8zM496 400H48V80c0-8.84-7.16-16-16-16H16C7.16 64 0 71.16 0 80v336c0 17.67 14.33 32 32 32h464c8.84 0 16-7.16 16-16v-16c0-8.84-7.16-16-16-16zm-387.2-48h22.4c6.4 0 12.8-6.4 12.8-12.8v-70.4c0-6.4-6.4-12.8-12.8-12.8h-22.4c-6.4 0-12.8 6.4-12.8 12.8v70.4c0 6.4 6.4 12.8 12.8 12.8z\" class=\"\"><\/path><\/svg><\/i> <\/p>\n<div class=\"pvc_clear\"><\/div>\n<div class=\"print\"><span class=\"page_title\">P\u00e1gina: <span>El Servicio de Urgencias Canario (SUC) habilita a partir de ma\u00f1ana martes una nueva ambulancia en Fuencaliente<\/span><\/span>\n\t\t\t\t\t\t\t\t\t\t\t<span class=\"page_title\">Fecha de impresi\u00f3n: <span>02\/05\/2026 - 06:57:35 UTC<\/span><\/span>\n\t\t\t\t\t\t\t\t\t\t\t<span class=\"stmp_trans_date\">\u00daltima actualizaci\u00f3n: <span>25\/10\/2021 - 14:08:04<\/span><\/span>\n\t\t\t\t\t\t\t\t\t\t\t<span class=\"stmp_trans_date\">Fecha publicaci\u00f3n: <span>25\/10\/2021 - 14:08:04<\/span><\/span>\n\t\t\t\t\t\t\t\t\t\t\t<span class=\"stmp_trans_date\">Fecha creaci\u00f3n: <span>25\/10\/2021 - 14:08:04<\/span><\/span><\/div>\n\t","protected":false},"excerpt":{"rendered":"<p>La medida, puesta en marcha en coordinaci\u00f3n con el \u00c1rea de Salud de La Palma, acorta los tiempos de respuesta y garantizar la asistencia sanitaria a la poblaci\u00f3n desplazada y a n\u00facleos afectados por los cortes de carreteras El Servicio de Urgencias Canario (SUC), en&#8230;<\/p>\n<div class=\"pvc_clear\"><\/div>\n<p id=\"pvc_stats_3600\" class=\"pvc_stats all  \" data-element-id=\"3600\" style=\"\"><i class=\"pvc-stats-icon medium\" aria-hidden=\"true\"><svg aria-hidden=\"true\" focusable=\"false\" data-prefix=\"far\" data-icon=\"chart-bar\" role=\"img\" xmlns=\"http:\/\/www.w3.org\/2000\/svg\" viewBox=\"0 0 512 512\" class=\"svg-inline--fa fa-chart-bar fa-w-16 fa-2x\"><path fill=\"currentColor\" d=\"M396.8 352h22.4c6.4 0 12.8-6.4 12.8-12.8V108.8c0-6.4-6.4-12.8-12.8-12.8h-22.4c-6.4 0-12.8 6.4-12.8 12.8v230.4c0 6.4 6.4 12.8 12.8 12.8zm-192 0h22.4c6.4 0 12.8-6.4 12.8-12.8V140.8c0-6.4-6.4-12.8-12.8-12.8h-22.4c-6.4 0-12.8 6.4-12.8 12.8v198.4c0 6.4 6.4 12.8 12.8 12.8zm96 0h22.4c6.4 0 12.8-6.4 12.8-12.8V204.8c0-6.4-6.4-12.8-12.8-12.8h-22.4c-6.4 0-12.8 6.4-12.8 12.8v134.4c0 6.4 6.4 12.8 12.8 12.8zM496 400H48V80c0-8.84-7.16-16-16-16H16C7.16 64 0 71.16 0 80v336c0 17.67 14.33 32 32 32h464c8.84 0 16-7.16 16-16v-16c0-8.84-7.16-16-16-16zm-387.2-48h22.4c6.4 0 12.8-6.4 12.8-12.8v-70.4c0-6.4-6.4-12.8-12.8-12.8h-22.4c-6.4 0-12.8 6.4-12.8 12.8v70.4c0 6.4 6.4 12.8 12.8 12.8z\" class=\"\"><\/path><\/svg><\/i> <img loading=\"lazy\" decoding=\"async\" width=\"16\" height=\"16\" alt=\"Loading\" src=\"https:\/\/www.gsccanarias.com\/gsc\/wp-content\/plugins\/page-views-count\/ajax-loader-2x.gif\" border=0 \/><\/p>\n<div class=\"pvc_clear\"><\/div>\n","protected":false},"author":1,"featured_media":3599,"comment_status":"open","ping_status":"open","sticky":false,"template":"","format":"standard","meta":{"footnotes":""},"categories":[36],"tags":[],"class_list":["post-3600","post","type-post","status-publish","format-standard","has-post-thumbnail","hentry","category-ultimas-noticias"],"a3_pvc":{"activated":true,"total_views":134,"today_views":0},"yoast_head":"<!-- This site is optimized with the Yoast SEO plugin v27.5 - https:\/\/yoast.com\/product\/yoast-seo-wordpress\/ -->\n<title>El Servicio de Urgencias Canario (SUC) habilita a partir de ma\u00f1ana martes una nueva ambulancia en Fuencaliente - GSC<\/title>\n<meta name=\"robots\" content=\"index, follow, max-snippet:-1, max-image-preview:large, max-video-preview:-1\" \/>\n<link rel=\"canonical\" href=\"https:\/\/www.gsccanarias.com\/gsc\/el-servicio-de-urgencias-canario-suc-habilita-a-partir-de-manana-martes-una-nueva-ambulancia-en-fuencaliente\/\" \/>\n<meta property=\"og:locale\" content=\"es_ES\" \/>\n<meta property=\"og:type\" content=\"article\" \/>\n<meta property=\"og:title\" content=\"El Servicio de Urgencias Canario (SUC) habilita a partir de ma\u00f1ana martes una nueva ambulancia en Fuencaliente - GSC\" \/>\n<meta property=\"og:description\" content=\"La medida, puesta en marcha en coordinaci\u00f3n con el \u00c1rea de Salud de La Palma, acorta los tiempos de respuesta y garantizar la asistencia sanitaria a la poblaci\u00f3n desplazada y a n\u00facleos afectados por los cortes de carreteras El Servicio de Urgencias Canario (SUC), en...\" \/>\n<meta property=\"og:url\" content=\"https:\/\/www.gsccanarias.com\/gsc\/el-servicio-de-urgencias-canario-suc-habilita-a-partir-de-manana-martes-una-nueva-ambulancia-en-fuencaliente\/\" \/>\n<meta property=\"og:site_name\" content=\"GSC\" \/>\n<meta property=\"article:published_time\" content=\"2021-10-25T14:08:04+00:00\" \/>\n<meta property=\"og:image\" content=\"https:\/\/www.gsccanarias.com\/gsc\/wp-content\/uploads\/2021\/10\/Ambulancia_del_Servicio_de_Urgencias_Canario_2_reducida-scaled.jpg\" \/>\n\t<meta property=\"og:image:width\" content=\"2560\" \/>\n\t<meta property=\"og:image:height\" content=\"1707\" \/>\n\t<meta property=\"og:image:type\" content=\"image\/jpeg\" \/>\n<meta name=\"author\" content=\"userad112\" \/>\n<meta name=\"twitter:card\" content=\"summary_large_image\" \/>\n<meta name=\"twitter:label1\" content=\"Escrito por\" \/>\n\t<meta name=\"twitter:data1\" content=\"userad112\" \/>\n\t<meta name=\"twitter:label2\" content=\"Tiempo de lectura\" \/>\n\t<meta name=\"twitter:data2\" content=\"2 minutos\" \/>\n<script type=\"application\/ld+json\" class=\"yoast-schema-graph\">{\"@context\":\"https:\\\/\\\/schema.org\",\"@graph\":[{\"@type\":\"Article\",\"@id\":\"https:\\\/\\\/www.gsccanarias.com\\\/gsc\\\/el-servicio-de-urgencias-canario-suc-habilita-a-partir-de-manana-martes-una-nueva-ambulancia-en-fuencaliente\\\/#article\",\"isPartOf\":{\"@id\":\"https:\\\/\\\/www.gsccanarias.com\\\/gsc\\\/el-servicio-de-urgencias-canario-suc-habilita-a-partir-de-manana-martes-una-nueva-ambulancia-en-fuencaliente\\\/\"},\"author\":{\"name\":\"userad112\",\"@id\":\"https:\\\/\\\/www.gsccanarias.com\\\/gsc\\\/#\\\/schema\\\/person\\\/591ed0ce1757a7168579ec75f6e7f340\"},\"headline\":\"El Servicio de Urgencias Canario (SUC) habilita a partir de ma\u00f1ana martes una nueva ambulancia en Fuencaliente\",\"datePublished\":\"2021-10-25T14:08:04+00:00\",\"mainEntityOfPage\":{\"@id\":\"https:\\\/\\\/www.gsccanarias.com\\\/gsc\\\/el-servicio-de-urgencias-canario-suc-habilita-a-partir-de-manana-martes-una-nueva-ambulancia-en-fuencaliente\\\/\"},\"wordCount\":351,\"commentCount\":0,\"image\":{\"@id\":\"https:\\\/\\\/www.gsccanarias.com\\\/gsc\\\/el-servicio-de-urgencias-canario-suc-habilita-a-partir-de-manana-martes-una-nueva-ambulancia-en-fuencaliente\\\/#primaryimage\"},\"thumbnailUrl\":\"https:\\\/\\\/www.gsccanarias.com\\\/gsc\\\/wp-content\\\/uploads\\\/2021\\\/10\\\/Ambulancia_del_Servicio_de_Urgencias_Canario_2_reducida-scaled.jpg\",\"articleSection\":[\"\u00daltimas noticias\"],\"inLanguage\":\"es\",\"potentialAction\":[{\"@type\":\"CommentAction\",\"name\":\"Comment\",\"target\":[\"https:\\\/\\\/www.gsccanarias.com\\\/gsc\\\/el-servicio-de-urgencias-canario-suc-habilita-a-partir-de-manana-martes-una-nueva-ambulancia-en-fuencaliente\\\/#respond\"]}]},{\"@type\":\"WebPage\",\"@id\":\"https:\\\/\\\/www.gsccanarias.com\\\/gsc\\\/el-servicio-de-urgencias-canario-suc-habilita-a-partir-de-manana-martes-una-nueva-ambulancia-en-fuencaliente\\\/\",\"url\":\"https:\\\/\\\/www.gsccanarias.com\\\/gsc\\\/el-servicio-de-urgencias-canario-suc-habilita-a-partir-de-manana-martes-una-nueva-ambulancia-en-fuencaliente\\\/\",\"name\":\"El Servicio de Urgencias Canario (SUC) habilita a partir de ma\u00f1ana martes una nueva ambulancia en Fuencaliente - GSC\",\"isPartOf\":{\"@id\":\"https:\\\/\\\/www.gsccanarias.com\\\/gsc\\\/#website\"},\"primaryImageOfPage\":{\"@id\":\"https:\\\/\\\/www.gsccanarias.com\\\/gsc\\\/el-servicio-de-urgencias-canario-suc-habilita-a-partir-de-manana-martes-una-nueva-ambulancia-en-fuencaliente\\\/#primaryimage\"},\"image\":{\"@id\":\"https:\\\/\\\/www.gsccanarias.com\\\/gsc\\\/el-servicio-de-urgencias-canario-suc-habilita-a-partir-de-manana-martes-una-nueva-ambulancia-en-fuencaliente\\\/#primaryimage\"},\"thumbnailUrl\":\"https:\\\/\\\/www.gsccanarias.com\\\/gsc\\\/wp-content\\\/uploads\\\/2021\\\/10\\\/Ambulancia_del_Servicio_de_Urgencias_Canario_2_reducida-scaled.jpg\",\"datePublished\":\"2021-10-25T14:08:04+00:00\",\"author\":{\"@id\":\"https:\\\/\\\/www.gsccanarias.com\\\/gsc\\\/#\\\/schema\\\/person\\\/591ed0ce1757a7168579ec75f6e7f340\"},\"breadcrumb\":{\"@id\":\"https:\\\/\\\/www.gsccanarias.com\\\/gsc\\\/el-servicio-de-urgencias-canario-suc-habilita-a-partir-de-manana-martes-una-nueva-ambulancia-en-fuencaliente\\\/#breadcrumb\"},\"inLanguage\":\"es\",\"potentialAction\":[{\"@type\":\"ReadAction\",\"target\":[\"https:\\\/\\\/www.gsccanarias.com\\\/gsc\\\/el-servicio-de-urgencias-canario-suc-habilita-a-partir-de-manana-martes-una-nueva-ambulancia-en-fuencaliente\\\/\"]}]},{\"@type\":\"ImageObject\",\"inLanguage\":\"es\",\"@id\":\"https:\\\/\\\/www.gsccanarias.com\\\/gsc\\\/el-servicio-de-urgencias-canario-suc-habilita-a-partir-de-manana-martes-una-nueva-ambulancia-en-fuencaliente\\\/#primaryimage\",\"url\":\"https:\\\/\\\/www.gsccanarias.com\\\/gsc\\\/wp-content\\\/uploads\\\/2021\\\/10\\\/Ambulancia_del_Servicio_de_Urgencias_Canario_2_reducida-scaled.jpg\",\"contentUrl\":\"https:\\\/\\\/www.gsccanarias.com\\\/gsc\\\/wp-content\\\/uploads\\\/2021\\\/10\\\/Ambulancia_del_Servicio_de_Urgencias_Canario_2_reducida-scaled.jpg\",\"width\":2560,\"height\":1707},{\"@type\":\"BreadcrumbList\",\"@id\":\"https:\\\/\\\/www.gsccanarias.com\\\/gsc\\\/el-servicio-de-urgencias-canario-suc-habilita-a-partir-de-manana-martes-una-nueva-ambulancia-en-fuencaliente\\\/#breadcrumb\",\"itemListElement\":[{\"@type\":\"ListItem\",\"position\":1,\"name\":\"Portada\",\"item\":\"https:\\\/\\\/www.gsccanarias.com\\\/gsc\\\/\"},{\"@type\":\"ListItem\",\"position\":2,\"name\":\"El Servicio de Urgencias Canario (SUC) habilita a partir de ma\u00f1ana martes una nueva ambulancia en Fuencaliente\"}]},{\"@type\":\"WebSite\",\"@id\":\"https:\\\/\\\/www.gsccanarias.com\\\/gsc\\\/#website\",\"url\":\"https:\\\/\\\/www.gsccanarias.com\\\/gsc\\\/\",\"name\":\"GSC\",\"description\":\"Administramos servicios relacionados con la salud, las emergencias, la seguridad y el transporte sanitario\",\"potentialAction\":[{\"@type\":\"SearchAction\",\"target\":{\"@type\":\"EntryPoint\",\"urlTemplate\":\"https:\\\/\\\/www.gsccanarias.com\\\/gsc\\\/?s={search_term_string}\"},\"query-input\":{\"@type\":\"PropertyValueSpecification\",\"valueRequired\":true,\"valueName\":\"search_term_string\"}}],\"inLanguage\":\"es\"},{\"@type\":\"Person\",\"@id\":\"https:\\\/\\\/www.gsccanarias.com\\\/gsc\\\/#\\\/schema\\\/person\\\/591ed0ce1757a7168579ec75f6e7f340\",\"name\":\"userad112\",\"image\":{\"@type\":\"ImageObject\",\"inLanguage\":\"es\",\"@id\":\"https:\\\/\\\/secure.gravatar.com\\\/avatar\\\/6aab27730b29899b0a1a05aaa7b266b4fc1fce4dd26b427baeb73cffe474a916?s=96&d=mm&r=g\",\"url\":\"https:\\\/\\\/secure.gravatar.com\\\/avatar\\\/6aab27730b29899b0a1a05aaa7b266b4fc1fce4dd26b427baeb73cffe474a916?s=96&d=mm&r=g\",\"contentUrl\":\"https:\\\/\\\/secure.gravatar.com\\\/avatar\\\/6aab27730b29899b0a1a05aaa7b266b4fc1fce4dd26b427baeb73cffe474a916?s=96&d=mm&r=g\",\"caption\":\"userad112\"},\"sameAs\":[\"https:\\\/\\\/321brand.com\\\/112\"],\"url\":\"https:\\\/\\\/www.gsccanarias.com\\\/gsc\\\/author\\\/userad112\\\/\"}]}<\/script>\n<!-- \/ Yoast SEO plugin. -->","yoast_head_json":{"title":"El Servicio de Urgencias Canario (SUC) habilita a partir de ma\u00f1ana martes una nueva ambulancia en Fuencaliente - GSC","robots":{"index":"index","follow":"follow","max-snippet":"max-snippet:-1","max-image-preview":"max-image-preview:large","max-video-preview":"max-video-preview:-1"},"canonical":"https:\/\/www.gsccanarias.com\/gsc\/el-servicio-de-urgencias-canario-suc-habilita-a-partir-de-manana-martes-una-nueva-ambulancia-en-fuencaliente\/","og_locale":"es_ES","og_type":"article","og_title":"El Servicio de Urgencias Canario (SUC) habilita a partir de ma\u00f1ana martes una nueva ambulancia en Fuencaliente - GSC","og_description":"La medida, puesta en marcha en coordinaci\u00f3n con el \u00c1rea de Salud de La Palma, acorta los tiempos de respuesta y garantizar la asistencia sanitaria a la poblaci\u00f3n desplazada y a n\u00facleos afectados por los cortes de carreteras El Servicio de Urgencias Canario (SUC), en...","og_url":"https:\/\/www.gsccanarias.com\/gsc\/el-servicio-de-urgencias-canario-suc-habilita-a-partir-de-manana-martes-una-nueva-ambulancia-en-fuencaliente\/","og_site_name":"GSC","article_published_time":"2021-10-25T14:08:04+00:00","og_image":[{"width":2560,"height":1707,"url":"https:\/\/www.gsccanarias.com\/gsc\/wp-content\/uploads\/2021\/10\/Ambulancia_del_Servicio_de_Urgencias_Canario_2_reducida-scaled.jpg","type":"image\/jpeg"}],"author":"userad112","twitter_card":"summary_large_image","twitter_misc":{"Escrito por":"userad112","Tiempo de lectura":"2 minutos"},"schema":{"@context":"https:\/\/schema.org","@graph":[{"@type":"Article","@id":"https:\/\/www.gsccanarias.com\/gsc\/el-servicio-de-urgencias-canario-suc-habilita-a-partir-de-manana-martes-una-nueva-ambulancia-en-fuencaliente\/#article","isPartOf":{"@id":"https:\/\/www.gsccanarias.com\/gsc\/el-servicio-de-urgencias-canario-suc-habilita-a-partir-de-manana-martes-una-nueva-ambulancia-en-fuencaliente\/"},"author":{"name":"userad112","@id":"https:\/\/www.gsccanarias.com\/gsc\/#\/schema\/person\/591ed0ce1757a7168579ec75f6e7f340"},"headline":"El Servicio de Urgencias Canario (SUC) habilita a partir de ma\u00f1ana martes una nueva ambulancia en Fuencaliente","datePublished":"2021-10-25T14:08:04+00:00","mainEntityOfPage":{"@id":"https:\/\/www.gsccanarias.com\/gsc\/el-servicio-de-urgencias-canario-suc-habilita-a-partir-de-manana-martes-una-nueva-ambulancia-en-fuencaliente\/"},"wordCount":351,"commentCount":0,"image":{"@id":"https:\/\/www.gsccanarias.com\/gsc\/el-servicio-de-urgencias-canario-suc-habilita-a-partir-de-manana-martes-una-nueva-ambulancia-en-fuencaliente\/#primaryimage"},"thumbnailUrl":"https:\/\/www.gsccanarias.com\/gsc\/wp-content\/uploads\/2021\/10\/Ambulancia_del_Servicio_de_Urgencias_Canario_2_reducida-scaled.jpg","articleSection":["\u00daltimas noticias"],"inLanguage":"es","potentialAction":[{"@type":"CommentAction","name":"Comment","target":["https:\/\/www.gsccanarias.com\/gsc\/el-servicio-de-urgencias-canario-suc-habilita-a-partir-de-manana-martes-una-nueva-ambulancia-en-fuencaliente\/#respond"]}]},{"@type":"WebPage","@id":"https:\/\/www.gsccanarias.com\/gsc\/el-servicio-de-urgencias-canario-suc-habilita-a-partir-de-manana-martes-una-nueva-ambulancia-en-fuencaliente\/","url":"https:\/\/www.gsccanarias.com\/gsc\/el-servicio-de-urgencias-canario-suc-habilita-a-partir-de-manana-martes-una-nueva-ambulancia-en-fuencaliente\/","name":"El Servicio de Urgencias Canario (SUC) habilita a partir de ma\u00f1ana martes una nueva ambulancia en Fuencaliente - GSC","isPartOf":{"@id":"https:\/\/www.gsccanarias.com\/gsc\/#website"},"primaryImageOfPage":{"@id":"https:\/\/www.gsccanarias.com\/gsc\/el-servicio-de-urgencias-canario-suc-habilita-a-partir-de-manana-martes-una-nueva-ambulancia-en-fuencaliente\/#primaryimage"},"image":{"@id":"https:\/\/www.gsccanarias.com\/gsc\/el-servicio-de-urgencias-canario-suc-habilita-a-partir-de-manana-martes-una-nueva-ambulancia-en-fuencaliente\/#primaryimage"},"thumbnailUrl":"https:\/\/www.gsccanarias.com\/gsc\/wp-content\/uploads\/2021\/10\/Ambulancia_del_Servicio_de_Urgencias_Canario_2_reducida-scaled.jpg","datePublished":"2021-10-25T14:08:04+00:00","author":{"@id":"https:\/\/www.gsccanarias.com\/gsc\/#\/schema\/person\/591ed0ce1757a7168579ec75f6e7f340"},"breadcrumb":{"@id":"https:\/\/www.gsccanarias.com\/gsc\/el-servicio-de-urgencias-canario-suc-habilita-a-partir-de-manana-martes-una-nueva-ambulancia-en-fuencaliente\/#breadcrumb"},"inLanguage":"es","potentialAction":[{"@type":"ReadAction","target":["https:\/\/www.gsccanarias.com\/gsc\/el-servicio-de-urgencias-canario-suc-habilita-a-partir-de-manana-martes-una-nueva-ambulancia-en-fuencaliente\/"]}]},{"@type":"ImageObject","inLanguage":"es","@id":"https:\/\/www.gsccanarias.com\/gsc\/el-servicio-de-urgencias-canario-suc-habilita-a-partir-de-manana-martes-una-nueva-ambulancia-en-fuencaliente\/#primaryimage","url":"https:\/\/www.gsccanarias.com\/gsc\/wp-content\/uploads\/2021\/10\/Ambulancia_del_Servicio_de_Urgencias_Canario_2_reducida-scaled.jpg","contentUrl":"https:\/\/www.gsccanarias.com\/gsc\/wp-content\/uploads\/2021\/10\/Ambulancia_del_Servicio_de_Urgencias_Canario_2_reducida-scaled.jpg","width":2560,"height":1707},{"@type":"BreadcrumbList","@id":"https:\/\/www.gsccanarias.com\/gsc\/el-servicio-de-urgencias-canario-suc-habilita-a-partir-de-manana-martes-una-nueva-ambulancia-en-fuencaliente\/#breadcrumb","itemListElement":[{"@type":"ListItem","position":1,"name":"Portada","item":"https:\/\/www.gsccanarias.com\/gsc\/"},{"@type":"ListItem","position":2,"name":"El Servicio de Urgencias Canario (SUC) habilita a partir de ma\u00f1ana martes una nueva ambulancia en Fuencaliente"}]},{"@type":"WebSite","@id":"https:\/\/www.gsccanarias.com\/gsc\/#website","url":"https:\/\/www.gsccanarias.com\/gsc\/","name":"GSC","description":"Administramos servicios relacionados con la salud, las emergencias, la seguridad y el transporte sanitario","potentialAction":[{"@type":"SearchAction","target":{"@type":"EntryPoint","urlTemplate":"https:\/\/www.gsccanarias.com\/gsc\/?s={search_term_string}"},"query-input":{"@type":"PropertyValueSpecification","valueRequired":true,"valueName":"search_term_string"}}],"inLanguage":"es"},{"@type":"Person","@id":"https:\/\/www.gsccanarias.com\/gsc\/#\/schema\/person\/591ed0ce1757a7168579ec75f6e7f340","name":"userad112","image":{"@type":"ImageObject","inLanguage":"es","@id":"https:\/\/secure.gravatar.com\/avatar\/6aab27730b29899b0a1a05aaa7b266b4fc1fce4dd26b427baeb73cffe474a916?s=96&d=mm&r=g","url":"https:\/\/secure.gravatar.com\/avatar\/6aab27730b29899b0a1a05aaa7b266b4fc1fce4dd26b427baeb73cffe474a916?s=96&d=mm&r=g","contentUrl":"https:\/\/secure.gravatar.com\/avatar\/6aab27730b29899b0a1a05aaa7b266b4fc1fce4dd26b427baeb73cffe474a916?s=96&d=mm&r=g","caption":"userad112"},"sameAs":["https:\/\/321brand.com\/112"],"url":"https:\/\/www.gsccanarias.com\/gsc\/author\/userad112\/"}]}},"publishpress_future_workflow_manual_trigger":{"enabledWorkflows":[]},"_links":{"self":[{"href":"https:\/\/www.gsccanarias.com\/gsc\/wp-json\/wp\/v2\/posts\/3600","targetHints":{"allow":["GET"]}}],"collection":[{"href":"https:\/\/www.gsccanarias.com\/gsc\/wp-json\/wp\/v2\/posts"}],"about":[{"href":"https:\/\/www.gsccanarias.com\/gsc\/wp-json\/wp\/v2\/types\/post"}],"author":[{"embeddable":true,"href":"https:\/\/www.gsccanarias.com\/gsc\/wp-json\/wp\/v2\/users\/1"}],"replies":[{"embeddable":true,"href":"https:\/\/www.gsccanarias.com\/gsc\/wp-json\/wp\/v2\/comments?post=3600"}],"version-history":[{"count":0,"href":"https:\/\/www.gsccanarias.com\/gsc\/wp-json\/wp\/v2\/posts\/3600\/revisions"}],"wp:featuredmedia":[{"embeddable":true,"href":"https:\/\/www.gsccanarias.com\/gsc\/wp-json\/wp\/v2\/media\/3599"}],"wp:attachment":[{"href":"https:\/\/www.gsccanarias.com\/gsc\/wp-json\/wp\/v2\/media?parent=3600"}],"wp:term":[{"taxonomy":"category","embeddable":true,"href":"https:\/\/www.gsccanarias.com\/gsc\/wp-json\/wp\/v2\/categories?post=3600"},{"taxonomy":"post_tag","embeddable":true,"href":"https:\/\/www.gsccanarias.com\/gsc\/wp-json\/wp\/v2\/tags?post=3600"}],"curies":[{"name":"wp","href":"https:\/\/api.w.org\/{rel}","templated":true}]}}