{"id":3590,"date":"2021-10-22T17:34:53","date_gmt":"2021-10-22T17:34:53","guid":{"rendered":"https:\/\/www.gsccanarias.com\/gsc\/la-ministra-de-politica-territorial-participa-en-el-comite-director-del-pevolca-centrado-en-la-evolucion-de-la-colada-junto-a-la-laguna\/"},"modified":"2021-10-22T17:34:53","modified_gmt":"2021-10-22T17:34:53","slug":"la-ministra-de-politica-territorial-participa-en-el-comite-director-del-pevolca-centrado-en-la-evolucion-de-la-colada-junto-a-la-laguna","status":"publish","type":"post","link":"https:\/\/www.gsccanarias.com\/gsc\/la-ministra-de-politica-territorial-participa-en-el-comite-director-del-pevolca-centrado-en-la-evolucion-de-la-colada-junto-a-la-laguna\/","title":{"rendered":"La ministra de Pol\u00edtica Territorial participa en el Comit\u00e9 Director del PEVOLCA, centrado en la evoluci\u00f3n de la colada junto a La Laguna"},"content":{"rendered":"<p style=\"text-align: justify;\"><\/p>\n<p style=\"text-align: justify;\"><strong>Las coladas experimentan una aparente ralentizaci\u00f3n, lo que produce un crecimiento en altura y ensanchamiento de las mismas<\/strong><\/p>\n<p style=\"text-align: justify;\"><strong>La superficie afectada alcanza las 845 hect\u00e1reas tras a\u00f1adir 20,49 m\u00e1s respecto al anterior dato disponible<\/strong><\/p>\n<p style=\"text-align: justify;\"><strong>Hay un total de 415 personas albergadas en hoteles, <\/strong><strong>56 de las cuales se encuentran en Los Llanos de Aridane y 359 en Fuencaliente, y otras<\/strong><strong> 46 en centros sociosanitarios<\/strong><\/p>\n<p style=\"text-align: justify;\">La ministra de Pol\u00edtica Territorial y portavoz del Gobierno de Espa\u00f1a, Isabel Rodr\u00edguez, particip\u00f3 hoy en la reuni\u00f3n del Comit\u00e9 Director del Plan Especial de Protecci\u00f3n Civil y Atenci\u00f3n de Emergencias por Riesgo Volc\u00e1nico de Canarias (PEVOLCA) del Gobierno de Canarias, que dirige el consejero de Administraciones P\u00fablicas, Justicia y Seguridad, Julio P\u00e9rez. En dicho encuentro se actualiz\u00f3 la informaci\u00f3n del proceso eruptivo en base al informe del Comit\u00e9 Cient\u00edfico y los mapas del avance de las coladas, donde se monitoriza especialmente el rumbo de la m\u00e1s pr\u00f3xima a La Laguna, que presenta un gran aporte l\u00e1vico a pesar de que hasta este mediod\u00eda se ha ralentizado.<\/p>\n<p style=\"text-align: justify;\">La ministra de Pol\u00edtica Territorial destac\u00f3 el trabajo realizado por todos los servicios intervinientes en la emergencia, los cient\u00edficos y por el Comit\u00e9 Director del PEVOLCA cuyo principal objetivo ha sido, en todo momento, garantizar la seguridad de las personas. \u201cEse buen trabajo -insisti\u00f3- es lo que ha permitido que no haya da\u00f1os personales\u201d.<\/p>\n<p style=\"text-align: justify;\">Asimismo, Rodr\u00edguez puso en valor la unidad y coordinaci\u00f3n que existe entre las diferentes instituciones y resalt\u00f3 que esta debe continuar -afirm\u00f3- \u201chasta que recuperemos la normalidad tras lograr la reconstrucci\u00f3n de La Palma\u201d.\u00a0\u00a0<\/p>\n<p style=\"text-align: justify;\">El consejero Julio P\u00e9rez hizo un repaso cronol\u00f3gico de las acciones realizadas desde la activaci\u00f3n del Plan del Gobierno de Canarias el lunes 13 de septiembre. En este sentido, el responsable de la Consejer\u00eda de la que depende el Plan record\u00f3 que la primera semana fue decisiva para que el Comit\u00e9 Director, con el asesoramiento del Comit\u00e9 Cient\u00edfico, pudiera adelantarse a la emergencia, repasar los planes de evacuaci\u00f3n de la poblaci\u00f3n, establecer los puntos de reuni\u00f3n y los centros de acogida, tanto para las personas como los animales, adem\u00e1s de estudiar las respuestas que permitieran asegurar los servicios b\u00e1sicos y celebrar varias reuniones informativas en las localidades en las que se preve\u00edan que pudiera afectar la erupci\u00f3n. Todo ello bajo el Cabildo Insular de La Palma, al que en esa primera semana correspond\u00edan tales actividades de preparaci\u00f3n. Una vez comenz\u00f3 la erupci\u00f3n, el d\u00eda 19 de septiembre, se hizo cargo de la crisis el Gobierno de Canarias, aunque se ha mantenido entonces todas las colaboraciones.<\/p>\n<p style=\"text-align: justify;\">Por su parte, el director t\u00e9cnico del PEVOLCA, Miguel \u00c1ngel Morcuende, asegur\u00f3 que durante las \u00faltimas horas se ha producido una aparente ralentizaci\u00f3n del avance de las coladas, que presumiblemente es la causa de su crecimiento en altura y su ensanchamiento de las mismas.<\/p>\n<p style=\"text-align: justify;\">Morcuende se\u00f1al\u00f3 que el principal peligro se encuentra, en estos momentos, en la evoluci\u00f3n de la colada que afecta a La Laguna que, aunque al mediod\u00eda estaba muy parada, los registros de las c\u00e1maras t\u00e9rmicas que la analizan muestran que puede estar sufriendo una fuerte presi\u00f3n. Esta colada se sigue monitorizando especialmente a la espera del rumbo que definitivamente tome, de entre los cuales el m\u00e1s conveniente es el que se dirige al sur de la Monta\u00f1a de La Laguna.<\/p>\n<p style=\"text-align: justify;\">En estos momentos son 415 personas las albergadas en centros hoteleros. De ellas, 56 se encuentran en un hotel de Los Llanos de Aridane y 359 se hospedan en el hotel de Fuencaliente. Todas est\u00e1n siendo atendidas por Cruz Roja, en coordinaci\u00f3n con los servicios sociales municipales. Adem\u00e1s, hay 46 personas dependientes alojadas en centros sociosanitarios insulares.<\/p>\n<p style=\"text-align: justify;\">Carmen L\u00f3pez, responsable nacional de vigilancia volc\u00e1nica del Instituto Geogr\u00e1fico Nacional (IGN) que compareci\u00f3 hoy en la rueda de prensa posterior al Comit\u00e9 Director como portavoz del Comit\u00e9 Cient\u00edfico, inform\u00f3 de que la sismicidad se mantiene estable a niveles intermedios y has disminuido en los eventos a mayor profundidad aunque no descart\u00f3 que se sigan produciendo sismos sentidos por la poblaci\u00f3n.<\/p>\n<p style=\"text-align: justify;\">En cuanto a la deformaci\u00f3n, L\u00f3pez aclar\u00f3 que sigue mostrando una estabilidad en el entorno al centro eruptivo y una tendencia a la deflaci\u00f3n en las zonas m\u00e1s alejadas.<\/p>\n<p style=\"text-align: justify;\">Aunque la calidad del aire est\u00e1 mejorando debido a la elevaci\u00f3n de la capa de inversi\u00f3n t\u00e9rmica y a la evoluci\u00f3n de los vientos, el Director T\u00e9cnico del PEVOLCA record\u00f3 que las personas con problemas de salud y respiratorios deben utilizar mascarillas FFP2, aunque tambi\u00e9n es recomendable su uso, en general, para toda la poblaci\u00f3n.<\/p>\n<p style=\"text-align: justify;\"><strong>\u00a0<\/strong><\/p>\n<p style=\"text-align: justify;\"><strong>Infraestructuras afectadas<\/strong><\/p>\n<p style=\"text-align: justify;\">Con respecto a la superficie afectada por el proceso eruptivo es de 845,72 hect\u00e1reas, 20,49 hect\u00e1reas m\u00e1s que el dato hecho p\u00fablico ayer, y la anchura m\u00e1xima entre los puntos extremos de las coladas se mantiene en 2.900 metros, aproximadamente, aunque dentro de esta extensi\u00f3n existen zonas que no han sido afectadas por la lava.<\/p>\n<p style=\"text-align: justify;\">Las construcciones destruidas o da\u00f1adas, seg\u00fan los datos facilitados por el Catastro, ascienden a 1.280 edificaciones, de las cuales 1.030 son de uso residencial, 132 agr\u00edcola, 64 industrial, 30 de ocio y hosteler\u00eda, 11 de uso p\u00fablico y 14 de otros usos.<\/p>\n<p style=\"text-align: justify;\">La superficie de cultivos afectada alcanza en estos momentos las 258,23 hect\u00e1reas, de las que m\u00e1s del 56%, 144, 93 hect\u00e1reas, corresponden a cultivos de plataneras.<\/p>\n<p style=\"text-align: justify;\">El Comit\u00e9 Director analiz\u00f3 tambi\u00e9n el estado de los servicios b\u00e1sicos (electricidad, telefon\u00eda, escuelas y colegios) en los que no se han registrado incidentes relevantes, as\u00ed como las obras de las desaladoras port\u00e1tiles en Puerto Naos que avanzan a buen ritmo y que previsiblemente entrar\u00e1n en funcionamiento ma\u00f1ana s\u00e1bado si no existen contratiempos.<\/p>\n<p style=\"text-align: justify;\">Asimismo, se analizaron los trabajos que est\u00e1 realizando el Consejo Insular de Aguas para enviar agua por encima de la colada aprovechando la red contra incendios disponible y el dep\u00f3sito y estaci\u00f3n de bombeo de Las Cuevas para llegar hasta la zona de Jedey. All\u00ed se construir\u00e1 otro dep\u00f3sito que permitir\u00e1 llevar agua hasta la balsa de Cuatro Caminos.<\/p>\n<p style=\"text-align: justify;\">\u00a0<\/p>\n<p style=\"text-align: justify;\"><strong>Dictamen diario del Comit\u00e9 Cient\u00edfico<\/strong><\/p>\n<p style=\"text-align: justify;\">Previamente a la reuni\u00f3n del Comit\u00e9 Director del PEVOLCA se reuni\u00f3 el Comit\u00e9 Cient\u00edfico del Plan, como ya se ha dicho, con la presencia de la ministra de Ciencia, Diana Morant, en el que sus integrantes expusieron sus conclusiones sobre la evoluci\u00f3n del fen\u00f3meno eruptivo desde el d\u00eda de ayer. Este Comit\u00e9 Cient\u00edfico est\u00e1 coordinado por la Direcci\u00f3n General de Seguridad y Emergencias del Gobierno de Canarias y lo integran representantes del Instituto Geogr\u00e1fico Nacional (IGN), Consejo Superior de Investigaciones Cient\u00edficas (CSIC), Instituto Volcanol\u00f3gico de Canarias (Involcan), Instituto Geol\u00f3gico y Minero de Espa\u00f1a (IGME), Agencia Estatal de Meteorolog\u00eda (AEMET), Instituto Espa\u00f1ol de Oceanograf\u00eda (IEO), Universidad de La Laguna y Universidad de Las Palmas de Gran Canaria.<\/p>\n<p style=\"text-align: justify;\">Tales conclusiones fueron:<\/p>\n<p style=\"text-align: justify;\">La erupci\u00f3n fisural contin\u00faa mostrando mecanismo estromboliano (esto es, un mecanismo de car\u00e1cter mixto, con fases de explosividad que producen dep\u00f3sitos pirocl\u00e1sticos y fases efusivas que producen las coladas de lava, de forma simult\u00e1nea), ahora con predominio de la fase efusiva. En volcanolog\u00eda la magnitud de las erupciones volc\u00e1nicas se mide en la escala del \u00cdndice de Explosividad Volc\u00e1nica (VEI por sus siglas en ingl\u00e9s) con valores entre 0 y 8; en el caso de esta erupci\u00f3n el VEI estimado hasta ahora es 2.<\/p>\n<p style=\"text-align: justify;\">El flujo principal de las coladas de lava discurre por el flanco norte, bajando por la parte norte de las coladas previas, siguiendo trayectorias hacia el oeste y noroeste, dentro de la zona de exclusi\u00f3n actual. A la salida del centro de emisi\u00f3n, el flujo se concentra en un canal l\u00e1vico escalonado, que posteriormente se ramifica en canales y tubos volc\u00e1nicos. Siguen activos los centros de emisi\u00f3n del cono, con expulsi\u00f3n de piroclastos de manera intermitente y uno con emisi\u00f3n de lava, con menor explosividad y caudal respectivamente. Los frentes activos de las coladas de lava han disminuido su velocidad de avance, pero aumentando su espesor.<\/p>\n<p style=\"text-align: justify;\">No se descarta la aparici\u00f3n de nuevos centros de emisi\u00f3n en el entorno del cono principal, as\u00ed como otros observables superficiales (emisiones visibles de gas) dentro de la zona de exclusi\u00f3n.<\/p>\n<p style=\"text-align: justify;\">La morfolog\u00eda del cono cambia de manera reiterada por los sucesivos procesos de crecimiento y reconfiguraci\u00f3n. El proceso eruptivo puede mostrar episodios de incremento y disminuci\u00f3n de la actividad estromboliana, as\u00ed como pulsos con actividad freatomagm\u00e1tica.<\/p>\n<p style=\"text-align: justify;\">La altura de columna de cenizas y gases medida hoy, alcanza los 2800 m.<\/p>\n<p style=\"text-align: justify;\">Contin\u00faa el predominio del viento del norte a nordeste en la baja y media-baja troposfera (hasta unos 3000-5000 m) y se prev\u00e9 que gire a componente este con la altura. La nube de cenizas y SO2 est\u00e1 dispuesta hacia el sur-sureste del foco eruptivo y se espera que gire hacia el oeste durante la madrugada. Durante hoy existe una baja probabilidad de afecci\u00f3n a la operatividad aeron\u00e1utica y a partir de la madrugada el escenario ser\u00e1 favorable para la operatividad de los aeropuertos canarios. Las zonas m\u00e1s afectadas por la ca\u00edda de cenizas ser\u00edan las que se encuentran en las proximidades del foco eruptivo y hacia el sur y sureste. Hoy no se descarta llegada de ceniza fina a El Hierro, La Gomera y oeste de Tenerife. Probabilidad de lluvias d\u00e9biles en el norte y este de La Palma hoy, s\u00e1bado (las precipitaciones ser\u00e1n probables tambi\u00e9n en el interior y en vertiente oeste) y domingo.<\/p>\n<p style=\"text-align: justify;\">La sismicidad contin\u00faa localiz\u00e1ndose, principalmente, cercana a la sismicidad de los primeros d\u00edas, a profundidades entre 10 y 15 km. Esta sismicidad ha aumentado en su frecuencia. Se registran tambi\u00e9n terremotos situados a profundidades superiores a 20 km, que en las \u00faltimas horas siguen teniendo una elevada magnitud, aunque con menor frecuencia. Se mantienen los valores altos de la amplitud de la se\u00f1al de tremor, con pulsos de intensificaci\u00f3n. La magnitud m\u00e1xima observada ha sido 4.4 mbLg de un evento a 38 km de profundidad, con intensidad IV EMS. La sismicidad registrada a profundidades intermedias y profundas, se enmarca en el mismo proceso eruptivo actual. No se registra sismicidad superficial significativa. El nivel de sismicidad actual sigue indicando que es posible que se produzcan m\u00e1s sismos sentidos, pudiendo alcanzarse intensidades VI (EMS) y originar peque\u00f1os derrumbes en zonas de pendiente. Se incluye informaci\u00f3n relevante sobre este tema, en el apartado de Recomendaciones del informe.<\/p>\n<p style=\"text-align: justify;\">La deformaci\u00f3n muestra un patr\u00f3n de estabilidad en el entorno del centro eruptivo y una ligera deflaci\u00f3n regional de origen profundo detectada en las estaciones m\u00e1s alejadas del centro eruptivo.<\/p>\n<p style=\"text-align: justify;\">Durante el d\u00eda de ayer (21\/10), la emisi\u00f3n de di\u00f3xido de azufre (SO2) asociado al penacho volc\u00e1nico (emanaciones visibles de gases volc\u00e1nicos) contin\u00faa registrando valores altos y acordes al proceso eruptivo, alcanzando valores de 28745 toneladas diarias (valor subestimado). As\u00ed mismo, la emisi\u00f3n difusa de di\u00f3xido de carbono (CO2), asociada a los 220 km2 de la dorsal volc\u00e1nica de Cumbre Vieja (emanaciones no visibles de gases volc\u00e1nicos), contin\u00faa reflejando una tendencia descendente durante los \u00faltimos 9 d\u00edas y ha sido estimada en 633 toneladas diarias a fecha de 21\/10. La monitorizaci\u00f3n del flujo difuso de di\u00f3xido de carbono (CO2), en la estaci\u00f3n geoqu\u00edmica de Los Llanos (LP10) refleja una mayor fracci\u00f3n magm\u00e1tica-hidrotermal que la observada en la estaci\u00f3n geoqu\u00edmica de Fuencaliente (LP08). Todas estas observaciones geoqu\u00edmicas son coherentes con el actual proceso eruptivo.<\/p>\n<p style=\"text-align: justify;\">Respecto a la calidad del aire, en lo relativo al di\u00f3xido de azufre (SO2), durante el d\u00eda de ayer y la ma\u00f1ana de hoy se han registrado valores bajos en el conjunto de estaciones de la isla, alejados del umbral horario (establecido en 350 \u00b5g\/m\u00b3).<\/p>\n<p style=\"text-align: justify;\">Con respecto a las part\u00edculas menores de 10 micras (PM10), ayer se observaron de forma general unas concentraciones inferiores a d\u00edas anteriores, pero cercanas al umbral diario (establecido en 50 \u00b5g\/m\u00b3). En la estaci\u00f3n de El Pilar (Santa Cruz de La Palma) se registraron altas concentraciones de PM10, con un m\u00e1ximo en promedio horario de 260 \u00b5g\/m\u00b3 a las 15:00. Se super\u00f3 el umbral diario en las estaciones de El Pilar y Los Llanos.<\/p>\n<p style=\"text-align: justify;\">\u00a0<\/p>\n<p style=\"text-align: justify;\"><strong>OBLIGACIONES Y RECOMENDACIONES <\/strong><\/p>\n<p style=\"text-align: justify;\">PENACHO MARINO:<\/p>\n<ul style=\"text-align: justify;\">\n<li>Se sugiere prestar mucha atenci\u00f3n al pron\u00f3stico del viento para la monitorizaci\u00f3n de los posibles cambios de direcci\u00f3n del penacho y actuar en consecuencia, especialmente aquellas personas con el sistema respiratorio debilitado (por ejemplo, asm\u00e1ticos) ya que son m\u00e1s vulnerables a concentraciones m\u00e1s bajas.<\/li>\n<li>Tambi\u00e9n se recomienda el lavado de los ojos despu\u00e9s de cualquier exposici\u00f3n, ya que los s\u00edntomas, a menudo, no se perciben hasta m\u00e1s tarde.<\/li>\n<li>Estos penachos marinos se pueden percibir hasta varios kil\u00f3metros de distancia de la fuente, aunque m\u00e1s diluidos. En el caso de que el penacho marino llegue a n\u00facleos poblacionales, se recomienda permanecer en el interior de las viviendas siempre que sea posible y cerrar todas las puertas y ventanas.<\/li>\n<li>Para la seguridad de la navegaci\u00f3n de embarcaciones cient\u00edficas que realizan labores cient\u00edficas en esta \u00e1rea, se recomienda mantener una distancia de al menos 500 m para las zonas activas de los deltas de lava (con aporte de lava y manifestaciones visibles), reduciendo dicha distancia a 200 m para las zonas m\u00e1s estables. La navegaci\u00f3n con fines cient\u00edficos para la gesti\u00f3n de la emergencia, se puede realizar a distancias menores, bajo la responsabilidad del armador y el capit\u00e1n o patr\u00f3n de la embarcaci\u00f3n, siempre y cuando se cuente con el visto bueno de la Direcci\u00f3n T\u00e9cnica de PEVOLCA y Capitan\u00eda Mar\u00edtima.<\/li>\n<\/ul>\n<p style=\"text-align: justify;\">\u00a0<\/p>\n<p style=\"text-align: justify;\">COLADAS L\u00c1VICAS:<\/p>\n<ul style=\"text-align: justify;\">\n<li>Tambi\u00e9n se recomienda no aproximarse a las coladas de lava por el riesgo de exponerse a los gases emitidos, posibles desprendimientos y las altas temperaturas. \u00b7 Ante los grandes espesores de colada de lava observados en algunos puntos, se pueden producir colapsos de su frente que, en zonas de mayor pendiente, pueden conllevar la formaci\u00f3n de grandes fragmentos de colada, que pueden desprenderse del frente de la colada y que de forma repentina alcanzando distancias de varios metros desde el frente de colada, dependiendo de la topograf\u00eda. Tambi\u00e9n en zonas de gran pendiente, se puede producir peque\u00f1os flujos pirocl\u00e1sticos.<\/li>\n<\/ul>\n<p style=\"text-align: justify;\">\u00a0<\/p>\n<p style=\"text-align: justify;\">CAIDA DE PIROCLASTOS:<\/p>\n<ul style=\"text-align: justify;\">\n<li>Se recuerda que est\u00e1 establecido un radio de exclusi\u00f3n de 2.5 km en torno a los centros de emisi\u00f3n para minimizar el riesgo de impacto de piroclastos y la exposici\u00f3n a los gases.<\/li>\n<li>En caso de intensificaci\u00f3n de la actividad explosiva es posible que algunas detonaciones violentas puedan producir rotura del vidrio de las ventanas. Se recomienda alejarse de las ventanas hasta un radio de 5 km desde el cono.<\/li>\n<li>En las zonas afectadas por una intensa ca\u00edda de cenizas (que se observe una clara deposici\u00f3n sobre el suelo) y m\u00e1s a\u00fan si se observa bruma, se recomienda mantenerse en espacios interiores. Al aire libre, se recomienda as\u00ed mismo el uso de mascarillas FFP2 y de sistemas de protecci\u00f3n de ojos.<\/li>\n<li>Ante la llegada de cenizas a otras islas, se recomienda en las afectadas, el uso de mascarillas quir\u00fargicas. Se recomienda la limpieza de azoteas en las que se acumulen espesores de cenizas de varios cent\u00edmetros. Se insiste en que se sigan de manera precisa el procedimiento de retirada de cenizas de azoteas y suelo indicado por Protecci\u00f3n Civil (humedecer ceniza, protecci\u00f3n de ojos, llevar mascarilla, proteger la piel, v\u00e9ase documentaci\u00f3n anexa). Para la retirada, se deben usar mascarillas FFP2, guantes, humedecer ligeramente para su barrido y evitando el uso de sopladores, salvo para la limpieza de las instalaciones aeroportuaria por personal especializado con sus EPIs correspondientes. El uso de los sopladores aumenta la re-suspensi\u00f3n de las part\u00edculas m\u00e1s perjudiciales para la salud.<\/li>\n<\/ul>\n<p style=\"text-align: justify;\">\u00a0<\/p>\n<p style=\"text-align: justify;\">Para la seguridad de cient\u00edficos en tierra dentro de la zona de exclusi\u00f3n se recomienda mantener una distancia de al menos 1000 m respecto al centro principal de emisi\u00f3n. La aproximaci\u00f3n a distancias menores puede realizarse, con fines de observaci\u00f3n cient\u00edfica para la gesti\u00f3n de la emergencia, con el visto bueno de la Direcci\u00f3n T\u00e9cnica de PEVOLCA.<\/p>\n<p style=\"text-align: justify;\">Desde el centro emisor actual en el sector sur, a distancias menores de 3 km y dentro de la zona de exclusi\u00f3n, se ha de extremar la atenci\u00f3n a cualquier fen\u00f3meno observable, minimizando la exposici\u00f3n.<\/p>\n<p style=\"text-align: justify;\">\u00a0<\/p>\n<p style=\"text-align: justify;\">MOVIMIENTOS S\u00cdSMICOS:<\/p>\n<p style=\"text-align: justify;\">&#8211; El comit\u00e9 cient\u00edfico del PEVOLCA realiza un seguimiento continuo de la actividad volc\u00e1nica.<\/p>\n<p style=\"text-align: justify;\">&#8211; Tanto en casa, como en el centro de trabajo, toma medidas preventivas: refuerza las estanter\u00edas, fija l\u00e1mparas y retira objetos grandes del mobiliario.<\/p>\n<p style=\"text-align: justify;\">\u00a0<\/p>\n<p style=\"text-align: justify;\"><u>En el exterior<\/u>:<\/p>\n<p style=\"text-align: justify;\">Si te encuentras en el exterior y se registra un sismo, busca un lugar abierto y al\u00e9jate de estructuras que puedan caer a la v\u00eda y de las zonas con riesgo de derrumbe. Por tu seguridad, recuerda estos consejos de autoprotecci\u00f3n:<\/p>\n<p style=\"text-align: justify;\">&#8211; Dir\u00edgete a espacios abiertos.<\/p>\n<p style=\"text-align: justify;\">&#8211; Al\u00e9jate de edificios, balcones, sem\u00e1foros, farolas, tendidos el\u00e9ctricos o \u00e1rboles.<\/p>\n<p style=\"text-align: justify;\">&#8211; No te acerques a zonas con peligro de desprendimientos.<\/p>\n<p style=\"text-align: justify;\">&#8211; Sigue las recomendaciones de las autoridades e inf\u00f3rmate por canales oficiales y medios de comunicaci\u00f3n.<\/p>\n<p style=\"text-align: justify;\">&#8211; Si te encuentras en un veh\u00edculo, disminuye la velocidad y para el motor cuando sea posible, lejos de edificaciones y zonas escarpadas. Pon los indicadores de emergencia y permanece en el veh\u00edculo hasta que finalice el terremoto.<\/p>\n<p style=\"text-align: justify;\">\u00a0<\/p>\n<p style=\"text-align: justify;\"><u>En el interior<\/u>:<\/p>\n<p style=\"text-align: justify;\">Si te sorprende un temblor en el interior de tu vivienda, mant\u00e9n la calma y sigue estos consejos de autoprotecci\u00f3n:<\/p>\n<p style=\"text-align: justify;\">&#8211; Mientras dure el temblor, no salgas al exterior.<\/p>\n<p style=\"text-align: justify;\">&#8211; Prot\u00e9gete bajo el marco de una puerta o de alg\u00fan mueble s\u00f3lido, como una mesa. &#8211; No te sit\u00faes cerca de ventanas.<\/p>\n<p style=\"text-align: justify;\">&#8211; Si tienes que abandonar tu casa, desconecta agua, luz y gas.<\/p>\n<p style=\"text-align: justify;\">&#8211; En caso de evacuaci\u00f3n, baja por las escaleras y no utilices el ascensor.<\/p>\n<p style=\"text-align: justify;\">&#8211; Sigue las recomendaciones de las autoridades e inf\u00f3rmate por canales oficiales y medios de comunicaci\u00f3n.<\/p>\n<p style=\"text-align: justify;\">\u00a0<\/p>\n<p style=\"text-align: justify;\">Se recomienda a la poblaci\u00f3n en la isla de La Palma el uso de mascarillas FFP2 al aire libre.<\/p>\n<p style=\"text-align: justify;\">Sigue siendo imperativo el respeto de las zonas de exclusi\u00f3n terrestre y mar\u00edtima, para mantener la integridad f\u00edsica de las personas. Se ha reforzado el seguimiento continuo de la actividad y se comunicar\u00e1 cualquier cambio significativo que se observe.<\/p>\n<p style=\"text-align: justify;\">Mant\u00e9nganse atentos a la informaci\u00f3n que proporcionen las correspondientes autoridades de Protecci\u00f3n Civil\u201d.<\/p>\n<div class=\"pvc_clear\"><\/div>\n<p id=\"pvc_stats_3590\" class=\"pvc_stats all  \" data-element-id=\"3590\" style=\"\"><i class=\"pvc-stats-icon medium\" aria-hidden=\"true\"><svg aria-hidden=\"true\" focusable=\"false\" data-prefix=\"far\" data-icon=\"chart-bar\" role=\"img\" xmlns=\"http:\/\/www.w3.org\/2000\/svg\" viewBox=\"0 0 512 512\" class=\"svg-inline--fa fa-chart-bar fa-w-16 fa-2x\"><path fill=\"currentColor\" d=\"M396.8 352h22.4c6.4 0 12.8-6.4 12.8-12.8V108.8c0-6.4-6.4-12.8-12.8-12.8h-22.4c-6.4 0-12.8 6.4-12.8 12.8v230.4c0 6.4 6.4 12.8 12.8 12.8zm-192 0h22.4c6.4 0 12.8-6.4 12.8-12.8V140.8c0-6.4-6.4-12.8-12.8-12.8h-22.4c-6.4 0-12.8 6.4-12.8 12.8v198.4c0 6.4 6.4 12.8 12.8 12.8zm96 0h22.4c6.4 0 12.8-6.4 12.8-12.8V204.8c0-6.4-6.4-12.8-12.8-12.8h-22.4c-6.4 0-12.8 6.4-12.8 12.8v134.4c0 6.4 6.4 12.8 12.8 12.8zM496 400H48V80c0-8.84-7.16-16-16-16H16C7.16 64 0 71.16 0 80v336c0 17.67 14.33 32 32 32h464c8.84 0 16-7.16 16-16v-16c0-8.84-7.16-16-16-16zm-387.2-48h22.4c6.4 0 12.8-6.4 12.8-12.8v-70.4c0-6.4-6.4-12.8-12.8-12.8h-22.4c-6.4 0-12.8 6.4-12.8 12.8v70.4c0 6.4 6.4 12.8 12.8 12.8z\" class=\"\"><\/path><\/svg><\/i> <\/p>\n<div class=\"pvc_clear\"><\/div>\n<div class=\"print\"><span class=\"page_title\">P\u00e1gina: <span>La ministra de Pol\u00edtica Territorial participa en el Comit\u00e9 Director del PEVOLCA, centrado en la evoluci\u00f3n de la colada junto a La Laguna<\/span><\/span>\n\t\t\t\t\t\t\t\t\t\t\t<span class=\"page_title\">Fecha de impresi\u00f3n: <span>02\/05\/2026 - 06:52:24 UTC<\/span><\/span>\n\t\t\t\t\t\t\t\t\t\t\t<span class=\"stmp_trans_date\">\u00daltima actualizaci\u00f3n: <span>22\/10\/2021 - 17:34:53<\/span><\/span>\n\t\t\t\t\t\t\t\t\t\t\t<span class=\"stmp_trans_date\">Fecha publicaci\u00f3n: <span>22\/10\/2021 - 17:34:53<\/span><\/span>\n\t\t\t\t\t\t\t\t\t\t\t<span class=\"stmp_trans_date\">Fecha creaci\u00f3n: <span>22\/10\/2021 - 17:34:53<\/span><\/span><\/div>\n\t","protected":false},"excerpt":{"rendered":"<p>Las coladas experimentan una aparente ralentizaci\u00f3n, lo que produce un crecimiento en altura y ensanchamiento de las mismas La superficie afectada alcanza las 845 hect\u00e1reas tras a\u00f1adir 20,49 m\u00e1s respecto al anterior dato disponible Hay un total de 415 personas albergadas en hoteles, 56 de&#8230;<\/p>\n<div class=\"pvc_clear\"><\/div>\n<p id=\"pvc_stats_3590\" class=\"pvc_stats all  \" data-element-id=\"3590\" style=\"\"><i class=\"pvc-stats-icon medium\" aria-hidden=\"true\"><svg aria-hidden=\"true\" focusable=\"false\" data-prefix=\"far\" data-icon=\"chart-bar\" role=\"img\" xmlns=\"http:\/\/www.w3.org\/2000\/svg\" viewBox=\"0 0 512 512\" class=\"svg-inline--fa fa-chart-bar fa-w-16 fa-2x\"><path fill=\"currentColor\" d=\"M396.8 352h22.4c6.4 0 12.8-6.4 12.8-12.8V108.8c0-6.4-6.4-12.8-12.8-12.8h-22.4c-6.4 0-12.8 6.4-12.8 12.8v230.4c0 6.4 6.4 12.8 12.8 12.8zm-192 0h22.4c6.4 0 12.8-6.4 12.8-12.8V140.8c0-6.4-6.4-12.8-12.8-12.8h-22.4c-6.4 0-12.8 6.4-12.8 12.8v198.4c0 6.4 6.4 12.8 12.8 12.8zm96 0h22.4c6.4 0 12.8-6.4 12.8-12.8V204.8c0-6.4-6.4-12.8-12.8-12.8h-22.4c-6.4 0-12.8 6.4-12.8 12.8v134.4c0 6.4 6.4 12.8 12.8 12.8zM496 400H48V80c0-8.84-7.16-16-16-16H16C7.16 64 0 71.16 0 80v336c0 17.67 14.33 32 32 32h464c8.84 0 16-7.16 16-16v-16c0-8.84-7.16-16-16-16zm-387.2-48h22.4c6.4 0 12.8-6.4 12.8-12.8v-70.4c0-6.4-6.4-12.8-12.8-12.8h-22.4c-6.4 0-12.8 6.4-12.8 12.8v70.4c0 6.4 6.4 12.8 12.8 12.8z\" class=\"\"><\/path><\/svg><\/i> <img loading=\"lazy\" decoding=\"async\" width=\"16\" height=\"16\" alt=\"Loading\" src=\"https:\/\/www.gsccanarias.com\/gsc\/wp-content\/plugins\/page-views-count\/ajax-loader-2x.gif\" border=0 \/><\/p>\n<div class=\"pvc_clear\"><\/div>\n","protected":false},"author":1,"featured_media":3589,"comment_status":"open","ping_status":"open","sticky":false,"template":"","format":"standard","meta":{"footnotes":""},"categories":[36],"tags":[],"class_list":["post-3590","post","type-post","status-publish","format-standard","has-post-thumbnail","hentry","category-ultimas-noticias"],"a3_pvc":{"activated":true,"total_views":81,"today_views":0},"yoast_head":"<!-- This site is optimized with the Yoast SEO plugin v27.5 - https:\/\/yoast.com\/product\/yoast-seo-wordpress\/ -->\n<title>La ministra de Pol\u00edtica Territorial participa en el Comit\u00e9 Director del PEVOLCA, centrado en la evoluci\u00f3n de la colada junto a La Laguna - GSC<\/title>\n<meta name=\"robots\" content=\"index, follow, max-snippet:-1, max-image-preview:large, max-video-preview:-1\" \/>\n<link rel=\"canonical\" href=\"https:\/\/www.gsccanarias.com\/gsc\/la-ministra-de-politica-territorial-participa-en-el-comite-director-del-pevolca-centrado-en-la-evolucion-de-la-colada-junto-a-la-laguna\/\" \/>\n<meta property=\"og:locale\" content=\"es_ES\" \/>\n<meta property=\"og:type\" content=\"article\" \/>\n<meta property=\"og:title\" content=\"La ministra de Pol\u00edtica Territorial participa en el Comit\u00e9 Director del PEVOLCA, centrado en la evoluci\u00f3n de la colada junto a La Laguna - GSC\" \/>\n<meta property=\"og:description\" content=\"Las coladas experimentan una aparente ralentizaci\u00f3n, lo que produce un crecimiento en altura y ensanchamiento de las mismas La superficie afectada alcanza las 845 hect\u00e1reas tras a\u00f1adir 20,49 m\u00e1s respecto al anterior dato disponible Hay un total de 415 personas albergadas en hoteles, 56 de...\" \/>\n<meta property=\"og:url\" content=\"https:\/\/www.gsccanarias.com\/gsc\/la-ministra-de-politica-territorial-participa-en-el-comite-director-del-pevolca-centrado-en-la-evolucion-de-la-colada-junto-a-la-laguna\/\" \/>\n<meta property=\"og:site_name\" content=\"GSC\" \/>\n<meta property=\"article:published_time\" content=\"2021-10-22T17:34:53+00:00\" \/>\n<meta property=\"og:image\" content=\"https:\/\/www.gsccanarias.com\/gsc\/wp-content\/uploads\/2021\/10\/221021_La_Ministra_de_Poltica_Territorial_y_Portavoz_del_Gobierno_en__Reunin_Comit_Director_PEVOLCA.jpg\" \/>\n\t<meta property=\"og:image:width\" content=\"1600\" \/>\n\t<meta property=\"og:image:height\" content=\"1063\" \/>\n\t<meta property=\"og:image:type\" content=\"image\/jpeg\" \/>\n<meta name=\"author\" content=\"userad112\" \/>\n<meta name=\"twitter:card\" content=\"summary_large_image\" \/>\n<meta name=\"twitter:label1\" content=\"Escrito por\" \/>\n\t<meta name=\"twitter:data1\" content=\"userad112\" \/>\n\t<meta name=\"twitter:label2\" content=\"Tiempo de lectura\" \/>\n\t<meta name=\"twitter:data2\" content=\"16 minutos\" \/>\n<script type=\"application\/ld+json\" class=\"yoast-schema-graph\">{\"@context\":\"https:\\\/\\\/schema.org\",\"@graph\":[{\"@type\":\"Article\",\"@id\":\"https:\\\/\\\/www.gsccanarias.com\\\/gsc\\\/la-ministra-de-politica-territorial-participa-en-el-comite-director-del-pevolca-centrado-en-la-evolucion-de-la-colada-junto-a-la-laguna\\\/#article\",\"isPartOf\":{\"@id\":\"https:\\\/\\\/www.gsccanarias.com\\\/gsc\\\/la-ministra-de-politica-territorial-participa-en-el-comite-director-del-pevolca-centrado-en-la-evolucion-de-la-colada-junto-a-la-laguna\\\/\"},\"author\":{\"name\":\"userad112\",\"@id\":\"https:\\\/\\\/www.gsccanarias.com\\\/gsc\\\/#\\\/schema\\\/person\\\/591ed0ce1757a7168579ec75f6e7f340\"},\"headline\":\"La ministra de Pol\u00edtica Territorial participa en el Comit\u00e9 Director del PEVOLCA, centrado en la evoluci\u00f3n de la colada junto a La Laguna\",\"datePublished\":\"2021-10-22T17:34:53+00:00\",\"mainEntityOfPage\":{\"@id\":\"https:\\\/\\\/www.gsccanarias.com\\\/gsc\\\/la-ministra-de-politica-territorial-participa-en-el-comite-director-del-pevolca-centrado-en-la-evolucion-de-la-colada-junto-a-la-laguna\\\/\"},\"wordCount\":3230,\"commentCount\":0,\"image\":{\"@id\":\"https:\\\/\\\/www.gsccanarias.com\\\/gsc\\\/la-ministra-de-politica-territorial-participa-en-el-comite-director-del-pevolca-centrado-en-la-evolucion-de-la-colada-junto-a-la-laguna\\\/#primaryimage\"},\"thumbnailUrl\":\"https:\\\/\\\/www.gsccanarias.com\\\/gsc\\\/wp-content\\\/uploads\\\/2021\\\/10\\\/221021_La_Ministra_de_Poltica_Territorial_y_Portavoz_del_Gobierno_en__Reunin_Comit_Director_PEVOLCA.jpg\",\"articleSection\":[\"\u00daltimas noticias\"],\"inLanguage\":\"es\",\"potentialAction\":[{\"@type\":\"CommentAction\",\"name\":\"Comment\",\"target\":[\"https:\\\/\\\/www.gsccanarias.com\\\/gsc\\\/la-ministra-de-politica-territorial-participa-en-el-comite-director-del-pevolca-centrado-en-la-evolucion-de-la-colada-junto-a-la-laguna\\\/#respond\"]}]},{\"@type\":\"WebPage\",\"@id\":\"https:\\\/\\\/www.gsccanarias.com\\\/gsc\\\/la-ministra-de-politica-territorial-participa-en-el-comite-director-del-pevolca-centrado-en-la-evolucion-de-la-colada-junto-a-la-laguna\\\/\",\"url\":\"https:\\\/\\\/www.gsccanarias.com\\\/gsc\\\/la-ministra-de-politica-territorial-participa-en-el-comite-director-del-pevolca-centrado-en-la-evolucion-de-la-colada-junto-a-la-laguna\\\/\",\"name\":\"La ministra de Pol\u00edtica Territorial participa en el Comit\u00e9 Director del PEVOLCA, centrado en la evoluci\u00f3n de la colada junto a La Laguna - GSC\",\"isPartOf\":{\"@id\":\"https:\\\/\\\/www.gsccanarias.com\\\/gsc\\\/#website\"},\"primaryImageOfPage\":{\"@id\":\"https:\\\/\\\/www.gsccanarias.com\\\/gsc\\\/la-ministra-de-politica-territorial-participa-en-el-comite-director-del-pevolca-centrado-en-la-evolucion-de-la-colada-junto-a-la-laguna\\\/#primaryimage\"},\"image\":{\"@id\":\"https:\\\/\\\/www.gsccanarias.com\\\/gsc\\\/la-ministra-de-politica-territorial-participa-en-el-comite-director-del-pevolca-centrado-en-la-evolucion-de-la-colada-junto-a-la-laguna\\\/#primaryimage\"},\"thumbnailUrl\":\"https:\\\/\\\/www.gsccanarias.com\\\/gsc\\\/wp-content\\\/uploads\\\/2021\\\/10\\\/221021_La_Ministra_de_Poltica_Territorial_y_Portavoz_del_Gobierno_en__Reunin_Comit_Director_PEVOLCA.jpg\",\"datePublished\":\"2021-10-22T17:34:53+00:00\",\"author\":{\"@id\":\"https:\\\/\\\/www.gsccanarias.com\\\/gsc\\\/#\\\/schema\\\/person\\\/591ed0ce1757a7168579ec75f6e7f340\"},\"breadcrumb\":{\"@id\":\"https:\\\/\\\/www.gsccanarias.com\\\/gsc\\\/la-ministra-de-politica-territorial-participa-en-el-comite-director-del-pevolca-centrado-en-la-evolucion-de-la-colada-junto-a-la-laguna\\\/#breadcrumb\"},\"inLanguage\":\"es\",\"potentialAction\":[{\"@type\":\"ReadAction\",\"target\":[\"https:\\\/\\\/www.gsccanarias.com\\\/gsc\\\/la-ministra-de-politica-territorial-participa-en-el-comite-director-del-pevolca-centrado-en-la-evolucion-de-la-colada-junto-a-la-laguna\\\/\"]}]},{\"@type\":\"ImageObject\",\"inLanguage\":\"es\",\"@id\":\"https:\\\/\\\/www.gsccanarias.com\\\/gsc\\\/la-ministra-de-politica-territorial-participa-en-el-comite-director-del-pevolca-centrado-en-la-evolucion-de-la-colada-junto-a-la-laguna\\\/#primaryimage\",\"url\":\"https:\\\/\\\/www.gsccanarias.com\\\/gsc\\\/wp-content\\\/uploads\\\/2021\\\/10\\\/221021_La_Ministra_de_Poltica_Territorial_y_Portavoz_del_Gobierno_en__Reunin_Comit_Director_PEVOLCA.jpg\",\"contentUrl\":\"https:\\\/\\\/www.gsccanarias.com\\\/gsc\\\/wp-content\\\/uploads\\\/2021\\\/10\\\/221021_La_Ministra_de_Poltica_Territorial_y_Portavoz_del_Gobierno_en__Reunin_Comit_Director_PEVOLCA.jpg\",\"width\":1600,\"height\":1063,\"caption\":\"221021_La_Ministra_de_Poltica_Territorial\"},{\"@type\":\"BreadcrumbList\",\"@id\":\"https:\\\/\\\/www.gsccanarias.com\\\/gsc\\\/la-ministra-de-politica-territorial-participa-en-el-comite-director-del-pevolca-centrado-en-la-evolucion-de-la-colada-junto-a-la-laguna\\\/#breadcrumb\",\"itemListElement\":[{\"@type\":\"ListItem\",\"position\":1,\"name\":\"Portada\",\"item\":\"https:\\\/\\\/www.gsccanarias.com\\\/gsc\\\/\"},{\"@type\":\"ListItem\",\"position\":2,\"name\":\"La ministra de Pol\u00edtica Territorial participa en el Comit\u00e9 Director del PEVOLCA, centrado en la evoluci\u00f3n de la colada junto a La Laguna\"}]},{\"@type\":\"WebSite\",\"@id\":\"https:\\\/\\\/www.gsccanarias.com\\\/gsc\\\/#website\",\"url\":\"https:\\\/\\\/www.gsccanarias.com\\\/gsc\\\/\",\"name\":\"GSC\",\"description\":\"Administramos servicios relacionados con la salud, las emergencias, la seguridad y el transporte sanitario\",\"potentialAction\":[{\"@type\":\"SearchAction\",\"target\":{\"@type\":\"EntryPoint\",\"urlTemplate\":\"https:\\\/\\\/www.gsccanarias.com\\\/gsc\\\/?s={search_term_string}\"},\"query-input\":{\"@type\":\"PropertyValueSpecification\",\"valueRequired\":true,\"valueName\":\"search_term_string\"}}],\"inLanguage\":\"es\"},{\"@type\":\"Person\",\"@id\":\"https:\\\/\\\/www.gsccanarias.com\\\/gsc\\\/#\\\/schema\\\/person\\\/591ed0ce1757a7168579ec75f6e7f340\",\"name\":\"userad112\",\"image\":{\"@type\":\"ImageObject\",\"inLanguage\":\"es\",\"@id\":\"https:\\\/\\\/secure.gravatar.com\\\/avatar\\\/6aab27730b29899b0a1a05aaa7b266b4fc1fce4dd26b427baeb73cffe474a916?s=96&d=mm&r=g\",\"url\":\"https:\\\/\\\/secure.gravatar.com\\\/avatar\\\/6aab27730b29899b0a1a05aaa7b266b4fc1fce4dd26b427baeb73cffe474a916?s=96&d=mm&r=g\",\"contentUrl\":\"https:\\\/\\\/secure.gravatar.com\\\/avatar\\\/6aab27730b29899b0a1a05aaa7b266b4fc1fce4dd26b427baeb73cffe474a916?s=96&d=mm&r=g\",\"caption\":\"userad112\"},\"sameAs\":[\"https:\\\/\\\/321brand.com\\\/112\"],\"url\":\"https:\\\/\\\/www.gsccanarias.com\\\/gsc\\\/author\\\/userad112\\\/\"}]}<\/script>\n<!-- \/ Yoast SEO plugin. -->","yoast_head_json":{"title":"La ministra de Pol\u00edtica Territorial participa en el Comit\u00e9 Director del PEVOLCA, centrado en la evoluci\u00f3n de la colada junto a La Laguna - GSC","robots":{"index":"index","follow":"follow","max-snippet":"max-snippet:-1","max-image-preview":"max-image-preview:large","max-video-preview":"max-video-preview:-1"},"canonical":"https:\/\/www.gsccanarias.com\/gsc\/la-ministra-de-politica-territorial-participa-en-el-comite-director-del-pevolca-centrado-en-la-evolucion-de-la-colada-junto-a-la-laguna\/","og_locale":"es_ES","og_type":"article","og_title":"La ministra de Pol\u00edtica Territorial participa en el Comit\u00e9 Director del PEVOLCA, centrado en la evoluci\u00f3n de la colada junto a La Laguna - GSC","og_description":"Las coladas experimentan una aparente ralentizaci\u00f3n, lo que produce un crecimiento en altura y ensanchamiento de las mismas La superficie afectada alcanza las 845 hect\u00e1reas tras a\u00f1adir 20,49 m\u00e1s respecto al anterior dato disponible Hay un total de 415 personas albergadas en hoteles, 56 de...","og_url":"https:\/\/www.gsccanarias.com\/gsc\/la-ministra-de-politica-territorial-participa-en-el-comite-director-del-pevolca-centrado-en-la-evolucion-de-la-colada-junto-a-la-laguna\/","og_site_name":"GSC","article_published_time":"2021-10-22T17:34:53+00:00","og_image":[{"width":1600,"height":1063,"url":"https:\/\/www.gsccanarias.com\/gsc\/wp-content\/uploads\/2021\/10\/221021_La_Ministra_de_Poltica_Territorial_y_Portavoz_del_Gobierno_en__Reunin_Comit_Director_PEVOLCA.jpg","type":"image\/jpeg"}],"author":"userad112","twitter_card":"summary_large_image","twitter_misc":{"Escrito por":"userad112","Tiempo de lectura":"16 minutos"},"schema":{"@context":"https:\/\/schema.org","@graph":[{"@type":"Article","@id":"https:\/\/www.gsccanarias.com\/gsc\/la-ministra-de-politica-territorial-participa-en-el-comite-director-del-pevolca-centrado-en-la-evolucion-de-la-colada-junto-a-la-laguna\/#article","isPartOf":{"@id":"https:\/\/www.gsccanarias.com\/gsc\/la-ministra-de-politica-territorial-participa-en-el-comite-director-del-pevolca-centrado-en-la-evolucion-de-la-colada-junto-a-la-laguna\/"},"author":{"name":"userad112","@id":"https:\/\/www.gsccanarias.com\/gsc\/#\/schema\/person\/591ed0ce1757a7168579ec75f6e7f340"},"headline":"La ministra de Pol\u00edtica Territorial participa en el Comit\u00e9 Director del PEVOLCA, centrado en la evoluci\u00f3n de la colada junto a La Laguna","datePublished":"2021-10-22T17:34:53+00:00","mainEntityOfPage":{"@id":"https:\/\/www.gsccanarias.com\/gsc\/la-ministra-de-politica-territorial-participa-en-el-comite-director-del-pevolca-centrado-en-la-evolucion-de-la-colada-junto-a-la-laguna\/"},"wordCount":3230,"commentCount":0,"image":{"@id":"https:\/\/www.gsccanarias.com\/gsc\/la-ministra-de-politica-territorial-participa-en-el-comite-director-del-pevolca-centrado-en-la-evolucion-de-la-colada-junto-a-la-laguna\/#primaryimage"},"thumbnailUrl":"https:\/\/www.gsccanarias.com\/gsc\/wp-content\/uploads\/2021\/10\/221021_La_Ministra_de_Poltica_Territorial_y_Portavoz_del_Gobierno_en__Reunin_Comit_Director_PEVOLCA.jpg","articleSection":["\u00daltimas noticias"],"inLanguage":"es","potentialAction":[{"@type":"CommentAction","name":"Comment","target":["https:\/\/www.gsccanarias.com\/gsc\/la-ministra-de-politica-territorial-participa-en-el-comite-director-del-pevolca-centrado-en-la-evolucion-de-la-colada-junto-a-la-laguna\/#respond"]}]},{"@type":"WebPage","@id":"https:\/\/www.gsccanarias.com\/gsc\/la-ministra-de-politica-territorial-participa-en-el-comite-director-del-pevolca-centrado-en-la-evolucion-de-la-colada-junto-a-la-laguna\/","url":"https:\/\/www.gsccanarias.com\/gsc\/la-ministra-de-politica-territorial-participa-en-el-comite-director-del-pevolca-centrado-en-la-evolucion-de-la-colada-junto-a-la-laguna\/","name":"La ministra de Pol\u00edtica Territorial participa en el Comit\u00e9 Director del PEVOLCA, centrado en la evoluci\u00f3n de la colada junto a La Laguna - GSC","isPartOf":{"@id":"https:\/\/www.gsccanarias.com\/gsc\/#website"},"primaryImageOfPage":{"@id":"https:\/\/www.gsccanarias.com\/gsc\/la-ministra-de-politica-territorial-participa-en-el-comite-director-del-pevolca-centrado-en-la-evolucion-de-la-colada-junto-a-la-laguna\/#primaryimage"},"image":{"@id":"https:\/\/www.gsccanarias.com\/gsc\/la-ministra-de-politica-territorial-participa-en-el-comite-director-del-pevolca-centrado-en-la-evolucion-de-la-colada-junto-a-la-laguna\/#primaryimage"},"thumbnailUrl":"https:\/\/www.gsccanarias.com\/gsc\/wp-content\/uploads\/2021\/10\/221021_La_Ministra_de_Poltica_Territorial_y_Portavoz_del_Gobierno_en__Reunin_Comit_Director_PEVOLCA.jpg","datePublished":"2021-10-22T17:34:53+00:00","author":{"@id":"https:\/\/www.gsccanarias.com\/gsc\/#\/schema\/person\/591ed0ce1757a7168579ec75f6e7f340"},"breadcrumb":{"@id":"https:\/\/www.gsccanarias.com\/gsc\/la-ministra-de-politica-territorial-participa-en-el-comite-director-del-pevolca-centrado-en-la-evolucion-de-la-colada-junto-a-la-laguna\/#breadcrumb"},"inLanguage":"es","potentialAction":[{"@type":"ReadAction","target":["https:\/\/www.gsccanarias.com\/gsc\/la-ministra-de-politica-territorial-participa-en-el-comite-director-del-pevolca-centrado-en-la-evolucion-de-la-colada-junto-a-la-laguna\/"]}]},{"@type":"ImageObject","inLanguage":"es","@id":"https:\/\/www.gsccanarias.com\/gsc\/la-ministra-de-politica-territorial-participa-en-el-comite-director-del-pevolca-centrado-en-la-evolucion-de-la-colada-junto-a-la-laguna\/#primaryimage","url":"https:\/\/www.gsccanarias.com\/gsc\/wp-content\/uploads\/2021\/10\/221021_La_Ministra_de_Poltica_Territorial_y_Portavoz_del_Gobierno_en__Reunin_Comit_Director_PEVOLCA.jpg","contentUrl":"https:\/\/www.gsccanarias.com\/gsc\/wp-content\/uploads\/2021\/10\/221021_La_Ministra_de_Poltica_Territorial_y_Portavoz_del_Gobierno_en__Reunin_Comit_Director_PEVOLCA.jpg","width":1600,"height":1063,"caption":"221021_La_Ministra_de_Poltica_Territorial"},{"@type":"BreadcrumbList","@id":"https:\/\/www.gsccanarias.com\/gsc\/la-ministra-de-politica-territorial-participa-en-el-comite-director-del-pevolca-centrado-en-la-evolucion-de-la-colada-junto-a-la-laguna\/#breadcrumb","itemListElement":[{"@type":"ListItem","position":1,"name":"Portada","item":"https:\/\/www.gsccanarias.com\/gsc\/"},{"@type":"ListItem","position":2,"name":"La ministra de Pol\u00edtica Territorial participa en el Comit\u00e9 Director del PEVOLCA, centrado en la evoluci\u00f3n de la colada junto a La Laguna"}]},{"@type":"WebSite","@id":"https:\/\/www.gsccanarias.com\/gsc\/#website","url":"https:\/\/www.gsccanarias.com\/gsc\/","name":"GSC","description":"Administramos servicios relacionados con la salud, las emergencias, la seguridad y el transporte sanitario","potentialAction":[{"@type":"SearchAction","target":{"@type":"EntryPoint","urlTemplate":"https:\/\/www.gsccanarias.com\/gsc\/?s={search_term_string}"},"query-input":{"@type":"PropertyValueSpecification","valueRequired":true,"valueName":"search_term_string"}}],"inLanguage":"es"},{"@type":"Person","@id":"https:\/\/www.gsccanarias.com\/gsc\/#\/schema\/person\/591ed0ce1757a7168579ec75f6e7f340","name":"userad112","image":{"@type":"ImageObject","inLanguage":"es","@id":"https:\/\/secure.gravatar.com\/avatar\/6aab27730b29899b0a1a05aaa7b266b4fc1fce4dd26b427baeb73cffe474a916?s=96&d=mm&r=g","url":"https:\/\/secure.gravatar.com\/avatar\/6aab27730b29899b0a1a05aaa7b266b4fc1fce4dd26b427baeb73cffe474a916?s=96&d=mm&r=g","contentUrl":"https:\/\/secure.gravatar.com\/avatar\/6aab27730b29899b0a1a05aaa7b266b4fc1fce4dd26b427baeb73cffe474a916?s=96&d=mm&r=g","caption":"userad112"},"sameAs":["https:\/\/321brand.com\/112"],"url":"https:\/\/www.gsccanarias.com\/gsc\/author\/userad112\/"}]}},"publishpress_future_workflow_manual_trigger":{"enabledWorkflows":[]},"_links":{"self":[{"href":"https:\/\/www.gsccanarias.com\/gsc\/wp-json\/wp\/v2\/posts\/3590","targetHints":{"allow":["GET"]}}],"collection":[{"href":"https:\/\/www.gsccanarias.com\/gsc\/wp-json\/wp\/v2\/posts"}],"about":[{"href":"https:\/\/www.gsccanarias.com\/gsc\/wp-json\/wp\/v2\/types\/post"}],"author":[{"embeddable":true,"href":"https:\/\/www.gsccanarias.com\/gsc\/wp-json\/wp\/v2\/users\/1"}],"replies":[{"embeddable":true,"href":"https:\/\/www.gsccanarias.com\/gsc\/wp-json\/wp\/v2\/comments?post=3590"}],"version-history":[{"count":0,"href":"https:\/\/www.gsccanarias.com\/gsc\/wp-json\/wp\/v2\/posts\/3590\/revisions"}],"wp:featuredmedia":[{"embeddable":true,"href":"https:\/\/www.gsccanarias.com\/gsc\/wp-json\/wp\/v2\/media\/3589"}],"wp:attachment":[{"href":"https:\/\/www.gsccanarias.com\/gsc\/wp-json\/wp\/v2\/media?parent=3590"}],"wp:term":[{"taxonomy":"category","embeddable":true,"href":"https:\/\/www.gsccanarias.com\/gsc\/wp-json\/wp\/v2\/categories?post=3590"},{"taxonomy":"post_tag","embeddable":true,"href":"https:\/\/www.gsccanarias.com\/gsc\/wp-json\/wp\/v2\/tags?post=3590"}],"curies":[{"name":"wp","href":"https:\/\/api.w.org\/{rel}","templated":true}]}}