{"id":3579,"date":"2021-10-19T07:00:21","date_gmt":"2021-10-19T07:00:21","guid":{"rendered":"https:\/\/www.gsccanarias.com\/gsc\/el-servicio-de-urgencias-canario-refuerza-el-dispositivo-sanitario-de-respuesta-inmediata-en-la-isla-de-la-palma\/"},"modified":"2021-10-19T07:00:21","modified_gmt":"2021-10-19T07:00:21","slug":"el-servicio-de-urgencias-canario-refuerza-el-dispositivo-sanitario-de-respuesta-inmediata-en-la-isla-de-la-palma","status":"publish","type":"post","link":"https:\/\/www.gsccanarias.com\/gsc\/el-servicio-de-urgencias-canario-refuerza-el-dispositivo-sanitario-de-respuesta-inmediata-en-la-isla-de-la-palma\/","title":{"rendered":"El Servicio de Urgencias Canario refuerza el dispositivo sanitario de respuesta inmediata en la isla de La Palma"},"content":{"rendered":"<p><\/p>\n<p style=\"text-align: justify;\"><strong>En coordinaci\u00f3n con la Gerencia de Servicios Sanitarios de la isla, el SUC imparte formaci\u00f3n espec\u00edfica sobre equipamiento y protocolos de actuaci\u00f3n<\/strong><\/p>\n<p style=\"text-align: justify;\">El Servicio de Urgencias Canario (SUC), dependiente de la Consejer\u00eda de Sanidad del Gobierno de Canarias, contin\u00faa reforzando el dispositivo que mantiene desplegado en la isla de La Palma desde el pasado d\u00eda 19 de septiembre, cuando se produjo la erupci\u00f3n del volc\u00e1n en la zona de Cumbre Vieja, con m\u00e1s equipamiento y formaci\u00f3n especializada en la respuesta sanitaria inmediata en situaciones de cat\u00e1strofes. Estas acciones se realizan en coordinaci\u00f3n con la Gerencia de Servicios Sanitarios de la isla.<\/p>\n<p style=\"text-align: justify;\">Entre los nuevos equipos desplazados a la isla se encuentra un hospital de campa\u00f1a de 40 m2 con camillas y el material necesario para actuar, en caso necesario, como puesto m\u00e9dico avanzado (PMA), adem\u00e1s de un veh\u00edculo de coordinaci\u00f3n.<\/p>\n<p style=\"text-align: justify;\">Por otra parte, personal t\u00e9cnico y m\u00e9dicos del Servicio de Urgencias Canario im-parten formaci\u00f3n espec\u00edfica a los profesionales sanitarios del Servicio Canario de la Salud (Hospital y Atenci\u00f3n Primaria) y al personal de las ambulancias, para el uso y manejo de los equipos y sobre los procedimientos operativos de actuaci\u00f3n de primera respuesta ante emergencias sanitarias.<\/p>\n<p style=\"text-align: justify;\">Estos equipos de refuerzo se suman al remolque de cat\u00e1strofes del SUC ubicado en cada isla de forma permanente desde el a\u00f1o 2019 y que permite actuar ante una situaci\u00f3n extraordinaria, con material y equipamiento de primera interven-ci\u00f3n hasta la llegada del apoyo log\u00edstico y de personal de otras islas, si fuera ne-cesario. Este remolque dispone de un hospital plegable, camillas, focos para ilu-minar la zona afectada, material de balizamiento, uniformidad identificativa para intervinientes, tarjetas de triaje o clasificaci\u00f3n de v\u00edctimas, equipos de protecci\u00f3n individual (EPI) y material de inmovilizaci\u00f3n, entre otros.<\/p>\n<div class=\"pvc_clear\"><\/div>\n<p id=\"pvc_stats_3579\" class=\"pvc_stats all  \" data-element-id=\"3579\" style=\"\"><i class=\"pvc-stats-icon medium\" aria-hidden=\"true\"><svg aria-hidden=\"true\" focusable=\"false\" data-prefix=\"far\" data-icon=\"chart-bar\" role=\"img\" xmlns=\"http:\/\/www.w3.org\/2000\/svg\" viewBox=\"0 0 512 512\" class=\"svg-inline--fa fa-chart-bar fa-w-16 fa-2x\"><path fill=\"currentColor\" d=\"M396.8 352h22.4c6.4 0 12.8-6.4 12.8-12.8V108.8c0-6.4-6.4-12.8-12.8-12.8h-22.4c-6.4 0-12.8 6.4-12.8 12.8v230.4c0 6.4 6.4 12.8 12.8 12.8zm-192 0h22.4c6.4 0 12.8-6.4 12.8-12.8V140.8c0-6.4-6.4-12.8-12.8-12.8h-22.4c-6.4 0-12.8 6.4-12.8 12.8v198.4c0 6.4 6.4 12.8 12.8 12.8zm96 0h22.4c6.4 0 12.8-6.4 12.8-12.8V204.8c0-6.4-6.4-12.8-12.8-12.8h-22.4c-6.4 0-12.8 6.4-12.8 12.8v134.4c0 6.4 6.4 12.8 12.8 12.8zM496 400H48V80c0-8.84-7.16-16-16-16H16C7.16 64 0 71.16 0 80v336c0 17.67 14.33 32 32 32h464c8.84 0 16-7.16 16-16v-16c0-8.84-7.16-16-16-16zm-387.2-48h22.4c6.4 0 12.8-6.4 12.8-12.8v-70.4c0-6.4-6.4-12.8-12.8-12.8h-22.4c-6.4 0-12.8 6.4-12.8 12.8v70.4c0 6.4 6.4 12.8 12.8 12.8z\" class=\"\"><\/path><\/svg><\/i> <\/p>\n<div class=\"pvc_clear\"><\/div>\n<div class=\"print\"><span class=\"page_title\">P\u00e1gina: <span>El Servicio de Urgencias Canario refuerza el dispositivo sanitario de respuesta inmediata en la isla de La Palma<\/span><\/span>\n\t\t\t\t\t\t\t\t\t\t\t<span class=\"page_title\">Fecha de impresi\u00f3n: <span>01\/05\/2026 - 02:11:14 UTC<\/span><\/span>\n\t\t\t\t\t\t\t\t\t\t\t<span class=\"stmp_trans_date\">\u00daltima actualizaci\u00f3n: <span>19\/10\/2021 - 07:00:21<\/span><\/span>\n\t\t\t\t\t\t\t\t\t\t\t<span class=\"stmp_trans_date\">Fecha publicaci\u00f3n: <span>19\/10\/2021 - 07:00:21<\/span><\/span>\n\t\t\t\t\t\t\t\t\t\t\t<span class=\"stmp_trans_date\">Fecha creaci\u00f3n: <span>19\/10\/2021 - 07:00:21<\/span><\/span><\/div>\n\t","protected":false},"excerpt":{"rendered":"<p>En coordinaci\u00f3n con la Gerencia de Servicios Sanitarios de la isla, el SUC imparte formaci\u00f3n espec\u00edfica sobre equipamiento y protocolos de actuaci\u00f3n El Servicio de Urgencias Canario (SUC), dependiente de la Consejer\u00eda de Sanidad del Gobierno de Canarias, contin\u00faa reforzando el dispositivo que mantiene desplegado&#8230;<\/p>\n<div class=\"pvc_clear\"><\/div>\n<p id=\"pvc_stats_3579\" class=\"pvc_stats all  \" data-element-id=\"3579\" style=\"\"><i class=\"pvc-stats-icon medium\" aria-hidden=\"true\"><svg aria-hidden=\"true\" focusable=\"false\" data-prefix=\"far\" data-icon=\"chart-bar\" role=\"img\" xmlns=\"http:\/\/www.w3.org\/2000\/svg\" viewBox=\"0 0 512 512\" class=\"svg-inline--fa fa-chart-bar fa-w-16 fa-2x\"><path fill=\"currentColor\" d=\"M396.8 352h22.4c6.4 0 12.8-6.4 12.8-12.8V108.8c0-6.4-6.4-12.8-12.8-12.8h-22.4c-6.4 0-12.8 6.4-12.8 12.8v230.4c0 6.4 6.4 12.8 12.8 12.8zm-192 0h22.4c6.4 0 12.8-6.4 12.8-12.8V140.8c0-6.4-6.4-12.8-12.8-12.8h-22.4c-6.4 0-12.8 6.4-12.8 12.8v198.4c0 6.4 6.4 12.8 12.8 12.8zm96 0h22.4c6.4 0 12.8-6.4 12.8-12.8V204.8c0-6.4-6.4-12.8-12.8-12.8h-22.4c-6.4 0-12.8 6.4-12.8 12.8v134.4c0 6.4 6.4 12.8 12.8 12.8zM496 400H48V80c0-8.84-7.16-16-16-16H16C7.16 64 0 71.16 0 80v336c0 17.67 14.33 32 32 32h464c8.84 0 16-7.16 16-16v-16c0-8.84-7.16-16-16-16zm-387.2-48h22.4c6.4 0 12.8-6.4 12.8-12.8v-70.4c0-6.4-6.4-12.8-12.8-12.8h-22.4c-6.4 0-12.8 6.4-12.8 12.8v70.4c0 6.4 6.4 12.8 12.8 12.8z\" class=\"\"><\/path><\/svg><\/i> <img loading=\"lazy\" decoding=\"async\" width=\"16\" height=\"16\" alt=\"Loading\" src=\"https:\/\/www.gsccanarias.com\/gsc\/wp-content\/plugins\/page-views-count\/ajax-loader-2x.gif\" border=0 \/><\/p>\n<div class=\"pvc_clear\"><\/div>\n","protected":false},"author":1,"featured_media":3578,"comment_status":"open","ping_status":"open","sticky":false,"template":"","format":"standard","meta":{"footnotes":""},"categories":[36],"tags":[],"class_list":["post-3579","post","type-post","status-publish","format-standard","has-post-thumbnail","hentry","category-ultimas-noticias"],"a3_pvc":{"activated":true,"total_views":110,"today_views":0},"yoast_head":"<!-- This site is optimized with the Yoast SEO plugin v27.5 - https:\/\/yoast.com\/product\/yoast-seo-wordpress\/ -->\n<title>El Servicio de Urgencias Canario refuerza el dispositivo sanitario de respuesta inmediata en la isla de La Palma - GSC<\/title>\n<meta name=\"robots\" content=\"index, follow, max-snippet:-1, max-image-preview:large, max-video-preview:-1\" \/>\n<link rel=\"canonical\" href=\"https:\/\/www.gsccanarias.com\/gsc\/el-servicio-de-urgencias-canario-refuerza-el-dispositivo-sanitario-de-respuesta-inmediata-en-la-isla-de-la-palma\/\" \/>\n<meta property=\"og:locale\" content=\"es_ES\" \/>\n<meta property=\"og:type\" content=\"article\" \/>\n<meta property=\"og:title\" content=\"El Servicio de Urgencias Canario refuerza el dispositivo sanitario de respuesta inmediata en la isla de La Palma - GSC\" \/>\n<meta property=\"og:description\" content=\"En coordinaci\u00f3n con la Gerencia de Servicios Sanitarios de la isla, el SUC imparte formaci\u00f3n espec\u00edfica sobre equipamiento y protocolos de actuaci\u00f3n El Servicio de Urgencias Canario (SUC), dependiente de la Consejer\u00eda de Sanidad del Gobierno de Canarias, contin\u00faa reforzando el dispositivo que mantiene desplegado...\" \/>\n<meta property=\"og:url\" content=\"https:\/\/www.gsccanarias.com\/gsc\/el-servicio-de-urgencias-canario-refuerza-el-dispositivo-sanitario-de-respuesta-inmediata-en-la-isla-de-la-palma\/\" \/>\n<meta property=\"og:site_name\" content=\"GSC\" \/>\n<meta property=\"article:published_time\" content=\"2021-10-19T07:00:21+00:00\" \/>\n<meta property=\"og:image\" content=\"https:\/\/www.gsccanarias.com\/gsc\/wp-content\/uploads\/2021\/10\/Equipamiento_del_SUC_en_La_Palma.jpeg\" \/>\n\t<meta property=\"og:image:width\" content=\"1024\" \/>\n\t<meta property=\"og:image:height\" content=\"768\" \/>\n\t<meta property=\"og:image:type\" content=\"image\/jpeg\" \/>\n<meta name=\"author\" content=\"userad112\" \/>\n<meta name=\"twitter:card\" content=\"summary_large_image\" \/>\n<meta name=\"twitter:label1\" content=\"Escrito por\" \/>\n\t<meta name=\"twitter:data1\" content=\"userad112\" \/>\n\t<meta name=\"twitter:label2\" content=\"Tiempo de lectura\" \/>\n\t<meta name=\"twitter:data2\" content=\"2 minutos\" \/>\n<script type=\"application\/ld+json\" class=\"yoast-schema-graph\">{\"@context\":\"https:\\\/\\\/schema.org\",\"@graph\":[{\"@type\":\"Article\",\"@id\":\"https:\\\/\\\/www.gsccanarias.com\\\/gsc\\\/el-servicio-de-urgencias-canario-refuerza-el-dispositivo-sanitario-de-respuesta-inmediata-en-la-isla-de-la-palma\\\/#article\",\"isPartOf\":{\"@id\":\"https:\\\/\\\/www.gsccanarias.com\\\/gsc\\\/el-servicio-de-urgencias-canario-refuerza-el-dispositivo-sanitario-de-respuesta-inmediata-en-la-isla-de-la-palma\\\/\"},\"author\":{\"name\":\"userad112\",\"@id\":\"https:\\\/\\\/www.gsccanarias.com\\\/gsc\\\/#\\\/schema\\\/person\\\/591ed0ce1757a7168579ec75f6e7f340\"},\"headline\":\"El Servicio de Urgencias Canario refuerza el dispositivo sanitario de respuesta inmediata en la isla de La Palma\",\"datePublished\":\"2021-10-19T07:00:21+00:00\",\"mainEntityOfPage\":{\"@id\":\"https:\\\/\\\/www.gsccanarias.com\\\/gsc\\\/el-servicio-de-urgencias-canario-refuerza-el-dispositivo-sanitario-de-respuesta-inmediata-en-la-isla-de-la-palma\\\/\"},\"wordCount\":336,\"commentCount\":0,\"image\":{\"@id\":\"https:\\\/\\\/www.gsccanarias.com\\\/gsc\\\/el-servicio-de-urgencias-canario-refuerza-el-dispositivo-sanitario-de-respuesta-inmediata-en-la-isla-de-la-palma\\\/#primaryimage\"},\"thumbnailUrl\":\"https:\\\/\\\/www.gsccanarias.com\\\/gsc\\\/wp-content\\\/uploads\\\/2021\\\/10\\\/Equipamiento_del_SUC_en_La_Palma.jpeg\",\"articleSection\":[\"\u00daltimas noticias\"],\"inLanguage\":\"es\",\"potentialAction\":[{\"@type\":\"CommentAction\",\"name\":\"Comment\",\"target\":[\"https:\\\/\\\/www.gsccanarias.com\\\/gsc\\\/el-servicio-de-urgencias-canario-refuerza-el-dispositivo-sanitario-de-respuesta-inmediata-en-la-isla-de-la-palma\\\/#respond\"]}]},{\"@type\":\"WebPage\",\"@id\":\"https:\\\/\\\/www.gsccanarias.com\\\/gsc\\\/el-servicio-de-urgencias-canario-refuerza-el-dispositivo-sanitario-de-respuesta-inmediata-en-la-isla-de-la-palma\\\/\",\"url\":\"https:\\\/\\\/www.gsccanarias.com\\\/gsc\\\/el-servicio-de-urgencias-canario-refuerza-el-dispositivo-sanitario-de-respuesta-inmediata-en-la-isla-de-la-palma\\\/\",\"name\":\"El Servicio de Urgencias Canario refuerza el dispositivo sanitario de respuesta inmediata en la isla de La Palma - GSC\",\"isPartOf\":{\"@id\":\"https:\\\/\\\/www.gsccanarias.com\\\/gsc\\\/#website\"},\"primaryImageOfPage\":{\"@id\":\"https:\\\/\\\/www.gsccanarias.com\\\/gsc\\\/el-servicio-de-urgencias-canario-refuerza-el-dispositivo-sanitario-de-respuesta-inmediata-en-la-isla-de-la-palma\\\/#primaryimage\"},\"image\":{\"@id\":\"https:\\\/\\\/www.gsccanarias.com\\\/gsc\\\/el-servicio-de-urgencias-canario-refuerza-el-dispositivo-sanitario-de-respuesta-inmediata-en-la-isla-de-la-palma\\\/#primaryimage\"},\"thumbnailUrl\":\"https:\\\/\\\/www.gsccanarias.com\\\/gsc\\\/wp-content\\\/uploads\\\/2021\\\/10\\\/Equipamiento_del_SUC_en_La_Palma.jpeg\",\"datePublished\":\"2021-10-19T07:00:21+00:00\",\"author\":{\"@id\":\"https:\\\/\\\/www.gsccanarias.com\\\/gsc\\\/#\\\/schema\\\/person\\\/591ed0ce1757a7168579ec75f6e7f340\"},\"breadcrumb\":{\"@id\":\"https:\\\/\\\/www.gsccanarias.com\\\/gsc\\\/el-servicio-de-urgencias-canario-refuerza-el-dispositivo-sanitario-de-respuesta-inmediata-en-la-isla-de-la-palma\\\/#breadcrumb\"},\"inLanguage\":\"es\",\"potentialAction\":[{\"@type\":\"ReadAction\",\"target\":[\"https:\\\/\\\/www.gsccanarias.com\\\/gsc\\\/el-servicio-de-urgencias-canario-refuerza-el-dispositivo-sanitario-de-respuesta-inmediata-en-la-isla-de-la-palma\\\/\"]}]},{\"@type\":\"ImageObject\",\"inLanguage\":\"es\",\"@id\":\"https:\\\/\\\/www.gsccanarias.com\\\/gsc\\\/el-servicio-de-urgencias-canario-refuerza-el-dispositivo-sanitario-de-respuesta-inmediata-en-la-isla-de-la-palma\\\/#primaryimage\",\"url\":\"https:\\\/\\\/www.gsccanarias.com\\\/gsc\\\/wp-content\\\/uploads\\\/2021\\\/10\\\/Equipamiento_del_SUC_en_La_Palma.jpeg\",\"contentUrl\":\"https:\\\/\\\/www.gsccanarias.com\\\/gsc\\\/wp-content\\\/uploads\\\/2021\\\/10\\\/Equipamiento_del_SUC_en_La_Palma.jpeg\",\"width\":1024,\"height\":768,\"caption\":\"Equipamiento SUC en La Palma\"},{\"@type\":\"BreadcrumbList\",\"@id\":\"https:\\\/\\\/www.gsccanarias.com\\\/gsc\\\/el-servicio-de-urgencias-canario-refuerza-el-dispositivo-sanitario-de-respuesta-inmediata-en-la-isla-de-la-palma\\\/#breadcrumb\",\"itemListElement\":[{\"@type\":\"ListItem\",\"position\":1,\"name\":\"Portada\",\"item\":\"https:\\\/\\\/www.gsccanarias.com\\\/gsc\\\/\"},{\"@type\":\"ListItem\",\"position\":2,\"name\":\"El Servicio de Urgencias Canario refuerza el dispositivo sanitario de respuesta inmediata en la isla de La Palma\"}]},{\"@type\":\"WebSite\",\"@id\":\"https:\\\/\\\/www.gsccanarias.com\\\/gsc\\\/#website\",\"url\":\"https:\\\/\\\/www.gsccanarias.com\\\/gsc\\\/\",\"name\":\"GSC\",\"description\":\"Administramos servicios relacionados con la salud, las emergencias, la seguridad y el transporte sanitario\",\"potentialAction\":[{\"@type\":\"SearchAction\",\"target\":{\"@type\":\"EntryPoint\",\"urlTemplate\":\"https:\\\/\\\/www.gsccanarias.com\\\/gsc\\\/?s={search_term_string}\"},\"query-input\":{\"@type\":\"PropertyValueSpecification\",\"valueRequired\":true,\"valueName\":\"search_term_string\"}}],\"inLanguage\":\"es\"},{\"@type\":\"Person\",\"@id\":\"https:\\\/\\\/www.gsccanarias.com\\\/gsc\\\/#\\\/schema\\\/person\\\/591ed0ce1757a7168579ec75f6e7f340\",\"name\":\"userad112\",\"image\":{\"@type\":\"ImageObject\",\"inLanguage\":\"es\",\"@id\":\"https:\\\/\\\/secure.gravatar.com\\\/avatar\\\/6aab27730b29899b0a1a05aaa7b266b4fc1fce4dd26b427baeb73cffe474a916?s=96&d=mm&r=g\",\"url\":\"https:\\\/\\\/secure.gravatar.com\\\/avatar\\\/6aab27730b29899b0a1a05aaa7b266b4fc1fce4dd26b427baeb73cffe474a916?s=96&d=mm&r=g\",\"contentUrl\":\"https:\\\/\\\/secure.gravatar.com\\\/avatar\\\/6aab27730b29899b0a1a05aaa7b266b4fc1fce4dd26b427baeb73cffe474a916?s=96&d=mm&r=g\",\"caption\":\"userad112\"},\"sameAs\":[\"https:\\\/\\\/321brand.com\\\/112\"],\"url\":\"https:\\\/\\\/www.gsccanarias.com\\\/gsc\\\/author\\\/userad112\\\/\"}]}<\/script>\n<!-- \/ Yoast SEO plugin. -->","yoast_head_json":{"title":"El Servicio de Urgencias Canario refuerza el dispositivo sanitario de respuesta inmediata en la isla de La Palma - GSC","robots":{"index":"index","follow":"follow","max-snippet":"max-snippet:-1","max-image-preview":"max-image-preview:large","max-video-preview":"max-video-preview:-1"},"canonical":"https:\/\/www.gsccanarias.com\/gsc\/el-servicio-de-urgencias-canario-refuerza-el-dispositivo-sanitario-de-respuesta-inmediata-en-la-isla-de-la-palma\/","og_locale":"es_ES","og_type":"article","og_title":"El Servicio de Urgencias Canario refuerza el dispositivo sanitario de respuesta inmediata en la isla de La Palma - GSC","og_description":"En coordinaci\u00f3n con la Gerencia de Servicios Sanitarios de la isla, el SUC imparte formaci\u00f3n espec\u00edfica sobre equipamiento y protocolos de actuaci\u00f3n El Servicio de Urgencias Canario (SUC), dependiente de la Consejer\u00eda de Sanidad del Gobierno de Canarias, contin\u00faa reforzando el dispositivo que mantiene desplegado...","og_url":"https:\/\/www.gsccanarias.com\/gsc\/el-servicio-de-urgencias-canario-refuerza-el-dispositivo-sanitario-de-respuesta-inmediata-en-la-isla-de-la-palma\/","og_site_name":"GSC","article_published_time":"2021-10-19T07:00:21+00:00","og_image":[{"width":1024,"height":768,"url":"https:\/\/www.gsccanarias.com\/gsc\/wp-content\/uploads\/2021\/10\/Equipamiento_del_SUC_en_La_Palma.jpeg","type":"image\/jpeg"}],"author":"userad112","twitter_card":"summary_large_image","twitter_misc":{"Escrito por":"userad112","Tiempo de lectura":"2 minutos"},"schema":{"@context":"https:\/\/schema.org","@graph":[{"@type":"Article","@id":"https:\/\/www.gsccanarias.com\/gsc\/el-servicio-de-urgencias-canario-refuerza-el-dispositivo-sanitario-de-respuesta-inmediata-en-la-isla-de-la-palma\/#article","isPartOf":{"@id":"https:\/\/www.gsccanarias.com\/gsc\/el-servicio-de-urgencias-canario-refuerza-el-dispositivo-sanitario-de-respuesta-inmediata-en-la-isla-de-la-palma\/"},"author":{"name":"userad112","@id":"https:\/\/www.gsccanarias.com\/gsc\/#\/schema\/person\/591ed0ce1757a7168579ec75f6e7f340"},"headline":"El Servicio de Urgencias Canario refuerza el dispositivo sanitario de respuesta inmediata en la isla de La Palma","datePublished":"2021-10-19T07:00:21+00:00","mainEntityOfPage":{"@id":"https:\/\/www.gsccanarias.com\/gsc\/el-servicio-de-urgencias-canario-refuerza-el-dispositivo-sanitario-de-respuesta-inmediata-en-la-isla-de-la-palma\/"},"wordCount":336,"commentCount":0,"image":{"@id":"https:\/\/www.gsccanarias.com\/gsc\/el-servicio-de-urgencias-canario-refuerza-el-dispositivo-sanitario-de-respuesta-inmediata-en-la-isla-de-la-palma\/#primaryimage"},"thumbnailUrl":"https:\/\/www.gsccanarias.com\/gsc\/wp-content\/uploads\/2021\/10\/Equipamiento_del_SUC_en_La_Palma.jpeg","articleSection":["\u00daltimas noticias"],"inLanguage":"es","potentialAction":[{"@type":"CommentAction","name":"Comment","target":["https:\/\/www.gsccanarias.com\/gsc\/el-servicio-de-urgencias-canario-refuerza-el-dispositivo-sanitario-de-respuesta-inmediata-en-la-isla-de-la-palma\/#respond"]}]},{"@type":"WebPage","@id":"https:\/\/www.gsccanarias.com\/gsc\/el-servicio-de-urgencias-canario-refuerza-el-dispositivo-sanitario-de-respuesta-inmediata-en-la-isla-de-la-palma\/","url":"https:\/\/www.gsccanarias.com\/gsc\/el-servicio-de-urgencias-canario-refuerza-el-dispositivo-sanitario-de-respuesta-inmediata-en-la-isla-de-la-palma\/","name":"El Servicio de Urgencias Canario refuerza el dispositivo sanitario de respuesta inmediata en la isla de La Palma - GSC","isPartOf":{"@id":"https:\/\/www.gsccanarias.com\/gsc\/#website"},"primaryImageOfPage":{"@id":"https:\/\/www.gsccanarias.com\/gsc\/el-servicio-de-urgencias-canario-refuerza-el-dispositivo-sanitario-de-respuesta-inmediata-en-la-isla-de-la-palma\/#primaryimage"},"image":{"@id":"https:\/\/www.gsccanarias.com\/gsc\/el-servicio-de-urgencias-canario-refuerza-el-dispositivo-sanitario-de-respuesta-inmediata-en-la-isla-de-la-palma\/#primaryimage"},"thumbnailUrl":"https:\/\/www.gsccanarias.com\/gsc\/wp-content\/uploads\/2021\/10\/Equipamiento_del_SUC_en_La_Palma.jpeg","datePublished":"2021-10-19T07:00:21+00:00","author":{"@id":"https:\/\/www.gsccanarias.com\/gsc\/#\/schema\/person\/591ed0ce1757a7168579ec75f6e7f340"},"breadcrumb":{"@id":"https:\/\/www.gsccanarias.com\/gsc\/el-servicio-de-urgencias-canario-refuerza-el-dispositivo-sanitario-de-respuesta-inmediata-en-la-isla-de-la-palma\/#breadcrumb"},"inLanguage":"es","potentialAction":[{"@type":"ReadAction","target":["https:\/\/www.gsccanarias.com\/gsc\/el-servicio-de-urgencias-canario-refuerza-el-dispositivo-sanitario-de-respuesta-inmediata-en-la-isla-de-la-palma\/"]}]},{"@type":"ImageObject","inLanguage":"es","@id":"https:\/\/www.gsccanarias.com\/gsc\/el-servicio-de-urgencias-canario-refuerza-el-dispositivo-sanitario-de-respuesta-inmediata-en-la-isla-de-la-palma\/#primaryimage","url":"https:\/\/www.gsccanarias.com\/gsc\/wp-content\/uploads\/2021\/10\/Equipamiento_del_SUC_en_La_Palma.jpeg","contentUrl":"https:\/\/www.gsccanarias.com\/gsc\/wp-content\/uploads\/2021\/10\/Equipamiento_del_SUC_en_La_Palma.jpeg","width":1024,"height":768,"caption":"Equipamiento SUC en La Palma"},{"@type":"BreadcrumbList","@id":"https:\/\/www.gsccanarias.com\/gsc\/el-servicio-de-urgencias-canario-refuerza-el-dispositivo-sanitario-de-respuesta-inmediata-en-la-isla-de-la-palma\/#breadcrumb","itemListElement":[{"@type":"ListItem","position":1,"name":"Portada","item":"https:\/\/www.gsccanarias.com\/gsc\/"},{"@type":"ListItem","position":2,"name":"El Servicio de Urgencias Canario refuerza el dispositivo sanitario de respuesta inmediata en la isla de La Palma"}]},{"@type":"WebSite","@id":"https:\/\/www.gsccanarias.com\/gsc\/#website","url":"https:\/\/www.gsccanarias.com\/gsc\/","name":"GSC","description":"Administramos servicios relacionados con la salud, las emergencias, la seguridad y el transporte sanitario","potentialAction":[{"@type":"SearchAction","target":{"@type":"EntryPoint","urlTemplate":"https:\/\/www.gsccanarias.com\/gsc\/?s={search_term_string}"},"query-input":{"@type":"PropertyValueSpecification","valueRequired":true,"valueName":"search_term_string"}}],"inLanguage":"es"},{"@type":"Person","@id":"https:\/\/www.gsccanarias.com\/gsc\/#\/schema\/person\/591ed0ce1757a7168579ec75f6e7f340","name":"userad112","image":{"@type":"ImageObject","inLanguage":"es","@id":"https:\/\/secure.gravatar.com\/avatar\/6aab27730b29899b0a1a05aaa7b266b4fc1fce4dd26b427baeb73cffe474a916?s=96&d=mm&r=g","url":"https:\/\/secure.gravatar.com\/avatar\/6aab27730b29899b0a1a05aaa7b266b4fc1fce4dd26b427baeb73cffe474a916?s=96&d=mm&r=g","contentUrl":"https:\/\/secure.gravatar.com\/avatar\/6aab27730b29899b0a1a05aaa7b266b4fc1fce4dd26b427baeb73cffe474a916?s=96&d=mm&r=g","caption":"userad112"},"sameAs":["https:\/\/321brand.com\/112"],"url":"https:\/\/www.gsccanarias.com\/gsc\/author\/userad112\/"}]}},"publishpress_future_workflow_manual_trigger":{"enabledWorkflows":[]},"_links":{"self":[{"href":"https:\/\/www.gsccanarias.com\/gsc\/wp-json\/wp\/v2\/posts\/3579","targetHints":{"allow":["GET"]}}],"collection":[{"href":"https:\/\/www.gsccanarias.com\/gsc\/wp-json\/wp\/v2\/posts"}],"about":[{"href":"https:\/\/www.gsccanarias.com\/gsc\/wp-json\/wp\/v2\/types\/post"}],"author":[{"embeddable":true,"href":"https:\/\/www.gsccanarias.com\/gsc\/wp-json\/wp\/v2\/users\/1"}],"replies":[{"embeddable":true,"href":"https:\/\/www.gsccanarias.com\/gsc\/wp-json\/wp\/v2\/comments?post=3579"}],"version-history":[{"count":0,"href":"https:\/\/www.gsccanarias.com\/gsc\/wp-json\/wp\/v2\/posts\/3579\/revisions"}],"wp:featuredmedia":[{"embeddable":true,"href":"https:\/\/www.gsccanarias.com\/gsc\/wp-json\/wp\/v2\/media\/3578"}],"wp:attachment":[{"href":"https:\/\/www.gsccanarias.com\/gsc\/wp-json\/wp\/v2\/media?parent=3579"}],"wp:term":[{"taxonomy":"category","embeddable":true,"href":"https:\/\/www.gsccanarias.com\/gsc\/wp-json\/wp\/v2\/categories?post=3579"},{"taxonomy":"post_tag","embeddable":true,"href":"https:\/\/www.gsccanarias.com\/gsc\/wp-json\/wp\/v2\/tags?post=3579"}],"curies":[{"name":"wp","href":"https:\/\/api.w.org\/{rel}","templated":true}]}}