{"id":3137,"date":"2021-05-05T14:07:43","date_gmt":"2021-05-05T14:07:43","guid":{"rendered":"https:\/\/www.gsccanarias.com\/gsc\/el-gobierno-de-canarias-presenta-las-nuevas-ambulancias-del-transporte-sanitario-no-urgente-de-gran-canaria\/"},"modified":"2021-05-05T14:07:43","modified_gmt":"2021-05-05T14:07:43","slug":"el-gobierno-de-canarias-presenta-las-nuevas-ambulancias-del-transporte-sanitario-no-urgente-de-gran-canaria","status":"publish","type":"post","link":"https:\/\/www.gsccanarias.com\/gsc\/el-gobierno-de-canarias-presenta-las-nuevas-ambulancias-del-transporte-sanitario-no-urgente-de-gran-canaria\/","title":{"rendered":"El Gobierno de Canarias presenta las nuevas ambulancias del Transporte Sanitario No Urgente de Gran Canaria"},"content":{"rendered":"<p><\/p>\n<p style=\"text-align: justify;\"><strong>El servicio en la isla tiene un presupuesto de 29 millones de euros y contar\u00e1 con una flota renovada de 111 recursos, 9 m\u00e1s que hasta ahora <\/strong><\/p>\n<p style=\"text-align: justify;\"><strong>En la presentaci\u00f3n, el presidente de Canarias enmarc\u00f3 esta actuaci\u00f3n en el refuerzo de la sanidad p\u00fablica que \u201clo es todo desde el 14 de marzo de 2020\u201d <\/strong><\/p>\n<p style=\"text-align: justify;\">El presidente de Canarias, \u00c1ngel V\u00edctor Torres, junto al consejero de Sanidad, Blas Trujillo, ha presentado hoy la nueva flota de ambulancias del Transporte Sanitario No Urgente (TSNU) para la isla de Gran Canaria, que supone la renovaci\u00f3n de todos los recursos y un incremento de unidades del 9%, pasando de 102 a 111 recursos. Al acto acudieron tambi\u00e9n el presidente del Cabildo de Gran Canaria, Antonio Morales; el director del Servicio Canario de Salud, Conrado Dom\u00ednguez; el gerente de la empresa p\u00fablica Gesti\u00f3n de Servicios para la Salud y Seguridad en Canarias (GSC), El\u00edas Castro, y el director territorial del Servicio de Urgencias Canario (SUC), Juan Carlos Espino.<\/p>\n<p style=\"text-align: justify;\">El nuevo servicio entrar\u00e1 en vigor el pr\u00f3ximo s\u00e1bado y ha sido adjudicado por 29 millones de euros, con un periodo de vigencia hasta el 31 de diciembre de 2023 y posibilidad de pr\u00f3rroga.<\/p>\n<p style=\"text-align: justify;\">En su intervenci\u00f3n, el presidente de Canarias enmarc\u00f3 esta actuaci\u00f3n en el refuerzo de la sanidad p\u00fablica que \u201clo es todo desde el 14 de marzo de 2020, fecha que no olvidaremos nunca\u201d, asegur\u00f3, e insisti\u00f3 en que gracias a la sanidad p\u00fablica, Canarias y Espa\u00f1a \u201chan podido responder, frente a algunas im\u00e1genes de otros pa\u00edses o continentes en los que la ausencia de una buena sanidad est\u00e1 teniendo tremendas consecuencias en la sociedad\u201d.<\/p>\n<p style=\"text-align: justify;\">El jefe del Ejecutivo alab\u00f3 la responsabilidad de la sociedad canaria y destac\u00f3 que ninguna isla se encuentra ya en nivel 3, \u201cal que no queremos que vuelva ninguna\u201d, y pidi\u00f3 que se siga con el cumplimiento de las restricciones y recomendaciones que emanan cada jueves del Consejo de Gobierno de Canarias. \u201cCaminemos en esa m\u00e1xima vacunaci\u00f3n para conseguir el objetivo de que en los meses de verano tengamos al 70 % de la poblaci\u00f3n vacunada, lo que llevar\u00e1 consigo tambi\u00e9n la recuperaci\u00f3n econ\u00f3mica y social\u201d, a\u00f1adi\u00f3.<\/p>\n<p style=\"text-align: justify;\">El consejero de Sanidad destac\u00f3 que estas nuevas unidades forman parte del proceso de renovaci\u00f3n de toda la flota de transporte urgente y no urgente de Canarias que culminar\u00e1 en el mes de junio en la islas de La Gomera y en El Hierro. A\u00f1adi\u00f3 que las unidades cuentan con la m\u00e1s alta tecnolog\u00eda porque \u201cforman parte del compromiso claro del Gobierno de Canarias de dotarnos de unos servicios sanitarios que ofrezcan a los usuarios el m\u00e1ximo nivel asistencial\u201d.<\/p>\n<p style=\"text-align: justify;\">Adem\u00e1s, aprovech\u00f3 el acto para agradecer y felicitar al personal del Servicio Canario de Salud y de Gesti\u00f3n de Servicios para la Salud y Seguridad en Canarias por su implicaci\u00f3n en la lucha contra la pandemia y para recordar que el ritmo de vacunaci\u00f3n en Canarias es \u00f3ptimo con \u201cuno de cada cuatro canarios ya con una dosis de la vacuna inoculada y con el 10 por ciento de la poblaci\u00f3n diana inmunizada\u201d.<\/p>\n<p style=\"text-align: justify;\">Los recursos del Transporte Sanitario No Urgente est\u00e1n destinados al traslado de pacientes que por causas m\u00e9dicas no pueden desplazarse al centro sanitario en un medio ordinario de transporte. Estos servicios pueden ser diferidos, como es el caso de las altas hospitalarias, o programados. Dentro de los programados pueden ser puntuales, como los traslados a consultas o pruebas diagn\u00f3sticas, o prolongados y secuenciales, como son los traslados a rehabilitaci\u00f3n o di\u00e1lisis.<\/p>\n<p style=\"text-align: justify;\"><strong>M\u00e1s horas de servicio <\/strong><\/p>\n<p style=\"text-align: justify;\">El crecimiento que experimenta la flota del TSNU en Gran Canaria se notar\u00e1 no solo en un mayor n\u00famero de ambulancias disponibles, sino tambi\u00e9n en un incremento del 13% en las horas de servicio que se prestar\u00e1 a los ciudadanos, lo que permitir\u00e1 dar respuesta a un mayor n\u00famero de pacientes.<\/p>\n<p style=\"text-align: justify;\">Las ambulancias del Transporte Sanitario No Urgente, con una alta demanda por parte de la poblaci\u00f3n canaria, realizaron el a\u00f1o pasado en la isla de Gran Canaria 279.942 servicios, siendo trasladados 150.541 pacientes.<\/p>\n<p style=\"text-align: justify;\">La mayor parte de ellos, m\u00e1s de un 44%, asistieron a sesiones de rehabilitaci\u00f3n, mientras que el 38% fueron trasladados para sesiones de hemodi\u00e1lisis. Le siguen los servicios realizados para acudir a diferentes tipos de consulta, que suponen casi un 7% del total, as\u00ed como las altas hospitalarias en planta y urgencias, que generaron cerca del 6% de la actividad, y los traslados para la realizaci\u00f3n de pruebas diagn\u00f3sticas, que suponen el 1,2% del n\u00famero total de traslados.<\/p>\n<p style=\"text-align: justify;\">Asimismo, el TSNU lleva a cabo otros servicios para pacientes que acuden a tratamientos de radioterapia o quimioterapia, usuarios que deben realizarse curas o alguna cirug\u00eda programada, o traslados intercentros, entre otras cuestiones, siempre bajo los criterios que marca la regulaci\u00f3n para este tipo de transporte. Estos servicios suponen el 3,8% restante de traslados realizados en 2020.<\/p>\n<p style=\"text-align: justify;\"><strong>Nuevas prestaciones<\/strong><\/p>\n<p style=\"text-align: justify;\">Este dimensionamiento de unidades del Transporte Sanitario No Urgente recoge las necesidades del incremento de los recursos, en funci\u00f3n de la demanda de servicios por n\u00facleo poblacional, recogidas en el Plan Regional de Urgencias de Canarias (PLUSCAN). En base a ello, el TSNU dispondr\u00e1, en todo el archipi\u00e9lago, de un total de 258 recursos, 24 unidades m\u00e1s, lo que supone un incremento del 10%.<\/p>\n<p style=\"text-align: justify;\">La nueva flota de ambulancias del Transporte Sanitario No Urgente cuenta con desfibriladores en todos los veh\u00edculos lo que permitir\u00e1 dar una r\u00e1pida respuesta a un paciente que pueda entrar en parada cardiorrespiratoria mientras se realiza el servicio.<\/p>\n<p style=\"text-align: justify;\">Los veh\u00edculos de tipo colectivo disponen de asientos abatibles intercambiables por sillas de rueda, sillas de traslado tipo oruga para mejorar las transferencias y tomas de corriente de 220W para los pacientes portadores de equipamiento m\u00e9dico. Adem\u00e1s, se incorporan a la flota dos ambulancias bari\u00e1tricas especialmente adaptadas para el traslado de pacientes con sobrepeso.<\/p>\n<p style=\"text-align: justify;\">Asimismo, el TSNU contar\u00e1 por un aplicativo que permite mejorar la coordinaci\u00f3n y la gesti\u00f3n de la flota ya que a trav\u00e9s de este se controla la disponibilidad de los recursos y sus plazas, as\u00ed como el dise\u00f1o de las rutas para acortar el tiempo de los trayectos. Por \u00faltimo, el usuario tendr\u00e1 acceso a una aplicaci\u00f3n de telefon\u00eda m\u00f3vil con un sistema de mensajer\u00eda gratuito que le comunicar\u00e1 su hora de recogida.<\/p>\n<p style=\"text-align: justify;\">La nuevas ambulancias son veh\u00edculos Crafter de Volkswagen que se adaptan a las necesidades del servicio al ser robustos, vers\u00e1tiles y eficientes, lo que da respuesta a las exigencias t\u00e9cnicas que debe cumplir la empresa adjudicataria del servicio, la UTE ACCIONA-ICOT<\/p>\n<p>\u00a0<\/p>\n<div class=\"pvc_clear\"><\/div>\n<p id=\"pvc_stats_3137\" class=\"pvc_stats all  \" data-element-id=\"3137\" style=\"\"><i class=\"pvc-stats-icon medium\" aria-hidden=\"true\"><svg aria-hidden=\"true\" focusable=\"false\" data-prefix=\"far\" data-icon=\"chart-bar\" role=\"img\" xmlns=\"http:\/\/www.w3.org\/2000\/svg\" viewBox=\"0 0 512 512\" class=\"svg-inline--fa fa-chart-bar fa-w-16 fa-2x\"><path fill=\"currentColor\" d=\"M396.8 352h22.4c6.4 0 12.8-6.4 12.8-12.8V108.8c0-6.4-6.4-12.8-12.8-12.8h-22.4c-6.4 0-12.8 6.4-12.8 12.8v230.4c0 6.4 6.4 12.8 12.8 12.8zm-192 0h22.4c6.4 0 12.8-6.4 12.8-12.8V140.8c0-6.4-6.4-12.8-12.8-12.8h-22.4c-6.4 0-12.8 6.4-12.8 12.8v198.4c0 6.4 6.4 12.8 12.8 12.8zm96 0h22.4c6.4 0 12.8-6.4 12.8-12.8V204.8c0-6.4-6.4-12.8-12.8-12.8h-22.4c-6.4 0-12.8 6.4-12.8 12.8v134.4c0 6.4 6.4 12.8 12.8 12.8zM496 400H48V80c0-8.84-7.16-16-16-16H16C7.16 64 0 71.16 0 80v336c0 17.67 14.33 32 32 32h464c8.84 0 16-7.16 16-16v-16c0-8.84-7.16-16-16-16zm-387.2-48h22.4c6.4 0 12.8-6.4 12.8-12.8v-70.4c0-6.4-6.4-12.8-12.8-12.8h-22.4c-6.4 0-12.8 6.4-12.8 12.8v70.4c0 6.4 6.4 12.8 12.8 12.8z\" class=\"\"><\/path><\/svg><\/i> <\/p>\n<div class=\"pvc_clear\"><\/div>\n<div class=\"print\"><span class=\"page_title\">P\u00e1gina: <span>El Gobierno de Canarias presenta las nuevas ambulancias del Transporte Sanitario No Urgente de Gran Canaria<\/span><\/span>\n\t\t\t\t\t\t\t\t\t\t\t<span class=\"page_title\">Fecha de impresi\u00f3n: <span>02\/05\/2026 - 07:52:21 UTC<\/span><\/span>\n\t\t\t\t\t\t\t\t\t\t\t<span class=\"stmp_trans_date\">\u00daltima actualizaci\u00f3n: <span>05\/05\/2021 - 14:07:43<\/span><\/span>\n\t\t\t\t\t\t\t\t\t\t\t<span class=\"stmp_trans_date\">Fecha publicaci\u00f3n: <span>05\/05\/2021 - 14:07:43<\/span><\/span>\n\t\t\t\t\t\t\t\t\t\t\t<span class=\"stmp_trans_date\">Fecha creaci\u00f3n: <span>05\/05\/2021 - 14:07:43<\/span><\/span><\/div>\n\t","protected":false},"excerpt":{"rendered":"<p>El servicio en la isla tiene un presupuesto de 29 millones de euros y contar\u00e1 con una flota renovada de 111 recursos, 9 m\u00e1s que hasta ahora En la presentaci\u00f3n, el presidente de Canarias enmarc\u00f3 esta actuaci\u00f3n en el refuerzo de la sanidad p\u00fablica que&#8230;<\/p>\n<div class=\"pvc_clear\"><\/div>\n<p id=\"pvc_stats_3137\" class=\"pvc_stats all  \" data-element-id=\"3137\" style=\"\"><i class=\"pvc-stats-icon medium\" aria-hidden=\"true\"><svg aria-hidden=\"true\" focusable=\"false\" data-prefix=\"far\" data-icon=\"chart-bar\" role=\"img\" xmlns=\"http:\/\/www.w3.org\/2000\/svg\" viewBox=\"0 0 512 512\" class=\"svg-inline--fa fa-chart-bar fa-w-16 fa-2x\"><path fill=\"currentColor\" d=\"M396.8 352h22.4c6.4 0 12.8-6.4 12.8-12.8V108.8c0-6.4-6.4-12.8-12.8-12.8h-22.4c-6.4 0-12.8 6.4-12.8 12.8v230.4c0 6.4 6.4 12.8 12.8 12.8zm-192 0h22.4c6.4 0 12.8-6.4 12.8-12.8V140.8c0-6.4-6.4-12.8-12.8-12.8h-22.4c-6.4 0-12.8 6.4-12.8 12.8v198.4c0 6.4 6.4 12.8 12.8 12.8zm96 0h22.4c6.4 0 12.8-6.4 12.8-12.8V204.8c0-6.4-6.4-12.8-12.8-12.8h-22.4c-6.4 0-12.8 6.4-12.8 12.8v134.4c0 6.4 6.4 12.8 12.8 12.8zM496 400H48V80c0-8.84-7.16-16-16-16H16C7.16 64 0 71.16 0 80v336c0 17.67 14.33 32 32 32h464c8.84 0 16-7.16 16-16v-16c0-8.84-7.16-16-16-16zm-387.2-48h22.4c6.4 0 12.8-6.4 12.8-12.8v-70.4c0-6.4-6.4-12.8-12.8-12.8h-22.4c-6.4 0-12.8 6.4-12.8 12.8v70.4c0 6.4 6.4 12.8 12.8 12.8z\" class=\"\"><\/path><\/svg><\/i> <img loading=\"lazy\" decoding=\"async\" width=\"16\" height=\"16\" alt=\"Loading\" src=\"https:\/\/www.gsccanarias.com\/gsc\/wp-content\/plugins\/page-views-count\/ajax-loader-2x.gif\" border=0 \/><\/p>\n<div class=\"pvc_clear\"><\/div>\n","protected":false},"author":1,"featured_media":3135,"comment_status":"open","ping_status":"open","sticky":false,"template":"","format":"standard","meta":{"footnotes":""},"categories":[36],"tags":[],"class_list":["post-3137","post","type-post","status-publish","format-standard","has-post-thumbnail","hentry","category-ultimas-noticias"],"a3_pvc":{"activated":true,"total_views":107,"today_views":0},"yoast_head":"<!-- This site is optimized with the Yoast SEO plugin v27.5 - https:\/\/yoast.com\/product\/yoast-seo-wordpress\/ -->\n<title>El Gobierno de Canarias presenta las nuevas ambulancias del Transporte Sanitario No Urgente de Gran Canaria - GSC<\/title>\n<meta name=\"robots\" content=\"index, follow, max-snippet:-1, max-image-preview:large, max-video-preview:-1\" \/>\n<link rel=\"canonical\" href=\"https:\/\/www.gsccanarias.com\/gsc\/el-gobierno-de-canarias-presenta-las-nuevas-ambulancias-del-transporte-sanitario-no-urgente-de-gran-canaria\/\" \/>\n<meta property=\"og:locale\" content=\"es_ES\" \/>\n<meta property=\"og:type\" content=\"article\" \/>\n<meta property=\"og:title\" content=\"El Gobierno de Canarias presenta las nuevas ambulancias del Transporte Sanitario No Urgente de Gran Canaria - GSC\" \/>\n<meta property=\"og:description\" content=\"El servicio en la isla tiene un presupuesto de 29 millones de euros y contar\u00e1 con una flota renovada de 111 recursos, 9 m\u00e1s que hasta ahora En la presentaci\u00f3n, el presidente de Canarias enmarc\u00f3 esta actuaci\u00f3n en el refuerzo de la sanidad p\u00fablica que...\" \/>\n<meta property=\"og:url\" content=\"https:\/\/www.gsccanarias.com\/gsc\/el-gobierno-de-canarias-presenta-las-nuevas-ambulancias-del-transporte-sanitario-no-urgente-de-gran-canaria\/\" \/>\n<meta property=\"og:site_name\" content=\"GSC\" \/>\n<meta property=\"article:published_time\" content=\"2021-05-05T14:07:43+00:00\" \/>\n<meta property=\"og:image\" content=\"https:\/\/www.gsccanarias.com\/gsc\/wp-content\/uploads\/2021\/05\/Presentacin_TSNU_1_reducida-scaled.jpg\" \/>\n\t<meta property=\"og:image:width\" content=\"2560\" \/>\n\t<meta property=\"og:image:height\" content=\"1705\" \/>\n\t<meta property=\"og:image:type\" content=\"image\/jpeg\" \/>\n<meta name=\"author\" content=\"userad112\" \/>\n<meta name=\"twitter:card\" content=\"summary_large_image\" \/>\n<meta name=\"twitter:label1\" content=\"Escrito por\" \/>\n\t<meta name=\"twitter:data1\" content=\"userad112\" \/>\n\t<meta name=\"twitter:label2\" content=\"Tiempo de lectura\" \/>\n\t<meta name=\"twitter:data2\" content=\"6 minutos\" \/>\n<script type=\"application\/ld+json\" class=\"yoast-schema-graph\">{\"@context\":\"https:\\\/\\\/schema.org\",\"@graph\":[{\"@type\":\"Article\",\"@id\":\"https:\\\/\\\/www.gsccanarias.com\\\/gsc\\\/el-gobierno-de-canarias-presenta-las-nuevas-ambulancias-del-transporte-sanitario-no-urgente-de-gran-canaria\\\/#article\",\"isPartOf\":{\"@id\":\"https:\\\/\\\/www.gsccanarias.com\\\/gsc\\\/el-gobierno-de-canarias-presenta-las-nuevas-ambulancias-del-transporte-sanitario-no-urgente-de-gran-canaria\\\/\"},\"author\":{\"name\":\"userad112\",\"@id\":\"https:\\\/\\\/www.gsccanarias.com\\\/gsc\\\/#\\\/schema\\\/person\\\/591ed0ce1757a7168579ec75f6e7f340\"},\"headline\":\"El Gobierno de Canarias presenta las nuevas ambulancias del Transporte Sanitario No Urgente de Gran Canaria\",\"datePublished\":\"2021-05-05T14:07:43+00:00\",\"mainEntityOfPage\":{\"@id\":\"https:\\\/\\\/www.gsccanarias.com\\\/gsc\\\/el-gobierno-de-canarias-presenta-las-nuevas-ambulancias-del-transporte-sanitario-no-urgente-de-gran-canaria\\\/\"},\"wordCount\":1141,\"commentCount\":0,\"image\":{\"@id\":\"https:\\\/\\\/www.gsccanarias.com\\\/gsc\\\/el-gobierno-de-canarias-presenta-las-nuevas-ambulancias-del-transporte-sanitario-no-urgente-de-gran-canaria\\\/#primaryimage\"},\"thumbnailUrl\":\"https:\\\/\\\/www.gsccanarias.com\\\/gsc\\\/wp-content\\\/uploads\\\/2021\\\/05\\\/Presentacin_TSNU_1_reducida-scaled.jpg\",\"articleSection\":[\"\u00daltimas noticias\"],\"inLanguage\":\"es\",\"potentialAction\":[{\"@type\":\"CommentAction\",\"name\":\"Comment\",\"target\":[\"https:\\\/\\\/www.gsccanarias.com\\\/gsc\\\/el-gobierno-de-canarias-presenta-las-nuevas-ambulancias-del-transporte-sanitario-no-urgente-de-gran-canaria\\\/#respond\"]}]},{\"@type\":\"WebPage\",\"@id\":\"https:\\\/\\\/www.gsccanarias.com\\\/gsc\\\/el-gobierno-de-canarias-presenta-las-nuevas-ambulancias-del-transporte-sanitario-no-urgente-de-gran-canaria\\\/\",\"url\":\"https:\\\/\\\/www.gsccanarias.com\\\/gsc\\\/el-gobierno-de-canarias-presenta-las-nuevas-ambulancias-del-transporte-sanitario-no-urgente-de-gran-canaria\\\/\",\"name\":\"El Gobierno de Canarias presenta las nuevas ambulancias del Transporte Sanitario No Urgente de Gran Canaria - GSC\",\"isPartOf\":{\"@id\":\"https:\\\/\\\/www.gsccanarias.com\\\/gsc\\\/#website\"},\"primaryImageOfPage\":{\"@id\":\"https:\\\/\\\/www.gsccanarias.com\\\/gsc\\\/el-gobierno-de-canarias-presenta-las-nuevas-ambulancias-del-transporte-sanitario-no-urgente-de-gran-canaria\\\/#primaryimage\"},\"image\":{\"@id\":\"https:\\\/\\\/www.gsccanarias.com\\\/gsc\\\/el-gobierno-de-canarias-presenta-las-nuevas-ambulancias-del-transporte-sanitario-no-urgente-de-gran-canaria\\\/#primaryimage\"},\"thumbnailUrl\":\"https:\\\/\\\/www.gsccanarias.com\\\/gsc\\\/wp-content\\\/uploads\\\/2021\\\/05\\\/Presentacin_TSNU_1_reducida-scaled.jpg\",\"datePublished\":\"2021-05-05T14:07:43+00:00\",\"author\":{\"@id\":\"https:\\\/\\\/www.gsccanarias.com\\\/gsc\\\/#\\\/schema\\\/person\\\/591ed0ce1757a7168579ec75f6e7f340\"},\"breadcrumb\":{\"@id\":\"https:\\\/\\\/www.gsccanarias.com\\\/gsc\\\/el-gobierno-de-canarias-presenta-las-nuevas-ambulancias-del-transporte-sanitario-no-urgente-de-gran-canaria\\\/#breadcrumb\"},\"inLanguage\":\"es\",\"potentialAction\":[{\"@type\":\"ReadAction\",\"target\":[\"https:\\\/\\\/www.gsccanarias.com\\\/gsc\\\/el-gobierno-de-canarias-presenta-las-nuevas-ambulancias-del-transporte-sanitario-no-urgente-de-gran-canaria\\\/\"]}]},{\"@type\":\"ImageObject\",\"inLanguage\":\"es\",\"@id\":\"https:\\\/\\\/www.gsccanarias.com\\\/gsc\\\/el-gobierno-de-canarias-presenta-las-nuevas-ambulancias-del-transporte-sanitario-no-urgente-de-gran-canaria\\\/#primaryimage\",\"url\":\"https:\\\/\\\/www.gsccanarias.com\\\/gsc\\\/wp-content\\\/uploads\\\/2021\\\/05\\\/Presentacin_TSNU_1_reducida-scaled.jpg\",\"contentUrl\":\"https:\\\/\\\/www.gsccanarias.com\\\/gsc\\\/wp-content\\\/uploads\\\/2021\\\/05\\\/Presentacin_TSNU_1_reducida-scaled.jpg\",\"width\":2560,\"height\":1705},{\"@type\":\"BreadcrumbList\",\"@id\":\"https:\\\/\\\/www.gsccanarias.com\\\/gsc\\\/el-gobierno-de-canarias-presenta-las-nuevas-ambulancias-del-transporte-sanitario-no-urgente-de-gran-canaria\\\/#breadcrumb\",\"itemListElement\":[{\"@type\":\"ListItem\",\"position\":1,\"name\":\"Portada\",\"item\":\"https:\\\/\\\/www.gsccanarias.com\\\/gsc\\\/\"},{\"@type\":\"ListItem\",\"position\":2,\"name\":\"El Gobierno de Canarias presenta las nuevas ambulancias del Transporte Sanitario No Urgente de Gran Canaria\"}]},{\"@type\":\"WebSite\",\"@id\":\"https:\\\/\\\/www.gsccanarias.com\\\/gsc\\\/#website\",\"url\":\"https:\\\/\\\/www.gsccanarias.com\\\/gsc\\\/\",\"name\":\"GSC\",\"description\":\"Administramos servicios relacionados con la salud, las emergencias, la seguridad y el transporte sanitario\",\"potentialAction\":[{\"@type\":\"SearchAction\",\"target\":{\"@type\":\"EntryPoint\",\"urlTemplate\":\"https:\\\/\\\/www.gsccanarias.com\\\/gsc\\\/?s={search_term_string}\"},\"query-input\":{\"@type\":\"PropertyValueSpecification\",\"valueRequired\":true,\"valueName\":\"search_term_string\"}}],\"inLanguage\":\"es\"},{\"@type\":\"Person\",\"@id\":\"https:\\\/\\\/www.gsccanarias.com\\\/gsc\\\/#\\\/schema\\\/person\\\/591ed0ce1757a7168579ec75f6e7f340\",\"name\":\"userad112\",\"image\":{\"@type\":\"ImageObject\",\"inLanguage\":\"es\",\"@id\":\"https:\\\/\\\/secure.gravatar.com\\\/avatar\\\/6aab27730b29899b0a1a05aaa7b266b4fc1fce4dd26b427baeb73cffe474a916?s=96&d=mm&r=g\",\"url\":\"https:\\\/\\\/secure.gravatar.com\\\/avatar\\\/6aab27730b29899b0a1a05aaa7b266b4fc1fce4dd26b427baeb73cffe474a916?s=96&d=mm&r=g\",\"contentUrl\":\"https:\\\/\\\/secure.gravatar.com\\\/avatar\\\/6aab27730b29899b0a1a05aaa7b266b4fc1fce4dd26b427baeb73cffe474a916?s=96&d=mm&r=g\",\"caption\":\"userad112\"},\"sameAs\":[\"https:\\\/\\\/321brand.com\\\/112\"],\"url\":\"https:\\\/\\\/www.gsccanarias.com\\\/gsc\\\/author\\\/userad112\\\/\"}]}<\/script>\n<!-- \/ Yoast SEO plugin. -->","yoast_head_json":{"title":"El Gobierno de Canarias presenta las nuevas ambulancias del Transporte Sanitario No Urgente de Gran Canaria - GSC","robots":{"index":"index","follow":"follow","max-snippet":"max-snippet:-1","max-image-preview":"max-image-preview:large","max-video-preview":"max-video-preview:-1"},"canonical":"https:\/\/www.gsccanarias.com\/gsc\/el-gobierno-de-canarias-presenta-las-nuevas-ambulancias-del-transporte-sanitario-no-urgente-de-gran-canaria\/","og_locale":"es_ES","og_type":"article","og_title":"El Gobierno de Canarias presenta las nuevas ambulancias del Transporte Sanitario No Urgente de Gran Canaria - GSC","og_description":"El servicio en la isla tiene un presupuesto de 29 millones de euros y contar\u00e1 con una flota renovada de 111 recursos, 9 m\u00e1s que hasta ahora En la presentaci\u00f3n, el presidente de Canarias enmarc\u00f3 esta actuaci\u00f3n en el refuerzo de la sanidad p\u00fablica que...","og_url":"https:\/\/www.gsccanarias.com\/gsc\/el-gobierno-de-canarias-presenta-las-nuevas-ambulancias-del-transporte-sanitario-no-urgente-de-gran-canaria\/","og_site_name":"GSC","article_published_time":"2021-05-05T14:07:43+00:00","og_image":[{"width":2560,"height":1705,"url":"https:\/\/www.gsccanarias.com\/gsc\/wp-content\/uploads\/2021\/05\/Presentacin_TSNU_1_reducida-scaled.jpg","type":"image\/jpeg"}],"author":"userad112","twitter_card":"summary_large_image","twitter_misc":{"Escrito por":"userad112","Tiempo de lectura":"6 minutos"},"schema":{"@context":"https:\/\/schema.org","@graph":[{"@type":"Article","@id":"https:\/\/www.gsccanarias.com\/gsc\/el-gobierno-de-canarias-presenta-las-nuevas-ambulancias-del-transporte-sanitario-no-urgente-de-gran-canaria\/#article","isPartOf":{"@id":"https:\/\/www.gsccanarias.com\/gsc\/el-gobierno-de-canarias-presenta-las-nuevas-ambulancias-del-transporte-sanitario-no-urgente-de-gran-canaria\/"},"author":{"name":"userad112","@id":"https:\/\/www.gsccanarias.com\/gsc\/#\/schema\/person\/591ed0ce1757a7168579ec75f6e7f340"},"headline":"El Gobierno de Canarias presenta las nuevas ambulancias del Transporte Sanitario No Urgente de Gran Canaria","datePublished":"2021-05-05T14:07:43+00:00","mainEntityOfPage":{"@id":"https:\/\/www.gsccanarias.com\/gsc\/el-gobierno-de-canarias-presenta-las-nuevas-ambulancias-del-transporte-sanitario-no-urgente-de-gran-canaria\/"},"wordCount":1141,"commentCount":0,"image":{"@id":"https:\/\/www.gsccanarias.com\/gsc\/el-gobierno-de-canarias-presenta-las-nuevas-ambulancias-del-transporte-sanitario-no-urgente-de-gran-canaria\/#primaryimage"},"thumbnailUrl":"https:\/\/www.gsccanarias.com\/gsc\/wp-content\/uploads\/2021\/05\/Presentacin_TSNU_1_reducida-scaled.jpg","articleSection":["\u00daltimas noticias"],"inLanguage":"es","potentialAction":[{"@type":"CommentAction","name":"Comment","target":["https:\/\/www.gsccanarias.com\/gsc\/el-gobierno-de-canarias-presenta-las-nuevas-ambulancias-del-transporte-sanitario-no-urgente-de-gran-canaria\/#respond"]}]},{"@type":"WebPage","@id":"https:\/\/www.gsccanarias.com\/gsc\/el-gobierno-de-canarias-presenta-las-nuevas-ambulancias-del-transporte-sanitario-no-urgente-de-gran-canaria\/","url":"https:\/\/www.gsccanarias.com\/gsc\/el-gobierno-de-canarias-presenta-las-nuevas-ambulancias-del-transporte-sanitario-no-urgente-de-gran-canaria\/","name":"El Gobierno de Canarias presenta las nuevas ambulancias del Transporte Sanitario No Urgente de Gran Canaria - GSC","isPartOf":{"@id":"https:\/\/www.gsccanarias.com\/gsc\/#website"},"primaryImageOfPage":{"@id":"https:\/\/www.gsccanarias.com\/gsc\/el-gobierno-de-canarias-presenta-las-nuevas-ambulancias-del-transporte-sanitario-no-urgente-de-gran-canaria\/#primaryimage"},"image":{"@id":"https:\/\/www.gsccanarias.com\/gsc\/el-gobierno-de-canarias-presenta-las-nuevas-ambulancias-del-transporte-sanitario-no-urgente-de-gran-canaria\/#primaryimage"},"thumbnailUrl":"https:\/\/www.gsccanarias.com\/gsc\/wp-content\/uploads\/2021\/05\/Presentacin_TSNU_1_reducida-scaled.jpg","datePublished":"2021-05-05T14:07:43+00:00","author":{"@id":"https:\/\/www.gsccanarias.com\/gsc\/#\/schema\/person\/591ed0ce1757a7168579ec75f6e7f340"},"breadcrumb":{"@id":"https:\/\/www.gsccanarias.com\/gsc\/el-gobierno-de-canarias-presenta-las-nuevas-ambulancias-del-transporte-sanitario-no-urgente-de-gran-canaria\/#breadcrumb"},"inLanguage":"es","potentialAction":[{"@type":"ReadAction","target":["https:\/\/www.gsccanarias.com\/gsc\/el-gobierno-de-canarias-presenta-las-nuevas-ambulancias-del-transporte-sanitario-no-urgente-de-gran-canaria\/"]}]},{"@type":"ImageObject","inLanguage":"es","@id":"https:\/\/www.gsccanarias.com\/gsc\/el-gobierno-de-canarias-presenta-las-nuevas-ambulancias-del-transporte-sanitario-no-urgente-de-gran-canaria\/#primaryimage","url":"https:\/\/www.gsccanarias.com\/gsc\/wp-content\/uploads\/2021\/05\/Presentacin_TSNU_1_reducida-scaled.jpg","contentUrl":"https:\/\/www.gsccanarias.com\/gsc\/wp-content\/uploads\/2021\/05\/Presentacin_TSNU_1_reducida-scaled.jpg","width":2560,"height":1705},{"@type":"BreadcrumbList","@id":"https:\/\/www.gsccanarias.com\/gsc\/el-gobierno-de-canarias-presenta-las-nuevas-ambulancias-del-transporte-sanitario-no-urgente-de-gran-canaria\/#breadcrumb","itemListElement":[{"@type":"ListItem","position":1,"name":"Portada","item":"https:\/\/www.gsccanarias.com\/gsc\/"},{"@type":"ListItem","position":2,"name":"El Gobierno de Canarias presenta las nuevas ambulancias del Transporte Sanitario No Urgente de Gran Canaria"}]},{"@type":"WebSite","@id":"https:\/\/www.gsccanarias.com\/gsc\/#website","url":"https:\/\/www.gsccanarias.com\/gsc\/","name":"GSC","description":"Administramos servicios relacionados con la salud, las emergencias, la seguridad y el transporte sanitario","potentialAction":[{"@type":"SearchAction","target":{"@type":"EntryPoint","urlTemplate":"https:\/\/www.gsccanarias.com\/gsc\/?s={search_term_string}"},"query-input":{"@type":"PropertyValueSpecification","valueRequired":true,"valueName":"search_term_string"}}],"inLanguage":"es"},{"@type":"Person","@id":"https:\/\/www.gsccanarias.com\/gsc\/#\/schema\/person\/591ed0ce1757a7168579ec75f6e7f340","name":"userad112","image":{"@type":"ImageObject","inLanguage":"es","@id":"https:\/\/secure.gravatar.com\/avatar\/6aab27730b29899b0a1a05aaa7b266b4fc1fce4dd26b427baeb73cffe474a916?s=96&d=mm&r=g","url":"https:\/\/secure.gravatar.com\/avatar\/6aab27730b29899b0a1a05aaa7b266b4fc1fce4dd26b427baeb73cffe474a916?s=96&d=mm&r=g","contentUrl":"https:\/\/secure.gravatar.com\/avatar\/6aab27730b29899b0a1a05aaa7b266b4fc1fce4dd26b427baeb73cffe474a916?s=96&d=mm&r=g","caption":"userad112"},"sameAs":["https:\/\/321brand.com\/112"],"url":"https:\/\/www.gsccanarias.com\/gsc\/author\/userad112\/"}]}},"publishpress_future_workflow_manual_trigger":{"enabledWorkflows":[]},"_links":{"self":[{"href":"https:\/\/www.gsccanarias.com\/gsc\/wp-json\/wp\/v2\/posts\/3137","targetHints":{"allow":["GET"]}}],"collection":[{"href":"https:\/\/www.gsccanarias.com\/gsc\/wp-json\/wp\/v2\/posts"}],"about":[{"href":"https:\/\/www.gsccanarias.com\/gsc\/wp-json\/wp\/v2\/types\/post"}],"author":[{"embeddable":true,"href":"https:\/\/www.gsccanarias.com\/gsc\/wp-json\/wp\/v2\/users\/1"}],"replies":[{"embeddable":true,"href":"https:\/\/www.gsccanarias.com\/gsc\/wp-json\/wp\/v2\/comments?post=3137"}],"version-history":[{"count":0,"href":"https:\/\/www.gsccanarias.com\/gsc\/wp-json\/wp\/v2\/posts\/3137\/revisions"}],"wp:featuredmedia":[{"embeddable":true,"href":"https:\/\/www.gsccanarias.com\/gsc\/wp-json\/wp\/v2\/media\/3135"}],"wp:attachment":[{"href":"https:\/\/www.gsccanarias.com\/gsc\/wp-json\/wp\/v2\/media?parent=3137"}],"wp:term":[{"taxonomy":"category","embeddable":true,"href":"https:\/\/www.gsccanarias.com\/gsc\/wp-json\/wp\/v2\/categories?post=3137"},{"taxonomy":"post_tag","embeddable":true,"href":"https:\/\/www.gsccanarias.com\/gsc\/wp-json\/wp\/v2\/tags?post=3137"}],"curies":[{"name":"wp","href":"https:\/\/api.w.org\/{rel}","templated":true}]}}