{"id":3086,"date":"2021-01-25T11:58:50","date_gmt":"2021-01-25T11:58:50","guid":{"rendered":"https:\/\/www.gsccanarias.com\/gsc\/el-hospital-de-la-candelaria-mejora-las-instalaciones-de-la-base-de-ambulancias-del-suc\/"},"modified":"2021-01-25T11:58:50","modified_gmt":"2021-01-25T11:58:50","slug":"el-hospital-de-la-candelaria-mejora-las-instalaciones-de-la-base-de-ambulancias-del-suc","status":"publish","type":"post","link":"https:\/\/www.gsccanarias.com\/gsc\/el-hospital-de-la-candelaria-mejora-las-instalaciones-de-la-base-de-ambulancias-del-suc\/","title":{"rendered":"El Hospital de La Candelaria mejora las instalaciones de la base de ambulancias del SUC"},"content":{"rendered":"<p><\/p>\n<p><strong>El complejo sanitario acondiciona un nuevo espacio, tanto para el aparcamiento y salida de los veh\u00edculos sanitarios, como para el descanso del personal<\/strong><\/p>\n<p><strong>La nueva ubicaci\u00f3n permitir\u00e1 acortar el tiempo de respuesta de movilizaci\u00f3n del SUC, al integrarlo en el servicio de Urgencias del hospital <\/strong><\/p>\n<p>La base de la ambulancia de soporte vital avanzado del Servicio de Urgencias Canario (SUC) cuenta con nuevas instalaciones en el Hospital Universitario Nuestra Se\u00f1ora de Candelaria, tanto para el estacionamiento de los veh\u00edculos como para el descanso y confort de los profesionales.<\/p>\n<p>El director provincial del SUC en Tenerife, Faustino Redondo, visit\u00f3 el nuevo espacio acompa\u00f1ado por el equipo directivo del centro hospitalario, encabezado por la directora gerente, Natacha Sujanani; el director m\u00e9dico del centro, Roberto G\u00f3mez, y el coordinador del servicio de Urgencias, Antonio Mart\u00edn.<\/p>\n<p>Esta actuaci\u00f3n se enmarca dentro de la apuesta decidida tanto el SUC como el centro hospitalario por mejorar la gesti\u00f3n y los espacios destinados a las sedes de las diferentes ambulancias.<\/p>\n<p>Entre los trabajos realizados se encuentra la habilitaci\u00f3n de un espacio espec\u00edfico destinado al descanso del personal del SUC, que incluye la construcci\u00f3n de tres dormitorios individuales para personal m\u00e9dico, enfermero y t\u00e9cnico-conductor, equipados con almacenaje para material.<\/p>\n<p>Por otro lado, la ubicaci\u00f3n para el estacionamiento de las ambulancias y sus trabajadores se ha trasladado del edificio de Traumatolog\u00eda al de Urgencias, lo que permite movilizar con mayor rapidez el servicio, una vez que sea solicitado, acortando los tiempos de respuesta para las urgencias.<\/p>\n<p>Para ello, se ha acondicionado un estacionamiento espec\u00edfico para la ambulancia junto a la zona de urgencias que cuenta, adem\u00e1s, con cargador de bater\u00eda a pie de calle para facilitar el mantenimiento del veh\u00edculo sanitario.<\/p>\n<p>Todo ello repercute en un circuito m\u00e1s efectivo y diligente e integrado con el propio servicio de Urgencias del Hospital Universitario Nuestra Se\u00f1ora de Candelaria.<\/p>\n<div class=\"pvc_clear\"><\/div>\n<p id=\"pvc_stats_3086\" class=\"pvc_stats all  \" data-element-id=\"3086\" style=\"\"><i class=\"pvc-stats-icon medium\" aria-hidden=\"true\"><svg aria-hidden=\"true\" focusable=\"false\" data-prefix=\"far\" data-icon=\"chart-bar\" role=\"img\" xmlns=\"http:\/\/www.w3.org\/2000\/svg\" viewBox=\"0 0 512 512\" class=\"svg-inline--fa fa-chart-bar fa-w-16 fa-2x\"><path fill=\"currentColor\" d=\"M396.8 352h22.4c6.4 0 12.8-6.4 12.8-12.8V108.8c0-6.4-6.4-12.8-12.8-12.8h-22.4c-6.4 0-12.8 6.4-12.8 12.8v230.4c0 6.4 6.4 12.8 12.8 12.8zm-192 0h22.4c6.4 0 12.8-6.4 12.8-12.8V140.8c0-6.4-6.4-12.8-12.8-12.8h-22.4c-6.4 0-12.8 6.4-12.8 12.8v198.4c0 6.4 6.4 12.8 12.8 12.8zm96 0h22.4c6.4 0 12.8-6.4 12.8-12.8V204.8c0-6.4-6.4-12.8-12.8-12.8h-22.4c-6.4 0-12.8 6.4-12.8 12.8v134.4c0 6.4 6.4 12.8 12.8 12.8zM496 400H48V80c0-8.84-7.16-16-16-16H16C7.16 64 0 71.16 0 80v336c0 17.67 14.33 32 32 32h464c8.84 0 16-7.16 16-16v-16c0-8.84-7.16-16-16-16zm-387.2-48h22.4c6.4 0 12.8-6.4 12.8-12.8v-70.4c0-6.4-6.4-12.8-12.8-12.8h-22.4c-6.4 0-12.8 6.4-12.8 12.8v70.4c0 6.4 6.4 12.8 12.8 12.8z\" class=\"\"><\/path><\/svg><\/i> <\/p>\n<div class=\"pvc_clear\"><\/div>\n<div class=\"print\"><span class=\"page_title\">P\u00e1gina: <span>El Hospital de La Candelaria mejora las instalaciones de la base de ambulancias del SUC<\/span><\/span>\n\t\t\t\t\t\t\t\t\t\t\t<span class=\"page_title\">Fecha de impresi\u00f3n: <span>02\/05\/2026 - 00:18:10 UTC<\/span><\/span>\n\t\t\t\t\t\t\t\t\t\t\t<span class=\"stmp_trans_date\">\u00daltima actualizaci\u00f3n: <span>25\/01\/2021 - 11:58:50<\/span><\/span>\n\t\t\t\t\t\t\t\t\t\t\t<span class=\"stmp_trans_date\">Fecha publicaci\u00f3n: <span>25\/01\/2021 - 11:58:50<\/span><\/span>\n\t\t\t\t\t\t\t\t\t\t\t<span class=\"stmp_trans_date\">Fecha creaci\u00f3n: <span>25\/01\/2021 - 11:58:50<\/span><\/span><\/div>\n\t","protected":false},"excerpt":{"rendered":"<p>El complejo sanitario acondiciona un nuevo espacio, tanto para el aparcamiento y salida de los veh\u00edculos sanitarios, como para el descanso del personal La nueva ubicaci\u00f3n permitir\u00e1 acortar el tiempo de respuesta de movilizaci\u00f3n del SUC, al integrarlo en el servicio de Urgencias del hospital&#8230;<\/p>\n<div class=\"pvc_clear\"><\/div>\n<p id=\"pvc_stats_3086\" class=\"pvc_stats all  \" data-element-id=\"3086\" style=\"\"><i class=\"pvc-stats-icon medium\" aria-hidden=\"true\"><svg aria-hidden=\"true\" focusable=\"false\" data-prefix=\"far\" data-icon=\"chart-bar\" role=\"img\" xmlns=\"http:\/\/www.w3.org\/2000\/svg\" viewBox=\"0 0 512 512\" class=\"svg-inline--fa fa-chart-bar fa-w-16 fa-2x\"><path fill=\"currentColor\" d=\"M396.8 352h22.4c6.4 0 12.8-6.4 12.8-12.8V108.8c0-6.4-6.4-12.8-12.8-12.8h-22.4c-6.4 0-12.8 6.4-12.8 12.8v230.4c0 6.4 6.4 12.8 12.8 12.8zm-192 0h22.4c6.4 0 12.8-6.4 12.8-12.8V140.8c0-6.4-6.4-12.8-12.8-12.8h-22.4c-6.4 0-12.8 6.4-12.8 12.8v198.4c0 6.4 6.4 12.8 12.8 12.8zm96 0h22.4c6.4 0 12.8-6.4 12.8-12.8V204.8c0-6.4-6.4-12.8-12.8-12.8h-22.4c-6.4 0-12.8 6.4-12.8 12.8v134.4c0 6.4 6.4 12.8 12.8 12.8zM496 400H48V80c0-8.84-7.16-16-16-16H16C7.16 64 0 71.16 0 80v336c0 17.67 14.33 32 32 32h464c8.84 0 16-7.16 16-16v-16c0-8.84-7.16-16-16-16zm-387.2-48h22.4c6.4 0 12.8-6.4 12.8-12.8v-70.4c0-6.4-6.4-12.8-12.8-12.8h-22.4c-6.4 0-12.8 6.4-12.8 12.8v70.4c0 6.4 6.4 12.8 12.8 12.8z\" class=\"\"><\/path><\/svg><\/i> <img loading=\"lazy\" decoding=\"async\" width=\"16\" height=\"16\" alt=\"Loading\" src=\"https:\/\/www.gsccanarias.com\/gsc\/wp-content\/plugins\/page-views-count\/ajax-loader-2x.gif\" border=0 \/><\/p>\n<div class=\"pvc_clear\"><\/div>\n","protected":false},"author":1,"featured_media":3085,"comment_status":"open","ping_status":"open","sticky":false,"template":"","format":"standard","meta":{"footnotes":""},"categories":[36],"tags":[],"class_list":["post-3086","post","type-post","status-publish","format-standard","has-post-thumbnail","hentry","category-ultimas-noticias"],"a3_pvc":{"activated":true,"total_views":95,"today_views":0},"yoast_head":"<!-- This site is optimized with the Yoast SEO plugin v27.5 - https:\/\/yoast.com\/product\/yoast-seo-wordpress\/ -->\n<title>El Hospital de La Candelaria mejora las instalaciones de la base de ambulancias del SUC - GSC<\/title>\n<meta name=\"robots\" content=\"index, follow, max-snippet:-1, max-image-preview:large, max-video-preview:-1\" \/>\n<link rel=\"canonical\" href=\"https:\/\/www.gsccanarias.com\/gsc\/el-hospital-de-la-candelaria-mejora-las-instalaciones-de-la-base-de-ambulancias-del-suc\/\" \/>\n<meta property=\"og:locale\" content=\"es_ES\" \/>\n<meta property=\"og:type\" content=\"article\" \/>\n<meta property=\"og:title\" content=\"El Hospital de La Candelaria mejora las instalaciones de la base de ambulancias del SUC - GSC\" \/>\n<meta property=\"og:description\" content=\"El complejo sanitario acondiciona un nuevo espacio, tanto para el aparcamiento y salida de los veh\u00edculos sanitarios, como para el descanso del personal La nueva ubicaci\u00f3n permitir\u00e1 acortar el tiempo de respuesta de movilizaci\u00f3n del SUC, al integrarlo en el servicio de Urgencias del hospital...\" \/>\n<meta property=\"og:url\" content=\"https:\/\/www.gsccanarias.com\/gsc\/el-hospital-de-la-candelaria-mejora-las-instalaciones-de-la-base-de-ambulancias-del-suc\/\" \/>\n<meta property=\"og:site_name\" content=\"GSC\" \/>\n<meta property=\"article:published_time\" content=\"2021-01-25T11:58:50+00:00\" \/>\n<meta property=\"og:image\" content=\"https:\/\/www.gsccanarias.com\/gsc\/wp-content\/uploads\/2021\/01\/Foto_3_Instante_de_la_visita-scaled.jpg\" \/>\n\t<meta property=\"og:image:width\" content=\"2560\" \/>\n\t<meta property=\"og:image:height\" content=\"1437\" \/>\n\t<meta property=\"og:image:type\" content=\"image\/jpeg\" \/>\n<meta name=\"author\" content=\"userad112\" \/>\n<meta name=\"twitter:card\" content=\"summary_large_image\" \/>\n<meta name=\"twitter:label1\" content=\"Escrito por\" \/>\n\t<meta name=\"twitter:data1\" content=\"userad112\" \/>\n\t<meta name=\"twitter:label2\" content=\"Tiempo de lectura\" \/>\n\t<meta name=\"twitter:data2\" content=\"2 minutos\" \/>\n<script type=\"application\/ld+json\" class=\"yoast-schema-graph\">{\"@context\":\"https:\\\/\\\/schema.org\",\"@graph\":[{\"@type\":\"Article\",\"@id\":\"https:\\\/\\\/www.gsccanarias.com\\\/gsc\\\/el-hospital-de-la-candelaria-mejora-las-instalaciones-de-la-base-de-ambulancias-del-suc\\\/#article\",\"isPartOf\":{\"@id\":\"https:\\\/\\\/www.gsccanarias.com\\\/gsc\\\/el-hospital-de-la-candelaria-mejora-las-instalaciones-de-la-base-de-ambulancias-del-suc\\\/\"},\"author\":{\"name\":\"userad112\",\"@id\":\"https:\\\/\\\/www.gsccanarias.com\\\/gsc\\\/#\\\/schema\\\/person\\\/591ed0ce1757a7168579ec75f6e7f340\"},\"headline\":\"El Hospital de La Candelaria mejora las instalaciones de la base de ambulancias del SUC\",\"datePublished\":\"2021-01-25T11:58:50+00:00\",\"mainEntityOfPage\":{\"@id\":\"https:\\\/\\\/www.gsccanarias.com\\\/gsc\\\/el-hospital-de-la-candelaria-mejora-las-instalaciones-de-la-base-de-ambulancias-del-suc\\\/\"},\"wordCount\":346,\"commentCount\":0,\"image\":{\"@id\":\"https:\\\/\\\/www.gsccanarias.com\\\/gsc\\\/el-hospital-de-la-candelaria-mejora-las-instalaciones-de-la-base-de-ambulancias-del-suc\\\/#primaryimage\"},\"thumbnailUrl\":\"https:\\\/\\\/www.gsccanarias.com\\\/gsc\\\/wp-content\\\/uploads\\\/2021\\\/01\\\/Foto_3_Instante_de_la_visita-scaled.jpg\",\"articleSection\":[\"\u00daltimas noticias\"],\"inLanguage\":\"es\",\"potentialAction\":[{\"@type\":\"CommentAction\",\"name\":\"Comment\",\"target\":[\"https:\\\/\\\/www.gsccanarias.com\\\/gsc\\\/el-hospital-de-la-candelaria-mejora-las-instalaciones-de-la-base-de-ambulancias-del-suc\\\/#respond\"]}]},{\"@type\":\"WebPage\",\"@id\":\"https:\\\/\\\/www.gsccanarias.com\\\/gsc\\\/el-hospital-de-la-candelaria-mejora-las-instalaciones-de-la-base-de-ambulancias-del-suc\\\/\",\"url\":\"https:\\\/\\\/www.gsccanarias.com\\\/gsc\\\/el-hospital-de-la-candelaria-mejora-las-instalaciones-de-la-base-de-ambulancias-del-suc\\\/\",\"name\":\"El Hospital de La Candelaria mejora las instalaciones de la base de ambulancias del SUC - GSC\",\"isPartOf\":{\"@id\":\"https:\\\/\\\/www.gsccanarias.com\\\/gsc\\\/#website\"},\"primaryImageOfPage\":{\"@id\":\"https:\\\/\\\/www.gsccanarias.com\\\/gsc\\\/el-hospital-de-la-candelaria-mejora-las-instalaciones-de-la-base-de-ambulancias-del-suc\\\/#primaryimage\"},\"image\":{\"@id\":\"https:\\\/\\\/www.gsccanarias.com\\\/gsc\\\/el-hospital-de-la-candelaria-mejora-las-instalaciones-de-la-base-de-ambulancias-del-suc\\\/#primaryimage\"},\"thumbnailUrl\":\"https:\\\/\\\/www.gsccanarias.com\\\/gsc\\\/wp-content\\\/uploads\\\/2021\\\/01\\\/Foto_3_Instante_de_la_visita-scaled.jpg\",\"datePublished\":\"2021-01-25T11:58:50+00:00\",\"author\":{\"@id\":\"https:\\\/\\\/www.gsccanarias.com\\\/gsc\\\/#\\\/schema\\\/person\\\/591ed0ce1757a7168579ec75f6e7f340\"},\"breadcrumb\":{\"@id\":\"https:\\\/\\\/www.gsccanarias.com\\\/gsc\\\/el-hospital-de-la-candelaria-mejora-las-instalaciones-de-la-base-de-ambulancias-del-suc\\\/#breadcrumb\"},\"inLanguage\":\"es\",\"potentialAction\":[{\"@type\":\"ReadAction\",\"target\":[\"https:\\\/\\\/www.gsccanarias.com\\\/gsc\\\/el-hospital-de-la-candelaria-mejora-las-instalaciones-de-la-base-de-ambulancias-del-suc\\\/\"]}]},{\"@type\":\"ImageObject\",\"inLanguage\":\"es\",\"@id\":\"https:\\\/\\\/www.gsccanarias.com\\\/gsc\\\/el-hospital-de-la-candelaria-mejora-las-instalaciones-de-la-base-de-ambulancias-del-suc\\\/#primaryimage\",\"url\":\"https:\\\/\\\/www.gsccanarias.com\\\/gsc\\\/wp-content\\\/uploads\\\/2021\\\/01\\\/Foto_3_Instante_de_la_visita-scaled.jpg\",\"contentUrl\":\"https:\\\/\\\/www.gsccanarias.com\\\/gsc\\\/wp-content\\\/uploads\\\/2021\\\/01\\\/Foto_3_Instante_de_la_visita-scaled.jpg\",\"width\":2560,\"height\":1437},{\"@type\":\"BreadcrumbList\",\"@id\":\"https:\\\/\\\/www.gsccanarias.com\\\/gsc\\\/el-hospital-de-la-candelaria-mejora-las-instalaciones-de-la-base-de-ambulancias-del-suc\\\/#breadcrumb\",\"itemListElement\":[{\"@type\":\"ListItem\",\"position\":1,\"name\":\"Portada\",\"item\":\"https:\\\/\\\/www.gsccanarias.com\\\/gsc\\\/\"},{\"@type\":\"ListItem\",\"position\":2,\"name\":\"El Hospital de La Candelaria mejora las instalaciones de la base de ambulancias del SUC\"}]},{\"@type\":\"WebSite\",\"@id\":\"https:\\\/\\\/www.gsccanarias.com\\\/gsc\\\/#website\",\"url\":\"https:\\\/\\\/www.gsccanarias.com\\\/gsc\\\/\",\"name\":\"GSC\",\"description\":\"Administramos servicios relacionados con la salud, las emergencias, la seguridad y el transporte sanitario\",\"potentialAction\":[{\"@type\":\"SearchAction\",\"target\":{\"@type\":\"EntryPoint\",\"urlTemplate\":\"https:\\\/\\\/www.gsccanarias.com\\\/gsc\\\/?s={search_term_string}\"},\"query-input\":{\"@type\":\"PropertyValueSpecification\",\"valueRequired\":true,\"valueName\":\"search_term_string\"}}],\"inLanguage\":\"es\"},{\"@type\":\"Person\",\"@id\":\"https:\\\/\\\/www.gsccanarias.com\\\/gsc\\\/#\\\/schema\\\/person\\\/591ed0ce1757a7168579ec75f6e7f340\",\"name\":\"userad112\",\"image\":{\"@type\":\"ImageObject\",\"inLanguage\":\"es\",\"@id\":\"https:\\\/\\\/secure.gravatar.com\\\/avatar\\\/6aab27730b29899b0a1a05aaa7b266b4fc1fce4dd26b427baeb73cffe474a916?s=96&d=mm&r=g\",\"url\":\"https:\\\/\\\/secure.gravatar.com\\\/avatar\\\/6aab27730b29899b0a1a05aaa7b266b4fc1fce4dd26b427baeb73cffe474a916?s=96&d=mm&r=g\",\"contentUrl\":\"https:\\\/\\\/secure.gravatar.com\\\/avatar\\\/6aab27730b29899b0a1a05aaa7b266b4fc1fce4dd26b427baeb73cffe474a916?s=96&d=mm&r=g\",\"caption\":\"userad112\"},\"sameAs\":[\"https:\\\/\\\/321brand.com\\\/112\"],\"url\":\"https:\\\/\\\/www.gsccanarias.com\\\/gsc\\\/author\\\/userad112\\\/\"}]}<\/script>\n<!-- \/ Yoast SEO plugin. -->","yoast_head_json":{"title":"El Hospital de La Candelaria mejora las instalaciones de la base de ambulancias del SUC - GSC","robots":{"index":"index","follow":"follow","max-snippet":"max-snippet:-1","max-image-preview":"max-image-preview:large","max-video-preview":"max-video-preview:-1"},"canonical":"https:\/\/www.gsccanarias.com\/gsc\/el-hospital-de-la-candelaria-mejora-las-instalaciones-de-la-base-de-ambulancias-del-suc\/","og_locale":"es_ES","og_type":"article","og_title":"El Hospital de La Candelaria mejora las instalaciones de la base de ambulancias del SUC - GSC","og_description":"El complejo sanitario acondiciona un nuevo espacio, tanto para el aparcamiento y salida de los veh\u00edculos sanitarios, como para el descanso del personal La nueva ubicaci\u00f3n permitir\u00e1 acortar el tiempo de respuesta de movilizaci\u00f3n del SUC, al integrarlo en el servicio de Urgencias del hospital...","og_url":"https:\/\/www.gsccanarias.com\/gsc\/el-hospital-de-la-candelaria-mejora-las-instalaciones-de-la-base-de-ambulancias-del-suc\/","og_site_name":"GSC","article_published_time":"2021-01-25T11:58:50+00:00","og_image":[{"width":2560,"height":1437,"url":"https:\/\/www.gsccanarias.com\/gsc\/wp-content\/uploads\/2021\/01\/Foto_3_Instante_de_la_visita-scaled.jpg","type":"image\/jpeg"}],"author":"userad112","twitter_card":"summary_large_image","twitter_misc":{"Escrito por":"userad112","Tiempo de lectura":"2 minutos"},"schema":{"@context":"https:\/\/schema.org","@graph":[{"@type":"Article","@id":"https:\/\/www.gsccanarias.com\/gsc\/el-hospital-de-la-candelaria-mejora-las-instalaciones-de-la-base-de-ambulancias-del-suc\/#article","isPartOf":{"@id":"https:\/\/www.gsccanarias.com\/gsc\/el-hospital-de-la-candelaria-mejora-las-instalaciones-de-la-base-de-ambulancias-del-suc\/"},"author":{"name":"userad112","@id":"https:\/\/www.gsccanarias.com\/gsc\/#\/schema\/person\/591ed0ce1757a7168579ec75f6e7f340"},"headline":"El Hospital de La Candelaria mejora las instalaciones de la base de ambulancias del SUC","datePublished":"2021-01-25T11:58:50+00:00","mainEntityOfPage":{"@id":"https:\/\/www.gsccanarias.com\/gsc\/el-hospital-de-la-candelaria-mejora-las-instalaciones-de-la-base-de-ambulancias-del-suc\/"},"wordCount":346,"commentCount":0,"image":{"@id":"https:\/\/www.gsccanarias.com\/gsc\/el-hospital-de-la-candelaria-mejora-las-instalaciones-de-la-base-de-ambulancias-del-suc\/#primaryimage"},"thumbnailUrl":"https:\/\/www.gsccanarias.com\/gsc\/wp-content\/uploads\/2021\/01\/Foto_3_Instante_de_la_visita-scaled.jpg","articleSection":["\u00daltimas noticias"],"inLanguage":"es","potentialAction":[{"@type":"CommentAction","name":"Comment","target":["https:\/\/www.gsccanarias.com\/gsc\/el-hospital-de-la-candelaria-mejora-las-instalaciones-de-la-base-de-ambulancias-del-suc\/#respond"]}]},{"@type":"WebPage","@id":"https:\/\/www.gsccanarias.com\/gsc\/el-hospital-de-la-candelaria-mejora-las-instalaciones-de-la-base-de-ambulancias-del-suc\/","url":"https:\/\/www.gsccanarias.com\/gsc\/el-hospital-de-la-candelaria-mejora-las-instalaciones-de-la-base-de-ambulancias-del-suc\/","name":"El Hospital de La Candelaria mejora las instalaciones de la base de ambulancias del SUC - GSC","isPartOf":{"@id":"https:\/\/www.gsccanarias.com\/gsc\/#website"},"primaryImageOfPage":{"@id":"https:\/\/www.gsccanarias.com\/gsc\/el-hospital-de-la-candelaria-mejora-las-instalaciones-de-la-base-de-ambulancias-del-suc\/#primaryimage"},"image":{"@id":"https:\/\/www.gsccanarias.com\/gsc\/el-hospital-de-la-candelaria-mejora-las-instalaciones-de-la-base-de-ambulancias-del-suc\/#primaryimage"},"thumbnailUrl":"https:\/\/www.gsccanarias.com\/gsc\/wp-content\/uploads\/2021\/01\/Foto_3_Instante_de_la_visita-scaled.jpg","datePublished":"2021-01-25T11:58:50+00:00","author":{"@id":"https:\/\/www.gsccanarias.com\/gsc\/#\/schema\/person\/591ed0ce1757a7168579ec75f6e7f340"},"breadcrumb":{"@id":"https:\/\/www.gsccanarias.com\/gsc\/el-hospital-de-la-candelaria-mejora-las-instalaciones-de-la-base-de-ambulancias-del-suc\/#breadcrumb"},"inLanguage":"es","potentialAction":[{"@type":"ReadAction","target":["https:\/\/www.gsccanarias.com\/gsc\/el-hospital-de-la-candelaria-mejora-las-instalaciones-de-la-base-de-ambulancias-del-suc\/"]}]},{"@type":"ImageObject","inLanguage":"es","@id":"https:\/\/www.gsccanarias.com\/gsc\/el-hospital-de-la-candelaria-mejora-las-instalaciones-de-la-base-de-ambulancias-del-suc\/#primaryimage","url":"https:\/\/www.gsccanarias.com\/gsc\/wp-content\/uploads\/2021\/01\/Foto_3_Instante_de_la_visita-scaled.jpg","contentUrl":"https:\/\/www.gsccanarias.com\/gsc\/wp-content\/uploads\/2021\/01\/Foto_3_Instante_de_la_visita-scaled.jpg","width":2560,"height":1437},{"@type":"BreadcrumbList","@id":"https:\/\/www.gsccanarias.com\/gsc\/el-hospital-de-la-candelaria-mejora-las-instalaciones-de-la-base-de-ambulancias-del-suc\/#breadcrumb","itemListElement":[{"@type":"ListItem","position":1,"name":"Portada","item":"https:\/\/www.gsccanarias.com\/gsc\/"},{"@type":"ListItem","position":2,"name":"El Hospital de La Candelaria mejora las instalaciones de la base de ambulancias del SUC"}]},{"@type":"WebSite","@id":"https:\/\/www.gsccanarias.com\/gsc\/#website","url":"https:\/\/www.gsccanarias.com\/gsc\/","name":"GSC","description":"Administramos servicios relacionados con la salud, las emergencias, la seguridad y el transporte sanitario","potentialAction":[{"@type":"SearchAction","target":{"@type":"EntryPoint","urlTemplate":"https:\/\/www.gsccanarias.com\/gsc\/?s={search_term_string}"},"query-input":{"@type":"PropertyValueSpecification","valueRequired":true,"valueName":"search_term_string"}}],"inLanguage":"es"},{"@type":"Person","@id":"https:\/\/www.gsccanarias.com\/gsc\/#\/schema\/person\/591ed0ce1757a7168579ec75f6e7f340","name":"userad112","image":{"@type":"ImageObject","inLanguage":"es","@id":"https:\/\/secure.gravatar.com\/avatar\/6aab27730b29899b0a1a05aaa7b266b4fc1fce4dd26b427baeb73cffe474a916?s=96&d=mm&r=g","url":"https:\/\/secure.gravatar.com\/avatar\/6aab27730b29899b0a1a05aaa7b266b4fc1fce4dd26b427baeb73cffe474a916?s=96&d=mm&r=g","contentUrl":"https:\/\/secure.gravatar.com\/avatar\/6aab27730b29899b0a1a05aaa7b266b4fc1fce4dd26b427baeb73cffe474a916?s=96&d=mm&r=g","caption":"userad112"},"sameAs":["https:\/\/321brand.com\/112"],"url":"https:\/\/www.gsccanarias.com\/gsc\/author\/userad112\/"}]}},"publishpress_future_workflow_manual_trigger":{"enabledWorkflows":[]},"_links":{"self":[{"href":"https:\/\/www.gsccanarias.com\/gsc\/wp-json\/wp\/v2\/posts\/3086","targetHints":{"allow":["GET"]}}],"collection":[{"href":"https:\/\/www.gsccanarias.com\/gsc\/wp-json\/wp\/v2\/posts"}],"about":[{"href":"https:\/\/www.gsccanarias.com\/gsc\/wp-json\/wp\/v2\/types\/post"}],"author":[{"embeddable":true,"href":"https:\/\/www.gsccanarias.com\/gsc\/wp-json\/wp\/v2\/users\/1"}],"replies":[{"embeddable":true,"href":"https:\/\/www.gsccanarias.com\/gsc\/wp-json\/wp\/v2\/comments?post=3086"}],"version-history":[{"count":0,"href":"https:\/\/www.gsccanarias.com\/gsc\/wp-json\/wp\/v2\/posts\/3086\/revisions"}],"wp:featuredmedia":[{"embeddable":true,"href":"https:\/\/www.gsccanarias.com\/gsc\/wp-json\/wp\/v2\/media\/3085"}],"wp:attachment":[{"href":"https:\/\/www.gsccanarias.com\/gsc\/wp-json\/wp\/v2\/media?parent=3086"}],"wp:term":[{"taxonomy":"category","embeddable":true,"href":"https:\/\/www.gsccanarias.com\/gsc\/wp-json\/wp\/v2\/categories?post=3086"},{"taxonomy":"post_tag","embeddable":true,"href":"https:\/\/www.gsccanarias.com\/gsc\/wp-json\/wp\/v2\/tags?post=3086"}],"curies":[{"name":"wp","href":"https:\/\/api.w.org\/{rel}","templated":true}]}}