{"id":3068,"date":"2020-12-11T09:11:18","date_gmt":"2020-12-11T09:11:18","guid":{"rendered":"https:\/\/www.gsccanarias.com\/gsc\/sanidad-presenta-las-nuevas-ambulancias-del-suc-en-la-zona-norte-de-gran-canaria\/"},"modified":"2020-12-11T09:11:18","modified_gmt":"2020-12-11T09:11:18","slug":"sanidad-presenta-las-nuevas-ambulancias-del-suc-en-la-zona-norte-de-gran-canaria","status":"publish","type":"post","link":"https:\/\/www.gsccanarias.com\/gsc\/sanidad-presenta-las-nuevas-ambulancias-del-suc-en-la-zona-norte-de-gran-canaria\/","title":{"rendered":"Sanidad presenta las nuevas ambulancias del SUC en la zona norte de Gran Canaria"},"content":{"rendered":"<p><\/p>\n<p><strong>Un total de 14 recursos prestar\u00e1n asistencia sanitaria urgente en esta zona, incorporando una nueva unidad de soporte vital b\u00e1sico (ASVB) en Arucas <\/strong><\/p>\n<p style=\"text-align: justify;\">El consejero de Sanidad, Blas Trujillo, asisti\u00f3 hoy a la presentaci\u00f3n de las nuevas ambulancias del Servicio de Urgencias Canario que han entrado en funcionamiento este mes de diciembre en el norte de Gran Canaria, tras la adjudicaci\u00f3n del nuevo concurso por la empresa p\u00fablica Gesti\u00f3n de Servicios para la Salud y Seguridad en Canarias. Con la puesta en marcha de esta zona, se completa la renovaci\u00f3n de toda la flota del SUC en la Isla.<\/p>\n<p style=\"text-align: justify;\">En esta comarca de la Isla operaran un total de 14 recursos, 11 de ellos de soporte vital b\u00e1sico y tres de soporte vital avanzado. El nuevo concurso aporta como mejora una nueva ambulancia de soporte vital b\u00e1sico de 24 horas en Arucas.<\/p>\n<p style=\"text-align: justify;\">Este dimensionamiento de unidades recoge las necesidades del incremento de los recursos en funci\u00f3n de la demanda de servicios por n\u00facleo poblacional, contempladas en el Plan Regional de Urgencias de Canarias (PLUSCAN).<\/p>\n<p style=\"text-align: justify;\">En total, el SUC dispone en la isla de Gran Canaria de un total de 44 las ambulancias, con cuatro nuevas unidades como mejora. Adem\u00e1s de la ASVB de Arucas, se han incrementado otras tres en Canalejas (LPGC), Telde y Vecindario (Santa Luc\u00eda).<\/p>\n<p style=\"text-align: justify;\">Por tipo de recursos, la Isla cuenta para este nuevo periodo con 35 ambulancias de soporte vital b\u00e1sico (ASVB) y 9 ambulancias de soporte vital avanzado (ASVA) donde se incluyen las medicalizadas y sanitarizadas. El presupuesto para la Isla supera los 39 millones de euros hasta el 31 de diciembre de 2023, aunque la duraci\u00f3n del contrato podr\u00eda prorrogarse hasta un m\u00e1ximo de 6 a\u00f1os.<\/p>\n<p style=\"text-align: justify;\"><strong>Equipamiento<\/strong><\/p>\n<p style=\"text-align: justify;\">Adem\u00e1s del nuevo dimensionamiento de la flota, hay que destacar las \u00a0mejoras en el equipamiento t\u00e9cnico de los veh\u00edculos, que incorpora material de telemedicina de \u00faltima generaci\u00f3n con posibilidad de trasmisi\u00f3n de datos; equipos DESA en todos los recursos sanitarios, incluidos los de transporte sanitario no urgente; unidades bari\u00e1tricas para el traslado de pacientes obesos; posibilidad de mejorar el equipamiento de las ASVB con electromedicina para posibilitar la medicalizaci\u00f3n del recurso en caso necesario y mejora en el carrozado de los veh\u00edculos para mayor versatilidad.<\/p>\n<p style=\"text-align: justify;\">Asimismo, se incluye un equipamiento para control de flota y hardware destinado a la implantaci\u00f3n de Historia Cl\u00ednica Digital. Adem\u00e1s, se sustituye la tecnolog\u00eda anal\u00f3gica por la digital (TETRA) y se incorpora la tecnolog\u00eda m\u00f3vil con datos. En concreto, la incorporaci\u00f3n de las nuevas flotas de veh\u00edculos para el transporte urgente y no urgente supone un salto cualitativo a nivel t\u00e9cnico centrado en la plena integraci\u00f3n con la Red de Emergencias del Gobierno de Canarias (RESCAN), facilitando la comunicaci\u00f3n bajo situaciones extremas y permitiendo mayor agilidad, precisi\u00f3n y disponibilidad en las comunicaciones; un seguimiento permanente e individualizado de la ruta de todos los veh\u00edculos, visualizando, en un entorno unificado, toda la flota de veh\u00edculos de transporte sanitario y pudiendo interactuar con ellos en todo momento.<\/p>\n<p style=\"text-align: justify;\">Otra novedad est\u00e1 relacionada con la incorporaci\u00f3n de dispositivos m\u00f3viles y tabletas de \u00faltima generaci\u00f3n para facilitar la digitalizaci\u00f3n de la informaci\u00f3n y optimizar la coordinaci\u00f3n entre el personal de los recursos, la sala de coordinaci\u00f3n y el centro hospitalario de referencia, lo que redundar\u00e1 en una mejor y m\u00e1s precisa atenci\u00f3n a las situaciones de urgencia.<\/p>\n<p style=\"text-align: justify;\"><strong>\u00a0<\/strong><\/p>\n<p>\u00a0<\/p>\n<div class=\"pvc_clear\"><\/div>\n<p id=\"pvc_stats_3068\" class=\"pvc_stats all  \" data-element-id=\"3068\" style=\"\"><i class=\"pvc-stats-icon medium\" aria-hidden=\"true\"><svg aria-hidden=\"true\" focusable=\"false\" data-prefix=\"far\" data-icon=\"chart-bar\" role=\"img\" xmlns=\"http:\/\/www.w3.org\/2000\/svg\" viewBox=\"0 0 512 512\" class=\"svg-inline--fa fa-chart-bar fa-w-16 fa-2x\"><path fill=\"currentColor\" d=\"M396.8 352h22.4c6.4 0 12.8-6.4 12.8-12.8V108.8c0-6.4-6.4-12.8-12.8-12.8h-22.4c-6.4 0-12.8 6.4-12.8 12.8v230.4c0 6.4 6.4 12.8 12.8 12.8zm-192 0h22.4c6.4 0 12.8-6.4 12.8-12.8V140.8c0-6.4-6.4-12.8-12.8-12.8h-22.4c-6.4 0-12.8 6.4-12.8 12.8v198.4c0 6.4 6.4 12.8 12.8 12.8zm96 0h22.4c6.4 0 12.8-6.4 12.8-12.8V204.8c0-6.4-6.4-12.8-12.8-12.8h-22.4c-6.4 0-12.8 6.4-12.8 12.8v134.4c0 6.4 6.4 12.8 12.8 12.8zM496 400H48V80c0-8.84-7.16-16-16-16H16C7.16 64 0 71.16 0 80v336c0 17.67 14.33 32 32 32h464c8.84 0 16-7.16 16-16v-16c0-8.84-7.16-16-16-16zm-387.2-48h22.4c6.4 0 12.8-6.4 12.8-12.8v-70.4c0-6.4-6.4-12.8-12.8-12.8h-22.4c-6.4 0-12.8 6.4-12.8 12.8v70.4c0 6.4 6.4 12.8 12.8 12.8z\" class=\"\"><\/path><\/svg><\/i> <\/p>\n<div class=\"pvc_clear\"><\/div>\n<div class=\"print\"><span class=\"page_title\">P\u00e1gina: <span>Sanidad presenta las nuevas ambulancias del SUC en la zona norte de Gran Canaria<\/span><\/span>\n\t\t\t\t\t\t\t\t\t\t\t<span class=\"page_title\">Fecha de impresi\u00f3n: <span>02\/05\/2026 - 10:28:15 UTC<\/span><\/span>\n\t\t\t\t\t\t\t\t\t\t\t<span class=\"stmp_trans_date\">\u00daltima actualizaci\u00f3n: <span>11\/12\/2020 - 09:11:18<\/span><\/span>\n\t\t\t\t\t\t\t\t\t\t\t<span class=\"stmp_trans_date\">Fecha publicaci\u00f3n: <span>11\/12\/2020 - 09:11:18<\/span><\/span>\n\t\t\t\t\t\t\t\t\t\t\t<span class=\"stmp_trans_date\">Fecha creaci\u00f3n: <span>11\/12\/2020 - 09:11:18<\/span><\/span><\/div>\n\t","protected":false},"excerpt":{"rendered":"<p>Un total de 14 recursos prestar\u00e1n asistencia sanitaria urgente en esta zona, incorporando una nueva unidad de soporte vital b\u00e1sico (ASVB) en Arucas El consejero de Sanidad, Blas Trujillo, asisti\u00f3 hoy a la presentaci\u00f3n de las nuevas ambulancias del Servicio de Urgencias Canario que han&#8230;<\/p>\n<div class=\"pvc_clear\"><\/div>\n<p id=\"pvc_stats_3068\" class=\"pvc_stats all  \" data-element-id=\"3068\" style=\"\"><i class=\"pvc-stats-icon medium\" aria-hidden=\"true\"><svg aria-hidden=\"true\" focusable=\"false\" data-prefix=\"far\" data-icon=\"chart-bar\" role=\"img\" xmlns=\"http:\/\/www.w3.org\/2000\/svg\" viewBox=\"0 0 512 512\" class=\"svg-inline--fa fa-chart-bar fa-w-16 fa-2x\"><path fill=\"currentColor\" d=\"M396.8 352h22.4c6.4 0 12.8-6.4 12.8-12.8V108.8c0-6.4-6.4-12.8-12.8-12.8h-22.4c-6.4 0-12.8 6.4-12.8 12.8v230.4c0 6.4 6.4 12.8 12.8 12.8zm-192 0h22.4c6.4 0 12.8-6.4 12.8-12.8V140.8c0-6.4-6.4-12.8-12.8-12.8h-22.4c-6.4 0-12.8 6.4-12.8 12.8v198.4c0 6.4 6.4 12.8 12.8 12.8zm96 0h22.4c6.4 0 12.8-6.4 12.8-12.8V204.8c0-6.4-6.4-12.8-12.8-12.8h-22.4c-6.4 0-12.8 6.4-12.8 12.8v134.4c0 6.4 6.4 12.8 12.8 12.8zM496 400H48V80c0-8.84-7.16-16-16-16H16C7.16 64 0 71.16 0 80v336c0 17.67 14.33 32 32 32h464c8.84 0 16-7.16 16-16v-16c0-8.84-7.16-16-16-16zm-387.2-48h22.4c6.4 0 12.8-6.4 12.8-12.8v-70.4c0-6.4-6.4-12.8-12.8-12.8h-22.4c-6.4 0-12.8 6.4-12.8 12.8v70.4c0 6.4 6.4 12.8 12.8 12.8z\" class=\"\"><\/path><\/svg><\/i> <img loading=\"lazy\" decoding=\"async\" width=\"16\" height=\"16\" alt=\"Loading\" src=\"https:\/\/www.gsccanarias.com\/gsc\/wp-content\/plugins\/page-views-count\/ajax-loader-2x.gif\" border=0 \/><\/p>\n<div class=\"pvc_clear\"><\/div>\n","protected":false},"author":1,"featured_media":3067,"comment_status":"open","ping_status":"open","sticky":false,"template":"","format":"standard","meta":{"footnotes":""},"categories":[36],"tags":[],"class_list":["post-3068","post","type-post","status-publish","format-standard","has-post-thumbnail","hentry","category-ultimas-noticias"],"a3_pvc":{"activated":true,"total_views":151,"today_views":0},"yoast_head":"<!-- This site is optimized with the Yoast SEO plugin v27.5 - https:\/\/yoast.com\/product\/yoast-seo-wordpress\/ -->\n<title>Sanidad presenta las nuevas ambulancias del SUC en la zona norte de Gran Canaria - GSC<\/title>\n<meta name=\"robots\" content=\"index, follow, max-snippet:-1, max-image-preview:large, max-video-preview:-1\" \/>\n<link rel=\"canonical\" href=\"https:\/\/www.gsccanarias.com\/gsc\/sanidad-presenta-las-nuevas-ambulancias-del-suc-en-la-zona-norte-de-gran-canaria\/\" \/>\n<meta property=\"og:locale\" content=\"es_ES\" \/>\n<meta property=\"og:type\" content=\"article\" \/>\n<meta property=\"og:title\" content=\"Sanidad presenta las nuevas ambulancias del SUC en la zona norte de Gran Canaria - GSC\" \/>\n<meta property=\"og:description\" content=\"Un total de 14 recursos prestar\u00e1n asistencia sanitaria urgente en esta zona, incorporando una nueva unidad de soporte vital b\u00e1sico (ASVB) en Arucas El consejero de Sanidad, Blas Trujillo, asisti\u00f3 hoy a la presentaci\u00f3n de las nuevas ambulancias del Servicio de Urgencias Canario que han...\" \/>\n<meta property=\"og:url\" content=\"https:\/\/www.gsccanarias.com\/gsc\/sanidad-presenta-las-nuevas-ambulancias-del-suc-en-la-zona-norte-de-gran-canaria\/\" \/>\n<meta property=\"og:site_name\" content=\"GSC\" \/>\n<meta property=\"article:published_time\" content=\"2020-12-11T09:11:18+00:00\" \/>\n<meta property=\"og:image\" content=\"https:\/\/www.gsccanarias.com\/gsc\/wp-content\/uploads\/2020\/12\/Blas_Trujillo_en_la_presentacin_ambulancias_SUC_zona_norte_de_Gran_Canaria.jpeg\" \/>\n\t<meta property=\"og:image:width\" content=\"2048\" \/>\n\t<meta property=\"og:image:height\" content=\"1283\" \/>\n\t<meta property=\"og:image:type\" content=\"image\/jpeg\" \/>\n<meta name=\"author\" content=\"userad112\" \/>\n<meta name=\"twitter:card\" content=\"summary_large_image\" \/>\n<meta name=\"twitter:label1\" content=\"Escrito por\" \/>\n\t<meta name=\"twitter:data1\" content=\"userad112\" \/>\n\t<meta name=\"twitter:label2\" content=\"Tiempo de lectura\" \/>\n\t<meta name=\"twitter:data2\" content=\"3 minutos\" \/>\n<script type=\"application\/ld+json\" class=\"yoast-schema-graph\">{\"@context\":\"https:\\\/\\\/schema.org\",\"@graph\":[{\"@type\":\"Article\",\"@id\":\"https:\\\/\\\/www.gsccanarias.com\\\/gsc\\\/sanidad-presenta-las-nuevas-ambulancias-del-suc-en-la-zona-norte-de-gran-canaria\\\/#article\",\"isPartOf\":{\"@id\":\"https:\\\/\\\/www.gsccanarias.com\\\/gsc\\\/sanidad-presenta-las-nuevas-ambulancias-del-suc-en-la-zona-norte-de-gran-canaria\\\/\"},\"author\":{\"name\":\"userad112\",\"@id\":\"https:\\\/\\\/www.gsccanarias.com\\\/gsc\\\/#\\\/schema\\\/person\\\/591ed0ce1757a7168579ec75f6e7f340\"},\"headline\":\"Sanidad presenta las nuevas ambulancias del SUC en la zona norte de Gran Canaria\",\"datePublished\":\"2020-12-11T09:11:18+00:00\",\"mainEntityOfPage\":{\"@id\":\"https:\\\/\\\/www.gsccanarias.com\\\/gsc\\\/sanidad-presenta-las-nuevas-ambulancias-del-suc-en-la-zona-norte-de-gran-canaria\\\/\"},\"wordCount\":603,\"commentCount\":0,\"image\":{\"@id\":\"https:\\\/\\\/www.gsccanarias.com\\\/gsc\\\/sanidad-presenta-las-nuevas-ambulancias-del-suc-en-la-zona-norte-de-gran-canaria\\\/#primaryimage\"},\"thumbnailUrl\":\"https:\\\/\\\/www.gsccanarias.com\\\/gsc\\\/wp-content\\\/uploads\\\/2020\\\/12\\\/Blas_Trujillo_en_la_presentacin_ambulancias_SUC_zona_norte_de_Gran_Canaria.jpeg\",\"articleSection\":[\"\u00daltimas noticias\"],\"inLanguage\":\"es\",\"potentialAction\":[{\"@type\":\"CommentAction\",\"name\":\"Comment\",\"target\":[\"https:\\\/\\\/www.gsccanarias.com\\\/gsc\\\/sanidad-presenta-las-nuevas-ambulancias-del-suc-en-la-zona-norte-de-gran-canaria\\\/#respond\"]}]},{\"@type\":\"WebPage\",\"@id\":\"https:\\\/\\\/www.gsccanarias.com\\\/gsc\\\/sanidad-presenta-las-nuevas-ambulancias-del-suc-en-la-zona-norte-de-gran-canaria\\\/\",\"url\":\"https:\\\/\\\/www.gsccanarias.com\\\/gsc\\\/sanidad-presenta-las-nuevas-ambulancias-del-suc-en-la-zona-norte-de-gran-canaria\\\/\",\"name\":\"Sanidad presenta las nuevas ambulancias del SUC en la zona norte de Gran Canaria - GSC\",\"isPartOf\":{\"@id\":\"https:\\\/\\\/www.gsccanarias.com\\\/gsc\\\/#website\"},\"primaryImageOfPage\":{\"@id\":\"https:\\\/\\\/www.gsccanarias.com\\\/gsc\\\/sanidad-presenta-las-nuevas-ambulancias-del-suc-en-la-zona-norte-de-gran-canaria\\\/#primaryimage\"},\"image\":{\"@id\":\"https:\\\/\\\/www.gsccanarias.com\\\/gsc\\\/sanidad-presenta-las-nuevas-ambulancias-del-suc-en-la-zona-norte-de-gran-canaria\\\/#primaryimage\"},\"thumbnailUrl\":\"https:\\\/\\\/www.gsccanarias.com\\\/gsc\\\/wp-content\\\/uploads\\\/2020\\\/12\\\/Blas_Trujillo_en_la_presentacin_ambulancias_SUC_zona_norte_de_Gran_Canaria.jpeg\",\"datePublished\":\"2020-12-11T09:11:18+00:00\",\"author\":{\"@id\":\"https:\\\/\\\/www.gsccanarias.com\\\/gsc\\\/#\\\/schema\\\/person\\\/591ed0ce1757a7168579ec75f6e7f340\"},\"breadcrumb\":{\"@id\":\"https:\\\/\\\/www.gsccanarias.com\\\/gsc\\\/sanidad-presenta-las-nuevas-ambulancias-del-suc-en-la-zona-norte-de-gran-canaria\\\/#breadcrumb\"},\"inLanguage\":\"es\",\"potentialAction\":[{\"@type\":\"ReadAction\",\"target\":[\"https:\\\/\\\/www.gsccanarias.com\\\/gsc\\\/sanidad-presenta-las-nuevas-ambulancias-del-suc-en-la-zona-norte-de-gran-canaria\\\/\"]}]},{\"@type\":\"ImageObject\",\"inLanguage\":\"es\",\"@id\":\"https:\\\/\\\/www.gsccanarias.com\\\/gsc\\\/sanidad-presenta-las-nuevas-ambulancias-del-suc-en-la-zona-norte-de-gran-canaria\\\/#primaryimage\",\"url\":\"https:\\\/\\\/www.gsccanarias.com\\\/gsc\\\/wp-content\\\/uploads\\\/2020\\\/12\\\/Blas_Trujillo_en_la_presentacin_ambulancias_SUC_zona_norte_de_Gran_Canaria.jpeg\",\"contentUrl\":\"https:\\\/\\\/www.gsccanarias.com\\\/gsc\\\/wp-content\\\/uploads\\\/2020\\\/12\\\/Blas_Trujillo_en_la_presentacin_ambulancias_SUC_zona_norte_de_Gran_Canaria.jpeg\",\"width\":2048,\"height\":1283},{\"@type\":\"BreadcrumbList\",\"@id\":\"https:\\\/\\\/www.gsccanarias.com\\\/gsc\\\/sanidad-presenta-las-nuevas-ambulancias-del-suc-en-la-zona-norte-de-gran-canaria\\\/#breadcrumb\",\"itemListElement\":[{\"@type\":\"ListItem\",\"position\":1,\"name\":\"Portada\",\"item\":\"https:\\\/\\\/www.gsccanarias.com\\\/gsc\\\/\"},{\"@type\":\"ListItem\",\"position\":2,\"name\":\"Sanidad presenta las nuevas ambulancias del SUC en la zona norte de Gran Canaria\"}]},{\"@type\":\"WebSite\",\"@id\":\"https:\\\/\\\/www.gsccanarias.com\\\/gsc\\\/#website\",\"url\":\"https:\\\/\\\/www.gsccanarias.com\\\/gsc\\\/\",\"name\":\"GSC\",\"description\":\"Administramos servicios relacionados con la salud, las emergencias, la seguridad y el transporte sanitario\",\"potentialAction\":[{\"@type\":\"SearchAction\",\"target\":{\"@type\":\"EntryPoint\",\"urlTemplate\":\"https:\\\/\\\/www.gsccanarias.com\\\/gsc\\\/?s={search_term_string}\"},\"query-input\":{\"@type\":\"PropertyValueSpecification\",\"valueRequired\":true,\"valueName\":\"search_term_string\"}}],\"inLanguage\":\"es\"},{\"@type\":\"Person\",\"@id\":\"https:\\\/\\\/www.gsccanarias.com\\\/gsc\\\/#\\\/schema\\\/person\\\/591ed0ce1757a7168579ec75f6e7f340\",\"name\":\"userad112\",\"image\":{\"@type\":\"ImageObject\",\"inLanguage\":\"es\",\"@id\":\"https:\\\/\\\/secure.gravatar.com\\\/avatar\\\/6aab27730b29899b0a1a05aaa7b266b4fc1fce4dd26b427baeb73cffe474a916?s=96&d=mm&r=g\",\"url\":\"https:\\\/\\\/secure.gravatar.com\\\/avatar\\\/6aab27730b29899b0a1a05aaa7b266b4fc1fce4dd26b427baeb73cffe474a916?s=96&d=mm&r=g\",\"contentUrl\":\"https:\\\/\\\/secure.gravatar.com\\\/avatar\\\/6aab27730b29899b0a1a05aaa7b266b4fc1fce4dd26b427baeb73cffe474a916?s=96&d=mm&r=g\",\"caption\":\"userad112\"},\"sameAs\":[\"https:\\\/\\\/321brand.com\\\/112\"],\"url\":\"https:\\\/\\\/www.gsccanarias.com\\\/gsc\\\/author\\\/userad112\\\/\"}]}<\/script>\n<!-- \/ Yoast SEO plugin. -->","yoast_head_json":{"title":"Sanidad presenta las nuevas ambulancias del SUC en la zona norte de Gran Canaria - GSC","robots":{"index":"index","follow":"follow","max-snippet":"max-snippet:-1","max-image-preview":"max-image-preview:large","max-video-preview":"max-video-preview:-1"},"canonical":"https:\/\/www.gsccanarias.com\/gsc\/sanidad-presenta-las-nuevas-ambulancias-del-suc-en-la-zona-norte-de-gran-canaria\/","og_locale":"es_ES","og_type":"article","og_title":"Sanidad presenta las nuevas ambulancias del SUC en la zona norte de Gran Canaria - GSC","og_description":"Un total de 14 recursos prestar\u00e1n asistencia sanitaria urgente en esta zona, incorporando una nueva unidad de soporte vital b\u00e1sico (ASVB) en Arucas El consejero de Sanidad, Blas Trujillo, asisti\u00f3 hoy a la presentaci\u00f3n de las nuevas ambulancias del Servicio de Urgencias Canario que han...","og_url":"https:\/\/www.gsccanarias.com\/gsc\/sanidad-presenta-las-nuevas-ambulancias-del-suc-en-la-zona-norte-de-gran-canaria\/","og_site_name":"GSC","article_published_time":"2020-12-11T09:11:18+00:00","og_image":[{"width":2048,"height":1283,"url":"https:\/\/www.gsccanarias.com\/gsc\/wp-content\/uploads\/2020\/12\/Blas_Trujillo_en_la_presentacin_ambulancias_SUC_zona_norte_de_Gran_Canaria.jpeg","type":"image\/jpeg"}],"author":"userad112","twitter_card":"summary_large_image","twitter_misc":{"Escrito por":"userad112","Tiempo de lectura":"3 minutos"},"schema":{"@context":"https:\/\/schema.org","@graph":[{"@type":"Article","@id":"https:\/\/www.gsccanarias.com\/gsc\/sanidad-presenta-las-nuevas-ambulancias-del-suc-en-la-zona-norte-de-gran-canaria\/#article","isPartOf":{"@id":"https:\/\/www.gsccanarias.com\/gsc\/sanidad-presenta-las-nuevas-ambulancias-del-suc-en-la-zona-norte-de-gran-canaria\/"},"author":{"name":"userad112","@id":"https:\/\/www.gsccanarias.com\/gsc\/#\/schema\/person\/591ed0ce1757a7168579ec75f6e7f340"},"headline":"Sanidad presenta las nuevas ambulancias del SUC en la zona norte de Gran Canaria","datePublished":"2020-12-11T09:11:18+00:00","mainEntityOfPage":{"@id":"https:\/\/www.gsccanarias.com\/gsc\/sanidad-presenta-las-nuevas-ambulancias-del-suc-en-la-zona-norte-de-gran-canaria\/"},"wordCount":603,"commentCount":0,"image":{"@id":"https:\/\/www.gsccanarias.com\/gsc\/sanidad-presenta-las-nuevas-ambulancias-del-suc-en-la-zona-norte-de-gran-canaria\/#primaryimage"},"thumbnailUrl":"https:\/\/www.gsccanarias.com\/gsc\/wp-content\/uploads\/2020\/12\/Blas_Trujillo_en_la_presentacin_ambulancias_SUC_zona_norte_de_Gran_Canaria.jpeg","articleSection":["\u00daltimas noticias"],"inLanguage":"es","potentialAction":[{"@type":"CommentAction","name":"Comment","target":["https:\/\/www.gsccanarias.com\/gsc\/sanidad-presenta-las-nuevas-ambulancias-del-suc-en-la-zona-norte-de-gran-canaria\/#respond"]}]},{"@type":"WebPage","@id":"https:\/\/www.gsccanarias.com\/gsc\/sanidad-presenta-las-nuevas-ambulancias-del-suc-en-la-zona-norte-de-gran-canaria\/","url":"https:\/\/www.gsccanarias.com\/gsc\/sanidad-presenta-las-nuevas-ambulancias-del-suc-en-la-zona-norte-de-gran-canaria\/","name":"Sanidad presenta las nuevas ambulancias del SUC en la zona norte de Gran Canaria - GSC","isPartOf":{"@id":"https:\/\/www.gsccanarias.com\/gsc\/#website"},"primaryImageOfPage":{"@id":"https:\/\/www.gsccanarias.com\/gsc\/sanidad-presenta-las-nuevas-ambulancias-del-suc-en-la-zona-norte-de-gran-canaria\/#primaryimage"},"image":{"@id":"https:\/\/www.gsccanarias.com\/gsc\/sanidad-presenta-las-nuevas-ambulancias-del-suc-en-la-zona-norte-de-gran-canaria\/#primaryimage"},"thumbnailUrl":"https:\/\/www.gsccanarias.com\/gsc\/wp-content\/uploads\/2020\/12\/Blas_Trujillo_en_la_presentacin_ambulancias_SUC_zona_norte_de_Gran_Canaria.jpeg","datePublished":"2020-12-11T09:11:18+00:00","author":{"@id":"https:\/\/www.gsccanarias.com\/gsc\/#\/schema\/person\/591ed0ce1757a7168579ec75f6e7f340"},"breadcrumb":{"@id":"https:\/\/www.gsccanarias.com\/gsc\/sanidad-presenta-las-nuevas-ambulancias-del-suc-en-la-zona-norte-de-gran-canaria\/#breadcrumb"},"inLanguage":"es","potentialAction":[{"@type":"ReadAction","target":["https:\/\/www.gsccanarias.com\/gsc\/sanidad-presenta-las-nuevas-ambulancias-del-suc-en-la-zona-norte-de-gran-canaria\/"]}]},{"@type":"ImageObject","inLanguage":"es","@id":"https:\/\/www.gsccanarias.com\/gsc\/sanidad-presenta-las-nuevas-ambulancias-del-suc-en-la-zona-norte-de-gran-canaria\/#primaryimage","url":"https:\/\/www.gsccanarias.com\/gsc\/wp-content\/uploads\/2020\/12\/Blas_Trujillo_en_la_presentacin_ambulancias_SUC_zona_norte_de_Gran_Canaria.jpeg","contentUrl":"https:\/\/www.gsccanarias.com\/gsc\/wp-content\/uploads\/2020\/12\/Blas_Trujillo_en_la_presentacin_ambulancias_SUC_zona_norte_de_Gran_Canaria.jpeg","width":2048,"height":1283},{"@type":"BreadcrumbList","@id":"https:\/\/www.gsccanarias.com\/gsc\/sanidad-presenta-las-nuevas-ambulancias-del-suc-en-la-zona-norte-de-gran-canaria\/#breadcrumb","itemListElement":[{"@type":"ListItem","position":1,"name":"Portada","item":"https:\/\/www.gsccanarias.com\/gsc\/"},{"@type":"ListItem","position":2,"name":"Sanidad presenta las nuevas ambulancias del SUC en la zona norte de Gran Canaria"}]},{"@type":"WebSite","@id":"https:\/\/www.gsccanarias.com\/gsc\/#website","url":"https:\/\/www.gsccanarias.com\/gsc\/","name":"GSC","description":"Administramos servicios relacionados con la salud, las emergencias, la seguridad y el transporte sanitario","potentialAction":[{"@type":"SearchAction","target":{"@type":"EntryPoint","urlTemplate":"https:\/\/www.gsccanarias.com\/gsc\/?s={search_term_string}"},"query-input":{"@type":"PropertyValueSpecification","valueRequired":true,"valueName":"search_term_string"}}],"inLanguage":"es"},{"@type":"Person","@id":"https:\/\/www.gsccanarias.com\/gsc\/#\/schema\/person\/591ed0ce1757a7168579ec75f6e7f340","name":"userad112","image":{"@type":"ImageObject","inLanguage":"es","@id":"https:\/\/secure.gravatar.com\/avatar\/6aab27730b29899b0a1a05aaa7b266b4fc1fce4dd26b427baeb73cffe474a916?s=96&d=mm&r=g","url":"https:\/\/secure.gravatar.com\/avatar\/6aab27730b29899b0a1a05aaa7b266b4fc1fce4dd26b427baeb73cffe474a916?s=96&d=mm&r=g","contentUrl":"https:\/\/secure.gravatar.com\/avatar\/6aab27730b29899b0a1a05aaa7b266b4fc1fce4dd26b427baeb73cffe474a916?s=96&d=mm&r=g","caption":"userad112"},"sameAs":["https:\/\/321brand.com\/112"],"url":"https:\/\/www.gsccanarias.com\/gsc\/author\/userad112\/"}]}},"publishpress_future_workflow_manual_trigger":{"enabledWorkflows":[]},"_links":{"self":[{"href":"https:\/\/www.gsccanarias.com\/gsc\/wp-json\/wp\/v2\/posts\/3068","targetHints":{"allow":["GET"]}}],"collection":[{"href":"https:\/\/www.gsccanarias.com\/gsc\/wp-json\/wp\/v2\/posts"}],"about":[{"href":"https:\/\/www.gsccanarias.com\/gsc\/wp-json\/wp\/v2\/types\/post"}],"author":[{"embeddable":true,"href":"https:\/\/www.gsccanarias.com\/gsc\/wp-json\/wp\/v2\/users\/1"}],"replies":[{"embeddable":true,"href":"https:\/\/www.gsccanarias.com\/gsc\/wp-json\/wp\/v2\/comments?post=3068"}],"version-history":[{"count":0,"href":"https:\/\/www.gsccanarias.com\/gsc\/wp-json\/wp\/v2\/posts\/3068\/revisions"}],"wp:featuredmedia":[{"embeddable":true,"href":"https:\/\/www.gsccanarias.com\/gsc\/wp-json\/wp\/v2\/media\/3067"}],"wp:attachment":[{"href":"https:\/\/www.gsccanarias.com\/gsc\/wp-json\/wp\/v2\/media?parent=3068"}],"wp:term":[{"taxonomy":"category","embeddable":true,"href":"https:\/\/www.gsccanarias.com\/gsc\/wp-json\/wp\/v2\/categories?post=3068"},{"taxonomy":"post_tag","embeddable":true,"href":"https:\/\/www.gsccanarias.com\/gsc\/wp-json\/wp\/v2\/tags?post=3068"}],"curies":[{"name":"wp","href":"https:\/\/api.w.org\/{rel}","templated":true}]}}