{"id":3003,"date":"2020-08-21T08:35:36","date_gmt":"2020-08-21T08:35:36","guid":{"rendered":"https:\/\/www.gsccanarias.com\/gsc\/el-gobierno-de-canarias-declara-el-nivel-2-y-asume-la-direccion-del-incendio-forestal-de-la-palma\/"},"modified":"2020-08-21T08:35:36","modified_gmt":"2020-08-21T08:35:36","slug":"el-gobierno-de-canarias-declara-el-nivel-2-y-asume-la-direccion-del-incendio-forestal-de-la-palma","status":"publish","type":"post","link":"https:\/\/www.gsccanarias.com\/gsc\/el-gobierno-de-canarias-declara-el-nivel-2-y-asume-la-direccion-del-incendio-forestal-de-la-palma\/","title":{"rendered":"El Gobierno de Canarias declara el nivel 2 y asume la direcci\u00f3n del incendio forestal de La Palma"},"content":{"rendered":"<p style=\"text-align: justify;\">\u00a0<\/p>\n<p style=\"text-align: justify;\"><\/p>\n<p style=\"text-align: justify;\"><strong>El \u00e1mbito territorial de la emergencia comprende el municipio de Garaf\u00eda <\/strong><\/p>\n<p style=\"text-align: justify;\"><strong>Los vecinos de las zonas de Catela y Colmenero han sido evacuados de forma preventiva<\/strong><\/p>\n<p style=\"text-align: justify;\">El incendio forestal que se inici\u00f3 esta tarde en la zona de Catela, en el municipio de Garaf\u00eda, en la isla de La Palma, ha pasado a las 22:11 horas a Nivel 2 a petici\u00f3n del Cabildo de La Palma, asumiendo la direcci\u00f3n de la emergencia el Gobierno de Canarias, en aplicaci\u00f3n del Plan Especial de Protecci\u00f3n Civil y Atenci\u00f3n de Emergencias por Incendios Forestales en la Comunidad Aut\u00f3noma de Canarias (INFOCA).<\/p>\n<p style=\"text-align: justify;\">El \u00e1mbito territorial de la emergencia, en el momento de la declaraci\u00f3n, comprende el t\u00e9rmino municipal de Garaf\u00eda.<\/p>\n<p style=\"text-align: justify;\">Durante la tarde, de forma preventiva y para garantizar la seguridad de la poblaci\u00f3n m\u00e1s cercana, fueron evacuados vecinos de Catela y Colmenero, que han sido realojados en la zona de Santo Domingo.<\/p>\n<p>\u00a0<\/p>\n<div class=\"pvc_clear\"><\/div>\n<p id=\"pvc_stats_3003\" class=\"pvc_stats all  \" data-element-id=\"3003\" style=\"\"><i class=\"pvc-stats-icon medium\" aria-hidden=\"true\"><svg aria-hidden=\"true\" focusable=\"false\" data-prefix=\"far\" data-icon=\"chart-bar\" role=\"img\" xmlns=\"http:\/\/www.w3.org\/2000\/svg\" viewBox=\"0 0 512 512\" class=\"svg-inline--fa fa-chart-bar fa-w-16 fa-2x\"><path fill=\"currentColor\" d=\"M396.8 352h22.4c6.4 0 12.8-6.4 12.8-12.8V108.8c0-6.4-6.4-12.8-12.8-12.8h-22.4c-6.4 0-12.8 6.4-12.8 12.8v230.4c0 6.4 6.4 12.8 12.8 12.8zm-192 0h22.4c6.4 0 12.8-6.4 12.8-12.8V140.8c0-6.4-6.4-12.8-12.8-12.8h-22.4c-6.4 0-12.8 6.4-12.8 12.8v198.4c0 6.4 6.4 12.8 12.8 12.8zm96 0h22.4c6.4 0 12.8-6.4 12.8-12.8V204.8c0-6.4-6.4-12.8-12.8-12.8h-22.4c-6.4 0-12.8 6.4-12.8 12.8v134.4c0 6.4 6.4 12.8 12.8 12.8zM496 400H48V80c0-8.84-7.16-16-16-16H16C7.16 64 0 71.16 0 80v336c0 17.67 14.33 32 32 32h464c8.84 0 16-7.16 16-16v-16c0-8.84-7.16-16-16-16zm-387.2-48h22.4c6.4 0 12.8-6.4 12.8-12.8v-70.4c0-6.4-6.4-12.8-12.8-12.8h-22.4c-6.4 0-12.8 6.4-12.8 12.8v70.4c0 6.4 6.4 12.8 12.8 12.8z\" class=\"\"><\/path><\/svg><\/i> <\/p>\n<div class=\"pvc_clear\"><\/div>\n<div class=\"print\"><span class=\"page_title\">P\u00e1gina: <span>El Gobierno de Canarias declara el nivel 2 y asume la direcci\u00f3n del incendio forestal de La Palma<\/span><\/span>\n\t\t\t\t\t\t\t\t\t\t\t<span class=\"page_title\">Fecha de impresi\u00f3n: <span>30\/04\/2026 - 03:24:59 UTC<\/span><\/span>\n\t\t\t\t\t\t\t\t\t\t\t<span class=\"stmp_trans_date\">\u00daltima actualizaci\u00f3n: <span>21\/08\/2020 - 08:35:36<\/span><\/span>\n\t\t\t\t\t\t\t\t\t\t\t<span class=\"stmp_trans_date\">Fecha publicaci\u00f3n: <span>21\/08\/2020 - 08:35:36<\/span><\/span>\n\t\t\t\t\t\t\t\t\t\t\t<span class=\"stmp_trans_date\">Fecha creaci\u00f3n: <span>21\/08\/2020 - 08:35:36<\/span><\/span><\/div>\n\t","protected":false},"excerpt":{"rendered":"<p>\u00a0 El \u00e1mbito territorial de la emergencia comprende el municipio de Garaf\u00eda Los vecinos de las zonas de Catela y Colmenero han sido evacuados de forma preventiva El incendio forestal que se inici\u00f3 esta tarde en la zona de Catela, en el municipio de Garaf\u00eda,&#8230;<\/p>\n<div class=\"pvc_clear\"><\/div>\n<p id=\"pvc_stats_3003\" class=\"pvc_stats all  \" data-element-id=\"3003\" style=\"\"><i class=\"pvc-stats-icon medium\" aria-hidden=\"true\"><svg aria-hidden=\"true\" focusable=\"false\" data-prefix=\"far\" data-icon=\"chart-bar\" role=\"img\" xmlns=\"http:\/\/www.w3.org\/2000\/svg\" viewBox=\"0 0 512 512\" class=\"svg-inline--fa fa-chart-bar fa-w-16 fa-2x\"><path fill=\"currentColor\" d=\"M396.8 352h22.4c6.4 0 12.8-6.4 12.8-12.8V108.8c0-6.4-6.4-12.8-12.8-12.8h-22.4c-6.4 0-12.8 6.4-12.8 12.8v230.4c0 6.4 6.4 12.8 12.8 12.8zm-192 0h22.4c6.4 0 12.8-6.4 12.8-12.8V140.8c0-6.4-6.4-12.8-12.8-12.8h-22.4c-6.4 0-12.8 6.4-12.8 12.8v198.4c0 6.4 6.4 12.8 12.8 12.8zm96 0h22.4c6.4 0 12.8-6.4 12.8-12.8V204.8c0-6.4-6.4-12.8-12.8-12.8h-22.4c-6.4 0-12.8 6.4-12.8 12.8v134.4c0 6.4 6.4 12.8 12.8 12.8zM496 400H48V80c0-8.84-7.16-16-16-16H16C7.16 64 0 71.16 0 80v336c0 17.67 14.33 32 32 32h464c8.84 0 16-7.16 16-16v-16c0-8.84-7.16-16-16-16zm-387.2-48h22.4c6.4 0 12.8-6.4 12.8-12.8v-70.4c0-6.4-6.4-12.8-12.8-12.8h-22.4c-6.4 0-12.8 6.4-12.8 12.8v70.4c0 6.4 6.4 12.8 12.8 12.8z\" class=\"\"><\/path><\/svg><\/i> <img loading=\"lazy\" decoding=\"async\" width=\"16\" height=\"16\" alt=\"Loading\" src=\"https:\/\/www.gsccanarias.com\/gsc\/wp-content\/plugins\/page-views-count\/ajax-loader-2x.gif\" border=0 \/><\/p>\n<div class=\"pvc_clear\"><\/div>\n","protected":false},"author":1,"featured_media":3002,"comment_status":"open","ping_status":"open","sticky":false,"template":"","format":"standard","meta":{"footnotes":""},"categories":[36],"tags":[],"class_list":["post-3003","post","type-post","status-publish","format-standard","has-post-thumbnail","hentry","category-ultimas-noticias"],"a3_pvc":{"activated":true,"total_views":83,"today_views":0},"yoast_head":"<!-- This site is optimized with the Yoast SEO plugin v27.5 - https:\/\/yoast.com\/product\/yoast-seo-wordpress\/ -->\n<title>El Gobierno de Canarias declara el nivel 2 y asume la direcci\u00f3n del incendio forestal de La Palma - GSC<\/title>\n<meta name=\"robots\" content=\"index, follow, max-snippet:-1, max-image-preview:large, max-video-preview:-1\" \/>\n<link rel=\"canonical\" href=\"https:\/\/www.gsccanarias.com\/gsc\/el-gobierno-de-canarias-declara-el-nivel-2-y-asume-la-direccion-del-incendio-forestal-de-la-palma\/\" \/>\n<meta property=\"og:locale\" content=\"es_ES\" \/>\n<meta property=\"og:type\" content=\"article\" \/>\n<meta property=\"og:title\" content=\"El Gobierno de Canarias declara el nivel 2 y asume la direcci\u00f3n del incendio forestal de La Palma - GSC\" \/>\n<meta property=\"og:description\" content=\"\u00a0 El \u00e1mbito territorial de la emergencia comprende el municipio de Garaf\u00eda Los vecinos de las zonas de Catela y Colmenero han sido evacuados de forma preventiva El incendio forestal que se inici\u00f3 esta tarde en la zona de Catela, en el municipio de Garaf\u00eda,...\" \/>\n<meta property=\"og:url\" content=\"https:\/\/www.gsccanarias.com\/gsc\/el-gobierno-de-canarias-declara-el-nivel-2-y-asume-la-direccion-del-incendio-forestal-de-la-palma\/\" \/>\n<meta property=\"og:site_name\" content=\"GSC\" \/>\n<meta property=\"article:published_time\" content=\"2020-08-21T08:35:36+00:00\" \/>\n<meta property=\"og:image\" content=\"https:\/\/www.gsccanarias.com\/gsc\/wp-content\/uploads\/2020\/08\/210820_sala_de_crisis_-_subida_de_nivel.jpg\" \/>\n\t<meta property=\"og:image:width\" content=\"680\" \/>\n\t<meta property=\"og:image:height\" content=\"476\" \/>\n\t<meta property=\"og:image:type\" content=\"image\/jpeg\" \/>\n<meta name=\"author\" content=\"userad112\" \/>\n<meta name=\"twitter:card\" content=\"summary_large_image\" \/>\n<meta name=\"twitter:label1\" content=\"Escrito por\" \/>\n\t<meta name=\"twitter:data1\" content=\"userad112\" \/>\n\t<meta name=\"twitter:label2\" content=\"Tiempo de lectura\" \/>\n\t<meta name=\"twitter:data2\" content=\"1 minuto\" \/>\n<script type=\"application\/ld+json\" class=\"yoast-schema-graph\">{\"@context\":\"https:\\\/\\\/schema.org\",\"@graph\":[{\"@type\":\"Article\",\"@id\":\"https:\\\/\\\/www.gsccanarias.com\\\/gsc\\\/el-gobierno-de-canarias-declara-el-nivel-2-y-asume-la-direccion-del-incendio-forestal-de-la-palma\\\/#article\",\"isPartOf\":{\"@id\":\"https:\\\/\\\/www.gsccanarias.com\\\/gsc\\\/el-gobierno-de-canarias-declara-el-nivel-2-y-asume-la-direccion-del-incendio-forestal-de-la-palma\\\/\"},\"author\":{\"name\":\"userad112\",\"@id\":\"https:\\\/\\\/www.gsccanarias.com\\\/gsc\\\/#\\\/schema\\\/person\\\/591ed0ce1757a7168579ec75f6e7f340\"},\"headline\":\"El Gobierno de Canarias declara el nivel 2 y asume la direcci\u00f3n del incendio forestal de La Palma\",\"datePublished\":\"2020-08-21T08:35:36+00:00\",\"mainEntityOfPage\":{\"@id\":\"https:\\\/\\\/www.gsccanarias.com\\\/gsc\\\/el-gobierno-de-canarias-declara-el-nivel-2-y-asume-la-direccion-del-incendio-forestal-de-la-palma\\\/\"},\"wordCount\":178,\"commentCount\":0,\"image\":{\"@id\":\"https:\\\/\\\/www.gsccanarias.com\\\/gsc\\\/el-gobierno-de-canarias-declara-el-nivel-2-y-asume-la-direccion-del-incendio-forestal-de-la-palma\\\/#primaryimage\"},\"thumbnailUrl\":\"https:\\\/\\\/www.gsccanarias.com\\\/gsc\\\/wp-content\\\/uploads\\\/2020\\\/08\\\/210820_sala_de_crisis_-_subida_de_nivel.jpg\",\"articleSection\":[\"\u00daltimas noticias\"],\"inLanguage\":\"es\",\"potentialAction\":[{\"@type\":\"CommentAction\",\"name\":\"Comment\",\"target\":[\"https:\\\/\\\/www.gsccanarias.com\\\/gsc\\\/el-gobierno-de-canarias-declara-el-nivel-2-y-asume-la-direccion-del-incendio-forestal-de-la-palma\\\/#respond\"]}]},{\"@type\":\"WebPage\",\"@id\":\"https:\\\/\\\/www.gsccanarias.com\\\/gsc\\\/el-gobierno-de-canarias-declara-el-nivel-2-y-asume-la-direccion-del-incendio-forestal-de-la-palma\\\/\",\"url\":\"https:\\\/\\\/www.gsccanarias.com\\\/gsc\\\/el-gobierno-de-canarias-declara-el-nivel-2-y-asume-la-direccion-del-incendio-forestal-de-la-palma\\\/\",\"name\":\"El Gobierno de Canarias declara el nivel 2 y asume la direcci\u00f3n del incendio forestal de La Palma - GSC\",\"isPartOf\":{\"@id\":\"https:\\\/\\\/www.gsccanarias.com\\\/gsc\\\/#website\"},\"primaryImageOfPage\":{\"@id\":\"https:\\\/\\\/www.gsccanarias.com\\\/gsc\\\/el-gobierno-de-canarias-declara-el-nivel-2-y-asume-la-direccion-del-incendio-forestal-de-la-palma\\\/#primaryimage\"},\"image\":{\"@id\":\"https:\\\/\\\/www.gsccanarias.com\\\/gsc\\\/el-gobierno-de-canarias-declara-el-nivel-2-y-asume-la-direccion-del-incendio-forestal-de-la-palma\\\/#primaryimage\"},\"thumbnailUrl\":\"https:\\\/\\\/www.gsccanarias.com\\\/gsc\\\/wp-content\\\/uploads\\\/2020\\\/08\\\/210820_sala_de_crisis_-_subida_de_nivel.jpg\",\"datePublished\":\"2020-08-21T08:35:36+00:00\",\"author\":{\"@id\":\"https:\\\/\\\/www.gsccanarias.com\\\/gsc\\\/#\\\/schema\\\/person\\\/591ed0ce1757a7168579ec75f6e7f340\"},\"breadcrumb\":{\"@id\":\"https:\\\/\\\/www.gsccanarias.com\\\/gsc\\\/el-gobierno-de-canarias-declara-el-nivel-2-y-asume-la-direccion-del-incendio-forestal-de-la-palma\\\/#breadcrumb\"},\"inLanguage\":\"es\",\"potentialAction\":[{\"@type\":\"ReadAction\",\"target\":[\"https:\\\/\\\/www.gsccanarias.com\\\/gsc\\\/el-gobierno-de-canarias-declara-el-nivel-2-y-asume-la-direccion-del-incendio-forestal-de-la-palma\\\/\"]}]},{\"@type\":\"ImageObject\",\"inLanguage\":\"es\",\"@id\":\"https:\\\/\\\/www.gsccanarias.com\\\/gsc\\\/el-gobierno-de-canarias-declara-el-nivel-2-y-asume-la-direccion-del-incendio-forestal-de-la-palma\\\/#primaryimage\",\"url\":\"https:\\\/\\\/www.gsccanarias.com\\\/gsc\\\/wp-content\\\/uploads\\\/2020\\\/08\\\/210820_sala_de_crisis_-_subida_de_nivel.jpg\",\"contentUrl\":\"https:\\\/\\\/www.gsccanarias.com\\\/gsc\\\/wp-content\\\/uploads\\\/2020\\\/08\\\/210820_sala_de_crisis_-_subida_de_nivel.jpg\",\"width\":680,\"height\":476,\"caption\":\"1-1-2 sala de crisis IF Garaf\u00eda\"},{\"@type\":\"BreadcrumbList\",\"@id\":\"https:\\\/\\\/www.gsccanarias.com\\\/gsc\\\/el-gobierno-de-canarias-declara-el-nivel-2-y-asume-la-direccion-del-incendio-forestal-de-la-palma\\\/#breadcrumb\",\"itemListElement\":[{\"@type\":\"ListItem\",\"position\":1,\"name\":\"Portada\",\"item\":\"https:\\\/\\\/www.gsccanarias.com\\\/gsc\\\/\"},{\"@type\":\"ListItem\",\"position\":2,\"name\":\"El Gobierno de Canarias declara el nivel 2 y asume la direcci\u00f3n del incendio forestal de La Palma\"}]},{\"@type\":\"WebSite\",\"@id\":\"https:\\\/\\\/www.gsccanarias.com\\\/gsc\\\/#website\",\"url\":\"https:\\\/\\\/www.gsccanarias.com\\\/gsc\\\/\",\"name\":\"GSC\",\"description\":\"Administramos servicios relacionados con la salud, las emergencias, la seguridad y el transporte sanitario\",\"potentialAction\":[{\"@type\":\"SearchAction\",\"target\":{\"@type\":\"EntryPoint\",\"urlTemplate\":\"https:\\\/\\\/www.gsccanarias.com\\\/gsc\\\/?s={search_term_string}\"},\"query-input\":{\"@type\":\"PropertyValueSpecification\",\"valueRequired\":true,\"valueName\":\"search_term_string\"}}],\"inLanguage\":\"es\"},{\"@type\":\"Person\",\"@id\":\"https:\\\/\\\/www.gsccanarias.com\\\/gsc\\\/#\\\/schema\\\/person\\\/591ed0ce1757a7168579ec75f6e7f340\",\"name\":\"userad112\",\"image\":{\"@type\":\"ImageObject\",\"inLanguage\":\"es\",\"@id\":\"https:\\\/\\\/secure.gravatar.com\\\/avatar\\\/6aab27730b29899b0a1a05aaa7b266b4fc1fce4dd26b427baeb73cffe474a916?s=96&d=mm&r=g\",\"url\":\"https:\\\/\\\/secure.gravatar.com\\\/avatar\\\/6aab27730b29899b0a1a05aaa7b266b4fc1fce4dd26b427baeb73cffe474a916?s=96&d=mm&r=g\",\"contentUrl\":\"https:\\\/\\\/secure.gravatar.com\\\/avatar\\\/6aab27730b29899b0a1a05aaa7b266b4fc1fce4dd26b427baeb73cffe474a916?s=96&d=mm&r=g\",\"caption\":\"userad112\"},\"sameAs\":[\"https:\\\/\\\/321brand.com\\\/112\"],\"url\":\"https:\\\/\\\/www.gsccanarias.com\\\/gsc\\\/author\\\/userad112\\\/\"}]}<\/script>\n<!-- \/ Yoast SEO plugin. -->","yoast_head_json":{"title":"El Gobierno de Canarias declara el nivel 2 y asume la direcci\u00f3n del incendio forestal de La Palma - GSC","robots":{"index":"index","follow":"follow","max-snippet":"max-snippet:-1","max-image-preview":"max-image-preview:large","max-video-preview":"max-video-preview:-1"},"canonical":"https:\/\/www.gsccanarias.com\/gsc\/el-gobierno-de-canarias-declara-el-nivel-2-y-asume-la-direccion-del-incendio-forestal-de-la-palma\/","og_locale":"es_ES","og_type":"article","og_title":"El Gobierno de Canarias declara el nivel 2 y asume la direcci\u00f3n del incendio forestal de La Palma - GSC","og_description":"\u00a0 El \u00e1mbito territorial de la emergencia comprende el municipio de Garaf\u00eda Los vecinos de las zonas de Catela y Colmenero han sido evacuados de forma preventiva El incendio forestal que se inici\u00f3 esta tarde en la zona de Catela, en el municipio de Garaf\u00eda,...","og_url":"https:\/\/www.gsccanarias.com\/gsc\/el-gobierno-de-canarias-declara-el-nivel-2-y-asume-la-direccion-del-incendio-forestal-de-la-palma\/","og_site_name":"GSC","article_published_time":"2020-08-21T08:35:36+00:00","og_image":[{"width":680,"height":476,"url":"https:\/\/www.gsccanarias.com\/gsc\/wp-content\/uploads\/2020\/08\/210820_sala_de_crisis_-_subida_de_nivel.jpg","type":"image\/jpeg"}],"author":"userad112","twitter_card":"summary_large_image","twitter_misc":{"Escrito por":"userad112","Tiempo de lectura":"1 minuto"},"schema":{"@context":"https:\/\/schema.org","@graph":[{"@type":"Article","@id":"https:\/\/www.gsccanarias.com\/gsc\/el-gobierno-de-canarias-declara-el-nivel-2-y-asume-la-direccion-del-incendio-forestal-de-la-palma\/#article","isPartOf":{"@id":"https:\/\/www.gsccanarias.com\/gsc\/el-gobierno-de-canarias-declara-el-nivel-2-y-asume-la-direccion-del-incendio-forestal-de-la-palma\/"},"author":{"name":"userad112","@id":"https:\/\/www.gsccanarias.com\/gsc\/#\/schema\/person\/591ed0ce1757a7168579ec75f6e7f340"},"headline":"El Gobierno de Canarias declara el nivel 2 y asume la direcci\u00f3n del incendio forestal de La Palma","datePublished":"2020-08-21T08:35:36+00:00","mainEntityOfPage":{"@id":"https:\/\/www.gsccanarias.com\/gsc\/el-gobierno-de-canarias-declara-el-nivel-2-y-asume-la-direccion-del-incendio-forestal-de-la-palma\/"},"wordCount":178,"commentCount":0,"image":{"@id":"https:\/\/www.gsccanarias.com\/gsc\/el-gobierno-de-canarias-declara-el-nivel-2-y-asume-la-direccion-del-incendio-forestal-de-la-palma\/#primaryimage"},"thumbnailUrl":"https:\/\/www.gsccanarias.com\/gsc\/wp-content\/uploads\/2020\/08\/210820_sala_de_crisis_-_subida_de_nivel.jpg","articleSection":["\u00daltimas noticias"],"inLanguage":"es","potentialAction":[{"@type":"CommentAction","name":"Comment","target":["https:\/\/www.gsccanarias.com\/gsc\/el-gobierno-de-canarias-declara-el-nivel-2-y-asume-la-direccion-del-incendio-forestal-de-la-palma\/#respond"]}]},{"@type":"WebPage","@id":"https:\/\/www.gsccanarias.com\/gsc\/el-gobierno-de-canarias-declara-el-nivel-2-y-asume-la-direccion-del-incendio-forestal-de-la-palma\/","url":"https:\/\/www.gsccanarias.com\/gsc\/el-gobierno-de-canarias-declara-el-nivel-2-y-asume-la-direccion-del-incendio-forestal-de-la-palma\/","name":"El Gobierno de Canarias declara el nivel 2 y asume la direcci\u00f3n del incendio forestal de La Palma - GSC","isPartOf":{"@id":"https:\/\/www.gsccanarias.com\/gsc\/#website"},"primaryImageOfPage":{"@id":"https:\/\/www.gsccanarias.com\/gsc\/el-gobierno-de-canarias-declara-el-nivel-2-y-asume-la-direccion-del-incendio-forestal-de-la-palma\/#primaryimage"},"image":{"@id":"https:\/\/www.gsccanarias.com\/gsc\/el-gobierno-de-canarias-declara-el-nivel-2-y-asume-la-direccion-del-incendio-forestal-de-la-palma\/#primaryimage"},"thumbnailUrl":"https:\/\/www.gsccanarias.com\/gsc\/wp-content\/uploads\/2020\/08\/210820_sala_de_crisis_-_subida_de_nivel.jpg","datePublished":"2020-08-21T08:35:36+00:00","author":{"@id":"https:\/\/www.gsccanarias.com\/gsc\/#\/schema\/person\/591ed0ce1757a7168579ec75f6e7f340"},"breadcrumb":{"@id":"https:\/\/www.gsccanarias.com\/gsc\/el-gobierno-de-canarias-declara-el-nivel-2-y-asume-la-direccion-del-incendio-forestal-de-la-palma\/#breadcrumb"},"inLanguage":"es","potentialAction":[{"@type":"ReadAction","target":["https:\/\/www.gsccanarias.com\/gsc\/el-gobierno-de-canarias-declara-el-nivel-2-y-asume-la-direccion-del-incendio-forestal-de-la-palma\/"]}]},{"@type":"ImageObject","inLanguage":"es","@id":"https:\/\/www.gsccanarias.com\/gsc\/el-gobierno-de-canarias-declara-el-nivel-2-y-asume-la-direccion-del-incendio-forestal-de-la-palma\/#primaryimage","url":"https:\/\/www.gsccanarias.com\/gsc\/wp-content\/uploads\/2020\/08\/210820_sala_de_crisis_-_subida_de_nivel.jpg","contentUrl":"https:\/\/www.gsccanarias.com\/gsc\/wp-content\/uploads\/2020\/08\/210820_sala_de_crisis_-_subida_de_nivel.jpg","width":680,"height":476,"caption":"1-1-2 sala de crisis IF Garaf\u00eda"},{"@type":"BreadcrumbList","@id":"https:\/\/www.gsccanarias.com\/gsc\/el-gobierno-de-canarias-declara-el-nivel-2-y-asume-la-direccion-del-incendio-forestal-de-la-palma\/#breadcrumb","itemListElement":[{"@type":"ListItem","position":1,"name":"Portada","item":"https:\/\/www.gsccanarias.com\/gsc\/"},{"@type":"ListItem","position":2,"name":"El Gobierno de Canarias declara el nivel 2 y asume la direcci\u00f3n del incendio forestal de La Palma"}]},{"@type":"WebSite","@id":"https:\/\/www.gsccanarias.com\/gsc\/#website","url":"https:\/\/www.gsccanarias.com\/gsc\/","name":"GSC","description":"Administramos servicios relacionados con la salud, las emergencias, la seguridad y el transporte sanitario","potentialAction":[{"@type":"SearchAction","target":{"@type":"EntryPoint","urlTemplate":"https:\/\/www.gsccanarias.com\/gsc\/?s={search_term_string}"},"query-input":{"@type":"PropertyValueSpecification","valueRequired":true,"valueName":"search_term_string"}}],"inLanguage":"es"},{"@type":"Person","@id":"https:\/\/www.gsccanarias.com\/gsc\/#\/schema\/person\/591ed0ce1757a7168579ec75f6e7f340","name":"userad112","image":{"@type":"ImageObject","inLanguage":"es","@id":"https:\/\/secure.gravatar.com\/avatar\/6aab27730b29899b0a1a05aaa7b266b4fc1fce4dd26b427baeb73cffe474a916?s=96&d=mm&r=g","url":"https:\/\/secure.gravatar.com\/avatar\/6aab27730b29899b0a1a05aaa7b266b4fc1fce4dd26b427baeb73cffe474a916?s=96&d=mm&r=g","contentUrl":"https:\/\/secure.gravatar.com\/avatar\/6aab27730b29899b0a1a05aaa7b266b4fc1fce4dd26b427baeb73cffe474a916?s=96&d=mm&r=g","caption":"userad112"},"sameAs":["https:\/\/321brand.com\/112"],"url":"https:\/\/www.gsccanarias.com\/gsc\/author\/userad112\/"}]}},"publishpress_future_workflow_manual_trigger":{"enabledWorkflows":[]},"_links":{"self":[{"href":"https:\/\/www.gsccanarias.com\/gsc\/wp-json\/wp\/v2\/posts\/3003","targetHints":{"allow":["GET"]}}],"collection":[{"href":"https:\/\/www.gsccanarias.com\/gsc\/wp-json\/wp\/v2\/posts"}],"about":[{"href":"https:\/\/www.gsccanarias.com\/gsc\/wp-json\/wp\/v2\/types\/post"}],"author":[{"embeddable":true,"href":"https:\/\/www.gsccanarias.com\/gsc\/wp-json\/wp\/v2\/users\/1"}],"replies":[{"embeddable":true,"href":"https:\/\/www.gsccanarias.com\/gsc\/wp-json\/wp\/v2\/comments?post=3003"}],"version-history":[{"count":0,"href":"https:\/\/www.gsccanarias.com\/gsc\/wp-json\/wp\/v2\/posts\/3003\/revisions"}],"wp:featuredmedia":[{"embeddable":true,"href":"https:\/\/www.gsccanarias.com\/gsc\/wp-json\/wp\/v2\/media\/3002"}],"wp:attachment":[{"href":"https:\/\/www.gsccanarias.com\/gsc\/wp-json\/wp\/v2\/media?parent=3003"}],"wp:term":[{"taxonomy":"category","embeddable":true,"href":"https:\/\/www.gsccanarias.com\/gsc\/wp-json\/wp\/v2\/categories?post=3003"},{"taxonomy":"post_tag","embeddable":true,"href":"https:\/\/www.gsccanarias.com\/gsc\/wp-json\/wp\/v2\/tags?post=3003"}],"curies":[{"name":"wp","href":"https:\/\/api.w.org\/{rel}","templated":true}]}}