{"id":2982,"date":"2020-07-01T08:27:32","date_gmt":"2020-07-01T08:27:32","guid":{"rendered":"https:\/\/www.gsccanarias.com\/gsc\/gran-canaria-la-isla-que-registra-el-mayor-numero-de-incidentes-gestionados-por-el-1-1-2-en-sus-22-anos\/"},"modified":"2020-07-01T08:27:32","modified_gmt":"2020-07-01T08:27:32","slug":"gran-canaria-la-isla-que-registra-el-mayor-numero-de-incidentes-gestionados-por-el-1-1-2-en-sus-22-anos","status":"publish","type":"post","link":"https:\/\/www.gsccanarias.com\/gsc\/gran-canaria-la-isla-que-registra-el-mayor-numero-de-incidentes-gestionados-por-el-1-1-2-en-sus-22-anos\/","title":{"rendered":"Gran Canaria, la isla que registra el mayor n\u00famero de incidentes gestionados por el 1-1-2 en sus 22 a\u00f1os"},"content":{"rendered":"<p><strong><\/strong><\/p>\n<p style=\"text-align: justify;\"><strong>Las demandas sanitarias superaron el 59% <\/strong><\/p>\n<p style=\"text-align: justify;\">Gran Canaria es la isla del Archipi\u00e9lago que ha registrado el mayor n\u00famero de incidentes a lo largo de los 22 a\u00f1os de vida del Centro Coordinador de Emergencias y Seguridad (CECOES) 1-1-2, con casi 4,5 millones.<\/p>\n<p style=\"text-align: justify;\">Del total de incidentes resueltos en Gran Canaria, m\u00e1s del 59% (2.656.055) son de car\u00e1cter sanitario y casi el 27% (1.190.897) est\u00e1n relacionados con el \u00e1mbito de la seguridad. A mayor distancia se encuentran los accidentes que representan un 7% (311.479) del total de incidentes, los servicios de extinci\u00f3n y rescate y asistencias t\u00e9cnicas que suponen algo m\u00e1s de un 6% (277.165) de la actividad total y los incidentes de Salvamento Mar\u00edtimo que alcanzan el 0,14% (6.132).<\/p>\n<p style=\"text-align: justify;\">Estos datos del CECOES 1-1-2, servicio dependiente de la Consejer\u00eda de Administraciones P\u00fablicas, Justicia y Seguridad del Gobierno de Canarias, ponen de manifiesto que Gran Canaria con 4.441.735 incidentes resueltos en este periodo en todo el Archipi\u00e9lago aglutina el 44,7% de la actividad.<\/p>\n<p style=\"text-align: justify;\">En los m\u00e1s de nueve millones de incidentes gestionados en sus 22 a\u00f1os de funcionamiento, el 1-1-2 ha atendido a 9.259.087 personas, de las que 3.185.954 ciudadanos se encontraban ante una emergencia, con peligro inminente para su vida, bienes o derechos en diferentes puntos de las islas.<\/p>\n<p style=\"text-align: justify;\"><strong>Evoluci\u00f3n hist\u00f3rica<\/strong><\/p>\n<p style=\"text-align: justify;\">La buena acogida de este servicio por parte de la sociedad canaria se ha puesto de manifiesto a lo largo de su trayectoria durante la cual el CECOES 1-1-2 ha experimentado un importante crecimiento de su actividad en toda Canarias tal como refleja el hecho de que el n\u00famero de incidentes anuales gestionados por este servicio haya crecido, en estos a\u00f1os, en un 146% pasando de los 214.772 que se resolvieron en 1999 a los 528.962 que se coordinaron en el a\u00f1o 2019.<\/p>\n<p style=\"text-align: justify;\">Asimismo, para el total de incidentes gestionados, el 1-1-2 ha activado 9.098.717 recursos en su mayor\u00eda sanitarios, en el 54% de los casos y de seguridad en un 37%, adem\u00e1s de en otras ocasiones que requirieron la intervenci\u00f3n de recursos de extinci\u00f3n de incendios, de salvamento y de rescate en tierra o en el mar, o de protecci\u00f3n civil, lo que supone un crecimiento del 140% en los 22 a\u00f1os de funcionamiento del 1-1-2 Canarias.<\/p>\n<p style=\"text-align: justify;\">\u00a0<\/p>\n<p style=\"text-align: justify;\">\u00a0<\/p>\n<p style=\"text-align: justify;\">\u00a0<\/p>\n<p style=\"text-align: justify;\">\u00a0<\/p>\n<div class=\"pvc_clear\"><\/div>\n<p id=\"pvc_stats_2982\" class=\"pvc_stats all  \" data-element-id=\"2982\" style=\"\"><i class=\"pvc-stats-icon medium\" aria-hidden=\"true\"><svg aria-hidden=\"true\" focusable=\"false\" data-prefix=\"far\" data-icon=\"chart-bar\" role=\"img\" xmlns=\"http:\/\/www.w3.org\/2000\/svg\" viewBox=\"0 0 512 512\" class=\"svg-inline--fa fa-chart-bar fa-w-16 fa-2x\"><path fill=\"currentColor\" d=\"M396.8 352h22.4c6.4 0 12.8-6.4 12.8-12.8V108.8c0-6.4-6.4-12.8-12.8-12.8h-22.4c-6.4 0-12.8 6.4-12.8 12.8v230.4c0 6.4 6.4 12.8 12.8 12.8zm-192 0h22.4c6.4 0 12.8-6.4 12.8-12.8V140.8c0-6.4-6.4-12.8-12.8-12.8h-22.4c-6.4 0-12.8 6.4-12.8 12.8v198.4c0 6.4 6.4 12.8 12.8 12.8zm96 0h22.4c6.4 0 12.8-6.4 12.8-12.8V204.8c0-6.4-6.4-12.8-12.8-12.8h-22.4c-6.4 0-12.8 6.4-12.8 12.8v134.4c0 6.4 6.4 12.8 12.8 12.8zM496 400H48V80c0-8.84-7.16-16-16-16H16C7.16 64 0 71.16 0 80v336c0 17.67 14.33 32 32 32h464c8.84 0 16-7.16 16-16v-16c0-8.84-7.16-16-16-16zm-387.2-48h22.4c6.4 0 12.8-6.4 12.8-12.8v-70.4c0-6.4-6.4-12.8-12.8-12.8h-22.4c-6.4 0-12.8 6.4-12.8 12.8v70.4c0 6.4 6.4 12.8 12.8 12.8z\" class=\"\"><\/path><\/svg><\/i> <\/p>\n<div class=\"pvc_clear\"><\/div>\n<div class=\"print\"><span class=\"page_title\">P\u00e1gina: <span>Gran Canaria, la isla que registra el mayor n\u00famero de incidentes gestionados por el 1-1-2 en sus 22 a\u00f1os<\/span><\/span>\n\t\t\t\t\t\t\t\t\t\t\t<span class=\"page_title\">Fecha de impresi\u00f3n: <span>02\/05\/2026 - 02:27:33 UTC<\/span><\/span>\n\t\t\t\t\t\t\t\t\t\t\t<span class=\"stmp_trans_date\">\u00daltima actualizaci\u00f3n: <span>01\/07\/2020 - 08:27:32<\/span><\/span>\n\t\t\t\t\t\t\t\t\t\t\t<span class=\"stmp_trans_date\">Fecha publicaci\u00f3n: <span>01\/07\/2020 - 08:27:32<\/span><\/span>\n\t\t\t\t\t\t\t\t\t\t\t<span class=\"stmp_trans_date\">Fecha creaci\u00f3n: <span>01\/07\/2020 - 08:27:32<\/span><\/span><\/div>\n\t","protected":false},"excerpt":{"rendered":"<p>Las demandas sanitarias superaron el 59% Gran Canaria es la isla del Archipi\u00e9lago que ha registrado el mayor n\u00famero de incidentes a lo largo de los 22 a\u00f1os de vida del Centro Coordinador de Emergencias y Seguridad (CECOES) 1-1-2, con casi 4,5 millones. Del total&#8230;<\/p>\n<div class=\"pvc_clear\"><\/div>\n<p id=\"pvc_stats_2982\" class=\"pvc_stats all  \" data-element-id=\"2982\" style=\"\"><i class=\"pvc-stats-icon medium\" aria-hidden=\"true\"><svg aria-hidden=\"true\" focusable=\"false\" data-prefix=\"far\" data-icon=\"chart-bar\" role=\"img\" xmlns=\"http:\/\/www.w3.org\/2000\/svg\" viewBox=\"0 0 512 512\" class=\"svg-inline--fa fa-chart-bar fa-w-16 fa-2x\"><path fill=\"currentColor\" d=\"M396.8 352h22.4c6.4 0 12.8-6.4 12.8-12.8V108.8c0-6.4-6.4-12.8-12.8-12.8h-22.4c-6.4 0-12.8 6.4-12.8 12.8v230.4c0 6.4 6.4 12.8 12.8 12.8zm-192 0h22.4c6.4 0 12.8-6.4 12.8-12.8V140.8c0-6.4-6.4-12.8-12.8-12.8h-22.4c-6.4 0-12.8 6.4-12.8 12.8v198.4c0 6.4 6.4 12.8 12.8 12.8zm96 0h22.4c6.4 0 12.8-6.4 12.8-12.8V204.8c0-6.4-6.4-12.8-12.8-12.8h-22.4c-6.4 0-12.8 6.4-12.8 12.8v134.4c0 6.4 6.4 12.8 12.8 12.8zM496 400H48V80c0-8.84-7.16-16-16-16H16C7.16 64 0 71.16 0 80v336c0 17.67 14.33 32 32 32h464c8.84 0 16-7.16 16-16v-16c0-8.84-7.16-16-16-16zm-387.2-48h22.4c6.4 0 12.8-6.4 12.8-12.8v-70.4c0-6.4-6.4-12.8-12.8-12.8h-22.4c-6.4 0-12.8 6.4-12.8 12.8v70.4c0 6.4 6.4 12.8 12.8 12.8z\" class=\"\"><\/path><\/svg><\/i> <img loading=\"lazy\" decoding=\"async\" width=\"16\" height=\"16\" alt=\"Loading\" src=\"https:\/\/www.gsccanarias.com\/gsc\/wp-content\/plugins\/page-views-count\/ajax-loader-2x.gif\" border=0 \/><\/p>\n<div class=\"pvc_clear\"><\/div>\n","protected":false},"author":1,"featured_media":2981,"comment_status":"open","ping_status":"open","sticky":false,"template":"","format":"standard","meta":{"footnotes":""},"categories":[36],"tags":[],"class_list":["post-2982","post","type-post","status-publish","format-standard","has-post-thumbnail","hentry","category-ultimas-noticias"],"a3_pvc":{"activated":true,"total_views":76,"today_views":0},"yoast_head":"<!-- This site is optimized with the Yoast SEO plugin v27.5 - https:\/\/yoast.com\/product\/yoast-seo-wordpress\/ -->\n<title>Gran Canaria, la isla que registra el mayor n\u00famero de incidentes gestionados por el 1-1-2 en sus 22 a\u00f1os - GSC<\/title>\n<meta name=\"robots\" content=\"index, follow, max-snippet:-1, max-image-preview:large, max-video-preview:-1\" \/>\n<link rel=\"canonical\" href=\"https:\/\/www.gsccanarias.com\/gsc\/gran-canaria-la-isla-que-registra-el-mayor-numero-de-incidentes-gestionados-por-el-1-1-2-en-sus-22-anos\/\" \/>\n<meta property=\"og:locale\" content=\"es_ES\" \/>\n<meta property=\"og:type\" content=\"article\" \/>\n<meta property=\"og:title\" content=\"Gran Canaria, la isla que registra el mayor n\u00famero de incidentes gestionados por el 1-1-2 en sus 22 a\u00f1os - GSC\" \/>\n<meta property=\"og:description\" content=\"Las demandas sanitarias superaron el 59% Gran Canaria es la isla del Archipi\u00e9lago que ha registrado el mayor n\u00famero de incidentes a lo largo de los 22 a\u00f1os de vida del Centro Coordinador de Emergencias y Seguridad (CECOES) 1-1-2, con casi 4,5 millones. Del total...\" \/>\n<meta property=\"og:url\" content=\"https:\/\/www.gsccanarias.com\/gsc\/gran-canaria-la-isla-que-registra-el-mayor-numero-de-incidentes-gestionados-por-el-1-1-2-en-sus-22-anos\/\" \/>\n<meta property=\"og:site_name\" content=\"GSC\" \/>\n<meta property=\"article:published_time\" content=\"2020-07-01T08:27:32+00:00\" \/>\n<meta property=\"og:image\" content=\"https:\/\/www.gsccanarias.com\/gsc\/wp-content\/uploads\/2020\/07\/Foto_Gran_Canaria.jpg\" \/>\n\t<meta property=\"og:image:width\" content=\"1280\" \/>\n\t<meta property=\"og:image:height\" content=\"960\" \/>\n\t<meta property=\"og:image:type\" content=\"image\/jpeg\" \/>\n<meta name=\"author\" content=\"userad112\" \/>\n<meta name=\"twitter:card\" content=\"summary_large_image\" \/>\n<meta name=\"twitter:label1\" content=\"Escrito por\" \/>\n\t<meta name=\"twitter:data1\" content=\"userad112\" \/>\n\t<meta name=\"twitter:label2\" content=\"Tiempo de lectura\" \/>\n\t<meta name=\"twitter:data2\" content=\"2 minutos\" \/>\n<script type=\"application\/ld+json\" class=\"yoast-schema-graph\">{\"@context\":\"https:\\\/\\\/schema.org\",\"@graph\":[{\"@type\":\"Article\",\"@id\":\"https:\\\/\\\/www.gsccanarias.com\\\/gsc\\\/gran-canaria-la-isla-que-registra-el-mayor-numero-de-incidentes-gestionados-por-el-1-1-2-en-sus-22-anos\\\/#article\",\"isPartOf\":{\"@id\":\"https:\\\/\\\/www.gsccanarias.com\\\/gsc\\\/gran-canaria-la-isla-que-registra-el-mayor-numero-de-incidentes-gestionados-por-el-1-1-2-en-sus-22-anos\\\/\"},\"author\":{\"name\":\"userad112\",\"@id\":\"https:\\\/\\\/www.gsccanarias.com\\\/gsc\\\/#\\\/schema\\\/person\\\/591ed0ce1757a7168579ec75f6e7f340\"},\"headline\":\"Gran Canaria, la isla que registra el mayor n\u00famero de incidentes gestionados por el 1-1-2 en sus 22 a\u00f1os\",\"datePublished\":\"2020-07-01T08:27:32+00:00\",\"mainEntityOfPage\":{\"@id\":\"https:\\\/\\\/www.gsccanarias.com\\\/gsc\\\/gran-canaria-la-isla-que-registra-el-mayor-numero-de-incidentes-gestionados-por-el-1-1-2-en-sus-22-anos\\\/\"},\"wordCount\":395,\"commentCount\":0,\"image\":{\"@id\":\"https:\\\/\\\/www.gsccanarias.com\\\/gsc\\\/gran-canaria-la-isla-que-registra-el-mayor-numero-de-incidentes-gestionados-por-el-1-1-2-en-sus-22-anos\\\/#primaryimage\"},\"thumbnailUrl\":\"https:\\\/\\\/www.gsccanarias.com\\\/gsc\\\/wp-content\\\/uploads\\\/2020\\\/07\\\/Foto_Gran_Canaria.jpg\",\"articleSection\":[\"\u00daltimas noticias\"],\"inLanguage\":\"es\",\"potentialAction\":[{\"@type\":\"CommentAction\",\"name\":\"Comment\",\"target\":[\"https:\\\/\\\/www.gsccanarias.com\\\/gsc\\\/gran-canaria-la-isla-que-registra-el-mayor-numero-de-incidentes-gestionados-por-el-1-1-2-en-sus-22-anos\\\/#respond\"]}]},{\"@type\":\"WebPage\",\"@id\":\"https:\\\/\\\/www.gsccanarias.com\\\/gsc\\\/gran-canaria-la-isla-que-registra-el-mayor-numero-de-incidentes-gestionados-por-el-1-1-2-en-sus-22-anos\\\/\",\"url\":\"https:\\\/\\\/www.gsccanarias.com\\\/gsc\\\/gran-canaria-la-isla-que-registra-el-mayor-numero-de-incidentes-gestionados-por-el-1-1-2-en-sus-22-anos\\\/\",\"name\":\"Gran Canaria, la isla que registra el mayor n\u00famero de incidentes gestionados por el 1-1-2 en sus 22 a\u00f1os - GSC\",\"isPartOf\":{\"@id\":\"https:\\\/\\\/www.gsccanarias.com\\\/gsc\\\/#website\"},\"primaryImageOfPage\":{\"@id\":\"https:\\\/\\\/www.gsccanarias.com\\\/gsc\\\/gran-canaria-la-isla-que-registra-el-mayor-numero-de-incidentes-gestionados-por-el-1-1-2-en-sus-22-anos\\\/#primaryimage\"},\"image\":{\"@id\":\"https:\\\/\\\/www.gsccanarias.com\\\/gsc\\\/gran-canaria-la-isla-que-registra-el-mayor-numero-de-incidentes-gestionados-por-el-1-1-2-en-sus-22-anos\\\/#primaryimage\"},\"thumbnailUrl\":\"https:\\\/\\\/www.gsccanarias.com\\\/gsc\\\/wp-content\\\/uploads\\\/2020\\\/07\\\/Foto_Gran_Canaria.jpg\",\"datePublished\":\"2020-07-01T08:27:32+00:00\",\"author\":{\"@id\":\"https:\\\/\\\/www.gsccanarias.com\\\/gsc\\\/#\\\/schema\\\/person\\\/591ed0ce1757a7168579ec75f6e7f340\"},\"breadcrumb\":{\"@id\":\"https:\\\/\\\/www.gsccanarias.com\\\/gsc\\\/gran-canaria-la-isla-que-registra-el-mayor-numero-de-incidentes-gestionados-por-el-1-1-2-en-sus-22-anos\\\/#breadcrumb\"},\"inLanguage\":\"es\",\"potentialAction\":[{\"@type\":\"ReadAction\",\"target\":[\"https:\\\/\\\/www.gsccanarias.com\\\/gsc\\\/gran-canaria-la-isla-que-registra-el-mayor-numero-de-incidentes-gestionados-por-el-1-1-2-en-sus-22-anos\\\/\"]}]},{\"@type\":\"ImageObject\",\"inLanguage\":\"es\",\"@id\":\"https:\\\/\\\/www.gsccanarias.com\\\/gsc\\\/gran-canaria-la-isla-que-registra-el-mayor-numero-de-incidentes-gestionados-por-el-1-1-2-en-sus-22-anos\\\/#primaryimage\",\"url\":\"https:\\\/\\\/www.gsccanarias.com\\\/gsc\\\/wp-content\\\/uploads\\\/2020\\\/07\\\/Foto_Gran_Canaria.jpg\",\"contentUrl\":\"https:\\\/\\\/www.gsccanarias.com\\\/gsc\\\/wp-content\\\/uploads\\\/2020\\\/07\\\/Foto_Gran_Canaria.jpg\",\"width\":1280,\"height\":960},{\"@type\":\"BreadcrumbList\",\"@id\":\"https:\\\/\\\/www.gsccanarias.com\\\/gsc\\\/gran-canaria-la-isla-que-registra-el-mayor-numero-de-incidentes-gestionados-por-el-1-1-2-en-sus-22-anos\\\/#breadcrumb\",\"itemListElement\":[{\"@type\":\"ListItem\",\"position\":1,\"name\":\"Portada\",\"item\":\"https:\\\/\\\/www.gsccanarias.com\\\/gsc\\\/\"},{\"@type\":\"ListItem\",\"position\":2,\"name\":\"Gran Canaria, la isla que registra el mayor n\u00famero de incidentes gestionados por el 1-1-2 en sus 22 a\u00f1os\"}]},{\"@type\":\"WebSite\",\"@id\":\"https:\\\/\\\/www.gsccanarias.com\\\/gsc\\\/#website\",\"url\":\"https:\\\/\\\/www.gsccanarias.com\\\/gsc\\\/\",\"name\":\"GSC\",\"description\":\"Administramos servicios relacionados con la salud, las emergencias, la seguridad y el transporte sanitario\",\"potentialAction\":[{\"@type\":\"SearchAction\",\"target\":{\"@type\":\"EntryPoint\",\"urlTemplate\":\"https:\\\/\\\/www.gsccanarias.com\\\/gsc\\\/?s={search_term_string}\"},\"query-input\":{\"@type\":\"PropertyValueSpecification\",\"valueRequired\":true,\"valueName\":\"search_term_string\"}}],\"inLanguage\":\"es\"},{\"@type\":\"Person\",\"@id\":\"https:\\\/\\\/www.gsccanarias.com\\\/gsc\\\/#\\\/schema\\\/person\\\/591ed0ce1757a7168579ec75f6e7f340\",\"name\":\"userad112\",\"image\":{\"@type\":\"ImageObject\",\"inLanguage\":\"es\",\"@id\":\"https:\\\/\\\/secure.gravatar.com\\\/avatar\\\/6aab27730b29899b0a1a05aaa7b266b4fc1fce4dd26b427baeb73cffe474a916?s=96&d=mm&r=g\",\"url\":\"https:\\\/\\\/secure.gravatar.com\\\/avatar\\\/6aab27730b29899b0a1a05aaa7b266b4fc1fce4dd26b427baeb73cffe474a916?s=96&d=mm&r=g\",\"contentUrl\":\"https:\\\/\\\/secure.gravatar.com\\\/avatar\\\/6aab27730b29899b0a1a05aaa7b266b4fc1fce4dd26b427baeb73cffe474a916?s=96&d=mm&r=g\",\"caption\":\"userad112\"},\"sameAs\":[\"https:\\\/\\\/321brand.com\\\/112\"],\"url\":\"https:\\\/\\\/www.gsccanarias.com\\\/gsc\\\/author\\\/userad112\\\/\"}]}<\/script>\n<!-- \/ Yoast SEO plugin. -->","yoast_head_json":{"title":"Gran Canaria, la isla que registra el mayor n\u00famero de incidentes gestionados por el 1-1-2 en sus 22 a\u00f1os - GSC","robots":{"index":"index","follow":"follow","max-snippet":"max-snippet:-1","max-image-preview":"max-image-preview:large","max-video-preview":"max-video-preview:-1"},"canonical":"https:\/\/www.gsccanarias.com\/gsc\/gran-canaria-la-isla-que-registra-el-mayor-numero-de-incidentes-gestionados-por-el-1-1-2-en-sus-22-anos\/","og_locale":"es_ES","og_type":"article","og_title":"Gran Canaria, la isla que registra el mayor n\u00famero de incidentes gestionados por el 1-1-2 en sus 22 a\u00f1os - GSC","og_description":"Las demandas sanitarias superaron el 59% Gran Canaria es la isla del Archipi\u00e9lago que ha registrado el mayor n\u00famero de incidentes a lo largo de los 22 a\u00f1os de vida del Centro Coordinador de Emergencias y Seguridad (CECOES) 1-1-2, con casi 4,5 millones. Del total...","og_url":"https:\/\/www.gsccanarias.com\/gsc\/gran-canaria-la-isla-que-registra-el-mayor-numero-de-incidentes-gestionados-por-el-1-1-2-en-sus-22-anos\/","og_site_name":"GSC","article_published_time":"2020-07-01T08:27:32+00:00","og_image":[{"width":1280,"height":960,"url":"https:\/\/www.gsccanarias.com\/gsc\/wp-content\/uploads\/2020\/07\/Foto_Gran_Canaria.jpg","type":"image\/jpeg"}],"author":"userad112","twitter_card":"summary_large_image","twitter_misc":{"Escrito por":"userad112","Tiempo de lectura":"2 minutos"},"schema":{"@context":"https:\/\/schema.org","@graph":[{"@type":"Article","@id":"https:\/\/www.gsccanarias.com\/gsc\/gran-canaria-la-isla-que-registra-el-mayor-numero-de-incidentes-gestionados-por-el-1-1-2-en-sus-22-anos\/#article","isPartOf":{"@id":"https:\/\/www.gsccanarias.com\/gsc\/gran-canaria-la-isla-que-registra-el-mayor-numero-de-incidentes-gestionados-por-el-1-1-2-en-sus-22-anos\/"},"author":{"name":"userad112","@id":"https:\/\/www.gsccanarias.com\/gsc\/#\/schema\/person\/591ed0ce1757a7168579ec75f6e7f340"},"headline":"Gran Canaria, la isla que registra el mayor n\u00famero de incidentes gestionados por el 1-1-2 en sus 22 a\u00f1os","datePublished":"2020-07-01T08:27:32+00:00","mainEntityOfPage":{"@id":"https:\/\/www.gsccanarias.com\/gsc\/gran-canaria-la-isla-que-registra-el-mayor-numero-de-incidentes-gestionados-por-el-1-1-2-en-sus-22-anos\/"},"wordCount":395,"commentCount":0,"image":{"@id":"https:\/\/www.gsccanarias.com\/gsc\/gran-canaria-la-isla-que-registra-el-mayor-numero-de-incidentes-gestionados-por-el-1-1-2-en-sus-22-anos\/#primaryimage"},"thumbnailUrl":"https:\/\/www.gsccanarias.com\/gsc\/wp-content\/uploads\/2020\/07\/Foto_Gran_Canaria.jpg","articleSection":["\u00daltimas noticias"],"inLanguage":"es","potentialAction":[{"@type":"CommentAction","name":"Comment","target":["https:\/\/www.gsccanarias.com\/gsc\/gran-canaria-la-isla-que-registra-el-mayor-numero-de-incidentes-gestionados-por-el-1-1-2-en-sus-22-anos\/#respond"]}]},{"@type":"WebPage","@id":"https:\/\/www.gsccanarias.com\/gsc\/gran-canaria-la-isla-que-registra-el-mayor-numero-de-incidentes-gestionados-por-el-1-1-2-en-sus-22-anos\/","url":"https:\/\/www.gsccanarias.com\/gsc\/gran-canaria-la-isla-que-registra-el-mayor-numero-de-incidentes-gestionados-por-el-1-1-2-en-sus-22-anos\/","name":"Gran Canaria, la isla que registra el mayor n\u00famero de incidentes gestionados por el 1-1-2 en sus 22 a\u00f1os - GSC","isPartOf":{"@id":"https:\/\/www.gsccanarias.com\/gsc\/#website"},"primaryImageOfPage":{"@id":"https:\/\/www.gsccanarias.com\/gsc\/gran-canaria-la-isla-que-registra-el-mayor-numero-de-incidentes-gestionados-por-el-1-1-2-en-sus-22-anos\/#primaryimage"},"image":{"@id":"https:\/\/www.gsccanarias.com\/gsc\/gran-canaria-la-isla-que-registra-el-mayor-numero-de-incidentes-gestionados-por-el-1-1-2-en-sus-22-anos\/#primaryimage"},"thumbnailUrl":"https:\/\/www.gsccanarias.com\/gsc\/wp-content\/uploads\/2020\/07\/Foto_Gran_Canaria.jpg","datePublished":"2020-07-01T08:27:32+00:00","author":{"@id":"https:\/\/www.gsccanarias.com\/gsc\/#\/schema\/person\/591ed0ce1757a7168579ec75f6e7f340"},"breadcrumb":{"@id":"https:\/\/www.gsccanarias.com\/gsc\/gran-canaria-la-isla-que-registra-el-mayor-numero-de-incidentes-gestionados-por-el-1-1-2-en-sus-22-anos\/#breadcrumb"},"inLanguage":"es","potentialAction":[{"@type":"ReadAction","target":["https:\/\/www.gsccanarias.com\/gsc\/gran-canaria-la-isla-que-registra-el-mayor-numero-de-incidentes-gestionados-por-el-1-1-2-en-sus-22-anos\/"]}]},{"@type":"ImageObject","inLanguage":"es","@id":"https:\/\/www.gsccanarias.com\/gsc\/gran-canaria-la-isla-que-registra-el-mayor-numero-de-incidentes-gestionados-por-el-1-1-2-en-sus-22-anos\/#primaryimage","url":"https:\/\/www.gsccanarias.com\/gsc\/wp-content\/uploads\/2020\/07\/Foto_Gran_Canaria.jpg","contentUrl":"https:\/\/www.gsccanarias.com\/gsc\/wp-content\/uploads\/2020\/07\/Foto_Gran_Canaria.jpg","width":1280,"height":960},{"@type":"BreadcrumbList","@id":"https:\/\/www.gsccanarias.com\/gsc\/gran-canaria-la-isla-que-registra-el-mayor-numero-de-incidentes-gestionados-por-el-1-1-2-en-sus-22-anos\/#breadcrumb","itemListElement":[{"@type":"ListItem","position":1,"name":"Portada","item":"https:\/\/www.gsccanarias.com\/gsc\/"},{"@type":"ListItem","position":2,"name":"Gran Canaria, la isla que registra el mayor n\u00famero de incidentes gestionados por el 1-1-2 en sus 22 a\u00f1os"}]},{"@type":"WebSite","@id":"https:\/\/www.gsccanarias.com\/gsc\/#website","url":"https:\/\/www.gsccanarias.com\/gsc\/","name":"GSC","description":"Administramos servicios relacionados con la salud, las emergencias, la seguridad y el transporte sanitario","potentialAction":[{"@type":"SearchAction","target":{"@type":"EntryPoint","urlTemplate":"https:\/\/www.gsccanarias.com\/gsc\/?s={search_term_string}"},"query-input":{"@type":"PropertyValueSpecification","valueRequired":true,"valueName":"search_term_string"}}],"inLanguage":"es"},{"@type":"Person","@id":"https:\/\/www.gsccanarias.com\/gsc\/#\/schema\/person\/591ed0ce1757a7168579ec75f6e7f340","name":"userad112","image":{"@type":"ImageObject","inLanguage":"es","@id":"https:\/\/secure.gravatar.com\/avatar\/6aab27730b29899b0a1a05aaa7b266b4fc1fce4dd26b427baeb73cffe474a916?s=96&d=mm&r=g","url":"https:\/\/secure.gravatar.com\/avatar\/6aab27730b29899b0a1a05aaa7b266b4fc1fce4dd26b427baeb73cffe474a916?s=96&d=mm&r=g","contentUrl":"https:\/\/secure.gravatar.com\/avatar\/6aab27730b29899b0a1a05aaa7b266b4fc1fce4dd26b427baeb73cffe474a916?s=96&d=mm&r=g","caption":"userad112"},"sameAs":["https:\/\/321brand.com\/112"],"url":"https:\/\/www.gsccanarias.com\/gsc\/author\/userad112\/"}]}},"publishpress_future_workflow_manual_trigger":{"enabledWorkflows":[]},"_links":{"self":[{"href":"https:\/\/www.gsccanarias.com\/gsc\/wp-json\/wp\/v2\/posts\/2982","targetHints":{"allow":["GET"]}}],"collection":[{"href":"https:\/\/www.gsccanarias.com\/gsc\/wp-json\/wp\/v2\/posts"}],"about":[{"href":"https:\/\/www.gsccanarias.com\/gsc\/wp-json\/wp\/v2\/types\/post"}],"author":[{"embeddable":true,"href":"https:\/\/www.gsccanarias.com\/gsc\/wp-json\/wp\/v2\/users\/1"}],"replies":[{"embeddable":true,"href":"https:\/\/www.gsccanarias.com\/gsc\/wp-json\/wp\/v2\/comments?post=2982"}],"version-history":[{"count":0,"href":"https:\/\/www.gsccanarias.com\/gsc\/wp-json\/wp\/v2\/posts\/2982\/revisions"}],"wp:featuredmedia":[{"embeddable":true,"href":"https:\/\/www.gsccanarias.com\/gsc\/wp-json\/wp\/v2\/media\/2981"}],"wp:attachment":[{"href":"https:\/\/www.gsccanarias.com\/gsc\/wp-json\/wp\/v2\/media?parent=2982"}],"wp:term":[{"taxonomy":"category","embeddable":true,"href":"https:\/\/www.gsccanarias.com\/gsc\/wp-json\/wp\/v2\/categories?post=2982"},{"taxonomy":"post_tag","embeddable":true,"href":"https:\/\/www.gsccanarias.com\/gsc\/wp-json\/wp\/v2\/tags?post=2982"}],"curies":[{"name":"wp","href":"https:\/\/api.w.org\/{rel}","templated":true}]}}