{"id":2918,"date":"2020-04-07T23:00:00","date_gmt":"2020-04-07T23:00:00","guid":{"rendered":"https:\/\/www.gsccanarias.com\/gsc\/gsc-reorganiza-el-transporte-sanitario-no-urgente-de-los-pacientes-de-hemodialisis-durante-la-situacion-de-crisis-sanitaria\/"},"modified":"2020-04-07T23:00:00","modified_gmt":"2020-04-07T23:00:00","slug":"gsc-reorganiza-el-transporte-sanitario-no-urgente-de-los-pacientes-de-hemodialisis-durante-la-situacion-de-crisis-sanitaria","status":"publish","type":"post","link":"https:\/\/www.gsccanarias.com\/gsc\/gsc-reorganiza-el-transporte-sanitario-no-urgente-de-los-pacientes-de-hemodialisis-durante-la-situacion-de-crisis-sanitaria\/","title":{"rendered":"GSC reorganiza el transporte sanitario no urgente de los pacientes de hemodi\u00e1lisis durante la situaci\u00f3n de crisis sanitaria"},"content":{"rendered":"<p>\u00a0<\/p>\n<p style=\"text-align: justify;\"><strong>La suspensi\u00f3n temporal del servicio de rehabilitaci\u00f3n permite disponer de m\u00e1s plazas y ampliar las rutas para garantizar la distancia de seguridad <\/strong><\/p>\n<p style=\"text-align: justify;\">La empresa p\u00fablica Gesti\u00f3n de Servicios para la Salud y Seguridad en Canarias (GSC), adscrita a la Consejer\u00eda de Sanidad, ha reorganizado el servicio de transporte sanitario no urgente en las Islas para adaptarlo a las necesidades de traslado de los pacientes que reciben tratamientos vitales como la hemodi\u00e1lisis, mientras dure el estado de alarma por el coronavirus.<\/p>\n<p style=\"text-align: justify;\">Debido a la suspensi\u00f3n temporal de servicios como rehabilitaci\u00f3n, las Mesas de Transporte de Las Palmas y de S\/C de Tenerife disponen de un mayor n\u00famero de plazas libres en los veh\u00edculos, lo que permitido distribuir a los pacientes de hemodi\u00e1lisis de forma que se cumplan en todo momento las distancias de seguridad establecidas en los protocolos de Salud P\u00fablica.<\/p>\n<p style=\"text-align: justify;\">En este sentido, tambi\u00e9n se ha incrementado el n\u00famero de las rutas de los veh\u00edculos colectivos del transporte sanitario no urgente (TSNU) para que en cada recurso viaje un menor n\u00famero de pacientes.<\/p>\n<p style=\"text-align: justify;\">Desde que empez\u00f3 esta situaci\u00f3n de emergencia sanitaria, se ha intensificado la comunicaci\u00f3n entre los centros que imparten hemodi\u00e1lisis y las Mesas de Transporte para recibir informaci\u00f3n puntual de cualquier incidencia en los traslados de los pacientes que acuden a sus sesiones.<\/p>\n<p style=\"text-align: justify;\">Actualmente, cerca de 800 pacientes de hemodi\u00e1lisis hacen uso del TSNU para su traslado a los diferentes centros sanitarios donde reciben su tratamiento.<\/p>\n<div class=\"pvc_clear\"><\/div>\n<p id=\"pvc_stats_2918\" class=\"pvc_stats all  \" data-element-id=\"2918\" style=\"\"><i class=\"pvc-stats-icon medium\" aria-hidden=\"true\"><svg aria-hidden=\"true\" focusable=\"false\" data-prefix=\"far\" data-icon=\"chart-bar\" role=\"img\" xmlns=\"http:\/\/www.w3.org\/2000\/svg\" viewBox=\"0 0 512 512\" class=\"svg-inline--fa fa-chart-bar fa-w-16 fa-2x\"><path fill=\"currentColor\" d=\"M396.8 352h22.4c6.4 0 12.8-6.4 12.8-12.8V108.8c0-6.4-6.4-12.8-12.8-12.8h-22.4c-6.4 0-12.8 6.4-12.8 12.8v230.4c0 6.4 6.4 12.8 12.8 12.8zm-192 0h22.4c6.4 0 12.8-6.4 12.8-12.8V140.8c0-6.4-6.4-12.8-12.8-12.8h-22.4c-6.4 0-12.8 6.4-12.8 12.8v198.4c0 6.4 6.4 12.8 12.8 12.8zm96 0h22.4c6.4 0 12.8-6.4 12.8-12.8V204.8c0-6.4-6.4-12.8-12.8-12.8h-22.4c-6.4 0-12.8 6.4-12.8 12.8v134.4c0 6.4 6.4 12.8 12.8 12.8zM496 400H48V80c0-8.84-7.16-16-16-16H16C7.16 64 0 71.16 0 80v336c0 17.67 14.33 32 32 32h464c8.84 0 16-7.16 16-16v-16c0-8.84-7.16-16-16-16zm-387.2-48h22.4c6.4 0 12.8-6.4 12.8-12.8v-70.4c0-6.4-6.4-12.8-12.8-12.8h-22.4c-6.4 0-12.8 6.4-12.8 12.8v70.4c0 6.4 6.4 12.8 12.8 12.8z\" class=\"\"><\/path><\/svg><\/i> <\/p>\n<div class=\"pvc_clear\"><\/div>\n<div class=\"print\"><span class=\"page_title\">P\u00e1gina: <span>GSC reorganiza el transporte sanitario no urgente de los pacientes de hemodi\u00e1lisis durante la situaci\u00f3n de crisis sanitaria<\/span><\/span>\n\t\t\t\t\t\t\t\t\t\t\t<span class=\"page_title\">Fecha de impresi\u00f3n: <span>30\/04\/2026 - 01:27:19 UTC<\/span><\/span>\n\t\t\t\t\t\t\t\t\t\t\t<span class=\"stmp_trans_date\">\u00daltima actualizaci\u00f3n: <span>07\/04\/2020 - 23:00:00<\/span><\/span>\n\t\t\t\t\t\t\t\t\t\t\t<span class=\"stmp_trans_date\">Fecha publicaci\u00f3n: <span>07\/04\/2020 - 23:00:00<\/span><\/span>\n\t\t\t\t\t\t\t\t\t\t\t<span class=\"stmp_trans_date\">Fecha creaci\u00f3n: <span>07\/04\/2020 - 23:00:00<\/span><\/span><\/div>\n\t","protected":false},"excerpt":{"rendered":"<p>\u00a0 La suspensi\u00f3n temporal del servicio de rehabilitaci\u00f3n permite disponer de m\u00e1s plazas y ampliar las rutas para garantizar la distancia de seguridad La empresa p\u00fablica Gesti\u00f3n de Servicios para la Salud y Seguridad en Canarias (GSC), adscrita a la Consejer\u00eda de Sanidad, ha reorganizado&#8230;<\/p>\n<div class=\"pvc_clear\"><\/div>\n<p id=\"pvc_stats_2918\" class=\"pvc_stats all  \" data-element-id=\"2918\" style=\"\"><i class=\"pvc-stats-icon medium\" aria-hidden=\"true\"><svg aria-hidden=\"true\" focusable=\"false\" data-prefix=\"far\" data-icon=\"chart-bar\" role=\"img\" xmlns=\"http:\/\/www.w3.org\/2000\/svg\" viewBox=\"0 0 512 512\" class=\"svg-inline--fa fa-chart-bar fa-w-16 fa-2x\"><path fill=\"currentColor\" d=\"M396.8 352h22.4c6.4 0 12.8-6.4 12.8-12.8V108.8c0-6.4-6.4-12.8-12.8-12.8h-22.4c-6.4 0-12.8 6.4-12.8 12.8v230.4c0 6.4 6.4 12.8 12.8 12.8zm-192 0h22.4c6.4 0 12.8-6.4 12.8-12.8V140.8c0-6.4-6.4-12.8-12.8-12.8h-22.4c-6.4 0-12.8 6.4-12.8 12.8v198.4c0 6.4 6.4 12.8 12.8 12.8zm96 0h22.4c6.4 0 12.8-6.4 12.8-12.8V204.8c0-6.4-6.4-12.8-12.8-12.8h-22.4c-6.4 0-12.8 6.4-12.8 12.8v134.4c0 6.4 6.4 12.8 12.8 12.8zM496 400H48V80c0-8.84-7.16-16-16-16H16C7.16 64 0 71.16 0 80v336c0 17.67 14.33 32 32 32h464c8.84 0 16-7.16 16-16v-16c0-8.84-7.16-16-16-16zm-387.2-48h22.4c6.4 0 12.8-6.4 12.8-12.8v-70.4c0-6.4-6.4-12.8-12.8-12.8h-22.4c-6.4 0-12.8 6.4-12.8 12.8v70.4c0 6.4 6.4 12.8 12.8 12.8z\" class=\"\"><\/path><\/svg><\/i> <img loading=\"lazy\" decoding=\"async\" width=\"16\" height=\"16\" alt=\"Loading\" src=\"https:\/\/www.gsccanarias.com\/gsc\/wp-content\/plugins\/page-views-count\/ajax-loader-2x.gif\" border=0 \/><\/p>\n<div class=\"pvc_clear\"><\/div>\n","protected":false},"author":1,"featured_media":2917,"comment_status":"open","ping_status":"open","sticky":false,"template":"","format":"standard","meta":{"footnotes":""},"categories":[36],"tags":[],"class_list":["post-2918","post","type-post","status-publish","format-standard","has-post-thumbnail","hentry","category-ultimas-noticias"],"a3_pvc":{"activated":true,"total_views":102,"today_views":0},"yoast_head":"<!-- This site is optimized with the Yoast SEO plugin v27.5 - https:\/\/yoast.com\/product\/yoast-seo-wordpress\/ -->\n<title>GSC reorganiza el transporte sanitario no urgente de los pacientes de hemodi\u00e1lisis durante la situaci\u00f3n de crisis sanitaria - GSC<\/title>\n<meta name=\"robots\" content=\"index, follow, max-snippet:-1, max-image-preview:large, max-video-preview:-1\" \/>\n<link rel=\"canonical\" href=\"https:\/\/www.gsccanarias.com\/gsc\/gsc-reorganiza-el-transporte-sanitario-no-urgente-de-los-pacientes-de-hemodialisis-durante-la-situacion-de-crisis-sanitaria\/\" \/>\n<meta property=\"og:locale\" content=\"es_ES\" \/>\n<meta property=\"og:type\" content=\"article\" \/>\n<meta property=\"og:title\" content=\"GSC reorganiza el transporte sanitario no urgente de los pacientes de hemodi\u00e1lisis durante la situaci\u00f3n de crisis sanitaria - GSC\" \/>\n<meta property=\"og:description\" content=\"\u00a0 La suspensi\u00f3n temporal del servicio de rehabilitaci\u00f3n permite disponer de m\u00e1s plazas y ampliar las rutas para garantizar la distancia de seguridad La empresa p\u00fablica Gesti\u00f3n de Servicios para la Salud y Seguridad en Canarias (GSC), adscrita a la Consejer\u00eda de Sanidad, ha reorganizado...\" \/>\n<meta property=\"og:url\" content=\"https:\/\/www.gsccanarias.com\/gsc\/gsc-reorganiza-el-transporte-sanitario-no-urgente-de-los-pacientes-de-hemodialisis-durante-la-situacion-de-crisis-sanitaria\/\" \/>\n<meta property=\"og:site_name\" content=\"GSC\" \/>\n<meta property=\"article:published_time\" content=\"2020-04-07T23:00:00+00:00\" \/>\n<meta property=\"og:image\" content=\"https:\/\/www.gsccanarias.com\/gsc\/wp-content\/uploads\/2020\/04\/2020TPHs.jpg\" \/>\n\t<meta property=\"og:image:width\" content=\"650\" \/>\n\t<meta property=\"og:image:height\" content=\"471\" \/>\n\t<meta property=\"og:image:type\" content=\"image\/jpeg\" \/>\n<meta name=\"author\" content=\"userad112\" \/>\n<meta name=\"twitter:card\" content=\"summary_large_image\" \/>\n<meta name=\"twitter:label1\" content=\"Escrito por\" \/>\n\t<meta name=\"twitter:data1\" content=\"userad112\" \/>\n\t<meta name=\"twitter:label2\" content=\"Tiempo de lectura\" \/>\n\t<meta name=\"twitter:data2\" content=\"1 minuto\" \/>\n<script type=\"application\/ld+json\" class=\"yoast-schema-graph\">{\"@context\":\"https:\\\/\\\/schema.org\",\"@graph\":[{\"@type\":\"Article\",\"@id\":\"https:\\\/\\\/www.gsccanarias.com\\\/gsc\\\/gsc-reorganiza-el-transporte-sanitario-no-urgente-de-los-pacientes-de-hemodialisis-durante-la-situacion-de-crisis-sanitaria\\\/#article\",\"isPartOf\":{\"@id\":\"https:\\\/\\\/www.gsccanarias.com\\\/gsc\\\/gsc-reorganiza-el-transporte-sanitario-no-urgente-de-los-pacientes-de-hemodialisis-durante-la-situacion-de-crisis-sanitaria\\\/\"},\"author\":{\"name\":\"userad112\",\"@id\":\"https:\\\/\\\/www.gsccanarias.com\\\/gsc\\\/#\\\/schema\\\/person\\\/591ed0ce1757a7168579ec75f6e7f340\"},\"headline\":\"GSC reorganiza el transporte sanitario no urgente de los pacientes de hemodi\u00e1lisis durante la situaci\u00f3n de crisis sanitaria\",\"datePublished\":\"2020-04-07T23:00:00+00:00\",\"mainEntityOfPage\":{\"@id\":\"https:\\\/\\\/www.gsccanarias.com\\\/gsc\\\/gsc-reorganiza-el-transporte-sanitario-no-urgente-de-los-pacientes-de-hemodialisis-durante-la-situacion-de-crisis-sanitaria\\\/\"},\"wordCount\":280,\"commentCount\":0,\"image\":{\"@id\":\"https:\\\/\\\/www.gsccanarias.com\\\/gsc\\\/gsc-reorganiza-el-transporte-sanitario-no-urgente-de-los-pacientes-de-hemodialisis-durante-la-situacion-de-crisis-sanitaria\\\/#primaryimage\"},\"thumbnailUrl\":\"https:\\\/\\\/www.gsccanarias.com\\\/gsc\\\/wp-content\\\/uploads\\\/2020\\\/04\\\/2020TPHs.jpg\",\"articleSection\":[\"\u00daltimas noticias\"],\"inLanguage\":\"es\",\"potentialAction\":[{\"@type\":\"CommentAction\",\"name\":\"Comment\",\"target\":[\"https:\\\/\\\/www.gsccanarias.com\\\/gsc\\\/gsc-reorganiza-el-transporte-sanitario-no-urgente-de-los-pacientes-de-hemodialisis-durante-la-situacion-de-crisis-sanitaria\\\/#respond\"]}]},{\"@type\":\"WebPage\",\"@id\":\"https:\\\/\\\/www.gsccanarias.com\\\/gsc\\\/gsc-reorganiza-el-transporte-sanitario-no-urgente-de-los-pacientes-de-hemodialisis-durante-la-situacion-de-crisis-sanitaria\\\/\",\"url\":\"https:\\\/\\\/www.gsccanarias.com\\\/gsc\\\/gsc-reorganiza-el-transporte-sanitario-no-urgente-de-los-pacientes-de-hemodialisis-durante-la-situacion-de-crisis-sanitaria\\\/\",\"name\":\"GSC reorganiza el transporte sanitario no urgente de los pacientes de hemodi\u00e1lisis durante la situaci\u00f3n de crisis sanitaria - GSC\",\"isPartOf\":{\"@id\":\"https:\\\/\\\/www.gsccanarias.com\\\/gsc\\\/#website\"},\"primaryImageOfPage\":{\"@id\":\"https:\\\/\\\/www.gsccanarias.com\\\/gsc\\\/gsc-reorganiza-el-transporte-sanitario-no-urgente-de-los-pacientes-de-hemodialisis-durante-la-situacion-de-crisis-sanitaria\\\/#primaryimage\"},\"image\":{\"@id\":\"https:\\\/\\\/www.gsccanarias.com\\\/gsc\\\/gsc-reorganiza-el-transporte-sanitario-no-urgente-de-los-pacientes-de-hemodialisis-durante-la-situacion-de-crisis-sanitaria\\\/#primaryimage\"},\"thumbnailUrl\":\"https:\\\/\\\/www.gsccanarias.com\\\/gsc\\\/wp-content\\\/uploads\\\/2020\\\/04\\\/2020TPHs.jpg\",\"datePublished\":\"2020-04-07T23:00:00+00:00\",\"author\":{\"@id\":\"https:\\\/\\\/www.gsccanarias.com\\\/gsc\\\/#\\\/schema\\\/person\\\/591ed0ce1757a7168579ec75f6e7f340\"},\"breadcrumb\":{\"@id\":\"https:\\\/\\\/www.gsccanarias.com\\\/gsc\\\/gsc-reorganiza-el-transporte-sanitario-no-urgente-de-los-pacientes-de-hemodialisis-durante-la-situacion-de-crisis-sanitaria\\\/#breadcrumb\"},\"inLanguage\":\"es\",\"potentialAction\":[{\"@type\":\"ReadAction\",\"target\":[\"https:\\\/\\\/www.gsccanarias.com\\\/gsc\\\/gsc-reorganiza-el-transporte-sanitario-no-urgente-de-los-pacientes-de-hemodialisis-durante-la-situacion-de-crisis-sanitaria\\\/\"]}]},{\"@type\":\"ImageObject\",\"inLanguage\":\"es\",\"@id\":\"https:\\\/\\\/www.gsccanarias.com\\\/gsc\\\/gsc-reorganiza-el-transporte-sanitario-no-urgente-de-los-pacientes-de-hemodialisis-durante-la-situacion-de-crisis-sanitaria\\\/#primaryimage\",\"url\":\"https:\\\/\\\/www.gsccanarias.com\\\/gsc\\\/wp-content\\\/uploads\\\/2020\\\/04\\\/2020TPHs.jpg\",\"contentUrl\":\"https:\\\/\\\/www.gsccanarias.com\\\/gsc\\\/wp-content\\\/uploads\\\/2020\\\/04\\\/2020TPHs.jpg\",\"width\":650,\"height\":471,\"caption\":\"Transporte Sanitario a paciente de hemodi\u00e1lisis\"},{\"@type\":\"BreadcrumbList\",\"@id\":\"https:\\\/\\\/www.gsccanarias.com\\\/gsc\\\/gsc-reorganiza-el-transporte-sanitario-no-urgente-de-los-pacientes-de-hemodialisis-durante-la-situacion-de-crisis-sanitaria\\\/#breadcrumb\",\"itemListElement\":[{\"@type\":\"ListItem\",\"position\":1,\"name\":\"Portada\",\"item\":\"https:\\\/\\\/www.gsccanarias.com\\\/gsc\\\/\"},{\"@type\":\"ListItem\",\"position\":2,\"name\":\"GSC reorganiza el transporte sanitario no urgente de los pacientes de hemodi\u00e1lisis durante la situaci\u00f3n de crisis sanitaria\"}]},{\"@type\":\"WebSite\",\"@id\":\"https:\\\/\\\/www.gsccanarias.com\\\/gsc\\\/#website\",\"url\":\"https:\\\/\\\/www.gsccanarias.com\\\/gsc\\\/\",\"name\":\"GSC\",\"description\":\"Administramos servicios relacionados con la salud, las emergencias, la seguridad y el transporte sanitario\",\"potentialAction\":[{\"@type\":\"SearchAction\",\"target\":{\"@type\":\"EntryPoint\",\"urlTemplate\":\"https:\\\/\\\/www.gsccanarias.com\\\/gsc\\\/?s={search_term_string}\"},\"query-input\":{\"@type\":\"PropertyValueSpecification\",\"valueRequired\":true,\"valueName\":\"search_term_string\"}}],\"inLanguage\":\"es\"},{\"@type\":\"Person\",\"@id\":\"https:\\\/\\\/www.gsccanarias.com\\\/gsc\\\/#\\\/schema\\\/person\\\/591ed0ce1757a7168579ec75f6e7f340\",\"name\":\"userad112\",\"image\":{\"@type\":\"ImageObject\",\"inLanguage\":\"es\",\"@id\":\"https:\\\/\\\/secure.gravatar.com\\\/avatar\\\/6aab27730b29899b0a1a05aaa7b266b4fc1fce4dd26b427baeb73cffe474a916?s=96&d=mm&r=g\",\"url\":\"https:\\\/\\\/secure.gravatar.com\\\/avatar\\\/6aab27730b29899b0a1a05aaa7b266b4fc1fce4dd26b427baeb73cffe474a916?s=96&d=mm&r=g\",\"contentUrl\":\"https:\\\/\\\/secure.gravatar.com\\\/avatar\\\/6aab27730b29899b0a1a05aaa7b266b4fc1fce4dd26b427baeb73cffe474a916?s=96&d=mm&r=g\",\"caption\":\"userad112\"},\"sameAs\":[\"https:\\\/\\\/321brand.com\\\/112\"],\"url\":\"https:\\\/\\\/www.gsccanarias.com\\\/gsc\\\/author\\\/userad112\\\/\"}]}<\/script>\n<!-- \/ Yoast SEO plugin. -->","yoast_head_json":{"title":"GSC reorganiza el transporte sanitario no urgente de los pacientes de hemodi\u00e1lisis durante la situaci\u00f3n de crisis sanitaria - GSC","robots":{"index":"index","follow":"follow","max-snippet":"max-snippet:-1","max-image-preview":"max-image-preview:large","max-video-preview":"max-video-preview:-1"},"canonical":"https:\/\/www.gsccanarias.com\/gsc\/gsc-reorganiza-el-transporte-sanitario-no-urgente-de-los-pacientes-de-hemodialisis-durante-la-situacion-de-crisis-sanitaria\/","og_locale":"es_ES","og_type":"article","og_title":"GSC reorganiza el transporte sanitario no urgente de los pacientes de hemodi\u00e1lisis durante la situaci\u00f3n de crisis sanitaria - GSC","og_description":"\u00a0 La suspensi\u00f3n temporal del servicio de rehabilitaci\u00f3n permite disponer de m\u00e1s plazas y ampliar las rutas para garantizar la distancia de seguridad La empresa p\u00fablica Gesti\u00f3n de Servicios para la Salud y Seguridad en Canarias (GSC), adscrita a la Consejer\u00eda de Sanidad, ha reorganizado...","og_url":"https:\/\/www.gsccanarias.com\/gsc\/gsc-reorganiza-el-transporte-sanitario-no-urgente-de-los-pacientes-de-hemodialisis-durante-la-situacion-de-crisis-sanitaria\/","og_site_name":"GSC","article_published_time":"2020-04-07T23:00:00+00:00","og_image":[{"width":650,"height":471,"url":"https:\/\/www.gsccanarias.com\/gsc\/wp-content\/uploads\/2020\/04\/2020TPHs.jpg","type":"image\/jpeg"}],"author":"userad112","twitter_card":"summary_large_image","twitter_misc":{"Escrito por":"userad112","Tiempo de lectura":"1 minuto"},"schema":{"@context":"https:\/\/schema.org","@graph":[{"@type":"Article","@id":"https:\/\/www.gsccanarias.com\/gsc\/gsc-reorganiza-el-transporte-sanitario-no-urgente-de-los-pacientes-de-hemodialisis-durante-la-situacion-de-crisis-sanitaria\/#article","isPartOf":{"@id":"https:\/\/www.gsccanarias.com\/gsc\/gsc-reorganiza-el-transporte-sanitario-no-urgente-de-los-pacientes-de-hemodialisis-durante-la-situacion-de-crisis-sanitaria\/"},"author":{"name":"userad112","@id":"https:\/\/www.gsccanarias.com\/gsc\/#\/schema\/person\/591ed0ce1757a7168579ec75f6e7f340"},"headline":"GSC reorganiza el transporte sanitario no urgente de los pacientes de hemodi\u00e1lisis durante la situaci\u00f3n de crisis sanitaria","datePublished":"2020-04-07T23:00:00+00:00","mainEntityOfPage":{"@id":"https:\/\/www.gsccanarias.com\/gsc\/gsc-reorganiza-el-transporte-sanitario-no-urgente-de-los-pacientes-de-hemodialisis-durante-la-situacion-de-crisis-sanitaria\/"},"wordCount":280,"commentCount":0,"image":{"@id":"https:\/\/www.gsccanarias.com\/gsc\/gsc-reorganiza-el-transporte-sanitario-no-urgente-de-los-pacientes-de-hemodialisis-durante-la-situacion-de-crisis-sanitaria\/#primaryimage"},"thumbnailUrl":"https:\/\/www.gsccanarias.com\/gsc\/wp-content\/uploads\/2020\/04\/2020TPHs.jpg","articleSection":["\u00daltimas noticias"],"inLanguage":"es","potentialAction":[{"@type":"CommentAction","name":"Comment","target":["https:\/\/www.gsccanarias.com\/gsc\/gsc-reorganiza-el-transporte-sanitario-no-urgente-de-los-pacientes-de-hemodialisis-durante-la-situacion-de-crisis-sanitaria\/#respond"]}]},{"@type":"WebPage","@id":"https:\/\/www.gsccanarias.com\/gsc\/gsc-reorganiza-el-transporte-sanitario-no-urgente-de-los-pacientes-de-hemodialisis-durante-la-situacion-de-crisis-sanitaria\/","url":"https:\/\/www.gsccanarias.com\/gsc\/gsc-reorganiza-el-transporte-sanitario-no-urgente-de-los-pacientes-de-hemodialisis-durante-la-situacion-de-crisis-sanitaria\/","name":"GSC reorganiza el transporte sanitario no urgente de los pacientes de hemodi\u00e1lisis durante la situaci\u00f3n de crisis sanitaria - GSC","isPartOf":{"@id":"https:\/\/www.gsccanarias.com\/gsc\/#website"},"primaryImageOfPage":{"@id":"https:\/\/www.gsccanarias.com\/gsc\/gsc-reorganiza-el-transporte-sanitario-no-urgente-de-los-pacientes-de-hemodialisis-durante-la-situacion-de-crisis-sanitaria\/#primaryimage"},"image":{"@id":"https:\/\/www.gsccanarias.com\/gsc\/gsc-reorganiza-el-transporte-sanitario-no-urgente-de-los-pacientes-de-hemodialisis-durante-la-situacion-de-crisis-sanitaria\/#primaryimage"},"thumbnailUrl":"https:\/\/www.gsccanarias.com\/gsc\/wp-content\/uploads\/2020\/04\/2020TPHs.jpg","datePublished":"2020-04-07T23:00:00+00:00","author":{"@id":"https:\/\/www.gsccanarias.com\/gsc\/#\/schema\/person\/591ed0ce1757a7168579ec75f6e7f340"},"breadcrumb":{"@id":"https:\/\/www.gsccanarias.com\/gsc\/gsc-reorganiza-el-transporte-sanitario-no-urgente-de-los-pacientes-de-hemodialisis-durante-la-situacion-de-crisis-sanitaria\/#breadcrumb"},"inLanguage":"es","potentialAction":[{"@type":"ReadAction","target":["https:\/\/www.gsccanarias.com\/gsc\/gsc-reorganiza-el-transporte-sanitario-no-urgente-de-los-pacientes-de-hemodialisis-durante-la-situacion-de-crisis-sanitaria\/"]}]},{"@type":"ImageObject","inLanguage":"es","@id":"https:\/\/www.gsccanarias.com\/gsc\/gsc-reorganiza-el-transporte-sanitario-no-urgente-de-los-pacientes-de-hemodialisis-durante-la-situacion-de-crisis-sanitaria\/#primaryimage","url":"https:\/\/www.gsccanarias.com\/gsc\/wp-content\/uploads\/2020\/04\/2020TPHs.jpg","contentUrl":"https:\/\/www.gsccanarias.com\/gsc\/wp-content\/uploads\/2020\/04\/2020TPHs.jpg","width":650,"height":471,"caption":"Transporte Sanitario a paciente de hemodi\u00e1lisis"},{"@type":"BreadcrumbList","@id":"https:\/\/www.gsccanarias.com\/gsc\/gsc-reorganiza-el-transporte-sanitario-no-urgente-de-los-pacientes-de-hemodialisis-durante-la-situacion-de-crisis-sanitaria\/#breadcrumb","itemListElement":[{"@type":"ListItem","position":1,"name":"Portada","item":"https:\/\/www.gsccanarias.com\/gsc\/"},{"@type":"ListItem","position":2,"name":"GSC reorganiza el transporte sanitario no urgente de los pacientes de hemodi\u00e1lisis durante la situaci\u00f3n de crisis sanitaria"}]},{"@type":"WebSite","@id":"https:\/\/www.gsccanarias.com\/gsc\/#website","url":"https:\/\/www.gsccanarias.com\/gsc\/","name":"GSC","description":"Administramos servicios relacionados con la salud, las emergencias, la seguridad y el transporte sanitario","potentialAction":[{"@type":"SearchAction","target":{"@type":"EntryPoint","urlTemplate":"https:\/\/www.gsccanarias.com\/gsc\/?s={search_term_string}"},"query-input":{"@type":"PropertyValueSpecification","valueRequired":true,"valueName":"search_term_string"}}],"inLanguage":"es"},{"@type":"Person","@id":"https:\/\/www.gsccanarias.com\/gsc\/#\/schema\/person\/591ed0ce1757a7168579ec75f6e7f340","name":"userad112","image":{"@type":"ImageObject","inLanguage":"es","@id":"https:\/\/secure.gravatar.com\/avatar\/6aab27730b29899b0a1a05aaa7b266b4fc1fce4dd26b427baeb73cffe474a916?s=96&d=mm&r=g","url":"https:\/\/secure.gravatar.com\/avatar\/6aab27730b29899b0a1a05aaa7b266b4fc1fce4dd26b427baeb73cffe474a916?s=96&d=mm&r=g","contentUrl":"https:\/\/secure.gravatar.com\/avatar\/6aab27730b29899b0a1a05aaa7b266b4fc1fce4dd26b427baeb73cffe474a916?s=96&d=mm&r=g","caption":"userad112"},"sameAs":["https:\/\/321brand.com\/112"],"url":"https:\/\/www.gsccanarias.com\/gsc\/author\/userad112\/"}]}},"publishpress_future_workflow_manual_trigger":{"enabledWorkflows":[]},"_links":{"self":[{"href":"https:\/\/www.gsccanarias.com\/gsc\/wp-json\/wp\/v2\/posts\/2918","targetHints":{"allow":["GET"]}}],"collection":[{"href":"https:\/\/www.gsccanarias.com\/gsc\/wp-json\/wp\/v2\/posts"}],"about":[{"href":"https:\/\/www.gsccanarias.com\/gsc\/wp-json\/wp\/v2\/types\/post"}],"author":[{"embeddable":true,"href":"https:\/\/www.gsccanarias.com\/gsc\/wp-json\/wp\/v2\/users\/1"}],"replies":[{"embeddable":true,"href":"https:\/\/www.gsccanarias.com\/gsc\/wp-json\/wp\/v2\/comments?post=2918"}],"version-history":[{"count":0,"href":"https:\/\/www.gsccanarias.com\/gsc\/wp-json\/wp\/v2\/posts\/2918\/revisions"}],"wp:featuredmedia":[{"embeddable":true,"href":"https:\/\/www.gsccanarias.com\/gsc\/wp-json\/wp\/v2\/media\/2917"}],"wp:attachment":[{"href":"https:\/\/www.gsccanarias.com\/gsc\/wp-json\/wp\/v2\/media?parent=2918"}],"wp:term":[{"taxonomy":"category","embeddable":true,"href":"https:\/\/www.gsccanarias.com\/gsc\/wp-json\/wp\/v2\/categories?post=2918"},{"taxonomy":"post_tag","embeddable":true,"href":"https:\/\/www.gsccanarias.com\/gsc\/wp-json\/wp\/v2\/tags?post=2918"}],"curies":[{"name":"wp","href":"https:\/\/api.w.org\/{rel}","templated":true}]}}