{"id":2836,"date":"2019-12-03T07:19:51","date_gmt":"2019-12-03T07:19:51","guid":{"rendered":"https:\/\/www.gsccanarias.com\/gsc\/el-suc-cumple-25-anos-de-servicio-publico-habiendo-asistido-a-mas-de-5-millones-y-medio-de-personas\/"},"modified":"2019-12-03T07:19:51","modified_gmt":"2019-12-03T07:19:51","slug":"el-suc-cumple-25-anos-de-servicio-publico-habiendo-asistido-a-mas-de-5-millones-y-medio-de-personas","status":"publish","type":"post","link":"https:\/\/www.gsccanarias.com\/gsc\/el-suc-cumple-25-anos-de-servicio-publico-habiendo-asistido-a-mas-de-5-millones-y-medio-de-personas\/","title":{"rendered":"El SUC cumple 25 a\u00f1os de servicio p\u00fablico habiendo asistido a m\u00e1s de 5 millones y medio de personas"},"content":{"rendered":"<figure><\/figure>\n<p style=\"text-align: justify;\">\u00a0<\/p>\n<p style=\"text-align: justify;\"><strong>Este servicio presta asistencia sanitaria urgente en todas las Islas a trav\u00e9s de una flota compuesta por 115 recursos<\/strong><\/p>\n<p style=\"text-align: justify;\">El Servicio de Urgencias Canario (SUC), dependiente de la Consejer\u00eda de Sanidad del Gobierno de Canarias, cumple este mes de diciembre 25 a\u00f1os de asistencia sanitaria prehospitalaria en el Archipi\u00e9lago con m\u00e1s de 6 millones de incidentes atendidos, en los que se ha dado respuesta a un total de 5.550.398 personas que se encontraban en una situaci\u00f3n de urgencia o emergencia sanitaria.<\/p>\n<p style=\"text-align: justify;\">En diciembre de 1994 el Gobierno de Canarias apostaba por crear una red asistencial urgente prehospitalaria que diera cobertura a toda la geograf\u00eda canaria, a trav\u00e9s de <a href=\"http:\/\/www.succanarias.com\/web\/index.php\/recursos-moviles\/equipo-humano\" target=\"_blank\" rel=\"noopener noreferrer\">recursos terrestres y a\u00e9reos<\/a>. As\u00ed nac\u00eda <a href=\"http:\/\/www.succanarias.com\/web\/index.php\/divulgacion-padre\/galeria-de-imagenes-20-anos-suc\" target=\"_blank\" rel=\"noopener noreferrer\">Urgencias Sanitarias 061<\/a>, pasando a denominarse SUC tras la puesta en marcha del tel\u00e9fono \u00fanico de emergencias 1-1-2 y convirti\u00e9ndose en un referente para la ciudadan\u00eda que requiere una asistencia cualificada en caso de emergencia sanitaria.<\/p>\n<p style=\"text-align: justify;\">En este sentido, el equipo del SUC en las salas operativas, formado por m\u00e9dicos coordinadores y asistenciales, enfermeros, t\u00e9cnicos y gestores de recursos, ha atendido 7 millones de demandas ciudadanas, tanto a trav\u00e9s de la consultor\u00eda m\u00e9dica como de la movilizaci\u00f3n de alg\u00fan recurso de soporte vital b\u00e1sico, sanitarizado o avanzado, en estos 25 a\u00f1os de servicio ininterrumpido. En la actualidad, el SUC cuenta con 112 ambulancias, dos helic\u00f3pteros y un avi\u00f3n medicalizados y un equipo que supera los 1.200 profesionales.<\/p>\n<p style=\"text-align: justify;\">Por otra parte, la integraci\u00f3n del SUC en proyectos con fondos europeos junto a servicios de los archipi\u00e9lagos de la Macaronesia, ha permitido seguir avanzando en los \u00faltimos a\u00f1os en el modelo de atenci\u00f3n de urgencias sanitarias bajo situaciones de cat\u00e1strofe para lograr una \u00f3ptima asistencia con independencia de la ubicaci\u00f3n del paciente, gracias a la integraci\u00f3n de Tecnolog\u00edas de la Informaci\u00f3n y Comunicaci\u00f3n (TIC\u00b4s) en el caso del proyecto DEMA, en el que el SUC trabaja desde el a\u00f1o 2017.<\/p>\n<p style=\"text-align: justify;\">Asimismo, paralelamente a la labor asistencial, para el Servicio de Urgencias Canario es imprescindible continuar fomentando la formaci\u00f3n a la poblaci\u00f3n en general, a escolares, estudiantes universitarios y futuros profesionales del sector, para lo que mantiene acuerdos con las dos Universidades y con la Consejer\u00eda de Educaci\u00f3n, con especial atenci\u00f3n a los T\u00e9cnicos de Emergencias Sanitarias que realizan sus pr\u00e1cticas en las ambulancias.<\/p>\n<p style=\"text-align: justify;\">De esta forma el SUC traslada a la poblaci\u00f3n las pautas para la correcta actuaci\u00f3n en caso de emergencia, con nociones de primeros auxilios adaptadas a cada edad, que se complementa en el momento de la llamada con la teleasistencia que lleva a cabo el m\u00e9dico coordinador presente en el centro coordinador, al tutorizar a los primeros intervinientes hasta la llegada de los profesionales.<\/p>\n<div class=\"pvc_clear\"><\/div>\n<p id=\"pvc_stats_2836\" class=\"pvc_stats all  \" data-element-id=\"2836\" style=\"\"><i class=\"pvc-stats-icon medium\" aria-hidden=\"true\"><svg aria-hidden=\"true\" focusable=\"false\" data-prefix=\"far\" data-icon=\"chart-bar\" role=\"img\" xmlns=\"http:\/\/www.w3.org\/2000\/svg\" viewBox=\"0 0 512 512\" class=\"svg-inline--fa fa-chart-bar fa-w-16 fa-2x\"><path fill=\"currentColor\" d=\"M396.8 352h22.4c6.4 0 12.8-6.4 12.8-12.8V108.8c0-6.4-6.4-12.8-12.8-12.8h-22.4c-6.4 0-12.8 6.4-12.8 12.8v230.4c0 6.4 6.4 12.8 12.8 12.8zm-192 0h22.4c6.4 0 12.8-6.4 12.8-12.8V140.8c0-6.4-6.4-12.8-12.8-12.8h-22.4c-6.4 0-12.8 6.4-12.8 12.8v198.4c0 6.4 6.4 12.8 12.8 12.8zm96 0h22.4c6.4 0 12.8-6.4 12.8-12.8V204.8c0-6.4-6.4-12.8-12.8-12.8h-22.4c-6.4 0-12.8 6.4-12.8 12.8v134.4c0 6.4 6.4 12.8 12.8 12.8zM496 400H48V80c0-8.84-7.16-16-16-16H16C7.16 64 0 71.16 0 80v336c0 17.67 14.33 32 32 32h464c8.84 0 16-7.16 16-16v-16c0-8.84-7.16-16-16-16zm-387.2-48h22.4c6.4 0 12.8-6.4 12.8-12.8v-70.4c0-6.4-6.4-12.8-12.8-12.8h-22.4c-6.4 0-12.8 6.4-12.8 12.8v70.4c0 6.4 6.4 12.8 12.8 12.8z\" class=\"\"><\/path><\/svg><\/i> <\/p>\n<div class=\"pvc_clear\"><\/div>\n<div class=\"print\"><span class=\"page_title\">P\u00e1gina: <span>El SUC cumple 25 a\u00f1os de servicio p\u00fablico habiendo asistido a m\u00e1s de 5 millones y medio de personas<\/span><\/span>\n\t\t\t\t\t\t\t\t\t\t\t<span class=\"page_title\">Fecha de impresi\u00f3n: <span>02\/05\/2026 - 07:54:56 UTC<\/span><\/span>\n\t\t\t\t\t\t\t\t\t\t\t<span class=\"stmp_trans_date\">\u00daltima actualizaci\u00f3n: <span>03\/12\/2019 - 07:19:51<\/span><\/span>\n\t\t\t\t\t\t\t\t\t\t\t<span class=\"stmp_trans_date\">Fecha publicaci\u00f3n: <span>03\/12\/2019 - 07:19:51<\/span><\/span>\n\t\t\t\t\t\t\t\t\t\t\t<span class=\"stmp_trans_date\">Fecha creaci\u00f3n: <span>03\/12\/2019 - 07:19:51<\/span><\/span><\/div>\n\t","protected":false},"excerpt":{"rendered":"<p>\u00a0 Este servicio presta asistencia sanitaria urgente en todas las Islas a trav\u00e9s de una flota compuesta por 115 recursos El Servicio de Urgencias Canario (SUC), dependiente de la Consejer\u00eda de Sanidad del Gobierno de Canarias, cumple este mes de diciembre 25 a\u00f1os de asistencia&#8230;<\/p>\n<div class=\"pvc_clear\"><\/div>\n<p id=\"pvc_stats_2836\" class=\"pvc_stats all  \" data-element-id=\"2836\" style=\"\"><i class=\"pvc-stats-icon medium\" aria-hidden=\"true\"><svg aria-hidden=\"true\" focusable=\"false\" data-prefix=\"far\" data-icon=\"chart-bar\" role=\"img\" xmlns=\"http:\/\/www.w3.org\/2000\/svg\" viewBox=\"0 0 512 512\" class=\"svg-inline--fa fa-chart-bar fa-w-16 fa-2x\"><path fill=\"currentColor\" d=\"M396.8 352h22.4c6.4 0 12.8-6.4 12.8-12.8V108.8c0-6.4-6.4-12.8-12.8-12.8h-22.4c-6.4 0-12.8 6.4-12.8 12.8v230.4c0 6.4 6.4 12.8 12.8 12.8zm-192 0h22.4c6.4 0 12.8-6.4 12.8-12.8V140.8c0-6.4-6.4-12.8-12.8-12.8h-22.4c-6.4 0-12.8 6.4-12.8 12.8v198.4c0 6.4 6.4 12.8 12.8 12.8zm96 0h22.4c6.4 0 12.8-6.4 12.8-12.8V204.8c0-6.4-6.4-12.8-12.8-12.8h-22.4c-6.4 0-12.8 6.4-12.8 12.8v134.4c0 6.4 6.4 12.8 12.8 12.8zM496 400H48V80c0-8.84-7.16-16-16-16H16C7.16 64 0 71.16 0 80v336c0 17.67 14.33 32 32 32h464c8.84 0 16-7.16 16-16v-16c0-8.84-7.16-16-16-16zm-387.2-48h22.4c6.4 0 12.8-6.4 12.8-12.8v-70.4c0-6.4-6.4-12.8-12.8-12.8h-22.4c-6.4 0-12.8 6.4-12.8 12.8v70.4c0 6.4 6.4 12.8 12.8 12.8z\" class=\"\"><\/path><\/svg><\/i> <img loading=\"lazy\" decoding=\"async\" width=\"16\" height=\"16\" alt=\"Loading\" src=\"https:\/\/www.gsccanarias.com\/gsc\/wp-content\/plugins\/page-views-count\/ajax-loader-2x.gif\" border=0 \/><\/p>\n<div class=\"pvc_clear\"><\/div>\n","protected":false},"author":1,"featured_media":2835,"comment_status":"open","ping_status":"open","sticky":false,"template":"","format":"standard","meta":{"footnotes":""},"categories":[36],"tags":[],"class_list":["post-2836","post","type-post","status-publish","format-standard","has-post-thumbnail","hentry","category-ultimas-noticias"],"a3_pvc":{"activated":true,"total_views":80,"today_views":0},"yoast_head":"<!-- This site is optimized with the Yoast SEO plugin v27.5 - https:\/\/yoast.com\/product\/yoast-seo-wordpress\/ -->\n<title>El SUC cumple 25 a\u00f1os de servicio p\u00fablico habiendo asistido a m\u00e1s de 5 millones y medio de personas - GSC<\/title>\n<meta name=\"robots\" content=\"index, follow, max-snippet:-1, max-image-preview:large, max-video-preview:-1\" \/>\n<link rel=\"canonical\" href=\"https:\/\/www.gsccanarias.com\/gsc\/el-suc-cumple-25-anos-de-servicio-publico-habiendo-asistido-a-mas-de-5-millones-y-medio-de-personas\/\" \/>\n<meta property=\"og:locale\" content=\"es_ES\" \/>\n<meta property=\"og:type\" content=\"article\" \/>\n<meta property=\"og:title\" content=\"El SUC cumple 25 a\u00f1os de servicio p\u00fablico habiendo asistido a m\u00e1s de 5 millones y medio de personas - GSC\" \/>\n<meta property=\"og:description\" content=\"\u00a0 Este servicio presta asistencia sanitaria urgente en todas las Islas a trav\u00e9s de una flota compuesta por 115 recursos El Servicio de Urgencias Canario (SUC), dependiente de la Consejer\u00eda de Sanidad del Gobierno de Canarias, cumple este mes de diciembre 25 a\u00f1os de asistencia...\" \/>\n<meta property=\"og:url\" content=\"https:\/\/www.gsccanarias.com\/gsc\/el-suc-cumple-25-anos-de-servicio-publico-habiendo-asistido-a-mas-de-5-millones-y-medio-de-personas\/\" \/>\n<meta property=\"og:site_name\" content=\"GSC\" \/>\n<meta property=\"article:published_time\" content=\"2019-12-03T07:19:51+00:00\" \/>\n<meta property=\"og:image\" content=\"https:\/\/www.gsccanarias.com\/gsc\/wp-content\/uploads\/2019\/12\/IMG_20180619_110956-scaled.jpg\" \/>\n\t<meta property=\"og:image:width\" content=\"2560\" \/>\n\t<meta property=\"og:image:height\" content=\"1920\" \/>\n\t<meta property=\"og:image:type\" content=\"image\/jpeg\" \/>\n<meta name=\"author\" content=\"userad112\" \/>\n<meta name=\"twitter:card\" content=\"summary_large_image\" \/>\n<meta name=\"twitter:label1\" content=\"Escrito por\" \/>\n\t<meta name=\"twitter:data1\" content=\"userad112\" \/>\n\t<meta name=\"twitter:label2\" content=\"Tiempo de lectura\" \/>\n\t<meta name=\"twitter:data2\" content=\"2 minutos\" \/>\n<script type=\"application\/ld+json\" class=\"yoast-schema-graph\">{\"@context\":\"https:\\\/\\\/schema.org\",\"@graph\":[{\"@type\":\"Article\",\"@id\":\"https:\\\/\\\/www.gsccanarias.com\\\/gsc\\\/el-suc-cumple-25-anos-de-servicio-publico-habiendo-asistido-a-mas-de-5-millones-y-medio-de-personas\\\/#article\",\"isPartOf\":{\"@id\":\"https:\\\/\\\/www.gsccanarias.com\\\/gsc\\\/el-suc-cumple-25-anos-de-servicio-publico-habiendo-asistido-a-mas-de-5-millones-y-medio-de-personas\\\/\"},\"author\":{\"name\":\"userad112\",\"@id\":\"https:\\\/\\\/www.gsccanarias.com\\\/gsc\\\/#\\\/schema\\\/person\\\/591ed0ce1757a7168579ec75f6e7f340\"},\"headline\":\"El SUC cumple 25 a\u00f1os de servicio p\u00fablico habiendo asistido a m\u00e1s de 5 millones y medio de personas\",\"datePublished\":\"2019-12-03T07:19:51+00:00\",\"mainEntityOfPage\":{\"@id\":\"https:\\\/\\\/www.gsccanarias.com\\\/gsc\\\/el-suc-cumple-25-anos-de-servicio-publico-habiendo-asistido-a-mas-de-5-millones-y-medio-de-personas\\\/\"},\"wordCount\":495,\"commentCount\":0,\"image\":{\"@id\":\"https:\\\/\\\/www.gsccanarias.com\\\/gsc\\\/el-suc-cumple-25-anos-de-servicio-publico-habiendo-asistido-a-mas-de-5-millones-y-medio-de-personas\\\/#primaryimage\"},\"thumbnailUrl\":\"https:\\\/\\\/www.gsccanarias.com\\\/gsc\\\/wp-content\\\/uploads\\\/2019\\\/12\\\/IMG_20180619_110956-scaled.jpg\",\"articleSection\":[\"\u00daltimas noticias\"],\"inLanguage\":\"es\",\"potentialAction\":[{\"@type\":\"CommentAction\",\"name\":\"Comment\",\"target\":[\"https:\\\/\\\/www.gsccanarias.com\\\/gsc\\\/el-suc-cumple-25-anos-de-servicio-publico-habiendo-asistido-a-mas-de-5-millones-y-medio-de-personas\\\/#respond\"]}]},{\"@type\":\"WebPage\",\"@id\":\"https:\\\/\\\/www.gsccanarias.com\\\/gsc\\\/el-suc-cumple-25-anos-de-servicio-publico-habiendo-asistido-a-mas-de-5-millones-y-medio-de-personas\\\/\",\"url\":\"https:\\\/\\\/www.gsccanarias.com\\\/gsc\\\/el-suc-cumple-25-anos-de-servicio-publico-habiendo-asistido-a-mas-de-5-millones-y-medio-de-personas\\\/\",\"name\":\"El SUC cumple 25 a\u00f1os de servicio p\u00fablico habiendo asistido a m\u00e1s de 5 millones y medio de personas - GSC\",\"isPartOf\":{\"@id\":\"https:\\\/\\\/www.gsccanarias.com\\\/gsc\\\/#website\"},\"primaryImageOfPage\":{\"@id\":\"https:\\\/\\\/www.gsccanarias.com\\\/gsc\\\/el-suc-cumple-25-anos-de-servicio-publico-habiendo-asistido-a-mas-de-5-millones-y-medio-de-personas\\\/#primaryimage\"},\"image\":{\"@id\":\"https:\\\/\\\/www.gsccanarias.com\\\/gsc\\\/el-suc-cumple-25-anos-de-servicio-publico-habiendo-asistido-a-mas-de-5-millones-y-medio-de-personas\\\/#primaryimage\"},\"thumbnailUrl\":\"https:\\\/\\\/www.gsccanarias.com\\\/gsc\\\/wp-content\\\/uploads\\\/2019\\\/12\\\/IMG_20180619_110956-scaled.jpg\",\"datePublished\":\"2019-12-03T07:19:51+00:00\",\"author\":{\"@id\":\"https:\\\/\\\/www.gsccanarias.com\\\/gsc\\\/#\\\/schema\\\/person\\\/591ed0ce1757a7168579ec75f6e7f340\"},\"breadcrumb\":{\"@id\":\"https:\\\/\\\/www.gsccanarias.com\\\/gsc\\\/el-suc-cumple-25-anos-de-servicio-publico-habiendo-asistido-a-mas-de-5-millones-y-medio-de-personas\\\/#breadcrumb\"},\"inLanguage\":\"es\",\"potentialAction\":[{\"@type\":\"ReadAction\",\"target\":[\"https:\\\/\\\/www.gsccanarias.com\\\/gsc\\\/el-suc-cumple-25-anos-de-servicio-publico-habiendo-asistido-a-mas-de-5-millones-y-medio-de-personas\\\/\"]}]},{\"@type\":\"ImageObject\",\"inLanguage\":\"es\",\"@id\":\"https:\\\/\\\/www.gsccanarias.com\\\/gsc\\\/el-suc-cumple-25-anos-de-servicio-publico-habiendo-asistido-a-mas-de-5-millones-y-medio-de-personas\\\/#primaryimage\",\"url\":\"https:\\\/\\\/www.gsccanarias.com\\\/gsc\\\/wp-content\\\/uploads\\\/2019\\\/12\\\/IMG_20180619_110956-scaled.jpg\",\"contentUrl\":\"https:\\\/\\\/www.gsccanarias.com\\\/gsc\\\/wp-content\\\/uploads\\\/2019\\\/12\\\/IMG_20180619_110956-scaled.jpg\",\"width\":2560,\"height\":1920,\"caption\":\"T\u00e9cnicos del SUC preparando a una paciente para su traslado, durante un simulacro de actuaci\u00f3n conjunta.\"},{\"@type\":\"BreadcrumbList\",\"@id\":\"https:\\\/\\\/www.gsccanarias.com\\\/gsc\\\/el-suc-cumple-25-anos-de-servicio-publico-habiendo-asistido-a-mas-de-5-millones-y-medio-de-personas\\\/#breadcrumb\",\"itemListElement\":[{\"@type\":\"ListItem\",\"position\":1,\"name\":\"Portada\",\"item\":\"https:\\\/\\\/www.gsccanarias.com\\\/gsc\\\/\"},{\"@type\":\"ListItem\",\"position\":2,\"name\":\"El SUC cumple 25 a\u00f1os de servicio p\u00fablico habiendo asistido a m\u00e1s de 5 millones y medio de personas\"}]},{\"@type\":\"WebSite\",\"@id\":\"https:\\\/\\\/www.gsccanarias.com\\\/gsc\\\/#website\",\"url\":\"https:\\\/\\\/www.gsccanarias.com\\\/gsc\\\/\",\"name\":\"GSC\",\"description\":\"Administramos servicios relacionados con la salud, las emergencias, la seguridad y el transporte sanitario\",\"potentialAction\":[{\"@type\":\"SearchAction\",\"target\":{\"@type\":\"EntryPoint\",\"urlTemplate\":\"https:\\\/\\\/www.gsccanarias.com\\\/gsc\\\/?s={search_term_string}\"},\"query-input\":{\"@type\":\"PropertyValueSpecification\",\"valueRequired\":true,\"valueName\":\"search_term_string\"}}],\"inLanguage\":\"es\"},{\"@type\":\"Person\",\"@id\":\"https:\\\/\\\/www.gsccanarias.com\\\/gsc\\\/#\\\/schema\\\/person\\\/591ed0ce1757a7168579ec75f6e7f340\",\"name\":\"userad112\",\"image\":{\"@type\":\"ImageObject\",\"inLanguage\":\"es\",\"@id\":\"https:\\\/\\\/secure.gravatar.com\\\/avatar\\\/6aab27730b29899b0a1a05aaa7b266b4fc1fce4dd26b427baeb73cffe474a916?s=96&d=mm&r=g\",\"url\":\"https:\\\/\\\/secure.gravatar.com\\\/avatar\\\/6aab27730b29899b0a1a05aaa7b266b4fc1fce4dd26b427baeb73cffe474a916?s=96&d=mm&r=g\",\"contentUrl\":\"https:\\\/\\\/secure.gravatar.com\\\/avatar\\\/6aab27730b29899b0a1a05aaa7b266b4fc1fce4dd26b427baeb73cffe474a916?s=96&d=mm&r=g\",\"caption\":\"userad112\"},\"sameAs\":[\"https:\\\/\\\/321brand.com\\\/112\"],\"url\":\"https:\\\/\\\/www.gsccanarias.com\\\/gsc\\\/author\\\/userad112\\\/\"}]}<\/script>\n<!-- \/ Yoast SEO plugin. -->","yoast_head_json":{"title":"El SUC cumple 25 a\u00f1os de servicio p\u00fablico habiendo asistido a m\u00e1s de 5 millones y medio de personas - GSC","robots":{"index":"index","follow":"follow","max-snippet":"max-snippet:-1","max-image-preview":"max-image-preview:large","max-video-preview":"max-video-preview:-1"},"canonical":"https:\/\/www.gsccanarias.com\/gsc\/el-suc-cumple-25-anos-de-servicio-publico-habiendo-asistido-a-mas-de-5-millones-y-medio-de-personas\/","og_locale":"es_ES","og_type":"article","og_title":"El SUC cumple 25 a\u00f1os de servicio p\u00fablico habiendo asistido a m\u00e1s de 5 millones y medio de personas - GSC","og_description":"\u00a0 Este servicio presta asistencia sanitaria urgente en todas las Islas a trav\u00e9s de una flota compuesta por 115 recursos El Servicio de Urgencias Canario (SUC), dependiente de la Consejer\u00eda de Sanidad del Gobierno de Canarias, cumple este mes de diciembre 25 a\u00f1os de asistencia...","og_url":"https:\/\/www.gsccanarias.com\/gsc\/el-suc-cumple-25-anos-de-servicio-publico-habiendo-asistido-a-mas-de-5-millones-y-medio-de-personas\/","og_site_name":"GSC","article_published_time":"2019-12-03T07:19:51+00:00","og_image":[{"width":2560,"height":1920,"url":"https:\/\/www.gsccanarias.com\/gsc\/wp-content\/uploads\/2019\/12\/IMG_20180619_110956-scaled.jpg","type":"image\/jpeg"}],"author":"userad112","twitter_card":"summary_large_image","twitter_misc":{"Escrito por":"userad112","Tiempo de lectura":"2 minutos"},"schema":{"@context":"https:\/\/schema.org","@graph":[{"@type":"Article","@id":"https:\/\/www.gsccanarias.com\/gsc\/el-suc-cumple-25-anos-de-servicio-publico-habiendo-asistido-a-mas-de-5-millones-y-medio-de-personas\/#article","isPartOf":{"@id":"https:\/\/www.gsccanarias.com\/gsc\/el-suc-cumple-25-anos-de-servicio-publico-habiendo-asistido-a-mas-de-5-millones-y-medio-de-personas\/"},"author":{"name":"userad112","@id":"https:\/\/www.gsccanarias.com\/gsc\/#\/schema\/person\/591ed0ce1757a7168579ec75f6e7f340"},"headline":"El SUC cumple 25 a\u00f1os de servicio p\u00fablico habiendo asistido a m\u00e1s de 5 millones y medio de personas","datePublished":"2019-12-03T07:19:51+00:00","mainEntityOfPage":{"@id":"https:\/\/www.gsccanarias.com\/gsc\/el-suc-cumple-25-anos-de-servicio-publico-habiendo-asistido-a-mas-de-5-millones-y-medio-de-personas\/"},"wordCount":495,"commentCount":0,"image":{"@id":"https:\/\/www.gsccanarias.com\/gsc\/el-suc-cumple-25-anos-de-servicio-publico-habiendo-asistido-a-mas-de-5-millones-y-medio-de-personas\/#primaryimage"},"thumbnailUrl":"https:\/\/www.gsccanarias.com\/gsc\/wp-content\/uploads\/2019\/12\/IMG_20180619_110956-scaled.jpg","articleSection":["\u00daltimas noticias"],"inLanguage":"es","potentialAction":[{"@type":"CommentAction","name":"Comment","target":["https:\/\/www.gsccanarias.com\/gsc\/el-suc-cumple-25-anos-de-servicio-publico-habiendo-asistido-a-mas-de-5-millones-y-medio-de-personas\/#respond"]}]},{"@type":"WebPage","@id":"https:\/\/www.gsccanarias.com\/gsc\/el-suc-cumple-25-anos-de-servicio-publico-habiendo-asistido-a-mas-de-5-millones-y-medio-de-personas\/","url":"https:\/\/www.gsccanarias.com\/gsc\/el-suc-cumple-25-anos-de-servicio-publico-habiendo-asistido-a-mas-de-5-millones-y-medio-de-personas\/","name":"El SUC cumple 25 a\u00f1os de servicio p\u00fablico habiendo asistido a m\u00e1s de 5 millones y medio de personas - GSC","isPartOf":{"@id":"https:\/\/www.gsccanarias.com\/gsc\/#website"},"primaryImageOfPage":{"@id":"https:\/\/www.gsccanarias.com\/gsc\/el-suc-cumple-25-anos-de-servicio-publico-habiendo-asistido-a-mas-de-5-millones-y-medio-de-personas\/#primaryimage"},"image":{"@id":"https:\/\/www.gsccanarias.com\/gsc\/el-suc-cumple-25-anos-de-servicio-publico-habiendo-asistido-a-mas-de-5-millones-y-medio-de-personas\/#primaryimage"},"thumbnailUrl":"https:\/\/www.gsccanarias.com\/gsc\/wp-content\/uploads\/2019\/12\/IMG_20180619_110956-scaled.jpg","datePublished":"2019-12-03T07:19:51+00:00","author":{"@id":"https:\/\/www.gsccanarias.com\/gsc\/#\/schema\/person\/591ed0ce1757a7168579ec75f6e7f340"},"breadcrumb":{"@id":"https:\/\/www.gsccanarias.com\/gsc\/el-suc-cumple-25-anos-de-servicio-publico-habiendo-asistido-a-mas-de-5-millones-y-medio-de-personas\/#breadcrumb"},"inLanguage":"es","potentialAction":[{"@type":"ReadAction","target":["https:\/\/www.gsccanarias.com\/gsc\/el-suc-cumple-25-anos-de-servicio-publico-habiendo-asistido-a-mas-de-5-millones-y-medio-de-personas\/"]}]},{"@type":"ImageObject","inLanguage":"es","@id":"https:\/\/www.gsccanarias.com\/gsc\/el-suc-cumple-25-anos-de-servicio-publico-habiendo-asistido-a-mas-de-5-millones-y-medio-de-personas\/#primaryimage","url":"https:\/\/www.gsccanarias.com\/gsc\/wp-content\/uploads\/2019\/12\/IMG_20180619_110956-scaled.jpg","contentUrl":"https:\/\/www.gsccanarias.com\/gsc\/wp-content\/uploads\/2019\/12\/IMG_20180619_110956-scaled.jpg","width":2560,"height":1920,"caption":"T\u00e9cnicos del SUC preparando a una paciente para su traslado, durante un simulacro de actuaci\u00f3n conjunta."},{"@type":"BreadcrumbList","@id":"https:\/\/www.gsccanarias.com\/gsc\/el-suc-cumple-25-anos-de-servicio-publico-habiendo-asistido-a-mas-de-5-millones-y-medio-de-personas\/#breadcrumb","itemListElement":[{"@type":"ListItem","position":1,"name":"Portada","item":"https:\/\/www.gsccanarias.com\/gsc\/"},{"@type":"ListItem","position":2,"name":"El SUC cumple 25 a\u00f1os de servicio p\u00fablico habiendo asistido a m\u00e1s de 5 millones y medio de personas"}]},{"@type":"WebSite","@id":"https:\/\/www.gsccanarias.com\/gsc\/#website","url":"https:\/\/www.gsccanarias.com\/gsc\/","name":"GSC","description":"Administramos servicios relacionados con la salud, las emergencias, la seguridad y el transporte sanitario","potentialAction":[{"@type":"SearchAction","target":{"@type":"EntryPoint","urlTemplate":"https:\/\/www.gsccanarias.com\/gsc\/?s={search_term_string}"},"query-input":{"@type":"PropertyValueSpecification","valueRequired":true,"valueName":"search_term_string"}}],"inLanguage":"es"},{"@type":"Person","@id":"https:\/\/www.gsccanarias.com\/gsc\/#\/schema\/person\/591ed0ce1757a7168579ec75f6e7f340","name":"userad112","image":{"@type":"ImageObject","inLanguage":"es","@id":"https:\/\/secure.gravatar.com\/avatar\/6aab27730b29899b0a1a05aaa7b266b4fc1fce4dd26b427baeb73cffe474a916?s=96&d=mm&r=g","url":"https:\/\/secure.gravatar.com\/avatar\/6aab27730b29899b0a1a05aaa7b266b4fc1fce4dd26b427baeb73cffe474a916?s=96&d=mm&r=g","contentUrl":"https:\/\/secure.gravatar.com\/avatar\/6aab27730b29899b0a1a05aaa7b266b4fc1fce4dd26b427baeb73cffe474a916?s=96&d=mm&r=g","caption":"userad112"},"sameAs":["https:\/\/321brand.com\/112"],"url":"https:\/\/www.gsccanarias.com\/gsc\/author\/userad112\/"}]}},"publishpress_future_workflow_manual_trigger":{"enabledWorkflows":[]},"_links":{"self":[{"href":"https:\/\/www.gsccanarias.com\/gsc\/wp-json\/wp\/v2\/posts\/2836","targetHints":{"allow":["GET"]}}],"collection":[{"href":"https:\/\/www.gsccanarias.com\/gsc\/wp-json\/wp\/v2\/posts"}],"about":[{"href":"https:\/\/www.gsccanarias.com\/gsc\/wp-json\/wp\/v2\/types\/post"}],"author":[{"embeddable":true,"href":"https:\/\/www.gsccanarias.com\/gsc\/wp-json\/wp\/v2\/users\/1"}],"replies":[{"embeddable":true,"href":"https:\/\/www.gsccanarias.com\/gsc\/wp-json\/wp\/v2\/comments?post=2836"}],"version-history":[{"count":0,"href":"https:\/\/www.gsccanarias.com\/gsc\/wp-json\/wp\/v2\/posts\/2836\/revisions"}],"wp:featuredmedia":[{"embeddable":true,"href":"https:\/\/www.gsccanarias.com\/gsc\/wp-json\/wp\/v2\/media\/2835"}],"wp:attachment":[{"href":"https:\/\/www.gsccanarias.com\/gsc\/wp-json\/wp\/v2\/media?parent=2836"}],"wp:term":[{"taxonomy":"category","embeddable":true,"href":"https:\/\/www.gsccanarias.com\/gsc\/wp-json\/wp\/v2\/categories?post=2836"},{"taxonomy":"post_tag","embeddable":true,"href":"https:\/\/www.gsccanarias.com\/gsc\/wp-json\/wp\/v2\/tags?post=2836"}],"curies":[{"name":"wp","href":"https:\/\/api.w.org\/{rel}","templated":true}]}}