{"id":2829,"date":"2019-11-19T10:19:54","date_gmt":"2019-11-19T10:19:54","guid":{"rendered":"https:\/\/www.gsccanarias.com\/gsc\/el-suc-forma-en-la-palma-a-los-primeros-intervinientes-en-emergencias-para-actuar-ante-una-catastrofe-2\/"},"modified":"2019-11-19T10:19:54","modified_gmt":"2019-11-19T10:19:54","slug":"el-suc-forma-en-la-palma-a-los-primeros-intervinientes-en-emergencias-para-actuar-ante-una-catastrofe-2","status":"publish","type":"post","link":"https:\/\/www.gsccanarias.com\/gsc\/el-suc-forma-en-la-palma-a-los-primeros-intervinientes-en-emergencias-para-actuar-ante-una-catastrofe-2\/","title":{"rendered":"El SUC forma en La Palma a los primeros intervinientes en emergencias para actuar ante una cat\u00e1strofe"},"content":{"rendered":"<p><\/p>\n<p><strong>Se presenta en la Isla un remolque dotado de equipos de respuesta sanitaria inmediata para su utilizaci\u00f3n en incidentes con m\u00faltiples v\u00edctimas<\/strong><\/p>\n<p style=\"text-align: justify;\">El Servicio de Urgencias Canario, dependiente de la Consejer\u00eda de Sanidad del Gobierno de Canarias, imparte ma\u00f1ana en el Hospital General de La Palma un taller formativo en el manejo del material y los procedimientos de actuaci\u00f3n y log\u00edstica necesarios para una respuesta sanitaria inmediata ante una cat\u00e1strofe o un Incidente con M\u00faltiples V\u00edctimas (IMV). El taller est\u00e1 dirigido a primeros intervinientes en una emergencia en la Isla, tanto el personal que desarrollan su labor en ambulancias, en el Hospital o centros de Atenci\u00f3n Primaria como en otros organismos.<\/p>\n<p style=\"text-align: justify;\">Esta acci\u00f3n formativa servir\u00e1 de presentaci\u00f3n del remolque de cat\u00e1strofes del SUC en La Palma, denominado Equipo de Respuesta Sanitaria Inmediata (ERSI), que cuenta con el material necesario para intervenir en este tipo de situaciones no rutinarias.<\/p>\n<p style=\"text-align: justify;\">Con la incorporaci\u00f3n de estos equipos, ubicados en las sedes de los cinco hospitales de las islas no capitalinas, la Consejer\u00eda culmina la distribuci\u00f3n de los remolques de cat\u00e1strofes en el Archipi\u00e9lago, con el objetivo de mejorar la asistencia sanitaria desde el primer momento de la emergencia, salvando as\u00ed las dificultades para el desplazamiento en el caso de que ocurra un incidente no rutinario o con m\u00faltiples v\u00edctimas.<\/p>\n<p style=\"text-align: justify;\">Como complemento a la formaci\u00f3n te\u00f3rica, los talleres simulan situaciones de emergencias no habituales en las que es necesario poner en pr\u00e1ctica los nuevos conocimientos aprendidos. Adem\u00e1s, los asistentes participan en un taller de primeros auxilios psicol\u00f3gicos impartido por profesionales del Colegio Oficial de Psicolog\u00eda (COP) de Santa Cruz de Tenerife, que explican c\u00f3mo actuar con los afectados para mitigar en lo posible las secuelas, que pueden ir m\u00e1s all\u00e1 de los da\u00f1os f\u00edsicos, tras sufrir una experiencia traum\u00e1tica.<\/p>\n<p style=\"text-align: justify;\">Los procedimientos operativos del SUC para actuar en caso de cat\u00e1strofes han sido elaborados dentro del proyecto europeo Interreg-DEMA (Deslocalizaci\u00f3n de la Asistencia M\u00e9dica en Urgencias en Situaciones de Cat\u00e1strofe) que lidera Canarias y en el que tambi\u00e9n participan como miembros del proyecto, las regiones de Madeira y Azores.<\/p>\n<p style=\"text-align: justify;\">Dentro de sus objetivos est\u00e1 mejorar la resiliencia de cada una de las islas no capitalinas preparando personal espec\u00edfico en la gesti\u00f3n de crisis y dot\u00e1ndola con un remolque con elementos de primera intervenci\u00f3n, adem\u00e1s de facilitar que cada Isla cuente con personal y medios para amortiguar un primer impacto y asegurar la continuidad asistencial mediante los refuerzos que se enviar\u00e1n luego desde las islas capitalinas.<\/p>\n<p style=\"text-align: justify;\">El remolque cuenta con material plegable, camillas, focos para iluminar la zona afectada, material de balizamiento, uniformidad identificativa para intervinientes, tarjetas de triaje o clasificaci\u00f3n de v\u00edctimas, equipos de protecci\u00f3n individual (EPI) y material de inmovilizaci\u00f3n, entre otros.<\/p>\n<p style=\"text-align: justify;\"><strong>Proyecto Interreg-DEMA<\/strong><\/p>\n<p style=\"text-align: justify;\">El proyecto Interreg-DEMA se enmarca en el Programa MAC 2014-2020 cuenta con un presupuesto total de 895.206 euros, cofinanciado en un 85% con fondos FEDER, dentro del eje 3, que relaciona las acciones dirigidas a promover la adaptaci\u00f3n al cambio clim\u00e1tico y la prevenci\u00f3n y gesti\u00f3n de riesgos, as\u00ed como el fomento de la inversi\u00f3n para abordar riesgos espec\u00edficos, garant\u00eda de resiliencia y desarrollo de sistemas de gesti\u00f3n de cat\u00e1strofes.<\/p>\n<p style=\"text-align: justify;\">\u00a0<\/p>\n<div class=\"pvc_clear\"><\/div>\n<p id=\"pvc_stats_2829\" class=\"pvc_stats all  \" data-element-id=\"2829\" style=\"\"><i class=\"pvc-stats-icon medium\" aria-hidden=\"true\"><svg aria-hidden=\"true\" focusable=\"false\" data-prefix=\"far\" data-icon=\"chart-bar\" role=\"img\" xmlns=\"http:\/\/www.w3.org\/2000\/svg\" viewBox=\"0 0 512 512\" class=\"svg-inline--fa fa-chart-bar fa-w-16 fa-2x\"><path fill=\"currentColor\" d=\"M396.8 352h22.4c6.4 0 12.8-6.4 12.8-12.8V108.8c0-6.4-6.4-12.8-12.8-12.8h-22.4c-6.4 0-12.8 6.4-12.8 12.8v230.4c0 6.4 6.4 12.8 12.8 12.8zm-192 0h22.4c6.4 0 12.8-6.4 12.8-12.8V140.8c0-6.4-6.4-12.8-12.8-12.8h-22.4c-6.4 0-12.8 6.4-12.8 12.8v198.4c0 6.4 6.4 12.8 12.8 12.8zm96 0h22.4c6.4 0 12.8-6.4 12.8-12.8V204.8c0-6.4-6.4-12.8-12.8-12.8h-22.4c-6.4 0-12.8 6.4-12.8 12.8v134.4c0 6.4 6.4 12.8 12.8 12.8zM496 400H48V80c0-8.84-7.16-16-16-16H16C7.16 64 0 71.16 0 80v336c0 17.67 14.33 32 32 32h464c8.84 0 16-7.16 16-16v-16c0-8.84-7.16-16-16-16zm-387.2-48h22.4c6.4 0 12.8-6.4 12.8-12.8v-70.4c0-6.4-6.4-12.8-12.8-12.8h-22.4c-6.4 0-12.8 6.4-12.8 12.8v70.4c0 6.4 6.4 12.8 12.8 12.8z\" class=\"\"><\/path><\/svg><\/i> <\/p>\n<div class=\"pvc_clear\"><\/div>\n<div class=\"print\"><span class=\"page_title\">P\u00e1gina: <span>El SUC forma en La Palma a los primeros intervinientes en emergencias para actuar ante una cat\u00e1strofe<\/span><\/span>\n\t\t\t\t\t\t\t\t\t\t\t<span class=\"page_title\">Fecha de impresi\u00f3n: <span>01\/05\/2026 - 19:47:13 UTC<\/span><\/span>\n\t\t\t\t\t\t\t\t\t\t\t<span class=\"stmp_trans_date\">\u00daltima actualizaci\u00f3n: <span>19\/11\/2019 - 10:19:54<\/span><\/span>\n\t\t\t\t\t\t\t\t\t\t\t<span class=\"stmp_trans_date\">Fecha publicaci\u00f3n: <span>19\/11\/2019 - 10:19:54<\/span><\/span>\n\t\t\t\t\t\t\t\t\t\t\t<span class=\"stmp_trans_date\">Fecha creaci\u00f3n: <span>19\/11\/2019 - 10:19:54<\/span><\/span><\/div>\n\t","protected":false},"excerpt":{"rendered":"<p>Se presenta en la Isla un remolque dotado de equipos de respuesta sanitaria inmediata para su utilizaci\u00f3n en incidentes con m\u00faltiples v\u00edctimas El Servicio de Urgencias Canario, dependiente de la Consejer\u00eda de Sanidad del Gobierno de Canarias, imparte ma\u00f1ana en el Hospital General de La&#8230;<\/p>\n<div class=\"pvc_clear\"><\/div>\n<p id=\"pvc_stats_2829\" class=\"pvc_stats all  \" data-element-id=\"2829\" style=\"\"><i class=\"pvc-stats-icon medium\" aria-hidden=\"true\"><svg aria-hidden=\"true\" focusable=\"false\" data-prefix=\"far\" data-icon=\"chart-bar\" role=\"img\" xmlns=\"http:\/\/www.w3.org\/2000\/svg\" viewBox=\"0 0 512 512\" class=\"svg-inline--fa fa-chart-bar fa-w-16 fa-2x\"><path fill=\"currentColor\" d=\"M396.8 352h22.4c6.4 0 12.8-6.4 12.8-12.8V108.8c0-6.4-6.4-12.8-12.8-12.8h-22.4c-6.4 0-12.8 6.4-12.8 12.8v230.4c0 6.4 6.4 12.8 12.8 12.8zm-192 0h22.4c6.4 0 12.8-6.4 12.8-12.8V140.8c0-6.4-6.4-12.8-12.8-12.8h-22.4c-6.4 0-12.8 6.4-12.8 12.8v198.4c0 6.4 6.4 12.8 12.8 12.8zm96 0h22.4c6.4 0 12.8-6.4 12.8-12.8V204.8c0-6.4-6.4-12.8-12.8-12.8h-22.4c-6.4 0-12.8 6.4-12.8 12.8v134.4c0 6.4 6.4 12.8 12.8 12.8zM496 400H48V80c0-8.84-7.16-16-16-16H16C7.16 64 0 71.16 0 80v336c0 17.67 14.33 32 32 32h464c8.84 0 16-7.16 16-16v-16c0-8.84-7.16-16-16-16zm-387.2-48h22.4c6.4 0 12.8-6.4 12.8-12.8v-70.4c0-6.4-6.4-12.8-12.8-12.8h-22.4c-6.4 0-12.8 6.4-12.8 12.8v70.4c0 6.4 6.4 12.8 12.8 12.8z\" class=\"\"><\/path><\/svg><\/i> <img loading=\"lazy\" decoding=\"async\" width=\"16\" height=\"16\" alt=\"Loading\" src=\"https:\/\/www.gsccanarias.com\/gsc\/wp-content\/plugins\/page-views-count\/ajax-loader-2x.gif\" border=0 \/><\/p>\n<div class=\"pvc_clear\"><\/div>\n","protected":false},"author":1,"featured_media":2828,"comment_status":"open","ping_status":"open","sticky":false,"template":"","format":"standard","meta":{"footnotes":""},"categories":[36],"tags":[],"class_list":["post-2829","post","type-post","status-publish","format-standard","has-post-thumbnail","hentry","category-ultimas-noticias"],"a3_pvc":{"activated":true,"total_views":108,"today_views":0},"yoast_head":"<!-- This site is optimized with the Yoast SEO plugin v27.5 - https:\/\/yoast.com\/product\/yoast-seo-wordpress\/ -->\n<title>El SUC forma en La Palma a los primeros intervinientes en emergencias para actuar ante una cat\u00e1strofe - GSC<\/title>\n<meta name=\"robots\" content=\"index, follow, max-snippet:-1, max-image-preview:large, max-video-preview:-1\" \/>\n<link rel=\"canonical\" href=\"https:\/\/www.gsccanarias.com\/gsc\/el-suc-forma-en-la-palma-a-los-primeros-intervinientes-en-emergencias-para-actuar-ante-una-catastrofe-2\/\" \/>\n<meta property=\"og:locale\" content=\"es_ES\" \/>\n<meta property=\"og:type\" content=\"article\" \/>\n<meta property=\"og:title\" content=\"El SUC forma en La Palma a los primeros intervinientes en emergencias para actuar ante una cat\u00e1strofe - GSC\" \/>\n<meta property=\"og:description\" content=\"Se presenta en la Isla un remolque dotado de equipos de respuesta sanitaria inmediata para su utilizaci\u00f3n en incidentes con m\u00faltiples v\u00edctimas El Servicio de Urgencias Canario, dependiente de la Consejer\u00eda de Sanidad del Gobierno de Canarias, imparte ma\u00f1ana en el Hospital General de La...\" \/>\n<meta property=\"og:url\" content=\"https:\/\/www.gsccanarias.com\/gsc\/el-suc-forma-en-la-palma-a-los-primeros-intervinientes-en-emergencias-para-actuar-ante-una-catastrofe-2\/\" \/>\n<meta property=\"og:site_name\" content=\"GSC\" \/>\n<meta property=\"article:published_time\" content=\"2019-11-19T10:19:54+00:00\" \/>\n<meta property=\"og:image\" content=\"https:\/\/www.gsccanarias.com\/gsc\/wp-content\/uploads\/2019\/11\/ERSI_La_Palma.jpeg\" \/>\n\t<meta property=\"og:image:width\" content=\"1600\" \/>\n\t<meta property=\"og:image:height\" content=\"1200\" \/>\n\t<meta property=\"og:image:type\" content=\"image\/jpeg\" \/>\n<meta name=\"author\" content=\"userad112\" \/>\n<meta name=\"twitter:card\" content=\"summary_large_image\" \/>\n<meta name=\"twitter:label1\" content=\"Escrito por\" \/>\n\t<meta name=\"twitter:data1\" content=\"userad112\" \/>\n\t<meta name=\"twitter:label2\" content=\"Tiempo de lectura\" \/>\n\t<meta name=\"twitter:data2\" content=\"3 minutos\" \/>\n<script type=\"application\/ld+json\" class=\"yoast-schema-graph\">{\"@context\":\"https:\\\/\\\/schema.org\",\"@graph\":[{\"@type\":\"Article\",\"@id\":\"https:\\\/\\\/www.gsccanarias.com\\\/gsc\\\/el-suc-forma-en-la-palma-a-los-primeros-intervinientes-en-emergencias-para-actuar-ante-una-catastrofe-2\\\/#article\",\"isPartOf\":{\"@id\":\"https:\\\/\\\/www.gsccanarias.com\\\/gsc\\\/el-suc-forma-en-la-palma-a-los-primeros-intervinientes-en-emergencias-para-actuar-ante-una-catastrofe-2\\\/\"},\"author\":{\"name\":\"userad112\",\"@id\":\"https:\\\/\\\/www.gsccanarias.com\\\/gsc\\\/#\\\/schema\\\/person\\\/591ed0ce1757a7168579ec75f6e7f340\"},\"headline\":\"El SUC forma en La Palma a los primeros intervinientes en emergencias para actuar ante una cat\u00e1strofe\",\"datePublished\":\"2019-11-19T10:19:54+00:00\",\"mainEntityOfPage\":{\"@id\":\"https:\\\/\\\/www.gsccanarias.com\\\/gsc\\\/el-suc-forma-en-la-palma-a-los-primeros-intervinientes-en-emergencias-para-actuar-ante-una-catastrofe-2\\\/\"},\"wordCount\":591,\"commentCount\":0,\"image\":{\"@id\":\"https:\\\/\\\/www.gsccanarias.com\\\/gsc\\\/el-suc-forma-en-la-palma-a-los-primeros-intervinientes-en-emergencias-para-actuar-ante-una-catastrofe-2\\\/#primaryimage\"},\"thumbnailUrl\":\"https:\\\/\\\/www.gsccanarias.com\\\/gsc\\\/wp-content\\\/uploads\\\/2019\\\/11\\\/ERSI_La_Palma.jpeg\",\"articleSection\":[\"\u00daltimas noticias\"],\"inLanguage\":\"es\",\"potentialAction\":[{\"@type\":\"CommentAction\",\"name\":\"Comment\",\"target\":[\"https:\\\/\\\/www.gsccanarias.com\\\/gsc\\\/el-suc-forma-en-la-palma-a-los-primeros-intervinientes-en-emergencias-para-actuar-ante-una-catastrofe-2\\\/#respond\"]}]},{\"@type\":\"WebPage\",\"@id\":\"https:\\\/\\\/www.gsccanarias.com\\\/gsc\\\/el-suc-forma-en-la-palma-a-los-primeros-intervinientes-en-emergencias-para-actuar-ante-una-catastrofe-2\\\/\",\"url\":\"https:\\\/\\\/www.gsccanarias.com\\\/gsc\\\/el-suc-forma-en-la-palma-a-los-primeros-intervinientes-en-emergencias-para-actuar-ante-una-catastrofe-2\\\/\",\"name\":\"El SUC forma en La Palma a los primeros intervinientes en emergencias para actuar ante una cat\u00e1strofe - GSC\",\"isPartOf\":{\"@id\":\"https:\\\/\\\/www.gsccanarias.com\\\/gsc\\\/#website\"},\"primaryImageOfPage\":{\"@id\":\"https:\\\/\\\/www.gsccanarias.com\\\/gsc\\\/el-suc-forma-en-la-palma-a-los-primeros-intervinientes-en-emergencias-para-actuar-ante-una-catastrofe-2\\\/#primaryimage\"},\"image\":{\"@id\":\"https:\\\/\\\/www.gsccanarias.com\\\/gsc\\\/el-suc-forma-en-la-palma-a-los-primeros-intervinientes-en-emergencias-para-actuar-ante-una-catastrofe-2\\\/#primaryimage\"},\"thumbnailUrl\":\"https:\\\/\\\/www.gsccanarias.com\\\/gsc\\\/wp-content\\\/uploads\\\/2019\\\/11\\\/ERSI_La_Palma.jpeg\",\"datePublished\":\"2019-11-19T10:19:54+00:00\",\"author\":{\"@id\":\"https:\\\/\\\/www.gsccanarias.com\\\/gsc\\\/#\\\/schema\\\/person\\\/591ed0ce1757a7168579ec75f6e7f340\"},\"breadcrumb\":{\"@id\":\"https:\\\/\\\/www.gsccanarias.com\\\/gsc\\\/el-suc-forma-en-la-palma-a-los-primeros-intervinientes-en-emergencias-para-actuar-ante-una-catastrofe-2\\\/#breadcrumb\"},\"inLanguage\":\"es\",\"potentialAction\":[{\"@type\":\"ReadAction\",\"target\":[\"https:\\\/\\\/www.gsccanarias.com\\\/gsc\\\/el-suc-forma-en-la-palma-a-los-primeros-intervinientes-en-emergencias-para-actuar-ante-una-catastrofe-2\\\/\"]}]},{\"@type\":\"ImageObject\",\"inLanguage\":\"es\",\"@id\":\"https:\\\/\\\/www.gsccanarias.com\\\/gsc\\\/el-suc-forma-en-la-palma-a-los-primeros-intervinientes-en-emergencias-para-actuar-ante-una-catastrofe-2\\\/#primaryimage\",\"url\":\"https:\\\/\\\/www.gsccanarias.com\\\/gsc\\\/wp-content\\\/uploads\\\/2019\\\/11\\\/ERSI_La_Palma.jpeg\",\"contentUrl\":\"https:\\\/\\\/www.gsccanarias.com\\\/gsc\\\/wp-content\\\/uploads\\\/2019\\\/11\\\/ERSI_La_Palma.jpeg\",\"width\":1600,\"height\":1200},{\"@type\":\"BreadcrumbList\",\"@id\":\"https:\\\/\\\/www.gsccanarias.com\\\/gsc\\\/el-suc-forma-en-la-palma-a-los-primeros-intervinientes-en-emergencias-para-actuar-ante-una-catastrofe-2\\\/#breadcrumb\",\"itemListElement\":[{\"@type\":\"ListItem\",\"position\":1,\"name\":\"Portada\",\"item\":\"https:\\\/\\\/www.gsccanarias.com\\\/gsc\\\/\"},{\"@type\":\"ListItem\",\"position\":2,\"name\":\"El SUC forma en La Palma a los primeros intervinientes en emergencias para actuar ante una cat\u00e1strofe\"}]},{\"@type\":\"WebSite\",\"@id\":\"https:\\\/\\\/www.gsccanarias.com\\\/gsc\\\/#website\",\"url\":\"https:\\\/\\\/www.gsccanarias.com\\\/gsc\\\/\",\"name\":\"GSC\",\"description\":\"Administramos servicios relacionados con la salud, las emergencias, la seguridad y el transporte sanitario\",\"potentialAction\":[{\"@type\":\"SearchAction\",\"target\":{\"@type\":\"EntryPoint\",\"urlTemplate\":\"https:\\\/\\\/www.gsccanarias.com\\\/gsc\\\/?s={search_term_string}\"},\"query-input\":{\"@type\":\"PropertyValueSpecification\",\"valueRequired\":true,\"valueName\":\"search_term_string\"}}],\"inLanguage\":\"es\"},{\"@type\":\"Person\",\"@id\":\"https:\\\/\\\/www.gsccanarias.com\\\/gsc\\\/#\\\/schema\\\/person\\\/591ed0ce1757a7168579ec75f6e7f340\",\"name\":\"userad112\",\"image\":{\"@type\":\"ImageObject\",\"inLanguage\":\"es\",\"@id\":\"https:\\\/\\\/secure.gravatar.com\\\/avatar\\\/6aab27730b29899b0a1a05aaa7b266b4fc1fce4dd26b427baeb73cffe474a916?s=96&d=mm&r=g\",\"url\":\"https:\\\/\\\/secure.gravatar.com\\\/avatar\\\/6aab27730b29899b0a1a05aaa7b266b4fc1fce4dd26b427baeb73cffe474a916?s=96&d=mm&r=g\",\"contentUrl\":\"https:\\\/\\\/secure.gravatar.com\\\/avatar\\\/6aab27730b29899b0a1a05aaa7b266b4fc1fce4dd26b427baeb73cffe474a916?s=96&d=mm&r=g\",\"caption\":\"userad112\"},\"sameAs\":[\"https:\\\/\\\/321brand.com\\\/112\"],\"url\":\"https:\\\/\\\/www.gsccanarias.com\\\/gsc\\\/author\\\/userad112\\\/\"}]}<\/script>\n<!-- \/ Yoast SEO plugin. -->","yoast_head_json":{"title":"El SUC forma en La Palma a los primeros intervinientes en emergencias para actuar ante una cat\u00e1strofe - GSC","robots":{"index":"index","follow":"follow","max-snippet":"max-snippet:-1","max-image-preview":"max-image-preview:large","max-video-preview":"max-video-preview:-1"},"canonical":"https:\/\/www.gsccanarias.com\/gsc\/el-suc-forma-en-la-palma-a-los-primeros-intervinientes-en-emergencias-para-actuar-ante-una-catastrofe-2\/","og_locale":"es_ES","og_type":"article","og_title":"El SUC forma en La Palma a los primeros intervinientes en emergencias para actuar ante una cat\u00e1strofe - GSC","og_description":"Se presenta en la Isla un remolque dotado de equipos de respuesta sanitaria inmediata para su utilizaci\u00f3n en incidentes con m\u00faltiples v\u00edctimas El Servicio de Urgencias Canario, dependiente de la Consejer\u00eda de Sanidad del Gobierno de Canarias, imparte ma\u00f1ana en el Hospital General de La...","og_url":"https:\/\/www.gsccanarias.com\/gsc\/el-suc-forma-en-la-palma-a-los-primeros-intervinientes-en-emergencias-para-actuar-ante-una-catastrofe-2\/","og_site_name":"GSC","article_published_time":"2019-11-19T10:19:54+00:00","og_image":[{"width":1600,"height":1200,"url":"https:\/\/www.gsccanarias.com\/gsc\/wp-content\/uploads\/2019\/11\/ERSI_La_Palma.jpeg","type":"image\/jpeg"}],"author":"userad112","twitter_card":"summary_large_image","twitter_misc":{"Escrito por":"userad112","Tiempo de lectura":"3 minutos"},"schema":{"@context":"https:\/\/schema.org","@graph":[{"@type":"Article","@id":"https:\/\/www.gsccanarias.com\/gsc\/el-suc-forma-en-la-palma-a-los-primeros-intervinientes-en-emergencias-para-actuar-ante-una-catastrofe-2\/#article","isPartOf":{"@id":"https:\/\/www.gsccanarias.com\/gsc\/el-suc-forma-en-la-palma-a-los-primeros-intervinientes-en-emergencias-para-actuar-ante-una-catastrofe-2\/"},"author":{"name":"userad112","@id":"https:\/\/www.gsccanarias.com\/gsc\/#\/schema\/person\/591ed0ce1757a7168579ec75f6e7f340"},"headline":"El SUC forma en La Palma a los primeros intervinientes en emergencias para actuar ante una cat\u00e1strofe","datePublished":"2019-11-19T10:19:54+00:00","mainEntityOfPage":{"@id":"https:\/\/www.gsccanarias.com\/gsc\/el-suc-forma-en-la-palma-a-los-primeros-intervinientes-en-emergencias-para-actuar-ante-una-catastrofe-2\/"},"wordCount":591,"commentCount":0,"image":{"@id":"https:\/\/www.gsccanarias.com\/gsc\/el-suc-forma-en-la-palma-a-los-primeros-intervinientes-en-emergencias-para-actuar-ante-una-catastrofe-2\/#primaryimage"},"thumbnailUrl":"https:\/\/www.gsccanarias.com\/gsc\/wp-content\/uploads\/2019\/11\/ERSI_La_Palma.jpeg","articleSection":["\u00daltimas noticias"],"inLanguage":"es","potentialAction":[{"@type":"CommentAction","name":"Comment","target":["https:\/\/www.gsccanarias.com\/gsc\/el-suc-forma-en-la-palma-a-los-primeros-intervinientes-en-emergencias-para-actuar-ante-una-catastrofe-2\/#respond"]}]},{"@type":"WebPage","@id":"https:\/\/www.gsccanarias.com\/gsc\/el-suc-forma-en-la-palma-a-los-primeros-intervinientes-en-emergencias-para-actuar-ante-una-catastrofe-2\/","url":"https:\/\/www.gsccanarias.com\/gsc\/el-suc-forma-en-la-palma-a-los-primeros-intervinientes-en-emergencias-para-actuar-ante-una-catastrofe-2\/","name":"El SUC forma en La Palma a los primeros intervinientes en emergencias para actuar ante una cat\u00e1strofe - GSC","isPartOf":{"@id":"https:\/\/www.gsccanarias.com\/gsc\/#website"},"primaryImageOfPage":{"@id":"https:\/\/www.gsccanarias.com\/gsc\/el-suc-forma-en-la-palma-a-los-primeros-intervinientes-en-emergencias-para-actuar-ante-una-catastrofe-2\/#primaryimage"},"image":{"@id":"https:\/\/www.gsccanarias.com\/gsc\/el-suc-forma-en-la-palma-a-los-primeros-intervinientes-en-emergencias-para-actuar-ante-una-catastrofe-2\/#primaryimage"},"thumbnailUrl":"https:\/\/www.gsccanarias.com\/gsc\/wp-content\/uploads\/2019\/11\/ERSI_La_Palma.jpeg","datePublished":"2019-11-19T10:19:54+00:00","author":{"@id":"https:\/\/www.gsccanarias.com\/gsc\/#\/schema\/person\/591ed0ce1757a7168579ec75f6e7f340"},"breadcrumb":{"@id":"https:\/\/www.gsccanarias.com\/gsc\/el-suc-forma-en-la-palma-a-los-primeros-intervinientes-en-emergencias-para-actuar-ante-una-catastrofe-2\/#breadcrumb"},"inLanguage":"es","potentialAction":[{"@type":"ReadAction","target":["https:\/\/www.gsccanarias.com\/gsc\/el-suc-forma-en-la-palma-a-los-primeros-intervinientes-en-emergencias-para-actuar-ante-una-catastrofe-2\/"]}]},{"@type":"ImageObject","inLanguage":"es","@id":"https:\/\/www.gsccanarias.com\/gsc\/el-suc-forma-en-la-palma-a-los-primeros-intervinientes-en-emergencias-para-actuar-ante-una-catastrofe-2\/#primaryimage","url":"https:\/\/www.gsccanarias.com\/gsc\/wp-content\/uploads\/2019\/11\/ERSI_La_Palma.jpeg","contentUrl":"https:\/\/www.gsccanarias.com\/gsc\/wp-content\/uploads\/2019\/11\/ERSI_La_Palma.jpeg","width":1600,"height":1200},{"@type":"BreadcrumbList","@id":"https:\/\/www.gsccanarias.com\/gsc\/el-suc-forma-en-la-palma-a-los-primeros-intervinientes-en-emergencias-para-actuar-ante-una-catastrofe-2\/#breadcrumb","itemListElement":[{"@type":"ListItem","position":1,"name":"Portada","item":"https:\/\/www.gsccanarias.com\/gsc\/"},{"@type":"ListItem","position":2,"name":"El SUC forma en La Palma a los primeros intervinientes en emergencias para actuar ante una cat\u00e1strofe"}]},{"@type":"WebSite","@id":"https:\/\/www.gsccanarias.com\/gsc\/#website","url":"https:\/\/www.gsccanarias.com\/gsc\/","name":"GSC","description":"Administramos servicios relacionados con la salud, las emergencias, la seguridad y el transporte sanitario","potentialAction":[{"@type":"SearchAction","target":{"@type":"EntryPoint","urlTemplate":"https:\/\/www.gsccanarias.com\/gsc\/?s={search_term_string}"},"query-input":{"@type":"PropertyValueSpecification","valueRequired":true,"valueName":"search_term_string"}}],"inLanguage":"es"},{"@type":"Person","@id":"https:\/\/www.gsccanarias.com\/gsc\/#\/schema\/person\/591ed0ce1757a7168579ec75f6e7f340","name":"userad112","image":{"@type":"ImageObject","inLanguage":"es","@id":"https:\/\/secure.gravatar.com\/avatar\/6aab27730b29899b0a1a05aaa7b266b4fc1fce4dd26b427baeb73cffe474a916?s=96&d=mm&r=g","url":"https:\/\/secure.gravatar.com\/avatar\/6aab27730b29899b0a1a05aaa7b266b4fc1fce4dd26b427baeb73cffe474a916?s=96&d=mm&r=g","contentUrl":"https:\/\/secure.gravatar.com\/avatar\/6aab27730b29899b0a1a05aaa7b266b4fc1fce4dd26b427baeb73cffe474a916?s=96&d=mm&r=g","caption":"userad112"},"sameAs":["https:\/\/321brand.com\/112"],"url":"https:\/\/www.gsccanarias.com\/gsc\/author\/userad112\/"}]}},"publishpress_future_workflow_manual_trigger":{"enabledWorkflows":[]},"_links":{"self":[{"href":"https:\/\/www.gsccanarias.com\/gsc\/wp-json\/wp\/v2\/posts\/2829","targetHints":{"allow":["GET"]}}],"collection":[{"href":"https:\/\/www.gsccanarias.com\/gsc\/wp-json\/wp\/v2\/posts"}],"about":[{"href":"https:\/\/www.gsccanarias.com\/gsc\/wp-json\/wp\/v2\/types\/post"}],"author":[{"embeddable":true,"href":"https:\/\/www.gsccanarias.com\/gsc\/wp-json\/wp\/v2\/users\/1"}],"replies":[{"embeddable":true,"href":"https:\/\/www.gsccanarias.com\/gsc\/wp-json\/wp\/v2\/comments?post=2829"}],"version-history":[{"count":0,"href":"https:\/\/www.gsccanarias.com\/gsc\/wp-json\/wp\/v2\/posts\/2829\/revisions"}],"wp:featuredmedia":[{"embeddable":true,"href":"https:\/\/www.gsccanarias.com\/gsc\/wp-json\/wp\/v2\/media\/2828"}],"wp:attachment":[{"href":"https:\/\/www.gsccanarias.com\/gsc\/wp-json\/wp\/v2\/media?parent=2829"}],"wp:term":[{"taxonomy":"category","embeddable":true,"href":"https:\/\/www.gsccanarias.com\/gsc\/wp-json\/wp\/v2\/categories?post=2829"},{"taxonomy":"post_tag","embeddable":true,"href":"https:\/\/www.gsccanarias.com\/gsc\/wp-json\/wp\/v2\/tags?post=2829"}],"curies":[{"name":"wp","href":"https:\/\/api.w.org\/{rel}","templated":true}]}}