{"id":19672,"date":"2026-09-04T10:57:17","date_gmt":"2026-09-04T10:57:17","guid":{"rendered":"https:\/\/www.gsccanarias.com\/gsc\/?p=19672"},"modified":"2026-09-04T10:57:17","modified_gmt":"2026-09-04T10:57:17","slug":"el-helicoptero-medicalizado-del-suc-evacua-a-una-persona-tras-sufrir-un-problema-de-salud-grave-en-gran-canaria","status":"publish","type":"post","link":"https:\/\/www.gsccanarias.com\/gsc\/el-helicoptero-medicalizado-del-suc-evacua-a-una-persona-tras-sufrir-un-problema-de-salud-grave-en-gran-canaria\/","title":{"rendered":"El helic\u00f3ptero medicalizado del SUC evacua a una persona tras sufrir un problema de salud grave en Gran Canaria"},"content":{"rendered":"<blockquote><p>El paciente fue asistido y estabilizado en la aeronave antes de su traslado al Hospital Insular<\/p><\/blockquote>\n<p>Un equipo formado por las dotaciones de una ambulancia de soporte vital b\u00e1sico y del helic\u00f3ptero medicalizado del SUC intervinieron el pasado martes en el municipio de Tejeda, en la zona de Llanos de La Pez, ante el desvanecimiento de un hombre de 45 a\u00f1os.<\/p>\n<p>Un pastor de la zona alertaba a los servicios de emergencia tras encontrar a una persona en muy mal estado en las inmediaciones de una cueva, hasta donde lo hab\u00eda guiado su perro.<\/p>\n<p>Los coordinadores sanitarios del SUC, presentes en la sala de emergencias, atendieron la llamada de la persona que dio el aviso y con la informaci\u00f3n recabada decidieron asignar una ambulancia y el helic\u00f3ptero medicalizado que se desplazaron a la zona ante la sospecha de que la gravedad del estado del afectado pudiera comprometer su estado de conciencia.<\/p>\n<p>Una vez en el lugar, el equipo sanitario de la ambulancia lo traslad\u00f3 hasta el punto de toma del helic\u00f3ptero, habilitado previamente por los bomberos, para preparar la evacuaci\u00f3n a\u00e9rea del paciente, ante el empeoramiento de su estado de salud y la lejan\u00eda del centro hospitalario.<\/p>\n<p>El equipo m\u00e9dico del helic\u00f3ptero constat\u00f3 a su llegada la gravedad del estado del paciente debido a una complicaci\u00f3n grave de la diabetes con riesgo para su vida, de no haber sido encontrado ese mismo d\u00eda. Tras prestarle asistencia sanitaria y estabilizarlo en la aeronave, se encargaron de su traslado al Hospital Universitario Insular de Gran Canaria para continuar con su atenci\u00f3n urgente y donde se recupera favorablemente.<\/p>\n<div class=\"pvc_clear\"><\/div>\n<p id=\"pvc_stats_19672\" class=\"pvc_stats all  \" data-element-id=\"19672\" style=\"\"><i class=\"pvc-stats-icon medium\" aria-hidden=\"true\"><svg aria-hidden=\"true\" focusable=\"false\" data-prefix=\"far\" data-icon=\"chart-bar\" role=\"img\" xmlns=\"http:\/\/www.w3.org\/2000\/svg\" viewBox=\"0 0 512 512\" class=\"svg-inline--fa fa-chart-bar fa-w-16 fa-2x\"><path fill=\"currentColor\" d=\"M396.8 352h22.4c6.4 0 12.8-6.4 12.8-12.8V108.8c0-6.4-6.4-12.8-12.8-12.8h-22.4c-6.4 0-12.8 6.4-12.8 12.8v230.4c0 6.4 6.4 12.8 12.8 12.8zm-192 0h22.4c6.4 0 12.8-6.4 12.8-12.8V140.8c0-6.4-6.4-12.8-12.8-12.8h-22.4c-6.4 0-12.8 6.4-12.8 12.8v198.4c0 6.4 6.4 12.8 12.8 12.8zm96 0h22.4c6.4 0 12.8-6.4 12.8-12.8V204.8c0-6.4-6.4-12.8-12.8-12.8h-22.4c-6.4 0-12.8 6.4-12.8 12.8v134.4c0 6.4 6.4 12.8 12.8 12.8zM496 400H48V80c0-8.84-7.16-16-16-16H16C7.16 64 0 71.16 0 80v336c0 17.67 14.33 32 32 32h464c8.84 0 16-7.16 16-16v-16c0-8.84-7.16-16-16-16zm-387.2-48h22.4c6.4 0 12.8-6.4 12.8-12.8v-70.4c0-6.4-6.4-12.8-12.8-12.8h-22.4c-6.4 0-12.8 6.4-12.8 12.8v70.4c0 6.4 6.4 12.8 12.8 12.8z\" class=\"\"><\/path><\/svg><\/i> <\/p>\n<div class=\"pvc_clear\"><\/div>\n<div class=\"print\"><span class=\"page_title\">P\u00e1gina: <span>El helic\u00f3ptero medicalizado del SUC evacua a una persona tras sufrir un problema de salud grave en Gran Canaria<\/span><\/span>\n\t\t\t\t\t\t\t\t\t\t\t<span class=\"page_title\">Fecha de impresi\u00f3n: <span>05\/09\/2026 - 03:27:00 UTC<\/span><\/span>\n\t\t\t\t\t\t\t\t\t\t\t<span class=\"stmp_trans_date\">\u00daltima actualizaci\u00f3n: <span>04\/09\/2026 - 10:57:17<\/span><\/span>\n\t\t\t\t\t\t\t\t\t\t\t<span class=\"stmp_trans_date\">Fecha publicaci\u00f3n: <span>04\/09\/2026 - 10:57:17<\/span><\/span>\n\t\t\t\t\t\t\t\t\t\t\t<span class=\"stmp_trans_date\">Fecha creaci\u00f3n: <span>04\/09\/2026 - 10:57:17<\/span><\/span><\/div>\n\t","protected":false},"excerpt":{"rendered":"<p>El paciente fue asistido y estabilizado en la aeronave antes de su traslado al Hospital Insular Un equipo formado por las dotaciones de una ambulancia de soporte vital b\u00e1sico y del helic\u00f3ptero medicalizado del SUC intervinieron el pasado martes en el municipio de Tejeda, en&#8230;<\/p>\n<div class=\"pvc_clear\"><\/div>\n<p id=\"pvc_stats_19672\" class=\"pvc_stats all  \" data-element-id=\"19672\" style=\"\"><i class=\"pvc-stats-icon medium\" aria-hidden=\"true\"><svg aria-hidden=\"true\" focusable=\"false\" data-prefix=\"far\" data-icon=\"chart-bar\" role=\"img\" xmlns=\"http:\/\/www.w3.org\/2000\/svg\" viewBox=\"0 0 512 512\" class=\"svg-inline--fa fa-chart-bar fa-w-16 fa-2x\"><path fill=\"currentColor\" d=\"M396.8 352h22.4c6.4 0 12.8-6.4 12.8-12.8V108.8c0-6.4-6.4-12.8-12.8-12.8h-22.4c-6.4 0-12.8 6.4-12.8 12.8v230.4c0 6.4 6.4 12.8 12.8 12.8zm-192 0h22.4c6.4 0 12.8-6.4 12.8-12.8V140.8c0-6.4-6.4-12.8-12.8-12.8h-22.4c-6.4 0-12.8 6.4-12.8 12.8v198.4c0 6.4 6.4 12.8 12.8 12.8zm96 0h22.4c6.4 0 12.8-6.4 12.8-12.8V204.8c0-6.4-6.4-12.8-12.8-12.8h-22.4c-6.4 0-12.8 6.4-12.8 12.8v134.4c0 6.4 6.4 12.8 12.8 12.8zM496 400H48V80c0-8.84-7.16-16-16-16H16C7.16 64 0 71.16 0 80v336c0 17.67 14.33 32 32 32h464c8.84 0 16-7.16 16-16v-16c0-8.84-7.16-16-16-16zm-387.2-48h22.4c6.4 0 12.8-6.4 12.8-12.8v-70.4c0-6.4-6.4-12.8-12.8-12.8h-22.4c-6.4 0-12.8 6.4-12.8 12.8v70.4c0 6.4 6.4 12.8 12.8 12.8z\" class=\"\"><\/path><\/svg><\/i> <img loading=\"lazy\" decoding=\"async\" width=\"16\" height=\"16\" alt=\"Loading\" src=\"https:\/\/www.gsccanarias.com\/gsc\/wp-content\/plugins\/page-views-count\/ajax-loader-2x.gif\" border=0 \/><\/p>\n<div class=\"pvc_clear\"><\/div>\n","protected":false},"author":2,"featured_media":19673,"comment_status":"closed","ping_status":"open","sticky":false,"template":"","format":"standard","meta":{"footnotes":""},"categories":[35,36],"tags":[],"class_list":["post-19672","post","type-post","status-publish","format-standard","has-post-thumbnail","hentry","category-noticias","category-ultimas-noticias"],"a3_pvc":{"activated":true,"total_views":1,"today_views":0},"yoast_head":"<!-- This site is optimized with the Yoast SEO plugin v28.2 - https:\/\/yoast.com\/product\/yoast-seo-wordpress\/ -->\n<title>El helic\u00f3ptero medicalizado del SUC evacua a una persona tras sufrir un problema de salud grave en Gran Canaria - GSC<\/title>\n<meta name=\"robots\" content=\"index, follow, max-snippet:-1, max-image-preview:large, max-video-preview:-1\" \/>\n<link rel=\"canonical\" href=\"https:\/\/www.gsccanarias.com\/gsc\/el-helicoptero-medicalizado-del-suc-evacua-a-una-persona-tras-sufrir-un-problema-de-salud-grave-en-gran-canaria\/\" \/>\n<meta property=\"og:locale\" content=\"es_ES\" \/>\n<meta property=\"og:type\" content=\"article\" \/>\n<meta property=\"og:title\" content=\"El helic\u00f3ptero medicalizado del SUC evacua a una persona tras sufrir un problema de salud grave en Gran Canaria - GSC\" \/>\n<meta property=\"og:description\" content=\"El paciente fue asistido y estabilizado en la aeronave antes de su traslado al Hospital Insular Un equipo formado por las dotaciones de una ambulancia de soporte vital b\u00e1sico y del helic\u00f3ptero medicalizado del SUC intervinieron el pasado martes en el municipio de Tejeda, en...\" \/>\n<meta property=\"og:url\" content=\"https:\/\/www.gsccanarias.com\/gsc\/el-helicoptero-medicalizado-del-suc-evacua-a-una-persona-tras-sufrir-un-problema-de-salud-grave-en-gran-canaria\/\" \/>\n<meta property=\"og:site_name\" content=\"GSC\" \/>\n<meta property=\"article:published_time\" content=\"2026-09-04T10:57:17+00:00\" \/>\n<meta property=\"og:image\" content=\"https:\/\/www.gsccanarias.com\/gsc\/wp-content\/uploads\/2026\/09\/Evacuacion-en-helicoptero-del-SUC.jpeg\" \/>\n\t<meta property=\"og:image:width\" content=\"1200\" \/>\n\t<meta property=\"og:image:height\" content=\"891\" \/>\n\t<meta property=\"og:image:type\" content=\"image\/jpeg\" \/>\n<meta name=\"author\" content=\"Laura Otero Bautista\" \/>\n<meta name=\"twitter:card\" content=\"summary_large_image\" \/>\n<meta name=\"twitter:label1\" content=\"Escrito por\" \/>\n\t<meta name=\"twitter:data1\" content=\"Laura Otero Bautista\" \/>\n\t<meta name=\"twitter:label2\" content=\"Tiempo de lectura\" \/>\n\t<meta name=\"twitter:data2\" content=\"2 minutos\" \/>\n<script type=\"application\/ld+json\" class=\"yoast-schema-graph\">{\"@context\":\"https:\\\/\\\/schema.org\",\"@graph\":[{\"@type\":\"Article\",\"@id\":\"https:\\\/\\\/www.gsccanarias.com\\\/gsc\\\/el-helicoptero-medicalizado-del-suc-evacua-a-una-persona-tras-sufrir-un-problema-de-salud-grave-en-gran-canaria\\\/#article\",\"isPartOf\":{\"@id\":\"https:\\\/\\\/www.gsccanarias.com\\\/gsc\\\/el-helicoptero-medicalizado-del-suc-evacua-a-una-persona-tras-sufrir-un-problema-de-salud-grave-en-gran-canaria\\\/\"},\"author\":{\"name\":\"Laura Otero Bautista\",\"@id\":\"https:\\\/\\\/www.gsccanarias.com\\\/gsc\\\/#\\\/schema\\\/person\\\/b8c013c501758bed823e398f9867c23b\"},\"headline\":\"El helic\u00f3ptero medicalizado del SUC evacua a una persona tras sufrir un problema de salud grave en Gran Canaria\",\"datePublished\":\"2026-09-04T10:57:17+00:00\",\"mainEntityOfPage\":{\"@id\":\"https:\\\/\\\/www.gsccanarias.com\\\/gsc\\\/el-helicoptero-medicalizado-del-suc-evacua-a-una-persona-tras-sufrir-un-problema-de-salud-grave-en-gran-canaria\\\/\"},\"wordCount\":299,\"image\":{\"@id\":\"https:\\\/\\\/www.gsccanarias.com\\\/gsc\\\/el-helicoptero-medicalizado-del-suc-evacua-a-una-persona-tras-sufrir-un-problema-de-salud-grave-en-gran-canaria\\\/#primaryimage\"},\"thumbnailUrl\":\"https:\\\/\\\/www.gsccanarias.com\\\/gsc\\\/wp-content\\\/uploads\\\/2026\\\/09\\\/Evacuacion-en-helicoptero-del-SUC.jpeg\",\"articleSection\":[\"Noticias\",\"\u00daltimas noticias\"],\"inLanguage\":\"es\"},{\"@type\":\"WebPage\",\"@id\":\"https:\\\/\\\/www.gsccanarias.com\\\/gsc\\\/el-helicoptero-medicalizado-del-suc-evacua-a-una-persona-tras-sufrir-un-problema-de-salud-grave-en-gran-canaria\\\/\",\"url\":\"https:\\\/\\\/www.gsccanarias.com\\\/gsc\\\/el-helicoptero-medicalizado-del-suc-evacua-a-una-persona-tras-sufrir-un-problema-de-salud-grave-en-gran-canaria\\\/\",\"name\":\"El helic\u00f3ptero medicalizado del SUC evacua a una persona tras sufrir un problema de salud grave en Gran Canaria - GSC\",\"isPartOf\":{\"@id\":\"https:\\\/\\\/www.gsccanarias.com\\\/gsc\\\/#website\"},\"primaryImageOfPage\":{\"@id\":\"https:\\\/\\\/www.gsccanarias.com\\\/gsc\\\/el-helicoptero-medicalizado-del-suc-evacua-a-una-persona-tras-sufrir-un-problema-de-salud-grave-en-gran-canaria\\\/#primaryimage\"},\"image\":{\"@id\":\"https:\\\/\\\/www.gsccanarias.com\\\/gsc\\\/el-helicoptero-medicalizado-del-suc-evacua-a-una-persona-tras-sufrir-un-problema-de-salud-grave-en-gran-canaria\\\/#primaryimage\"},\"thumbnailUrl\":\"https:\\\/\\\/www.gsccanarias.com\\\/gsc\\\/wp-content\\\/uploads\\\/2026\\\/09\\\/Evacuacion-en-helicoptero-del-SUC.jpeg\",\"datePublished\":\"2026-09-04T10:57:17+00:00\",\"author\":{\"@id\":\"https:\\\/\\\/www.gsccanarias.com\\\/gsc\\\/#\\\/schema\\\/person\\\/b8c013c501758bed823e398f9867c23b\"},\"breadcrumb\":{\"@id\":\"https:\\\/\\\/www.gsccanarias.com\\\/gsc\\\/el-helicoptero-medicalizado-del-suc-evacua-a-una-persona-tras-sufrir-un-problema-de-salud-grave-en-gran-canaria\\\/#breadcrumb\"},\"inLanguage\":\"es\",\"potentialAction\":[{\"@type\":\"ReadAction\",\"target\":[\"https:\\\/\\\/www.gsccanarias.com\\\/gsc\\\/el-helicoptero-medicalizado-del-suc-evacua-a-una-persona-tras-sufrir-un-problema-de-salud-grave-en-gran-canaria\\\/\"]}]},{\"@type\":\"ImageObject\",\"inLanguage\":\"es\",\"@id\":\"https:\\\/\\\/www.gsccanarias.com\\\/gsc\\\/el-helicoptero-medicalizado-del-suc-evacua-a-una-persona-tras-sufrir-un-problema-de-salud-grave-en-gran-canaria\\\/#primaryimage\",\"url\":\"https:\\\/\\\/www.gsccanarias.com\\\/gsc\\\/wp-content\\\/uploads\\\/2026\\\/09\\\/Evacuacion-en-helicoptero-del-SUC.jpeg\",\"contentUrl\":\"https:\\\/\\\/www.gsccanarias.com\\\/gsc\\\/wp-content\\\/uploads\\\/2026\\\/09\\\/Evacuacion-en-helicoptero-del-SUC.jpeg\",\"width\":1200,\"height\":891},{\"@type\":\"BreadcrumbList\",\"@id\":\"https:\\\/\\\/www.gsccanarias.com\\\/gsc\\\/el-helicoptero-medicalizado-del-suc-evacua-a-una-persona-tras-sufrir-un-problema-de-salud-grave-en-gran-canaria\\\/#breadcrumb\",\"itemListElement\":[{\"@type\":\"ListItem\",\"position\":1,\"name\":\"Portada\",\"item\":\"https:\\\/\\\/www.gsccanarias.com\\\/gsc\\\/\"},{\"@type\":\"ListItem\",\"position\":2,\"name\":\"El helic\u00f3ptero medicalizado del SUC evacua a una persona tras sufrir un problema de salud grave en Gran Canaria\"}]},{\"@type\":\"WebSite\",\"@id\":\"https:\\\/\\\/www.gsccanarias.com\\\/gsc\\\/#website\",\"url\":\"https:\\\/\\\/www.gsccanarias.com\\\/gsc\\\/\",\"name\":\"GSC\",\"description\":\"Administramos servicios relacionados con la salud, las emergencias, la seguridad y el transporte sanitario\",\"potentialAction\":[{\"@type\":\"SearchAction\",\"target\":{\"@type\":\"EntryPoint\",\"urlTemplate\":\"https:\\\/\\\/www.gsccanarias.com\\\/gsc\\\/?s={search_term_string}\"},\"query-input\":{\"@type\":\"PropertyValueSpecification\",\"valueRequired\":true,\"valueName\":\"search_term_string\"}}],\"inLanguage\":\"es\"},{\"@type\":\"Person\",\"@id\":\"https:\\\/\\\/www.gsccanarias.com\\\/gsc\\\/#\\\/schema\\\/person\\\/b8c013c501758bed823e398f9867c23b\",\"name\":\"Laura Otero Bautista\",\"image\":{\"@type\":\"ImageObject\",\"inLanguage\":\"es\",\"@id\":\"https:\\\/\\\/secure.gravatar.com\\\/avatar\\\/489330f16359973f16321af73ed16e79f9acbd1694d0b94d73f3dfdd0c25646d?s=96&d=mm&r=g\",\"url\":\"https:\\\/\\\/secure.gravatar.com\\\/avatar\\\/489330f16359973f16321af73ed16e79f9acbd1694d0b94d73f3dfdd0c25646d?s=96&d=mm&r=g\",\"contentUrl\":\"https:\\\/\\\/secure.gravatar.com\\\/avatar\\\/489330f16359973f16321af73ed16e79f9acbd1694d0b94d73f3dfdd0c25646d?s=96&d=mm&r=g\",\"caption\":\"Laura Otero Bautista\"},\"url\":\"https:\\\/\\\/www.gsccanarias.com\\\/gsc\\\/author\\\/laura\\\/\"}]}<\/script>\n<!-- \/ Yoast SEO plugin. -->","yoast_head_json":{"title":"El helic\u00f3ptero medicalizado del SUC evacua a una persona tras sufrir un problema de salud grave en Gran Canaria - GSC","robots":{"index":"index","follow":"follow","max-snippet":"max-snippet:-1","max-image-preview":"max-image-preview:large","max-video-preview":"max-video-preview:-1"},"canonical":"https:\/\/www.gsccanarias.com\/gsc\/el-helicoptero-medicalizado-del-suc-evacua-a-una-persona-tras-sufrir-un-problema-de-salud-grave-en-gran-canaria\/","og_locale":"es_ES","og_type":"article","og_title":"El helic\u00f3ptero medicalizado del SUC evacua a una persona tras sufrir un problema de salud grave en Gran Canaria - GSC","og_description":"El paciente fue asistido y estabilizado en la aeronave antes de su traslado al Hospital Insular Un equipo formado por las dotaciones de una ambulancia de soporte vital b\u00e1sico y del helic\u00f3ptero medicalizado del SUC intervinieron el pasado martes en el municipio de Tejeda, en...","og_url":"https:\/\/www.gsccanarias.com\/gsc\/el-helicoptero-medicalizado-del-suc-evacua-a-una-persona-tras-sufrir-un-problema-de-salud-grave-en-gran-canaria\/","og_site_name":"GSC","article_published_time":"2026-09-04T10:57:17+00:00","og_image":[{"width":1200,"height":891,"url":"https:\/\/www.gsccanarias.com\/gsc\/wp-content\/uploads\/2026\/09\/Evacuacion-en-helicoptero-del-SUC.jpeg","type":"image\/jpeg"}],"author":"Laura Otero Bautista","twitter_card":"summary_large_image","twitter_misc":{"Escrito por":"Laura Otero Bautista","Tiempo de lectura":"2 minutos"},"schema":{"@context":"https:\/\/schema.org","@graph":[{"@type":"Article","@id":"https:\/\/www.gsccanarias.com\/gsc\/el-helicoptero-medicalizado-del-suc-evacua-a-una-persona-tras-sufrir-un-problema-de-salud-grave-en-gran-canaria\/#article","isPartOf":{"@id":"https:\/\/www.gsccanarias.com\/gsc\/el-helicoptero-medicalizado-del-suc-evacua-a-una-persona-tras-sufrir-un-problema-de-salud-grave-en-gran-canaria\/"},"author":{"name":"Laura Otero Bautista","@id":"https:\/\/www.gsccanarias.com\/gsc\/#\/schema\/person\/b8c013c501758bed823e398f9867c23b"},"headline":"El helic\u00f3ptero medicalizado del SUC evacua a una persona tras sufrir un problema de salud grave en Gran Canaria","datePublished":"2026-09-04T10:57:17+00:00","mainEntityOfPage":{"@id":"https:\/\/www.gsccanarias.com\/gsc\/el-helicoptero-medicalizado-del-suc-evacua-a-una-persona-tras-sufrir-un-problema-de-salud-grave-en-gran-canaria\/"},"wordCount":299,"image":{"@id":"https:\/\/www.gsccanarias.com\/gsc\/el-helicoptero-medicalizado-del-suc-evacua-a-una-persona-tras-sufrir-un-problema-de-salud-grave-en-gran-canaria\/#primaryimage"},"thumbnailUrl":"https:\/\/www.gsccanarias.com\/gsc\/wp-content\/uploads\/2026\/09\/Evacuacion-en-helicoptero-del-SUC.jpeg","articleSection":["Noticias","\u00daltimas noticias"],"inLanguage":"es"},{"@type":"WebPage","@id":"https:\/\/www.gsccanarias.com\/gsc\/el-helicoptero-medicalizado-del-suc-evacua-a-una-persona-tras-sufrir-un-problema-de-salud-grave-en-gran-canaria\/","url":"https:\/\/www.gsccanarias.com\/gsc\/el-helicoptero-medicalizado-del-suc-evacua-a-una-persona-tras-sufrir-un-problema-de-salud-grave-en-gran-canaria\/","name":"El helic\u00f3ptero medicalizado del SUC evacua a una persona tras sufrir un problema de salud grave en Gran Canaria - GSC","isPartOf":{"@id":"https:\/\/www.gsccanarias.com\/gsc\/#website"},"primaryImageOfPage":{"@id":"https:\/\/www.gsccanarias.com\/gsc\/el-helicoptero-medicalizado-del-suc-evacua-a-una-persona-tras-sufrir-un-problema-de-salud-grave-en-gran-canaria\/#primaryimage"},"image":{"@id":"https:\/\/www.gsccanarias.com\/gsc\/el-helicoptero-medicalizado-del-suc-evacua-a-una-persona-tras-sufrir-un-problema-de-salud-grave-en-gran-canaria\/#primaryimage"},"thumbnailUrl":"https:\/\/www.gsccanarias.com\/gsc\/wp-content\/uploads\/2026\/09\/Evacuacion-en-helicoptero-del-SUC.jpeg","datePublished":"2026-09-04T10:57:17+00:00","author":{"@id":"https:\/\/www.gsccanarias.com\/gsc\/#\/schema\/person\/b8c013c501758bed823e398f9867c23b"},"breadcrumb":{"@id":"https:\/\/www.gsccanarias.com\/gsc\/el-helicoptero-medicalizado-del-suc-evacua-a-una-persona-tras-sufrir-un-problema-de-salud-grave-en-gran-canaria\/#breadcrumb"},"inLanguage":"es","potentialAction":[{"@type":"ReadAction","target":["https:\/\/www.gsccanarias.com\/gsc\/el-helicoptero-medicalizado-del-suc-evacua-a-una-persona-tras-sufrir-un-problema-de-salud-grave-en-gran-canaria\/"]}]},{"@type":"ImageObject","inLanguage":"es","@id":"https:\/\/www.gsccanarias.com\/gsc\/el-helicoptero-medicalizado-del-suc-evacua-a-una-persona-tras-sufrir-un-problema-de-salud-grave-en-gran-canaria\/#primaryimage","url":"https:\/\/www.gsccanarias.com\/gsc\/wp-content\/uploads\/2026\/09\/Evacuacion-en-helicoptero-del-SUC.jpeg","contentUrl":"https:\/\/www.gsccanarias.com\/gsc\/wp-content\/uploads\/2026\/09\/Evacuacion-en-helicoptero-del-SUC.jpeg","width":1200,"height":891},{"@type":"BreadcrumbList","@id":"https:\/\/www.gsccanarias.com\/gsc\/el-helicoptero-medicalizado-del-suc-evacua-a-una-persona-tras-sufrir-un-problema-de-salud-grave-en-gran-canaria\/#breadcrumb","itemListElement":[{"@type":"ListItem","position":1,"name":"Portada","item":"https:\/\/www.gsccanarias.com\/gsc\/"},{"@type":"ListItem","position":2,"name":"El helic\u00f3ptero medicalizado del SUC evacua a una persona tras sufrir un problema de salud grave en Gran Canaria"}]},{"@type":"WebSite","@id":"https:\/\/www.gsccanarias.com\/gsc\/#website","url":"https:\/\/www.gsccanarias.com\/gsc\/","name":"GSC","description":"Administramos servicios relacionados con la salud, las emergencias, la seguridad y el transporte sanitario","potentialAction":[{"@type":"SearchAction","target":{"@type":"EntryPoint","urlTemplate":"https:\/\/www.gsccanarias.com\/gsc\/?s={search_term_string}"},"query-input":{"@type":"PropertyValueSpecification","valueRequired":true,"valueName":"search_term_string"}}],"inLanguage":"es"},{"@type":"Person","@id":"https:\/\/www.gsccanarias.com\/gsc\/#\/schema\/person\/b8c013c501758bed823e398f9867c23b","name":"Laura Otero Bautista","image":{"@type":"ImageObject","inLanguage":"es","@id":"https:\/\/secure.gravatar.com\/avatar\/489330f16359973f16321af73ed16e79f9acbd1694d0b94d73f3dfdd0c25646d?s=96&d=mm&r=g","url":"https:\/\/secure.gravatar.com\/avatar\/489330f16359973f16321af73ed16e79f9acbd1694d0b94d73f3dfdd0c25646d?s=96&d=mm&r=g","contentUrl":"https:\/\/secure.gravatar.com\/avatar\/489330f16359973f16321af73ed16e79f9acbd1694d0b94d73f3dfdd0c25646d?s=96&d=mm&r=g","caption":"Laura Otero Bautista"},"url":"https:\/\/www.gsccanarias.com\/gsc\/author\/laura\/"}]}},"publishpress_future_workflow_manual_trigger":{"enabledWorkflows":[]},"_links":{"self":[{"href":"https:\/\/www.gsccanarias.com\/gsc\/wp-json\/wp\/v2\/posts\/19672","targetHints":{"allow":["GET"]}}],"collection":[{"href":"https:\/\/www.gsccanarias.com\/gsc\/wp-json\/wp\/v2\/posts"}],"about":[{"href":"https:\/\/www.gsccanarias.com\/gsc\/wp-json\/wp\/v2\/types\/post"}],"author":[{"embeddable":true,"href":"https:\/\/www.gsccanarias.com\/gsc\/wp-json\/wp\/v2\/users\/2"}],"replies":[{"embeddable":true,"href":"https:\/\/www.gsccanarias.com\/gsc\/wp-json\/wp\/v2\/comments?post=19672"}],"version-history":[{"count":1,"href":"https:\/\/www.gsccanarias.com\/gsc\/wp-json\/wp\/v2\/posts\/19672\/revisions"}],"predecessor-version":[{"id":19674,"href":"https:\/\/www.gsccanarias.com\/gsc\/wp-json\/wp\/v2\/posts\/19672\/revisions\/19674"}],"wp:featuredmedia":[{"embeddable":true,"href":"https:\/\/www.gsccanarias.com\/gsc\/wp-json\/wp\/v2\/media\/19673"}],"wp:attachment":[{"href":"https:\/\/www.gsccanarias.com\/gsc\/wp-json\/wp\/v2\/media?parent=19672"}],"wp:term":[{"taxonomy":"category","embeddable":true,"href":"https:\/\/www.gsccanarias.com\/gsc\/wp-json\/wp\/v2\/categories?post=19672"},{"taxonomy":"post_tag","embeddable":true,"href":"https:\/\/www.gsccanarias.com\/gsc\/wp-json\/wp\/v2\/tags?post=19672"}],"curies":[{"name":"wp","href":"https:\/\/api.w.org\/{rel}","templated":true}]}}