{"id":19061,"date":"2026-04-29T14:33:56","date_gmt":"2026-04-29T14:33:56","guid":{"rendered":"https:\/\/www.gsccanarias.com\/gsc\/?p=19061"},"modified":"2026-04-29T14:33:56","modified_gmt":"2026-04-29T14:33:56","slug":"mas-de-150-efectivos-actuan-en-un-simulacro-de-incendio-forestal-en-moya-coordinado-por-el-gobierno-de-canarias","status":"publish","type":"post","link":"https:\/\/www.gsccanarias.com\/gsc\/mas-de-150-efectivos-actuan-en-un-simulacro-de-incendio-forestal-en-moya-coordinado-por-el-gobierno-de-canarias\/","title":{"rendered":"M\u00e1s de 150 efectivos act\u00faan en un simulacro de incendio forestal en Moya coordinado por el Gobierno de Canarias"},"content":{"rendered":"<blockquote><p>El ejercicio cierra tres jornadas de actividades de la Direcci\u00f3n General de Emergencias junto al Cabildo de Gran Canaria y el Ayuntamiento de Moya para la prevenci\u00f3n ciudadana y la coordinaci\u00f3n administrativa<\/p>\n<p>El ensayo incluye el env\u00edo de mensajes a la poblaci\u00f3n mediante el sistema ES-Alert para su evacuaci\u00f3n o confinamiento, adem\u00e1s de la intervenci\u00f3n de recursos a\u00e9reos y la colaboraci\u00f3n de medios estatales<\/p><\/blockquote>\n<div class=\"x_elementToProof\">M\u00e1s de 150 efectivos de las cuatro administraciones p\u00fablicas, tres colegios profesionales y una organizaci\u00f3n no gubernamental participaron con recursos terrestres y a\u00e9reos en la ma\u00f1ana de este mi\u00e9rcoles en un simulacro de incendio forestal en Moya (Gran Canaria) como ejercicio final de un amplio programa de diversas actividades durante tres jornadas para la prevenci\u00f3n ciudadana y la cooperaci\u00f3n institucional ante posibles emergencias.<\/div>\n<div class=\"x_elementToProof\"><\/div>\n<div class=\"x_elementToProof\">Bajo la coordinaci\u00f3n de la Consejer\u00eda de Pol\u00edtica Territorial, Cohesi\u00f3n Territorial y Aguas del Gobierno de Canarias, el ejercicio se realiz\u00f3 durante m\u00e1s de tres horas en colaboraci\u00f3n con el Cabildo de Gran Canaria y el Ayuntamiento de Moya con la finalidad de probar la activaci\u00f3n de los protocolos del Plan Especial de Protecci\u00f3n Civil y Atenci\u00f3n de Emergencias por Incendios Forestales de la Comunidad Aut\u00f3noma de Canarias (INFOCA) ante un supuesto fuego de nivel 2, en\u00a0 el que las competencias se trasladan desde la corporaci\u00f3n insular a la administraci\u00f3n auton\u00f3mica.<\/div>\n<div class=\"x_elementToProof\"><\/div>\n<div class=\"x_elementToProof\">Organizado a trav\u00e9s de la Direcci\u00f3n General de Emergencias, el ensayo no solo cont\u00f3 con la intervenci\u00f3n de recursos de la comunidad aut\u00f3noma o las corporaciones locales, sino que incluy\u00f3 tambi\u00e9n la participaci\u00f3n de medios de la administraci\u00f3n estatal como la Guardia Civil, junto a equipos de otras instituciones como Cruz Roja Espa\u00f1ola y los colegios profesionales de Trabajo Social, Psicolog\u00eda y Veterinaria en Las Palmas.<\/div>\n<div class=\"x_elementToProof\"><\/div>\n<div class=\"x_elementToProof\">Por parte de la administraci\u00f3n auton\u00f3mica, el despliegue contabiliz\u00f3 personal con medios terrestres y a\u00e9reos de la Direcci\u00f3n General de Emergencias, Centro Coordinador de Emergencias y Seguridad (CECOES) 112, Grupo de Emergencias y Salvamento (GES), Unidad de Apoyo a Emergencias, Equipos de Intervenci\u00f3n y Refuerzo en Incendios Forestales (Eirif), Protecci\u00f3n Civil, Cuerpo General de la Polic\u00eda Canaria, Servicio de Urgencias Canario (SUC) y la Consejer\u00eda de Educaci\u00f3n, Formaci\u00f3n Profesional, Actividad F\u00edsica y Deportes, adem\u00e1s de la Direcci\u00f3n General de Ganader\u00eda.<\/div>\n<div class=\"x_elementToProof\"><\/div>\n<div class=\"x_elementToProof\">Desde el Cabildo tambi\u00e9n se activaron medios a\u00e9reos y terrestres a trav\u00e9s del Centro de Cooperaci\u00f3n Operativa Insular (CECOPIN), tanto unidades de la Consejer\u00eda de Medio Ambiente como bomberos del Consorcio de Emergencias de Gran Canaria, mientras que desde el Ayuntamiento se desplegaron agentes de la Polic\u00eda Local.<\/div>\n<div class=\"x_elementToProof\"><\/div>\n<div class=\"x_elementToProof\">Precisamente, el director General de Emergencias, Fernando Figuereo, destac\u00f3 que \u201cel objetivo del simulacro es seguir engrasando la coordinaci\u00f3n entre instituciones, potenciar la operatividad de todos los medios disponibles y, sobre todo, llegar a la poblaci\u00f3n para que sepa actuar frente a un incendio, de hecho, ha participado el alumnado de cuatro colegios, que es el futuro de la prevenci\u00f3n y extinci\u00f3n\u201d.<\/div>\n<div class=\"x_elementToProof\"><\/div>\n<div class=\"x_elementToProof\">En opini\u00f3n de Ra\u00fal Garc\u00eda Brink, consejero de Medio Ambiente, Clima, Energ\u00eda y Conocimiento del Cabildo de Gran Canaria, \u201cla selecci\u00f3n del municipio es muy acertada puesto que posee zonas de interfaz urbano forestal, donde las personas se podr\u00edan ver afectadas, por lo que poner a prueba la coordinaci\u00f3n entre diferentes instituciones que se ven implicadas en un evento de este tipo es muy importante\u201d.<\/div>\n<div class=\"x_elementToProof\"><\/div>\n<div class=\"x_elementToProof\">Seg\u00fan el alcalde de la Villa de Moya, Ra\u00fal Afonso, \u201cel simulacro no solo viene muy bien al municipio, sino a toda la isla, porque hemos pasado un invierno con much\u00edsima lluvia, as\u00ed que vamos a tener un verano complicado con tanta hierba y monte bajo. Hemos vivido la coordinaci\u00f3n entre todas las unidades de emergencia y seguridad, por lo que es un acierto realizar estos simulacros para mejorar y saber actuar, aunque esperamos que no tengamos nunca un desastre as\u00ed\u201d.<\/div>\n<div><\/div>\n<div class=\"x_elementToProof\"><strong>Fases de evoluci\u00f3n del fuego<\/strong><\/div>\n<div class=\"x_elementToProof\"><\/div>\n<div class=\"x_elementToProof\">A las\u00a009:30 horas se recibi\u00f3 una simulada alerta en la sala operativa del 112 Canarias sobre un supuesto conato de incendio forestal, a ra\u00edz de un accidente de tr\u00e1fico, con ignici\u00f3n inicial cerca de la desembocadura del barranco de Moya, en las inmediaciones de El Pagador, donde se ubic\u00f3 el puesto de mando avanzado.<\/div>\n<div class=\"x_elementToProof\"><\/div>\n<div class=\"x_elementToProof\">A pesar de la abundante carga y alta disponibilidad de combustible presente en la zona, el hipot\u00e9tico viento de baja intensidad limit\u00f3 la proyecci\u00f3n de pavesas y la propagaci\u00f3n del frente de llamas en una primera fase, con intercambio de informaci\u00f3n para la coordinaci\u00f3n entre CECOES y CECOPIN con el objetivo de desplegar los medios para la extinci\u00f3n y establecer cortes de tr\u00e1fico en la carretera GC-75 por la proximidad de las llamas.<\/div>\n<div class=\"x_elementToProof\"><\/div>\n<div class=\"x_elementToProof\">Tras un supuesto cambio de las condiciones meteorol\u00f3gicas, un aumento del viento que se agrav\u00f3 al canalizarse a causa de las caracter\u00edsticas topogr\u00e1ficas, se dispar\u00f3 el potencial del incendio simulado como consecuencia de la proyecci\u00f3n de pavesas en derredor, generaci\u00f3n de focos secundarios de fuego, extensi\u00f3n sobre n\u00facleos urbanos del humo y efectos en diversas infraestructuras de las llamas, hasta elevar la situaci\u00f3n operativa a un nivel 2 con el consiguiente traspaso del mando de las operaciones frente al siniestro de interfaz (urbano-forestal) y paralela solicitud de medios en refuerzo como la activaci\u00f3n de los recursos de Eirif y UME.<\/div>\n<div class=\"x_elementToProof\"><\/div>\n<div class=\"x_elementToProof\">A lo largo de esta segunda fase, precisamente, se enviaron varios mensajes de aviso a la poblaci\u00f3n por telefon\u00eda m\u00f3vil a trav\u00e9s del sistema ES-Alert con diferentes medidas para la protecci\u00f3n (evacuaci\u00f3n o confinamiento) de habitantes y animales de Moya, aunque la situaci\u00f3n elevada de las antenas repetidoras en el t\u00e9rmino municipal extendi\u00f3 los pitidos a Firgas, Santa Mar\u00eda de Gu\u00eda, Valleseco, G\u00e1ldar y Arucas e incluso pudieron recibirse en Agaete, San Mateo, Santa Br\u00edgida, Tejeda, Artenara y Las Palmas de Gran Canaria.<\/div>\n<div class=\"x_elementToProof\"><\/div>\n<div class=\"x_elementToProof\">En concreto, se procedi\u00f3 a la evacuaci\u00f3n del vecindario del n\u00facleo de La Cordillera y al confinamiento de m\u00e1s de 300 personas en las zonas de Trujillo, El Front\u00f3n, Carreras, El Brecito, Carreter\u00eda, El Lance, El Palo, V\u00ednculo de Sol\u00eds y casco urbano de Moya, junto al alumnado de cuatro centros educativos y de personas usuarias de los centros de salud y de d\u00eda del municipio norte\u00f1o.<\/div>\n<div class=\"x_elementToProof\"><\/div>\n<div class=\"x_elementToProof\">Mediante el internamiento del CEIP Agust\u00edn Hern\u00e1ndez D\u00edaz, CEIP Front\u00f3n, CEIP Trujillo e IES Doramas, alrededor de 600 estudiantes de infantil a secundaria aprovecharon para practicar los protocolos de actuaci\u00f3n ante una posible emergencia y recibir una charla de formaci\u00f3n sobre incendios forestales por parte de personal t\u00e9cnico de Protecci\u00f3n Civil.<\/div>\n<div class=\"x_elementToProof\"><\/div>\n<div class=\"x_elementToProof\">Durante una tercera fase, el momento m\u00e1s cr\u00edtico de la emergencia, apenas se experimentaron variaciones meteorol\u00f3gicas, pero el incendio se desarroll\u00f3 al bifurcarse en los nudos de barranco y ampliar su \u00e1mbito de actuaci\u00f3n, con frentes principales fuera de capacidad de extinci\u00f3n, paveseo intenso y m\u00faltiples focos, expansi\u00f3n del \u00e1rea afectada por el humo y llamas largas en los finales de carrera, por lo que se continu\u00f3 con la respuesta operativa de medios desplegados desde la etapa anterior, pero con una mayor dimensi\u00f3n para afrontar el aumento de la magnitud y complejidad de la emergencia.<\/div>\n<div class=\"x_elementToProof\"><\/div>\n<div class=\"x_elementToProof\">En una \u00faltima fase, la hipot\u00e9tica mejora de las condiciones meteorol\u00f3gicas (menores viento y temperatura junto a mayor humedad con precipitaciones d\u00e9biles) en combinaci\u00f3n con el despliegue de recursos contraincendios permiti\u00f3 la atenuaci\u00f3n progresiva de la actividad del fuego hasta su decaimiento general, por lo que se desarroll\u00f3 la desescalada de la emergencia y la finalizaci\u00f3n del simulacro.<\/div>\n<div class=\"x_elementToProof\"><\/div>\n<div class=\"x_elementToProof\"><strong>Otras actividades<\/strong><\/div>\n<div class=\"x_elementToProof\"><\/div>\n<div class=\"x_elementToProof\">El calendario comenz\u00f3 la tarde del lunes 27 de abril en la Casa de la Cultura con unas charlas de autoprotecci\u00f3n por parte del personal t\u00e9cnico de la Direcci\u00f3n General de Emergencias, CECOES 112, del Cabildo de Gran Canaria y del consistorio municipal para la poblaci\u00f3n del municipio norte\u00f1o mediante el an\u00e1lisis del comportamiento de un incendio forestal y las recomendaciones de actuaci\u00f3n ante diferentes circunstancias, poniendo especial \u00e9nfasis en las medidas de autoprotecci\u00f3n y prevenci\u00f3n.<\/div>\n<div class=\"x_elementToProof\"><\/div>\n<div class=\"x_elementToProof\">Durante la jornada siguiente, martes 28 de abril, se instal\u00f3 desde las 08:30 horas una exposici\u00f3n de medios de emergencia regionales, insulares, locales y estatales en el parque el Pico Lomito para su visita explicativa por turnos al alumnado de los centros educativos de diferentes niveles del municipio, desde primaria a secundaria.<\/div>\n<div class=\"x_elementToProof\"><\/div>\n<div class=\"x_elementToProof\">Recursos audiovisuales disponibles en\u00a0<a id=\"OWA2459639a-0cfb-8b10-ff86-1c6a3ca7dcd7\" class=\"x_OWAAutoLink\" title=\"Direcci\u00f3n URL original: https:\/\/www.acfipress.com\/tv\/2026-04-29\/moya-el-gobierno-canario-coordina-un-simulacro-de-incendio-forestal-recursos-y-4-totales. Haga clic o pulse si conf\u00eda en este v\u00ednculo.\" href=\"https:\/\/eur02.safelinks.protection.outlook.com\/?url=https%3A%2F%2Fwww.acfipress.com%2Ftv%2F2026-04-29%2Fmoya-el-gobierno-canario-coordina-un-simulacro-de-incendio-forestal-recursos-y-4-totales&amp;data=05%7C02%7Clotero%40gsccanarias.com%7C8b67dc9d46884ab4e05108dea5ef7271%7C9080888e18d84dbf9c4ca89ab2a826b9%7C0%7C0%7C639130645150882675%7CUnknown%7CTWFpbGZsb3d8eyJFbXB0eU1hcGkiOnRydWUsIlYiOiIwLjAuMDAwMCIsIlAiOiJXaW4zMiIsIkFOIjoiTWFpbCIsIldUIjoyfQ%3D%3D%7C0%7C%7C%7C&amp;sdata=7WQYZPnv%2Bw2JbHM7MvD%2BLPJ%2F5wAQrUD05e4Ka7eauyE%3D&amp;reserved=0\" target=\"_blank\" rel=\"noopener noreferrer\" data-auth=\"NotApplicable\" data-linkindex=\"0\"><u>https:\/\/www.acfipress.com\/tv\/2026-04-29\/moya-el-gobierno-canario-coordina-un-simulacro-de-incendio-forestal-recursos-y-4-totales<\/u><\/a><\/div>\n<div class=\"x_elementToProof\"><\/div>\n<div class=\"pvc_clear\"><\/div>\n<p id=\"pvc_stats_19061\" class=\"pvc_stats all  \" data-element-id=\"19061\" style=\"\"><i class=\"pvc-stats-icon medium\" aria-hidden=\"true\"><svg aria-hidden=\"true\" focusable=\"false\" data-prefix=\"far\" data-icon=\"chart-bar\" role=\"img\" xmlns=\"http:\/\/www.w3.org\/2000\/svg\" viewBox=\"0 0 512 512\" class=\"svg-inline--fa fa-chart-bar fa-w-16 fa-2x\"><path fill=\"currentColor\" d=\"M396.8 352h22.4c6.4 0 12.8-6.4 12.8-12.8V108.8c0-6.4-6.4-12.8-12.8-12.8h-22.4c-6.4 0-12.8 6.4-12.8 12.8v230.4c0 6.4 6.4 12.8 12.8 12.8zm-192 0h22.4c6.4 0 12.8-6.4 12.8-12.8V140.8c0-6.4-6.4-12.8-12.8-12.8h-22.4c-6.4 0-12.8 6.4-12.8 12.8v198.4c0 6.4 6.4 12.8 12.8 12.8zm96 0h22.4c6.4 0 12.8-6.4 12.8-12.8V204.8c0-6.4-6.4-12.8-12.8-12.8h-22.4c-6.4 0-12.8 6.4-12.8 12.8v134.4c0 6.4 6.4 12.8 12.8 12.8zM496 400H48V80c0-8.84-7.16-16-16-16H16C7.16 64 0 71.16 0 80v336c0 17.67 14.33 32 32 32h464c8.84 0 16-7.16 16-16v-16c0-8.84-7.16-16-16-16zm-387.2-48h22.4c6.4 0 12.8-6.4 12.8-12.8v-70.4c0-6.4-6.4-12.8-12.8-12.8h-22.4c-6.4 0-12.8 6.4-12.8 12.8v70.4c0 6.4 6.4 12.8 12.8 12.8z\" class=\"\"><\/path><\/svg><\/i> <\/p>\n<div class=\"pvc_clear\"><\/div>\n<div class=\"print\"><span class=\"page_title\">P\u00e1gina: <span>M\u00e1s de 150 efectivos act\u00faan en un simulacro de incendio forestal en Moya coordinado por el Gobierno de Canarias<\/span><\/span>\n\t\t\t\t\t\t\t\t\t\t\t<span class=\"page_title\">Fecha de impresi\u00f3n: <span>30\/04\/2026 - 07:37:51 UTC<\/span><\/span>\n\t\t\t\t\t\t\t\t\t\t\t<span class=\"stmp_trans_date\">\u00daltima actualizaci\u00f3n: <span>29\/04\/2026 - 14:33:56<\/span><\/span>\n\t\t\t\t\t\t\t\t\t\t\t<span class=\"stmp_trans_date\">Fecha publicaci\u00f3n: <span>29\/04\/2026 - 14:33:56<\/span><\/span>\n\t\t\t\t\t\t\t\t\t\t\t<span class=\"stmp_trans_date\">Fecha creaci\u00f3n: <span>29\/04\/2026 - 14:33:56<\/span><\/span><\/div>\n\t","protected":false},"excerpt":{"rendered":"<p>El ejercicio cierra tres jornadas de actividades de la Direcci\u00f3n General de Emergencias junto al Cabildo de Gran Canaria y el Ayuntamiento de Moya para la prevenci\u00f3n ciudadana y la coordinaci\u00f3n administrativa El ensayo incluye el env\u00edo de mensajes a la poblaci\u00f3n mediante el sistema&#8230;<\/p>\n<div class=\"pvc_clear\"><\/div>\n<p id=\"pvc_stats_19061\" class=\"pvc_stats all  \" data-element-id=\"19061\" style=\"\"><i class=\"pvc-stats-icon medium\" aria-hidden=\"true\"><svg aria-hidden=\"true\" focusable=\"false\" data-prefix=\"far\" data-icon=\"chart-bar\" role=\"img\" xmlns=\"http:\/\/www.w3.org\/2000\/svg\" viewBox=\"0 0 512 512\" class=\"svg-inline--fa fa-chart-bar fa-w-16 fa-2x\"><path fill=\"currentColor\" d=\"M396.8 352h22.4c6.4 0 12.8-6.4 12.8-12.8V108.8c0-6.4-6.4-12.8-12.8-12.8h-22.4c-6.4 0-12.8 6.4-12.8 12.8v230.4c0 6.4 6.4 12.8 12.8 12.8zm-192 0h22.4c6.4 0 12.8-6.4 12.8-12.8V140.8c0-6.4-6.4-12.8-12.8-12.8h-22.4c-6.4 0-12.8 6.4-12.8 12.8v198.4c0 6.4 6.4 12.8 12.8 12.8zm96 0h22.4c6.4 0 12.8-6.4 12.8-12.8V204.8c0-6.4-6.4-12.8-12.8-12.8h-22.4c-6.4 0-12.8 6.4-12.8 12.8v134.4c0 6.4 6.4 12.8 12.8 12.8zM496 400H48V80c0-8.84-7.16-16-16-16H16C7.16 64 0 71.16 0 80v336c0 17.67 14.33 32 32 32h464c8.84 0 16-7.16 16-16v-16c0-8.84-7.16-16-16-16zm-387.2-48h22.4c6.4 0 12.8-6.4 12.8-12.8v-70.4c0-6.4-6.4-12.8-12.8-12.8h-22.4c-6.4 0-12.8 6.4-12.8 12.8v70.4c0 6.4 6.4 12.8 12.8 12.8z\" class=\"\"><\/path><\/svg><\/i> <img loading=\"lazy\" decoding=\"async\" width=\"16\" height=\"16\" alt=\"Loading\" src=\"https:\/\/www.gsccanarias.com\/gsc\/wp-content\/plugins\/page-views-count\/ajax-loader-2x.gif\" border=0 \/><\/p>\n<div class=\"pvc_clear\"><\/div>\n","protected":false},"author":2,"featured_media":19062,"comment_status":"closed","ping_status":"open","sticky":false,"template":"","format":"standard","meta":{"footnotes":""},"categories":[35,36],"tags":[],"class_list":["post-19061","post","type-post","status-publish","format-standard","has-post-thumbnail","hentry","category-noticias","category-ultimas-noticias"],"a3_pvc":{"activated":true,"total_views":4,"today_views":0},"yoast_head":"<!-- This site is optimized with the Yoast SEO plugin v27.5 - https:\/\/yoast.com\/product\/yoast-seo-wordpress\/ -->\n<title>M\u00e1s de 150 efectivos act\u00faan en un simulacro de incendio forestal en Moya coordinado por el Gobierno de Canarias - GSC<\/title>\n<meta name=\"robots\" content=\"index, follow, max-snippet:-1, max-image-preview:large, max-video-preview:-1\" \/>\n<link rel=\"canonical\" href=\"https:\/\/www.gsccanarias.com\/gsc\/mas-de-150-efectivos-actuan-en-un-simulacro-de-incendio-forestal-en-moya-coordinado-por-el-gobierno-de-canarias\/\" \/>\n<meta property=\"og:locale\" content=\"es_ES\" \/>\n<meta property=\"og:type\" content=\"article\" \/>\n<meta property=\"og:title\" content=\"M\u00e1s de 150 efectivos act\u00faan en un simulacro de incendio forestal en Moya coordinado por el Gobierno de Canarias - GSC\" \/>\n<meta property=\"og:description\" content=\"El ejercicio cierra tres jornadas de actividades de la Direcci\u00f3n General de Emergencias junto al Cabildo de Gran Canaria y el Ayuntamiento de Moya para la prevenci\u00f3n ciudadana y la coordinaci\u00f3n administrativa El ensayo incluye el env\u00edo de mensajes a la poblaci\u00f3n mediante el sistema...\" \/>\n<meta property=\"og:url\" content=\"https:\/\/www.gsccanarias.com\/gsc\/mas-de-150-efectivos-actuan-en-un-simulacro-de-incendio-forestal-en-moya-coordinado-por-el-gobierno-de-canarias\/\" \/>\n<meta property=\"og:site_name\" content=\"GSC\" \/>\n<meta property=\"article:published_time\" content=\"2026-04-29T14:33:56+00:00\" \/>\n<meta property=\"og:image\" content=\"https:\/\/www.gsccanarias.com\/gsc\/wp-content\/uploads\/2026\/04\/20260429-Simulacro-incendio-Moya-2.jpeg\" \/>\n\t<meta property=\"og:image:width\" content=\"1600\" \/>\n\t<meta property=\"og:image:height\" content=\"1200\" \/>\n\t<meta property=\"og:image:type\" content=\"image\/jpeg\" \/>\n<meta name=\"author\" content=\"Laura Otero Bautista\" \/>\n<meta name=\"twitter:card\" content=\"summary_large_image\" \/>\n<meta name=\"twitter:label1\" content=\"Escrito por\" \/>\n\t<meta name=\"twitter:data1\" content=\"Laura Otero Bautista\" \/>\n\t<meta name=\"twitter:label2\" content=\"Tiempo de lectura\" \/>\n\t<meta name=\"twitter:data2\" content=\"7 minutos\" \/>\n<script type=\"application\/ld+json\" class=\"yoast-schema-graph\">{\"@context\":\"https:\\\/\\\/schema.org\",\"@graph\":[{\"@type\":\"Article\",\"@id\":\"https:\\\/\\\/www.gsccanarias.com\\\/gsc\\\/mas-de-150-efectivos-actuan-en-un-simulacro-de-incendio-forestal-en-moya-coordinado-por-el-gobierno-de-canarias\\\/#article\",\"isPartOf\":{\"@id\":\"https:\\\/\\\/www.gsccanarias.com\\\/gsc\\\/mas-de-150-efectivos-actuan-en-un-simulacro-de-incendio-forestal-en-moya-coordinado-por-el-gobierno-de-canarias\\\/\"},\"author\":{\"name\":\"Laura Otero Bautista\",\"@id\":\"https:\\\/\\\/www.gsccanarias.com\\\/gsc\\\/#\\\/schema\\\/person\\\/b8c013c501758bed823e398f9867c23b\"},\"headline\":\"M\u00e1s de 150 efectivos act\u00faan en un simulacro de incendio forestal en Moya coordinado por el Gobierno de Canarias\",\"datePublished\":\"2026-04-29T14:33:56+00:00\",\"mainEntityOfPage\":{\"@id\":\"https:\\\/\\\/www.gsccanarias.com\\\/gsc\\\/mas-de-150-efectivos-actuan-en-un-simulacro-de-incendio-forestal-en-moya-coordinado-por-el-gobierno-de-canarias\\\/\"},\"wordCount\":1506,\"image\":{\"@id\":\"https:\\\/\\\/www.gsccanarias.com\\\/gsc\\\/mas-de-150-efectivos-actuan-en-un-simulacro-de-incendio-forestal-en-moya-coordinado-por-el-gobierno-de-canarias\\\/#primaryimage\"},\"thumbnailUrl\":\"https:\\\/\\\/www.gsccanarias.com\\\/gsc\\\/wp-content\\\/uploads\\\/2026\\\/04\\\/20260429-Simulacro-incendio-Moya-2.jpeg\",\"articleSection\":[\"Noticias\",\"\u00daltimas noticias\"],\"inLanguage\":\"es\"},{\"@type\":\"WebPage\",\"@id\":\"https:\\\/\\\/www.gsccanarias.com\\\/gsc\\\/mas-de-150-efectivos-actuan-en-un-simulacro-de-incendio-forestal-en-moya-coordinado-por-el-gobierno-de-canarias\\\/\",\"url\":\"https:\\\/\\\/www.gsccanarias.com\\\/gsc\\\/mas-de-150-efectivos-actuan-en-un-simulacro-de-incendio-forestal-en-moya-coordinado-por-el-gobierno-de-canarias\\\/\",\"name\":\"M\u00e1s de 150 efectivos act\u00faan en un simulacro de incendio forestal en Moya coordinado por el Gobierno de Canarias - GSC\",\"isPartOf\":{\"@id\":\"https:\\\/\\\/www.gsccanarias.com\\\/gsc\\\/#website\"},\"primaryImageOfPage\":{\"@id\":\"https:\\\/\\\/www.gsccanarias.com\\\/gsc\\\/mas-de-150-efectivos-actuan-en-un-simulacro-de-incendio-forestal-en-moya-coordinado-por-el-gobierno-de-canarias\\\/#primaryimage\"},\"image\":{\"@id\":\"https:\\\/\\\/www.gsccanarias.com\\\/gsc\\\/mas-de-150-efectivos-actuan-en-un-simulacro-de-incendio-forestal-en-moya-coordinado-por-el-gobierno-de-canarias\\\/#primaryimage\"},\"thumbnailUrl\":\"https:\\\/\\\/www.gsccanarias.com\\\/gsc\\\/wp-content\\\/uploads\\\/2026\\\/04\\\/20260429-Simulacro-incendio-Moya-2.jpeg\",\"datePublished\":\"2026-04-29T14:33:56+00:00\",\"author\":{\"@id\":\"https:\\\/\\\/www.gsccanarias.com\\\/gsc\\\/#\\\/schema\\\/person\\\/b8c013c501758bed823e398f9867c23b\"},\"breadcrumb\":{\"@id\":\"https:\\\/\\\/www.gsccanarias.com\\\/gsc\\\/mas-de-150-efectivos-actuan-en-un-simulacro-de-incendio-forestal-en-moya-coordinado-por-el-gobierno-de-canarias\\\/#breadcrumb\"},\"inLanguage\":\"es\",\"potentialAction\":[{\"@type\":\"ReadAction\",\"target\":[\"https:\\\/\\\/www.gsccanarias.com\\\/gsc\\\/mas-de-150-efectivos-actuan-en-un-simulacro-de-incendio-forestal-en-moya-coordinado-por-el-gobierno-de-canarias\\\/\"]}]},{\"@type\":\"ImageObject\",\"inLanguage\":\"es\",\"@id\":\"https:\\\/\\\/www.gsccanarias.com\\\/gsc\\\/mas-de-150-efectivos-actuan-en-un-simulacro-de-incendio-forestal-en-moya-coordinado-por-el-gobierno-de-canarias\\\/#primaryimage\",\"url\":\"https:\\\/\\\/www.gsccanarias.com\\\/gsc\\\/wp-content\\\/uploads\\\/2026\\\/04\\\/20260429-Simulacro-incendio-Moya-2.jpeg\",\"contentUrl\":\"https:\\\/\\\/www.gsccanarias.com\\\/gsc\\\/wp-content\\\/uploads\\\/2026\\\/04\\\/20260429-Simulacro-incendio-Moya-2.jpeg\",\"width\":1600,\"height\":1200},{\"@type\":\"BreadcrumbList\",\"@id\":\"https:\\\/\\\/www.gsccanarias.com\\\/gsc\\\/mas-de-150-efectivos-actuan-en-un-simulacro-de-incendio-forestal-en-moya-coordinado-por-el-gobierno-de-canarias\\\/#breadcrumb\",\"itemListElement\":[{\"@type\":\"ListItem\",\"position\":1,\"name\":\"Portada\",\"item\":\"https:\\\/\\\/www.gsccanarias.com\\\/gsc\\\/\"},{\"@type\":\"ListItem\",\"position\":2,\"name\":\"M\u00e1s de 150 efectivos act\u00faan en un simulacro de incendio forestal en Moya coordinado por el Gobierno de Canarias\"}]},{\"@type\":\"WebSite\",\"@id\":\"https:\\\/\\\/www.gsccanarias.com\\\/gsc\\\/#website\",\"url\":\"https:\\\/\\\/www.gsccanarias.com\\\/gsc\\\/\",\"name\":\"GSC\",\"description\":\"Administramos servicios relacionados con la salud, las emergencias, la seguridad y el transporte sanitario\",\"potentialAction\":[{\"@type\":\"SearchAction\",\"target\":{\"@type\":\"EntryPoint\",\"urlTemplate\":\"https:\\\/\\\/www.gsccanarias.com\\\/gsc\\\/?s={search_term_string}\"},\"query-input\":{\"@type\":\"PropertyValueSpecification\",\"valueRequired\":true,\"valueName\":\"search_term_string\"}}],\"inLanguage\":\"es\"},{\"@type\":\"Person\",\"@id\":\"https:\\\/\\\/www.gsccanarias.com\\\/gsc\\\/#\\\/schema\\\/person\\\/b8c013c501758bed823e398f9867c23b\",\"name\":\"Laura Otero Bautista\",\"image\":{\"@type\":\"ImageObject\",\"inLanguage\":\"es\",\"@id\":\"https:\\\/\\\/secure.gravatar.com\\\/avatar\\\/489330f16359973f16321af73ed16e79f9acbd1694d0b94d73f3dfdd0c25646d?s=96&d=mm&r=g\",\"url\":\"https:\\\/\\\/secure.gravatar.com\\\/avatar\\\/489330f16359973f16321af73ed16e79f9acbd1694d0b94d73f3dfdd0c25646d?s=96&d=mm&r=g\",\"contentUrl\":\"https:\\\/\\\/secure.gravatar.com\\\/avatar\\\/489330f16359973f16321af73ed16e79f9acbd1694d0b94d73f3dfdd0c25646d?s=96&d=mm&r=g\",\"caption\":\"Laura Otero Bautista\"},\"url\":\"https:\\\/\\\/www.gsccanarias.com\\\/gsc\\\/author\\\/laura\\\/\"}]}<\/script>\n<!-- \/ Yoast SEO plugin. -->","yoast_head_json":{"title":"M\u00e1s de 150 efectivos act\u00faan en un simulacro de incendio forestal en Moya coordinado por el Gobierno de Canarias - GSC","robots":{"index":"index","follow":"follow","max-snippet":"max-snippet:-1","max-image-preview":"max-image-preview:large","max-video-preview":"max-video-preview:-1"},"canonical":"https:\/\/www.gsccanarias.com\/gsc\/mas-de-150-efectivos-actuan-en-un-simulacro-de-incendio-forestal-en-moya-coordinado-por-el-gobierno-de-canarias\/","og_locale":"es_ES","og_type":"article","og_title":"M\u00e1s de 150 efectivos act\u00faan en un simulacro de incendio forestal en Moya coordinado por el Gobierno de Canarias - GSC","og_description":"El ejercicio cierra tres jornadas de actividades de la Direcci\u00f3n General de Emergencias junto al Cabildo de Gran Canaria y el Ayuntamiento de Moya para la prevenci\u00f3n ciudadana y la coordinaci\u00f3n administrativa El ensayo incluye el env\u00edo de mensajes a la poblaci\u00f3n mediante el sistema...","og_url":"https:\/\/www.gsccanarias.com\/gsc\/mas-de-150-efectivos-actuan-en-un-simulacro-de-incendio-forestal-en-moya-coordinado-por-el-gobierno-de-canarias\/","og_site_name":"GSC","article_published_time":"2026-04-29T14:33:56+00:00","og_image":[{"width":1600,"height":1200,"url":"https:\/\/www.gsccanarias.com\/gsc\/wp-content\/uploads\/2026\/04\/20260429-Simulacro-incendio-Moya-2.jpeg","type":"image\/jpeg"}],"author":"Laura Otero Bautista","twitter_card":"summary_large_image","twitter_misc":{"Escrito por":"Laura Otero Bautista","Tiempo de lectura":"7 minutos"},"schema":{"@context":"https:\/\/schema.org","@graph":[{"@type":"Article","@id":"https:\/\/www.gsccanarias.com\/gsc\/mas-de-150-efectivos-actuan-en-un-simulacro-de-incendio-forestal-en-moya-coordinado-por-el-gobierno-de-canarias\/#article","isPartOf":{"@id":"https:\/\/www.gsccanarias.com\/gsc\/mas-de-150-efectivos-actuan-en-un-simulacro-de-incendio-forestal-en-moya-coordinado-por-el-gobierno-de-canarias\/"},"author":{"name":"Laura Otero Bautista","@id":"https:\/\/www.gsccanarias.com\/gsc\/#\/schema\/person\/b8c013c501758bed823e398f9867c23b"},"headline":"M\u00e1s de 150 efectivos act\u00faan en un simulacro de incendio forestal en Moya coordinado por el Gobierno de Canarias","datePublished":"2026-04-29T14:33:56+00:00","mainEntityOfPage":{"@id":"https:\/\/www.gsccanarias.com\/gsc\/mas-de-150-efectivos-actuan-en-un-simulacro-de-incendio-forestal-en-moya-coordinado-por-el-gobierno-de-canarias\/"},"wordCount":1506,"image":{"@id":"https:\/\/www.gsccanarias.com\/gsc\/mas-de-150-efectivos-actuan-en-un-simulacro-de-incendio-forestal-en-moya-coordinado-por-el-gobierno-de-canarias\/#primaryimage"},"thumbnailUrl":"https:\/\/www.gsccanarias.com\/gsc\/wp-content\/uploads\/2026\/04\/20260429-Simulacro-incendio-Moya-2.jpeg","articleSection":["Noticias","\u00daltimas noticias"],"inLanguage":"es"},{"@type":"WebPage","@id":"https:\/\/www.gsccanarias.com\/gsc\/mas-de-150-efectivos-actuan-en-un-simulacro-de-incendio-forestal-en-moya-coordinado-por-el-gobierno-de-canarias\/","url":"https:\/\/www.gsccanarias.com\/gsc\/mas-de-150-efectivos-actuan-en-un-simulacro-de-incendio-forestal-en-moya-coordinado-por-el-gobierno-de-canarias\/","name":"M\u00e1s de 150 efectivos act\u00faan en un simulacro de incendio forestal en Moya coordinado por el Gobierno de Canarias - GSC","isPartOf":{"@id":"https:\/\/www.gsccanarias.com\/gsc\/#website"},"primaryImageOfPage":{"@id":"https:\/\/www.gsccanarias.com\/gsc\/mas-de-150-efectivos-actuan-en-un-simulacro-de-incendio-forestal-en-moya-coordinado-por-el-gobierno-de-canarias\/#primaryimage"},"image":{"@id":"https:\/\/www.gsccanarias.com\/gsc\/mas-de-150-efectivos-actuan-en-un-simulacro-de-incendio-forestal-en-moya-coordinado-por-el-gobierno-de-canarias\/#primaryimage"},"thumbnailUrl":"https:\/\/www.gsccanarias.com\/gsc\/wp-content\/uploads\/2026\/04\/20260429-Simulacro-incendio-Moya-2.jpeg","datePublished":"2026-04-29T14:33:56+00:00","author":{"@id":"https:\/\/www.gsccanarias.com\/gsc\/#\/schema\/person\/b8c013c501758bed823e398f9867c23b"},"breadcrumb":{"@id":"https:\/\/www.gsccanarias.com\/gsc\/mas-de-150-efectivos-actuan-en-un-simulacro-de-incendio-forestal-en-moya-coordinado-por-el-gobierno-de-canarias\/#breadcrumb"},"inLanguage":"es","potentialAction":[{"@type":"ReadAction","target":["https:\/\/www.gsccanarias.com\/gsc\/mas-de-150-efectivos-actuan-en-un-simulacro-de-incendio-forestal-en-moya-coordinado-por-el-gobierno-de-canarias\/"]}]},{"@type":"ImageObject","inLanguage":"es","@id":"https:\/\/www.gsccanarias.com\/gsc\/mas-de-150-efectivos-actuan-en-un-simulacro-de-incendio-forestal-en-moya-coordinado-por-el-gobierno-de-canarias\/#primaryimage","url":"https:\/\/www.gsccanarias.com\/gsc\/wp-content\/uploads\/2026\/04\/20260429-Simulacro-incendio-Moya-2.jpeg","contentUrl":"https:\/\/www.gsccanarias.com\/gsc\/wp-content\/uploads\/2026\/04\/20260429-Simulacro-incendio-Moya-2.jpeg","width":1600,"height":1200},{"@type":"BreadcrumbList","@id":"https:\/\/www.gsccanarias.com\/gsc\/mas-de-150-efectivos-actuan-en-un-simulacro-de-incendio-forestal-en-moya-coordinado-por-el-gobierno-de-canarias\/#breadcrumb","itemListElement":[{"@type":"ListItem","position":1,"name":"Portada","item":"https:\/\/www.gsccanarias.com\/gsc\/"},{"@type":"ListItem","position":2,"name":"M\u00e1s de 150 efectivos act\u00faan en un simulacro de incendio forestal en Moya coordinado por el Gobierno de Canarias"}]},{"@type":"WebSite","@id":"https:\/\/www.gsccanarias.com\/gsc\/#website","url":"https:\/\/www.gsccanarias.com\/gsc\/","name":"GSC","description":"Administramos servicios relacionados con la salud, las emergencias, la seguridad y el transporte sanitario","potentialAction":[{"@type":"SearchAction","target":{"@type":"EntryPoint","urlTemplate":"https:\/\/www.gsccanarias.com\/gsc\/?s={search_term_string}"},"query-input":{"@type":"PropertyValueSpecification","valueRequired":true,"valueName":"search_term_string"}}],"inLanguage":"es"},{"@type":"Person","@id":"https:\/\/www.gsccanarias.com\/gsc\/#\/schema\/person\/b8c013c501758bed823e398f9867c23b","name":"Laura Otero Bautista","image":{"@type":"ImageObject","inLanguage":"es","@id":"https:\/\/secure.gravatar.com\/avatar\/489330f16359973f16321af73ed16e79f9acbd1694d0b94d73f3dfdd0c25646d?s=96&d=mm&r=g","url":"https:\/\/secure.gravatar.com\/avatar\/489330f16359973f16321af73ed16e79f9acbd1694d0b94d73f3dfdd0c25646d?s=96&d=mm&r=g","contentUrl":"https:\/\/secure.gravatar.com\/avatar\/489330f16359973f16321af73ed16e79f9acbd1694d0b94d73f3dfdd0c25646d?s=96&d=mm&r=g","caption":"Laura Otero Bautista"},"url":"https:\/\/www.gsccanarias.com\/gsc\/author\/laura\/"}]}},"publishpress_future_workflow_manual_trigger":{"enabledWorkflows":[]},"_links":{"self":[{"href":"https:\/\/www.gsccanarias.com\/gsc\/wp-json\/wp\/v2\/posts\/19061","targetHints":{"allow":["GET"]}}],"collection":[{"href":"https:\/\/www.gsccanarias.com\/gsc\/wp-json\/wp\/v2\/posts"}],"about":[{"href":"https:\/\/www.gsccanarias.com\/gsc\/wp-json\/wp\/v2\/types\/post"}],"author":[{"embeddable":true,"href":"https:\/\/www.gsccanarias.com\/gsc\/wp-json\/wp\/v2\/users\/2"}],"replies":[{"embeddable":true,"href":"https:\/\/www.gsccanarias.com\/gsc\/wp-json\/wp\/v2\/comments?post=19061"}],"version-history":[{"count":1,"href":"https:\/\/www.gsccanarias.com\/gsc\/wp-json\/wp\/v2\/posts\/19061\/revisions"}],"predecessor-version":[{"id":19063,"href":"https:\/\/www.gsccanarias.com\/gsc\/wp-json\/wp\/v2\/posts\/19061\/revisions\/19063"}],"wp:featuredmedia":[{"embeddable":true,"href":"https:\/\/www.gsccanarias.com\/gsc\/wp-json\/wp\/v2\/media\/19062"}],"wp:attachment":[{"href":"https:\/\/www.gsccanarias.com\/gsc\/wp-json\/wp\/v2\/media?parent=19061"}],"wp:term":[{"taxonomy":"category","embeddable":true,"href":"https:\/\/www.gsccanarias.com\/gsc\/wp-json\/wp\/v2\/categories?post=19061"},{"taxonomy":"post_tag","embeddable":true,"href":"https:\/\/www.gsccanarias.com\/gsc\/wp-json\/wp\/v2\/tags?post=19061"}],"curies":[{"name":"wp","href":"https:\/\/api.w.org\/{rel}","templated":true}]}}