{"id":19035,"date":"2026-04-24T11:40:11","date_gmt":"2026-04-24T11:40:11","guid":{"rendered":"https:\/\/www.gsccanarias.com\/gsc\/?p=19035"},"modified":"2026-04-24T11:40:11","modified_gmt":"2026-04-24T11:40:11","slug":"el-112-canarias-participa-en-la-formacion-de-trabajadores-en-el-dia-de-la-seguridad-de-la-compania-cervecera","status":"publish","type":"post","link":"https:\/\/www.gsccanarias.com\/gsc\/el-112-canarias-participa-en-la-formacion-de-trabajadores-en-el-dia-de-la-seguridad-de-la-compania-cervecera\/","title":{"rendered":"El 112 Canarias participa en la formaci\u00f3n de trabajadores en el \u2018D\u00eda de la seguridad\u2019 de la Compa\u00f1\u00eda Cervecera"},"content":{"rendered":"<blockquote><p>Su director explic\u00f3 la labor del servicio y c\u00f3mo alertar de forma eficaz ante una situaci\u00f3n de emergencia en sus instalaciones<\/p><\/blockquote>\n<p>El director del 112 Canarias, Mois\u00e9s S\u00e1nchez, imparti\u00f3 esta ma\u00f1ana una charla formativa, destinada a los trabajadores de la Compa\u00f1\u00eda Cervecera de Canarias, en la que explic\u00f3 la labor del Centro Coordinador de Emergencias y Seguridad (CECOES) 112 Canarias, dependiente de la Consejer\u00eda de Pol\u00edtica Territorial, Cohesi\u00f3n Territorial y Aguas del Gobierno de Canarias, y c\u00f3mo alertar correctamente ante una situaci\u00f3n de emergencia, puesto que facilitar informaci\u00f3n completa de lo que ocurre, contribuye a movilizar los recursos adecuados m\u00e1s r\u00e1pidamente.<\/p>\n<p>En su intervenci\u00f3n coment\u00f3 tambi\u00e9n la diferencia que existe entre las declaraciones del \u00a0Protecci\u00f3n Civil relacionadas con fen\u00f3menos meteorol\u00f3gicos adversos (prealerta, alerta y alerta m\u00e1xima) y los avisos de la AEMET, que se representan mediante colores.<\/p>\n<p>Esta actividad se enmarca en una jornada formativa celebrada con motivo del \u2018D\u00eda de la Seguridad\u2019 de la compa\u00f1\u00eda. En este sentido, su jefe de la f\u00e1brica de Santa Cruz de Tenerife, Enrique Guti\u00e9rrez, destac\u00f3 que \u201clos empleados han podido conocer, de primera mano, la labor del 112 Canarias con el fin de poner en com\u00fan las l\u00edneas de actuaci\u00f3n seguidas ante casos de emergencias, lo que permite, adem\u00e1s, generar sinergias de cara al desarrollo de los protocolos de actuaci\u00f3n con los que ya contamos\u201d.<\/p>\n<p>S\u00e1nchez destac\u00f3 que con estas acciones se intenta trasladar a la poblaci\u00f3n en general y a los empleados de esta f\u00e1brica en particular, que la seguridad empieza en nosotros mismos y que con nuestra forma de actuar podemos contribuir al sistema de Protecci\u00f3n Civil, del que todos formamos parte.<\/p>\n<p>&nbsp;<\/p>\n<div class=\"pvc_clear\"><\/div>\n<p id=\"pvc_stats_19035\" class=\"pvc_stats all  \" data-element-id=\"19035\" style=\"\"><i class=\"pvc-stats-icon medium\" aria-hidden=\"true\"><svg aria-hidden=\"true\" focusable=\"false\" data-prefix=\"far\" data-icon=\"chart-bar\" role=\"img\" xmlns=\"http:\/\/www.w3.org\/2000\/svg\" viewBox=\"0 0 512 512\" class=\"svg-inline--fa fa-chart-bar fa-w-16 fa-2x\"><path fill=\"currentColor\" d=\"M396.8 352h22.4c6.4 0 12.8-6.4 12.8-12.8V108.8c0-6.4-6.4-12.8-12.8-12.8h-22.4c-6.4 0-12.8 6.4-12.8 12.8v230.4c0 6.4 6.4 12.8 12.8 12.8zm-192 0h22.4c6.4 0 12.8-6.4 12.8-12.8V140.8c0-6.4-6.4-12.8-12.8-12.8h-22.4c-6.4 0-12.8 6.4-12.8 12.8v198.4c0 6.4 6.4 12.8 12.8 12.8zm96 0h22.4c6.4 0 12.8-6.4 12.8-12.8V204.8c0-6.4-6.4-12.8-12.8-12.8h-22.4c-6.4 0-12.8 6.4-12.8 12.8v134.4c0 6.4 6.4 12.8 12.8 12.8zM496 400H48V80c0-8.84-7.16-16-16-16H16C7.16 64 0 71.16 0 80v336c0 17.67 14.33 32 32 32h464c8.84 0 16-7.16 16-16v-16c0-8.84-7.16-16-16-16zm-387.2-48h22.4c6.4 0 12.8-6.4 12.8-12.8v-70.4c0-6.4-6.4-12.8-12.8-12.8h-22.4c-6.4 0-12.8 6.4-12.8 12.8v70.4c0 6.4 6.4 12.8 12.8 12.8z\" class=\"\"><\/path><\/svg><\/i> <\/p>\n<div class=\"pvc_clear\"><\/div>\n<div class=\"print\"><span class=\"page_title\">P\u00e1gina: <span>El 112 Canarias participa en la formaci\u00f3n de trabajadores en el \u2018D\u00eda de la seguridad\u2019 de la Compa\u00f1\u00eda Cervecera<\/span><\/span>\n\t\t\t\t\t\t\t\t\t\t\t<span class=\"page_title\">Fecha de impresi\u00f3n: <span>27\/04\/2026 - 06:18:46 UTC<\/span><\/span>\n\t\t\t\t\t\t\t\t\t\t\t<span class=\"stmp_trans_date\">\u00daltima actualizaci\u00f3n: <span>24\/04\/2026 - 11:40:11<\/span><\/span>\n\t\t\t\t\t\t\t\t\t\t\t<span class=\"stmp_trans_date\">Fecha publicaci\u00f3n: <span>24\/04\/2026 - 11:40:11<\/span><\/span>\n\t\t\t\t\t\t\t\t\t\t\t<span class=\"stmp_trans_date\">Fecha creaci\u00f3n: <span>24\/04\/2026 - 11:40:11<\/span><\/span><\/div>\n\t","protected":false},"excerpt":{"rendered":"<p>Su director explic\u00f3 la labor del servicio y c\u00f3mo alertar de forma eficaz ante una situaci\u00f3n de emergencia en sus instalaciones El director del 112 Canarias, Mois\u00e9s S\u00e1nchez, imparti\u00f3 esta ma\u00f1ana una charla formativa, destinada a los trabajadores de la Compa\u00f1\u00eda Cervecera de Canarias, en&#8230;<\/p>\n<div class=\"pvc_clear\"><\/div>\n<p id=\"pvc_stats_19035\" class=\"pvc_stats all  \" data-element-id=\"19035\" style=\"\"><i class=\"pvc-stats-icon medium\" aria-hidden=\"true\"><svg aria-hidden=\"true\" focusable=\"false\" data-prefix=\"far\" data-icon=\"chart-bar\" role=\"img\" xmlns=\"http:\/\/www.w3.org\/2000\/svg\" viewBox=\"0 0 512 512\" class=\"svg-inline--fa fa-chart-bar fa-w-16 fa-2x\"><path fill=\"currentColor\" d=\"M396.8 352h22.4c6.4 0 12.8-6.4 12.8-12.8V108.8c0-6.4-6.4-12.8-12.8-12.8h-22.4c-6.4 0-12.8 6.4-12.8 12.8v230.4c0 6.4 6.4 12.8 12.8 12.8zm-192 0h22.4c6.4 0 12.8-6.4 12.8-12.8V140.8c0-6.4-6.4-12.8-12.8-12.8h-22.4c-6.4 0-12.8 6.4-12.8 12.8v198.4c0 6.4 6.4 12.8 12.8 12.8zm96 0h22.4c6.4 0 12.8-6.4 12.8-12.8V204.8c0-6.4-6.4-12.8-12.8-12.8h-22.4c-6.4 0-12.8 6.4-12.8 12.8v134.4c0 6.4 6.4 12.8 12.8 12.8zM496 400H48V80c0-8.84-7.16-16-16-16H16C7.16 64 0 71.16 0 80v336c0 17.67 14.33 32 32 32h464c8.84 0 16-7.16 16-16v-16c0-8.84-7.16-16-16-16zm-387.2-48h22.4c6.4 0 12.8-6.4 12.8-12.8v-70.4c0-6.4-6.4-12.8-12.8-12.8h-22.4c-6.4 0-12.8 6.4-12.8 12.8v70.4c0 6.4 6.4 12.8 12.8 12.8z\" class=\"\"><\/path><\/svg><\/i> <img loading=\"lazy\" decoding=\"async\" width=\"16\" height=\"16\" alt=\"Loading\" src=\"https:\/\/www.gsccanarias.com\/gsc\/wp-content\/plugins\/page-views-count\/ajax-loader-2x.gif\" border=0 \/><\/p>\n<div class=\"pvc_clear\"><\/div>\n","protected":false},"author":5,"featured_media":19036,"comment_status":"closed","ping_status":"open","sticky":false,"template":"","format":"standard","meta":{"footnotes":""},"categories":[35,36],"tags":[],"class_list":["post-19035","post","type-post","status-publish","format-standard","has-post-thumbnail","hentry","category-noticias","category-ultimas-noticias"],"a3_pvc":{"activated":true,"total_views":2,"today_views":0},"publishpress_future_workflow_manual_trigger":{"enabledWorkflows":[]},"_links":{"self":[{"href":"https:\/\/www.gsccanarias.com\/gsc\/wp-json\/wp\/v2\/posts\/19035","targetHints":{"allow":["GET"]}}],"collection":[{"href":"https:\/\/www.gsccanarias.com\/gsc\/wp-json\/wp\/v2\/posts"}],"about":[{"href":"https:\/\/www.gsccanarias.com\/gsc\/wp-json\/wp\/v2\/types\/post"}],"author":[{"embeddable":true,"href":"https:\/\/www.gsccanarias.com\/gsc\/wp-json\/wp\/v2\/users\/5"}],"replies":[{"embeddable":true,"href":"https:\/\/www.gsccanarias.com\/gsc\/wp-json\/wp\/v2\/comments?post=19035"}],"version-history":[{"count":1,"href":"https:\/\/www.gsccanarias.com\/gsc\/wp-json\/wp\/v2\/posts\/19035\/revisions"}],"predecessor-version":[{"id":19037,"href":"https:\/\/www.gsccanarias.com\/gsc\/wp-json\/wp\/v2\/posts\/19035\/revisions\/19037"}],"wp:featuredmedia":[{"embeddable":true,"href":"https:\/\/www.gsccanarias.com\/gsc\/wp-json\/wp\/v2\/media\/19036"}],"wp:attachment":[{"href":"https:\/\/www.gsccanarias.com\/gsc\/wp-json\/wp\/v2\/media?parent=19035"}],"wp:term":[{"taxonomy":"category","embeddable":true,"href":"https:\/\/www.gsccanarias.com\/gsc\/wp-json\/wp\/v2\/categories?post=19035"},{"taxonomy":"post_tag","embeddable":true,"href":"https:\/\/www.gsccanarias.com\/gsc\/wp-json\/wp\/v2\/tags?post=19035"}],"curies":[{"name":"wp","href":"https:\/\/api.w.org\/{rel}","templated":true}]}}