{"id":18627,"date":"2026-03-11T10:16:55","date_gmt":"2026-03-11T10:16:55","guid":{"rendered":"https:\/\/www.gsccanarias.com\/gsc\/?p=18627"},"modified":"2026-03-11T10:16:55","modified_gmt":"2026-03-11T10:16:55","slug":"el-suc-se-desplaza-a-castilla-la-mancha-para-conocer-su-sistema-de-atencion-de-las-urgencias-extrahospitalarias","status":"publish","type":"post","link":"https:\/\/www.gsccanarias.com\/gsc\/el-suc-se-desplaza-a-castilla-la-mancha-para-conocer-su-sistema-de-atencion-de-las-urgencias-extrahospitalarias\/","title":{"rendered":"El SUC se desplaza a Castilla La Mancha para conocer su sistema de atenci\u00f3n de las urgencias extrahospitalarias"},"content":{"rendered":"<blockquote><p>Ambos servicios, que cuentan con similar volumen de asistencias,\u00a0 intercambiaron experiencias sobre los procedimientos de la gesti\u00f3n de los incidentes sanitarios y la asistencia sanitaria que prestan a su poblaci\u00f3n de referencia<\/p><\/blockquote>\n<p>El equipo directivo del Servicio de Urgencias Canario (SUC), adscrito a la empresa p\u00fablica Gesti\u00f3n de Servicios para la Salud y Seguridad en Canarias y dependiente de la Consejer\u00eda de Sanidad, visit\u00f3 esta semana el Centro Coordinador del Servicio de Salud de Castilla-La Mancha (SESCAM).<\/p>\n<p>El objetivo de esta jornada se ha centrado en el intercambio de experiencias en la direcci\u00f3n de los servicios de urgencias sanitarias extrahospitalarias, ya que comparten similar volumen de poblaci\u00f3n y de prestaci\u00f3n asistencial.<\/p>\n<p>La delegaci\u00f3n canaria tuvo la oportunidad de visitar la sala de coordinaci\u00f3n y conocer sus procedimientos operativos en la gesti\u00f3n de incidentes sanitarios, as\u00ed como la distribuci\u00f3n de las llamadas y la gesti\u00f3n del personal, en base a las peticiones de asistencia de la poblaci\u00f3n.<\/p>\n<p>Adem\u00e1s de interesarse por su modelo de gesti\u00f3n y coordinaci\u00f3n, el funcionamiento del servicio y los recursos con los que cuenta, pudieron visitar el centro desde el que se atienden las consultas sanitarias, que a diferencia de Canarias, en Castilla La Mancha cuenta con una sala espec\u00edfica.<\/p>\n<p>Para la directora del Servicio de Urgencias Canario, Noem\u00ed Gonz\u00e1lez, esta jornada ha sido una oportunidad para conocer f\u00f3rmulas alternativas en la gesti\u00f3n de los servicios sanitarios extrahospitalarios que puedan ser objeto de estudio para su aplicaci\u00f3n a nuestro territorio.<\/p>\n<div class=\"pvc_clear\"><\/div>\n<p id=\"pvc_stats_18627\" class=\"pvc_stats all  \" data-element-id=\"18627\" style=\"\"><i class=\"pvc-stats-icon medium\" aria-hidden=\"true\"><svg aria-hidden=\"true\" focusable=\"false\" data-prefix=\"far\" data-icon=\"chart-bar\" role=\"img\" xmlns=\"http:\/\/www.w3.org\/2000\/svg\" viewBox=\"0 0 512 512\" class=\"svg-inline--fa fa-chart-bar fa-w-16 fa-2x\"><path fill=\"currentColor\" d=\"M396.8 352h22.4c6.4 0 12.8-6.4 12.8-12.8V108.8c0-6.4-6.4-12.8-12.8-12.8h-22.4c-6.4 0-12.8 6.4-12.8 12.8v230.4c0 6.4 6.4 12.8 12.8 12.8zm-192 0h22.4c6.4 0 12.8-6.4 12.8-12.8V140.8c0-6.4-6.4-12.8-12.8-12.8h-22.4c-6.4 0-12.8 6.4-12.8 12.8v198.4c0 6.4 6.4 12.8 12.8 12.8zm96 0h22.4c6.4 0 12.8-6.4 12.8-12.8V204.8c0-6.4-6.4-12.8-12.8-12.8h-22.4c-6.4 0-12.8 6.4-12.8 12.8v134.4c0 6.4 6.4 12.8 12.8 12.8zM496 400H48V80c0-8.84-7.16-16-16-16H16C7.16 64 0 71.16 0 80v336c0 17.67 14.33 32 32 32h464c8.84 0 16-7.16 16-16v-16c0-8.84-7.16-16-16-16zm-387.2-48h22.4c6.4 0 12.8-6.4 12.8-12.8v-70.4c0-6.4-6.4-12.8-12.8-12.8h-22.4c-6.4 0-12.8 6.4-12.8 12.8v70.4c0 6.4 6.4 12.8 12.8 12.8z\" class=\"\"><\/path><\/svg><\/i> <\/p>\n<div class=\"pvc_clear\"><\/div>\n<div class=\"print\"><span class=\"page_title\">P\u00e1gina: <span>El SUC se desplaza a Castilla La Mancha para conocer su sistema de atenci\u00f3n de las urgencias extrahospitalarias<\/span><\/span>\n\t\t\t\t\t\t\t\t\t\t\t<span class=\"page_title\">Fecha de impresi\u00f3n: <span>02\/05\/2026 - 06:48:16 UTC<\/span><\/span>\n\t\t\t\t\t\t\t\t\t\t\t<span class=\"stmp_trans_date\">\u00daltima actualizaci\u00f3n: <span>11\/03\/2026 - 10:16:55<\/span><\/span>\n\t\t\t\t\t\t\t\t\t\t\t<span class=\"stmp_trans_date\">Fecha publicaci\u00f3n: <span>11\/03\/2026 - 10:16:55<\/span><\/span>\n\t\t\t\t\t\t\t\t\t\t\t<span class=\"stmp_trans_date\">Fecha creaci\u00f3n: <span>11\/03\/2026 - 10:16:55<\/span><\/span><\/div>\n\t","protected":false},"excerpt":{"rendered":"<p>Ambos servicios, que cuentan con similar volumen de asistencias,\u00a0 intercambiaron experiencias sobre los procedimientos de la gesti\u00f3n de los incidentes sanitarios y la asistencia sanitaria que prestan a su poblaci\u00f3n de referencia El equipo directivo del Servicio de Urgencias Canario (SUC), adscrito a la empresa&#8230;<\/p>\n<div class=\"pvc_clear\"><\/div>\n<p id=\"pvc_stats_18627\" class=\"pvc_stats all  \" data-element-id=\"18627\" style=\"\"><i class=\"pvc-stats-icon medium\" aria-hidden=\"true\"><svg aria-hidden=\"true\" focusable=\"false\" data-prefix=\"far\" data-icon=\"chart-bar\" role=\"img\" xmlns=\"http:\/\/www.w3.org\/2000\/svg\" viewBox=\"0 0 512 512\" class=\"svg-inline--fa fa-chart-bar fa-w-16 fa-2x\"><path fill=\"currentColor\" d=\"M396.8 352h22.4c6.4 0 12.8-6.4 12.8-12.8V108.8c0-6.4-6.4-12.8-12.8-12.8h-22.4c-6.4 0-12.8 6.4-12.8 12.8v230.4c0 6.4 6.4 12.8 12.8 12.8zm-192 0h22.4c6.4 0 12.8-6.4 12.8-12.8V140.8c0-6.4-6.4-12.8-12.8-12.8h-22.4c-6.4 0-12.8 6.4-12.8 12.8v198.4c0 6.4 6.4 12.8 12.8 12.8zm96 0h22.4c6.4 0 12.8-6.4 12.8-12.8V204.8c0-6.4-6.4-12.8-12.8-12.8h-22.4c-6.4 0-12.8 6.4-12.8 12.8v134.4c0 6.4 6.4 12.8 12.8 12.8zM496 400H48V80c0-8.84-7.16-16-16-16H16C7.16 64 0 71.16 0 80v336c0 17.67 14.33 32 32 32h464c8.84 0 16-7.16 16-16v-16c0-8.84-7.16-16-16-16zm-387.2-48h22.4c6.4 0 12.8-6.4 12.8-12.8v-70.4c0-6.4-6.4-12.8-12.8-12.8h-22.4c-6.4 0-12.8 6.4-12.8 12.8v70.4c0 6.4 6.4 12.8 12.8 12.8z\" class=\"\"><\/path><\/svg><\/i> <img loading=\"lazy\" decoding=\"async\" width=\"16\" height=\"16\" alt=\"Loading\" src=\"https:\/\/www.gsccanarias.com\/gsc\/wp-content\/plugins\/page-views-count\/ajax-loader-2x.gif\" border=0 \/><\/p>\n<div class=\"pvc_clear\"><\/div>\n","protected":false},"author":2,"featured_media":18628,"comment_status":"closed","ping_status":"open","sticky":false,"template":"","format":"standard","meta":{"footnotes":""},"categories":[35,36],"tags":[],"class_list":["post-18627","post","type-post","status-publish","format-standard","has-post-thumbnail","hentry","category-noticias","category-ultimas-noticias"],"a3_pvc":{"activated":true,"total_views":10,"today_views":1},"yoast_head":"<!-- This site is optimized with the Yoast SEO plugin v27.5 - https:\/\/yoast.com\/product\/yoast-seo-wordpress\/ -->\n<title>El SUC se desplaza a Castilla La Mancha para conocer su sistema de atenci\u00f3n de las urgencias extrahospitalarias - GSC<\/title>\n<meta name=\"robots\" content=\"index, follow, max-snippet:-1, max-image-preview:large, max-video-preview:-1\" \/>\n<link rel=\"canonical\" href=\"https:\/\/www.gsccanarias.com\/gsc\/el-suc-se-desplaza-a-castilla-la-mancha-para-conocer-su-sistema-de-atencion-de-las-urgencias-extrahospitalarias\/\" \/>\n<meta property=\"og:locale\" content=\"es_ES\" \/>\n<meta property=\"og:type\" content=\"article\" \/>\n<meta property=\"og:title\" content=\"El SUC se desplaza a Castilla La Mancha para conocer su sistema de atenci\u00f3n de las urgencias extrahospitalarias - GSC\" \/>\n<meta property=\"og:description\" content=\"Ambos servicios, que cuentan con similar volumen de asistencias,\u00a0 intercambiaron experiencias sobre los procedimientos de la gesti\u00f3n de los incidentes sanitarios y la asistencia sanitaria que prestan a su poblaci\u00f3n de referencia El equipo directivo del Servicio de Urgencias Canario (SUC), adscrito a la empresa...\" \/>\n<meta property=\"og:url\" content=\"https:\/\/www.gsccanarias.com\/gsc\/el-suc-se-desplaza-a-castilla-la-mancha-para-conocer-su-sistema-de-atencion-de-las-urgencias-extrahospitalarias\/\" \/>\n<meta property=\"og:site_name\" content=\"GSC\" \/>\n<meta property=\"article:published_time\" content=\"2026-03-11T10:16:55+00:00\" \/>\n<meta property=\"og:image\" content=\"https:\/\/www.gsccanarias.com\/gsc\/wp-content\/uploads\/2026\/03\/Sector-SUC-en-la-sala-de-emergencias-scaled.jpg\" \/>\n\t<meta property=\"og:image:width\" content=\"2560\" \/>\n\t<meta property=\"og:image:height\" content=\"1707\" \/>\n\t<meta property=\"og:image:type\" content=\"image\/jpeg\" \/>\n<meta name=\"author\" content=\"Laura Otero Bautista\" \/>\n<meta name=\"twitter:card\" content=\"summary_large_image\" \/>\n<meta name=\"twitter:label1\" content=\"Escrito por\" \/>\n\t<meta name=\"twitter:data1\" content=\"Laura Otero Bautista\" \/>\n\t<meta name=\"twitter:label2\" content=\"Tiempo de lectura\" \/>\n\t<meta name=\"twitter:data2\" content=\"1 minuto\" \/>\n<script type=\"application\/ld+json\" class=\"yoast-schema-graph\">{\"@context\":\"https:\\\/\\\/schema.org\",\"@graph\":[{\"@type\":\"Article\",\"@id\":\"https:\\\/\\\/www.gsccanarias.com\\\/gsc\\\/el-suc-se-desplaza-a-castilla-la-mancha-para-conocer-su-sistema-de-atencion-de-las-urgencias-extrahospitalarias\\\/#article\",\"isPartOf\":{\"@id\":\"https:\\\/\\\/www.gsccanarias.com\\\/gsc\\\/el-suc-se-desplaza-a-castilla-la-mancha-para-conocer-su-sistema-de-atencion-de-las-urgencias-extrahospitalarias\\\/\"},\"author\":{\"name\":\"Laura Otero Bautista\",\"@id\":\"https:\\\/\\\/www.gsccanarias.com\\\/gsc\\\/#\\\/schema\\\/person\\\/b8c013c501758bed823e398f9867c23b\"},\"headline\":\"El SUC se desplaza a Castilla La Mancha para conocer su sistema de atenci\u00f3n de las urgencias extrahospitalarias\",\"datePublished\":\"2026-03-11T10:16:55+00:00\",\"mainEntityOfPage\":{\"@id\":\"https:\\\/\\\/www.gsccanarias.com\\\/gsc\\\/el-suc-se-desplaza-a-castilla-la-mancha-para-conocer-su-sistema-de-atencion-de-las-urgencias-extrahospitalarias\\\/\"},\"wordCount\":284,\"image\":{\"@id\":\"https:\\\/\\\/www.gsccanarias.com\\\/gsc\\\/el-suc-se-desplaza-a-castilla-la-mancha-para-conocer-su-sistema-de-atencion-de-las-urgencias-extrahospitalarias\\\/#primaryimage\"},\"thumbnailUrl\":\"https:\\\/\\\/www.gsccanarias.com\\\/gsc\\\/wp-content\\\/uploads\\\/2026\\\/03\\\/Sector-SUC-en-la-sala-de-emergencias-scaled.jpg\",\"articleSection\":[\"Noticias\",\"\u00daltimas noticias\"],\"inLanguage\":\"es\"},{\"@type\":\"WebPage\",\"@id\":\"https:\\\/\\\/www.gsccanarias.com\\\/gsc\\\/el-suc-se-desplaza-a-castilla-la-mancha-para-conocer-su-sistema-de-atencion-de-las-urgencias-extrahospitalarias\\\/\",\"url\":\"https:\\\/\\\/www.gsccanarias.com\\\/gsc\\\/el-suc-se-desplaza-a-castilla-la-mancha-para-conocer-su-sistema-de-atencion-de-las-urgencias-extrahospitalarias\\\/\",\"name\":\"El SUC se desplaza a Castilla La Mancha para conocer su sistema de atenci\u00f3n de las urgencias extrahospitalarias - GSC\",\"isPartOf\":{\"@id\":\"https:\\\/\\\/www.gsccanarias.com\\\/gsc\\\/#website\"},\"primaryImageOfPage\":{\"@id\":\"https:\\\/\\\/www.gsccanarias.com\\\/gsc\\\/el-suc-se-desplaza-a-castilla-la-mancha-para-conocer-su-sistema-de-atencion-de-las-urgencias-extrahospitalarias\\\/#primaryimage\"},\"image\":{\"@id\":\"https:\\\/\\\/www.gsccanarias.com\\\/gsc\\\/el-suc-se-desplaza-a-castilla-la-mancha-para-conocer-su-sistema-de-atencion-de-las-urgencias-extrahospitalarias\\\/#primaryimage\"},\"thumbnailUrl\":\"https:\\\/\\\/www.gsccanarias.com\\\/gsc\\\/wp-content\\\/uploads\\\/2026\\\/03\\\/Sector-SUC-en-la-sala-de-emergencias-scaled.jpg\",\"datePublished\":\"2026-03-11T10:16:55+00:00\",\"author\":{\"@id\":\"https:\\\/\\\/www.gsccanarias.com\\\/gsc\\\/#\\\/schema\\\/person\\\/b8c013c501758bed823e398f9867c23b\"},\"breadcrumb\":{\"@id\":\"https:\\\/\\\/www.gsccanarias.com\\\/gsc\\\/el-suc-se-desplaza-a-castilla-la-mancha-para-conocer-su-sistema-de-atencion-de-las-urgencias-extrahospitalarias\\\/#breadcrumb\"},\"inLanguage\":\"es\",\"potentialAction\":[{\"@type\":\"ReadAction\",\"target\":[\"https:\\\/\\\/www.gsccanarias.com\\\/gsc\\\/el-suc-se-desplaza-a-castilla-la-mancha-para-conocer-su-sistema-de-atencion-de-las-urgencias-extrahospitalarias\\\/\"]}]},{\"@type\":\"ImageObject\",\"inLanguage\":\"es\",\"@id\":\"https:\\\/\\\/www.gsccanarias.com\\\/gsc\\\/el-suc-se-desplaza-a-castilla-la-mancha-para-conocer-su-sistema-de-atencion-de-las-urgencias-extrahospitalarias\\\/#primaryimage\",\"url\":\"https:\\\/\\\/www.gsccanarias.com\\\/gsc\\\/wp-content\\\/uploads\\\/2026\\\/03\\\/Sector-SUC-en-la-sala-de-emergencias-scaled.jpg\",\"contentUrl\":\"https:\\\/\\\/www.gsccanarias.com\\\/gsc\\\/wp-content\\\/uploads\\\/2026\\\/03\\\/Sector-SUC-en-la-sala-de-emergencias-scaled.jpg\",\"width\":2560,\"height\":1707},{\"@type\":\"BreadcrumbList\",\"@id\":\"https:\\\/\\\/www.gsccanarias.com\\\/gsc\\\/el-suc-se-desplaza-a-castilla-la-mancha-para-conocer-su-sistema-de-atencion-de-las-urgencias-extrahospitalarias\\\/#breadcrumb\",\"itemListElement\":[{\"@type\":\"ListItem\",\"position\":1,\"name\":\"Portada\",\"item\":\"https:\\\/\\\/www.gsccanarias.com\\\/gsc\\\/\"},{\"@type\":\"ListItem\",\"position\":2,\"name\":\"El SUC se desplaza a Castilla La Mancha para conocer su sistema de atenci\u00f3n de las urgencias extrahospitalarias\"}]},{\"@type\":\"WebSite\",\"@id\":\"https:\\\/\\\/www.gsccanarias.com\\\/gsc\\\/#website\",\"url\":\"https:\\\/\\\/www.gsccanarias.com\\\/gsc\\\/\",\"name\":\"GSC\",\"description\":\"Administramos servicios relacionados con la salud, las emergencias, la seguridad y el transporte sanitario\",\"potentialAction\":[{\"@type\":\"SearchAction\",\"target\":{\"@type\":\"EntryPoint\",\"urlTemplate\":\"https:\\\/\\\/www.gsccanarias.com\\\/gsc\\\/?s={search_term_string}\"},\"query-input\":{\"@type\":\"PropertyValueSpecification\",\"valueRequired\":true,\"valueName\":\"search_term_string\"}}],\"inLanguage\":\"es\"},{\"@type\":\"Person\",\"@id\":\"https:\\\/\\\/www.gsccanarias.com\\\/gsc\\\/#\\\/schema\\\/person\\\/b8c013c501758bed823e398f9867c23b\",\"name\":\"Laura Otero Bautista\",\"image\":{\"@type\":\"ImageObject\",\"inLanguage\":\"es\",\"@id\":\"https:\\\/\\\/secure.gravatar.com\\\/avatar\\\/489330f16359973f16321af73ed16e79f9acbd1694d0b94d73f3dfdd0c25646d?s=96&d=mm&r=g\",\"url\":\"https:\\\/\\\/secure.gravatar.com\\\/avatar\\\/489330f16359973f16321af73ed16e79f9acbd1694d0b94d73f3dfdd0c25646d?s=96&d=mm&r=g\",\"contentUrl\":\"https:\\\/\\\/secure.gravatar.com\\\/avatar\\\/489330f16359973f16321af73ed16e79f9acbd1694d0b94d73f3dfdd0c25646d?s=96&d=mm&r=g\",\"caption\":\"Laura Otero Bautista\"},\"url\":\"https:\\\/\\\/www.gsccanarias.com\\\/gsc\\\/author\\\/laura\\\/\"}]}<\/script>\n<!-- \/ Yoast SEO plugin. -->","yoast_head_json":{"title":"El SUC se desplaza a Castilla La Mancha para conocer su sistema de atenci\u00f3n de las urgencias extrahospitalarias - GSC","robots":{"index":"index","follow":"follow","max-snippet":"max-snippet:-1","max-image-preview":"max-image-preview:large","max-video-preview":"max-video-preview:-1"},"canonical":"https:\/\/www.gsccanarias.com\/gsc\/el-suc-se-desplaza-a-castilla-la-mancha-para-conocer-su-sistema-de-atencion-de-las-urgencias-extrahospitalarias\/","og_locale":"es_ES","og_type":"article","og_title":"El SUC se desplaza a Castilla La Mancha para conocer su sistema de atenci\u00f3n de las urgencias extrahospitalarias - GSC","og_description":"Ambos servicios, que cuentan con similar volumen de asistencias,\u00a0 intercambiaron experiencias sobre los procedimientos de la gesti\u00f3n de los incidentes sanitarios y la asistencia sanitaria que prestan a su poblaci\u00f3n de referencia El equipo directivo del Servicio de Urgencias Canario (SUC), adscrito a la empresa...","og_url":"https:\/\/www.gsccanarias.com\/gsc\/el-suc-se-desplaza-a-castilla-la-mancha-para-conocer-su-sistema-de-atencion-de-las-urgencias-extrahospitalarias\/","og_site_name":"GSC","article_published_time":"2026-03-11T10:16:55+00:00","og_image":[{"width":2560,"height":1707,"url":"https:\/\/www.gsccanarias.com\/gsc\/wp-content\/uploads\/2026\/03\/Sector-SUC-en-la-sala-de-emergencias-scaled.jpg","type":"image\/jpeg"}],"author":"Laura Otero Bautista","twitter_card":"summary_large_image","twitter_misc":{"Escrito por":"Laura Otero Bautista","Tiempo de lectura":"1 minuto"},"schema":{"@context":"https:\/\/schema.org","@graph":[{"@type":"Article","@id":"https:\/\/www.gsccanarias.com\/gsc\/el-suc-se-desplaza-a-castilla-la-mancha-para-conocer-su-sistema-de-atencion-de-las-urgencias-extrahospitalarias\/#article","isPartOf":{"@id":"https:\/\/www.gsccanarias.com\/gsc\/el-suc-se-desplaza-a-castilla-la-mancha-para-conocer-su-sistema-de-atencion-de-las-urgencias-extrahospitalarias\/"},"author":{"name":"Laura Otero Bautista","@id":"https:\/\/www.gsccanarias.com\/gsc\/#\/schema\/person\/b8c013c501758bed823e398f9867c23b"},"headline":"El SUC se desplaza a Castilla La Mancha para conocer su sistema de atenci\u00f3n de las urgencias extrahospitalarias","datePublished":"2026-03-11T10:16:55+00:00","mainEntityOfPage":{"@id":"https:\/\/www.gsccanarias.com\/gsc\/el-suc-se-desplaza-a-castilla-la-mancha-para-conocer-su-sistema-de-atencion-de-las-urgencias-extrahospitalarias\/"},"wordCount":284,"image":{"@id":"https:\/\/www.gsccanarias.com\/gsc\/el-suc-se-desplaza-a-castilla-la-mancha-para-conocer-su-sistema-de-atencion-de-las-urgencias-extrahospitalarias\/#primaryimage"},"thumbnailUrl":"https:\/\/www.gsccanarias.com\/gsc\/wp-content\/uploads\/2026\/03\/Sector-SUC-en-la-sala-de-emergencias-scaled.jpg","articleSection":["Noticias","\u00daltimas noticias"],"inLanguage":"es"},{"@type":"WebPage","@id":"https:\/\/www.gsccanarias.com\/gsc\/el-suc-se-desplaza-a-castilla-la-mancha-para-conocer-su-sistema-de-atencion-de-las-urgencias-extrahospitalarias\/","url":"https:\/\/www.gsccanarias.com\/gsc\/el-suc-se-desplaza-a-castilla-la-mancha-para-conocer-su-sistema-de-atencion-de-las-urgencias-extrahospitalarias\/","name":"El SUC se desplaza a Castilla La Mancha para conocer su sistema de atenci\u00f3n de las urgencias extrahospitalarias - GSC","isPartOf":{"@id":"https:\/\/www.gsccanarias.com\/gsc\/#website"},"primaryImageOfPage":{"@id":"https:\/\/www.gsccanarias.com\/gsc\/el-suc-se-desplaza-a-castilla-la-mancha-para-conocer-su-sistema-de-atencion-de-las-urgencias-extrahospitalarias\/#primaryimage"},"image":{"@id":"https:\/\/www.gsccanarias.com\/gsc\/el-suc-se-desplaza-a-castilla-la-mancha-para-conocer-su-sistema-de-atencion-de-las-urgencias-extrahospitalarias\/#primaryimage"},"thumbnailUrl":"https:\/\/www.gsccanarias.com\/gsc\/wp-content\/uploads\/2026\/03\/Sector-SUC-en-la-sala-de-emergencias-scaled.jpg","datePublished":"2026-03-11T10:16:55+00:00","author":{"@id":"https:\/\/www.gsccanarias.com\/gsc\/#\/schema\/person\/b8c013c501758bed823e398f9867c23b"},"breadcrumb":{"@id":"https:\/\/www.gsccanarias.com\/gsc\/el-suc-se-desplaza-a-castilla-la-mancha-para-conocer-su-sistema-de-atencion-de-las-urgencias-extrahospitalarias\/#breadcrumb"},"inLanguage":"es","potentialAction":[{"@type":"ReadAction","target":["https:\/\/www.gsccanarias.com\/gsc\/el-suc-se-desplaza-a-castilla-la-mancha-para-conocer-su-sistema-de-atencion-de-las-urgencias-extrahospitalarias\/"]}]},{"@type":"ImageObject","inLanguage":"es","@id":"https:\/\/www.gsccanarias.com\/gsc\/el-suc-se-desplaza-a-castilla-la-mancha-para-conocer-su-sistema-de-atencion-de-las-urgencias-extrahospitalarias\/#primaryimage","url":"https:\/\/www.gsccanarias.com\/gsc\/wp-content\/uploads\/2026\/03\/Sector-SUC-en-la-sala-de-emergencias-scaled.jpg","contentUrl":"https:\/\/www.gsccanarias.com\/gsc\/wp-content\/uploads\/2026\/03\/Sector-SUC-en-la-sala-de-emergencias-scaled.jpg","width":2560,"height":1707},{"@type":"BreadcrumbList","@id":"https:\/\/www.gsccanarias.com\/gsc\/el-suc-se-desplaza-a-castilla-la-mancha-para-conocer-su-sistema-de-atencion-de-las-urgencias-extrahospitalarias\/#breadcrumb","itemListElement":[{"@type":"ListItem","position":1,"name":"Portada","item":"https:\/\/www.gsccanarias.com\/gsc\/"},{"@type":"ListItem","position":2,"name":"El SUC se desplaza a Castilla La Mancha para conocer su sistema de atenci\u00f3n de las urgencias extrahospitalarias"}]},{"@type":"WebSite","@id":"https:\/\/www.gsccanarias.com\/gsc\/#website","url":"https:\/\/www.gsccanarias.com\/gsc\/","name":"GSC","description":"Administramos servicios relacionados con la salud, las emergencias, la seguridad y el transporte sanitario","potentialAction":[{"@type":"SearchAction","target":{"@type":"EntryPoint","urlTemplate":"https:\/\/www.gsccanarias.com\/gsc\/?s={search_term_string}"},"query-input":{"@type":"PropertyValueSpecification","valueRequired":true,"valueName":"search_term_string"}}],"inLanguage":"es"},{"@type":"Person","@id":"https:\/\/www.gsccanarias.com\/gsc\/#\/schema\/person\/b8c013c501758bed823e398f9867c23b","name":"Laura Otero Bautista","image":{"@type":"ImageObject","inLanguage":"es","@id":"https:\/\/secure.gravatar.com\/avatar\/489330f16359973f16321af73ed16e79f9acbd1694d0b94d73f3dfdd0c25646d?s=96&d=mm&r=g","url":"https:\/\/secure.gravatar.com\/avatar\/489330f16359973f16321af73ed16e79f9acbd1694d0b94d73f3dfdd0c25646d?s=96&d=mm&r=g","contentUrl":"https:\/\/secure.gravatar.com\/avatar\/489330f16359973f16321af73ed16e79f9acbd1694d0b94d73f3dfdd0c25646d?s=96&d=mm&r=g","caption":"Laura Otero Bautista"},"url":"https:\/\/www.gsccanarias.com\/gsc\/author\/laura\/"}]}},"publishpress_future_workflow_manual_trigger":{"enabledWorkflows":[]},"_links":{"self":[{"href":"https:\/\/www.gsccanarias.com\/gsc\/wp-json\/wp\/v2\/posts\/18627","targetHints":{"allow":["GET"]}}],"collection":[{"href":"https:\/\/www.gsccanarias.com\/gsc\/wp-json\/wp\/v2\/posts"}],"about":[{"href":"https:\/\/www.gsccanarias.com\/gsc\/wp-json\/wp\/v2\/types\/post"}],"author":[{"embeddable":true,"href":"https:\/\/www.gsccanarias.com\/gsc\/wp-json\/wp\/v2\/users\/2"}],"replies":[{"embeddable":true,"href":"https:\/\/www.gsccanarias.com\/gsc\/wp-json\/wp\/v2\/comments?post=18627"}],"version-history":[{"count":1,"href":"https:\/\/www.gsccanarias.com\/gsc\/wp-json\/wp\/v2\/posts\/18627\/revisions"}],"predecessor-version":[{"id":18629,"href":"https:\/\/www.gsccanarias.com\/gsc\/wp-json\/wp\/v2\/posts\/18627\/revisions\/18629"}],"wp:featuredmedia":[{"embeddable":true,"href":"https:\/\/www.gsccanarias.com\/gsc\/wp-json\/wp\/v2\/media\/18628"}],"wp:attachment":[{"href":"https:\/\/www.gsccanarias.com\/gsc\/wp-json\/wp\/v2\/media?parent=18627"}],"wp:term":[{"taxonomy":"category","embeddable":true,"href":"https:\/\/www.gsccanarias.com\/gsc\/wp-json\/wp\/v2\/categories?post=18627"},{"taxonomy":"post_tag","embeddable":true,"href":"https:\/\/www.gsccanarias.com\/gsc\/wp-json\/wp\/v2\/tags?post=18627"}],"curies":[{"name":"wp","href":"https:\/\/api.w.org\/{rel}","templated":true}]}}