{"id":18617,"date":"2026-03-06T15:20:14","date_gmt":"2026-03-06T15:20:14","guid":{"rendered":"https:\/\/www.gsccanarias.com\/gsc\/?p=18617"},"modified":"2026-03-06T15:21:30","modified_gmt":"2026-03-06T15:21:30","slug":"el-suc-pone-en-valor-la-formacion-como-pilar-de-las-emergencias-sanitarias-en-canarias","status":"publish","type":"post","link":"https:\/\/www.gsccanarias.com\/gsc\/el-suc-pone-en-valor-la-formacion-como-pilar-de-las-emergencias-sanitarias-en-canarias\/","title":{"rendered":"El SUC pone en valor la formaci\u00f3n como pilar de las emergencias sanitarias en Canarias"},"content":{"rendered":"<p>El Servicio de Urgencias Canario (SUC), adscrito a la empresa p\u00fablica Gesti\u00f3n de Servicios para la Salud y Seguridad en Canarias y dependiente de la Consejer\u00eda de Sanidad, particip\u00f3 hoy viernes en el IV Congreso de Formaci\u00f3n Profesional de Canarias organizado por el CIFP Tony Gallardo, en Las Palmas de Gran Canaria.<\/p>\n<p>Bajo el lema \u201cEmbarcando hacia el futuro profesional: puertos, aeropuertos, conectividad y seguridad, el responsable de Recursos y Log\u00edstica del SUC en Las Palmas, Carlos Quintana, defendi\u00f3 la formaci\u00f3n profesional como pilar de las emergencias sanitarias.<\/p>\n<p>En su intervenci\u00f3n Quintana destac\u00f3 el papel fundamental de la formaci\u00f3n especializada para garantizar una atenci\u00f3n eficaz y de calidad a la ciudadan\u00eda -afectados y cuidadores- en situaciones de emergencia originadas por accidentes con m\u00faltiples v\u00edctimas o cat\u00e1strofes naturales. En este sentido, una de las actuaciones m\u00e1s recientes en las que ha participado el SUC ha sido en Valencia, tras la DANA, lo que signific\u00f3 un importante despliegue de medios t\u00e9cnicos y humanos para colaborar en la asistencia sanitaria de los afectados.<\/p>\n<p>La asistencia del SUC a este Congreso refuerza su compromiso con la formaci\u00f3n profesional como v\u00eda clave para el desarrollo de profesiones altamente cualificadas en el sector de las emergencias sanitarias.<\/p>\n<p>&nbsp;<\/p>\n<p>&nbsp;<\/p>\n<p>&nbsp;<\/p>\n<p>&nbsp;<\/p>\n<div class=\"pvc_clear\"><\/div>\n<p id=\"pvc_stats_18617\" class=\"pvc_stats all  \" data-element-id=\"18617\" style=\"\"><i class=\"pvc-stats-icon medium\" aria-hidden=\"true\"><svg aria-hidden=\"true\" focusable=\"false\" data-prefix=\"far\" data-icon=\"chart-bar\" role=\"img\" xmlns=\"http:\/\/www.w3.org\/2000\/svg\" viewBox=\"0 0 512 512\" class=\"svg-inline--fa fa-chart-bar fa-w-16 fa-2x\"><path fill=\"currentColor\" d=\"M396.8 352h22.4c6.4 0 12.8-6.4 12.8-12.8V108.8c0-6.4-6.4-12.8-12.8-12.8h-22.4c-6.4 0-12.8 6.4-12.8 12.8v230.4c0 6.4 6.4 12.8 12.8 12.8zm-192 0h22.4c6.4 0 12.8-6.4 12.8-12.8V140.8c0-6.4-6.4-12.8-12.8-12.8h-22.4c-6.4 0-12.8 6.4-12.8 12.8v198.4c0 6.4 6.4 12.8 12.8 12.8zm96 0h22.4c6.4 0 12.8-6.4 12.8-12.8V204.8c0-6.4-6.4-12.8-12.8-12.8h-22.4c-6.4 0-12.8 6.4-12.8 12.8v134.4c0 6.4 6.4 12.8 12.8 12.8zM496 400H48V80c0-8.84-7.16-16-16-16H16C7.16 64 0 71.16 0 80v336c0 17.67 14.33 32 32 32h464c8.84 0 16-7.16 16-16v-16c0-8.84-7.16-16-16-16zm-387.2-48h22.4c6.4 0 12.8-6.4 12.8-12.8v-70.4c0-6.4-6.4-12.8-12.8-12.8h-22.4c-6.4 0-12.8 6.4-12.8 12.8v70.4c0 6.4 6.4 12.8 12.8 12.8z\" class=\"\"><\/path><\/svg><\/i> <\/p>\n<div class=\"pvc_clear\"><\/div>\n<div class=\"print\"><span class=\"page_title\">P\u00e1gina: <span>El SUC pone en valor la formaci\u00f3n como pilar de las emergencias sanitarias en Canarias<\/span><\/span>\n\t\t\t\t\t\t\t\t\t\t\t<span class=\"page_title\">Fecha de impresi\u00f3n: <span>02\/05\/2026 - 06:48:10 UTC<\/span><\/span>\n\t\t\t\t\t\t\t\t\t\t\t<span class=\"stmp_trans_date\">\u00daltima actualizaci\u00f3n: <span>06\/03\/2026 - 15:21:30<\/span><\/span>\n\t\t\t\t\t\t\t\t\t\t\t<span class=\"stmp_trans_date\">Fecha publicaci\u00f3n: <span>06\/03\/2026 - 15:20:14<\/span><\/span>\n\t\t\t\t\t\t\t\t\t\t\t<span class=\"stmp_trans_date\">Fecha creaci\u00f3n: <span>06\/03\/2026 - 15:20:14<\/span><\/span><\/div>\n\t","protected":false},"excerpt":{"rendered":"<p>El Servicio de Urgencias Canario (SUC), adscrito a la empresa p\u00fablica Gesti\u00f3n de Servicios para la Salud y Seguridad en Canarias y dependiente de la Consejer\u00eda de Sanidad, particip\u00f3 hoy viernes en el IV Congreso de Formaci\u00f3n Profesional de Canarias organizado por el CIFP Tony&#8230;<\/p>\n<div class=\"pvc_clear\"><\/div>\n<p id=\"pvc_stats_18617\" class=\"pvc_stats all  \" data-element-id=\"18617\" style=\"\"><i class=\"pvc-stats-icon medium\" aria-hidden=\"true\"><svg aria-hidden=\"true\" focusable=\"false\" data-prefix=\"far\" data-icon=\"chart-bar\" role=\"img\" xmlns=\"http:\/\/www.w3.org\/2000\/svg\" viewBox=\"0 0 512 512\" class=\"svg-inline--fa fa-chart-bar fa-w-16 fa-2x\"><path fill=\"currentColor\" d=\"M396.8 352h22.4c6.4 0 12.8-6.4 12.8-12.8V108.8c0-6.4-6.4-12.8-12.8-12.8h-22.4c-6.4 0-12.8 6.4-12.8 12.8v230.4c0 6.4 6.4 12.8 12.8 12.8zm-192 0h22.4c6.4 0 12.8-6.4 12.8-12.8V140.8c0-6.4-6.4-12.8-12.8-12.8h-22.4c-6.4 0-12.8 6.4-12.8 12.8v198.4c0 6.4 6.4 12.8 12.8 12.8zm96 0h22.4c6.4 0 12.8-6.4 12.8-12.8V204.8c0-6.4-6.4-12.8-12.8-12.8h-22.4c-6.4 0-12.8 6.4-12.8 12.8v134.4c0 6.4 6.4 12.8 12.8 12.8zM496 400H48V80c0-8.84-7.16-16-16-16H16C7.16 64 0 71.16 0 80v336c0 17.67 14.33 32 32 32h464c8.84 0 16-7.16 16-16v-16c0-8.84-7.16-16-16-16zm-387.2-48h22.4c6.4 0 12.8-6.4 12.8-12.8v-70.4c0-6.4-6.4-12.8-12.8-12.8h-22.4c-6.4 0-12.8 6.4-12.8 12.8v70.4c0 6.4 6.4 12.8 12.8 12.8z\" class=\"\"><\/path><\/svg><\/i> <img loading=\"lazy\" decoding=\"async\" width=\"16\" height=\"16\" alt=\"Loading\" src=\"https:\/\/www.gsccanarias.com\/gsc\/wp-content\/plugins\/page-views-count\/ajax-loader-2x.gif\" border=0 \/><\/p>\n<div class=\"pvc_clear\"><\/div>\n","protected":false},"author":5,"featured_media":18619,"comment_status":"closed","ping_status":"open","sticky":false,"template":"","format":"standard","meta":{"footnotes":""},"categories":[35,36],"tags":[],"class_list":["post-18617","post","type-post","status-publish","format-standard","has-post-thumbnail","hentry","category-noticias","category-ultimas-noticias"],"a3_pvc":{"activated":true,"total_views":13,"today_views":0},"yoast_head":"<!-- This site is optimized with the Yoast SEO plugin v27.5 - https:\/\/yoast.com\/product\/yoast-seo-wordpress\/ -->\n<title>El SUC pone en valor la formaci\u00f3n como pilar de las emergencias sanitarias en Canarias - GSC<\/title>\n<meta name=\"robots\" content=\"index, follow, max-snippet:-1, max-image-preview:large, max-video-preview:-1\" \/>\n<link rel=\"canonical\" href=\"https:\/\/www.gsccanarias.com\/gsc\/el-suc-pone-en-valor-la-formacion-como-pilar-de-las-emergencias-sanitarias-en-canarias\/\" \/>\n<meta property=\"og:locale\" content=\"es_ES\" \/>\n<meta property=\"og:type\" content=\"article\" \/>\n<meta property=\"og:title\" content=\"El SUC pone en valor la formaci\u00f3n como pilar de las emergencias sanitarias en Canarias - GSC\" \/>\n<meta property=\"og:description\" content=\"El Servicio de Urgencias Canario (SUC), adscrito a la empresa p\u00fablica Gesti\u00f3n de Servicios para la Salud y Seguridad en Canarias y dependiente de la Consejer\u00eda de Sanidad, particip\u00f3 hoy viernes en el IV Congreso de Formaci\u00f3n Profesional de Canarias organizado por el CIFP Tony...\" \/>\n<meta property=\"og:url\" content=\"https:\/\/www.gsccanarias.com\/gsc\/el-suc-pone-en-valor-la-formacion-como-pilar-de-las-emergencias-sanitarias-en-canarias\/\" \/>\n<meta property=\"og:site_name\" content=\"GSC\" \/>\n<meta property=\"article:published_time\" content=\"2026-03-06T15:20:14+00:00\" \/>\n<meta property=\"article:modified_time\" content=\"2026-03-06T15:21:30+00:00\" \/>\n<meta property=\"og:image\" content=\"https:\/\/www.gsccanarias.com\/gsc\/wp-content\/uploads\/2026\/03\/Foto-SUC-Congreso-FP.jpg\" \/>\n\t<meta property=\"og:image:width\" content=\"1345\" \/>\n\t<meta property=\"og:image:height\" content=\"767\" \/>\n\t<meta property=\"og:image:type\" content=\"image\/jpeg\" \/>\n<meta name=\"author\" content=\"Candelaria Ceballos Quintero\" \/>\n<meta name=\"twitter:card\" content=\"summary_large_image\" \/>\n<meta name=\"twitter:label1\" content=\"Escrito por\" \/>\n\t<meta name=\"twitter:data1\" content=\"Candelaria Ceballos Quintero\" \/>\n\t<meta name=\"twitter:label2\" content=\"Tiempo de lectura\" \/>\n\t<meta name=\"twitter:data2\" content=\"1 minuto\" \/>\n<script type=\"application\/ld+json\" class=\"yoast-schema-graph\">{\"@context\":\"https:\\\/\\\/schema.org\",\"@graph\":[{\"@type\":\"Article\",\"@id\":\"https:\\\/\\\/www.gsccanarias.com\\\/gsc\\\/el-suc-pone-en-valor-la-formacion-como-pilar-de-las-emergencias-sanitarias-en-canarias\\\/#article\",\"isPartOf\":{\"@id\":\"https:\\\/\\\/www.gsccanarias.com\\\/gsc\\\/el-suc-pone-en-valor-la-formacion-como-pilar-de-las-emergencias-sanitarias-en-canarias\\\/\"},\"author\":{\"name\":\"Candelaria Ceballos Quintero\",\"@id\":\"https:\\\/\\\/www.gsccanarias.com\\\/gsc\\\/#\\\/schema\\\/person\\\/5b9901f4eee7cadbed4628c907cce21f\"},\"headline\":\"El SUC pone en valor la formaci\u00f3n como pilar de las emergencias sanitarias en Canarias\",\"datePublished\":\"2026-03-06T15:20:14+00:00\",\"dateModified\":\"2026-03-06T15:21:30+00:00\",\"mainEntityOfPage\":{\"@id\":\"https:\\\/\\\/www.gsccanarias.com\\\/gsc\\\/el-suc-pone-en-valor-la-formacion-como-pilar-de-las-emergencias-sanitarias-en-canarias\\\/\"},\"wordCount\":238,\"image\":{\"@id\":\"https:\\\/\\\/www.gsccanarias.com\\\/gsc\\\/el-suc-pone-en-valor-la-formacion-como-pilar-de-las-emergencias-sanitarias-en-canarias\\\/#primaryimage\"},\"thumbnailUrl\":\"https:\\\/\\\/www.gsccanarias.com\\\/gsc\\\/wp-content\\\/uploads\\\/2026\\\/03\\\/Foto-SUC-Congreso-FP.jpg\",\"articleSection\":[\"Noticias\",\"\u00daltimas noticias\"],\"inLanguage\":\"es\"},{\"@type\":\"WebPage\",\"@id\":\"https:\\\/\\\/www.gsccanarias.com\\\/gsc\\\/el-suc-pone-en-valor-la-formacion-como-pilar-de-las-emergencias-sanitarias-en-canarias\\\/\",\"url\":\"https:\\\/\\\/www.gsccanarias.com\\\/gsc\\\/el-suc-pone-en-valor-la-formacion-como-pilar-de-las-emergencias-sanitarias-en-canarias\\\/\",\"name\":\"El SUC pone en valor la formaci\u00f3n como pilar de las emergencias sanitarias en Canarias - GSC\",\"isPartOf\":{\"@id\":\"https:\\\/\\\/www.gsccanarias.com\\\/gsc\\\/#website\"},\"primaryImageOfPage\":{\"@id\":\"https:\\\/\\\/www.gsccanarias.com\\\/gsc\\\/el-suc-pone-en-valor-la-formacion-como-pilar-de-las-emergencias-sanitarias-en-canarias\\\/#primaryimage\"},\"image\":{\"@id\":\"https:\\\/\\\/www.gsccanarias.com\\\/gsc\\\/el-suc-pone-en-valor-la-formacion-como-pilar-de-las-emergencias-sanitarias-en-canarias\\\/#primaryimage\"},\"thumbnailUrl\":\"https:\\\/\\\/www.gsccanarias.com\\\/gsc\\\/wp-content\\\/uploads\\\/2026\\\/03\\\/Foto-SUC-Congreso-FP.jpg\",\"datePublished\":\"2026-03-06T15:20:14+00:00\",\"dateModified\":\"2026-03-06T15:21:30+00:00\",\"author\":{\"@id\":\"https:\\\/\\\/www.gsccanarias.com\\\/gsc\\\/#\\\/schema\\\/person\\\/5b9901f4eee7cadbed4628c907cce21f\"},\"breadcrumb\":{\"@id\":\"https:\\\/\\\/www.gsccanarias.com\\\/gsc\\\/el-suc-pone-en-valor-la-formacion-como-pilar-de-las-emergencias-sanitarias-en-canarias\\\/#breadcrumb\"},\"inLanguage\":\"es\",\"potentialAction\":[{\"@type\":\"ReadAction\",\"target\":[\"https:\\\/\\\/www.gsccanarias.com\\\/gsc\\\/el-suc-pone-en-valor-la-formacion-como-pilar-de-las-emergencias-sanitarias-en-canarias\\\/\"]}]},{\"@type\":\"ImageObject\",\"inLanguage\":\"es\",\"@id\":\"https:\\\/\\\/www.gsccanarias.com\\\/gsc\\\/el-suc-pone-en-valor-la-formacion-como-pilar-de-las-emergencias-sanitarias-en-canarias\\\/#primaryimage\",\"url\":\"https:\\\/\\\/www.gsccanarias.com\\\/gsc\\\/wp-content\\\/uploads\\\/2026\\\/03\\\/Foto-SUC-Congreso-FP.jpg\",\"contentUrl\":\"https:\\\/\\\/www.gsccanarias.com\\\/gsc\\\/wp-content\\\/uploads\\\/2026\\\/03\\\/Foto-SUC-Congreso-FP.jpg\",\"width\":1345,\"height\":767},{\"@type\":\"BreadcrumbList\",\"@id\":\"https:\\\/\\\/www.gsccanarias.com\\\/gsc\\\/el-suc-pone-en-valor-la-formacion-como-pilar-de-las-emergencias-sanitarias-en-canarias\\\/#breadcrumb\",\"itemListElement\":[{\"@type\":\"ListItem\",\"position\":1,\"name\":\"Portada\",\"item\":\"https:\\\/\\\/www.gsccanarias.com\\\/gsc\\\/\"},{\"@type\":\"ListItem\",\"position\":2,\"name\":\"El SUC pone en valor la formaci\u00f3n como pilar de las emergencias sanitarias en Canarias\"}]},{\"@type\":\"WebSite\",\"@id\":\"https:\\\/\\\/www.gsccanarias.com\\\/gsc\\\/#website\",\"url\":\"https:\\\/\\\/www.gsccanarias.com\\\/gsc\\\/\",\"name\":\"GSC\",\"description\":\"Administramos servicios relacionados con la salud, las emergencias, la seguridad y el transporte sanitario\",\"potentialAction\":[{\"@type\":\"SearchAction\",\"target\":{\"@type\":\"EntryPoint\",\"urlTemplate\":\"https:\\\/\\\/www.gsccanarias.com\\\/gsc\\\/?s={search_term_string}\"},\"query-input\":{\"@type\":\"PropertyValueSpecification\",\"valueRequired\":true,\"valueName\":\"search_term_string\"}}],\"inLanguage\":\"es\"},{\"@type\":\"Person\",\"@id\":\"https:\\\/\\\/www.gsccanarias.com\\\/gsc\\\/#\\\/schema\\\/person\\\/5b9901f4eee7cadbed4628c907cce21f\",\"name\":\"Candelaria Ceballos Quintero\",\"image\":{\"@type\":\"ImageObject\",\"inLanguage\":\"es\",\"@id\":\"https:\\\/\\\/secure.gravatar.com\\\/avatar\\\/4f9946c8a8e26afcca94f05df1786a5365e8e246fff67757b9108a432cd46e0d?s=96&d=mm&r=g\",\"url\":\"https:\\\/\\\/secure.gravatar.com\\\/avatar\\\/4f9946c8a8e26afcca94f05df1786a5365e8e246fff67757b9108a432cd46e0d?s=96&d=mm&r=g\",\"contentUrl\":\"https:\\\/\\\/secure.gravatar.com\\\/avatar\\\/4f9946c8a8e26afcca94f05df1786a5365e8e246fff67757b9108a432cd46e0d?s=96&d=mm&r=g\",\"caption\":\"Candelaria Ceballos Quintero\"},\"url\":\"https:\\\/\\\/www.gsccanarias.com\\\/gsc\\\/author\\\/candelaria\\\/\"}]}<\/script>\n<!-- \/ Yoast SEO plugin. -->","yoast_head_json":{"title":"El SUC pone en valor la formaci\u00f3n como pilar de las emergencias sanitarias en Canarias - GSC","robots":{"index":"index","follow":"follow","max-snippet":"max-snippet:-1","max-image-preview":"max-image-preview:large","max-video-preview":"max-video-preview:-1"},"canonical":"https:\/\/www.gsccanarias.com\/gsc\/el-suc-pone-en-valor-la-formacion-como-pilar-de-las-emergencias-sanitarias-en-canarias\/","og_locale":"es_ES","og_type":"article","og_title":"El SUC pone en valor la formaci\u00f3n como pilar de las emergencias sanitarias en Canarias - GSC","og_description":"El Servicio de Urgencias Canario (SUC), adscrito a la empresa p\u00fablica Gesti\u00f3n de Servicios para la Salud y Seguridad en Canarias y dependiente de la Consejer\u00eda de Sanidad, particip\u00f3 hoy viernes en el IV Congreso de Formaci\u00f3n Profesional de Canarias organizado por el CIFP Tony...","og_url":"https:\/\/www.gsccanarias.com\/gsc\/el-suc-pone-en-valor-la-formacion-como-pilar-de-las-emergencias-sanitarias-en-canarias\/","og_site_name":"GSC","article_published_time":"2026-03-06T15:20:14+00:00","article_modified_time":"2026-03-06T15:21:30+00:00","og_image":[{"width":1345,"height":767,"url":"https:\/\/www.gsccanarias.com\/gsc\/wp-content\/uploads\/2026\/03\/Foto-SUC-Congreso-FP.jpg","type":"image\/jpeg"}],"author":"Candelaria Ceballos Quintero","twitter_card":"summary_large_image","twitter_misc":{"Escrito por":"Candelaria Ceballos Quintero","Tiempo de lectura":"1 minuto"},"schema":{"@context":"https:\/\/schema.org","@graph":[{"@type":"Article","@id":"https:\/\/www.gsccanarias.com\/gsc\/el-suc-pone-en-valor-la-formacion-como-pilar-de-las-emergencias-sanitarias-en-canarias\/#article","isPartOf":{"@id":"https:\/\/www.gsccanarias.com\/gsc\/el-suc-pone-en-valor-la-formacion-como-pilar-de-las-emergencias-sanitarias-en-canarias\/"},"author":{"name":"Candelaria Ceballos Quintero","@id":"https:\/\/www.gsccanarias.com\/gsc\/#\/schema\/person\/5b9901f4eee7cadbed4628c907cce21f"},"headline":"El SUC pone en valor la formaci\u00f3n como pilar de las emergencias sanitarias en Canarias","datePublished":"2026-03-06T15:20:14+00:00","dateModified":"2026-03-06T15:21:30+00:00","mainEntityOfPage":{"@id":"https:\/\/www.gsccanarias.com\/gsc\/el-suc-pone-en-valor-la-formacion-como-pilar-de-las-emergencias-sanitarias-en-canarias\/"},"wordCount":238,"image":{"@id":"https:\/\/www.gsccanarias.com\/gsc\/el-suc-pone-en-valor-la-formacion-como-pilar-de-las-emergencias-sanitarias-en-canarias\/#primaryimage"},"thumbnailUrl":"https:\/\/www.gsccanarias.com\/gsc\/wp-content\/uploads\/2026\/03\/Foto-SUC-Congreso-FP.jpg","articleSection":["Noticias","\u00daltimas noticias"],"inLanguage":"es"},{"@type":"WebPage","@id":"https:\/\/www.gsccanarias.com\/gsc\/el-suc-pone-en-valor-la-formacion-como-pilar-de-las-emergencias-sanitarias-en-canarias\/","url":"https:\/\/www.gsccanarias.com\/gsc\/el-suc-pone-en-valor-la-formacion-como-pilar-de-las-emergencias-sanitarias-en-canarias\/","name":"El SUC pone en valor la formaci\u00f3n como pilar de las emergencias sanitarias en Canarias - GSC","isPartOf":{"@id":"https:\/\/www.gsccanarias.com\/gsc\/#website"},"primaryImageOfPage":{"@id":"https:\/\/www.gsccanarias.com\/gsc\/el-suc-pone-en-valor-la-formacion-como-pilar-de-las-emergencias-sanitarias-en-canarias\/#primaryimage"},"image":{"@id":"https:\/\/www.gsccanarias.com\/gsc\/el-suc-pone-en-valor-la-formacion-como-pilar-de-las-emergencias-sanitarias-en-canarias\/#primaryimage"},"thumbnailUrl":"https:\/\/www.gsccanarias.com\/gsc\/wp-content\/uploads\/2026\/03\/Foto-SUC-Congreso-FP.jpg","datePublished":"2026-03-06T15:20:14+00:00","dateModified":"2026-03-06T15:21:30+00:00","author":{"@id":"https:\/\/www.gsccanarias.com\/gsc\/#\/schema\/person\/5b9901f4eee7cadbed4628c907cce21f"},"breadcrumb":{"@id":"https:\/\/www.gsccanarias.com\/gsc\/el-suc-pone-en-valor-la-formacion-como-pilar-de-las-emergencias-sanitarias-en-canarias\/#breadcrumb"},"inLanguage":"es","potentialAction":[{"@type":"ReadAction","target":["https:\/\/www.gsccanarias.com\/gsc\/el-suc-pone-en-valor-la-formacion-como-pilar-de-las-emergencias-sanitarias-en-canarias\/"]}]},{"@type":"ImageObject","inLanguage":"es","@id":"https:\/\/www.gsccanarias.com\/gsc\/el-suc-pone-en-valor-la-formacion-como-pilar-de-las-emergencias-sanitarias-en-canarias\/#primaryimage","url":"https:\/\/www.gsccanarias.com\/gsc\/wp-content\/uploads\/2026\/03\/Foto-SUC-Congreso-FP.jpg","contentUrl":"https:\/\/www.gsccanarias.com\/gsc\/wp-content\/uploads\/2026\/03\/Foto-SUC-Congreso-FP.jpg","width":1345,"height":767},{"@type":"BreadcrumbList","@id":"https:\/\/www.gsccanarias.com\/gsc\/el-suc-pone-en-valor-la-formacion-como-pilar-de-las-emergencias-sanitarias-en-canarias\/#breadcrumb","itemListElement":[{"@type":"ListItem","position":1,"name":"Portada","item":"https:\/\/www.gsccanarias.com\/gsc\/"},{"@type":"ListItem","position":2,"name":"El SUC pone en valor la formaci\u00f3n como pilar de las emergencias sanitarias en Canarias"}]},{"@type":"WebSite","@id":"https:\/\/www.gsccanarias.com\/gsc\/#website","url":"https:\/\/www.gsccanarias.com\/gsc\/","name":"GSC","description":"Administramos servicios relacionados con la salud, las emergencias, la seguridad y el transporte sanitario","potentialAction":[{"@type":"SearchAction","target":{"@type":"EntryPoint","urlTemplate":"https:\/\/www.gsccanarias.com\/gsc\/?s={search_term_string}"},"query-input":{"@type":"PropertyValueSpecification","valueRequired":true,"valueName":"search_term_string"}}],"inLanguage":"es"},{"@type":"Person","@id":"https:\/\/www.gsccanarias.com\/gsc\/#\/schema\/person\/5b9901f4eee7cadbed4628c907cce21f","name":"Candelaria Ceballos Quintero","image":{"@type":"ImageObject","inLanguage":"es","@id":"https:\/\/secure.gravatar.com\/avatar\/4f9946c8a8e26afcca94f05df1786a5365e8e246fff67757b9108a432cd46e0d?s=96&d=mm&r=g","url":"https:\/\/secure.gravatar.com\/avatar\/4f9946c8a8e26afcca94f05df1786a5365e8e246fff67757b9108a432cd46e0d?s=96&d=mm&r=g","contentUrl":"https:\/\/secure.gravatar.com\/avatar\/4f9946c8a8e26afcca94f05df1786a5365e8e246fff67757b9108a432cd46e0d?s=96&d=mm&r=g","caption":"Candelaria Ceballos Quintero"},"url":"https:\/\/www.gsccanarias.com\/gsc\/author\/candelaria\/"}]}},"publishpress_future_workflow_manual_trigger":{"enabledWorkflows":[]},"_links":{"self":[{"href":"https:\/\/www.gsccanarias.com\/gsc\/wp-json\/wp\/v2\/posts\/18617","targetHints":{"allow":["GET"]}}],"collection":[{"href":"https:\/\/www.gsccanarias.com\/gsc\/wp-json\/wp\/v2\/posts"}],"about":[{"href":"https:\/\/www.gsccanarias.com\/gsc\/wp-json\/wp\/v2\/types\/post"}],"author":[{"embeddable":true,"href":"https:\/\/www.gsccanarias.com\/gsc\/wp-json\/wp\/v2\/users\/5"}],"replies":[{"embeddable":true,"href":"https:\/\/www.gsccanarias.com\/gsc\/wp-json\/wp\/v2\/comments?post=18617"}],"version-history":[{"count":1,"href":"https:\/\/www.gsccanarias.com\/gsc\/wp-json\/wp\/v2\/posts\/18617\/revisions"}],"predecessor-version":[{"id":18618,"href":"https:\/\/www.gsccanarias.com\/gsc\/wp-json\/wp\/v2\/posts\/18617\/revisions\/18618"}],"wp:featuredmedia":[{"embeddable":true,"href":"https:\/\/www.gsccanarias.com\/gsc\/wp-json\/wp\/v2\/media\/18619"}],"wp:attachment":[{"href":"https:\/\/www.gsccanarias.com\/gsc\/wp-json\/wp\/v2\/media?parent=18617"}],"wp:term":[{"taxonomy":"category","embeddable":true,"href":"https:\/\/www.gsccanarias.com\/gsc\/wp-json\/wp\/v2\/categories?post=18617"},{"taxonomy":"post_tag","embeddable":true,"href":"https:\/\/www.gsccanarias.com\/gsc\/wp-json\/wp\/v2\/tags?post=18617"}],"curies":[{"name":"wp","href":"https:\/\/api.w.org\/{rel}","templated":true}]}}