{"id":18421,"date":"2026-01-27T19:00:28","date_gmt":"2026-01-27T19:00:28","guid":{"rendered":"https:\/\/www.gsccanarias.com\/gsc\/?p=18421"},"modified":"2026-01-27T19:05:55","modified_gmt":"2026-01-27T19:05:55","slug":"el-gobierno-advierte-a-la-poblacion-ante-el-empeoramiento-del-estado-del-mar-a-partir-de-esta-medianoche","status":"publish","type":"post","link":"https:\/\/www.gsccanarias.com\/gsc\/el-gobierno-advierte-a-la-poblacion-ante-el-empeoramiento-del-estado-del-mar-a-partir-de-esta-medianoche\/","title":{"rendered":"El Gobierno advierte a la poblaci\u00f3n ante el empeoramiento del estado del mar a partir de esta medianoche"},"content":{"rendered":"<blockquote><p>La Direcci\u00f3n General de Emergencias ha actualizado la situaci\u00f3n de alerta por fen\u00f3menos costeros en Canarias<\/p>\n<p>Las zonas m\u00e1s afectadas ser\u00e1n las costas abiertas al norte y al oeste<\/p><\/blockquote>\n<p><strong>El Gobierno de Canarias ha actualizado la situaci\u00f3n y declarado la alerta por fen\u00f3menos costeros a partir de la media noche, por lo que a partir de las 00:00 horas del mi\u00e9rcoles 28 de enero, las islas de El Hierro, La Palma y La Gomera, as\u00ed como el litoral norte y oeste de las islas de Tenerife, Gran Canaria, Lanzarote y Fuerteventura -incluyendo la totalidad de las costas de Jand\u00eda- ser\u00e1n las zonas m\u00e1s afectadas por el empeoramiento del estado del mar y las que estar\u00e1n bajo la situaci\u00f3n de alerta.<\/strong><\/p>\n<p>En las costas del este y sureste de Tenerife, Gran Canaria, Fuerteventura y Lanzarote, se mantiene la situaci\u00f3n de prealerta por fen\u00f3menos costeros.<\/p>\n<p>Esta decisi\u00f3n se toma en aplicaci\u00f3n del Plan Espec\u00edfico de Emergencias de Canarias por Riesgos de Fen\u00f3menos Meteorol\u00f3gicos Adversos (PEFMA) y teniendo en cuenta la informaci\u00f3n facilitada por la Agencia Estatal de Meteorolog\u00eda y otras fuentes disponibles que prev\u00e9n mar combinada del noroeste con olas de entre cuatro y cinco metros de altura, principalmente por mar de fondo, que afectar\u00e1 con especial intensidad a las costas abiertas al norte y al oeste. En las costas del este y sureste, la previsi\u00f3n apunta a que las olas no sobrepasar\u00e1n los 2 metros de altura, en general.<\/p>\n<p>El periodo del oleaje largo ser\u00e1 de 16 a 18 segundos, lo que viene a indicar un mar de fondo importante, con un coeficiente de mareas medio tanto para el mi\u00e9rcoles, de 52, como para el jueves, de 61. Este coeficiente indica la amplitud de las mareas, es decir si sube mucho durante la pleamar o baja m\u00e1s durante la bajamar. En ese sentido, para el mi\u00e9rcoles se espera un coeficiente medio-bajo, con mareas que ser\u00e1n bastante suaves, sin grandes subidas ni bajadas del mar. Para el jueves, al subir algo el coeficiente, las mareas se notar\u00e1n un poco m\u00e1s que el mi\u00e9rcoles..<\/p>\n<p>En este sentido, es conveniente tener en cuenta el horario de las pleamares. El mi\u00e9rcoles 28, la pleamar de la ma\u00f1ana ser\u00e1 de 08:55 a 09:15 horas, y la pleamar de la noche de 21:40 hasta las 22:00 horas, seg\u00fan las diferentes localidades. El jueves 29 la pleamar de la ma\u00f1ana se espera de 10:20 a 10:40 horas y la pleamar de la noche de 22:45 a 23:10 horas, tambi\u00e9n seg\u00fan las diferentes localidades.<\/p>\n<p>Ante este empeoramiento del mar, el Ejecutivo auton\u00f3mico insiste en advertir a la poblaci\u00f3n la necesidad de evitar situaciones de riesgo y adoptar las medidas adecuadas para prevenir accidentes como no como situarse en muelles y escolleras, ni permanecer en lugares cercanos al mar para evitar ser golpeados o arrastrados por el oleaje.<\/p>\n<p>Las actividades n\u00e1uticas o deportivas previstas para estos d\u00edas deben aplazarse as\u00ed como evitar la pesca en zonas de riesgo y nunca ba\u00f1arse en playas apartadas, que no se conozcan suficientemente porque puede haber remolinos locales, donde haya fuerte oleaje y resaca o que carezcan de servicios de vigilancia y salvamento.<\/p>\n<p>Asimismo, si se aprecia cierto oleaje fuera de lo normal no se debe permanecer cerca del mar, ni acercarse aunque se calme de repente y mucho menos arriesgarse a sacar fotograf\u00edas o v\u00eddeos cerca de donde rompen las olas.<\/p>\n<p>Por \u00faltimo, es muy importante respetar las banderas y las indicaciones de los socorristas y de los servicios de seguridad si hay zonas prohibidas al ba\u00f1o y si nos encontramos en tierra y vemos que alguien ha ca\u00eddo al agua hay que avisar inmediatamente al 1-1-2.<\/p>\n<div class=\"pvc_clear\"><\/div>\n<p id=\"pvc_stats_18421\" class=\"pvc_stats all  \" data-element-id=\"18421\" style=\"\"><i class=\"pvc-stats-icon medium\" aria-hidden=\"true\"><svg aria-hidden=\"true\" focusable=\"false\" data-prefix=\"far\" data-icon=\"chart-bar\" role=\"img\" xmlns=\"http:\/\/www.w3.org\/2000\/svg\" viewBox=\"0 0 512 512\" class=\"svg-inline--fa fa-chart-bar fa-w-16 fa-2x\"><path fill=\"currentColor\" d=\"M396.8 352h22.4c6.4 0 12.8-6.4 12.8-12.8V108.8c0-6.4-6.4-12.8-12.8-12.8h-22.4c-6.4 0-12.8 6.4-12.8 12.8v230.4c0 6.4 6.4 12.8 12.8 12.8zm-192 0h22.4c6.4 0 12.8-6.4 12.8-12.8V140.8c0-6.4-6.4-12.8-12.8-12.8h-22.4c-6.4 0-12.8 6.4-12.8 12.8v198.4c0 6.4 6.4 12.8 12.8 12.8zm96 0h22.4c6.4 0 12.8-6.4 12.8-12.8V204.8c0-6.4-6.4-12.8-12.8-12.8h-22.4c-6.4 0-12.8 6.4-12.8 12.8v134.4c0 6.4 6.4 12.8 12.8 12.8zM496 400H48V80c0-8.84-7.16-16-16-16H16C7.16 64 0 71.16 0 80v336c0 17.67 14.33 32 32 32h464c8.84 0 16-7.16 16-16v-16c0-8.84-7.16-16-16-16zm-387.2-48h22.4c6.4 0 12.8-6.4 12.8-12.8v-70.4c0-6.4-6.4-12.8-12.8-12.8h-22.4c-6.4 0-12.8 6.4-12.8 12.8v70.4c0 6.4 6.4 12.8 12.8 12.8z\" class=\"\"><\/path><\/svg><\/i> <\/p>\n<div class=\"pvc_clear\"><\/div>\n<div class=\"print\"><span class=\"page_title\">P\u00e1gina: <span>El Gobierno advierte a la poblaci\u00f3n ante el empeoramiento del estado del mar a partir de esta medianoche<\/span><\/span>\n\t\t\t\t\t\t\t\t\t\t\t<span class=\"page_title\">Fecha de impresi\u00f3n: <span>30\/04\/2026 - 02:40:05 UTC<\/span><\/span>\n\t\t\t\t\t\t\t\t\t\t\t<span class=\"stmp_trans_date\">\u00daltima actualizaci\u00f3n: <span>27\/01\/2026 - 19:05:55<\/span><\/span>\n\t\t\t\t\t\t\t\t\t\t\t<span class=\"stmp_trans_date\">Fecha publicaci\u00f3n: <span>27\/01\/2026 - 19:00:28<\/span><\/span>\n\t\t\t\t\t\t\t\t\t\t\t<span class=\"stmp_trans_date\">Fecha creaci\u00f3n: <span>27\/01\/2026 - 19:00:28<\/span><\/span><\/div>\n\t","protected":false},"excerpt":{"rendered":"<p>La Direcci\u00f3n General de Emergencias ha actualizado la situaci\u00f3n de alerta por fen\u00f3menos costeros en Canarias Las zonas m\u00e1s afectadas ser\u00e1n las costas abiertas al norte y al oeste El Gobierno de Canarias ha actualizado la situaci\u00f3n y declarado la alerta por fen\u00f3menos costeros a&#8230;<\/p>\n<div class=\"pvc_clear\"><\/div>\n<p id=\"pvc_stats_18421\" class=\"pvc_stats all  \" data-element-id=\"18421\" style=\"\"><i class=\"pvc-stats-icon medium\" aria-hidden=\"true\"><svg aria-hidden=\"true\" focusable=\"false\" data-prefix=\"far\" data-icon=\"chart-bar\" role=\"img\" xmlns=\"http:\/\/www.w3.org\/2000\/svg\" viewBox=\"0 0 512 512\" class=\"svg-inline--fa fa-chart-bar fa-w-16 fa-2x\"><path fill=\"currentColor\" d=\"M396.8 352h22.4c6.4 0 12.8-6.4 12.8-12.8V108.8c0-6.4-6.4-12.8-12.8-12.8h-22.4c-6.4 0-12.8 6.4-12.8 12.8v230.4c0 6.4 6.4 12.8 12.8 12.8zm-192 0h22.4c6.4 0 12.8-6.4 12.8-12.8V140.8c0-6.4-6.4-12.8-12.8-12.8h-22.4c-6.4 0-12.8 6.4-12.8 12.8v198.4c0 6.4 6.4 12.8 12.8 12.8zm96 0h22.4c6.4 0 12.8-6.4 12.8-12.8V204.8c0-6.4-6.4-12.8-12.8-12.8h-22.4c-6.4 0-12.8 6.4-12.8 12.8v134.4c0 6.4 6.4 12.8 12.8 12.8zM496 400H48V80c0-8.84-7.16-16-16-16H16C7.16 64 0 71.16 0 80v336c0 17.67 14.33 32 32 32h464c8.84 0 16-7.16 16-16v-16c0-8.84-7.16-16-16-16zm-387.2-48h22.4c6.4 0 12.8-6.4 12.8-12.8v-70.4c0-6.4-6.4-12.8-12.8-12.8h-22.4c-6.4 0-12.8 6.4-12.8 12.8v70.4c0 6.4 6.4 12.8 12.8 12.8z\" class=\"\"><\/path><\/svg><\/i> <img loading=\"lazy\" decoding=\"async\" width=\"16\" height=\"16\" alt=\"Loading\" src=\"https:\/\/www.gsccanarias.com\/gsc\/wp-content\/plugins\/page-views-count\/ajax-loader-2x.gif\" border=0 \/><\/p>\n<div class=\"pvc_clear\"><\/div>\n","protected":false},"author":2,"featured_media":18422,"comment_status":"closed","ping_status":"open","sticky":false,"template":"","format":"standard","meta":{"footnotes":""},"categories":[35,36],"tags":[],"class_list":["post-18421","post","type-post","status-publish","format-standard","has-post-thumbnail","hentry","category-noticias","category-ultimas-noticias"],"a3_pvc":{"activated":true,"total_views":14,"today_views":0},"yoast_head":"<!-- This site is optimized with the Yoast SEO plugin v27.5 - https:\/\/yoast.com\/product\/yoast-seo-wordpress\/ -->\n<title>El Gobierno advierte a la poblaci\u00f3n ante el empeoramiento del estado del mar a partir de esta medianoche - GSC<\/title>\n<meta name=\"robots\" content=\"index, follow, max-snippet:-1, max-image-preview:large, max-video-preview:-1\" \/>\n<link rel=\"canonical\" href=\"https:\/\/www.gsccanarias.com\/gsc\/el-gobierno-advierte-a-la-poblacion-ante-el-empeoramiento-del-estado-del-mar-a-partir-de-esta-medianoche\/\" \/>\n<meta property=\"og:locale\" content=\"es_ES\" \/>\n<meta property=\"og:type\" content=\"article\" \/>\n<meta property=\"og:title\" content=\"El Gobierno advierte a la poblaci\u00f3n ante el empeoramiento del estado del mar a partir de esta medianoche - GSC\" \/>\n<meta property=\"og:description\" content=\"La Direcci\u00f3n General de Emergencias ha actualizado la situaci\u00f3n de alerta por fen\u00f3menos costeros en Canarias Las zonas m\u00e1s afectadas ser\u00e1n las costas abiertas al norte y al oeste El Gobierno de Canarias ha actualizado la situaci\u00f3n y declarado la alerta por fen\u00f3menos costeros a...\" \/>\n<meta property=\"og:url\" content=\"https:\/\/www.gsccanarias.com\/gsc\/el-gobierno-advierte-a-la-poblacion-ante-el-empeoramiento-del-estado-del-mar-a-partir-de-esta-medianoche\/\" \/>\n<meta property=\"og:site_name\" content=\"GSC\" \/>\n<meta property=\"article:published_time\" content=\"2026-01-27T19:00:28+00:00\" \/>\n<meta property=\"article:modified_time\" content=\"2026-01-27T19:05:55+00:00\" \/>\n<meta property=\"og:image\" content=\"https:\/\/www.gsccanarias.com\/gsc\/wp-content\/uploads\/2026\/01\/Detalle-112.jpg\" \/>\n\t<meta property=\"og:image:width\" content=\"1700\" \/>\n\t<meta property=\"og:image:height\" content=\"1275\" \/>\n\t<meta property=\"og:image:type\" content=\"image\/jpeg\" \/>\n<meta name=\"author\" content=\"Laura Otero Bautista\" \/>\n<meta name=\"twitter:card\" content=\"summary_large_image\" \/>\n<meta name=\"twitter:label1\" content=\"Escrito por\" \/>\n\t<meta name=\"twitter:data1\" content=\"Laura Otero Bautista\" \/>\n\t<meta name=\"twitter:label2\" content=\"Tiempo de lectura\" \/>\n\t<meta name=\"twitter:data2\" content=\"3 minutos\" \/>\n<script type=\"application\/ld+json\" class=\"yoast-schema-graph\">{\"@context\":\"https:\\\/\\\/schema.org\",\"@graph\":[{\"@type\":\"Article\",\"@id\":\"https:\\\/\\\/www.gsccanarias.com\\\/gsc\\\/el-gobierno-advierte-a-la-poblacion-ante-el-empeoramiento-del-estado-del-mar-a-partir-de-esta-medianoche\\\/#article\",\"isPartOf\":{\"@id\":\"https:\\\/\\\/www.gsccanarias.com\\\/gsc\\\/el-gobierno-advierte-a-la-poblacion-ante-el-empeoramiento-del-estado-del-mar-a-partir-de-esta-medianoche\\\/\"},\"author\":{\"name\":\"Laura Otero Bautista\",\"@id\":\"https:\\\/\\\/www.gsccanarias.com\\\/gsc\\\/#\\\/schema\\\/person\\\/b8c013c501758bed823e398f9867c23b\"},\"headline\":\"El Gobierno advierte a la poblaci\u00f3n ante el empeoramiento del estado del mar a partir de esta medianoche\",\"datePublished\":\"2026-01-27T19:00:28+00:00\",\"dateModified\":\"2026-01-27T19:05:55+00:00\",\"mainEntityOfPage\":{\"@id\":\"https:\\\/\\\/www.gsccanarias.com\\\/gsc\\\/el-gobierno-advierte-a-la-poblacion-ante-el-empeoramiento-del-estado-del-mar-a-partir-de-esta-medianoche\\\/\"},\"wordCount\":654,\"image\":{\"@id\":\"https:\\\/\\\/www.gsccanarias.com\\\/gsc\\\/el-gobierno-advierte-a-la-poblacion-ante-el-empeoramiento-del-estado-del-mar-a-partir-de-esta-medianoche\\\/#primaryimage\"},\"thumbnailUrl\":\"https:\\\/\\\/www.gsccanarias.com\\\/gsc\\\/wp-content\\\/uploads\\\/2026\\\/01\\\/Detalle-112.jpg\",\"articleSection\":[\"Noticias\",\"\u00daltimas noticias\"],\"inLanguage\":\"es\"},{\"@type\":\"WebPage\",\"@id\":\"https:\\\/\\\/www.gsccanarias.com\\\/gsc\\\/el-gobierno-advierte-a-la-poblacion-ante-el-empeoramiento-del-estado-del-mar-a-partir-de-esta-medianoche\\\/\",\"url\":\"https:\\\/\\\/www.gsccanarias.com\\\/gsc\\\/el-gobierno-advierte-a-la-poblacion-ante-el-empeoramiento-del-estado-del-mar-a-partir-de-esta-medianoche\\\/\",\"name\":\"El Gobierno advierte a la poblaci\u00f3n ante el empeoramiento del estado del mar a partir de esta medianoche - GSC\",\"isPartOf\":{\"@id\":\"https:\\\/\\\/www.gsccanarias.com\\\/gsc\\\/#website\"},\"primaryImageOfPage\":{\"@id\":\"https:\\\/\\\/www.gsccanarias.com\\\/gsc\\\/el-gobierno-advierte-a-la-poblacion-ante-el-empeoramiento-del-estado-del-mar-a-partir-de-esta-medianoche\\\/#primaryimage\"},\"image\":{\"@id\":\"https:\\\/\\\/www.gsccanarias.com\\\/gsc\\\/el-gobierno-advierte-a-la-poblacion-ante-el-empeoramiento-del-estado-del-mar-a-partir-de-esta-medianoche\\\/#primaryimage\"},\"thumbnailUrl\":\"https:\\\/\\\/www.gsccanarias.com\\\/gsc\\\/wp-content\\\/uploads\\\/2026\\\/01\\\/Detalle-112.jpg\",\"datePublished\":\"2026-01-27T19:00:28+00:00\",\"dateModified\":\"2026-01-27T19:05:55+00:00\",\"author\":{\"@id\":\"https:\\\/\\\/www.gsccanarias.com\\\/gsc\\\/#\\\/schema\\\/person\\\/b8c013c501758bed823e398f9867c23b\"},\"breadcrumb\":{\"@id\":\"https:\\\/\\\/www.gsccanarias.com\\\/gsc\\\/el-gobierno-advierte-a-la-poblacion-ante-el-empeoramiento-del-estado-del-mar-a-partir-de-esta-medianoche\\\/#breadcrumb\"},\"inLanguage\":\"es\",\"potentialAction\":[{\"@type\":\"ReadAction\",\"target\":[\"https:\\\/\\\/www.gsccanarias.com\\\/gsc\\\/el-gobierno-advierte-a-la-poblacion-ante-el-empeoramiento-del-estado-del-mar-a-partir-de-esta-medianoche\\\/\"]}]},{\"@type\":\"ImageObject\",\"inLanguage\":\"es\",\"@id\":\"https:\\\/\\\/www.gsccanarias.com\\\/gsc\\\/el-gobierno-advierte-a-la-poblacion-ante-el-empeoramiento-del-estado-del-mar-a-partir-de-esta-medianoche\\\/#primaryimage\",\"url\":\"https:\\\/\\\/www.gsccanarias.com\\\/gsc\\\/wp-content\\\/uploads\\\/2026\\\/01\\\/Detalle-112.jpg\",\"contentUrl\":\"https:\\\/\\\/www.gsccanarias.com\\\/gsc\\\/wp-content\\\/uploads\\\/2026\\\/01\\\/Detalle-112.jpg\",\"width\":1700,\"height\":1275,\"caption\":\"Reportaje amplio sobre las instalaciones y personal del GSC Gran Canaria\"},{\"@type\":\"BreadcrumbList\",\"@id\":\"https:\\\/\\\/www.gsccanarias.com\\\/gsc\\\/el-gobierno-advierte-a-la-poblacion-ante-el-empeoramiento-del-estado-del-mar-a-partir-de-esta-medianoche\\\/#breadcrumb\",\"itemListElement\":[{\"@type\":\"ListItem\",\"position\":1,\"name\":\"Portada\",\"item\":\"https:\\\/\\\/www.gsccanarias.com\\\/gsc\\\/\"},{\"@type\":\"ListItem\",\"position\":2,\"name\":\"El Gobierno advierte a la poblaci\u00f3n ante el empeoramiento del estado del mar a partir de esta medianoche\"}]},{\"@type\":\"WebSite\",\"@id\":\"https:\\\/\\\/www.gsccanarias.com\\\/gsc\\\/#website\",\"url\":\"https:\\\/\\\/www.gsccanarias.com\\\/gsc\\\/\",\"name\":\"GSC\",\"description\":\"Administramos servicios relacionados con la salud, las emergencias, la seguridad y el transporte sanitario\",\"potentialAction\":[{\"@type\":\"SearchAction\",\"target\":{\"@type\":\"EntryPoint\",\"urlTemplate\":\"https:\\\/\\\/www.gsccanarias.com\\\/gsc\\\/?s={search_term_string}\"},\"query-input\":{\"@type\":\"PropertyValueSpecification\",\"valueRequired\":true,\"valueName\":\"search_term_string\"}}],\"inLanguage\":\"es\"},{\"@type\":\"Person\",\"@id\":\"https:\\\/\\\/www.gsccanarias.com\\\/gsc\\\/#\\\/schema\\\/person\\\/b8c013c501758bed823e398f9867c23b\",\"name\":\"Laura Otero Bautista\",\"image\":{\"@type\":\"ImageObject\",\"inLanguage\":\"es\",\"@id\":\"https:\\\/\\\/secure.gravatar.com\\\/avatar\\\/489330f16359973f16321af73ed16e79f9acbd1694d0b94d73f3dfdd0c25646d?s=96&d=mm&r=g\",\"url\":\"https:\\\/\\\/secure.gravatar.com\\\/avatar\\\/489330f16359973f16321af73ed16e79f9acbd1694d0b94d73f3dfdd0c25646d?s=96&d=mm&r=g\",\"contentUrl\":\"https:\\\/\\\/secure.gravatar.com\\\/avatar\\\/489330f16359973f16321af73ed16e79f9acbd1694d0b94d73f3dfdd0c25646d?s=96&d=mm&r=g\",\"caption\":\"Laura Otero Bautista\"},\"url\":\"https:\\\/\\\/www.gsccanarias.com\\\/gsc\\\/author\\\/laura\\\/\"}]}<\/script>\n<!-- \/ Yoast SEO plugin. -->","yoast_head_json":{"title":"El Gobierno advierte a la poblaci\u00f3n ante el empeoramiento del estado del mar a partir de esta medianoche - GSC","robots":{"index":"index","follow":"follow","max-snippet":"max-snippet:-1","max-image-preview":"max-image-preview:large","max-video-preview":"max-video-preview:-1"},"canonical":"https:\/\/www.gsccanarias.com\/gsc\/el-gobierno-advierte-a-la-poblacion-ante-el-empeoramiento-del-estado-del-mar-a-partir-de-esta-medianoche\/","og_locale":"es_ES","og_type":"article","og_title":"El Gobierno advierte a la poblaci\u00f3n ante el empeoramiento del estado del mar a partir de esta medianoche - GSC","og_description":"La Direcci\u00f3n General de Emergencias ha actualizado la situaci\u00f3n de alerta por fen\u00f3menos costeros en Canarias Las zonas m\u00e1s afectadas ser\u00e1n las costas abiertas al norte y al oeste El Gobierno de Canarias ha actualizado la situaci\u00f3n y declarado la alerta por fen\u00f3menos costeros a...","og_url":"https:\/\/www.gsccanarias.com\/gsc\/el-gobierno-advierte-a-la-poblacion-ante-el-empeoramiento-del-estado-del-mar-a-partir-de-esta-medianoche\/","og_site_name":"GSC","article_published_time":"2026-01-27T19:00:28+00:00","article_modified_time":"2026-01-27T19:05:55+00:00","og_image":[{"width":1700,"height":1275,"url":"https:\/\/www.gsccanarias.com\/gsc\/wp-content\/uploads\/2026\/01\/Detalle-112.jpg","type":"image\/jpeg"}],"author":"Laura Otero Bautista","twitter_card":"summary_large_image","twitter_misc":{"Escrito por":"Laura Otero Bautista","Tiempo de lectura":"3 minutos"},"schema":{"@context":"https:\/\/schema.org","@graph":[{"@type":"Article","@id":"https:\/\/www.gsccanarias.com\/gsc\/el-gobierno-advierte-a-la-poblacion-ante-el-empeoramiento-del-estado-del-mar-a-partir-de-esta-medianoche\/#article","isPartOf":{"@id":"https:\/\/www.gsccanarias.com\/gsc\/el-gobierno-advierte-a-la-poblacion-ante-el-empeoramiento-del-estado-del-mar-a-partir-de-esta-medianoche\/"},"author":{"name":"Laura Otero Bautista","@id":"https:\/\/www.gsccanarias.com\/gsc\/#\/schema\/person\/b8c013c501758bed823e398f9867c23b"},"headline":"El Gobierno advierte a la poblaci\u00f3n ante el empeoramiento del estado del mar a partir de esta medianoche","datePublished":"2026-01-27T19:00:28+00:00","dateModified":"2026-01-27T19:05:55+00:00","mainEntityOfPage":{"@id":"https:\/\/www.gsccanarias.com\/gsc\/el-gobierno-advierte-a-la-poblacion-ante-el-empeoramiento-del-estado-del-mar-a-partir-de-esta-medianoche\/"},"wordCount":654,"image":{"@id":"https:\/\/www.gsccanarias.com\/gsc\/el-gobierno-advierte-a-la-poblacion-ante-el-empeoramiento-del-estado-del-mar-a-partir-de-esta-medianoche\/#primaryimage"},"thumbnailUrl":"https:\/\/www.gsccanarias.com\/gsc\/wp-content\/uploads\/2026\/01\/Detalle-112.jpg","articleSection":["Noticias","\u00daltimas noticias"],"inLanguage":"es"},{"@type":"WebPage","@id":"https:\/\/www.gsccanarias.com\/gsc\/el-gobierno-advierte-a-la-poblacion-ante-el-empeoramiento-del-estado-del-mar-a-partir-de-esta-medianoche\/","url":"https:\/\/www.gsccanarias.com\/gsc\/el-gobierno-advierte-a-la-poblacion-ante-el-empeoramiento-del-estado-del-mar-a-partir-de-esta-medianoche\/","name":"El Gobierno advierte a la poblaci\u00f3n ante el empeoramiento del estado del mar a partir de esta medianoche - GSC","isPartOf":{"@id":"https:\/\/www.gsccanarias.com\/gsc\/#website"},"primaryImageOfPage":{"@id":"https:\/\/www.gsccanarias.com\/gsc\/el-gobierno-advierte-a-la-poblacion-ante-el-empeoramiento-del-estado-del-mar-a-partir-de-esta-medianoche\/#primaryimage"},"image":{"@id":"https:\/\/www.gsccanarias.com\/gsc\/el-gobierno-advierte-a-la-poblacion-ante-el-empeoramiento-del-estado-del-mar-a-partir-de-esta-medianoche\/#primaryimage"},"thumbnailUrl":"https:\/\/www.gsccanarias.com\/gsc\/wp-content\/uploads\/2026\/01\/Detalle-112.jpg","datePublished":"2026-01-27T19:00:28+00:00","dateModified":"2026-01-27T19:05:55+00:00","author":{"@id":"https:\/\/www.gsccanarias.com\/gsc\/#\/schema\/person\/b8c013c501758bed823e398f9867c23b"},"breadcrumb":{"@id":"https:\/\/www.gsccanarias.com\/gsc\/el-gobierno-advierte-a-la-poblacion-ante-el-empeoramiento-del-estado-del-mar-a-partir-de-esta-medianoche\/#breadcrumb"},"inLanguage":"es","potentialAction":[{"@type":"ReadAction","target":["https:\/\/www.gsccanarias.com\/gsc\/el-gobierno-advierte-a-la-poblacion-ante-el-empeoramiento-del-estado-del-mar-a-partir-de-esta-medianoche\/"]}]},{"@type":"ImageObject","inLanguage":"es","@id":"https:\/\/www.gsccanarias.com\/gsc\/el-gobierno-advierte-a-la-poblacion-ante-el-empeoramiento-del-estado-del-mar-a-partir-de-esta-medianoche\/#primaryimage","url":"https:\/\/www.gsccanarias.com\/gsc\/wp-content\/uploads\/2026\/01\/Detalle-112.jpg","contentUrl":"https:\/\/www.gsccanarias.com\/gsc\/wp-content\/uploads\/2026\/01\/Detalle-112.jpg","width":1700,"height":1275,"caption":"Reportaje amplio sobre las instalaciones y personal del GSC Gran Canaria"},{"@type":"BreadcrumbList","@id":"https:\/\/www.gsccanarias.com\/gsc\/el-gobierno-advierte-a-la-poblacion-ante-el-empeoramiento-del-estado-del-mar-a-partir-de-esta-medianoche\/#breadcrumb","itemListElement":[{"@type":"ListItem","position":1,"name":"Portada","item":"https:\/\/www.gsccanarias.com\/gsc\/"},{"@type":"ListItem","position":2,"name":"El Gobierno advierte a la poblaci\u00f3n ante el empeoramiento del estado del mar a partir de esta medianoche"}]},{"@type":"WebSite","@id":"https:\/\/www.gsccanarias.com\/gsc\/#website","url":"https:\/\/www.gsccanarias.com\/gsc\/","name":"GSC","description":"Administramos servicios relacionados con la salud, las emergencias, la seguridad y el transporte sanitario","potentialAction":[{"@type":"SearchAction","target":{"@type":"EntryPoint","urlTemplate":"https:\/\/www.gsccanarias.com\/gsc\/?s={search_term_string}"},"query-input":{"@type":"PropertyValueSpecification","valueRequired":true,"valueName":"search_term_string"}}],"inLanguage":"es"},{"@type":"Person","@id":"https:\/\/www.gsccanarias.com\/gsc\/#\/schema\/person\/b8c013c501758bed823e398f9867c23b","name":"Laura Otero Bautista","image":{"@type":"ImageObject","inLanguage":"es","@id":"https:\/\/secure.gravatar.com\/avatar\/489330f16359973f16321af73ed16e79f9acbd1694d0b94d73f3dfdd0c25646d?s=96&d=mm&r=g","url":"https:\/\/secure.gravatar.com\/avatar\/489330f16359973f16321af73ed16e79f9acbd1694d0b94d73f3dfdd0c25646d?s=96&d=mm&r=g","contentUrl":"https:\/\/secure.gravatar.com\/avatar\/489330f16359973f16321af73ed16e79f9acbd1694d0b94d73f3dfdd0c25646d?s=96&d=mm&r=g","caption":"Laura Otero Bautista"},"url":"https:\/\/www.gsccanarias.com\/gsc\/author\/laura\/"}]}},"publishpress_future_workflow_manual_trigger":{"enabledWorkflows":[]},"_links":{"self":[{"href":"https:\/\/www.gsccanarias.com\/gsc\/wp-json\/wp\/v2\/posts\/18421","targetHints":{"allow":["GET"]}}],"collection":[{"href":"https:\/\/www.gsccanarias.com\/gsc\/wp-json\/wp\/v2\/posts"}],"about":[{"href":"https:\/\/www.gsccanarias.com\/gsc\/wp-json\/wp\/v2\/types\/post"}],"author":[{"embeddable":true,"href":"https:\/\/www.gsccanarias.com\/gsc\/wp-json\/wp\/v2\/users\/2"}],"replies":[{"embeddable":true,"href":"https:\/\/www.gsccanarias.com\/gsc\/wp-json\/wp\/v2\/comments?post=18421"}],"version-history":[{"count":2,"href":"https:\/\/www.gsccanarias.com\/gsc\/wp-json\/wp\/v2\/posts\/18421\/revisions"}],"predecessor-version":[{"id":18424,"href":"https:\/\/www.gsccanarias.com\/gsc\/wp-json\/wp\/v2\/posts\/18421\/revisions\/18424"}],"wp:featuredmedia":[{"embeddable":true,"href":"https:\/\/www.gsccanarias.com\/gsc\/wp-json\/wp\/v2\/media\/18422"}],"wp:attachment":[{"href":"https:\/\/www.gsccanarias.com\/gsc\/wp-json\/wp\/v2\/media?parent=18421"}],"wp:term":[{"taxonomy":"category","embeddable":true,"href":"https:\/\/www.gsccanarias.com\/gsc\/wp-json\/wp\/v2\/categories?post=18421"},{"taxonomy":"post_tag","embeddable":true,"href":"https:\/\/www.gsccanarias.com\/gsc\/wp-json\/wp\/v2\/tags?post=18421"}],"curies":[{"name":"wp","href":"https:\/\/api.w.org\/{rel}","templated":true}]}}