{"id":18417,"date":"2026-01-26T12:55:07","date_gmt":"2026-01-26T12:55:07","guid":{"rendered":"https:\/\/www.gsccanarias.com\/gsc\/?p=18417"},"modified":"2026-01-26T12:55:07","modified_gmt":"2026-01-26T12:55:07","slug":"el-gobierno-actualiza-la-situacion-pasando-a-prealerta-por-fenomenos-costeros-en-canarias-2","status":"publish","type":"post","link":"https:\/\/www.gsccanarias.com\/gsc\/el-gobierno-actualiza-la-situacion-pasando-a-prealerta-por-fenomenos-costeros-en-canarias-2\/","title":{"rendered":"El Gobierno actualiza la situaci\u00f3n pasando a prealerta por fen\u00f3menos costeros en Canarias"},"content":{"rendered":"<p>El Gobierno de Canarias, a trav\u00e9s de la Direcci\u00f3n General de Emergencias,\u00a0 actualiza la situaci\u00f3n pasando a prealerta por fen\u00f3menos costeros en todo el archipi\u00e9lago, a partir de las 15:00 horas de hoy, lunes 26 de enero. Esta decisi\u00f3n se toma teniendo en cuenta la informaci\u00f3n facilitada por la Agencia Estatal de Meteorolog\u00eda y otras fuentes disponibles, y en aplicaci\u00f3n del Plan Espec\u00edfico de Emergencias de Canarias por Riesgos de Fen\u00f3menos Meteorol\u00f3gicos Adversos (PEFMA).<\/p>\n<p><strong>\u00c1mbito territorial:<br \/>\n<\/strong>Comunidad aut\u00f3noma de Canarias.<\/p>\n<p><strong>Observaciones:<br \/>\n<\/strong>Viento de componente oeste; variable de fuerza 2 a 4.<br \/>\nMar de fondo del noroeste, con olas de 2 a 3 metros de altura, tendiendo a disminuir a 2-2,5 metros en la noche de hoy.<br \/>\nCoeficiente de mareas medio (53) para el lunes, y bajo (49) para el martes 27 de enero.<\/p>\n<p>Se insta a la poblaci\u00f3n a seguir los\u00a0siguientes\u00a0<a href=\"https:\/\/www.gobiernodecanarias.org\/emergencias\/alertas\/consejos\/costeros\/costeros.html\" target=\"_blank\" rel=\"noopener\">consejos de autoprotecci\u00f3n<\/a>\u00a0de la Direcci\u00f3n General de Emergencias.<\/p>\n<div class=\"pvc_clear\"><\/div>\n<p id=\"pvc_stats_18417\" class=\"pvc_stats all  \" data-element-id=\"18417\" style=\"\"><i class=\"pvc-stats-icon medium\" aria-hidden=\"true\"><svg aria-hidden=\"true\" focusable=\"false\" data-prefix=\"far\" data-icon=\"chart-bar\" role=\"img\" xmlns=\"http:\/\/www.w3.org\/2000\/svg\" viewBox=\"0 0 512 512\" class=\"svg-inline--fa fa-chart-bar fa-w-16 fa-2x\"><path fill=\"currentColor\" d=\"M396.8 352h22.4c6.4 0 12.8-6.4 12.8-12.8V108.8c0-6.4-6.4-12.8-12.8-12.8h-22.4c-6.4 0-12.8 6.4-12.8 12.8v230.4c0 6.4 6.4 12.8 12.8 12.8zm-192 0h22.4c6.4 0 12.8-6.4 12.8-12.8V140.8c0-6.4-6.4-12.8-12.8-12.8h-22.4c-6.4 0-12.8 6.4-12.8 12.8v198.4c0 6.4 6.4 12.8 12.8 12.8zm96 0h22.4c6.4 0 12.8-6.4 12.8-12.8V204.8c0-6.4-6.4-12.8-12.8-12.8h-22.4c-6.4 0-12.8 6.4-12.8 12.8v134.4c0 6.4 6.4 12.8 12.8 12.8zM496 400H48V80c0-8.84-7.16-16-16-16H16C7.16 64 0 71.16 0 80v336c0 17.67 14.33 32 32 32h464c8.84 0 16-7.16 16-16v-16c0-8.84-7.16-16-16-16zm-387.2-48h22.4c6.4 0 12.8-6.4 12.8-12.8v-70.4c0-6.4-6.4-12.8-12.8-12.8h-22.4c-6.4 0-12.8 6.4-12.8 12.8v70.4c0 6.4 6.4 12.8 12.8 12.8z\" class=\"\"><\/path><\/svg><\/i> <\/p>\n<div class=\"pvc_clear\"><\/div>\n<div class=\"print\"><span class=\"page_title\">P\u00e1gina: <span>El Gobierno actualiza la situaci\u00f3n pasando a prealerta por fen\u00f3menos costeros en Canarias<\/span><\/span>\n\t\t\t\t\t\t\t\t\t\t\t<span class=\"page_title\">Fecha de impresi\u00f3n: <span>30\/04\/2026 - 02:40:53 UTC<\/span><\/span>\n\t\t\t\t\t\t\t\t\t\t\t<span class=\"stmp_trans_date\">\u00daltima actualizaci\u00f3n: <span>26\/01\/2026 - 12:55:07<\/span><\/span>\n\t\t\t\t\t\t\t\t\t\t\t<span class=\"stmp_trans_date\">Fecha publicaci\u00f3n: <span>26\/01\/2026 - 12:55:07<\/span><\/span>\n\t\t\t\t\t\t\t\t\t\t\t<span class=\"stmp_trans_date\">Fecha creaci\u00f3n: <span>26\/01\/2026 - 12:55:07<\/span><\/span><\/div>\n\t","protected":false},"excerpt":{"rendered":"<p>El Gobierno de Canarias, a trav\u00e9s de la Direcci\u00f3n General de Emergencias,\u00a0 actualiza la situaci\u00f3n pasando a prealerta por fen\u00f3menos costeros en todo el archipi\u00e9lago, a partir de las 15:00 horas de hoy, lunes 26 de enero. Esta decisi\u00f3n se toma teniendo en cuenta la&#8230;<\/p>\n<div class=\"pvc_clear\"><\/div>\n<p id=\"pvc_stats_18417\" class=\"pvc_stats all  \" data-element-id=\"18417\" style=\"\"><i class=\"pvc-stats-icon medium\" aria-hidden=\"true\"><svg aria-hidden=\"true\" focusable=\"false\" data-prefix=\"far\" data-icon=\"chart-bar\" role=\"img\" xmlns=\"http:\/\/www.w3.org\/2000\/svg\" viewBox=\"0 0 512 512\" class=\"svg-inline--fa fa-chart-bar fa-w-16 fa-2x\"><path fill=\"currentColor\" d=\"M396.8 352h22.4c6.4 0 12.8-6.4 12.8-12.8V108.8c0-6.4-6.4-12.8-12.8-12.8h-22.4c-6.4 0-12.8 6.4-12.8 12.8v230.4c0 6.4 6.4 12.8 12.8 12.8zm-192 0h22.4c6.4 0 12.8-6.4 12.8-12.8V140.8c0-6.4-6.4-12.8-12.8-12.8h-22.4c-6.4 0-12.8 6.4-12.8 12.8v198.4c0 6.4 6.4 12.8 12.8 12.8zm96 0h22.4c6.4 0 12.8-6.4 12.8-12.8V204.8c0-6.4-6.4-12.8-12.8-12.8h-22.4c-6.4 0-12.8 6.4-12.8 12.8v134.4c0 6.4 6.4 12.8 12.8 12.8zM496 400H48V80c0-8.84-7.16-16-16-16H16C7.16 64 0 71.16 0 80v336c0 17.67 14.33 32 32 32h464c8.84 0 16-7.16 16-16v-16c0-8.84-7.16-16-16-16zm-387.2-48h22.4c6.4 0 12.8-6.4 12.8-12.8v-70.4c0-6.4-6.4-12.8-12.8-12.8h-22.4c-6.4 0-12.8 6.4-12.8 12.8v70.4c0 6.4 6.4 12.8 12.8 12.8z\" class=\"\"><\/path><\/svg><\/i> <img loading=\"lazy\" decoding=\"async\" width=\"16\" height=\"16\" alt=\"Loading\" src=\"https:\/\/www.gsccanarias.com\/gsc\/wp-content\/plugins\/page-views-count\/ajax-loader-2x.gif\" border=0 \/><\/p>\n<div class=\"pvc_clear\"><\/div>\n","protected":false},"author":22,"featured_media":18020,"comment_status":"closed","ping_status":"open","sticky":false,"template":"","format":"standard","meta":{"footnotes":""},"categories":[35,36],"tags":[],"class_list":["post-18417","post","type-post","status-publish","format-standard","has-post-thumbnail","hentry","category-noticias","category-ultimas-noticias"],"a3_pvc":{"activated":true,"total_views":12,"today_views":0},"yoast_head":"<!-- This site is optimized with the Yoast SEO plugin v27.5 - https:\/\/yoast.com\/product\/yoast-seo-wordpress\/ -->\n<title>El Gobierno actualiza la situaci\u00f3n pasando a prealerta por fen\u00f3menos costeros en Canarias - GSC<\/title>\n<meta name=\"robots\" content=\"index, follow, max-snippet:-1, max-image-preview:large, max-video-preview:-1\" \/>\n<link rel=\"canonical\" href=\"https:\/\/www.gsccanarias.com\/gsc\/el-gobierno-actualiza-la-situacion-pasando-a-prealerta-por-fenomenos-costeros-en-canarias-2\/\" \/>\n<meta property=\"og:locale\" content=\"es_ES\" \/>\n<meta property=\"og:type\" content=\"article\" \/>\n<meta property=\"og:title\" content=\"El Gobierno actualiza la situaci\u00f3n pasando a prealerta por fen\u00f3menos costeros en Canarias - GSC\" \/>\n<meta property=\"og:description\" content=\"El Gobierno de Canarias, a trav\u00e9s de la Direcci\u00f3n General de Emergencias,\u00a0 actualiza la situaci\u00f3n pasando a prealerta por fen\u00f3menos costeros en todo el archipi\u00e9lago, a partir de las 15:00 horas de hoy, lunes 26 de enero. Esta decisi\u00f3n se toma teniendo en cuenta la...\" \/>\n<meta property=\"og:url\" content=\"https:\/\/www.gsccanarias.com\/gsc\/el-gobierno-actualiza-la-situacion-pasando-a-prealerta-por-fenomenos-costeros-en-canarias-2\/\" \/>\n<meta property=\"og:site_name\" content=\"GSC\" \/>\n<meta property=\"article:published_time\" content=\"2026-01-26T12:55:07+00:00\" \/>\n<meta property=\"og:image\" content=\"https:\/\/www.gsccanarias.com\/gsc\/wp-content\/uploads\/2025\/11\/Cartelas-Prealertas-nuevas-1.png\" \/>\n\t<meta property=\"og:image:width\" content=\"1080\" \/>\n\t<meta property=\"og:image:height\" content=\"1080\" \/>\n\t<meta property=\"og:image:type\" content=\"image\/png\" \/>\n<meta name=\"author\" content=\"Armando Camino P\u00e9rez\" \/>\n<meta name=\"twitter:card\" content=\"summary_large_image\" \/>\n<meta name=\"twitter:label1\" content=\"Escrito por\" \/>\n\t<meta name=\"twitter:data1\" content=\"Armando Camino P\u00e9rez\" \/>\n\t<meta name=\"twitter:label2\" content=\"Tiempo de lectura\" \/>\n\t<meta name=\"twitter:data2\" content=\"1 minuto\" \/>\n<script type=\"application\/ld+json\" class=\"yoast-schema-graph\">{\"@context\":\"https:\\\/\\\/schema.org\",\"@graph\":[{\"@type\":\"Article\",\"@id\":\"https:\\\/\\\/www.gsccanarias.com\\\/gsc\\\/el-gobierno-actualiza-la-situacion-pasando-a-prealerta-por-fenomenos-costeros-en-canarias-2\\\/#article\",\"isPartOf\":{\"@id\":\"https:\\\/\\\/www.gsccanarias.com\\\/gsc\\\/el-gobierno-actualiza-la-situacion-pasando-a-prealerta-por-fenomenos-costeros-en-canarias-2\\\/\"},\"author\":{\"name\":\"Armando Camino P\u00e9rez\",\"@id\":\"https:\\\/\\\/www.gsccanarias.com\\\/gsc\\\/#\\\/schema\\\/person\\\/dda73868de4f6a10f529224ff9240d2b\"},\"headline\":\"El Gobierno actualiza la situaci\u00f3n pasando a prealerta por fen\u00f3menos costeros en Canarias\",\"datePublished\":\"2026-01-26T12:55:07+00:00\",\"mainEntityOfPage\":{\"@id\":\"https:\\\/\\\/www.gsccanarias.com\\\/gsc\\\/el-gobierno-actualiza-la-situacion-pasando-a-prealerta-por-fenomenos-costeros-en-canarias-2\\\/\"},\"wordCount\":173,\"image\":{\"@id\":\"https:\\\/\\\/www.gsccanarias.com\\\/gsc\\\/el-gobierno-actualiza-la-situacion-pasando-a-prealerta-por-fenomenos-costeros-en-canarias-2\\\/#primaryimage\"},\"thumbnailUrl\":\"https:\\\/\\\/www.gsccanarias.com\\\/gsc\\\/wp-content\\\/uploads\\\/2025\\\/11\\\/Cartelas-Prealertas-nuevas-1.png\",\"articleSection\":[\"Noticias\",\"\u00daltimas noticias\"],\"inLanguage\":\"es\"},{\"@type\":\"WebPage\",\"@id\":\"https:\\\/\\\/www.gsccanarias.com\\\/gsc\\\/el-gobierno-actualiza-la-situacion-pasando-a-prealerta-por-fenomenos-costeros-en-canarias-2\\\/\",\"url\":\"https:\\\/\\\/www.gsccanarias.com\\\/gsc\\\/el-gobierno-actualiza-la-situacion-pasando-a-prealerta-por-fenomenos-costeros-en-canarias-2\\\/\",\"name\":\"El Gobierno actualiza la situaci\u00f3n pasando a prealerta por fen\u00f3menos costeros en Canarias - GSC\",\"isPartOf\":{\"@id\":\"https:\\\/\\\/www.gsccanarias.com\\\/gsc\\\/#website\"},\"primaryImageOfPage\":{\"@id\":\"https:\\\/\\\/www.gsccanarias.com\\\/gsc\\\/el-gobierno-actualiza-la-situacion-pasando-a-prealerta-por-fenomenos-costeros-en-canarias-2\\\/#primaryimage\"},\"image\":{\"@id\":\"https:\\\/\\\/www.gsccanarias.com\\\/gsc\\\/el-gobierno-actualiza-la-situacion-pasando-a-prealerta-por-fenomenos-costeros-en-canarias-2\\\/#primaryimage\"},\"thumbnailUrl\":\"https:\\\/\\\/www.gsccanarias.com\\\/gsc\\\/wp-content\\\/uploads\\\/2025\\\/11\\\/Cartelas-Prealertas-nuevas-1.png\",\"datePublished\":\"2026-01-26T12:55:07+00:00\",\"author\":{\"@id\":\"https:\\\/\\\/www.gsccanarias.com\\\/gsc\\\/#\\\/schema\\\/person\\\/dda73868de4f6a10f529224ff9240d2b\"},\"breadcrumb\":{\"@id\":\"https:\\\/\\\/www.gsccanarias.com\\\/gsc\\\/el-gobierno-actualiza-la-situacion-pasando-a-prealerta-por-fenomenos-costeros-en-canarias-2\\\/#breadcrumb\"},\"inLanguage\":\"es\",\"potentialAction\":[{\"@type\":\"ReadAction\",\"target\":[\"https:\\\/\\\/www.gsccanarias.com\\\/gsc\\\/el-gobierno-actualiza-la-situacion-pasando-a-prealerta-por-fenomenos-costeros-en-canarias-2\\\/\"]}]},{\"@type\":\"ImageObject\",\"inLanguage\":\"es\",\"@id\":\"https:\\\/\\\/www.gsccanarias.com\\\/gsc\\\/el-gobierno-actualiza-la-situacion-pasando-a-prealerta-por-fenomenos-costeros-en-canarias-2\\\/#primaryimage\",\"url\":\"https:\\\/\\\/www.gsccanarias.com\\\/gsc\\\/wp-content\\\/uploads\\\/2025\\\/11\\\/Cartelas-Prealertas-nuevas-1.png\",\"contentUrl\":\"https:\\\/\\\/www.gsccanarias.com\\\/gsc\\\/wp-content\\\/uploads\\\/2025\\\/11\\\/Cartelas-Prealertas-nuevas-1.png\",\"width\":1080,\"height\":1080,\"caption\":\"Prealerta por fen\u00f3menos costeros en Canarias\"},{\"@type\":\"BreadcrumbList\",\"@id\":\"https:\\\/\\\/www.gsccanarias.com\\\/gsc\\\/el-gobierno-actualiza-la-situacion-pasando-a-prealerta-por-fenomenos-costeros-en-canarias-2\\\/#breadcrumb\",\"itemListElement\":[{\"@type\":\"ListItem\",\"position\":1,\"name\":\"Portada\",\"item\":\"https:\\\/\\\/www.gsccanarias.com\\\/gsc\\\/\"},{\"@type\":\"ListItem\",\"position\":2,\"name\":\"El Gobierno actualiza la situaci\u00f3n pasando a prealerta por fen\u00f3menos costeros en Canarias\"}]},{\"@type\":\"WebSite\",\"@id\":\"https:\\\/\\\/www.gsccanarias.com\\\/gsc\\\/#website\",\"url\":\"https:\\\/\\\/www.gsccanarias.com\\\/gsc\\\/\",\"name\":\"GSC\",\"description\":\"Administramos servicios relacionados con la salud, las emergencias, la seguridad y el transporte sanitario\",\"potentialAction\":[{\"@type\":\"SearchAction\",\"target\":{\"@type\":\"EntryPoint\",\"urlTemplate\":\"https:\\\/\\\/www.gsccanarias.com\\\/gsc\\\/?s={search_term_string}\"},\"query-input\":{\"@type\":\"PropertyValueSpecification\",\"valueRequired\":true,\"valueName\":\"search_term_string\"}}],\"inLanguage\":\"es\"},{\"@type\":\"Person\",\"@id\":\"https:\\\/\\\/www.gsccanarias.com\\\/gsc\\\/#\\\/schema\\\/person\\\/dda73868de4f6a10f529224ff9240d2b\",\"name\":\"Armando Camino P\u00e9rez\",\"image\":{\"@type\":\"ImageObject\",\"inLanguage\":\"es\",\"@id\":\"https:\\\/\\\/secure.gravatar.com\\\/avatar\\\/43dc314824de09c5cf6fde3d14d1a41c1e673526c4c37607e7e6dbfab6f8db50?s=96&d=mm&r=g\",\"url\":\"https:\\\/\\\/secure.gravatar.com\\\/avatar\\\/43dc314824de09c5cf6fde3d14d1a41c1e673526c4c37607e7e6dbfab6f8db50?s=96&d=mm&r=g\",\"contentUrl\":\"https:\\\/\\\/secure.gravatar.com\\\/avatar\\\/43dc314824de09c5cf6fde3d14d1a41c1e673526c4c37607e7e6dbfab6f8db50?s=96&d=mm&r=g\",\"caption\":\"Armando Camino P\u00e9rez\"},\"url\":\"https:\\\/\\\/www.gsccanarias.com\\\/gsc\\\/author\\\/acaminogsccanarias-com\\\/\"}]}<\/script>\n<!-- \/ Yoast SEO plugin. -->","yoast_head_json":{"title":"El Gobierno actualiza la situaci\u00f3n pasando a prealerta por fen\u00f3menos costeros en Canarias - GSC","robots":{"index":"index","follow":"follow","max-snippet":"max-snippet:-1","max-image-preview":"max-image-preview:large","max-video-preview":"max-video-preview:-1"},"canonical":"https:\/\/www.gsccanarias.com\/gsc\/el-gobierno-actualiza-la-situacion-pasando-a-prealerta-por-fenomenos-costeros-en-canarias-2\/","og_locale":"es_ES","og_type":"article","og_title":"El Gobierno actualiza la situaci\u00f3n pasando a prealerta por fen\u00f3menos costeros en Canarias - GSC","og_description":"El Gobierno de Canarias, a trav\u00e9s de la Direcci\u00f3n General de Emergencias,\u00a0 actualiza la situaci\u00f3n pasando a prealerta por fen\u00f3menos costeros en todo el archipi\u00e9lago, a partir de las 15:00 horas de hoy, lunes 26 de enero. Esta decisi\u00f3n se toma teniendo en cuenta la...","og_url":"https:\/\/www.gsccanarias.com\/gsc\/el-gobierno-actualiza-la-situacion-pasando-a-prealerta-por-fenomenos-costeros-en-canarias-2\/","og_site_name":"GSC","article_published_time":"2026-01-26T12:55:07+00:00","og_image":[{"width":1080,"height":1080,"url":"https:\/\/www.gsccanarias.com\/gsc\/wp-content\/uploads\/2025\/11\/Cartelas-Prealertas-nuevas-1.png","type":"image\/png"}],"author":"Armando Camino P\u00e9rez","twitter_card":"summary_large_image","twitter_misc":{"Escrito por":"Armando Camino P\u00e9rez","Tiempo de lectura":"1 minuto"},"schema":{"@context":"https:\/\/schema.org","@graph":[{"@type":"Article","@id":"https:\/\/www.gsccanarias.com\/gsc\/el-gobierno-actualiza-la-situacion-pasando-a-prealerta-por-fenomenos-costeros-en-canarias-2\/#article","isPartOf":{"@id":"https:\/\/www.gsccanarias.com\/gsc\/el-gobierno-actualiza-la-situacion-pasando-a-prealerta-por-fenomenos-costeros-en-canarias-2\/"},"author":{"name":"Armando Camino P\u00e9rez","@id":"https:\/\/www.gsccanarias.com\/gsc\/#\/schema\/person\/dda73868de4f6a10f529224ff9240d2b"},"headline":"El Gobierno actualiza la situaci\u00f3n pasando a prealerta por fen\u00f3menos costeros en Canarias","datePublished":"2026-01-26T12:55:07+00:00","mainEntityOfPage":{"@id":"https:\/\/www.gsccanarias.com\/gsc\/el-gobierno-actualiza-la-situacion-pasando-a-prealerta-por-fenomenos-costeros-en-canarias-2\/"},"wordCount":173,"image":{"@id":"https:\/\/www.gsccanarias.com\/gsc\/el-gobierno-actualiza-la-situacion-pasando-a-prealerta-por-fenomenos-costeros-en-canarias-2\/#primaryimage"},"thumbnailUrl":"https:\/\/www.gsccanarias.com\/gsc\/wp-content\/uploads\/2025\/11\/Cartelas-Prealertas-nuevas-1.png","articleSection":["Noticias","\u00daltimas noticias"],"inLanguage":"es"},{"@type":"WebPage","@id":"https:\/\/www.gsccanarias.com\/gsc\/el-gobierno-actualiza-la-situacion-pasando-a-prealerta-por-fenomenos-costeros-en-canarias-2\/","url":"https:\/\/www.gsccanarias.com\/gsc\/el-gobierno-actualiza-la-situacion-pasando-a-prealerta-por-fenomenos-costeros-en-canarias-2\/","name":"El Gobierno actualiza la situaci\u00f3n pasando a prealerta por fen\u00f3menos costeros en Canarias - GSC","isPartOf":{"@id":"https:\/\/www.gsccanarias.com\/gsc\/#website"},"primaryImageOfPage":{"@id":"https:\/\/www.gsccanarias.com\/gsc\/el-gobierno-actualiza-la-situacion-pasando-a-prealerta-por-fenomenos-costeros-en-canarias-2\/#primaryimage"},"image":{"@id":"https:\/\/www.gsccanarias.com\/gsc\/el-gobierno-actualiza-la-situacion-pasando-a-prealerta-por-fenomenos-costeros-en-canarias-2\/#primaryimage"},"thumbnailUrl":"https:\/\/www.gsccanarias.com\/gsc\/wp-content\/uploads\/2025\/11\/Cartelas-Prealertas-nuevas-1.png","datePublished":"2026-01-26T12:55:07+00:00","author":{"@id":"https:\/\/www.gsccanarias.com\/gsc\/#\/schema\/person\/dda73868de4f6a10f529224ff9240d2b"},"breadcrumb":{"@id":"https:\/\/www.gsccanarias.com\/gsc\/el-gobierno-actualiza-la-situacion-pasando-a-prealerta-por-fenomenos-costeros-en-canarias-2\/#breadcrumb"},"inLanguage":"es","potentialAction":[{"@type":"ReadAction","target":["https:\/\/www.gsccanarias.com\/gsc\/el-gobierno-actualiza-la-situacion-pasando-a-prealerta-por-fenomenos-costeros-en-canarias-2\/"]}]},{"@type":"ImageObject","inLanguage":"es","@id":"https:\/\/www.gsccanarias.com\/gsc\/el-gobierno-actualiza-la-situacion-pasando-a-prealerta-por-fenomenos-costeros-en-canarias-2\/#primaryimage","url":"https:\/\/www.gsccanarias.com\/gsc\/wp-content\/uploads\/2025\/11\/Cartelas-Prealertas-nuevas-1.png","contentUrl":"https:\/\/www.gsccanarias.com\/gsc\/wp-content\/uploads\/2025\/11\/Cartelas-Prealertas-nuevas-1.png","width":1080,"height":1080,"caption":"Prealerta por fen\u00f3menos costeros en Canarias"},{"@type":"BreadcrumbList","@id":"https:\/\/www.gsccanarias.com\/gsc\/el-gobierno-actualiza-la-situacion-pasando-a-prealerta-por-fenomenos-costeros-en-canarias-2\/#breadcrumb","itemListElement":[{"@type":"ListItem","position":1,"name":"Portada","item":"https:\/\/www.gsccanarias.com\/gsc\/"},{"@type":"ListItem","position":2,"name":"El Gobierno actualiza la situaci\u00f3n pasando a prealerta por fen\u00f3menos costeros en Canarias"}]},{"@type":"WebSite","@id":"https:\/\/www.gsccanarias.com\/gsc\/#website","url":"https:\/\/www.gsccanarias.com\/gsc\/","name":"GSC","description":"Administramos servicios relacionados con la salud, las emergencias, la seguridad y el transporte sanitario","potentialAction":[{"@type":"SearchAction","target":{"@type":"EntryPoint","urlTemplate":"https:\/\/www.gsccanarias.com\/gsc\/?s={search_term_string}"},"query-input":{"@type":"PropertyValueSpecification","valueRequired":true,"valueName":"search_term_string"}}],"inLanguage":"es"},{"@type":"Person","@id":"https:\/\/www.gsccanarias.com\/gsc\/#\/schema\/person\/dda73868de4f6a10f529224ff9240d2b","name":"Armando Camino P\u00e9rez","image":{"@type":"ImageObject","inLanguage":"es","@id":"https:\/\/secure.gravatar.com\/avatar\/43dc314824de09c5cf6fde3d14d1a41c1e673526c4c37607e7e6dbfab6f8db50?s=96&d=mm&r=g","url":"https:\/\/secure.gravatar.com\/avatar\/43dc314824de09c5cf6fde3d14d1a41c1e673526c4c37607e7e6dbfab6f8db50?s=96&d=mm&r=g","contentUrl":"https:\/\/secure.gravatar.com\/avatar\/43dc314824de09c5cf6fde3d14d1a41c1e673526c4c37607e7e6dbfab6f8db50?s=96&d=mm&r=g","caption":"Armando Camino P\u00e9rez"},"url":"https:\/\/www.gsccanarias.com\/gsc\/author\/acaminogsccanarias-com\/"}]}},"publishpress_future_workflow_manual_trigger":{"enabledWorkflows":[]},"_links":{"self":[{"href":"https:\/\/www.gsccanarias.com\/gsc\/wp-json\/wp\/v2\/posts\/18417","targetHints":{"allow":["GET"]}}],"collection":[{"href":"https:\/\/www.gsccanarias.com\/gsc\/wp-json\/wp\/v2\/posts"}],"about":[{"href":"https:\/\/www.gsccanarias.com\/gsc\/wp-json\/wp\/v2\/types\/post"}],"author":[{"embeddable":true,"href":"https:\/\/www.gsccanarias.com\/gsc\/wp-json\/wp\/v2\/users\/22"}],"replies":[{"embeddable":true,"href":"https:\/\/www.gsccanarias.com\/gsc\/wp-json\/wp\/v2\/comments?post=18417"}],"version-history":[{"count":1,"href":"https:\/\/www.gsccanarias.com\/gsc\/wp-json\/wp\/v2\/posts\/18417\/revisions"}],"predecessor-version":[{"id":18418,"href":"https:\/\/www.gsccanarias.com\/gsc\/wp-json\/wp\/v2\/posts\/18417\/revisions\/18418"}],"wp:featuredmedia":[{"embeddable":true,"href":"https:\/\/www.gsccanarias.com\/gsc\/wp-json\/wp\/v2\/media\/18020"}],"wp:attachment":[{"href":"https:\/\/www.gsccanarias.com\/gsc\/wp-json\/wp\/v2\/media?parent=18417"}],"wp:term":[{"taxonomy":"category","embeddable":true,"href":"https:\/\/www.gsccanarias.com\/gsc\/wp-json\/wp\/v2\/categories?post=18417"},{"taxonomy":"post_tag","embeddable":true,"href":"https:\/\/www.gsccanarias.com\/gsc\/wp-json\/wp\/v2\/tags?post=18417"}],"curies":[{"name":"wp","href":"https:\/\/api.w.org\/{rel}","templated":true}]}}