{"id":18414,"date":"2026-01-26T12:35:35","date_gmt":"2026-01-26T12:35:35","guid":{"rendered":"https:\/\/www.gsccanarias.com\/gsc\/?p=18414"},"modified":"2026-01-26T12:35:35","modified_gmt":"2026-01-26T12:35:35","slug":"el-gobierno-de-canarias-finaliza-la-prealerta-por-contaminacion-marina-en-tenerife","status":"publish","type":"post","link":"https:\/\/www.gsccanarias.com\/gsc\/el-gobierno-de-canarias-finaliza-la-prealerta-por-contaminacion-marina-en-tenerife\/","title":{"rendered":"El Gobierno de Canarias finaliza la prealerta por contaminaci\u00f3n marina en Tenerife"},"content":{"rendered":"<p>La Direcci\u00f3n General de Emergencias del Gobierno de Canarias, en aplicaci\u00f3n del Plan Territorial de Emergencia de Protecci\u00f3n Civil de la Comunidad Aut\u00f3noma de Canarias PLATECA (Decreto 98\/2015, de 22 de mayo), finaliza a partir de las 12:00 horas de hoy, lunes 26 de enero, la situaci\u00f3n de prealerta por episodio de contaminaci\u00f3n marina en Santa Cruz de Tenerife.<span id=\"more-181151\"><\/span><\/p>\n<p><strong>\u00c1mbito territorial:<\/strong><br \/>\nMunicipio de Santa Cruz de Tenerife<\/p>\n<p><strong>Observaciones:\u00a0<\/strong><br \/>\nTras la recogida de 70 litros de gasoil en las barreras absorbentes desplegadas a lo largo de la noche junto al buque atracado en el muelle de Santa Cruz de Tenerife, en el contradique norte de El Bufadero, se comunica al CECOES 1-1-2 que el vertido producido en torno a este buque ha sido primero contenido y, m\u00e1s tarde, recogido.<br \/>\nA las 10:37 horas se desactiva el Plan Mar\u00edtimo Nacional, con lo que el episodio de contaminaci\u00f3n marina se da por terminado, y se procede a dar por finalizada la situaci\u00f3n de prealerta del PLATECA.<\/p>\n<div class=\"pvc_clear\"><\/div>\n<p id=\"pvc_stats_18414\" class=\"pvc_stats all  \" data-element-id=\"18414\" style=\"\"><i class=\"pvc-stats-icon medium\" aria-hidden=\"true\"><svg aria-hidden=\"true\" focusable=\"false\" data-prefix=\"far\" data-icon=\"chart-bar\" role=\"img\" xmlns=\"http:\/\/www.w3.org\/2000\/svg\" viewBox=\"0 0 512 512\" class=\"svg-inline--fa fa-chart-bar fa-w-16 fa-2x\"><path fill=\"currentColor\" d=\"M396.8 352h22.4c6.4 0 12.8-6.4 12.8-12.8V108.8c0-6.4-6.4-12.8-12.8-12.8h-22.4c-6.4 0-12.8 6.4-12.8 12.8v230.4c0 6.4 6.4 12.8 12.8 12.8zm-192 0h22.4c6.4 0 12.8-6.4 12.8-12.8V140.8c0-6.4-6.4-12.8-12.8-12.8h-22.4c-6.4 0-12.8 6.4-12.8 12.8v198.4c0 6.4 6.4 12.8 12.8 12.8zm96 0h22.4c6.4 0 12.8-6.4 12.8-12.8V204.8c0-6.4-6.4-12.8-12.8-12.8h-22.4c-6.4 0-12.8 6.4-12.8 12.8v134.4c0 6.4 6.4 12.8 12.8 12.8zM496 400H48V80c0-8.84-7.16-16-16-16H16C7.16 64 0 71.16 0 80v336c0 17.67 14.33 32 32 32h464c8.84 0 16-7.16 16-16v-16c0-8.84-7.16-16-16-16zm-387.2-48h22.4c6.4 0 12.8-6.4 12.8-12.8v-70.4c0-6.4-6.4-12.8-12.8-12.8h-22.4c-6.4 0-12.8 6.4-12.8 12.8v70.4c0 6.4 6.4 12.8 12.8 12.8z\" class=\"\"><\/path><\/svg><\/i> <\/p>\n<div class=\"pvc_clear\"><\/div>\n<div class=\"print\"><span class=\"page_title\">P\u00e1gina: <span>El Gobierno de Canarias finaliza la prealerta por contaminaci\u00f3n marina en Tenerife<\/span><\/span>\n\t\t\t\t\t\t\t\t\t\t\t<span class=\"page_title\">Fecha de impresi\u00f3n: <span>30\/04\/2026 - 00:18:06 UTC<\/span><\/span>\n\t\t\t\t\t\t\t\t\t\t\t<span class=\"stmp_trans_date\">\u00daltima actualizaci\u00f3n: <span>26\/01\/2026 - 12:35:35<\/span><\/span>\n\t\t\t\t\t\t\t\t\t\t\t<span class=\"stmp_trans_date\">Fecha publicaci\u00f3n: <span>26\/01\/2026 - 12:35:35<\/span><\/span>\n\t\t\t\t\t\t\t\t\t\t\t<span class=\"stmp_trans_date\">Fecha creaci\u00f3n: <span>26\/01\/2026 - 12:35:35<\/span><\/span><\/div>\n\t","protected":false},"excerpt":{"rendered":"<p>La Direcci\u00f3n General de Emergencias del Gobierno de Canarias, en aplicaci\u00f3n del Plan Territorial de Emergencia de Protecci\u00f3n Civil de la Comunidad Aut\u00f3noma de Canarias PLATECA (Decreto 98\/2015, de 22 de mayo), finaliza a partir de las 12:00 horas de hoy, lunes 26 de enero,&#8230;<\/p>\n<div class=\"pvc_clear\"><\/div>\n<p id=\"pvc_stats_18414\" class=\"pvc_stats all  \" data-element-id=\"18414\" style=\"\"><i class=\"pvc-stats-icon medium\" aria-hidden=\"true\"><svg aria-hidden=\"true\" focusable=\"false\" data-prefix=\"far\" data-icon=\"chart-bar\" role=\"img\" xmlns=\"http:\/\/www.w3.org\/2000\/svg\" viewBox=\"0 0 512 512\" class=\"svg-inline--fa fa-chart-bar fa-w-16 fa-2x\"><path fill=\"currentColor\" d=\"M396.8 352h22.4c6.4 0 12.8-6.4 12.8-12.8V108.8c0-6.4-6.4-12.8-12.8-12.8h-22.4c-6.4 0-12.8 6.4-12.8 12.8v230.4c0 6.4 6.4 12.8 12.8 12.8zm-192 0h22.4c6.4 0 12.8-6.4 12.8-12.8V140.8c0-6.4-6.4-12.8-12.8-12.8h-22.4c-6.4 0-12.8 6.4-12.8 12.8v198.4c0 6.4 6.4 12.8 12.8 12.8zm96 0h22.4c6.4 0 12.8-6.4 12.8-12.8V204.8c0-6.4-6.4-12.8-12.8-12.8h-22.4c-6.4 0-12.8 6.4-12.8 12.8v134.4c0 6.4 6.4 12.8 12.8 12.8zM496 400H48V80c0-8.84-7.16-16-16-16H16C7.16 64 0 71.16 0 80v336c0 17.67 14.33 32 32 32h464c8.84 0 16-7.16 16-16v-16c0-8.84-7.16-16-16-16zm-387.2-48h22.4c6.4 0 12.8-6.4 12.8-12.8v-70.4c0-6.4-6.4-12.8-12.8-12.8h-22.4c-6.4 0-12.8 6.4-12.8 12.8v70.4c0 6.4 6.4 12.8 12.8 12.8z\" class=\"\"><\/path><\/svg><\/i> <img loading=\"lazy\" decoding=\"async\" width=\"16\" height=\"16\" alt=\"Loading\" src=\"https:\/\/www.gsccanarias.com\/gsc\/wp-content\/plugins\/page-views-count\/ajax-loader-2x.gif\" border=0 \/><\/p>\n<div class=\"pvc_clear\"><\/div>\n","protected":false},"author":22,"featured_media":18416,"comment_status":"closed","ping_status":"open","sticky":false,"template":"","format":"standard","meta":{"footnotes":""},"categories":[35,36],"tags":[],"class_list":["post-18414","post","type-post","status-publish","format-standard","has-post-thumbnail","hentry","category-noticias","category-ultimas-noticias"],"a3_pvc":{"activated":true,"total_views":12,"today_views":0},"yoast_head":"<!-- This site is optimized with the Yoast SEO plugin v27.5 - https:\/\/yoast.com\/product\/yoast-seo-wordpress\/ -->\n<title>El Gobierno de Canarias finaliza la prealerta por contaminaci\u00f3n marina en Tenerife - GSC<\/title>\n<meta name=\"robots\" content=\"index, follow, max-snippet:-1, max-image-preview:large, max-video-preview:-1\" \/>\n<link rel=\"canonical\" href=\"https:\/\/www.gsccanarias.com\/gsc\/el-gobierno-de-canarias-finaliza-la-prealerta-por-contaminacion-marina-en-tenerife\/\" \/>\n<meta property=\"og:locale\" content=\"es_ES\" \/>\n<meta property=\"og:type\" content=\"article\" \/>\n<meta property=\"og:title\" content=\"El Gobierno de Canarias finaliza la prealerta por contaminaci\u00f3n marina en Tenerife - GSC\" \/>\n<meta property=\"og:description\" content=\"La Direcci\u00f3n General de Emergencias del Gobierno de Canarias, en aplicaci\u00f3n del Plan Territorial de Emergencia de Protecci\u00f3n Civil de la Comunidad Aut\u00f3noma de Canarias PLATECA (Decreto 98\/2015, de 22 de mayo), finaliza a partir de las 12:00 horas de hoy, lunes 26 de enero,...\" \/>\n<meta property=\"og:url\" content=\"https:\/\/www.gsccanarias.com\/gsc\/el-gobierno-de-canarias-finaliza-la-prealerta-por-contaminacion-marina-en-tenerife\/\" \/>\n<meta property=\"og:site_name\" content=\"GSC\" \/>\n<meta property=\"article:published_time\" content=\"2026-01-26T12:35:35+00:00\" \/>\n<meta property=\"og:image\" content=\"https:\/\/www.gsccanarias.com\/gsc\/wp-content\/uploads\/2026\/01\/Plateca-Final-Contaminacion-marina-Santa-Cruz-de-Tenerife.jpeg\" \/>\n\t<meta property=\"og:image:width\" content=\"600\" \/>\n\t<meta property=\"og:image:height\" content=\"600\" \/>\n\t<meta property=\"og:image:type\" content=\"image\/jpeg\" \/>\n<meta name=\"author\" content=\"Armando Camino P\u00e9rez\" \/>\n<meta name=\"twitter:card\" content=\"summary_large_image\" \/>\n<meta name=\"twitter:label1\" content=\"Escrito por\" \/>\n\t<meta name=\"twitter:data1\" content=\"Armando Camino P\u00e9rez\" \/>\n\t<meta name=\"twitter:label2\" content=\"Tiempo de lectura\" \/>\n\t<meta name=\"twitter:data2\" content=\"1 minuto\" \/>\n<script type=\"application\/ld+json\" class=\"yoast-schema-graph\">{\"@context\":\"https:\\\/\\\/schema.org\",\"@graph\":[{\"@type\":\"Article\",\"@id\":\"https:\\\/\\\/www.gsccanarias.com\\\/gsc\\\/el-gobierno-de-canarias-finaliza-la-prealerta-por-contaminacion-marina-en-tenerife\\\/#article\",\"isPartOf\":{\"@id\":\"https:\\\/\\\/www.gsccanarias.com\\\/gsc\\\/el-gobierno-de-canarias-finaliza-la-prealerta-por-contaminacion-marina-en-tenerife\\\/\"},\"author\":{\"name\":\"Armando Camino P\u00e9rez\",\"@id\":\"https:\\\/\\\/www.gsccanarias.com\\\/gsc\\\/#\\\/schema\\\/person\\\/dda73868de4f6a10f529224ff9240d2b\"},\"headline\":\"El Gobierno de Canarias finaliza la prealerta por contaminaci\u00f3n marina en Tenerife\",\"datePublished\":\"2026-01-26T12:35:35+00:00\",\"mainEntityOfPage\":{\"@id\":\"https:\\\/\\\/www.gsccanarias.com\\\/gsc\\\/el-gobierno-de-canarias-finaliza-la-prealerta-por-contaminacion-marina-en-tenerife\\\/\"},\"wordCount\":181,\"image\":{\"@id\":\"https:\\\/\\\/www.gsccanarias.com\\\/gsc\\\/el-gobierno-de-canarias-finaliza-la-prealerta-por-contaminacion-marina-en-tenerife\\\/#primaryimage\"},\"thumbnailUrl\":\"https:\\\/\\\/www.gsccanarias.com\\\/gsc\\\/wp-content\\\/uploads\\\/2026\\\/01\\\/Plateca-Final-Contaminacion-marina-Santa-Cruz-de-Tenerife.jpeg\",\"articleSection\":[\"Noticias\",\"\u00daltimas noticias\"],\"inLanguage\":\"es\"},{\"@type\":\"WebPage\",\"@id\":\"https:\\\/\\\/www.gsccanarias.com\\\/gsc\\\/el-gobierno-de-canarias-finaliza-la-prealerta-por-contaminacion-marina-en-tenerife\\\/\",\"url\":\"https:\\\/\\\/www.gsccanarias.com\\\/gsc\\\/el-gobierno-de-canarias-finaliza-la-prealerta-por-contaminacion-marina-en-tenerife\\\/\",\"name\":\"El Gobierno de Canarias finaliza la prealerta por contaminaci\u00f3n marina en Tenerife - GSC\",\"isPartOf\":{\"@id\":\"https:\\\/\\\/www.gsccanarias.com\\\/gsc\\\/#website\"},\"primaryImageOfPage\":{\"@id\":\"https:\\\/\\\/www.gsccanarias.com\\\/gsc\\\/el-gobierno-de-canarias-finaliza-la-prealerta-por-contaminacion-marina-en-tenerife\\\/#primaryimage\"},\"image\":{\"@id\":\"https:\\\/\\\/www.gsccanarias.com\\\/gsc\\\/el-gobierno-de-canarias-finaliza-la-prealerta-por-contaminacion-marina-en-tenerife\\\/#primaryimage\"},\"thumbnailUrl\":\"https:\\\/\\\/www.gsccanarias.com\\\/gsc\\\/wp-content\\\/uploads\\\/2026\\\/01\\\/Plateca-Final-Contaminacion-marina-Santa-Cruz-de-Tenerife.jpeg\",\"datePublished\":\"2026-01-26T12:35:35+00:00\",\"author\":{\"@id\":\"https:\\\/\\\/www.gsccanarias.com\\\/gsc\\\/#\\\/schema\\\/person\\\/dda73868de4f6a10f529224ff9240d2b\"},\"breadcrumb\":{\"@id\":\"https:\\\/\\\/www.gsccanarias.com\\\/gsc\\\/el-gobierno-de-canarias-finaliza-la-prealerta-por-contaminacion-marina-en-tenerife\\\/#breadcrumb\"},\"inLanguage\":\"es\",\"potentialAction\":[{\"@type\":\"ReadAction\",\"target\":[\"https:\\\/\\\/www.gsccanarias.com\\\/gsc\\\/el-gobierno-de-canarias-finaliza-la-prealerta-por-contaminacion-marina-en-tenerife\\\/\"]}]},{\"@type\":\"ImageObject\",\"inLanguage\":\"es\",\"@id\":\"https:\\\/\\\/www.gsccanarias.com\\\/gsc\\\/el-gobierno-de-canarias-finaliza-la-prealerta-por-contaminacion-marina-en-tenerife\\\/#primaryimage\",\"url\":\"https:\\\/\\\/www.gsccanarias.com\\\/gsc\\\/wp-content\\\/uploads\\\/2026\\\/01\\\/Plateca-Final-Contaminacion-marina-Santa-Cruz-de-Tenerife.jpeg\",\"contentUrl\":\"https:\\\/\\\/www.gsccanarias.com\\\/gsc\\\/wp-content\\\/uploads\\\/2026\\\/01\\\/Plateca-Final-Contaminacion-marina-Santa-Cruz-de-Tenerife.jpeg\",\"width\":600,\"height\":600,\"caption\":\"Plateca Final prealerta contaminaci\u00f3n marina Santa Cruz de Tenerife\"},{\"@type\":\"BreadcrumbList\",\"@id\":\"https:\\\/\\\/www.gsccanarias.com\\\/gsc\\\/el-gobierno-de-canarias-finaliza-la-prealerta-por-contaminacion-marina-en-tenerife\\\/#breadcrumb\",\"itemListElement\":[{\"@type\":\"ListItem\",\"position\":1,\"name\":\"Portada\",\"item\":\"https:\\\/\\\/www.gsccanarias.com\\\/gsc\\\/\"},{\"@type\":\"ListItem\",\"position\":2,\"name\":\"El Gobierno de Canarias finaliza la prealerta por contaminaci\u00f3n marina en Tenerife\"}]},{\"@type\":\"WebSite\",\"@id\":\"https:\\\/\\\/www.gsccanarias.com\\\/gsc\\\/#website\",\"url\":\"https:\\\/\\\/www.gsccanarias.com\\\/gsc\\\/\",\"name\":\"GSC\",\"description\":\"Administramos servicios relacionados con la salud, las emergencias, la seguridad y el transporte sanitario\",\"potentialAction\":[{\"@type\":\"SearchAction\",\"target\":{\"@type\":\"EntryPoint\",\"urlTemplate\":\"https:\\\/\\\/www.gsccanarias.com\\\/gsc\\\/?s={search_term_string}\"},\"query-input\":{\"@type\":\"PropertyValueSpecification\",\"valueRequired\":true,\"valueName\":\"search_term_string\"}}],\"inLanguage\":\"es\"},{\"@type\":\"Person\",\"@id\":\"https:\\\/\\\/www.gsccanarias.com\\\/gsc\\\/#\\\/schema\\\/person\\\/dda73868de4f6a10f529224ff9240d2b\",\"name\":\"Armando Camino P\u00e9rez\",\"image\":{\"@type\":\"ImageObject\",\"inLanguage\":\"es\",\"@id\":\"https:\\\/\\\/secure.gravatar.com\\\/avatar\\\/43dc314824de09c5cf6fde3d14d1a41c1e673526c4c37607e7e6dbfab6f8db50?s=96&d=mm&r=g\",\"url\":\"https:\\\/\\\/secure.gravatar.com\\\/avatar\\\/43dc314824de09c5cf6fde3d14d1a41c1e673526c4c37607e7e6dbfab6f8db50?s=96&d=mm&r=g\",\"contentUrl\":\"https:\\\/\\\/secure.gravatar.com\\\/avatar\\\/43dc314824de09c5cf6fde3d14d1a41c1e673526c4c37607e7e6dbfab6f8db50?s=96&d=mm&r=g\",\"caption\":\"Armando Camino P\u00e9rez\"},\"url\":\"https:\\\/\\\/www.gsccanarias.com\\\/gsc\\\/author\\\/acaminogsccanarias-com\\\/\"}]}<\/script>\n<!-- \/ Yoast SEO plugin. -->","yoast_head_json":{"title":"El Gobierno de Canarias finaliza la prealerta por contaminaci\u00f3n marina en Tenerife - GSC","robots":{"index":"index","follow":"follow","max-snippet":"max-snippet:-1","max-image-preview":"max-image-preview:large","max-video-preview":"max-video-preview:-1"},"canonical":"https:\/\/www.gsccanarias.com\/gsc\/el-gobierno-de-canarias-finaliza-la-prealerta-por-contaminacion-marina-en-tenerife\/","og_locale":"es_ES","og_type":"article","og_title":"El Gobierno de Canarias finaliza la prealerta por contaminaci\u00f3n marina en Tenerife - GSC","og_description":"La Direcci\u00f3n General de Emergencias del Gobierno de Canarias, en aplicaci\u00f3n del Plan Territorial de Emergencia de Protecci\u00f3n Civil de la Comunidad Aut\u00f3noma de Canarias PLATECA (Decreto 98\/2015, de 22 de mayo), finaliza a partir de las 12:00 horas de hoy, lunes 26 de enero,...","og_url":"https:\/\/www.gsccanarias.com\/gsc\/el-gobierno-de-canarias-finaliza-la-prealerta-por-contaminacion-marina-en-tenerife\/","og_site_name":"GSC","article_published_time":"2026-01-26T12:35:35+00:00","og_image":[{"width":600,"height":600,"url":"https:\/\/www.gsccanarias.com\/gsc\/wp-content\/uploads\/2026\/01\/Plateca-Final-Contaminacion-marina-Santa-Cruz-de-Tenerife.jpeg","type":"image\/jpeg"}],"author":"Armando Camino P\u00e9rez","twitter_card":"summary_large_image","twitter_misc":{"Escrito por":"Armando Camino P\u00e9rez","Tiempo de lectura":"1 minuto"},"schema":{"@context":"https:\/\/schema.org","@graph":[{"@type":"Article","@id":"https:\/\/www.gsccanarias.com\/gsc\/el-gobierno-de-canarias-finaliza-la-prealerta-por-contaminacion-marina-en-tenerife\/#article","isPartOf":{"@id":"https:\/\/www.gsccanarias.com\/gsc\/el-gobierno-de-canarias-finaliza-la-prealerta-por-contaminacion-marina-en-tenerife\/"},"author":{"name":"Armando Camino P\u00e9rez","@id":"https:\/\/www.gsccanarias.com\/gsc\/#\/schema\/person\/dda73868de4f6a10f529224ff9240d2b"},"headline":"El Gobierno de Canarias finaliza la prealerta por contaminaci\u00f3n marina en Tenerife","datePublished":"2026-01-26T12:35:35+00:00","mainEntityOfPage":{"@id":"https:\/\/www.gsccanarias.com\/gsc\/el-gobierno-de-canarias-finaliza-la-prealerta-por-contaminacion-marina-en-tenerife\/"},"wordCount":181,"image":{"@id":"https:\/\/www.gsccanarias.com\/gsc\/el-gobierno-de-canarias-finaliza-la-prealerta-por-contaminacion-marina-en-tenerife\/#primaryimage"},"thumbnailUrl":"https:\/\/www.gsccanarias.com\/gsc\/wp-content\/uploads\/2026\/01\/Plateca-Final-Contaminacion-marina-Santa-Cruz-de-Tenerife.jpeg","articleSection":["Noticias","\u00daltimas noticias"],"inLanguage":"es"},{"@type":"WebPage","@id":"https:\/\/www.gsccanarias.com\/gsc\/el-gobierno-de-canarias-finaliza-la-prealerta-por-contaminacion-marina-en-tenerife\/","url":"https:\/\/www.gsccanarias.com\/gsc\/el-gobierno-de-canarias-finaliza-la-prealerta-por-contaminacion-marina-en-tenerife\/","name":"El Gobierno de Canarias finaliza la prealerta por contaminaci\u00f3n marina en Tenerife - GSC","isPartOf":{"@id":"https:\/\/www.gsccanarias.com\/gsc\/#website"},"primaryImageOfPage":{"@id":"https:\/\/www.gsccanarias.com\/gsc\/el-gobierno-de-canarias-finaliza-la-prealerta-por-contaminacion-marina-en-tenerife\/#primaryimage"},"image":{"@id":"https:\/\/www.gsccanarias.com\/gsc\/el-gobierno-de-canarias-finaliza-la-prealerta-por-contaminacion-marina-en-tenerife\/#primaryimage"},"thumbnailUrl":"https:\/\/www.gsccanarias.com\/gsc\/wp-content\/uploads\/2026\/01\/Plateca-Final-Contaminacion-marina-Santa-Cruz-de-Tenerife.jpeg","datePublished":"2026-01-26T12:35:35+00:00","author":{"@id":"https:\/\/www.gsccanarias.com\/gsc\/#\/schema\/person\/dda73868de4f6a10f529224ff9240d2b"},"breadcrumb":{"@id":"https:\/\/www.gsccanarias.com\/gsc\/el-gobierno-de-canarias-finaliza-la-prealerta-por-contaminacion-marina-en-tenerife\/#breadcrumb"},"inLanguage":"es","potentialAction":[{"@type":"ReadAction","target":["https:\/\/www.gsccanarias.com\/gsc\/el-gobierno-de-canarias-finaliza-la-prealerta-por-contaminacion-marina-en-tenerife\/"]}]},{"@type":"ImageObject","inLanguage":"es","@id":"https:\/\/www.gsccanarias.com\/gsc\/el-gobierno-de-canarias-finaliza-la-prealerta-por-contaminacion-marina-en-tenerife\/#primaryimage","url":"https:\/\/www.gsccanarias.com\/gsc\/wp-content\/uploads\/2026\/01\/Plateca-Final-Contaminacion-marina-Santa-Cruz-de-Tenerife.jpeg","contentUrl":"https:\/\/www.gsccanarias.com\/gsc\/wp-content\/uploads\/2026\/01\/Plateca-Final-Contaminacion-marina-Santa-Cruz-de-Tenerife.jpeg","width":600,"height":600,"caption":"Plateca Final prealerta contaminaci\u00f3n marina Santa Cruz de Tenerife"},{"@type":"BreadcrumbList","@id":"https:\/\/www.gsccanarias.com\/gsc\/el-gobierno-de-canarias-finaliza-la-prealerta-por-contaminacion-marina-en-tenerife\/#breadcrumb","itemListElement":[{"@type":"ListItem","position":1,"name":"Portada","item":"https:\/\/www.gsccanarias.com\/gsc\/"},{"@type":"ListItem","position":2,"name":"El Gobierno de Canarias finaliza la prealerta por contaminaci\u00f3n marina en Tenerife"}]},{"@type":"WebSite","@id":"https:\/\/www.gsccanarias.com\/gsc\/#website","url":"https:\/\/www.gsccanarias.com\/gsc\/","name":"GSC","description":"Administramos servicios relacionados con la salud, las emergencias, la seguridad y el transporte sanitario","potentialAction":[{"@type":"SearchAction","target":{"@type":"EntryPoint","urlTemplate":"https:\/\/www.gsccanarias.com\/gsc\/?s={search_term_string}"},"query-input":{"@type":"PropertyValueSpecification","valueRequired":true,"valueName":"search_term_string"}}],"inLanguage":"es"},{"@type":"Person","@id":"https:\/\/www.gsccanarias.com\/gsc\/#\/schema\/person\/dda73868de4f6a10f529224ff9240d2b","name":"Armando Camino P\u00e9rez","image":{"@type":"ImageObject","inLanguage":"es","@id":"https:\/\/secure.gravatar.com\/avatar\/43dc314824de09c5cf6fde3d14d1a41c1e673526c4c37607e7e6dbfab6f8db50?s=96&d=mm&r=g","url":"https:\/\/secure.gravatar.com\/avatar\/43dc314824de09c5cf6fde3d14d1a41c1e673526c4c37607e7e6dbfab6f8db50?s=96&d=mm&r=g","contentUrl":"https:\/\/secure.gravatar.com\/avatar\/43dc314824de09c5cf6fde3d14d1a41c1e673526c4c37607e7e6dbfab6f8db50?s=96&d=mm&r=g","caption":"Armando Camino P\u00e9rez"},"url":"https:\/\/www.gsccanarias.com\/gsc\/author\/acaminogsccanarias-com\/"}]}},"publishpress_future_workflow_manual_trigger":{"enabledWorkflows":[]},"_links":{"self":[{"href":"https:\/\/www.gsccanarias.com\/gsc\/wp-json\/wp\/v2\/posts\/18414","targetHints":{"allow":["GET"]}}],"collection":[{"href":"https:\/\/www.gsccanarias.com\/gsc\/wp-json\/wp\/v2\/posts"}],"about":[{"href":"https:\/\/www.gsccanarias.com\/gsc\/wp-json\/wp\/v2\/types\/post"}],"author":[{"embeddable":true,"href":"https:\/\/www.gsccanarias.com\/gsc\/wp-json\/wp\/v2\/users\/22"}],"replies":[{"embeddable":true,"href":"https:\/\/www.gsccanarias.com\/gsc\/wp-json\/wp\/v2\/comments?post=18414"}],"version-history":[{"count":1,"href":"https:\/\/www.gsccanarias.com\/gsc\/wp-json\/wp\/v2\/posts\/18414\/revisions"}],"predecessor-version":[{"id":18415,"href":"https:\/\/www.gsccanarias.com\/gsc\/wp-json\/wp\/v2\/posts\/18414\/revisions\/18415"}],"wp:featuredmedia":[{"embeddable":true,"href":"https:\/\/www.gsccanarias.com\/gsc\/wp-json\/wp\/v2\/media\/18416"}],"wp:attachment":[{"href":"https:\/\/www.gsccanarias.com\/gsc\/wp-json\/wp\/v2\/media?parent=18414"}],"wp:term":[{"taxonomy":"category","embeddable":true,"href":"https:\/\/www.gsccanarias.com\/gsc\/wp-json\/wp\/v2\/categories?post=18414"},{"taxonomy":"post_tag","embeddable":true,"href":"https:\/\/www.gsccanarias.com\/gsc\/wp-json\/wp\/v2\/tags?post=18414"}],"curies":[{"name":"wp","href":"https:\/\/api.w.org\/{rel}","templated":true}]}}