{"id":18410,"date":"2026-01-25T22:50:30","date_gmt":"2026-01-25T22:50:30","guid":{"rendered":"https:\/\/www.gsccanarias.com\/gsc\/?p=18410"},"modified":"2026-01-26T11:26:21","modified_gmt":"2026-01-26T11:26:21","slug":"el-gobierno-de-canarias-activa-el-plateca-en-fase-de-prealerta-por-posible-contaminacion-marina-en-tenerife","status":"publish","type":"post","link":"https:\/\/www.gsccanarias.com\/gsc\/el-gobierno-de-canarias-activa-el-plateca-en-fase-de-prealerta-por-posible-contaminacion-marina-en-tenerife\/","title":{"rendered":"El Gobierno de Canarias activa el PLATECA en fase de prealerta por posible contaminaci\u00f3n marina en Tenerife"},"content":{"rendered":"<p>La Direcci\u00f3n General de Emergencias del Gobierno de Canarias, en base a la informaci\u00f3n disponible, y en aplicaci\u00f3n del Plan Territorial de Emergencia de Protecci\u00f3n Civil de la Comunidad Aut\u00f3noma de Canarias (PLATECA), declara la situaci\u00f3n de Prealerta por posible contaminaci\u00f3n marina a partir de las 21:45 horas de hoy, domingo,25 de enero de 2026.<span id=\"more-181114\"><\/span><\/p>\n<p><strong>\u00c1mbito territorial:<\/strong><\/p>\n<p>Municipio de Santa Cruz de Tenerife<\/p>\n<p><strong>Observaciones:\u00a0<\/strong><\/p>\n<p>CECOES 11 2 recibe aviso por un vertido de gasoil de un buque atracado en el bufadero contradique norte del puerto de Santa Cruz de Tenerife. La parte vertida al muelle (se estima unos 100 \u2013 200 litros) ya est\u00e1 controlada y la que ha llegado al mar est\u00e1 contenida. Se ha activado el Plan Mar\u00edtimo Nacional en fase de alerta. Por todo ello, esta Direcci\u00f3n General de Emergencias procede a activar el PLATECA en Situaci\u00f3n de Prealerta para garantizar la coordinaci\u00f3n entre administraciones y organismos, poner a disposici\u00f3n los recursos necesarios que garanticen el correcto seguimiento de esta situaci\u00f3n.<\/p>\n<p><a href=\"https:\/\/www3.gobiernodecanarias.org\/noticias\/wp-content\/uploads\/2026\/01\/25-01-26-Declaracion-3-PLATECA-prealerta-contaminacion-marina.pdf\">25-01-26 Declaracion 3 PLATECA prealerta contaminacion marina<\/a><\/p>\n<div class=\"pvc_clear\"><\/div>\n<p id=\"pvc_stats_18410\" class=\"pvc_stats all  \" data-element-id=\"18410\" style=\"\"><i class=\"pvc-stats-icon medium\" aria-hidden=\"true\"><svg aria-hidden=\"true\" focusable=\"false\" data-prefix=\"far\" data-icon=\"chart-bar\" role=\"img\" xmlns=\"http:\/\/www.w3.org\/2000\/svg\" viewBox=\"0 0 512 512\" class=\"svg-inline--fa fa-chart-bar fa-w-16 fa-2x\"><path fill=\"currentColor\" d=\"M396.8 352h22.4c6.4 0 12.8-6.4 12.8-12.8V108.8c0-6.4-6.4-12.8-12.8-12.8h-22.4c-6.4 0-12.8 6.4-12.8 12.8v230.4c0 6.4 6.4 12.8 12.8 12.8zm-192 0h22.4c6.4 0 12.8-6.4 12.8-12.8V140.8c0-6.4-6.4-12.8-12.8-12.8h-22.4c-6.4 0-12.8 6.4-12.8 12.8v198.4c0 6.4 6.4 12.8 12.8 12.8zm96 0h22.4c6.4 0 12.8-6.4 12.8-12.8V204.8c0-6.4-6.4-12.8-12.8-12.8h-22.4c-6.4 0-12.8 6.4-12.8 12.8v134.4c0 6.4 6.4 12.8 12.8 12.8zM496 400H48V80c0-8.84-7.16-16-16-16H16C7.16 64 0 71.16 0 80v336c0 17.67 14.33 32 32 32h464c8.84 0 16-7.16 16-16v-16c0-8.84-7.16-16-16-16zm-387.2-48h22.4c6.4 0 12.8-6.4 12.8-12.8v-70.4c0-6.4-6.4-12.8-12.8-12.8h-22.4c-6.4 0-12.8 6.4-12.8 12.8v70.4c0 6.4 6.4 12.8 12.8 12.8z\" class=\"\"><\/path><\/svg><\/i> <\/p>\n<div class=\"pvc_clear\"><\/div>\n<div class=\"print\"><span class=\"page_title\">P\u00e1gina: <span>El Gobierno de Canarias activa el PLATECA en fase de prealerta por posible contaminaci\u00f3n marina en Tenerife<\/span><\/span>\n\t\t\t\t\t\t\t\t\t\t\t<span class=\"page_title\">Fecha de impresi\u00f3n: <span>30\/04\/2026 - 02:42:50 UTC<\/span><\/span>\n\t\t\t\t\t\t\t\t\t\t\t<span class=\"stmp_trans_date\">\u00daltima actualizaci\u00f3n: <span>26\/01\/2026 - 11:26:21<\/span><\/span>\n\t\t\t\t\t\t\t\t\t\t\t<span class=\"stmp_trans_date\">Fecha publicaci\u00f3n: <span>25\/01\/2026 - 22:50:30<\/span><\/span>\n\t\t\t\t\t\t\t\t\t\t\t<span class=\"stmp_trans_date\">Fecha creaci\u00f3n: <span>25\/01\/2026 - 22:50:30<\/span><\/span><\/div>\n\t","protected":false},"excerpt":{"rendered":"<p>La Direcci\u00f3n General de Emergencias del Gobierno de Canarias, en base a la informaci\u00f3n disponible, y en aplicaci\u00f3n del Plan Territorial de Emergencia de Protecci\u00f3n Civil de la Comunidad Aut\u00f3noma de Canarias (PLATECA), declara la situaci\u00f3n de Prealerta por posible contaminaci\u00f3n marina a partir de&#8230;<\/p>\n<div class=\"pvc_clear\"><\/div>\n<p id=\"pvc_stats_18410\" class=\"pvc_stats all  \" data-element-id=\"18410\" style=\"\"><i class=\"pvc-stats-icon medium\" aria-hidden=\"true\"><svg aria-hidden=\"true\" focusable=\"false\" data-prefix=\"far\" data-icon=\"chart-bar\" role=\"img\" xmlns=\"http:\/\/www.w3.org\/2000\/svg\" viewBox=\"0 0 512 512\" class=\"svg-inline--fa fa-chart-bar fa-w-16 fa-2x\"><path fill=\"currentColor\" d=\"M396.8 352h22.4c6.4 0 12.8-6.4 12.8-12.8V108.8c0-6.4-6.4-12.8-12.8-12.8h-22.4c-6.4 0-12.8 6.4-12.8 12.8v230.4c0 6.4 6.4 12.8 12.8 12.8zm-192 0h22.4c6.4 0 12.8-6.4 12.8-12.8V140.8c0-6.4-6.4-12.8-12.8-12.8h-22.4c-6.4 0-12.8 6.4-12.8 12.8v198.4c0 6.4 6.4 12.8 12.8 12.8zm96 0h22.4c6.4 0 12.8-6.4 12.8-12.8V204.8c0-6.4-6.4-12.8-12.8-12.8h-22.4c-6.4 0-12.8 6.4-12.8 12.8v134.4c0 6.4 6.4 12.8 12.8 12.8zM496 400H48V80c0-8.84-7.16-16-16-16H16C7.16 64 0 71.16 0 80v336c0 17.67 14.33 32 32 32h464c8.84 0 16-7.16 16-16v-16c0-8.84-7.16-16-16-16zm-387.2-48h22.4c6.4 0 12.8-6.4 12.8-12.8v-70.4c0-6.4-6.4-12.8-12.8-12.8h-22.4c-6.4 0-12.8 6.4-12.8 12.8v70.4c0 6.4 6.4 12.8 12.8 12.8z\" class=\"\"><\/path><\/svg><\/i> <img loading=\"lazy\" decoding=\"async\" width=\"16\" height=\"16\" alt=\"Loading\" src=\"https:\/\/www.gsccanarias.com\/gsc\/wp-content\/plugins\/page-views-count\/ajax-loader-2x.gif\" border=0 \/><\/p>\n<div class=\"pvc_clear\"><\/div>\n","protected":false},"author":5,"featured_media":18411,"comment_status":"closed","ping_status":"open","sticky":false,"template":"","format":"standard","meta":{"footnotes":""},"categories":[35,36],"tags":[],"class_list":["post-18410","post","type-post","status-publish","format-standard","has-post-thumbnail","hentry","category-noticias","category-ultimas-noticias"],"a3_pvc":{"activated":true,"total_views":9,"today_views":0},"yoast_head":"<!-- This site is optimized with the Yoast SEO plugin v27.5 - https:\/\/yoast.com\/product\/yoast-seo-wordpress\/ -->\n<title>El Gobierno de Canarias activa el PLATECA en fase de prealerta por posible contaminaci\u00f3n marina en Tenerife - GSC<\/title>\n<meta name=\"robots\" content=\"index, follow, max-snippet:-1, max-image-preview:large, max-video-preview:-1\" \/>\n<link rel=\"canonical\" href=\"https:\/\/www.gsccanarias.com\/gsc\/el-gobierno-de-canarias-activa-el-plateca-en-fase-de-prealerta-por-posible-contaminacion-marina-en-tenerife\/\" \/>\n<meta property=\"og:locale\" content=\"es_ES\" \/>\n<meta property=\"og:type\" content=\"article\" \/>\n<meta property=\"og:title\" content=\"El Gobierno de Canarias activa el PLATECA en fase de prealerta por posible contaminaci\u00f3n marina en Tenerife - GSC\" \/>\n<meta property=\"og:description\" content=\"La Direcci\u00f3n General de Emergencias del Gobierno de Canarias, en base a la informaci\u00f3n disponible, y en aplicaci\u00f3n del Plan Territorial de Emergencia de Protecci\u00f3n Civil de la Comunidad Aut\u00f3noma de Canarias (PLATECA), declara la situaci\u00f3n de Prealerta por posible contaminaci\u00f3n marina a partir de...\" \/>\n<meta property=\"og:url\" content=\"https:\/\/www.gsccanarias.com\/gsc\/el-gobierno-de-canarias-activa-el-plateca-en-fase-de-prealerta-por-posible-contaminacion-marina-en-tenerife\/\" \/>\n<meta property=\"og:site_name\" content=\"GSC\" \/>\n<meta property=\"article:published_time\" content=\"2026-01-25T22:50:30+00:00\" \/>\n<meta property=\"article:modified_time\" content=\"2026-01-26T11:26:21+00:00\" \/>\n<meta property=\"og:image\" content=\"https:\/\/www.gsccanarias.com\/gsc\/wp-content\/uploads\/2026\/01\/Cartelas-activacion-Planes-300-x-300-px-2.png\" \/>\n\t<meta property=\"og:image:width\" content=\"300\" \/>\n\t<meta property=\"og:image:height\" content=\"300\" \/>\n\t<meta property=\"og:image:type\" content=\"image\/png\" \/>\n<meta name=\"author\" content=\"Candelaria Ceballos Quintero\" \/>\n<meta name=\"twitter:card\" content=\"summary_large_image\" \/>\n<meta name=\"twitter:label1\" content=\"Escrito por\" \/>\n\t<meta name=\"twitter:data1\" content=\"Candelaria Ceballos Quintero\" \/>\n\t<meta name=\"twitter:label2\" content=\"Tiempo de lectura\" \/>\n\t<meta name=\"twitter:data2\" content=\"1 minuto\" \/>\n<script type=\"application\/ld+json\" class=\"yoast-schema-graph\">{\"@context\":\"https:\\\/\\\/schema.org\",\"@graph\":[{\"@type\":\"Article\",\"@id\":\"https:\\\/\\\/www.gsccanarias.com\\\/gsc\\\/el-gobierno-de-canarias-activa-el-plateca-en-fase-de-prealerta-por-posible-contaminacion-marina-en-tenerife\\\/#article\",\"isPartOf\":{\"@id\":\"https:\\\/\\\/www.gsccanarias.com\\\/gsc\\\/el-gobierno-de-canarias-activa-el-plateca-en-fase-de-prealerta-por-posible-contaminacion-marina-en-tenerife\\\/\"},\"author\":{\"name\":\"Candelaria Ceballos Quintero\",\"@id\":\"https:\\\/\\\/www.gsccanarias.com\\\/gsc\\\/#\\\/schema\\\/person\\\/5b9901f4eee7cadbed4628c907cce21f\"},\"headline\":\"El Gobierno de Canarias activa el PLATECA en fase de prealerta por posible contaminaci\u00f3n marina en Tenerife\",\"datePublished\":\"2026-01-25T22:50:30+00:00\",\"dateModified\":\"2026-01-26T11:26:21+00:00\",\"mainEntityOfPage\":{\"@id\":\"https:\\\/\\\/www.gsccanarias.com\\\/gsc\\\/el-gobierno-de-canarias-activa-el-plateca-en-fase-de-prealerta-por-posible-contaminacion-marina-en-tenerife\\\/\"},\"wordCount\":195,\"image\":{\"@id\":\"https:\\\/\\\/www.gsccanarias.com\\\/gsc\\\/el-gobierno-de-canarias-activa-el-plateca-en-fase-de-prealerta-por-posible-contaminacion-marina-en-tenerife\\\/#primaryimage\"},\"thumbnailUrl\":\"https:\\\/\\\/www.gsccanarias.com\\\/gsc\\\/wp-content\\\/uploads\\\/2026\\\/01\\\/Cartelas-activacion-Planes-300-x-300-px-2.png\",\"articleSection\":[\"Noticias\",\"\u00daltimas noticias\"],\"inLanguage\":\"es\"},{\"@type\":\"WebPage\",\"@id\":\"https:\\\/\\\/www.gsccanarias.com\\\/gsc\\\/el-gobierno-de-canarias-activa-el-plateca-en-fase-de-prealerta-por-posible-contaminacion-marina-en-tenerife\\\/\",\"url\":\"https:\\\/\\\/www.gsccanarias.com\\\/gsc\\\/el-gobierno-de-canarias-activa-el-plateca-en-fase-de-prealerta-por-posible-contaminacion-marina-en-tenerife\\\/\",\"name\":\"El Gobierno de Canarias activa el PLATECA en fase de prealerta por posible contaminaci\u00f3n marina en Tenerife - GSC\",\"isPartOf\":{\"@id\":\"https:\\\/\\\/www.gsccanarias.com\\\/gsc\\\/#website\"},\"primaryImageOfPage\":{\"@id\":\"https:\\\/\\\/www.gsccanarias.com\\\/gsc\\\/el-gobierno-de-canarias-activa-el-plateca-en-fase-de-prealerta-por-posible-contaminacion-marina-en-tenerife\\\/#primaryimage\"},\"image\":{\"@id\":\"https:\\\/\\\/www.gsccanarias.com\\\/gsc\\\/el-gobierno-de-canarias-activa-el-plateca-en-fase-de-prealerta-por-posible-contaminacion-marina-en-tenerife\\\/#primaryimage\"},\"thumbnailUrl\":\"https:\\\/\\\/www.gsccanarias.com\\\/gsc\\\/wp-content\\\/uploads\\\/2026\\\/01\\\/Cartelas-activacion-Planes-300-x-300-px-2.png\",\"datePublished\":\"2026-01-25T22:50:30+00:00\",\"dateModified\":\"2026-01-26T11:26:21+00:00\",\"author\":{\"@id\":\"https:\\\/\\\/www.gsccanarias.com\\\/gsc\\\/#\\\/schema\\\/person\\\/5b9901f4eee7cadbed4628c907cce21f\"},\"breadcrumb\":{\"@id\":\"https:\\\/\\\/www.gsccanarias.com\\\/gsc\\\/el-gobierno-de-canarias-activa-el-plateca-en-fase-de-prealerta-por-posible-contaminacion-marina-en-tenerife\\\/#breadcrumb\"},\"inLanguage\":\"es\",\"potentialAction\":[{\"@type\":\"ReadAction\",\"target\":[\"https:\\\/\\\/www.gsccanarias.com\\\/gsc\\\/el-gobierno-de-canarias-activa-el-plateca-en-fase-de-prealerta-por-posible-contaminacion-marina-en-tenerife\\\/\"]}]},{\"@type\":\"ImageObject\",\"inLanguage\":\"es\",\"@id\":\"https:\\\/\\\/www.gsccanarias.com\\\/gsc\\\/el-gobierno-de-canarias-activa-el-plateca-en-fase-de-prealerta-por-posible-contaminacion-marina-en-tenerife\\\/#primaryimage\",\"url\":\"https:\\\/\\\/www.gsccanarias.com\\\/gsc\\\/wp-content\\\/uploads\\\/2026\\\/01\\\/Cartelas-activacion-Planes-300-x-300-px-2.png\",\"contentUrl\":\"https:\\\/\\\/www.gsccanarias.com\\\/gsc\\\/wp-content\\\/uploads\\\/2026\\\/01\\\/Cartelas-activacion-Planes-300-x-300-px-2.png\",\"width\":300,\"height\":300},{\"@type\":\"BreadcrumbList\",\"@id\":\"https:\\\/\\\/www.gsccanarias.com\\\/gsc\\\/el-gobierno-de-canarias-activa-el-plateca-en-fase-de-prealerta-por-posible-contaminacion-marina-en-tenerife\\\/#breadcrumb\",\"itemListElement\":[{\"@type\":\"ListItem\",\"position\":1,\"name\":\"Portada\",\"item\":\"https:\\\/\\\/www.gsccanarias.com\\\/gsc\\\/\"},{\"@type\":\"ListItem\",\"position\":2,\"name\":\"El Gobierno de Canarias activa el PLATECA en fase de prealerta por posible contaminaci\u00f3n marina en Tenerife\"}]},{\"@type\":\"WebSite\",\"@id\":\"https:\\\/\\\/www.gsccanarias.com\\\/gsc\\\/#website\",\"url\":\"https:\\\/\\\/www.gsccanarias.com\\\/gsc\\\/\",\"name\":\"GSC\",\"description\":\"Administramos servicios relacionados con la salud, las emergencias, la seguridad y el transporte sanitario\",\"potentialAction\":[{\"@type\":\"SearchAction\",\"target\":{\"@type\":\"EntryPoint\",\"urlTemplate\":\"https:\\\/\\\/www.gsccanarias.com\\\/gsc\\\/?s={search_term_string}\"},\"query-input\":{\"@type\":\"PropertyValueSpecification\",\"valueRequired\":true,\"valueName\":\"search_term_string\"}}],\"inLanguage\":\"es\"},{\"@type\":\"Person\",\"@id\":\"https:\\\/\\\/www.gsccanarias.com\\\/gsc\\\/#\\\/schema\\\/person\\\/5b9901f4eee7cadbed4628c907cce21f\",\"name\":\"Candelaria Ceballos Quintero\",\"image\":{\"@type\":\"ImageObject\",\"inLanguage\":\"es\",\"@id\":\"https:\\\/\\\/secure.gravatar.com\\\/avatar\\\/4f9946c8a8e26afcca94f05df1786a5365e8e246fff67757b9108a432cd46e0d?s=96&d=mm&r=g\",\"url\":\"https:\\\/\\\/secure.gravatar.com\\\/avatar\\\/4f9946c8a8e26afcca94f05df1786a5365e8e246fff67757b9108a432cd46e0d?s=96&d=mm&r=g\",\"contentUrl\":\"https:\\\/\\\/secure.gravatar.com\\\/avatar\\\/4f9946c8a8e26afcca94f05df1786a5365e8e246fff67757b9108a432cd46e0d?s=96&d=mm&r=g\",\"caption\":\"Candelaria Ceballos Quintero\"},\"url\":\"https:\\\/\\\/www.gsccanarias.com\\\/gsc\\\/author\\\/candelaria\\\/\"}]}<\/script>\n<!-- \/ Yoast SEO plugin. -->","yoast_head_json":{"title":"El Gobierno de Canarias activa el PLATECA en fase de prealerta por posible contaminaci\u00f3n marina en Tenerife - GSC","robots":{"index":"index","follow":"follow","max-snippet":"max-snippet:-1","max-image-preview":"max-image-preview:large","max-video-preview":"max-video-preview:-1"},"canonical":"https:\/\/www.gsccanarias.com\/gsc\/el-gobierno-de-canarias-activa-el-plateca-en-fase-de-prealerta-por-posible-contaminacion-marina-en-tenerife\/","og_locale":"es_ES","og_type":"article","og_title":"El Gobierno de Canarias activa el PLATECA en fase de prealerta por posible contaminaci\u00f3n marina en Tenerife - GSC","og_description":"La Direcci\u00f3n General de Emergencias del Gobierno de Canarias, en base a la informaci\u00f3n disponible, y en aplicaci\u00f3n del Plan Territorial de Emergencia de Protecci\u00f3n Civil de la Comunidad Aut\u00f3noma de Canarias (PLATECA), declara la situaci\u00f3n de Prealerta por posible contaminaci\u00f3n marina a partir de...","og_url":"https:\/\/www.gsccanarias.com\/gsc\/el-gobierno-de-canarias-activa-el-plateca-en-fase-de-prealerta-por-posible-contaminacion-marina-en-tenerife\/","og_site_name":"GSC","article_published_time":"2026-01-25T22:50:30+00:00","article_modified_time":"2026-01-26T11:26:21+00:00","og_image":[{"width":300,"height":300,"url":"https:\/\/www.gsccanarias.com\/gsc\/wp-content\/uploads\/2026\/01\/Cartelas-activacion-Planes-300-x-300-px-2.png","type":"image\/png"}],"author":"Candelaria Ceballos Quintero","twitter_card":"summary_large_image","twitter_misc":{"Escrito por":"Candelaria Ceballos Quintero","Tiempo de lectura":"1 minuto"},"schema":{"@context":"https:\/\/schema.org","@graph":[{"@type":"Article","@id":"https:\/\/www.gsccanarias.com\/gsc\/el-gobierno-de-canarias-activa-el-plateca-en-fase-de-prealerta-por-posible-contaminacion-marina-en-tenerife\/#article","isPartOf":{"@id":"https:\/\/www.gsccanarias.com\/gsc\/el-gobierno-de-canarias-activa-el-plateca-en-fase-de-prealerta-por-posible-contaminacion-marina-en-tenerife\/"},"author":{"name":"Candelaria Ceballos Quintero","@id":"https:\/\/www.gsccanarias.com\/gsc\/#\/schema\/person\/5b9901f4eee7cadbed4628c907cce21f"},"headline":"El Gobierno de Canarias activa el PLATECA en fase de prealerta por posible contaminaci\u00f3n marina en Tenerife","datePublished":"2026-01-25T22:50:30+00:00","dateModified":"2026-01-26T11:26:21+00:00","mainEntityOfPage":{"@id":"https:\/\/www.gsccanarias.com\/gsc\/el-gobierno-de-canarias-activa-el-plateca-en-fase-de-prealerta-por-posible-contaminacion-marina-en-tenerife\/"},"wordCount":195,"image":{"@id":"https:\/\/www.gsccanarias.com\/gsc\/el-gobierno-de-canarias-activa-el-plateca-en-fase-de-prealerta-por-posible-contaminacion-marina-en-tenerife\/#primaryimage"},"thumbnailUrl":"https:\/\/www.gsccanarias.com\/gsc\/wp-content\/uploads\/2026\/01\/Cartelas-activacion-Planes-300-x-300-px-2.png","articleSection":["Noticias","\u00daltimas noticias"],"inLanguage":"es"},{"@type":"WebPage","@id":"https:\/\/www.gsccanarias.com\/gsc\/el-gobierno-de-canarias-activa-el-plateca-en-fase-de-prealerta-por-posible-contaminacion-marina-en-tenerife\/","url":"https:\/\/www.gsccanarias.com\/gsc\/el-gobierno-de-canarias-activa-el-plateca-en-fase-de-prealerta-por-posible-contaminacion-marina-en-tenerife\/","name":"El Gobierno de Canarias activa el PLATECA en fase de prealerta por posible contaminaci\u00f3n marina en Tenerife - GSC","isPartOf":{"@id":"https:\/\/www.gsccanarias.com\/gsc\/#website"},"primaryImageOfPage":{"@id":"https:\/\/www.gsccanarias.com\/gsc\/el-gobierno-de-canarias-activa-el-plateca-en-fase-de-prealerta-por-posible-contaminacion-marina-en-tenerife\/#primaryimage"},"image":{"@id":"https:\/\/www.gsccanarias.com\/gsc\/el-gobierno-de-canarias-activa-el-plateca-en-fase-de-prealerta-por-posible-contaminacion-marina-en-tenerife\/#primaryimage"},"thumbnailUrl":"https:\/\/www.gsccanarias.com\/gsc\/wp-content\/uploads\/2026\/01\/Cartelas-activacion-Planes-300-x-300-px-2.png","datePublished":"2026-01-25T22:50:30+00:00","dateModified":"2026-01-26T11:26:21+00:00","author":{"@id":"https:\/\/www.gsccanarias.com\/gsc\/#\/schema\/person\/5b9901f4eee7cadbed4628c907cce21f"},"breadcrumb":{"@id":"https:\/\/www.gsccanarias.com\/gsc\/el-gobierno-de-canarias-activa-el-plateca-en-fase-de-prealerta-por-posible-contaminacion-marina-en-tenerife\/#breadcrumb"},"inLanguage":"es","potentialAction":[{"@type":"ReadAction","target":["https:\/\/www.gsccanarias.com\/gsc\/el-gobierno-de-canarias-activa-el-plateca-en-fase-de-prealerta-por-posible-contaminacion-marina-en-tenerife\/"]}]},{"@type":"ImageObject","inLanguage":"es","@id":"https:\/\/www.gsccanarias.com\/gsc\/el-gobierno-de-canarias-activa-el-plateca-en-fase-de-prealerta-por-posible-contaminacion-marina-en-tenerife\/#primaryimage","url":"https:\/\/www.gsccanarias.com\/gsc\/wp-content\/uploads\/2026\/01\/Cartelas-activacion-Planes-300-x-300-px-2.png","contentUrl":"https:\/\/www.gsccanarias.com\/gsc\/wp-content\/uploads\/2026\/01\/Cartelas-activacion-Planes-300-x-300-px-2.png","width":300,"height":300},{"@type":"BreadcrumbList","@id":"https:\/\/www.gsccanarias.com\/gsc\/el-gobierno-de-canarias-activa-el-plateca-en-fase-de-prealerta-por-posible-contaminacion-marina-en-tenerife\/#breadcrumb","itemListElement":[{"@type":"ListItem","position":1,"name":"Portada","item":"https:\/\/www.gsccanarias.com\/gsc\/"},{"@type":"ListItem","position":2,"name":"El Gobierno de Canarias activa el PLATECA en fase de prealerta por posible contaminaci\u00f3n marina en Tenerife"}]},{"@type":"WebSite","@id":"https:\/\/www.gsccanarias.com\/gsc\/#website","url":"https:\/\/www.gsccanarias.com\/gsc\/","name":"GSC","description":"Administramos servicios relacionados con la salud, las emergencias, la seguridad y el transporte sanitario","potentialAction":[{"@type":"SearchAction","target":{"@type":"EntryPoint","urlTemplate":"https:\/\/www.gsccanarias.com\/gsc\/?s={search_term_string}"},"query-input":{"@type":"PropertyValueSpecification","valueRequired":true,"valueName":"search_term_string"}}],"inLanguage":"es"},{"@type":"Person","@id":"https:\/\/www.gsccanarias.com\/gsc\/#\/schema\/person\/5b9901f4eee7cadbed4628c907cce21f","name":"Candelaria Ceballos Quintero","image":{"@type":"ImageObject","inLanguage":"es","@id":"https:\/\/secure.gravatar.com\/avatar\/4f9946c8a8e26afcca94f05df1786a5365e8e246fff67757b9108a432cd46e0d?s=96&d=mm&r=g","url":"https:\/\/secure.gravatar.com\/avatar\/4f9946c8a8e26afcca94f05df1786a5365e8e246fff67757b9108a432cd46e0d?s=96&d=mm&r=g","contentUrl":"https:\/\/secure.gravatar.com\/avatar\/4f9946c8a8e26afcca94f05df1786a5365e8e246fff67757b9108a432cd46e0d?s=96&d=mm&r=g","caption":"Candelaria Ceballos Quintero"},"url":"https:\/\/www.gsccanarias.com\/gsc\/author\/candelaria\/"}]}},"publishpress_future_workflow_manual_trigger":{"enabledWorkflows":[]},"_links":{"self":[{"href":"https:\/\/www.gsccanarias.com\/gsc\/wp-json\/wp\/v2\/posts\/18410","targetHints":{"allow":["GET"]}}],"collection":[{"href":"https:\/\/www.gsccanarias.com\/gsc\/wp-json\/wp\/v2\/posts"}],"about":[{"href":"https:\/\/www.gsccanarias.com\/gsc\/wp-json\/wp\/v2\/types\/post"}],"author":[{"embeddable":true,"href":"https:\/\/www.gsccanarias.com\/gsc\/wp-json\/wp\/v2\/users\/5"}],"replies":[{"embeddable":true,"href":"https:\/\/www.gsccanarias.com\/gsc\/wp-json\/wp\/v2\/comments?post=18410"}],"version-history":[{"count":1,"href":"https:\/\/www.gsccanarias.com\/gsc\/wp-json\/wp\/v2\/posts\/18410\/revisions"}],"predecessor-version":[{"id":18412,"href":"https:\/\/www.gsccanarias.com\/gsc\/wp-json\/wp\/v2\/posts\/18410\/revisions\/18412"}],"wp:featuredmedia":[{"embeddable":true,"href":"https:\/\/www.gsccanarias.com\/gsc\/wp-json\/wp\/v2\/media\/18411"}],"wp:attachment":[{"href":"https:\/\/www.gsccanarias.com\/gsc\/wp-json\/wp\/v2\/media?parent=18410"}],"wp:term":[{"taxonomy":"category","embeddable":true,"href":"https:\/\/www.gsccanarias.com\/gsc\/wp-json\/wp\/v2\/categories?post=18410"},{"taxonomy":"post_tag","embeddable":true,"href":"https:\/\/www.gsccanarias.com\/gsc\/wp-json\/wp\/v2\/tags?post=18410"}],"curies":[{"name":"wp","href":"https:\/\/api.w.org\/{rel}","templated":true}]}}