{"id":18362,"date":"2026-01-16T19:54:34","date_gmt":"2026-01-16T19:54:34","guid":{"rendered":"https:\/\/www.gsccanarias.com\/gsc\/?p=18362"},"modified":"2026-01-16T19:54:34","modified_gmt":"2026-01-16T19:54:34","slug":"el-gobierno-declara-las-alertas-por-oleaje-en-canarias-y-por-vientos-en-islas-occidentales-y-gran-canaria","status":"publish","type":"post","link":"https:\/\/www.gsccanarias.com\/gsc\/el-gobierno-declara-las-alertas-por-oleaje-en-canarias-y-por-vientos-en-islas-occidentales-y-gran-canaria\/","title":{"rendered":"El Gobierno declara las alertas por oleaje en Canarias y por vientos en islas occidentales y Gran Canaria"},"content":{"rendered":"<blockquote><p>Las situaciones por meteorolog\u00eda adversa tambi\u00e9n incluyen la prealerta por vientos en Fuerteventura y Lanzarote<\/p><\/blockquote>\n<p>El Gobierno de Canarias actualiza la situaci\u00f3n y declara la alerta por fen\u00f3menos costeros en todo el archipi\u00e9lago a partir de ma\u00f1ana, s\u00e1bado 17 de enero, adem\u00e1s de activar la alerta por vientos en islas occidentales y Gran Canaria junto a la prealerta en Fuerteventura y Lanzarote a partir del d\u00eda siguiente, domingo 18 de enero.<span id=\"more-180624\"><\/span><\/p>\n<p>A trav\u00e9s de la Direcci\u00f3n General de Emergencias, las dos decisiones se adoptaron en base a la informaci\u00f3n facilitada por la Agencia Estatal de Meteorolog\u00eda junto a otras fuentes disponibles y en aplicaci\u00f3n del Plan Espec\u00edfico de Emergencias de Canarias por Riesgos de Fen\u00f3menos Meteorol\u00f3gicos Adversos (PEFMA).<\/p>\n<p>Ante el mal estado del mar, el Ejecutivo auton\u00f3mico recuerda a la poblaci\u00f3n la necesidad de adoptar las medidas adecuadas para prevenir y evitar situaciones de riesgo, en general, a lo largo de todo el archipi\u00e9lago y, en concreto, en el litoral norte y oeste de La Palma, La Gomera, El Hierro; litoral norte de Tenerife y Gran Canaria; canales entre islas, as\u00ed como Lanzarote y Fuerteventura.<\/p>\n<p>No en vano, se prev\u00e9 oleaje de mar combinada del noroeste que probablemente alcance y supere los 4-5 metros, con periodos largos de mar de fondo, sin olvidar la luna nueva y mareas vivas del s\u00e1bado.<\/p>\n<p>Por su parte, el viento general del noroeste, hacia el norte en la segunda mitad del domingo, se pronostica que afecte en mayor medida a las cumbres y vertientes este y oeste de las islas monta\u00f1osas, as\u00ed como a Lanzarote y Fuerteventura en horas centrales.<\/p>\n<p>Las rachas de viento fuertes pueden alcanzar o superar los 70 kil\u00f3metros por hora, as\u00ed como rachas localmente muy fuertes de m\u00e1s de 90 kil\u00f3metros por hora en las cumbres de las islas de mayor relieve.<\/p>\n<p>Recomendaciones de autoprotecci\u00f3n<\/p>\n<p>El Gobierno de Canarias recuerda a la ciudadan\u00eda que resulta necesario extremar las precauciones en las costas de las islas e insiste en la importancia de poner en pr\u00e1ctica los consejos de autoprotecci\u00f3n para evitar riesgos en el mar.<\/p>\n<p>Entre otras recomendaciones, conviene no situarse en muelles y escolleras, ni permanecer en lugares cercanos al mar para evitar ser golpeados o arrastrados por el oleaje, as\u00ed como aplazar actividades n\u00e1uticas o deportivas previstas para estos d\u00edas y no ba\u00f1arse en playas apartadas o sin vigilancia.<\/p>\n<p>Ante las rachas de viento resulta importante extremar la precauci\u00f3n en los desplazamientos por carretera ante la posible presencia de obst\u00e1culos en las v\u00edas as\u00ed como retirar de ventanas, balcones y azoteas las macetas y aquellos objetos que puedan caer a la calle.<\/p>\n<p>Adem\u00e1s, se aconseja no acercarse edificaciones en construcci\u00f3n o en mal estado, as\u00ed como a andamios, gr\u00faas, letreros luminosos, vallas publicitarias o cualquier otro elemento que pueda ser arrastrado por el viento.<\/p>\n<div class=\"pvc_clear\"><\/div>\n<p id=\"pvc_stats_18362\" class=\"pvc_stats all  \" data-element-id=\"18362\" style=\"\"><i class=\"pvc-stats-icon medium\" aria-hidden=\"true\"><svg aria-hidden=\"true\" focusable=\"false\" data-prefix=\"far\" data-icon=\"chart-bar\" role=\"img\" xmlns=\"http:\/\/www.w3.org\/2000\/svg\" viewBox=\"0 0 512 512\" class=\"svg-inline--fa fa-chart-bar fa-w-16 fa-2x\"><path fill=\"currentColor\" d=\"M396.8 352h22.4c6.4 0 12.8-6.4 12.8-12.8V108.8c0-6.4-6.4-12.8-12.8-12.8h-22.4c-6.4 0-12.8 6.4-12.8 12.8v230.4c0 6.4 6.4 12.8 12.8 12.8zm-192 0h22.4c6.4 0 12.8-6.4 12.8-12.8V140.8c0-6.4-6.4-12.8-12.8-12.8h-22.4c-6.4 0-12.8 6.4-12.8 12.8v198.4c0 6.4 6.4 12.8 12.8 12.8zm96 0h22.4c6.4 0 12.8-6.4 12.8-12.8V204.8c0-6.4-6.4-12.8-12.8-12.8h-22.4c-6.4 0-12.8 6.4-12.8 12.8v134.4c0 6.4 6.4 12.8 12.8 12.8zM496 400H48V80c0-8.84-7.16-16-16-16H16C7.16 64 0 71.16 0 80v336c0 17.67 14.33 32 32 32h464c8.84 0 16-7.16 16-16v-16c0-8.84-7.16-16-16-16zm-387.2-48h22.4c6.4 0 12.8-6.4 12.8-12.8v-70.4c0-6.4-6.4-12.8-12.8-12.8h-22.4c-6.4 0-12.8 6.4-12.8 12.8v70.4c0 6.4 6.4 12.8 12.8 12.8z\" class=\"\"><\/path><\/svg><\/i> <\/p>\n<div class=\"pvc_clear\"><\/div>\n<div class=\"print\"><span class=\"page_title\">P\u00e1gina: <span>El Gobierno declara las alertas por oleaje en Canarias y por vientos en islas occidentales y Gran Canaria<\/span><\/span>\n\t\t\t\t\t\t\t\t\t\t\t<span class=\"page_title\">Fecha de impresi\u00f3n: <span>26\/04\/2026 - 05:29:32 UTC<\/span><\/span>\n\t\t\t\t\t\t\t\t\t\t\t<span class=\"stmp_trans_date\">\u00daltima actualizaci\u00f3n: <span>16\/01\/2026 - 19:54:34<\/span><\/span>\n\t\t\t\t\t\t\t\t\t\t\t<span class=\"stmp_trans_date\">Fecha publicaci\u00f3n: <span>16\/01\/2026 - 19:54:34<\/span><\/span>\n\t\t\t\t\t\t\t\t\t\t\t<span class=\"stmp_trans_date\">Fecha creaci\u00f3n: <span>16\/01\/2026 - 19:54:34<\/span><\/span><\/div>\n\t","protected":false},"excerpt":{"rendered":"<p>Las situaciones por meteorolog\u00eda adversa tambi\u00e9n incluyen la prealerta por vientos en Fuerteventura y Lanzarote El Gobierno de Canarias actualiza la situaci\u00f3n y declara la alerta por fen\u00f3menos costeros en todo el archipi\u00e9lago a partir de ma\u00f1ana, s\u00e1bado 17 de enero, adem\u00e1s de activar la&#8230;<\/p>\n<div class=\"pvc_clear\"><\/div>\n<p id=\"pvc_stats_18362\" class=\"pvc_stats all  \" data-element-id=\"18362\" style=\"\"><i class=\"pvc-stats-icon medium\" aria-hidden=\"true\"><svg aria-hidden=\"true\" focusable=\"false\" data-prefix=\"far\" data-icon=\"chart-bar\" role=\"img\" xmlns=\"http:\/\/www.w3.org\/2000\/svg\" viewBox=\"0 0 512 512\" class=\"svg-inline--fa fa-chart-bar fa-w-16 fa-2x\"><path fill=\"currentColor\" d=\"M396.8 352h22.4c6.4 0 12.8-6.4 12.8-12.8V108.8c0-6.4-6.4-12.8-12.8-12.8h-22.4c-6.4 0-12.8 6.4-12.8 12.8v230.4c0 6.4 6.4 12.8 12.8 12.8zm-192 0h22.4c6.4 0 12.8-6.4 12.8-12.8V140.8c0-6.4-6.4-12.8-12.8-12.8h-22.4c-6.4 0-12.8 6.4-12.8 12.8v198.4c0 6.4 6.4 12.8 12.8 12.8zm96 0h22.4c6.4 0 12.8-6.4 12.8-12.8V204.8c0-6.4-6.4-12.8-12.8-12.8h-22.4c-6.4 0-12.8 6.4-12.8 12.8v134.4c0 6.4 6.4 12.8 12.8 12.8zM496 400H48V80c0-8.84-7.16-16-16-16H16C7.16 64 0 71.16 0 80v336c0 17.67 14.33 32 32 32h464c8.84 0 16-7.16 16-16v-16c0-8.84-7.16-16-16-16zm-387.2-48h22.4c6.4 0 12.8-6.4 12.8-12.8v-70.4c0-6.4-6.4-12.8-12.8-12.8h-22.4c-6.4 0-12.8 6.4-12.8 12.8v70.4c0 6.4 6.4 12.8 12.8 12.8z\" class=\"\"><\/path><\/svg><\/i> <img loading=\"lazy\" decoding=\"async\" width=\"16\" height=\"16\" alt=\"Loading\" src=\"https:\/\/www.gsccanarias.com\/gsc\/wp-content\/plugins\/page-views-count\/ajax-loader-2x.gif\" border=0 \/><\/p>\n<div class=\"pvc_clear\"><\/div>\n","protected":false},"author":22,"featured_media":18363,"comment_status":"closed","ping_status":"open","sticky":false,"template":"","format":"standard","meta":{"footnotes":""},"categories":[35,36],"tags":[],"class_list":["post-18362","post","type-post","status-publish","format-standard","has-post-thumbnail","hentry","category-noticias","category-ultimas-noticias"],"a3_pvc":{"activated":true,"total_views":32,"today_views":0},"publishpress_future_workflow_manual_trigger":{"enabledWorkflows":[]},"_links":{"self":[{"href":"https:\/\/www.gsccanarias.com\/gsc\/wp-json\/wp\/v2\/posts\/18362","targetHints":{"allow":["GET"]}}],"collection":[{"href":"https:\/\/www.gsccanarias.com\/gsc\/wp-json\/wp\/v2\/posts"}],"about":[{"href":"https:\/\/www.gsccanarias.com\/gsc\/wp-json\/wp\/v2\/types\/post"}],"author":[{"embeddable":true,"href":"https:\/\/www.gsccanarias.com\/gsc\/wp-json\/wp\/v2\/users\/22"}],"replies":[{"embeddable":true,"href":"https:\/\/www.gsccanarias.com\/gsc\/wp-json\/wp\/v2\/comments?post=18362"}],"version-history":[{"count":2,"href":"https:\/\/www.gsccanarias.com\/gsc\/wp-json\/wp\/v2\/posts\/18362\/revisions"}],"predecessor-version":[{"id":18365,"href":"https:\/\/www.gsccanarias.com\/gsc\/wp-json\/wp\/v2\/posts\/18362\/revisions\/18365"}],"wp:featuredmedia":[{"embeddable":true,"href":"https:\/\/www.gsccanarias.com\/gsc\/wp-json\/wp\/v2\/media\/18363"}],"wp:attachment":[{"href":"https:\/\/www.gsccanarias.com\/gsc\/wp-json\/wp\/v2\/media?parent=18362"}],"wp:term":[{"taxonomy":"category","embeddable":true,"href":"https:\/\/www.gsccanarias.com\/gsc\/wp-json\/wp\/v2\/categories?post=18362"},{"taxonomy":"post_tag","embeddable":true,"href":"https:\/\/www.gsccanarias.com\/gsc\/wp-json\/wp\/v2\/tags?post=18362"}],"curies":[{"name":"wp","href":"https:\/\/api.w.org\/{rel}","templated":true}]}}