{"id":18069,"date":"2025-11-29T16:29:22","date_gmt":"2025-11-29T16:29:22","guid":{"rendered":"https:\/\/www.gsccanarias.com\/gsc\/?p=18069"},"modified":"2025-12-05T19:03:10","modified_gmt":"2025-12-05T19:03:10","slug":"el-gobierno-actualiza-el-plateca-en-situacion-de-alerta-por-contaminacion-marina-en-gran-canaria","status":"publish","type":"post","link":"https:\/\/www.gsccanarias.com\/gsc\/el-gobierno-actualiza-el-plateca-en-situacion-de-alerta-por-contaminacion-marina-en-gran-canaria\/","title":{"rendered":"El Gobierno actualiza el PLATECA en situaci\u00f3n de alerta por contaminaci\u00f3n marina en Gran Canaria"},"content":{"rendered":"<p>La Direcci\u00f3n General de Emergencias del Gobierno de Canarias, en base a la informaci\u00f3n disponible, y en aplicaci\u00f3n del Plan Territorial de Emergencia de Protecci\u00f3n Civil de la Comunidad Aut\u00f3noma de Canarias (PLATECA), ha actualizado la situaci\u00f3n de alerta por un episodio de contaminaci\u00f3n marina a partir de las 14:00 horas de hoy, s\u00e1bado, 29 de noviembre, y limita su \u00e1mbito al municipio de Telde.<!--more--><\/p>\n<p><strong>\u00c1mbito territorial:<\/strong><\/p>\n<p>Municipio de Telde.<\/p>\n<p><strong>Observaciones:\u00a0<\/strong><\/p>\n<p>Con relaci\u00f3n al episodio de contaminaci\u00f3n marina por vertido de materia org\u00e1nica en descomposici\u00f3n en la costa de Gran Canaria, se ha confirmado que el foco de emisi\u00f3n ya no est\u00e1 activo aunque se tiene constancia de llegada de restos del vertido a zona costera de dif\u00edcil acceso en Ag\u00fcimes, que ha sido retirado con maquinaria. En cuanto a Telde, el Ayuntamiento ha trasladado en reuni\u00f3n de Comit\u00e9 Asesor la llegada y recogida de restos en su costa.<\/p>\n<p>Tras los vuelos de reconocimiento realizados durante la tarde de ayer y a primera hora de esta ma\u00f1ana no se detectan restos visibles en suspensi\u00f3n en la costa de Gran Canaria.<\/p>\n<p>Se mantiene activada la Situaci\u00f3n de Alerta del PLATECA para la costa del municipio de Telde con el objetivo de hacer el seguimiento del episodio, facilitar las tareas de coordinaci\u00f3n y trabajar para minimizar el incidente.<\/p>\n<div class=\"pvc_clear\"><\/div>\n<p id=\"pvc_stats_18069\" class=\"pvc_stats all  \" data-element-id=\"18069\" style=\"\"><i class=\"pvc-stats-icon medium\" aria-hidden=\"true\"><svg aria-hidden=\"true\" focusable=\"false\" data-prefix=\"far\" data-icon=\"chart-bar\" role=\"img\" xmlns=\"http:\/\/www.w3.org\/2000\/svg\" viewBox=\"0 0 512 512\" class=\"svg-inline--fa fa-chart-bar fa-w-16 fa-2x\"><path fill=\"currentColor\" d=\"M396.8 352h22.4c6.4 0 12.8-6.4 12.8-12.8V108.8c0-6.4-6.4-12.8-12.8-12.8h-22.4c-6.4 0-12.8 6.4-12.8 12.8v230.4c0 6.4 6.4 12.8 12.8 12.8zm-192 0h22.4c6.4 0 12.8-6.4 12.8-12.8V140.8c0-6.4-6.4-12.8-12.8-12.8h-22.4c-6.4 0-12.8 6.4-12.8 12.8v198.4c0 6.4 6.4 12.8 12.8 12.8zm96 0h22.4c6.4 0 12.8-6.4 12.8-12.8V204.8c0-6.4-6.4-12.8-12.8-12.8h-22.4c-6.4 0-12.8 6.4-12.8 12.8v134.4c0 6.4 6.4 12.8 12.8 12.8zM496 400H48V80c0-8.84-7.16-16-16-16H16C7.16 64 0 71.16 0 80v336c0 17.67 14.33 32 32 32h464c8.84 0 16-7.16 16-16v-16c0-8.84-7.16-16-16-16zm-387.2-48h22.4c6.4 0 12.8-6.4 12.8-12.8v-70.4c0-6.4-6.4-12.8-12.8-12.8h-22.4c-6.4 0-12.8 6.4-12.8 12.8v70.4c0 6.4 6.4 12.8 12.8 12.8z\" class=\"\"><\/path><\/svg><\/i> <\/p>\n<div class=\"pvc_clear\"><\/div>\n<div class=\"print\"><span class=\"page_title\">P\u00e1gina: <span>El Gobierno actualiza el PLATECA en situaci\u00f3n de alerta por contaminaci\u00f3n marina en Gran Canaria<\/span><\/span>\n\t\t\t\t\t\t\t\t\t\t\t<span class=\"page_title\">Fecha de impresi\u00f3n: <span>01\/05\/2026 - 17:20:00 UTC<\/span><\/span>\n\t\t\t\t\t\t\t\t\t\t\t<span class=\"stmp_trans_date\">\u00daltima actualizaci\u00f3n: <span>05\/12\/2025 - 19:03:10<\/span><\/span>\n\t\t\t\t\t\t\t\t\t\t\t<span class=\"stmp_trans_date\">Fecha publicaci\u00f3n: <span>29\/11\/2025 - 16:29:22<\/span><\/span>\n\t\t\t\t\t\t\t\t\t\t\t<span class=\"stmp_trans_date\">Fecha creaci\u00f3n: <span>29\/11\/2025 - 16:29:22<\/span><\/span><\/div>\n\t","protected":false},"excerpt":{"rendered":"<p>La Direcci\u00f3n General de Emergencias del Gobierno de Canarias, en base a la informaci\u00f3n disponible, y en aplicaci\u00f3n del Plan Territorial de Emergencia de Protecci\u00f3n Civil de la Comunidad Aut\u00f3noma de Canarias (PLATECA), ha actualizado la situaci\u00f3n de alerta por un episodio de contaminaci\u00f3n marina&#8230;<\/p>\n<div class=\"pvc_clear\"><\/div>\n<p id=\"pvc_stats_18069\" class=\"pvc_stats all  \" data-element-id=\"18069\" style=\"\"><i class=\"pvc-stats-icon medium\" aria-hidden=\"true\"><svg aria-hidden=\"true\" focusable=\"false\" data-prefix=\"far\" data-icon=\"chart-bar\" role=\"img\" xmlns=\"http:\/\/www.w3.org\/2000\/svg\" viewBox=\"0 0 512 512\" class=\"svg-inline--fa fa-chart-bar fa-w-16 fa-2x\"><path fill=\"currentColor\" d=\"M396.8 352h22.4c6.4 0 12.8-6.4 12.8-12.8V108.8c0-6.4-6.4-12.8-12.8-12.8h-22.4c-6.4 0-12.8 6.4-12.8 12.8v230.4c0 6.4 6.4 12.8 12.8 12.8zm-192 0h22.4c6.4 0 12.8-6.4 12.8-12.8V140.8c0-6.4-6.4-12.8-12.8-12.8h-22.4c-6.4 0-12.8 6.4-12.8 12.8v198.4c0 6.4 6.4 12.8 12.8 12.8zm96 0h22.4c6.4 0 12.8-6.4 12.8-12.8V204.8c0-6.4-6.4-12.8-12.8-12.8h-22.4c-6.4 0-12.8 6.4-12.8 12.8v134.4c0 6.4 6.4 12.8 12.8 12.8zM496 400H48V80c0-8.84-7.16-16-16-16H16C7.16 64 0 71.16 0 80v336c0 17.67 14.33 32 32 32h464c8.84 0 16-7.16 16-16v-16c0-8.84-7.16-16-16-16zm-387.2-48h22.4c6.4 0 12.8-6.4 12.8-12.8v-70.4c0-6.4-6.4-12.8-12.8-12.8h-22.4c-6.4 0-12.8 6.4-12.8 12.8v70.4c0 6.4 6.4 12.8 12.8 12.8z\" class=\"\"><\/path><\/svg><\/i> <img loading=\"lazy\" decoding=\"async\" width=\"16\" height=\"16\" alt=\"Loading\" src=\"https:\/\/www.gsccanarias.com\/gsc\/wp-content\/plugins\/page-views-count\/ajax-loader-2x.gif\" border=0 \/><\/p>\n<div class=\"pvc_clear\"><\/div>\n","protected":false},"author":2,"featured_media":18070,"comment_status":"closed","ping_status":"open","sticky":false,"template":"","format":"standard","meta":{"footnotes":""},"categories":[35,36],"tags":[],"class_list":["post-18069","post","type-post","status-publish","format-standard","has-post-thumbnail","hentry","category-noticias","category-ultimas-noticias"],"a3_pvc":{"activated":true,"total_views":57,"today_views":0},"yoast_head":"<!-- This site is optimized with the Yoast SEO plugin v27.5 - https:\/\/yoast.com\/product\/yoast-seo-wordpress\/ -->\n<title>El Gobierno actualiza el PLATECA en situaci\u00f3n de alerta por contaminaci\u00f3n marina en Gran Canaria - GSC<\/title>\n<meta name=\"robots\" content=\"index, follow, max-snippet:-1, max-image-preview:large, max-video-preview:-1\" \/>\n<link rel=\"canonical\" href=\"https:\/\/www.gsccanarias.com\/gsc\/el-gobierno-actualiza-el-plateca-en-situacion-de-alerta-por-contaminacion-marina-en-gran-canaria\/\" \/>\n<meta property=\"og:locale\" content=\"es_ES\" \/>\n<meta property=\"og:type\" content=\"article\" \/>\n<meta property=\"og:title\" content=\"El Gobierno actualiza el PLATECA en situaci\u00f3n de alerta por contaminaci\u00f3n marina en Gran Canaria - GSC\" \/>\n<meta property=\"og:description\" content=\"La Direcci\u00f3n General de Emergencias del Gobierno de Canarias, en base a la informaci\u00f3n disponible, y en aplicaci\u00f3n del Plan Territorial de Emergencia de Protecci\u00f3n Civil de la Comunidad Aut\u00f3noma de Canarias (PLATECA), ha actualizado la situaci\u00f3n de alerta por un episodio de contaminaci\u00f3n marina...\" \/>\n<meta property=\"og:url\" content=\"https:\/\/www.gsccanarias.com\/gsc\/el-gobierno-actualiza-el-plateca-en-situacion-de-alerta-por-contaminacion-marina-en-gran-canaria\/\" \/>\n<meta property=\"og:site_name\" content=\"GSC\" \/>\n<meta property=\"article:published_time\" content=\"2025-11-29T16:29:22+00:00\" \/>\n<meta property=\"article:modified_time\" content=\"2025-12-05T19:03:10+00:00\" \/>\n<meta property=\"og:image\" content=\"https:\/\/www.gsccanarias.com\/gsc\/wp-content\/uploads\/2025\/11\/Cartelas-activacion-Planes-300-x-300-px-2.jpg\" \/>\n\t<meta property=\"og:image:width\" content=\"525\" \/>\n\t<meta property=\"og:image:height\" content=\"525\" \/>\n\t<meta property=\"og:image:type\" content=\"image\/jpeg\" \/>\n<meta name=\"author\" content=\"Laura Otero Bautista\" \/>\n<meta name=\"twitter:card\" content=\"summary_large_image\" \/>\n<meta name=\"twitter:label1\" content=\"Escrito por\" \/>\n\t<meta name=\"twitter:data1\" content=\"Laura Otero Bautista\" \/>\n\t<meta name=\"twitter:label2\" content=\"Tiempo de lectura\" \/>\n\t<meta name=\"twitter:data2\" content=\"1 minuto\" \/>\n<script type=\"application\/ld+json\" class=\"yoast-schema-graph\">{\"@context\":\"https:\\\/\\\/schema.org\",\"@graph\":[{\"@type\":\"Article\",\"@id\":\"https:\\\/\\\/www.gsccanarias.com\\\/gsc\\\/el-gobierno-actualiza-el-plateca-en-situacion-de-alerta-por-contaminacion-marina-en-gran-canaria\\\/#article\",\"isPartOf\":{\"@id\":\"https:\\\/\\\/www.gsccanarias.com\\\/gsc\\\/el-gobierno-actualiza-el-plateca-en-situacion-de-alerta-por-contaminacion-marina-en-gran-canaria\\\/\"},\"author\":{\"name\":\"Laura Otero Bautista\",\"@id\":\"https:\\\/\\\/www.gsccanarias.com\\\/gsc\\\/#\\\/schema\\\/person\\\/b8c013c501758bed823e398f9867c23b\"},\"headline\":\"El Gobierno actualiza el PLATECA en situaci\u00f3n de alerta por contaminaci\u00f3n marina en Gran Canaria\",\"datePublished\":\"2025-11-29T16:29:22+00:00\",\"dateModified\":\"2025-12-05T19:03:10+00:00\",\"mainEntityOfPage\":{\"@id\":\"https:\\\/\\\/www.gsccanarias.com\\\/gsc\\\/el-gobierno-actualiza-el-plateca-en-situacion-de-alerta-por-contaminacion-marina-en-gran-canaria\\\/\"},\"wordCount\":251,\"image\":{\"@id\":\"https:\\\/\\\/www.gsccanarias.com\\\/gsc\\\/el-gobierno-actualiza-el-plateca-en-situacion-de-alerta-por-contaminacion-marina-en-gran-canaria\\\/#primaryimage\"},\"thumbnailUrl\":\"https:\\\/\\\/www.gsccanarias.com\\\/gsc\\\/wp-content\\\/uploads\\\/2025\\\/11\\\/Cartelas-activacion-Planes-300-x-300-px-2.jpg\",\"articleSection\":[\"Noticias\",\"\u00daltimas noticias\"],\"inLanguage\":\"es\"},{\"@type\":\"WebPage\",\"@id\":\"https:\\\/\\\/www.gsccanarias.com\\\/gsc\\\/el-gobierno-actualiza-el-plateca-en-situacion-de-alerta-por-contaminacion-marina-en-gran-canaria\\\/\",\"url\":\"https:\\\/\\\/www.gsccanarias.com\\\/gsc\\\/el-gobierno-actualiza-el-plateca-en-situacion-de-alerta-por-contaminacion-marina-en-gran-canaria\\\/\",\"name\":\"El Gobierno actualiza el PLATECA en situaci\u00f3n de alerta por contaminaci\u00f3n marina en Gran Canaria - GSC\",\"isPartOf\":{\"@id\":\"https:\\\/\\\/www.gsccanarias.com\\\/gsc\\\/#website\"},\"primaryImageOfPage\":{\"@id\":\"https:\\\/\\\/www.gsccanarias.com\\\/gsc\\\/el-gobierno-actualiza-el-plateca-en-situacion-de-alerta-por-contaminacion-marina-en-gran-canaria\\\/#primaryimage\"},\"image\":{\"@id\":\"https:\\\/\\\/www.gsccanarias.com\\\/gsc\\\/el-gobierno-actualiza-el-plateca-en-situacion-de-alerta-por-contaminacion-marina-en-gran-canaria\\\/#primaryimage\"},\"thumbnailUrl\":\"https:\\\/\\\/www.gsccanarias.com\\\/gsc\\\/wp-content\\\/uploads\\\/2025\\\/11\\\/Cartelas-activacion-Planes-300-x-300-px-2.jpg\",\"datePublished\":\"2025-11-29T16:29:22+00:00\",\"dateModified\":\"2025-12-05T19:03:10+00:00\",\"author\":{\"@id\":\"https:\\\/\\\/www.gsccanarias.com\\\/gsc\\\/#\\\/schema\\\/person\\\/b8c013c501758bed823e398f9867c23b\"},\"breadcrumb\":{\"@id\":\"https:\\\/\\\/www.gsccanarias.com\\\/gsc\\\/el-gobierno-actualiza-el-plateca-en-situacion-de-alerta-por-contaminacion-marina-en-gran-canaria\\\/#breadcrumb\"},\"inLanguage\":\"es\",\"potentialAction\":[{\"@type\":\"ReadAction\",\"target\":[\"https:\\\/\\\/www.gsccanarias.com\\\/gsc\\\/el-gobierno-actualiza-el-plateca-en-situacion-de-alerta-por-contaminacion-marina-en-gran-canaria\\\/\"]}]},{\"@type\":\"ImageObject\",\"inLanguage\":\"es\",\"@id\":\"https:\\\/\\\/www.gsccanarias.com\\\/gsc\\\/el-gobierno-actualiza-el-plateca-en-situacion-de-alerta-por-contaminacion-marina-en-gran-canaria\\\/#primaryimage\",\"url\":\"https:\\\/\\\/www.gsccanarias.com\\\/gsc\\\/wp-content\\\/uploads\\\/2025\\\/11\\\/Cartelas-activacion-Planes-300-x-300-px-2.jpg\",\"contentUrl\":\"https:\\\/\\\/www.gsccanarias.com\\\/gsc\\\/wp-content\\\/uploads\\\/2025\\\/11\\\/Cartelas-activacion-Planes-300-x-300-px-2.jpg\",\"width\":525,\"height\":525},{\"@type\":\"BreadcrumbList\",\"@id\":\"https:\\\/\\\/www.gsccanarias.com\\\/gsc\\\/el-gobierno-actualiza-el-plateca-en-situacion-de-alerta-por-contaminacion-marina-en-gran-canaria\\\/#breadcrumb\",\"itemListElement\":[{\"@type\":\"ListItem\",\"position\":1,\"name\":\"Portada\",\"item\":\"https:\\\/\\\/www.gsccanarias.com\\\/gsc\\\/\"},{\"@type\":\"ListItem\",\"position\":2,\"name\":\"El Gobierno actualiza el PLATECA en situaci\u00f3n de alerta por contaminaci\u00f3n marina en Gran Canaria\"}]},{\"@type\":\"WebSite\",\"@id\":\"https:\\\/\\\/www.gsccanarias.com\\\/gsc\\\/#website\",\"url\":\"https:\\\/\\\/www.gsccanarias.com\\\/gsc\\\/\",\"name\":\"GSC\",\"description\":\"Administramos servicios relacionados con la salud, las emergencias, la seguridad y el transporte sanitario\",\"potentialAction\":[{\"@type\":\"SearchAction\",\"target\":{\"@type\":\"EntryPoint\",\"urlTemplate\":\"https:\\\/\\\/www.gsccanarias.com\\\/gsc\\\/?s={search_term_string}\"},\"query-input\":{\"@type\":\"PropertyValueSpecification\",\"valueRequired\":true,\"valueName\":\"search_term_string\"}}],\"inLanguage\":\"es\"},{\"@type\":\"Person\",\"@id\":\"https:\\\/\\\/www.gsccanarias.com\\\/gsc\\\/#\\\/schema\\\/person\\\/b8c013c501758bed823e398f9867c23b\",\"name\":\"Laura Otero Bautista\",\"image\":{\"@type\":\"ImageObject\",\"inLanguage\":\"es\",\"@id\":\"https:\\\/\\\/secure.gravatar.com\\\/avatar\\\/489330f16359973f16321af73ed16e79f9acbd1694d0b94d73f3dfdd0c25646d?s=96&d=mm&r=g\",\"url\":\"https:\\\/\\\/secure.gravatar.com\\\/avatar\\\/489330f16359973f16321af73ed16e79f9acbd1694d0b94d73f3dfdd0c25646d?s=96&d=mm&r=g\",\"contentUrl\":\"https:\\\/\\\/secure.gravatar.com\\\/avatar\\\/489330f16359973f16321af73ed16e79f9acbd1694d0b94d73f3dfdd0c25646d?s=96&d=mm&r=g\",\"caption\":\"Laura Otero Bautista\"},\"url\":\"https:\\\/\\\/www.gsccanarias.com\\\/gsc\\\/author\\\/laura\\\/\"}]}<\/script>\n<!-- \/ Yoast SEO plugin. -->","yoast_head_json":{"title":"El Gobierno actualiza el PLATECA en situaci\u00f3n de alerta por contaminaci\u00f3n marina en Gran Canaria - GSC","robots":{"index":"index","follow":"follow","max-snippet":"max-snippet:-1","max-image-preview":"max-image-preview:large","max-video-preview":"max-video-preview:-1"},"canonical":"https:\/\/www.gsccanarias.com\/gsc\/el-gobierno-actualiza-el-plateca-en-situacion-de-alerta-por-contaminacion-marina-en-gran-canaria\/","og_locale":"es_ES","og_type":"article","og_title":"El Gobierno actualiza el PLATECA en situaci\u00f3n de alerta por contaminaci\u00f3n marina en Gran Canaria - GSC","og_description":"La Direcci\u00f3n General de Emergencias del Gobierno de Canarias, en base a la informaci\u00f3n disponible, y en aplicaci\u00f3n del Plan Territorial de Emergencia de Protecci\u00f3n Civil de la Comunidad Aut\u00f3noma de Canarias (PLATECA), ha actualizado la situaci\u00f3n de alerta por un episodio de contaminaci\u00f3n marina...","og_url":"https:\/\/www.gsccanarias.com\/gsc\/el-gobierno-actualiza-el-plateca-en-situacion-de-alerta-por-contaminacion-marina-en-gran-canaria\/","og_site_name":"GSC","article_published_time":"2025-11-29T16:29:22+00:00","article_modified_time":"2025-12-05T19:03:10+00:00","og_image":[{"width":525,"height":525,"url":"https:\/\/www.gsccanarias.com\/gsc\/wp-content\/uploads\/2025\/11\/Cartelas-activacion-Planes-300-x-300-px-2.jpg","type":"image\/jpeg"}],"author":"Laura Otero Bautista","twitter_card":"summary_large_image","twitter_misc":{"Escrito por":"Laura Otero Bautista","Tiempo de lectura":"1 minuto"},"schema":{"@context":"https:\/\/schema.org","@graph":[{"@type":"Article","@id":"https:\/\/www.gsccanarias.com\/gsc\/el-gobierno-actualiza-el-plateca-en-situacion-de-alerta-por-contaminacion-marina-en-gran-canaria\/#article","isPartOf":{"@id":"https:\/\/www.gsccanarias.com\/gsc\/el-gobierno-actualiza-el-plateca-en-situacion-de-alerta-por-contaminacion-marina-en-gran-canaria\/"},"author":{"name":"Laura Otero Bautista","@id":"https:\/\/www.gsccanarias.com\/gsc\/#\/schema\/person\/b8c013c501758bed823e398f9867c23b"},"headline":"El Gobierno actualiza el PLATECA en situaci\u00f3n de alerta por contaminaci\u00f3n marina en Gran Canaria","datePublished":"2025-11-29T16:29:22+00:00","dateModified":"2025-12-05T19:03:10+00:00","mainEntityOfPage":{"@id":"https:\/\/www.gsccanarias.com\/gsc\/el-gobierno-actualiza-el-plateca-en-situacion-de-alerta-por-contaminacion-marina-en-gran-canaria\/"},"wordCount":251,"image":{"@id":"https:\/\/www.gsccanarias.com\/gsc\/el-gobierno-actualiza-el-plateca-en-situacion-de-alerta-por-contaminacion-marina-en-gran-canaria\/#primaryimage"},"thumbnailUrl":"https:\/\/www.gsccanarias.com\/gsc\/wp-content\/uploads\/2025\/11\/Cartelas-activacion-Planes-300-x-300-px-2.jpg","articleSection":["Noticias","\u00daltimas noticias"],"inLanguage":"es"},{"@type":"WebPage","@id":"https:\/\/www.gsccanarias.com\/gsc\/el-gobierno-actualiza-el-plateca-en-situacion-de-alerta-por-contaminacion-marina-en-gran-canaria\/","url":"https:\/\/www.gsccanarias.com\/gsc\/el-gobierno-actualiza-el-plateca-en-situacion-de-alerta-por-contaminacion-marina-en-gran-canaria\/","name":"El Gobierno actualiza el PLATECA en situaci\u00f3n de alerta por contaminaci\u00f3n marina en Gran Canaria - GSC","isPartOf":{"@id":"https:\/\/www.gsccanarias.com\/gsc\/#website"},"primaryImageOfPage":{"@id":"https:\/\/www.gsccanarias.com\/gsc\/el-gobierno-actualiza-el-plateca-en-situacion-de-alerta-por-contaminacion-marina-en-gran-canaria\/#primaryimage"},"image":{"@id":"https:\/\/www.gsccanarias.com\/gsc\/el-gobierno-actualiza-el-plateca-en-situacion-de-alerta-por-contaminacion-marina-en-gran-canaria\/#primaryimage"},"thumbnailUrl":"https:\/\/www.gsccanarias.com\/gsc\/wp-content\/uploads\/2025\/11\/Cartelas-activacion-Planes-300-x-300-px-2.jpg","datePublished":"2025-11-29T16:29:22+00:00","dateModified":"2025-12-05T19:03:10+00:00","author":{"@id":"https:\/\/www.gsccanarias.com\/gsc\/#\/schema\/person\/b8c013c501758bed823e398f9867c23b"},"breadcrumb":{"@id":"https:\/\/www.gsccanarias.com\/gsc\/el-gobierno-actualiza-el-plateca-en-situacion-de-alerta-por-contaminacion-marina-en-gran-canaria\/#breadcrumb"},"inLanguage":"es","potentialAction":[{"@type":"ReadAction","target":["https:\/\/www.gsccanarias.com\/gsc\/el-gobierno-actualiza-el-plateca-en-situacion-de-alerta-por-contaminacion-marina-en-gran-canaria\/"]}]},{"@type":"ImageObject","inLanguage":"es","@id":"https:\/\/www.gsccanarias.com\/gsc\/el-gobierno-actualiza-el-plateca-en-situacion-de-alerta-por-contaminacion-marina-en-gran-canaria\/#primaryimage","url":"https:\/\/www.gsccanarias.com\/gsc\/wp-content\/uploads\/2025\/11\/Cartelas-activacion-Planes-300-x-300-px-2.jpg","contentUrl":"https:\/\/www.gsccanarias.com\/gsc\/wp-content\/uploads\/2025\/11\/Cartelas-activacion-Planes-300-x-300-px-2.jpg","width":525,"height":525},{"@type":"BreadcrumbList","@id":"https:\/\/www.gsccanarias.com\/gsc\/el-gobierno-actualiza-el-plateca-en-situacion-de-alerta-por-contaminacion-marina-en-gran-canaria\/#breadcrumb","itemListElement":[{"@type":"ListItem","position":1,"name":"Portada","item":"https:\/\/www.gsccanarias.com\/gsc\/"},{"@type":"ListItem","position":2,"name":"El Gobierno actualiza el PLATECA en situaci\u00f3n de alerta por contaminaci\u00f3n marina en Gran Canaria"}]},{"@type":"WebSite","@id":"https:\/\/www.gsccanarias.com\/gsc\/#website","url":"https:\/\/www.gsccanarias.com\/gsc\/","name":"GSC","description":"Administramos servicios relacionados con la salud, las emergencias, la seguridad y el transporte sanitario","potentialAction":[{"@type":"SearchAction","target":{"@type":"EntryPoint","urlTemplate":"https:\/\/www.gsccanarias.com\/gsc\/?s={search_term_string}"},"query-input":{"@type":"PropertyValueSpecification","valueRequired":true,"valueName":"search_term_string"}}],"inLanguage":"es"},{"@type":"Person","@id":"https:\/\/www.gsccanarias.com\/gsc\/#\/schema\/person\/b8c013c501758bed823e398f9867c23b","name":"Laura Otero Bautista","image":{"@type":"ImageObject","inLanguage":"es","@id":"https:\/\/secure.gravatar.com\/avatar\/489330f16359973f16321af73ed16e79f9acbd1694d0b94d73f3dfdd0c25646d?s=96&d=mm&r=g","url":"https:\/\/secure.gravatar.com\/avatar\/489330f16359973f16321af73ed16e79f9acbd1694d0b94d73f3dfdd0c25646d?s=96&d=mm&r=g","contentUrl":"https:\/\/secure.gravatar.com\/avatar\/489330f16359973f16321af73ed16e79f9acbd1694d0b94d73f3dfdd0c25646d?s=96&d=mm&r=g","caption":"Laura Otero Bautista"},"url":"https:\/\/www.gsccanarias.com\/gsc\/author\/laura\/"}]}},"publishpress_future_workflow_manual_trigger":{"enabledWorkflows":[]},"_links":{"self":[{"href":"https:\/\/www.gsccanarias.com\/gsc\/wp-json\/wp\/v2\/posts\/18069","targetHints":{"allow":["GET"]}}],"collection":[{"href":"https:\/\/www.gsccanarias.com\/gsc\/wp-json\/wp\/v2\/posts"}],"about":[{"href":"https:\/\/www.gsccanarias.com\/gsc\/wp-json\/wp\/v2\/types\/post"}],"author":[{"embeddable":true,"href":"https:\/\/www.gsccanarias.com\/gsc\/wp-json\/wp\/v2\/users\/2"}],"replies":[{"embeddable":true,"href":"https:\/\/www.gsccanarias.com\/gsc\/wp-json\/wp\/v2\/comments?post=18069"}],"version-history":[{"count":2,"href":"https:\/\/www.gsccanarias.com\/gsc\/wp-json\/wp\/v2\/posts\/18069\/revisions"}],"predecessor-version":[{"id":18122,"href":"https:\/\/www.gsccanarias.com\/gsc\/wp-json\/wp\/v2\/posts\/18069\/revisions\/18122"}],"wp:featuredmedia":[{"embeddable":true,"href":"https:\/\/www.gsccanarias.com\/gsc\/wp-json\/wp\/v2\/media\/18070"}],"wp:attachment":[{"href":"https:\/\/www.gsccanarias.com\/gsc\/wp-json\/wp\/v2\/media?parent=18069"}],"wp:term":[{"taxonomy":"category","embeddable":true,"href":"https:\/\/www.gsccanarias.com\/gsc\/wp-json\/wp\/v2\/categories?post=18069"},{"taxonomy":"post_tag","embeddable":true,"href":"https:\/\/www.gsccanarias.com\/gsc\/wp-json\/wp\/v2\/tags?post=18069"}],"curies":[{"name":"wp","href":"https:\/\/api.w.org\/{rel}","templated":true}]}}