{"id":17101,"date":"2025-06-01T11:47:46","date_gmt":"2025-06-01T11:47:46","guid":{"rendered":"https:\/\/www.gsccanarias.com\/gsc\/?p=17101"},"modified":"2025-06-01T11:47:46","modified_gmt":"2025-06-01T11:47:46","slug":"el-gobierno-de-canarias-activa-la-campana-contra-incendios-forestales-2025-con-mas-de-2-000-efectivos","status":"publish","type":"post","link":"https:\/\/www.gsccanarias.com\/gsc\/el-gobierno-de-canarias-activa-la-campana-contra-incendios-forestales-2025-con-mas-de-2-000-efectivos\/","title":{"rendered":"El Gobierno de Canarias activa la Campa\u00f1a contra incendios forestales 2025 con m\u00e1s de 2.000 efectivos"},"content":{"rendered":"<blockquote><p>La Direcci\u00f3n General de Emergencias ha declarado la situaci\u00f3n de prealerta por riesgo de incendios forestales en las islas occidentales y Gran Canaria<\/p>\n<p>Se pone en marcha el operativo del Plan INFOCA tras comenzar el periodo de riesgo medio y alto de incendios forestales<\/p><\/blockquote>\n<p><strong>El Gobierno de Canarias, a trav\u00e9s de la Direcci\u00f3n General de Emergencias, inici\u00f3 hoy la Campa\u00f1a contra incendios forestales 2025, en el marco del Plan Especial de Protecci\u00f3n Civil y Atenci\u00f3n de Emergencias por Incendios Forestales de la Comunidad Aut\u00f3noma de Canarias (INFOCA).<\/strong><\/p>\n<p>El comienzo de la Campa\u00f1a coincide con el inicio de un periodo de peligro medio y alto de riesgo de incendios forestales, una vez finalizado el ciclo habitual de precipitaciones en el archipi\u00e9lago. Por ello, la Direcci\u00f3n General de Emergencias del Gobierno de Canarias ha declarado la situaci\u00f3n de prealerta por riesgo de incendios forestales en las islas occidentales y Gran Canaria, a partir de las 07:00 horas de hoy, domingo 1 de junio.<\/p>\n<p>Este a\u00f1o, seg\u00fan se\u00f1ala la responsable de la Unidad de Riesgo y Planificaci\u00f3n del Centro Coordinador de Emergencias y Seguridad (CECOES) 112, Vicky Palma, \u201cla Campa\u00f1a comienza con unas condiciones climatol\u00f3gicas, meteorol\u00f3gicas y medioambientales m\u00e1s favorables que en a\u00f1os anteriores, debido a las precipitaciones registradas en primavera, en los meses de marzo y abril de 2025. Aun as\u00ed, hay zonas en Tenerife y en Gran Canaria donde ha llovido un 25 % menos de lo que se considera normal\u201d.<\/p>\n<p>La predicci\u00f3n de la Agencia Estatal de Meteorolog\u00eda (AEMET) para el verano indica un 70% de probabilidad de que las temperaturas medias sean m\u00e1s c\u00e1lidas de lo normal. En cuanto a las precipitaciones, en lo que va de a\u00f1o, las islas occidentales han registrado un 37% m\u00e1s de lluvia, respecto a la media del a\u00f1o anterior, mientras que en las islas orientales este porcentaje se sit\u00faa en un 20%. La previsi\u00f3n estacional no muestra ninguna tendencia en cuanto a precipitaciones, aunque, normalmente en verano no llueve.<\/p>\n<p>Los medios y recursos con los que contar\u00e1n las islas para afrontar los posibles incendios que se originen durante los pr\u00f3ximos meses ascienden a unos 2.000 efectivos, 200 veh\u00edculos y 18 medios a\u00e9reos aportados por el Gobierno de Canarias, cabildos insulares, ayuntamientos y el Estado.<\/p>\n<p>El dispositivo que el Gobierno de Canarias destina a esta Campa\u00f1a est\u00e1 integrado por los Equipos de Refuerzo de Incendios Forestales (EIRIF) con base en La Palma, La Gomera y El Hierro; el Grupo de Emergencias y Salvamento (GES); y los operativos de los parques nacionales de la Caldera de Taburiente y Garajonay.<\/p>\n<p>Adem\u00e1s, la Direcci\u00f3n General de Emergencias dispone de siete dep\u00f3sitos inflables de gran capacidad, r\u00e1pidos y f\u00e1ciles de montar para mejorar la log\u00edstica en la ubicaci\u00f3n de puntos de agua remotos en incendios forestales.<\/p>\n<p>De estos siete dep\u00f3sitos, tres han sido entregados a El Hierro, La Gomera y La Palma, y los otros cuatro est\u00e1n ubicados en Tenerife y Gran Canaria. Tambi\u00e9n se ha incrementado el estoc de retardante y se dispone de 36.000 litros para uso del Air Tractor o de otros helic\u00f3pteros ligeros, adem\u00e1s de dos kits port\u00e1tiles para garantizar la disposici\u00f3n de retardante en cualquier isla para el Air Tractor que tiene su base en La Gomera.<\/p>\n<p>Se suman las brigadas forestales dependientes de los cabildos insulares, principalmente aquellos que cuentan con una importante masa forestal, as\u00ed como los servicios de bomberos profesionales y voluntarios, de los consorcios insulares y ayuntamientos.<\/p>\n<p>Por su parte, el Estado destina a esta Campa\u00f1a la Unidad Militar de Emergencias (UME) cuyas bases se localizan en Gran Canaria y Tenerife, as\u00ed como la Brigada de Refuerzo en Incendios Forestales (BRIF) del Ministerio para la Transici\u00f3n Ecol\u00f3gica y el Reto Demogr\u00e1fico (MITECORD), con base en La Palma.<\/p>\n<p>Los medios a\u00e9reos siguen siendo los mismos que el a\u00f1o pasado, un total de 18, de los cuales ocho pertenecen al Gobierno de Canarias, cuatro a los cabildos insulares y seis al Estado. Tambi\u00e9n se dispone de drones en el operativo contra incendios de distintas administraciones, tanto para labores preventivas como para intervenir en posibles situaciones de emergencia.<\/p>\n<p>Con el inicio de esta Campa\u00f1a, el Gobierno de Canarias hace un llamamiento a la responsabilidad ciudadana y a la colaboraci\u00f3n de la poblaci\u00f3n para prevenir incendios y actuar con precauci\u00f3n durante este periodo de riesgo. En este sentido, recuerda que es imprescindible seguir las limitaciones que los diferentes cabildos y ayuntamientos establezcan en cada momento, seg\u00fan el nivel de riesgo.<\/p>\n<p>Adem\u00e1s, insiste en que, ante la primera se\u00f1al de humo en el monte, se llame inmediatamente al 112 para alertar de lo que ocurre y poder intervenir r\u00e1pidamente.<\/p>\n<p>&nbsp;<\/p>\n<div class=\"pvc_clear\"><\/div>\n<p id=\"pvc_stats_17101\" class=\"pvc_stats all  \" data-element-id=\"17101\" style=\"\"><i class=\"pvc-stats-icon medium\" aria-hidden=\"true\"><svg aria-hidden=\"true\" focusable=\"false\" data-prefix=\"far\" data-icon=\"chart-bar\" role=\"img\" xmlns=\"http:\/\/www.w3.org\/2000\/svg\" viewBox=\"0 0 512 512\" class=\"svg-inline--fa fa-chart-bar fa-w-16 fa-2x\"><path fill=\"currentColor\" d=\"M396.8 352h22.4c6.4 0 12.8-6.4 12.8-12.8V108.8c0-6.4-6.4-12.8-12.8-12.8h-22.4c-6.4 0-12.8 6.4-12.8 12.8v230.4c0 6.4 6.4 12.8 12.8 12.8zm-192 0h22.4c6.4 0 12.8-6.4 12.8-12.8V140.8c0-6.4-6.4-12.8-12.8-12.8h-22.4c-6.4 0-12.8 6.4-12.8 12.8v198.4c0 6.4 6.4 12.8 12.8 12.8zm96 0h22.4c6.4 0 12.8-6.4 12.8-12.8V204.8c0-6.4-6.4-12.8-12.8-12.8h-22.4c-6.4 0-12.8 6.4-12.8 12.8v134.4c0 6.4 6.4 12.8 12.8 12.8zM496 400H48V80c0-8.84-7.16-16-16-16H16C7.16 64 0 71.16 0 80v336c0 17.67 14.33 32 32 32h464c8.84 0 16-7.16 16-16v-16c0-8.84-7.16-16-16-16zm-387.2-48h22.4c6.4 0 12.8-6.4 12.8-12.8v-70.4c0-6.4-6.4-12.8-12.8-12.8h-22.4c-6.4 0-12.8 6.4-12.8 12.8v70.4c0 6.4 6.4 12.8 12.8 12.8z\" class=\"\"><\/path><\/svg><\/i> <\/p>\n<div class=\"pvc_clear\"><\/div>\n<div class=\"print\"><span class=\"page_title\">P\u00e1gina: <span>El Gobierno de Canarias activa la Campa\u00f1a contra incendios forestales 2025 con m\u00e1s de 2.000 efectivos<\/span><\/span>\n\t\t\t\t\t\t\t\t\t\t\t<span class=\"page_title\">Fecha de impresi\u00f3n: <span>30\/04\/2026 - 03:42:24 UTC<\/span><\/span>\n\t\t\t\t\t\t\t\t\t\t\t<span class=\"stmp_trans_date\">\u00daltima actualizaci\u00f3n: <span>01\/06\/2025 - 11:47:46<\/span><\/span>\n\t\t\t\t\t\t\t\t\t\t\t<span class=\"stmp_trans_date\">Fecha publicaci\u00f3n: <span>01\/06\/2025 - 11:47:46<\/span><\/span>\n\t\t\t\t\t\t\t\t\t\t\t<span class=\"stmp_trans_date\">Fecha creaci\u00f3n: <span>01\/06\/2025 - 11:47:46<\/span><\/span><\/div>\n\t","protected":false},"excerpt":{"rendered":"<p>La Direcci\u00f3n General de Emergencias ha declarado la situaci\u00f3n de prealerta por riesgo de incendios forestales en las islas occidentales y Gran Canaria Se pone en marcha el operativo del Plan INFOCA tras comenzar el periodo de riesgo medio y alto de incendios forestales El&#8230;<\/p>\n<div class=\"pvc_clear\"><\/div>\n<p id=\"pvc_stats_17101\" class=\"pvc_stats all  \" data-element-id=\"17101\" style=\"\"><i class=\"pvc-stats-icon medium\" aria-hidden=\"true\"><svg aria-hidden=\"true\" focusable=\"false\" data-prefix=\"far\" data-icon=\"chart-bar\" role=\"img\" xmlns=\"http:\/\/www.w3.org\/2000\/svg\" viewBox=\"0 0 512 512\" class=\"svg-inline--fa fa-chart-bar fa-w-16 fa-2x\"><path fill=\"currentColor\" d=\"M396.8 352h22.4c6.4 0 12.8-6.4 12.8-12.8V108.8c0-6.4-6.4-12.8-12.8-12.8h-22.4c-6.4 0-12.8 6.4-12.8 12.8v230.4c0 6.4 6.4 12.8 12.8 12.8zm-192 0h22.4c6.4 0 12.8-6.4 12.8-12.8V140.8c0-6.4-6.4-12.8-12.8-12.8h-22.4c-6.4 0-12.8 6.4-12.8 12.8v198.4c0 6.4 6.4 12.8 12.8 12.8zm96 0h22.4c6.4 0 12.8-6.4 12.8-12.8V204.8c0-6.4-6.4-12.8-12.8-12.8h-22.4c-6.4 0-12.8 6.4-12.8 12.8v134.4c0 6.4 6.4 12.8 12.8 12.8zM496 400H48V80c0-8.84-7.16-16-16-16H16C7.16 64 0 71.16 0 80v336c0 17.67 14.33 32 32 32h464c8.84 0 16-7.16 16-16v-16c0-8.84-7.16-16-16-16zm-387.2-48h22.4c6.4 0 12.8-6.4 12.8-12.8v-70.4c0-6.4-6.4-12.8-12.8-12.8h-22.4c-6.4 0-12.8 6.4-12.8 12.8v70.4c0 6.4 6.4 12.8 12.8 12.8z\" class=\"\"><\/path><\/svg><\/i> <img loading=\"lazy\" decoding=\"async\" width=\"16\" height=\"16\" alt=\"Loading\" src=\"https:\/\/www.gsccanarias.com\/gsc\/wp-content\/plugins\/page-views-count\/ajax-loader-2x.gif\" border=0 \/><\/p>\n<div class=\"pvc_clear\"><\/div>\n","protected":false},"author":3,"featured_media":17102,"comment_status":"closed","ping_status":"open","sticky":false,"template":"","format":"standard","meta":{"footnotes":""},"categories":[35,36],"tags":[],"class_list":["post-17101","post","type-post","status-publish","format-standard","has-post-thumbnail","hentry","category-noticias","category-ultimas-noticias"],"a3_pvc":{"activated":true,"total_views":81,"today_views":0},"yoast_head":"<!-- This site is optimized with the Yoast SEO plugin v27.5 - https:\/\/yoast.com\/product\/yoast-seo-wordpress\/ -->\n<title>El Gobierno de Canarias activa la Campa\u00f1a contra incendios forestales 2025 con m\u00e1s de 2.000 efectivos - GSC<\/title>\n<meta name=\"robots\" content=\"index, follow, max-snippet:-1, max-image-preview:large, max-video-preview:-1\" \/>\n<link rel=\"canonical\" href=\"https:\/\/www.gsccanarias.com\/gsc\/el-gobierno-de-canarias-activa-la-campana-contra-incendios-forestales-2025-con-mas-de-2-000-efectivos\/\" \/>\n<meta property=\"og:locale\" content=\"es_ES\" \/>\n<meta property=\"og:type\" content=\"article\" \/>\n<meta property=\"og:title\" content=\"El Gobierno de Canarias activa la Campa\u00f1a contra incendios forestales 2025 con m\u00e1s de 2.000 efectivos - GSC\" \/>\n<meta property=\"og:description\" content=\"La Direcci\u00f3n General de Emergencias ha declarado la situaci\u00f3n de prealerta por riesgo de incendios forestales en las islas occidentales y Gran Canaria Se pone en marcha el operativo del Plan INFOCA tras comenzar el periodo de riesgo medio y alto de incendios forestales El...\" \/>\n<meta property=\"og:url\" content=\"https:\/\/www.gsccanarias.com\/gsc\/el-gobierno-de-canarias-activa-la-campana-contra-incendios-forestales-2025-con-mas-de-2-000-efectivos\/\" \/>\n<meta property=\"og:site_name\" content=\"GSC\" \/>\n<meta property=\"article:published_time\" content=\"2025-06-01T11:47:46+00:00\" \/>\n<meta property=\"og:image\" content=\"https:\/\/www.gsccanarias.com\/gsc\/wp-content\/uploads\/2025\/06\/Vicky-Palma-responsable-Unidad-de-Riesgos-y-Planificacion-CECOES-112.jpeg\" \/>\n\t<meta property=\"og:image:width\" content=\"1311\" \/>\n\t<meta property=\"og:image:height\" content=\"1101\" \/>\n\t<meta property=\"og:image:type\" content=\"image\/jpeg\" \/>\n<meta name=\"author\" content=\"Lourdes Jorge Su\u00e1rez\" \/>\n<meta name=\"twitter:card\" content=\"summary_large_image\" \/>\n<meta name=\"twitter:label1\" content=\"Escrito por\" \/>\n\t<meta name=\"twitter:data1\" content=\"Lourdes Jorge Su\u00e1rez\" \/>\n\t<meta name=\"twitter:label2\" content=\"Tiempo de lectura\" \/>\n\t<meta name=\"twitter:data2\" content=\"4 minutos\" \/>\n<script type=\"application\/ld+json\" class=\"yoast-schema-graph\">{\"@context\":\"https:\\\/\\\/schema.org\",\"@graph\":[{\"@type\":\"Article\",\"@id\":\"https:\\\/\\\/www.gsccanarias.com\\\/gsc\\\/el-gobierno-de-canarias-activa-la-campana-contra-incendios-forestales-2025-con-mas-de-2-000-efectivos\\\/#article\",\"isPartOf\":{\"@id\":\"https:\\\/\\\/www.gsccanarias.com\\\/gsc\\\/el-gobierno-de-canarias-activa-la-campana-contra-incendios-forestales-2025-con-mas-de-2-000-efectivos\\\/\"},\"author\":{\"name\":\"Lourdes Jorge Su\u00e1rez\",\"@id\":\"https:\\\/\\\/www.gsccanarias.com\\\/gsc\\\/#\\\/schema\\\/person\\\/d196d25a84bf50a72676fa5654a84565\"},\"headline\":\"El Gobierno de Canarias activa la Campa\u00f1a contra incendios forestales 2025 con m\u00e1s de 2.000 efectivos\",\"datePublished\":\"2025-06-01T11:47:46+00:00\",\"mainEntityOfPage\":{\"@id\":\"https:\\\/\\\/www.gsccanarias.com\\\/gsc\\\/el-gobierno-de-canarias-activa-la-campana-contra-incendios-forestales-2025-con-mas-de-2-000-efectivos\\\/\"},\"wordCount\":830,\"image\":{\"@id\":\"https:\\\/\\\/www.gsccanarias.com\\\/gsc\\\/el-gobierno-de-canarias-activa-la-campana-contra-incendios-forestales-2025-con-mas-de-2-000-efectivos\\\/#primaryimage\"},\"thumbnailUrl\":\"https:\\\/\\\/www.gsccanarias.com\\\/gsc\\\/wp-content\\\/uploads\\\/2025\\\/06\\\/Vicky-Palma-responsable-Unidad-de-Riesgos-y-Planificacion-CECOES-112.jpeg\",\"articleSection\":[\"Noticias\",\"\u00daltimas noticias\"],\"inLanguage\":\"es\"},{\"@type\":\"WebPage\",\"@id\":\"https:\\\/\\\/www.gsccanarias.com\\\/gsc\\\/el-gobierno-de-canarias-activa-la-campana-contra-incendios-forestales-2025-con-mas-de-2-000-efectivos\\\/\",\"url\":\"https:\\\/\\\/www.gsccanarias.com\\\/gsc\\\/el-gobierno-de-canarias-activa-la-campana-contra-incendios-forestales-2025-con-mas-de-2-000-efectivos\\\/\",\"name\":\"El Gobierno de Canarias activa la Campa\u00f1a contra incendios forestales 2025 con m\u00e1s de 2.000 efectivos - GSC\",\"isPartOf\":{\"@id\":\"https:\\\/\\\/www.gsccanarias.com\\\/gsc\\\/#website\"},\"primaryImageOfPage\":{\"@id\":\"https:\\\/\\\/www.gsccanarias.com\\\/gsc\\\/el-gobierno-de-canarias-activa-la-campana-contra-incendios-forestales-2025-con-mas-de-2-000-efectivos\\\/#primaryimage\"},\"image\":{\"@id\":\"https:\\\/\\\/www.gsccanarias.com\\\/gsc\\\/el-gobierno-de-canarias-activa-la-campana-contra-incendios-forestales-2025-con-mas-de-2-000-efectivos\\\/#primaryimage\"},\"thumbnailUrl\":\"https:\\\/\\\/www.gsccanarias.com\\\/gsc\\\/wp-content\\\/uploads\\\/2025\\\/06\\\/Vicky-Palma-responsable-Unidad-de-Riesgos-y-Planificacion-CECOES-112.jpeg\",\"datePublished\":\"2025-06-01T11:47:46+00:00\",\"author\":{\"@id\":\"https:\\\/\\\/www.gsccanarias.com\\\/gsc\\\/#\\\/schema\\\/person\\\/d196d25a84bf50a72676fa5654a84565\"},\"breadcrumb\":{\"@id\":\"https:\\\/\\\/www.gsccanarias.com\\\/gsc\\\/el-gobierno-de-canarias-activa-la-campana-contra-incendios-forestales-2025-con-mas-de-2-000-efectivos\\\/#breadcrumb\"},\"inLanguage\":\"es\",\"potentialAction\":[{\"@type\":\"ReadAction\",\"target\":[\"https:\\\/\\\/www.gsccanarias.com\\\/gsc\\\/el-gobierno-de-canarias-activa-la-campana-contra-incendios-forestales-2025-con-mas-de-2-000-efectivos\\\/\"]}]},{\"@type\":\"ImageObject\",\"inLanguage\":\"es\",\"@id\":\"https:\\\/\\\/www.gsccanarias.com\\\/gsc\\\/el-gobierno-de-canarias-activa-la-campana-contra-incendios-forestales-2025-con-mas-de-2-000-efectivos\\\/#primaryimage\",\"url\":\"https:\\\/\\\/www.gsccanarias.com\\\/gsc\\\/wp-content\\\/uploads\\\/2025\\\/06\\\/Vicky-Palma-responsable-Unidad-de-Riesgos-y-Planificacion-CECOES-112.jpeg\",\"contentUrl\":\"https:\\\/\\\/www.gsccanarias.com\\\/gsc\\\/wp-content\\\/uploads\\\/2025\\\/06\\\/Vicky-Palma-responsable-Unidad-de-Riesgos-y-Planificacion-CECOES-112.jpeg\",\"width\":1311,\"height\":1101},{\"@type\":\"BreadcrumbList\",\"@id\":\"https:\\\/\\\/www.gsccanarias.com\\\/gsc\\\/el-gobierno-de-canarias-activa-la-campana-contra-incendios-forestales-2025-con-mas-de-2-000-efectivos\\\/#breadcrumb\",\"itemListElement\":[{\"@type\":\"ListItem\",\"position\":1,\"name\":\"Portada\",\"item\":\"https:\\\/\\\/www.gsccanarias.com\\\/gsc\\\/\"},{\"@type\":\"ListItem\",\"position\":2,\"name\":\"El Gobierno de Canarias activa la Campa\u00f1a contra incendios forestales 2025 con m\u00e1s de 2.000 efectivos\"}]},{\"@type\":\"WebSite\",\"@id\":\"https:\\\/\\\/www.gsccanarias.com\\\/gsc\\\/#website\",\"url\":\"https:\\\/\\\/www.gsccanarias.com\\\/gsc\\\/\",\"name\":\"GSC\",\"description\":\"Administramos servicios relacionados con la salud, las emergencias, la seguridad y el transporte sanitario\",\"potentialAction\":[{\"@type\":\"SearchAction\",\"target\":{\"@type\":\"EntryPoint\",\"urlTemplate\":\"https:\\\/\\\/www.gsccanarias.com\\\/gsc\\\/?s={search_term_string}\"},\"query-input\":{\"@type\":\"PropertyValueSpecification\",\"valueRequired\":true,\"valueName\":\"search_term_string\"}}],\"inLanguage\":\"es\"},{\"@type\":\"Person\",\"@id\":\"https:\\\/\\\/www.gsccanarias.com\\\/gsc\\\/#\\\/schema\\\/person\\\/d196d25a84bf50a72676fa5654a84565\",\"name\":\"Lourdes Jorge Su\u00e1rez\",\"image\":{\"@type\":\"ImageObject\",\"inLanguage\":\"es\",\"@id\":\"https:\\\/\\\/secure.gravatar.com\\\/avatar\\\/388ba06333518da1b1f4acfce7a2666b62e2debafdb8e5884485b36fae4347e3?s=96&d=mm&r=g\",\"url\":\"https:\\\/\\\/secure.gravatar.com\\\/avatar\\\/388ba06333518da1b1f4acfce7a2666b62e2debafdb8e5884485b36fae4347e3?s=96&d=mm&r=g\",\"contentUrl\":\"https:\\\/\\\/secure.gravatar.com\\\/avatar\\\/388ba06333518da1b1f4acfce7a2666b62e2debafdb8e5884485b36fae4347e3?s=96&d=mm&r=g\",\"caption\":\"Lourdes Jorge Su\u00e1rez\"},\"url\":\"https:\\\/\\\/www.gsccanarias.com\\\/gsc\\\/author\\\/lourdes\\\/\"}]}<\/script>\n<!-- \/ Yoast SEO plugin. -->","yoast_head_json":{"title":"El Gobierno de Canarias activa la Campa\u00f1a contra incendios forestales 2025 con m\u00e1s de 2.000 efectivos - GSC","robots":{"index":"index","follow":"follow","max-snippet":"max-snippet:-1","max-image-preview":"max-image-preview:large","max-video-preview":"max-video-preview:-1"},"canonical":"https:\/\/www.gsccanarias.com\/gsc\/el-gobierno-de-canarias-activa-la-campana-contra-incendios-forestales-2025-con-mas-de-2-000-efectivos\/","og_locale":"es_ES","og_type":"article","og_title":"El Gobierno de Canarias activa la Campa\u00f1a contra incendios forestales 2025 con m\u00e1s de 2.000 efectivos - GSC","og_description":"La Direcci\u00f3n General de Emergencias ha declarado la situaci\u00f3n de prealerta por riesgo de incendios forestales en las islas occidentales y Gran Canaria Se pone en marcha el operativo del Plan INFOCA tras comenzar el periodo de riesgo medio y alto de incendios forestales El...","og_url":"https:\/\/www.gsccanarias.com\/gsc\/el-gobierno-de-canarias-activa-la-campana-contra-incendios-forestales-2025-con-mas-de-2-000-efectivos\/","og_site_name":"GSC","article_published_time":"2025-06-01T11:47:46+00:00","og_image":[{"width":1311,"height":1101,"url":"https:\/\/www.gsccanarias.com\/gsc\/wp-content\/uploads\/2025\/06\/Vicky-Palma-responsable-Unidad-de-Riesgos-y-Planificacion-CECOES-112.jpeg","type":"image\/jpeg"}],"author":"Lourdes Jorge Su\u00e1rez","twitter_card":"summary_large_image","twitter_misc":{"Escrito por":"Lourdes Jorge Su\u00e1rez","Tiempo de lectura":"4 minutos"},"schema":{"@context":"https:\/\/schema.org","@graph":[{"@type":"Article","@id":"https:\/\/www.gsccanarias.com\/gsc\/el-gobierno-de-canarias-activa-la-campana-contra-incendios-forestales-2025-con-mas-de-2-000-efectivos\/#article","isPartOf":{"@id":"https:\/\/www.gsccanarias.com\/gsc\/el-gobierno-de-canarias-activa-la-campana-contra-incendios-forestales-2025-con-mas-de-2-000-efectivos\/"},"author":{"name":"Lourdes Jorge Su\u00e1rez","@id":"https:\/\/www.gsccanarias.com\/gsc\/#\/schema\/person\/d196d25a84bf50a72676fa5654a84565"},"headline":"El Gobierno de Canarias activa la Campa\u00f1a contra incendios forestales 2025 con m\u00e1s de 2.000 efectivos","datePublished":"2025-06-01T11:47:46+00:00","mainEntityOfPage":{"@id":"https:\/\/www.gsccanarias.com\/gsc\/el-gobierno-de-canarias-activa-la-campana-contra-incendios-forestales-2025-con-mas-de-2-000-efectivos\/"},"wordCount":830,"image":{"@id":"https:\/\/www.gsccanarias.com\/gsc\/el-gobierno-de-canarias-activa-la-campana-contra-incendios-forestales-2025-con-mas-de-2-000-efectivos\/#primaryimage"},"thumbnailUrl":"https:\/\/www.gsccanarias.com\/gsc\/wp-content\/uploads\/2025\/06\/Vicky-Palma-responsable-Unidad-de-Riesgos-y-Planificacion-CECOES-112.jpeg","articleSection":["Noticias","\u00daltimas noticias"],"inLanguage":"es"},{"@type":"WebPage","@id":"https:\/\/www.gsccanarias.com\/gsc\/el-gobierno-de-canarias-activa-la-campana-contra-incendios-forestales-2025-con-mas-de-2-000-efectivos\/","url":"https:\/\/www.gsccanarias.com\/gsc\/el-gobierno-de-canarias-activa-la-campana-contra-incendios-forestales-2025-con-mas-de-2-000-efectivos\/","name":"El Gobierno de Canarias activa la Campa\u00f1a contra incendios forestales 2025 con m\u00e1s de 2.000 efectivos - GSC","isPartOf":{"@id":"https:\/\/www.gsccanarias.com\/gsc\/#website"},"primaryImageOfPage":{"@id":"https:\/\/www.gsccanarias.com\/gsc\/el-gobierno-de-canarias-activa-la-campana-contra-incendios-forestales-2025-con-mas-de-2-000-efectivos\/#primaryimage"},"image":{"@id":"https:\/\/www.gsccanarias.com\/gsc\/el-gobierno-de-canarias-activa-la-campana-contra-incendios-forestales-2025-con-mas-de-2-000-efectivos\/#primaryimage"},"thumbnailUrl":"https:\/\/www.gsccanarias.com\/gsc\/wp-content\/uploads\/2025\/06\/Vicky-Palma-responsable-Unidad-de-Riesgos-y-Planificacion-CECOES-112.jpeg","datePublished":"2025-06-01T11:47:46+00:00","author":{"@id":"https:\/\/www.gsccanarias.com\/gsc\/#\/schema\/person\/d196d25a84bf50a72676fa5654a84565"},"breadcrumb":{"@id":"https:\/\/www.gsccanarias.com\/gsc\/el-gobierno-de-canarias-activa-la-campana-contra-incendios-forestales-2025-con-mas-de-2-000-efectivos\/#breadcrumb"},"inLanguage":"es","potentialAction":[{"@type":"ReadAction","target":["https:\/\/www.gsccanarias.com\/gsc\/el-gobierno-de-canarias-activa-la-campana-contra-incendios-forestales-2025-con-mas-de-2-000-efectivos\/"]}]},{"@type":"ImageObject","inLanguage":"es","@id":"https:\/\/www.gsccanarias.com\/gsc\/el-gobierno-de-canarias-activa-la-campana-contra-incendios-forestales-2025-con-mas-de-2-000-efectivos\/#primaryimage","url":"https:\/\/www.gsccanarias.com\/gsc\/wp-content\/uploads\/2025\/06\/Vicky-Palma-responsable-Unidad-de-Riesgos-y-Planificacion-CECOES-112.jpeg","contentUrl":"https:\/\/www.gsccanarias.com\/gsc\/wp-content\/uploads\/2025\/06\/Vicky-Palma-responsable-Unidad-de-Riesgos-y-Planificacion-CECOES-112.jpeg","width":1311,"height":1101},{"@type":"BreadcrumbList","@id":"https:\/\/www.gsccanarias.com\/gsc\/el-gobierno-de-canarias-activa-la-campana-contra-incendios-forestales-2025-con-mas-de-2-000-efectivos\/#breadcrumb","itemListElement":[{"@type":"ListItem","position":1,"name":"Portada","item":"https:\/\/www.gsccanarias.com\/gsc\/"},{"@type":"ListItem","position":2,"name":"El Gobierno de Canarias activa la Campa\u00f1a contra incendios forestales 2025 con m\u00e1s de 2.000 efectivos"}]},{"@type":"WebSite","@id":"https:\/\/www.gsccanarias.com\/gsc\/#website","url":"https:\/\/www.gsccanarias.com\/gsc\/","name":"GSC","description":"Administramos servicios relacionados con la salud, las emergencias, la seguridad y el transporte sanitario","potentialAction":[{"@type":"SearchAction","target":{"@type":"EntryPoint","urlTemplate":"https:\/\/www.gsccanarias.com\/gsc\/?s={search_term_string}"},"query-input":{"@type":"PropertyValueSpecification","valueRequired":true,"valueName":"search_term_string"}}],"inLanguage":"es"},{"@type":"Person","@id":"https:\/\/www.gsccanarias.com\/gsc\/#\/schema\/person\/d196d25a84bf50a72676fa5654a84565","name":"Lourdes Jorge Su\u00e1rez","image":{"@type":"ImageObject","inLanguage":"es","@id":"https:\/\/secure.gravatar.com\/avatar\/388ba06333518da1b1f4acfce7a2666b62e2debafdb8e5884485b36fae4347e3?s=96&d=mm&r=g","url":"https:\/\/secure.gravatar.com\/avatar\/388ba06333518da1b1f4acfce7a2666b62e2debafdb8e5884485b36fae4347e3?s=96&d=mm&r=g","contentUrl":"https:\/\/secure.gravatar.com\/avatar\/388ba06333518da1b1f4acfce7a2666b62e2debafdb8e5884485b36fae4347e3?s=96&d=mm&r=g","caption":"Lourdes Jorge Su\u00e1rez"},"url":"https:\/\/www.gsccanarias.com\/gsc\/author\/lourdes\/"}]}},"publishpress_future_workflow_manual_trigger":{"enabledWorkflows":[]},"_links":{"self":[{"href":"https:\/\/www.gsccanarias.com\/gsc\/wp-json\/wp\/v2\/posts\/17101","targetHints":{"allow":["GET"]}}],"collection":[{"href":"https:\/\/www.gsccanarias.com\/gsc\/wp-json\/wp\/v2\/posts"}],"about":[{"href":"https:\/\/www.gsccanarias.com\/gsc\/wp-json\/wp\/v2\/types\/post"}],"author":[{"embeddable":true,"href":"https:\/\/www.gsccanarias.com\/gsc\/wp-json\/wp\/v2\/users\/3"}],"replies":[{"embeddable":true,"href":"https:\/\/www.gsccanarias.com\/gsc\/wp-json\/wp\/v2\/comments?post=17101"}],"version-history":[{"count":1,"href":"https:\/\/www.gsccanarias.com\/gsc\/wp-json\/wp\/v2\/posts\/17101\/revisions"}],"predecessor-version":[{"id":17103,"href":"https:\/\/www.gsccanarias.com\/gsc\/wp-json\/wp\/v2\/posts\/17101\/revisions\/17103"}],"wp:featuredmedia":[{"embeddable":true,"href":"https:\/\/www.gsccanarias.com\/gsc\/wp-json\/wp\/v2\/media\/17102"}],"wp:attachment":[{"href":"https:\/\/www.gsccanarias.com\/gsc\/wp-json\/wp\/v2\/media?parent=17101"}],"wp:term":[{"taxonomy":"category","embeddable":true,"href":"https:\/\/www.gsccanarias.com\/gsc\/wp-json\/wp\/v2\/categories?post=17101"},{"taxonomy":"post_tag","embeddable":true,"href":"https:\/\/www.gsccanarias.com\/gsc\/wp-json\/wp\/v2\/tags?post=17101"}],"curies":[{"name":"wp","href":"https:\/\/api.w.org\/{rel}","templated":true}]}}