{"id":16882,"date":"2025-04-28T18:47:10","date_gmt":"2025-04-28T18:47:10","guid":{"rendered":"https:\/\/www.gsccanarias.com\/gsc\/?p=16882"},"modified":"2025-04-28T18:47:11","modified_gmt":"2025-04-28T18:47:11","slug":"el-gobierno-activa-el-plateca-en-situacion-de-alerta-para-el-seguimiento-de-posibles-afectaciones-de-suministros","status":"publish","type":"post","link":"https:\/\/www.gsccanarias.com\/gsc\/el-gobierno-activa-el-plateca-en-situacion-de-alerta-para-el-seguimiento-de-posibles-afectaciones-de-suministros\/","title":{"rendered":"El Gobierno activa el PLATECA en situaci\u00f3n de alerta para el seguimiento de posibles afectaciones de suministros"},"content":{"rendered":"<p>La Direcci\u00f3n General de Emergencias del Gobierno de Canarias, en base a la situaci\u00f3n acaecida hoy, de ca\u00edda el\u00e9ctrica generalizada a nivel nacional\u00a0 y en aplicaci\u00f3n del Plan Territorial de Emergencia de Protecci\u00f3n Civil de la Comunidad Aut\u00f3noma de Canarias (PLATECA), declara la situaci\u00f3n de alerta a partir de las 15:15 horas, de hoy lunes 28 de abril, para garantizar el seguimiento de las posibles afectaciones a los suministros b\u00e1sicos.<!--more--><\/p>\n<p><strong>\u00c1mbito territorial:<\/strong><\/p>\n<p>Comunidad aut\u00f3noma de Canarias<\/p>\n<p><strong>Observaciones:\u00a0<\/strong><\/p>\n<p>Se activa el PLATECA en situaci\u00f3n de Alerta para garantizar el seguimiento de las posibles<br \/>\nafectaciones a los suministros b\u00e1sicos.<\/p>\n<div class=\"pvc_clear\"><\/div>\n<p id=\"pvc_stats_16882\" class=\"pvc_stats all  \" data-element-id=\"16882\" style=\"\"><i class=\"pvc-stats-icon medium\" aria-hidden=\"true\"><svg aria-hidden=\"true\" focusable=\"false\" data-prefix=\"far\" data-icon=\"chart-bar\" role=\"img\" xmlns=\"http:\/\/www.w3.org\/2000\/svg\" viewBox=\"0 0 512 512\" class=\"svg-inline--fa fa-chart-bar fa-w-16 fa-2x\"><path fill=\"currentColor\" d=\"M396.8 352h22.4c6.4 0 12.8-6.4 12.8-12.8V108.8c0-6.4-6.4-12.8-12.8-12.8h-22.4c-6.4 0-12.8 6.4-12.8 12.8v230.4c0 6.4 6.4 12.8 12.8 12.8zm-192 0h22.4c6.4 0 12.8-6.4 12.8-12.8V140.8c0-6.4-6.4-12.8-12.8-12.8h-22.4c-6.4 0-12.8 6.4-12.8 12.8v198.4c0 6.4 6.4 12.8 12.8 12.8zm96 0h22.4c6.4 0 12.8-6.4 12.8-12.8V204.8c0-6.4-6.4-12.8-12.8-12.8h-22.4c-6.4 0-12.8 6.4-12.8 12.8v134.4c0 6.4 6.4 12.8 12.8 12.8zM496 400H48V80c0-8.84-7.16-16-16-16H16C7.16 64 0 71.16 0 80v336c0 17.67 14.33 32 32 32h464c8.84 0 16-7.16 16-16v-16c0-8.84-7.16-16-16-16zm-387.2-48h22.4c6.4 0 12.8-6.4 12.8-12.8v-70.4c0-6.4-6.4-12.8-12.8-12.8h-22.4c-6.4 0-12.8 6.4-12.8 12.8v70.4c0 6.4 6.4 12.8 12.8 12.8z\" class=\"\"><\/path><\/svg><\/i> <\/p>\n<div class=\"pvc_clear\"><\/div>\n<div class=\"print\"><span class=\"page_title\">P\u00e1gina: <span>El Gobierno activa el PLATECA en situaci\u00f3n de alerta para el seguimiento de posibles afectaciones de suministros<\/span><\/span>\n\t\t\t\t\t\t\t\t\t\t\t<span class=\"page_title\">Fecha de impresi\u00f3n: <span>01\/05\/2026 - 05:48:20 UTC<\/span><\/span>\n\t\t\t\t\t\t\t\t\t\t\t<span class=\"stmp_trans_date\">\u00daltima actualizaci\u00f3n: <span>28\/04\/2025 - 18:47:11<\/span><\/span>\n\t\t\t\t\t\t\t\t\t\t\t<span class=\"stmp_trans_date\">Fecha publicaci\u00f3n: <span>28\/04\/2025 - 18:47:10<\/span><\/span>\n\t\t\t\t\t\t\t\t\t\t\t<span class=\"stmp_trans_date\">Fecha creaci\u00f3n: <span>28\/04\/2025 - 18:47:10<\/span><\/span><\/div>\n\t","protected":false},"excerpt":{"rendered":"<p>La Direcci\u00f3n General de Emergencias del Gobierno de Canarias, en base a la situaci\u00f3n acaecida hoy, de ca\u00edda el\u00e9ctrica generalizada a nivel nacional\u00a0 y en aplicaci\u00f3n del Plan Territorial de Emergencia de Protecci\u00f3n Civil de la Comunidad Aut\u00f3noma de Canarias (PLATECA), declara la situaci\u00f3n de&#8230;<\/p>\n<div class=\"pvc_clear\"><\/div>\n<p id=\"pvc_stats_16882\" class=\"pvc_stats all  \" data-element-id=\"16882\" style=\"\"><i class=\"pvc-stats-icon medium\" aria-hidden=\"true\"><svg aria-hidden=\"true\" focusable=\"false\" data-prefix=\"far\" data-icon=\"chart-bar\" role=\"img\" xmlns=\"http:\/\/www.w3.org\/2000\/svg\" viewBox=\"0 0 512 512\" class=\"svg-inline--fa fa-chart-bar fa-w-16 fa-2x\"><path fill=\"currentColor\" d=\"M396.8 352h22.4c6.4 0 12.8-6.4 12.8-12.8V108.8c0-6.4-6.4-12.8-12.8-12.8h-22.4c-6.4 0-12.8 6.4-12.8 12.8v230.4c0 6.4 6.4 12.8 12.8 12.8zm-192 0h22.4c6.4 0 12.8-6.4 12.8-12.8V140.8c0-6.4-6.4-12.8-12.8-12.8h-22.4c-6.4 0-12.8 6.4-12.8 12.8v198.4c0 6.4 6.4 12.8 12.8 12.8zm96 0h22.4c6.4 0 12.8-6.4 12.8-12.8V204.8c0-6.4-6.4-12.8-12.8-12.8h-22.4c-6.4 0-12.8 6.4-12.8 12.8v134.4c0 6.4 6.4 12.8 12.8 12.8zM496 400H48V80c0-8.84-7.16-16-16-16H16C7.16 64 0 71.16 0 80v336c0 17.67 14.33 32 32 32h464c8.84 0 16-7.16 16-16v-16c0-8.84-7.16-16-16-16zm-387.2-48h22.4c6.4 0 12.8-6.4 12.8-12.8v-70.4c0-6.4-6.4-12.8-12.8-12.8h-22.4c-6.4 0-12.8 6.4-12.8 12.8v70.4c0 6.4 6.4 12.8 12.8 12.8z\" class=\"\"><\/path><\/svg><\/i> <img loading=\"lazy\" decoding=\"async\" width=\"16\" height=\"16\" alt=\"Loading\" src=\"https:\/\/www.gsccanarias.com\/gsc\/wp-content\/plugins\/page-views-count\/ajax-loader-2x.gif\" border=0 \/><\/p>\n<div class=\"pvc_clear\"><\/div>\n","protected":false},"author":3,"featured_media":16883,"comment_status":"closed","ping_status":"open","sticky":false,"template":"","format":"standard","meta":{"footnotes":""},"categories":[35,36],"tags":[],"class_list":["post-16882","post","type-post","status-publish","format-standard","has-post-thumbnail","hentry","category-noticias","category-ultimas-noticias"],"a3_pvc":{"activated":true,"total_views":72,"today_views":0},"yoast_head":"<!-- This site is optimized with the Yoast SEO plugin v27.5 - https:\/\/yoast.com\/product\/yoast-seo-wordpress\/ -->\n<title>El Gobierno activa el PLATECA en situaci\u00f3n de alerta para el seguimiento de posibles afectaciones de suministros - GSC<\/title>\n<meta name=\"robots\" content=\"index, follow, max-snippet:-1, max-image-preview:large, max-video-preview:-1\" \/>\n<link rel=\"canonical\" href=\"https:\/\/www.gsccanarias.com\/gsc\/el-gobierno-activa-el-plateca-en-situacion-de-alerta-para-el-seguimiento-de-posibles-afectaciones-de-suministros\/\" \/>\n<meta property=\"og:locale\" content=\"es_ES\" \/>\n<meta property=\"og:type\" content=\"article\" \/>\n<meta property=\"og:title\" content=\"El Gobierno activa el PLATECA en situaci\u00f3n de alerta para el seguimiento de posibles afectaciones de suministros - GSC\" \/>\n<meta property=\"og:description\" content=\"La Direcci\u00f3n General de Emergencias del Gobierno de Canarias, en base a la situaci\u00f3n acaecida hoy, de ca\u00edda el\u00e9ctrica generalizada a nivel nacional\u00a0 y en aplicaci\u00f3n del Plan Territorial de Emergencia de Protecci\u00f3n Civil de la Comunidad Aut\u00f3noma de Canarias (PLATECA), declara la situaci\u00f3n de...\" \/>\n<meta property=\"og:url\" content=\"https:\/\/www.gsccanarias.com\/gsc\/el-gobierno-activa-el-plateca-en-situacion-de-alerta-para-el-seguimiento-de-posibles-afectaciones-de-suministros\/\" \/>\n<meta property=\"og:site_name\" content=\"GSC\" \/>\n<meta property=\"article:published_time\" content=\"2025-04-28T18:47:10+00:00\" \/>\n<meta property=\"article:modified_time\" content=\"2025-04-28T18:47:11+00:00\" \/>\n<meta property=\"og:image\" content=\"https:\/\/www.gsccanarias.com\/gsc\/wp-content\/uploads\/2025\/04\/Cartelas-activacion-Planes-1.png\" \/>\n\t<meta property=\"og:image:width\" content=\"1080\" \/>\n\t<meta property=\"og:image:height\" content=\"1080\" \/>\n\t<meta property=\"og:image:type\" content=\"image\/png\" \/>\n<meta name=\"author\" content=\"Lourdes Jorge Su\u00e1rez\" \/>\n<meta name=\"twitter:card\" content=\"summary_large_image\" \/>\n<meta name=\"twitter:label1\" content=\"Escrito por\" \/>\n\t<meta name=\"twitter:data1\" content=\"Lourdes Jorge Su\u00e1rez\" \/>\n\t<meta name=\"twitter:label2\" content=\"Tiempo de lectura\" \/>\n\t<meta name=\"twitter:data2\" content=\"1 minuto\" \/>\n<script type=\"application\/ld+json\" class=\"yoast-schema-graph\">{\"@context\":\"https:\\\/\\\/schema.org\",\"@graph\":[{\"@type\":\"Article\",\"@id\":\"https:\\\/\\\/www.gsccanarias.com\\\/gsc\\\/el-gobierno-activa-el-plateca-en-situacion-de-alerta-para-el-seguimiento-de-posibles-afectaciones-de-suministros\\\/#article\",\"isPartOf\":{\"@id\":\"https:\\\/\\\/www.gsccanarias.com\\\/gsc\\\/el-gobierno-activa-el-plateca-en-situacion-de-alerta-para-el-seguimiento-de-posibles-afectaciones-de-suministros\\\/\"},\"author\":{\"name\":\"Lourdes Jorge Su\u00e1rez\",\"@id\":\"https:\\\/\\\/www.gsccanarias.com\\\/gsc\\\/#\\\/schema\\\/person\\\/d196d25a84bf50a72676fa5654a84565\"},\"headline\":\"El Gobierno activa el PLATECA en situaci\u00f3n de alerta para el seguimiento de posibles afectaciones de suministros\",\"datePublished\":\"2025-04-28T18:47:10+00:00\",\"dateModified\":\"2025-04-28T18:47:11+00:00\",\"mainEntityOfPage\":{\"@id\":\"https:\\\/\\\/www.gsccanarias.com\\\/gsc\\\/el-gobierno-activa-el-plateca-en-situacion-de-alerta-para-el-seguimiento-de-posibles-afectaciones-de-suministros\\\/\"},\"wordCount\":125,\"image\":{\"@id\":\"https:\\\/\\\/www.gsccanarias.com\\\/gsc\\\/el-gobierno-activa-el-plateca-en-situacion-de-alerta-para-el-seguimiento-de-posibles-afectaciones-de-suministros\\\/#primaryimage\"},\"thumbnailUrl\":\"https:\\\/\\\/www.gsccanarias.com\\\/gsc\\\/wp-content\\\/uploads\\\/2025\\\/04\\\/Cartelas-activacion-Planes-1.png\",\"articleSection\":[\"Noticias\",\"\u00daltimas noticias\"],\"inLanguage\":\"es\"},{\"@type\":\"WebPage\",\"@id\":\"https:\\\/\\\/www.gsccanarias.com\\\/gsc\\\/el-gobierno-activa-el-plateca-en-situacion-de-alerta-para-el-seguimiento-de-posibles-afectaciones-de-suministros\\\/\",\"url\":\"https:\\\/\\\/www.gsccanarias.com\\\/gsc\\\/el-gobierno-activa-el-plateca-en-situacion-de-alerta-para-el-seguimiento-de-posibles-afectaciones-de-suministros\\\/\",\"name\":\"El Gobierno activa el PLATECA en situaci\u00f3n de alerta para el seguimiento de posibles afectaciones de suministros - GSC\",\"isPartOf\":{\"@id\":\"https:\\\/\\\/www.gsccanarias.com\\\/gsc\\\/#website\"},\"primaryImageOfPage\":{\"@id\":\"https:\\\/\\\/www.gsccanarias.com\\\/gsc\\\/el-gobierno-activa-el-plateca-en-situacion-de-alerta-para-el-seguimiento-de-posibles-afectaciones-de-suministros\\\/#primaryimage\"},\"image\":{\"@id\":\"https:\\\/\\\/www.gsccanarias.com\\\/gsc\\\/el-gobierno-activa-el-plateca-en-situacion-de-alerta-para-el-seguimiento-de-posibles-afectaciones-de-suministros\\\/#primaryimage\"},\"thumbnailUrl\":\"https:\\\/\\\/www.gsccanarias.com\\\/gsc\\\/wp-content\\\/uploads\\\/2025\\\/04\\\/Cartelas-activacion-Planes-1.png\",\"datePublished\":\"2025-04-28T18:47:10+00:00\",\"dateModified\":\"2025-04-28T18:47:11+00:00\",\"author\":{\"@id\":\"https:\\\/\\\/www.gsccanarias.com\\\/gsc\\\/#\\\/schema\\\/person\\\/d196d25a84bf50a72676fa5654a84565\"},\"breadcrumb\":{\"@id\":\"https:\\\/\\\/www.gsccanarias.com\\\/gsc\\\/el-gobierno-activa-el-plateca-en-situacion-de-alerta-para-el-seguimiento-de-posibles-afectaciones-de-suministros\\\/#breadcrumb\"},\"inLanguage\":\"es\",\"potentialAction\":[{\"@type\":\"ReadAction\",\"target\":[\"https:\\\/\\\/www.gsccanarias.com\\\/gsc\\\/el-gobierno-activa-el-plateca-en-situacion-de-alerta-para-el-seguimiento-de-posibles-afectaciones-de-suministros\\\/\"]}]},{\"@type\":\"ImageObject\",\"inLanguage\":\"es\",\"@id\":\"https:\\\/\\\/www.gsccanarias.com\\\/gsc\\\/el-gobierno-activa-el-plateca-en-situacion-de-alerta-para-el-seguimiento-de-posibles-afectaciones-de-suministros\\\/#primaryimage\",\"url\":\"https:\\\/\\\/www.gsccanarias.com\\\/gsc\\\/wp-content\\\/uploads\\\/2025\\\/04\\\/Cartelas-activacion-Planes-1.png\",\"contentUrl\":\"https:\\\/\\\/www.gsccanarias.com\\\/gsc\\\/wp-content\\\/uploads\\\/2025\\\/04\\\/Cartelas-activacion-Planes-1.png\",\"width\":1080,\"height\":1080},{\"@type\":\"BreadcrumbList\",\"@id\":\"https:\\\/\\\/www.gsccanarias.com\\\/gsc\\\/el-gobierno-activa-el-plateca-en-situacion-de-alerta-para-el-seguimiento-de-posibles-afectaciones-de-suministros\\\/#breadcrumb\",\"itemListElement\":[{\"@type\":\"ListItem\",\"position\":1,\"name\":\"Portada\",\"item\":\"https:\\\/\\\/www.gsccanarias.com\\\/gsc\\\/\"},{\"@type\":\"ListItem\",\"position\":2,\"name\":\"El Gobierno activa el PLATECA en situaci\u00f3n de alerta para el seguimiento de posibles afectaciones de suministros\"}]},{\"@type\":\"WebSite\",\"@id\":\"https:\\\/\\\/www.gsccanarias.com\\\/gsc\\\/#website\",\"url\":\"https:\\\/\\\/www.gsccanarias.com\\\/gsc\\\/\",\"name\":\"GSC\",\"description\":\"Administramos servicios relacionados con la salud, las emergencias, la seguridad y el transporte sanitario\",\"potentialAction\":[{\"@type\":\"SearchAction\",\"target\":{\"@type\":\"EntryPoint\",\"urlTemplate\":\"https:\\\/\\\/www.gsccanarias.com\\\/gsc\\\/?s={search_term_string}\"},\"query-input\":{\"@type\":\"PropertyValueSpecification\",\"valueRequired\":true,\"valueName\":\"search_term_string\"}}],\"inLanguage\":\"es\"},{\"@type\":\"Person\",\"@id\":\"https:\\\/\\\/www.gsccanarias.com\\\/gsc\\\/#\\\/schema\\\/person\\\/d196d25a84bf50a72676fa5654a84565\",\"name\":\"Lourdes Jorge Su\u00e1rez\",\"image\":{\"@type\":\"ImageObject\",\"inLanguage\":\"es\",\"@id\":\"https:\\\/\\\/secure.gravatar.com\\\/avatar\\\/388ba06333518da1b1f4acfce7a2666b62e2debafdb8e5884485b36fae4347e3?s=96&d=mm&r=g\",\"url\":\"https:\\\/\\\/secure.gravatar.com\\\/avatar\\\/388ba06333518da1b1f4acfce7a2666b62e2debafdb8e5884485b36fae4347e3?s=96&d=mm&r=g\",\"contentUrl\":\"https:\\\/\\\/secure.gravatar.com\\\/avatar\\\/388ba06333518da1b1f4acfce7a2666b62e2debafdb8e5884485b36fae4347e3?s=96&d=mm&r=g\",\"caption\":\"Lourdes Jorge Su\u00e1rez\"},\"url\":\"https:\\\/\\\/www.gsccanarias.com\\\/gsc\\\/author\\\/lourdes\\\/\"}]}<\/script>\n<!-- \/ Yoast SEO plugin. -->","yoast_head_json":{"title":"El Gobierno activa el PLATECA en situaci\u00f3n de alerta para el seguimiento de posibles afectaciones de suministros - GSC","robots":{"index":"index","follow":"follow","max-snippet":"max-snippet:-1","max-image-preview":"max-image-preview:large","max-video-preview":"max-video-preview:-1"},"canonical":"https:\/\/www.gsccanarias.com\/gsc\/el-gobierno-activa-el-plateca-en-situacion-de-alerta-para-el-seguimiento-de-posibles-afectaciones-de-suministros\/","og_locale":"es_ES","og_type":"article","og_title":"El Gobierno activa el PLATECA en situaci\u00f3n de alerta para el seguimiento de posibles afectaciones de suministros - GSC","og_description":"La Direcci\u00f3n General de Emergencias del Gobierno de Canarias, en base a la situaci\u00f3n acaecida hoy, de ca\u00edda el\u00e9ctrica generalizada a nivel nacional\u00a0 y en aplicaci\u00f3n del Plan Territorial de Emergencia de Protecci\u00f3n Civil de la Comunidad Aut\u00f3noma de Canarias (PLATECA), declara la situaci\u00f3n de...","og_url":"https:\/\/www.gsccanarias.com\/gsc\/el-gobierno-activa-el-plateca-en-situacion-de-alerta-para-el-seguimiento-de-posibles-afectaciones-de-suministros\/","og_site_name":"GSC","article_published_time":"2025-04-28T18:47:10+00:00","article_modified_time":"2025-04-28T18:47:11+00:00","og_image":[{"width":1080,"height":1080,"url":"https:\/\/www.gsccanarias.com\/gsc\/wp-content\/uploads\/2025\/04\/Cartelas-activacion-Planes-1.png","type":"image\/png"}],"author":"Lourdes Jorge Su\u00e1rez","twitter_card":"summary_large_image","twitter_misc":{"Escrito por":"Lourdes Jorge Su\u00e1rez","Tiempo de lectura":"1 minuto"},"schema":{"@context":"https:\/\/schema.org","@graph":[{"@type":"Article","@id":"https:\/\/www.gsccanarias.com\/gsc\/el-gobierno-activa-el-plateca-en-situacion-de-alerta-para-el-seguimiento-de-posibles-afectaciones-de-suministros\/#article","isPartOf":{"@id":"https:\/\/www.gsccanarias.com\/gsc\/el-gobierno-activa-el-plateca-en-situacion-de-alerta-para-el-seguimiento-de-posibles-afectaciones-de-suministros\/"},"author":{"name":"Lourdes Jorge Su\u00e1rez","@id":"https:\/\/www.gsccanarias.com\/gsc\/#\/schema\/person\/d196d25a84bf50a72676fa5654a84565"},"headline":"El Gobierno activa el PLATECA en situaci\u00f3n de alerta para el seguimiento de posibles afectaciones de suministros","datePublished":"2025-04-28T18:47:10+00:00","dateModified":"2025-04-28T18:47:11+00:00","mainEntityOfPage":{"@id":"https:\/\/www.gsccanarias.com\/gsc\/el-gobierno-activa-el-plateca-en-situacion-de-alerta-para-el-seguimiento-de-posibles-afectaciones-de-suministros\/"},"wordCount":125,"image":{"@id":"https:\/\/www.gsccanarias.com\/gsc\/el-gobierno-activa-el-plateca-en-situacion-de-alerta-para-el-seguimiento-de-posibles-afectaciones-de-suministros\/#primaryimage"},"thumbnailUrl":"https:\/\/www.gsccanarias.com\/gsc\/wp-content\/uploads\/2025\/04\/Cartelas-activacion-Planes-1.png","articleSection":["Noticias","\u00daltimas noticias"],"inLanguage":"es"},{"@type":"WebPage","@id":"https:\/\/www.gsccanarias.com\/gsc\/el-gobierno-activa-el-plateca-en-situacion-de-alerta-para-el-seguimiento-de-posibles-afectaciones-de-suministros\/","url":"https:\/\/www.gsccanarias.com\/gsc\/el-gobierno-activa-el-plateca-en-situacion-de-alerta-para-el-seguimiento-de-posibles-afectaciones-de-suministros\/","name":"El Gobierno activa el PLATECA en situaci\u00f3n de alerta para el seguimiento de posibles afectaciones de suministros - GSC","isPartOf":{"@id":"https:\/\/www.gsccanarias.com\/gsc\/#website"},"primaryImageOfPage":{"@id":"https:\/\/www.gsccanarias.com\/gsc\/el-gobierno-activa-el-plateca-en-situacion-de-alerta-para-el-seguimiento-de-posibles-afectaciones-de-suministros\/#primaryimage"},"image":{"@id":"https:\/\/www.gsccanarias.com\/gsc\/el-gobierno-activa-el-plateca-en-situacion-de-alerta-para-el-seguimiento-de-posibles-afectaciones-de-suministros\/#primaryimage"},"thumbnailUrl":"https:\/\/www.gsccanarias.com\/gsc\/wp-content\/uploads\/2025\/04\/Cartelas-activacion-Planes-1.png","datePublished":"2025-04-28T18:47:10+00:00","dateModified":"2025-04-28T18:47:11+00:00","author":{"@id":"https:\/\/www.gsccanarias.com\/gsc\/#\/schema\/person\/d196d25a84bf50a72676fa5654a84565"},"breadcrumb":{"@id":"https:\/\/www.gsccanarias.com\/gsc\/el-gobierno-activa-el-plateca-en-situacion-de-alerta-para-el-seguimiento-de-posibles-afectaciones-de-suministros\/#breadcrumb"},"inLanguage":"es","potentialAction":[{"@type":"ReadAction","target":["https:\/\/www.gsccanarias.com\/gsc\/el-gobierno-activa-el-plateca-en-situacion-de-alerta-para-el-seguimiento-de-posibles-afectaciones-de-suministros\/"]}]},{"@type":"ImageObject","inLanguage":"es","@id":"https:\/\/www.gsccanarias.com\/gsc\/el-gobierno-activa-el-plateca-en-situacion-de-alerta-para-el-seguimiento-de-posibles-afectaciones-de-suministros\/#primaryimage","url":"https:\/\/www.gsccanarias.com\/gsc\/wp-content\/uploads\/2025\/04\/Cartelas-activacion-Planes-1.png","contentUrl":"https:\/\/www.gsccanarias.com\/gsc\/wp-content\/uploads\/2025\/04\/Cartelas-activacion-Planes-1.png","width":1080,"height":1080},{"@type":"BreadcrumbList","@id":"https:\/\/www.gsccanarias.com\/gsc\/el-gobierno-activa-el-plateca-en-situacion-de-alerta-para-el-seguimiento-de-posibles-afectaciones-de-suministros\/#breadcrumb","itemListElement":[{"@type":"ListItem","position":1,"name":"Portada","item":"https:\/\/www.gsccanarias.com\/gsc\/"},{"@type":"ListItem","position":2,"name":"El Gobierno activa el PLATECA en situaci\u00f3n de alerta para el seguimiento de posibles afectaciones de suministros"}]},{"@type":"WebSite","@id":"https:\/\/www.gsccanarias.com\/gsc\/#website","url":"https:\/\/www.gsccanarias.com\/gsc\/","name":"GSC","description":"Administramos servicios relacionados con la salud, las emergencias, la seguridad y el transporte sanitario","potentialAction":[{"@type":"SearchAction","target":{"@type":"EntryPoint","urlTemplate":"https:\/\/www.gsccanarias.com\/gsc\/?s={search_term_string}"},"query-input":{"@type":"PropertyValueSpecification","valueRequired":true,"valueName":"search_term_string"}}],"inLanguage":"es"},{"@type":"Person","@id":"https:\/\/www.gsccanarias.com\/gsc\/#\/schema\/person\/d196d25a84bf50a72676fa5654a84565","name":"Lourdes Jorge Su\u00e1rez","image":{"@type":"ImageObject","inLanguage":"es","@id":"https:\/\/secure.gravatar.com\/avatar\/388ba06333518da1b1f4acfce7a2666b62e2debafdb8e5884485b36fae4347e3?s=96&d=mm&r=g","url":"https:\/\/secure.gravatar.com\/avatar\/388ba06333518da1b1f4acfce7a2666b62e2debafdb8e5884485b36fae4347e3?s=96&d=mm&r=g","contentUrl":"https:\/\/secure.gravatar.com\/avatar\/388ba06333518da1b1f4acfce7a2666b62e2debafdb8e5884485b36fae4347e3?s=96&d=mm&r=g","caption":"Lourdes Jorge Su\u00e1rez"},"url":"https:\/\/www.gsccanarias.com\/gsc\/author\/lourdes\/"}]}},"publishpress_future_workflow_manual_trigger":{"enabledWorkflows":[]},"_links":{"self":[{"href":"https:\/\/www.gsccanarias.com\/gsc\/wp-json\/wp\/v2\/posts\/16882","targetHints":{"allow":["GET"]}}],"collection":[{"href":"https:\/\/www.gsccanarias.com\/gsc\/wp-json\/wp\/v2\/posts"}],"about":[{"href":"https:\/\/www.gsccanarias.com\/gsc\/wp-json\/wp\/v2\/types\/post"}],"author":[{"embeddable":true,"href":"https:\/\/www.gsccanarias.com\/gsc\/wp-json\/wp\/v2\/users\/3"}],"replies":[{"embeddable":true,"href":"https:\/\/www.gsccanarias.com\/gsc\/wp-json\/wp\/v2\/comments?post=16882"}],"version-history":[{"count":1,"href":"https:\/\/www.gsccanarias.com\/gsc\/wp-json\/wp\/v2\/posts\/16882\/revisions"}],"predecessor-version":[{"id":16884,"href":"https:\/\/www.gsccanarias.com\/gsc\/wp-json\/wp\/v2\/posts\/16882\/revisions\/16884"}],"wp:featuredmedia":[{"embeddable":true,"href":"https:\/\/www.gsccanarias.com\/gsc\/wp-json\/wp\/v2\/media\/16883"}],"wp:attachment":[{"href":"https:\/\/www.gsccanarias.com\/gsc\/wp-json\/wp\/v2\/media?parent=16882"}],"wp:term":[{"taxonomy":"category","embeddable":true,"href":"https:\/\/www.gsccanarias.com\/gsc\/wp-json\/wp\/v2\/categories?post=16882"},{"taxonomy":"post_tag","embeddable":true,"href":"https:\/\/www.gsccanarias.com\/gsc\/wp-json\/wp\/v2\/tags?post=16882"}],"curies":[{"name":"wp","href":"https:\/\/api.w.org\/{rel}","templated":true}]}}