{"id":16874,"date":"2025-04-28T18:42:56","date_gmt":"2025-04-28T18:42:56","guid":{"rendered":"https:\/\/www.gsccanarias.com\/gsc\/?p=16874"},"modified":"2025-04-28T18:42:56","modified_gmt":"2025-04-28T18:42:56","slug":"el-gobierno-declara-la-prealerta-por-fenomenos-costeros-en-la-gomera-y-tenerife","status":"publish","type":"post","link":"https:\/\/www.gsccanarias.com\/gsc\/el-gobierno-declara-la-prealerta-por-fenomenos-costeros-en-la-gomera-y-tenerife\/","title":{"rendered":"El Gobierno declara la prealerta por fen\u00f3menos costeros en La Gomera y Tenerife"},"content":{"rendered":"<p>El Gobierno de Canarias, a trav\u00e9s de la Direcci\u00f3n General de Emergencias, declara la situaci\u00f3n de prealerta por fen\u00f3menos costeros en La Gomera, Tenerife y el canal mar\u00edtimo entre ambas islas, a partir de las 09:00 horas de ma\u00f1ana martes, 29 de abril.<\/p>\n<p>Esta decisi\u00f3n se toma teniendo en cuenta la informaci\u00f3n facilitada por la Agencia Estatal de Meteorolog\u00eda y otras fuentes disponibles, y en aplicaci\u00f3n del Plan Espec\u00edfico de Emergencias de Canarias por Riesgos de Fen\u00f3menos Meteorol\u00f3gicos Adversos (PEFMA).<\/p>\n<p><strong>\u00c1mbito territorial:\u00a0\u00a0<\/strong><\/p>\n<p>Costa suroeste y sureste de La Gomera, litoral oeste de Tenerife y canal mar\u00edtimo entre ambas islas.<\/p>\n<p><strong>Observaciones:\u00a0<\/strong><br \/>\nSe espera viento fuerte en el mar. Viento del norte y noroeste fuerza 5 \u2013 6 ((29 \u2013 49 km\/h) con \u00e1reas locales de fuerza 7 (50 \u2013 61 km\/h). Fuerte marejada y mar de fondo del norte o noroeste de 1 m.<\/p>\n<div class=\"pvc_clear\"><\/div>\n<p id=\"pvc_stats_16874\" class=\"pvc_stats all  \" data-element-id=\"16874\" style=\"\"><i class=\"pvc-stats-icon medium\" aria-hidden=\"true\"><svg aria-hidden=\"true\" focusable=\"false\" data-prefix=\"far\" data-icon=\"chart-bar\" role=\"img\" xmlns=\"http:\/\/www.w3.org\/2000\/svg\" viewBox=\"0 0 512 512\" class=\"svg-inline--fa fa-chart-bar fa-w-16 fa-2x\"><path fill=\"currentColor\" d=\"M396.8 352h22.4c6.4 0 12.8-6.4 12.8-12.8V108.8c0-6.4-6.4-12.8-12.8-12.8h-22.4c-6.4 0-12.8 6.4-12.8 12.8v230.4c0 6.4 6.4 12.8 12.8 12.8zm-192 0h22.4c6.4 0 12.8-6.4 12.8-12.8V140.8c0-6.4-6.4-12.8-12.8-12.8h-22.4c-6.4 0-12.8 6.4-12.8 12.8v198.4c0 6.4 6.4 12.8 12.8 12.8zm96 0h22.4c6.4 0 12.8-6.4 12.8-12.8V204.8c0-6.4-6.4-12.8-12.8-12.8h-22.4c-6.4 0-12.8 6.4-12.8 12.8v134.4c0 6.4 6.4 12.8 12.8 12.8zM496 400H48V80c0-8.84-7.16-16-16-16H16C7.16 64 0 71.16 0 80v336c0 17.67 14.33 32 32 32h464c8.84 0 16-7.16 16-16v-16c0-8.84-7.16-16-16-16zm-387.2-48h22.4c6.4 0 12.8-6.4 12.8-12.8v-70.4c0-6.4-6.4-12.8-12.8-12.8h-22.4c-6.4 0-12.8 6.4-12.8 12.8v70.4c0 6.4 6.4 12.8 12.8 12.8z\" class=\"\"><\/path><\/svg><\/i> <\/p>\n<div class=\"pvc_clear\"><\/div>\n<div class=\"print\"><span class=\"page_title\">P\u00e1gina: <span>El Gobierno declara la prealerta por fen\u00f3menos costeros en La Gomera y Tenerife<\/span><\/span>\n\t\t\t\t\t\t\t\t\t\t\t<span class=\"page_title\">Fecha de impresi\u00f3n: <span>01\/05\/2026 - 05:49:59 UTC<\/span><\/span>\n\t\t\t\t\t\t\t\t\t\t\t<span class=\"stmp_trans_date\">\u00daltima actualizaci\u00f3n: <span>28\/04\/2025 - 18:42:56<\/span><\/span>\n\t\t\t\t\t\t\t\t\t\t\t<span class=\"stmp_trans_date\">Fecha publicaci\u00f3n: <span>28\/04\/2025 - 18:42:56<\/span><\/span>\n\t\t\t\t\t\t\t\t\t\t\t<span class=\"stmp_trans_date\">Fecha creaci\u00f3n: <span>28\/04\/2025 - 18:42:56<\/span><\/span><\/div>\n\t","protected":false},"excerpt":{"rendered":"<p>El Gobierno de Canarias, a trav\u00e9s de la Direcci\u00f3n General de Emergencias, declara la situaci\u00f3n de prealerta por fen\u00f3menos costeros en La Gomera, Tenerife y el canal mar\u00edtimo entre ambas islas, a partir de las 09:00 horas de ma\u00f1ana martes, 29 de abril. Esta decisi\u00f3n&#8230;<\/p>\n<div class=\"pvc_clear\"><\/div>\n<p id=\"pvc_stats_16874\" class=\"pvc_stats all  \" data-element-id=\"16874\" style=\"\"><i class=\"pvc-stats-icon medium\" aria-hidden=\"true\"><svg aria-hidden=\"true\" focusable=\"false\" data-prefix=\"far\" data-icon=\"chart-bar\" role=\"img\" xmlns=\"http:\/\/www.w3.org\/2000\/svg\" viewBox=\"0 0 512 512\" class=\"svg-inline--fa fa-chart-bar fa-w-16 fa-2x\"><path fill=\"currentColor\" d=\"M396.8 352h22.4c6.4 0 12.8-6.4 12.8-12.8V108.8c0-6.4-6.4-12.8-12.8-12.8h-22.4c-6.4 0-12.8 6.4-12.8 12.8v230.4c0 6.4 6.4 12.8 12.8 12.8zm-192 0h22.4c6.4 0 12.8-6.4 12.8-12.8V140.8c0-6.4-6.4-12.8-12.8-12.8h-22.4c-6.4 0-12.8 6.4-12.8 12.8v198.4c0 6.4 6.4 12.8 12.8 12.8zm96 0h22.4c6.4 0 12.8-6.4 12.8-12.8V204.8c0-6.4-6.4-12.8-12.8-12.8h-22.4c-6.4 0-12.8 6.4-12.8 12.8v134.4c0 6.4 6.4 12.8 12.8 12.8zM496 400H48V80c0-8.84-7.16-16-16-16H16C7.16 64 0 71.16 0 80v336c0 17.67 14.33 32 32 32h464c8.84 0 16-7.16 16-16v-16c0-8.84-7.16-16-16-16zm-387.2-48h22.4c6.4 0 12.8-6.4 12.8-12.8v-70.4c0-6.4-6.4-12.8-12.8-12.8h-22.4c-6.4 0-12.8 6.4-12.8 12.8v70.4c0 6.4 6.4 12.8 12.8 12.8z\" class=\"\"><\/path><\/svg><\/i> <img loading=\"lazy\" decoding=\"async\" width=\"16\" height=\"16\" alt=\"Loading\" src=\"https:\/\/www.gsccanarias.com\/gsc\/wp-content\/plugins\/page-views-count\/ajax-loader-2x.gif\" border=0 \/><\/p>\n<div class=\"pvc_clear\"><\/div>\n","protected":false},"author":3,"featured_media":16875,"comment_status":"closed","ping_status":"open","sticky":false,"template":"","format":"standard","meta":{"footnotes":""},"categories":[35,36],"tags":[],"class_list":["post-16874","post","type-post","status-publish","format-standard","has-post-thumbnail","hentry","category-noticias","category-ultimas-noticias"],"a3_pvc":{"activated":true,"total_views":27,"today_views":0},"yoast_head":"<!-- This site is optimized with the Yoast SEO plugin v27.5 - https:\/\/yoast.com\/product\/yoast-seo-wordpress\/ -->\n<title>El Gobierno declara la prealerta por fen\u00f3menos costeros en La Gomera y Tenerife - GSC<\/title>\n<meta name=\"robots\" content=\"index, follow, max-snippet:-1, max-image-preview:large, max-video-preview:-1\" \/>\n<link rel=\"canonical\" href=\"https:\/\/www.gsccanarias.com\/gsc\/el-gobierno-declara-la-prealerta-por-fenomenos-costeros-en-la-gomera-y-tenerife\/\" \/>\n<meta property=\"og:locale\" content=\"es_ES\" \/>\n<meta property=\"og:type\" content=\"article\" \/>\n<meta property=\"og:title\" content=\"El Gobierno declara la prealerta por fen\u00f3menos costeros en La Gomera y Tenerife - GSC\" \/>\n<meta property=\"og:description\" content=\"El Gobierno de Canarias, a trav\u00e9s de la Direcci\u00f3n General de Emergencias, declara la situaci\u00f3n de prealerta por fen\u00f3menos costeros en La Gomera, Tenerife y el canal mar\u00edtimo entre ambas islas, a partir de las 09:00 horas de ma\u00f1ana martes, 29 de abril. Esta decisi\u00f3n...\" \/>\n<meta property=\"og:url\" content=\"https:\/\/www.gsccanarias.com\/gsc\/el-gobierno-declara-la-prealerta-por-fenomenos-costeros-en-la-gomera-y-tenerife\/\" \/>\n<meta property=\"og:site_name\" content=\"GSC\" \/>\n<meta property=\"article:published_time\" content=\"2025-04-28T18:42:56+00:00\" \/>\n<meta property=\"og:image\" content=\"https:\/\/www.gsccanarias.com\/gsc\/wp-content\/uploads\/2025\/04\/Prealerta-costeros.png\" \/>\n\t<meta property=\"og:image:width\" content=\"1080\" \/>\n\t<meta property=\"og:image:height\" content=\"1080\" \/>\n\t<meta property=\"og:image:type\" content=\"image\/png\" \/>\n<meta name=\"author\" content=\"Lourdes Jorge Su\u00e1rez\" \/>\n<meta name=\"twitter:card\" content=\"summary_large_image\" \/>\n<meta name=\"twitter:label1\" content=\"Escrito por\" \/>\n\t<meta name=\"twitter:data1\" content=\"Lourdes Jorge Su\u00e1rez\" \/>\n\t<meta name=\"twitter:label2\" content=\"Tiempo de lectura\" \/>\n\t<meta name=\"twitter:data2\" content=\"1 minuto\" \/>\n<script type=\"application\/ld+json\" class=\"yoast-schema-graph\">{\"@context\":\"https:\\\/\\\/schema.org\",\"@graph\":[{\"@type\":\"Article\",\"@id\":\"https:\\\/\\\/www.gsccanarias.com\\\/gsc\\\/el-gobierno-declara-la-prealerta-por-fenomenos-costeros-en-la-gomera-y-tenerife\\\/#article\",\"isPartOf\":{\"@id\":\"https:\\\/\\\/www.gsccanarias.com\\\/gsc\\\/el-gobierno-declara-la-prealerta-por-fenomenos-costeros-en-la-gomera-y-tenerife\\\/\"},\"author\":{\"name\":\"Lourdes Jorge Su\u00e1rez\",\"@id\":\"https:\\\/\\\/www.gsccanarias.com\\\/gsc\\\/#\\\/schema\\\/person\\\/d196d25a84bf50a72676fa5654a84565\"},\"headline\":\"El Gobierno declara la prealerta por fen\u00f3menos costeros en La Gomera y Tenerife\",\"datePublished\":\"2025-04-28T18:42:56+00:00\",\"mainEntityOfPage\":{\"@id\":\"https:\\\/\\\/www.gsccanarias.com\\\/gsc\\\/el-gobierno-declara-la-prealerta-por-fenomenos-costeros-en-la-gomera-y-tenerife\\\/\"},\"wordCount\":160,\"image\":{\"@id\":\"https:\\\/\\\/www.gsccanarias.com\\\/gsc\\\/el-gobierno-declara-la-prealerta-por-fenomenos-costeros-en-la-gomera-y-tenerife\\\/#primaryimage\"},\"thumbnailUrl\":\"https:\\\/\\\/www.gsccanarias.com\\\/gsc\\\/wp-content\\\/uploads\\\/2025\\\/04\\\/Prealerta-costeros.png\",\"articleSection\":[\"Noticias\",\"\u00daltimas noticias\"],\"inLanguage\":\"es\"},{\"@type\":\"WebPage\",\"@id\":\"https:\\\/\\\/www.gsccanarias.com\\\/gsc\\\/el-gobierno-declara-la-prealerta-por-fenomenos-costeros-en-la-gomera-y-tenerife\\\/\",\"url\":\"https:\\\/\\\/www.gsccanarias.com\\\/gsc\\\/el-gobierno-declara-la-prealerta-por-fenomenos-costeros-en-la-gomera-y-tenerife\\\/\",\"name\":\"El Gobierno declara la prealerta por fen\u00f3menos costeros en La Gomera y Tenerife - GSC\",\"isPartOf\":{\"@id\":\"https:\\\/\\\/www.gsccanarias.com\\\/gsc\\\/#website\"},\"primaryImageOfPage\":{\"@id\":\"https:\\\/\\\/www.gsccanarias.com\\\/gsc\\\/el-gobierno-declara-la-prealerta-por-fenomenos-costeros-en-la-gomera-y-tenerife\\\/#primaryimage\"},\"image\":{\"@id\":\"https:\\\/\\\/www.gsccanarias.com\\\/gsc\\\/el-gobierno-declara-la-prealerta-por-fenomenos-costeros-en-la-gomera-y-tenerife\\\/#primaryimage\"},\"thumbnailUrl\":\"https:\\\/\\\/www.gsccanarias.com\\\/gsc\\\/wp-content\\\/uploads\\\/2025\\\/04\\\/Prealerta-costeros.png\",\"datePublished\":\"2025-04-28T18:42:56+00:00\",\"author\":{\"@id\":\"https:\\\/\\\/www.gsccanarias.com\\\/gsc\\\/#\\\/schema\\\/person\\\/d196d25a84bf50a72676fa5654a84565\"},\"breadcrumb\":{\"@id\":\"https:\\\/\\\/www.gsccanarias.com\\\/gsc\\\/el-gobierno-declara-la-prealerta-por-fenomenos-costeros-en-la-gomera-y-tenerife\\\/#breadcrumb\"},\"inLanguage\":\"es\",\"potentialAction\":[{\"@type\":\"ReadAction\",\"target\":[\"https:\\\/\\\/www.gsccanarias.com\\\/gsc\\\/el-gobierno-declara-la-prealerta-por-fenomenos-costeros-en-la-gomera-y-tenerife\\\/\"]}]},{\"@type\":\"ImageObject\",\"inLanguage\":\"es\",\"@id\":\"https:\\\/\\\/www.gsccanarias.com\\\/gsc\\\/el-gobierno-declara-la-prealerta-por-fenomenos-costeros-en-la-gomera-y-tenerife\\\/#primaryimage\",\"url\":\"https:\\\/\\\/www.gsccanarias.com\\\/gsc\\\/wp-content\\\/uploads\\\/2025\\\/04\\\/Prealerta-costeros.png\",\"contentUrl\":\"https:\\\/\\\/www.gsccanarias.com\\\/gsc\\\/wp-content\\\/uploads\\\/2025\\\/04\\\/Prealerta-costeros.png\",\"width\":1080,\"height\":1080},{\"@type\":\"BreadcrumbList\",\"@id\":\"https:\\\/\\\/www.gsccanarias.com\\\/gsc\\\/el-gobierno-declara-la-prealerta-por-fenomenos-costeros-en-la-gomera-y-tenerife\\\/#breadcrumb\",\"itemListElement\":[{\"@type\":\"ListItem\",\"position\":1,\"name\":\"Portada\",\"item\":\"https:\\\/\\\/www.gsccanarias.com\\\/gsc\\\/\"},{\"@type\":\"ListItem\",\"position\":2,\"name\":\"El Gobierno declara la prealerta por fen\u00f3menos costeros en La Gomera y Tenerife\"}]},{\"@type\":\"WebSite\",\"@id\":\"https:\\\/\\\/www.gsccanarias.com\\\/gsc\\\/#website\",\"url\":\"https:\\\/\\\/www.gsccanarias.com\\\/gsc\\\/\",\"name\":\"GSC\",\"description\":\"Administramos servicios relacionados con la salud, las emergencias, la seguridad y el transporte sanitario\",\"potentialAction\":[{\"@type\":\"SearchAction\",\"target\":{\"@type\":\"EntryPoint\",\"urlTemplate\":\"https:\\\/\\\/www.gsccanarias.com\\\/gsc\\\/?s={search_term_string}\"},\"query-input\":{\"@type\":\"PropertyValueSpecification\",\"valueRequired\":true,\"valueName\":\"search_term_string\"}}],\"inLanguage\":\"es\"},{\"@type\":\"Person\",\"@id\":\"https:\\\/\\\/www.gsccanarias.com\\\/gsc\\\/#\\\/schema\\\/person\\\/d196d25a84bf50a72676fa5654a84565\",\"name\":\"Lourdes Jorge Su\u00e1rez\",\"image\":{\"@type\":\"ImageObject\",\"inLanguage\":\"es\",\"@id\":\"https:\\\/\\\/secure.gravatar.com\\\/avatar\\\/388ba06333518da1b1f4acfce7a2666b62e2debafdb8e5884485b36fae4347e3?s=96&d=mm&r=g\",\"url\":\"https:\\\/\\\/secure.gravatar.com\\\/avatar\\\/388ba06333518da1b1f4acfce7a2666b62e2debafdb8e5884485b36fae4347e3?s=96&d=mm&r=g\",\"contentUrl\":\"https:\\\/\\\/secure.gravatar.com\\\/avatar\\\/388ba06333518da1b1f4acfce7a2666b62e2debafdb8e5884485b36fae4347e3?s=96&d=mm&r=g\",\"caption\":\"Lourdes Jorge Su\u00e1rez\"},\"url\":\"https:\\\/\\\/www.gsccanarias.com\\\/gsc\\\/author\\\/lourdes\\\/\"}]}<\/script>\n<!-- \/ Yoast SEO plugin. -->","yoast_head_json":{"title":"El Gobierno declara la prealerta por fen\u00f3menos costeros en La Gomera y Tenerife - GSC","robots":{"index":"index","follow":"follow","max-snippet":"max-snippet:-1","max-image-preview":"max-image-preview:large","max-video-preview":"max-video-preview:-1"},"canonical":"https:\/\/www.gsccanarias.com\/gsc\/el-gobierno-declara-la-prealerta-por-fenomenos-costeros-en-la-gomera-y-tenerife\/","og_locale":"es_ES","og_type":"article","og_title":"El Gobierno declara la prealerta por fen\u00f3menos costeros en La Gomera y Tenerife - GSC","og_description":"El Gobierno de Canarias, a trav\u00e9s de la Direcci\u00f3n General de Emergencias, declara la situaci\u00f3n de prealerta por fen\u00f3menos costeros en La Gomera, Tenerife y el canal mar\u00edtimo entre ambas islas, a partir de las 09:00 horas de ma\u00f1ana martes, 29 de abril. Esta decisi\u00f3n...","og_url":"https:\/\/www.gsccanarias.com\/gsc\/el-gobierno-declara-la-prealerta-por-fenomenos-costeros-en-la-gomera-y-tenerife\/","og_site_name":"GSC","article_published_time":"2025-04-28T18:42:56+00:00","og_image":[{"width":1080,"height":1080,"url":"https:\/\/www.gsccanarias.com\/gsc\/wp-content\/uploads\/2025\/04\/Prealerta-costeros.png","type":"image\/png"}],"author":"Lourdes Jorge Su\u00e1rez","twitter_card":"summary_large_image","twitter_misc":{"Escrito por":"Lourdes Jorge Su\u00e1rez","Tiempo de lectura":"1 minuto"},"schema":{"@context":"https:\/\/schema.org","@graph":[{"@type":"Article","@id":"https:\/\/www.gsccanarias.com\/gsc\/el-gobierno-declara-la-prealerta-por-fenomenos-costeros-en-la-gomera-y-tenerife\/#article","isPartOf":{"@id":"https:\/\/www.gsccanarias.com\/gsc\/el-gobierno-declara-la-prealerta-por-fenomenos-costeros-en-la-gomera-y-tenerife\/"},"author":{"name":"Lourdes Jorge Su\u00e1rez","@id":"https:\/\/www.gsccanarias.com\/gsc\/#\/schema\/person\/d196d25a84bf50a72676fa5654a84565"},"headline":"El Gobierno declara la prealerta por fen\u00f3menos costeros en La Gomera y Tenerife","datePublished":"2025-04-28T18:42:56+00:00","mainEntityOfPage":{"@id":"https:\/\/www.gsccanarias.com\/gsc\/el-gobierno-declara-la-prealerta-por-fenomenos-costeros-en-la-gomera-y-tenerife\/"},"wordCount":160,"image":{"@id":"https:\/\/www.gsccanarias.com\/gsc\/el-gobierno-declara-la-prealerta-por-fenomenos-costeros-en-la-gomera-y-tenerife\/#primaryimage"},"thumbnailUrl":"https:\/\/www.gsccanarias.com\/gsc\/wp-content\/uploads\/2025\/04\/Prealerta-costeros.png","articleSection":["Noticias","\u00daltimas noticias"],"inLanguage":"es"},{"@type":"WebPage","@id":"https:\/\/www.gsccanarias.com\/gsc\/el-gobierno-declara-la-prealerta-por-fenomenos-costeros-en-la-gomera-y-tenerife\/","url":"https:\/\/www.gsccanarias.com\/gsc\/el-gobierno-declara-la-prealerta-por-fenomenos-costeros-en-la-gomera-y-tenerife\/","name":"El Gobierno declara la prealerta por fen\u00f3menos costeros en La Gomera y Tenerife - GSC","isPartOf":{"@id":"https:\/\/www.gsccanarias.com\/gsc\/#website"},"primaryImageOfPage":{"@id":"https:\/\/www.gsccanarias.com\/gsc\/el-gobierno-declara-la-prealerta-por-fenomenos-costeros-en-la-gomera-y-tenerife\/#primaryimage"},"image":{"@id":"https:\/\/www.gsccanarias.com\/gsc\/el-gobierno-declara-la-prealerta-por-fenomenos-costeros-en-la-gomera-y-tenerife\/#primaryimage"},"thumbnailUrl":"https:\/\/www.gsccanarias.com\/gsc\/wp-content\/uploads\/2025\/04\/Prealerta-costeros.png","datePublished":"2025-04-28T18:42:56+00:00","author":{"@id":"https:\/\/www.gsccanarias.com\/gsc\/#\/schema\/person\/d196d25a84bf50a72676fa5654a84565"},"breadcrumb":{"@id":"https:\/\/www.gsccanarias.com\/gsc\/el-gobierno-declara-la-prealerta-por-fenomenos-costeros-en-la-gomera-y-tenerife\/#breadcrumb"},"inLanguage":"es","potentialAction":[{"@type":"ReadAction","target":["https:\/\/www.gsccanarias.com\/gsc\/el-gobierno-declara-la-prealerta-por-fenomenos-costeros-en-la-gomera-y-tenerife\/"]}]},{"@type":"ImageObject","inLanguage":"es","@id":"https:\/\/www.gsccanarias.com\/gsc\/el-gobierno-declara-la-prealerta-por-fenomenos-costeros-en-la-gomera-y-tenerife\/#primaryimage","url":"https:\/\/www.gsccanarias.com\/gsc\/wp-content\/uploads\/2025\/04\/Prealerta-costeros.png","contentUrl":"https:\/\/www.gsccanarias.com\/gsc\/wp-content\/uploads\/2025\/04\/Prealerta-costeros.png","width":1080,"height":1080},{"@type":"BreadcrumbList","@id":"https:\/\/www.gsccanarias.com\/gsc\/el-gobierno-declara-la-prealerta-por-fenomenos-costeros-en-la-gomera-y-tenerife\/#breadcrumb","itemListElement":[{"@type":"ListItem","position":1,"name":"Portada","item":"https:\/\/www.gsccanarias.com\/gsc\/"},{"@type":"ListItem","position":2,"name":"El Gobierno declara la prealerta por fen\u00f3menos costeros en La Gomera y Tenerife"}]},{"@type":"WebSite","@id":"https:\/\/www.gsccanarias.com\/gsc\/#website","url":"https:\/\/www.gsccanarias.com\/gsc\/","name":"GSC","description":"Administramos servicios relacionados con la salud, las emergencias, la seguridad y el transporte sanitario","potentialAction":[{"@type":"SearchAction","target":{"@type":"EntryPoint","urlTemplate":"https:\/\/www.gsccanarias.com\/gsc\/?s={search_term_string}"},"query-input":{"@type":"PropertyValueSpecification","valueRequired":true,"valueName":"search_term_string"}}],"inLanguage":"es"},{"@type":"Person","@id":"https:\/\/www.gsccanarias.com\/gsc\/#\/schema\/person\/d196d25a84bf50a72676fa5654a84565","name":"Lourdes Jorge Su\u00e1rez","image":{"@type":"ImageObject","inLanguage":"es","@id":"https:\/\/secure.gravatar.com\/avatar\/388ba06333518da1b1f4acfce7a2666b62e2debafdb8e5884485b36fae4347e3?s=96&d=mm&r=g","url":"https:\/\/secure.gravatar.com\/avatar\/388ba06333518da1b1f4acfce7a2666b62e2debafdb8e5884485b36fae4347e3?s=96&d=mm&r=g","contentUrl":"https:\/\/secure.gravatar.com\/avatar\/388ba06333518da1b1f4acfce7a2666b62e2debafdb8e5884485b36fae4347e3?s=96&d=mm&r=g","caption":"Lourdes Jorge Su\u00e1rez"},"url":"https:\/\/www.gsccanarias.com\/gsc\/author\/lourdes\/"}]}},"publishpress_future_workflow_manual_trigger":{"enabledWorkflows":[]},"_links":{"self":[{"href":"https:\/\/www.gsccanarias.com\/gsc\/wp-json\/wp\/v2\/posts\/16874","targetHints":{"allow":["GET"]}}],"collection":[{"href":"https:\/\/www.gsccanarias.com\/gsc\/wp-json\/wp\/v2\/posts"}],"about":[{"href":"https:\/\/www.gsccanarias.com\/gsc\/wp-json\/wp\/v2\/types\/post"}],"author":[{"embeddable":true,"href":"https:\/\/www.gsccanarias.com\/gsc\/wp-json\/wp\/v2\/users\/3"}],"replies":[{"embeddable":true,"href":"https:\/\/www.gsccanarias.com\/gsc\/wp-json\/wp\/v2\/comments?post=16874"}],"version-history":[{"count":1,"href":"https:\/\/www.gsccanarias.com\/gsc\/wp-json\/wp\/v2\/posts\/16874\/revisions"}],"predecessor-version":[{"id":16876,"href":"https:\/\/www.gsccanarias.com\/gsc\/wp-json\/wp\/v2\/posts\/16874\/revisions\/16876"}],"wp:featuredmedia":[{"embeddable":true,"href":"https:\/\/www.gsccanarias.com\/gsc\/wp-json\/wp\/v2\/media\/16875"}],"wp:attachment":[{"href":"https:\/\/www.gsccanarias.com\/gsc\/wp-json\/wp\/v2\/media?parent=16874"}],"wp:term":[{"taxonomy":"category","embeddable":true,"href":"https:\/\/www.gsccanarias.com\/gsc\/wp-json\/wp\/v2\/categories?post=16874"},{"taxonomy":"post_tag","embeddable":true,"href":"https:\/\/www.gsccanarias.com\/gsc\/wp-json\/wp\/v2\/tags?post=16874"}],"curies":[{"name":"wp","href":"https:\/\/api.w.org\/{rel}","templated":true}]}}