{"id":16851,"date":"2025-04-23T13:18:02","date_gmt":"2025-04-23T13:18:02","guid":{"rendered":"https:\/\/www.gsccanarias.com\/gsc\/?p=16851"},"modified":"2025-04-23T13:18:02","modified_gmt":"2025-04-23T13:18:02","slug":"el-gobierno-de-canarias-y-cabildos-movilizaran-unos-2-000-efectivos-en-la-campana-contra-incendios-forestales","status":"publish","type":"post","link":"https:\/\/www.gsccanarias.com\/gsc\/el-gobierno-de-canarias-y-cabildos-movilizaran-unos-2-000-efectivos-en-la-campana-contra-incendios-forestales\/","title":{"rendered":"El Gobierno de Canarias y cabildos movilizar\u00e1n unos 2.000 efectivos en la campa\u00f1a contra incendios forestales"},"content":{"rendered":"<blockquote><p>El operativo se activar\u00e1 a partir del 1 de junio y contar\u00e1 con unos 200 veh\u00edculos y 18 medios a\u00e9reos<\/p>\n<p>La Direcci\u00f3n General de Emergencias coordinar\u00e1 ejercicios para entrenar el uso de las balsas contraincendios, las operaciones log\u00edsticas y las comunicaciones<\/p><\/blockquote>\n<p><strong>El Gobierno de Canarias, a trav\u00e9s de la Direcci\u00f3n General de Emergencias, celebr\u00f3 hoy la primera reuni\u00f3n de coordinaci\u00f3n para el inicio de la Campa\u00f1a contra incendios forestales 2025 que estar\u00e1 activa a partir del 1 junio, en el marco del Plan Especial de Protecci\u00f3n Civil y Atenci\u00f3n de Emergencias por Incendios Forestales de la Comunidad Aut\u00f3noma de Canarias (INFOCA).<\/strong><\/p>\n<p>En dicho encuentro estuvieron presentes el consejero de Pol\u00edtica Territorial, Cohesi\u00f3n Territorial y Aguas, Manuel Miranda; el viceconsejero de Emergencias y Aguas, Marcos Lorenzo; el director general de Emergencias, Fernando Figueredo; y la jefa de servicio de Protecci\u00f3n Civil y Emergencias, Montserrat Rom\u00e1n. Adem\u00e1s, por parte de la Consejer\u00eda de Transici\u00f3n Ecol\u00f3gica y Energ\u00eda asisti\u00f3 el jefe de servicio de Planificaci\u00f3n del Medio Natural, Julio Herrero, y representantes de los cabildos de islas con masa forestal.<\/p>\n<p>Durante la reuni\u00f3n se inform\u00f3 de las actualizaciones llevadas a cabo en los protocolos establecidos en el INFOCA, en caso de producirse un incendio forestal, as\u00ed como los medios y recursos con los que contar\u00e1n las islas durante esta campa\u00f1a, y que ascienden a unos 2.000 efectivos, 200 veh\u00edculos y 18 medios a\u00e9reos.<\/p>\n<p>Asimismo, se acord\u00f3 que desde el mes de mayo comiencen los ejercicios de entrenamiento relacionados con el despliegue de las balsas contraincendios, puestas a disposici\u00f3n del operativo desde el pasado a\u00f1o,\u00a0y pr\u00e1cticas del uso de las comunicaciones entre los recursos de las distintas administraciones.<\/p>\n<p>Adem\u00e1s, los representantes de la Direcci\u00f3n General de Emergencias pusieron especial \u00e9nfasis en desarrollar entrenamientos que permitan chequear los planes de actuaci\u00f3n log\u00edstica, con el fin de evitar duplicidades y coordinar a todas las administraciones implicadas.<\/p>\n<p>Tambi\u00e9n se puso en valor el incremento del n\u00famero de drones que en los \u00faltimos a\u00f1os han ido aportando las distintas administraciones al operativo contraincendios y el trabajo que se est\u00e1 realizando para una mejor planificaci\u00f3n y gesti\u00f3n de estos recursos, tanto en los dispositivos preventivos como en las situaciones de emergencia.<\/p>\n<div class=\"pvc_clear\"><\/div>\n<p id=\"pvc_stats_16851\" class=\"pvc_stats all  \" data-element-id=\"16851\" style=\"\"><i class=\"pvc-stats-icon medium\" aria-hidden=\"true\"><svg aria-hidden=\"true\" focusable=\"false\" data-prefix=\"far\" data-icon=\"chart-bar\" role=\"img\" xmlns=\"http:\/\/www.w3.org\/2000\/svg\" viewBox=\"0 0 512 512\" class=\"svg-inline--fa fa-chart-bar fa-w-16 fa-2x\"><path fill=\"currentColor\" d=\"M396.8 352h22.4c6.4 0 12.8-6.4 12.8-12.8V108.8c0-6.4-6.4-12.8-12.8-12.8h-22.4c-6.4 0-12.8 6.4-12.8 12.8v230.4c0 6.4 6.4 12.8 12.8 12.8zm-192 0h22.4c6.4 0 12.8-6.4 12.8-12.8V140.8c0-6.4-6.4-12.8-12.8-12.8h-22.4c-6.4 0-12.8 6.4-12.8 12.8v198.4c0 6.4 6.4 12.8 12.8 12.8zm96 0h22.4c6.4 0 12.8-6.4 12.8-12.8V204.8c0-6.4-6.4-12.8-12.8-12.8h-22.4c-6.4 0-12.8 6.4-12.8 12.8v134.4c0 6.4 6.4 12.8 12.8 12.8zM496 400H48V80c0-8.84-7.16-16-16-16H16C7.16 64 0 71.16 0 80v336c0 17.67 14.33 32 32 32h464c8.84 0 16-7.16 16-16v-16c0-8.84-7.16-16-16-16zm-387.2-48h22.4c6.4 0 12.8-6.4 12.8-12.8v-70.4c0-6.4-6.4-12.8-12.8-12.8h-22.4c-6.4 0-12.8 6.4-12.8 12.8v70.4c0 6.4 6.4 12.8 12.8 12.8z\" class=\"\"><\/path><\/svg><\/i> <\/p>\n<div class=\"pvc_clear\"><\/div>\n<div class=\"print\"><span class=\"page_title\">P\u00e1gina: <span>El Gobierno de Canarias y cabildos movilizar\u00e1n unos 2.000 efectivos en la campa\u00f1a contra incendios forestales<\/span><\/span>\n\t\t\t\t\t\t\t\t\t\t\t<span class=\"page_title\">Fecha de impresi\u00f3n: <span>01\/05\/2026 - 05:46:05 UTC<\/span><\/span>\n\t\t\t\t\t\t\t\t\t\t\t<span class=\"stmp_trans_date\">\u00daltima actualizaci\u00f3n: <span>23\/04\/2025 - 13:18:02<\/span><\/span>\n\t\t\t\t\t\t\t\t\t\t\t<span class=\"stmp_trans_date\">Fecha publicaci\u00f3n: <span>23\/04\/2025 - 13:18:02<\/span><\/span>\n\t\t\t\t\t\t\t\t\t\t\t<span class=\"stmp_trans_date\">Fecha creaci\u00f3n: <span>23\/04\/2025 - 13:18:02<\/span><\/span><\/div>\n\t","protected":false},"excerpt":{"rendered":"<p>El operativo se activar\u00e1 a partir del 1 de junio y contar\u00e1 con unos 200 veh\u00edculos y 18 medios a\u00e9reos La Direcci\u00f3n General de Emergencias coordinar\u00e1 ejercicios para entrenar el uso de las balsas contraincendios, las operaciones log\u00edsticas y las comunicaciones El Gobierno de Canarias,&#8230;<\/p>\n<div class=\"pvc_clear\"><\/div>\n<p id=\"pvc_stats_16851\" class=\"pvc_stats all  \" data-element-id=\"16851\" style=\"\"><i class=\"pvc-stats-icon medium\" aria-hidden=\"true\"><svg aria-hidden=\"true\" focusable=\"false\" data-prefix=\"far\" data-icon=\"chart-bar\" role=\"img\" xmlns=\"http:\/\/www.w3.org\/2000\/svg\" viewBox=\"0 0 512 512\" class=\"svg-inline--fa fa-chart-bar fa-w-16 fa-2x\"><path fill=\"currentColor\" d=\"M396.8 352h22.4c6.4 0 12.8-6.4 12.8-12.8V108.8c0-6.4-6.4-12.8-12.8-12.8h-22.4c-6.4 0-12.8 6.4-12.8 12.8v230.4c0 6.4 6.4 12.8 12.8 12.8zm-192 0h22.4c6.4 0 12.8-6.4 12.8-12.8V140.8c0-6.4-6.4-12.8-12.8-12.8h-22.4c-6.4 0-12.8 6.4-12.8 12.8v198.4c0 6.4 6.4 12.8 12.8 12.8zm96 0h22.4c6.4 0 12.8-6.4 12.8-12.8V204.8c0-6.4-6.4-12.8-12.8-12.8h-22.4c-6.4 0-12.8 6.4-12.8 12.8v134.4c0 6.4 6.4 12.8 12.8 12.8zM496 400H48V80c0-8.84-7.16-16-16-16H16C7.16 64 0 71.16 0 80v336c0 17.67 14.33 32 32 32h464c8.84 0 16-7.16 16-16v-16c0-8.84-7.16-16-16-16zm-387.2-48h22.4c6.4 0 12.8-6.4 12.8-12.8v-70.4c0-6.4-6.4-12.8-12.8-12.8h-22.4c-6.4 0-12.8 6.4-12.8 12.8v70.4c0 6.4 6.4 12.8 12.8 12.8z\" class=\"\"><\/path><\/svg><\/i> <img loading=\"lazy\" decoding=\"async\" width=\"16\" height=\"16\" alt=\"Loading\" src=\"https:\/\/www.gsccanarias.com\/gsc\/wp-content\/plugins\/page-views-count\/ajax-loader-2x.gif\" border=0 \/><\/p>\n<div class=\"pvc_clear\"><\/div>\n","protected":false},"author":5,"featured_media":16852,"comment_status":"closed","ping_status":"open","sticky":false,"template":"","format":"standard","meta":{"footnotes":""},"categories":[35,36],"tags":[],"class_list":["post-16851","post","type-post","status-publish","format-standard","has-post-thumbnail","hentry","category-noticias","category-ultimas-noticias"],"a3_pvc":{"activated":true,"total_views":55,"today_views":0},"yoast_head":"<!-- This site is optimized with the Yoast SEO plugin v27.5 - https:\/\/yoast.com\/product\/yoast-seo-wordpress\/ -->\n<title>El Gobierno de Canarias y cabildos movilizar\u00e1n unos 2.000 efectivos en la campa\u00f1a contra incendios forestales - GSC<\/title>\n<meta name=\"robots\" content=\"index, follow, max-snippet:-1, max-image-preview:large, max-video-preview:-1\" \/>\n<link rel=\"canonical\" href=\"https:\/\/www.gsccanarias.com\/gsc\/el-gobierno-de-canarias-y-cabildos-movilizaran-unos-2-000-efectivos-en-la-campana-contra-incendios-forestales\/\" \/>\n<meta property=\"og:locale\" content=\"es_ES\" \/>\n<meta property=\"og:type\" content=\"article\" \/>\n<meta property=\"og:title\" content=\"El Gobierno de Canarias y cabildos movilizar\u00e1n unos 2.000 efectivos en la campa\u00f1a contra incendios forestales - GSC\" \/>\n<meta property=\"og:description\" content=\"El operativo se activar\u00e1 a partir del 1 de junio y contar\u00e1 con unos 200 veh\u00edculos y 18 medios a\u00e9reos La Direcci\u00f3n General de Emergencias coordinar\u00e1 ejercicios para entrenar el uso de las balsas contraincendios, las operaciones log\u00edsticas y las comunicaciones El Gobierno de Canarias,...\" \/>\n<meta property=\"og:url\" content=\"https:\/\/www.gsccanarias.com\/gsc\/el-gobierno-de-canarias-y-cabildos-movilizaran-unos-2-000-efectivos-en-la-campana-contra-incendios-forestales\/\" \/>\n<meta property=\"og:site_name\" content=\"GSC\" \/>\n<meta property=\"article:published_time\" content=\"2025-04-23T13:18:02+00:00\" \/>\n<meta property=\"og:image\" content=\"https:\/\/www.gsccanarias.com\/gsc\/wp-content\/uploads\/2025\/04\/230425-Primera-reunion-INFOCA-scaled.jpeg\" \/>\n\t<meta property=\"og:image:width\" content=\"2560\" \/>\n\t<meta property=\"og:image:height\" content=\"1441\" \/>\n\t<meta property=\"og:image:type\" content=\"image\/jpeg\" \/>\n<meta name=\"author\" content=\"Candelaria Ceballos Quintero\" \/>\n<meta name=\"twitter:card\" content=\"summary_large_image\" \/>\n<meta name=\"twitter:label1\" content=\"Escrito por\" \/>\n\t<meta name=\"twitter:data1\" content=\"Candelaria Ceballos Quintero\" \/>\n\t<meta name=\"twitter:label2\" content=\"Tiempo de lectura\" \/>\n\t<meta name=\"twitter:data2\" content=\"2 minutos\" \/>\n<script type=\"application\/ld+json\" class=\"yoast-schema-graph\">{\"@context\":\"https:\\\/\\\/schema.org\",\"@graph\":[{\"@type\":\"Article\",\"@id\":\"https:\\\/\\\/www.gsccanarias.com\\\/gsc\\\/el-gobierno-de-canarias-y-cabildos-movilizaran-unos-2-000-efectivos-en-la-campana-contra-incendios-forestales\\\/#article\",\"isPartOf\":{\"@id\":\"https:\\\/\\\/www.gsccanarias.com\\\/gsc\\\/el-gobierno-de-canarias-y-cabildos-movilizaran-unos-2-000-efectivos-en-la-campana-contra-incendios-forestales\\\/\"},\"author\":{\"name\":\"Candelaria Ceballos Quintero\",\"@id\":\"https:\\\/\\\/www.gsccanarias.com\\\/gsc\\\/#\\\/schema\\\/person\\\/5b9901f4eee7cadbed4628c907cce21f\"},\"headline\":\"El Gobierno de Canarias y cabildos movilizar\u00e1n unos 2.000 efectivos en la campa\u00f1a contra incendios forestales\",\"datePublished\":\"2025-04-23T13:18:02+00:00\",\"mainEntityOfPage\":{\"@id\":\"https:\\\/\\\/www.gsccanarias.com\\\/gsc\\\/el-gobierno-de-canarias-y-cabildos-movilizaran-unos-2-000-efectivos-en-la-campana-contra-incendios-forestales\\\/\"},\"wordCount\":411,\"image\":{\"@id\":\"https:\\\/\\\/www.gsccanarias.com\\\/gsc\\\/el-gobierno-de-canarias-y-cabildos-movilizaran-unos-2-000-efectivos-en-la-campana-contra-incendios-forestales\\\/#primaryimage\"},\"thumbnailUrl\":\"https:\\\/\\\/www.gsccanarias.com\\\/gsc\\\/wp-content\\\/uploads\\\/2025\\\/04\\\/230425-Primera-reunion-INFOCA-scaled.jpeg\",\"articleSection\":[\"Noticias\",\"\u00daltimas noticias\"],\"inLanguage\":\"es\"},{\"@type\":\"WebPage\",\"@id\":\"https:\\\/\\\/www.gsccanarias.com\\\/gsc\\\/el-gobierno-de-canarias-y-cabildos-movilizaran-unos-2-000-efectivos-en-la-campana-contra-incendios-forestales\\\/\",\"url\":\"https:\\\/\\\/www.gsccanarias.com\\\/gsc\\\/el-gobierno-de-canarias-y-cabildos-movilizaran-unos-2-000-efectivos-en-la-campana-contra-incendios-forestales\\\/\",\"name\":\"El Gobierno de Canarias y cabildos movilizar\u00e1n unos 2.000 efectivos en la campa\u00f1a contra incendios forestales - GSC\",\"isPartOf\":{\"@id\":\"https:\\\/\\\/www.gsccanarias.com\\\/gsc\\\/#website\"},\"primaryImageOfPage\":{\"@id\":\"https:\\\/\\\/www.gsccanarias.com\\\/gsc\\\/el-gobierno-de-canarias-y-cabildos-movilizaran-unos-2-000-efectivos-en-la-campana-contra-incendios-forestales\\\/#primaryimage\"},\"image\":{\"@id\":\"https:\\\/\\\/www.gsccanarias.com\\\/gsc\\\/el-gobierno-de-canarias-y-cabildos-movilizaran-unos-2-000-efectivos-en-la-campana-contra-incendios-forestales\\\/#primaryimage\"},\"thumbnailUrl\":\"https:\\\/\\\/www.gsccanarias.com\\\/gsc\\\/wp-content\\\/uploads\\\/2025\\\/04\\\/230425-Primera-reunion-INFOCA-scaled.jpeg\",\"datePublished\":\"2025-04-23T13:18:02+00:00\",\"author\":{\"@id\":\"https:\\\/\\\/www.gsccanarias.com\\\/gsc\\\/#\\\/schema\\\/person\\\/5b9901f4eee7cadbed4628c907cce21f\"},\"breadcrumb\":{\"@id\":\"https:\\\/\\\/www.gsccanarias.com\\\/gsc\\\/el-gobierno-de-canarias-y-cabildos-movilizaran-unos-2-000-efectivos-en-la-campana-contra-incendios-forestales\\\/#breadcrumb\"},\"inLanguage\":\"es\",\"potentialAction\":[{\"@type\":\"ReadAction\",\"target\":[\"https:\\\/\\\/www.gsccanarias.com\\\/gsc\\\/el-gobierno-de-canarias-y-cabildos-movilizaran-unos-2-000-efectivos-en-la-campana-contra-incendios-forestales\\\/\"]}]},{\"@type\":\"ImageObject\",\"inLanguage\":\"es\",\"@id\":\"https:\\\/\\\/www.gsccanarias.com\\\/gsc\\\/el-gobierno-de-canarias-y-cabildos-movilizaran-unos-2-000-efectivos-en-la-campana-contra-incendios-forestales\\\/#primaryimage\",\"url\":\"https:\\\/\\\/www.gsccanarias.com\\\/gsc\\\/wp-content\\\/uploads\\\/2025\\\/04\\\/230425-Primera-reunion-INFOCA-scaled.jpeg\",\"contentUrl\":\"https:\\\/\\\/www.gsccanarias.com\\\/gsc\\\/wp-content\\\/uploads\\\/2025\\\/04\\\/230425-Primera-reunion-INFOCA-scaled.jpeg\",\"width\":2560,\"height\":1441},{\"@type\":\"BreadcrumbList\",\"@id\":\"https:\\\/\\\/www.gsccanarias.com\\\/gsc\\\/el-gobierno-de-canarias-y-cabildos-movilizaran-unos-2-000-efectivos-en-la-campana-contra-incendios-forestales\\\/#breadcrumb\",\"itemListElement\":[{\"@type\":\"ListItem\",\"position\":1,\"name\":\"Portada\",\"item\":\"https:\\\/\\\/www.gsccanarias.com\\\/gsc\\\/\"},{\"@type\":\"ListItem\",\"position\":2,\"name\":\"El Gobierno de Canarias y cabildos movilizar\u00e1n unos 2.000 efectivos en la campa\u00f1a contra incendios forestales\"}]},{\"@type\":\"WebSite\",\"@id\":\"https:\\\/\\\/www.gsccanarias.com\\\/gsc\\\/#website\",\"url\":\"https:\\\/\\\/www.gsccanarias.com\\\/gsc\\\/\",\"name\":\"GSC\",\"description\":\"Administramos servicios relacionados con la salud, las emergencias, la seguridad y el transporte sanitario\",\"potentialAction\":[{\"@type\":\"SearchAction\",\"target\":{\"@type\":\"EntryPoint\",\"urlTemplate\":\"https:\\\/\\\/www.gsccanarias.com\\\/gsc\\\/?s={search_term_string}\"},\"query-input\":{\"@type\":\"PropertyValueSpecification\",\"valueRequired\":true,\"valueName\":\"search_term_string\"}}],\"inLanguage\":\"es\"},{\"@type\":\"Person\",\"@id\":\"https:\\\/\\\/www.gsccanarias.com\\\/gsc\\\/#\\\/schema\\\/person\\\/5b9901f4eee7cadbed4628c907cce21f\",\"name\":\"Candelaria Ceballos Quintero\",\"image\":{\"@type\":\"ImageObject\",\"inLanguage\":\"es\",\"@id\":\"https:\\\/\\\/secure.gravatar.com\\\/avatar\\\/4f9946c8a8e26afcca94f05df1786a5365e8e246fff67757b9108a432cd46e0d?s=96&d=mm&r=g\",\"url\":\"https:\\\/\\\/secure.gravatar.com\\\/avatar\\\/4f9946c8a8e26afcca94f05df1786a5365e8e246fff67757b9108a432cd46e0d?s=96&d=mm&r=g\",\"contentUrl\":\"https:\\\/\\\/secure.gravatar.com\\\/avatar\\\/4f9946c8a8e26afcca94f05df1786a5365e8e246fff67757b9108a432cd46e0d?s=96&d=mm&r=g\",\"caption\":\"Candelaria Ceballos Quintero\"},\"url\":\"https:\\\/\\\/www.gsccanarias.com\\\/gsc\\\/author\\\/candelaria\\\/\"}]}<\/script>\n<!-- \/ Yoast SEO plugin. -->","yoast_head_json":{"title":"El Gobierno de Canarias y cabildos movilizar\u00e1n unos 2.000 efectivos en la campa\u00f1a contra incendios forestales - GSC","robots":{"index":"index","follow":"follow","max-snippet":"max-snippet:-1","max-image-preview":"max-image-preview:large","max-video-preview":"max-video-preview:-1"},"canonical":"https:\/\/www.gsccanarias.com\/gsc\/el-gobierno-de-canarias-y-cabildos-movilizaran-unos-2-000-efectivos-en-la-campana-contra-incendios-forestales\/","og_locale":"es_ES","og_type":"article","og_title":"El Gobierno de Canarias y cabildos movilizar\u00e1n unos 2.000 efectivos en la campa\u00f1a contra incendios forestales - GSC","og_description":"El operativo se activar\u00e1 a partir del 1 de junio y contar\u00e1 con unos 200 veh\u00edculos y 18 medios a\u00e9reos La Direcci\u00f3n General de Emergencias coordinar\u00e1 ejercicios para entrenar el uso de las balsas contraincendios, las operaciones log\u00edsticas y las comunicaciones El Gobierno de Canarias,...","og_url":"https:\/\/www.gsccanarias.com\/gsc\/el-gobierno-de-canarias-y-cabildos-movilizaran-unos-2-000-efectivos-en-la-campana-contra-incendios-forestales\/","og_site_name":"GSC","article_published_time":"2025-04-23T13:18:02+00:00","og_image":[{"width":2560,"height":1441,"url":"https:\/\/www.gsccanarias.com\/gsc\/wp-content\/uploads\/2025\/04\/230425-Primera-reunion-INFOCA-scaled.jpeg","type":"image\/jpeg"}],"author":"Candelaria Ceballos Quintero","twitter_card":"summary_large_image","twitter_misc":{"Escrito por":"Candelaria Ceballos Quintero","Tiempo de lectura":"2 minutos"},"schema":{"@context":"https:\/\/schema.org","@graph":[{"@type":"Article","@id":"https:\/\/www.gsccanarias.com\/gsc\/el-gobierno-de-canarias-y-cabildos-movilizaran-unos-2-000-efectivos-en-la-campana-contra-incendios-forestales\/#article","isPartOf":{"@id":"https:\/\/www.gsccanarias.com\/gsc\/el-gobierno-de-canarias-y-cabildos-movilizaran-unos-2-000-efectivos-en-la-campana-contra-incendios-forestales\/"},"author":{"name":"Candelaria Ceballos Quintero","@id":"https:\/\/www.gsccanarias.com\/gsc\/#\/schema\/person\/5b9901f4eee7cadbed4628c907cce21f"},"headline":"El Gobierno de Canarias y cabildos movilizar\u00e1n unos 2.000 efectivos en la campa\u00f1a contra incendios forestales","datePublished":"2025-04-23T13:18:02+00:00","mainEntityOfPage":{"@id":"https:\/\/www.gsccanarias.com\/gsc\/el-gobierno-de-canarias-y-cabildos-movilizaran-unos-2-000-efectivos-en-la-campana-contra-incendios-forestales\/"},"wordCount":411,"image":{"@id":"https:\/\/www.gsccanarias.com\/gsc\/el-gobierno-de-canarias-y-cabildos-movilizaran-unos-2-000-efectivos-en-la-campana-contra-incendios-forestales\/#primaryimage"},"thumbnailUrl":"https:\/\/www.gsccanarias.com\/gsc\/wp-content\/uploads\/2025\/04\/230425-Primera-reunion-INFOCA-scaled.jpeg","articleSection":["Noticias","\u00daltimas noticias"],"inLanguage":"es"},{"@type":"WebPage","@id":"https:\/\/www.gsccanarias.com\/gsc\/el-gobierno-de-canarias-y-cabildos-movilizaran-unos-2-000-efectivos-en-la-campana-contra-incendios-forestales\/","url":"https:\/\/www.gsccanarias.com\/gsc\/el-gobierno-de-canarias-y-cabildos-movilizaran-unos-2-000-efectivos-en-la-campana-contra-incendios-forestales\/","name":"El Gobierno de Canarias y cabildos movilizar\u00e1n unos 2.000 efectivos en la campa\u00f1a contra incendios forestales - GSC","isPartOf":{"@id":"https:\/\/www.gsccanarias.com\/gsc\/#website"},"primaryImageOfPage":{"@id":"https:\/\/www.gsccanarias.com\/gsc\/el-gobierno-de-canarias-y-cabildos-movilizaran-unos-2-000-efectivos-en-la-campana-contra-incendios-forestales\/#primaryimage"},"image":{"@id":"https:\/\/www.gsccanarias.com\/gsc\/el-gobierno-de-canarias-y-cabildos-movilizaran-unos-2-000-efectivos-en-la-campana-contra-incendios-forestales\/#primaryimage"},"thumbnailUrl":"https:\/\/www.gsccanarias.com\/gsc\/wp-content\/uploads\/2025\/04\/230425-Primera-reunion-INFOCA-scaled.jpeg","datePublished":"2025-04-23T13:18:02+00:00","author":{"@id":"https:\/\/www.gsccanarias.com\/gsc\/#\/schema\/person\/5b9901f4eee7cadbed4628c907cce21f"},"breadcrumb":{"@id":"https:\/\/www.gsccanarias.com\/gsc\/el-gobierno-de-canarias-y-cabildos-movilizaran-unos-2-000-efectivos-en-la-campana-contra-incendios-forestales\/#breadcrumb"},"inLanguage":"es","potentialAction":[{"@type":"ReadAction","target":["https:\/\/www.gsccanarias.com\/gsc\/el-gobierno-de-canarias-y-cabildos-movilizaran-unos-2-000-efectivos-en-la-campana-contra-incendios-forestales\/"]}]},{"@type":"ImageObject","inLanguage":"es","@id":"https:\/\/www.gsccanarias.com\/gsc\/el-gobierno-de-canarias-y-cabildos-movilizaran-unos-2-000-efectivos-en-la-campana-contra-incendios-forestales\/#primaryimage","url":"https:\/\/www.gsccanarias.com\/gsc\/wp-content\/uploads\/2025\/04\/230425-Primera-reunion-INFOCA-scaled.jpeg","contentUrl":"https:\/\/www.gsccanarias.com\/gsc\/wp-content\/uploads\/2025\/04\/230425-Primera-reunion-INFOCA-scaled.jpeg","width":2560,"height":1441},{"@type":"BreadcrumbList","@id":"https:\/\/www.gsccanarias.com\/gsc\/el-gobierno-de-canarias-y-cabildos-movilizaran-unos-2-000-efectivos-en-la-campana-contra-incendios-forestales\/#breadcrumb","itemListElement":[{"@type":"ListItem","position":1,"name":"Portada","item":"https:\/\/www.gsccanarias.com\/gsc\/"},{"@type":"ListItem","position":2,"name":"El Gobierno de Canarias y cabildos movilizar\u00e1n unos 2.000 efectivos en la campa\u00f1a contra incendios forestales"}]},{"@type":"WebSite","@id":"https:\/\/www.gsccanarias.com\/gsc\/#website","url":"https:\/\/www.gsccanarias.com\/gsc\/","name":"GSC","description":"Administramos servicios relacionados con la salud, las emergencias, la seguridad y el transporte sanitario","potentialAction":[{"@type":"SearchAction","target":{"@type":"EntryPoint","urlTemplate":"https:\/\/www.gsccanarias.com\/gsc\/?s={search_term_string}"},"query-input":{"@type":"PropertyValueSpecification","valueRequired":true,"valueName":"search_term_string"}}],"inLanguage":"es"},{"@type":"Person","@id":"https:\/\/www.gsccanarias.com\/gsc\/#\/schema\/person\/5b9901f4eee7cadbed4628c907cce21f","name":"Candelaria Ceballos Quintero","image":{"@type":"ImageObject","inLanguage":"es","@id":"https:\/\/secure.gravatar.com\/avatar\/4f9946c8a8e26afcca94f05df1786a5365e8e246fff67757b9108a432cd46e0d?s=96&d=mm&r=g","url":"https:\/\/secure.gravatar.com\/avatar\/4f9946c8a8e26afcca94f05df1786a5365e8e246fff67757b9108a432cd46e0d?s=96&d=mm&r=g","contentUrl":"https:\/\/secure.gravatar.com\/avatar\/4f9946c8a8e26afcca94f05df1786a5365e8e246fff67757b9108a432cd46e0d?s=96&d=mm&r=g","caption":"Candelaria Ceballos Quintero"},"url":"https:\/\/www.gsccanarias.com\/gsc\/author\/candelaria\/"}]}},"publishpress_future_workflow_manual_trigger":{"enabledWorkflows":[]},"_links":{"self":[{"href":"https:\/\/www.gsccanarias.com\/gsc\/wp-json\/wp\/v2\/posts\/16851","targetHints":{"allow":["GET"]}}],"collection":[{"href":"https:\/\/www.gsccanarias.com\/gsc\/wp-json\/wp\/v2\/posts"}],"about":[{"href":"https:\/\/www.gsccanarias.com\/gsc\/wp-json\/wp\/v2\/types\/post"}],"author":[{"embeddable":true,"href":"https:\/\/www.gsccanarias.com\/gsc\/wp-json\/wp\/v2\/users\/5"}],"replies":[{"embeddable":true,"href":"https:\/\/www.gsccanarias.com\/gsc\/wp-json\/wp\/v2\/comments?post=16851"}],"version-history":[{"count":1,"href":"https:\/\/www.gsccanarias.com\/gsc\/wp-json\/wp\/v2\/posts\/16851\/revisions"}],"predecessor-version":[{"id":16853,"href":"https:\/\/www.gsccanarias.com\/gsc\/wp-json\/wp\/v2\/posts\/16851\/revisions\/16853"}],"wp:featuredmedia":[{"embeddable":true,"href":"https:\/\/www.gsccanarias.com\/gsc\/wp-json\/wp\/v2\/media\/16852"}],"wp:attachment":[{"href":"https:\/\/www.gsccanarias.com\/gsc\/wp-json\/wp\/v2\/media?parent=16851"}],"wp:term":[{"taxonomy":"category","embeddable":true,"href":"https:\/\/www.gsccanarias.com\/gsc\/wp-json\/wp\/v2\/categories?post=16851"},{"taxonomy":"post_tag","embeddable":true,"href":"https:\/\/www.gsccanarias.com\/gsc\/wp-json\/wp\/v2\/tags?post=16851"}],"curies":[{"name":"wp","href":"https:\/\/api.w.org\/{rel}","templated":true}]}}