{"id":16393,"date":"2025-03-13T10:44:09","date_gmt":"2025-03-13T10:44:09","guid":{"rendered":"https:\/\/www.gsccanarias.com\/gsc\/?p=16393"},"modified":"2025-03-13T10:44:09","modified_gmt":"2025-03-13T10:44:09","slug":"el-gobierno-amplia-la-alerta-por-riesgo-de-contaminacion-marina-a-cinco-municipios-de-gran-canaria","status":"publish","type":"post","link":"https:\/\/www.gsccanarias.com\/gsc\/el-gobierno-amplia-la-alerta-por-riesgo-de-contaminacion-marina-a-cinco-municipios-de-gran-canaria\/","title":{"rendered":"El Gobierno ampl\u00eda la alerta por riesgo de contaminaci\u00f3n marina a cinco municipios de Gran Canaria"},"content":{"rendered":"<p>La Direcci\u00f3n General de Emergencias, con base en la situaci\u00f3n acaecida, y en aplicaci\u00f3n del Plan Territorial de Emergencia de Protecci\u00f3n Civil de la Comunidad Aut\u00f3noma de Canarias PLATECA (Decreto 98\/2015, de 22 de mayo), ACTUALIZA la situaci\u00f3n, permaneciendo en ALERTA, ante el alto riesgo de contaminaci\u00f3n marina en Gran Canaria a partir de las 09:45 horas de hoy, jueves, 13 de marzo.<!--more--><\/p>\n<p><strong>\u00c1mbito territorial:\u00a0<\/strong><br \/>\nMunicipios de Telde, Ingenio, Ag\u00fcimes, Santa Luc\u00eda de Tirajana y San Bartolom\u00e9 de Tirajana; isla de Gran Canaria.<\/p>\n<p><strong>Observaciones:\u00a0\u00a0<\/strong><br \/>\nSalvamento Mar\u00edtimo confirma al CECOES 1 1 2 que el Helimer ha confirmado una mancha de un di\u00e1metro de 100-150 metros de ancho y una milla de longitud, situada al sur de la zona del incidente. La cantidad de combustible del pesquero se estima en 2000 litros de gasoil y 50 litros de aceite. La distancia de la mancha a la costa es de 4 millas (7,4 kil\u00f3metros aproximadamente), al este del Puerto de Arinaga. Seg\u00fan informaci\u00f3n de la AEMET, el viento previsto en superficie en la zona es del norte- noroeste durante toda la jornada con intensidades moderadas (entre 20 y 30 kil\u00f3metros por hora). Durante las horas diurnas es probable que la intensidad del viento disminuya a flojo y su direcci\u00f3n sea variable. El mar de fondo es del noroeste con alturas entre 1 y 2 metros durante toda la jornada. Por parte de la Administraci\u00f3n General del Estado, se mantiene activado el Plan Mar\u00edtimo Nacional en Fase de Emergencia Situaci\u00f3n 1.<\/p>\n<p><a href=\"https:\/\/www3.gobiernodecanarias.org\/noticias\/wp-content\/uploads\/2025\/03\/25-03-13-Actualizacion_2-1-2025-PLATECA-Alerta-contaminacion-marina.pdf\">25-03-13 Actualizacion_2 1 2025 PLATECA Alerta contaminacion marina<\/a><\/p>\n<div class=\"pvc_clear\"><\/div>\n<p id=\"pvc_stats_16393\" class=\"pvc_stats all  \" data-element-id=\"16393\" style=\"\"><i class=\"pvc-stats-icon medium\" aria-hidden=\"true\"><svg aria-hidden=\"true\" focusable=\"false\" data-prefix=\"far\" data-icon=\"chart-bar\" role=\"img\" xmlns=\"http:\/\/www.w3.org\/2000\/svg\" viewBox=\"0 0 512 512\" class=\"svg-inline--fa fa-chart-bar fa-w-16 fa-2x\"><path fill=\"currentColor\" d=\"M396.8 352h22.4c6.4 0 12.8-6.4 12.8-12.8V108.8c0-6.4-6.4-12.8-12.8-12.8h-22.4c-6.4 0-12.8 6.4-12.8 12.8v230.4c0 6.4 6.4 12.8 12.8 12.8zm-192 0h22.4c6.4 0 12.8-6.4 12.8-12.8V140.8c0-6.4-6.4-12.8-12.8-12.8h-22.4c-6.4 0-12.8 6.4-12.8 12.8v198.4c0 6.4 6.4 12.8 12.8 12.8zm96 0h22.4c6.4 0 12.8-6.4 12.8-12.8V204.8c0-6.4-6.4-12.8-12.8-12.8h-22.4c-6.4 0-12.8 6.4-12.8 12.8v134.4c0 6.4 6.4 12.8 12.8 12.8zM496 400H48V80c0-8.84-7.16-16-16-16H16C7.16 64 0 71.16 0 80v336c0 17.67 14.33 32 32 32h464c8.84 0 16-7.16 16-16v-16c0-8.84-7.16-16-16-16zm-387.2-48h22.4c6.4 0 12.8-6.4 12.8-12.8v-70.4c0-6.4-6.4-12.8-12.8-12.8h-22.4c-6.4 0-12.8 6.4-12.8 12.8v70.4c0 6.4 6.4 12.8 12.8 12.8z\" class=\"\"><\/path><\/svg><\/i> <\/p>\n<div class=\"pvc_clear\"><\/div>\n<div class=\"print\"><span class=\"page_title\">P\u00e1gina: <span>El Gobierno ampl\u00eda la alerta por riesgo de contaminaci\u00f3n marina a cinco municipios de Gran Canaria<\/span><\/span>\n\t\t\t\t\t\t\t\t\t\t\t<span class=\"page_title\">Fecha de impresi\u00f3n: <span>02\/05\/2026 - 07:55:53 UTC<\/span><\/span>\n\t\t\t\t\t\t\t\t\t\t\t<span class=\"stmp_trans_date\">\u00daltima actualizaci\u00f3n: <span>13\/03\/2025 - 10:44:09<\/span><\/span>\n\t\t\t\t\t\t\t\t\t\t\t<span class=\"stmp_trans_date\">Fecha publicaci\u00f3n: <span>13\/03\/2025 - 10:44:09<\/span><\/span>\n\t\t\t\t\t\t\t\t\t\t\t<span class=\"stmp_trans_date\">Fecha creaci\u00f3n: <span>13\/03\/2025 - 10:44:09<\/span><\/span><\/div>\n\t","protected":false},"excerpt":{"rendered":"<p>La Direcci\u00f3n General de Emergencias, con base en la situaci\u00f3n acaecida, y en aplicaci\u00f3n del Plan Territorial de Emergencia de Protecci\u00f3n Civil de la Comunidad Aut\u00f3noma de Canarias PLATECA (Decreto 98\/2015, de 22 de mayo), ACTUALIZA la situaci\u00f3n, permaneciendo en ALERTA, ante el alto riesgo&#8230;<\/p>\n<div class=\"pvc_clear\"><\/div>\n<p id=\"pvc_stats_16393\" class=\"pvc_stats all  \" data-element-id=\"16393\" style=\"\"><i class=\"pvc-stats-icon medium\" aria-hidden=\"true\"><svg aria-hidden=\"true\" focusable=\"false\" data-prefix=\"far\" data-icon=\"chart-bar\" role=\"img\" xmlns=\"http:\/\/www.w3.org\/2000\/svg\" viewBox=\"0 0 512 512\" class=\"svg-inline--fa fa-chart-bar fa-w-16 fa-2x\"><path fill=\"currentColor\" d=\"M396.8 352h22.4c6.4 0 12.8-6.4 12.8-12.8V108.8c0-6.4-6.4-12.8-12.8-12.8h-22.4c-6.4 0-12.8 6.4-12.8 12.8v230.4c0 6.4 6.4 12.8 12.8 12.8zm-192 0h22.4c6.4 0 12.8-6.4 12.8-12.8V140.8c0-6.4-6.4-12.8-12.8-12.8h-22.4c-6.4 0-12.8 6.4-12.8 12.8v198.4c0 6.4 6.4 12.8 12.8 12.8zm96 0h22.4c6.4 0 12.8-6.4 12.8-12.8V204.8c0-6.4-6.4-12.8-12.8-12.8h-22.4c-6.4 0-12.8 6.4-12.8 12.8v134.4c0 6.4 6.4 12.8 12.8 12.8zM496 400H48V80c0-8.84-7.16-16-16-16H16C7.16 64 0 71.16 0 80v336c0 17.67 14.33 32 32 32h464c8.84 0 16-7.16 16-16v-16c0-8.84-7.16-16-16-16zm-387.2-48h22.4c6.4 0 12.8-6.4 12.8-12.8v-70.4c0-6.4-6.4-12.8-12.8-12.8h-22.4c-6.4 0-12.8 6.4-12.8 12.8v70.4c0 6.4 6.4 12.8 12.8 12.8z\" class=\"\"><\/path><\/svg><\/i> <img loading=\"lazy\" decoding=\"async\" width=\"16\" height=\"16\" alt=\"Loading\" src=\"https:\/\/www.gsccanarias.com\/gsc\/wp-content\/plugins\/page-views-count\/ajax-loader-2x.gif\" border=0 \/><\/p>\n<div class=\"pvc_clear\"><\/div>\n","protected":false},"author":20,"featured_media":16394,"comment_status":"closed","ping_status":"open","sticky":false,"template":"","format":"standard","meta":{"footnotes":""},"categories":[35,36],"tags":[],"class_list":["post-16393","post","type-post","status-publish","format-standard","has-post-thumbnail","hentry","category-noticias","category-ultimas-noticias"],"a3_pvc":{"activated":true,"total_views":55,"today_views":1},"yoast_head":"<!-- This site is optimized with the Yoast SEO plugin v27.5 - https:\/\/yoast.com\/product\/yoast-seo-wordpress\/ -->\n<title>El Gobierno ampl\u00eda la alerta por riesgo de contaminaci\u00f3n marina a cinco municipios de Gran Canaria - GSC<\/title>\n<meta name=\"robots\" content=\"index, follow, max-snippet:-1, max-image-preview:large, max-video-preview:-1\" \/>\n<link rel=\"canonical\" href=\"https:\/\/www.gsccanarias.com\/gsc\/el-gobierno-amplia-la-alerta-por-riesgo-de-contaminacion-marina-a-cinco-municipios-de-gran-canaria\/\" \/>\n<meta property=\"og:locale\" content=\"es_ES\" \/>\n<meta property=\"og:type\" content=\"article\" \/>\n<meta property=\"og:title\" content=\"El Gobierno ampl\u00eda la alerta por riesgo de contaminaci\u00f3n marina a cinco municipios de Gran Canaria - GSC\" \/>\n<meta property=\"og:description\" content=\"La Direcci\u00f3n General de Emergencias, con base en la situaci\u00f3n acaecida, y en aplicaci\u00f3n del Plan Territorial de Emergencia de Protecci\u00f3n Civil de la Comunidad Aut\u00f3noma de Canarias PLATECA (Decreto 98\/2015, de 22 de mayo), ACTUALIZA la situaci\u00f3n, permaneciendo en ALERTA, ante el alto riesgo...\" \/>\n<meta property=\"og:url\" content=\"https:\/\/www.gsccanarias.com\/gsc\/el-gobierno-amplia-la-alerta-por-riesgo-de-contaminacion-marina-a-cinco-municipios-de-gran-canaria\/\" \/>\n<meta property=\"og:site_name\" content=\"GSC\" \/>\n<meta property=\"article:published_time\" content=\"2025-03-13T10:44:09+00:00\" \/>\n<meta property=\"og:image\" content=\"https:\/\/www.gsccanarias.com\/gsc\/wp-content\/uploads\/2025\/03\/Cartelas-activacion-Planes-1.png\" \/>\n\t<meta property=\"og:image:width\" content=\"1080\" \/>\n\t<meta property=\"og:image:height\" content=\"1080\" \/>\n\t<meta property=\"og:image:type\" content=\"image\/png\" \/>\n<meta name=\"author\" content=\"Carlos Santana Beltr\u00e1n\" \/>\n<meta name=\"twitter:card\" content=\"summary_large_image\" \/>\n<meta name=\"twitter:label1\" content=\"Escrito por\" \/>\n\t<meta name=\"twitter:data1\" content=\"Carlos Santana Beltr\u00e1n\" \/>\n\t<meta name=\"twitter:label2\" content=\"Tiempo de lectura\" \/>\n\t<meta name=\"twitter:data2\" content=\"1 minuto\" \/>\n<script type=\"application\/ld+json\" class=\"yoast-schema-graph\">{\"@context\":\"https:\\\/\\\/schema.org\",\"@graph\":[{\"@type\":\"Article\",\"@id\":\"https:\\\/\\\/www.gsccanarias.com\\\/gsc\\\/el-gobierno-amplia-la-alerta-por-riesgo-de-contaminacion-marina-a-cinco-municipios-de-gran-canaria\\\/#article\",\"isPartOf\":{\"@id\":\"https:\\\/\\\/www.gsccanarias.com\\\/gsc\\\/el-gobierno-amplia-la-alerta-por-riesgo-de-contaminacion-marina-a-cinco-municipios-de-gran-canaria\\\/\"},\"author\":{\"name\":\"Carlos Santana Beltr\u00e1n\",\"@id\":\"https:\\\/\\\/www.gsccanarias.com\\\/gsc\\\/#\\\/schema\\\/person\\\/b2f81279c36a5cfced2ad46fbab5b5fc\"},\"headline\":\"El Gobierno ampl\u00eda la alerta por riesgo de contaminaci\u00f3n marina a cinco municipios de Gran Canaria\",\"datePublished\":\"2025-03-13T10:44:09+00:00\",\"mainEntityOfPage\":{\"@id\":\"https:\\\/\\\/www.gsccanarias.com\\\/gsc\\\/el-gobierno-amplia-la-alerta-por-riesgo-de-contaminacion-marina-a-cinco-municipios-de-gran-canaria\\\/\"},\"wordCount\":276,\"image\":{\"@id\":\"https:\\\/\\\/www.gsccanarias.com\\\/gsc\\\/el-gobierno-amplia-la-alerta-por-riesgo-de-contaminacion-marina-a-cinco-municipios-de-gran-canaria\\\/#primaryimage\"},\"thumbnailUrl\":\"https:\\\/\\\/www.gsccanarias.com\\\/gsc\\\/wp-content\\\/uploads\\\/2025\\\/03\\\/Cartelas-activacion-Planes-1.png\",\"articleSection\":[\"Noticias\",\"\u00daltimas noticias\"],\"inLanguage\":\"es\"},{\"@type\":\"WebPage\",\"@id\":\"https:\\\/\\\/www.gsccanarias.com\\\/gsc\\\/el-gobierno-amplia-la-alerta-por-riesgo-de-contaminacion-marina-a-cinco-municipios-de-gran-canaria\\\/\",\"url\":\"https:\\\/\\\/www.gsccanarias.com\\\/gsc\\\/el-gobierno-amplia-la-alerta-por-riesgo-de-contaminacion-marina-a-cinco-municipios-de-gran-canaria\\\/\",\"name\":\"El Gobierno ampl\u00eda la alerta por riesgo de contaminaci\u00f3n marina a cinco municipios de Gran Canaria - GSC\",\"isPartOf\":{\"@id\":\"https:\\\/\\\/www.gsccanarias.com\\\/gsc\\\/#website\"},\"primaryImageOfPage\":{\"@id\":\"https:\\\/\\\/www.gsccanarias.com\\\/gsc\\\/el-gobierno-amplia-la-alerta-por-riesgo-de-contaminacion-marina-a-cinco-municipios-de-gran-canaria\\\/#primaryimage\"},\"image\":{\"@id\":\"https:\\\/\\\/www.gsccanarias.com\\\/gsc\\\/el-gobierno-amplia-la-alerta-por-riesgo-de-contaminacion-marina-a-cinco-municipios-de-gran-canaria\\\/#primaryimage\"},\"thumbnailUrl\":\"https:\\\/\\\/www.gsccanarias.com\\\/gsc\\\/wp-content\\\/uploads\\\/2025\\\/03\\\/Cartelas-activacion-Planes-1.png\",\"datePublished\":\"2025-03-13T10:44:09+00:00\",\"author\":{\"@id\":\"https:\\\/\\\/www.gsccanarias.com\\\/gsc\\\/#\\\/schema\\\/person\\\/b2f81279c36a5cfced2ad46fbab5b5fc\"},\"breadcrumb\":{\"@id\":\"https:\\\/\\\/www.gsccanarias.com\\\/gsc\\\/el-gobierno-amplia-la-alerta-por-riesgo-de-contaminacion-marina-a-cinco-municipios-de-gran-canaria\\\/#breadcrumb\"},\"inLanguage\":\"es\",\"potentialAction\":[{\"@type\":\"ReadAction\",\"target\":[\"https:\\\/\\\/www.gsccanarias.com\\\/gsc\\\/el-gobierno-amplia-la-alerta-por-riesgo-de-contaminacion-marina-a-cinco-municipios-de-gran-canaria\\\/\"]}]},{\"@type\":\"ImageObject\",\"inLanguage\":\"es\",\"@id\":\"https:\\\/\\\/www.gsccanarias.com\\\/gsc\\\/el-gobierno-amplia-la-alerta-por-riesgo-de-contaminacion-marina-a-cinco-municipios-de-gran-canaria\\\/#primaryimage\",\"url\":\"https:\\\/\\\/www.gsccanarias.com\\\/gsc\\\/wp-content\\\/uploads\\\/2025\\\/03\\\/Cartelas-activacion-Planes-1.png\",\"contentUrl\":\"https:\\\/\\\/www.gsccanarias.com\\\/gsc\\\/wp-content\\\/uploads\\\/2025\\\/03\\\/Cartelas-activacion-Planes-1.png\",\"width\":1080,\"height\":1080},{\"@type\":\"BreadcrumbList\",\"@id\":\"https:\\\/\\\/www.gsccanarias.com\\\/gsc\\\/el-gobierno-amplia-la-alerta-por-riesgo-de-contaminacion-marina-a-cinco-municipios-de-gran-canaria\\\/#breadcrumb\",\"itemListElement\":[{\"@type\":\"ListItem\",\"position\":1,\"name\":\"Portada\",\"item\":\"https:\\\/\\\/www.gsccanarias.com\\\/gsc\\\/\"},{\"@type\":\"ListItem\",\"position\":2,\"name\":\"El Gobierno ampl\u00eda la alerta por riesgo de contaminaci\u00f3n marina a cinco municipios de Gran Canaria\"}]},{\"@type\":\"WebSite\",\"@id\":\"https:\\\/\\\/www.gsccanarias.com\\\/gsc\\\/#website\",\"url\":\"https:\\\/\\\/www.gsccanarias.com\\\/gsc\\\/\",\"name\":\"GSC\",\"description\":\"Administramos servicios relacionados con la salud, las emergencias, la seguridad y el transporte sanitario\",\"potentialAction\":[{\"@type\":\"SearchAction\",\"target\":{\"@type\":\"EntryPoint\",\"urlTemplate\":\"https:\\\/\\\/www.gsccanarias.com\\\/gsc\\\/?s={search_term_string}\"},\"query-input\":{\"@type\":\"PropertyValueSpecification\",\"valueRequired\":true,\"valueName\":\"search_term_string\"}}],\"inLanguage\":\"es\"},{\"@type\":\"Person\",\"@id\":\"https:\\\/\\\/www.gsccanarias.com\\\/gsc\\\/#\\\/schema\\\/person\\\/b2f81279c36a5cfced2ad46fbab5b5fc\",\"name\":\"Carlos Santana Beltr\u00e1n\",\"image\":{\"@type\":\"ImageObject\",\"inLanguage\":\"es\",\"@id\":\"https:\\\/\\\/secure.gravatar.com\\\/avatar\\\/80a7f508d4e90a1d7794e4649954b753cbac9c789168555cd1ccbcfa2c332add?s=96&d=mm&r=g\",\"url\":\"https:\\\/\\\/secure.gravatar.com\\\/avatar\\\/80a7f508d4e90a1d7794e4649954b753cbac9c789168555cd1ccbcfa2c332add?s=96&d=mm&r=g\",\"contentUrl\":\"https:\\\/\\\/secure.gravatar.com\\\/avatar\\\/80a7f508d4e90a1d7794e4649954b753cbac9c789168555cd1ccbcfa2c332add?s=96&d=mm&r=g\",\"caption\":\"Carlos Santana Beltr\u00e1n\"},\"url\":\"https:\\\/\\\/www.gsccanarias.com\\\/gsc\\\/author\\\/carlos\\\/\"}]}<\/script>\n<!-- \/ Yoast SEO plugin. -->","yoast_head_json":{"title":"El Gobierno ampl\u00eda la alerta por riesgo de contaminaci\u00f3n marina a cinco municipios de Gran Canaria - GSC","robots":{"index":"index","follow":"follow","max-snippet":"max-snippet:-1","max-image-preview":"max-image-preview:large","max-video-preview":"max-video-preview:-1"},"canonical":"https:\/\/www.gsccanarias.com\/gsc\/el-gobierno-amplia-la-alerta-por-riesgo-de-contaminacion-marina-a-cinco-municipios-de-gran-canaria\/","og_locale":"es_ES","og_type":"article","og_title":"El Gobierno ampl\u00eda la alerta por riesgo de contaminaci\u00f3n marina a cinco municipios de Gran Canaria - GSC","og_description":"La Direcci\u00f3n General de Emergencias, con base en la situaci\u00f3n acaecida, y en aplicaci\u00f3n del Plan Territorial de Emergencia de Protecci\u00f3n Civil de la Comunidad Aut\u00f3noma de Canarias PLATECA (Decreto 98\/2015, de 22 de mayo), ACTUALIZA la situaci\u00f3n, permaneciendo en ALERTA, ante el alto riesgo...","og_url":"https:\/\/www.gsccanarias.com\/gsc\/el-gobierno-amplia-la-alerta-por-riesgo-de-contaminacion-marina-a-cinco-municipios-de-gran-canaria\/","og_site_name":"GSC","article_published_time":"2025-03-13T10:44:09+00:00","og_image":[{"width":1080,"height":1080,"url":"https:\/\/www.gsccanarias.com\/gsc\/wp-content\/uploads\/2025\/03\/Cartelas-activacion-Planes-1.png","type":"image\/png"}],"author":"Carlos Santana Beltr\u00e1n","twitter_card":"summary_large_image","twitter_misc":{"Escrito por":"Carlos Santana Beltr\u00e1n","Tiempo de lectura":"1 minuto"},"schema":{"@context":"https:\/\/schema.org","@graph":[{"@type":"Article","@id":"https:\/\/www.gsccanarias.com\/gsc\/el-gobierno-amplia-la-alerta-por-riesgo-de-contaminacion-marina-a-cinco-municipios-de-gran-canaria\/#article","isPartOf":{"@id":"https:\/\/www.gsccanarias.com\/gsc\/el-gobierno-amplia-la-alerta-por-riesgo-de-contaminacion-marina-a-cinco-municipios-de-gran-canaria\/"},"author":{"name":"Carlos Santana Beltr\u00e1n","@id":"https:\/\/www.gsccanarias.com\/gsc\/#\/schema\/person\/b2f81279c36a5cfced2ad46fbab5b5fc"},"headline":"El Gobierno ampl\u00eda la alerta por riesgo de contaminaci\u00f3n marina a cinco municipios de Gran Canaria","datePublished":"2025-03-13T10:44:09+00:00","mainEntityOfPage":{"@id":"https:\/\/www.gsccanarias.com\/gsc\/el-gobierno-amplia-la-alerta-por-riesgo-de-contaminacion-marina-a-cinco-municipios-de-gran-canaria\/"},"wordCount":276,"image":{"@id":"https:\/\/www.gsccanarias.com\/gsc\/el-gobierno-amplia-la-alerta-por-riesgo-de-contaminacion-marina-a-cinco-municipios-de-gran-canaria\/#primaryimage"},"thumbnailUrl":"https:\/\/www.gsccanarias.com\/gsc\/wp-content\/uploads\/2025\/03\/Cartelas-activacion-Planes-1.png","articleSection":["Noticias","\u00daltimas noticias"],"inLanguage":"es"},{"@type":"WebPage","@id":"https:\/\/www.gsccanarias.com\/gsc\/el-gobierno-amplia-la-alerta-por-riesgo-de-contaminacion-marina-a-cinco-municipios-de-gran-canaria\/","url":"https:\/\/www.gsccanarias.com\/gsc\/el-gobierno-amplia-la-alerta-por-riesgo-de-contaminacion-marina-a-cinco-municipios-de-gran-canaria\/","name":"El Gobierno ampl\u00eda la alerta por riesgo de contaminaci\u00f3n marina a cinco municipios de Gran Canaria - GSC","isPartOf":{"@id":"https:\/\/www.gsccanarias.com\/gsc\/#website"},"primaryImageOfPage":{"@id":"https:\/\/www.gsccanarias.com\/gsc\/el-gobierno-amplia-la-alerta-por-riesgo-de-contaminacion-marina-a-cinco-municipios-de-gran-canaria\/#primaryimage"},"image":{"@id":"https:\/\/www.gsccanarias.com\/gsc\/el-gobierno-amplia-la-alerta-por-riesgo-de-contaminacion-marina-a-cinco-municipios-de-gran-canaria\/#primaryimage"},"thumbnailUrl":"https:\/\/www.gsccanarias.com\/gsc\/wp-content\/uploads\/2025\/03\/Cartelas-activacion-Planes-1.png","datePublished":"2025-03-13T10:44:09+00:00","author":{"@id":"https:\/\/www.gsccanarias.com\/gsc\/#\/schema\/person\/b2f81279c36a5cfced2ad46fbab5b5fc"},"breadcrumb":{"@id":"https:\/\/www.gsccanarias.com\/gsc\/el-gobierno-amplia-la-alerta-por-riesgo-de-contaminacion-marina-a-cinco-municipios-de-gran-canaria\/#breadcrumb"},"inLanguage":"es","potentialAction":[{"@type":"ReadAction","target":["https:\/\/www.gsccanarias.com\/gsc\/el-gobierno-amplia-la-alerta-por-riesgo-de-contaminacion-marina-a-cinco-municipios-de-gran-canaria\/"]}]},{"@type":"ImageObject","inLanguage":"es","@id":"https:\/\/www.gsccanarias.com\/gsc\/el-gobierno-amplia-la-alerta-por-riesgo-de-contaminacion-marina-a-cinco-municipios-de-gran-canaria\/#primaryimage","url":"https:\/\/www.gsccanarias.com\/gsc\/wp-content\/uploads\/2025\/03\/Cartelas-activacion-Planes-1.png","contentUrl":"https:\/\/www.gsccanarias.com\/gsc\/wp-content\/uploads\/2025\/03\/Cartelas-activacion-Planes-1.png","width":1080,"height":1080},{"@type":"BreadcrumbList","@id":"https:\/\/www.gsccanarias.com\/gsc\/el-gobierno-amplia-la-alerta-por-riesgo-de-contaminacion-marina-a-cinco-municipios-de-gran-canaria\/#breadcrumb","itemListElement":[{"@type":"ListItem","position":1,"name":"Portada","item":"https:\/\/www.gsccanarias.com\/gsc\/"},{"@type":"ListItem","position":2,"name":"El Gobierno ampl\u00eda la alerta por riesgo de contaminaci\u00f3n marina a cinco municipios de Gran Canaria"}]},{"@type":"WebSite","@id":"https:\/\/www.gsccanarias.com\/gsc\/#website","url":"https:\/\/www.gsccanarias.com\/gsc\/","name":"GSC","description":"Administramos servicios relacionados con la salud, las emergencias, la seguridad y el transporte sanitario","potentialAction":[{"@type":"SearchAction","target":{"@type":"EntryPoint","urlTemplate":"https:\/\/www.gsccanarias.com\/gsc\/?s={search_term_string}"},"query-input":{"@type":"PropertyValueSpecification","valueRequired":true,"valueName":"search_term_string"}}],"inLanguage":"es"},{"@type":"Person","@id":"https:\/\/www.gsccanarias.com\/gsc\/#\/schema\/person\/b2f81279c36a5cfced2ad46fbab5b5fc","name":"Carlos Santana Beltr\u00e1n","image":{"@type":"ImageObject","inLanguage":"es","@id":"https:\/\/secure.gravatar.com\/avatar\/80a7f508d4e90a1d7794e4649954b753cbac9c789168555cd1ccbcfa2c332add?s=96&d=mm&r=g","url":"https:\/\/secure.gravatar.com\/avatar\/80a7f508d4e90a1d7794e4649954b753cbac9c789168555cd1ccbcfa2c332add?s=96&d=mm&r=g","contentUrl":"https:\/\/secure.gravatar.com\/avatar\/80a7f508d4e90a1d7794e4649954b753cbac9c789168555cd1ccbcfa2c332add?s=96&d=mm&r=g","caption":"Carlos Santana Beltr\u00e1n"},"url":"https:\/\/www.gsccanarias.com\/gsc\/author\/carlos\/"}]}},"publishpress_future_workflow_manual_trigger":{"enabledWorkflows":[]},"_links":{"self":[{"href":"https:\/\/www.gsccanarias.com\/gsc\/wp-json\/wp\/v2\/posts\/16393","targetHints":{"allow":["GET"]}}],"collection":[{"href":"https:\/\/www.gsccanarias.com\/gsc\/wp-json\/wp\/v2\/posts"}],"about":[{"href":"https:\/\/www.gsccanarias.com\/gsc\/wp-json\/wp\/v2\/types\/post"}],"author":[{"embeddable":true,"href":"https:\/\/www.gsccanarias.com\/gsc\/wp-json\/wp\/v2\/users\/20"}],"replies":[{"embeddable":true,"href":"https:\/\/www.gsccanarias.com\/gsc\/wp-json\/wp\/v2\/comments?post=16393"}],"version-history":[{"count":1,"href":"https:\/\/www.gsccanarias.com\/gsc\/wp-json\/wp\/v2\/posts\/16393\/revisions"}],"predecessor-version":[{"id":16395,"href":"https:\/\/www.gsccanarias.com\/gsc\/wp-json\/wp\/v2\/posts\/16393\/revisions\/16395"}],"wp:featuredmedia":[{"embeddable":true,"href":"https:\/\/www.gsccanarias.com\/gsc\/wp-json\/wp\/v2\/media\/16394"}],"wp:attachment":[{"href":"https:\/\/www.gsccanarias.com\/gsc\/wp-json\/wp\/v2\/media?parent=16393"}],"wp:term":[{"taxonomy":"category","embeddable":true,"href":"https:\/\/www.gsccanarias.com\/gsc\/wp-json\/wp\/v2\/categories?post=16393"},{"taxonomy":"post_tag","embeddable":true,"href":"https:\/\/www.gsccanarias.com\/gsc\/wp-json\/wp\/v2\/tags?post=16393"}],"curies":[{"name":"wp","href":"https:\/\/api.w.org\/{rel}","templated":true}]}}