{"id":16133,"date":"2025-02-17T13:34:21","date_gmt":"2025-02-17T13:34:21","guid":{"rendered":"https:\/\/www.gsccanarias.com\/gsc\/?p=16133"},"modified":"2025-02-17T13:34:21","modified_gmt":"2025-02-17T13:34:21","slug":"la-direccion-general-de-emergencias-declara-la-situacion-de-alerta-por-fenomenos-costeros","status":"publish","type":"post","link":"https:\/\/www.gsccanarias.com\/gsc\/la-direccion-general-de-emergencias-declara-la-situacion-de-alerta-por-fenomenos-costeros\/","title":{"rendered":"La Direcci\u00f3n General de Emergencias declara la situaci\u00f3n de alerta por fen\u00f3menos costeros"},"content":{"rendered":"<div class=\"article-content\">\n<p>El Gobierno de Canarias, a trav\u00e9s de la Direcci\u00f3n General de Emergencias, ha actualizado la situaci\u00f3n y declara la alerta por fen\u00f3menos costeros en las islas de Tenerife, La Palma, El Hierro, Fuerteventura y Lanzarote a partir de las 22:00 horas de hoy, 17 de febrero.<\/p>\n<p>Esta decisi\u00f3n se toma teniendo en cuenta la informaci\u00f3n facilitada por la Agencia Estatal de Meteorolog\u00eda y otras fuentes disponibles, y en aplicaci\u00f3n del Plan Espec\u00edfico de Emergencias de Canarias por Riesgos de Fen\u00f3menos Meteorol\u00f3gicos Adversos (PEFMA).<\/p>\n<p><strong>\u00c1mbito territorial de la alerta:\u00a0<\/strong><\/p>\n<p>Litoral norte y oeste de La Palma, El Hierro, Fuerteventura y Lanzarote, y costa norte de Tenerife.<\/p>\n<p><strong>\u00c1mbito territorial de la prealerta:\u00a0<\/strong><br \/>\nLitoral norte y oeste de La Gomera, la costa este de La Palma y el litoral norte de Gran Canaria permanecer\u00e1n en situaci\u00f3n de prealerta.<\/p>\n<p><strong>Observaciones:\u00a0\u00a0<\/strong><\/p>\n<p>Mal estado del mar. Oleaje de mar combinada de 3 \u2013 5,5 m. Viento de componente oeste, que rolar\u00e1 al noroeste en la primera mitad del martes, al norte por la noche y al nordeste en la primera mitad del mi\u00e9rcoles. Fuerza 5 (29 \u2013 38 km\/h) con \u00e1reas de fuerza 6 (39 \u2013 49 km\/h). Marejada \u2013 Fuerte Marejada, y mar de fondo del noroeste de 3 a 5 m.<\/p>\n<p>Pleamar martes 18: 03:50 \u2013 04:35 h y 16:15 \u2013 16:55 h<br \/>\nPleamar mi\u00e9rcoles 19: 04:30 \u2013 05:10 h y 16:55 \u2013 17:35 h<\/p>\n<p>Se insta a la poblaci\u00f3n a seguir los siguientes\u00a0<a href=\"https:\/\/www.gobiernodecanarias.org\/emergencias\/alertas\/consejos\/costeros\/costeros.html\">consejos de autoprotecci\u00f3n<\/a>\u00a0de la Direcci\u00f3n General de Emergencias.<\/p>\n<p><a href=\"https:\/\/www3.gobiernodecanarias.org\/noticias\/wp-content\/uploads\/2025\/02\/25-02-17-Actualizacion-9-2025-PEFMA-Alerta-y-Prealerta_fenomenos-costeros-FIRMADO.pdf\">25-02-17 Actualizacion 9 2025 PEFMA Alerta y Prealerta_fenomenos costeros FIRMADO<\/a><\/p>\n<\/div>\n<div class=\"pvc_clear\"><\/div>\n<p id=\"pvc_stats_16133\" class=\"pvc_stats all  \" data-element-id=\"16133\" style=\"\"><i class=\"pvc-stats-icon medium\" aria-hidden=\"true\"><svg aria-hidden=\"true\" focusable=\"false\" data-prefix=\"far\" data-icon=\"chart-bar\" role=\"img\" xmlns=\"http:\/\/www.w3.org\/2000\/svg\" viewBox=\"0 0 512 512\" class=\"svg-inline--fa fa-chart-bar fa-w-16 fa-2x\"><path fill=\"currentColor\" d=\"M396.8 352h22.4c6.4 0 12.8-6.4 12.8-12.8V108.8c0-6.4-6.4-12.8-12.8-12.8h-22.4c-6.4 0-12.8 6.4-12.8 12.8v230.4c0 6.4 6.4 12.8 12.8 12.8zm-192 0h22.4c6.4 0 12.8-6.4 12.8-12.8V140.8c0-6.4-6.4-12.8-12.8-12.8h-22.4c-6.4 0-12.8 6.4-12.8 12.8v198.4c0 6.4 6.4 12.8 12.8 12.8zm96 0h22.4c6.4 0 12.8-6.4 12.8-12.8V204.8c0-6.4-6.4-12.8-12.8-12.8h-22.4c-6.4 0-12.8 6.4-12.8 12.8v134.4c0 6.4 6.4 12.8 12.8 12.8zM496 400H48V80c0-8.84-7.16-16-16-16H16C7.16 64 0 71.16 0 80v336c0 17.67 14.33 32 32 32h464c8.84 0 16-7.16 16-16v-16c0-8.84-7.16-16-16-16zm-387.2-48h22.4c6.4 0 12.8-6.4 12.8-12.8v-70.4c0-6.4-6.4-12.8-12.8-12.8h-22.4c-6.4 0-12.8 6.4-12.8 12.8v70.4c0 6.4 6.4 12.8 12.8 12.8z\" class=\"\"><\/path><\/svg><\/i> <\/p>\n<div class=\"pvc_clear\"><\/div>\n<div class=\"print\"><span class=\"page_title\">P\u00e1gina: <span>La Direcci\u00f3n General de Emergencias declara la situaci\u00f3n de alerta por fen\u00f3menos costeros<\/span><\/span>\n\t\t\t\t\t\t\t\t\t\t\t<span class=\"page_title\">Fecha de impresi\u00f3n: <span>02\/05\/2026 - 06:52:48 UTC<\/span><\/span>\n\t\t\t\t\t\t\t\t\t\t\t<span class=\"stmp_trans_date\">\u00daltima actualizaci\u00f3n: <span>17\/02\/2025 - 13:34:21<\/span><\/span>\n\t\t\t\t\t\t\t\t\t\t\t<span class=\"stmp_trans_date\">Fecha publicaci\u00f3n: <span>17\/02\/2025 - 13:34:21<\/span><\/span>\n\t\t\t\t\t\t\t\t\t\t\t<span class=\"stmp_trans_date\">Fecha creaci\u00f3n: <span>17\/02\/2025 - 13:34:21<\/span><\/span><\/div>\n\t","protected":false},"excerpt":{"rendered":"<p>El Gobierno de Canarias, a trav\u00e9s de la Direcci\u00f3n General de Emergencias, ha actualizado la situaci\u00f3n y declara la alerta por fen\u00f3menos costeros en las islas de Tenerife, La Palma, El Hierro, Fuerteventura y Lanzarote a partir de las 22:00 horas de hoy, 17 de&#8230;<\/p>\n<div class=\"pvc_clear\"><\/div>\n<p id=\"pvc_stats_16133\" class=\"pvc_stats all  \" data-element-id=\"16133\" style=\"\"><i class=\"pvc-stats-icon medium\" aria-hidden=\"true\"><svg aria-hidden=\"true\" focusable=\"false\" data-prefix=\"far\" data-icon=\"chart-bar\" role=\"img\" xmlns=\"http:\/\/www.w3.org\/2000\/svg\" viewBox=\"0 0 512 512\" class=\"svg-inline--fa fa-chart-bar fa-w-16 fa-2x\"><path fill=\"currentColor\" d=\"M396.8 352h22.4c6.4 0 12.8-6.4 12.8-12.8V108.8c0-6.4-6.4-12.8-12.8-12.8h-22.4c-6.4 0-12.8 6.4-12.8 12.8v230.4c0 6.4 6.4 12.8 12.8 12.8zm-192 0h22.4c6.4 0 12.8-6.4 12.8-12.8V140.8c0-6.4-6.4-12.8-12.8-12.8h-22.4c-6.4 0-12.8 6.4-12.8 12.8v198.4c0 6.4 6.4 12.8 12.8 12.8zm96 0h22.4c6.4 0 12.8-6.4 12.8-12.8V204.8c0-6.4-6.4-12.8-12.8-12.8h-22.4c-6.4 0-12.8 6.4-12.8 12.8v134.4c0 6.4 6.4 12.8 12.8 12.8zM496 400H48V80c0-8.84-7.16-16-16-16H16C7.16 64 0 71.16 0 80v336c0 17.67 14.33 32 32 32h464c8.84 0 16-7.16 16-16v-16c0-8.84-7.16-16-16-16zm-387.2-48h22.4c6.4 0 12.8-6.4 12.8-12.8v-70.4c0-6.4-6.4-12.8-12.8-12.8h-22.4c-6.4 0-12.8 6.4-12.8 12.8v70.4c0 6.4 6.4 12.8 12.8 12.8z\" class=\"\"><\/path><\/svg><\/i> <img loading=\"lazy\" decoding=\"async\" width=\"16\" height=\"16\" alt=\"Loading\" src=\"https:\/\/www.gsccanarias.com\/gsc\/wp-content\/plugins\/page-views-count\/ajax-loader-2x.gif\" border=0 \/><\/p>\n<div class=\"pvc_clear\"><\/div>\n","protected":false},"author":20,"featured_media":16134,"comment_status":"closed","ping_status":"open","sticky":false,"template":"","format":"standard","meta":{"footnotes":""},"categories":[35,36],"tags":[],"class_list":["post-16133","post","type-post","status-publish","format-standard","has-post-thumbnail","hentry","category-noticias","category-ultimas-noticias"],"a3_pvc":{"activated":true,"total_views":21,"today_views":0},"yoast_head":"<!-- This site is optimized with the Yoast SEO plugin v27.5 - https:\/\/yoast.com\/product\/yoast-seo-wordpress\/ -->\n<title>La Direcci\u00f3n General de Emergencias declara la situaci\u00f3n de alerta por fen\u00f3menos costeros - GSC<\/title>\n<meta name=\"robots\" content=\"index, follow, max-snippet:-1, max-image-preview:large, max-video-preview:-1\" \/>\n<link rel=\"canonical\" href=\"https:\/\/www.gsccanarias.com\/gsc\/la-direccion-general-de-emergencias-declara-la-situacion-de-alerta-por-fenomenos-costeros\/\" \/>\n<meta property=\"og:locale\" content=\"es_ES\" \/>\n<meta property=\"og:type\" content=\"article\" \/>\n<meta property=\"og:title\" content=\"La Direcci\u00f3n General de Emergencias declara la situaci\u00f3n de alerta por fen\u00f3menos costeros - GSC\" \/>\n<meta property=\"og:description\" content=\"El Gobierno de Canarias, a trav\u00e9s de la Direcci\u00f3n General de Emergencias, ha actualizado la situaci\u00f3n y declara la alerta por fen\u00f3menos costeros en las islas de Tenerife, La Palma, El Hierro, Fuerteventura y Lanzarote a partir de las 22:00 horas de hoy, 17 de...\" \/>\n<meta property=\"og:url\" content=\"https:\/\/www.gsccanarias.com\/gsc\/la-direccion-general-de-emergencias-declara-la-situacion-de-alerta-por-fenomenos-costeros\/\" \/>\n<meta property=\"og:site_name\" content=\"GSC\" \/>\n<meta property=\"article:published_time\" content=\"2025-02-17T13:34:21+00:00\" \/>\n<meta property=\"og:image\" content=\"https:\/\/www.gsccanarias.com\/gsc\/wp-content\/uploads\/2025\/02\/Banner-web-112.png\" \/>\n\t<meta property=\"og:image:width\" content=\"421\" \/>\n\t<meta property=\"og:image:height\" content=\"275\" \/>\n\t<meta property=\"og:image:type\" content=\"image\/png\" \/>\n<meta name=\"author\" content=\"Carlos Santana Beltr\u00e1n\" \/>\n<meta name=\"twitter:card\" content=\"summary_large_image\" \/>\n<meta name=\"twitter:label1\" content=\"Escrito por\" \/>\n\t<meta name=\"twitter:data1\" content=\"Carlos Santana Beltr\u00e1n\" \/>\n\t<meta name=\"twitter:label2\" content=\"Tiempo de lectura\" \/>\n\t<meta name=\"twitter:data2\" content=\"1 minuto\" \/>\n<script type=\"application\/ld+json\" class=\"yoast-schema-graph\">{\"@context\":\"https:\\\/\\\/schema.org\",\"@graph\":[{\"@type\":\"Article\",\"@id\":\"https:\\\/\\\/www.gsccanarias.com\\\/gsc\\\/la-direccion-general-de-emergencias-declara-la-situacion-de-alerta-por-fenomenos-costeros\\\/#article\",\"isPartOf\":{\"@id\":\"https:\\\/\\\/www.gsccanarias.com\\\/gsc\\\/la-direccion-general-de-emergencias-declara-la-situacion-de-alerta-por-fenomenos-costeros\\\/\"},\"author\":{\"name\":\"Carlos Santana Beltr\u00e1n\",\"@id\":\"https:\\\/\\\/www.gsccanarias.com\\\/gsc\\\/#\\\/schema\\\/person\\\/b2f81279c36a5cfced2ad46fbab5b5fc\"},\"headline\":\"La Direcci\u00f3n General de Emergencias declara la situaci\u00f3n de alerta por fen\u00f3menos costeros\",\"datePublished\":\"2025-02-17T13:34:21+00:00\",\"mainEntityOfPage\":{\"@id\":\"https:\\\/\\\/www.gsccanarias.com\\\/gsc\\\/la-direccion-general-de-emergencias-declara-la-situacion-de-alerta-por-fenomenos-costeros\\\/\"},\"wordCount\":265,\"image\":{\"@id\":\"https:\\\/\\\/www.gsccanarias.com\\\/gsc\\\/la-direccion-general-de-emergencias-declara-la-situacion-de-alerta-por-fenomenos-costeros\\\/#primaryimage\"},\"thumbnailUrl\":\"https:\\\/\\\/www.gsccanarias.com\\\/gsc\\\/wp-content\\\/uploads\\\/2025\\\/02\\\/Banner-web-112.png\",\"articleSection\":[\"Noticias\",\"\u00daltimas noticias\"],\"inLanguage\":\"es\"},{\"@type\":\"WebPage\",\"@id\":\"https:\\\/\\\/www.gsccanarias.com\\\/gsc\\\/la-direccion-general-de-emergencias-declara-la-situacion-de-alerta-por-fenomenos-costeros\\\/\",\"url\":\"https:\\\/\\\/www.gsccanarias.com\\\/gsc\\\/la-direccion-general-de-emergencias-declara-la-situacion-de-alerta-por-fenomenos-costeros\\\/\",\"name\":\"La Direcci\u00f3n General de Emergencias declara la situaci\u00f3n de alerta por fen\u00f3menos costeros - GSC\",\"isPartOf\":{\"@id\":\"https:\\\/\\\/www.gsccanarias.com\\\/gsc\\\/#website\"},\"primaryImageOfPage\":{\"@id\":\"https:\\\/\\\/www.gsccanarias.com\\\/gsc\\\/la-direccion-general-de-emergencias-declara-la-situacion-de-alerta-por-fenomenos-costeros\\\/#primaryimage\"},\"image\":{\"@id\":\"https:\\\/\\\/www.gsccanarias.com\\\/gsc\\\/la-direccion-general-de-emergencias-declara-la-situacion-de-alerta-por-fenomenos-costeros\\\/#primaryimage\"},\"thumbnailUrl\":\"https:\\\/\\\/www.gsccanarias.com\\\/gsc\\\/wp-content\\\/uploads\\\/2025\\\/02\\\/Banner-web-112.png\",\"datePublished\":\"2025-02-17T13:34:21+00:00\",\"author\":{\"@id\":\"https:\\\/\\\/www.gsccanarias.com\\\/gsc\\\/#\\\/schema\\\/person\\\/b2f81279c36a5cfced2ad46fbab5b5fc\"},\"breadcrumb\":{\"@id\":\"https:\\\/\\\/www.gsccanarias.com\\\/gsc\\\/la-direccion-general-de-emergencias-declara-la-situacion-de-alerta-por-fenomenos-costeros\\\/#breadcrumb\"},\"inLanguage\":\"es\",\"potentialAction\":[{\"@type\":\"ReadAction\",\"target\":[\"https:\\\/\\\/www.gsccanarias.com\\\/gsc\\\/la-direccion-general-de-emergencias-declara-la-situacion-de-alerta-por-fenomenos-costeros\\\/\"]}]},{\"@type\":\"ImageObject\",\"inLanguage\":\"es\",\"@id\":\"https:\\\/\\\/www.gsccanarias.com\\\/gsc\\\/la-direccion-general-de-emergencias-declara-la-situacion-de-alerta-por-fenomenos-costeros\\\/#primaryimage\",\"url\":\"https:\\\/\\\/www.gsccanarias.com\\\/gsc\\\/wp-content\\\/uploads\\\/2025\\\/02\\\/Banner-web-112.png\",\"contentUrl\":\"https:\\\/\\\/www.gsccanarias.com\\\/gsc\\\/wp-content\\\/uploads\\\/2025\\\/02\\\/Banner-web-112.png\",\"width\":421,\"height\":275},{\"@type\":\"BreadcrumbList\",\"@id\":\"https:\\\/\\\/www.gsccanarias.com\\\/gsc\\\/la-direccion-general-de-emergencias-declara-la-situacion-de-alerta-por-fenomenos-costeros\\\/#breadcrumb\",\"itemListElement\":[{\"@type\":\"ListItem\",\"position\":1,\"name\":\"Portada\",\"item\":\"https:\\\/\\\/www.gsccanarias.com\\\/gsc\\\/\"},{\"@type\":\"ListItem\",\"position\":2,\"name\":\"La Direcci\u00f3n General de Emergencias declara la situaci\u00f3n de alerta por fen\u00f3menos costeros\"}]},{\"@type\":\"WebSite\",\"@id\":\"https:\\\/\\\/www.gsccanarias.com\\\/gsc\\\/#website\",\"url\":\"https:\\\/\\\/www.gsccanarias.com\\\/gsc\\\/\",\"name\":\"GSC\",\"description\":\"Administramos servicios relacionados con la salud, las emergencias, la seguridad y el transporte sanitario\",\"potentialAction\":[{\"@type\":\"SearchAction\",\"target\":{\"@type\":\"EntryPoint\",\"urlTemplate\":\"https:\\\/\\\/www.gsccanarias.com\\\/gsc\\\/?s={search_term_string}\"},\"query-input\":{\"@type\":\"PropertyValueSpecification\",\"valueRequired\":true,\"valueName\":\"search_term_string\"}}],\"inLanguage\":\"es\"},{\"@type\":\"Person\",\"@id\":\"https:\\\/\\\/www.gsccanarias.com\\\/gsc\\\/#\\\/schema\\\/person\\\/b2f81279c36a5cfced2ad46fbab5b5fc\",\"name\":\"Carlos Santana Beltr\u00e1n\",\"image\":{\"@type\":\"ImageObject\",\"inLanguage\":\"es\",\"@id\":\"https:\\\/\\\/secure.gravatar.com\\\/avatar\\\/80a7f508d4e90a1d7794e4649954b753cbac9c789168555cd1ccbcfa2c332add?s=96&d=mm&r=g\",\"url\":\"https:\\\/\\\/secure.gravatar.com\\\/avatar\\\/80a7f508d4e90a1d7794e4649954b753cbac9c789168555cd1ccbcfa2c332add?s=96&d=mm&r=g\",\"contentUrl\":\"https:\\\/\\\/secure.gravatar.com\\\/avatar\\\/80a7f508d4e90a1d7794e4649954b753cbac9c789168555cd1ccbcfa2c332add?s=96&d=mm&r=g\",\"caption\":\"Carlos Santana Beltr\u00e1n\"},\"url\":\"https:\\\/\\\/www.gsccanarias.com\\\/gsc\\\/author\\\/carlos\\\/\"}]}<\/script>\n<!-- \/ Yoast SEO plugin. -->","yoast_head_json":{"title":"La Direcci\u00f3n General de Emergencias declara la situaci\u00f3n de alerta por fen\u00f3menos costeros - GSC","robots":{"index":"index","follow":"follow","max-snippet":"max-snippet:-1","max-image-preview":"max-image-preview:large","max-video-preview":"max-video-preview:-1"},"canonical":"https:\/\/www.gsccanarias.com\/gsc\/la-direccion-general-de-emergencias-declara-la-situacion-de-alerta-por-fenomenos-costeros\/","og_locale":"es_ES","og_type":"article","og_title":"La Direcci\u00f3n General de Emergencias declara la situaci\u00f3n de alerta por fen\u00f3menos costeros - GSC","og_description":"El Gobierno de Canarias, a trav\u00e9s de la Direcci\u00f3n General de Emergencias, ha actualizado la situaci\u00f3n y declara la alerta por fen\u00f3menos costeros en las islas de Tenerife, La Palma, El Hierro, Fuerteventura y Lanzarote a partir de las 22:00 horas de hoy, 17 de...","og_url":"https:\/\/www.gsccanarias.com\/gsc\/la-direccion-general-de-emergencias-declara-la-situacion-de-alerta-por-fenomenos-costeros\/","og_site_name":"GSC","article_published_time":"2025-02-17T13:34:21+00:00","og_image":[{"width":421,"height":275,"url":"https:\/\/www.gsccanarias.com\/gsc\/wp-content\/uploads\/2025\/02\/Banner-web-112.png","type":"image\/png"}],"author":"Carlos Santana Beltr\u00e1n","twitter_card":"summary_large_image","twitter_misc":{"Escrito por":"Carlos Santana Beltr\u00e1n","Tiempo de lectura":"1 minuto"},"schema":{"@context":"https:\/\/schema.org","@graph":[{"@type":"Article","@id":"https:\/\/www.gsccanarias.com\/gsc\/la-direccion-general-de-emergencias-declara-la-situacion-de-alerta-por-fenomenos-costeros\/#article","isPartOf":{"@id":"https:\/\/www.gsccanarias.com\/gsc\/la-direccion-general-de-emergencias-declara-la-situacion-de-alerta-por-fenomenos-costeros\/"},"author":{"name":"Carlos Santana Beltr\u00e1n","@id":"https:\/\/www.gsccanarias.com\/gsc\/#\/schema\/person\/b2f81279c36a5cfced2ad46fbab5b5fc"},"headline":"La Direcci\u00f3n General de Emergencias declara la situaci\u00f3n de alerta por fen\u00f3menos costeros","datePublished":"2025-02-17T13:34:21+00:00","mainEntityOfPage":{"@id":"https:\/\/www.gsccanarias.com\/gsc\/la-direccion-general-de-emergencias-declara-la-situacion-de-alerta-por-fenomenos-costeros\/"},"wordCount":265,"image":{"@id":"https:\/\/www.gsccanarias.com\/gsc\/la-direccion-general-de-emergencias-declara-la-situacion-de-alerta-por-fenomenos-costeros\/#primaryimage"},"thumbnailUrl":"https:\/\/www.gsccanarias.com\/gsc\/wp-content\/uploads\/2025\/02\/Banner-web-112.png","articleSection":["Noticias","\u00daltimas noticias"],"inLanguage":"es"},{"@type":"WebPage","@id":"https:\/\/www.gsccanarias.com\/gsc\/la-direccion-general-de-emergencias-declara-la-situacion-de-alerta-por-fenomenos-costeros\/","url":"https:\/\/www.gsccanarias.com\/gsc\/la-direccion-general-de-emergencias-declara-la-situacion-de-alerta-por-fenomenos-costeros\/","name":"La Direcci\u00f3n General de Emergencias declara la situaci\u00f3n de alerta por fen\u00f3menos costeros - GSC","isPartOf":{"@id":"https:\/\/www.gsccanarias.com\/gsc\/#website"},"primaryImageOfPage":{"@id":"https:\/\/www.gsccanarias.com\/gsc\/la-direccion-general-de-emergencias-declara-la-situacion-de-alerta-por-fenomenos-costeros\/#primaryimage"},"image":{"@id":"https:\/\/www.gsccanarias.com\/gsc\/la-direccion-general-de-emergencias-declara-la-situacion-de-alerta-por-fenomenos-costeros\/#primaryimage"},"thumbnailUrl":"https:\/\/www.gsccanarias.com\/gsc\/wp-content\/uploads\/2025\/02\/Banner-web-112.png","datePublished":"2025-02-17T13:34:21+00:00","author":{"@id":"https:\/\/www.gsccanarias.com\/gsc\/#\/schema\/person\/b2f81279c36a5cfced2ad46fbab5b5fc"},"breadcrumb":{"@id":"https:\/\/www.gsccanarias.com\/gsc\/la-direccion-general-de-emergencias-declara-la-situacion-de-alerta-por-fenomenos-costeros\/#breadcrumb"},"inLanguage":"es","potentialAction":[{"@type":"ReadAction","target":["https:\/\/www.gsccanarias.com\/gsc\/la-direccion-general-de-emergencias-declara-la-situacion-de-alerta-por-fenomenos-costeros\/"]}]},{"@type":"ImageObject","inLanguage":"es","@id":"https:\/\/www.gsccanarias.com\/gsc\/la-direccion-general-de-emergencias-declara-la-situacion-de-alerta-por-fenomenos-costeros\/#primaryimage","url":"https:\/\/www.gsccanarias.com\/gsc\/wp-content\/uploads\/2025\/02\/Banner-web-112.png","contentUrl":"https:\/\/www.gsccanarias.com\/gsc\/wp-content\/uploads\/2025\/02\/Banner-web-112.png","width":421,"height":275},{"@type":"BreadcrumbList","@id":"https:\/\/www.gsccanarias.com\/gsc\/la-direccion-general-de-emergencias-declara-la-situacion-de-alerta-por-fenomenos-costeros\/#breadcrumb","itemListElement":[{"@type":"ListItem","position":1,"name":"Portada","item":"https:\/\/www.gsccanarias.com\/gsc\/"},{"@type":"ListItem","position":2,"name":"La Direcci\u00f3n General de Emergencias declara la situaci\u00f3n de alerta por fen\u00f3menos costeros"}]},{"@type":"WebSite","@id":"https:\/\/www.gsccanarias.com\/gsc\/#website","url":"https:\/\/www.gsccanarias.com\/gsc\/","name":"GSC","description":"Administramos servicios relacionados con la salud, las emergencias, la seguridad y el transporte sanitario","potentialAction":[{"@type":"SearchAction","target":{"@type":"EntryPoint","urlTemplate":"https:\/\/www.gsccanarias.com\/gsc\/?s={search_term_string}"},"query-input":{"@type":"PropertyValueSpecification","valueRequired":true,"valueName":"search_term_string"}}],"inLanguage":"es"},{"@type":"Person","@id":"https:\/\/www.gsccanarias.com\/gsc\/#\/schema\/person\/b2f81279c36a5cfced2ad46fbab5b5fc","name":"Carlos Santana Beltr\u00e1n","image":{"@type":"ImageObject","inLanguage":"es","@id":"https:\/\/secure.gravatar.com\/avatar\/80a7f508d4e90a1d7794e4649954b753cbac9c789168555cd1ccbcfa2c332add?s=96&d=mm&r=g","url":"https:\/\/secure.gravatar.com\/avatar\/80a7f508d4e90a1d7794e4649954b753cbac9c789168555cd1ccbcfa2c332add?s=96&d=mm&r=g","contentUrl":"https:\/\/secure.gravatar.com\/avatar\/80a7f508d4e90a1d7794e4649954b753cbac9c789168555cd1ccbcfa2c332add?s=96&d=mm&r=g","caption":"Carlos Santana Beltr\u00e1n"},"url":"https:\/\/www.gsccanarias.com\/gsc\/author\/carlos\/"}]}},"publishpress_future_workflow_manual_trigger":{"enabledWorkflows":[]},"_links":{"self":[{"href":"https:\/\/www.gsccanarias.com\/gsc\/wp-json\/wp\/v2\/posts\/16133","targetHints":{"allow":["GET"]}}],"collection":[{"href":"https:\/\/www.gsccanarias.com\/gsc\/wp-json\/wp\/v2\/posts"}],"about":[{"href":"https:\/\/www.gsccanarias.com\/gsc\/wp-json\/wp\/v2\/types\/post"}],"author":[{"embeddable":true,"href":"https:\/\/www.gsccanarias.com\/gsc\/wp-json\/wp\/v2\/users\/20"}],"replies":[{"embeddable":true,"href":"https:\/\/www.gsccanarias.com\/gsc\/wp-json\/wp\/v2\/comments?post=16133"}],"version-history":[{"count":1,"href":"https:\/\/www.gsccanarias.com\/gsc\/wp-json\/wp\/v2\/posts\/16133\/revisions"}],"predecessor-version":[{"id":16135,"href":"https:\/\/www.gsccanarias.com\/gsc\/wp-json\/wp\/v2\/posts\/16133\/revisions\/16135"}],"wp:featuredmedia":[{"embeddable":true,"href":"https:\/\/www.gsccanarias.com\/gsc\/wp-json\/wp\/v2\/media\/16134"}],"wp:attachment":[{"href":"https:\/\/www.gsccanarias.com\/gsc\/wp-json\/wp\/v2\/media?parent=16133"}],"wp:term":[{"taxonomy":"category","embeddable":true,"href":"https:\/\/www.gsccanarias.com\/gsc\/wp-json\/wp\/v2\/categories?post=16133"},{"taxonomy":"post_tag","embeddable":true,"href":"https:\/\/www.gsccanarias.com\/gsc\/wp-json\/wp\/v2\/tags?post=16133"}],"curies":[{"name":"wp","href":"https:\/\/api.w.org\/{rel}","templated":true}]}}