{"id":15862,"date":"2024-12-16T14:07:14","date_gmt":"2024-12-16T14:07:14","guid":{"rendered":"https:\/\/www.gsccanarias.com\/gsc\/?p=15862"},"modified":"2024-12-16T14:07:14","modified_gmt":"2024-12-16T14:07:14","slug":"personal-del-suc-asiste-un-parto-en-una-ambulancia-de-soporte-vital-basico-en-fuerteventura","status":"publish","type":"post","link":"https:\/\/www.gsccanarias.com\/gsc\/personal-del-suc-asiste-un-parto-en-una-ambulancia-de-soporte-vital-basico-en-fuerteventura\/","title":{"rendered":"Personal del SUC asiste un parto en una ambulancia de soporte vital b\u00e1sico en Fuerteventura"},"content":{"rendered":"<blockquote><p>La madre y la reci\u00e9n nacida fueron trasladadas en buen estado al Hospital General de Fuerteventura Virgen de la Pe\u00f1a<\/p><\/blockquote>\n<p><strong>Una mujer dio a luz la pasada semana en Fuerteventura a una ni\u00f1a en una ambulancia de soporte vital b\u00e1sico del Servicio de Urgencias Canario (SUC), adscrito a la empresa p\u00fablica Gesti\u00f3n de Servicios para la Salud y Seguridad en Canarias y dependiente de la Consejer\u00eda de Sanidad del Gobierno de Canarias.<\/strong><\/p>\n<p>Tras recibir una llamada en el Centro Coordinador de Emergencias y Seguridad (CECOES) 112 del Gobierno de Canarias, solicitando asistencia para una mujer con un embarazo a t\u00e9rmino en una vivienda de Costa Calma, una ambulancia de soporte vital b\u00e1sico del SUC se desplaz\u00f3 hasta el domicilio y tras valorar a la afectada procedi\u00f3 a su evacuaci\u00f3n al Centro de Salud de Gran Tarajal para una primera asistencia m\u00e9dica.<\/p>\n<p>Minutos despu\u00e9s de que se iniciara su traslado en ambulancia desde su domicilio en Costa Calma, en P\u00e1jara, hasta el Centro de Salud de Gran Tarajal, en Tuineje, la mujer se puso de parto y dio a luz a una ni\u00f1a en la v\u00eda FV-2, a la altura de la zona de La Lajita. La afectada fue asistida en todo momento por un t\u00e9cnico de la ambulancia, siguiendo las indicaciones facilitadas por un enfermero coordinador del SUC desde la sala operativa.<\/p>\n<p>El nacimiento se desarroll\u00f3 sin complicaciones, y tanto la reci\u00e9n nacida, como su madre, se encontraban en buen estado, seg\u00fan valoraci\u00f3n de los facultativos del Centro de Salud de Gran Tarajal. Una vez asistidas por el personal de dicho centro fueron trasladadas en una ambulancia medicalizada al Hospital General de Fuerteventura Virgen de la Pe\u00f1a donde quedaron ingresadas.<\/p>\n<div class=\"pvc_clear\"><\/div>\n<p id=\"pvc_stats_15862\" class=\"pvc_stats all  \" data-element-id=\"15862\" style=\"\"><i class=\"pvc-stats-icon medium\" aria-hidden=\"true\"><svg aria-hidden=\"true\" focusable=\"false\" data-prefix=\"far\" data-icon=\"chart-bar\" role=\"img\" xmlns=\"http:\/\/www.w3.org\/2000\/svg\" viewBox=\"0 0 512 512\" class=\"svg-inline--fa fa-chart-bar fa-w-16 fa-2x\"><path fill=\"currentColor\" d=\"M396.8 352h22.4c6.4 0 12.8-6.4 12.8-12.8V108.8c0-6.4-6.4-12.8-12.8-12.8h-22.4c-6.4 0-12.8 6.4-12.8 12.8v230.4c0 6.4 6.4 12.8 12.8 12.8zm-192 0h22.4c6.4 0 12.8-6.4 12.8-12.8V140.8c0-6.4-6.4-12.8-12.8-12.8h-22.4c-6.4 0-12.8 6.4-12.8 12.8v198.4c0 6.4 6.4 12.8 12.8 12.8zm96 0h22.4c6.4 0 12.8-6.4 12.8-12.8V204.8c0-6.4-6.4-12.8-12.8-12.8h-22.4c-6.4 0-12.8 6.4-12.8 12.8v134.4c0 6.4 6.4 12.8 12.8 12.8zM496 400H48V80c0-8.84-7.16-16-16-16H16C7.16 64 0 71.16 0 80v336c0 17.67 14.33 32 32 32h464c8.84 0 16-7.16 16-16v-16c0-8.84-7.16-16-16-16zm-387.2-48h22.4c6.4 0 12.8-6.4 12.8-12.8v-70.4c0-6.4-6.4-12.8-12.8-12.8h-22.4c-6.4 0-12.8 6.4-12.8 12.8v70.4c0 6.4 6.4 12.8 12.8 12.8z\" class=\"\"><\/path><\/svg><\/i> <\/p>\n<div class=\"pvc_clear\"><\/div>\n<div class=\"print\"><span class=\"page_title\">P\u00e1gina: <span>Personal del SUC asiste un parto en una ambulancia de soporte vital b\u00e1sico en Fuerteventura<\/span><\/span>\n\t\t\t\t\t\t\t\t\t\t\t<span class=\"page_title\">Fecha de impresi\u00f3n: <span>01\/05\/2026 - 14:44:32 UTC<\/span><\/span>\n\t\t\t\t\t\t\t\t\t\t\t<span class=\"stmp_trans_date\">\u00daltima actualizaci\u00f3n: <span>16\/12\/2024 - 14:07:14<\/span><\/span>\n\t\t\t\t\t\t\t\t\t\t\t<span class=\"stmp_trans_date\">Fecha publicaci\u00f3n: <span>16\/12\/2024 - 14:07:14<\/span><\/span>\n\t\t\t\t\t\t\t\t\t\t\t<span class=\"stmp_trans_date\">Fecha creaci\u00f3n: <span>16\/12\/2024 - 14:07:14<\/span><\/span><\/div>\n\t","protected":false},"excerpt":{"rendered":"<p>La madre y la reci\u00e9n nacida fueron trasladadas en buen estado al Hospital General de Fuerteventura Virgen de la Pe\u00f1a Una mujer dio a luz la pasada semana en Fuerteventura a una ni\u00f1a en una ambulancia de soporte vital b\u00e1sico del Servicio de Urgencias Canario&#8230;<\/p>\n<div class=\"pvc_clear\"><\/div>\n<p id=\"pvc_stats_15862\" class=\"pvc_stats all  \" data-element-id=\"15862\" style=\"\"><i class=\"pvc-stats-icon medium\" aria-hidden=\"true\"><svg aria-hidden=\"true\" focusable=\"false\" data-prefix=\"far\" data-icon=\"chart-bar\" role=\"img\" xmlns=\"http:\/\/www.w3.org\/2000\/svg\" viewBox=\"0 0 512 512\" class=\"svg-inline--fa fa-chart-bar fa-w-16 fa-2x\"><path fill=\"currentColor\" d=\"M396.8 352h22.4c6.4 0 12.8-6.4 12.8-12.8V108.8c0-6.4-6.4-12.8-12.8-12.8h-22.4c-6.4 0-12.8 6.4-12.8 12.8v230.4c0 6.4 6.4 12.8 12.8 12.8zm-192 0h22.4c6.4 0 12.8-6.4 12.8-12.8V140.8c0-6.4-6.4-12.8-12.8-12.8h-22.4c-6.4 0-12.8 6.4-12.8 12.8v198.4c0 6.4 6.4 12.8 12.8 12.8zm96 0h22.4c6.4 0 12.8-6.4 12.8-12.8V204.8c0-6.4-6.4-12.8-12.8-12.8h-22.4c-6.4 0-12.8 6.4-12.8 12.8v134.4c0 6.4 6.4 12.8 12.8 12.8zM496 400H48V80c0-8.84-7.16-16-16-16H16C7.16 64 0 71.16 0 80v336c0 17.67 14.33 32 32 32h464c8.84 0 16-7.16 16-16v-16c0-8.84-7.16-16-16-16zm-387.2-48h22.4c6.4 0 12.8-6.4 12.8-12.8v-70.4c0-6.4-6.4-12.8-12.8-12.8h-22.4c-6.4 0-12.8 6.4-12.8 12.8v70.4c0 6.4 6.4 12.8 12.8 12.8z\" class=\"\"><\/path><\/svg><\/i> <img loading=\"lazy\" decoding=\"async\" width=\"16\" height=\"16\" alt=\"Loading\" src=\"https:\/\/www.gsccanarias.com\/gsc\/wp-content\/plugins\/page-views-count\/ajax-loader-2x.gif\" border=0 \/><\/p>\n<div class=\"pvc_clear\"><\/div>\n","protected":false},"author":18,"featured_media":15863,"comment_status":"closed","ping_status":"open","sticky":false,"template":"","format":"standard","meta":{"footnotes":""},"categories":[35,36],"tags":[],"class_list":["post-15862","post","type-post","status-publish","format-standard","has-post-thumbnail","hentry","category-noticias","category-ultimas-noticias"],"a3_pvc":{"activated":true,"total_views":48,"today_views":0},"yoast_head":"<!-- This site is optimized with the Yoast SEO plugin v27.5 - https:\/\/yoast.com\/product\/yoast-seo-wordpress\/ -->\n<title>Personal del SUC asiste un parto en una ambulancia de soporte vital b\u00e1sico en Fuerteventura - GSC<\/title>\n<meta name=\"robots\" content=\"index, follow, max-snippet:-1, max-image-preview:large, max-video-preview:-1\" \/>\n<link rel=\"canonical\" href=\"https:\/\/www.gsccanarias.com\/gsc\/personal-del-suc-asiste-un-parto-en-una-ambulancia-de-soporte-vital-basico-en-fuerteventura\/\" \/>\n<meta property=\"og:locale\" content=\"es_ES\" \/>\n<meta property=\"og:type\" content=\"article\" \/>\n<meta property=\"og:title\" content=\"Personal del SUC asiste un parto en una ambulancia de soporte vital b\u00e1sico en Fuerteventura - GSC\" \/>\n<meta property=\"og:description\" content=\"La madre y la reci\u00e9n nacida fueron trasladadas en buen estado al Hospital General de Fuerteventura Virgen de la Pe\u00f1a Una mujer dio a luz la pasada semana en Fuerteventura a una ni\u00f1a en una ambulancia de soporte vital b\u00e1sico del Servicio de Urgencias Canario...\" \/>\n<meta property=\"og:url\" content=\"https:\/\/www.gsccanarias.com\/gsc\/personal-del-suc-asiste-un-parto-en-una-ambulancia-de-soporte-vital-basico-en-fuerteventura\/\" \/>\n<meta property=\"og:site_name\" content=\"GSC\" \/>\n<meta property=\"article:published_time\" content=\"2024-12-16T14:07:14+00:00\" \/>\n<meta property=\"og:image\" content=\"https:\/\/www.gsccanarias.com\/gsc\/wp-content\/uploads\/2024\/12\/EnfermeroSUCSalaLPA.jpg\" \/>\n\t<meta property=\"og:image:width\" content=\"1600\" \/>\n\t<meta property=\"og:image:height\" content=\"1200\" \/>\n\t<meta property=\"og:image:type\" content=\"image\/jpeg\" \/>\n<meta name=\"author\" content=\"Admin UTIC\" \/>\n<meta name=\"twitter:card\" content=\"summary_large_image\" \/>\n<meta name=\"twitter:label1\" content=\"Escrito por\" \/>\n\t<meta name=\"twitter:data1\" content=\"Admin UTIC\" \/>\n\t<meta name=\"twitter:label2\" content=\"Tiempo de lectura\" \/>\n\t<meta name=\"twitter:data2\" content=\"1 minuto\" \/>\n<script type=\"application\/ld+json\" class=\"yoast-schema-graph\">{\"@context\":\"https:\\\/\\\/schema.org\",\"@graph\":[{\"@type\":\"Article\",\"@id\":\"https:\\\/\\\/www.gsccanarias.com\\\/gsc\\\/personal-del-suc-asiste-un-parto-en-una-ambulancia-de-soporte-vital-basico-en-fuerteventura\\\/#article\",\"isPartOf\":{\"@id\":\"https:\\\/\\\/www.gsccanarias.com\\\/gsc\\\/personal-del-suc-asiste-un-parto-en-una-ambulancia-de-soporte-vital-basico-en-fuerteventura\\\/\"},\"author\":{\"name\":\"Admin UTIC\",\"@id\":\"https:\\\/\\\/www.gsccanarias.com\\\/gsc\\\/#\\\/schema\\\/person\\\/10e8d38c71959996376b185ac837a881\"},\"headline\":\"Personal del SUC asiste un parto en una ambulancia de soporte vital b\u00e1sico en Fuerteventura\",\"datePublished\":\"2024-12-16T14:07:14+00:00\",\"mainEntityOfPage\":{\"@id\":\"https:\\\/\\\/www.gsccanarias.com\\\/gsc\\\/personal-del-suc-asiste-un-parto-en-una-ambulancia-de-soporte-vital-basico-en-fuerteventura\\\/\"},\"wordCount\":315,\"image\":{\"@id\":\"https:\\\/\\\/www.gsccanarias.com\\\/gsc\\\/personal-del-suc-asiste-un-parto-en-una-ambulancia-de-soporte-vital-basico-en-fuerteventura\\\/#primaryimage\"},\"thumbnailUrl\":\"https:\\\/\\\/www.gsccanarias.com\\\/gsc\\\/wp-content\\\/uploads\\\/2024\\\/12\\\/EnfermeroSUCSalaLPA.jpg\",\"articleSection\":[\"Noticias\",\"\u00daltimas noticias\"],\"inLanguage\":\"es\"},{\"@type\":\"WebPage\",\"@id\":\"https:\\\/\\\/www.gsccanarias.com\\\/gsc\\\/personal-del-suc-asiste-un-parto-en-una-ambulancia-de-soporte-vital-basico-en-fuerteventura\\\/\",\"url\":\"https:\\\/\\\/www.gsccanarias.com\\\/gsc\\\/personal-del-suc-asiste-un-parto-en-una-ambulancia-de-soporte-vital-basico-en-fuerteventura\\\/\",\"name\":\"Personal del SUC asiste un parto en una ambulancia de soporte vital b\u00e1sico en Fuerteventura - GSC\",\"isPartOf\":{\"@id\":\"https:\\\/\\\/www.gsccanarias.com\\\/gsc\\\/#website\"},\"primaryImageOfPage\":{\"@id\":\"https:\\\/\\\/www.gsccanarias.com\\\/gsc\\\/personal-del-suc-asiste-un-parto-en-una-ambulancia-de-soporte-vital-basico-en-fuerteventura\\\/#primaryimage\"},\"image\":{\"@id\":\"https:\\\/\\\/www.gsccanarias.com\\\/gsc\\\/personal-del-suc-asiste-un-parto-en-una-ambulancia-de-soporte-vital-basico-en-fuerteventura\\\/#primaryimage\"},\"thumbnailUrl\":\"https:\\\/\\\/www.gsccanarias.com\\\/gsc\\\/wp-content\\\/uploads\\\/2024\\\/12\\\/EnfermeroSUCSalaLPA.jpg\",\"datePublished\":\"2024-12-16T14:07:14+00:00\",\"author\":{\"@id\":\"https:\\\/\\\/www.gsccanarias.com\\\/gsc\\\/#\\\/schema\\\/person\\\/10e8d38c71959996376b185ac837a881\"},\"breadcrumb\":{\"@id\":\"https:\\\/\\\/www.gsccanarias.com\\\/gsc\\\/personal-del-suc-asiste-un-parto-en-una-ambulancia-de-soporte-vital-basico-en-fuerteventura\\\/#breadcrumb\"},\"inLanguage\":\"es\",\"potentialAction\":[{\"@type\":\"ReadAction\",\"target\":[\"https:\\\/\\\/www.gsccanarias.com\\\/gsc\\\/personal-del-suc-asiste-un-parto-en-una-ambulancia-de-soporte-vital-basico-en-fuerteventura\\\/\"]}]},{\"@type\":\"ImageObject\",\"inLanguage\":\"es\",\"@id\":\"https:\\\/\\\/www.gsccanarias.com\\\/gsc\\\/personal-del-suc-asiste-un-parto-en-una-ambulancia-de-soporte-vital-basico-en-fuerteventura\\\/#primaryimage\",\"url\":\"https:\\\/\\\/www.gsccanarias.com\\\/gsc\\\/wp-content\\\/uploads\\\/2024\\\/12\\\/EnfermeroSUCSalaLPA.jpg\",\"contentUrl\":\"https:\\\/\\\/www.gsccanarias.com\\\/gsc\\\/wp-content\\\/uploads\\\/2024\\\/12\\\/EnfermeroSUCSalaLPA.jpg\",\"width\":1600,\"height\":1200,\"caption\":\"Enfermero SUC en sala operativa del CECOES 112 Gobierno de Canarias\"},{\"@type\":\"BreadcrumbList\",\"@id\":\"https:\\\/\\\/www.gsccanarias.com\\\/gsc\\\/personal-del-suc-asiste-un-parto-en-una-ambulancia-de-soporte-vital-basico-en-fuerteventura\\\/#breadcrumb\",\"itemListElement\":[{\"@type\":\"ListItem\",\"position\":1,\"name\":\"Portada\",\"item\":\"https:\\\/\\\/www.gsccanarias.com\\\/gsc\\\/\"},{\"@type\":\"ListItem\",\"position\":2,\"name\":\"Personal del SUC asiste un parto en una ambulancia de soporte vital b\u00e1sico en Fuerteventura\"}]},{\"@type\":\"WebSite\",\"@id\":\"https:\\\/\\\/www.gsccanarias.com\\\/gsc\\\/#website\",\"url\":\"https:\\\/\\\/www.gsccanarias.com\\\/gsc\\\/\",\"name\":\"GSC\",\"description\":\"Administramos servicios relacionados con la salud, las emergencias, la seguridad y el transporte sanitario\",\"potentialAction\":[{\"@type\":\"SearchAction\",\"target\":{\"@type\":\"EntryPoint\",\"urlTemplate\":\"https:\\\/\\\/www.gsccanarias.com\\\/gsc\\\/?s={search_term_string}\"},\"query-input\":{\"@type\":\"PropertyValueSpecification\",\"valueRequired\":true,\"valueName\":\"search_term_string\"}}],\"inLanguage\":\"es\"},{\"@type\":\"Person\",\"@id\":\"https:\\\/\\\/www.gsccanarias.com\\\/gsc\\\/#\\\/schema\\\/person\\\/10e8d38c71959996376b185ac837a881\",\"name\":\"Admin UTIC\",\"image\":{\"@type\":\"ImageObject\",\"inLanguage\":\"es\",\"@id\":\"https:\\\/\\\/secure.gravatar.com\\\/avatar\\\/9944d13ffa9e890212bdecdb997578fb61a8c719e8e12084ed6f10dc43a68ebd?s=96&d=mm&r=g\",\"url\":\"https:\\\/\\\/secure.gravatar.com\\\/avatar\\\/9944d13ffa9e890212bdecdb997578fb61a8c719e8e12084ed6f10dc43a68ebd?s=96&d=mm&r=g\",\"contentUrl\":\"https:\\\/\\\/secure.gravatar.com\\\/avatar\\\/9944d13ffa9e890212bdecdb997578fb61a8c719e8e12084ed6f10dc43a68ebd?s=96&d=mm&r=g\",\"caption\":\"Admin UTIC\"},\"sameAs\":[\"https:\\\/\\\/www.gsccanarias.com\\\/\"],\"url\":\"https:\\\/\\\/www.gsccanarias.com\\\/gsc\\\/author\\\/admin-utic\\\/\"}]}<\/script>\n<!-- \/ Yoast SEO plugin. -->","yoast_head_json":{"title":"Personal del SUC asiste un parto en una ambulancia de soporte vital b\u00e1sico en Fuerteventura - GSC","robots":{"index":"index","follow":"follow","max-snippet":"max-snippet:-1","max-image-preview":"max-image-preview:large","max-video-preview":"max-video-preview:-1"},"canonical":"https:\/\/www.gsccanarias.com\/gsc\/personal-del-suc-asiste-un-parto-en-una-ambulancia-de-soporte-vital-basico-en-fuerteventura\/","og_locale":"es_ES","og_type":"article","og_title":"Personal del SUC asiste un parto en una ambulancia de soporte vital b\u00e1sico en Fuerteventura - GSC","og_description":"La madre y la reci\u00e9n nacida fueron trasladadas en buen estado al Hospital General de Fuerteventura Virgen de la Pe\u00f1a Una mujer dio a luz la pasada semana en Fuerteventura a una ni\u00f1a en una ambulancia de soporte vital b\u00e1sico del Servicio de Urgencias Canario...","og_url":"https:\/\/www.gsccanarias.com\/gsc\/personal-del-suc-asiste-un-parto-en-una-ambulancia-de-soporte-vital-basico-en-fuerteventura\/","og_site_name":"GSC","article_published_time":"2024-12-16T14:07:14+00:00","og_image":[{"width":1600,"height":1200,"url":"https:\/\/www.gsccanarias.com\/gsc\/wp-content\/uploads\/2024\/12\/EnfermeroSUCSalaLPA.jpg","type":"image\/jpeg"}],"author":"Admin UTIC","twitter_card":"summary_large_image","twitter_misc":{"Escrito por":"Admin UTIC","Tiempo de lectura":"1 minuto"},"schema":{"@context":"https:\/\/schema.org","@graph":[{"@type":"Article","@id":"https:\/\/www.gsccanarias.com\/gsc\/personal-del-suc-asiste-un-parto-en-una-ambulancia-de-soporte-vital-basico-en-fuerteventura\/#article","isPartOf":{"@id":"https:\/\/www.gsccanarias.com\/gsc\/personal-del-suc-asiste-un-parto-en-una-ambulancia-de-soporte-vital-basico-en-fuerteventura\/"},"author":{"name":"Admin UTIC","@id":"https:\/\/www.gsccanarias.com\/gsc\/#\/schema\/person\/10e8d38c71959996376b185ac837a881"},"headline":"Personal del SUC asiste un parto en una ambulancia de soporte vital b\u00e1sico en Fuerteventura","datePublished":"2024-12-16T14:07:14+00:00","mainEntityOfPage":{"@id":"https:\/\/www.gsccanarias.com\/gsc\/personal-del-suc-asiste-un-parto-en-una-ambulancia-de-soporte-vital-basico-en-fuerteventura\/"},"wordCount":315,"image":{"@id":"https:\/\/www.gsccanarias.com\/gsc\/personal-del-suc-asiste-un-parto-en-una-ambulancia-de-soporte-vital-basico-en-fuerteventura\/#primaryimage"},"thumbnailUrl":"https:\/\/www.gsccanarias.com\/gsc\/wp-content\/uploads\/2024\/12\/EnfermeroSUCSalaLPA.jpg","articleSection":["Noticias","\u00daltimas noticias"],"inLanguage":"es"},{"@type":"WebPage","@id":"https:\/\/www.gsccanarias.com\/gsc\/personal-del-suc-asiste-un-parto-en-una-ambulancia-de-soporte-vital-basico-en-fuerteventura\/","url":"https:\/\/www.gsccanarias.com\/gsc\/personal-del-suc-asiste-un-parto-en-una-ambulancia-de-soporte-vital-basico-en-fuerteventura\/","name":"Personal del SUC asiste un parto en una ambulancia de soporte vital b\u00e1sico en Fuerteventura - GSC","isPartOf":{"@id":"https:\/\/www.gsccanarias.com\/gsc\/#website"},"primaryImageOfPage":{"@id":"https:\/\/www.gsccanarias.com\/gsc\/personal-del-suc-asiste-un-parto-en-una-ambulancia-de-soporte-vital-basico-en-fuerteventura\/#primaryimage"},"image":{"@id":"https:\/\/www.gsccanarias.com\/gsc\/personal-del-suc-asiste-un-parto-en-una-ambulancia-de-soporte-vital-basico-en-fuerteventura\/#primaryimage"},"thumbnailUrl":"https:\/\/www.gsccanarias.com\/gsc\/wp-content\/uploads\/2024\/12\/EnfermeroSUCSalaLPA.jpg","datePublished":"2024-12-16T14:07:14+00:00","author":{"@id":"https:\/\/www.gsccanarias.com\/gsc\/#\/schema\/person\/10e8d38c71959996376b185ac837a881"},"breadcrumb":{"@id":"https:\/\/www.gsccanarias.com\/gsc\/personal-del-suc-asiste-un-parto-en-una-ambulancia-de-soporte-vital-basico-en-fuerteventura\/#breadcrumb"},"inLanguage":"es","potentialAction":[{"@type":"ReadAction","target":["https:\/\/www.gsccanarias.com\/gsc\/personal-del-suc-asiste-un-parto-en-una-ambulancia-de-soporte-vital-basico-en-fuerteventura\/"]}]},{"@type":"ImageObject","inLanguage":"es","@id":"https:\/\/www.gsccanarias.com\/gsc\/personal-del-suc-asiste-un-parto-en-una-ambulancia-de-soporte-vital-basico-en-fuerteventura\/#primaryimage","url":"https:\/\/www.gsccanarias.com\/gsc\/wp-content\/uploads\/2024\/12\/EnfermeroSUCSalaLPA.jpg","contentUrl":"https:\/\/www.gsccanarias.com\/gsc\/wp-content\/uploads\/2024\/12\/EnfermeroSUCSalaLPA.jpg","width":1600,"height":1200,"caption":"Enfermero SUC en sala operativa del CECOES 112 Gobierno de Canarias"},{"@type":"BreadcrumbList","@id":"https:\/\/www.gsccanarias.com\/gsc\/personal-del-suc-asiste-un-parto-en-una-ambulancia-de-soporte-vital-basico-en-fuerteventura\/#breadcrumb","itemListElement":[{"@type":"ListItem","position":1,"name":"Portada","item":"https:\/\/www.gsccanarias.com\/gsc\/"},{"@type":"ListItem","position":2,"name":"Personal del SUC asiste un parto en una ambulancia de soporte vital b\u00e1sico en Fuerteventura"}]},{"@type":"WebSite","@id":"https:\/\/www.gsccanarias.com\/gsc\/#website","url":"https:\/\/www.gsccanarias.com\/gsc\/","name":"GSC","description":"Administramos servicios relacionados con la salud, las emergencias, la seguridad y el transporte sanitario","potentialAction":[{"@type":"SearchAction","target":{"@type":"EntryPoint","urlTemplate":"https:\/\/www.gsccanarias.com\/gsc\/?s={search_term_string}"},"query-input":{"@type":"PropertyValueSpecification","valueRequired":true,"valueName":"search_term_string"}}],"inLanguage":"es"},{"@type":"Person","@id":"https:\/\/www.gsccanarias.com\/gsc\/#\/schema\/person\/10e8d38c71959996376b185ac837a881","name":"Admin UTIC","image":{"@type":"ImageObject","inLanguage":"es","@id":"https:\/\/secure.gravatar.com\/avatar\/9944d13ffa9e890212bdecdb997578fb61a8c719e8e12084ed6f10dc43a68ebd?s=96&d=mm&r=g","url":"https:\/\/secure.gravatar.com\/avatar\/9944d13ffa9e890212bdecdb997578fb61a8c719e8e12084ed6f10dc43a68ebd?s=96&d=mm&r=g","contentUrl":"https:\/\/secure.gravatar.com\/avatar\/9944d13ffa9e890212bdecdb997578fb61a8c719e8e12084ed6f10dc43a68ebd?s=96&d=mm&r=g","caption":"Admin UTIC"},"sameAs":["https:\/\/www.gsccanarias.com\/"],"url":"https:\/\/www.gsccanarias.com\/gsc\/author\/admin-utic\/"}]}},"publishpress_future_workflow_manual_trigger":{"enabledWorkflows":[]},"_links":{"self":[{"href":"https:\/\/www.gsccanarias.com\/gsc\/wp-json\/wp\/v2\/posts\/15862","targetHints":{"allow":["GET"]}}],"collection":[{"href":"https:\/\/www.gsccanarias.com\/gsc\/wp-json\/wp\/v2\/posts"}],"about":[{"href":"https:\/\/www.gsccanarias.com\/gsc\/wp-json\/wp\/v2\/types\/post"}],"author":[{"embeddable":true,"href":"https:\/\/www.gsccanarias.com\/gsc\/wp-json\/wp\/v2\/users\/18"}],"replies":[{"embeddable":true,"href":"https:\/\/www.gsccanarias.com\/gsc\/wp-json\/wp\/v2\/comments?post=15862"}],"version-history":[{"count":1,"href":"https:\/\/www.gsccanarias.com\/gsc\/wp-json\/wp\/v2\/posts\/15862\/revisions"}],"predecessor-version":[{"id":15864,"href":"https:\/\/www.gsccanarias.com\/gsc\/wp-json\/wp\/v2\/posts\/15862\/revisions\/15864"}],"wp:featuredmedia":[{"embeddable":true,"href":"https:\/\/www.gsccanarias.com\/gsc\/wp-json\/wp\/v2\/media\/15863"}],"wp:attachment":[{"href":"https:\/\/www.gsccanarias.com\/gsc\/wp-json\/wp\/v2\/media?parent=15862"}],"wp:term":[{"taxonomy":"category","embeddable":true,"href":"https:\/\/www.gsccanarias.com\/gsc\/wp-json\/wp\/v2\/categories?post=15862"},{"taxonomy":"post_tag","embeddable":true,"href":"https:\/\/www.gsccanarias.com\/gsc\/wp-json\/wp\/v2\/tags?post=15862"}],"curies":[{"name":"wp","href":"https:\/\/api.w.org\/{rel}","templated":true}]}}