{"id":15541,"date":"2024-10-28T20:19:25","date_gmt":"2024-10-28T20:19:25","guid":{"rendered":"https:\/\/www.gsccanarias.com\/gsc\/?p=15541"},"modified":"2024-10-28T20:32:53","modified_gmt":"2024-10-28T20:32:53","slug":"el-gobierno-de-canarias-finaliza-la-situacion-de-prealerta-por-riesgo-de-incendios-forestales","status":"publish","type":"post","link":"https:\/\/www.gsccanarias.com\/gsc\/el-gobierno-de-canarias-finaliza-la-situacion-de-prealerta-por-riesgo-de-incendios-forestales\/","title":{"rendered":"El Gobierno de Canarias finaliza la situaci\u00f3n de prealerta por riesgo de incendios forestales"},"content":{"rendered":"<div class=\"x_elementToProof\" data-olk-copy-source=\"MessageBody\"><\/div>\n<div>\n<div class=\"x_elementToProof\" data-olk-copy-source=\"MessageBody\">El Gobierno de Canarias, a trav\u00e9s de la Direcci\u00f3n General de Emergencias, finaliza la situaci\u00f3n de prealerta por riesgo de incendios forestales en El Hierro, La Palma, La Gomera, Tenerife y, desde la cota de 400 metros sobre el nivel del mar, en Gran Canaria, a partir de las 20:00 horas de hoy, lunes, 28 de octubre.<\/div>\n<div><\/div>\n<div>Esta decisi\u00f3n se toma teniendo en cuenta la informaci\u00f3n facilitada por la Agencia Estatal de Meteorolog\u00eda y otras fuentes disponibles, y en aplicaci\u00f3n del Plan Especial de Protecci\u00f3n Civil y Atenci\u00f3n de Emergencias por Incendios Forestales de la Comunidad Aut\u00f3noma de Canarias (INFOCA).<\/div>\n<\/div>\n<p><b data-olk-copy-source=\"MessageBody\">Observaciones:\u00a0<\/b>la situaci\u00f3n climatol\u00f3gica, meteorol\u00f3gica y medioambiental en las islas occidentales y Gran Canaria hacen que el riesgo de incendio forestal sea bajo, por lo que se dan las condiciones oportunas para finalizar la situaci\u00f3n de prealerta por riesgo de incendios forestales declarada el 18 de marzo como consecuencia de las condiciones excepcionales meteorol\u00f3gicas agravadas por la sequ\u00eda que se registra en Canarias.<\/p>\n<div class=\"pvc_clear\"><\/div>\n<p id=\"pvc_stats_15541\" class=\"pvc_stats all  \" data-element-id=\"15541\" style=\"\"><i class=\"pvc-stats-icon medium\" aria-hidden=\"true\"><svg aria-hidden=\"true\" focusable=\"false\" data-prefix=\"far\" data-icon=\"chart-bar\" role=\"img\" xmlns=\"http:\/\/www.w3.org\/2000\/svg\" viewBox=\"0 0 512 512\" class=\"svg-inline--fa fa-chart-bar fa-w-16 fa-2x\"><path fill=\"currentColor\" d=\"M396.8 352h22.4c6.4 0 12.8-6.4 12.8-12.8V108.8c0-6.4-6.4-12.8-12.8-12.8h-22.4c-6.4 0-12.8 6.4-12.8 12.8v230.4c0 6.4 6.4 12.8 12.8 12.8zm-192 0h22.4c6.4 0 12.8-6.4 12.8-12.8V140.8c0-6.4-6.4-12.8-12.8-12.8h-22.4c-6.4 0-12.8 6.4-12.8 12.8v198.4c0 6.4 6.4 12.8 12.8 12.8zm96 0h22.4c6.4 0 12.8-6.4 12.8-12.8V204.8c0-6.4-6.4-12.8-12.8-12.8h-22.4c-6.4 0-12.8 6.4-12.8 12.8v134.4c0 6.4 6.4 12.8 12.8 12.8zM496 400H48V80c0-8.84-7.16-16-16-16H16C7.16 64 0 71.16 0 80v336c0 17.67 14.33 32 32 32h464c8.84 0 16-7.16 16-16v-16c0-8.84-7.16-16-16-16zm-387.2-48h22.4c6.4 0 12.8-6.4 12.8-12.8v-70.4c0-6.4-6.4-12.8-12.8-12.8h-22.4c-6.4 0-12.8 6.4-12.8 12.8v70.4c0 6.4 6.4 12.8 12.8 12.8z\" class=\"\"><\/path><\/svg><\/i> <\/p>\n<div class=\"pvc_clear\"><\/div>\n<div class=\"print\"><span class=\"page_title\">P\u00e1gina: <span>El Gobierno de Canarias finaliza la situaci\u00f3n de prealerta por riesgo de incendios forestales<\/span><\/span>\n\t\t\t\t\t\t\t\t\t\t\t<span class=\"page_title\">Fecha de impresi\u00f3n: <span>02\/05\/2026 - 06:51:42 UTC<\/span><\/span>\n\t\t\t\t\t\t\t\t\t\t\t<span class=\"stmp_trans_date\">\u00daltima actualizaci\u00f3n: <span>28\/10\/2024 - 20:32:53<\/span><\/span>\n\t\t\t\t\t\t\t\t\t\t\t<span class=\"stmp_trans_date\">Fecha publicaci\u00f3n: <span>28\/10\/2024 - 20:19:25<\/span><\/span>\n\t\t\t\t\t\t\t\t\t\t\t<span class=\"stmp_trans_date\">Fecha creaci\u00f3n: <span>28\/10\/2024 - 20:19:25<\/span><\/span><\/div>\n\t","protected":false},"excerpt":{"rendered":"<p>El Gobierno de Canarias, a trav\u00e9s de la Direcci\u00f3n General de Emergencias, finaliza la situaci\u00f3n de prealerta por riesgo de incendios forestales en El Hierro, La Palma, La Gomera, Tenerife y, desde la cota de 400 metros sobre el nivel del mar, en Gran Canaria,&#8230;<\/p>\n<div class=\"pvc_clear\"><\/div>\n<p id=\"pvc_stats_15541\" class=\"pvc_stats all  \" data-element-id=\"15541\" style=\"\"><i class=\"pvc-stats-icon medium\" aria-hidden=\"true\"><svg aria-hidden=\"true\" focusable=\"false\" data-prefix=\"far\" data-icon=\"chart-bar\" role=\"img\" xmlns=\"http:\/\/www.w3.org\/2000\/svg\" viewBox=\"0 0 512 512\" class=\"svg-inline--fa fa-chart-bar fa-w-16 fa-2x\"><path fill=\"currentColor\" d=\"M396.8 352h22.4c6.4 0 12.8-6.4 12.8-12.8V108.8c0-6.4-6.4-12.8-12.8-12.8h-22.4c-6.4 0-12.8 6.4-12.8 12.8v230.4c0 6.4 6.4 12.8 12.8 12.8zm-192 0h22.4c6.4 0 12.8-6.4 12.8-12.8V140.8c0-6.4-6.4-12.8-12.8-12.8h-22.4c-6.4 0-12.8 6.4-12.8 12.8v198.4c0 6.4 6.4 12.8 12.8 12.8zm96 0h22.4c6.4 0 12.8-6.4 12.8-12.8V204.8c0-6.4-6.4-12.8-12.8-12.8h-22.4c-6.4 0-12.8 6.4-12.8 12.8v134.4c0 6.4 6.4 12.8 12.8 12.8zM496 400H48V80c0-8.84-7.16-16-16-16H16C7.16 64 0 71.16 0 80v336c0 17.67 14.33 32 32 32h464c8.84 0 16-7.16 16-16v-16c0-8.84-7.16-16-16-16zm-387.2-48h22.4c6.4 0 12.8-6.4 12.8-12.8v-70.4c0-6.4-6.4-12.8-12.8-12.8h-22.4c-6.4 0-12.8 6.4-12.8 12.8v70.4c0 6.4 6.4 12.8 12.8 12.8z\" class=\"\"><\/path><\/svg><\/i> <img loading=\"lazy\" decoding=\"async\" width=\"16\" height=\"16\" alt=\"Loading\" src=\"https:\/\/www.gsccanarias.com\/gsc\/wp-content\/plugins\/page-views-count\/ajax-loader-2x.gif\" border=0 \/><\/p>\n<div class=\"pvc_clear\"><\/div>\n","protected":false},"author":18,"featured_media":15546,"comment_status":"closed","ping_status":"open","sticky":false,"template":"","format":"standard","meta":{"footnotes":""},"categories":[35,36],"tags":[],"class_list":["post-15541","post","type-post","status-publish","format-standard","has-post-thumbnail","hentry","category-noticias","category-ultimas-noticias"],"a3_pvc":{"activated":true,"total_views":48,"today_views":0},"yoast_head":"<!-- This site is optimized with the Yoast SEO plugin v27.5 - https:\/\/yoast.com\/product\/yoast-seo-wordpress\/ -->\n<title>El Gobierno de Canarias finaliza la situaci\u00f3n de prealerta por riesgo de incendios forestales - GSC<\/title>\n<meta name=\"robots\" content=\"index, follow, max-snippet:-1, max-image-preview:large, max-video-preview:-1\" \/>\n<link rel=\"canonical\" href=\"https:\/\/www.gsccanarias.com\/gsc\/el-gobierno-de-canarias-finaliza-la-situacion-de-prealerta-por-riesgo-de-incendios-forestales\/\" \/>\n<meta property=\"og:locale\" content=\"es_ES\" \/>\n<meta property=\"og:type\" content=\"article\" \/>\n<meta property=\"og:title\" content=\"El Gobierno de Canarias finaliza la situaci\u00f3n de prealerta por riesgo de incendios forestales - GSC\" \/>\n<meta property=\"og:description\" content=\"El Gobierno de Canarias, a trav\u00e9s de la Direcci\u00f3n General de Emergencias, finaliza la situaci\u00f3n de prealerta por riesgo de incendios forestales en El Hierro, La Palma, La Gomera, Tenerife y, desde la cota de 400 metros sobre el nivel del mar, en Gran Canaria,...\" \/>\n<meta property=\"og:url\" content=\"https:\/\/www.gsccanarias.com\/gsc\/el-gobierno-de-canarias-finaliza-la-situacion-de-prealerta-por-riesgo-de-incendios-forestales\/\" \/>\n<meta property=\"og:site_name\" content=\"GSC\" \/>\n<meta property=\"article:published_time\" content=\"2024-10-28T20:19:25+00:00\" \/>\n<meta property=\"article:modified_time\" content=\"2024-10-28T20:32:53+00:00\" \/>\n<meta property=\"og:image\" content=\"https:\/\/www.gsccanarias.com\/gsc\/wp-content\/uploads\/2024\/10\/Cartelas-Finaliza-Prealerta-IF-1.jpg\" \/>\n\t<meta property=\"og:image:width\" content=\"1080\" \/>\n\t<meta property=\"og:image:height\" content=\"723\" \/>\n\t<meta property=\"og:image:type\" content=\"image\/jpeg\" \/>\n<meta name=\"author\" content=\"Admin UTIC\" \/>\n<meta name=\"twitter:card\" content=\"summary_large_image\" \/>\n<meta name=\"twitter:label1\" content=\"Escrito por\" \/>\n\t<meta name=\"twitter:data1\" content=\"Admin UTIC\" \/>\n\t<meta name=\"twitter:label2\" content=\"Tiempo de lectura\" \/>\n\t<meta name=\"twitter:data2\" content=\"1 minuto\" \/>\n<script type=\"application\/ld+json\" class=\"yoast-schema-graph\">{\"@context\":\"https:\\\/\\\/schema.org\",\"@graph\":[{\"@type\":\"Article\",\"@id\":\"https:\\\/\\\/www.gsccanarias.com\\\/gsc\\\/el-gobierno-de-canarias-finaliza-la-situacion-de-prealerta-por-riesgo-de-incendios-forestales\\\/#article\",\"isPartOf\":{\"@id\":\"https:\\\/\\\/www.gsccanarias.com\\\/gsc\\\/el-gobierno-de-canarias-finaliza-la-situacion-de-prealerta-por-riesgo-de-incendios-forestales\\\/\"},\"author\":{\"name\":\"Admin UTIC\",\"@id\":\"https:\\\/\\\/www.gsccanarias.com\\\/gsc\\\/#\\\/schema\\\/person\\\/10e8d38c71959996376b185ac837a881\"},\"headline\":\"El Gobierno de Canarias finaliza la situaci\u00f3n de prealerta por riesgo de incendios forestales\",\"datePublished\":\"2024-10-28T20:19:25+00:00\",\"dateModified\":\"2024-10-28T20:32:53+00:00\",\"mainEntityOfPage\":{\"@id\":\"https:\\\/\\\/www.gsccanarias.com\\\/gsc\\\/el-gobierno-de-canarias-finaliza-la-situacion-de-prealerta-por-riesgo-de-incendios-forestales\\\/\"},\"wordCount\":190,\"image\":{\"@id\":\"https:\\\/\\\/www.gsccanarias.com\\\/gsc\\\/el-gobierno-de-canarias-finaliza-la-situacion-de-prealerta-por-riesgo-de-incendios-forestales\\\/#primaryimage\"},\"thumbnailUrl\":\"https:\\\/\\\/www.gsccanarias.com\\\/gsc\\\/wp-content\\\/uploads\\\/2024\\\/10\\\/Cartelas-Finaliza-Prealerta-IF-1.jpg\",\"articleSection\":[\"Noticias\",\"\u00daltimas noticias\"],\"inLanguage\":\"es\"},{\"@type\":\"WebPage\",\"@id\":\"https:\\\/\\\/www.gsccanarias.com\\\/gsc\\\/el-gobierno-de-canarias-finaliza-la-situacion-de-prealerta-por-riesgo-de-incendios-forestales\\\/\",\"url\":\"https:\\\/\\\/www.gsccanarias.com\\\/gsc\\\/el-gobierno-de-canarias-finaliza-la-situacion-de-prealerta-por-riesgo-de-incendios-forestales\\\/\",\"name\":\"El Gobierno de Canarias finaliza la situaci\u00f3n de prealerta por riesgo de incendios forestales - GSC\",\"isPartOf\":{\"@id\":\"https:\\\/\\\/www.gsccanarias.com\\\/gsc\\\/#website\"},\"primaryImageOfPage\":{\"@id\":\"https:\\\/\\\/www.gsccanarias.com\\\/gsc\\\/el-gobierno-de-canarias-finaliza-la-situacion-de-prealerta-por-riesgo-de-incendios-forestales\\\/#primaryimage\"},\"image\":{\"@id\":\"https:\\\/\\\/www.gsccanarias.com\\\/gsc\\\/el-gobierno-de-canarias-finaliza-la-situacion-de-prealerta-por-riesgo-de-incendios-forestales\\\/#primaryimage\"},\"thumbnailUrl\":\"https:\\\/\\\/www.gsccanarias.com\\\/gsc\\\/wp-content\\\/uploads\\\/2024\\\/10\\\/Cartelas-Finaliza-Prealerta-IF-1.jpg\",\"datePublished\":\"2024-10-28T20:19:25+00:00\",\"dateModified\":\"2024-10-28T20:32:53+00:00\",\"author\":{\"@id\":\"https:\\\/\\\/www.gsccanarias.com\\\/gsc\\\/#\\\/schema\\\/person\\\/10e8d38c71959996376b185ac837a881\"},\"breadcrumb\":{\"@id\":\"https:\\\/\\\/www.gsccanarias.com\\\/gsc\\\/el-gobierno-de-canarias-finaliza-la-situacion-de-prealerta-por-riesgo-de-incendios-forestales\\\/#breadcrumb\"},\"inLanguage\":\"es\",\"potentialAction\":[{\"@type\":\"ReadAction\",\"target\":[\"https:\\\/\\\/www.gsccanarias.com\\\/gsc\\\/el-gobierno-de-canarias-finaliza-la-situacion-de-prealerta-por-riesgo-de-incendios-forestales\\\/\"]}]},{\"@type\":\"ImageObject\",\"inLanguage\":\"es\",\"@id\":\"https:\\\/\\\/www.gsccanarias.com\\\/gsc\\\/el-gobierno-de-canarias-finaliza-la-situacion-de-prealerta-por-riesgo-de-incendios-forestales\\\/#primaryimage\",\"url\":\"https:\\\/\\\/www.gsccanarias.com\\\/gsc\\\/wp-content\\\/uploads\\\/2024\\\/10\\\/Cartelas-Finaliza-Prealerta-IF-1.jpg\",\"contentUrl\":\"https:\\\/\\\/www.gsccanarias.com\\\/gsc\\\/wp-content\\\/uploads\\\/2024\\\/10\\\/Cartelas-Finaliza-Prealerta-IF-1.jpg\",\"width\":1080,\"height\":723,\"caption\":\"Cartelas Prealertas nuevas - 13\"},{\"@type\":\"BreadcrumbList\",\"@id\":\"https:\\\/\\\/www.gsccanarias.com\\\/gsc\\\/el-gobierno-de-canarias-finaliza-la-situacion-de-prealerta-por-riesgo-de-incendios-forestales\\\/#breadcrumb\",\"itemListElement\":[{\"@type\":\"ListItem\",\"position\":1,\"name\":\"Portada\",\"item\":\"https:\\\/\\\/www.gsccanarias.com\\\/gsc\\\/\"},{\"@type\":\"ListItem\",\"position\":2,\"name\":\"El Gobierno de Canarias finaliza la situaci\u00f3n de prealerta por riesgo de incendios forestales\"}]},{\"@type\":\"WebSite\",\"@id\":\"https:\\\/\\\/www.gsccanarias.com\\\/gsc\\\/#website\",\"url\":\"https:\\\/\\\/www.gsccanarias.com\\\/gsc\\\/\",\"name\":\"GSC\",\"description\":\"Administramos servicios relacionados con la salud, las emergencias, la seguridad y el transporte sanitario\",\"potentialAction\":[{\"@type\":\"SearchAction\",\"target\":{\"@type\":\"EntryPoint\",\"urlTemplate\":\"https:\\\/\\\/www.gsccanarias.com\\\/gsc\\\/?s={search_term_string}\"},\"query-input\":{\"@type\":\"PropertyValueSpecification\",\"valueRequired\":true,\"valueName\":\"search_term_string\"}}],\"inLanguage\":\"es\"},{\"@type\":\"Person\",\"@id\":\"https:\\\/\\\/www.gsccanarias.com\\\/gsc\\\/#\\\/schema\\\/person\\\/10e8d38c71959996376b185ac837a881\",\"name\":\"Admin UTIC\",\"image\":{\"@type\":\"ImageObject\",\"inLanguage\":\"es\",\"@id\":\"https:\\\/\\\/secure.gravatar.com\\\/avatar\\\/9944d13ffa9e890212bdecdb997578fb61a8c719e8e12084ed6f10dc43a68ebd?s=96&d=mm&r=g\",\"url\":\"https:\\\/\\\/secure.gravatar.com\\\/avatar\\\/9944d13ffa9e890212bdecdb997578fb61a8c719e8e12084ed6f10dc43a68ebd?s=96&d=mm&r=g\",\"contentUrl\":\"https:\\\/\\\/secure.gravatar.com\\\/avatar\\\/9944d13ffa9e890212bdecdb997578fb61a8c719e8e12084ed6f10dc43a68ebd?s=96&d=mm&r=g\",\"caption\":\"Admin UTIC\"},\"sameAs\":[\"https:\\\/\\\/www.gsccanarias.com\\\/\"],\"url\":\"https:\\\/\\\/www.gsccanarias.com\\\/gsc\\\/author\\\/admin-utic\\\/\"}]}<\/script>\n<!-- \/ Yoast SEO plugin. -->","yoast_head_json":{"title":"El Gobierno de Canarias finaliza la situaci\u00f3n de prealerta por riesgo de incendios forestales - GSC","robots":{"index":"index","follow":"follow","max-snippet":"max-snippet:-1","max-image-preview":"max-image-preview:large","max-video-preview":"max-video-preview:-1"},"canonical":"https:\/\/www.gsccanarias.com\/gsc\/el-gobierno-de-canarias-finaliza-la-situacion-de-prealerta-por-riesgo-de-incendios-forestales\/","og_locale":"es_ES","og_type":"article","og_title":"El Gobierno de Canarias finaliza la situaci\u00f3n de prealerta por riesgo de incendios forestales - GSC","og_description":"El Gobierno de Canarias, a trav\u00e9s de la Direcci\u00f3n General de Emergencias, finaliza la situaci\u00f3n de prealerta por riesgo de incendios forestales en El Hierro, La Palma, La Gomera, Tenerife y, desde la cota de 400 metros sobre el nivel del mar, en Gran Canaria,...","og_url":"https:\/\/www.gsccanarias.com\/gsc\/el-gobierno-de-canarias-finaliza-la-situacion-de-prealerta-por-riesgo-de-incendios-forestales\/","og_site_name":"GSC","article_published_time":"2024-10-28T20:19:25+00:00","article_modified_time":"2024-10-28T20:32:53+00:00","og_image":[{"width":1080,"height":723,"url":"https:\/\/www.gsccanarias.com\/gsc\/wp-content\/uploads\/2024\/10\/Cartelas-Finaliza-Prealerta-IF-1.jpg","type":"image\/jpeg"}],"author":"Admin UTIC","twitter_card":"summary_large_image","twitter_misc":{"Escrito por":"Admin UTIC","Tiempo de lectura":"1 minuto"},"schema":{"@context":"https:\/\/schema.org","@graph":[{"@type":"Article","@id":"https:\/\/www.gsccanarias.com\/gsc\/el-gobierno-de-canarias-finaliza-la-situacion-de-prealerta-por-riesgo-de-incendios-forestales\/#article","isPartOf":{"@id":"https:\/\/www.gsccanarias.com\/gsc\/el-gobierno-de-canarias-finaliza-la-situacion-de-prealerta-por-riesgo-de-incendios-forestales\/"},"author":{"name":"Admin UTIC","@id":"https:\/\/www.gsccanarias.com\/gsc\/#\/schema\/person\/10e8d38c71959996376b185ac837a881"},"headline":"El Gobierno de Canarias finaliza la situaci\u00f3n de prealerta por riesgo de incendios forestales","datePublished":"2024-10-28T20:19:25+00:00","dateModified":"2024-10-28T20:32:53+00:00","mainEntityOfPage":{"@id":"https:\/\/www.gsccanarias.com\/gsc\/el-gobierno-de-canarias-finaliza-la-situacion-de-prealerta-por-riesgo-de-incendios-forestales\/"},"wordCount":190,"image":{"@id":"https:\/\/www.gsccanarias.com\/gsc\/el-gobierno-de-canarias-finaliza-la-situacion-de-prealerta-por-riesgo-de-incendios-forestales\/#primaryimage"},"thumbnailUrl":"https:\/\/www.gsccanarias.com\/gsc\/wp-content\/uploads\/2024\/10\/Cartelas-Finaliza-Prealerta-IF-1.jpg","articleSection":["Noticias","\u00daltimas noticias"],"inLanguage":"es"},{"@type":"WebPage","@id":"https:\/\/www.gsccanarias.com\/gsc\/el-gobierno-de-canarias-finaliza-la-situacion-de-prealerta-por-riesgo-de-incendios-forestales\/","url":"https:\/\/www.gsccanarias.com\/gsc\/el-gobierno-de-canarias-finaliza-la-situacion-de-prealerta-por-riesgo-de-incendios-forestales\/","name":"El Gobierno de Canarias finaliza la situaci\u00f3n de prealerta por riesgo de incendios forestales - GSC","isPartOf":{"@id":"https:\/\/www.gsccanarias.com\/gsc\/#website"},"primaryImageOfPage":{"@id":"https:\/\/www.gsccanarias.com\/gsc\/el-gobierno-de-canarias-finaliza-la-situacion-de-prealerta-por-riesgo-de-incendios-forestales\/#primaryimage"},"image":{"@id":"https:\/\/www.gsccanarias.com\/gsc\/el-gobierno-de-canarias-finaliza-la-situacion-de-prealerta-por-riesgo-de-incendios-forestales\/#primaryimage"},"thumbnailUrl":"https:\/\/www.gsccanarias.com\/gsc\/wp-content\/uploads\/2024\/10\/Cartelas-Finaliza-Prealerta-IF-1.jpg","datePublished":"2024-10-28T20:19:25+00:00","dateModified":"2024-10-28T20:32:53+00:00","author":{"@id":"https:\/\/www.gsccanarias.com\/gsc\/#\/schema\/person\/10e8d38c71959996376b185ac837a881"},"breadcrumb":{"@id":"https:\/\/www.gsccanarias.com\/gsc\/el-gobierno-de-canarias-finaliza-la-situacion-de-prealerta-por-riesgo-de-incendios-forestales\/#breadcrumb"},"inLanguage":"es","potentialAction":[{"@type":"ReadAction","target":["https:\/\/www.gsccanarias.com\/gsc\/el-gobierno-de-canarias-finaliza-la-situacion-de-prealerta-por-riesgo-de-incendios-forestales\/"]}]},{"@type":"ImageObject","inLanguage":"es","@id":"https:\/\/www.gsccanarias.com\/gsc\/el-gobierno-de-canarias-finaliza-la-situacion-de-prealerta-por-riesgo-de-incendios-forestales\/#primaryimage","url":"https:\/\/www.gsccanarias.com\/gsc\/wp-content\/uploads\/2024\/10\/Cartelas-Finaliza-Prealerta-IF-1.jpg","contentUrl":"https:\/\/www.gsccanarias.com\/gsc\/wp-content\/uploads\/2024\/10\/Cartelas-Finaliza-Prealerta-IF-1.jpg","width":1080,"height":723,"caption":"Cartelas Prealertas nuevas - 13"},{"@type":"BreadcrumbList","@id":"https:\/\/www.gsccanarias.com\/gsc\/el-gobierno-de-canarias-finaliza-la-situacion-de-prealerta-por-riesgo-de-incendios-forestales\/#breadcrumb","itemListElement":[{"@type":"ListItem","position":1,"name":"Portada","item":"https:\/\/www.gsccanarias.com\/gsc\/"},{"@type":"ListItem","position":2,"name":"El Gobierno de Canarias finaliza la situaci\u00f3n de prealerta por riesgo de incendios forestales"}]},{"@type":"WebSite","@id":"https:\/\/www.gsccanarias.com\/gsc\/#website","url":"https:\/\/www.gsccanarias.com\/gsc\/","name":"GSC","description":"Administramos servicios relacionados con la salud, las emergencias, la seguridad y el transporte sanitario","potentialAction":[{"@type":"SearchAction","target":{"@type":"EntryPoint","urlTemplate":"https:\/\/www.gsccanarias.com\/gsc\/?s={search_term_string}"},"query-input":{"@type":"PropertyValueSpecification","valueRequired":true,"valueName":"search_term_string"}}],"inLanguage":"es"},{"@type":"Person","@id":"https:\/\/www.gsccanarias.com\/gsc\/#\/schema\/person\/10e8d38c71959996376b185ac837a881","name":"Admin UTIC","image":{"@type":"ImageObject","inLanguage":"es","@id":"https:\/\/secure.gravatar.com\/avatar\/9944d13ffa9e890212bdecdb997578fb61a8c719e8e12084ed6f10dc43a68ebd?s=96&d=mm&r=g","url":"https:\/\/secure.gravatar.com\/avatar\/9944d13ffa9e890212bdecdb997578fb61a8c719e8e12084ed6f10dc43a68ebd?s=96&d=mm&r=g","contentUrl":"https:\/\/secure.gravatar.com\/avatar\/9944d13ffa9e890212bdecdb997578fb61a8c719e8e12084ed6f10dc43a68ebd?s=96&d=mm&r=g","caption":"Admin UTIC"},"sameAs":["https:\/\/www.gsccanarias.com\/"],"url":"https:\/\/www.gsccanarias.com\/gsc\/author\/admin-utic\/"}]}},"publishpress_future_workflow_manual_trigger":{"enabledWorkflows":[]},"_links":{"self":[{"href":"https:\/\/www.gsccanarias.com\/gsc\/wp-json\/wp\/v2\/posts\/15541","targetHints":{"allow":["GET"]}}],"collection":[{"href":"https:\/\/www.gsccanarias.com\/gsc\/wp-json\/wp\/v2\/posts"}],"about":[{"href":"https:\/\/www.gsccanarias.com\/gsc\/wp-json\/wp\/v2\/types\/post"}],"author":[{"embeddable":true,"href":"https:\/\/www.gsccanarias.com\/gsc\/wp-json\/wp\/v2\/users\/18"}],"replies":[{"embeddable":true,"href":"https:\/\/www.gsccanarias.com\/gsc\/wp-json\/wp\/v2\/comments?post=15541"}],"version-history":[{"count":3,"href":"https:\/\/www.gsccanarias.com\/gsc\/wp-json\/wp\/v2\/posts\/15541\/revisions"}],"predecessor-version":[{"id":15545,"href":"https:\/\/www.gsccanarias.com\/gsc\/wp-json\/wp\/v2\/posts\/15541\/revisions\/15545"}],"wp:featuredmedia":[{"embeddable":true,"href":"https:\/\/www.gsccanarias.com\/gsc\/wp-json\/wp\/v2\/media\/15546"}],"wp:attachment":[{"href":"https:\/\/www.gsccanarias.com\/gsc\/wp-json\/wp\/v2\/media?parent=15541"}],"wp:term":[{"taxonomy":"category","embeddable":true,"href":"https:\/\/www.gsccanarias.com\/gsc\/wp-json\/wp\/v2\/categories?post=15541"},{"taxonomy":"post_tag","embeddable":true,"href":"https:\/\/www.gsccanarias.com\/gsc\/wp-json\/wp\/v2\/tags?post=15541"}],"curies":[{"name":"wp","href":"https:\/\/api.w.org\/{rel}","templated":true}]}}