{"id":15527,"date":"2024-10-17T16:27:13","date_gmt":"2024-10-17T16:27:13","guid":{"rendered":"https:\/\/www.gsccanarias.com\/gsc\/?p=15527"},"modified":"2024-10-18T16:28:43","modified_gmt":"2024-10-18T16:28:43","slug":"el-112-instrumento-eficaz-para-alertar-y-detectar-situaciones-de-violencia-infantojuvenil","status":"publish","type":"post","link":"https:\/\/www.gsccanarias.com\/gsc\/el-112-instrumento-eficaz-para-alertar-y-detectar-situaciones-de-violencia-infantojuvenil\/","title":{"rendered":"El 112, instrumento eficaz para alertar y detectar situaciones de violencia infantojuvenil"},"content":{"rendered":"<blockquote><p>El viceconsejero de Emergencias, Marcos Lorenzo, inaugur\u00f3 las Jornadas Formativas Clave-A en Tenerife sobre prevenci\u00f3n y actuaci\u00f3n contra este tipo de violencia<\/p>\n<p>En los \u00faltimos seis a\u00f1os, el 112 ha atendido casi 4.000 llamadas relacionadas con casos de violencia infantojuvenil<\/p>\n<p>5.500 carteles informativos ser\u00e1n distribuidos en los centros educativos para informar a los estudiantes de c\u00f3mo pedir ayuda ante un episodio de cualquier tipo de violencia<\/p><\/blockquote>\n<p><strong>El servicio de emergencias 112 del Gobierno de Canarias es un instrumento eficaz para alertar ante un caso de violencia infantojuvenil. As\u00ed lo indic\u00f3 esta ma\u00f1ana, el viceconsejero de Emergencias y Aguas, Marcos Lorenzo, en la inauguraci\u00f3n de las \u201cJornadas de Formaci\u00f3n Integral para la Prevenci\u00f3n y Actuaci\u00f3n ante la Violencia Infantojuvenil\u201d en Tenerife, que est\u00e1n organizadas por el proyecto Clave-A, a trav\u00e9s de la asociaci\u00f3n sin \u00e1nimo de lucro Sart-Up Coraz\u00f3n Solidario.<\/strong><\/p>\n<p>Marcos Lorenzo insisti\u00f3 en que \u201ces una obligaci\u00f3n participar en un proyecto de esta naturaleza que busca defender el activo m\u00e1s valioso de cualquier sociedad, los ni\u00f1os y j\u00f3venes, de cualquier tipo de violencia\u201d.<\/p>\n<p>En ese sentido, el Centro Coordinador de Emergencias y Seguridad 112 es una herramienta eficaz para comunicar estos casos a los que es necesario dar una respuesta r\u00e1pida, y constituye un eslab\u00f3n vital en la cadena de detecci\u00f3n de estos episodios de violencia, ya que es la v\u00eda de acceso para denunciar esas situaciones y cuenta adem\u00e1s con personal formado para ofrecer el asesoramiento adecuado a las personas que sufren este tipo de situaciones y que han dado el paso de pedir ayuda.<\/p>\n<p>El viceconsejero de Emergencias, destac\u00f3 el apoyo y colaboraci\u00f3n de la consejer\u00eda\u00a0de Pol\u00edtica Territorial, Cohesi\u00f3n Territorial y Aguas con esta iniciativa e insisti\u00f3 en la importancia de \u201cconcienciar y formar para poder proteger a este sector de la poblaci\u00f3n\u201d.<\/p>\n<p>Durante la inauguraci\u00f3n de esta jornada formativa en el IES La Laboral, en la Laguna, fue presentado el cartel en el que se informa a los estudiantes de las diferentes herramientas que disponen los estudiantes para denunciar episodios de violencia y que tambi\u00e9n se ha difundido en centros de salud y hospitales en colaboraci\u00f3n con la Consejer\u00eda de Sanidad.<\/p>\n<p>El objetivo de estas jornadas es formar a profesionales de todos los sectores que puedan verse implicados en la detecci\u00f3n de estos casos -sanidad, educaci\u00f3n, 112, cuerpos policiales, etc. \u2013 con el fin de que tengan las claves necesarias que les permitan detectar cuanto antes estos casos de violencia y poder orientar y asesorar adecuadamente a las v\u00edctimas.<\/p>\n<p>&nbsp;<\/p>\n<p><strong>Llamadas de violencia infantojuvenil atendidas en el 112<\/strong><\/p>\n<p>El 112 ha atendido, desde 2019 a septiembre de 2024, 3.970 llamadas relacionadas con casos de violencia infantojuvenil en diferentes puntos del archipi\u00e9lago, seg\u00fan inform\u00f3.<\/p>\n<p>Del total de las 3.970 llamadas recibidas en el CECOES 112, desde 2019 hasta septiembre de este a\u00f1o, la mayor parte, 2.201, corresponden a denuncias por malos tratos, seguidas de las situaciones de desamparo, con 577 llamadas, y los abusos sexuales con 384. Completan el n\u00famero de llamadas, casos de acoso, amenazas y coacciones cibern\u00e9ticas y\/o telef\u00f3nicas, pornograf\u00eda y prostituci\u00f3n de menores, seg\u00fan explic\u00f3 el responsable de la Sala Operativa de Las Palmas, Alexis Moreno, durante su intervenci\u00f3n en estas jornadas.<\/p>\n<p>&nbsp;<\/p>\n<p><strong>Recursos audiovisuales disponibles en los siguientes enlaces:<\/strong> https:\/\/www.acfipress.com\/tv\/2024-10-17\/emergencias-el-ies-la-laboral-sede-de-las-jornadas-clave-a-de-proteccion-a-la-infancia-totales-y-recursos<\/p>\n<div class=\"pvc_clear\"><\/div>\n<p id=\"pvc_stats_15527\" class=\"pvc_stats all  \" data-element-id=\"15527\" style=\"\"><i class=\"pvc-stats-icon medium\" aria-hidden=\"true\"><svg aria-hidden=\"true\" focusable=\"false\" data-prefix=\"far\" data-icon=\"chart-bar\" role=\"img\" xmlns=\"http:\/\/www.w3.org\/2000\/svg\" viewBox=\"0 0 512 512\" class=\"svg-inline--fa fa-chart-bar fa-w-16 fa-2x\"><path fill=\"currentColor\" d=\"M396.8 352h22.4c6.4 0 12.8-6.4 12.8-12.8V108.8c0-6.4-6.4-12.8-12.8-12.8h-22.4c-6.4 0-12.8 6.4-12.8 12.8v230.4c0 6.4 6.4 12.8 12.8 12.8zm-192 0h22.4c6.4 0 12.8-6.4 12.8-12.8V140.8c0-6.4-6.4-12.8-12.8-12.8h-22.4c-6.4 0-12.8 6.4-12.8 12.8v198.4c0 6.4 6.4 12.8 12.8 12.8zm96 0h22.4c6.4 0 12.8-6.4 12.8-12.8V204.8c0-6.4-6.4-12.8-12.8-12.8h-22.4c-6.4 0-12.8 6.4-12.8 12.8v134.4c0 6.4 6.4 12.8 12.8 12.8zM496 400H48V80c0-8.84-7.16-16-16-16H16C7.16 64 0 71.16 0 80v336c0 17.67 14.33 32 32 32h464c8.84 0 16-7.16 16-16v-16c0-8.84-7.16-16-16-16zm-387.2-48h22.4c6.4 0 12.8-6.4 12.8-12.8v-70.4c0-6.4-6.4-12.8-12.8-12.8h-22.4c-6.4 0-12.8 6.4-12.8 12.8v70.4c0 6.4 6.4 12.8 12.8 12.8z\" class=\"\"><\/path><\/svg><\/i> <\/p>\n<div class=\"pvc_clear\"><\/div>\n<div class=\"print\"><span class=\"page_title\">P\u00e1gina: <span>El 112, instrumento eficaz para alertar y detectar situaciones de violencia infantojuvenil<\/span><\/span>\n\t\t\t\t\t\t\t\t\t\t\t<span class=\"page_title\">Fecha de impresi\u00f3n: <span>27\/04\/2026 - 00:36:49 UTC<\/span><\/span>\n\t\t\t\t\t\t\t\t\t\t\t<span class=\"stmp_trans_date\">\u00daltima actualizaci\u00f3n: <span>18\/10\/2024 - 16:28:43<\/span><\/span>\n\t\t\t\t\t\t\t\t\t\t\t<span class=\"stmp_trans_date\">Fecha publicaci\u00f3n: <span>17\/10\/2024 - 16:27:13<\/span><\/span>\n\t\t\t\t\t\t\t\t\t\t\t<span class=\"stmp_trans_date\">Fecha creaci\u00f3n: <span>17\/10\/2024 - 16:27:13<\/span><\/span><\/div>\n\t","protected":false},"excerpt":{"rendered":"<p>El viceconsejero de Emergencias, Marcos Lorenzo, inaugur\u00f3 las Jornadas Formativas Clave-A en Tenerife sobre prevenci\u00f3n y actuaci\u00f3n contra este tipo de violencia En los \u00faltimos seis a\u00f1os, el 112 ha atendido casi 4.000 llamadas relacionadas con casos de violencia infantojuvenil 5.500 carteles informativos ser\u00e1n distribuidos&#8230;<\/p>\n<div class=\"pvc_clear\"><\/div>\n<p id=\"pvc_stats_15527\" class=\"pvc_stats all  \" data-element-id=\"15527\" style=\"\"><i class=\"pvc-stats-icon medium\" aria-hidden=\"true\"><svg aria-hidden=\"true\" focusable=\"false\" data-prefix=\"far\" data-icon=\"chart-bar\" role=\"img\" xmlns=\"http:\/\/www.w3.org\/2000\/svg\" viewBox=\"0 0 512 512\" class=\"svg-inline--fa fa-chart-bar fa-w-16 fa-2x\"><path fill=\"currentColor\" d=\"M396.8 352h22.4c6.4 0 12.8-6.4 12.8-12.8V108.8c0-6.4-6.4-12.8-12.8-12.8h-22.4c-6.4 0-12.8 6.4-12.8 12.8v230.4c0 6.4 6.4 12.8 12.8 12.8zm-192 0h22.4c6.4 0 12.8-6.4 12.8-12.8V140.8c0-6.4-6.4-12.8-12.8-12.8h-22.4c-6.4 0-12.8 6.4-12.8 12.8v198.4c0 6.4 6.4 12.8 12.8 12.8zm96 0h22.4c6.4 0 12.8-6.4 12.8-12.8V204.8c0-6.4-6.4-12.8-12.8-12.8h-22.4c-6.4 0-12.8 6.4-12.8 12.8v134.4c0 6.4 6.4 12.8 12.8 12.8zM496 400H48V80c0-8.84-7.16-16-16-16H16C7.16 64 0 71.16 0 80v336c0 17.67 14.33 32 32 32h464c8.84 0 16-7.16 16-16v-16c0-8.84-7.16-16-16-16zm-387.2-48h22.4c6.4 0 12.8-6.4 12.8-12.8v-70.4c0-6.4-6.4-12.8-12.8-12.8h-22.4c-6.4 0-12.8 6.4-12.8 12.8v70.4c0 6.4 6.4 12.8 12.8 12.8z\" class=\"\"><\/path><\/svg><\/i> <img loading=\"lazy\" decoding=\"async\" width=\"16\" height=\"16\" alt=\"Loading\" src=\"https:\/\/www.gsccanarias.com\/gsc\/wp-content\/plugins\/page-views-count\/ajax-loader-2x.gif\" border=0 \/><\/p>\n<div class=\"pvc_clear\"><\/div>\n","protected":false},"author":2,"featured_media":15529,"comment_status":"closed","ping_status":"open","sticky":false,"template":"","format":"standard","meta":{"footnotes":""},"categories":[35,36,1],"tags":[],"class_list":["post-15527","post","type-post","status-publish","format-standard","has-post-thumbnail","hentry","category-noticias","category-ultimas-noticias","category-uncategorized"],"a3_pvc":{"activated":true,"total_views":57,"today_views":0},"publishpress_future_workflow_manual_trigger":{"enabledWorkflows":[]},"_links":{"self":[{"href":"https:\/\/www.gsccanarias.com\/gsc\/wp-json\/wp\/v2\/posts\/15527","targetHints":{"allow":["GET"]}}],"collection":[{"href":"https:\/\/www.gsccanarias.com\/gsc\/wp-json\/wp\/v2\/posts"}],"about":[{"href":"https:\/\/www.gsccanarias.com\/gsc\/wp-json\/wp\/v2\/types\/post"}],"author":[{"embeddable":true,"href":"https:\/\/www.gsccanarias.com\/gsc\/wp-json\/wp\/v2\/users\/2"}],"replies":[{"embeddable":true,"href":"https:\/\/www.gsccanarias.com\/gsc\/wp-json\/wp\/v2\/comments?post=15527"}],"version-history":[{"count":2,"href":"https:\/\/www.gsccanarias.com\/gsc\/wp-json\/wp\/v2\/posts\/15527\/revisions"}],"predecessor-version":[{"id":15530,"href":"https:\/\/www.gsccanarias.com\/gsc\/wp-json\/wp\/v2\/posts\/15527\/revisions\/15530"}],"wp:featuredmedia":[{"embeddable":true,"href":"https:\/\/www.gsccanarias.com\/gsc\/wp-json\/wp\/v2\/media\/15529"}],"wp:attachment":[{"href":"https:\/\/www.gsccanarias.com\/gsc\/wp-json\/wp\/v2\/media?parent=15527"}],"wp:term":[{"taxonomy":"category","embeddable":true,"href":"https:\/\/www.gsccanarias.com\/gsc\/wp-json\/wp\/v2\/categories?post=15527"},{"taxonomy":"post_tag","embeddable":true,"href":"https:\/\/www.gsccanarias.com\/gsc\/wp-json\/wp\/v2\/tags?post=15527"}],"curies":[{"name":"wp","href":"https:\/\/api.w.org\/{rel}","templated":true}]}}