{"id":15425,"date":"2024-09-25T12:30:09","date_gmt":"2024-09-25T12:30:09","guid":{"rendered":"https:\/\/www.gsccanarias.com\/gsc\/?p=15425"},"modified":"2024-09-25T12:30:09","modified_gmt":"2024-09-25T12:30:09","slug":"el-gobierno-prueba-manana-el-sistema-de-aviso-masivo-a-la-poblacion-en-caso-de-emergencia-es-alert-en-gran-canaria","status":"publish","type":"post","link":"https:\/\/www.gsccanarias.com\/gsc\/el-gobierno-prueba-manana-el-sistema-de-aviso-masivo-a-la-poblacion-en-caso-de-emergencia-es-alert-en-gran-canaria\/","title":{"rendered":"El Gobierno prueba ma\u00f1ana el sistema de aviso masivo a la poblaci\u00f3n en caso de emergencia ES-Alert en Gran Canaria"},"content":{"rendered":"<blockquote><p>\u00a0El consejero de Pol\u00edtica Territorial, Manuel Miranda, participar\u00e1 en el ejercicio junto al presidente del Cabildo y la alcaldesa de la capital grancanaria desde el Mercado Central<\/p>\n<p>El director general de Emergencias, Fernando Figuereo, coordinar\u00e1 el ensayo desde la Sala Operativa del CECOES 112<\/p>\n<p>El aviso podr\u00eda recibirse tambi\u00e9n en la costa este y sureste de Tenerife, en los canales mar\u00edtimos y, de manera puntual, en el sur de Fuerteventura<\/p><\/blockquote>\n<p><strong>El Gobierno de Canarias prueba ma\u00f1ana 26 de septiembre, desde las 10:00 a las 12:00 horas, el sistema de aviso masivo a la poblaci\u00f3n en caso de emergencia ES-Alert en toda la isla de Gran Canaria, seg\u00fan anunci\u00f3 en rueda de prensa el viceconsejero de Emergencias y Aguas, Marcos Lorenzo. El Ejecutivo contin\u00faa as\u00ed testando este sistema de avisos que ya se ha probado en las islas de El Hierro, Fuerteventura, Lanzarote, La Palma y La Gomera y que se us\u00f3 de manera real en los incendios de Tenerife y La Palma en 2023.<\/strong><\/p>\n<p>La evoluci\u00f3n de la prueba de ma\u00f1ana se controlar\u00e1 desde dos puntos diferentes para comprobar la eficacia del sistema. Por un lado, el consejero de Pol\u00edtica Territorial, Cohesi\u00f3n Territorial y Aguas del Gobierno de Canarias, Manuel Miranda, junto al presidente del Cabildo de Gran Canaria, Antonio Morales, y la alcaldesa de la capital grancanaria, Carolina Darias, entre otras autoridades, estar\u00e1n ubicados en el Mercado Central de Las Palmas de Gran Canaria, donde tambi\u00e9n se instalar\u00e1 un Puesto de Mando Avanzado (PMA) de la Direcci\u00f3n General de Emergencias que estar\u00e1 conectado con el Centro Coordinador de Emergencias y Seguridad (CECOES) 112 para informar del desarrollo de la prueba en este punto.<\/p>\n<p>De forma simult\u00e1nea, desde la Sala Operativa del CECOES 112, el director general de Emergencias, Fernando Figuereo, dirigir\u00e1 y coordinar\u00e1 el desarrollo la prueba junto al subdirector de Protecci\u00f3n Civil y Emergencias, N\u00e9stor Padr\u00f3n, la jefa del Servicio de Protecci\u00f3n Civil y Atenci\u00f3n Emergencias, Montserrat Rom\u00e1n, y el director del CECOES 112, Mois\u00e9s S\u00e1nchez. Este seguimiento se har\u00e1 en coordinaci\u00f3n con todos los ayuntamientos de la isla, cabildo e instituciones implicadas en la ejecuci\u00f3n de este ejercicio.<\/p>\n<p>El pr\u00f3ximo mes de octubre se realizar\u00e1 una prueba similar en toda la isla de Tenerife y antes de finalizar el a\u00f1o est\u00e1 previsto realizar un simulacro en todo el Archipi\u00e9lago para comprobar la capacidad global de este sistema, convirti\u00e9ndose Canarias en la primera comunidad aut\u00f3noma en testarlo en todo su territorio.<\/p>\n<p>La prueba comenzar\u00e1 a las 10:00 horas, momento en el que todos los ciudadanos que dispongan de un tel\u00e9fono 4G o 5G y que est\u00e9n en zona de cobertura comenzar\u00e1n a o\u00edr un fuerte pitido o alarma al m\u00e1ximo volumen en su tel\u00e9fono, vibrar\u00e1 durante unos segundos y aparecer\u00e1 en \u00e9l un mensaje de alerta en el que se especificar\u00e1 que se trata de una prueba del sistema ES-Alert. Una vez le\u00eddo, el usuario debe pulsar aceptar o rellenar la encuesta y el pitido cesar\u00e1. No hay que responder, ni llamar al 112. No se recibir\u00e1 si el tel\u00e9fono est\u00e1 apagado o en modo avi\u00f3n.<\/p>\n<p>Esta prueba se mantendr\u00e1 activa desde las 10:00 hasta las 12:00 horas, lo que significa que si a las 10:00 horas el usuario del tel\u00e9fono no est\u00e1 en zona de cobertura, pero entra en ella durante esta banda horaria recibir\u00e1 el aviso correspondiente.<\/p>\n<p>El viceconsejero de Emergencias y Aguas, Marcos Lorenzo explic\u00f3 que con este ensayo \u201cvamos a tener la oportunidad de probar el sistema en una isla con una mayor poblaci\u00f3n lo que supone dar un salto cualitativo y cuantitativo en la prevenci\u00f3n de situaciones de emergencia\u201d.<\/p>\n<p>Las embarcaciones que est\u00e9n navegando por los canales entre Gran Canaria y Tenerife y Gran Canaria y Fuerteventura podr\u00e1n recibir el mensaje. Tambi\u00e9n podr\u00eda llegar a los terminales ubicados en la costa este y sureste de Tenerife y de forma puntual a la zona sur de Fuerteventura, especialmente a Jand\u00eda, en P\u00e1jara. En este sentido, la jefa del Servicio de Protecci\u00f3n Civil y Atenci\u00f3n Emergencias, Montserrat Rom\u00e1n, puntualiz\u00f3 que, por problemas de falta de cobertura, hay zonas de Gran Canaria en donde puede ser que no se reciba el mensaje como localizaciones en barrancos del norte y el oeste de la isla, as\u00ed como en Veneguera, Tasarte, Tasartico, Inagua, G\u00fci G\u00fci y el parque natural de Tamabada. La Direcci\u00f3n General de Emergencias trabaja en la incorporaci\u00f3n de otros sistemas complementarios para cubrir estas \u00e1reas.<\/p>\n<p><strong>La importancia de las encuestas<\/strong><\/p>\n<p>Por su parte, el director general de Emergencias, Fernando Figuereo, recalc\u00f3 la importancia de este ensayo e invit\u00f3 a los ciudadanos a rellenar la encuesta a la que pueden acceder desde el mensaje recibido ya que son \u201cesenciales porque nos permiten detectar posibles errores puntuales y mejorar la aplicaci\u00f3n\u201d.<\/p>\n<p>De momento, con las pruebas ya realizadas se han cumplimentado 20.371 encuestas, de los que m\u00e1s del 89% valoran positivamente este sistema, seg\u00fan inform\u00f3 Figuereo. El 61% de los encuestados, es decir 12.391 de los encuestados, ten\u00edan conocimiento previo del d\u00eda de celebraci\u00f3n de la prueba, lo que ha sido posible gracias a la colaboraci\u00f3n institucional de cabildos, ayuntamientos y servicios de seguridad y emergencia en la difusi\u00f3n de la misma.\u00a0 Adem\u00e1s, se han recibido 5.575 sugerencias y comentarios a trav\u00e9s de los cuestionarios cumplimentados.<\/p>\n<p>Es importante que las personas que est\u00e9n conduciendo no se alarmen y detengan el veh\u00edculo en un lugar seguro para leer el mensaje de emergencia y pulsar aceptar. \u00a0En el caso de familiares de avanzada edad, se aconseja explicarles en qu\u00e9 consiste este sistema de alerta para evitar preocuparles. Adem\u00e1s, el mensaje de alerta tambi\u00e9n podr\u00e1 recibirse en ingl\u00e9s si se tiene el m\u00f3vil configurado en un idioma distinto al espa\u00f1ol.<\/p>\n<p>Este ejercicio de prueba del sistema de aviso ES-Alert est\u00e1 organizado por el Gobierno de Canarias, a trav\u00e9s de la Direcci\u00f3n General de Emergencias y el Centro Coordinador de Emergencias y Seguridad (CECOES) 112, en colaboraci\u00f3n con el Cabildo de Gran Canaria, los 21 ayuntamientos de la isla y la Direcci\u00f3n General de Protecci\u00f3n Civil del Estado. Una coordinaci\u00f3n entre todas las administraciones y entidades implicadas que ha contado, como record\u00f3 el director del CECOES 112, Mois\u00e9s S\u00e1nchez, con la implicaci\u00f3n del Ministerio del Interior que ha estado presente \u201cen todas las pruebas a trav\u00e9s de la Direcci\u00f3n General de Protecci\u00f3n Civil\u201d y que ha situado a Canarias \u201ccomo referente a nivel nacional\u201d.<\/p>\n<p><strong>C\u00f3mo funciona<\/strong><\/p>\n<p>Casi la totalidad de los tel\u00e9fonos m\u00f3viles con conexi\u00f3n de datos tiene la capacidad de recibir alertas de protecci\u00f3n civil cuando est\u00e9n configurados. S\u00f3lo es necesario tener la opci\u00f3n de recepci\u00f3n de alertas activadas. Los terminales con sistema operativo Android versi\u00f3n 11, o superior, o iOS versi\u00f3n 15.6, o superior tienen esta opci\u00f3n activada por defecto. Si tiene una versi\u00f3n sin actualizar se puede consultar c\u00f3mo hacerlo, en funci\u00f3n de la marca de m\u00f3vil, en el siguiente enlace: https:\/\/www.112canarias.com\/112\/sistema-es-alert\/ . Para garantizar un correcto funcionamiento del sistema de aviso ES-Alert, es importante tener actualizado el sistema operativo.<\/p>\n<p>ES-Alert es una v\u00eda m\u00e1s de aviso a la poblaci\u00f3n que complementa los canales habituales como el env\u00edo de boletines de evacuaci\u00f3n, los medios de comunicaci\u00f3n, las redes sociales o la megafon\u00eda. Toda la informaci\u00f3n sobre el sistema ES-Alert se encuentra disponible en la web www.112canarias.com.<\/p>\n<div class=\"pvc_clear\"><\/div>\n<p id=\"pvc_stats_15425\" class=\"pvc_stats all  \" data-element-id=\"15425\" style=\"\"><i class=\"pvc-stats-icon medium\" aria-hidden=\"true\"><svg aria-hidden=\"true\" focusable=\"false\" data-prefix=\"far\" data-icon=\"chart-bar\" role=\"img\" xmlns=\"http:\/\/www.w3.org\/2000\/svg\" viewBox=\"0 0 512 512\" class=\"svg-inline--fa fa-chart-bar fa-w-16 fa-2x\"><path fill=\"currentColor\" d=\"M396.8 352h22.4c6.4 0 12.8-6.4 12.8-12.8V108.8c0-6.4-6.4-12.8-12.8-12.8h-22.4c-6.4 0-12.8 6.4-12.8 12.8v230.4c0 6.4 6.4 12.8 12.8 12.8zm-192 0h22.4c6.4 0 12.8-6.4 12.8-12.8V140.8c0-6.4-6.4-12.8-12.8-12.8h-22.4c-6.4 0-12.8 6.4-12.8 12.8v198.4c0 6.4 6.4 12.8 12.8 12.8zm96 0h22.4c6.4 0 12.8-6.4 12.8-12.8V204.8c0-6.4-6.4-12.8-12.8-12.8h-22.4c-6.4 0-12.8 6.4-12.8 12.8v134.4c0 6.4 6.4 12.8 12.8 12.8zM496 400H48V80c0-8.84-7.16-16-16-16H16C7.16 64 0 71.16 0 80v336c0 17.67 14.33 32 32 32h464c8.84 0 16-7.16 16-16v-16c0-8.84-7.16-16-16-16zm-387.2-48h22.4c6.4 0 12.8-6.4 12.8-12.8v-70.4c0-6.4-6.4-12.8-12.8-12.8h-22.4c-6.4 0-12.8 6.4-12.8 12.8v70.4c0 6.4 6.4 12.8 12.8 12.8z\" class=\"\"><\/path><\/svg><\/i> <\/p>\n<div class=\"pvc_clear\"><\/div>\n<div class=\"print\"><span class=\"page_title\">P\u00e1gina: <span>El Gobierno prueba ma\u00f1ana el sistema de aviso masivo a la poblaci\u00f3n en caso de emergencia ES-Alert en Gran Canaria<\/span><\/span>\n\t\t\t\t\t\t\t\t\t\t\t<span class=\"page_title\">Fecha de impresi\u00f3n: <span>01\/05\/2026 - 13:36:13 UTC<\/span><\/span>\n\t\t\t\t\t\t\t\t\t\t\t<span class=\"stmp_trans_date\">\u00daltima actualizaci\u00f3n: <span>25\/09\/2024 - 12:30:09<\/span><\/span>\n\t\t\t\t\t\t\t\t\t\t\t<span class=\"stmp_trans_date\">Fecha publicaci\u00f3n: <span>25\/09\/2024 - 12:30:09<\/span><\/span>\n\t\t\t\t\t\t\t\t\t\t\t<span class=\"stmp_trans_date\">Fecha creaci\u00f3n: <span>25\/09\/2024 - 12:30:09<\/span><\/span><\/div>\n\t","protected":false},"excerpt":{"rendered":"<p>\u00a0El consejero de Pol\u00edtica Territorial, Manuel Miranda, participar\u00e1 en el ejercicio junto al presidente del Cabildo y la alcaldesa de la capital grancanaria desde el Mercado Central El director general de Emergencias, Fernando Figuereo, coordinar\u00e1 el ensayo desde la Sala Operativa del CECOES 112 El&#8230;<\/p>\n<div class=\"pvc_clear\"><\/div>\n<p id=\"pvc_stats_15425\" class=\"pvc_stats all  \" data-element-id=\"15425\" style=\"\"><i class=\"pvc-stats-icon medium\" aria-hidden=\"true\"><svg aria-hidden=\"true\" focusable=\"false\" data-prefix=\"far\" data-icon=\"chart-bar\" role=\"img\" xmlns=\"http:\/\/www.w3.org\/2000\/svg\" viewBox=\"0 0 512 512\" class=\"svg-inline--fa fa-chart-bar fa-w-16 fa-2x\"><path fill=\"currentColor\" d=\"M396.8 352h22.4c6.4 0 12.8-6.4 12.8-12.8V108.8c0-6.4-6.4-12.8-12.8-12.8h-22.4c-6.4 0-12.8 6.4-12.8 12.8v230.4c0 6.4 6.4 12.8 12.8 12.8zm-192 0h22.4c6.4 0 12.8-6.4 12.8-12.8V140.8c0-6.4-6.4-12.8-12.8-12.8h-22.4c-6.4 0-12.8 6.4-12.8 12.8v198.4c0 6.4 6.4 12.8 12.8 12.8zm96 0h22.4c6.4 0 12.8-6.4 12.8-12.8V204.8c0-6.4-6.4-12.8-12.8-12.8h-22.4c-6.4 0-12.8 6.4-12.8 12.8v134.4c0 6.4 6.4 12.8 12.8 12.8zM496 400H48V80c0-8.84-7.16-16-16-16H16C7.16 64 0 71.16 0 80v336c0 17.67 14.33 32 32 32h464c8.84 0 16-7.16 16-16v-16c0-8.84-7.16-16-16-16zm-387.2-48h22.4c6.4 0 12.8-6.4 12.8-12.8v-70.4c0-6.4-6.4-12.8-12.8-12.8h-22.4c-6.4 0-12.8 6.4-12.8 12.8v70.4c0 6.4 6.4 12.8 12.8 12.8z\" class=\"\"><\/path><\/svg><\/i> <img loading=\"lazy\" decoding=\"async\" width=\"16\" height=\"16\" alt=\"Loading\" src=\"https:\/\/www.gsccanarias.com\/gsc\/wp-content\/plugins\/page-views-count\/ajax-loader-2x.gif\" border=0 \/><\/p>\n<div class=\"pvc_clear\"><\/div>\n","protected":false},"author":20,"featured_media":15426,"comment_status":"closed","ping_status":"open","sticky":false,"template":"","format":"standard","meta":{"footnotes":""},"categories":[35,36],"tags":[],"class_list":["post-15425","post","type-post","status-publish","format-standard","has-post-thumbnail","hentry","category-noticias","category-ultimas-noticias"],"a3_pvc":{"activated":true,"total_views":105,"today_views":1},"yoast_head":"<!-- This site is optimized with the Yoast SEO plugin v27.5 - https:\/\/yoast.com\/product\/yoast-seo-wordpress\/ -->\n<title>El Gobierno prueba ma\u00f1ana el sistema de aviso masivo a la poblaci\u00f3n en caso de emergencia ES-Alert en Gran Canaria - GSC<\/title>\n<meta name=\"robots\" content=\"index, follow, max-snippet:-1, max-image-preview:large, max-video-preview:-1\" \/>\n<link rel=\"canonical\" href=\"https:\/\/www.gsccanarias.com\/gsc\/el-gobierno-prueba-manana-el-sistema-de-aviso-masivo-a-la-poblacion-en-caso-de-emergencia-es-alert-en-gran-canaria\/\" \/>\n<meta property=\"og:locale\" content=\"es_ES\" \/>\n<meta property=\"og:type\" content=\"article\" \/>\n<meta property=\"og:title\" content=\"El Gobierno prueba ma\u00f1ana el sistema de aviso masivo a la poblaci\u00f3n en caso de emergencia ES-Alert en Gran Canaria - GSC\" \/>\n<meta property=\"og:description\" content=\"\u00a0El consejero de Pol\u00edtica Territorial, Manuel Miranda, participar\u00e1 en el ejercicio junto al presidente del Cabildo y la alcaldesa de la capital grancanaria desde el Mercado Central El director general de Emergencias, Fernando Figuereo, coordinar\u00e1 el ensayo desde la Sala Operativa del CECOES 112 El...\" \/>\n<meta property=\"og:url\" content=\"https:\/\/www.gsccanarias.com\/gsc\/el-gobierno-prueba-manana-el-sistema-de-aviso-masivo-a-la-poblacion-en-caso-de-emergencia-es-alert-en-gran-canaria\/\" \/>\n<meta property=\"og:site_name\" content=\"GSC\" \/>\n<meta property=\"article:published_time\" content=\"2024-09-25T12:30:09+00:00\" \/>\n<meta property=\"og:image\" content=\"https:\/\/www.gsccanarias.com\/gsc\/wp-content\/uploads\/2024\/09\/250924-Rueda-prensa-previa-prueba-ES-Alert-Gran-Canaria.jpeg\" \/>\n\t<meta property=\"og:image:width\" content=\"1600\" \/>\n\t<meta property=\"og:image:height\" content=\"1066\" \/>\n\t<meta property=\"og:image:type\" content=\"image\/jpeg\" \/>\n<meta name=\"author\" content=\"Carlos Santana Beltr\u00e1n\" \/>\n<meta name=\"twitter:card\" content=\"summary_large_image\" \/>\n<meta name=\"twitter:label1\" content=\"Escrito por\" \/>\n\t<meta name=\"twitter:data1\" content=\"Carlos Santana Beltr\u00e1n\" \/>\n\t<meta name=\"twitter:label2\" content=\"Tiempo de lectura\" \/>\n\t<meta name=\"twitter:data2\" content=\"6 minutos\" \/>\n<script type=\"application\/ld+json\" class=\"yoast-schema-graph\">{\"@context\":\"https:\\\/\\\/schema.org\",\"@graph\":[{\"@type\":\"Article\",\"@id\":\"https:\\\/\\\/www.gsccanarias.com\\\/gsc\\\/el-gobierno-prueba-manana-el-sistema-de-aviso-masivo-a-la-poblacion-en-caso-de-emergencia-es-alert-en-gran-canaria\\\/#article\",\"isPartOf\":{\"@id\":\"https:\\\/\\\/www.gsccanarias.com\\\/gsc\\\/el-gobierno-prueba-manana-el-sistema-de-aviso-masivo-a-la-poblacion-en-caso-de-emergencia-es-alert-en-gran-canaria\\\/\"},\"author\":{\"name\":\"Carlos Santana Beltr\u00e1n\",\"@id\":\"https:\\\/\\\/www.gsccanarias.com\\\/gsc\\\/#\\\/schema\\\/person\\\/b2f81279c36a5cfced2ad46fbab5b5fc\"},\"headline\":\"El Gobierno prueba ma\u00f1ana el sistema de aviso masivo a la poblaci\u00f3n en caso de emergencia ES-Alert en Gran Canaria\",\"datePublished\":\"2024-09-25T12:30:09+00:00\",\"mainEntityOfPage\":{\"@id\":\"https:\\\/\\\/www.gsccanarias.com\\\/gsc\\\/el-gobierno-prueba-manana-el-sistema-de-aviso-masivo-a-la-poblacion-en-caso-de-emergencia-es-alert-en-gran-canaria\\\/\"},\"wordCount\":1311,\"image\":{\"@id\":\"https:\\\/\\\/www.gsccanarias.com\\\/gsc\\\/el-gobierno-prueba-manana-el-sistema-de-aviso-masivo-a-la-poblacion-en-caso-de-emergencia-es-alert-en-gran-canaria\\\/#primaryimage\"},\"thumbnailUrl\":\"https:\\\/\\\/www.gsccanarias.com\\\/gsc\\\/wp-content\\\/uploads\\\/2024\\\/09\\\/250924-Rueda-prensa-previa-prueba-ES-Alert-Gran-Canaria.jpeg\",\"articleSection\":[\"Noticias\",\"\u00daltimas noticias\"],\"inLanguage\":\"es\"},{\"@type\":\"WebPage\",\"@id\":\"https:\\\/\\\/www.gsccanarias.com\\\/gsc\\\/el-gobierno-prueba-manana-el-sistema-de-aviso-masivo-a-la-poblacion-en-caso-de-emergencia-es-alert-en-gran-canaria\\\/\",\"url\":\"https:\\\/\\\/www.gsccanarias.com\\\/gsc\\\/el-gobierno-prueba-manana-el-sistema-de-aviso-masivo-a-la-poblacion-en-caso-de-emergencia-es-alert-en-gran-canaria\\\/\",\"name\":\"El Gobierno prueba ma\u00f1ana el sistema de aviso masivo a la poblaci\u00f3n en caso de emergencia ES-Alert en Gran Canaria - GSC\",\"isPartOf\":{\"@id\":\"https:\\\/\\\/www.gsccanarias.com\\\/gsc\\\/#website\"},\"primaryImageOfPage\":{\"@id\":\"https:\\\/\\\/www.gsccanarias.com\\\/gsc\\\/el-gobierno-prueba-manana-el-sistema-de-aviso-masivo-a-la-poblacion-en-caso-de-emergencia-es-alert-en-gran-canaria\\\/#primaryimage\"},\"image\":{\"@id\":\"https:\\\/\\\/www.gsccanarias.com\\\/gsc\\\/el-gobierno-prueba-manana-el-sistema-de-aviso-masivo-a-la-poblacion-en-caso-de-emergencia-es-alert-en-gran-canaria\\\/#primaryimage\"},\"thumbnailUrl\":\"https:\\\/\\\/www.gsccanarias.com\\\/gsc\\\/wp-content\\\/uploads\\\/2024\\\/09\\\/250924-Rueda-prensa-previa-prueba-ES-Alert-Gran-Canaria.jpeg\",\"datePublished\":\"2024-09-25T12:30:09+00:00\",\"author\":{\"@id\":\"https:\\\/\\\/www.gsccanarias.com\\\/gsc\\\/#\\\/schema\\\/person\\\/b2f81279c36a5cfced2ad46fbab5b5fc\"},\"breadcrumb\":{\"@id\":\"https:\\\/\\\/www.gsccanarias.com\\\/gsc\\\/el-gobierno-prueba-manana-el-sistema-de-aviso-masivo-a-la-poblacion-en-caso-de-emergencia-es-alert-en-gran-canaria\\\/#breadcrumb\"},\"inLanguage\":\"es\",\"potentialAction\":[{\"@type\":\"ReadAction\",\"target\":[\"https:\\\/\\\/www.gsccanarias.com\\\/gsc\\\/el-gobierno-prueba-manana-el-sistema-de-aviso-masivo-a-la-poblacion-en-caso-de-emergencia-es-alert-en-gran-canaria\\\/\"]}]},{\"@type\":\"ImageObject\",\"inLanguage\":\"es\",\"@id\":\"https:\\\/\\\/www.gsccanarias.com\\\/gsc\\\/el-gobierno-prueba-manana-el-sistema-de-aviso-masivo-a-la-poblacion-en-caso-de-emergencia-es-alert-en-gran-canaria\\\/#primaryimage\",\"url\":\"https:\\\/\\\/www.gsccanarias.com\\\/gsc\\\/wp-content\\\/uploads\\\/2024\\\/09\\\/250924-Rueda-prensa-previa-prueba-ES-Alert-Gran-Canaria.jpeg\",\"contentUrl\":\"https:\\\/\\\/www.gsccanarias.com\\\/gsc\\\/wp-content\\\/uploads\\\/2024\\\/09\\\/250924-Rueda-prensa-previa-prueba-ES-Alert-Gran-Canaria.jpeg\",\"width\":1600,\"height\":1066,\"caption\":\"Rueda prensa previa prueba ES Alert Gran Canaria\"},{\"@type\":\"BreadcrumbList\",\"@id\":\"https:\\\/\\\/www.gsccanarias.com\\\/gsc\\\/el-gobierno-prueba-manana-el-sistema-de-aviso-masivo-a-la-poblacion-en-caso-de-emergencia-es-alert-en-gran-canaria\\\/#breadcrumb\",\"itemListElement\":[{\"@type\":\"ListItem\",\"position\":1,\"name\":\"Portada\",\"item\":\"https:\\\/\\\/www.gsccanarias.com\\\/gsc\\\/\"},{\"@type\":\"ListItem\",\"position\":2,\"name\":\"El Gobierno prueba ma\u00f1ana el sistema de aviso masivo a la poblaci\u00f3n en caso de emergencia ES-Alert en Gran Canaria\"}]},{\"@type\":\"WebSite\",\"@id\":\"https:\\\/\\\/www.gsccanarias.com\\\/gsc\\\/#website\",\"url\":\"https:\\\/\\\/www.gsccanarias.com\\\/gsc\\\/\",\"name\":\"GSC\",\"description\":\"Administramos servicios relacionados con la salud, las emergencias, la seguridad y el transporte sanitario\",\"potentialAction\":[{\"@type\":\"SearchAction\",\"target\":{\"@type\":\"EntryPoint\",\"urlTemplate\":\"https:\\\/\\\/www.gsccanarias.com\\\/gsc\\\/?s={search_term_string}\"},\"query-input\":{\"@type\":\"PropertyValueSpecification\",\"valueRequired\":true,\"valueName\":\"search_term_string\"}}],\"inLanguage\":\"es\"},{\"@type\":\"Person\",\"@id\":\"https:\\\/\\\/www.gsccanarias.com\\\/gsc\\\/#\\\/schema\\\/person\\\/b2f81279c36a5cfced2ad46fbab5b5fc\",\"name\":\"Carlos Santana Beltr\u00e1n\",\"image\":{\"@type\":\"ImageObject\",\"inLanguage\":\"es\",\"@id\":\"https:\\\/\\\/secure.gravatar.com\\\/avatar\\\/80a7f508d4e90a1d7794e4649954b753cbac9c789168555cd1ccbcfa2c332add?s=96&d=mm&r=g\",\"url\":\"https:\\\/\\\/secure.gravatar.com\\\/avatar\\\/80a7f508d4e90a1d7794e4649954b753cbac9c789168555cd1ccbcfa2c332add?s=96&d=mm&r=g\",\"contentUrl\":\"https:\\\/\\\/secure.gravatar.com\\\/avatar\\\/80a7f508d4e90a1d7794e4649954b753cbac9c789168555cd1ccbcfa2c332add?s=96&d=mm&r=g\",\"caption\":\"Carlos Santana Beltr\u00e1n\"},\"url\":\"https:\\\/\\\/www.gsccanarias.com\\\/gsc\\\/author\\\/carlos\\\/\"}]}<\/script>\n<!-- \/ Yoast SEO plugin. -->","yoast_head_json":{"title":"El Gobierno prueba ma\u00f1ana el sistema de aviso masivo a la poblaci\u00f3n en caso de emergencia ES-Alert en Gran Canaria - GSC","robots":{"index":"index","follow":"follow","max-snippet":"max-snippet:-1","max-image-preview":"max-image-preview:large","max-video-preview":"max-video-preview:-1"},"canonical":"https:\/\/www.gsccanarias.com\/gsc\/el-gobierno-prueba-manana-el-sistema-de-aviso-masivo-a-la-poblacion-en-caso-de-emergencia-es-alert-en-gran-canaria\/","og_locale":"es_ES","og_type":"article","og_title":"El Gobierno prueba ma\u00f1ana el sistema de aviso masivo a la poblaci\u00f3n en caso de emergencia ES-Alert en Gran Canaria - GSC","og_description":"\u00a0El consejero de Pol\u00edtica Territorial, Manuel Miranda, participar\u00e1 en el ejercicio junto al presidente del Cabildo y la alcaldesa de la capital grancanaria desde el Mercado Central El director general de Emergencias, Fernando Figuereo, coordinar\u00e1 el ensayo desde la Sala Operativa del CECOES 112 El...","og_url":"https:\/\/www.gsccanarias.com\/gsc\/el-gobierno-prueba-manana-el-sistema-de-aviso-masivo-a-la-poblacion-en-caso-de-emergencia-es-alert-en-gran-canaria\/","og_site_name":"GSC","article_published_time":"2024-09-25T12:30:09+00:00","og_image":[{"width":1600,"height":1066,"url":"https:\/\/www.gsccanarias.com\/gsc\/wp-content\/uploads\/2024\/09\/250924-Rueda-prensa-previa-prueba-ES-Alert-Gran-Canaria.jpeg","type":"image\/jpeg"}],"author":"Carlos Santana Beltr\u00e1n","twitter_card":"summary_large_image","twitter_misc":{"Escrito por":"Carlos Santana Beltr\u00e1n","Tiempo de lectura":"6 minutos"},"schema":{"@context":"https:\/\/schema.org","@graph":[{"@type":"Article","@id":"https:\/\/www.gsccanarias.com\/gsc\/el-gobierno-prueba-manana-el-sistema-de-aviso-masivo-a-la-poblacion-en-caso-de-emergencia-es-alert-en-gran-canaria\/#article","isPartOf":{"@id":"https:\/\/www.gsccanarias.com\/gsc\/el-gobierno-prueba-manana-el-sistema-de-aviso-masivo-a-la-poblacion-en-caso-de-emergencia-es-alert-en-gran-canaria\/"},"author":{"name":"Carlos Santana Beltr\u00e1n","@id":"https:\/\/www.gsccanarias.com\/gsc\/#\/schema\/person\/b2f81279c36a5cfced2ad46fbab5b5fc"},"headline":"El Gobierno prueba ma\u00f1ana el sistema de aviso masivo a la poblaci\u00f3n en caso de emergencia ES-Alert en Gran Canaria","datePublished":"2024-09-25T12:30:09+00:00","mainEntityOfPage":{"@id":"https:\/\/www.gsccanarias.com\/gsc\/el-gobierno-prueba-manana-el-sistema-de-aviso-masivo-a-la-poblacion-en-caso-de-emergencia-es-alert-en-gran-canaria\/"},"wordCount":1311,"image":{"@id":"https:\/\/www.gsccanarias.com\/gsc\/el-gobierno-prueba-manana-el-sistema-de-aviso-masivo-a-la-poblacion-en-caso-de-emergencia-es-alert-en-gran-canaria\/#primaryimage"},"thumbnailUrl":"https:\/\/www.gsccanarias.com\/gsc\/wp-content\/uploads\/2024\/09\/250924-Rueda-prensa-previa-prueba-ES-Alert-Gran-Canaria.jpeg","articleSection":["Noticias","\u00daltimas noticias"],"inLanguage":"es"},{"@type":"WebPage","@id":"https:\/\/www.gsccanarias.com\/gsc\/el-gobierno-prueba-manana-el-sistema-de-aviso-masivo-a-la-poblacion-en-caso-de-emergencia-es-alert-en-gran-canaria\/","url":"https:\/\/www.gsccanarias.com\/gsc\/el-gobierno-prueba-manana-el-sistema-de-aviso-masivo-a-la-poblacion-en-caso-de-emergencia-es-alert-en-gran-canaria\/","name":"El Gobierno prueba ma\u00f1ana el sistema de aviso masivo a la poblaci\u00f3n en caso de emergencia ES-Alert en Gran Canaria - GSC","isPartOf":{"@id":"https:\/\/www.gsccanarias.com\/gsc\/#website"},"primaryImageOfPage":{"@id":"https:\/\/www.gsccanarias.com\/gsc\/el-gobierno-prueba-manana-el-sistema-de-aviso-masivo-a-la-poblacion-en-caso-de-emergencia-es-alert-en-gran-canaria\/#primaryimage"},"image":{"@id":"https:\/\/www.gsccanarias.com\/gsc\/el-gobierno-prueba-manana-el-sistema-de-aviso-masivo-a-la-poblacion-en-caso-de-emergencia-es-alert-en-gran-canaria\/#primaryimage"},"thumbnailUrl":"https:\/\/www.gsccanarias.com\/gsc\/wp-content\/uploads\/2024\/09\/250924-Rueda-prensa-previa-prueba-ES-Alert-Gran-Canaria.jpeg","datePublished":"2024-09-25T12:30:09+00:00","author":{"@id":"https:\/\/www.gsccanarias.com\/gsc\/#\/schema\/person\/b2f81279c36a5cfced2ad46fbab5b5fc"},"breadcrumb":{"@id":"https:\/\/www.gsccanarias.com\/gsc\/el-gobierno-prueba-manana-el-sistema-de-aviso-masivo-a-la-poblacion-en-caso-de-emergencia-es-alert-en-gran-canaria\/#breadcrumb"},"inLanguage":"es","potentialAction":[{"@type":"ReadAction","target":["https:\/\/www.gsccanarias.com\/gsc\/el-gobierno-prueba-manana-el-sistema-de-aviso-masivo-a-la-poblacion-en-caso-de-emergencia-es-alert-en-gran-canaria\/"]}]},{"@type":"ImageObject","inLanguage":"es","@id":"https:\/\/www.gsccanarias.com\/gsc\/el-gobierno-prueba-manana-el-sistema-de-aviso-masivo-a-la-poblacion-en-caso-de-emergencia-es-alert-en-gran-canaria\/#primaryimage","url":"https:\/\/www.gsccanarias.com\/gsc\/wp-content\/uploads\/2024\/09\/250924-Rueda-prensa-previa-prueba-ES-Alert-Gran-Canaria.jpeg","contentUrl":"https:\/\/www.gsccanarias.com\/gsc\/wp-content\/uploads\/2024\/09\/250924-Rueda-prensa-previa-prueba-ES-Alert-Gran-Canaria.jpeg","width":1600,"height":1066,"caption":"Rueda prensa previa prueba ES Alert Gran Canaria"},{"@type":"BreadcrumbList","@id":"https:\/\/www.gsccanarias.com\/gsc\/el-gobierno-prueba-manana-el-sistema-de-aviso-masivo-a-la-poblacion-en-caso-de-emergencia-es-alert-en-gran-canaria\/#breadcrumb","itemListElement":[{"@type":"ListItem","position":1,"name":"Portada","item":"https:\/\/www.gsccanarias.com\/gsc\/"},{"@type":"ListItem","position":2,"name":"El Gobierno prueba ma\u00f1ana el sistema de aviso masivo a la poblaci\u00f3n en caso de emergencia ES-Alert en Gran Canaria"}]},{"@type":"WebSite","@id":"https:\/\/www.gsccanarias.com\/gsc\/#website","url":"https:\/\/www.gsccanarias.com\/gsc\/","name":"GSC","description":"Administramos servicios relacionados con la salud, las emergencias, la seguridad y el transporte sanitario","potentialAction":[{"@type":"SearchAction","target":{"@type":"EntryPoint","urlTemplate":"https:\/\/www.gsccanarias.com\/gsc\/?s={search_term_string}"},"query-input":{"@type":"PropertyValueSpecification","valueRequired":true,"valueName":"search_term_string"}}],"inLanguage":"es"},{"@type":"Person","@id":"https:\/\/www.gsccanarias.com\/gsc\/#\/schema\/person\/b2f81279c36a5cfced2ad46fbab5b5fc","name":"Carlos Santana Beltr\u00e1n","image":{"@type":"ImageObject","inLanguage":"es","@id":"https:\/\/secure.gravatar.com\/avatar\/80a7f508d4e90a1d7794e4649954b753cbac9c789168555cd1ccbcfa2c332add?s=96&d=mm&r=g","url":"https:\/\/secure.gravatar.com\/avatar\/80a7f508d4e90a1d7794e4649954b753cbac9c789168555cd1ccbcfa2c332add?s=96&d=mm&r=g","contentUrl":"https:\/\/secure.gravatar.com\/avatar\/80a7f508d4e90a1d7794e4649954b753cbac9c789168555cd1ccbcfa2c332add?s=96&d=mm&r=g","caption":"Carlos Santana Beltr\u00e1n"},"url":"https:\/\/www.gsccanarias.com\/gsc\/author\/carlos\/"}]}},"publishpress_future_workflow_manual_trigger":{"enabledWorkflows":[]},"_links":{"self":[{"href":"https:\/\/www.gsccanarias.com\/gsc\/wp-json\/wp\/v2\/posts\/15425","targetHints":{"allow":["GET"]}}],"collection":[{"href":"https:\/\/www.gsccanarias.com\/gsc\/wp-json\/wp\/v2\/posts"}],"about":[{"href":"https:\/\/www.gsccanarias.com\/gsc\/wp-json\/wp\/v2\/types\/post"}],"author":[{"embeddable":true,"href":"https:\/\/www.gsccanarias.com\/gsc\/wp-json\/wp\/v2\/users\/20"}],"replies":[{"embeddable":true,"href":"https:\/\/www.gsccanarias.com\/gsc\/wp-json\/wp\/v2\/comments?post=15425"}],"version-history":[{"count":1,"href":"https:\/\/www.gsccanarias.com\/gsc\/wp-json\/wp\/v2\/posts\/15425\/revisions"}],"predecessor-version":[{"id":15427,"href":"https:\/\/www.gsccanarias.com\/gsc\/wp-json\/wp\/v2\/posts\/15425\/revisions\/15427"}],"wp:featuredmedia":[{"embeddable":true,"href":"https:\/\/www.gsccanarias.com\/gsc\/wp-json\/wp\/v2\/media\/15426"}],"wp:attachment":[{"href":"https:\/\/www.gsccanarias.com\/gsc\/wp-json\/wp\/v2\/media?parent=15425"}],"wp:term":[{"taxonomy":"category","embeddable":true,"href":"https:\/\/www.gsccanarias.com\/gsc\/wp-json\/wp\/v2\/categories?post=15425"},{"taxonomy":"post_tag","embeddable":true,"href":"https:\/\/www.gsccanarias.com\/gsc\/wp-json\/wp\/v2\/tags?post=15425"}],"curies":[{"name":"wp","href":"https:\/\/api.w.org\/{rel}","templated":true}]}}