{"id":15228,"date":"2024-08-02T19:08:51","date_gmt":"2024-08-02T19:08:51","guid":{"rendered":"https:\/\/www.gsccanarias.com\/gsc\/?p=15228"},"modified":"2024-08-02T19:08:51","modified_gmt":"2024-08-02T19:08:51","slug":"el-repunte-del-calor-activa-la-alerta-por-altas-temperaturas-en-gran-canaria-y-la-prealerta-en-las-occidentales","status":"publish","type":"post","link":"https:\/\/www.gsccanarias.com\/gsc\/el-repunte-del-calor-activa-la-alerta-por-altas-temperaturas-en-gran-canaria-y-la-prealerta-en-las-occidentales\/","title":{"rendered":"El repunte del calor activa la alerta por altas temperaturas en Gran Canaria y la prealerta en las occidentales"},"content":{"rendered":"<div class=\"article-content\">\n<blockquote><p>Se pueden superar los 37 grados en zonas de median\u00edas y cumbres de la isla\u00a0 y los 34 en zonas altas de la provincia occidental<\/p>\n<p>El Gobierno de Canarias mantiene la Alerta por Riesgo de Incendio Forestal en la provincia occidental y Gran Canaria ante este nuevo repunte<\/p><\/blockquote>\n<p><strong>La intensificaci\u00f3n en las pr\u00f3ximas horas del calor que azota las islas desde el pasado mi\u00e9rcoles llevar\u00e1 a un repunte de las temperaturas m\u00e1ximas, a partir de las 10:00 horas de ma\u00f1ana, s\u00e1bado 3 de agosto, lo que ha llevado al Gobierno de Canarias, a trav\u00e9s de la Direcci\u00f3n General de Emergencias, a declarar la situaci\u00f3n de alerta por temperaturas m\u00e1ximas en Gran Canaria manteniendo la situaci\u00f3n de prealerta en la provincia occidental.<\/strong><\/p>\n<p>En Gran Canaria se podr\u00e1n alcanzar e incluso superar los 37 grados cent\u00edgrados en zonas de median\u00edas y cumbres y la mitad sur de la isla. En El Hierro, La Gomera, La Palma y Tenerife se esperan m\u00e1ximas de m\u00e1s de 34 grados cent\u00edgrados, especialmente en median\u00edas, zonas altas y cumbres de las vertientes este, sur y oeste.<\/p>\n<p>A este nuevo aumento de las temperaturas se suma la sequ\u00eda meteorol\u00f3gica excepcional y de largo plazo que viven las islas y el alto grado de estr\u00e9s h\u00eddrico que acumula la vegetaci\u00f3n. Dos factores que, junto al aumento de las temperaturas previstos, llevan a mantener la Alerta por Riesgo de Incendio Forestal para toda la provincia occidental y Gran Canaria, puesta en vigor el pasado viernes 19 de julio.<\/p>\n<p>Adem\u00e1s, se mantiene la prealerta por fen\u00f3menos costeros en todo el archipi\u00e9lago por mar de fondo de componente sur que podr\u00eda alcanzar y superar el metro y medio de altura en las costas oeste y sur de las islas occidentales. Esto generar\u00e1 cambios en el arrastre y las corrientes en las zonas de ba\u00f1o pudiendo causar incidentes con los ba\u00f1istas y en infraestructuras costeras, por lo que se recomienda extremar las precauciones.<\/p>\n<p><strong>Recomendaciones para la poblaci\u00f3n<\/strong><\/p>\n<p>Ante las altas temperaturas, el Gobierno de Canarias recomienda a la poblaci\u00f3n que extreme la precauci\u00f3n evitando hacer ejercicios f\u00edsicos en las horas centrales del d\u00eda, permaneciendo en lugares frescos, bebiendo mucho l\u00edquido y protegi\u00e9ndose del sol en el exterior. Se recomienda hacer comidas ligeras y regulares y evitar el consumo de alcohol.\u00a0 Adem\u00e1s, se debe tener especial cuidado con las personas mayores y los menores, que son m\u00e1s vulnerables ante estos episodios de calor intenso.<\/p>\n<p>Ante el persistente riesgo de incendio forestal, se recalca a la poblaci\u00f3n que extreme las precauciones en el monte para evitar incendios como, por ejemplo, no tirar colillas encendidas ni f\u00f3sforos y evitar dejar desperdicios en zonas arboladas.<\/p>\n<p>Evite lanzar voladores, petardos o artefactos que contengan fuego en zonas de peligro, aunque sea a campo raso, ni en terrenos agr\u00edcolas ni, sobre todo, en urbanizaciones rodeadas por bosques. Con el objetivo de proteger las viviendas es importante mantener una franja limpia y libre de vegetaci\u00f3n seca y residuos a su alrededor, as\u00ed como en las parcelas que est\u00e1n sin edificar.<\/p>\n<p>Es conveniente almacenar los combustibles en lugares ventilados y protegidos y evitar la acumulaci\u00f3n de materiales secos en cobertizos, toldos o ventanas. Si ve humo o fuego llame inmediatamente al 112, el tiempo de reacci\u00f3n es clave para evitar que el incendio se propague sin control.<\/p>\n<\/div>\n<div class=\"pvc_clear\"><\/div>\n<p id=\"pvc_stats_15228\" class=\"pvc_stats all  \" data-element-id=\"15228\" style=\"\"><i class=\"pvc-stats-icon medium\" aria-hidden=\"true\"><svg aria-hidden=\"true\" focusable=\"false\" data-prefix=\"far\" data-icon=\"chart-bar\" role=\"img\" xmlns=\"http:\/\/www.w3.org\/2000\/svg\" viewBox=\"0 0 512 512\" class=\"svg-inline--fa fa-chart-bar fa-w-16 fa-2x\"><path fill=\"currentColor\" d=\"M396.8 352h22.4c6.4 0 12.8-6.4 12.8-12.8V108.8c0-6.4-6.4-12.8-12.8-12.8h-22.4c-6.4 0-12.8 6.4-12.8 12.8v230.4c0 6.4 6.4 12.8 12.8 12.8zm-192 0h22.4c6.4 0 12.8-6.4 12.8-12.8V140.8c0-6.4-6.4-12.8-12.8-12.8h-22.4c-6.4 0-12.8 6.4-12.8 12.8v198.4c0 6.4 6.4 12.8 12.8 12.8zm96 0h22.4c6.4 0 12.8-6.4 12.8-12.8V204.8c0-6.4-6.4-12.8-12.8-12.8h-22.4c-6.4 0-12.8 6.4-12.8 12.8v134.4c0 6.4 6.4 12.8 12.8 12.8zM496 400H48V80c0-8.84-7.16-16-16-16H16C7.16 64 0 71.16 0 80v336c0 17.67 14.33 32 32 32h464c8.84 0 16-7.16 16-16v-16c0-8.84-7.16-16-16-16zm-387.2-48h22.4c6.4 0 12.8-6.4 12.8-12.8v-70.4c0-6.4-6.4-12.8-12.8-12.8h-22.4c-6.4 0-12.8 6.4-12.8 12.8v70.4c0 6.4 6.4 12.8 12.8 12.8z\" class=\"\"><\/path><\/svg><\/i> <\/p>\n<div class=\"pvc_clear\"><\/div>\n<div class=\"print\"><span class=\"page_title\">P\u00e1gina: <span>El repunte del calor activa la alerta por altas temperaturas en Gran Canaria y la prealerta en las occidentales<\/span><\/span>\n\t\t\t\t\t\t\t\t\t\t\t<span class=\"page_title\">Fecha de impresi\u00f3n: <span>01\/05\/2026 - 06:10:39 UTC<\/span><\/span>\n\t\t\t\t\t\t\t\t\t\t\t<span class=\"stmp_trans_date\">\u00daltima actualizaci\u00f3n: <span>02\/08\/2024 - 19:08:51<\/span><\/span>\n\t\t\t\t\t\t\t\t\t\t\t<span class=\"stmp_trans_date\">Fecha publicaci\u00f3n: <span>02\/08\/2024 - 19:08:51<\/span><\/span>\n\t\t\t\t\t\t\t\t\t\t\t<span class=\"stmp_trans_date\">Fecha creaci\u00f3n: <span>02\/08\/2024 - 19:08:51<\/span><\/span><\/div>\n\t","protected":false},"excerpt":{"rendered":"<p>Se pueden superar los 37 grados en zonas de median\u00edas y cumbres de la isla\u00a0 y los 34 en zonas altas de la provincia occidental El Gobierno de Canarias mantiene la Alerta por Riesgo de Incendio Forestal en la provincia occidental y Gran Canaria ante&#8230;<\/p>\n<div class=\"pvc_clear\"><\/div>\n<p id=\"pvc_stats_15228\" class=\"pvc_stats all  \" data-element-id=\"15228\" style=\"\"><i class=\"pvc-stats-icon medium\" aria-hidden=\"true\"><svg aria-hidden=\"true\" focusable=\"false\" data-prefix=\"far\" data-icon=\"chart-bar\" role=\"img\" xmlns=\"http:\/\/www.w3.org\/2000\/svg\" viewBox=\"0 0 512 512\" class=\"svg-inline--fa fa-chart-bar fa-w-16 fa-2x\"><path fill=\"currentColor\" d=\"M396.8 352h22.4c6.4 0 12.8-6.4 12.8-12.8V108.8c0-6.4-6.4-12.8-12.8-12.8h-22.4c-6.4 0-12.8 6.4-12.8 12.8v230.4c0 6.4 6.4 12.8 12.8 12.8zm-192 0h22.4c6.4 0 12.8-6.4 12.8-12.8V140.8c0-6.4-6.4-12.8-12.8-12.8h-22.4c-6.4 0-12.8 6.4-12.8 12.8v198.4c0 6.4 6.4 12.8 12.8 12.8zm96 0h22.4c6.4 0 12.8-6.4 12.8-12.8V204.8c0-6.4-6.4-12.8-12.8-12.8h-22.4c-6.4 0-12.8 6.4-12.8 12.8v134.4c0 6.4 6.4 12.8 12.8 12.8zM496 400H48V80c0-8.84-7.16-16-16-16H16C7.16 64 0 71.16 0 80v336c0 17.67 14.33 32 32 32h464c8.84 0 16-7.16 16-16v-16c0-8.84-7.16-16-16-16zm-387.2-48h22.4c6.4 0 12.8-6.4 12.8-12.8v-70.4c0-6.4-6.4-12.8-12.8-12.8h-22.4c-6.4 0-12.8 6.4-12.8 12.8v70.4c0 6.4 6.4 12.8 12.8 12.8z\" class=\"\"><\/path><\/svg><\/i> <img loading=\"lazy\" decoding=\"async\" width=\"16\" height=\"16\" alt=\"Loading\" src=\"https:\/\/www.gsccanarias.com\/gsc\/wp-content\/plugins\/page-views-count\/ajax-loader-2x.gif\" border=0 \/><\/p>\n<div class=\"pvc_clear\"><\/div>\n","protected":false},"author":20,"featured_media":15229,"comment_status":"closed","ping_status":"open","sticky":false,"template":"","format":"standard","meta":{"footnotes":""},"categories":[35,36],"tags":[],"class_list":["post-15228","post","type-post","status-publish","format-standard","has-post-thumbnail","hentry","category-noticias","category-ultimas-noticias"],"a3_pvc":{"activated":true,"total_views":46,"today_views":0},"yoast_head":"<!-- This site is optimized with the Yoast SEO plugin v27.5 - https:\/\/yoast.com\/product\/yoast-seo-wordpress\/ -->\n<title>El repunte del calor activa la alerta por altas temperaturas en Gran Canaria y la prealerta en las occidentales - GSC<\/title>\n<meta name=\"robots\" content=\"index, follow, max-snippet:-1, max-image-preview:large, max-video-preview:-1\" \/>\n<link rel=\"canonical\" href=\"https:\/\/www.gsccanarias.com\/gsc\/el-repunte-del-calor-activa-la-alerta-por-altas-temperaturas-en-gran-canaria-y-la-prealerta-en-las-occidentales\/\" \/>\n<meta property=\"og:locale\" content=\"es_ES\" \/>\n<meta property=\"og:type\" content=\"article\" \/>\n<meta property=\"og:title\" content=\"El repunte del calor activa la alerta por altas temperaturas en Gran Canaria y la prealerta en las occidentales - GSC\" \/>\n<meta property=\"og:description\" content=\"Se pueden superar los 37 grados en zonas de median\u00edas y cumbres de la isla\u00a0 y los 34 en zonas altas de la provincia occidental El Gobierno de Canarias mantiene la Alerta por Riesgo de Incendio Forestal en la provincia occidental y Gran Canaria ante...\" \/>\n<meta property=\"og:url\" content=\"https:\/\/www.gsccanarias.com\/gsc\/el-repunte-del-calor-activa-la-alerta-por-altas-temperaturas-en-gran-canaria-y-la-prealerta-en-las-occidentales\/\" \/>\n<meta property=\"og:site_name\" content=\"GSC\" \/>\n<meta property=\"article:published_time\" content=\"2024-08-02T19:08:51+00:00\" \/>\n<meta property=\"og:image\" content=\"https:\/\/www.gsccanarias.com\/gsc\/wp-content\/uploads\/2024\/08\/Detalle-Logo-112-Canarias.jpeg\" \/>\n\t<meta property=\"og:image:width\" content=\"1600\" \/>\n\t<meta property=\"og:image:height\" content=\"1200\" \/>\n\t<meta property=\"og:image:type\" content=\"image\/jpeg\" \/>\n<meta name=\"author\" content=\"Carlos Santana Beltr\u00e1n\" \/>\n<meta name=\"twitter:card\" content=\"summary_large_image\" \/>\n<meta name=\"twitter:label1\" content=\"Escrito por\" \/>\n\t<meta name=\"twitter:data1\" content=\"Carlos Santana Beltr\u00e1n\" \/>\n\t<meta name=\"twitter:label2\" content=\"Tiempo de lectura\" \/>\n\t<meta name=\"twitter:data2\" content=\"3 minutos\" \/>\n<script type=\"application\/ld+json\" class=\"yoast-schema-graph\">{\"@context\":\"https:\\\/\\\/schema.org\",\"@graph\":[{\"@type\":\"Article\",\"@id\":\"https:\\\/\\\/www.gsccanarias.com\\\/gsc\\\/el-repunte-del-calor-activa-la-alerta-por-altas-temperaturas-en-gran-canaria-y-la-prealerta-en-las-occidentales\\\/#article\",\"isPartOf\":{\"@id\":\"https:\\\/\\\/www.gsccanarias.com\\\/gsc\\\/el-repunte-del-calor-activa-la-alerta-por-altas-temperaturas-en-gran-canaria-y-la-prealerta-en-las-occidentales\\\/\"},\"author\":{\"name\":\"Carlos Santana Beltr\u00e1n\",\"@id\":\"https:\\\/\\\/www.gsccanarias.com\\\/gsc\\\/#\\\/schema\\\/person\\\/b2f81279c36a5cfced2ad46fbab5b5fc\"},\"headline\":\"El repunte del calor activa la alerta por altas temperaturas en Gran Canaria y la prealerta en las occidentales\",\"datePublished\":\"2024-08-02T19:08:51+00:00\",\"mainEntityOfPage\":{\"@id\":\"https:\\\/\\\/www.gsccanarias.com\\\/gsc\\\/el-repunte-del-calor-activa-la-alerta-por-altas-temperaturas-en-gran-canaria-y-la-prealerta-en-las-occidentales\\\/\"},\"wordCount\":603,\"image\":{\"@id\":\"https:\\\/\\\/www.gsccanarias.com\\\/gsc\\\/el-repunte-del-calor-activa-la-alerta-por-altas-temperaturas-en-gran-canaria-y-la-prealerta-en-las-occidentales\\\/#primaryimage\"},\"thumbnailUrl\":\"https:\\\/\\\/www.gsccanarias.com\\\/gsc\\\/wp-content\\\/uploads\\\/2024\\\/08\\\/Detalle-Logo-112-Canarias.jpeg\",\"articleSection\":[\"Noticias\",\"\u00daltimas noticias\"],\"inLanguage\":\"es\"},{\"@type\":\"WebPage\",\"@id\":\"https:\\\/\\\/www.gsccanarias.com\\\/gsc\\\/el-repunte-del-calor-activa-la-alerta-por-altas-temperaturas-en-gran-canaria-y-la-prealerta-en-las-occidentales\\\/\",\"url\":\"https:\\\/\\\/www.gsccanarias.com\\\/gsc\\\/el-repunte-del-calor-activa-la-alerta-por-altas-temperaturas-en-gran-canaria-y-la-prealerta-en-las-occidentales\\\/\",\"name\":\"El repunte del calor activa la alerta por altas temperaturas en Gran Canaria y la prealerta en las occidentales - GSC\",\"isPartOf\":{\"@id\":\"https:\\\/\\\/www.gsccanarias.com\\\/gsc\\\/#website\"},\"primaryImageOfPage\":{\"@id\":\"https:\\\/\\\/www.gsccanarias.com\\\/gsc\\\/el-repunte-del-calor-activa-la-alerta-por-altas-temperaturas-en-gran-canaria-y-la-prealerta-en-las-occidentales\\\/#primaryimage\"},\"image\":{\"@id\":\"https:\\\/\\\/www.gsccanarias.com\\\/gsc\\\/el-repunte-del-calor-activa-la-alerta-por-altas-temperaturas-en-gran-canaria-y-la-prealerta-en-las-occidentales\\\/#primaryimage\"},\"thumbnailUrl\":\"https:\\\/\\\/www.gsccanarias.com\\\/gsc\\\/wp-content\\\/uploads\\\/2024\\\/08\\\/Detalle-Logo-112-Canarias.jpeg\",\"datePublished\":\"2024-08-02T19:08:51+00:00\",\"author\":{\"@id\":\"https:\\\/\\\/www.gsccanarias.com\\\/gsc\\\/#\\\/schema\\\/person\\\/b2f81279c36a5cfced2ad46fbab5b5fc\"},\"breadcrumb\":{\"@id\":\"https:\\\/\\\/www.gsccanarias.com\\\/gsc\\\/el-repunte-del-calor-activa-la-alerta-por-altas-temperaturas-en-gran-canaria-y-la-prealerta-en-las-occidentales\\\/#breadcrumb\"},\"inLanguage\":\"es\",\"potentialAction\":[{\"@type\":\"ReadAction\",\"target\":[\"https:\\\/\\\/www.gsccanarias.com\\\/gsc\\\/el-repunte-del-calor-activa-la-alerta-por-altas-temperaturas-en-gran-canaria-y-la-prealerta-en-las-occidentales\\\/\"]}]},{\"@type\":\"ImageObject\",\"inLanguage\":\"es\",\"@id\":\"https:\\\/\\\/www.gsccanarias.com\\\/gsc\\\/el-repunte-del-calor-activa-la-alerta-por-altas-temperaturas-en-gran-canaria-y-la-prealerta-en-las-occidentales\\\/#primaryimage\",\"url\":\"https:\\\/\\\/www.gsccanarias.com\\\/gsc\\\/wp-content\\\/uploads\\\/2024\\\/08\\\/Detalle-Logo-112-Canarias.jpeg\",\"contentUrl\":\"https:\\\/\\\/www.gsccanarias.com\\\/gsc\\\/wp-content\\\/uploads\\\/2024\\\/08\\\/Detalle-Logo-112-Canarias.jpeg\",\"width\":1600,\"height\":1200},{\"@type\":\"BreadcrumbList\",\"@id\":\"https:\\\/\\\/www.gsccanarias.com\\\/gsc\\\/el-repunte-del-calor-activa-la-alerta-por-altas-temperaturas-en-gran-canaria-y-la-prealerta-en-las-occidentales\\\/#breadcrumb\",\"itemListElement\":[{\"@type\":\"ListItem\",\"position\":1,\"name\":\"Portada\",\"item\":\"https:\\\/\\\/www.gsccanarias.com\\\/gsc\\\/\"},{\"@type\":\"ListItem\",\"position\":2,\"name\":\"El repunte del calor activa la alerta por altas temperaturas en Gran Canaria y la prealerta en las occidentales\"}]},{\"@type\":\"WebSite\",\"@id\":\"https:\\\/\\\/www.gsccanarias.com\\\/gsc\\\/#website\",\"url\":\"https:\\\/\\\/www.gsccanarias.com\\\/gsc\\\/\",\"name\":\"GSC\",\"description\":\"Administramos servicios relacionados con la salud, las emergencias, la seguridad y el transporte sanitario\",\"potentialAction\":[{\"@type\":\"SearchAction\",\"target\":{\"@type\":\"EntryPoint\",\"urlTemplate\":\"https:\\\/\\\/www.gsccanarias.com\\\/gsc\\\/?s={search_term_string}\"},\"query-input\":{\"@type\":\"PropertyValueSpecification\",\"valueRequired\":true,\"valueName\":\"search_term_string\"}}],\"inLanguage\":\"es\"},{\"@type\":\"Person\",\"@id\":\"https:\\\/\\\/www.gsccanarias.com\\\/gsc\\\/#\\\/schema\\\/person\\\/b2f81279c36a5cfced2ad46fbab5b5fc\",\"name\":\"Carlos Santana Beltr\u00e1n\",\"image\":{\"@type\":\"ImageObject\",\"inLanguage\":\"es\",\"@id\":\"https:\\\/\\\/secure.gravatar.com\\\/avatar\\\/80a7f508d4e90a1d7794e4649954b753cbac9c789168555cd1ccbcfa2c332add?s=96&d=mm&r=g\",\"url\":\"https:\\\/\\\/secure.gravatar.com\\\/avatar\\\/80a7f508d4e90a1d7794e4649954b753cbac9c789168555cd1ccbcfa2c332add?s=96&d=mm&r=g\",\"contentUrl\":\"https:\\\/\\\/secure.gravatar.com\\\/avatar\\\/80a7f508d4e90a1d7794e4649954b753cbac9c789168555cd1ccbcfa2c332add?s=96&d=mm&r=g\",\"caption\":\"Carlos Santana Beltr\u00e1n\"},\"url\":\"https:\\\/\\\/www.gsccanarias.com\\\/gsc\\\/author\\\/carlos\\\/\"}]}<\/script>\n<!-- \/ Yoast SEO plugin. -->","yoast_head_json":{"title":"El repunte del calor activa la alerta por altas temperaturas en Gran Canaria y la prealerta en las occidentales - GSC","robots":{"index":"index","follow":"follow","max-snippet":"max-snippet:-1","max-image-preview":"max-image-preview:large","max-video-preview":"max-video-preview:-1"},"canonical":"https:\/\/www.gsccanarias.com\/gsc\/el-repunte-del-calor-activa-la-alerta-por-altas-temperaturas-en-gran-canaria-y-la-prealerta-en-las-occidentales\/","og_locale":"es_ES","og_type":"article","og_title":"El repunte del calor activa la alerta por altas temperaturas en Gran Canaria y la prealerta en las occidentales - GSC","og_description":"Se pueden superar los 37 grados en zonas de median\u00edas y cumbres de la isla\u00a0 y los 34 en zonas altas de la provincia occidental El Gobierno de Canarias mantiene la Alerta por Riesgo de Incendio Forestal en la provincia occidental y Gran Canaria ante...","og_url":"https:\/\/www.gsccanarias.com\/gsc\/el-repunte-del-calor-activa-la-alerta-por-altas-temperaturas-en-gran-canaria-y-la-prealerta-en-las-occidentales\/","og_site_name":"GSC","article_published_time":"2024-08-02T19:08:51+00:00","og_image":[{"width":1600,"height":1200,"url":"https:\/\/www.gsccanarias.com\/gsc\/wp-content\/uploads\/2024\/08\/Detalle-Logo-112-Canarias.jpeg","type":"image\/jpeg"}],"author":"Carlos Santana Beltr\u00e1n","twitter_card":"summary_large_image","twitter_misc":{"Escrito por":"Carlos Santana Beltr\u00e1n","Tiempo de lectura":"3 minutos"},"schema":{"@context":"https:\/\/schema.org","@graph":[{"@type":"Article","@id":"https:\/\/www.gsccanarias.com\/gsc\/el-repunte-del-calor-activa-la-alerta-por-altas-temperaturas-en-gran-canaria-y-la-prealerta-en-las-occidentales\/#article","isPartOf":{"@id":"https:\/\/www.gsccanarias.com\/gsc\/el-repunte-del-calor-activa-la-alerta-por-altas-temperaturas-en-gran-canaria-y-la-prealerta-en-las-occidentales\/"},"author":{"name":"Carlos Santana Beltr\u00e1n","@id":"https:\/\/www.gsccanarias.com\/gsc\/#\/schema\/person\/b2f81279c36a5cfced2ad46fbab5b5fc"},"headline":"El repunte del calor activa la alerta por altas temperaturas en Gran Canaria y la prealerta en las occidentales","datePublished":"2024-08-02T19:08:51+00:00","mainEntityOfPage":{"@id":"https:\/\/www.gsccanarias.com\/gsc\/el-repunte-del-calor-activa-la-alerta-por-altas-temperaturas-en-gran-canaria-y-la-prealerta-en-las-occidentales\/"},"wordCount":603,"image":{"@id":"https:\/\/www.gsccanarias.com\/gsc\/el-repunte-del-calor-activa-la-alerta-por-altas-temperaturas-en-gran-canaria-y-la-prealerta-en-las-occidentales\/#primaryimage"},"thumbnailUrl":"https:\/\/www.gsccanarias.com\/gsc\/wp-content\/uploads\/2024\/08\/Detalle-Logo-112-Canarias.jpeg","articleSection":["Noticias","\u00daltimas noticias"],"inLanguage":"es"},{"@type":"WebPage","@id":"https:\/\/www.gsccanarias.com\/gsc\/el-repunte-del-calor-activa-la-alerta-por-altas-temperaturas-en-gran-canaria-y-la-prealerta-en-las-occidentales\/","url":"https:\/\/www.gsccanarias.com\/gsc\/el-repunte-del-calor-activa-la-alerta-por-altas-temperaturas-en-gran-canaria-y-la-prealerta-en-las-occidentales\/","name":"El repunte del calor activa la alerta por altas temperaturas en Gran Canaria y la prealerta en las occidentales - GSC","isPartOf":{"@id":"https:\/\/www.gsccanarias.com\/gsc\/#website"},"primaryImageOfPage":{"@id":"https:\/\/www.gsccanarias.com\/gsc\/el-repunte-del-calor-activa-la-alerta-por-altas-temperaturas-en-gran-canaria-y-la-prealerta-en-las-occidentales\/#primaryimage"},"image":{"@id":"https:\/\/www.gsccanarias.com\/gsc\/el-repunte-del-calor-activa-la-alerta-por-altas-temperaturas-en-gran-canaria-y-la-prealerta-en-las-occidentales\/#primaryimage"},"thumbnailUrl":"https:\/\/www.gsccanarias.com\/gsc\/wp-content\/uploads\/2024\/08\/Detalle-Logo-112-Canarias.jpeg","datePublished":"2024-08-02T19:08:51+00:00","author":{"@id":"https:\/\/www.gsccanarias.com\/gsc\/#\/schema\/person\/b2f81279c36a5cfced2ad46fbab5b5fc"},"breadcrumb":{"@id":"https:\/\/www.gsccanarias.com\/gsc\/el-repunte-del-calor-activa-la-alerta-por-altas-temperaturas-en-gran-canaria-y-la-prealerta-en-las-occidentales\/#breadcrumb"},"inLanguage":"es","potentialAction":[{"@type":"ReadAction","target":["https:\/\/www.gsccanarias.com\/gsc\/el-repunte-del-calor-activa-la-alerta-por-altas-temperaturas-en-gran-canaria-y-la-prealerta-en-las-occidentales\/"]}]},{"@type":"ImageObject","inLanguage":"es","@id":"https:\/\/www.gsccanarias.com\/gsc\/el-repunte-del-calor-activa-la-alerta-por-altas-temperaturas-en-gran-canaria-y-la-prealerta-en-las-occidentales\/#primaryimage","url":"https:\/\/www.gsccanarias.com\/gsc\/wp-content\/uploads\/2024\/08\/Detalle-Logo-112-Canarias.jpeg","contentUrl":"https:\/\/www.gsccanarias.com\/gsc\/wp-content\/uploads\/2024\/08\/Detalle-Logo-112-Canarias.jpeg","width":1600,"height":1200},{"@type":"BreadcrumbList","@id":"https:\/\/www.gsccanarias.com\/gsc\/el-repunte-del-calor-activa-la-alerta-por-altas-temperaturas-en-gran-canaria-y-la-prealerta-en-las-occidentales\/#breadcrumb","itemListElement":[{"@type":"ListItem","position":1,"name":"Portada","item":"https:\/\/www.gsccanarias.com\/gsc\/"},{"@type":"ListItem","position":2,"name":"El repunte del calor activa la alerta por altas temperaturas en Gran Canaria y la prealerta en las occidentales"}]},{"@type":"WebSite","@id":"https:\/\/www.gsccanarias.com\/gsc\/#website","url":"https:\/\/www.gsccanarias.com\/gsc\/","name":"GSC","description":"Administramos servicios relacionados con la salud, las emergencias, la seguridad y el transporte sanitario","potentialAction":[{"@type":"SearchAction","target":{"@type":"EntryPoint","urlTemplate":"https:\/\/www.gsccanarias.com\/gsc\/?s={search_term_string}"},"query-input":{"@type":"PropertyValueSpecification","valueRequired":true,"valueName":"search_term_string"}}],"inLanguage":"es"},{"@type":"Person","@id":"https:\/\/www.gsccanarias.com\/gsc\/#\/schema\/person\/b2f81279c36a5cfced2ad46fbab5b5fc","name":"Carlos Santana Beltr\u00e1n","image":{"@type":"ImageObject","inLanguage":"es","@id":"https:\/\/secure.gravatar.com\/avatar\/80a7f508d4e90a1d7794e4649954b753cbac9c789168555cd1ccbcfa2c332add?s=96&d=mm&r=g","url":"https:\/\/secure.gravatar.com\/avatar\/80a7f508d4e90a1d7794e4649954b753cbac9c789168555cd1ccbcfa2c332add?s=96&d=mm&r=g","contentUrl":"https:\/\/secure.gravatar.com\/avatar\/80a7f508d4e90a1d7794e4649954b753cbac9c789168555cd1ccbcfa2c332add?s=96&d=mm&r=g","caption":"Carlos Santana Beltr\u00e1n"},"url":"https:\/\/www.gsccanarias.com\/gsc\/author\/carlos\/"}]}},"publishpress_future_workflow_manual_trigger":{"enabledWorkflows":[]},"_links":{"self":[{"href":"https:\/\/www.gsccanarias.com\/gsc\/wp-json\/wp\/v2\/posts\/15228","targetHints":{"allow":["GET"]}}],"collection":[{"href":"https:\/\/www.gsccanarias.com\/gsc\/wp-json\/wp\/v2\/posts"}],"about":[{"href":"https:\/\/www.gsccanarias.com\/gsc\/wp-json\/wp\/v2\/types\/post"}],"author":[{"embeddable":true,"href":"https:\/\/www.gsccanarias.com\/gsc\/wp-json\/wp\/v2\/users\/20"}],"replies":[{"embeddable":true,"href":"https:\/\/www.gsccanarias.com\/gsc\/wp-json\/wp\/v2\/comments?post=15228"}],"version-history":[{"count":1,"href":"https:\/\/www.gsccanarias.com\/gsc\/wp-json\/wp\/v2\/posts\/15228\/revisions"}],"predecessor-version":[{"id":15230,"href":"https:\/\/www.gsccanarias.com\/gsc\/wp-json\/wp\/v2\/posts\/15228\/revisions\/15230"}],"wp:featuredmedia":[{"embeddable":true,"href":"https:\/\/www.gsccanarias.com\/gsc\/wp-json\/wp\/v2\/media\/15229"}],"wp:attachment":[{"href":"https:\/\/www.gsccanarias.com\/gsc\/wp-json\/wp\/v2\/media?parent=15228"}],"wp:term":[{"taxonomy":"category","embeddable":true,"href":"https:\/\/www.gsccanarias.com\/gsc\/wp-json\/wp\/v2\/categories?post=15228"},{"taxonomy":"post_tag","embeddable":true,"href":"https:\/\/www.gsccanarias.com\/gsc\/wp-json\/wp\/v2\/tags?post=15228"}],"curies":[{"name":"wp","href":"https:\/\/api.w.org\/{rel}","templated":true}]}}