{"id":15221,"date":"2024-08-02T12:40:39","date_gmt":"2024-08-02T12:40:39","guid":{"rendered":"https:\/\/www.gsccanarias.com\/gsc\/?p=15221"},"modified":"2024-08-02T12:40:39","modified_gmt":"2024-08-02T12:40:39","slug":"el-gobierno-actualiza-la-situacion-y-mantiene-la-alerta-por-riesgo-de-incendios-forestales","status":"publish","type":"post","link":"https:\/\/www.gsccanarias.com\/gsc\/el-gobierno-actualiza-la-situacion-y-mantiene-la-alerta-por-riesgo-de-incendios-forestales\/","title":{"rendered":"El Gobierno actualiza la situaci\u00f3n y mantiene la alerta por riesgo de incendios forestales"},"content":{"rendered":"<div class=\"article-content\">\n<p>La Direcci\u00f3n General de Emergencias del Gobierno de Canarias, actualiza la situaci\u00f3n y mantiene la alerta por riesgo de incendios forestales en las islas de El Hierro, La Palma, La Gomera, Tenerife y Gran Canaria, a partir de las 15:00 horas de hoy, viernes 2 de agosto.<\/p>\n<p>Esta decisi\u00f3n se toma teniendo en cuenta la informaci\u00f3n facilitada por la Agencia Estatal de Meteorolog\u00eda y otras fuentes disponibles, y en aplicaci\u00f3n del Plan Espec\u00edfico de Protecci\u00f3n Civil y Atenci\u00f3n de Emergencias por Incendios Forestales de la Comunidad Aut\u00f3noma de Canarias (INFOCA).<\/p>\n<p><strong>\u00c1mbito territorial:\u00a0<\/strong><\/p>\n<p>Islas de El Hierro, La Palma, La Gomera y Tenerife. En Gran Canaria por encima de la cota 600 en el norte de la isla, y de la cota 400 en las restantes vertientes.<\/p>\n<p><strong>Observaciones:\u00a0<\/strong><\/p>\n<p>Episodio de altas temperaturas que afectar\u00e1 en mayor medida a las median\u00edas, zonas altas y cumbres de las vertientes sur, este y oeste de las islas. Temperaturas m\u00e1ximas que probablemente alcanzar\u00e1n y superar\u00e1n los 30\u00baC, con valores locales de 32-34\u00baC en las islas occidentales y de 34-38\u00baC en Gran Canaria.<\/p>\n<p>Tambi\u00e9n se prev\u00e9 ligera calima en altura y humedad relativa inferior al 30% a altitudes superiores a los 600 \u2013 700 m. R\u00e9gimen de viento alisio, moderado con intervalos locales de fuerte, y viento de componente este flojo en las zonas altas y cumbres. A todo ello, se une sequ\u00eda meteorol\u00f3gica de largo plazo y alto grado de estr\u00e9s h\u00eddrico de la vegetaci\u00f3n.<\/p>\n<p>Se traslada la necesidad de respetar las medidas de restricci\u00f3n establecidas por los respectivos cabildos insulares.<\/p>\n<p>Se insta a la poblaci\u00f3n a seguir los siguientes<a href=\"https:\/\/www.gobiernodecanarias.org\/emergencias\/alertas\/consejos\/incendios\/incendios.html\">\u202fconsejos de autoprotecci\u00f3n<\/a>\u202fde la Direcci\u00f3n General de Emergencias.<\/p>\n<p><a href=\"https:\/\/www3.gobiernodecanarias.org\/noticias\/wp-content\/uploads\/2024\/08\/24-08-02-Actualizacion_2-5-2024-INFOCA-Alerta.pdf\">24-08-02 Actualizacion_2 5 2024 INFOCA Alerta<\/a><\/p>\n<p><a href=\"https:\/\/www3.gobiernodecanarias.org\/noticias\/wp-content\/uploads\/2024\/08\/RECOMENDACIONES-A-LA-POBLACION_.pdf\">Recomendaciones a la poblaci\u00f3n<\/a><\/p>\n<\/div>\n<div class=\"pvc_clear\"><\/div>\n<p id=\"pvc_stats_15221\" class=\"pvc_stats all  \" data-element-id=\"15221\" style=\"\"><i class=\"pvc-stats-icon medium\" aria-hidden=\"true\"><svg aria-hidden=\"true\" focusable=\"false\" data-prefix=\"far\" data-icon=\"chart-bar\" role=\"img\" xmlns=\"http:\/\/www.w3.org\/2000\/svg\" viewBox=\"0 0 512 512\" class=\"svg-inline--fa fa-chart-bar fa-w-16 fa-2x\"><path fill=\"currentColor\" d=\"M396.8 352h22.4c6.4 0 12.8-6.4 12.8-12.8V108.8c0-6.4-6.4-12.8-12.8-12.8h-22.4c-6.4 0-12.8 6.4-12.8 12.8v230.4c0 6.4 6.4 12.8 12.8 12.8zm-192 0h22.4c6.4 0 12.8-6.4 12.8-12.8V140.8c0-6.4-6.4-12.8-12.8-12.8h-22.4c-6.4 0-12.8 6.4-12.8 12.8v198.4c0 6.4 6.4 12.8 12.8 12.8zm96 0h22.4c6.4 0 12.8-6.4 12.8-12.8V204.8c0-6.4-6.4-12.8-12.8-12.8h-22.4c-6.4 0-12.8 6.4-12.8 12.8v134.4c0 6.4 6.4 12.8 12.8 12.8zM496 400H48V80c0-8.84-7.16-16-16-16H16C7.16 64 0 71.16 0 80v336c0 17.67 14.33 32 32 32h464c8.84 0 16-7.16 16-16v-16c0-8.84-7.16-16-16-16zm-387.2-48h22.4c6.4 0 12.8-6.4 12.8-12.8v-70.4c0-6.4-6.4-12.8-12.8-12.8h-22.4c-6.4 0-12.8 6.4-12.8 12.8v70.4c0 6.4 6.4 12.8 12.8 12.8z\" class=\"\"><\/path><\/svg><\/i> <\/p>\n<div class=\"pvc_clear\"><\/div>\n<div class=\"print\"><span class=\"page_title\">P\u00e1gina: <span>El Gobierno actualiza la situaci\u00f3n y mantiene la alerta por riesgo de incendios forestales<\/span><\/span>\n\t\t\t\t\t\t\t\t\t\t\t<span class=\"page_title\">Fecha de impresi\u00f3n: <span>02\/05\/2026 - 06:57:51 UTC<\/span><\/span>\n\t\t\t\t\t\t\t\t\t\t\t<span class=\"stmp_trans_date\">\u00daltima actualizaci\u00f3n: <span>02\/08\/2024 - 12:40:39<\/span><\/span>\n\t\t\t\t\t\t\t\t\t\t\t<span class=\"stmp_trans_date\">Fecha publicaci\u00f3n: <span>02\/08\/2024 - 12:40:39<\/span><\/span>\n\t\t\t\t\t\t\t\t\t\t\t<span class=\"stmp_trans_date\">Fecha creaci\u00f3n: <span>02\/08\/2024 - 12:40:39<\/span><\/span><\/div>\n\t","protected":false},"excerpt":{"rendered":"<p>La Direcci\u00f3n General de Emergencias del Gobierno de Canarias, actualiza la situaci\u00f3n y mantiene la alerta por riesgo de incendios forestales en las islas de El Hierro, La Palma, La Gomera, Tenerife y Gran Canaria, a partir de las 15:00 horas de hoy, viernes 2&#8230;<\/p>\n<div class=\"pvc_clear\"><\/div>\n<p id=\"pvc_stats_15221\" class=\"pvc_stats all  \" data-element-id=\"15221\" style=\"\"><i class=\"pvc-stats-icon medium\" aria-hidden=\"true\"><svg aria-hidden=\"true\" focusable=\"false\" data-prefix=\"far\" data-icon=\"chart-bar\" role=\"img\" xmlns=\"http:\/\/www.w3.org\/2000\/svg\" viewBox=\"0 0 512 512\" class=\"svg-inline--fa fa-chart-bar fa-w-16 fa-2x\"><path fill=\"currentColor\" d=\"M396.8 352h22.4c6.4 0 12.8-6.4 12.8-12.8V108.8c0-6.4-6.4-12.8-12.8-12.8h-22.4c-6.4 0-12.8 6.4-12.8 12.8v230.4c0 6.4 6.4 12.8 12.8 12.8zm-192 0h22.4c6.4 0 12.8-6.4 12.8-12.8V140.8c0-6.4-6.4-12.8-12.8-12.8h-22.4c-6.4 0-12.8 6.4-12.8 12.8v198.4c0 6.4 6.4 12.8 12.8 12.8zm96 0h22.4c6.4 0 12.8-6.4 12.8-12.8V204.8c0-6.4-6.4-12.8-12.8-12.8h-22.4c-6.4 0-12.8 6.4-12.8 12.8v134.4c0 6.4 6.4 12.8 12.8 12.8zM496 400H48V80c0-8.84-7.16-16-16-16H16C7.16 64 0 71.16 0 80v336c0 17.67 14.33 32 32 32h464c8.84 0 16-7.16 16-16v-16c0-8.84-7.16-16-16-16zm-387.2-48h22.4c6.4 0 12.8-6.4 12.8-12.8v-70.4c0-6.4-6.4-12.8-12.8-12.8h-22.4c-6.4 0-12.8 6.4-12.8 12.8v70.4c0 6.4 6.4 12.8 12.8 12.8z\" class=\"\"><\/path><\/svg><\/i> <img loading=\"lazy\" decoding=\"async\" width=\"16\" height=\"16\" alt=\"Loading\" src=\"https:\/\/www.gsccanarias.com\/gsc\/wp-content\/plugins\/page-views-count\/ajax-loader-2x.gif\" border=0 \/><\/p>\n<div class=\"pvc_clear\"><\/div>\n","protected":false},"author":20,"featured_media":15191,"comment_status":"closed","ping_status":"open","sticky":false,"template":"","format":"standard","meta":{"footnotes":""},"categories":[35,36],"tags":[],"class_list":["post-15221","post","type-post","status-publish","format-standard","has-post-thumbnail","hentry","category-noticias","category-ultimas-noticias"],"a3_pvc":{"activated":true,"total_views":41,"today_views":0},"yoast_head":"<!-- This site is optimized with the Yoast SEO plugin v27.5 - https:\/\/yoast.com\/product\/yoast-seo-wordpress\/ -->\n<title>El Gobierno actualiza la situaci\u00f3n y mantiene la alerta por riesgo de incendios forestales - GSC<\/title>\n<meta name=\"robots\" content=\"index, follow, max-snippet:-1, max-image-preview:large, max-video-preview:-1\" \/>\n<link rel=\"canonical\" href=\"https:\/\/www.gsccanarias.com\/gsc\/el-gobierno-actualiza-la-situacion-y-mantiene-la-alerta-por-riesgo-de-incendios-forestales\/\" \/>\n<meta property=\"og:locale\" content=\"es_ES\" \/>\n<meta property=\"og:type\" content=\"article\" \/>\n<meta property=\"og:title\" content=\"El Gobierno actualiza la situaci\u00f3n y mantiene la alerta por riesgo de incendios forestales - GSC\" \/>\n<meta property=\"og:description\" content=\"La Direcci\u00f3n General de Emergencias del Gobierno de Canarias, actualiza la situaci\u00f3n y mantiene la alerta por riesgo de incendios forestales en las islas de El Hierro, La Palma, La Gomera, Tenerife y Gran Canaria, a partir de las 15:00 horas de hoy, viernes 2...\" \/>\n<meta property=\"og:url\" content=\"https:\/\/www.gsccanarias.com\/gsc\/el-gobierno-actualiza-la-situacion-y-mantiene-la-alerta-por-riesgo-de-incendios-forestales\/\" \/>\n<meta property=\"og:site_name\" content=\"GSC\" \/>\n<meta property=\"article:published_time\" content=\"2024-08-02T12:40:39+00:00\" \/>\n<meta property=\"og:image\" content=\"https:\/\/www.gsccanarias.com\/gsc\/wp-content\/uploads\/2024\/07\/Alerta-por-riesgo-de-incendio-forestal-1.png\" \/>\n\t<meta property=\"og:image:width\" content=\"1024\" \/>\n\t<meta property=\"og:image:height\" content=\"512\" \/>\n\t<meta property=\"og:image:type\" content=\"image\/png\" \/>\n<meta name=\"author\" content=\"Carlos Santana Beltr\u00e1n\" \/>\n<meta name=\"twitter:card\" content=\"summary_large_image\" \/>\n<meta name=\"twitter:label1\" content=\"Escrito por\" \/>\n\t<meta name=\"twitter:data1\" content=\"Carlos Santana Beltr\u00e1n\" \/>\n\t<meta name=\"twitter:label2\" content=\"Tiempo de lectura\" \/>\n\t<meta name=\"twitter:data2\" content=\"2 minutos\" \/>\n<script type=\"application\/ld+json\" class=\"yoast-schema-graph\">{\"@context\":\"https:\\\/\\\/schema.org\",\"@graph\":[{\"@type\":\"Article\",\"@id\":\"https:\\\/\\\/www.gsccanarias.com\\\/gsc\\\/el-gobierno-actualiza-la-situacion-y-mantiene-la-alerta-por-riesgo-de-incendios-forestales\\\/#article\",\"isPartOf\":{\"@id\":\"https:\\\/\\\/www.gsccanarias.com\\\/gsc\\\/el-gobierno-actualiza-la-situacion-y-mantiene-la-alerta-por-riesgo-de-incendios-forestales\\\/\"},\"author\":{\"name\":\"Carlos Santana Beltr\u00e1n\",\"@id\":\"https:\\\/\\\/www.gsccanarias.com\\\/gsc\\\/#\\\/schema\\\/person\\\/b2f81279c36a5cfced2ad46fbab5b5fc\"},\"headline\":\"El Gobierno actualiza la situaci\u00f3n y mantiene la alerta por riesgo de incendios forestales\",\"datePublished\":\"2024-08-02T12:40:39+00:00\",\"mainEntityOfPage\":{\"@id\":\"https:\\\/\\\/www.gsccanarias.com\\\/gsc\\\/el-gobierno-actualiza-la-situacion-y-mantiene-la-alerta-por-riesgo-de-incendios-forestales\\\/\"},\"wordCount\":318,\"image\":{\"@id\":\"https:\\\/\\\/www.gsccanarias.com\\\/gsc\\\/el-gobierno-actualiza-la-situacion-y-mantiene-la-alerta-por-riesgo-de-incendios-forestales\\\/#primaryimage\"},\"thumbnailUrl\":\"https:\\\/\\\/www.gsccanarias.com\\\/gsc\\\/wp-content\\\/uploads\\\/2024\\\/07\\\/Alerta-por-riesgo-de-incendio-forestal-1.png\",\"articleSection\":[\"Noticias\",\"\u00daltimas noticias\"],\"inLanguage\":\"es\"},{\"@type\":\"WebPage\",\"@id\":\"https:\\\/\\\/www.gsccanarias.com\\\/gsc\\\/el-gobierno-actualiza-la-situacion-y-mantiene-la-alerta-por-riesgo-de-incendios-forestales\\\/\",\"url\":\"https:\\\/\\\/www.gsccanarias.com\\\/gsc\\\/el-gobierno-actualiza-la-situacion-y-mantiene-la-alerta-por-riesgo-de-incendios-forestales\\\/\",\"name\":\"El Gobierno actualiza la situaci\u00f3n y mantiene la alerta por riesgo de incendios forestales - GSC\",\"isPartOf\":{\"@id\":\"https:\\\/\\\/www.gsccanarias.com\\\/gsc\\\/#website\"},\"primaryImageOfPage\":{\"@id\":\"https:\\\/\\\/www.gsccanarias.com\\\/gsc\\\/el-gobierno-actualiza-la-situacion-y-mantiene-la-alerta-por-riesgo-de-incendios-forestales\\\/#primaryimage\"},\"image\":{\"@id\":\"https:\\\/\\\/www.gsccanarias.com\\\/gsc\\\/el-gobierno-actualiza-la-situacion-y-mantiene-la-alerta-por-riesgo-de-incendios-forestales\\\/#primaryimage\"},\"thumbnailUrl\":\"https:\\\/\\\/www.gsccanarias.com\\\/gsc\\\/wp-content\\\/uploads\\\/2024\\\/07\\\/Alerta-por-riesgo-de-incendio-forestal-1.png\",\"datePublished\":\"2024-08-02T12:40:39+00:00\",\"author\":{\"@id\":\"https:\\\/\\\/www.gsccanarias.com\\\/gsc\\\/#\\\/schema\\\/person\\\/b2f81279c36a5cfced2ad46fbab5b5fc\"},\"breadcrumb\":{\"@id\":\"https:\\\/\\\/www.gsccanarias.com\\\/gsc\\\/el-gobierno-actualiza-la-situacion-y-mantiene-la-alerta-por-riesgo-de-incendios-forestales\\\/#breadcrumb\"},\"inLanguage\":\"es\",\"potentialAction\":[{\"@type\":\"ReadAction\",\"target\":[\"https:\\\/\\\/www.gsccanarias.com\\\/gsc\\\/el-gobierno-actualiza-la-situacion-y-mantiene-la-alerta-por-riesgo-de-incendios-forestales\\\/\"]}]},{\"@type\":\"ImageObject\",\"inLanguage\":\"es\",\"@id\":\"https:\\\/\\\/www.gsccanarias.com\\\/gsc\\\/el-gobierno-actualiza-la-situacion-y-mantiene-la-alerta-por-riesgo-de-incendios-forestales\\\/#primaryimage\",\"url\":\"https:\\\/\\\/www.gsccanarias.com\\\/gsc\\\/wp-content\\\/uploads\\\/2024\\\/07\\\/Alerta-por-riesgo-de-incendio-forestal-1.png\",\"contentUrl\":\"https:\\\/\\\/www.gsccanarias.com\\\/gsc\\\/wp-content\\\/uploads\\\/2024\\\/07\\\/Alerta-por-riesgo-de-incendio-forestal-1.png\",\"width\":1024,\"height\":512},{\"@type\":\"BreadcrumbList\",\"@id\":\"https:\\\/\\\/www.gsccanarias.com\\\/gsc\\\/el-gobierno-actualiza-la-situacion-y-mantiene-la-alerta-por-riesgo-de-incendios-forestales\\\/#breadcrumb\",\"itemListElement\":[{\"@type\":\"ListItem\",\"position\":1,\"name\":\"Portada\",\"item\":\"https:\\\/\\\/www.gsccanarias.com\\\/gsc\\\/\"},{\"@type\":\"ListItem\",\"position\":2,\"name\":\"El Gobierno actualiza la situaci\u00f3n y mantiene la alerta por riesgo de incendios forestales\"}]},{\"@type\":\"WebSite\",\"@id\":\"https:\\\/\\\/www.gsccanarias.com\\\/gsc\\\/#website\",\"url\":\"https:\\\/\\\/www.gsccanarias.com\\\/gsc\\\/\",\"name\":\"GSC\",\"description\":\"Administramos servicios relacionados con la salud, las emergencias, la seguridad y el transporte sanitario\",\"potentialAction\":[{\"@type\":\"SearchAction\",\"target\":{\"@type\":\"EntryPoint\",\"urlTemplate\":\"https:\\\/\\\/www.gsccanarias.com\\\/gsc\\\/?s={search_term_string}\"},\"query-input\":{\"@type\":\"PropertyValueSpecification\",\"valueRequired\":true,\"valueName\":\"search_term_string\"}}],\"inLanguage\":\"es\"},{\"@type\":\"Person\",\"@id\":\"https:\\\/\\\/www.gsccanarias.com\\\/gsc\\\/#\\\/schema\\\/person\\\/b2f81279c36a5cfced2ad46fbab5b5fc\",\"name\":\"Carlos Santana Beltr\u00e1n\",\"image\":{\"@type\":\"ImageObject\",\"inLanguage\":\"es\",\"@id\":\"https:\\\/\\\/secure.gravatar.com\\\/avatar\\\/80a7f508d4e90a1d7794e4649954b753cbac9c789168555cd1ccbcfa2c332add?s=96&d=mm&r=g\",\"url\":\"https:\\\/\\\/secure.gravatar.com\\\/avatar\\\/80a7f508d4e90a1d7794e4649954b753cbac9c789168555cd1ccbcfa2c332add?s=96&d=mm&r=g\",\"contentUrl\":\"https:\\\/\\\/secure.gravatar.com\\\/avatar\\\/80a7f508d4e90a1d7794e4649954b753cbac9c789168555cd1ccbcfa2c332add?s=96&d=mm&r=g\",\"caption\":\"Carlos Santana Beltr\u00e1n\"},\"url\":\"https:\\\/\\\/www.gsccanarias.com\\\/gsc\\\/author\\\/carlos\\\/\"}]}<\/script>\n<!-- \/ Yoast SEO plugin. -->","yoast_head_json":{"title":"El Gobierno actualiza la situaci\u00f3n y mantiene la alerta por riesgo de incendios forestales - GSC","robots":{"index":"index","follow":"follow","max-snippet":"max-snippet:-1","max-image-preview":"max-image-preview:large","max-video-preview":"max-video-preview:-1"},"canonical":"https:\/\/www.gsccanarias.com\/gsc\/el-gobierno-actualiza-la-situacion-y-mantiene-la-alerta-por-riesgo-de-incendios-forestales\/","og_locale":"es_ES","og_type":"article","og_title":"El Gobierno actualiza la situaci\u00f3n y mantiene la alerta por riesgo de incendios forestales - GSC","og_description":"La Direcci\u00f3n General de Emergencias del Gobierno de Canarias, actualiza la situaci\u00f3n y mantiene la alerta por riesgo de incendios forestales en las islas de El Hierro, La Palma, La Gomera, Tenerife y Gran Canaria, a partir de las 15:00 horas de hoy, viernes 2...","og_url":"https:\/\/www.gsccanarias.com\/gsc\/el-gobierno-actualiza-la-situacion-y-mantiene-la-alerta-por-riesgo-de-incendios-forestales\/","og_site_name":"GSC","article_published_time":"2024-08-02T12:40:39+00:00","og_image":[{"width":1024,"height":512,"url":"https:\/\/www.gsccanarias.com\/gsc\/wp-content\/uploads\/2024\/07\/Alerta-por-riesgo-de-incendio-forestal-1.png","type":"image\/png"}],"author":"Carlos Santana Beltr\u00e1n","twitter_card":"summary_large_image","twitter_misc":{"Escrito por":"Carlos Santana Beltr\u00e1n","Tiempo de lectura":"2 minutos"},"schema":{"@context":"https:\/\/schema.org","@graph":[{"@type":"Article","@id":"https:\/\/www.gsccanarias.com\/gsc\/el-gobierno-actualiza-la-situacion-y-mantiene-la-alerta-por-riesgo-de-incendios-forestales\/#article","isPartOf":{"@id":"https:\/\/www.gsccanarias.com\/gsc\/el-gobierno-actualiza-la-situacion-y-mantiene-la-alerta-por-riesgo-de-incendios-forestales\/"},"author":{"name":"Carlos Santana Beltr\u00e1n","@id":"https:\/\/www.gsccanarias.com\/gsc\/#\/schema\/person\/b2f81279c36a5cfced2ad46fbab5b5fc"},"headline":"El Gobierno actualiza la situaci\u00f3n y mantiene la alerta por riesgo de incendios forestales","datePublished":"2024-08-02T12:40:39+00:00","mainEntityOfPage":{"@id":"https:\/\/www.gsccanarias.com\/gsc\/el-gobierno-actualiza-la-situacion-y-mantiene-la-alerta-por-riesgo-de-incendios-forestales\/"},"wordCount":318,"image":{"@id":"https:\/\/www.gsccanarias.com\/gsc\/el-gobierno-actualiza-la-situacion-y-mantiene-la-alerta-por-riesgo-de-incendios-forestales\/#primaryimage"},"thumbnailUrl":"https:\/\/www.gsccanarias.com\/gsc\/wp-content\/uploads\/2024\/07\/Alerta-por-riesgo-de-incendio-forestal-1.png","articleSection":["Noticias","\u00daltimas noticias"],"inLanguage":"es"},{"@type":"WebPage","@id":"https:\/\/www.gsccanarias.com\/gsc\/el-gobierno-actualiza-la-situacion-y-mantiene-la-alerta-por-riesgo-de-incendios-forestales\/","url":"https:\/\/www.gsccanarias.com\/gsc\/el-gobierno-actualiza-la-situacion-y-mantiene-la-alerta-por-riesgo-de-incendios-forestales\/","name":"El Gobierno actualiza la situaci\u00f3n y mantiene la alerta por riesgo de incendios forestales - GSC","isPartOf":{"@id":"https:\/\/www.gsccanarias.com\/gsc\/#website"},"primaryImageOfPage":{"@id":"https:\/\/www.gsccanarias.com\/gsc\/el-gobierno-actualiza-la-situacion-y-mantiene-la-alerta-por-riesgo-de-incendios-forestales\/#primaryimage"},"image":{"@id":"https:\/\/www.gsccanarias.com\/gsc\/el-gobierno-actualiza-la-situacion-y-mantiene-la-alerta-por-riesgo-de-incendios-forestales\/#primaryimage"},"thumbnailUrl":"https:\/\/www.gsccanarias.com\/gsc\/wp-content\/uploads\/2024\/07\/Alerta-por-riesgo-de-incendio-forestal-1.png","datePublished":"2024-08-02T12:40:39+00:00","author":{"@id":"https:\/\/www.gsccanarias.com\/gsc\/#\/schema\/person\/b2f81279c36a5cfced2ad46fbab5b5fc"},"breadcrumb":{"@id":"https:\/\/www.gsccanarias.com\/gsc\/el-gobierno-actualiza-la-situacion-y-mantiene-la-alerta-por-riesgo-de-incendios-forestales\/#breadcrumb"},"inLanguage":"es","potentialAction":[{"@type":"ReadAction","target":["https:\/\/www.gsccanarias.com\/gsc\/el-gobierno-actualiza-la-situacion-y-mantiene-la-alerta-por-riesgo-de-incendios-forestales\/"]}]},{"@type":"ImageObject","inLanguage":"es","@id":"https:\/\/www.gsccanarias.com\/gsc\/el-gobierno-actualiza-la-situacion-y-mantiene-la-alerta-por-riesgo-de-incendios-forestales\/#primaryimage","url":"https:\/\/www.gsccanarias.com\/gsc\/wp-content\/uploads\/2024\/07\/Alerta-por-riesgo-de-incendio-forestal-1.png","contentUrl":"https:\/\/www.gsccanarias.com\/gsc\/wp-content\/uploads\/2024\/07\/Alerta-por-riesgo-de-incendio-forestal-1.png","width":1024,"height":512},{"@type":"BreadcrumbList","@id":"https:\/\/www.gsccanarias.com\/gsc\/el-gobierno-actualiza-la-situacion-y-mantiene-la-alerta-por-riesgo-de-incendios-forestales\/#breadcrumb","itemListElement":[{"@type":"ListItem","position":1,"name":"Portada","item":"https:\/\/www.gsccanarias.com\/gsc\/"},{"@type":"ListItem","position":2,"name":"El Gobierno actualiza la situaci\u00f3n y mantiene la alerta por riesgo de incendios forestales"}]},{"@type":"WebSite","@id":"https:\/\/www.gsccanarias.com\/gsc\/#website","url":"https:\/\/www.gsccanarias.com\/gsc\/","name":"GSC","description":"Administramos servicios relacionados con la salud, las emergencias, la seguridad y el transporte sanitario","potentialAction":[{"@type":"SearchAction","target":{"@type":"EntryPoint","urlTemplate":"https:\/\/www.gsccanarias.com\/gsc\/?s={search_term_string}"},"query-input":{"@type":"PropertyValueSpecification","valueRequired":true,"valueName":"search_term_string"}}],"inLanguage":"es"},{"@type":"Person","@id":"https:\/\/www.gsccanarias.com\/gsc\/#\/schema\/person\/b2f81279c36a5cfced2ad46fbab5b5fc","name":"Carlos Santana Beltr\u00e1n","image":{"@type":"ImageObject","inLanguage":"es","@id":"https:\/\/secure.gravatar.com\/avatar\/80a7f508d4e90a1d7794e4649954b753cbac9c789168555cd1ccbcfa2c332add?s=96&d=mm&r=g","url":"https:\/\/secure.gravatar.com\/avatar\/80a7f508d4e90a1d7794e4649954b753cbac9c789168555cd1ccbcfa2c332add?s=96&d=mm&r=g","contentUrl":"https:\/\/secure.gravatar.com\/avatar\/80a7f508d4e90a1d7794e4649954b753cbac9c789168555cd1ccbcfa2c332add?s=96&d=mm&r=g","caption":"Carlos Santana Beltr\u00e1n"},"url":"https:\/\/www.gsccanarias.com\/gsc\/author\/carlos\/"}]}},"publishpress_future_workflow_manual_trigger":{"enabledWorkflows":[]},"_links":{"self":[{"href":"https:\/\/www.gsccanarias.com\/gsc\/wp-json\/wp\/v2\/posts\/15221","targetHints":{"allow":["GET"]}}],"collection":[{"href":"https:\/\/www.gsccanarias.com\/gsc\/wp-json\/wp\/v2\/posts"}],"about":[{"href":"https:\/\/www.gsccanarias.com\/gsc\/wp-json\/wp\/v2\/types\/post"}],"author":[{"embeddable":true,"href":"https:\/\/www.gsccanarias.com\/gsc\/wp-json\/wp\/v2\/users\/20"}],"replies":[{"embeddable":true,"href":"https:\/\/www.gsccanarias.com\/gsc\/wp-json\/wp\/v2\/comments?post=15221"}],"version-history":[{"count":1,"href":"https:\/\/www.gsccanarias.com\/gsc\/wp-json\/wp\/v2\/posts\/15221\/revisions"}],"predecessor-version":[{"id":15223,"href":"https:\/\/www.gsccanarias.com\/gsc\/wp-json\/wp\/v2\/posts\/15221\/revisions\/15223"}],"wp:featuredmedia":[{"embeddable":true,"href":"https:\/\/www.gsccanarias.com\/gsc\/wp-json\/wp\/v2\/media\/15191"}],"wp:attachment":[{"href":"https:\/\/www.gsccanarias.com\/gsc\/wp-json\/wp\/v2\/media?parent=15221"}],"wp:term":[{"taxonomy":"category","embeddable":true,"href":"https:\/\/www.gsccanarias.com\/gsc\/wp-json\/wp\/v2\/categories?post=15221"},{"taxonomy":"post_tag","embeddable":true,"href":"https:\/\/www.gsccanarias.com\/gsc\/wp-json\/wp\/v2\/tags?post=15221"}],"curies":[{"name":"wp","href":"https:\/\/api.w.org\/{rel}","templated":true}]}}