{"id":14842,"date":"2024-04-08T16:21:33","date_gmt":"2024-04-08T16:21:33","guid":{"rendered":"https:\/\/www.gsccanarias.com\/gsc\/?p=14842"},"modified":"2024-04-08T16:21:52","modified_gmt":"2024-04-08T16:21:52","slug":"el-gobierno-de-canarias-declara-la-alerta-por-riesgo-de-incendios-forestales-en-canarias","status":"publish","type":"post","link":"https:\/\/www.gsccanarias.com\/gsc\/el-gobierno-de-canarias-declara-la-alerta-por-riesgo-de-incendios-forestales-en-canarias\/","title":{"rendered":"El Gobierno de Canarias declara la alerta por riesgo de incendios forestales en Canarias"},"content":{"rendered":"<p>La Direcci\u00f3n General de Emergencias del Gobierno de Canarias, con base en la informaci\u00f3n disponible y en aplicaci\u00f3n del Decreto 60\/2014, de 29 de mayo, por el que se aprueba el Plan Especial de<br \/>\nProtecci\u00f3n Civil y Atenci\u00f3n de Emergencias por Incendios Forestales de la Comunidad Aut\u00f3noma de Canarias (INFOCA), declara la situaci\u00f3n de Alerta por riesgo de incendios forestales en Gran Canaria y toda la provincia occidental. La situaci\u00f3n arrancar\u00e1 en Gran Canaria a las 15.00 horas de ma\u00f1ana, martes 9 de abril, y en el resto ser\u00e1 a partir de las 12.00 horas del mi\u00e9rcoles, 10 de abril.<!--more--><\/p>\n<p><strong>\u00c1mbito territorial:<\/strong><\/p>\n<p>Islas de El Hierro, La Gomera en cota superior a 400 metros, La Palma, Tenerife en zona de riesgo establecida por el Cabildo Insular (excepto la zona afectada por el incendio forestal de Arafo que permanece en Situaci\u00f3n de Emergencia) y Gran Canaria en cota superior a 400 metros.<\/p>\n<p><strong>Observaciones:<\/strong><\/p>\n<p>Se espera la llegada de una advecci\u00f3n de aire c\u00e1lido y seco continental africano, acompa\u00f1ado de calima en cantidad variable. Se prev\u00e9 un episodio de temperaturas anormalmente altas para la \u00e9poca del a\u00f1o. La inversi\u00f3n de temperatura persistir\u00e1, pero se situar\u00e1 a menos de 400 m de altitud durante varios d\u00edas, y sobre ella se espera humedad relativa por debajo de 30%. Las temperaturas subir\u00e1n a partir del martes y lo har\u00e1n de forma acusad entre el mi\u00e9rcoles y el jueves. El ascenso medio en zona forestal podr\u00eda superar los diez grados, y a partir del jueves son probables temperaturas m\u00e1ximas diurnas iguales o superiores a los 30-32 \u00baC. Adem\u00e1s, habr\u00e1 viento variable en direcci\u00f3n e intensidad en median\u00edas y\u00a0 zonas altas durante este episodio. Esta situaci\u00f3n se suma a la sequ\u00eda meteorol\u00f3gica y al d\u00e9ficit de lluvia, especialmente en las vertientes sur y oeste de las islas. Este episodio se notar\u00e1 primero en Gran Canaria, Plan de Protecci\u00f3n Civil y Atenci\u00f3n de Emergencias de Canarias por Incendios Forestales (INFOCA) donde la Alerta ser\u00e1 efectiva desde las 15:00 horas del martes, y se desplazar\u00e1 al resto de las islas a lo largo del mi\u00e9rcoles donde la Alerta ser\u00e1 efectiva desde las 12 horas del mi\u00e9rcoles.<\/p>\n<div class=\"pvc_clear\"><\/div>\n<p id=\"pvc_stats_14842\" class=\"pvc_stats all  \" data-element-id=\"14842\" style=\"\"><i class=\"pvc-stats-icon medium\" aria-hidden=\"true\"><svg aria-hidden=\"true\" focusable=\"false\" data-prefix=\"far\" data-icon=\"chart-bar\" role=\"img\" xmlns=\"http:\/\/www.w3.org\/2000\/svg\" viewBox=\"0 0 512 512\" class=\"svg-inline--fa fa-chart-bar fa-w-16 fa-2x\"><path fill=\"currentColor\" d=\"M396.8 352h22.4c6.4 0 12.8-6.4 12.8-12.8V108.8c0-6.4-6.4-12.8-12.8-12.8h-22.4c-6.4 0-12.8 6.4-12.8 12.8v230.4c0 6.4 6.4 12.8 12.8 12.8zm-192 0h22.4c6.4 0 12.8-6.4 12.8-12.8V140.8c0-6.4-6.4-12.8-12.8-12.8h-22.4c-6.4 0-12.8 6.4-12.8 12.8v198.4c0 6.4 6.4 12.8 12.8 12.8zm96 0h22.4c6.4 0 12.8-6.4 12.8-12.8V204.8c0-6.4-6.4-12.8-12.8-12.8h-22.4c-6.4 0-12.8 6.4-12.8 12.8v134.4c0 6.4 6.4 12.8 12.8 12.8zM496 400H48V80c0-8.84-7.16-16-16-16H16C7.16 64 0 71.16 0 80v336c0 17.67 14.33 32 32 32h464c8.84 0 16-7.16 16-16v-16c0-8.84-7.16-16-16-16zm-387.2-48h22.4c6.4 0 12.8-6.4 12.8-12.8v-70.4c0-6.4-6.4-12.8-12.8-12.8h-22.4c-6.4 0-12.8 6.4-12.8 12.8v70.4c0 6.4 6.4 12.8 12.8 12.8z\" class=\"\"><\/path><\/svg><\/i> <\/p>\n<div class=\"pvc_clear\"><\/div>\n<div class=\"print\"><span class=\"page_title\">P\u00e1gina: <span>El Gobierno de Canarias declara la alerta por riesgo de incendios forestales en Canarias<\/span><\/span>\n\t\t\t\t\t\t\t\t\t\t\t<span class=\"page_title\">Fecha de impresi\u00f3n: <span>02\/05\/2026 - 06:48:12 UTC<\/span><\/span>\n\t\t\t\t\t\t\t\t\t\t\t<span class=\"stmp_trans_date\">\u00daltima actualizaci\u00f3n: <span>08\/04\/2024 - 16:21:52<\/span><\/span>\n\t\t\t\t\t\t\t\t\t\t\t<span class=\"stmp_trans_date\">Fecha publicaci\u00f3n: <span>08\/04\/2024 - 16:21:33<\/span><\/span>\n\t\t\t\t\t\t\t\t\t\t\t<span class=\"stmp_trans_date\">Fecha creaci\u00f3n: <span>08\/04\/2024 - 16:21:33<\/span><\/span><\/div>\n\t","protected":false},"excerpt":{"rendered":"<p>La Direcci\u00f3n General de Emergencias del Gobierno de Canarias, con base en la informaci\u00f3n disponible y en aplicaci\u00f3n del Decreto 60\/2014, de 29 de mayo, por el que se aprueba el Plan Especial de Protecci\u00f3n Civil y Atenci\u00f3n de Emergencias por Incendios Forestales de la&#8230;<\/p>\n<div class=\"pvc_clear\"><\/div>\n<p id=\"pvc_stats_14842\" class=\"pvc_stats all  \" data-element-id=\"14842\" style=\"\"><i class=\"pvc-stats-icon medium\" aria-hidden=\"true\"><svg aria-hidden=\"true\" focusable=\"false\" data-prefix=\"far\" data-icon=\"chart-bar\" role=\"img\" xmlns=\"http:\/\/www.w3.org\/2000\/svg\" viewBox=\"0 0 512 512\" class=\"svg-inline--fa fa-chart-bar fa-w-16 fa-2x\"><path fill=\"currentColor\" d=\"M396.8 352h22.4c6.4 0 12.8-6.4 12.8-12.8V108.8c0-6.4-6.4-12.8-12.8-12.8h-22.4c-6.4 0-12.8 6.4-12.8 12.8v230.4c0 6.4 6.4 12.8 12.8 12.8zm-192 0h22.4c6.4 0 12.8-6.4 12.8-12.8V140.8c0-6.4-6.4-12.8-12.8-12.8h-22.4c-6.4 0-12.8 6.4-12.8 12.8v198.4c0 6.4 6.4 12.8 12.8 12.8zm96 0h22.4c6.4 0 12.8-6.4 12.8-12.8V204.8c0-6.4-6.4-12.8-12.8-12.8h-22.4c-6.4 0-12.8 6.4-12.8 12.8v134.4c0 6.4 6.4 12.8 12.8 12.8zM496 400H48V80c0-8.84-7.16-16-16-16H16C7.16 64 0 71.16 0 80v336c0 17.67 14.33 32 32 32h464c8.84 0 16-7.16 16-16v-16c0-8.84-7.16-16-16-16zm-387.2-48h22.4c6.4 0 12.8-6.4 12.8-12.8v-70.4c0-6.4-6.4-12.8-12.8-12.8h-22.4c-6.4 0-12.8 6.4-12.8 12.8v70.4c0 6.4 6.4 12.8 12.8 12.8z\" class=\"\"><\/path><\/svg><\/i> <img loading=\"lazy\" decoding=\"async\" width=\"16\" height=\"16\" alt=\"Loading\" src=\"https:\/\/www.gsccanarias.com\/gsc\/wp-content\/plugins\/page-views-count\/ajax-loader-2x.gif\" border=0 \/><\/p>\n<div class=\"pvc_clear\"><\/div>\n","protected":false},"author":20,"featured_media":14843,"comment_status":"closed","ping_status":"open","sticky":false,"template":"","format":"standard","meta":{"footnotes":""},"categories":[35,36],"tags":[],"class_list":["post-14842","post","type-post","status-publish","format-standard","has-post-thumbnail","hentry","category-noticias","category-ultimas-noticias"],"a3_pvc":{"activated":true,"total_views":38,"today_views":0},"yoast_head":"<!-- This site is optimized with the Yoast SEO plugin v27.5 - https:\/\/yoast.com\/product\/yoast-seo-wordpress\/ -->\n<title>El Gobierno de Canarias declara la alerta por riesgo de incendios forestales en Canarias - GSC<\/title>\n<meta name=\"robots\" content=\"index, follow, max-snippet:-1, max-image-preview:large, max-video-preview:-1\" \/>\n<link rel=\"canonical\" href=\"https:\/\/www.gsccanarias.com\/gsc\/el-gobierno-de-canarias-declara-la-alerta-por-riesgo-de-incendios-forestales-en-canarias\/\" \/>\n<meta property=\"og:locale\" content=\"es_ES\" \/>\n<meta property=\"og:type\" content=\"article\" \/>\n<meta property=\"og:title\" content=\"El Gobierno de Canarias declara la alerta por riesgo de incendios forestales en Canarias - GSC\" \/>\n<meta property=\"og:description\" content=\"La Direcci\u00f3n General de Emergencias del Gobierno de Canarias, con base en la informaci\u00f3n disponible y en aplicaci\u00f3n del Decreto 60\/2014, de 29 de mayo, por el que se aprueba el Plan Especial de Protecci\u00f3n Civil y Atenci\u00f3n de Emergencias por Incendios Forestales de la...\" \/>\n<meta property=\"og:url\" content=\"https:\/\/www.gsccanarias.com\/gsc\/el-gobierno-de-canarias-declara-la-alerta-por-riesgo-de-incendios-forestales-en-canarias\/\" \/>\n<meta property=\"og:site_name\" content=\"GSC\" \/>\n<meta property=\"article:published_time\" content=\"2024-04-08T16:21:33+00:00\" \/>\n<meta property=\"article:modified_time\" content=\"2024-04-08T16:21:52+00:00\" \/>\n<meta property=\"og:image\" content=\"https:\/\/www.gsccanarias.com\/gsc\/wp-content\/uploads\/2024\/04\/Banner-alertas-Gobierno2.png\" \/>\n\t<meta property=\"og:image:width\" content=\"1024\" \/>\n\t<meta property=\"og:image:height\" content=\"512\" \/>\n\t<meta property=\"og:image:type\" content=\"image\/png\" \/>\n<meta name=\"author\" content=\"Carlos Santana Beltr\u00e1n\" \/>\n<meta name=\"twitter:card\" content=\"summary_large_image\" \/>\n<meta name=\"twitter:label1\" content=\"Escrito por\" \/>\n\t<meta name=\"twitter:data1\" content=\"Carlos Santana Beltr\u00e1n\" \/>\n\t<meta name=\"twitter:label2\" content=\"Tiempo de lectura\" \/>\n\t<meta name=\"twitter:data2\" content=\"2 minutos\" \/>\n<script type=\"application\/ld+json\" class=\"yoast-schema-graph\">{\"@context\":\"https:\\\/\\\/schema.org\",\"@graph\":[{\"@type\":\"Article\",\"@id\":\"https:\\\/\\\/www.gsccanarias.com\\\/gsc\\\/el-gobierno-de-canarias-declara-la-alerta-por-riesgo-de-incendios-forestales-en-canarias\\\/#article\",\"isPartOf\":{\"@id\":\"https:\\\/\\\/www.gsccanarias.com\\\/gsc\\\/el-gobierno-de-canarias-declara-la-alerta-por-riesgo-de-incendios-forestales-en-canarias\\\/\"},\"author\":{\"name\":\"Carlos Santana Beltr\u00e1n\",\"@id\":\"https:\\\/\\\/www.gsccanarias.com\\\/gsc\\\/#\\\/schema\\\/person\\\/b2f81279c36a5cfced2ad46fbab5b5fc\"},\"headline\":\"El Gobierno de Canarias declara la alerta por riesgo de incendios forestales en Canarias\",\"datePublished\":\"2024-04-08T16:21:33+00:00\",\"dateModified\":\"2024-04-08T16:21:52+00:00\",\"mainEntityOfPage\":{\"@id\":\"https:\\\/\\\/www.gsccanarias.com\\\/gsc\\\/el-gobierno-de-canarias-declara-la-alerta-por-riesgo-de-incendios-forestales-en-canarias\\\/\"},\"wordCount\":392,\"image\":{\"@id\":\"https:\\\/\\\/www.gsccanarias.com\\\/gsc\\\/el-gobierno-de-canarias-declara-la-alerta-por-riesgo-de-incendios-forestales-en-canarias\\\/#primaryimage\"},\"thumbnailUrl\":\"https:\\\/\\\/www.gsccanarias.com\\\/gsc\\\/wp-content\\\/uploads\\\/2024\\\/04\\\/Banner-alertas-Gobierno2.png\",\"articleSection\":[\"Noticias\",\"\u00daltimas noticias\"],\"inLanguage\":\"es\"},{\"@type\":\"WebPage\",\"@id\":\"https:\\\/\\\/www.gsccanarias.com\\\/gsc\\\/el-gobierno-de-canarias-declara-la-alerta-por-riesgo-de-incendios-forestales-en-canarias\\\/\",\"url\":\"https:\\\/\\\/www.gsccanarias.com\\\/gsc\\\/el-gobierno-de-canarias-declara-la-alerta-por-riesgo-de-incendios-forestales-en-canarias\\\/\",\"name\":\"El Gobierno de Canarias declara la alerta por riesgo de incendios forestales en Canarias - GSC\",\"isPartOf\":{\"@id\":\"https:\\\/\\\/www.gsccanarias.com\\\/gsc\\\/#website\"},\"primaryImageOfPage\":{\"@id\":\"https:\\\/\\\/www.gsccanarias.com\\\/gsc\\\/el-gobierno-de-canarias-declara-la-alerta-por-riesgo-de-incendios-forestales-en-canarias\\\/#primaryimage\"},\"image\":{\"@id\":\"https:\\\/\\\/www.gsccanarias.com\\\/gsc\\\/el-gobierno-de-canarias-declara-la-alerta-por-riesgo-de-incendios-forestales-en-canarias\\\/#primaryimage\"},\"thumbnailUrl\":\"https:\\\/\\\/www.gsccanarias.com\\\/gsc\\\/wp-content\\\/uploads\\\/2024\\\/04\\\/Banner-alertas-Gobierno2.png\",\"datePublished\":\"2024-04-08T16:21:33+00:00\",\"dateModified\":\"2024-04-08T16:21:52+00:00\",\"author\":{\"@id\":\"https:\\\/\\\/www.gsccanarias.com\\\/gsc\\\/#\\\/schema\\\/person\\\/b2f81279c36a5cfced2ad46fbab5b5fc\"},\"breadcrumb\":{\"@id\":\"https:\\\/\\\/www.gsccanarias.com\\\/gsc\\\/el-gobierno-de-canarias-declara-la-alerta-por-riesgo-de-incendios-forestales-en-canarias\\\/#breadcrumb\"},\"inLanguage\":\"es\",\"potentialAction\":[{\"@type\":\"ReadAction\",\"target\":[\"https:\\\/\\\/www.gsccanarias.com\\\/gsc\\\/el-gobierno-de-canarias-declara-la-alerta-por-riesgo-de-incendios-forestales-en-canarias\\\/\"]}]},{\"@type\":\"ImageObject\",\"inLanguage\":\"es\",\"@id\":\"https:\\\/\\\/www.gsccanarias.com\\\/gsc\\\/el-gobierno-de-canarias-declara-la-alerta-por-riesgo-de-incendios-forestales-en-canarias\\\/#primaryimage\",\"url\":\"https:\\\/\\\/www.gsccanarias.com\\\/gsc\\\/wp-content\\\/uploads\\\/2024\\\/04\\\/Banner-alertas-Gobierno2.png\",\"contentUrl\":\"https:\\\/\\\/www.gsccanarias.com\\\/gsc\\\/wp-content\\\/uploads\\\/2024\\\/04\\\/Banner-alertas-Gobierno2.png\",\"width\":1024,\"height\":512},{\"@type\":\"BreadcrumbList\",\"@id\":\"https:\\\/\\\/www.gsccanarias.com\\\/gsc\\\/el-gobierno-de-canarias-declara-la-alerta-por-riesgo-de-incendios-forestales-en-canarias\\\/#breadcrumb\",\"itemListElement\":[{\"@type\":\"ListItem\",\"position\":1,\"name\":\"Portada\",\"item\":\"https:\\\/\\\/www.gsccanarias.com\\\/gsc\\\/\"},{\"@type\":\"ListItem\",\"position\":2,\"name\":\"El Gobierno de Canarias declara la alerta por riesgo de incendios forestales en Canarias\"}]},{\"@type\":\"WebSite\",\"@id\":\"https:\\\/\\\/www.gsccanarias.com\\\/gsc\\\/#website\",\"url\":\"https:\\\/\\\/www.gsccanarias.com\\\/gsc\\\/\",\"name\":\"GSC\",\"description\":\"Administramos servicios relacionados con la salud, las emergencias, la seguridad y el transporte sanitario\",\"potentialAction\":[{\"@type\":\"SearchAction\",\"target\":{\"@type\":\"EntryPoint\",\"urlTemplate\":\"https:\\\/\\\/www.gsccanarias.com\\\/gsc\\\/?s={search_term_string}\"},\"query-input\":{\"@type\":\"PropertyValueSpecification\",\"valueRequired\":true,\"valueName\":\"search_term_string\"}}],\"inLanguage\":\"es\"},{\"@type\":\"Person\",\"@id\":\"https:\\\/\\\/www.gsccanarias.com\\\/gsc\\\/#\\\/schema\\\/person\\\/b2f81279c36a5cfced2ad46fbab5b5fc\",\"name\":\"Carlos Santana Beltr\u00e1n\",\"image\":{\"@type\":\"ImageObject\",\"inLanguage\":\"es\",\"@id\":\"https:\\\/\\\/secure.gravatar.com\\\/avatar\\\/80a7f508d4e90a1d7794e4649954b753cbac9c789168555cd1ccbcfa2c332add?s=96&d=mm&r=g\",\"url\":\"https:\\\/\\\/secure.gravatar.com\\\/avatar\\\/80a7f508d4e90a1d7794e4649954b753cbac9c789168555cd1ccbcfa2c332add?s=96&d=mm&r=g\",\"contentUrl\":\"https:\\\/\\\/secure.gravatar.com\\\/avatar\\\/80a7f508d4e90a1d7794e4649954b753cbac9c789168555cd1ccbcfa2c332add?s=96&d=mm&r=g\",\"caption\":\"Carlos Santana Beltr\u00e1n\"},\"url\":\"https:\\\/\\\/www.gsccanarias.com\\\/gsc\\\/author\\\/carlos\\\/\"}]}<\/script>\n<!-- \/ Yoast SEO plugin. -->","yoast_head_json":{"title":"El Gobierno de Canarias declara la alerta por riesgo de incendios forestales en Canarias - GSC","robots":{"index":"index","follow":"follow","max-snippet":"max-snippet:-1","max-image-preview":"max-image-preview:large","max-video-preview":"max-video-preview:-1"},"canonical":"https:\/\/www.gsccanarias.com\/gsc\/el-gobierno-de-canarias-declara-la-alerta-por-riesgo-de-incendios-forestales-en-canarias\/","og_locale":"es_ES","og_type":"article","og_title":"El Gobierno de Canarias declara la alerta por riesgo de incendios forestales en Canarias - GSC","og_description":"La Direcci\u00f3n General de Emergencias del Gobierno de Canarias, con base en la informaci\u00f3n disponible y en aplicaci\u00f3n del Decreto 60\/2014, de 29 de mayo, por el que se aprueba el Plan Especial de Protecci\u00f3n Civil y Atenci\u00f3n de Emergencias por Incendios Forestales de la...","og_url":"https:\/\/www.gsccanarias.com\/gsc\/el-gobierno-de-canarias-declara-la-alerta-por-riesgo-de-incendios-forestales-en-canarias\/","og_site_name":"GSC","article_published_time":"2024-04-08T16:21:33+00:00","article_modified_time":"2024-04-08T16:21:52+00:00","og_image":[{"width":1024,"height":512,"url":"https:\/\/www.gsccanarias.com\/gsc\/wp-content\/uploads\/2024\/04\/Banner-alertas-Gobierno2.png","type":"image\/png"}],"author":"Carlos Santana Beltr\u00e1n","twitter_card":"summary_large_image","twitter_misc":{"Escrito por":"Carlos Santana Beltr\u00e1n","Tiempo de lectura":"2 minutos"},"schema":{"@context":"https:\/\/schema.org","@graph":[{"@type":"Article","@id":"https:\/\/www.gsccanarias.com\/gsc\/el-gobierno-de-canarias-declara-la-alerta-por-riesgo-de-incendios-forestales-en-canarias\/#article","isPartOf":{"@id":"https:\/\/www.gsccanarias.com\/gsc\/el-gobierno-de-canarias-declara-la-alerta-por-riesgo-de-incendios-forestales-en-canarias\/"},"author":{"name":"Carlos Santana Beltr\u00e1n","@id":"https:\/\/www.gsccanarias.com\/gsc\/#\/schema\/person\/b2f81279c36a5cfced2ad46fbab5b5fc"},"headline":"El Gobierno de Canarias declara la alerta por riesgo de incendios forestales en Canarias","datePublished":"2024-04-08T16:21:33+00:00","dateModified":"2024-04-08T16:21:52+00:00","mainEntityOfPage":{"@id":"https:\/\/www.gsccanarias.com\/gsc\/el-gobierno-de-canarias-declara-la-alerta-por-riesgo-de-incendios-forestales-en-canarias\/"},"wordCount":392,"image":{"@id":"https:\/\/www.gsccanarias.com\/gsc\/el-gobierno-de-canarias-declara-la-alerta-por-riesgo-de-incendios-forestales-en-canarias\/#primaryimage"},"thumbnailUrl":"https:\/\/www.gsccanarias.com\/gsc\/wp-content\/uploads\/2024\/04\/Banner-alertas-Gobierno2.png","articleSection":["Noticias","\u00daltimas noticias"],"inLanguage":"es"},{"@type":"WebPage","@id":"https:\/\/www.gsccanarias.com\/gsc\/el-gobierno-de-canarias-declara-la-alerta-por-riesgo-de-incendios-forestales-en-canarias\/","url":"https:\/\/www.gsccanarias.com\/gsc\/el-gobierno-de-canarias-declara-la-alerta-por-riesgo-de-incendios-forestales-en-canarias\/","name":"El Gobierno de Canarias declara la alerta por riesgo de incendios forestales en Canarias - GSC","isPartOf":{"@id":"https:\/\/www.gsccanarias.com\/gsc\/#website"},"primaryImageOfPage":{"@id":"https:\/\/www.gsccanarias.com\/gsc\/el-gobierno-de-canarias-declara-la-alerta-por-riesgo-de-incendios-forestales-en-canarias\/#primaryimage"},"image":{"@id":"https:\/\/www.gsccanarias.com\/gsc\/el-gobierno-de-canarias-declara-la-alerta-por-riesgo-de-incendios-forestales-en-canarias\/#primaryimage"},"thumbnailUrl":"https:\/\/www.gsccanarias.com\/gsc\/wp-content\/uploads\/2024\/04\/Banner-alertas-Gobierno2.png","datePublished":"2024-04-08T16:21:33+00:00","dateModified":"2024-04-08T16:21:52+00:00","author":{"@id":"https:\/\/www.gsccanarias.com\/gsc\/#\/schema\/person\/b2f81279c36a5cfced2ad46fbab5b5fc"},"breadcrumb":{"@id":"https:\/\/www.gsccanarias.com\/gsc\/el-gobierno-de-canarias-declara-la-alerta-por-riesgo-de-incendios-forestales-en-canarias\/#breadcrumb"},"inLanguage":"es","potentialAction":[{"@type":"ReadAction","target":["https:\/\/www.gsccanarias.com\/gsc\/el-gobierno-de-canarias-declara-la-alerta-por-riesgo-de-incendios-forestales-en-canarias\/"]}]},{"@type":"ImageObject","inLanguage":"es","@id":"https:\/\/www.gsccanarias.com\/gsc\/el-gobierno-de-canarias-declara-la-alerta-por-riesgo-de-incendios-forestales-en-canarias\/#primaryimage","url":"https:\/\/www.gsccanarias.com\/gsc\/wp-content\/uploads\/2024\/04\/Banner-alertas-Gobierno2.png","contentUrl":"https:\/\/www.gsccanarias.com\/gsc\/wp-content\/uploads\/2024\/04\/Banner-alertas-Gobierno2.png","width":1024,"height":512},{"@type":"BreadcrumbList","@id":"https:\/\/www.gsccanarias.com\/gsc\/el-gobierno-de-canarias-declara-la-alerta-por-riesgo-de-incendios-forestales-en-canarias\/#breadcrumb","itemListElement":[{"@type":"ListItem","position":1,"name":"Portada","item":"https:\/\/www.gsccanarias.com\/gsc\/"},{"@type":"ListItem","position":2,"name":"El Gobierno de Canarias declara la alerta por riesgo de incendios forestales en Canarias"}]},{"@type":"WebSite","@id":"https:\/\/www.gsccanarias.com\/gsc\/#website","url":"https:\/\/www.gsccanarias.com\/gsc\/","name":"GSC","description":"Administramos servicios relacionados con la salud, las emergencias, la seguridad y el transporte sanitario","potentialAction":[{"@type":"SearchAction","target":{"@type":"EntryPoint","urlTemplate":"https:\/\/www.gsccanarias.com\/gsc\/?s={search_term_string}"},"query-input":{"@type":"PropertyValueSpecification","valueRequired":true,"valueName":"search_term_string"}}],"inLanguage":"es"},{"@type":"Person","@id":"https:\/\/www.gsccanarias.com\/gsc\/#\/schema\/person\/b2f81279c36a5cfced2ad46fbab5b5fc","name":"Carlos Santana Beltr\u00e1n","image":{"@type":"ImageObject","inLanguage":"es","@id":"https:\/\/secure.gravatar.com\/avatar\/80a7f508d4e90a1d7794e4649954b753cbac9c789168555cd1ccbcfa2c332add?s=96&d=mm&r=g","url":"https:\/\/secure.gravatar.com\/avatar\/80a7f508d4e90a1d7794e4649954b753cbac9c789168555cd1ccbcfa2c332add?s=96&d=mm&r=g","contentUrl":"https:\/\/secure.gravatar.com\/avatar\/80a7f508d4e90a1d7794e4649954b753cbac9c789168555cd1ccbcfa2c332add?s=96&d=mm&r=g","caption":"Carlos Santana Beltr\u00e1n"},"url":"https:\/\/www.gsccanarias.com\/gsc\/author\/carlos\/"}]}},"publishpress_future_workflow_manual_trigger":{"enabledWorkflows":[]},"_links":{"self":[{"href":"https:\/\/www.gsccanarias.com\/gsc\/wp-json\/wp\/v2\/posts\/14842","targetHints":{"allow":["GET"]}}],"collection":[{"href":"https:\/\/www.gsccanarias.com\/gsc\/wp-json\/wp\/v2\/posts"}],"about":[{"href":"https:\/\/www.gsccanarias.com\/gsc\/wp-json\/wp\/v2\/types\/post"}],"author":[{"embeddable":true,"href":"https:\/\/www.gsccanarias.com\/gsc\/wp-json\/wp\/v2\/users\/20"}],"replies":[{"embeddable":true,"href":"https:\/\/www.gsccanarias.com\/gsc\/wp-json\/wp\/v2\/comments?post=14842"}],"version-history":[{"count":2,"href":"https:\/\/www.gsccanarias.com\/gsc\/wp-json\/wp\/v2\/posts\/14842\/revisions"}],"predecessor-version":[{"id":14845,"href":"https:\/\/www.gsccanarias.com\/gsc\/wp-json\/wp\/v2\/posts\/14842\/revisions\/14845"}],"wp:featuredmedia":[{"embeddable":true,"href":"https:\/\/www.gsccanarias.com\/gsc\/wp-json\/wp\/v2\/media\/14843"}],"wp:attachment":[{"href":"https:\/\/www.gsccanarias.com\/gsc\/wp-json\/wp\/v2\/media?parent=14842"}],"wp:term":[{"taxonomy":"category","embeddable":true,"href":"https:\/\/www.gsccanarias.com\/gsc\/wp-json\/wp\/v2\/categories?post=14842"},{"taxonomy":"post_tag","embeddable":true,"href":"https:\/\/www.gsccanarias.com\/gsc\/wp-json\/wp\/v2\/tags?post=14842"}],"curies":[{"name":"wp","href":"https:\/\/api.w.org\/{rel}","templated":true}]}}