{"id":14836,"date":"2024-04-08T16:18:21","date_gmt":"2024-04-08T16:18:21","guid":{"rendered":"https:\/\/www.gsccanarias.com\/gsc\/?p=14836"},"modified":"2024-04-08T16:18:53","modified_gmt":"2024-04-08T16:18:53","slug":"el-gobierno-de-canarias-declara-la-alerta-por-viento-en-todo-el-archipielago","status":"publish","type":"post","link":"https:\/\/www.gsccanarias.com\/gsc\/el-gobierno-de-canarias-declara-la-alerta-por-viento-en-todo-el-archipielago\/","title":{"rendered":"El Gobierno de Canarias declara la alerta por viento en todo el Archipi\u00e9lago"},"content":{"rendered":"<p>El Gobierno de Canarias, a trav\u00e9s de la Direcci\u00f3n General de Emergencias, declara la situaci\u00f3n de alerta por viento todas las islas, a partir de las 20:00 horas de hoy, lunes 8 de abril.<\/p>\n<p>Esta decisi\u00f3n se toma teniendo en cuenta la informaci\u00f3n facilitada por la Agencia Estatal de Meteorolog\u00eda y otras fuentes disponibles, y en aplicaci\u00f3n del Plan Espec\u00edfico de Emergencias de Canarias por Riesgos de Fen\u00f3menos Meteorol\u00f3gicos Adversos (PEFMA).<!--more--><span id=\"more-131563\"><\/span><\/p>\n<p><strong>\u00c1mbito territorial:\u00a0\u00a0<\/strong><\/p>\n<p>Comunidad aut\u00f3noma de Canarias<\/p>\n<p><strong>Observaciones:\u00a0<\/strong><\/p>\n<p>Se prev\u00e9 viento general del norte y nordeste con una velocidad media variable de 20 a 50 kil\u00f3metros por hora, con \u00e1reas de 50 a\u00a0 60 kil\u00f3metros por hora, en las islas de mayor relieve, y de 30 a 60 kil\u00f3metros por hora en Lanzarote y Fuerteventura. Se esperan probables rachas m\u00e1ximas que alcanzar\u00e1n y superar\u00e1n los 60 a 90 kil\u00f3metros por hora.<\/p>\n<p>Las rachas m\u00e1s fuertes se registrar\u00e1n en:<\/p>\n<p>\u2013 El Hierro: zonas altas, en la cumbre y en las vertientes oeste y sur de la isla.<\/p>\n<p>\u2013 La Palma: municipios de Garaf\u00eda, El Paso, Mazo y Fuencaliente.<\/p>\n<p>\u2013 La Gomera: en la cumbre, en los municipios de San Sebasti\u00e1n de La Gomera y Valle Gran Rey, en zonas de median\u00edas y zonas altas de Alajer\u00f3 y Vallehermoso, y en las zonas altas de Agulo y Hermigua.<\/p>\n<p>\u2013 Tenerife: Macizo de Teno, cara sur de las Ca\u00f1adas del Teide, Cordillera Dorsal y Macizo de Anaga, \u00e1rea metropolitana La Laguna \u2013 Santa Cruz de Tenerife, El Rosario, y en la costa y parte de las<br \/>\nmedian\u00edas de los municipios de Fasnia, Arico y Granadilla de Abona.<\/p>\n<p>\u2013 Gran Canaria: Artenara, Tejeda, Vega de San Mateo, Valsequillo, Telde, Ingenio, Ag\u00fcimes y Santa Luc\u00eda de Tirajana, en la costa de La Aldea, as\u00ed como en las zonas altas de los municipios de Agaete y<br \/>\nSan Bartolom\u00e9 de Tirajana.<\/p>\n<p>\u2013 Fuerteventura: en los municipios de P\u00e1jara, Tuineje, Betancuria y Antigua.<\/p>\n<p>\u2013 Lanzarote: en el interior y en las vertientes este y sur de la isla, as\u00ed como en La Graciosa.<\/p>\n<div class=\"pvc_clear\"><\/div>\n<p id=\"pvc_stats_14836\" class=\"pvc_stats all  \" data-element-id=\"14836\" style=\"\"><i class=\"pvc-stats-icon medium\" aria-hidden=\"true\"><svg aria-hidden=\"true\" focusable=\"false\" data-prefix=\"far\" data-icon=\"chart-bar\" role=\"img\" xmlns=\"http:\/\/www.w3.org\/2000\/svg\" viewBox=\"0 0 512 512\" class=\"svg-inline--fa fa-chart-bar fa-w-16 fa-2x\"><path fill=\"currentColor\" d=\"M396.8 352h22.4c6.4 0 12.8-6.4 12.8-12.8V108.8c0-6.4-6.4-12.8-12.8-12.8h-22.4c-6.4 0-12.8 6.4-12.8 12.8v230.4c0 6.4 6.4 12.8 12.8 12.8zm-192 0h22.4c6.4 0 12.8-6.4 12.8-12.8V140.8c0-6.4-6.4-12.8-12.8-12.8h-22.4c-6.4 0-12.8 6.4-12.8 12.8v198.4c0 6.4 6.4 12.8 12.8 12.8zm96 0h22.4c6.4 0 12.8-6.4 12.8-12.8V204.8c0-6.4-6.4-12.8-12.8-12.8h-22.4c-6.4 0-12.8 6.4-12.8 12.8v134.4c0 6.4 6.4 12.8 12.8 12.8zM496 400H48V80c0-8.84-7.16-16-16-16H16C7.16 64 0 71.16 0 80v336c0 17.67 14.33 32 32 32h464c8.84 0 16-7.16 16-16v-16c0-8.84-7.16-16-16-16zm-387.2-48h22.4c6.4 0 12.8-6.4 12.8-12.8v-70.4c0-6.4-6.4-12.8-12.8-12.8h-22.4c-6.4 0-12.8 6.4-12.8 12.8v70.4c0 6.4 6.4 12.8 12.8 12.8z\" class=\"\"><\/path><\/svg><\/i> <\/p>\n<div class=\"pvc_clear\"><\/div>\n<div class=\"print\"><span class=\"page_title\">P\u00e1gina: <span>El Gobierno de Canarias declara la alerta por viento en todo el Archipi\u00e9lago<\/span><\/span>\n\t\t\t\t\t\t\t\t\t\t\t<span class=\"page_title\">Fecha de impresi\u00f3n: <span>02\/05\/2026 - 06:57:03 UTC<\/span><\/span>\n\t\t\t\t\t\t\t\t\t\t\t<span class=\"stmp_trans_date\">\u00daltima actualizaci\u00f3n: <span>08\/04\/2024 - 16:18:53<\/span><\/span>\n\t\t\t\t\t\t\t\t\t\t\t<span class=\"stmp_trans_date\">Fecha publicaci\u00f3n: <span>08\/04\/2024 - 16:18:21<\/span><\/span>\n\t\t\t\t\t\t\t\t\t\t\t<span class=\"stmp_trans_date\">Fecha creaci\u00f3n: <span>08\/04\/2024 - 16:18:21<\/span><\/span><\/div>\n\t","protected":false},"excerpt":{"rendered":"<p>El Gobierno de Canarias, a trav\u00e9s de la Direcci\u00f3n General de Emergencias, declara la situaci\u00f3n de alerta por viento todas las islas, a partir de las 20:00 horas de hoy, lunes 8 de abril. Esta decisi\u00f3n se toma teniendo en cuenta la informaci\u00f3n facilitada por&#8230;<\/p>\n<div class=\"pvc_clear\"><\/div>\n<p id=\"pvc_stats_14836\" class=\"pvc_stats all  \" data-element-id=\"14836\" style=\"\"><i class=\"pvc-stats-icon medium\" aria-hidden=\"true\"><svg aria-hidden=\"true\" focusable=\"false\" data-prefix=\"far\" data-icon=\"chart-bar\" role=\"img\" xmlns=\"http:\/\/www.w3.org\/2000\/svg\" viewBox=\"0 0 512 512\" class=\"svg-inline--fa fa-chart-bar fa-w-16 fa-2x\"><path fill=\"currentColor\" d=\"M396.8 352h22.4c6.4 0 12.8-6.4 12.8-12.8V108.8c0-6.4-6.4-12.8-12.8-12.8h-22.4c-6.4 0-12.8 6.4-12.8 12.8v230.4c0 6.4 6.4 12.8 12.8 12.8zm-192 0h22.4c6.4 0 12.8-6.4 12.8-12.8V140.8c0-6.4-6.4-12.8-12.8-12.8h-22.4c-6.4 0-12.8 6.4-12.8 12.8v198.4c0 6.4 6.4 12.8 12.8 12.8zm96 0h22.4c6.4 0 12.8-6.4 12.8-12.8V204.8c0-6.4-6.4-12.8-12.8-12.8h-22.4c-6.4 0-12.8 6.4-12.8 12.8v134.4c0 6.4 6.4 12.8 12.8 12.8zM496 400H48V80c0-8.84-7.16-16-16-16H16C7.16 64 0 71.16 0 80v336c0 17.67 14.33 32 32 32h464c8.84 0 16-7.16 16-16v-16c0-8.84-7.16-16-16-16zm-387.2-48h22.4c6.4 0 12.8-6.4 12.8-12.8v-70.4c0-6.4-6.4-12.8-12.8-12.8h-22.4c-6.4 0-12.8 6.4-12.8 12.8v70.4c0 6.4 6.4 12.8 12.8 12.8z\" class=\"\"><\/path><\/svg><\/i> <img loading=\"lazy\" decoding=\"async\" width=\"16\" height=\"16\" alt=\"Loading\" src=\"https:\/\/www.gsccanarias.com\/gsc\/wp-content\/plugins\/page-views-count\/ajax-loader-2x.gif\" border=0 \/><\/p>\n<div class=\"pvc_clear\"><\/div>\n","protected":false},"author":20,"featured_media":14559,"comment_status":"closed","ping_status":"open","sticky":false,"template":"","format":"standard","meta":{"footnotes":""},"categories":[35,36],"tags":[],"class_list":["post-14836","post","type-post","status-publish","format-standard","has-post-thumbnail","hentry","category-noticias","category-ultimas-noticias"],"a3_pvc":{"activated":true,"total_views":34,"today_views":0},"yoast_head":"<!-- This site is optimized with the Yoast SEO plugin v27.5 - https:\/\/yoast.com\/product\/yoast-seo-wordpress\/ -->\n<title>El Gobierno de Canarias declara la alerta por viento en todo el Archipi\u00e9lago - GSC<\/title>\n<meta name=\"robots\" content=\"index, follow, max-snippet:-1, max-image-preview:large, max-video-preview:-1\" \/>\n<link rel=\"canonical\" href=\"https:\/\/www.gsccanarias.com\/gsc\/el-gobierno-de-canarias-declara-la-alerta-por-viento-en-todo-el-archipielago\/\" \/>\n<meta property=\"og:locale\" content=\"es_ES\" \/>\n<meta property=\"og:type\" content=\"article\" \/>\n<meta property=\"og:title\" content=\"El Gobierno de Canarias declara la alerta por viento en todo el Archipi\u00e9lago - GSC\" \/>\n<meta property=\"og:description\" content=\"El Gobierno de Canarias, a trav\u00e9s de la Direcci\u00f3n General de Emergencias, declara la situaci\u00f3n de alerta por viento todas las islas, a partir de las 20:00 horas de hoy, lunes 8 de abril. Esta decisi\u00f3n se toma teniendo en cuenta la informaci\u00f3n facilitada por...\" \/>\n<meta property=\"og:url\" content=\"https:\/\/www.gsccanarias.com\/gsc\/el-gobierno-de-canarias-declara-la-alerta-por-viento-en-todo-el-archipielago\/\" \/>\n<meta property=\"og:site_name\" content=\"GSC\" \/>\n<meta property=\"article:published_time\" content=\"2024-04-08T16:18:21+00:00\" \/>\n<meta property=\"article:modified_time\" content=\"2024-04-08T16:18:53+00:00\" \/>\n<meta property=\"og:image\" content=\"https:\/\/www.gsccanarias.com\/gsc\/wp-content\/uploads\/2024\/02\/Baner-alerta-viento.png\" \/>\n\t<meta property=\"og:image:width\" content=\"1024\" \/>\n\t<meta property=\"og:image:height\" content=\"512\" \/>\n\t<meta property=\"og:image:type\" content=\"image\/png\" \/>\n<meta name=\"author\" content=\"Carlos Santana Beltr\u00e1n\" \/>\n<meta name=\"twitter:card\" content=\"summary_large_image\" \/>\n<meta name=\"twitter:label1\" content=\"Escrito por\" \/>\n\t<meta name=\"twitter:data1\" content=\"Carlos Santana Beltr\u00e1n\" \/>\n\t<meta name=\"twitter:label2\" content=\"Tiempo de lectura\" \/>\n\t<meta name=\"twitter:data2\" content=\"2 minutos\" \/>\n<script type=\"application\/ld+json\" class=\"yoast-schema-graph\">{\"@context\":\"https:\\\/\\\/schema.org\",\"@graph\":[{\"@type\":\"Article\",\"@id\":\"https:\\\/\\\/www.gsccanarias.com\\\/gsc\\\/el-gobierno-de-canarias-declara-la-alerta-por-viento-en-todo-el-archipielago\\\/#article\",\"isPartOf\":{\"@id\":\"https:\\\/\\\/www.gsccanarias.com\\\/gsc\\\/el-gobierno-de-canarias-declara-la-alerta-por-viento-en-todo-el-archipielago\\\/\"},\"author\":{\"name\":\"Carlos Santana Beltr\u00e1n\",\"@id\":\"https:\\\/\\\/www.gsccanarias.com\\\/gsc\\\/#\\\/schema\\\/person\\\/b2f81279c36a5cfced2ad46fbab5b5fc\"},\"headline\":\"El Gobierno de Canarias declara la alerta por viento en todo el Archipi\u00e9lago\",\"datePublished\":\"2024-04-08T16:18:21+00:00\",\"dateModified\":\"2024-04-08T16:18:53+00:00\",\"mainEntityOfPage\":{\"@id\":\"https:\\\/\\\/www.gsccanarias.com\\\/gsc\\\/el-gobierno-de-canarias-declara-la-alerta-por-viento-en-todo-el-archipielago\\\/\"},\"wordCount\":359,\"image\":{\"@id\":\"https:\\\/\\\/www.gsccanarias.com\\\/gsc\\\/el-gobierno-de-canarias-declara-la-alerta-por-viento-en-todo-el-archipielago\\\/#primaryimage\"},\"thumbnailUrl\":\"https:\\\/\\\/www.gsccanarias.com\\\/gsc\\\/wp-content\\\/uploads\\\/2024\\\/02\\\/Baner-alerta-viento.png\",\"articleSection\":[\"Noticias\",\"\u00daltimas noticias\"],\"inLanguage\":\"es\"},{\"@type\":\"WebPage\",\"@id\":\"https:\\\/\\\/www.gsccanarias.com\\\/gsc\\\/el-gobierno-de-canarias-declara-la-alerta-por-viento-en-todo-el-archipielago\\\/\",\"url\":\"https:\\\/\\\/www.gsccanarias.com\\\/gsc\\\/el-gobierno-de-canarias-declara-la-alerta-por-viento-en-todo-el-archipielago\\\/\",\"name\":\"El Gobierno de Canarias declara la alerta por viento en todo el Archipi\u00e9lago - GSC\",\"isPartOf\":{\"@id\":\"https:\\\/\\\/www.gsccanarias.com\\\/gsc\\\/#website\"},\"primaryImageOfPage\":{\"@id\":\"https:\\\/\\\/www.gsccanarias.com\\\/gsc\\\/el-gobierno-de-canarias-declara-la-alerta-por-viento-en-todo-el-archipielago\\\/#primaryimage\"},\"image\":{\"@id\":\"https:\\\/\\\/www.gsccanarias.com\\\/gsc\\\/el-gobierno-de-canarias-declara-la-alerta-por-viento-en-todo-el-archipielago\\\/#primaryimage\"},\"thumbnailUrl\":\"https:\\\/\\\/www.gsccanarias.com\\\/gsc\\\/wp-content\\\/uploads\\\/2024\\\/02\\\/Baner-alerta-viento.png\",\"datePublished\":\"2024-04-08T16:18:21+00:00\",\"dateModified\":\"2024-04-08T16:18:53+00:00\",\"author\":{\"@id\":\"https:\\\/\\\/www.gsccanarias.com\\\/gsc\\\/#\\\/schema\\\/person\\\/b2f81279c36a5cfced2ad46fbab5b5fc\"},\"breadcrumb\":{\"@id\":\"https:\\\/\\\/www.gsccanarias.com\\\/gsc\\\/el-gobierno-de-canarias-declara-la-alerta-por-viento-en-todo-el-archipielago\\\/#breadcrumb\"},\"inLanguage\":\"es\",\"potentialAction\":[{\"@type\":\"ReadAction\",\"target\":[\"https:\\\/\\\/www.gsccanarias.com\\\/gsc\\\/el-gobierno-de-canarias-declara-la-alerta-por-viento-en-todo-el-archipielago\\\/\"]}]},{\"@type\":\"ImageObject\",\"inLanguage\":\"es\",\"@id\":\"https:\\\/\\\/www.gsccanarias.com\\\/gsc\\\/el-gobierno-de-canarias-declara-la-alerta-por-viento-en-todo-el-archipielago\\\/#primaryimage\",\"url\":\"https:\\\/\\\/www.gsccanarias.com\\\/gsc\\\/wp-content\\\/uploads\\\/2024\\\/02\\\/Baner-alerta-viento.png\",\"contentUrl\":\"https:\\\/\\\/www.gsccanarias.com\\\/gsc\\\/wp-content\\\/uploads\\\/2024\\\/02\\\/Baner-alerta-viento.png\",\"width\":1024,\"height\":512},{\"@type\":\"BreadcrumbList\",\"@id\":\"https:\\\/\\\/www.gsccanarias.com\\\/gsc\\\/el-gobierno-de-canarias-declara-la-alerta-por-viento-en-todo-el-archipielago\\\/#breadcrumb\",\"itemListElement\":[{\"@type\":\"ListItem\",\"position\":1,\"name\":\"Portada\",\"item\":\"https:\\\/\\\/www.gsccanarias.com\\\/gsc\\\/\"},{\"@type\":\"ListItem\",\"position\":2,\"name\":\"El Gobierno de Canarias declara la alerta por viento en todo el Archipi\u00e9lago\"}]},{\"@type\":\"WebSite\",\"@id\":\"https:\\\/\\\/www.gsccanarias.com\\\/gsc\\\/#website\",\"url\":\"https:\\\/\\\/www.gsccanarias.com\\\/gsc\\\/\",\"name\":\"GSC\",\"description\":\"Administramos servicios relacionados con la salud, las emergencias, la seguridad y el transporte sanitario\",\"potentialAction\":[{\"@type\":\"SearchAction\",\"target\":{\"@type\":\"EntryPoint\",\"urlTemplate\":\"https:\\\/\\\/www.gsccanarias.com\\\/gsc\\\/?s={search_term_string}\"},\"query-input\":{\"@type\":\"PropertyValueSpecification\",\"valueRequired\":true,\"valueName\":\"search_term_string\"}}],\"inLanguage\":\"es\"},{\"@type\":\"Person\",\"@id\":\"https:\\\/\\\/www.gsccanarias.com\\\/gsc\\\/#\\\/schema\\\/person\\\/b2f81279c36a5cfced2ad46fbab5b5fc\",\"name\":\"Carlos Santana Beltr\u00e1n\",\"image\":{\"@type\":\"ImageObject\",\"inLanguage\":\"es\",\"@id\":\"https:\\\/\\\/secure.gravatar.com\\\/avatar\\\/80a7f508d4e90a1d7794e4649954b753cbac9c789168555cd1ccbcfa2c332add?s=96&d=mm&r=g\",\"url\":\"https:\\\/\\\/secure.gravatar.com\\\/avatar\\\/80a7f508d4e90a1d7794e4649954b753cbac9c789168555cd1ccbcfa2c332add?s=96&d=mm&r=g\",\"contentUrl\":\"https:\\\/\\\/secure.gravatar.com\\\/avatar\\\/80a7f508d4e90a1d7794e4649954b753cbac9c789168555cd1ccbcfa2c332add?s=96&d=mm&r=g\",\"caption\":\"Carlos Santana Beltr\u00e1n\"},\"url\":\"https:\\\/\\\/www.gsccanarias.com\\\/gsc\\\/author\\\/carlos\\\/\"}]}<\/script>\n<!-- \/ Yoast SEO plugin. -->","yoast_head_json":{"title":"El Gobierno de Canarias declara la alerta por viento en todo el Archipi\u00e9lago - GSC","robots":{"index":"index","follow":"follow","max-snippet":"max-snippet:-1","max-image-preview":"max-image-preview:large","max-video-preview":"max-video-preview:-1"},"canonical":"https:\/\/www.gsccanarias.com\/gsc\/el-gobierno-de-canarias-declara-la-alerta-por-viento-en-todo-el-archipielago\/","og_locale":"es_ES","og_type":"article","og_title":"El Gobierno de Canarias declara la alerta por viento en todo el Archipi\u00e9lago - GSC","og_description":"El Gobierno de Canarias, a trav\u00e9s de la Direcci\u00f3n General de Emergencias, declara la situaci\u00f3n de alerta por viento todas las islas, a partir de las 20:00 horas de hoy, lunes 8 de abril. Esta decisi\u00f3n se toma teniendo en cuenta la informaci\u00f3n facilitada por...","og_url":"https:\/\/www.gsccanarias.com\/gsc\/el-gobierno-de-canarias-declara-la-alerta-por-viento-en-todo-el-archipielago\/","og_site_name":"GSC","article_published_time":"2024-04-08T16:18:21+00:00","article_modified_time":"2024-04-08T16:18:53+00:00","og_image":[{"width":1024,"height":512,"url":"https:\/\/www.gsccanarias.com\/gsc\/wp-content\/uploads\/2024\/02\/Baner-alerta-viento.png","type":"image\/png"}],"author":"Carlos Santana Beltr\u00e1n","twitter_card":"summary_large_image","twitter_misc":{"Escrito por":"Carlos Santana Beltr\u00e1n","Tiempo de lectura":"2 minutos"},"schema":{"@context":"https:\/\/schema.org","@graph":[{"@type":"Article","@id":"https:\/\/www.gsccanarias.com\/gsc\/el-gobierno-de-canarias-declara-la-alerta-por-viento-en-todo-el-archipielago\/#article","isPartOf":{"@id":"https:\/\/www.gsccanarias.com\/gsc\/el-gobierno-de-canarias-declara-la-alerta-por-viento-en-todo-el-archipielago\/"},"author":{"name":"Carlos Santana Beltr\u00e1n","@id":"https:\/\/www.gsccanarias.com\/gsc\/#\/schema\/person\/b2f81279c36a5cfced2ad46fbab5b5fc"},"headline":"El Gobierno de Canarias declara la alerta por viento en todo el Archipi\u00e9lago","datePublished":"2024-04-08T16:18:21+00:00","dateModified":"2024-04-08T16:18:53+00:00","mainEntityOfPage":{"@id":"https:\/\/www.gsccanarias.com\/gsc\/el-gobierno-de-canarias-declara-la-alerta-por-viento-en-todo-el-archipielago\/"},"wordCount":359,"image":{"@id":"https:\/\/www.gsccanarias.com\/gsc\/el-gobierno-de-canarias-declara-la-alerta-por-viento-en-todo-el-archipielago\/#primaryimage"},"thumbnailUrl":"https:\/\/www.gsccanarias.com\/gsc\/wp-content\/uploads\/2024\/02\/Baner-alerta-viento.png","articleSection":["Noticias","\u00daltimas noticias"],"inLanguage":"es"},{"@type":"WebPage","@id":"https:\/\/www.gsccanarias.com\/gsc\/el-gobierno-de-canarias-declara-la-alerta-por-viento-en-todo-el-archipielago\/","url":"https:\/\/www.gsccanarias.com\/gsc\/el-gobierno-de-canarias-declara-la-alerta-por-viento-en-todo-el-archipielago\/","name":"El Gobierno de Canarias declara la alerta por viento en todo el Archipi\u00e9lago - GSC","isPartOf":{"@id":"https:\/\/www.gsccanarias.com\/gsc\/#website"},"primaryImageOfPage":{"@id":"https:\/\/www.gsccanarias.com\/gsc\/el-gobierno-de-canarias-declara-la-alerta-por-viento-en-todo-el-archipielago\/#primaryimage"},"image":{"@id":"https:\/\/www.gsccanarias.com\/gsc\/el-gobierno-de-canarias-declara-la-alerta-por-viento-en-todo-el-archipielago\/#primaryimage"},"thumbnailUrl":"https:\/\/www.gsccanarias.com\/gsc\/wp-content\/uploads\/2024\/02\/Baner-alerta-viento.png","datePublished":"2024-04-08T16:18:21+00:00","dateModified":"2024-04-08T16:18:53+00:00","author":{"@id":"https:\/\/www.gsccanarias.com\/gsc\/#\/schema\/person\/b2f81279c36a5cfced2ad46fbab5b5fc"},"breadcrumb":{"@id":"https:\/\/www.gsccanarias.com\/gsc\/el-gobierno-de-canarias-declara-la-alerta-por-viento-en-todo-el-archipielago\/#breadcrumb"},"inLanguage":"es","potentialAction":[{"@type":"ReadAction","target":["https:\/\/www.gsccanarias.com\/gsc\/el-gobierno-de-canarias-declara-la-alerta-por-viento-en-todo-el-archipielago\/"]}]},{"@type":"ImageObject","inLanguage":"es","@id":"https:\/\/www.gsccanarias.com\/gsc\/el-gobierno-de-canarias-declara-la-alerta-por-viento-en-todo-el-archipielago\/#primaryimage","url":"https:\/\/www.gsccanarias.com\/gsc\/wp-content\/uploads\/2024\/02\/Baner-alerta-viento.png","contentUrl":"https:\/\/www.gsccanarias.com\/gsc\/wp-content\/uploads\/2024\/02\/Baner-alerta-viento.png","width":1024,"height":512},{"@type":"BreadcrumbList","@id":"https:\/\/www.gsccanarias.com\/gsc\/el-gobierno-de-canarias-declara-la-alerta-por-viento-en-todo-el-archipielago\/#breadcrumb","itemListElement":[{"@type":"ListItem","position":1,"name":"Portada","item":"https:\/\/www.gsccanarias.com\/gsc\/"},{"@type":"ListItem","position":2,"name":"El Gobierno de Canarias declara la alerta por viento en todo el Archipi\u00e9lago"}]},{"@type":"WebSite","@id":"https:\/\/www.gsccanarias.com\/gsc\/#website","url":"https:\/\/www.gsccanarias.com\/gsc\/","name":"GSC","description":"Administramos servicios relacionados con la salud, las emergencias, la seguridad y el transporte sanitario","potentialAction":[{"@type":"SearchAction","target":{"@type":"EntryPoint","urlTemplate":"https:\/\/www.gsccanarias.com\/gsc\/?s={search_term_string}"},"query-input":{"@type":"PropertyValueSpecification","valueRequired":true,"valueName":"search_term_string"}}],"inLanguage":"es"},{"@type":"Person","@id":"https:\/\/www.gsccanarias.com\/gsc\/#\/schema\/person\/b2f81279c36a5cfced2ad46fbab5b5fc","name":"Carlos Santana Beltr\u00e1n","image":{"@type":"ImageObject","inLanguage":"es","@id":"https:\/\/secure.gravatar.com\/avatar\/80a7f508d4e90a1d7794e4649954b753cbac9c789168555cd1ccbcfa2c332add?s=96&d=mm&r=g","url":"https:\/\/secure.gravatar.com\/avatar\/80a7f508d4e90a1d7794e4649954b753cbac9c789168555cd1ccbcfa2c332add?s=96&d=mm&r=g","contentUrl":"https:\/\/secure.gravatar.com\/avatar\/80a7f508d4e90a1d7794e4649954b753cbac9c789168555cd1ccbcfa2c332add?s=96&d=mm&r=g","caption":"Carlos Santana Beltr\u00e1n"},"url":"https:\/\/www.gsccanarias.com\/gsc\/author\/carlos\/"}]}},"publishpress_future_workflow_manual_trigger":{"enabledWorkflows":[]},"_links":{"self":[{"href":"https:\/\/www.gsccanarias.com\/gsc\/wp-json\/wp\/v2\/posts\/14836","targetHints":{"allow":["GET"]}}],"collection":[{"href":"https:\/\/www.gsccanarias.com\/gsc\/wp-json\/wp\/v2\/posts"}],"about":[{"href":"https:\/\/www.gsccanarias.com\/gsc\/wp-json\/wp\/v2\/types\/post"}],"author":[{"embeddable":true,"href":"https:\/\/www.gsccanarias.com\/gsc\/wp-json\/wp\/v2\/users\/20"}],"replies":[{"embeddable":true,"href":"https:\/\/www.gsccanarias.com\/gsc\/wp-json\/wp\/v2\/comments?post=14836"}],"version-history":[{"count":1,"href":"https:\/\/www.gsccanarias.com\/gsc\/wp-json\/wp\/v2\/posts\/14836\/revisions"}],"predecessor-version":[{"id":14837,"href":"https:\/\/www.gsccanarias.com\/gsc\/wp-json\/wp\/v2\/posts\/14836\/revisions\/14837"}],"wp:featuredmedia":[{"embeddable":true,"href":"https:\/\/www.gsccanarias.com\/gsc\/wp-json\/wp\/v2\/media\/14559"}],"wp:attachment":[{"href":"https:\/\/www.gsccanarias.com\/gsc\/wp-json\/wp\/v2\/media?parent=14836"}],"wp:term":[{"taxonomy":"category","embeddable":true,"href":"https:\/\/www.gsccanarias.com\/gsc\/wp-json\/wp\/v2\/categories?post=14836"},{"taxonomy":"post_tag","embeddable":true,"href":"https:\/\/www.gsccanarias.com\/gsc\/wp-json\/wp\/v2\/tags?post=14836"}],"curies":[{"name":"wp","href":"https:\/\/api.w.org\/{rel}","templated":true}]}}