{"id":14676,"date":"2024-03-16T16:16:31","date_gmt":"2024-03-16T16:16:31","guid":{"rendered":"https:\/\/www.gsccanarias.com\/gsc\/?p=14676"},"modified":"2024-03-16T16:16:31","modified_gmt":"2024-03-16T16:16:31","slug":"el-gobierno-de-canarias-aconseja-seguir-las-recomendaciones-de-autoproteccion-ante-un-nuevo-episodio-de-calima","status":"publish","type":"post","link":"https:\/\/www.gsccanarias.com\/gsc\/el-gobierno-de-canarias-aconseja-seguir-las-recomendaciones-de-autoproteccion-ante-un-nuevo-episodio-de-calima\/","title":{"rendered":"El Gobierno de Canarias aconseja seguir las recomendaciones de autoprotecci\u00f3n ante un nuevo episodio de calima"},"content":{"rendered":"<blockquote><p>Las personas con enfermedades respiratorias o cr\u00f3nicas deben extremar la precauci\u00f3n ante esta situaci\u00f3n<\/p><\/blockquote>\n<p><strong>El Gobierno de Canarias, a trav\u00e9s de la direcci\u00f3n General de Emergencias, ha declarado la situaci\u00f3n de prealerta por calima en el archipi\u00e9lago, ya que la previsi\u00f3n meteorol\u00f3gica se\u00f1ala un nuevo episodio de polvo en suspensi\u00f3n que afectar\u00e1 a Canarias a partir de ma\u00f1ana <\/strong><strong>domingo<\/strong><strong>, principalmente a Fuerteventura y Lanzarote, as\u00ed como a las median\u00edas, cumbres y vertientes sur de las restantes islas. <\/strong><\/p>\n<p>Esta decisi\u00f3n se toma teniendo en cuenta la informaci\u00f3n facilitada por la Agencia Estatal de Meteorolog\u00eda y otras fuentes disponibles, y en aplicaci\u00f3n del Plan Espec\u00edfico de Emergencias de Canarias por Riesgos de Fen\u00f3menos Meteorol\u00f3gicos Adversos (PEFMA).<\/p>\n<p>En este sentido, y ante la posibilidad de que dicho episodio pueda generar problemas en la salud de las personas con enfermedades cr\u00f3nicas o respiratorias, el Gobierno de Canarias recomienda a la poblaci\u00f3n que ponga en pr\u00e1ctica las medidas de autoprotecci\u00f3n necesarias en estos casos, como, por ejemplo, asegurarse de que tienen su medicaci\u00f3n habitual, mantener puertas y ventanas cerradas, as\u00ed como evitar salir a la calle y exponerse al aire exterior.<\/p>\n<p>Como norma general, es importante beber mucho l\u00edquido, evitar los ambientes secos y no realizar ejercicio f\u00edsico severo mientras se mantenga esta situaci\u00f3n.<\/p>\n<p>En los desplazamientos por carretera, los conductores deben moderar la velocidad, ante una posible reducci\u00f3n de la visibilidad, para evitar accidentes.<\/p>\n<div class=\"pvc_clear\"><\/div>\n<p id=\"pvc_stats_14676\" class=\"pvc_stats all  \" data-element-id=\"14676\" style=\"\"><i class=\"pvc-stats-icon medium\" aria-hidden=\"true\"><svg aria-hidden=\"true\" focusable=\"false\" data-prefix=\"far\" data-icon=\"chart-bar\" role=\"img\" xmlns=\"http:\/\/www.w3.org\/2000\/svg\" viewBox=\"0 0 512 512\" class=\"svg-inline--fa fa-chart-bar fa-w-16 fa-2x\"><path fill=\"currentColor\" d=\"M396.8 352h22.4c6.4 0 12.8-6.4 12.8-12.8V108.8c0-6.4-6.4-12.8-12.8-12.8h-22.4c-6.4 0-12.8 6.4-12.8 12.8v230.4c0 6.4 6.4 12.8 12.8 12.8zm-192 0h22.4c6.4 0 12.8-6.4 12.8-12.8V140.8c0-6.4-6.4-12.8-12.8-12.8h-22.4c-6.4 0-12.8 6.4-12.8 12.8v198.4c0 6.4 6.4 12.8 12.8 12.8zm96 0h22.4c6.4 0 12.8-6.4 12.8-12.8V204.8c0-6.4-6.4-12.8-12.8-12.8h-22.4c-6.4 0-12.8 6.4-12.8 12.8v134.4c0 6.4 6.4 12.8 12.8 12.8zM496 400H48V80c0-8.84-7.16-16-16-16H16C7.16 64 0 71.16 0 80v336c0 17.67 14.33 32 32 32h464c8.84 0 16-7.16 16-16v-16c0-8.84-7.16-16-16-16zm-387.2-48h22.4c6.4 0 12.8-6.4 12.8-12.8v-70.4c0-6.4-6.4-12.8-12.8-12.8h-22.4c-6.4 0-12.8 6.4-12.8 12.8v70.4c0 6.4 6.4 12.8 12.8 12.8z\" class=\"\"><\/path><\/svg><\/i> <\/p>\n<div class=\"pvc_clear\"><\/div>\n<div class=\"print\"><span class=\"page_title\">P\u00e1gina: <span>El Gobierno de Canarias aconseja seguir las recomendaciones de autoprotecci\u00f3n ante un nuevo episodio de calima<\/span><\/span>\n\t\t\t\t\t\t\t\t\t\t\t<span class=\"page_title\">Fecha de impresi\u00f3n: <span>28\/04\/2026 - 08:31:16 UTC<\/span><\/span>\n\t\t\t\t\t\t\t\t\t\t\t<span class=\"stmp_trans_date\">\u00daltima actualizaci\u00f3n: <span>16\/03\/2024 - 16:16:31<\/span><\/span>\n\t\t\t\t\t\t\t\t\t\t\t<span class=\"stmp_trans_date\">Fecha publicaci\u00f3n: <span>16\/03\/2024 - 16:16:31<\/span><\/span>\n\t\t\t\t\t\t\t\t\t\t\t<span class=\"stmp_trans_date\">Fecha creaci\u00f3n: <span>16\/03\/2024 - 16:16:31<\/span><\/span><\/div>\n\t","protected":false},"excerpt":{"rendered":"<p>Las personas con enfermedades respiratorias o cr\u00f3nicas deben extremar la precauci\u00f3n ante esta situaci\u00f3n El Gobierno de Canarias, a trav\u00e9s de la direcci\u00f3n General de Emergencias, ha declarado la situaci\u00f3n de prealerta por calima en el archipi\u00e9lago, ya que la previsi\u00f3n meteorol\u00f3gica se\u00f1ala un nuevo&#8230;<\/p>\n<div class=\"pvc_clear\"><\/div>\n<p id=\"pvc_stats_14676\" class=\"pvc_stats all  \" data-element-id=\"14676\" style=\"\"><i class=\"pvc-stats-icon medium\" aria-hidden=\"true\"><svg aria-hidden=\"true\" focusable=\"false\" data-prefix=\"far\" data-icon=\"chart-bar\" role=\"img\" xmlns=\"http:\/\/www.w3.org\/2000\/svg\" viewBox=\"0 0 512 512\" class=\"svg-inline--fa fa-chart-bar fa-w-16 fa-2x\"><path fill=\"currentColor\" d=\"M396.8 352h22.4c6.4 0 12.8-6.4 12.8-12.8V108.8c0-6.4-6.4-12.8-12.8-12.8h-22.4c-6.4 0-12.8 6.4-12.8 12.8v230.4c0 6.4 6.4 12.8 12.8 12.8zm-192 0h22.4c6.4 0 12.8-6.4 12.8-12.8V140.8c0-6.4-6.4-12.8-12.8-12.8h-22.4c-6.4 0-12.8 6.4-12.8 12.8v198.4c0 6.4 6.4 12.8 12.8 12.8zm96 0h22.4c6.4 0 12.8-6.4 12.8-12.8V204.8c0-6.4-6.4-12.8-12.8-12.8h-22.4c-6.4 0-12.8 6.4-12.8 12.8v134.4c0 6.4 6.4 12.8 12.8 12.8zM496 400H48V80c0-8.84-7.16-16-16-16H16C7.16 64 0 71.16 0 80v336c0 17.67 14.33 32 32 32h464c8.84 0 16-7.16 16-16v-16c0-8.84-7.16-16-16-16zm-387.2-48h22.4c6.4 0 12.8-6.4 12.8-12.8v-70.4c0-6.4-6.4-12.8-12.8-12.8h-22.4c-6.4 0-12.8 6.4-12.8 12.8v70.4c0 6.4 6.4 12.8 12.8 12.8z\" class=\"\"><\/path><\/svg><\/i> <img loading=\"lazy\" decoding=\"async\" width=\"16\" height=\"16\" alt=\"Loading\" src=\"https:\/\/www.gsccanarias.com\/gsc\/wp-content\/plugins\/page-views-count\/ajax-loader-2x.gif\" border=0 \/><\/p>\n<div class=\"pvc_clear\"><\/div>\n","protected":false},"author":5,"featured_media":14415,"comment_status":"closed","ping_status":"open","sticky":false,"template":"","format":"standard","meta":{"footnotes":""},"categories":[35],"tags":[],"class_list":["post-14676","post","type-post","status-publish","format-standard","has-post-thumbnail","hentry","category-noticias"],"a3_pvc":{"activated":true,"total_views":61,"today_views":0},"publishpress_future_workflow_manual_trigger":{"enabledWorkflows":[]},"_links":{"self":[{"href":"https:\/\/www.gsccanarias.com\/gsc\/wp-json\/wp\/v2\/posts\/14676","targetHints":{"allow":["GET"]}}],"collection":[{"href":"https:\/\/www.gsccanarias.com\/gsc\/wp-json\/wp\/v2\/posts"}],"about":[{"href":"https:\/\/www.gsccanarias.com\/gsc\/wp-json\/wp\/v2\/types\/post"}],"author":[{"embeddable":true,"href":"https:\/\/www.gsccanarias.com\/gsc\/wp-json\/wp\/v2\/users\/5"}],"replies":[{"embeddable":true,"href":"https:\/\/www.gsccanarias.com\/gsc\/wp-json\/wp\/v2\/comments?post=14676"}],"version-history":[{"count":1,"href":"https:\/\/www.gsccanarias.com\/gsc\/wp-json\/wp\/v2\/posts\/14676\/revisions"}],"predecessor-version":[{"id":14677,"href":"https:\/\/www.gsccanarias.com\/gsc\/wp-json\/wp\/v2\/posts\/14676\/revisions\/14677"}],"wp:featuredmedia":[{"embeddable":true,"href":"https:\/\/www.gsccanarias.com\/gsc\/wp-json\/wp\/v2\/media\/14415"}],"wp:attachment":[{"href":"https:\/\/www.gsccanarias.com\/gsc\/wp-json\/wp\/v2\/media?parent=14676"}],"wp:term":[{"taxonomy":"category","embeddable":true,"href":"https:\/\/www.gsccanarias.com\/gsc\/wp-json\/wp\/v2\/categories?post=14676"},{"taxonomy":"post_tag","embeddable":true,"href":"https:\/\/www.gsccanarias.com\/gsc\/wp-json\/wp\/v2\/tags?post=14676"}],"curies":[{"name":"wp","href":"https:\/\/api.w.org\/{rel}","templated":true}]}}