{"id":14614,"date":"2024-02-27T16:03:54","date_gmt":"2024-02-27T16:03:54","guid":{"rendered":"https:\/\/www.gsccanarias.com\/gsc\/?p=14614"},"modified":"2024-02-27T16:03:54","modified_gmt":"2024-02-27T16:03:54","slug":"el-gobierno-de-canarias-declara-la-alerta-por-fenomenos-costeros-en-lanzarote-ante-el-empeoramiento-del-estado-del-mar","status":"publish","type":"post","link":"https:\/\/www.gsccanarias.com\/gsc\/el-gobierno-de-canarias-declara-la-alerta-por-fenomenos-costeros-en-lanzarote-ante-el-empeoramiento-del-estado-del-mar\/","title":{"rendered":"El Gobierno de Canarias declara la alerta por fen\u00f3menos costeros en Lanzarote ante el empeoramiento del estado del mar"},"content":{"rendered":"<blockquote><p>Se esperan \u00e1reas de mar muy gruesa al norte y oeste de la isla con olas que pueden alcanzar los seis metros de altura<\/p>\n<p>La Direcci\u00f3n General de Emergencias mantiene la situaci\u00f3n de prealerta por fuerte oleaje en el resto de las islas<\/p><\/blockquote>\n<p><strong>El empeoramiento del mal estado del mar en Lanzarote, seg\u00fan la previsi\u00f3n meteorol\u00f3gica actualizada por la Agencia Estatal de Meteorolog\u00eda, hace que el \u00a0Gobierno de Canarias, a trav\u00e9s de la Direcci\u00f3n General de Emergencias, declare la situaci\u00f3n de alerta por fen\u00f3menos costeros en esta isla, a partir de las 21:00 horas de hoy martes, 27 de febrero, y mantenga la prealerta por el mismo fen\u00f3meno en el resto del archipi\u00e9lago.<\/strong><\/p>\n<p>Dicha previsi\u00f3n apunta a viento del nordeste de fuerza 7 (50-61 kil\u00f3metros por hora) que provocar\u00e1 mar gruesa con \u00e1reas de muy gruesa, en especial en el litoral norte y oeste de Lanzarote. Habr\u00e1 mar de fondo del norte y nordeste con olas de dos a cuatro metros que, puntualmente, puede derivar en oleaje de mar combinada con olas de cuatro a seis metros de altura.<\/p>\n<p>Ante esta situaci\u00f3n, el Gobierno de Canarias insiste en recomendar a la poblaci\u00f3n que extreme las \u00a0\u00a0precauciones en las costas de la islas, y especialmente en Lanzarote, y destaca la importancia de poner en pr\u00e1ctica los consejos de autoprotecci\u00f3n para evitar situaciones de riesgo.<\/p>\n<p>En este sentido, el Ejecutivo recuerda que mientras persista esta situaci\u00f3n hay que \u00a0evitar los paseos por la costa as\u00ed como situarse en zonas donde el fuerte oleaje pueda arrastrarte mar adentro, incluso aunque el mar se calme de repente. Asimismo se recomienda no circular con veh\u00edculos por carreteras cercanas a la l\u00ednea de playa, \u00a0aplazar las actividades n\u00e1uticas o deportivas y no ba\u00f1arse en playas apartadas o sin vigilancia.<\/p>\n<div class=\"pvc_clear\"><\/div>\n<p id=\"pvc_stats_14614\" class=\"pvc_stats all  \" data-element-id=\"14614\" style=\"\"><i class=\"pvc-stats-icon medium\" aria-hidden=\"true\"><svg aria-hidden=\"true\" focusable=\"false\" data-prefix=\"far\" data-icon=\"chart-bar\" role=\"img\" xmlns=\"http:\/\/www.w3.org\/2000\/svg\" viewBox=\"0 0 512 512\" class=\"svg-inline--fa fa-chart-bar fa-w-16 fa-2x\"><path fill=\"currentColor\" d=\"M396.8 352h22.4c6.4 0 12.8-6.4 12.8-12.8V108.8c0-6.4-6.4-12.8-12.8-12.8h-22.4c-6.4 0-12.8 6.4-12.8 12.8v230.4c0 6.4 6.4 12.8 12.8 12.8zm-192 0h22.4c6.4 0 12.8-6.4 12.8-12.8V140.8c0-6.4-6.4-12.8-12.8-12.8h-22.4c-6.4 0-12.8 6.4-12.8 12.8v198.4c0 6.4 6.4 12.8 12.8 12.8zm96 0h22.4c6.4 0 12.8-6.4 12.8-12.8V204.8c0-6.4-6.4-12.8-12.8-12.8h-22.4c-6.4 0-12.8 6.4-12.8 12.8v134.4c0 6.4 6.4 12.8 12.8 12.8zM496 400H48V80c0-8.84-7.16-16-16-16H16C7.16 64 0 71.16 0 80v336c0 17.67 14.33 32 32 32h464c8.84 0 16-7.16 16-16v-16c0-8.84-7.16-16-16-16zm-387.2-48h22.4c6.4 0 12.8-6.4 12.8-12.8v-70.4c0-6.4-6.4-12.8-12.8-12.8h-22.4c-6.4 0-12.8 6.4-12.8 12.8v70.4c0 6.4 6.4 12.8 12.8 12.8z\" class=\"\"><\/path><\/svg><\/i> <\/p>\n<div class=\"pvc_clear\"><\/div>\n<div class=\"print\"><span class=\"page_title\">P\u00e1gina: <span>El Gobierno de Canarias declara la alerta por fen\u00f3menos costeros en Lanzarote ante el empeoramiento del estado del mar<\/span><\/span>\n\t\t\t\t\t\t\t\t\t\t\t<span class=\"page_title\">Fecha de impresi\u00f3n: <span>02\/05\/2026 - 07:55:07 UTC<\/span><\/span>\n\t\t\t\t\t\t\t\t\t\t\t<span class=\"stmp_trans_date\">\u00daltima actualizaci\u00f3n: <span>27\/02\/2024 - 16:03:54<\/span><\/span>\n\t\t\t\t\t\t\t\t\t\t\t<span class=\"stmp_trans_date\">Fecha publicaci\u00f3n: <span>27\/02\/2024 - 16:03:54<\/span><\/span>\n\t\t\t\t\t\t\t\t\t\t\t<span class=\"stmp_trans_date\">Fecha creaci\u00f3n: <span>27\/02\/2024 - 16:03:54<\/span><\/span><\/div>\n\t","protected":false},"excerpt":{"rendered":"<p>Se esperan \u00e1reas de mar muy gruesa al norte y oeste de la isla con olas que pueden alcanzar los seis metros de altura La Direcci\u00f3n General de Emergencias mantiene la situaci\u00f3n de prealerta por fuerte oleaje en el resto de las islas El empeoramiento&#8230;<\/p>\n<div class=\"pvc_clear\"><\/div>\n<p id=\"pvc_stats_14614\" class=\"pvc_stats all  \" data-element-id=\"14614\" style=\"\"><i class=\"pvc-stats-icon medium\" aria-hidden=\"true\"><svg aria-hidden=\"true\" focusable=\"false\" data-prefix=\"far\" data-icon=\"chart-bar\" role=\"img\" xmlns=\"http:\/\/www.w3.org\/2000\/svg\" viewBox=\"0 0 512 512\" class=\"svg-inline--fa fa-chart-bar fa-w-16 fa-2x\"><path fill=\"currentColor\" d=\"M396.8 352h22.4c6.4 0 12.8-6.4 12.8-12.8V108.8c0-6.4-6.4-12.8-12.8-12.8h-22.4c-6.4 0-12.8 6.4-12.8 12.8v230.4c0 6.4 6.4 12.8 12.8 12.8zm-192 0h22.4c6.4 0 12.8-6.4 12.8-12.8V140.8c0-6.4-6.4-12.8-12.8-12.8h-22.4c-6.4 0-12.8 6.4-12.8 12.8v198.4c0 6.4 6.4 12.8 12.8 12.8zm96 0h22.4c6.4 0 12.8-6.4 12.8-12.8V204.8c0-6.4-6.4-12.8-12.8-12.8h-22.4c-6.4 0-12.8 6.4-12.8 12.8v134.4c0 6.4 6.4 12.8 12.8 12.8zM496 400H48V80c0-8.84-7.16-16-16-16H16C7.16 64 0 71.16 0 80v336c0 17.67 14.33 32 32 32h464c8.84 0 16-7.16 16-16v-16c0-8.84-7.16-16-16-16zm-387.2-48h22.4c6.4 0 12.8-6.4 12.8-12.8v-70.4c0-6.4-6.4-12.8-12.8-12.8h-22.4c-6.4 0-12.8 6.4-12.8 12.8v70.4c0 6.4 6.4 12.8 12.8 12.8z\" class=\"\"><\/path><\/svg><\/i> <img loading=\"lazy\" decoding=\"async\" width=\"16\" height=\"16\" alt=\"Loading\" src=\"https:\/\/www.gsccanarias.com\/gsc\/wp-content\/plugins\/page-views-count\/ajax-loader-2x.gif\" border=0 \/><\/p>\n<div class=\"pvc_clear\"><\/div>\n","protected":false},"author":5,"featured_media":13893,"comment_status":"open","ping_status":"open","sticky":false,"template":"","format":"standard","meta":{"footnotes":""},"categories":[35],"tags":[],"class_list":["post-14614","post","type-post","status-publish","format-standard","has-post-thumbnail","hentry","category-noticias"],"a3_pvc":{"activated":true,"total_views":63,"today_views":0},"yoast_head":"<!-- This site is optimized with the Yoast SEO plugin v27.5 - https:\/\/yoast.com\/product\/yoast-seo-wordpress\/ -->\n<title>El Gobierno de Canarias declara la alerta por fen\u00f3menos costeros en Lanzarote ante el empeoramiento del estado del mar - GSC<\/title>\n<meta name=\"robots\" content=\"index, follow, max-snippet:-1, max-image-preview:large, max-video-preview:-1\" \/>\n<link rel=\"canonical\" href=\"https:\/\/www.gsccanarias.com\/gsc\/el-gobierno-de-canarias-declara-la-alerta-por-fenomenos-costeros-en-lanzarote-ante-el-empeoramiento-del-estado-del-mar\/\" \/>\n<meta property=\"og:locale\" content=\"es_ES\" \/>\n<meta property=\"og:type\" content=\"article\" \/>\n<meta property=\"og:title\" content=\"El Gobierno de Canarias declara la alerta por fen\u00f3menos costeros en Lanzarote ante el empeoramiento del estado del mar - GSC\" \/>\n<meta property=\"og:description\" content=\"Se esperan \u00e1reas de mar muy gruesa al norte y oeste de la isla con olas que pueden alcanzar los seis metros de altura La Direcci\u00f3n General de Emergencias mantiene la situaci\u00f3n de prealerta por fuerte oleaje en el resto de las islas El empeoramiento...\" \/>\n<meta property=\"og:url\" content=\"https:\/\/www.gsccanarias.com\/gsc\/el-gobierno-de-canarias-declara-la-alerta-por-fenomenos-costeros-en-lanzarote-ante-el-empeoramiento-del-estado-del-mar\/\" \/>\n<meta property=\"og:site_name\" content=\"GSC\" \/>\n<meta property=\"article:published_time\" content=\"2024-02-27T16:03:54+00:00\" \/>\n<meta property=\"og:image\" content=\"https:\/\/www.gsccanarias.com\/gsc\/wp-content\/uploads\/2023\/10\/271023-NP-Prealerta-fenomenos-costeros-en-Canarias.jpeg\" \/>\n\t<meta property=\"og:image:width\" content=\"1600\" \/>\n\t<meta property=\"og:image:height\" content=\"1200\" \/>\n\t<meta property=\"og:image:type\" content=\"image\/jpeg\" \/>\n<meta name=\"author\" content=\"Candelaria Ceballos Quintero\" \/>\n<meta name=\"twitter:card\" content=\"summary_large_image\" \/>\n<meta name=\"twitter:label1\" content=\"Escrito por\" \/>\n\t<meta name=\"twitter:data1\" content=\"Candelaria Ceballos Quintero\" \/>\n\t<meta name=\"twitter:label2\" content=\"Tiempo de lectura\" \/>\n\t<meta name=\"twitter:data2\" content=\"2 minutos\" \/>\n<script type=\"application\/ld+json\" class=\"yoast-schema-graph\">{\"@context\":\"https:\\\/\\\/schema.org\",\"@graph\":[{\"@type\":\"Article\",\"@id\":\"https:\\\/\\\/www.gsccanarias.com\\\/gsc\\\/el-gobierno-de-canarias-declara-la-alerta-por-fenomenos-costeros-en-lanzarote-ante-el-empeoramiento-del-estado-del-mar\\\/#article\",\"isPartOf\":{\"@id\":\"https:\\\/\\\/www.gsccanarias.com\\\/gsc\\\/el-gobierno-de-canarias-declara-la-alerta-por-fenomenos-costeros-en-lanzarote-ante-el-empeoramiento-del-estado-del-mar\\\/\"},\"author\":{\"name\":\"Candelaria Ceballos Quintero\",\"@id\":\"https:\\\/\\\/www.gsccanarias.com\\\/gsc\\\/#\\\/schema\\\/person\\\/5b9901f4eee7cadbed4628c907cce21f\"},\"headline\":\"El Gobierno de Canarias declara la alerta por fen\u00f3menos costeros en Lanzarote ante el empeoramiento del estado del mar\",\"datePublished\":\"2024-02-27T16:03:54+00:00\",\"mainEntityOfPage\":{\"@id\":\"https:\\\/\\\/www.gsccanarias.com\\\/gsc\\\/el-gobierno-de-canarias-declara-la-alerta-por-fenomenos-costeros-en-lanzarote-ante-el-empeoramiento-del-estado-del-mar\\\/\"},\"wordCount\":333,\"commentCount\":0,\"image\":{\"@id\":\"https:\\\/\\\/www.gsccanarias.com\\\/gsc\\\/el-gobierno-de-canarias-declara-la-alerta-por-fenomenos-costeros-en-lanzarote-ante-el-empeoramiento-del-estado-del-mar\\\/#primaryimage\"},\"thumbnailUrl\":\"https:\\\/\\\/www.gsccanarias.com\\\/gsc\\\/wp-content\\\/uploads\\\/2023\\\/10\\\/271023-NP-Prealerta-fenomenos-costeros-en-Canarias.jpeg\",\"articleSection\":[\"Noticias\"],\"inLanguage\":\"es\",\"potentialAction\":[{\"@type\":\"CommentAction\",\"name\":\"Comment\",\"target\":[\"https:\\\/\\\/www.gsccanarias.com\\\/gsc\\\/el-gobierno-de-canarias-declara-la-alerta-por-fenomenos-costeros-en-lanzarote-ante-el-empeoramiento-del-estado-del-mar\\\/#respond\"]}]},{\"@type\":\"WebPage\",\"@id\":\"https:\\\/\\\/www.gsccanarias.com\\\/gsc\\\/el-gobierno-de-canarias-declara-la-alerta-por-fenomenos-costeros-en-lanzarote-ante-el-empeoramiento-del-estado-del-mar\\\/\",\"url\":\"https:\\\/\\\/www.gsccanarias.com\\\/gsc\\\/el-gobierno-de-canarias-declara-la-alerta-por-fenomenos-costeros-en-lanzarote-ante-el-empeoramiento-del-estado-del-mar\\\/\",\"name\":\"El Gobierno de Canarias declara la alerta por fen\u00f3menos costeros en Lanzarote ante el empeoramiento del estado del mar - GSC\",\"isPartOf\":{\"@id\":\"https:\\\/\\\/www.gsccanarias.com\\\/gsc\\\/#website\"},\"primaryImageOfPage\":{\"@id\":\"https:\\\/\\\/www.gsccanarias.com\\\/gsc\\\/el-gobierno-de-canarias-declara-la-alerta-por-fenomenos-costeros-en-lanzarote-ante-el-empeoramiento-del-estado-del-mar\\\/#primaryimage\"},\"image\":{\"@id\":\"https:\\\/\\\/www.gsccanarias.com\\\/gsc\\\/el-gobierno-de-canarias-declara-la-alerta-por-fenomenos-costeros-en-lanzarote-ante-el-empeoramiento-del-estado-del-mar\\\/#primaryimage\"},\"thumbnailUrl\":\"https:\\\/\\\/www.gsccanarias.com\\\/gsc\\\/wp-content\\\/uploads\\\/2023\\\/10\\\/271023-NP-Prealerta-fenomenos-costeros-en-Canarias.jpeg\",\"datePublished\":\"2024-02-27T16:03:54+00:00\",\"author\":{\"@id\":\"https:\\\/\\\/www.gsccanarias.com\\\/gsc\\\/#\\\/schema\\\/person\\\/5b9901f4eee7cadbed4628c907cce21f\"},\"breadcrumb\":{\"@id\":\"https:\\\/\\\/www.gsccanarias.com\\\/gsc\\\/el-gobierno-de-canarias-declara-la-alerta-por-fenomenos-costeros-en-lanzarote-ante-el-empeoramiento-del-estado-del-mar\\\/#breadcrumb\"},\"inLanguage\":\"es\",\"potentialAction\":[{\"@type\":\"ReadAction\",\"target\":[\"https:\\\/\\\/www.gsccanarias.com\\\/gsc\\\/el-gobierno-de-canarias-declara-la-alerta-por-fenomenos-costeros-en-lanzarote-ante-el-empeoramiento-del-estado-del-mar\\\/\"]}]},{\"@type\":\"ImageObject\",\"inLanguage\":\"es\",\"@id\":\"https:\\\/\\\/www.gsccanarias.com\\\/gsc\\\/el-gobierno-de-canarias-declara-la-alerta-por-fenomenos-costeros-en-lanzarote-ante-el-empeoramiento-del-estado-del-mar\\\/#primaryimage\",\"url\":\"https:\\\/\\\/www.gsccanarias.com\\\/gsc\\\/wp-content\\\/uploads\\\/2023\\\/10\\\/271023-NP-Prealerta-fenomenos-costeros-en-Canarias.jpeg\",\"contentUrl\":\"https:\\\/\\\/www.gsccanarias.com\\\/gsc\\\/wp-content\\\/uploads\\\/2023\\\/10\\\/271023-NP-Prealerta-fenomenos-costeros-en-Canarias.jpeg\",\"width\":1600,\"height\":1200},{\"@type\":\"BreadcrumbList\",\"@id\":\"https:\\\/\\\/www.gsccanarias.com\\\/gsc\\\/el-gobierno-de-canarias-declara-la-alerta-por-fenomenos-costeros-en-lanzarote-ante-el-empeoramiento-del-estado-del-mar\\\/#breadcrumb\",\"itemListElement\":[{\"@type\":\"ListItem\",\"position\":1,\"name\":\"Portada\",\"item\":\"https:\\\/\\\/www.gsccanarias.com\\\/gsc\\\/\"},{\"@type\":\"ListItem\",\"position\":2,\"name\":\"El Gobierno de Canarias declara la alerta por fen\u00f3menos costeros en Lanzarote ante el empeoramiento del estado del mar\"}]},{\"@type\":\"WebSite\",\"@id\":\"https:\\\/\\\/www.gsccanarias.com\\\/gsc\\\/#website\",\"url\":\"https:\\\/\\\/www.gsccanarias.com\\\/gsc\\\/\",\"name\":\"GSC\",\"description\":\"Administramos servicios relacionados con la salud, las emergencias, la seguridad y el transporte sanitario\",\"potentialAction\":[{\"@type\":\"SearchAction\",\"target\":{\"@type\":\"EntryPoint\",\"urlTemplate\":\"https:\\\/\\\/www.gsccanarias.com\\\/gsc\\\/?s={search_term_string}\"},\"query-input\":{\"@type\":\"PropertyValueSpecification\",\"valueRequired\":true,\"valueName\":\"search_term_string\"}}],\"inLanguage\":\"es\"},{\"@type\":\"Person\",\"@id\":\"https:\\\/\\\/www.gsccanarias.com\\\/gsc\\\/#\\\/schema\\\/person\\\/5b9901f4eee7cadbed4628c907cce21f\",\"name\":\"Candelaria Ceballos Quintero\",\"image\":{\"@type\":\"ImageObject\",\"inLanguage\":\"es\",\"@id\":\"https:\\\/\\\/secure.gravatar.com\\\/avatar\\\/4f9946c8a8e26afcca94f05df1786a5365e8e246fff67757b9108a432cd46e0d?s=96&d=mm&r=g\",\"url\":\"https:\\\/\\\/secure.gravatar.com\\\/avatar\\\/4f9946c8a8e26afcca94f05df1786a5365e8e246fff67757b9108a432cd46e0d?s=96&d=mm&r=g\",\"contentUrl\":\"https:\\\/\\\/secure.gravatar.com\\\/avatar\\\/4f9946c8a8e26afcca94f05df1786a5365e8e246fff67757b9108a432cd46e0d?s=96&d=mm&r=g\",\"caption\":\"Candelaria Ceballos Quintero\"},\"url\":\"https:\\\/\\\/www.gsccanarias.com\\\/gsc\\\/author\\\/candelaria\\\/\"}]}<\/script>\n<!-- \/ Yoast SEO plugin. -->","yoast_head_json":{"title":"El Gobierno de Canarias declara la alerta por fen\u00f3menos costeros en Lanzarote ante el empeoramiento del estado del mar - GSC","robots":{"index":"index","follow":"follow","max-snippet":"max-snippet:-1","max-image-preview":"max-image-preview:large","max-video-preview":"max-video-preview:-1"},"canonical":"https:\/\/www.gsccanarias.com\/gsc\/el-gobierno-de-canarias-declara-la-alerta-por-fenomenos-costeros-en-lanzarote-ante-el-empeoramiento-del-estado-del-mar\/","og_locale":"es_ES","og_type":"article","og_title":"El Gobierno de Canarias declara la alerta por fen\u00f3menos costeros en Lanzarote ante el empeoramiento del estado del mar - GSC","og_description":"Se esperan \u00e1reas de mar muy gruesa al norte y oeste de la isla con olas que pueden alcanzar los seis metros de altura La Direcci\u00f3n General de Emergencias mantiene la situaci\u00f3n de prealerta por fuerte oleaje en el resto de las islas El empeoramiento...","og_url":"https:\/\/www.gsccanarias.com\/gsc\/el-gobierno-de-canarias-declara-la-alerta-por-fenomenos-costeros-en-lanzarote-ante-el-empeoramiento-del-estado-del-mar\/","og_site_name":"GSC","article_published_time":"2024-02-27T16:03:54+00:00","og_image":[{"width":1600,"height":1200,"url":"https:\/\/www.gsccanarias.com\/gsc\/wp-content\/uploads\/2023\/10\/271023-NP-Prealerta-fenomenos-costeros-en-Canarias.jpeg","type":"image\/jpeg"}],"author":"Candelaria Ceballos Quintero","twitter_card":"summary_large_image","twitter_misc":{"Escrito por":"Candelaria Ceballos Quintero","Tiempo de lectura":"2 minutos"},"schema":{"@context":"https:\/\/schema.org","@graph":[{"@type":"Article","@id":"https:\/\/www.gsccanarias.com\/gsc\/el-gobierno-de-canarias-declara-la-alerta-por-fenomenos-costeros-en-lanzarote-ante-el-empeoramiento-del-estado-del-mar\/#article","isPartOf":{"@id":"https:\/\/www.gsccanarias.com\/gsc\/el-gobierno-de-canarias-declara-la-alerta-por-fenomenos-costeros-en-lanzarote-ante-el-empeoramiento-del-estado-del-mar\/"},"author":{"name":"Candelaria Ceballos Quintero","@id":"https:\/\/www.gsccanarias.com\/gsc\/#\/schema\/person\/5b9901f4eee7cadbed4628c907cce21f"},"headline":"El Gobierno de Canarias declara la alerta por fen\u00f3menos costeros en Lanzarote ante el empeoramiento del estado del mar","datePublished":"2024-02-27T16:03:54+00:00","mainEntityOfPage":{"@id":"https:\/\/www.gsccanarias.com\/gsc\/el-gobierno-de-canarias-declara-la-alerta-por-fenomenos-costeros-en-lanzarote-ante-el-empeoramiento-del-estado-del-mar\/"},"wordCount":333,"commentCount":0,"image":{"@id":"https:\/\/www.gsccanarias.com\/gsc\/el-gobierno-de-canarias-declara-la-alerta-por-fenomenos-costeros-en-lanzarote-ante-el-empeoramiento-del-estado-del-mar\/#primaryimage"},"thumbnailUrl":"https:\/\/www.gsccanarias.com\/gsc\/wp-content\/uploads\/2023\/10\/271023-NP-Prealerta-fenomenos-costeros-en-Canarias.jpeg","articleSection":["Noticias"],"inLanguage":"es","potentialAction":[{"@type":"CommentAction","name":"Comment","target":["https:\/\/www.gsccanarias.com\/gsc\/el-gobierno-de-canarias-declara-la-alerta-por-fenomenos-costeros-en-lanzarote-ante-el-empeoramiento-del-estado-del-mar\/#respond"]}]},{"@type":"WebPage","@id":"https:\/\/www.gsccanarias.com\/gsc\/el-gobierno-de-canarias-declara-la-alerta-por-fenomenos-costeros-en-lanzarote-ante-el-empeoramiento-del-estado-del-mar\/","url":"https:\/\/www.gsccanarias.com\/gsc\/el-gobierno-de-canarias-declara-la-alerta-por-fenomenos-costeros-en-lanzarote-ante-el-empeoramiento-del-estado-del-mar\/","name":"El Gobierno de Canarias declara la alerta por fen\u00f3menos costeros en Lanzarote ante el empeoramiento del estado del mar - GSC","isPartOf":{"@id":"https:\/\/www.gsccanarias.com\/gsc\/#website"},"primaryImageOfPage":{"@id":"https:\/\/www.gsccanarias.com\/gsc\/el-gobierno-de-canarias-declara-la-alerta-por-fenomenos-costeros-en-lanzarote-ante-el-empeoramiento-del-estado-del-mar\/#primaryimage"},"image":{"@id":"https:\/\/www.gsccanarias.com\/gsc\/el-gobierno-de-canarias-declara-la-alerta-por-fenomenos-costeros-en-lanzarote-ante-el-empeoramiento-del-estado-del-mar\/#primaryimage"},"thumbnailUrl":"https:\/\/www.gsccanarias.com\/gsc\/wp-content\/uploads\/2023\/10\/271023-NP-Prealerta-fenomenos-costeros-en-Canarias.jpeg","datePublished":"2024-02-27T16:03:54+00:00","author":{"@id":"https:\/\/www.gsccanarias.com\/gsc\/#\/schema\/person\/5b9901f4eee7cadbed4628c907cce21f"},"breadcrumb":{"@id":"https:\/\/www.gsccanarias.com\/gsc\/el-gobierno-de-canarias-declara-la-alerta-por-fenomenos-costeros-en-lanzarote-ante-el-empeoramiento-del-estado-del-mar\/#breadcrumb"},"inLanguage":"es","potentialAction":[{"@type":"ReadAction","target":["https:\/\/www.gsccanarias.com\/gsc\/el-gobierno-de-canarias-declara-la-alerta-por-fenomenos-costeros-en-lanzarote-ante-el-empeoramiento-del-estado-del-mar\/"]}]},{"@type":"ImageObject","inLanguage":"es","@id":"https:\/\/www.gsccanarias.com\/gsc\/el-gobierno-de-canarias-declara-la-alerta-por-fenomenos-costeros-en-lanzarote-ante-el-empeoramiento-del-estado-del-mar\/#primaryimage","url":"https:\/\/www.gsccanarias.com\/gsc\/wp-content\/uploads\/2023\/10\/271023-NP-Prealerta-fenomenos-costeros-en-Canarias.jpeg","contentUrl":"https:\/\/www.gsccanarias.com\/gsc\/wp-content\/uploads\/2023\/10\/271023-NP-Prealerta-fenomenos-costeros-en-Canarias.jpeg","width":1600,"height":1200},{"@type":"BreadcrumbList","@id":"https:\/\/www.gsccanarias.com\/gsc\/el-gobierno-de-canarias-declara-la-alerta-por-fenomenos-costeros-en-lanzarote-ante-el-empeoramiento-del-estado-del-mar\/#breadcrumb","itemListElement":[{"@type":"ListItem","position":1,"name":"Portada","item":"https:\/\/www.gsccanarias.com\/gsc\/"},{"@type":"ListItem","position":2,"name":"El Gobierno de Canarias declara la alerta por fen\u00f3menos costeros en Lanzarote ante el empeoramiento del estado del mar"}]},{"@type":"WebSite","@id":"https:\/\/www.gsccanarias.com\/gsc\/#website","url":"https:\/\/www.gsccanarias.com\/gsc\/","name":"GSC","description":"Administramos servicios relacionados con la salud, las emergencias, la seguridad y el transporte sanitario","potentialAction":[{"@type":"SearchAction","target":{"@type":"EntryPoint","urlTemplate":"https:\/\/www.gsccanarias.com\/gsc\/?s={search_term_string}"},"query-input":{"@type":"PropertyValueSpecification","valueRequired":true,"valueName":"search_term_string"}}],"inLanguage":"es"},{"@type":"Person","@id":"https:\/\/www.gsccanarias.com\/gsc\/#\/schema\/person\/5b9901f4eee7cadbed4628c907cce21f","name":"Candelaria Ceballos Quintero","image":{"@type":"ImageObject","inLanguage":"es","@id":"https:\/\/secure.gravatar.com\/avatar\/4f9946c8a8e26afcca94f05df1786a5365e8e246fff67757b9108a432cd46e0d?s=96&d=mm&r=g","url":"https:\/\/secure.gravatar.com\/avatar\/4f9946c8a8e26afcca94f05df1786a5365e8e246fff67757b9108a432cd46e0d?s=96&d=mm&r=g","contentUrl":"https:\/\/secure.gravatar.com\/avatar\/4f9946c8a8e26afcca94f05df1786a5365e8e246fff67757b9108a432cd46e0d?s=96&d=mm&r=g","caption":"Candelaria Ceballos Quintero"},"url":"https:\/\/www.gsccanarias.com\/gsc\/author\/candelaria\/"}]}},"publishpress_future_workflow_manual_trigger":{"enabledWorkflows":[]},"_links":{"self":[{"href":"https:\/\/www.gsccanarias.com\/gsc\/wp-json\/wp\/v2\/posts\/14614","targetHints":{"allow":["GET"]}}],"collection":[{"href":"https:\/\/www.gsccanarias.com\/gsc\/wp-json\/wp\/v2\/posts"}],"about":[{"href":"https:\/\/www.gsccanarias.com\/gsc\/wp-json\/wp\/v2\/types\/post"}],"author":[{"embeddable":true,"href":"https:\/\/www.gsccanarias.com\/gsc\/wp-json\/wp\/v2\/users\/5"}],"replies":[{"embeddable":true,"href":"https:\/\/www.gsccanarias.com\/gsc\/wp-json\/wp\/v2\/comments?post=14614"}],"version-history":[{"count":1,"href":"https:\/\/www.gsccanarias.com\/gsc\/wp-json\/wp\/v2\/posts\/14614\/revisions"}],"predecessor-version":[{"id":14615,"href":"https:\/\/www.gsccanarias.com\/gsc\/wp-json\/wp\/v2\/posts\/14614\/revisions\/14615"}],"wp:featuredmedia":[{"embeddable":true,"href":"https:\/\/www.gsccanarias.com\/gsc\/wp-json\/wp\/v2\/media\/13893"}],"wp:attachment":[{"href":"https:\/\/www.gsccanarias.com\/gsc\/wp-json\/wp\/v2\/media?parent=14614"}],"wp:term":[{"taxonomy":"category","embeddable":true,"href":"https:\/\/www.gsccanarias.com\/gsc\/wp-json\/wp\/v2\/categories?post=14614"},{"taxonomy":"post_tag","embeddable":true,"href":"https:\/\/www.gsccanarias.com\/gsc\/wp-json\/wp\/v2\/tags?post=14614"}],"curies":[{"name":"wp","href":"https:\/\/api.w.org\/{rel}","templated":true}]}}