{"id":14455,"date":"2024-01-23T17:07:34","date_gmt":"2024-01-23T17:07:34","guid":{"rendered":"https:\/\/www.gsccanarias.com\/gsc\/?p=14455"},"modified":"2024-01-23T17:07:34","modified_gmt":"2024-01-23T17:07:34","slug":"el-gobierno-de-canarias-recomienda-extremar-las-precauciones-ante-la-prealerta-declarada-por-riesgo-de-incendios-forestales","status":"publish","type":"post","link":"https:\/\/www.gsccanarias.com\/gsc\/el-gobierno-de-canarias-recomienda-extremar-las-precauciones-ante-la-prealerta-declarada-por-riesgo-de-incendios-forestales\/","title":{"rendered":"El Gobierno de Canarias recomienda extremar las precauciones ante la prealerta declarada por riesgo de incendios forestales"},"content":{"rendered":"<blockquote><p>Esta situaci\u00f3n, que no se recuerda que haya sido declarada anteriormente en el mes de enero, afectar\u00e1 a las Islas occidentales y Gran Canaria<\/p>\n<p>Las condiciones de aire seco y c\u00e1lido, la baja humedad relativa y las altas temperaturas, inusuales en esta \u00e9poca del a\u00f1o, unidas a la previsi\u00f3n de viento obliga a poner en pr\u00e1ctica medidas de prevenci\u00f3n para evitar incendios<\/p><\/blockquote>\n<p><strong>El Gobierno de Canarias ha declarado la situaci\u00f3n de prealerta por riesgo de incendios forestales en las islas de El Hierro, La Palma, La Gomera, Tenerife y Gran Canaria a partir de las 09:00 horas de ma\u00f1ana, mi\u00e9rcoles, d\u00eda 24 de enero, en base a la informaci\u00f3n facilitada por la Agencia Estatal de Meteorolog\u00eda y otras fuentes disponibles, y en aplicaci\u00f3n del Plan Especial de Protecci\u00f3n Civil y Atenci\u00f3n de Emergencias por Incendios Forestales de la Comunidad Aut\u00f3noma de Canarias (INFOCA). Se trata de una situaci\u00f3n, que no se recuerda que haya sido declarada anteriormente en el mes de enero.<\/strong><\/p>\n<p>La previsi\u00f3n meteorol\u00f3gica apunta a una entrada de aire seco y c\u00e1lido sahariano con unas temperaturas anormalmente altas para la \u00e9poca del a\u00f1o, humedad relativa inferior al 30% en zona forestal, y viento general del este y sureste moderado con \u00e1reas de fuerte y probables rachas m\u00e1ximas locales de 60 &#8211; 90 km\/h.<\/p>\n<p>En este sentido, existe un riesgo moderado de gran incendio forestal seg\u00fan \u00edndice GIF del Gobierno de Canarias y riesgo de incendio forestal variable entre moderado y extremo de la Agencia Estatal de Meteorolog\u00eda (AEMET).<\/p>\n<p>Atendiendo a esta informaci\u00f3n, el Gobierno de Canarias recomienda a la poblaci\u00f3n que tome todas las precauciones posibles para evitar la declaraci\u00f3n de un incendio forestal, entre las que se encuentran por ejemplo, no tirar nunca colillas encendidas ni cerillas y evitar dejar desperdicios en el monte.<\/p>\n<p>Adem\u00e1s, nunca se debe acampar fuera de las zonas habilitadas para tal fin, especialmente en \u00e1reas apartadas de las v\u00edas de acceso y en el caso de ver humo en zona de monte, es necesario llamar inmediatamente al 1-1-2 para alertar de lo que ocurre y dar una ubicaci\u00f3n lo m\u00e1s exacta posible de d\u00f3nde lo est\u00e1 viendo.<\/p>\n<p>Asimismo, para evitar incendios es imprescindible seguir las limitaciones que establezcan los diferentes cabildos y ayuntamientos, tanto en lo referido al acceso a la zona forestal como a los trabajos que se deben evitar realizar en estas zonas hasta que finalice esta situaci\u00f3n de riesgo.<\/p>\n<div class=\"pvc_clear\"><\/div>\n<p id=\"pvc_stats_14455\" class=\"pvc_stats all  \" data-element-id=\"14455\" style=\"\"><i class=\"pvc-stats-icon medium\" aria-hidden=\"true\"><svg aria-hidden=\"true\" focusable=\"false\" data-prefix=\"far\" data-icon=\"chart-bar\" role=\"img\" xmlns=\"http:\/\/www.w3.org\/2000\/svg\" viewBox=\"0 0 512 512\" class=\"svg-inline--fa fa-chart-bar fa-w-16 fa-2x\"><path fill=\"currentColor\" d=\"M396.8 352h22.4c6.4 0 12.8-6.4 12.8-12.8V108.8c0-6.4-6.4-12.8-12.8-12.8h-22.4c-6.4 0-12.8 6.4-12.8 12.8v230.4c0 6.4 6.4 12.8 12.8 12.8zm-192 0h22.4c6.4 0 12.8-6.4 12.8-12.8V140.8c0-6.4-6.4-12.8-12.8-12.8h-22.4c-6.4 0-12.8 6.4-12.8 12.8v198.4c0 6.4 6.4 12.8 12.8 12.8zm96 0h22.4c6.4 0 12.8-6.4 12.8-12.8V204.8c0-6.4-6.4-12.8-12.8-12.8h-22.4c-6.4 0-12.8 6.4-12.8 12.8v134.4c0 6.4 6.4 12.8 12.8 12.8zM496 400H48V80c0-8.84-7.16-16-16-16H16C7.16 64 0 71.16 0 80v336c0 17.67 14.33 32 32 32h464c8.84 0 16-7.16 16-16v-16c0-8.84-7.16-16-16-16zm-387.2-48h22.4c6.4 0 12.8-6.4 12.8-12.8v-70.4c0-6.4-6.4-12.8-12.8-12.8h-22.4c-6.4 0-12.8 6.4-12.8 12.8v70.4c0 6.4 6.4 12.8 12.8 12.8z\" class=\"\"><\/path><\/svg><\/i> <\/p>\n<div class=\"pvc_clear\"><\/div>\n<div class=\"print\"><span class=\"page_title\">P\u00e1gina: <span>El Gobierno de Canarias recomienda extremar las precauciones ante la prealerta declarada por riesgo de incendios forestales<\/span><\/span>\n\t\t\t\t\t\t\t\t\t\t\t<span class=\"page_title\">Fecha de impresi\u00f3n: <span>28\/04\/2026 - 08:30:29 UTC<\/span><\/span>\n\t\t\t\t\t\t\t\t\t\t\t<span class=\"stmp_trans_date\">\u00daltima actualizaci\u00f3n: <span>23\/01\/2024 - 17:07:34<\/span><\/span>\n\t\t\t\t\t\t\t\t\t\t\t<span class=\"stmp_trans_date\">Fecha publicaci\u00f3n: <span>23\/01\/2024 - 17:07:34<\/span><\/span>\n\t\t\t\t\t\t\t\t\t\t\t<span class=\"stmp_trans_date\">Fecha creaci\u00f3n: <span>23\/01\/2024 - 17:07:34<\/span><\/span><\/div>\n\t","protected":false},"excerpt":{"rendered":"<p>Esta situaci\u00f3n, que no se recuerda que haya sido declarada anteriormente en el mes de enero, afectar\u00e1 a las Islas occidentales y Gran Canaria Las condiciones de aire seco y c\u00e1lido, la baja humedad relativa y las altas temperaturas, inusuales en esta \u00e9poca del a\u00f1o,&#8230;<\/p>\n<div class=\"pvc_clear\"><\/div>\n<p id=\"pvc_stats_14455\" class=\"pvc_stats all  \" data-element-id=\"14455\" style=\"\"><i class=\"pvc-stats-icon medium\" aria-hidden=\"true\"><svg aria-hidden=\"true\" focusable=\"false\" data-prefix=\"far\" data-icon=\"chart-bar\" role=\"img\" xmlns=\"http:\/\/www.w3.org\/2000\/svg\" viewBox=\"0 0 512 512\" class=\"svg-inline--fa fa-chart-bar fa-w-16 fa-2x\"><path fill=\"currentColor\" d=\"M396.8 352h22.4c6.4 0 12.8-6.4 12.8-12.8V108.8c0-6.4-6.4-12.8-12.8-12.8h-22.4c-6.4 0-12.8 6.4-12.8 12.8v230.4c0 6.4 6.4 12.8 12.8 12.8zm-192 0h22.4c6.4 0 12.8-6.4 12.8-12.8V140.8c0-6.4-6.4-12.8-12.8-12.8h-22.4c-6.4 0-12.8 6.4-12.8 12.8v198.4c0 6.4 6.4 12.8 12.8 12.8zm96 0h22.4c6.4 0 12.8-6.4 12.8-12.8V204.8c0-6.4-6.4-12.8-12.8-12.8h-22.4c-6.4 0-12.8 6.4-12.8 12.8v134.4c0 6.4 6.4 12.8 12.8 12.8zM496 400H48V80c0-8.84-7.16-16-16-16H16C7.16 64 0 71.16 0 80v336c0 17.67 14.33 32 32 32h464c8.84 0 16-7.16 16-16v-16c0-8.84-7.16-16-16-16zm-387.2-48h22.4c6.4 0 12.8-6.4 12.8-12.8v-70.4c0-6.4-6.4-12.8-12.8-12.8h-22.4c-6.4 0-12.8 6.4-12.8 12.8v70.4c0 6.4 6.4 12.8 12.8 12.8z\" class=\"\"><\/path><\/svg><\/i> <img loading=\"lazy\" decoding=\"async\" width=\"16\" height=\"16\" alt=\"Loading\" src=\"https:\/\/www.gsccanarias.com\/gsc\/wp-content\/plugins\/page-views-count\/ajax-loader-2x.gif\" border=0 \/><\/p>\n<div class=\"pvc_clear\"><\/div>\n","protected":false},"author":5,"featured_media":14456,"comment_status":"open","ping_status":"open","sticky":false,"template":"","format":"standard","meta":{"footnotes":""},"categories":[35],"tags":[],"class_list":["post-14455","post","type-post","status-publish","format-standard","has-post-thumbnail","hentry","category-noticias"],"a3_pvc":{"activated":true,"total_views":73,"today_views":0},"publishpress_future_workflow_manual_trigger":{"enabledWorkflows":[]},"_links":{"self":[{"href":"https:\/\/www.gsccanarias.com\/gsc\/wp-json\/wp\/v2\/posts\/14455","targetHints":{"allow":["GET"]}}],"collection":[{"href":"https:\/\/www.gsccanarias.com\/gsc\/wp-json\/wp\/v2\/posts"}],"about":[{"href":"https:\/\/www.gsccanarias.com\/gsc\/wp-json\/wp\/v2\/types\/post"}],"author":[{"embeddable":true,"href":"https:\/\/www.gsccanarias.com\/gsc\/wp-json\/wp\/v2\/users\/5"}],"replies":[{"embeddable":true,"href":"https:\/\/www.gsccanarias.com\/gsc\/wp-json\/wp\/v2\/comments?post=14455"}],"version-history":[{"count":1,"href":"https:\/\/www.gsccanarias.com\/gsc\/wp-json\/wp\/v2\/posts\/14455\/revisions"}],"predecessor-version":[{"id":14457,"href":"https:\/\/www.gsccanarias.com\/gsc\/wp-json\/wp\/v2\/posts\/14455\/revisions\/14457"}],"wp:featuredmedia":[{"embeddable":true,"href":"https:\/\/www.gsccanarias.com\/gsc\/wp-json\/wp\/v2\/media\/14456"}],"wp:attachment":[{"href":"https:\/\/www.gsccanarias.com\/gsc\/wp-json\/wp\/v2\/media?parent=14455"}],"wp:term":[{"taxonomy":"category","embeddable":true,"href":"https:\/\/www.gsccanarias.com\/gsc\/wp-json\/wp\/v2\/categories?post=14455"},{"taxonomy":"post_tag","embeddable":true,"href":"https:\/\/www.gsccanarias.com\/gsc\/wp-json\/wp\/v2\/tags?post=14455"}],"curies":[{"name":"wp","href":"https:\/\/api.w.org\/{rel}","templated":true}]}}