{"id":14395,"date":"2024-01-10T20:27:11","date_gmt":"2024-01-10T20:27:11","guid":{"rendered":"https:\/\/www.gsccanarias.com\/gsc\/?p=14395"},"modified":"2024-01-10T20:27:11","modified_gmt":"2024-01-10T20:27:11","slug":"se-descarta-que-los-pellets-localizados-en-la-costa-de-tenerife-procedan-del-buque-toconao","status":"publish","type":"post","link":"https:\/\/www.gsccanarias.com\/gsc\/se-descarta-que-los-pellets-localizados-en-la-costa-de-tenerife-procedan-del-buque-toconao\/","title":{"rendered":"Se descarta que los pellets localizados en la costa de Tenerife procedan del buque Toconao"},"content":{"rendered":"<blockquote><p><strong>El PLATECA continuar\u00e1 activado en fase de prealerta en Canarias ante la anormal concentraci\u00f3n y localizaci\u00f3n del vertido detectado en Bajamar<\/strong><\/p><\/blockquote>\n<p><strong>Los expertos de La Universidad de La Laguna y del Instituto Espa\u00f1ol de Oceanograf\u00eda consultados por el Gobierno de Canarias han descartado la posibilidad de que los gr\u00e1nulos de pl\u00e1sticos (pellets) localizados en la costa norte de Tenerife procedan del vertido del buque Toconao, seg\u00fan inform\u00f3 en rueda de prensa Marcos Lorenzo, viceconsejero de Cohesi\u00f3n Territorial y Aguas.<\/strong><\/p>\n<p>En este sentido, se\u00f1al\u00f3 que para mantener la vigilancia en las costas del Archipi\u00e9lago, el Gobierno de Canarias mantendr\u00e1 activo el Plan Territorial de Emergencias de Protecci\u00f3n Civil de la Comunidad Aut\u00f3noma de Canarias (PLATECA) en situaci\u00f3n de prealerta, con el objetivo de intentar localizar el origen de este vertido, anormal por su concentraci\u00f3n y localizaci\u00f3n, y valorar la dimensi\u00f3n del mismo.<\/p>\n<p>La composici\u00f3n de estos pellets recogidos en la playa de Bajamar coincide con la del mercante de bandera liberiana que perdi\u00f3 su carga el pasado 8 de diciembre frente a las costas de Portugal. A pesar de ello, el estado de conservaci\u00f3n de las mimas y el estudio de las corrientes marinas descartan que procedan del mismo vertido.<\/p>\n<p>En este sentido, el catedr\u00e1tico de Qu\u00edmica Anal\u00edtica de la Universidad de La Laguna, Javier Hern\u00e1ndez Borges, explic\u00f3 que se trata de restos degradados que no corresponden a un vertido tan reciente. Hern\u00e1ndez forma parte de un equipo de investigaci\u00f3n que realiza un estudio en 46 playas de la Macaronesia sobre la llegada de micropl\u00e1sticos a las costas.<\/p>\n<p>El Gobierno de Canarias recurri\u00f3 al asesoramiento de este cient\u00edfico y del investigador del Instituto Espa\u00f1ol Oceanogr\u00e1fico Eugenio Fraile Nuez, con los que se analiz\u00f3 el hallazgo y con los que se seguir\u00e1 trabajando en los pr\u00f3ximos d\u00edas para intentar establecer las posibles trayectorias de los restos localizados en Canarias.<\/p>\n<p>Por su parte, el viceconsejero de Pol\u00edtica Territorial, Marcos Lorenzo, explic\u00f3 que no es situaci\u00f3n nueva y envi\u00f3 un mensaje tranquilizador a la poblaci\u00f3n: \u201cSe trata de un importante problema medioambiental, al que se le que seguir\u00e1 haciendo un seguimiento y para el que debemos buscar soluciones entre las diferentes administraciones, tanto locales, como regionales y estatales\u201d.<\/p>\n<p>En la comparecencia ante los medios de comunicaci\u00f3n, el viceconsejero estuvo acompa\u00f1ado por la consejera insular de Emergencias del Cabildo de Tenerife, Blanca P\u00e9rez, la jefa del Servicio de Protecci\u00f3n Civil y Atenci\u00f3n de Emergencias, Montserrat Rom\u00e1n, y el catedr\u00e1tico de Qu\u00edmica Anal\u00edtica de la ULL, Javier Hern\u00e1ndez Borges.<\/p>\n<div class=\"pvc_clear\"><\/div>\n<p id=\"pvc_stats_14395\" class=\"pvc_stats all  \" data-element-id=\"14395\" style=\"\"><i class=\"pvc-stats-icon medium\" aria-hidden=\"true\"><svg aria-hidden=\"true\" focusable=\"false\" data-prefix=\"far\" data-icon=\"chart-bar\" role=\"img\" xmlns=\"http:\/\/www.w3.org\/2000\/svg\" viewBox=\"0 0 512 512\" class=\"svg-inline--fa fa-chart-bar fa-w-16 fa-2x\"><path fill=\"currentColor\" d=\"M396.8 352h22.4c6.4 0 12.8-6.4 12.8-12.8V108.8c0-6.4-6.4-12.8-12.8-12.8h-22.4c-6.4 0-12.8 6.4-12.8 12.8v230.4c0 6.4 6.4 12.8 12.8 12.8zm-192 0h22.4c6.4 0 12.8-6.4 12.8-12.8V140.8c0-6.4-6.4-12.8-12.8-12.8h-22.4c-6.4 0-12.8 6.4-12.8 12.8v198.4c0 6.4 6.4 12.8 12.8 12.8zm96 0h22.4c6.4 0 12.8-6.4 12.8-12.8V204.8c0-6.4-6.4-12.8-12.8-12.8h-22.4c-6.4 0-12.8 6.4-12.8 12.8v134.4c0 6.4 6.4 12.8 12.8 12.8zM496 400H48V80c0-8.84-7.16-16-16-16H16C7.16 64 0 71.16 0 80v336c0 17.67 14.33 32 32 32h464c8.84 0 16-7.16 16-16v-16c0-8.84-7.16-16-16-16zm-387.2-48h22.4c6.4 0 12.8-6.4 12.8-12.8v-70.4c0-6.4-6.4-12.8-12.8-12.8h-22.4c-6.4 0-12.8 6.4-12.8 12.8v70.4c0 6.4 6.4 12.8 12.8 12.8z\" class=\"\"><\/path><\/svg><\/i> <\/p>\n<div class=\"pvc_clear\"><\/div>\n<div class=\"print\"><span class=\"page_title\">P\u00e1gina: <span>Se descarta que los pellets localizados en la costa de Tenerife procedan del buque Toconao<\/span><\/span>\n\t\t\t\t\t\t\t\t\t\t\t<span class=\"page_title\">Fecha de impresi\u00f3n: <span>01\/05\/2026 - 05:18:30 UTC<\/span><\/span>\n\t\t\t\t\t\t\t\t\t\t\t<span class=\"stmp_trans_date\">\u00daltima actualizaci\u00f3n: <span>10\/01\/2024 - 20:27:11<\/span><\/span>\n\t\t\t\t\t\t\t\t\t\t\t<span class=\"stmp_trans_date\">Fecha publicaci\u00f3n: <span>10\/01\/2024 - 20:27:11<\/span><\/span>\n\t\t\t\t\t\t\t\t\t\t\t<span class=\"stmp_trans_date\">Fecha creaci\u00f3n: <span>10\/01\/2024 - 20:27:11<\/span><\/span><\/div>\n\t","protected":false},"excerpt":{"rendered":"<p>El PLATECA continuar\u00e1 activado en fase de prealerta en Canarias ante la anormal concentraci\u00f3n y localizaci\u00f3n del vertido detectado en Bajamar Los expertos de La Universidad de La Laguna y del Instituto Espa\u00f1ol de Oceanograf\u00eda consultados por el Gobierno de Canarias han descartado la posibilidad&#8230;<\/p>\n<div class=\"pvc_clear\"><\/div>\n<p id=\"pvc_stats_14395\" class=\"pvc_stats all  \" data-element-id=\"14395\" style=\"\"><i class=\"pvc-stats-icon medium\" aria-hidden=\"true\"><svg aria-hidden=\"true\" focusable=\"false\" data-prefix=\"far\" data-icon=\"chart-bar\" role=\"img\" xmlns=\"http:\/\/www.w3.org\/2000\/svg\" viewBox=\"0 0 512 512\" class=\"svg-inline--fa fa-chart-bar fa-w-16 fa-2x\"><path fill=\"currentColor\" d=\"M396.8 352h22.4c6.4 0 12.8-6.4 12.8-12.8V108.8c0-6.4-6.4-12.8-12.8-12.8h-22.4c-6.4 0-12.8 6.4-12.8 12.8v230.4c0 6.4 6.4 12.8 12.8 12.8zm-192 0h22.4c6.4 0 12.8-6.4 12.8-12.8V140.8c0-6.4-6.4-12.8-12.8-12.8h-22.4c-6.4 0-12.8 6.4-12.8 12.8v198.4c0 6.4 6.4 12.8 12.8 12.8zm96 0h22.4c6.4 0 12.8-6.4 12.8-12.8V204.8c0-6.4-6.4-12.8-12.8-12.8h-22.4c-6.4 0-12.8 6.4-12.8 12.8v134.4c0 6.4 6.4 12.8 12.8 12.8zM496 400H48V80c0-8.84-7.16-16-16-16H16C7.16 64 0 71.16 0 80v336c0 17.67 14.33 32 32 32h464c8.84 0 16-7.16 16-16v-16c0-8.84-7.16-16-16-16zm-387.2-48h22.4c6.4 0 12.8-6.4 12.8-12.8v-70.4c0-6.4-6.4-12.8-12.8-12.8h-22.4c-6.4 0-12.8 6.4-12.8 12.8v70.4c0 6.4 6.4 12.8 12.8 12.8z\" class=\"\"><\/path><\/svg><\/i> <img loading=\"lazy\" decoding=\"async\" width=\"16\" height=\"16\" alt=\"Loading\" src=\"https:\/\/www.gsccanarias.com\/gsc\/wp-content\/plugins\/page-views-count\/ajax-loader-2x.gif\" border=0 \/><\/p>\n<div class=\"pvc_clear\"><\/div>\n","protected":false},"author":5,"featured_media":14396,"comment_status":"open","ping_status":"open","sticky":false,"template":"","format":"standard","meta":{"footnotes":""},"categories":[35],"tags":[],"class_list":["post-14395","post","type-post","status-publish","format-standard","has-post-thumbnail","hentry","category-noticias"],"a3_pvc":{"activated":true,"total_views":46,"today_views":0},"yoast_head":"<!-- This site is optimized with the Yoast SEO plugin v27.5 - https:\/\/yoast.com\/product\/yoast-seo-wordpress\/ -->\n<title>Se descarta que los pellets localizados en la costa de Tenerife procedan del buque Toconao - GSC<\/title>\n<meta name=\"robots\" content=\"index, follow, max-snippet:-1, max-image-preview:large, max-video-preview:-1\" \/>\n<link rel=\"canonical\" href=\"https:\/\/www.gsccanarias.com\/gsc\/se-descarta-que-los-pellets-localizados-en-la-costa-de-tenerife-procedan-del-buque-toconao\/\" \/>\n<meta property=\"og:locale\" content=\"es_ES\" \/>\n<meta property=\"og:type\" content=\"article\" \/>\n<meta property=\"og:title\" content=\"Se descarta que los pellets localizados en la costa de Tenerife procedan del buque Toconao - GSC\" \/>\n<meta property=\"og:description\" content=\"El PLATECA continuar\u00e1 activado en fase de prealerta en Canarias ante la anormal concentraci\u00f3n y localizaci\u00f3n del vertido detectado en Bajamar Los expertos de La Universidad de La Laguna y del Instituto Espa\u00f1ol de Oceanograf\u00eda consultados por el Gobierno de Canarias han descartado la posibilidad...\" \/>\n<meta property=\"og:url\" content=\"https:\/\/www.gsccanarias.com\/gsc\/se-descarta-que-los-pellets-localizados-en-la-costa-de-tenerife-procedan-del-buque-toconao\/\" \/>\n<meta property=\"og:site_name\" content=\"GSC\" \/>\n<meta property=\"article:published_time\" content=\"2024-01-10T20:27:11+00:00\" \/>\n<meta property=\"og:image\" content=\"https:\/\/www.gsccanarias.com\/gsc\/wp-content\/uploads\/2024\/01\/Rueda-de-prensa-Localizacion-de-pallets-en-la-costa-norte-de-Tenerife.jpg\" \/>\n\t<meta property=\"og:image:width\" content=\"2048\" \/>\n\t<meta property=\"og:image:height\" content=\"1153\" \/>\n\t<meta property=\"og:image:type\" content=\"image\/jpeg\" \/>\n<meta name=\"author\" content=\"Candelaria Ceballos Quintero\" \/>\n<meta name=\"twitter:card\" content=\"summary_large_image\" \/>\n<meta name=\"twitter:label1\" content=\"Escrito por\" \/>\n\t<meta name=\"twitter:data1\" content=\"Candelaria Ceballos Quintero\" \/>\n\t<meta name=\"twitter:label2\" content=\"Tiempo de lectura\" \/>\n\t<meta name=\"twitter:data2\" content=\"2 minutos\" \/>\n<script type=\"application\/ld+json\" class=\"yoast-schema-graph\">{\"@context\":\"https:\\\/\\\/schema.org\",\"@graph\":[{\"@type\":\"Article\",\"@id\":\"https:\\\/\\\/www.gsccanarias.com\\\/gsc\\\/se-descarta-que-los-pellets-localizados-en-la-costa-de-tenerife-procedan-del-buque-toconao\\\/#article\",\"isPartOf\":{\"@id\":\"https:\\\/\\\/www.gsccanarias.com\\\/gsc\\\/se-descarta-que-los-pellets-localizados-en-la-costa-de-tenerife-procedan-del-buque-toconao\\\/\"},\"author\":{\"name\":\"Candelaria Ceballos Quintero\",\"@id\":\"https:\\\/\\\/www.gsccanarias.com\\\/gsc\\\/#\\\/schema\\\/person\\\/5b9901f4eee7cadbed4628c907cce21f\"},\"headline\":\"Se descarta que los pellets localizados en la costa de Tenerife procedan del buque Toconao\",\"datePublished\":\"2024-01-10T20:27:11+00:00\",\"mainEntityOfPage\":{\"@id\":\"https:\\\/\\\/www.gsccanarias.com\\\/gsc\\\/se-descarta-que-los-pellets-localizados-en-la-costa-de-tenerife-procedan-del-buque-toconao\\\/\"},\"wordCount\":469,\"commentCount\":0,\"image\":{\"@id\":\"https:\\\/\\\/www.gsccanarias.com\\\/gsc\\\/se-descarta-que-los-pellets-localizados-en-la-costa-de-tenerife-procedan-del-buque-toconao\\\/#primaryimage\"},\"thumbnailUrl\":\"https:\\\/\\\/www.gsccanarias.com\\\/gsc\\\/wp-content\\\/uploads\\\/2024\\\/01\\\/Rueda-de-prensa-Localizacion-de-pallets-en-la-costa-norte-de-Tenerife.jpg\",\"articleSection\":[\"Noticias\"],\"inLanguage\":\"es\",\"potentialAction\":[{\"@type\":\"CommentAction\",\"name\":\"Comment\",\"target\":[\"https:\\\/\\\/www.gsccanarias.com\\\/gsc\\\/se-descarta-que-los-pellets-localizados-en-la-costa-de-tenerife-procedan-del-buque-toconao\\\/#respond\"]}]},{\"@type\":\"WebPage\",\"@id\":\"https:\\\/\\\/www.gsccanarias.com\\\/gsc\\\/se-descarta-que-los-pellets-localizados-en-la-costa-de-tenerife-procedan-del-buque-toconao\\\/\",\"url\":\"https:\\\/\\\/www.gsccanarias.com\\\/gsc\\\/se-descarta-que-los-pellets-localizados-en-la-costa-de-tenerife-procedan-del-buque-toconao\\\/\",\"name\":\"Se descarta que los pellets localizados en la costa de Tenerife procedan del buque Toconao - GSC\",\"isPartOf\":{\"@id\":\"https:\\\/\\\/www.gsccanarias.com\\\/gsc\\\/#website\"},\"primaryImageOfPage\":{\"@id\":\"https:\\\/\\\/www.gsccanarias.com\\\/gsc\\\/se-descarta-que-los-pellets-localizados-en-la-costa-de-tenerife-procedan-del-buque-toconao\\\/#primaryimage\"},\"image\":{\"@id\":\"https:\\\/\\\/www.gsccanarias.com\\\/gsc\\\/se-descarta-que-los-pellets-localizados-en-la-costa-de-tenerife-procedan-del-buque-toconao\\\/#primaryimage\"},\"thumbnailUrl\":\"https:\\\/\\\/www.gsccanarias.com\\\/gsc\\\/wp-content\\\/uploads\\\/2024\\\/01\\\/Rueda-de-prensa-Localizacion-de-pallets-en-la-costa-norte-de-Tenerife.jpg\",\"datePublished\":\"2024-01-10T20:27:11+00:00\",\"author\":{\"@id\":\"https:\\\/\\\/www.gsccanarias.com\\\/gsc\\\/#\\\/schema\\\/person\\\/5b9901f4eee7cadbed4628c907cce21f\"},\"breadcrumb\":{\"@id\":\"https:\\\/\\\/www.gsccanarias.com\\\/gsc\\\/se-descarta-que-los-pellets-localizados-en-la-costa-de-tenerife-procedan-del-buque-toconao\\\/#breadcrumb\"},\"inLanguage\":\"es\",\"potentialAction\":[{\"@type\":\"ReadAction\",\"target\":[\"https:\\\/\\\/www.gsccanarias.com\\\/gsc\\\/se-descarta-que-los-pellets-localizados-en-la-costa-de-tenerife-procedan-del-buque-toconao\\\/\"]}]},{\"@type\":\"ImageObject\",\"inLanguage\":\"es\",\"@id\":\"https:\\\/\\\/www.gsccanarias.com\\\/gsc\\\/se-descarta-que-los-pellets-localizados-en-la-costa-de-tenerife-procedan-del-buque-toconao\\\/#primaryimage\",\"url\":\"https:\\\/\\\/www.gsccanarias.com\\\/gsc\\\/wp-content\\\/uploads\\\/2024\\\/01\\\/Rueda-de-prensa-Localizacion-de-pallets-en-la-costa-norte-de-Tenerife.jpg\",\"contentUrl\":\"https:\\\/\\\/www.gsccanarias.com\\\/gsc\\\/wp-content\\\/uploads\\\/2024\\\/01\\\/Rueda-de-prensa-Localizacion-de-pallets-en-la-costa-norte-de-Tenerife.jpg\",\"width\":2048,\"height\":1153},{\"@type\":\"BreadcrumbList\",\"@id\":\"https:\\\/\\\/www.gsccanarias.com\\\/gsc\\\/se-descarta-que-los-pellets-localizados-en-la-costa-de-tenerife-procedan-del-buque-toconao\\\/#breadcrumb\",\"itemListElement\":[{\"@type\":\"ListItem\",\"position\":1,\"name\":\"Portada\",\"item\":\"https:\\\/\\\/www.gsccanarias.com\\\/gsc\\\/\"},{\"@type\":\"ListItem\",\"position\":2,\"name\":\"Se descarta que los pellets localizados en la costa de Tenerife procedan del buque Toconao\"}]},{\"@type\":\"WebSite\",\"@id\":\"https:\\\/\\\/www.gsccanarias.com\\\/gsc\\\/#website\",\"url\":\"https:\\\/\\\/www.gsccanarias.com\\\/gsc\\\/\",\"name\":\"GSC\",\"description\":\"Administramos servicios relacionados con la salud, las emergencias, la seguridad y el transporte sanitario\",\"potentialAction\":[{\"@type\":\"SearchAction\",\"target\":{\"@type\":\"EntryPoint\",\"urlTemplate\":\"https:\\\/\\\/www.gsccanarias.com\\\/gsc\\\/?s={search_term_string}\"},\"query-input\":{\"@type\":\"PropertyValueSpecification\",\"valueRequired\":true,\"valueName\":\"search_term_string\"}}],\"inLanguage\":\"es\"},{\"@type\":\"Person\",\"@id\":\"https:\\\/\\\/www.gsccanarias.com\\\/gsc\\\/#\\\/schema\\\/person\\\/5b9901f4eee7cadbed4628c907cce21f\",\"name\":\"Candelaria Ceballos Quintero\",\"image\":{\"@type\":\"ImageObject\",\"inLanguage\":\"es\",\"@id\":\"https:\\\/\\\/secure.gravatar.com\\\/avatar\\\/4f9946c8a8e26afcca94f05df1786a5365e8e246fff67757b9108a432cd46e0d?s=96&d=mm&r=g\",\"url\":\"https:\\\/\\\/secure.gravatar.com\\\/avatar\\\/4f9946c8a8e26afcca94f05df1786a5365e8e246fff67757b9108a432cd46e0d?s=96&d=mm&r=g\",\"contentUrl\":\"https:\\\/\\\/secure.gravatar.com\\\/avatar\\\/4f9946c8a8e26afcca94f05df1786a5365e8e246fff67757b9108a432cd46e0d?s=96&d=mm&r=g\",\"caption\":\"Candelaria Ceballos Quintero\"},\"url\":\"https:\\\/\\\/www.gsccanarias.com\\\/gsc\\\/author\\\/candelaria\\\/\"}]}<\/script>\n<!-- \/ Yoast SEO plugin. -->","yoast_head_json":{"title":"Se descarta que los pellets localizados en la costa de Tenerife procedan del buque Toconao - GSC","robots":{"index":"index","follow":"follow","max-snippet":"max-snippet:-1","max-image-preview":"max-image-preview:large","max-video-preview":"max-video-preview:-1"},"canonical":"https:\/\/www.gsccanarias.com\/gsc\/se-descarta-que-los-pellets-localizados-en-la-costa-de-tenerife-procedan-del-buque-toconao\/","og_locale":"es_ES","og_type":"article","og_title":"Se descarta que los pellets localizados en la costa de Tenerife procedan del buque Toconao - GSC","og_description":"El PLATECA continuar\u00e1 activado en fase de prealerta en Canarias ante la anormal concentraci\u00f3n y localizaci\u00f3n del vertido detectado en Bajamar Los expertos de La Universidad de La Laguna y del Instituto Espa\u00f1ol de Oceanograf\u00eda consultados por el Gobierno de Canarias han descartado la posibilidad...","og_url":"https:\/\/www.gsccanarias.com\/gsc\/se-descarta-que-los-pellets-localizados-en-la-costa-de-tenerife-procedan-del-buque-toconao\/","og_site_name":"GSC","article_published_time":"2024-01-10T20:27:11+00:00","og_image":[{"width":2048,"height":1153,"url":"https:\/\/www.gsccanarias.com\/gsc\/wp-content\/uploads\/2024\/01\/Rueda-de-prensa-Localizacion-de-pallets-en-la-costa-norte-de-Tenerife.jpg","type":"image\/jpeg"}],"author":"Candelaria Ceballos Quintero","twitter_card":"summary_large_image","twitter_misc":{"Escrito por":"Candelaria Ceballos Quintero","Tiempo de lectura":"2 minutos"},"schema":{"@context":"https:\/\/schema.org","@graph":[{"@type":"Article","@id":"https:\/\/www.gsccanarias.com\/gsc\/se-descarta-que-los-pellets-localizados-en-la-costa-de-tenerife-procedan-del-buque-toconao\/#article","isPartOf":{"@id":"https:\/\/www.gsccanarias.com\/gsc\/se-descarta-que-los-pellets-localizados-en-la-costa-de-tenerife-procedan-del-buque-toconao\/"},"author":{"name":"Candelaria Ceballos Quintero","@id":"https:\/\/www.gsccanarias.com\/gsc\/#\/schema\/person\/5b9901f4eee7cadbed4628c907cce21f"},"headline":"Se descarta que los pellets localizados en la costa de Tenerife procedan del buque Toconao","datePublished":"2024-01-10T20:27:11+00:00","mainEntityOfPage":{"@id":"https:\/\/www.gsccanarias.com\/gsc\/se-descarta-que-los-pellets-localizados-en-la-costa-de-tenerife-procedan-del-buque-toconao\/"},"wordCount":469,"commentCount":0,"image":{"@id":"https:\/\/www.gsccanarias.com\/gsc\/se-descarta-que-los-pellets-localizados-en-la-costa-de-tenerife-procedan-del-buque-toconao\/#primaryimage"},"thumbnailUrl":"https:\/\/www.gsccanarias.com\/gsc\/wp-content\/uploads\/2024\/01\/Rueda-de-prensa-Localizacion-de-pallets-en-la-costa-norte-de-Tenerife.jpg","articleSection":["Noticias"],"inLanguage":"es","potentialAction":[{"@type":"CommentAction","name":"Comment","target":["https:\/\/www.gsccanarias.com\/gsc\/se-descarta-que-los-pellets-localizados-en-la-costa-de-tenerife-procedan-del-buque-toconao\/#respond"]}]},{"@type":"WebPage","@id":"https:\/\/www.gsccanarias.com\/gsc\/se-descarta-que-los-pellets-localizados-en-la-costa-de-tenerife-procedan-del-buque-toconao\/","url":"https:\/\/www.gsccanarias.com\/gsc\/se-descarta-que-los-pellets-localizados-en-la-costa-de-tenerife-procedan-del-buque-toconao\/","name":"Se descarta que los pellets localizados en la costa de Tenerife procedan del buque Toconao - GSC","isPartOf":{"@id":"https:\/\/www.gsccanarias.com\/gsc\/#website"},"primaryImageOfPage":{"@id":"https:\/\/www.gsccanarias.com\/gsc\/se-descarta-que-los-pellets-localizados-en-la-costa-de-tenerife-procedan-del-buque-toconao\/#primaryimage"},"image":{"@id":"https:\/\/www.gsccanarias.com\/gsc\/se-descarta-que-los-pellets-localizados-en-la-costa-de-tenerife-procedan-del-buque-toconao\/#primaryimage"},"thumbnailUrl":"https:\/\/www.gsccanarias.com\/gsc\/wp-content\/uploads\/2024\/01\/Rueda-de-prensa-Localizacion-de-pallets-en-la-costa-norte-de-Tenerife.jpg","datePublished":"2024-01-10T20:27:11+00:00","author":{"@id":"https:\/\/www.gsccanarias.com\/gsc\/#\/schema\/person\/5b9901f4eee7cadbed4628c907cce21f"},"breadcrumb":{"@id":"https:\/\/www.gsccanarias.com\/gsc\/se-descarta-que-los-pellets-localizados-en-la-costa-de-tenerife-procedan-del-buque-toconao\/#breadcrumb"},"inLanguage":"es","potentialAction":[{"@type":"ReadAction","target":["https:\/\/www.gsccanarias.com\/gsc\/se-descarta-que-los-pellets-localizados-en-la-costa-de-tenerife-procedan-del-buque-toconao\/"]}]},{"@type":"ImageObject","inLanguage":"es","@id":"https:\/\/www.gsccanarias.com\/gsc\/se-descarta-que-los-pellets-localizados-en-la-costa-de-tenerife-procedan-del-buque-toconao\/#primaryimage","url":"https:\/\/www.gsccanarias.com\/gsc\/wp-content\/uploads\/2024\/01\/Rueda-de-prensa-Localizacion-de-pallets-en-la-costa-norte-de-Tenerife.jpg","contentUrl":"https:\/\/www.gsccanarias.com\/gsc\/wp-content\/uploads\/2024\/01\/Rueda-de-prensa-Localizacion-de-pallets-en-la-costa-norte-de-Tenerife.jpg","width":2048,"height":1153},{"@type":"BreadcrumbList","@id":"https:\/\/www.gsccanarias.com\/gsc\/se-descarta-que-los-pellets-localizados-en-la-costa-de-tenerife-procedan-del-buque-toconao\/#breadcrumb","itemListElement":[{"@type":"ListItem","position":1,"name":"Portada","item":"https:\/\/www.gsccanarias.com\/gsc\/"},{"@type":"ListItem","position":2,"name":"Se descarta que los pellets localizados en la costa de Tenerife procedan del buque Toconao"}]},{"@type":"WebSite","@id":"https:\/\/www.gsccanarias.com\/gsc\/#website","url":"https:\/\/www.gsccanarias.com\/gsc\/","name":"GSC","description":"Administramos servicios relacionados con la salud, las emergencias, la seguridad y el transporte sanitario","potentialAction":[{"@type":"SearchAction","target":{"@type":"EntryPoint","urlTemplate":"https:\/\/www.gsccanarias.com\/gsc\/?s={search_term_string}"},"query-input":{"@type":"PropertyValueSpecification","valueRequired":true,"valueName":"search_term_string"}}],"inLanguage":"es"},{"@type":"Person","@id":"https:\/\/www.gsccanarias.com\/gsc\/#\/schema\/person\/5b9901f4eee7cadbed4628c907cce21f","name":"Candelaria Ceballos Quintero","image":{"@type":"ImageObject","inLanguage":"es","@id":"https:\/\/secure.gravatar.com\/avatar\/4f9946c8a8e26afcca94f05df1786a5365e8e246fff67757b9108a432cd46e0d?s=96&d=mm&r=g","url":"https:\/\/secure.gravatar.com\/avatar\/4f9946c8a8e26afcca94f05df1786a5365e8e246fff67757b9108a432cd46e0d?s=96&d=mm&r=g","contentUrl":"https:\/\/secure.gravatar.com\/avatar\/4f9946c8a8e26afcca94f05df1786a5365e8e246fff67757b9108a432cd46e0d?s=96&d=mm&r=g","caption":"Candelaria Ceballos Quintero"},"url":"https:\/\/www.gsccanarias.com\/gsc\/author\/candelaria\/"}]}},"publishpress_future_workflow_manual_trigger":{"enabledWorkflows":[]},"_links":{"self":[{"href":"https:\/\/www.gsccanarias.com\/gsc\/wp-json\/wp\/v2\/posts\/14395","targetHints":{"allow":["GET"]}}],"collection":[{"href":"https:\/\/www.gsccanarias.com\/gsc\/wp-json\/wp\/v2\/posts"}],"about":[{"href":"https:\/\/www.gsccanarias.com\/gsc\/wp-json\/wp\/v2\/types\/post"}],"author":[{"embeddable":true,"href":"https:\/\/www.gsccanarias.com\/gsc\/wp-json\/wp\/v2\/users\/5"}],"replies":[{"embeddable":true,"href":"https:\/\/www.gsccanarias.com\/gsc\/wp-json\/wp\/v2\/comments?post=14395"}],"version-history":[{"count":1,"href":"https:\/\/www.gsccanarias.com\/gsc\/wp-json\/wp\/v2\/posts\/14395\/revisions"}],"predecessor-version":[{"id":14397,"href":"https:\/\/www.gsccanarias.com\/gsc\/wp-json\/wp\/v2\/posts\/14395\/revisions\/14397"}],"wp:featuredmedia":[{"embeddable":true,"href":"https:\/\/www.gsccanarias.com\/gsc\/wp-json\/wp\/v2\/media\/14396"}],"wp:attachment":[{"href":"https:\/\/www.gsccanarias.com\/gsc\/wp-json\/wp\/v2\/media?parent=14395"}],"wp:term":[{"taxonomy":"category","embeddable":true,"href":"https:\/\/www.gsccanarias.com\/gsc\/wp-json\/wp\/v2\/categories?post=14395"},{"taxonomy":"post_tag","embeddable":true,"href":"https:\/\/www.gsccanarias.com\/gsc\/wp-json\/wp\/v2\/tags?post=14395"}],"curies":[{"name":"wp","href":"https:\/\/api.w.org\/{rel}","templated":true}]}}