{"id":13917,"date":"2023-11-05T15:46:37","date_gmt":"2023-11-05T15:46:37","guid":{"rendered":"https:\/\/www.gsccanarias.com\/gsc\/?p=13917"},"modified":"2023-11-05T15:46:37","modified_gmt":"2023-11-05T15:46:37","slug":"el-gobierno-de-canarias-declara-la-alerta-por-lluvias-en-las-zonas-afectadas-por-el-incendio-en-tenerife","status":"publish","type":"post","link":"https:\/\/www.gsccanarias.com\/gsc\/el-gobierno-de-canarias-declara-la-alerta-por-lluvias-en-las-zonas-afectadas-por-el-incendio-en-tenerife\/","title":{"rendered":"El Gobierno de Canarias declara la alerta por lluvias en las zonas afectadas por el incendio en Tenerife"},"content":{"rendered":"<blockquote><p>Se declara prealerta por lluvias en el resto de la isla de Tenerife, La Palma, La Gomera, El Hierro y Gran Canaria<\/p><\/blockquote>\n<p><strong>El Gobierno de Canarias, a trav\u00e9s de la Direcci\u00f3n General de Emergencias,\u00a0 declara la situaci\u00f3n de alerta por lluvias en los municipios afectados por el\u00a0 incendio forestal de Tenerife (El Rosario, Tacoronte, El Sauzal, La Matanza de Acentejo, La Victoria de Acentejo, Santa \u00darsula, La Orotava y Los Realejos), y declara la situaci\u00f3n de prealerta por lluvias en el resto de la isla de Tenerife, La Palma, La Gomera, El Hierro y Gran Canaria. Hora de inicio, a partir del las 19:00 horas de hoy, 5 de noviembre.\u00a0<\/strong><\/p>\n<p>Esta decisi\u00f3n se toma teniendo en cuenta la informaci\u00f3n facilitada por la Agencia Estatal de Meteorolog\u00eda y otras fuentes disponibles, y en aplicaci\u00f3n del Plan Espec\u00edfico de Emergencias de Canarias por Riesgos de Fen\u00f3menos Meteorol\u00f3gicos Adversos (PEFMA).<\/p>\n<p><strong>\u00c1mbito Territorial Alerta:\u00a0<\/strong><\/p>\n<p>Los siguientes municipios de Tenerife afectados por el Incendio Forestal: El Rosario, Tacoronte, El Sauzal, La Matanza de Acentejo, La Victoria de Acentejo, Santa \u00darsula, La Orotava y Los Realejos.<\/p>\n<p><strong>Observaciones Alerta:\u00a0<\/strong><\/p>\n<p>Precipitaciones en forma de lluvia, d\u00e9biles o localmente moderadas, probablemente persistentes en las median\u00edas durante la madrugada y la ma\u00f1ana del lunes. Al caer en \u00e1reas afectadas por el incendio del pasado mes de agosto y de las reactivaciones de octubre, podr\u00eda generar incidentes no habituales en las zonas pr\u00f3ximas al incendio, como pueden ser arrastre de ceniza, sedimentos o tierra, desprendimientos, etc., por lo que se recomienda extremar la precauci\u00f3n.<\/p>\n<p><strong>\u00c1mbito Territorial Prealerta:\u00a0<\/strong><\/p>\n<p>La Palma, La Gomera, El Hierro, Tenerife (excepto municipios afectados por el incendio en los que se declara situaci\u00f3n de alerta) y Gran Canaria<\/p>\n<p><strong>Observaciones Prealerta:\u00a0<\/strong><\/p>\n<p>Precipitaciones en forma de lluvia en el norte y este de las islas. Persistente en las median\u00edas del norte y nordeste. D\u00e9biles a localmente moderadas. No descartable alg\u00fan aguacero puntual fuerte que podr\u00eda alcanzar o superar los 15 mm en 1 hora. La acumulaci\u00f3n de lluvia probablemente alcanzar\u00e1 o superar\u00e1 los 60 mm en 12 horas en puntos de la vertiente este de La Palma y los 40 mm en 12 horas en las median\u00edas del norte y nordeste de Gran Canaria.<\/p>\n<p>Gran Canaria (Norte), La Gomera y Tenerife (Norte), precipitaci\u00f3n acumulada en una hora: 15 mm. Gran Canaria Norte, precipitaci\u00f3n acumulada en 12 horas: 40 mm. La Palma, precipitaci\u00f3n acumulada en 12 horas: 60 mm.<\/p>\n<div class=\"pvc_clear\"><\/div>\n<p id=\"pvc_stats_13917\" class=\"pvc_stats all  \" data-element-id=\"13917\" style=\"\"><i class=\"pvc-stats-icon medium\" aria-hidden=\"true\"><svg aria-hidden=\"true\" focusable=\"false\" data-prefix=\"far\" data-icon=\"chart-bar\" role=\"img\" xmlns=\"http:\/\/www.w3.org\/2000\/svg\" viewBox=\"0 0 512 512\" class=\"svg-inline--fa fa-chart-bar fa-w-16 fa-2x\"><path fill=\"currentColor\" d=\"M396.8 352h22.4c6.4 0 12.8-6.4 12.8-12.8V108.8c0-6.4-6.4-12.8-12.8-12.8h-22.4c-6.4 0-12.8 6.4-12.8 12.8v230.4c0 6.4 6.4 12.8 12.8 12.8zm-192 0h22.4c6.4 0 12.8-6.4 12.8-12.8V140.8c0-6.4-6.4-12.8-12.8-12.8h-22.4c-6.4 0-12.8 6.4-12.8 12.8v198.4c0 6.4 6.4 12.8 12.8 12.8zm96 0h22.4c6.4 0 12.8-6.4 12.8-12.8V204.8c0-6.4-6.4-12.8-12.8-12.8h-22.4c-6.4 0-12.8 6.4-12.8 12.8v134.4c0 6.4 6.4 12.8 12.8 12.8zM496 400H48V80c0-8.84-7.16-16-16-16H16C7.16 64 0 71.16 0 80v336c0 17.67 14.33 32 32 32h464c8.84 0 16-7.16 16-16v-16c0-8.84-7.16-16-16-16zm-387.2-48h22.4c6.4 0 12.8-6.4 12.8-12.8v-70.4c0-6.4-6.4-12.8-12.8-12.8h-22.4c-6.4 0-12.8 6.4-12.8 12.8v70.4c0 6.4 6.4 12.8 12.8 12.8z\" class=\"\"><\/path><\/svg><\/i> <\/p>\n<div class=\"pvc_clear\"><\/div>\n<div class=\"print\"><span class=\"page_title\">P\u00e1gina: <span>El Gobierno de Canarias declara la alerta por lluvias en las zonas afectadas por el incendio en Tenerife<\/span><\/span>\n\t\t\t\t\t\t\t\t\t\t\t<span class=\"page_title\">Fecha de impresi\u00f3n: <span>28\/04\/2026 - 10:02:14 UTC<\/span><\/span>\n\t\t\t\t\t\t\t\t\t\t\t<span class=\"stmp_trans_date\">\u00daltima actualizaci\u00f3n: <span>05\/11\/2023 - 15:46:37<\/span><\/span>\n\t\t\t\t\t\t\t\t\t\t\t<span class=\"stmp_trans_date\">Fecha publicaci\u00f3n: <span>05\/11\/2023 - 15:46:37<\/span><\/span>\n\t\t\t\t\t\t\t\t\t\t\t<span class=\"stmp_trans_date\">Fecha creaci\u00f3n: <span>05\/11\/2023 - 15:46:37<\/span><\/span><\/div>\n\t","protected":false},"excerpt":{"rendered":"<p>Se declara prealerta por lluvias en el resto de la isla de Tenerife, La Palma, La Gomera, El Hierro y Gran Canaria El Gobierno de Canarias, a trav\u00e9s de la Direcci\u00f3n General de Emergencias,\u00a0 declara la situaci\u00f3n de alerta por lluvias en los municipios afectados&#8230;<\/p>\n<div class=\"pvc_clear\"><\/div>\n<p id=\"pvc_stats_13917\" class=\"pvc_stats all  \" data-element-id=\"13917\" style=\"\"><i class=\"pvc-stats-icon medium\" aria-hidden=\"true\"><svg aria-hidden=\"true\" focusable=\"false\" data-prefix=\"far\" data-icon=\"chart-bar\" role=\"img\" xmlns=\"http:\/\/www.w3.org\/2000\/svg\" viewBox=\"0 0 512 512\" class=\"svg-inline--fa fa-chart-bar fa-w-16 fa-2x\"><path fill=\"currentColor\" d=\"M396.8 352h22.4c6.4 0 12.8-6.4 12.8-12.8V108.8c0-6.4-6.4-12.8-12.8-12.8h-22.4c-6.4 0-12.8 6.4-12.8 12.8v230.4c0 6.4 6.4 12.8 12.8 12.8zm-192 0h22.4c6.4 0 12.8-6.4 12.8-12.8V140.8c0-6.4-6.4-12.8-12.8-12.8h-22.4c-6.4 0-12.8 6.4-12.8 12.8v198.4c0 6.4 6.4 12.8 12.8 12.8zm96 0h22.4c6.4 0 12.8-6.4 12.8-12.8V204.8c0-6.4-6.4-12.8-12.8-12.8h-22.4c-6.4 0-12.8 6.4-12.8 12.8v134.4c0 6.4 6.4 12.8 12.8 12.8zM496 400H48V80c0-8.84-7.16-16-16-16H16C7.16 64 0 71.16 0 80v336c0 17.67 14.33 32 32 32h464c8.84 0 16-7.16 16-16v-16c0-8.84-7.16-16-16-16zm-387.2-48h22.4c6.4 0 12.8-6.4 12.8-12.8v-70.4c0-6.4-6.4-12.8-12.8-12.8h-22.4c-6.4 0-12.8 6.4-12.8 12.8v70.4c0 6.4 6.4 12.8 12.8 12.8z\" class=\"\"><\/path><\/svg><\/i> <img loading=\"lazy\" decoding=\"async\" width=\"16\" height=\"16\" alt=\"Loading\" src=\"https:\/\/www.gsccanarias.com\/gsc\/wp-content\/plugins\/page-views-count\/ajax-loader-2x.gif\" border=0 \/><\/p>\n<div class=\"pvc_clear\"><\/div>\n","protected":false},"author":3,"featured_media":13918,"comment_status":"open","ping_status":"open","sticky":false,"template":"","format":"standard","meta":{"footnotes":""},"categories":[35,36],"tags":[],"class_list":["post-13917","post","type-post","status-publish","format-standard","has-post-thumbnail","hentry","category-noticias","category-ultimas-noticias"],"a3_pvc":{"activated":true,"total_views":77,"today_views":0},"publishpress_future_workflow_manual_trigger":{"enabledWorkflows":[]},"_links":{"self":[{"href":"https:\/\/www.gsccanarias.com\/gsc\/wp-json\/wp\/v2\/posts\/13917","targetHints":{"allow":["GET"]}}],"collection":[{"href":"https:\/\/www.gsccanarias.com\/gsc\/wp-json\/wp\/v2\/posts"}],"about":[{"href":"https:\/\/www.gsccanarias.com\/gsc\/wp-json\/wp\/v2\/types\/post"}],"author":[{"embeddable":true,"href":"https:\/\/www.gsccanarias.com\/gsc\/wp-json\/wp\/v2\/users\/3"}],"replies":[{"embeddable":true,"href":"https:\/\/www.gsccanarias.com\/gsc\/wp-json\/wp\/v2\/comments?post=13917"}],"version-history":[{"count":1,"href":"https:\/\/www.gsccanarias.com\/gsc\/wp-json\/wp\/v2\/posts\/13917\/revisions"}],"predecessor-version":[{"id":13919,"href":"https:\/\/www.gsccanarias.com\/gsc\/wp-json\/wp\/v2\/posts\/13917\/revisions\/13919"}],"wp:featuredmedia":[{"embeddable":true,"href":"https:\/\/www.gsccanarias.com\/gsc\/wp-json\/wp\/v2\/media\/13918"}],"wp:attachment":[{"href":"https:\/\/www.gsccanarias.com\/gsc\/wp-json\/wp\/v2\/media?parent=13917"}],"wp:term":[{"taxonomy":"category","embeddable":true,"href":"https:\/\/www.gsccanarias.com\/gsc\/wp-json\/wp\/v2\/categories?post=13917"},{"taxonomy":"post_tag","embeddable":true,"href":"https:\/\/www.gsccanarias.com\/gsc\/wp-json\/wp\/v2\/tags?post=13917"}],"curies":[{"name":"wp","href":"https:\/\/api.w.org\/{rel}","templated":true}]}}